{"id":13628,"date":"2024-11-15T17:15:01","date_gmt":"2024-11-15T15:15:01","guid":{"rendered":"https:\/\/kuzeyinsesi.org\/index.php\/2024\/11\/15\/solo-turk-buyuledi-binlerce-vatandas-girne-kordon-boyuna-akin-etti\/"},"modified":"2024-11-15T17:15:01","modified_gmt":"2024-11-15T15:15:01","slug":"solo-turk-buyuledi-binlerce-vatandas-girne-kordon-boyuna-akin-etti","status":"publish","type":"post","link":"https:\/\/kuzeyinsesi.org\/index.php\/2024\/11\/15\/solo-turk-buyuledi-binlerce-vatandas-girne-kordon-boyuna-akin-etti\/","title":{"rendered":"Solo T\u00fcrk b\u00fcy\u00fcledi\u2026 Binlerce vatanda\u015f Girne kordon boyuna ak\u0131n etti"},"content":{"rendered":"<div>\n<div class=\"mariselle-image-container center\">\n                                            <\/div>\n<p>15 Kas\u0131m Cumhuriyet Bayram\u0131 kutlamalar\u0131 \u00e7er\u00e7evesinde KKTC\u2019de u\u00e7u\u015f ve g\u00f6steri yapan Solo T\u00fcrk, bug\u00fcn \u00f6\u011fleden sonra Girne kordon boyunda yapt\u0131\u011f\u0131 g\u00f6steriyle yine binlerce ki\u015fiyi b\u00fcy\u00fcledi.<\/p>\n<div class=\"mariselle-image-container center\">\n                <img decoding=\"async\" width=\"1149\" height=\"699\" class=\"lazy-image\" alt=\"\" sizes=\"(max-width: 1149px) 100vw, 1149px\" src=\"https:\/\/brtk.net\/wp-content\/uploads\/2024\/11\/15\/solo.jpg?ver=330e33c5a1781687575576ec0a184e6c\" srcset=\"https:\/\/brtk.net\/wp-content\/uploads\/2024\/11\/15\/solo.jpg?ver=330e33c5a1781687575576ec0a184e6c 1149w, https:\/\/brtk.net\/wp-content\/uploads\/2024\/11\/15\/solo-300x183.jpg?ver=d722c98e4f434dc0dff59f01d0f0d3e2 300w, https:\/\/brtk.net\/wp-content\/uploads\/2024\/11\/15\/solo-1024x623.jpg?ver=d722c98e4f434dc0dff59f01d0f0d3e2 1024w, https:\/\/brtk.net\/wp-content\/uploads\/2024\/11\/15\/solo-768x467.jpg?ver=d722c98e4f434dc0dff59f01d0f0d3e2 768w\"\/>                            <\/div>\n<div class=\"mariselle-image-container center\">\n                <img decoding=\"async\" width=\"1270\" height=\"697\" class=\"lazy-image\" alt=\"\" sizes=\"(max-width: 1270px) 100vw, 1270px\" src=\"https:\/\/brtk.net\/wp-content\/uploads\/2024\/11\/15\/solo-turk-7.jpg?ver=3d9cdd4a9da0efaf088c91577e08a9cd\" srcset=\"https:\/\/brtk.net\/wp-content\/uploads\/2024\/11\/15\/solo-turk-7.jpg?ver=3d9cdd4a9da0efaf088c91577e08a9cd 1270w, https:\/\/brtk.net\/wp-content\/uploads\/2024\/11\/15\/solo-turk-7-300x165.jpg?ver=dec025e471ecd820a383c4f2717dc8e9 300w, https:\/\/brtk.net\/wp-content\/uploads\/2024\/11\/15\/solo-turk-7-1024x562.jpg?ver=dec025e471ecd820a383c4f2717dc8e9 1024w, https:\/\/brtk.net\/wp-content\/uploads\/2024\/11\/15\/solo-turk-7-768x421.jpg?ver=dec025e471ecd820a383c4f2717dc8e9 768w\"\/>                            <\/div>\n<p>Solo T\u00fcrk\u2019\u00fc izlemek i\u00e7in binlerce vatanda\u015f Girne\u2019ye ak\u0131n etti, kentin sokaklar\u0131 insan seline d\u00f6nd\u00fc, trafik kilitlendi.<\/p>\n<div class=\"mariselle-image-container center\">\n                <img decoding=\"async\" width=\"1059\" height=\"701\" class=\"lazy-image\" alt=\"\" sizes=\"(max-width: 1059px) 100vw, 1059px\" src=\"https:\/\/brtk.net\/wp-content\/uploads\/2024\/11\/15\/tekne.jpg?ver=ee3f6d4786982135995e587aee4bf135\" srcset=\"https:\/\/brtk.net\/wp-content\/uploads\/2024\/11\/15\/tekne.jpg?ver=ee3f6d4786982135995e587aee4bf135 1059w, https:\/\/brtk.net\/wp-content\/uploads\/2024\/11\/15\/tekne-300x199.jpg?ver=88b972ecf948b909b819df804ca76729 300w, https:\/\/brtk.net\/wp-content\/uploads\/2024\/11\/15\/tekne-1024x678.jpg?ver=88b972ecf948b909b819df804ca76729 1024w, https:\/\/brtk.net\/wp-content\/uploads\/2024\/11\/15\/tekne-768x508.jpg?ver=88b972ecf948b909b819df804ca76729 768w\"\/>                            <\/div>\n<p>Solo T\u00fcrk\u2019\u00fc, sadece karada de\u011fil, denizde de onlarca teknede yerli, yabanc\u0131 bir\u00e7ok ki\u015fi izledi. Tekne ve yatlar Solo T\u00fcrk g\u00f6sterisinin yo\u011funla\u015ft\u0131\u011f\u0131 kordon boyu yan\u0131na demir atarak g\u00f6steriyi izledi. G\u00f6steri alk\u0131\u015flar ve tezah\u00fcratlarla sona erdi.<\/p>\n<div class=\"mariselle-image-container center\">\n                <img decoding=\"async\" width=\"1600\" height=\"1454\" class=\"lazy-image\" alt=\"\" sizes=\"(max-width: 1600px) 100vw, 1600px\" src=\"https:\/\/brtk.net\/wp-content\/uploads\/2024\/11\/15\/soloturj.jpeg?ver=d5a61e4d83aca6b72282b606e413eff1\" srcset=\"https:\/\/brtk.net\/wp-content\/uploads\/2024\/11\/15\/soloturj.jpeg?ver=d5a61e4d83aca6b72282b606e413eff1 1600w, https:\/\/brtk.net\/wp-content\/uploads\/2024\/11\/15\/soloturj-300x273.jpeg?ver=870ec1f4e93581ddedfa65131353564b 300w, https:\/\/brtk.net\/wp-content\/uploads\/2024\/11\/15\/soloturj-1024x931.jpeg?ver=870ec1f4e93581ddedfa65131353564b 1024w, https:\/\/brtk.net\/wp-content\/uploads\/2024\/11\/15\/soloturj-768x698.jpeg?ver=c7465bd56f0fb14e293af5d98e436b15 768w, https:\/\/brtk.net\/wp-content\/uploads\/2024\/11\/15\/soloturj-1536x1396.jpeg?ver=f5e903238ddc08e8ab7e50efadd6658a 1536w\"\/>                            <\/div><\/div>\n<p><script async\n                    defer\n                    crossorigin=\"anonymous\"\n                    src=\"https:\/\/connect.facebook.net\/tr_TR\/sdk.js#xfbml=1&#038;version=v3.3\"\n            ><\/script><\/p>\n","protected":false},"excerpt":{"rendered":"<p>15 Kas\u0131m Cumhuriyet Bayram\u0131 kutlamalar\u0131 \u00e7er\u00e7evesinde KKTC\u2019de u\u00e7u\u015f ve g\u00f6steri yapan Solo T\u00fcrk, bug\u00fcn \u00f6\u011fleden sonra Girne kordon boyunda yapt\u0131\u011f\u0131 g\u00f6steriyle yine binlerce ki\u015fiyi b\u00fcy\u00fcledi. Solo T\u00fcrk\u2019\u00fc izlemek i\u00e7in binlerce vatanda\u015f Girne\u2019ye ak\u0131n etti, kentin sokaklar\u0131 insan seline d\u00f6nd\u00fc, trafik kilitlendi. Solo T\u00fcrk\u2019\u00fc, sadece karada de\u011fil, denizde de onlarca teknede yerli, yabanc\u0131 bir\u00e7ok ki\u015fi izledi. [&hellip;]<\/p>\n","protected":false},"author":1,"featured_media":13629,"comment_status":"open","ping_status":"open","sticky":false,"template":"","format":"standard","meta":{"jnews-multi-image_gallery":[],"jnews_single_post":[],"jnews_primary_category":[],"jnews_social_meta":[],"jnews_override_counter":[],"footnotes":""},"categories":[5],"tags":[],"class_list":["post-13628","post","type-post","status-publish","format-standard","has-post-thumbnail","hentry","category-turkiye"],"yoast_head":"<!-- This site is optimized with the Yoast SEO plugin v27.4 - https:\/\/yoast.com\/product\/yoast-seo-wordpress\/ -->\n<title>Solo T\u00fcrk b\u00fcy\u00fcledi\u2026 Binlerce vatanda\u015f Girne kordon boyuna ak\u0131n etti - Kuzeyin Sesi<\/title>\n<meta name=\"robots\" content=\"index, follow, max-snippet:-1, max-image-preview:large, max-video-preview:-1\" \/>\n<link rel=\"canonical\" href=\"https:\/\/kuzeyinsesi.org\/index.php\/2024\/11\/15\/solo-turk-buyuledi-binlerce-vatandas-girne-kordon-boyuna-akin-etti\/\" \/>\n<meta property=\"og:locale\" content=\"tr_TR\" \/>\n<meta property=\"og:type\" content=\"article\" \/>\n<meta property=\"og:title\" content=\"Solo T\u00fcrk b\u00fcy\u00fcledi\u2026 Binlerce vatanda\u015f Girne kordon boyuna ak\u0131n etti - Kuzeyin Sesi\" \/>\n<meta property=\"og:description\" content=\"15 Kas\u0131m Cumhuriyet Bayram\u0131 kutlamalar\u0131 \u00e7er\u00e7evesinde KKTC\u2019de u\u00e7u\u015f ve g\u00f6steri yapan Solo T\u00fcrk, bug\u00fcn \u00f6\u011fleden sonra Girne kordon boyunda yapt\u0131\u011f\u0131 g\u00f6steriyle yine binlerce ki\u015fiyi b\u00fcy\u00fcledi. Solo T\u00fcrk\u2019\u00fc izlemek i\u00e7in binlerce vatanda\u015f Girne\u2019ye ak\u0131n etti, kentin sokaklar\u0131 insan seline d\u00f6nd\u00fc, trafik kilitlendi. Solo T\u00fcrk\u2019\u00fc, sadece karada de\u011fil, denizde de onlarca teknede yerli, yabanc\u0131 bir\u00e7ok ki\u015fi izledi. [&hellip;]\" \/>\n<meta property=\"og:url\" content=\"https:\/\/kuzeyinsesi.org\/index.php\/2024\/11\/15\/solo-turk-buyuledi-binlerce-vatandas-girne-kordon-boyuna-akin-etti\/\" \/>\n<meta property=\"og:site_name\" content=\"Kuzeyin Sesi\" \/>\n<meta property=\"article:publisher\" content=\"https:\/\/www.facebook.com\/kuzeyinsesii\" \/>\n<meta property=\"article:published_time\" content=\"2024-11-15T15:15:01+00:00\" \/>\n<meta property=\"og:image\" content=\"https:\/\/brtk.net\/wp-content\/uploads\/2024\/11\/15\/solo-turk-10.jpg?ver=6c4add041924f3ec47ee2aa0cede2526\" \/>\n<meta name=\"author\" content=\"Kuzeyin Sesi\" \/>\n<meta name=\"twitter:card\" content=\"summary_large_image\" \/>\n<meta name=\"twitter:creator\" content=\"@kuzeyinsesii\" \/>\n<meta name=\"twitter:site\" content=\"@kuzeyinsesii\" \/>\n<meta name=\"twitter:label1\" content=\"Yazan:\" \/>\n\t<meta name=\"twitter:data1\" content=\"Kuzeyin Sesi\" \/>\n\t<meta name=\"twitter:label2\" content=\"Tahmini okuma s\u00fcresi\" \/>\n\t<meta name=\"twitter:data2\" content=\"1 dakika\" \/>\n<script type=\"application\/ld+json\" class=\"yoast-schema-graph\">{\"@context\":\"https:\\\/\\\/schema.org\",\"@graph\":[{\"@type\":\"Article\",\"@id\":\"https:\\\/\\\/kuzeyinsesi.org\\\/index.php\\\/2024\\\/11\\\/15\\\/solo-turk-buyuledi-binlerce-vatandas-girne-kordon-boyuna-akin-etti\\\/#article\",\"isPartOf\":{\"@id\":\"https:\\\/\\\/kuzeyinsesi.org\\\/index.php\\\/2024\\\/11\\\/15\\\/solo-turk-buyuledi-binlerce-vatandas-girne-kordon-boyuna-akin-etti\\\/\"},\"author\":{\"name\":\"Kuzeyin Sesi\",\"@id\":\"https:\\\/\\\/kuzeyinsesi.org\\\/#\\\/schema\\\/person\\\/9f859689cdf01485597712386e37f5aa\"},\"headline\":\"Solo T\u00fcrk b\u00fcy\u00fcledi\u2026 Binlerce vatanda\u015f Girne kordon boyuna ak\u0131n etti\",\"datePublished\":\"2024-11-15T15:15:01+00:00\",\"mainEntityOfPage\":{\"@id\":\"https:\\\/\\\/kuzeyinsesi.org\\\/index.php\\\/2024\\\/11\\\/15\\\/solo-turk-buyuledi-binlerce-vatandas-girne-kordon-boyuna-akin-etti\\\/\"},\"wordCount\":117,\"commentCount\":0,\"image\":{\"@id\":\"https:\\\/\\\/kuzeyinsesi.org\\\/index.php\\\/2024\\\/11\\\/15\\\/solo-turk-buyuledi-binlerce-vatandas-girne-kordon-boyuna-akin-etti\\\/#primaryimage\"},\"thumbnailUrl\":\"https:\\\/\\\/kuzeyinsesi.org\\\/wp-content\\\/uploads\\\/2024\\\/11\\\/solo-turk-7.jpg\",\"articleSection\":[\"T\u00fcrkiye\"],\"inLanguage\":\"tr\",\"potentialAction\":[{\"@type\":\"CommentAction\",\"name\":\"Comment\",\"target\":[\"https:\\\/\\\/kuzeyinsesi.org\\\/index.php\\\/2024\\\/11\\\/15\\\/solo-turk-buyuledi-binlerce-vatandas-girne-kordon-boyuna-akin-etti\\\/#respond\"]}]},{\"@type\":\"WebPage\",\"@id\":\"https:\\\/\\\/kuzeyinsesi.org\\\/index.php\\\/2024\\\/11\\\/15\\\/solo-turk-buyuledi-binlerce-vatandas-girne-kordon-boyuna-akin-etti\\\/\",\"url\":\"https:\\\/\\\/kuzeyinsesi.org\\\/index.php\\\/2024\\\/11\\\/15\\\/solo-turk-buyuledi-binlerce-vatandas-girne-kordon-boyuna-akin-etti\\\/\",\"name\":\"Solo T\u00fcrk b\u00fcy\u00fcledi\u2026 Binlerce vatanda\u015f Girne kordon boyuna ak\u0131n etti - Kuzeyin Sesi\",\"isPartOf\":{\"@id\":\"https:\\\/\\\/kuzeyinsesi.org\\\/#website\"},\"primaryImageOfPage\":{\"@id\":\"https:\\\/\\\/kuzeyinsesi.org\\\/index.php\\\/2024\\\/11\\\/15\\\/solo-turk-buyuledi-binlerce-vatandas-girne-kordon-boyuna-akin-etti\\\/#primaryimage\"},\"image\":{\"@id\":\"https:\\\/\\\/kuzeyinsesi.org\\\/index.php\\\/2024\\\/11\\\/15\\\/solo-turk-buyuledi-binlerce-vatandas-girne-kordon-boyuna-akin-etti\\\/#primaryimage\"},\"thumbnailUrl\":\"https:\\\/\\\/kuzeyinsesi.org\\\/wp-content\\\/uploads\\\/2024\\\/11\\\/solo-turk-7.jpg\",\"datePublished\":\"2024-11-15T15:15:01+00:00\",\"author\":{\"@id\":\"https:\\\/\\\/kuzeyinsesi.org\\\/#\\\/schema\\\/person\\\/9f859689cdf01485597712386e37f5aa\"},\"breadcrumb\":{\"@id\":\"https:\\\/\\\/kuzeyinsesi.org\\\/index.php\\\/2024\\\/11\\\/15\\\/solo-turk-buyuledi-binlerce-vatandas-girne-kordon-boyuna-akin-etti\\\/#breadcrumb\"},\"inLanguage\":\"tr\",\"potentialAction\":[{\"@type\":\"ReadAction\",\"target\":[\"https:\\\/\\\/kuzeyinsesi.org\\\/index.php\\\/2024\\\/11\\\/15\\\/solo-turk-buyuledi-binlerce-vatandas-girne-kordon-boyuna-akin-etti\\\/\"]}]},{\"@type\":\"ImageObject\",\"inLanguage\":\"tr\",\"@id\":\"https:\\\/\\\/kuzeyinsesi.org\\\/index.php\\\/2024\\\/11\\\/15\\\/solo-turk-buyuledi-binlerce-vatandas-girne-kordon-boyuna-akin-etti\\\/#primaryimage\",\"url\":\"https:\\\/\\\/kuzeyinsesi.org\\\/wp-content\\\/uploads\\\/2024\\\/11\\\/solo-turk-7.jpg\",\"contentUrl\":\"https:\\\/\\\/kuzeyinsesi.org\\\/wp-content\\\/uploads\\\/2024\\\/11\\\/solo-turk-7.jpg\",\"width\":1270,\"height\":697},{\"@type\":\"BreadcrumbList\",\"@id\":\"https:\\\/\\\/kuzeyinsesi.org\\\/index.php\\\/2024\\\/11\\\/15\\\/solo-turk-buyuledi-binlerce-vatandas-girne-kordon-boyuna-akin-etti\\\/#breadcrumb\",\"itemListElement\":[{\"@type\":\"ListItem\",\"position\":1,\"name\":\"Anasayfa\",\"item\":\"https:\\\/\\\/kuzeyinsesi.org\\\/\"},{\"@type\":\"ListItem\",\"position\":2,\"name\":\"Solo T\u00fcrk b\u00fcy\u00fcledi\u2026 Binlerce vatanda\u015f Girne kordon boyuna ak\u0131n etti\"}]},{\"@type\":\"WebSite\",\"@id\":\"https:\\\/\\\/kuzeyinsesi.org\\\/#website\",\"url\":\"https:\\\/\\\/kuzeyinsesi.org\\\/\",\"name\":\"Kuzeyin Sesi\",\"description\":\"Do\u011fru Haberin Adresi\",\"potentialAction\":[{\"@type\":\"SearchAction\",\"target\":{\"@type\":\"EntryPoint\",\"urlTemplate\":\"https:\\\/\\\/kuzeyinsesi.org\\\/?s={search_term_string}\"},\"query-input\":{\"@type\":\"PropertyValueSpecification\",\"valueRequired\":true,\"valueName\":\"search_term_string\"}}],\"inLanguage\":\"tr\"},{\"@type\":\"Person\",\"@id\":\"https:\\\/\\\/kuzeyinsesi.org\\\/#\\\/schema\\\/person\\\/9f859689cdf01485597712386e37f5aa\",\"name\":\"Kuzeyin Sesi\",\"image\":{\"@type\":\"ImageObject\",\"inLanguage\":\"tr\",\"@id\":\"https:\\\/\\\/secure.gravatar.com\\\/avatar\\\/bab33852abfd8b282518d6ed81826833d77c3c882d9ab608add591ccace47a44?s=96&d=mm&r=g\",\"url\":\"https:\\\/\\\/secure.gravatar.com\\\/avatar\\\/bab33852abfd8b282518d6ed81826833d77c3c882d9ab608add591ccace47a44?s=96&d=mm&r=g\",\"contentUrl\":\"https:\\\/\\\/secure.gravatar.com\\\/avatar\\\/bab33852abfd8b282518d6ed81826833d77c3c882d9ab608add591ccace47a44?s=96&d=mm&r=g\",\"caption\":\"Kuzeyin Sesi\"},\"sameAs\":[\"https:\\\/\\\/kuzeyinsesi.org\"],\"url\":\"https:\\\/\\\/kuzeyinsesi.org\\\/index.php\\\/author\\\/guven\\\/\"}]}<\/script>\n<!-- \/ Yoast SEO plugin. -->","yoast_head_json":{"title":"Solo T\u00fcrk b\u00fcy\u00fcledi\u2026 Binlerce vatanda\u015f Girne kordon boyuna ak\u0131n etti - Kuzeyin Sesi","robots":{"index":"index","follow":"follow","max-snippet":"max-snippet:-1","max-image-preview":"max-image-preview:large","max-video-preview":"max-video-preview:-1"},"canonical":"https:\/\/kuzeyinsesi.org\/index.php\/2024\/11\/15\/solo-turk-buyuledi-binlerce-vatandas-girne-kordon-boyuna-akin-etti\/","og_locale":"tr_TR","og_type":"article","og_title":"Solo T\u00fcrk b\u00fcy\u00fcledi\u2026 Binlerce vatanda\u015f Girne kordon boyuna ak\u0131n etti - Kuzeyin Sesi","og_description":"15 Kas\u0131m Cumhuriyet Bayram\u0131 kutlamalar\u0131 \u00e7er\u00e7evesinde KKTC\u2019de u\u00e7u\u015f ve g\u00f6steri yapan Solo T\u00fcrk, bug\u00fcn \u00f6\u011fleden sonra Girne kordon boyunda yapt\u0131\u011f\u0131 g\u00f6steriyle yine binlerce ki\u015fiyi b\u00fcy\u00fcledi. Solo T\u00fcrk\u2019\u00fc izlemek i\u00e7in binlerce vatanda\u015f Girne\u2019ye ak\u0131n etti, kentin sokaklar\u0131 insan seline d\u00f6nd\u00fc, trafik kilitlendi. Solo T\u00fcrk\u2019\u00fc, sadece karada de\u011fil, denizde de onlarca teknede yerli, yabanc\u0131 bir\u00e7ok ki\u015fi izledi. [&hellip;]","og_url":"https:\/\/kuzeyinsesi.org\/index.php\/2024\/11\/15\/solo-turk-buyuledi-binlerce-vatandas-girne-kordon-boyuna-akin-etti\/","og_site_name":"Kuzeyin Sesi","article_publisher":"https:\/\/www.facebook.com\/kuzeyinsesii","article_published_time":"2024-11-15T15:15:01+00:00","og_image":[{"url":"https:\/\/brtk.net\/wp-content\/uploads\/2024\/11\/15\/solo-turk-10.jpg?ver=6c4add041924f3ec47ee2aa0cede2526","type":"","width":"","height":""}],"author":"Kuzeyin Sesi","twitter_card":"summary_large_image","twitter_creator":"@kuzeyinsesii","twitter_site":"@kuzeyinsesii","twitter_misc":{"Yazan:":"Kuzeyin Sesi","Tahmini okuma s\u00fcresi":"1 dakika"},"schema":{"@context":"https:\/\/schema.org","@graph":[{"@type":"Article","@id":"https:\/\/kuzeyinsesi.org\/index.php\/2024\/11\/15\/solo-turk-buyuledi-binlerce-vatandas-girne-kordon-boyuna-akin-etti\/#article","isPartOf":{"@id":"https:\/\/kuzeyinsesi.org\/index.php\/2024\/11\/15\/solo-turk-buyuledi-binlerce-vatandas-girne-kordon-boyuna-akin-etti\/"},"author":{"name":"Kuzeyin Sesi","@id":"https:\/\/kuzeyinsesi.org\/#\/schema\/person\/9f859689cdf01485597712386e37f5aa"},"headline":"Solo T\u00fcrk b\u00fcy\u00fcledi\u2026 Binlerce vatanda\u015f Girne kordon boyuna ak\u0131n etti","datePublished":"2024-11-15T15:15:01+00:00","mainEntityOfPage":{"@id":"https:\/\/kuzeyinsesi.org\/index.php\/2024\/11\/15\/solo-turk-buyuledi-binlerce-vatandas-girne-kordon-boyuna-akin-etti\/"},"wordCount":117,"commentCount":0,"image":{"@id":"https:\/\/kuzeyinsesi.org\/index.php\/2024\/11\/15\/solo-turk-buyuledi-binlerce-vatandas-girne-kordon-boyuna-akin-etti\/#primaryimage"},"thumbnailUrl":"https:\/\/kuzeyinsesi.org\/wp-content\/uploads\/2024\/11\/solo-turk-7.jpg","articleSection":["T\u00fcrkiye"],"inLanguage":"tr","potentialAction":[{"@type":"CommentAction","name":"Comment","target":["https:\/\/kuzeyinsesi.org\/index.php\/2024\/11\/15\/solo-turk-buyuledi-binlerce-vatandas-girne-kordon-boyuna-akin-etti\/#respond"]}]},{"@type":"WebPage","@id":"https:\/\/kuzeyinsesi.org\/index.php\/2024\/11\/15\/solo-turk-buyuledi-binlerce-vatandas-girne-kordon-boyuna-akin-etti\/","url":"https:\/\/kuzeyinsesi.org\/index.php\/2024\/11\/15\/solo-turk-buyuledi-binlerce-vatandas-girne-kordon-boyuna-akin-etti\/","name":"Solo T\u00fcrk b\u00fcy\u00fcledi\u2026 Binlerce vatanda\u015f Girne kordon boyuna ak\u0131n etti - Kuzeyin Sesi","isPartOf":{"@id":"https:\/\/kuzeyinsesi.org\/#website"},"primaryImageOfPage":{"@id":"https:\/\/kuzeyinsesi.org\/index.php\/2024\/11\/15\/solo-turk-buyuledi-binlerce-vatandas-girne-kordon-boyuna-akin-etti\/#primaryimage"},"image":{"@id":"https:\/\/kuzeyinsesi.org\/index.php\/2024\/11\/15\/solo-turk-buyuledi-binlerce-vatandas-girne-kordon-boyuna-akin-etti\/#primaryimage"},"thumbnailUrl":"https:\/\/kuzeyinsesi.org\/wp-content\/uploads\/2024\/11\/solo-turk-7.jpg","datePublished":"2024-11-15T15:15:01+00:00","author":{"@id":"https:\/\/kuzeyinsesi.org\/#\/schema\/person\/9f859689cdf01485597712386e37f5aa"},"breadcrumb":{"@id":"https:\/\/kuzeyinsesi.org\/index.php\/2024\/11\/15\/solo-turk-buyuledi-binlerce-vatandas-girne-kordon-boyuna-akin-etti\/#breadcrumb"},"inLanguage":"tr","potentialAction":[{"@type":"ReadAction","target":["https:\/\/kuzeyinsesi.org\/index.php\/2024\/11\/15\/solo-turk-buyuledi-binlerce-vatandas-girne-kordon-boyuna-akin-etti\/"]}]},{"@type":"ImageObject","inLanguage":"tr","@id":"https:\/\/kuzeyinsesi.org\/index.php\/2024\/11\/15\/solo-turk-buyuledi-binlerce-vatandas-girne-kordon-boyuna-akin-etti\/#primaryimage","url":"https:\/\/kuzeyinsesi.org\/wp-content\/uploads\/2024\/11\/solo-turk-7.jpg","contentUrl":"https:\/\/kuzeyinsesi.org\/wp-content\/uploads\/2024\/11\/solo-turk-7.jpg","width":1270,"height":697},{"@type":"BreadcrumbList","@id":"https:\/\/kuzeyinsesi.org\/index.php\/2024\/11\/15\/solo-turk-buyuledi-binlerce-vatandas-girne-kordon-boyuna-akin-etti\/#breadcrumb","itemListElement":[{"@type":"ListItem","position":1,"name":"Anasayfa","item":"https:\/\/kuzeyinsesi.org\/"},{"@type":"ListItem","position":2,"name":"Solo T\u00fcrk b\u00fcy\u00fcledi\u2026 Binlerce vatanda\u015f Girne kordon boyuna ak\u0131n etti"}]},{"@type":"WebSite","@id":"https:\/\/kuzeyinsesi.org\/#website","url":"https:\/\/kuzeyinsesi.org\/","name":"Kuzeyin Sesi","description":"Do\u011fru Haberin Adresi","potentialAction":[{"@type":"SearchAction","target":{"@type":"EntryPoint","urlTemplate":"https:\/\/kuzeyinsesi.org\/?s={search_term_string}"},"query-input":{"@type":"PropertyValueSpecification","valueRequired":true,"valueName":"search_term_string"}}],"inLanguage":"tr"},{"@type":"Person","@id":"https:\/\/kuzeyinsesi.org\/#\/schema\/person\/9f859689cdf01485597712386e37f5aa","name":"Kuzeyin Sesi","image":{"@type":"ImageObject","inLanguage":"tr","@id":"https:\/\/secure.gravatar.com\/avatar\/bab33852abfd8b282518d6ed81826833d77c3c882d9ab608add591ccace47a44?s=96&d=mm&r=g","url":"https:\/\/secure.gravatar.com\/avatar\/bab33852abfd8b282518d6ed81826833d77c3c882d9ab608add591ccace47a44?s=96&d=mm&r=g","contentUrl":"https:\/\/secure.gravatar.com\/avatar\/bab33852abfd8b282518d6ed81826833d77c3c882d9ab608add591ccace47a44?s=96&d=mm&r=g","caption":"Kuzeyin Sesi"},"sameAs":["https:\/\/kuzeyinsesi.org"],"url":"https:\/\/kuzeyinsesi.org\/index.php\/author\/guven\/"}]}},"_links":{"self":[{"href":"https:\/\/kuzeyinsesi.org\/index.php\/wp-json\/wp\/v2\/posts\/13628","targetHints":{"allow":["GET"]}}],"collection":[{"href":"https:\/\/kuzeyinsesi.org\/index.php\/wp-json\/wp\/v2\/posts"}],"about":[{"href":"https:\/\/kuzeyinsesi.org\/index.php\/wp-json\/wp\/v2\/types\/post"}],"author":[{"embeddable":true,"href":"https:\/\/kuzeyinsesi.org\/index.php\/wp-json\/wp\/v2\/users\/1"}],"replies":[{"embeddable":true,"href":"https:\/\/kuzeyinsesi.org\/index.php\/wp-json\/wp\/v2\/comments?post=13628"}],"version-history":[{"count":0,"href":"https:\/\/kuzeyinsesi.org\/index.php\/wp-json\/wp\/v2\/posts\/13628\/revisions"}],"wp:featuredmedia":[{"embeddable":true,"href":"https:\/\/kuzeyinsesi.org\/index.php\/wp-json\/wp\/v2\/media\/13629"}],"wp:attachment":[{"href":"https:\/\/kuzeyinsesi.org\/index.php\/wp-json\/wp\/v2\/media?parent=13628"}],"wp:term":[{"taxonomy":"category","embeddable":true,"href":"https:\/\/kuzeyinsesi.org\/index.php\/wp-json\/wp\/v2\/categories?post=13628"},{"taxonomy":"post_tag","embeddable":true,"href":"https:\/\/kuzeyinsesi.org\/index.php\/wp-json\/wp\/v2\/tags?post=13628"}],"curies":[{"name":"wp","href":"https:\/\/api.w.org\/{rel}","templated":true}]}}