{"id":13616,"date":"2024-11-15T15:12:48","date_gmt":"2024-11-15T13:12:48","guid":{"rendered":"https:\/\/kuzeyinsesi.org\/index.php\/2024\/11\/15\/tc-cumhurbaskanligi-iletisim-baskani-altun-kktcnin-kurulusunun-41-yilini-kutladi\/"},"modified":"2024-11-15T15:12:48","modified_gmt":"2024-11-15T13:12:48","slug":"tc-cumhurbaskanligi-iletisim-baskani-altun-kktcnin-kurulusunun-41-yilini-kutladi","status":"publish","type":"post","link":"https:\/\/kuzeyinsesi.org\/index.php\/2024\/11\/15\/tc-cumhurbaskanligi-iletisim-baskani-altun-kktcnin-kurulusunun-41-yilini-kutladi\/","title":{"rendered":"TC Cumhurba\u015fkanl\u0131\u011f\u0131 \u0130leti\u015fim Ba\u015fkan\u0131 Altun, KKTC\u2019nin kurulu\u015funun 41. y\u0131l\u0131n\u0131 kutlad\u0131"},"content":{"rendered":"<div>\n<div class=\"mariselle-image-container none\">\n                                            <\/div>\n<p>Cumhurba\u015fkanl\u0131\u011f\u0131 \u0130leti\u015fim Ba\u015fkan\u0131 Fahrettin Altun, Kuzey K\u0131br\u0131s T\u00fcrk Cumhuriyeti\u2019nin (KKTC) 41. y\u0131l d\u00f6n\u00fcm\u00fcn\u00fc ve 15 Kas\u0131m Cumhuriyet Bayram\u0131\u2019n\u0131 kutlayarak, \u201cK\u0131br\u0131s, milletimizin vazge\u00e7ilmez milli davas\u0131d\u0131r.\u201d ifadesini kulland\u0131.<\/p>\n<p>Altun, sosyal medya hesab\u0131ndan,\u00a0KKTC\u2018nin kurulu\u015funun 41. y\u0131l\u0131 dolay\u0131s\u0131yla payla\u015f\u0131mda bulundu.<\/p>\n<p>KKTC\u2018nin kurulu\u015funun 41. y\u0131l d\u00f6n\u00fcm\u00fcn\u00fc ve 15 Kas\u0131m Cumhuriyet Bayram\u0131\u2019n\u0131 en i\u00e7ten dileklerle kutlad\u0131\u011f\u0131n\u0131 belirten Altun, \u015funlar\u0131 kaydetti:<\/p>\n<p>\u201cKKTC\u2018nin ba\u011f\u0131ms\u0131zl\u0131k m\u00fccadelesinde canlar\u0131n\u0131 feda eden aziz \u015fehitlerimizi rahmetle, kahraman gazilerimizi ise minnet ve sayg\u0131yla an\u0131yorum. K\u0131br\u0131s, milletimizin vazge\u00e7ilmez milli davas\u0131d\u0131r. K\u0131br\u0131s T\u00fcrk\u00fc\u2019n\u00fcn hak ve hukukunu ge\u00e7mi\u015fte oldu\u011fu gibi bug\u00fcn de ayn\u0131 kararl\u0131l\u0131kla savunmaya devam edece\u011fiz.\u201d<\/p>\n<\/p><\/div>\n<p><script async\n                    defer\n                    crossorigin=\"anonymous\"\n                    src=\"https:\/\/connect.facebook.net\/tr_TR\/sdk.js#xfbml=1&#038;version=v3.3\"\n            ><\/script><\/p>\n","protected":false},"excerpt":{"rendered":"<p>Cumhurba\u015fkanl\u0131\u011f\u0131 \u0130leti\u015fim Ba\u015fkan\u0131 Fahrettin Altun, Kuzey K\u0131br\u0131s T\u00fcrk Cumhuriyeti\u2019nin (KKTC) 41. y\u0131l d\u00f6n\u00fcm\u00fcn\u00fc ve 15 Kas\u0131m Cumhuriyet Bayram\u0131\u2019n\u0131 kutlayarak, \u201cK\u0131br\u0131s, milletimizin vazge\u00e7ilmez milli davas\u0131d\u0131r.\u201d ifadesini kulland\u0131. Altun, sosyal medya hesab\u0131ndan,\u00a0KKTC\u2018nin kurulu\u015funun 41. y\u0131l\u0131 dolay\u0131s\u0131yla payla\u015f\u0131mda bulundu. KKTC\u2018nin kurulu\u015funun 41. y\u0131l d\u00f6n\u00fcm\u00fcn\u00fc ve 15 Kas\u0131m Cumhuriyet Bayram\u0131\u2019n\u0131 en i\u00e7ten dileklerle kutlad\u0131\u011f\u0131n\u0131 belirten Altun, \u015funlar\u0131 kaydetti: \u201cKKTC\u2018nin [&hellip;]<\/p>\n","protected":false},"author":1,"featured_media":13617,"comment_status":"open","ping_status":"open","sticky":false,"template":"","format":"standard","meta":{"jnews-multi-image_gallery":[],"jnews_single_post":[],"jnews_primary_category":[],"jnews_social_meta":[],"jnews_override_counter":[],"footnotes":""},"categories":[5],"tags":[],"class_list":["post-13616","post","type-post","status-publish","format-standard","has-post-thumbnail","hentry","category-turkiye"],"yoast_head":"<!-- This site is optimized with the Yoast SEO plugin v27.4 - https:\/\/yoast.com\/product\/yoast-seo-wordpress\/ -->\n<title>TC Cumhurba\u015fkanl\u0131\u011f\u0131 \u0130leti\u015fim Ba\u015fkan\u0131 Altun, KKTC\u2019nin kurulu\u015funun 41. y\u0131l\u0131n\u0131 kutlad\u0131 - Kuzeyin Sesi<\/title>\n<meta name=\"robots\" content=\"index, follow, max-snippet:-1, max-image-preview:large, max-video-preview:-1\" \/>\n<link rel=\"canonical\" href=\"https:\/\/kuzeyinsesi.org\/index.php\/2024\/11\/15\/tc-cumhurbaskanligi-iletisim-baskani-altun-kktcnin-kurulusunun-41-yilini-kutladi\/\" \/>\n<meta property=\"og:locale\" content=\"tr_TR\" \/>\n<meta property=\"og:type\" content=\"article\" \/>\n<meta property=\"og:title\" content=\"TC Cumhurba\u015fkanl\u0131\u011f\u0131 \u0130leti\u015fim Ba\u015fkan\u0131 Altun, KKTC\u2019nin kurulu\u015funun 41. y\u0131l\u0131n\u0131 kutlad\u0131 - Kuzeyin Sesi\" \/>\n<meta property=\"og:description\" content=\"Cumhurba\u015fkanl\u0131\u011f\u0131 \u0130leti\u015fim Ba\u015fkan\u0131 Fahrettin Altun, Kuzey K\u0131br\u0131s T\u00fcrk Cumhuriyeti\u2019nin (KKTC) 41. y\u0131l d\u00f6n\u00fcm\u00fcn\u00fc ve 15 Kas\u0131m Cumhuriyet Bayram\u0131\u2019n\u0131 kutlayarak, \u201cK\u0131br\u0131s, milletimizin vazge\u00e7ilmez milli davas\u0131d\u0131r.\u201d ifadesini kulland\u0131. Altun, sosyal medya hesab\u0131ndan,\u00a0KKTC\u2018nin kurulu\u015funun 41. y\u0131l\u0131 dolay\u0131s\u0131yla payla\u015f\u0131mda bulundu. KKTC\u2018nin kurulu\u015funun 41. y\u0131l d\u00f6n\u00fcm\u00fcn\u00fc ve 15 Kas\u0131m Cumhuriyet Bayram\u0131\u2019n\u0131 en i\u00e7ten dileklerle kutlad\u0131\u011f\u0131n\u0131 belirten Altun, \u015funlar\u0131 kaydetti: \u201cKKTC\u2018nin [&hellip;]\" \/>\n<meta property=\"og:url\" content=\"https:\/\/kuzeyinsesi.org\/index.php\/2024\/11\/15\/tc-cumhurbaskanligi-iletisim-baskani-altun-kktcnin-kurulusunun-41-yilini-kutladi\/\" \/>\n<meta property=\"og:site_name\" content=\"Kuzeyin Sesi\" \/>\n<meta property=\"article:publisher\" content=\"https:\/\/www.facebook.com\/kuzeyinsesii\" \/>\n<meta property=\"article:published_time\" content=\"2024-11-15T13:12:48+00:00\" \/>\n<meta property=\"og:image\" content=\"https:\/\/brtk.net\/wp-content\/uploads\/2024\/11\/15\/ALTUNKKTC.jpg?ver=ec98af75602e68a89d33eb7068eed4aa\" \/>\n<meta name=\"author\" content=\"Kuzeyin Sesi\" \/>\n<meta name=\"twitter:card\" content=\"summary_large_image\" \/>\n<meta name=\"twitter:creator\" content=\"@kuzeyinsesii\" \/>\n<meta name=\"twitter:site\" content=\"@kuzeyinsesii\" \/>\n<meta name=\"twitter:label1\" content=\"Yazan:\" \/>\n\t<meta name=\"twitter:data1\" content=\"Kuzeyin Sesi\" \/>\n\t<meta name=\"twitter:label2\" content=\"Tahmini okuma s\u00fcresi\" \/>\n\t<meta name=\"twitter:data2\" content=\"1 dakika\" \/>\n<script type=\"application\/ld+json\" class=\"yoast-schema-graph\">{\"@context\":\"https:\\\/\\\/schema.org\",\"@graph\":[{\"@type\":\"Article\",\"@id\":\"https:\\\/\\\/kuzeyinsesi.org\\\/index.php\\\/2024\\\/11\\\/15\\\/tc-cumhurbaskanligi-iletisim-baskani-altun-kktcnin-kurulusunun-41-yilini-kutladi\\\/#article\",\"isPartOf\":{\"@id\":\"https:\\\/\\\/kuzeyinsesi.org\\\/index.php\\\/2024\\\/11\\\/15\\\/tc-cumhurbaskanligi-iletisim-baskani-altun-kktcnin-kurulusunun-41-yilini-kutladi\\\/\"},\"author\":{\"name\":\"Kuzeyin Sesi\",\"@id\":\"https:\\\/\\\/kuzeyinsesi.org\\\/#\\\/schema\\\/person\\\/9f859689cdf01485597712386e37f5aa\"},\"headline\":\"TC Cumhurba\u015fkanl\u0131\u011f\u0131 \u0130leti\u015fim Ba\u015fkan\u0131 Altun, KKTC\u2019nin kurulu\u015funun 41. y\u0131l\u0131n\u0131 kutlad\u0131\",\"datePublished\":\"2024-11-15T13:12:48+00:00\",\"mainEntityOfPage\":{\"@id\":\"https:\\\/\\\/kuzeyinsesi.org\\\/index.php\\\/2024\\\/11\\\/15\\\/tc-cumhurbaskanligi-iletisim-baskani-altun-kktcnin-kurulusunun-41-yilini-kutladi\\\/\"},\"wordCount\":162,\"commentCount\":0,\"image\":{\"@id\":\"https:\\\/\\\/kuzeyinsesi.org\\\/index.php\\\/2024\\\/11\\\/15\\\/tc-cumhurbaskanligi-iletisim-baskani-altun-kktcnin-kurulusunun-41-yilini-kutladi\\\/#primaryimage\"},\"thumbnailUrl\":\"https:\\\/\\\/kuzeyinsesi.org\\\/wp-content\\\/uploads\\\/2024\\\/11\\\/ALTUNKKTC.jpg\",\"articleSection\":[\"T\u00fcrkiye\"],\"inLanguage\":\"tr\",\"potentialAction\":[{\"@type\":\"CommentAction\",\"name\":\"Comment\",\"target\":[\"https:\\\/\\\/kuzeyinsesi.org\\\/index.php\\\/2024\\\/11\\\/15\\\/tc-cumhurbaskanligi-iletisim-baskani-altun-kktcnin-kurulusunun-41-yilini-kutladi\\\/#respond\"]}]},{\"@type\":\"WebPage\",\"@id\":\"https:\\\/\\\/kuzeyinsesi.org\\\/index.php\\\/2024\\\/11\\\/15\\\/tc-cumhurbaskanligi-iletisim-baskani-altun-kktcnin-kurulusunun-41-yilini-kutladi\\\/\",\"url\":\"https:\\\/\\\/kuzeyinsesi.org\\\/index.php\\\/2024\\\/11\\\/15\\\/tc-cumhurbaskanligi-iletisim-baskani-altun-kktcnin-kurulusunun-41-yilini-kutladi\\\/\",\"name\":\"TC Cumhurba\u015fkanl\u0131\u011f\u0131 \u0130leti\u015fim Ba\u015fkan\u0131 Altun, KKTC\u2019nin kurulu\u015funun 41. y\u0131l\u0131n\u0131 kutlad\u0131 - Kuzeyin Sesi\",\"isPartOf\":{\"@id\":\"https:\\\/\\\/kuzeyinsesi.org\\\/#website\"},\"primaryImageOfPage\":{\"@id\":\"https:\\\/\\\/kuzeyinsesi.org\\\/index.php\\\/2024\\\/11\\\/15\\\/tc-cumhurbaskanligi-iletisim-baskani-altun-kktcnin-kurulusunun-41-yilini-kutladi\\\/#primaryimage\"},\"image\":{\"@id\":\"https:\\\/\\\/kuzeyinsesi.org\\\/index.php\\\/2024\\\/11\\\/15\\\/tc-cumhurbaskanligi-iletisim-baskani-altun-kktcnin-kurulusunun-41-yilini-kutladi\\\/#primaryimage\"},\"thumbnailUrl\":\"https:\\\/\\\/kuzeyinsesi.org\\\/wp-content\\\/uploads\\\/2024\\\/11\\\/ALTUNKKTC.jpg\",\"datePublished\":\"2024-11-15T13:12:48+00:00\",\"author\":{\"@id\":\"https:\\\/\\\/kuzeyinsesi.org\\\/#\\\/schema\\\/person\\\/9f859689cdf01485597712386e37f5aa\"},\"breadcrumb\":{\"@id\":\"https:\\\/\\\/kuzeyinsesi.org\\\/index.php\\\/2024\\\/11\\\/15\\\/tc-cumhurbaskanligi-iletisim-baskani-altun-kktcnin-kurulusunun-41-yilini-kutladi\\\/#breadcrumb\"},\"inLanguage\":\"tr\",\"potentialAction\":[{\"@type\":\"ReadAction\",\"target\":[\"https:\\\/\\\/kuzeyinsesi.org\\\/index.php\\\/2024\\\/11\\\/15\\\/tc-cumhurbaskanligi-iletisim-baskani-altun-kktcnin-kurulusunun-41-yilini-kutladi\\\/\"]}]},{\"@type\":\"ImageObject\",\"inLanguage\":\"tr\",\"@id\":\"https:\\\/\\\/kuzeyinsesi.org\\\/index.php\\\/2024\\\/11\\\/15\\\/tc-cumhurbaskanligi-iletisim-baskani-altun-kktcnin-kurulusunun-41-yilini-kutladi\\\/#primaryimage\",\"url\":\"https:\\\/\\\/kuzeyinsesi.org\\\/wp-content\\\/uploads\\\/2024\\\/11\\\/ALTUNKKTC.jpg\",\"contentUrl\":\"https:\\\/\\\/kuzeyinsesi.org\\\/wp-content\\\/uploads\\\/2024\\\/11\\\/ALTUNKKTC.jpg\",\"width\":864,\"height\":486},{\"@type\":\"BreadcrumbList\",\"@id\":\"https:\\\/\\\/kuzeyinsesi.org\\\/index.php\\\/2024\\\/11\\\/15\\\/tc-cumhurbaskanligi-iletisim-baskani-altun-kktcnin-kurulusunun-41-yilini-kutladi\\\/#breadcrumb\",\"itemListElement\":[{\"@type\":\"ListItem\",\"position\":1,\"name\":\"Anasayfa\",\"item\":\"https:\\\/\\\/kuzeyinsesi.org\\\/\"},{\"@type\":\"ListItem\",\"position\":2,\"name\":\"TC Cumhurba\u015fkanl\u0131\u011f\u0131 \u0130leti\u015fim Ba\u015fkan\u0131 Altun, KKTC\u2019nin kurulu\u015funun 41. y\u0131l\u0131n\u0131 kutlad\u0131\"}]},{\"@type\":\"WebSite\",\"@id\":\"https:\\\/\\\/kuzeyinsesi.org\\\/#website\",\"url\":\"https:\\\/\\\/kuzeyinsesi.org\\\/\",\"name\":\"Kuzeyin Sesi\",\"description\":\"Do\u011fru Haberin Adresi\",\"potentialAction\":[{\"@type\":\"SearchAction\",\"target\":{\"@type\":\"EntryPoint\",\"urlTemplate\":\"https:\\\/\\\/kuzeyinsesi.org\\\/?s={search_term_string}\"},\"query-input\":{\"@type\":\"PropertyValueSpecification\",\"valueRequired\":true,\"valueName\":\"search_term_string\"}}],\"inLanguage\":\"tr\"},{\"@type\":\"Person\",\"@id\":\"https:\\\/\\\/kuzeyinsesi.org\\\/#\\\/schema\\\/person\\\/9f859689cdf01485597712386e37f5aa\",\"name\":\"Kuzeyin Sesi\",\"image\":{\"@type\":\"ImageObject\",\"inLanguage\":\"tr\",\"@id\":\"https:\\\/\\\/secure.gravatar.com\\\/avatar\\\/bab33852abfd8b282518d6ed81826833d77c3c882d9ab608add591ccace47a44?s=96&d=mm&r=g\",\"url\":\"https:\\\/\\\/secure.gravatar.com\\\/avatar\\\/bab33852abfd8b282518d6ed81826833d77c3c882d9ab608add591ccace47a44?s=96&d=mm&r=g\",\"contentUrl\":\"https:\\\/\\\/secure.gravatar.com\\\/avatar\\\/bab33852abfd8b282518d6ed81826833d77c3c882d9ab608add591ccace47a44?s=96&d=mm&r=g\",\"caption\":\"Kuzeyin Sesi\"},\"sameAs\":[\"https:\\\/\\\/kuzeyinsesi.org\"],\"url\":\"https:\\\/\\\/kuzeyinsesi.org\\\/index.php\\\/author\\\/guven\\\/\"}]}<\/script>\n<!-- \/ Yoast SEO plugin. -->","yoast_head_json":{"title":"TC Cumhurba\u015fkanl\u0131\u011f\u0131 \u0130leti\u015fim Ba\u015fkan\u0131 Altun, KKTC\u2019nin kurulu\u015funun 41. y\u0131l\u0131n\u0131 kutlad\u0131 - Kuzeyin Sesi","robots":{"index":"index","follow":"follow","max-snippet":"max-snippet:-1","max-image-preview":"max-image-preview:large","max-video-preview":"max-video-preview:-1"},"canonical":"https:\/\/kuzeyinsesi.org\/index.php\/2024\/11\/15\/tc-cumhurbaskanligi-iletisim-baskani-altun-kktcnin-kurulusunun-41-yilini-kutladi\/","og_locale":"tr_TR","og_type":"article","og_title":"TC Cumhurba\u015fkanl\u0131\u011f\u0131 \u0130leti\u015fim Ba\u015fkan\u0131 Altun, KKTC\u2019nin kurulu\u015funun 41. y\u0131l\u0131n\u0131 kutlad\u0131 - Kuzeyin Sesi","og_description":"Cumhurba\u015fkanl\u0131\u011f\u0131 \u0130leti\u015fim Ba\u015fkan\u0131 Fahrettin Altun, Kuzey K\u0131br\u0131s T\u00fcrk Cumhuriyeti\u2019nin (KKTC) 41. y\u0131l d\u00f6n\u00fcm\u00fcn\u00fc ve 15 Kas\u0131m Cumhuriyet Bayram\u0131\u2019n\u0131 kutlayarak, \u201cK\u0131br\u0131s, milletimizin vazge\u00e7ilmez milli davas\u0131d\u0131r.\u201d ifadesini kulland\u0131. Altun, sosyal medya hesab\u0131ndan,\u00a0KKTC\u2018nin kurulu\u015funun 41. y\u0131l\u0131 dolay\u0131s\u0131yla payla\u015f\u0131mda bulundu. KKTC\u2018nin kurulu\u015funun 41. y\u0131l d\u00f6n\u00fcm\u00fcn\u00fc ve 15 Kas\u0131m Cumhuriyet Bayram\u0131\u2019n\u0131 en i\u00e7ten dileklerle kutlad\u0131\u011f\u0131n\u0131 belirten Altun, \u015funlar\u0131 kaydetti: \u201cKKTC\u2018nin [&hellip;]","og_url":"https:\/\/kuzeyinsesi.org\/index.php\/2024\/11\/15\/tc-cumhurbaskanligi-iletisim-baskani-altun-kktcnin-kurulusunun-41-yilini-kutladi\/","og_site_name":"Kuzeyin Sesi","article_publisher":"https:\/\/www.facebook.com\/kuzeyinsesii","article_published_time":"2024-11-15T13:12:48+00:00","og_image":[{"url":"https:\/\/brtk.net\/wp-content\/uploads\/2024\/11\/15\/ALTUNKKTC.jpg?ver=ec98af75602e68a89d33eb7068eed4aa","type":"","width":"","height":""}],"author":"Kuzeyin Sesi","twitter_card":"summary_large_image","twitter_creator":"@kuzeyinsesii","twitter_site":"@kuzeyinsesii","twitter_misc":{"Yazan:":"Kuzeyin Sesi","Tahmini okuma s\u00fcresi":"1 dakika"},"schema":{"@context":"https:\/\/schema.org","@graph":[{"@type":"Article","@id":"https:\/\/kuzeyinsesi.org\/index.php\/2024\/11\/15\/tc-cumhurbaskanligi-iletisim-baskani-altun-kktcnin-kurulusunun-41-yilini-kutladi\/#article","isPartOf":{"@id":"https:\/\/kuzeyinsesi.org\/index.php\/2024\/11\/15\/tc-cumhurbaskanligi-iletisim-baskani-altun-kktcnin-kurulusunun-41-yilini-kutladi\/"},"author":{"name":"Kuzeyin Sesi","@id":"https:\/\/kuzeyinsesi.org\/#\/schema\/person\/9f859689cdf01485597712386e37f5aa"},"headline":"TC Cumhurba\u015fkanl\u0131\u011f\u0131 \u0130leti\u015fim Ba\u015fkan\u0131 Altun, KKTC\u2019nin kurulu\u015funun 41. y\u0131l\u0131n\u0131 kutlad\u0131","datePublished":"2024-11-15T13:12:48+00:00","mainEntityOfPage":{"@id":"https:\/\/kuzeyinsesi.org\/index.php\/2024\/11\/15\/tc-cumhurbaskanligi-iletisim-baskani-altun-kktcnin-kurulusunun-41-yilini-kutladi\/"},"wordCount":162,"commentCount":0,"image":{"@id":"https:\/\/kuzeyinsesi.org\/index.php\/2024\/11\/15\/tc-cumhurbaskanligi-iletisim-baskani-altun-kktcnin-kurulusunun-41-yilini-kutladi\/#primaryimage"},"thumbnailUrl":"https:\/\/kuzeyinsesi.org\/wp-content\/uploads\/2024\/11\/ALTUNKKTC.jpg","articleSection":["T\u00fcrkiye"],"inLanguage":"tr","potentialAction":[{"@type":"CommentAction","name":"Comment","target":["https:\/\/kuzeyinsesi.org\/index.php\/2024\/11\/15\/tc-cumhurbaskanligi-iletisim-baskani-altun-kktcnin-kurulusunun-41-yilini-kutladi\/#respond"]}]},{"@type":"WebPage","@id":"https:\/\/kuzeyinsesi.org\/index.php\/2024\/11\/15\/tc-cumhurbaskanligi-iletisim-baskani-altun-kktcnin-kurulusunun-41-yilini-kutladi\/","url":"https:\/\/kuzeyinsesi.org\/index.php\/2024\/11\/15\/tc-cumhurbaskanligi-iletisim-baskani-altun-kktcnin-kurulusunun-41-yilini-kutladi\/","name":"TC Cumhurba\u015fkanl\u0131\u011f\u0131 \u0130leti\u015fim Ba\u015fkan\u0131 Altun, KKTC\u2019nin kurulu\u015funun 41. y\u0131l\u0131n\u0131 kutlad\u0131 - Kuzeyin Sesi","isPartOf":{"@id":"https:\/\/kuzeyinsesi.org\/#website"},"primaryImageOfPage":{"@id":"https:\/\/kuzeyinsesi.org\/index.php\/2024\/11\/15\/tc-cumhurbaskanligi-iletisim-baskani-altun-kktcnin-kurulusunun-41-yilini-kutladi\/#primaryimage"},"image":{"@id":"https:\/\/kuzeyinsesi.org\/index.php\/2024\/11\/15\/tc-cumhurbaskanligi-iletisim-baskani-altun-kktcnin-kurulusunun-41-yilini-kutladi\/#primaryimage"},"thumbnailUrl":"https:\/\/kuzeyinsesi.org\/wp-content\/uploads\/2024\/11\/ALTUNKKTC.jpg","datePublished":"2024-11-15T13:12:48+00:00","author":{"@id":"https:\/\/kuzeyinsesi.org\/#\/schema\/person\/9f859689cdf01485597712386e37f5aa"},"breadcrumb":{"@id":"https:\/\/kuzeyinsesi.org\/index.php\/2024\/11\/15\/tc-cumhurbaskanligi-iletisim-baskani-altun-kktcnin-kurulusunun-41-yilini-kutladi\/#breadcrumb"},"inLanguage":"tr","potentialAction":[{"@type":"ReadAction","target":["https:\/\/kuzeyinsesi.org\/index.php\/2024\/11\/15\/tc-cumhurbaskanligi-iletisim-baskani-altun-kktcnin-kurulusunun-41-yilini-kutladi\/"]}]},{"@type":"ImageObject","inLanguage":"tr","@id":"https:\/\/kuzeyinsesi.org\/index.php\/2024\/11\/15\/tc-cumhurbaskanligi-iletisim-baskani-altun-kktcnin-kurulusunun-41-yilini-kutladi\/#primaryimage","url":"https:\/\/kuzeyinsesi.org\/wp-content\/uploads\/2024\/11\/ALTUNKKTC.jpg","contentUrl":"https:\/\/kuzeyinsesi.org\/wp-content\/uploads\/2024\/11\/ALTUNKKTC.jpg","width":864,"height":486},{"@type":"BreadcrumbList","@id":"https:\/\/kuzeyinsesi.org\/index.php\/2024\/11\/15\/tc-cumhurbaskanligi-iletisim-baskani-altun-kktcnin-kurulusunun-41-yilini-kutladi\/#breadcrumb","itemListElement":[{"@type":"ListItem","position":1,"name":"Anasayfa","item":"https:\/\/kuzeyinsesi.org\/"},{"@type":"ListItem","position":2,"name":"TC Cumhurba\u015fkanl\u0131\u011f\u0131 \u0130leti\u015fim Ba\u015fkan\u0131 Altun, KKTC\u2019nin kurulu\u015funun 41. y\u0131l\u0131n\u0131 kutlad\u0131"}]},{"@type":"WebSite","@id":"https:\/\/kuzeyinsesi.org\/#website","url":"https:\/\/kuzeyinsesi.org\/","name":"Kuzeyin Sesi","description":"Do\u011fru Haberin Adresi","potentialAction":[{"@type":"SearchAction","target":{"@type":"EntryPoint","urlTemplate":"https:\/\/kuzeyinsesi.org\/?s={search_term_string}"},"query-input":{"@type":"PropertyValueSpecification","valueRequired":true,"valueName":"search_term_string"}}],"inLanguage":"tr"},{"@type":"Person","@id":"https:\/\/kuzeyinsesi.org\/#\/schema\/person\/9f859689cdf01485597712386e37f5aa","name":"Kuzeyin Sesi","image":{"@type":"ImageObject","inLanguage":"tr","@id":"https:\/\/secure.gravatar.com\/avatar\/bab33852abfd8b282518d6ed81826833d77c3c882d9ab608add591ccace47a44?s=96&d=mm&r=g","url":"https:\/\/secure.gravatar.com\/avatar\/bab33852abfd8b282518d6ed81826833d77c3c882d9ab608add591ccace47a44?s=96&d=mm&r=g","contentUrl":"https:\/\/secure.gravatar.com\/avatar\/bab33852abfd8b282518d6ed81826833d77c3c882d9ab608add591ccace47a44?s=96&d=mm&r=g","caption":"Kuzeyin Sesi"},"sameAs":["https:\/\/kuzeyinsesi.org"],"url":"https:\/\/kuzeyinsesi.org\/index.php\/author\/guven\/"}]}},"_links":{"self":[{"href":"https:\/\/kuzeyinsesi.org\/index.php\/wp-json\/wp\/v2\/posts\/13616","targetHints":{"allow":["GET"]}}],"collection":[{"href":"https:\/\/kuzeyinsesi.org\/index.php\/wp-json\/wp\/v2\/posts"}],"about":[{"href":"https:\/\/kuzeyinsesi.org\/index.php\/wp-json\/wp\/v2\/types\/post"}],"author":[{"embeddable":true,"href":"https:\/\/kuzeyinsesi.org\/index.php\/wp-json\/wp\/v2\/users\/1"}],"replies":[{"embeddable":true,"href":"https:\/\/kuzeyinsesi.org\/index.php\/wp-json\/wp\/v2\/comments?post=13616"}],"version-history":[{"count":0,"href":"https:\/\/kuzeyinsesi.org\/index.php\/wp-json\/wp\/v2\/posts\/13616\/revisions"}],"wp:featuredmedia":[{"embeddable":true,"href":"https:\/\/kuzeyinsesi.org\/index.php\/wp-json\/wp\/v2\/media\/13617"}],"wp:attachment":[{"href":"https:\/\/kuzeyinsesi.org\/index.php\/wp-json\/wp\/v2\/media?parent=13616"}],"wp:term":[{"taxonomy":"category","embeddable":true,"href":"https:\/\/kuzeyinsesi.org\/index.php\/wp-json\/wp\/v2\/categories?post=13616"},{"taxonomy":"post_tag","embeddable":true,"href":"https:\/\/kuzeyinsesi.org\/index.php\/wp-json\/wp\/v2\/tags?post=13616"}],"curies":[{"name":"wp","href":"https:\/\/api.w.org\/{rel}","templated":true}]}}