{"id":13612,"date":"2024-11-15T15:01:17","date_gmt":"2024-11-15T13:01:17","guid":{"rendered":"https:\/\/kuzeyinsesi.org\/index.php\/2024\/11\/15\/turkiye-cumhurbaskanligi-kabinesi-uyeleri-kktcnin-kurulusunun-41-yilini-kutladi\/"},"modified":"2024-11-15T15:01:17","modified_gmt":"2024-11-15T13:01:17","slug":"turkiye-cumhurbaskanligi-kabinesi-uyeleri-kktcnin-kurulusunun-41-yilini-kutladi","status":"publish","type":"post","link":"https:\/\/kuzeyinsesi.org\/index.php\/2024\/11\/15\/turkiye-cumhurbaskanligi-kabinesi-uyeleri-kktcnin-kurulusunun-41-yilini-kutladi\/","title":{"rendered":"T\u00fcrkiye Cumhurba\u015fkanl\u0131\u011f\u0131 Kabinesi \u00fcyeleri KKTC\u2019nin kurulu\u015funun 41. y\u0131l\u0131n\u0131 kutlad\u0131"},"content":{"rendered":"<div>\n<div class=\"mariselle-image-container none\">\n                                            <\/div>\n<p>T\u00fcrkiye Cumhurba\u015fkanl\u0131\u011f\u0131 Kabinesi \u00fcyeleri, Kuzey K\u0131br\u0131s T\u00fcrk Cumhuriyeti\u2019nin (KKTC) kurulu\u015funun 41. y\u0131l\u0131n\u0131 kutlad\u0131.<\/p>\n<p>Kabine \u00fcyeleri sosyal medya hesaplar\u0131ndan, KKTC\u2018nin kurulu\u015funun 41. y\u0131l\u0131 dolay\u0131s\u0131yla \u201cKKTC 41 ya\u015f\u0131nda\u201d etiketiyle kutlama mesaj\u0131 yay\u0131mlad\u0131.<\/p>\n<p>Adalet Bakan\u0131 Y\u0131lmaz Tun\u00e7, dost ve karde\u015f \u00fclke KKTC\u2018nin 41. kurulu\u015f y\u0131l d\u00f6n\u00fcm\u00fcn\u00fc en kalbi duygularla kutlad\u0131\u011f\u0131n\u0131 belirterek, \u201cVatan i\u00e7in topra\u011fa d\u00fc\u015fen aziz \u015fehitlerimizi ve gazilerimizi rahmet ve minnetle yad ediyorum. T\u00fcrkiye olarak karde\u015flerimizi asla yaln\u0131z b\u0131rakmayacak, K\u0131br\u0131s T\u00fcrk\u00fc\u2019n\u00fcn \u00e7\u0131karlar\u0131n\u0131 korumaya ve hakl\u0131 davalar\u0131nda en b\u00fcy\u00fck destek\u00e7isi olmaya devam edece\u011fiz.\u201d ifadelerini kulland\u0131.<\/p>\n<p>Aile ve Sosyal Hizmetler Bakan\u0131 Mahinur \u00d6zdemir G\u00f6kta\u015f da \u201cT\u00fcrk d\u00fcnyas\u0131n\u0131n ayr\u0131lmaz bir par\u00e7as\u0131 olarak g\u00f6rd\u00fc\u011f\u00fcm\u00fcz K\u0131br\u0131s T\u00fcrk\u00fc\u2019n\u00fcn ba\u011f\u0131ms\u0131zl\u0131k co\u015fkusunu ve sevincini y\u00fcrekten payla\u015f\u0131yor, KKTC\u2018nin 41. kurulu\u015f y\u0131l d\u00f6n\u00fcm\u00fcn\u00fc kutluyorum. K\u0131br\u0131s T\u00fcrk halk\u0131n\u0131n ba\u011f\u0131ms\u0131zl\u0131k m\u00fccadelesinde \u015fehit olan kahramanlar\u0131m\u0131z\u0131 rahmetle, gazilerimizi minnetle yad ediyorum.\u201d de\u011ferlendirmesinde bulundu.<\/p>\n<p><strong>\u2013 \u201cK\u0131br\u0131s T\u00fcrk\u00fc karde\u015flerimiz asla yaln\u0131z de\u011fildir\u201d<\/strong><\/p>\n<p>\u00c7al\u0131\u015fma ve Sosyal G\u00fcvenlik Bakan\u0131 Vedat I\u015f\u0131khan ise KKTC\u2018nin 41. kurulu\u015f y\u0131l d\u00f6n\u00fcm\u00fcn\u00fc g\u00f6n\u00fclden kutlad\u0131\u011f\u0131n\u0131 belirterek, aziz \u015fehitleri ve kahraman gazileri sayg\u0131yla and\u0131\u011f\u0131n\u0131 bildirdi. I\u015f\u0131khan, \u201cK\u0131br\u0131s T\u00fcrk\u00fc karde\u015flerimiz asla yaln\u0131z de\u011fildir.\u201d ifadesini kulland\u0131.<\/p>\n<p>\u00c7evre, \u015eehircilik ve \u0130klim De\u011fi\u015fikli\u011fi Bakan\u0131 Murat Kurum da, \u015funlar\u0131 kaydetti:<\/p>\n<p>\u201c41 y\u0131l \u00f6nce bug\u00fcn d\u00fcnyaya ba\u011f\u0131ms\u0131zl\u0131\u011f\u0131n\u0131 ilan eden Kuzey K\u0131br\u0131s T\u00fcrk Cumhuriyeti\u2019nin kurulu\u015f y\u0131l d\u00f6n\u00fcm\u00fcn\u00fc kutluyorum. Kuzey K\u0131br\u0131s\u2019\u0131n ba\u011f\u0131ms\u0131zl\u0131k m\u00fccadelesinde g\u00f6\u011fs\u00fcn\u00fc siper eden kahraman \u015fehitlerimizi rahmetle an\u0131yorum. D\u00fcnden bug\u00fcne, bug\u00fcnden yar\u0131na her daim KKTC\u2018nin yan\u0131nda olmaya devam edece\u011fiz.\u201d<\/p>\n<p>\u0130\u00e7i\u015fleri Bakan\u0131 Ali Yerlikaya ise T\u00fcrk d\u00fcnyas\u0131n\u0131n ayr\u0131lmaz par\u00e7as\u0131 KKTC\u2018nin 41\u2019inci kurulu\u015f y\u0131l d\u00f6n\u00fcm\u00fcn\u00fc kutlad\u0131\u011f\u0131n\u0131 belirterek, \u201cKKTC kurucu Cumhurba\u015fkan\u0131 merhum Rauf Denkta\u015f\u2019\u0131 ve ba\u011f\u0131ms\u0131zl\u0131k u\u011fruna \u015fehit d\u00fc\u015fen kahramanlar\u0131m\u0131z\u0131 rahmet ve sayg\u0131yla yad ediyorum.\u201d ifadesini kulland\u0131.<\/p>\n<p>K\u00fclt\u00fcr ve Turizm Bakan\u0131 Mehmet Nuri Ersoy \u201cKuzey K\u0131br\u0131s T\u00fcrk Cumhuriyeti\u2019nin kurulu\u015f y\u0131l d\u00f6n\u00fcm\u00fcn\u00fc g\u00f6n\u00fclden kutluyorum. K\u0131br\u0131s T\u00fcrk halk\u0131n\u0131n ba\u011f\u0131ms\u0131zl\u0131k m\u00fccadelesinde her zaman yanlar\u0131nda olmaya devam edece\u011fiz. Bu vesileyle KKTC\u2018nin ba\u011f\u0131ms\u0131zl\u0131\u011f\u0131 i\u00e7in canlar\u0131n\u0131 ortaya koyan t\u00fcm gazilerimizi ve \u015fehitlerimizi sayg\u0131 ve minnetle an\u0131yorum.\u201d mesaj\u0131n\u0131 payla\u015ft\u0131.<\/p>\n<p>Milli E\u011fitim Bakan\u0131 Yusuf Tekin de KKTC\u2018nin kurulu\u015funun 41. y\u0131l\u0131n\u0131 kutlayarak, \u015fu ifadeleri kulland\u0131:<\/p>\n<p>\u201cK\u0131br\u0131s T\u00fcrk\u00fc karde\u015flerimizin hakk\u0131n\u0131, hukukunu ve egemenli\u011fini her platformda savunmaya devam edecek, her alanda oldu\u011fu gibi e\u011fitim alan\u0131nda da g\u00fc\u00e7l\u00fc i\u015fbirli\u011fimizi kararl\u0131l\u0131kla s\u00fcrd\u00fcrece\u011fiz. Bu vesileyle KKTC\u2018nin istiklal ve istikbal m\u00fccadelesinde vatan topra\u011f\u0131na d\u00fc\u015fen aziz \u015fehitlerimize y\u00fcce Allah\u2019tan rahmet diliyor, kahraman gazilerimizi sayg\u0131 ve minnetle yad ediyorum.\u201d<\/p>\n<p>Milli Savunma Bakanl\u0131\u011f\u0131ndan yap\u0131lan a\u00e7\u0131klamada da, \u201c41 y\u0131l \u00f6nce ba\u011f\u0131ms\u0131zl\u0131\u011f\u0131n\u0131 t\u00fcm d\u00fcnyaya hayk\u0131ran K\u0131br\u0131s T\u00fcrk\u00fc karde\u015flerimizin Cumhuriyet Bayram\u0131 kutlu olsun. Bu u\u011furda hayat\u0131n\u0131 kaybeden \u015fehitlerimize Allah\u2019tan rahmet; hayattaki gazilerimize sa\u011fl\u0131kl\u0131, mutlu ve uzun \u00f6m\u00fcrler diliyoruz. Bug\u00fcne kadar oldu\u011fu gibi bundan sonra da K\u0131br\u0131s T\u00fcrk\u00fc\u2019n\u00fcn yan\u0131nda olmaya devam edece\u011fiz.\u201d ifadelerine yer verildi.<\/p>\n<\/p><\/div>\n<p><script async\n                    defer\n                    crossorigin=\"anonymous\"\n                    src=\"https:\/\/connect.facebook.net\/tr_TR\/sdk.js#xfbml=1&#038;version=v3.3\"\n            ><\/script><\/p>\n","protected":false},"excerpt":{"rendered":"<p>T\u00fcrkiye Cumhurba\u015fkanl\u0131\u011f\u0131 Kabinesi \u00fcyeleri, Kuzey K\u0131br\u0131s T\u00fcrk Cumhuriyeti\u2019nin (KKTC) kurulu\u015funun 41. y\u0131l\u0131n\u0131 kutlad\u0131. Kabine \u00fcyeleri sosyal medya hesaplar\u0131ndan, KKTC\u2018nin kurulu\u015funun 41. y\u0131l\u0131 dolay\u0131s\u0131yla \u201cKKTC 41 ya\u015f\u0131nda\u201d etiketiyle kutlama mesaj\u0131 yay\u0131mlad\u0131. Adalet Bakan\u0131 Y\u0131lmaz Tun\u00e7, dost ve karde\u015f \u00fclke KKTC\u2018nin 41. kurulu\u015f y\u0131l d\u00f6n\u00fcm\u00fcn\u00fc en kalbi duygularla kutlad\u0131\u011f\u0131n\u0131 belirterek, \u201cVatan i\u00e7in topra\u011fa d\u00fc\u015fen aziz \u015fehitlerimizi ve [&hellip;]<\/p>\n","protected":false},"author":1,"featured_media":13613,"comment_status":"open","ping_status":"open","sticky":false,"template":"","format":"standard","meta":{"jnews-multi-image_gallery":[],"jnews_single_post":[],"jnews_primary_category":[],"jnews_social_meta":[],"jnews_override_counter":[],"footnotes":""},"categories":[5],"tags":[],"class_list":["post-13612","post","type-post","status-publish","format-standard","has-post-thumbnail","hentry","category-turkiye"],"yoast_head":"<!-- This site is optimized with the Yoast SEO plugin v27.4 - https:\/\/yoast.com\/product\/yoast-seo-wordpress\/ -->\n<title>T\u00fcrkiye Cumhurba\u015fkanl\u0131\u011f\u0131 Kabinesi \u00fcyeleri KKTC\u2019nin kurulu\u015funun 41. y\u0131l\u0131n\u0131 kutlad\u0131 - Kuzeyin Sesi<\/title>\n<meta name=\"robots\" content=\"index, follow, max-snippet:-1, max-image-preview:large, max-video-preview:-1\" \/>\n<link rel=\"canonical\" href=\"https:\/\/kuzeyinsesi.org\/index.php\/2024\/11\/15\/turkiye-cumhurbaskanligi-kabinesi-uyeleri-kktcnin-kurulusunun-41-yilini-kutladi\/\" \/>\n<meta property=\"og:locale\" content=\"tr_TR\" \/>\n<meta property=\"og:type\" content=\"article\" \/>\n<meta property=\"og:title\" content=\"T\u00fcrkiye Cumhurba\u015fkanl\u0131\u011f\u0131 Kabinesi \u00fcyeleri KKTC\u2019nin kurulu\u015funun 41. y\u0131l\u0131n\u0131 kutlad\u0131 - Kuzeyin Sesi\" \/>\n<meta property=\"og:description\" content=\"T\u00fcrkiye Cumhurba\u015fkanl\u0131\u011f\u0131 Kabinesi \u00fcyeleri, Kuzey K\u0131br\u0131s T\u00fcrk Cumhuriyeti\u2019nin (KKTC) kurulu\u015funun 41. y\u0131l\u0131n\u0131 kutlad\u0131. Kabine \u00fcyeleri sosyal medya hesaplar\u0131ndan, KKTC\u2018nin kurulu\u015funun 41. y\u0131l\u0131 dolay\u0131s\u0131yla \u201cKKTC 41 ya\u015f\u0131nda\u201d etiketiyle kutlama mesaj\u0131 yay\u0131mlad\u0131. Adalet Bakan\u0131 Y\u0131lmaz Tun\u00e7, dost ve karde\u015f \u00fclke KKTC\u2018nin 41. kurulu\u015f y\u0131l d\u00f6n\u00fcm\u00fcn\u00fc en kalbi duygularla kutlad\u0131\u011f\u0131n\u0131 belirterek, \u201cVatan i\u00e7in topra\u011fa d\u00fc\u015fen aziz \u015fehitlerimizi ve [&hellip;]\" \/>\n<meta property=\"og:url\" content=\"https:\/\/kuzeyinsesi.org\/index.php\/2024\/11\/15\/turkiye-cumhurbaskanligi-kabinesi-uyeleri-kktcnin-kurulusunun-41-yilini-kutladi\/\" \/>\n<meta property=\"og:site_name\" content=\"Kuzeyin Sesi\" \/>\n<meta property=\"article:publisher\" content=\"https:\/\/www.facebook.com\/kuzeyinsesii\" \/>\n<meta property=\"article:published_time\" content=\"2024-11-15T13:01:17+00:00\" \/>\n<meta property=\"og:image\" content=\"https:\/\/brtk.net\/wp-content\/uploads\/2024\/11\/15\/ekran-goruntusu-2024-11-15-140809.png?ver=9a37114dec11555a912c1c3389450e71\" \/>\n<meta name=\"author\" content=\"Kuzeyin Sesi\" \/>\n<meta name=\"twitter:card\" content=\"summary_large_image\" \/>\n<meta name=\"twitter:creator\" content=\"@kuzeyinsesii\" \/>\n<meta name=\"twitter:site\" content=\"@kuzeyinsesii\" \/>\n<meta name=\"twitter:label1\" content=\"Yazan:\" \/>\n\t<meta name=\"twitter:data1\" content=\"Kuzeyin Sesi\" \/>\n\t<meta name=\"twitter:label2\" content=\"Tahmini okuma s\u00fcresi\" \/>\n\t<meta name=\"twitter:data2\" content=\"3 dakika\" \/>\n<script type=\"application\/ld+json\" class=\"yoast-schema-graph\">{\"@context\":\"https:\\\/\\\/schema.org\",\"@graph\":[{\"@type\":\"Article\",\"@id\":\"https:\\\/\\\/kuzeyinsesi.org\\\/index.php\\\/2024\\\/11\\\/15\\\/turkiye-cumhurbaskanligi-kabinesi-uyeleri-kktcnin-kurulusunun-41-yilini-kutladi\\\/#article\",\"isPartOf\":{\"@id\":\"https:\\\/\\\/kuzeyinsesi.org\\\/index.php\\\/2024\\\/11\\\/15\\\/turkiye-cumhurbaskanligi-kabinesi-uyeleri-kktcnin-kurulusunun-41-yilini-kutladi\\\/\"},\"author\":{\"name\":\"Kuzeyin Sesi\",\"@id\":\"https:\\\/\\\/kuzeyinsesi.org\\\/#\\\/schema\\\/person\\\/9f859689cdf01485597712386e37f5aa\"},\"headline\":\"T\u00fcrkiye Cumhurba\u015fkanl\u0131\u011f\u0131 Kabinesi \u00fcyeleri KKTC\u2019nin kurulu\u015funun 41. y\u0131l\u0131n\u0131 kutlad\u0131\",\"datePublished\":\"2024-11-15T13:01:17+00:00\",\"mainEntityOfPage\":{\"@id\":\"https:\\\/\\\/kuzeyinsesi.org\\\/index.php\\\/2024\\\/11\\\/15\\\/turkiye-cumhurbaskanligi-kabinesi-uyeleri-kktcnin-kurulusunun-41-yilini-kutladi\\\/\"},\"wordCount\":662,\"commentCount\":0,\"image\":{\"@id\":\"https:\\\/\\\/kuzeyinsesi.org\\\/index.php\\\/2024\\\/11\\\/15\\\/turkiye-cumhurbaskanligi-kabinesi-uyeleri-kktcnin-kurulusunun-41-yilini-kutladi\\\/#primaryimage\"},\"thumbnailUrl\":\"https:\\\/\\\/kuzeyinsesi.org\\\/wp-content\\\/uploads\\\/2024\\\/11\\\/ekran-goruntusu-2024-11-15-140809.png\",\"articleSection\":[\"T\u00fcrkiye\"],\"inLanguage\":\"tr\",\"potentialAction\":[{\"@type\":\"CommentAction\",\"name\":\"Comment\",\"target\":[\"https:\\\/\\\/kuzeyinsesi.org\\\/index.php\\\/2024\\\/11\\\/15\\\/turkiye-cumhurbaskanligi-kabinesi-uyeleri-kktcnin-kurulusunun-41-yilini-kutladi\\\/#respond\"]}]},{\"@type\":\"WebPage\",\"@id\":\"https:\\\/\\\/kuzeyinsesi.org\\\/index.php\\\/2024\\\/11\\\/15\\\/turkiye-cumhurbaskanligi-kabinesi-uyeleri-kktcnin-kurulusunun-41-yilini-kutladi\\\/\",\"url\":\"https:\\\/\\\/kuzeyinsesi.org\\\/index.php\\\/2024\\\/11\\\/15\\\/turkiye-cumhurbaskanligi-kabinesi-uyeleri-kktcnin-kurulusunun-41-yilini-kutladi\\\/\",\"name\":\"T\u00fcrkiye Cumhurba\u015fkanl\u0131\u011f\u0131 Kabinesi \u00fcyeleri KKTC\u2019nin kurulu\u015funun 41. y\u0131l\u0131n\u0131 kutlad\u0131 - Kuzeyin Sesi\",\"isPartOf\":{\"@id\":\"https:\\\/\\\/kuzeyinsesi.org\\\/#website\"},\"primaryImageOfPage\":{\"@id\":\"https:\\\/\\\/kuzeyinsesi.org\\\/index.php\\\/2024\\\/11\\\/15\\\/turkiye-cumhurbaskanligi-kabinesi-uyeleri-kktcnin-kurulusunun-41-yilini-kutladi\\\/#primaryimage\"},\"image\":{\"@id\":\"https:\\\/\\\/kuzeyinsesi.org\\\/index.php\\\/2024\\\/11\\\/15\\\/turkiye-cumhurbaskanligi-kabinesi-uyeleri-kktcnin-kurulusunun-41-yilini-kutladi\\\/#primaryimage\"},\"thumbnailUrl\":\"https:\\\/\\\/kuzeyinsesi.org\\\/wp-content\\\/uploads\\\/2024\\\/11\\\/ekran-goruntusu-2024-11-15-140809.png\",\"datePublished\":\"2024-11-15T13:01:17+00:00\",\"author\":{\"@id\":\"https:\\\/\\\/kuzeyinsesi.org\\\/#\\\/schema\\\/person\\\/9f859689cdf01485597712386e37f5aa\"},\"breadcrumb\":{\"@id\":\"https:\\\/\\\/kuzeyinsesi.org\\\/index.php\\\/2024\\\/11\\\/15\\\/turkiye-cumhurbaskanligi-kabinesi-uyeleri-kktcnin-kurulusunun-41-yilini-kutladi\\\/#breadcrumb\"},\"inLanguage\":\"tr\",\"potentialAction\":[{\"@type\":\"ReadAction\",\"target\":[\"https:\\\/\\\/kuzeyinsesi.org\\\/index.php\\\/2024\\\/11\\\/15\\\/turkiye-cumhurbaskanligi-kabinesi-uyeleri-kktcnin-kurulusunun-41-yilini-kutladi\\\/\"]}]},{\"@type\":\"ImageObject\",\"inLanguage\":\"tr\",\"@id\":\"https:\\\/\\\/kuzeyinsesi.org\\\/index.php\\\/2024\\\/11\\\/15\\\/turkiye-cumhurbaskanligi-kabinesi-uyeleri-kktcnin-kurulusunun-41-yilini-kutladi\\\/#primaryimage\",\"url\":\"https:\\\/\\\/kuzeyinsesi.org\\\/wp-content\\\/uploads\\\/2024\\\/11\\\/ekran-goruntusu-2024-11-15-140809.png\",\"contentUrl\":\"https:\\\/\\\/kuzeyinsesi.org\\\/wp-content\\\/uploads\\\/2024\\\/11\\\/ekran-goruntusu-2024-11-15-140809.png\",\"width\":802,\"height\":515},{\"@type\":\"BreadcrumbList\",\"@id\":\"https:\\\/\\\/kuzeyinsesi.org\\\/index.php\\\/2024\\\/11\\\/15\\\/turkiye-cumhurbaskanligi-kabinesi-uyeleri-kktcnin-kurulusunun-41-yilini-kutladi\\\/#breadcrumb\",\"itemListElement\":[{\"@type\":\"ListItem\",\"position\":1,\"name\":\"Anasayfa\",\"item\":\"https:\\\/\\\/kuzeyinsesi.org\\\/\"},{\"@type\":\"ListItem\",\"position\":2,\"name\":\"T\u00fcrkiye Cumhurba\u015fkanl\u0131\u011f\u0131 Kabinesi \u00fcyeleri KKTC\u2019nin kurulu\u015funun 41. y\u0131l\u0131n\u0131 kutlad\u0131\"}]},{\"@type\":\"WebSite\",\"@id\":\"https:\\\/\\\/kuzeyinsesi.org\\\/#website\",\"url\":\"https:\\\/\\\/kuzeyinsesi.org\\\/\",\"name\":\"Kuzeyin Sesi\",\"description\":\"Do\u011fru Haberin Adresi\",\"potentialAction\":[{\"@type\":\"SearchAction\",\"target\":{\"@type\":\"EntryPoint\",\"urlTemplate\":\"https:\\\/\\\/kuzeyinsesi.org\\\/?s={search_term_string}\"},\"query-input\":{\"@type\":\"PropertyValueSpecification\",\"valueRequired\":true,\"valueName\":\"search_term_string\"}}],\"inLanguage\":\"tr\"},{\"@type\":\"Person\",\"@id\":\"https:\\\/\\\/kuzeyinsesi.org\\\/#\\\/schema\\\/person\\\/9f859689cdf01485597712386e37f5aa\",\"name\":\"Kuzeyin Sesi\",\"image\":{\"@type\":\"ImageObject\",\"inLanguage\":\"tr\",\"@id\":\"https:\\\/\\\/secure.gravatar.com\\\/avatar\\\/bab33852abfd8b282518d6ed81826833d77c3c882d9ab608add591ccace47a44?s=96&d=mm&r=g\",\"url\":\"https:\\\/\\\/secure.gravatar.com\\\/avatar\\\/bab33852abfd8b282518d6ed81826833d77c3c882d9ab608add591ccace47a44?s=96&d=mm&r=g\",\"contentUrl\":\"https:\\\/\\\/secure.gravatar.com\\\/avatar\\\/bab33852abfd8b282518d6ed81826833d77c3c882d9ab608add591ccace47a44?s=96&d=mm&r=g\",\"caption\":\"Kuzeyin Sesi\"},\"sameAs\":[\"https:\\\/\\\/kuzeyinsesi.org\"],\"url\":\"https:\\\/\\\/kuzeyinsesi.org\\\/index.php\\\/author\\\/guven\\\/\"}]}<\/script>\n<!-- \/ Yoast SEO plugin. -->","yoast_head_json":{"title":"T\u00fcrkiye Cumhurba\u015fkanl\u0131\u011f\u0131 Kabinesi \u00fcyeleri KKTC\u2019nin kurulu\u015funun 41. y\u0131l\u0131n\u0131 kutlad\u0131 - Kuzeyin Sesi","robots":{"index":"index","follow":"follow","max-snippet":"max-snippet:-1","max-image-preview":"max-image-preview:large","max-video-preview":"max-video-preview:-1"},"canonical":"https:\/\/kuzeyinsesi.org\/index.php\/2024\/11\/15\/turkiye-cumhurbaskanligi-kabinesi-uyeleri-kktcnin-kurulusunun-41-yilini-kutladi\/","og_locale":"tr_TR","og_type":"article","og_title":"T\u00fcrkiye Cumhurba\u015fkanl\u0131\u011f\u0131 Kabinesi \u00fcyeleri KKTC\u2019nin kurulu\u015funun 41. y\u0131l\u0131n\u0131 kutlad\u0131 - Kuzeyin Sesi","og_description":"T\u00fcrkiye Cumhurba\u015fkanl\u0131\u011f\u0131 Kabinesi \u00fcyeleri, Kuzey K\u0131br\u0131s T\u00fcrk Cumhuriyeti\u2019nin (KKTC) kurulu\u015funun 41. y\u0131l\u0131n\u0131 kutlad\u0131. Kabine \u00fcyeleri sosyal medya hesaplar\u0131ndan, KKTC\u2018nin kurulu\u015funun 41. y\u0131l\u0131 dolay\u0131s\u0131yla \u201cKKTC 41 ya\u015f\u0131nda\u201d etiketiyle kutlama mesaj\u0131 yay\u0131mlad\u0131. Adalet Bakan\u0131 Y\u0131lmaz Tun\u00e7, dost ve karde\u015f \u00fclke KKTC\u2018nin 41. kurulu\u015f y\u0131l d\u00f6n\u00fcm\u00fcn\u00fc en kalbi duygularla kutlad\u0131\u011f\u0131n\u0131 belirterek, \u201cVatan i\u00e7in topra\u011fa d\u00fc\u015fen aziz \u015fehitlerimizi ve [&hellip;]","og_url":"https:\/\/kuzeyinsesi.org\/index.php\/2024\/11\/15\/turkiye-cumhurbaskanligi-kabinesi-uyeleri-kktcnin-kurulusunun-41-yilini-kutladi\/","og_site_name":"Kuzeyin Sesi","article_publisher":"https:\/\/www.facebook.com\/kuzeyinsesii","article_published_time":"2024-11-15T13:01:17+00:00","og_image":[{"url":"https:\/\/brtk.net\/wp-content\/uploads\/2024\/11\/15\/ekran-goruntusu-2024-11-15-140809.png?ver=9a37114dec11555a912c1c3389450e71","type":"","width":"","height":""}],"author":"Kuzeyin Sesi","twitter_card":"summary_large_image","twitter_creator":"@kuzeyinsesii","twitter_site":"@kuzeyinsesii","twitter_misc":{"Yazan:":"Kuzeyin Sesi","Tahmini okuma s\u00fcresi":"3 dakika"},"schema":{"@context":"https:\/\/schema.org","@graph":[{"@type":"Article","@id":"https:\/\/kuzeyinsesi.org\/index.php\/2024\/11\/15\/turkiye-cumhurbaskanligi-kabinesi-uyeleri-kktcnin-kurulusunun-41-yilini-kutladi\/#article","isPartOf":{"@id":"https:\/\/kuzeyinsesi.org\/index.php\/2024\/11\/15\/turkiye-cumhurbaskanligi-kabinesi-uyeleri-kktcnin-kurulusunun-41-yilini-kutladi\/"},"author":{"name":"Kuzeyin Sesi","@id":"https:\/\/kuzeyinsesi.org\/#\/schema\/person\/9f859689cdf01485597712386e37f5aa"},"headline":"T\u00fcrkiye Cumhurba\u015fkanl\u0131\u011f\u0131 Kabinesi \u00fcyeleri KKTC\u2019nin kurulu\u015funun 41. y\u0131l\u0131n\u0131 kutlad\u0131","datePublished":"2024-11-15T13:01:17+00:00","mainEntityOfPage":{"@id":"https:\/\/kuzeyinsesi.org\/index.php\/2024\/11\/15\/turkiye-cumhurbaskanligi-kabinesi-uyeleri-kktcnin-kurulusunun-41-yilini-kutladi\/"},"wordCount":662,"commentCount":0,"image":{"@id":"https:\/\/kuzeyinsesi.org\/index.php\/2024\/11\/15\/turkiye-cumhurbaskanligi-kabinesi-uyeleri-kktcnin-kurulusunun-41-yilini-kutladi\/#primaryimage"},"thumbnailUrl":"https:\/\/kuzeyinsesi.org\/wp-content\/uploads\/2024\/11\/ekran-goruntusu-2024-11-15-140809.png","articleSection":["T\u00fcrkiye"],"inLanguage":"tr","potentialAction":[{"@type":"CommentAction","name":"Comment","target":["https:\/\/kuzeyinsesi.org\/index.php\/2024\/11\/15\/turkiye-cumhurbaskanligi-kabinesi-uyeleri-kktcnin-kurulusunun-41-yilini-kutladi\/#respond"]}]},{"@type":"WebPage","@id":"https:\/\/kuzeyinsesi.org\/index.php\/2024\/11\/15\/turkiye-cumhurbaskanligi-kabinesi-uyeleri-kktcnin-kurulusunun-41-yilini-kutladi\/","url":"https:\/\/kuzeyinsesi.org\/index.php\/2024\/11\/15\/turkiye-cumhurbaskanligi-kabinesi-uyeleri-kktcnin-kurulusunun-41-yilini-kutladi\/","name":"T\u00fcrkiye Cumhurba\u015fkanl\u0131\u011f\u0131 Kabinesi \u00fcyeleri KKTC\u2019nin kurulu\u015funun 41. y\u0131l\u0131n\u0131 kutlad\u0131 - Kuzeyin Sesi","isPartOf":{"@id":"https:\/\/kuzeyinsesi.org\/#website"},"primaryImageOfPage":{"@id":"https:\/\/kuzeyinsesi.org\/index.php\/2024\/11\/15\/turkiye-cumhurbaskanligi-kabinesi-uyeleri-kktcnin-kurulusunun-41-yilini-kutladi\/#primaryimage"},"image":{"@id":"https:\/\/kuzeyinsesi.org\/index.php\/2024\/11\/15\/turkiye-cumhurbaskanligi-kabinesi-uyeleri-kktcnin-kurulusunun-41-yilini-kutladi\/#primaryimage"},"thumbnailUrl":"https:\/\/kuzeyinsesi.org\/wp-content\/uploads\/2024\/11\/ekran-goruntusu-2024-11-15-140809.png","datePublished":"2024-11-15T13:01:17+00:00","author":{"@id":"https:\/\/kuzeyinsesi.org\/#\/schema\/person\/9f859689cdf01485597712386e37f5aa"},"breadcrumb":{"@id":"https:\/\/kuzeyinsesi.org\/index.php\/2024\/11\/15\/turkiye-cumhurbaskanligi-kabinesi-uyeleri-kktcnin-kurulusunun-41-yilini-kutladi\/#breadcrumb"},"inLanguage":"tr","potentialAction":[{"@type":"ReadAction","target":["https:\/\/kuzeyinsesi.org\/index.php\/2024\/11\/15\/turkiye-cumhurbaskanligi-kabinesi-uyeleri-kktcnin-kurulusunun-41-yilini-kutladi\/"]}]},{"@type":"ImageObject","inLanguage":"tr","@id":"https:\/\/kuzeyinsesi.org\/index.php\/2024\/11\/15\/turkiye-cumhurbaskanligi-kabinesi-uyeleri-kktcnin-kurulusunun-41-yilini-kutladi\/#primaryimage","url":"https:\/\/kuzeyinsesi.org\/wp-content\/uploads\/2024\/11\/ekran-goruntusu-2024-11-15-140809.png","contentUrl":"https:\/\/kuzeyinsesi.org\/wp-content\/uploads\/2024\/11\/ekran-goruntusu-2024-11-15-140809.png","width":802,"height":515},{"@type":"BreadcrumbList","@id":"https:\/\/kuzeyinsesi.org\/index.php\/2024\/11\/15\/turkiye-cumhurbaskanligi-kabinesi-uyeleri-kktcnin-kurulusunun-41-yilini-kutladi\/#breadcrumb","itemListElement":[{"@type":"ListItem","position":1,"name":"Anasayfa","item":"https:\/\/kuzeyinsesi.org\/"},{"@type":"ListItem","position":2,"name":"T\u00fcrkiye Cumhurba\u015fkanl\u0131\u011f\u0131 Kabinesi \u00fcyeleri KKTC\u2019nin kurulu\u015funun 41. y\u0131l\u0131n\u0131 kutlad\u0131"}]},{"@type":"WebSite","@id":"https:\/\/kuzeyinsesi.org\/#website","url":"https:\/\/kuzeyinsesi.org\/","name":"Kuzeyin Sesi","description":"Do\u011fru Haberin Adresi","potentialAction":[{"@type":"SearchAction","target":{"@type":"EntryPoint","urlTemplate":"https:\/\/kuzeyinsesi.org\/?s={search_term_string}"},"query-input":{"@type":"PropertyValueSpecification","valueRequired":true,"valueName":"search_term_string"}}],"inLanguage":"tr"},{"@type":"Person","@id":"https:\/\/kuzeyinsesi.org\/#\/schema\/person\/9f859689cdf01485597712386e37f5aa","name":"Kuzeyin Sesi","image":{"@type":"ImageObject","inLanguage":"tr","@id":"https:\/\/secure.gravatar.com\/avatar\/bab33852abfd8b282518d6ed81826833d77c3c882d9ab608add591ccace47a44?s=96&d=mm&r=g","url":"https:\/\/secure.gravatar.com\/avatar\/bab33852abfd8b282518d6ed81826833d77c3c882d9ab608add591ccace47a44?s=96&d=mm&r=g","contentUrl":"https:\/\/secure.gravatar.com\/avatar\/bab33852abfd8b282518d6ed81826833d77c3c882d9ab608add591ccace47a44?s=96&d=mm&r=g","caption":"Kuzeyin Sesi"},"sameAs":["https:\/\/kuzeyinsesi.org"],"url":"https:\/\/kuzeyinsesi.org\/index.php\/author\/guven\/"}]}},"_links":{"self":[{"href":"https:\/\/kuzeyinsesi.org\/index.php\/wp-json\/wp\/v2\/posts\/13612","targetHints":{"allow":["GET"]}}],"collection":[{"href":"https:\/\/kuzeyinsesi.org\/index.php\/wp-json\/wp\/v2\/posts"}],"about":[{"href":"https:\/\/kuzeyinsesi.org\/index.php\/wp-json\/wp\/v2\/types\/post"}],"author":[{"embeddable":true,"href":"https:\/\/kuzeyinsesi.org\/index.php\/wp-json\/wp\/v2\/users\/1"}],"replies":[{"embeddable":true,"href":"https:\/\/kuzeyinsesi.org\/index.php\/wp-json\/wp\/v2\/comments?post=13612"}],"version-history":[{"count":0,"href":"https:\/\/kuzeyinsesi.org\/index.php\/wp-json\/wp\/v2\/posts\/13612\/revisions"}],"wp:featuredmedia":[{"embeddable":true,"href":"https:\/\/kuzeyinsesi.org\/index.php\/wp-json\/wp\/v2\/media\/13613"}],"wp:attachment":[{"href":"https:\/\/kuzeyinsesi.org\/index.php\/wp-json\/wp\/v2\/media?parent=13612"}],"wp:term":[{"taxonomy":"category","embeddable":true,"href":"https:\/\/kuzeyinsesi.org\/index.php\/wp-json\/wp\/v2\/categories?post=13612"},{"taxonomy":"post_tag","embeddable":true,"href":"https:\/\/kuzeyinsesi.org\/index.php\/wp-json\/wp\/v2\/tags?post=13612"}],"curies":[{"name":"wp","href":"https:\/\/api.w.org\/{rel}","templated":true}]}}