{"id":1361,"date":"2024-05-05T12:00:08","date_gmt":"2024-05-05T09:00:08","guid":{"rendered":"https:\/\/kuzeyinsesi.com\/index.php\/2024\/05\/05\/buyukkonuk-eko-gun-bugun-yapildi-bazi-etkinlikler-iptal-edildi\/"},"modified":"2024-05-05T12:00:08","modified_gmt":"2024-05-05T09:00:08","slug":"buyukkonuk-eko-gun-bugun-yapildi-bazi-etkinlikler-iptal-edildi","status":"publish","type":"post","link":"https:\/\/kuzeyinsesi.org\/index.php\/2024\/05\/05\/buyukkonuk-eko-gun-bugun-yapildi-bazi-etkinlikler-iptal-edildi\/","title":{"rendered":"B\u00fcy\u00fckkonuk Eko G\u00fcn bug\u00fcn yap\u0131ld\u0131, baz\u0131 etkinlikler iptal edildi"},"content":{"rendered":"<div>\n<div class=\"mariselle-image-container center\">\n                                            <\/div>\n<p>24\u2019\u00fcnc\u00fc B\u00fcy\u00fckkonuk Eko G\u00fcn etkinli\u011fi k\u00f6y meydan\u0131nda yap\u0131ld\u0131.<\/p>\n<p>Elveri\u015fsiz hava \u015fartlar\u0131 nedeniyle etkinlikler iptal edilirken, a\u00e7\u0131l\u0131\u015fta, konu\u015fmalar yap\u0131ld\u0131, kurulan standlarda geleneksel \u00fcr\u00fcnlerin sat\u0131\u015f\u0131 yap\u0131ld\u0131.<\/p>\n<p>\u00dclke k\u00fclt\u00fcr\u00fcn\u00fc ya\u015fatarak gelecek nesillere aktar\u0131lmas\u0131 amac\u0131yla unutulmaya y\u00fcz tutmu\u015f bir\u00e7ok gelenek, g\u00f6renek ve yiyecek ile i\u00e7ece\u011fin kat\u0131l\u0131mc\u0131larla bulu\u015fturuldu\u011fu B\u00fcy\u00fckkonuk Eko G\u00fcn etkinli\u011finin 24\u2019\u00fcnc\u00fcs\u00fc ger\u00e7ekle\u015ftirildi..<\/p>\n<p>Mehmet\u00e7ik B\u00fcy\u00fckkonuk Belediyesi ile B\u00fcy\u00fckkonuk Eko Turizm Derne\u011fi i\u015fbirli\u011finde geleneksel olarak d\u00fczenlenen eko g\u00fcn etkinli\u011fi k\u00f6y meydan\u0131nda yap\u0131ld\u0131.<\/p>\n<div class=\"mariselle-image-container center\">\n                <img decoding=\"async\" width=\"1080\" height=\"514\" class=\"lazy-image\" alt=\"\" sizes=\"(max-width: 1080px) 100vw, 1080px\" src=\"https:\/\/brtk.net\/wp-content\/uploads\/2024\/05\/05\/Screenshot_20240505_115148_Gallery.jpg?ver=636adfd162b4446022ef62acfd1ae9fd\" srcset=\"https:\/\/brtk.net\/wp-content\/uploads\/2024\/05\/05\/Screenshot_20240505_115148_Gallery.jpg?ver=636adfd162b4446022ef62acfd1ae9fd 1080w, https:\/\/brtk.net\/wp-content\/uploads\/2024\/05\/05\/Screenshot_20240505_115148_Gallery-300x143.jpg?ver=636adfd162b4446022ef62acfd1ae9fd 300w, https:\/\/brtk.net\/wp-content\/uploads\/2024\/05\/05\/Screenshot_20240505_115148_Gallery-1024x487.jpg?ver=145a7dea3d6004ae4972f6171738215e 1024w, https:\/\/brtk.net\/wp-content\/uploads\/2024\/05\/05\/Screenshot_20240505_115148_Gallery-768x366.jpg?ver=145a7dea3d6004ae4972f6171738215e 768w\"\/>                            <\/div>\n<p>Mehmet\u00e7ik B\u00fcy\u00fckkonuk Belediye Ba\u015fkan\u0131 Fatma \u00c7imen Tu\u011flu a\u00e7\u0131l\u0131\u015fta, \u00fclkenin ilk eko g\u00fcn etkinli\u011finin B\u00fcy\u00fckkonuk\u2019ta 2007 y\u0131l\u0131nda birka\u00e7 stant ile ba\u015flad\u0131\u011f\u0131n\u0131 an\u0131msatarak \u00fclke k\u00fclt\u00fcr\u00fcn\u00fc ya\u015fatarak gelecek nesillere aktar\u0131lmas\u0131n\u0131n \u00f6nemine de\u011findi.<\/p>\n<p>Ba\u015fbakan Yard\u0131mc\u0131s\u0131, Turizm, K\u00fclt\u00fcr, Gen\u00e7lik ve \u00c7evre Bakan\u0131 Fikri Atao\u011flu da b\u00f6ylesi etkinliklerin k\u00fclt\u00fcr\u00fc ya\u015fatman\u0131n yan\u0131 s\u0131ra b\u00f6lge halk\u0131na ekonomik anlamda katma de\u011fer sa\u011flad\u0131\u011f\u0131n\u0131 ifade etti.<\/p>\n<p>Ba\u015fbakan \u00dcnal \u00dcstel ise Eko G\u00fcn denildi\u011finde akla B\u00fcy\u00fckkonuk\u2019un geldi\u011fini kaydederek, B\u00fcy\u00fckkonuk denilince de akla \u00fcretimin geldi\u011fini s\u00f6yledi.<\/p>\n<p>Ya\u011fmurlu havadan dolay\u0131 Eko G\u00fcn etkinli\u011finin olumsuz etkilendi\u011fini de kaydeden Ba\u015fbakan \u00dcstel, b\u00f6lge halk\u0131n\u0131n \u00fcrettiklerini satmas\u0131 temennisinde bulundu.<\/p>\n<p>Cumhurba\u015fkan\u0131 Vekili Cumhuriyet Meclisi Ba\u015fkan\u0131 Zorlu T\u00f6re de festivallerin \u00fclke k\u00fclt\u00fcr\u00fcn\u00fcn ya\u015fat\u0131lmas\u0131na b\u00fcy\u00fck katk\u0131 sa\u011flad\u0131\u011f\u0131n\u0131 s\u00f6yledi.<\/p>\n<p>Konu\u015fmalar\u0131n ard\u0131ndan Eko G\u00fcn\u2019de yer alacak etkinlikler iptal edilirken sadece kurulan stantlarda sat\u0131\u015flar ger\u00e7ekle\u015ftirildi.<\/p>\n<\/p><\/div>\n<p><script async\n                    defer\n                    crossorigin=\"anonymous\"\n                    src=\"https:\/\/connect.facebook.net\/tr_TR\/sdk.js#xfbml=1&#038;version=v3.3\"\n            ><\/script><\/p>\n","protected":false},"excerpt":{"rendered":"<p>24\u2019\u00fcnc\u00fc B\u00fcy\u00fckkonuk Eko G\u00fcn etkinli\u011fi k\u00f6y meydan\u0131nda yap\u0131ld\u0131. Elveri\u015fsiz hava \u015fartlar\u0131 nedeniyle etkinlikler iptal edilirken, a\u00e7\u0131l\u0131\u015fta, konu\u015fmalar yap\u0131ld\u0131, kurulan standlarda geleneksel \u00fcr\u00fcnlerin sat\u0131\u015f\u0131 yap\u0131ld\u0131. \u00dclke k\u00fclt\u00fcr\u00fcn\u00fc ya\u015fatarak gelecek nesillere aktar\u0131lmas\u0131 amac\u0131yla unutulmaya y\u00fcz tutmu\u015f bir\u00e7ok gelenek, g\u00f6renek ve yiyecek ile i\u00e7ece\u011fin kat\u0131l\u0131mc\u0131larla bulu\u015fturuldu\u011fu B\u00fcy\u00fckkonuk Eko G\u00fcn etkinli\u011finin 24\u2019\u00fcnc\u00fcs\u00fc ger\u00e7ekle\u015ftirildi.. Mehmet\u00e7ik B\u00fcy\u00fckkonuk Belediyesi ile B\u00fcy\u00fckkonuk Eko [&hellip;]<\/p>\n","protected":false},"author":1,"featured_media":1362,"comment_status":"open","ping_status":"open","sticky":false,"template":"","format":"standard","meta":{"jnews-multi-image_gallery":[],"jnews_single_post":[],"jnews_primary_category":[],"jnews_social_meta":[],"jnews_override_counter":[],"footnotes":""},"categories":[6],"tags":[],"class_list":["post-1361","post","type-post","status-publish","format-standard","has-post-thumbnail","hentry","category-yasam"],"yoast_head":"<!-- This site is optimized with the Yoast SEO plugin v27.5 - https:\/\/yoast.com\/product\/yoast-seo-wordpress\/ -->\n<title>B\u00fcy\u00fckkonuk Eko G\u00fcn bug\u00fcn yap\u0131ld\u0131, baz\u0131 etkinlikler iptal edildi - Kuzeyin Sesi<\/title>\n<meta name=\"robots\" content=\"index, follow, max-snippet:-1, max-image-preview:large, max-video-preview:-1\" \/>\n<link rel=\"canonical\" href=\"https:\/\/kuzeyinsesi.org\/index.php\/2024\/05\/05\/buyukkonuk-eko-gun-bugun-yapildi-bazi-etkinlikler-iptal-edildi\/\" \/>\n<meta property=\"og:locale\" content=\"tr_TR\" \/>\n<meta property=\"og:type\" content=\"article\" \/>\n<meta property=\"og:title\" content=\"B\u00fcy\u00fckkonuk Eko G\u00fcn bug\u00fcn yap\u0131ld\u0131, baz\u0131 etkinlikler iptal edildi - Kuzeyin Sesi\" \/>\n<meta property=\"og:description\" content=\"24\u2019\u00fcnc\u00fc B\u00fcy\u00fckkonuk Eko G\u00fcn etkinli\u011fi k\u00f6y meydan\u0131nda yap\u0131ld\u0131. Elveri\u015fsiz hava \u015fartlar\u0131 nedeniyle etkinlikler iptal edilirken, a\u00e7\u0131l\u0131\u015fta, konu\u015fmalar yap\u0131ld\u0131, kurulan standlarda geleneksel \u00fcr\u00fcnlerin sat\u0131\u015f\u0131 yap\u0131ld\u0131. \u00dclke k\u00fclt\u00fcr\u00fcn\u00fc ya\u015fatarak gelecek nesillere aktar\u0131lmas\u0131 amac\u0131yla unutulmaya y\u00fcz tutmu\u015f bir\u00e7ok gelenek, g\u00f6renek ve yiyecek ile i\u00e7ece\u011fin kat\u0131l\u0131mc\u0131larla bulu\u015fturuldu\u011fu B\u00fcy\u00fckkonuk Eko G\u00fcn etkinli\u011finin 24\u2019\u00fcnc\u00fcs\u00fc ger\u00e7ekle\u015ftirildi.. Mehmet\u00e7ik B\u00fcy\u00fckkonuk Belediyesi ile B\u00fcy\u00fckkonuk Eko [&hellip;]\" \/>\n<meta property=\"og:url\" content=\"https:\/\/kuzeyinsesi.org\/index.php\/2024\/05\/05\/buyukkonuk-eko-gun-bugun-yapildi-bazi-etkinlikler-iptal-edildi\/\" \/>\n<meta property=\"og:site_name\" content=\"Kuzeyin Sesi\" \/>\n<meta property=\"article:publisher\" content=\"https:\/\/www.facebook.com\/kuzeyinsesii\" \/>\n<meta property=\"article:published_time\" content=\"2024-05-05T09:00:08+00:00\" \/>\n<meta property=\"og:image\" content=\"https:\/\/kuzeyinsesi.org\/wp-content\/uploads\/2024\/05\/InShot_20240505_114856224-scaled.jpg\" \/>\n\t<meta property=\"og:image:width\" content=\"2560\" \/>\n\t<meta property=\"og:image:height\" content=\"1439\" \/>\n\t<meta property=\"og:image:type\" content=\"image\/jpeg\" \/>\n<meta name=\"author\" content=\"Kuzeyin Sesi\" \/>\n<meta name=\"twitter:card\" content=\"summary_large_image\" \/>\n<meta name=\"twitter:creator\" content=\"@kuzeyinsesii\" \/>\n<meta name=\"twitter:site\" content=\"@kuzeyinsesii\" \/>\n<meta name=\"twitter:label1\" content=\"Yazan:\" \/>\n\t<meta name=\"twitter:data1\" content=\"Kuzeyin Sesi\" \/>\n\t<meta name=\"twitter:label2\" content=\"Tahmini okuma s\u00fcresi\" \/>\n\t<meta name=\"twitter:data2\" content=\"2 dakika\" \/>\n<script type=\"application\/ld+json\" class=\"yoast-schema-graph\">{\"@context\":\"https:\\\/\\\/schema.org\",\"@graph\":[{\"@type\":\"Article\",\"@id\":\"https:\\\/\\\/kuzeyinsesi.org\\\/index.php\\\/2024\\\/05\\\/05\\\/buyukkonuk-eko-gun-bugun-yapildi-bazi-etkinlikler-iptal-edildi\\\/#article\",\"isPartOf\":{\"@id\":\"https:\\\/\\\/kuzeyinsesi.org\\\/index.php\\\/2024\\\/05\\\/05\\\/buyukkonuk-eko-gun-bugun-yapildi-bazi-etkinlikler-iptal-edildi\\\/\"},\"author\":{\"name\":\"Kuzeyin Sesi\",\"@id\":\"https:\\\/\\\/kuzeyinsesi.org\\\/#\\\/schema\\\/person\\\/9f859689cdf01485597712386e37f5aa\"},\"headline\":\"B\u00fcy\u00fckkonuk Eko G\u00fcn bug\u00fcn yap\u0131ld\u0131, baz\u0131 etkinlikler iptal edildi\",\"datePublished\":\"2024-05-05T09:00:08+00:00\",\"mainEntityOfPage\":{\"@id\":\"https:\\\/\\\/kuzeyinsesi.org\\\/index.php\\\/2024\\\/05\\\/05\\\/buyukkonuk-eko-gun-bugun-yapildi-bazi-etkinlikler-iptal-edildi\\\/\"},\"wordCount\":337,\"commentCount\":0,\"image\":{\"@id\":\"https:\\\/\\\/kuzeyinsesi.org\\\/index.php\\\/2024\\\/05\\\/05\\\/buyukkonuk-eko-gun-bugun-yapildi-bazi-etkinlikler-iptal-edildi\\\/#primaryimage\"},\"thumbnailUrl\":\"https:\\\/\\\/kuzeyinsesi.org\\\/wp-content\\\/uploads\\\/2024\\\/05\\\/InShot_20240505_114856224-scaled.jpg\",\"articleSection\":[\"Ya\u015fam\"],\"inLanguage\":\"tr\",\"potentialAction\":[{\"@type\":\"CommentAction\",\"name\":\"Comment\",\"target\":[\"https:\\\/\\\/kuzeyinsesi.org\\\/index.php\\\/2024\\\/05\\\/05\\\/buyukkonuk-eko-gun-bugun-yapildi-bazi-etkinlikler-iptal-edildi\\\/#respond\"]}]},{\"@type\":\"WebPage\",\"@id\":\"https:\\\/\\\/kuzeyinsesi.org\\\/index.php\\\/2024\\\/05\\\/05\\\/buyukkonuk-eko-gun-bugun-yapildi-bazi-etkinlikler-iptal-edildi\\\/\",\"url\":\"https:\\\/\\\/kuzeyinsesi.org\\\/index.php\\\/2024\\\/05\\\/05\\\/buyukkonuk-eko-gun-bugun-yapildi-bazi-etkinlikler-iptal-edildi\\\/\",\"name\":\"B\u00fcy\u00fckkonuk Eko G\u00fcn bug\u00fcn yap\u0131ld\u0131, baz\u0131 etkinlikler iptal edildi - Kuzeyin Sesi\",\"isPartOf\":{\"@id\":\"https:\\\/\\\/kuzeyinsesi.org\\\/#website\"},\"primaryImageOfPage\":{\"@id\":\"https:\\\/\\\/kuzeyinsesi.org\\\/index.php\\\/2024\\\/05\\\/05\\\/buyukkonuk-eko-gun-bugun-yapildi-bazi-etkinlikler-iptal-edildi\\\/#primaryimage\"},\"image\":{\"@id\":\"https:\\\/\\\/kuzeyinsesi.org\\\/index.php\\\/2024\\\/05\\\/05\\\/buyukkonuk-eko-gun-bugun-yapildi-bazi-etkinlikler-iptal-edildi\\\/#primaryimage\"},\"thumbnailUrl\":\"https:\\\/\\\/kuzeyinsesi.org\\\/wp-content\\\/uploads\\\/2024\\\/05\\\/InShot_20240505_114856224-scaled.jpg\",\"datePublished\":\"2024-05-05T09:00:08+00:00\",\"author\":{\"@id\":\"https:\\\/\\\/kuzeyinsesi.org\\\/#\\\/schema\\\/person\\\/9f859689cdf01485597712386e37f5aa\"},\"breadcrumb\":{\"@id\":\"https:\\\/\\\/kuzeyinsesi.org\\\/index.php\\\/2024\\\/05\\\/05\\\/buyukkonuk-eko-gun-bugun-yapildi-bazi-etkinlikler-iptal-edildi\\\/#breadcrumb\"},\"inLanguage\":\"tr\",\"potentialAction\":[{\"@type\":\"ReadAction\",\"target\":[\"https:\\\/\\\/kuzeyinsesi.org\\\/index.php\\\/2024\\\/05\\\/05\\\/buyukkonuk-eko-gun-bugun-yapildi-bazi-etkinlikler-iptal-edildi\\\/\"]}]},{\"@type\":\"ImageObject\",\"inLanguage\":\"tr\",\"@id\":\"https:\\\/\\\/kuzeyinsesi.org\\\/index.php\\\/2024\\\/05\\\/05\\\/buyukkonuk-eko-gun-bugun-yapildi-bazi-etkinlikler-iptal-edildi\\\/#primaryimage\",\"url\":\"https:\\\/\\\/kuzeyinsesi.org\\\/wp-content\\\/uploads\\\/2024\\\/05\\\/InShot_20240505_114856224-scaled.jpg\",\"contentUrl\":\"https:\\\/\\\/kuzeyinsesi.org\\\/wp-content\\\/uploads\\\/2024\\\/05\\\/InShot_20240505_114856224-scaled.jpg\",\"width\":2560,\"height\":1439},{\"@type\":\"BreadcrumbList\",\"@id\":\"https:\\\/\\\/kuzeyinsesi.org\\\/index.php\\\/2024\\\/05\\\/05\\\/buyukkonuk-eko-gun-bugun-yapildi-bazi-etkinlikler-iptal-edildi\\\/#breadcrumb\",\"itemListElement\":[{\"@type\":\"ListItem\",\"position\":1,\"name\":\"Anasayfa\",\"item\":\"https:\\\/\\\/kuzeyinsesi.org\\\/\"},{\"@type\":\"ListItem\",\"position\":2,\"name\":\"B\u00fcy\u00fckkonuk Eko G\u00fcn bug\u00fcn yap\u0131ld\u0131, baz\u0131 etkinlikler iptal edildi\"}]},{\"@type\":\"WebSite\",\"@id\":\"https:\\\/\\\/kuzeyinsesi.org\\\/#website\",\"url\":\"https:\\\/\\\/kuzeyinsesi.org\\\/\",\"name\":\"Kuzeyin Sesi\",\"description\":\"Do\u011fru Haberin Adresi\",\"potentialAction\":[{\"@type\":\"SearchAction\",\"target\":{\"@type\":\"EntryPoint\",\"urlTemplate\":\"https:\\\/\\\/kuzeyinsesi.org\\\/?s={search_term_string}\"},\"query-input\":{\"@type\":\"PropertyValueSpecification\",\"valueRequired\":true,\"valueName\":\"search_term_string\"}}],\"inLanguage\":\"tr\"},{\"@type\":\"Person\",\"@id\":\"https:\\\/\\\/kuzeyinsesi.org\\\/#\\\/schema\\\/person\\\/9f859689cdf01485597712386e37f5aa\",\"name\":\"Kuzeyin Sesi\",\"image\":{\"@type\":\"ImageObject\",\"inLanguage\":\"tr\",\"@id\":\"https:\\\/\\\/secure.gravatar.com\\\/avatar\\\/bab33852abfd8b282518d6ed81826833d77c3c882d9ab608add591ccace47a44?s=96&d=mm&r=g\",\"url\":\"https:\\\/\\\/secure.gravatar.com\\\/avatar\\\/bab33852abfd8b282518d6ed81826833d77c3c882d9ab608add591ccace47a44?s=96&d=mm&r=g\",\"contentUrl\":\"https:\\\/\\\/secure.gravatar.com\\\/avatar\\\/bab33852abfd8b282518d6ed81826833d77c3c882d9ab608add591ccace47a44?s=96&d=mm&r=g\",\"caption\":\"Kuzeyin Sesi\"},\"sameAs\":[\"https:\\\/\\\/kuzeyinsesi.org\"],\"url\":\"https:\\\/\\\/kuzeyinsesi.org\\\/index.php\\\/author\\\/guven\\\/\"}]}<\/script>\n<!-- \/ Yoast SEO plugin. -->","yoast_head_json":{"title":"B\u00fcy\u00fckkonuk Eko G\u00fcn bug\u00fcn yap\u0131ld\u0131, baz\u0131 etkinlikler iptal edildi - Kuzeyin Sesi","robots":{"index":"index","follow":"follow","max-snippet":"max-snippet:-1","max-image-preview":"max-image-preview:large","max-video-preview":"max-video-preview:-1"},"canonical":"https:\/\/kuzeyinsesi.org\/index.php\/2024\/05\/05\/buyukkonuk-eko-gun-bugun-yapildi-bazi-etkinlikler-iptal-edildi\/","og_locale":"tr_TR","og_type":"article","og_title":"B\u00fcy\u00fckkonuk Eko G\u00fcn bug\u00fcn yap\u0131ld\u0131, baz\u0131 etkinlikler iptal edildi - Kuzeyin Sesi","og_description":"24\u2019\u00fcnc\u00fc B\u00fcy\u00fckkonuk Eko G\u00fcn etkinli\u011fi k\u00f6y meydan\u0131nda yap\u0131ld\u0131. Elveri\u015fsiz hava \u015fartlar\u0131 nedeniyle etkinlikler iptal edilirken, a\u00e7\u0131l\u0131\u015fta, konu\u015fmalar yap\u0131ld\u0131, kurulan standlarda geleneksel \u00fcr\u00fcnlerin sat\u0131\u015f\u0131 yap\u0131ld\u0131. \u00dclke k\u00fclt\u00fcr\u00fcn\u00fc ya\u015fatarak gelecek nesillere aktar\u0131lmas\u0131 amac\u0131yla unutulmaya y\u00fcz tutmu\u015f bir\u00e7ok gelenek, g\u00f6renek ve yiyecek ile i\u00e7ece\u011fin kat\u0131l\u0131mc\u0131larla bulu\u015fturuldu\u011fu B\u00fcy\u00fckkonuk Eko G\u00fcn etkinli\u011finin 24\u2019\u00fcnc\u00fcs\u00fc ger\u00e7ekle\u015ftirildi.. Mehmet\u00e7ik B\u00fcy\u00fckkonuk Belediyesi ile B\u00fcy\u00fckkonuk Eko [&hellip;]","og_url":"https:\/\/kuzeyinsesi.org\/index.php\/2024\/05\/05\/buyukkonuk-eko-gun-bugun-yapildi-bazi-etkinlikler-iptal-edildi\/","og_site_name":"Kuzeyin Sesi","article_publisher":"https:\/\/www.facebook.com\/kuzeyinsesii","article_published_time":"2024-05-05T09:00:08+00:00","og_image":[{"width":2560,"height":1439,"url":"https:\/\/kuzeyinsesi.org\/wp-content\/uploads\/2024\/05\/InShot_20240505_114856224-scaled.jpg","type":"image\/jpeg"}],"author":"Kuzeyin Sesi","twitter_card":"summary_large_image","twitter_creator":"@kuzeyinsesii","twitter_site":"@kuzeyinsesii","twitter_misc":{"Yazan:":"Kuzeyin Sesi","Tahmini okuma s\u00fcresi":"2 dakika"},"schema":{"@context":"https:\/\/schema.org","@graph":[{"@type":"Article","@id":"https:\/\/kuzeyinsesi.org\/index.php\/2024\/05\/05\/buyukkonuk-eko-gun-bugun-yapildi-bazi-etkinlikler-iptal-edildi\/#article","isPartOf":{"@id":"https:\/\/kuzeyinsesi.org\/index.php\/2024\/05\/05\/buyukkonuk-eko-gun-bugun-yapildi-bazi-etkinlikler-iptal-edildi\/"},"author":{"name":"Kuzeyin Sesi","@id":"https:\/\/kuzeyinsesi.org\/#\/schema\/person\/9f859689cdf01485597712386e37f5aa"},"headline":"B\u00fcy\u00fckkonuk Eko G\u00fcn bug\u00fcn yap\u0131ld\u0131, baz\u0131 etkinlikler iptal edildi","datePublished":"2024-05-05T09:00:08+00:00","mainEntityOfPage":{"@id":"https:\/\/kuzeyinsesi.org\/index.php\/2024\/05\/05\/buyukkonuk-eko-gun-bugun-yapildi-bazi-etkinlikler-iptal-edildi\/"},"wordCount":337,"commentCount":0,"image":{"@id":"https:\/\/kuzeyinsesi.org\/index.php\/2024\/05\/05\/buyukkonuk-eko-gun-bugun-yapildi-bazi-etkinlikler-iptal-edildi\/#primaryimage"},"thumbnailUrl":"https:\/\/kuzeyinsesi.org\/wp-content\/uploads\/2024\/05\/InShot_20240505_114856224-scaled.jpg","articleSection":["Ya\u015fam"],"inLanguage":"tr","potentialAction":[{"@type":"CommentAction","name":"Comment","target":["https:\/\/kuzeyinsesi.org\/index.php\/2024\/05\/05\/buyukkonuk-eko-gun-bugun-yapildi-bazi-etkinlikler-iptal-edildi\/#respond"]}]},{"@type":"WebPage","@id":"https:\/\/kuzeyinsesi.org\/index.php\/2024\/05\/05\/buyukkonuk-eko-gun-bugun-yapildi-bazi-etkinlikler-iptal-edildi\/","url":"https:\/\/kuzeyinsesi.org\/index.php\/2024\/05\/05\/buyukkonuk-eko-gun-bugun-yapildi-bazi-etkinlikler-iptal-edildi\/","name":"B\u00fcy\u00fckkonuk Eko G\u00fcn bug\u00fcn yap\u0131ld\u0131, baz\u0131 etkinlikler iptal edildi - Kuzeyin Sesi","isPartOf":{"@id":"https:\/\/kuzeyinsesi.org\/#website"},"primaryImageOfPage":{"@id":"https:\/\/kuzeyinsesi.org\/index.php\/2024\/05\/05\/buyukkonuk-eko-gun-bugun-yapildi-bazi-etkinlikler-iptal-edildi\/#primaryimage"},"image":{"@id":"https:\/\/kuzeyinsesi.org\/index.php\/2024\/05\/05\/buyukkonuk-eko-gun-bugun-yapildi-bazi-etkinlikler-iptal-edildi\/#primaryimage"},"thumbnailUrl":"https:\/\/kuzeyinsesi.org\/wp-content\/uploads\/2024\/05\/InShot_20240505_114856224-scaled.jpg","datePublished":"2024-05-05T09:00:08+00:00","author":{"@id":"https:\/\/kuzeyinsesi.org\/#\/schema\/person\/9f859689cdf01485597712386e37f5aa"},"breadcrumb":{"@id":"https:\/\/kuzeyinsesi.org\/index.php\/2024\/05\/05\/buyukkonuk-eko-gun-bugun-yapildi-bazi-etkinlikler-iptal-edildi\/#breadcrumb"},"inLanguage":"tr","potentialAction":[{"@type":"ReadAction","target":["https:\/\/kuzeyinsesi.org\/index.php\/2024\/05\/05\/buyukkonuk-eko-gun-bugun-yapildi-bazi-etkinlikler-iptal-edildi\/"]}]},{"@type":"ImageObject","inLanguage":"tr","@id":"https:\/\/kuzeyinsesi.org\/index.php\/2024\/05\/05\/buyukkonuk-eko-gun-bugun-yapildi-bazi-etkinlikler-iptal-edildi\/#primaryimage","url":"https:\/\/kuzeyinsesi.org\/wp-content\/uploads\/2024\/05\/InShot_20240505_114856224-scaled.jpg","contentUrl":"https:\/\/kuzeyinsesi.org\/wp-content\/uploads\/2024\/05\/InShot_20240505_114856224-scaled.jpg","width":2560,"height":1439},{"@type":"BreadcrumbList","@id":"https:\/\/kuzeyinsesi.org\/index.php\/2024\/05\/05\/buyukkonuk-eko-gun-bugun-yapildi-bazi-etkinlikler-iptal-edildi\/#breadcrumb","itemListElement":[{"@type":"ListItem","position":1,"name":"Anasayfa","item":"https:\/\/kuzeyinsesi.org\/"},{"@type":"ListItem","position":2,"name":"B\u00fcy\u00fckkonuk Eko G\u00fcn bug\u00fcn yap\u0131ld\u0131, baz\u0131 etkinlikler iptal edildi"}]},{"@type":"WebSite","@id":"https:\/\/kuzeyinsesi.org\/#website","url":"https:\/\/kuzeyinsesi.org\/","name":"Kuzeyin Sesi","description":"Do\u011fru Haberin Adresi","potentialAction":[{"@type":"SearchAction","target":{"@type":"EntryPoint","urlTemplate":"https:\/\/kuzeyinsesi.org\/?s={search_term_string}"},"query-input":{"@type":"PropertyValueSpecification","valueRequired":true,"valueName":"search_term_string"}}],"inLanguage":"tr"},{"@type":"Person","@id":"https:\/\/kuzeyinsesi.org\/#\/schema\/person\/9f859689cdf01485597712386e37f5aa","name":"Kuzeyin Sesi","image":{"@type":"ImageObject","inLanguage":"tr","@id":"https:\/\/secure.gravatar.com\/avatar\/bab33852abfd8b282518d6ed81826833d77c3c882d9ab608add591ccace47a44?s=96&d=mm&r=g","url":"https:\/\/secure.gravatar.com\/avatar\/bab33852abfd8b282518d6ed81826833d77c3c882d9ab608add591ccace47a44?s=96&d=mm&r=g","contentUrl":"https:\/\/secure.gravatar.com\/avatar\/bab33852abfd8b282518d6ed81826833d77c3c882d9ab608add591ccace47a44?s=96&d=mm&r=g","caption":"Kuzeyin Sesi"},"sameAs":["https:\/\/kuzeyinsesi.org"],"url":"https:\/\/kuzeyinsesi.org\/index.php\/author\/guven\/"}]}},"_links":{"self":[{"href":"https:\/\/kuzeyinsesi.org\/index.php\/wp-json\/wp\/v2\/posts\/1361","targetHints":{"allow":["GET"]}}],"collection":[{"href":"https:\/\/kuzeyinsesi.org\/index.php\/wp-json\/wp\/v2\/posts"}],"about":[{"href":"https:\/\/kuzeyinsesi.org\/index.php\/wp-json\/wp\/v2\/types\/post"}],"author":[{"embeddable":true,"href":"https:\/\/kuzeyinsesi.org\/index.php\/wp-json\/wp\/v2\/users\/1"}],"replies":[{"embeddable":true,"href":"https:\/\/kuzeyinsesi.org\/index.php\/wp-json\/wp\/v2\/comments?post=1361"}],"version-history":[{"count":0,"href":"https:\/\/kuzeyinsesi.org\/index.php\/wp-json\/wp\/v2\/posts\/1361\/revisions"}],"wp:featuredmedia":[{"embeddable":true,"href":"https:\/\/kuzeyinsesi.org\/index.php\/wp-json\/wp\/v2\/media\/1362"}],"wp:attachment":[{"href":"https:\/\/kuzeyinsesi.org\/index.php\/wp-json\/wp\/v2\/media?parent=1361"}],"wp:term":[{"taxonomy":"category","embeddable":true,"href":"https:\/\/kuzeyinsesi.org\/index.php\/wp-json\/wp\/v2\/categories?post=1361"},{"taxonomy":"post_tag","embeddable":true,"href":"https:\/\/kuzeyinsesi.org\/index.php\/wp-json\/wp\/v2\/tags?post=1361"}],"curies":[{"name":"wp","href":"https:\/\/api.w.org\/{rel}","templated":true}]}}