{"id":13552,"date":"2024-11-14T21:03:00","date_gmt":"2024-11-14T19:03:00","guid":{"rendered":"https:\/\/kuzeyinsesi.org\/index.php\/2024\/11\/14\/bu-kadar-yillik-tecrubeden-ve-gelismeden-sonra-kibris-adasinda-iki-toplumlu-bir-secenekten-baska-hicbir-secim-yolu-kalmamistir-kibris-turk-cumhuriyeti-vardir-ve-kiyamete-kadar-var-o\/"},"modified":"2024-11-14T21:03:00","modified_gmt":"2024-11-14T19:03:00","slug":"bu-kadar-yillik-tecrubeden-ve-gelismeden-sonra-kibris-adasinda-iki-toplumlu-bir-secenekten-baska-hicbir-secim-yolu-kalmamistir-kibris-turk-cumhuriyeti-vardir-ve-kiyamete-kadar-var-o","status":"publish","type":"post","link":"https:\/\/kuzeyinsesi.org\/index.php\/2024\/11\/14\/bu-kadar-yillik-tecrubeden-ve-gelismeden-sonra-kibris-adasinda-iki-toplumlu-bir-secenekten-baska-hicbir-secim-yolu-kalmamistir-kibris-turk-cumhuriyeti-vardir-ve-kiyamete-kadar-var-o\/","title":{"rendered":"\u201cBu kadar y\u0131ll\u0131k tecr\u00fcbeden ve geli\u015fmeden sonra K\u0131br\u0131s Adas\u0131\u2019nda iki toplumlu bir se\u00e7enekten ba\u015fka hi\u00e7bir se\u00e7im yolu kalmam\u0131\u015ft\u0131r. K\u0131br\u0131s T\u00fcrk Cumhuriyeti vard\u0131r ve k\u0131yamete kadar var olmaya devam edecektir\u201d"},"content":{"rendered":"<div>\n<div class=\"mariselle-image-container center\">\n                                            <\/div>\n<p>TBMM Ba\u015fkan\u0131 Numan Kurtulmu\u015f, \u201cBu kadar y\u0131ll\u0131k tecr\u00fcbeden ve geli\u015fmeden sonra K\u0131br\u0131s Adas\u0131\u2019nda iki toplumlu bir se\u00e7enekten ba\u015fka hi\u00e7bir se\u00e7im yolu kalmam\u0131\u015ft\u0131r. K\u0131br\u0131s T\u00fcrk Cumhuriyeti vard\u0131r ve k\u0131yamete kadar var olmaya devam edecektir.\u201d dedi.<\/p>\n<p>Kurtulmu\u015f, Kuzey K\u0131br\u0131s T\u00fcrk Cumhuriyeti\u2019nin (KKTC) Ankara B\u00fcy\u00fckel\u00e7ili\u011fi taraf\u0131ndan KKTC\u2019nin kurulu\u015funun 41\u2019inci y\u0131l d\u00f6n\u00fcm\u00fc dolay\u0131s\u0131yla d\u00fczenlenen resepsiyonda yapt\u0131\u011f\u0131 konu\u015fmada, KKTC\u2019nin milli g\u00fcn\u00fc dolay\u0131s\u0131yla K\u0131br\u0131s T\u00fcrkleri\u2019ni tebrik etti.<\/p>\n<p>TBMM Ba\u015fkan\u0131 Kurtulmu\u015f, K\u0131br\u0131s\u2019\u0131n ba\u011f\u0131ms\u0131zl\u0131k m\u00fccadelesinin liderleri Faz\u0131l K\u00fc\u00e7\u00fck ve Rauf Denkta\u015f\u2019\u0131, 20 Temmuz Bar\u0131\u015f Harekat\u0131\u2019n\u0131n ba\u015flat\u0131lmas\u0131nda emirleri ve kararl\u0131l\u0131\u011f\u0131yla tarihi bir ad\u0131m\u0131n at\u0131lmas\u0131na vesile olan d\u00f6nemin ba\u015fbakan\u0131 B\u00fclent Ecevit, d\u00f6nemin ba\u015fbakan yard\u0131mc\u0131s\u0131 Necmettin Erbakan ve d\u00f6nemin genelkurmay ba\u015fkan\u0131 Orgeneral Semih Sancar\u2019\u0131 rahmet, minnet ve \u015f\u00fckranla yad etti\u011fini s\u00f6yledi.<br \/>K<br \/>KKTC\u2019nin ilan\u0131n\u0131n \u00fczerinden 41 sene ge\u00e7ti\u011fini, art\u0131k KKTC\u2019nin yerle\u015fmi\u015f, k\u00f6kle\u015fmi\u015f, kendisini d\u00fcnyaya ispat etmi\u015f ve \u00f6nemli mesafeler katetmi\u015f olan bir cumhuriyet oldu\u011funu vurgulayan Kurtulmu\u015f, s\u00f6zlerini \u015f\u00f6yle s\u00fcrd\u00fcrd\u00fc:<\/p>\n<p>\u201cBu 41 y\u0131ll\u0131k s\u00fcre i\u00e7erisinde \u00e7ok \u00f6nemli badireler atlat\u0131ld\u0131, \u00e7ok b\u00fcy\u00fck zorluklardan ge\u00e7ildi. Bu s\u00fcre i\u00e7erisinde Ada\u2019da bar\u0131\u015f i\u00e7inde ya\u015fama niyetini ortaya koyan, bu ad\u0131mlar\u0131n at\u0131lmas\u0131 i\u00e7in her t\u00fcrl\u00fc fedakarl\u0131\u011f\u0131 yapan K\u0131br\u0131s T\u00fcrkleri olmu\u015ftur. Ama buna mukabil maalesef ba\u015fta Avrupa \u00fclkeleri olmak \u00fczere baz\u0131 \u00e7evreler, Kuzey K\u0131br\u0131s T\u00fcrk Cumhuriyeti\u2019ni s\u00fcrekli cezaland\u0131rmak, K\u0131br\u0131s T\u00fcrkleri\u2019ni de bu olumlu tav\u0131rlar\u0131na ra\u011fmen uluslararas\u0131 alanda \u00f6tekile\u015ftirme yolunu tercih etmi\u015flerdir. \u015eunu a\u00e7\u0131k\u00e7a ifade etmek isterim ki art\u0131k bu kadar y\u0131ll\u0131k tecr\u00fcbeden ve geli\u015fmeden sonra K\u0131br\u0131s Adas\u0131\u2019nda iki toplumlu bir se\u00e7enekten ba\u015fka hi\u00e7bir se\u00e7im yolu kalmam\u0131\u015ft\u0131r. K\u0131br\u0131s T\u00fcrk Cumhuriyeti vard\u0131r ve k\u0131yamete kadar var olmaya devam edecektir. T\u00fcrkiye Cumhuriyeti Devleti olarak da elimizdeki b\u00fct\u00fcn imkanlarla Kuzey K\u0131br\u0131s T\u00fcrk Cumhuriyeti\u2019nin her alanda savunulmas\u0131, K\u0131br\u0131sl\u0131 soyda\u015flar\u0131m\u0131z\u0131n her t\u00fcrl\u00fc hak ve hukukunun teminat alt\u0131na al\u0131nmas\u0131 i\u00e7in d\u00fcn oldu\u011fu gibi bug\u00fcn de m\u00fccadelemizi s\u00fcrd\u00fcrece\u011fiz.\u201d<\/p>\n<p>Gazze\u2019de ya\u015fananlar\u0131 g\u00f6rd\u00fckten sonra 20 Temmuz kutlu Bar\u0131\u015f Harekat\u0131\u2019n\u0131n ni\u00e7in yap\u0131ld\u0131\u011f\u0131n\u0131 \u015fimdi \u00e7ok daha iyi anlad\u0131klar\u0131n\u0131 dile getiren Kurtulmu\u015f, \u201cGazze\u2019de ya\u015fananlar\u0131 g\u00f6rd\u00fckten sonra T\u00fcrkiye\u2019nin garant\u00f6rl\u00fc\u011f\u00fcn\u00fcn ne kadar \u00f6nemli bir ad\u0131m oldu\u011funu \u00e7ok daha iyi anl\u0131yoruz. T\u00fcrkiye, bu anlamda Kuzey K\u0131br\u0131s\u2019taki karde\u015flerimizin hak ve hukukunu korumaya devam edecektir.\u201d \u015feklinde konu\u015ftu.<\/p>\n<p>Numan Kurtulmu\u015f, Ada\u2019da fiili olarak iki devletin bulundu\u011funu, g\u00fcneydeki entiteyi bir \u015fekilde K\u0131br\u0131s\u2019\u0131n tamam\u0131n\u0131n temsilcisi olarak sayman\u0131n hak, hukuk ve akla ayk\u0131r\u0131 oldu\u011funu vurgulad\u0131.<\/p>\n<p>Bu iki devletin varl\u0131\u011f\u0131n\u0131 kabul etmenin ve bar\u0131\u015f i\u00e7erisinde bir arada ya\u015fayabilece\u011fi g\u00f6stermenin K\u0131br\u0131s T\u00fcrk Devleti\u2019nin en \u00f6nemli sorumluluklar\u0131ndan birisi oldu\u011funu ifade eden Kurtulmu\u015f, \u015funlar\u0131 kaydetti:<\/p>\n<p>\u201cT\u00fcrkiye olarak iki devletli \u00e7\u00f6z\u00fcmden ba\u015fka bir yol olmad\u0131\u011f\u0131n\u0131 ve K\u0131br\u0131s T\u00fcrk Devleti\u2019nin giderek daha fazla g\u00fc\u00e7lenmesi, uluslararas\u0131 alanda tan\u0131n\u0131rl\u0131\u011f\u0131n\u0131n artt\u0131r\u0131lmas\u0131 i\u00e7in gayretle m\u00fccadelemize devam edece\u011fiz. Ya\u015fas\u0131n Kuzey K\u0131br\u0131s T\u00fcrk Cumhuriyeti ve T\u00fcrkiye Cumhuriyeti Devleti\u2019nin k\u0131yamete kadar olacak birlikteli\u011fi, karde\u015fli\u011fi, dostlu\u011fu. \u0130n\u015fallah \u00f6n\u00fcm\u00fczdeki g\u00fcnlerde K\u0131br\u0131s T\u00fcrk Devleti\u2019nin her alanda \u00e7ok daha fazla tan\u0131n\u0131r hale geldi\u011fini g\u00f6rece\u011fiz. Bunun sonu\u00e7lar\u0131n\u0131n da ne anlama geldi\u011fini hep beraber g\u00f6rece\u011fiz. Bu u\u011furda m\u00fccadeleye devam edece\u011fiz. Bu vesileyle T\u00fcrkiye Cumhuriyeti Devleti ve T\u00fcrkiye\u2019deki 85 milyon T\u00fcrkiye Cumhuriyeti vatanda\u015f\u0131 ad\u0131na K\u0131br\u0131sl\u0131 soyda\u015flar\u0131m\u0131za bu milli g\u00fcnleri dolay\u0131s\u0131yla tebriklerimizi ifade ediyorum, K\u0131br\u0131s T\u00fcrk halk\u0131n\u0131n k\u0131yamete kadar ba\u011f\u0131ms\u0131z g\u00fc\u00e7l\u00fc bir devletin yurtta\u015flar\u0131 olarak ya\u015fayacaklar\u0131na y\u00fcrekten inan\u0131yorum.\u201d<\/p>\n<\/p><\/div>\n<p><script async\n                    defer\n                    crossorigin=\"anonymous\"\n                    src=\"https:\/\/connect.facebook.net\/tr_TR\/sdk.js#xfbml=1&#038;version=v3.3\"\n            ><\/script><\/p>\n","protected":false},"excerpt":{"rendered":"<p>TBMM Ba\u015fkan\u0131 Numan Kurtulmu\u015f, \u201cBu kadar y\u0131ll\u0131k tecr\u00fcbeden ve geli\u015fmeden sonra K\u0131br\u0131s Adas\u0131\u2019nda iki toplumlu bir se\u00e7enekten ba\u015fka hi\u00e7bir se\u00e7im yolu kalmam\u0131\u015ft\u0131r. K\u0131br\u0131s T\u00fcrk Cumhuriyeti vard\u0131r ve k\u0131yamete kadar var olmaya devam edecektir.\u201d dedi. Kurtulmu\u015f, Kuzey K\u0131br\u0131s T\u00fcrk Cumhuriyeti\u2019nin (KKTC) Ankara B\u00fcy\u00fckel\u00e7ili\u011fi taraf\u0131ndan KKTC\u2019nin kurulu\u015funun 41\u2019inci y\u0131l d\u00f6n\u00fcm\u00fc dolay\u0131s\u0131yla d\u00fczenlenen resepsiyonda yapt\u0131\u011f\u0131 konu\u015fmada, KKTC\u2019nin milli [&hellip;]<\/p>\n","protected":false},"author":1,"featured_media":13553,"comment_status":"open","ping_status":"open","sticky":false,"template":"","format":"standard","meta":{"jnews-multi-image_gallery":[],"jnews_single_post":[],"jnews_primary_category":[],"jnews_social_meta":[],"jnews_override_counter":[],"footnotes":""},"categories":[5],"tags":[],"class_list":["post-13552","post","type-post","status-publish","format-standard","has-post-thumbnail","hentry","category-turkiye"],"yoast_head":"<!-- This site is optimized with the Yoast SEO plugin v27.4 - https:\/\/yoast.com\/product\/yoast-seo-wordpress\/ -->\n<title>\u201cBu kadar y\u0131ll\u0131k tecr\u00fcbeden ve geli\u015fmeden sonra K\u0131br\u0131s Adas\u0131\u2019nda iki toplumlu bir se\u00e7enekten ba\u015fka hi\u00e7bir se\u00e7im yolu kalmam\u0131\u015ft\u0131r. K\u0131br\u0131s T\u00fcrk Cumhuriyeti vard\u0131r ve k\u0131yamete kadar var olmaya devam edecektir\u201d - Kuzeyin Sesi<\/title>\n<meta name=\"robots\" content=\"index, follow, max-snippet:-1, max-image-preview:large, max-video-preview:-1\" \/>\n<link rel=\"canonical\" href=\"https:\/\/kuzeyinsesi.org\/index.php\/2024\/11\/14\/bu-kadar-yillik-tecrubeden-ve-gelismeden-sonra-kibris-adasinda-iki-toplumlu-bir-secenekten-baska-hicbir-secim-yolu-kalmamistir-kibris-turk-cumhuriyeti-vardir-ve-kiyamete-kadar-var-o\/\" \/>\n<meta property=\"og:locale\" content=\"tr_TR\" \/>\n<meta property=\"og:type\" content=\"article\" \/>\n<meta property=\"og:title\" content=\"\u201cBu kadar y\u0131ll\u0131k tecr\u00fcbeden ve geli\u015fmeden sonra K\u0131br\u0131s Adas\u0131\u2019nda iki toplumlu bir se\u00e7enekten ba\u015fka hi\u00e7bir se\u00e7im yolu kalmam\u0131\u015ft\u0131r. K\u0131br\u0131s T\u00fcrk Cumhuriyeti vard\u0131r ve k\u0131yamete kadar var olmaya devam edecektir\u201d - Kuzeyin Sesi\" \/>\n<meta property=\"og:description\" content=\"TBMM Ba\u015fkan\u0131 Numan Kurtulmu\u015f, \u201cBu kadar y\u0131ll\u0131k tecr\u00fcbeden ve geli\u015fmeden sonra K\u0131br\u0131s Adas\u0131\u2019nda iki toplumlu bir se\u00e7enekten ba\u015fka hi\u00e7bir se\u00e7im yolu kalmam\u0131\u015ft\u0131r. K\u0131br\u0131s T\u00fcrk Cumhuriyeti vard\u0131r ve k\u0131yamete kadar var olmaya devam edecektir.\u201d dedi. Kurtulmu\u015f, Kuzey K\u0131br\u0131s T\u00fcrk Cumhuriyeti\u2019nin (KKTC) Ankara B\u00fcy\u00fckel\u00e7ili\u011fi taraf\u0131ndan KKTC\u2019nin kurulu\u015funun 41\u2019inci y\u0131l d\u00f6n\u00fcm\u00fc dolay\u0131s\u0131yla d\u00fczenlenen resepsiyonda yapt\u0131\u011f\u0131 konu\u015fmada, KKTC\u2019nin milli [&hellip;]\" \/>\n<meta property=\"og:url\" content=\"https:\/\/kuzeyinsesi.org\/index.php\/2024\/11\/14\/bu-kadar-yillik-tecrubeden-ve-gelismeden-sonra-kibris-adasinda-iki-toplumlu-bir-secenekten-baska-hicbir-secim-yolu-kalmamistir-kibris-turk-cumhuriyeti-vardir-ve-kiyamete-kadar-var-o\/\" \/>\n<meta property=\"og:site_name\" content=\"Kuzeyin Sesi\" \/>\n<meta property=\"article:publisher\" content=\"https:\/\/www.facebook.com\/kuzeyinsesii\" \/>\n<meta property=\"article:published_time\" content=\"2024-11-14T19:03:00+00:00\" \/>\n<meta property=\"og:image\" content=\"https:\/\/brtk.net\/wp-content\/uploads\/2024\/11\/14\/thumbs_b_c_cd2a9a4351b8e03eaff86451447e202e.jpg?ver=4c51f60f13db70b82595f30e2f6fa5af\" \/>\n<meta name=\"author\" content=\"Kuzeyin Sesi\" \/>\n<meta name=\"twitter:card\" content=\"summary_large_image\" \/>\n<meta name=\"twitter:creator\" content=\"@kuzeyinsesii\" \/>\n<meta name=\"twitter:site\" content=\"@kuzeyinsesii\" \/>\n<meta name=\"twitter:label1\" content=\"Yazan:\" \/>\n\t<meta name=\"twitter:data1\" content=\"Kuzeyin Sesi\" \/>\n\t<meta name=\"twitter:label2\" content=\"Tahmini okuma s\u00fcresi\" \/>\n\t<meta name=\"twitter:data2\" content=\"4 dakika\" \/>\n<script type=\"application\/ld+json\" class=\"yoast-schema-graph\">{\"@context\":\"https:\\\/\\\/schema.org\",\"@graph\":[{\"@type\":\"Article\",\"@id\":\"https:\\\/\\\/kuzeyinsesi.org\\\/index.php\\\/2024\\\/11\\\/14\\\/bu-kadar-yillik-tecrubeden-ve-gelismeden-sonra-kibris-adasinda-iki-toplumlu-bir-secenekten-baska-hicbir-secim-yolu-kalmamistir-kibris-turk-cumhuriyeti-vardir-ve-kiyamete-kadar-var-o\\\/#article\",\"isPartOf\":{\"@id\":\"https:\\\/\\\/kuzeyinsesi.org\\\/index.php\\\/2024\\\/11\\\/14\\\/bu-kadar-yillik-tecrubeden-ve-gelismeden-sonra-kibris-adasinda-iki-toplumlu-bir-secenekten-baska-hicbir-secim-yolu-kalmamistir-kibris-turk-cumhuriyeti-vardir-ve-kiyamete-kadar-var-o\\\/\"},\"author\":{\"name\":\"Kuzeyin Sesi\",\"@id\":\"https:\\\/\\\/kuzeyinsesi.org\\\/#\\\/schema\\\/person\\\/9f859689cdf01485597712386e37f5aa\"},\"headline\":\"\u201cBu kadar y\u0131ll\u0131k tecr\u00fcbeden ve geli\u015fmeden sonra K\u0131br\u0131s Adas\u0131\u2019nda iki toplumlu bir se\u00e7enekten ba\u015fka hi\u00e7bir se\u00e7im yolu kalmam\u0131\u015ft\u0131r. K\u0131br\u0131s T\u00fcrk Cumhuriyeti vard\u0131r ve k\u0131yamete kadar var olmaya devam edecektir\u201d\",\"datePublished\":\"2024-11-14T19:03:00+00:00\",\"mainEntityOfPage\":{\"@id\":\"https:\\\/\\\/kuzeyinsesi.org\\\/index.php\\\/2024\\\/11\\\/14\\\/bu-kadar-yillik-tecrubeden-ve-gelismeden-sonra-kibris-adasinda-iki-toplumlu-bir-secenekten-baska-hicbir-secim-yolu-kalmamistir-kibris-turk-cumhuriyeti-vardir-ve-kiyamete-kadar-var-o\\\/\"},\"wordCount\":822,\"commentCount\":0,\"image\":{\"@id\":\"https:\\\/\\\/kuzeyinsesi.org\\\/index.php\\\/2024\\\/11\\\/14\\\/bu-kadar-yillik-tecrubeden-ve-gelismeden-sonra-kibris-adasinda-iki-toplumlu-bir-secenekten-baska-hicbir-secim-yolu-kalmamistir-kibris-turk-cumhuriyeti-vardir-ve-kiyamete-kadar-var-o\\\/#primaryimage\"},\"thumbnailUrl\":\"https:\\\/\\\/kuzeyinsesi.org\\\/wp-content\\\/uploads\\\/2024\\\/11\\\/thumbs_b_c_cd2a9a4351b8e03eaff86451447e202e.jpg\",\"articleSection\":[\"T\u00fcrkiye\"],\"inLanguage\":\"tr\",\"potentialAction\":[{\"@type\":\"CommentAction\",\"name\":\"Comment\",\"target\":[\"https:\\\/\\\/kuzeyinsesi.org\\\/index.php\\\/2024\\\/11\\\/14\\\/bu-kadar-yillik-tecrubeden-ve-gelismeden-sonra-kibris-adasinda-iki-toplumlu-bir-secenekten-baska-hicbir-secim-yolu-kalmamistir-kibris-turk-cumhuriyeti-vardir-ve-kiyamete-kadar-var-o\\\/#respond\"]}]},{\"@type\":\"WebPage\",\"@id\":\"https:\\\/\\\/kuzeyinsesi.org\\\/index.php\\\/2024\\\/11\\\/14\\\/bu-kadar-yillik-tecrubeden-ve-gelismeden-sonra-kibris-adasinda-iki-toplumlu-bir-secenekten-baska-hicbir-secim-yolu-kalmamistir-kibris-turk-cumhuriyeti-vardir-ve-kiyamete-kadar-var-o\\\/\",\"url\":\"https:\\\/\\\/kuzeyinsesi.org\\\/index.php\\\/2024\\\/11\\\/14\\\/bu-kadar-yillik-tecrubeden-ve-gelismeden-sonra-kibris-adasinda-iki-toplumlu-bir-secenekten-baska-hicbir-secim-yolu-kalmamistir-kibris-turk-cumhuriyeti-vardir-ve-kiyamete-kadar-var-o\\\/\",\"name\":\"\u201cBu kadar y\u0131ll\u0131k tecr\u00fcbeden ve geli\u015fmeden sonra K\u0131br\u0131s Adas\u0131\u2019nda iki toplumlu bir se\u00e7enekten ba\u015fka hi\u00e7bir se\u00e7im yolu kalmam\u0131\u015ft\u0131r. K\u0131br\u0131s T\u00fcrk Cumhuriyeti vard\u0131r ve k\u0131yamete kadar var olmaya devam edecektir\u201d - Kuzeyin Sesi\",\"isPartOf\":{\"@id\":\"https:\\\/\\\/kuzeyinsesi.org\\\/#website\"},\"primaryImageOfPage\":{\"@id\":\"https:\\\/\\\/kuzeyinsesi.org\\\/index.php\\\/2024\\\/11\\\/14\\\/bu-kadar-yillik-tecrubeden-ve-gelismeden-sonra-kibris-adasinda-iki-toplumlu-bir-secenekten-baska-hicbir-secim-yolu-kalmamistir-kibris-turk-cumhuriyeti-vardir-ve-kiyamete-kadar-var-o\\\/#primaryimage\"},\"image\":{\"@id\":\"https:\\\/\\\/kuzeyinsesi.org\\\/index.php\\\/2024\\\/11\\\/14\\\/bu-kadar-yillik-tecrubeden-ve-gelismeden-sonra-kibris-adasinda-iki-toplumlu-bir-secenekten-baska-hicbir-secim-yolu-kalmamistir-kibris-turk-cumhuriyeti-vardir-ve-kiyamete-kadar-var-o\\\/#primaryimage\"},\"thumbnailUrl\":\"https:\\\/\\\/kuzeyinsesi.org\\\/wp-content\\\/uploads\\\/2024\\\/11\\\/thumbs_b_c_cd2a9a4351b8e03eaff86451447e202e.jpg\",\"datePublished\":\"2024-11-14T19:03:00+00:00\",\"author\":{\"@id\":\"https:\\\/\\\/kuzeyinsesi.org\\\/#\\\/schema\\\/person\\\/9f859689cdf01485597712386e37f5aa\"},\"breadcrumb\":{\"@id\":\"https:\\\/\\\/kuzeyinsesi.org\\\/index.php\\\/2024\\\/11\\\/14\\\/bu-kadar-yillik-tecrubeden-ve-gelismeden-sonra-kibris-adasinda-iki-toplumlu-bir-secenekten-baska-hicbir-secim-yolu-kalmamistir-kibris-turk-cumhuriyeti-vardir-ve-kiyamete-kadar-var-o\\\/#breadcrumb\"},\"inLanguage\":\"tr\",\"potentialAction\":[{\"@type\":\"ReadAction\",\"target\":[\"https:\\\/\\\/kuzeyinsesi.org\\\/index.php\\\/2024\\\/11\\\/14\\\/bu-kadar-yillik-tecrubeden-ve-gelismeden-sonra-kibris-adasinda-iki-toplumlu-bir-secenekten-baska-hicbir-secim-yolu-kalmamistir-kibris-turk-cumhuriyeti-vardir-ve-kiyamete-kadar-var-o\\\/\"]}]},{\"@type\":\"ImageObject\",\"inLanguage\":\"tr\",\"@id\":\"https:\\\/\\\/kuzeyinsesi.org\\\/index.php\\\/2024\\\/11\\\/14\\\/bu-kadar-yillik-tecrubeden-ve-gelismeden-sonra-kibris-adasinda-iki-toplumlu-bir-secenekten-baska-hicbir-secim-yolu-kalmamistir-kibris-turk-cumhuriyeti-vardir-ve-kiyamete-kadar-var-o\\\/#primaryimage\",\"url\":\"https:\\\/\\\/kuzeyinsesi.org\\\/wp-content\\\/uploads\\\/2024\\\/11\\\/thumbs_b_c_cd2a9a4351b8e03eaff86451447e202e.jpg\",\"contentUrl\":\"https:\\\/\\\/kuzeyinsesi.org\\\/wp-content\\\/uploads\\\/2024\\\/11\\\/thumbs_b_c_cd2a9a4351b8e03eaff86451447e202e.jpg\",\"width\":864,\"height\":486},{\"@type\":\"BreadcrumbList\",\"@id\":\"https:\\\/\\\/kuzeyinsesi.org\\\/index.php\\\/2024\\\/11\\\/14\\\/bu-kadar-yillik-tecrubeden-ve-gelismeden-sonra-kibris-adasinda-iki-toplumlu-bir-secenekten-baska-hicbir-secim-yolu-kalmamistir-kibris-turk-cumhuriyeti-vardir-ve-kiyamete-kadar-var-o\\\/#breadcrumb\",\"itemListElement\":[{\"@type\":\"ListItem\",\"position\":1,\"name\":\"Anasayfa\",\"item\":\"https:\\\/\\\/kuzeyinsesi.org\\\/\"},{\"@type\":\"ListItem\",\"position\":2,\"name\":\"\u201cBu kadar y\u0131ll\u0131k tecr\u00fcbeden ve geli\u015fmeden sonra K\u0131br\u0131s Adas\u0131\u2019nda iki toplumlu bir se\u00e7enekten ba\u015fka hi\u00e7bir se\u00e7im yolu kalmam\u0131\u015ft\u0131r. K\u0131br\u0131s T\u00fcrk Cumhuriyeti vard\u0131r ve k\u0131yamete kadar var olmaya devam edecektir\u201d\"}]},{\"@type\":\"WebSite\",\"@id\":\"https:\\\/\\\/kuzeyinsesi.org\\\/#website\",\"url\":\"https:\\\/\\\/kuzeyinsesi.org\\\/\",\"name\":\"Kuzeyin Sesi\",\"description\":\"Do\u011fru Haberin Adresi\",\"potentialAction\":[{\"@type\":\"SearchAction\",\"target\":{\"@type\":\"EntryPoint\",\"urlTemplate\":\"https:\\\/\\\/kuzeyinsesi.org\\\/?s={search_term_string}\"},\"query-input\":{\"@type\":\"PropertyValueSpecification\",\"valueRequired\":true,\"valueName\":\"search_term_string\"}}],\"inLanguage\":\"tr\"},{\"@type\":\"Person\",\"@id\":\"https:\\\/\\\/kuzeyinsesi.org\\\/#\\\/schema\\\/person\\\/9f859689cdf01485597712386e37f5aa\",\"name\":\"Kuzeyin Sesi\",\"image\":{\"@type\":\"ImageObject\",\"inLanguage\":\"tr\",\"@id\":\"https:\\\/\\\/secure.gravatar.com\\\/avatar\\\/bab33852abfd8b282518d6ed81826833d77c3c882d9ab608add591ccace47a44?s=96&d=mm&r=g\",\"url\":\"https:\\\/\\\/secure.gravatar.com\\\/avatar\\\/bab33852abfd8b282518d6ed81826833d77c3c882d9ab608add591ccace47a44?s=96&d=mm&r=g\",\"contentUrl\":\"https:\\\/\\\/secure.gravatar.com\\\/avatar\\\/bab33852abfd8b282518d6ed81826833d77c3c882d9ab608add591ccace47a44?s=96&d=mm&r=g\",\"caption\":\"Kuzeyin Sesi\"},\"sameAs\":[\"https:\\\/\\\/kuzeyinsesi.org\"],\"url\":\"https:\\\/\\\/kuzeyinsesi.org\\\/index.php\\\/author\\\/guven\\\/\"}]}<\/script>\n<!-- \/ Yoast SEO plugin. -->","yoast_head_json":{"title":"\u201cBu kadar y\u0131ll\u0131k tecr\u00fcbeden ve geli\u015fmeden sonra K\u0131br\u0131s Adas\u0131\u2019nda iki toplumlu bir se\u00e7enekten ba\u015fka hi\u00e7bir se\u00e7im yolu kalmam\u0131\u015ft\u0131r. K\u0131br\u0131s T\u00fcrk Cumhuriyeti vard\u0131r ve k\u0131yamete kadar var olmaya devam edecektir\u201d - Kuzeyin Sesi","robots":{"index":"index","follow":"follow","max-snippet":"max-snippet:-1","max-image-preview":"max-image-preview:large","max-video-preview":"max-video-preview:-1"},"canonical":"https:\/\/kuzeyinsesi.org\/index.php\/2024\/11\/14\/bu-kadar-yillik-tecrubeden-ve-gelismeden-sonra-kibris-adasinda-iki-toplumlu-bir-secenekten-baska-hicbir-secim-yolu-kalmamistir-kibris-turk-cumhuriyeti-vardir-ve-kiyamete-kadar-var-o\/","og_locale":"tr_TR","og_type":"article","og_title":"\u201cBu kadar y\u0131ll\u0131k tecr\u00fcbeden ve geli\u015fmeden sonra K\u0131br\u0131s Adas\u0131\u2019nda iki toplumlu bir se\u00e7enekten ba\u015fka hi\u00e7bir se\u00e7im yolu kalmam\u0131\u015ft\u0131r. K\u0131br\u0131s T\u00fcrk Cumhuriyeti vard\u0131r ve k\u0131yamete kadar var olmaya devam edecektir\u201d - Kuzeyin Sesi","og_description":"TBMM Ba\u015fkan\u0131 Numan Kurtulmu\u015f, \u201cBu kadar y\u0131ll\u0131k tecr\u00fcbeden ve geli\u015fmeden sonra K\u0131br\u0131s Adas\u0131\u2019nda iki toplumlu bir se\u00e7enekten ba\u015fka hi\u00e7bir se\u00e7im yolu kalmam\u0131\u015ft\u0131r. K\u0131br\u0131s T\u00fcrk Cumhuriyeti vard\u0131r ve k\u0131yamete kadar var olmaya devam edecektir.\u201d dedi. Kurtulmu\u015f, Kuzey K\u0131br\u0131s T\u00fcrk Cumhuriyeti\u2019nin (KKTC) Ankara B\u00fcy\u00fckel\u00e7ili\u011fi taraf\u0131ndan KKTC\u2019nin kurulu\u015funun 41\u2019inci y\u0131l d\u00f6n\u00fcm\u00fc dolay\u0131s\u0131yla d\u00fczenlenen resepsiyonda yapt\u0131\u011f\u0131 konu\u015fmada, KKTC\u2019nin milli [&hellip;]","og_url":"https:\/\/kuzeyinsesi.org\/index.php\/2024\/11\/14\/bu-kadar-yillik-tecrubeden-ve-gelismeden-sonra-kibris-adasinda-iki-toplumlu-bir-secenekten-baska-hicbir-secim-yolu-kalmamistir-kibris-turk-cumhuriyeti-vardir-ve-kiyamete-kadar-var-o\/","og_site_name":"Kuzeyin Sesi","article_publisher":"https:\/\/www.facebook.com\/kuzeyinsesii","article_published_time":"2024-11-14T19:03:00+00:00","og_image":[{"url":"https:\/\/brtk.net\/wp-content\/uploads\/2024\/11\/14\/thumbs_b_c_cd2a9a4351b8e03eaff86451447e202e.jpg?ver=4c51f60f13db70b82595f30e2f6fa5af","type":"","width":"","height":""}],"author":"Kuzeyin Sesi","twitter_card":"summary_large_image","twitter_creator":"@kuzeyinsesii","twitter_site":"@kuzeyinsesii","twitter_misc":{"Yazan:":"Kuzeyin Sesi","Tahmini okuma s\u00fcresi":"4 dakika"},"schema":{"@context":"https:\/\/schema.org","@graph":[{"@type":"Article","@id":"https:\/\/kuzeyinsesi.org\/index.php\/2024\/11\/14\/bu-kadar-yillik-tecrubeden-ve-gelismeden-sonra-kibris-adasinda-iki-toplumlu-bir-secenekten-baska-hicbir-secim-yolu-kalmamistir-kibris-turk-cumhuriyeti-vardir-ve-kiyamete-kadar-var-o\/#article","isPartOf":{"@id":"https:\/\/kuzeyinsesi.org\/index.php\/2024\/11\/14\/bu-kadar-yillik-tecrubeden-ve-gelismeden-sonra-kibris-adasinda-iki-toplumlu-bir-secenekten-baska-hicbir-secim-yolu-kalmamistir-kibris-turk-cumhuriyeti-vardir-ve-kiyamete-kadar-var-o\/"},"author":{"name":"Kuzeyin Sesi","@id":"https:\/\/kuzeyinsesi.org\/#\/schema\/person\/9f859689cdf01485597712386e37f5aa"},"headline":"\u201cBu kadar y\u0131ll\u0131k tecr\u00fcbeden ve geli\u015fmeden sonra K\u0131br\u0131s Adas\u0131\u2019nda iki toplumlu bir se\u00e7enekten ba\u015fka hi\u00e7bir se\u00e7im yolu kalmam\u0131\u015ft\u0131r. K\u0131br\u0131s T\u00fcrk Cumhuriyeti vard\u0131r ve k\u0131yamete kadar var olmaya devam edecektir\u201d","datePublished":"2024-11-14T19:03:00+00:00","mainEntityOfPage":{"@id":"https:\/\/kuzeyinsesi.org\/index.php\/2024\/11\/14\/bu-kadar-yillik-tecrubeden-ve-gelismeden-sonra-kibris-adasinda-iki-toplumlu-bir-secenekten-baska-hicbir-secim-yolu-kalmamistir-kibris-turk-cumhuriyeti-vardir-ve-kiyamete-kadar-var-o\/"},"wordCount":822,"commentCount":0,"image":{"@id":"https:\/\/kuzeyinsesi.org\/index.php\/2024\/11\/14\/bu-kadar-yillik-tecrubeden-ve-gelismeden-sonra-kibris-adasinda-iki-toplumlu-bir-secenekten-baska-hicbir-secim-yolu-kalmamistir-kibris-turk-cumhuriyeti-vardir-ve-kiyamete-kadar-var-o\/#primaryimage"},"thumbnailUrl":"https:\/\/kuzeyinsesi.org\/wp-content\/uploads\/2024\/11\/thumbs_b_c_cd2a9a4351b8e03eaff86451447e202e.jpg","articleSection":["T\u00fcrkiye"],"inLanguage":"tr","potentialAction":[{"@type":"CommentAction","name":"Comment","target":["https:\/\/kuzeyinsesi.org\/index.php\/2024\/11\/14\/bu-kadar-yillik-tecrubeden-ve-gelismeden-sonra-kibris-adasinda-iki-toplumlu-bir-secenekten-baska-hicbir-secim-yolu-kalmamistir-kibris-turk-cumhuriyeti-vardir-ve-kiyamete-kadar-var-o\/#respond"]}]},{"@type":"WebPage","@id":"https:\/\/kuzeyinsesi.org\/index.php\/2024\/11\/14\/bu-kadar-yillik-tecrubeden-ve-gelismeden-sonra-kibris-adasinda-iki-toplumlu-bir-secenekten-baska-hicbir-secim-yolu-kalmamistir-kibris-turk-cumhuriyeti-vardir-ve-kiyamete-kadar-var-o\/","url":"https:\/\/kuzeyinsesi.org\/index.php\/2024\/11\/14\/bu-kadar-yillik-tecrubeden-ve-gelismeden-sonra-kibris-adasinda-iki-toplumlu-bir-secenekten-baska-hicbir-secim-yolu-kalmamistir-kibris-turk-cumhuriyeti-vardir-ve-kiyamete-kadar-var-o\/","name":"\u201cBu kadar y\u0131ll\u0131k tecr\u00fcbeden ve geli\u015fmeden sonra K\u0131br\u0131s Adas\u0131\u2019nda iki toplumlu bir se\u00e7enekten ba\u015fka hi\u00e7bir se\u00e7im yolu kalmam\u0131\u015ft\u0131r. K\u0131br\u0131s T\u00fcrk Cumhuriyeti vard\u0131r ve k\u0131yamete kadar var olmaya devam edecektir\u201d - Kuzeyin Sesi","isPartOf":{"@id":"https:\/\/kuzeyinsesi.org\/#website"},"primaryImageOfPage":{"@id":"https:\/\/kuzeyinsesi.org\/index.php\/2024\/11\/14\/bu-kadar-yillik-tecrubeden-ve-gelismeden-sonra-kibris-adasinda-iki-toplumlu-bir-secenekten-baska-hicbir-secim-yolu-kalmamistir-kibris-turk-cumhuriyeti-vardir-ve-kiyamete-kadar-var-o\/#primaryimage"},"image":{"@id":"https:\/\/kuzeyinsesi.org\/index.php\/2024\/11\/14\/bu-kadar-yillik-tecrubeden-ve-gelismeden-sonra-kibris-adasinda-iki-toplumlu-bir-secenekten-baska-hicbir-secim-yolu-kalmamistir-kibris-turk-cumhuriyeti-vardir-ve-kiyamete-kadar-var-o\/#primaryimage"},"thumbnailUrl":"https:\/\/kuzeyinsesi.org\/wp-content\/uploads\/2024\/11\/thumbs_b_c_cd2a9a4351b8e03eaff86451447e202e.jpg","datePublished":"2024-11-14T19:03:00+00:00","author":{"@id":"https:\/\/kuzeyinsesi.org\/#\/schema\/person\/9f859689cdf01485597712386e37f5aa"},"breadcrumb":{"@id":"https:\/\/kuzeyinsesi.org\/index.php\/2024\/11\/14\/bu-kadar-yillik-tecrubeden-ve-gelismeden-sonra-kibris-adasinda-iki-toplumlu-bir-secenekten-baska-hicbir-secim-yolu-kalmamistir-kibris-turk-cumhuriyeti-vardir-ve-kiyamete-kadar-var-o\/#breadcrumb"},"inLanguage":"tr","potentialAction":[{"@type":"ReadAction","target":["https:\/\/kuzeyinsesi.org\/index.php\/2024\/11\/14\/bu-kadar-yillik-tecrubeden-ve-gelismeden-sonra-kibris-adasinda-iki-toplumlu-bir-secenekten-baska-hicbir-secim-yolu-kalmamistir-kibris-turk-cumhuriyeti-vardir-ve-kiyamete-kadar-var-o\/"]}]},{"@type":"ImageObject","inLanguage":"tr","@id":"https:\/\/kuzeyinsesi.org\/index.php\/2024\/11\/14\/bu-kadar-yillik-tecrubeden-ve-gelismeden-sonra-kibris-adasinda-iki-toplumlu-bir-secenekten-baska-hicbir-secim-yolu-kalmamistir-kibris-turk-cumhuriyeti-vardir-ve-kiyamete-kadar-var-o\/#primaryimage","url":"https:\/\/kuzeyinsesi.org\/wp-content\/uploads\/2024\/11\/thumbs_b_c_cd2a9a4351b8e03eaff86451447e202e.jpg","contentUrl":"https:\/\/kuzeyinsesi.org\/wp-content\/uploads\/2024\/11\/thumbs_b_c_cd2a9a4351b8e03eaff86451447e202e.jpg","width":864,"height":486},{"@type":"BreadcrumbList","@id":"https:\/\/kuzeyinsesi.org\/index.php\/2024\/11\/14\/bu-kadar-yillik-tecrubeden-ve-gelismeden-sonra-kibris-adasinda-iki-toplumlu-bir-secenekten-baska-hicbir-secim-yolu-kalmamistir-kibris-turk-cumhuriyeti-vardir-ve-kiyamete-kadar-var-o\/#breadcrumb","itemListElement":[{"@type":"ListItem","position":1,"name":"Anasayfa","item":"https:\/\/kuzeyinsesi.org\/"},{"@type":"ListItem","position":2,"name":"\u201cBu kadar y\u0131ll\u0131k tecr\u00fcbeden ve geli\u015fmeden sonra K\u0131br\u0131s Adas\u0131\u2019nda iki toplumlu bir se\u00e7enekten ba\u015fka hi\u00e7bir se\u00e7im yolu kalmam\u0131\u015ft\u0131r. K\u0131br\u0131s T\u00fcrk Cumhuriyeti vard\u0131r ve k\u0131yamete kadar var olmaya devam edecektir\u201d"}]},{"@type":"WebSite","@id":"https:\/\/kuzeyinsesi.org\/#website","url":"https:\/\/kuzeyinsesi.org\/","name":"Kuzeyin Sesi","description":"Do\u011fru Haberin Adresi","potentialAction":[{"@type":"SearchAction","target":{"@type":"EntryPoint","urlTemplate":"https:\/\/kuzeyinsesi.org\/?s={search_term_string}"},"query-input":{"@type":"PropertyValueSpecification","valueRequired":true,"valueName":"search_term_string"}}],"inLanguage":"tr"},{"@type":"Person","@id":"https:\/\/kuzeyinsesi.org\/#\/schema\/person\/9f859689cdf01485597712386e37f5aa","name":"Kuzeyin Sesi","image":{"@type":"ImageObject","inLanguage":"tr","@id":"https:\/\/secure.gravatar.com\/avatar\/bab33852abfd8b282518d6ed81826833d77c3c882d9ab608add591ccace47a44?s=96&d=mm&r=g","url":"https:\/\/secure.gravatar.com\/avatar\/bab33852abfd8b282518d6ed81826833d77c3c882d9ab608add591ccace47a44?s=96&d=mm&r=g","contentUrl":"https:\/\/secure.gravatar.com\/avatar\/bab33852abfd8b282518d6ed81826833d77c3c882d9ab608add591ccace47a44?s=96&d=mm&r=g","caption":"Kuzeyin Sesi"},"sameAs":["https:\/\/kuzeyinsesi.org"],"url":"https:\/\/kuzeyinsesi.org\/index.php\/author\/guven\/"}]}},"_links":{"self":[{"href":"https:\/\/kuzeyinsesi.org\/index.php\/wp-json\/wp\/v2\/posts\/13552","targetHints":{"allow":["GET"]}}],"collection":[{"href":"https:\/\/kuzeyinsesi.org\/index.php\/wp-json\/wp\/v2\/posts"}],"about":[{"href":"https:\/\/kuzeyinsesi.org\/index.php\/wp-json\/wp\/v2\/types\/post"}],"author":[{"embeddable":true,"href":"https:\/\/kuzeyinsesi.org\/index.php\/wp-json\/wp\/v2\/users\/1"}],"replies":[{"embeddable":true,"href":"https:\/\/kuzeyinsesi.org\/index.php\/wp-json\/wp\/v2\/comments?post=13552"}],"version-history":[{"count":0,"href":"https:\/\/kuzeyinsesi.org\/index.php\/wp-json\/wp\/v2\/posts\/13552\/revisions"}],"wp:featuredmedia":[{"embeddable":true,"href":"https:\/\/kuzeyinsesi.org\/index.php\/wp-json\/wp\/v2\/media\/13553"}],"wp:attachment":[{"href":"https:\/\/kuzeyinsesi.org\/index.php\/wp-json\/wp\/v2\/media?parent=13552"}],"wp:term":[{"taxonomy":"category","embeddable":true,"href":"https:\/\/kuzeyinsesi.org\/index.php\/wp-json\/wp\/v2\/categories?post=13552"},{"taxonomy":"post_tag","embeddable":true,"href":"https:\/\/kuzeyinsesi.org\/index.php\/wp-json\/wp\/v2\/tags?post=13552"}],"curies":[{"name":"wp","href":"https:\/\/api.w.org\/{rel}","templated":true}]}}