{"id":13518,"date":"2024-11-14T16:14:56","date_gmt":"2024-11-14T14:14:56","guid":{"rendered":"https:\/\/kuzeyinsesi.org\/index.php\/2024\/11\/14\/kktcnin-yakin-tarihi-kayit-altina-aliniyor\/"},"modified":"2024-11-14T16:14:56","modified_gmt":"2024-11-14T14:14:56","slug":"kktcnin-yakin-tarihi-kayit-altina-aliniyor","status":"publish","type":"post","link":"https:\/\/kuzeyinsesi.org\/index.php\/2024\/11\/14\/kktcnin-yakin-tarihi-kayit-altina-aliniyor\/","title":{"rendered":"KKTC\u2019nin yak\u0131n tarihi kay\u0131t alt\u0131na al\u0131n\u0131yor"},"content":{"rendered":"<div>\n<div class=\"mariselle-image-container center\">\n                                            <\/div>\n<p>T\u00fcrkiye\u2019den Sakarya \u00dcniversitesi (SA\u00dc),  KKTC\u2019den Uluslararas\u0131 K\u0131br\u0131s \u00dcniversitesi (UK\u00dc) ve Lefke Avrupa \u00dcniversitesi\u2019nde (LA\u00dc) g\u00f6revli akademisyenlerden olu\u015fan ekibin, kentlerin simge mekanlar\u0131n\u0131, k\u00fclt\u00fcr\u00fcn\u00fc ve tarihini \u201ckent belle\u011fi\u201d \u00e7al\u0131\u015fmas\u0131yla gelece\u011fe aktarmay\u0131 hedefledi\u011fi belirtildi.<\/p>\n<p>Anadolu Ajans\u0131\u2019n\u0131n haberine g\u00f6re SA\u00dc \u0130leti\u015fim Fak\u00fcltesi Yeni Medya ve \u0130leti\u015fim B\u00f6l\u00fcm\u00fc \u00d6\u011fretim \u00dcyesi Prof. Dr. Aytekin \u0130\u015fman\u2019\u0131n yap\u0131mc\u0131l\u0131\u011f\u0131nda, Uluslararas\u0131 K\u0131br\u0131s \u00dcniversitesi \u00d6\u011fretim \u00dcyesi Do\u00e7. Dr. Dilan \u00c7ift\u00e7i ve \u00d6\u011fretim G\u00f6revlisi Levent Duranl\u0131 ile Lefke Avrupa \u00dcniversitesi \u00d6\u011fretim \u00dcyesi Prof. Dr. Mehmet \u00c7a\u011flar, kentlerin belleklerini olu\u015fturmak i\u00e7in \u00e7al\u0131\u015fma ba\u015flatt\u0131.<\/p>\n<p>Manisa\u2019n\u0131n Ahmetli il\u00e7esiyle ba\u015flayan projede, KKTC\u2018nin Lapta-Alsancak-\u00c7aml\u0131bel ile De\u011firmenlik-Ak\u0131nc\u0131lar Belediyelerinde \u00e7ekim ve r\u00f6portajlar yapan ekip, b\u00f6lge sakinlerinin g\u00f6z\u00fcnden yak\u0131n tarihte sosyal, siyasi, ekonomik alandaki \u015fahitlikleri kayda ald\u0131.<\/p>\n<p>Ahmetli ve Lapta-Alsancak-\u00c7aml\u0131bel projeleri internet siteleri \u00fczerinden kullan\u0131ma a\u00e7\u0131ld\u0131. Proje kapsam\u0131nda yap\u0131lan r\u00f6portajlar da \u201cahmetlikentbellegi\u201d ve \u201ckentbellegilac\u201d YouTube kanallar\u0131ndan payla\u015f\u0131ld\u0131.<\/p>\n<p>\u0130\u015fman, AA muhabirine, \u201ckent belle\u011fi\u201dnin \u015fehirlerin ge\u00e7mi\u015f ya\u015fanm\u0131\u015fl\u0131klar\u0131n\u0131 bug\u00fcne ve gelece\u011fe aktard\u0131\u011f\u0131n\u0131 s\u00f6yledi.<\/p>\n<p>Babas\u0131n\u0131n \u00f6\u011fretmen olmas\u0131 dolay\u0131s\u0131yla Band\u0131rma\u2019da do\u011fdu\u011funu ancak liseyi bitirene kadar Manisa\u2019n\u0131n Ahmetli il\u00e7esinde ya\u015fad\u0131\u011f\u0131n\u0131 anlatan \u0130\u015fman, ilk \u00e7al\u0131\u015fmay\u0131 burada yapt\u0131klar\u0131n\u0131 s\u00f6yledi.<\/p>\n<p>\u0130l\u00e7enin ilk berberi, \u015fof\u00f6r\u00fc, ilk bankas\u0131, ilk tren istasyonuna dair r\u00f6portajlar yapt\u0131klar\u0131n\u0131 kaydeden \u0130\u015fman, \u201cAhmetli\u2019nin 1930, 1940, 1950, 1960, 1970\u2019li y\u0131llarda ya\u015fayan zanaatkarlar\u0131, sanat\u00e7\u0131lar\u0131, ilk bankas\u0131n\u0131, ilk demir yolunu yani ilk ve ya\u015fanm\u0131\u015fl\u0131klar\u0131 \u00e7ektik. \u0130lk dolmu\u015fumuz vard\u0131, onunla ilgili r\u00f6portaj yapt\u0131k. Ahmetli\u2019nin kentsel tarihi bilgilerini g\u00fcn\u00fcm\u00fczdeki ve gelecek nesillere aktarm\u0131\u015f olduk. Ahmetli halk\u0131 ailesinin, annesinin, babas\u0131n\u0131n kayda girmesinden dolay\u0131 \u00e7ok mutlu oldu.\u201d diye konu\u015ftu.<\/p>\n<p>Ahmetli\u2019de b\u00fcy\u00fcd\u00fc\u011f\u00fc i\u00e7in ge\u00e7mi\u015fi anarken mutlu oldu\u011funu, kom\u015fuluk ili\u015fkilerini ortaya \u00e7\u0131kard\u0131klar\u0131n\u0131 dile getiren \u0130\u015fman, kaybolmu\u015f d\u00fc\u011f\u00fcn gelenek ve g\u00f6reneklerinden bahsettiklerini, b\u00f6ylece ge\u00e7mi\u015ften gelen de\u011ferlerin gelece\u011fe aktar\u0131labilece\u011fini vurgulad\u0131.<\/p>\n<p>\u2013 \u201c\u00c7ok g\u00fczel i\u00e7erik \u00e7\u0131kt\u0131\u201d<\/p>\n<p>Ahmetli\u2019deki \u00e7al\u0131\u015fman\u0131n ard\u0131ndan KKTC\u2018ye y\u00f6neldiklerini dile getiren \u0130\u015fman, orada da Lapta-Alsancak-\u00c7aml\u0131bel (LA\u00c7) Belediyesi\u2019yle \u00e7ekimlere ba\u015flad\u0131klar\u0131n\u0131 anlatt\u0131.<\/p>\n<p>Belediyedeki b\u00fct\u00fcn k\u00f6yleri dola\u015ft\u0131klar\u0131n\u0131 belirten \u0130\u015fman, \u201cSadece 1970\u2019lerden de\u011fil 1950-1960\u2019lardan bahsettik \u00e7\u00fcnk\u00fc K\u0131br\u0131s\u2019ta i\u00e7 sava\u015ftan dolay\u0131 \u00e7ok b\u00fcy\u00fck g\u00f6\u00e7 oldu. G\u00fcneyde ya\u015fayan K\u0131br\u0131sl\u0131 T\u00fcrkler kuzeye do\u011fru geldi. O g\u00f6\u00e7\u00fc \u00e7ok g\u00fczel anlatt\u0131lar. Bu projemizi tamamlad\u0131k. Burada da \u00e7ok g\u00fczel i\u00e7erik \u00e7\u0131kt\u0131.\u201d diye konu\u015ftu.<\/p>\n<p>K\u0131br\u0131s Bar\u0131\u015f Harekat\u0131\u2019nda tanklar\u0131n Kozan k\u00f6y\u00fcne nas\u0131l geldi\u011fini, y\u00f6re halk\u0131n\u0131n nas\u0131l hareket etti\u011fini anlatan \u015fahitlikleri kayda ald\u0131klar\u0131n\u0131 aktaran \u0130\u015fman, \u201cOtob\u00fcs \u015fof\u00f6rleri hem m\u00fccahitlere hem T\u00fcrk Silahl\u0131 Kuvvetleri\u2019ne nas\u0131l yard\u0131m ettiklerini, 1960-1970\u2019lerde nas\u0131l ya\u015fad\u0131klar\u0131n\u0131 anlatt\u0131.\u201d dedi.<\/p>\n<p>\u0130\u015fman, K\u0131br\u0131s\u2019ta ikinci \u00e7al\u0131\u015fmay\u0131 De\u011firmenlik-Ak\u0131nc\u0131lar Belediyesi\u2019nde yapt\u0131klar\u0131n\u0131 kaydederek, \u015f\u00f6yle devam etti:<\/p>\n<p>\u201cAk\u0131nc\u0131lar\u2019\u0131n K\u0131br\u0131s Bar\u0131\u015f Harekat\u0131\u2019nda \u00e7ok \u00f6nemli bir yeri var. T\u00fcrklerin \u00e7ok b\u00fcy\u00fck sava\u015f vermesiyle, Rum \u00e7etelerine kar\u015f\u0131 direnmesiyle Ak\u0131nc\u0131lar \u015fu anda KKTC\u2018nin topraklar\u0131 i\u00e7indedir. Tarihsel \u00f6zelli\u011fi olan Kalava\u00e7 k\u00f6y\u00fcnde \u00e7ekim yapt\u0131k. B\u00fct\u00fcn k\u00f6ylerin isimleri T\u00fcrk\u00e7e oldu ama Kalava\u00e7\u2019\u0131n ismi hi\u00e7 de\u011fi\u015fmedi. Burada \u00e7ok g\u00fczel k\u00fclt\u00fcrel \u00f6zellikleri, ilk doktoru, ilk sanat\u00e7\u0131lar\u0131, k\u00fclt\u00fcrel ev yap\u0131lar\u0131n\u0131 bulduk, bize \u00e7ok faydas\u0131 oldu.\u201d<\/p>\n<p>KKTC\u2018deki \u00e7ekimlerde o d\u00f6nemde ya\u015fananlar\u0131 \u015fahitlerinden dinlediklerini belirten \u0130\u015fman, \u201cKalava\u00e7\u2019ta \u0130ngilizlerin ilk idam etti\u011fi ki\u015fi, r\u00f6portaj yapt\u0131\u011f\u0131m\u0131z ailenin dedesiymi\u015f. 1960-1974 aras\u0131 b\u00fcy\u00fck k\u0131y\u0131mlar olmu\u015f. Sandallar\u2019da toplu mezarlar vard\u0131r. 20-30-40 ki\u015fiyi canl\u0131 canl\u0131 topra\u011f\u0131n alt\u0131na g\u00f6mm\u00fc\u015fler. KKTC\u2018ye giden olursa mutlaka Sandallar\u2019daki o mezarlar\u0131 ziyaret etmelerini isterim.\u201d dedi.<\/p>\n<p>\u0130\u015fman, projenin devam edece\u011fini belirterek, belediyelerin destekleriyle KKTC tarihinin kay\u0131t alt\u0131na al\u0131naca\u011f\u0131n\u0131 s\u00f6zlerine ekledi.<\/p>\n<\/p><\/div>\n<p><script async\n                    defer\n                    crossorigin=\"anonymous\"\n                    src=\"https:\/\/connect.facebook.net\/tr_TR\/sdk.js#xfbml=1&#038;version=v3.3\"\n            ><\/script><\/p>\n","protected":false},"excerpt":{"rendered":"<p>T\u00fcrkiye\u2019den Sakarya \u00dcniversitesi (SA\u00dc), KKTC\u2019den Uluslararas\u0131 K\u0131br\u0131s \u00dcniversitesi (UK\u00dc) ve Lefke Avrupa \u00dcniversitesi\u2019nde (LA\u00dc) g\u00f6revli akademisyenlerden olu\u015fan ekibin, kentlerin simge mekanlar\u0131n\u0131, k\u00fclt\u00fcr\u00fcn\u00fc ve tarihini \u201ckent belle\u011fi\u201d \u00e7al\u0131\u015fmas\u0131yla gelece\u011fe aktarmay\u0131 hedefledi\u011fi belirtildi. Anadolu Ajans\u0131\u2019n\u0131n haberine g\u00f6re SA\u00dc \u0130leti\u015fim Fak\u00fcltesi Yeni Medya ve \u0130leti\u015fim B\u00f6l\u00fcm\u00fc \u00d6\u011fretim \u00dcyesi Prof. Dr. Aytekin \u0130\u015fman\u2019\u0131n yap\u0131mc\u0131l\u0131\u011f\u0131nda, Uluslararas\u0131 K\u0131br\u0131s \u00dcniversitesi \u00d6\u011fretim \u00dcyesi [&hellip;]<\/p>\n","protected":false},"author":1,"featured_media":13519,"comment_status":"open","ping_status":"open","sticky":false,"template":"","format":"standard","meta":{"jnews-multi-image_gallery":[],"jnews_single_post":[],"jnews_primary_category":[],"jnews_social_meta":[],"jnews_override_counter":[],"footnotes":""},"categories":[6],"tags":[],"class_list":["post-13518","post","type-post","status-publish","format-standard","has-post-thumbnail","hentry","category-yasam"],"yoast_head":"<!-- This site is optimized with the Yoast SEO plugin v27.4 - https:\/\/yoast.com\/product\/yoast-seo-wordpress\/ -->\n<title>KKTC\u2019nin yak\u0131n tarihi kay\u0131t alt\u0131na al\u0131n\u0131yor - Kuzeyin Sesi<\/title>\n<meta name=\"robots\" content=\"index, follow, max-snippet:-1, max-image-preview:large, max-video-preview:-1\" \/>\n<link rel=\"canonical\" href=\"https:\/\/kuzeyinsesi.org\/index.php\/2024\/11\/14\/kktcnin-yakin-tarihi-kayit-altina-aliniyor\/\" \/>\n<meta property=\"og:locale\" content=\"tr_TR\" \/>\n<meta property=\"og:type\" content=\"article\" \/>\n<meta property=\"og:title\" content=\"KKTC\u2019nin yak\u0131n tarihi kay\u0131t alt\u0131na al\u0131n\u0131yor - Kuzeyin Sesi\" \/>\n<meta property=\"og:description\" content=\"T\u00fcrkiye\u2019den Sakarya \u00dcniversitesi (SA\u00dc), KKTC\u2019den Uluslararas\u0131 K\u0131br\u0131s \u00dcniversitesi (UK\u00dc) ve Lefke Avrupa \u00dcniversitesi\u2019nde (LA\u00dc) g\u00f6revli akademisyenlerden olu\u015fan ekibin, kentlerin simge mekanlar\u0131n\u0131, k\u00fclt\u00fcr\u00fcn\u00fc ve tarihini \u201ckent belle\u011fi\u201d \u00e7al\u0131\u015fmas\u0131yla gelece\u011fe aktarmay\u0131 hedefledi\u011fi belirtildi. Anadolu Ajans\u0131\u2019n\u0131n haberine g\u00f6re SA\u00dc \u0130leti\u015fim Fak\u00fcltesi Yeni Medya ve \u0130leti\u015fim B\u00f6l\u00fcm\u00fc \u00d6\u011fretim \u00dcyesi Prof. Dr. Aytekin \u0130\u015fman\u2019\u0131n yap\u0131mc\u0131l\u0131\u011f\u0131nda, Uluslararas\u0131 K\u0131br\u0131s \u00dcniversitesi \u00d6\u011fretim \u00dcyesi [&hellip;]\" \/>\n<meta property=\"og:url\" content=\"https:\/\/kuzeyinsesi.org\/index.php\/2024\/11\/14\/kktcnin-yakin-tarihi-kayit-altina-aliniyor\/\" \/>\n<meta property=\"og:site_name\" content=\"Kuzeyin Sesi\" \/>\n<meta property=\"article:publisher\" content=\"https:\/\/www.facebook.com\/kuzeyinsesii\" \/>\n<meta property=\"article:published_time\" content=\"2024-11-14T14:14:56+00:00\" \/>\n<meta property=\"og:image\" content=\"https:\/\/brtk.net\/wp-content\/uploads\/2024\/11\/14\/aa-20241114-36191817-36191816-akademisyenler-kent-bellegi-projesiyle-kktcnin-yakin-tarihini-kayit-altina-aliyor-scaled.jpg?ver=5703d4b50e851120eb69d6f276148f88\" \/>\n<meta name=\"author\" content=\"Kuzeyin Sesi\" \/>\n<meta name=\"twitter:card\" content=\"summary_large_image\" \/>\n<meta name=\"twitter:creator\" content=\"@kuzeyinsesii\" \/>\n<meta name=\"twitter:site\" content=\"@kuzeyinsesii\" \/>\n<meta name=\"twitter:label1\" content=\"Yazan:\" \/>\n\t<meta name=\"twitter:data1\" content=\"Kuzeyin Sesi\" \/>\n\t<meta name=\"twitter:label2\" content=\"Tahmini okuma s\u00fcresi\" \/>\n\t<meta name=\"twitter:data2\" content=\"4 dakika\" \/>\n<script type=\"application\/ld+json\" class=\"yoast-schema-graph\">{\"@context\":\"https:\\\/\\\/schema.org\",\"@graph\":[{\"@type\":\"Article\",\"@id\":\"https:\\\/\\\/kuzeyinsesi.org\\\/index.php\\\/2024\\\/11\\\/14\\\/kktcnin-yakin-tarihi-kayit-altina-aliniyor\\\/#article\",\"isPartOf\":{\"@id\":\"https:\\\/\\\/kuzeyinsesi.org\\\/index.php\\\/2024\\\/11\\\/14\\\/kktcnin-yakin-tarihi-kayit-altina-aliniyor\\\/\"},\"author\":{\"name\":\"Kuzeyin Sesi\",\"@id\":\"https:\\\/\\\/kuzeyinsesi.org\\\/#\\\/schema\\\/person\\\/9f859689cdf01485597712386e37f5aa\"},\"headline\":\"KKTC\u2019nin yak\u0131n tarihi kay\u0131t alt\u0131na al\u0131n\u0131yor\",\"datePublished\":\"2024-11-14T14:14:56+00:00\",\"mainEntityOfPage\":{\"@id\":\"https:\\\/\\\/kuzeyinsesi.org\\\/index.php\\\/2024\\\/11\\\/14\\\/kktcnin-yakin-tarihi-kayit-altina-aliniyor\\\/\"},\"wordCount\":759,\"commentCount\":0,\"image\":{\"@id\":\"https:\\\/\\\/kuzeyinsesi.org\\\/index.php\\\/2024\\\/11\\\/14\\\/kktcnin-yakin-tarihi-kayit-altina-aliniyor\\\/#primaryimage\"},\"thumbnailUrl\":\"https:\\\/\\\/kuzeyinsesi.org\\\/wp-content\\\/uploads\\\/2024\\\/11\\\/aa-20241114-36191817-36191816-akademisyenler-kent-bellegi-projesiyle-kktcnin-yakin-tarihini-kayit-al.jpeg\",\"articleSection\":[\"Ya\u015fam\"],\"inLanguage\":\"tr\",\"potentialAction\":[{\"@type\":\"CommentAction\",\"name\":\"Comment\",\"target\":[\"https:\\\/\\\/kuzeyinsesi.org\\\/index.php\\\/2024\\\/11\\\/14\\\/kktcnin-yakin-tarihi-kayit-altina-aliniyor\\\/#respond\"]}]},{\"@type\":\"WebPage\",\"@id\":\"https:\\\/\\\/kuzeyinsesi.org\\\/index.php\\\/2024\\\/11\\\/14\\\/kktcnin-yakin-tarihi-kayit-altina-aliniyor\\\/\",\"url\":\"https:\\\/\\\/kuzeyinsesi.org\\\/index.php\\\/2024\\\/11\\\/14\\\/kktcnin-yakin-tarihi-kayit-altina-aliniyor\\\/\",\"name\":\"KKTC\u2019nin yak\u0131n tarihi kay\u0131t alt\u0131na al\u0131n\u0131yor - Kuzeyin Sesi\",\"isPartOf\":{\"@id\":\"https:\\\/\\\/kuzeyinsesi.org\\\/#website\"},\"primaryImageOfPage\":{\"@id\":\"https:\\\/\\\/kuzeyinsesi.org\\\/index.php\\\/2024\\\/11\\\/14\\\/kktcnin-yakin-tarihi-kayit-altina-aliniyor\\\/#primaryimage\"},\"image\":{\"@id\":\"https:\\\/\\\/kuzeyinsesi.org\\\/index.php\\\/2024\\\/11\\\/14\\\/kktcnin-yakin-tarihi-kayit-altina-aliniyor\\\/#primaryimage\"},\"thumbnailUrl\":\"https:\\\/\\\/kuzeyinsesi.org\\\/wp-content\\\/uploads\\\/2024\\\/11\\\/aa-20241114-36191817-36191816-akademisyenler-kent-bellegi-projesiyle-kktcnin-yakin-tarihini-kayit-al.jpeg\",\"datePublished\":\"2024-11-14T14:14:56+00:00\",\"author\":{\"@id\":\"https:\\\/\\\/kuzeyinsesi.org\\\/#\\\/schema\\\/person\\\/9f859689cdf01485597712386e37f5aa\"},\"breadcrumb\":{\"@id\":\"https:\\\/\\\/kuzeyinsesi.org\\\/index.php\\\/2024\\\/11\\\/14\\\/kktcnin-yakin-tarihi-kayit-altina-aliniyor\\\/#breadcrumb\"},\"inLanguage\":\"tr\",\"potentialAction\":[{\"@type\":\"ReadAction\",\"target\":[\"https:\\\/\\\/kuzeyinsesi.org\\\/index.php\\\/2024\\\/11\\\/14\\\/kktcnin-yakin-tarihi-kayit-altina-aliniyor\\\/\"]}]},{\"@type\":\"ImageObject\",\"inLanguage\":\"tr\",\"@id\":\"https:\\\/\\\/kuzeyinsesi.org\\\/index.php\\\/2024\\\/11\\\/14\\\/kktcnin-yakin-tarihi-kayit-altina-aliniyor\\\/#primaryimage\",\"url\":\"https:\\\/\\\/kuzeyinsesi.org\\\/wp-content\\\/uploads\\\/2024\\\/11\\\/aa-20241114-36191817-36191816-akademisyenler-kent-bellegi-projesiyle-kktcnin-yakin-tarihini-kayit-al.jpeg\",\"contentUrl\":\"https:\\\/\\\/kuzeyinsesi.org\\\/wp-content\\\/uploads\\\/2024\\\/11\\\/aa-20241114-36191817-36191816-akademisyenler-kent-bellegi-projesiyle-kktcnin-yakin-tarihini-kayit-al.jpeg\",\"width\":2560,\"height\":1707},{\"@type\":\"BreadcrumbList\",\"@id\":\"https:\\\/\\\/kuzeyinsesi.org\\\/index.php\\\/2024\\\/11\\\/14\\\/kktcnin-yakin-tarihi-kayit-altina-aliniyor\\\/#breadcrumb\",\"itemListElement\":[{\"@type\":\"ListItem\",\"position\":1,\"name\":\"Anasayfa\",\"item\":\"https:\\\/\\\/kuzeyinsesi.org\\\/\"},{\"@type\":\"ListItem\",\"position\":2,\"name\":\"KKTC\u2019nin yak\u0131n tarihi kay\u0131t alt\u0131na al\u0131n\u0131yor\"}]},{\"@type\":\"WebSite\",\"@id\":\"https:\\\/\\\/kuzeyinsesi.org\\\/#website\",\"url\":\"https:\\\/\\\/kuzeyinsesi.org\\\/\",\"name\":\"Kuzeyin Sesi\",\"description\":\"Do\u011fru Haberin Adresi\",\"potentialAction\":[{\"@type\":\"SearchAction\",\"target\":{\"@type\":\"EntryPoint\",\"urlTemplate\":\"https:\\\/\\\/kuzeyinsesi.org\\\/?s={search_term_string}\"},\"query-input\":{\"@type\":\"PropertyValueSpecification\",\"valueRequired\":true,\"valueName\":\"search_term_string\"}}],\"inLanguage\":\"tr\"},{\"@type\":\"Person\",\"@id\":\"https:\\\/\\\/kuzeyinsesi.org\\\/#\\\/schema\\\/person\\\/9f859689cdf01485597712386e37f5aa\",\"name\":\"Kuzeyin Sesi\",\"image\":{\"@type\":\"ImageObject\",\"inLanguage\":\"tr\",\"@id\":\"https:\\\/\\\/secure.gravatar.com\\\/avatar\\\/bab33852abfd8b282518d6ed81826833d77c3c882d9ab608add591ccace47a44?s=96&d=mm&r=g\",\"url\":\"https:\\\/\\\/secure.gravatar.com\\\/avatar\\\/bab33852abfd8b282518d6ed81826833d77c3c882d9ab608add591ccace47a44?s=96&d=mm&r=g\",\"contentUrl\":\"https:\\\/\\\/secure.gravatar.com\\\/avatar\\\/bab33852abfd8b282518d6ed81826833d77c3c882d9ab608add591ccace47a44?s=96&d=mm&r=g\",\"caption\":\"Kuzeyin Sesi\"},\"sameAs\":[\"https:\\\/\\\/kuzeyinsesi.org\"],\"url\":\"https:\\\/\\\/kuzeyinsesi.org\\\/index.php\\\/author\\\/guven\\\/\"}]}<\/script>\n<!-- \/ Yoast SEO plugin. -->","yoast_head_json":{"title":"KKTC\u2019nin yak\u0131n tarihi kay\u0131t alt\u0131na al\u0131n\u0131yor - Kuzeyin Sesi","robots":{"index":"index","follow":"follow","max-snippet":"max-snippet:-1","max-image-preview":"max-image-preview:large","max-video-preview":"max-video-preview:-1"},"canonical":"https:\/\/kuzeyinsesi.org\/index.php\/2024\/11\/14\/kktcnin-yakin-tarihi-kayit-altina-aliniyor\/","og_locale":"tr_TR","og_type":"article","og_title":"KKTC\u2019nin yak\u0131n tarihi kay\u0131t alt\u0131na al\u0131n\u0131yor - Kuzeyin Sesi","og_description":"T\u00fcrkiye\u2019den Sakarya \u00dcniversitesi (SA\u00dc), KKTC\u2019den Uluslararas\u0131 K\u0131br\u0131s \u00dcniversitesi (UK\u00dc) ve Lefke Avrupa \u00dcniversitesi\u2019nde (LA\u00dc) g\u00f6revli akademisyenlerden olu\u015fan ekibin, kentlerin simge mekanlar\u0131n\u0131, k\u00fclt\u00fcr\u00fcn\u00fc ve tarihini \u201ckent belle\u011fi\u201d \u00e7al\u0131\u015fmas\u0131yla gelece\u011fe aktarmay\u0131 hedefledi\u011fi belirtildi. Anadolu Ajans\u0131\u2019n\u0131n haberine g\u00f6re SA\u00dc \u0130leti\u015fim Fak\u00fcltesi Yeni Medya ve \u0130leti\u015fim B\u00f6l\u00fcm\u00fc \u00d6\u011fretim \u00dcyesi Prof. Dr. Aytekin \u0130\u015fman\u2019\u0131n yap\u0131mc\u0131l\u0131\u011f\u0131nda, Uluslararas\u0131 K\u0131br\u0131s \u00dcniversitesi \u00d6\u011fretim \u00dcyesi [&hellip;]","og_url":"https:\/\/kuzeyinsesi.org\/index.php\/2024\/11\/14\/kktcnin-yakin-tarihi-kayit-altina-aliniyor\/","og_site_name":"Kuzeyin Sesi","article_publisher":"https:\/\/www.facebook.com\/kuzeyinsesii","article_published_time":"2024-11-14T14:14:56+00:00","og_image":[{"url":"https:\/\/brtk.net\/wp-content\/uploads\/2024\/11\/14\/aa-20241114-36191817-36191816-akademisyenler-kent-bellegi-projesiyle-kktcnin-yakin-tarihini-kayit-altina-aliyor-scaled.jpg?ver=5703d4b50e851120eb69d6f276148f88","type":"","width":"","height":""}],"author":"Kuzeyin Sesi","twitter_card":"summary_large_image","twitter_creator":"@kuzeyinsesii","twitter_site":"@kuzeyinsesii","twitter_misc":{"Yazan:":"Kuzeyin Sesi","Tahmini okuma s\u00fcresi":"4 dakika"},"schema":{"@context":"https:\/\/schema.org","@graph":[{"@type":"Article","@id":"https:\/\/kuzeyinsesi.org\/index.php\/2024\/11\/14\/kktcnin-yakin-tarihi-kayit-altina-aliniyor\/#article","isPartOf":{"@id":"https:\/\/kuzeyinsesi.org\/index.php\/2024\/11\/14\/kktcnin-yakin-tarihi-kayit-altina-aliniyor\/"},"author":{"name":"Kuzeyin Sesi","@id":"https:\/\/kuzeyinsesi.org\/#\/schema\/person\/9f859689cdf01485597712386e37f5aa"},"headline":"KKTC\u2019nin yak\u0131n tarihi kay\u0131t alt\u0131na al\u0131n\u0131yor","datePublished":"2024-11-14T14:14:56+00:00","mainEntityOfPage":{"@id":"https:\/\/kuzeyinsesi.org\/index.php\/2024\/11\/14\/kktcnin-yakin-tarihi-kayit-altina-aliniyor\/"},"wordCount":759,"commentCount":0,"image":{"@id":"https:\/\/kuzeyinsesi.org\/index.php\/2024\/11\/14\/kktcnin-yakin-tarihi-kayit-altina-aliniyor\/#primaryimage"},"thumbnailUrl":"https:\/\/kuzeyinsesi.org\/wp-content\/uploads\/2024\/11\/aa-20241114-36191817-36191816-akademisyenler-kent-bellegi-projesiyle-kktcnin-yakin-tarihini-kayit-al.jpeg","articleSection":["Ya\u015fam"],"inLanguage":"tr","potentialAction":[{"@type":"CommentAction","name":"Comment","target":["https:\/\/kuzeyinsesi.org\/index.php\/2024\/11\/14\/kktcnin-yakin-tarihi-kayit-altina-aliniyor\/#respond"]}]},{"@type":"WebPage","@id":"https:\/\/kuzeyinsesi.org\/index.php\/2024\/11\/14\/kktcnin-yakin-tarihi-kayit-altina-aliniyor\/","url":"https:\/\/kuzeyinsesi.org\/index.php\/2024\/11\/14\/kktcnin-yakin-tarihi-kayit-altina-aliniyor\/","name":"KKTC\u2019nin yak\u0131n tarihi kay\u0131t alt\u0131na al\u0131n\u0131yor - Kuzeyin Sesi","isPartOf":{"@id":"https:\/\/kuzeyinsesi.org\/#website"},"primaryImageOfPage":{"@id":"https:\/\/kuzeyinsesi.org\/index.php\/2024\/11\/14\/kktcnin-yakin-tarihi-kayit-altina-aliniyor\/#primaryimage"},"image":{"@id":"https:\/\/kuzeyinsesi.org\/index.php\/2024\/11\/14\/kktcnin-yakin-tarihi-kayit-altina-aliniyor\/#primaryimage"},"thumbnailUrl":"https:\/\/kuzeyinsesi.org\/wp-content\/uploads\/2024\/11\/aa-20241114-36191817-36191816-akademisyenler-kent-bellegi-projesiyle-kktcnin-yakin-tarihini-kayit-al.jpeg","datePublished":"2024-11-14T14:14:56+00:00","author":{"@id":"https:\/\/kuzeyinsesi.org\/#\/schema\/person\/9f859689cdf01485597712386e37f5aa"},"breadcrumb":{"@id":"https:\/\/kuzeyinsesi.org\/index.php\/2024\/11\/14\/kktcnin-yakin-tarihi-kayit-altina-aliniyor\/#breadcrumb"},"inLanguage":"tr","potentialAction":[{"@type":"ReadAction","target":["https:\/\/kuzeyinsesi.org\/index.php\/2024\/11\/14\/kktcnin-yakin-tarihi-kayit-altina-aliniyor\/"]}]},{"@type":"ImageObject","inLanguage":"tr","@id":"https:\/\/kuzeyinsesi.org\/index.php\/2024\/11\/14\/kktcnin-yakin-tarihi-kayit-altina-aliniyor\/#primaryimage","url":"https:\/\/kuzeyinsesi.org\/wp-content\/uploads\/2024\/11\/aa-20241114-36191817-36191816-akademisyenler-kent-bellegi-projesiyle-kktcnin-yakin-tarihini-kayit-al.jpeg","contentUrl":"https:\/\/kuzeyinsesi.org\/wp-content\/uploads\/2024\/11\/aa-20241114-36191817-36191816-akademisyenler-kent-bellegi-projesiyle-kktcnin-yakin-tarihini-kayit-al.jpeg","width":2560,"height":1707},{"@type":"BreadcrumbList","@id":"https:\/\/kuzeyinsesi.org\/index.php\/2024\/11\/14\/kktcnin-yakin-tarihi-kayit-altina-aliniyor\/#breadcrumb","itemListElement":[{"@type":"ListItem","position":1,"name":"Anasayfa","item":"https:\/\/kuzeyinsesi.org\/"},{"@type":"ListItem","position":2,"name":"KKTC\u2019nin yak\u0131n tarihi kay\u0131t alt\u0131na al\u0131n\u0131yor"}]},{"@type":"WebSite","@id":"https:\/\/kuzeyinsesi.org\/#website","url":"https:\/\/kuzeyinsesi.org\/","name":"Kuzeyin Sesi","description":"Do\u011fru Haberin Adresi","potentialAction":[{"@type":"SearchAction","target":{"@type":"EntryPoint","urlTemplate":"https:\/\/kuzeyinsesi.org\/?s={search_term_string}"},"query-input":{"@type":"PropertyValueSpecification","valueRequired":true,"valueName":"search_term_string"}}],"inLanguage":"tr"},{"@type":"Person","@id":"https:\/\/kuzeyinsesi.org\/#\/schema\/person\/9f859689cdf01485597712386e37f5aa","name":"Kuzeyin Sesi","image":{"@type":"ImageObject","inLanguage":"tr","@id":"https:\/\/secure.gravatar.com\/avatar\/bab33852abfd8b282518d6ed81826833d77c3c882d9ab608add591ccace47a44?s=96&d=mm&r=g","url":"https:\/\/secure.gravatar.com\/avatar\/bab33852abfd8b282518d6ed81826833d77c3c882d9ab608add591ccace47a44?s=96&d=mm&r=g","contentUrl":"https:\/\/secure.gravatar.com\/avatar\/bab33852abfd8b282518d6ed81826833d77c3c882d9ab608add591ccace47a44?s=96&d=mm&r=g","caption":"Kuzeyin Sesi"},"sameAs":["https:\/\/kuzeyinsesi.org"],"url":"https:\/\/kuzeyinsesi.org\/index.php\/author\/guven\/"}]}},"_links":{"self":[{"href":"https:\/\/kuzeyinsesi.org\/index.php\/wp-json\/wp\/v2\/posts\/13518","targetHints":{"allow":["GET"]}}],"collection":[{"href":"https:\/\/kuzeyinsesi.org\/index.php\/wp-json\/wp\/v2\/posts"}],"about":[{"href":"https:\/\/kuzeyinsesi.org\/index.php\/wp-json\/wp\/v2\/types\/post"}],"author":[{"embeddable":true,"href":"https:\/\/kuzeyinsesi.org\/index.php\/wp-json\/wp\/v2\/users\/1"}],"replies":[{"embeddable":true,"href":"https:\/\/kuzeyinsesi.org\/index.php\/wp-json\/wp\/v2\/comments?post=13518"}],"version-history":[{"count":0,"href":"https:\/\/kuzeyinsesi.org\/index.php\/wp-json\/wp\/v2\/posts\/13518\/revisions"}],"wp:featuredmedia":[{"embeddable":true,"href":"https:\/\/kuzeyinsesi.org\/index.php\/wp-json\/wp\/v2\/media\/13519"}],"wp:attachment":[{"href":"https:\/\/kuzeyinsesi.org\/index.php\/wp-json\/wp\/v2\/media?parent=13518"}],"wp:term":[{"taxonomy":"category","embeddable":true,"href":"https:\/\/kuzeyinsesi.org\/index.php\/wp-json\/wp\/v2\/categories?post=13518"},{"taxonomy":"post_tag","embeddable":true,"href":"https:\/\/kuzeyinsesi.org\/index.php\/wp-json\/wp\/v2\/tags?post=13518"}],"curies":[{"name":"wp","href":"https:\/\/api.w.org\/{rel}","templated":true}]}}