{"id":1351,"date":"2024-05-05T09:55:55","date_gmt":"2024-05-05T06:55:55","guid":{"rendered":"https:\/\/kuzeyinsesi.com\/index.php\/2024\/05\/05\/kolombiyadan-netanyahu-hukumetine-ateskes-cagrisi\/"},"modified":"2024-05-05T09:55:55","modified_gmt":"2024-05-05T06:55:55","slug":"kolombiyadan-netanyahu-hukumetine-ateskes-cagrisi","status":"publish","type":"post","link":"https:\/\/kuzeyinsesi.org\/index.php\/2024\/05\/05\/kolombiyadan-netanyahu-hukumetine-ateskes-cagrisi\/","title":{"rendered":"Kolombiya&#039;dan, Netanyahu h\u00fck\u00fcmetine ate\u015fkes \u00e7a\u011fr\u0131s\u0131"},"content":{"rendered":"<p><\/p>\n<div>\n<p>&#13;<br \/>\n\tSosyal <a href=\"https:\/\/www.trthaber.com\/etiket\/medya\/\" target=\"_blank\" rel=\"noopener\">medya<\/a> hesab\u0131ndan konuya ili\u015fkin payla\u015f\u0131mda bulunan Petro, <em>&#8220;M\u0131s\u0131r&#8217;\u0131n ate\u015fkes \u00f6nerisinin <a href=\"https:\/\/www.trthaber.com\/etiket\/netanyahu\/\" target=\"_blank\" rel=\"noopener\">Netanyahu<\/a> h\u00fck\u00fcmeti taraf\u0131ndan ciddiye al\u0131nmas\u0131n\u0131 umuyoruz. Rehinelerin tamamen serbest b\u0131rak\u0131lmas\u0131 ve \u0130srail&#8217;in de Gazze&#8217;den t\u00fcmden \u00e7ekilmesi. Kolombiya, bombard\u0131manlarda yaralanan Filistinli \u00e7ocuklara bak\u0131m hizmeti sa\u011flayacak&#8221;<\/em> ifadesini kulland\u0131.<\/p>\n<p>&#13;<br \/>\n\tPetro, <a href=\"https:\/\/www.trthaber.com\/etiket\/israil\/\" target=\"_blank\" rel=\"noopener\">\u0130srail<\/a> aleyhine a\u00e7\u0131lan &#8220;soyk\u0131r\u0131m&#8221; davas\u0131na ili\u015fkin Uluslararas\u0131 Adalet Divan\u0131na (UAD) destek vererek, <em>&#8220;Uluslararas\u0131 Adalet Divan\u0131 k\u00fcresel g\u00fcc\u00fcn kar\u015f\u0131s\u0131ndad\u0131r. Barbarl\u0131k ve insanl\u0131k aras\u0131nda belki en \u00f6nemli m\u00fccadelelerden biri veriliyor. Kolombiya&#8217;da ofis a\u00e7acak olan Uluslararas\u0131 Ceza Mahkemesine deste\u011fim tamd\u0131r&#8221;<\/em> de\u011ferlendirmesinde bulundu.<\/p>\n<p>&#13;<br \/>\n\tKolombiya, Gazze&#8217;de Filistin halk\u0131na y\u00f6nelik devam eden sald\u0131r\u0131lar\u0131 gerek\u00e7e g\u00f6stererek \u0130srail ile diplomatik ili\u015fkileri kesti\u011fini resmen duyurmu\u015ftu.<\/p>\n<\/p><\/div>\n","protected":false},"excerpt":{"rendered":"<p>&#13; Sosyal medya hesab\u0131ndan konuya ili\u015fkin payla\u015f\u0131mda bulunan Petro, &#8220;M\u0131s\u0131r&#8217;\u0131n ate\u015fkes \u00f6nerisinin Netanyahu h\u00fck\u00fcmeti taraf\u0131ndan ciddiye al\u0131nmas\u0131n\u0131 umuyoruz. Rehinelerin tamamen serbest b\u0131rak\u0131lmas\u0131 ve \u0130srail&#8217;in de Gazze&#8217;den t\u00fcmden \u00e7ekilmesi. Kolombiya, bombard\u0131manlarda yaralanan Filistinli \u00e7ocuklara bak\u0131m hizmeti sa\u011flayacak&#8221; ifadesini kulland\u0131. &#13; Petro, \u0130srail aleyhine a\u00e7\u0131lan &#8220;soyk\u0131r\u0131m&#8221; davas\u0131na ili\u015fkin Uluslararas\u0131 Adalet Divan\u0131na (UAD) destek vererek, &#8220;Uluslararas\u0131 Adalet Divan\u0131 [&hellip;]<\/p>\n","protected":false},"author":1,"featured_media":1352,"comment_status":"open","ping_status":"open","sticky":false,"template":"","format":"standard","meta":{"jnews-multi-image_gallery":[],"jnews_single_post":[],"jnews_primary_category":[],"jnews_social_meta":[],"jnews_override_counter":[],"footnotes":""},"categories":[2],"tags":[],"class_list":["post-1351","post","type-post","status-publish","format-standard","has-post-thumbnail","hentry","category-dunya"],"yoast_head":"<!-- This site is optimized with the Yoast SEO plugin v27.5 - https:\/\/yoast.com\/product\/yoast-seo-wordpress\/ -->\n<title>Kolombiya&#039;dan, Netanyahu h\u00fck\u00fcmetine ate\u015fkes \u00e7a\u011fr\u0131s\u0131 - Kuzeyin Sesi<\/title>\n<meta name=\"robots\" content=\"index, follow, max-snippet:-1, max-image-preview:large, max-video-preview:-1\" \/>\n<link rel=\"canonical\" href=\"https:\/\/kuzeyinsesi.org\/index.php\/2024\/05\/05\/kolombiyadan-netanyahu-hukumetine-ateskes-cagrisi\/\" \/>\n<meta property=\"og:locale\" content=\"tr_TR\" \/>\n<meta property=\"og:type\" content=\"article\" \/>\n<meta property=\"og:title\" content=\"Kolombiya&#039;dan, Netanyahu h\u00fck\u00fcmetine ate\u015fkes \u00e7a\u011fr\u0131s\u0131 - Kuzeyin Sesi\" \/>\n<meta property=\"og:description\" content=\"&#013; Sosyal medya hesab\u0131ndan konuya ili\u015fkin payla\u015f\u0131mda bulunan Petro, &#8220;M\u0131s\u0131r&#8217;\u0131n ate\u015fkes \u00f6nerisinin Netanyahu h\u00fck\u00fcmeti taraf\u0131ndan ciddiye al\u0131nmas\u0131n\u0131 umuyoruz. Rehinelerin tamamen serbest b\u0131rak\u0131lmas\u0131 ve \u0130srail&#8217;in de Gazze&#8217;den t\u00fcmden \u00e7ekilmesi. Kolombiya, bombard\u0131manlarda yaralanan Filistinli \u00e7ocuklara bak\u0131m hizmeti sa\u011flayacak&#8221; ifadesini kulland\u0131. &#013; Petro, \u0130srail aleyhine a\u00e7\u0131lan &#8220;soyk\u0131r\u0131m&#8221; davas\u0131na ili\u015fkin Uluslararas\u0131 Adalet Divan\u0131na (UAD) destek vererek, &#8220;Uluslararas\u0131 Adalet Divan\u0131 [&hellip;]\" \/>\n<meta property=\"og:url\" content=\"https:\/\/kuzeyinsesi.org\/index.php\/2024\/05\/05\/kolombiyadan-netanyahu-hukumetine-ateskes-cagrisi\/\" \/>\n<meta property=\"og:site_name\" content=\"Kuzeyin Sesi\" \/>\n<meta property=\"article:publisher\" content=\"https:\/\/www.facebook.com\/kuzeyinsesii\" \/>\n<meta property=\"article:published_time\" content=\"2024-05-05T06:55:55+00:00\" \/>\n<meta property=\"og:image\" content=\"https:\/\/kuzeyinsesi.org\/wp-content\/uploads\/2024\/05\/kolombiya-bayragi-getty-2222791.jpg\" \/>\n\t<meta property=\"og:image:width\" content=\"1280\" \/>\n\t<meta property=\"og:image:height\" content=\"720\" \/>\n\t<meta property=\"og:image:type\" content=\"image\/jpeg\" \/>\n<meta name=\"author\" content=\"Kuzeyin Sesi\" \/>\n<meta name=\"twitter:card\" content=\"summary_large_image\" \/>\n<meta name=\"twitter:creator\" content=\"@kuzeyinsesii\" \/>\n<meta name=\"twitter:site\" content=\"@kuzeyinsesii\" \/>\n<meta name=\"twitter:label1\" content=\"Yazan:\" \/>\n\t<meta name=\"twitter:data1\" content=\"Kuzeyin Sesi\" \/>\n\t<meta name=\"twitter:label2\" content=\"Tahmini okuma s\u00fcresi\" \/>\n\t<meta name=\"twitter:data2\" content=\"1 dakika\" \/>\n<script type=\"application\/ld+json\" class=\"yoast-schema-graph\">{\"@context\":\"https:\\\/\\\/schema.org\",\"@graph\":[{\"@type\":\"Article\",\"@id\":\"https:\\\/\\\/kuzeyinsesi.org\\\/index.php\\\/2024\\\/05\\\/05\\\/kolombiyadan-netanyahu-hukumetine-ateskes-cagrisi\\\/#article\",\"isPartOf\":{\"@id\":\"https:\\\/\\\/kuzeyinsesi.org\\\/index.php\\\/2024\\\/05\\\/05\\\/kolombiyadan-netanyahu-hukumetine-ateskes-cagrisi\\\/\"},\"author\":{\"name\":\"Kuzeyin Sesi\",\"@id\":\"https:\\\/\\\/kuzeyinsesi.org\\\/#\\\/schema\\\/person\\\/9f859689cdf01485597712386e37f5aa\"},\"headline\":\"Kolombiya&#039;dan, Netanyahu h\u00fck\u00fcmetine ate\u015fkes \u00e7a\u011fr\u0131s\u0131\",\"datePublished\":\"2024-05-05T06:55:55+00:00\",\"mainEntityOfPage\":{\"@id\":\"https:\\\/\\\/kuzeyinsesi.org\\\/index.php\\\/2024\\\/05\\\/05\\\/kolombiyadan-netanyahu-hukumetine-ateskes-cagrisi\\\/\"},\"wordCount\":156,\"commentCount\":0,\"image\":{\"@id\":\"https:\\\/\\\/kuzeyinsesi.org\\\/index.php\\\/2024\\\/05\\\/05\\\/kolombiyadan-netanyahu-hukumetine-ateskes-cagrisi\\\/#primaryimage\"},\"thumbnailUrl\":\"https:\\\/\\\/kuzeyinsesi.org\\\/wp-content\\\/uploads\\\/2024\\\/05\\\/kolombiya-bayragi-getty-2222791.jpg\",\"articleSection\":[\"D\u00fcnya\"],\"inLanguage\":\"tr\",\"potentialAction\":[{\"@type\":\"CommentAction\",\"name\":\"Comment\",\"target\":[\"https:\\\/\\\/kuzeyinsesi.org\\\/index.php\\\/2024\\\/05\\\/05\\\/kolombiyadan-netanyahu-hukumetine-ateskes-cagrisi\\\/#respond\"]}]},{\"@type\":\"WebPage\",\"@id\":\"https:\\\/\\\/kuzeyinsesi.org\\\/index.php\\\/2024\\\/05\\\/05\\\/kolombiyadan-netanyahu-hukumetine-ateskes-cagrisi\\\/\",\"url\":\"https:\\\/\\\/kuzeyinsesi.org\\\/index.php\\\/2024\\\/05\\\/05\\\/kolombiyadan-netanyahu-hukumetine-ateskes-cagrisi\\\/\",\"name\":\"Kolombiya&#039;dan, Netanyahu h\u00fck\u00fcmetine ate\u015fkes \u00e7a\u011fr\u0131s\u0131 - Kuzeyin Sesi\",\"isPartOf\":{\"@id\":\"https:\\\/\\\/kuzeyinsesi.org\\\/#website\"},\"primaryImageOfPage\":{\"@id\":\"https:\\\/\\\/kuzeyinsesi.org\\\/index.php\\\/2024\\\/05\\\/05\\\/kolombiyadan-netanyahu-hukumetine-ateskes-cagrisi\\\/#primaryimage\"},\"image\":{\"@id\":\"https:\\\/\\\/kuzeyinsesi.org\\\/index.php\\\/2024\\\/05\\\/05\\\/kolombiyadan-netanyahu-hukumetine-ateskes-cagrisi\\\/#primaryimage\"},\"thumbnailUrl\":\"https:\\\/\\\/kuzeyinsesi.org\\\/wp-content\\\/uploads\\\/2024\\\/05\\\/kolombiya-bayragi-getty-2222791.jpg\",\"datePublished\":\"2024-05-05T06:55:55+00:00\",\"author\":{\"@id\":\"https:\\\/\\\/kuzeyinsesi.org\\\/#\\\/schema\\\/person\\\/9f859689cdf01485597712386e37f5aa\"},\"breadcrumb\":{\"@id\":\"https:\\\/\\\/kuzeyinsesi.org\\\/index.php\\\/2024\\\/05\\\/05\\\/kolombiyadan-netanyahu-hukumetine-ateskes-cagrisi\\\/#breadcrumb\"},\"inLanguage\":\"tr\",\"potentialAction\":[{\"@type\":\"ReadAction\",\"target\":[\"https:\\\/\\\/kuzeyinsesi.org\\\/index.php\\\/2024\\\/05\\\/05\\\/kolombiyadan-netanyahu-hukumetine-ateskes-cagrisi\\\/\"]}]},{\"@type\":\"ImageObject\",\"inLanguage\":\"tr\",\"@id\":\"https:\\\/\\\/kuzeyinsesi.org\\\/index.php\\\/2024\\\/05\\\/05\\\/kolombiyadan-netanyahu-hukumetine-ateskes-cagrisi\\\/#primaryimage\",\"url\":\"https:\\\/\\\/kuzeyinsesi.org\\\/wp-content\\\/uploads\\\/2024\\\/05\\\/kolombiya-bayragi-getty-2222791.jpg\",\"contentUrl\":\"https:\\\/\\\/kuzeyinsesi.org\\\/wp-content\\\/uploads\\\/2024\\\/05\\\/kolombiya-bayragi-getty-2222791.jpg\",\"width\":1280,\"height\":720},{\"@type\":\"BreadcrumbList\",\"@id\":\"https:\\\/\\\/kuzeyinsesi.org\\\/index.php\\\/2024\\\/05\\\/05\\\/kolombiyadan-netanyahu-hukumetine-ateskes-cagrisi\\\/#breadcrumb\",\"itemListElement\":[{\"@type\":\"ListItem\",\"position\":1,\"name\":\"Anasayfa\",\"item\":\"https:\\\/\\\/kuzeyinsesi.org\\\/\"},{\"@type\":\"ListItem\",\"position\":2,\"name\":\"Kolombiya&#039;dan, Netanyahu h\u00fck\u00fcmetine ate\u015fkes \u00e7a\u011fr\u0131s\u0131\"}]},{\"@type\":\"WebSite\",\"@id\":\"https:\\\/\\\/kuzeyinsesi.org\\\/#website\",\"url\":\"https:\\\/\\\/kuzeyinsesi.org\\\/\",\"name\":\"Kuzeyin Sesi\",\"description\":\"Do\u011fru Haberin Adresi\",\"potentialAction\":[{\"@type\":\"SearchAction\",\"target\":{\"@type\":\"EntryPoint\",\"urlTemplate\":\"https:\\\/\\\/kuzeyinsesi.org\\\/?s={search_term_string}\"},\"query-input\":{\"@type\":\"PropertyValueSpecification\",\"valueRequired\":true,\"valueName\":\"search_term_string\"}}],\"inLanguage\":\"tr\"},{\"@type\":\"Person\",\"@id\":\"https:\\\/\\\/kuzeyinsesi.org\\\/#\\\/schema\\\/person\\\/9f859689cdf01485597712386e37f5aa\",\"name\":\"Kuzeyin Sesi\",\"image\":{\"@type\":\"ImageObject\",\"inLanguage\":\"tr\",\"@id\":\"https:\\\/\\\/secure.gravatar.com\\\/avatar\\\/bab33852abfd8b282518d6ed81826833d77c3c882d9ab608add591ccace47a44?s=96&d=mm&r=g\",\"url\":\"https:\\\/\\\/secure.gravatar.com\\\/avatar\\\/bab33852abfd8b282518d6ed81826833d77c3c882d9ab608add591ccace47a44?s=96&d=mm&r=g\",\"contentUrl\":\"https:\\\/\\\/secure.gravatar.com\\\/avatar\\\/bab33852abfd8b282518d6ed81826833d77c3c882d9ab608add591ccace47a44?s=96&d=mm&r=g\",\"caption\":\"Kuzeyin Sesi\"},\"sameAs\":[\"https:\\\/\\\/kuzeyinsesi.org\"],\"url\":\"https:\\\/\\\/kuzeyinsesi.org\\\/index.php\\\/author\\\/guven\\\/\"}]}<\/script>\n<!-- \/ Yoast SEO plugin. -->","yoast_head_json":{"title":"Kolombiya&#039;dan, Netanyahu h\u00fck\u00fcmetine ate\u015fkes \u00e7a\u011fr\u0131s\u0131 - Kuzeyin Sesi","robots":{"index":"index","follow":"follow","max-snippet":"max-snippet:-1","max-image-preview":"max-image-preview:large","max-video-preview":"max-video-preview:-1"},"canonical":"https:\/\/kuzeyinsesi.org\/index.php\/2024\/05\/05\/kolombiyadan-netanyahu-hukumetine-ateskes-cagrisi\/","og_locale":"tr_TR","og_type":"article","og_title":"Kolombiya&#039;dan, Netanyahu h\u00fck\u00fcmetine ate\u015fkes \u00e7a\u011fr\u0131s\u0131 - Kuzeyin Sesi","og_description":"&#13; Sosyal medya hesab\u0131ndan konuya ili\u015fkin payla\u015f\u0131mda bulunan Petro, &#8220;M\u0131s\u0131r&#8217;\u0131n ate\u015fkes \u00f6nerisinin Netanyahu h\u00fck\u00fcmeti taraf\u0131ndan ciddiye al\u0131nmas\u0131n\u0131 umuyoruz. Rehinelerin tamamen serbest b\u0131rak\u0131lmas\u0131 ve \u0130srail&#8217;in de Gazze&#8217;den t\u00fcmden \u00e7ekilmesi. Kolombiya, bombard\u0131manlarda yaralanan Filistinli \u00e7ocuklara bak\u0131m hizmeti sa\u011flayacak&#8221; ifadesini kulland\u0131. &#13; Petro, \u0130srail aleyhine a\u00e7\u0131lan &#8220;soyk\u0131r\u0131m&#8221; davas\u0131na ili\u015fkin Uluslararas\u0131 Adalet Divan\u0131na (UAD) destek vererek, &#8220;Uluslararas\u0131 Adalet Divan\u0131 [&hellip;]","og_url":"https:\/\/kuzeyinsesi.org\/index.php\/2024\/05\/05\/kolombiyadan-netanyahu-hukumetine-ateskes-cagrisi\/","og_site_name":"Kuzeyin Sesi","article_publisher":"https:\/\/www.facebook.com\/kuzeyinsesii","article_published_time":"2024-05-05T06:55:55+00:00","og_image":[{"width":1280,"height":720,"url":"https:\/\/kuzeyinsesi.org\/wp-content\/uploads\/2024\/05\/kolombiya-bayragi-getty-2222791.jpg","type":"image\/jpeg"}],"author":"Kuzeyin Sesi","twitter_card":"summary_large_image","twitter_creator":"@kuzeyinsesii","twitter_site":"@kuzeyinsesii","twitter_misc":{"Yazan:":"Kuzeyin Sesi","Tahmini okuma s\u00fcresi":"1 dakika"},"schema":{"@context":"https:\/\/schema.org","@graph":[{"@type":"Article","@id":"https:\/\/kuzeyinsesi.org\/index.php\/2024\/05\/05\/kolombiyadan-netanyahu-hukumetine-ateskes-cagrisi\/#article","isPartOf":{"@id":"https:\/\/kuzeyinsesi.org\/index.php\/2024\/05\/05\/kolombiyadan-netanyahu-hukumetine-ateskes-cagrisi\/"},"author":{"name":"Kuzeyin Sesi","@id":"https:\/\/kuzeyinsesi.org\/#\/schema\/person\/9f859689cdf01485597712386e37f5aa"},"headline":"Kolombiya&#039;dan, Netanyahu h\u00fck\u00fcmetine ate\u015fkes \u00e7a\u011fr\u0131s\u0131","datePublished":"2024-05-05T06:55:55+00:00","mainEntityOfPage":{"@id":"https:\/\/kuzeyinsesi.org\/index.php\/2024\/05\/05\/kolombiyadan-netanyahu-hukumetine-ateskes-cagrisi\/"},"wordCount":156,"commentCount":0,"image":{"@id":"https:\/\/kuzeyinsesi.org\/index.php\/2024\/05\/05\/kolombiyadan-netanyahu-hukumetine-ateskes-cagrisi\/#primaryimage"},"thumbnailUrl":"https:\/\/kuzeyinsesi.org\/wp-content\/uploads\/2024\/05\/kolombiya-bayragi-getty-2222791.jpg","articleSection":["D\u00fcnya"],"inLanguage":"tr","potentialAction":[{"@type":"CommentAction","name":"Comment","target":["https:\/\/kuzeyinsesi.org\/index.php\/2024\/05\/05\/kolombiyadan-netanyahu-hukumetine-ateskes-cagrisi\/#respond"]}]},{"@type":"WebPage","@id":"https:\/\/kuzeyinsesi.org\/index.php\/2024\/05\/05\/kolombiyadan-netanyahu-hukumetine-ateskes-cagrisi\/","url":"https:\/\/kuzeyinsesi.org\/index.php\/2024\/05\/05\/kolombiyadan-netanyahu-hukumetine-ateskes-cagrisi\/","name":"Kolombiya&#039;dan, Netanyahu h\u00fck\u00fcmetine ate\u015fkes \u00e7a\u011fr\u0131s\u0131 - Kuzeyin Sesi","isPartOf":{"@id":"https:\/\/kuzeyinsesi.org\/#website"},"primaryImageOfPage":{"@id":"https:\/\/kuzeyinsesi.org\/index.php\/2024\/05\/05\/kolombiyadan-netanyahu-hukumetine-ateskes-cagrisi\/#primaryimage"},"image":{"@id":"https:\/\/kuzeyinsesi.org\/index.php\/2024\/05\/05\/kolombiyadan-netanyahu-hukumetine-ateskes-cagrisi\/#primaryimage"},"thumbnailUrl":"https:\/\/kuzeyinsesi.org\/wp-content\/uploads\/2024\/05\/kolombiya-bayragi-getty-2222791.jpg","datePublished":"2024-05-05T06:55:55+00:00","author":{"@id":"https:\/\/kuzeyinsesi.org\/#\/schema\/person\/9f859689cdf01485597712386e37f5aa"},"breadcrumb":{"@id":"https:\/\/kuzeyinsesi.org\/index.php\/2024\/05\/05\/kolombiyadan-netanyahu-hukumetine-ateskes-cagrisi\/#breadcrumb"},"inLanguage":"tr","potentialAction":[{"@type":"ReadAction","target":["https:\/\/kuzeyinsesi.org\/index.php\/2024\/05\/05\/kolombiyadan-netanyahu-hukumetine-ateskes-cagrisi\/"]}]},{"@type":"ImageObject","inLanguage":"tr","@id":"https:\/\/kuzeyinsesi.org\/index.php\/2024\/05\/05\/kolombiyadan-netanyahu-hukumetine-ateskes-cagrisi\/#primaryimage","url":"https:\/\/kuzeyinsesi.org\/wp-content\/uploads\/2024\/05\/kolombiya-bayragi-getty-2222791.jpg","contentUrl":"https:\/\/kuzeyinsesi.org\/wp-content\/uploads\/2024\/05\/kolombiya-bayragi-getty-2222791.jpg","width":1280,"height":720},{"@type":"BreadcrumbList","@id":"https:\/\/kuzeyinsesi.org\/index.php\/2024\/05\/05\/kolombiyadan-netanyahu-hukumetine-ateskes-cagrisi\/#breadcrumb","itemListElement":[{"@type":"ListItem","position":1,"name":"Anasayfa","item":"https:\/\/kuzeyinsesi.org\/"},{"@type":"ListItem","position":2,"name":"Kolombiya&#039;dan, Netanyahu h\u00fck\u00fcmetine ate\u015fkes \u00e7a\u011fr\u0131s\u0131"}]},{"@type":"WebSite","@id":"https:\/\/kuzeyinsesi.org\/#website","url":"https:\/\/kuzeyinsesi.org\/","name":"Kuzeyin Sesi","description":"Do\u011fru Haberin Adresi","potentialAction":[{"@type":"SearchAction","target":{"@type":"EntryPoint","urlTemplate":"https:\/\/kuzeyinsesi.org\/?s={search_term_string}"},"query-input":{"@type":"PropertyValueSpecification","valueRequired":true,"valueName":"search_term_string"}}],"inLanguage":"tr"},{"@type":"Person","@id":"https:\/\/kuzeyinsesi.org\/#\/schema\/person\/9f859689cdf01485597712386e37f5aa","name":"Kuzeyin Sesi","image":{"@type":"ImageObject","inLanguage":"tr","@id":"https:\/\/secure.gravatar.com\/avatar\/bab33852abfd8b282518d6ed81826833d77c3c882d9ab608add591ccace47a44?s=96&d=mm&r=g","url":"https:\/\/secure.gravatar.com\/avatar\/bab33852abfd8b282518d6ed81826833d77c3c882d9ab608add591ccace47a44?s=96&d=mm&r=g","contentUrl":"https:\/\/secure.gravatar.com\/avatar\/bab33852abfd8b282518d6ed81826833d77c3c882d9ab608add591ccace47a44?s=96&d=mm&r=g","caption":"Kuzeyin Sesi"},"sameAs":["https:\/\/kuzeyinsesi.org"],"url":"https:\/\/kuzeyinsesi.org\/index.php\/author\/guven\/"}]}},"_links":{"self":[{"href":"https:\/\/kuzeyinsesi.org\/index.php\/wp-json\/wp\/v2\/posts\/1351","targetHints":{"allow":["GET"]}}],"collection":[{"href":"https:\/\/kuzeyinsesi.org\/index.php\/wp-json\/wp\/v2\/posts"}],"about":[{"href":"https:\/\/kuzeyinsesi.org\/index.php\/wp-json\/wp\/v2\/types\/post"}],"author":[{"embeddable":true,"href":"https:\/\/kuzeyinsesi.org\/index.php\/wp-json\/wp\/v2\/users\/1"}],"replies":[{"embeddable":true,"href":"https:\/\/kuzeyinsesi.org\/index.php\/wp-json\/wp\/v2\/comments?post=1351"}],"version-history":[{"count":0,"href":"https:\/\/kuzeyinsesi.org\/index.php\/wp-json\/wp\/v2\/posts\/1351\/revisions"}],"wp:featuredmedia":[{"embeddable":true,"href":"https:\/\/kuzeyinsesi.org\/index.php\/wp-json\/wp\/v2\/media\/1352"}],"wp:attachment":[{"href":"https:\/\/kuzeyinsesi.org\/index.php\/wp-json\/wp\/v2\/media?parent=1351"}],"wp:term":[{"taxonomy":"category","embeddable":true,"href":"https:\/\/kuzeyinsesi.org\/index.php\/wp-json\/wp\/v2\/categories?post=1351"},{"taxonomy":"post_tag","embeddable":true,"href":"https:\/\/kuzeyinsesi.org\/index.php\/wp-json\/wp\/v2\/tags?post=1351"}],"curies":[{"name":"wp","href":"https:\/\/api.w.org\/{rel}","templated":true}]}}