{"id":13508,"date":"2024-11-14T14:10:12","date_gmt":"2024-11-14T12:10:12","guid":{"rendered":"https:\/\/kuzeyinsesi.org\/index.php\/2024\/11\/14\/building-community-art-for-social-action-etkinligi-duzenlenecek\/"},"modified":"2024-11-14T14:10:12","modified_gmt":"2024-11-14T12:10:12","slug":"building-community-art-for-social-action-etkinligi-duzenlenecek","status":"publish","type":"post","link":"https:\/\/kuzeyinsesi.org\/index.php\/2024\/11\/14\/building-community-art-for-social-action-etkinligi-duzenlenecek\/","title":{"rendered":"Building Community-Art for Social Action etkinli\u011fi d\u00fczenlenecek"},"content":{"rendered":"<div>\n<div class=\"mariselle-image-container center\">\n                                            <\/div>\n<p>Avrupa Birli\u011fi\u2019nin K\u0131br\u0131s T\u00fcrk Toplumuna Y\u00f6nelik Yard\u0131m Program\u0131 kapsam\u0131nda finanse edilen \u201cBuilding Community-Art for Social Action\u201d (BCASA) projesi \u00e7er\u00e7evesinde 29 Kas\u0131m\u2019da Lefko\u015fa\u2019daki Goethe-Institute\u2019de tam g\u00fcnl\u00fck bir etkinlik d\u00fczenlenecek.<\/p>\n<p>BCASA ekibi taraf\u0131ndan yap\u0131lan a\u00e7\u0131klamaya g\u00f6re, \u0130ngilizce olacak etkinlik saat 10.00\u2019da ba\u015flayacak.<\/p>\n<p>Visual Voices (VV), The Civil Society Initiative Association (SiTi) ve Mediterranean Management Centre of the Mediterranean (MC-Med) taraf\u0131ndan y\u00fcr\u00fct\u00fclen \u201cBuilding Community \u2013 Art for Social Action\u201d projesinin bir par\u00e7as\u0131 olan etkinlik, Lefko\u015fa\u2019daki \u0130ngiliz Y\u00fcksek Komiserli\u011fi\u2019nin ortak finansman\u0131 ile yap\u0131lacak.<\/p>\n<p>Lefko\u015fa T\u00fcrk Belediyesi Ba\u015fkan\u0131 Mehmet Harmanc\u0131 ve Lefko\u015fa Rum Belediye Ba\u015fkan\u0131 Charalambos Prountzos\u2019un a\u00e7\u0131l\u0131\u015f konu\u015fmalar\u0131yla ba\u015flayacak etkinlikte, sanat\u00e7\u0131 \u00dcmit \u0130nat\u00e7\u0131 ve G\u00fcney K\u0131br\u0131s Rum Y\u00f6netimi eski K\u00fclt\u00fcr Bakan Yard\u0131mc\u0131s\u0131 Dr. Yiannis Toumazis ana konu\u015fmac\u0131 olarak yer alacak.<\/p>\n<p>G\u00fcn boyunca devam edecek etkinlikte, panel tart\u0131\u015fmalar\u0131 ve a\u011f kurma oturumlar\u0131 d\u00fczenlenecek; \u00e7a\u011fda\u015f K\u0131br\u0131s sanat\u0131n\u0131n, sivil toplum kurulu\u015flar\u0131 ve yerel y\u00f6netimlerle i\u015fbirli\u011fi i\u00e7inde toplumsal diyalo\u011fu nas\u0131l te\u015fvik edebilece\u011fi ve olumlu sosyal de\u011fi\u015fime nas\u0131l katk\u0131da bulunabilece\u011fi ele al\u0131nacak. Ayr\u0131ca \u201cArt for Social Action\u201d projesi kapsam\u0131nda, sanat\u00e7\u0131lar ile sivil toplum kurulu\u015flar\u0131n\u0131n i\u015fbirli\u011fi ile g\u00f6\u00e7men haklar\u0131, LGBTQ+ deneyimleri, \u00e7ok toplumlu entegrasyon ve \u00e7evresel adalet gibi \u00f6nemli konular\u0131 ele alan yedi kamusal sanat eseri sergilenecek ve tart\u0131\u015fmaya a\u00e7\u0131lacak.<\/p>\n<p>Halka a\u00e7\u0131k olacak etkinlikte konferansa ve\/veya a\u011f kurma etkinli\u011fine kat\u0131lmak isteyenlerin, 25 Kas\u0131m\u2019a kadar kay\u0131t formunu doldurmas\u0131 gerekiyor.<\/p>\n<p>BCASA; sanat\u00e7\u0131lar\u0131, aktivistleri, sivil toplum kurulu\u015flar\u0131n\u0131 ve yerel y\u00f6netim temsilcilerini bir araya getirerek toplumsal diyalo\u011fu te\u015fvik etmeyi ve sosyal de\u011fi\u015fime katk\u0131 sa\u011flamay\u0131 ama\u00e7l\u0131yor.<\/p>\n<\/p><\/div>\n<p><script async\n                    defer\n                    crossorigin=\"anonymous\"\n                    src=\"https:\/\/connect.facebook.net\/tr_TR\/sdk.js#xfbml=1&#038;version=v3.3\"\n            ><\/script><\/p>\n","protected":false},"excerpt":{"rendered":"<p>Avrupa Birli\u011fi\u2019nin K\u0131br\u0131s T\u00fcrk Toplumuna Y\u00f6nelik Yard\u0131m Program\u0131 kapsam\u0131nda finanse edilen \u201cBuilding Community-Art for Social Action\u201d (BCASA) projesi \u00e7er\u00e7evesinde 29 Kas\u0131m\u2019da Lefko\u015fa\u2019daki Goethe-Institute\u2019de tam g\u00fcnl\u00fck bir etkinlik d\u00fczenlenecek. BCASA ekibi taraf\u0131ndan yap\u0131lan a\u00e7\u0131klamaya g\u00f6re, \u0130ngilizce olacak etkinlik saat 10.00\u2019da ba\u015flayacak. Visual Voices (VV), The Civil Society Initiative Association (SiTi) ve Mediterranean Management Centre of the [&hellip;]<\/p>\n","protected":false},"author":1,"featured_media":13509,"comment_status":"open","ping_status":"open","sticky":false,"template":"","format":"standard","meta":{"jnews-multi-image_gallery":[],"jnews_single_post":[],"jnews_primary_category":[],"jnews_social_meta":[],"jnews_override_counter":[],"footnotes":""},"categories":[6],"tags":[],"class_list":["post-13508","post","type-post","status-publish","format-standard","has-post-thumbnail","hentry","category-yasam"],"yoast_head":"<!-- This site is optimized with the Yoast SEO plugin v27.4 - https:\/\/yoast.com\/product\/yoast-seo-wordpress\/ -->\n<title>Building Community-Art for Social Action etkinli\u011fi d\u00fczenlenecek - Kuzeyin Sesi<\/title>\n<meta name=\"robots\" content=\"index, follow, max-snippet:-1, max-image-preview:large, max-video-preview:-1\" \/>\n<link rel=\"canonical\" href=\"https:\/\/kuzeyinsesi.org\/index.php\/2024\/11\/14\/building-community-art-for-social-action-etkinligi-duzenlenecek\/\" \/>\n<meta property=\"og:locale\" content=\"tr_TR\" \/>\n<meta property=\"og:type\" content=\"article\" \/>\n<meta property=\"og:title\" content=\"Building Community-Art for Social Action etkinli\u011fi d\u00fczenlenecek - Kuzeyin Sesi\" \/>\n<meta property=\"og:description\" content=\"Avrupa Birli\u011fi\u2019nin K\u0131br\u0131s T\u00fcrk Toplumuna Y\u00f6nelik Yard\u0131m Program\u0131 kapsam\u0131nda finanse edilen \u201cBuilding Community-Art for Social Action\u201d (BCASA) projesi \u00e7er\u00e7evesinde 29 Kas\u0131m\u2019da Lefko\u015fa\u2019daki Goethe-Institute\u2019de tam g\u00fcnl\u00fck bir etkinlik d\u00fczenlenecek. BCASA ekibi taraf\u0131ndan yap\u0131lan a\u00e7\u0131klamaya g\u00f6re, \u0130ngilizce olacak etkinlik saat 10.00\u2019da ba\u015flayacak. Visual Voices (VV), The Civil Society Initiative Association (SiTi) ve Mediterranean Management Centre of the [&hellip;]\" \/>\n<meta property=\"og:url\" content=\"https:\/\/kuzeyinsesi.org\/index.php\/2024\/11\/14\/building-community-art-for-social-action-etkinligi-duzenlenecek\/\" \/>\n<meta property=\"og:site_name\" content=\"Kuzeyin Sesi\" \/>\n<meta property=\"article:publisher\" content=\"https:\/\/www.facebook.com\/kuzeyinsesii\" \/>\n<meta property=\"article:published_time\" content=\"2024-11-14T12:10:12+00:00\" \/>\n<meta property=\"og:image\" content=\"https:\/\/brtk.net\/wp-content\/uploads\/2024\/11\/14\/bcasa-poster-scaled.jpg?ver=b94e77eea546afe3c0f95edb98e95e89\" \/>\n<meta name=\"author\" content=\"Kuzeyin Sesi\" \/>\n<meta name=\"twitter:card\" content=\"summary_large_image\" \/>\n<meta name=\"twitter:creator\" content=\"@kuzeyinsesii\" \/>\n<meta name=\"twitter:site\" content=\"@kuzeyinsesii\" \/>\n<meta name=\"twitter:label1\" content=\"Yazan:\" \/>\n\t<meta name=\"twitter:data1\" content=\"Kuzeyin Sesi\" \/>\n\t<meta name=\"twitter:label2\" content=\"Tahmini okuma s\u00fcresi\" \/>\n\t<meta name=\"twitter:data2\" content=\"2 dakika\" \/>\n<script type=\"application\/ld+json\" class=\"yoast-schema-graph\">{\"@context\":\"https:\\\/\\\/schema.org\",\"@graph\":[{\"@type\":\"Article\",\"@id\":\"https:\\\/\\\/kuzeyinsesi.org\\\/index.php\\\/2024\\\/11\\\/14\\\/building-community-art-for-social-action-etkinligi-duzenlenecek\\\/#article\",\"isPartOf\":{\"@id\":\"https:\\\/\\\/kuzeyinsesi.org\\\/index.php\\\/2024\\\/11\\\/14\\\/building-community-art-for-social-action-etkinligi-duzenlenecek\\\/\"},\"author\":{\"name\":\"Kuzeyin Sesi\",\"@id\":\"https:\\\/\\\/kuzeyinsesi.org\\\/#\\\/schema\\\/person\\\/9f859689cdf01485597712386e37f5aa\"},\"headline\":\"Building Community-Art for Social Action etkinli\u011fi d\u00fczenlenecek\",\"datePublished\":\"2024-11-14T12:10:12+00:00\",\"mainEntityOfPage\":{\"@id\":\"https:\\\/\\\/kuzeyinsesi.org\\\/index.php\\\/2024\\\/11\\\/14\\\/building-community-art-for-social-action-etkinligi-duzenlenecek\\\/\"},\"wordCount\":341,\"commentCount\":0,\"image\":{\"@id\":\"https:\\\/\\\/kuzeyinsesi.org\\\/index.php\\\/2024\\\/11\\\/14\\\/building-community-art-for-social-action-etkinligi-duzenlenecek\\\/#primaryimage\"},\"thumbnailUrl\":\"https:\\\/\\\/kuzeyinsesi.org\\\/wp-content\\\/uploads\\\/2024\\\/11\\\/bcasa-poster-scaled.jpg\",\"articleSection\":[\"Ya\u015fam\"],\"inLanguage\":\"tr\",\"potentialAction\":[{\"@type\":\"CommentAction\",\"name\":\"Comment\",\"target\":[\"https:\\\/\\\/kuzeyinsesi.org\\\/index.php\\\/2024\\\/11\\\/14\\\/building-community-art-for-social-action-etkinligi-duzenlenecek\\\/#respond\"]}]},{\"@type\":\"WebPage\",\"@id\":\"https:\\\/\\\/kuzeyinsesi.org\\\/index.php\\\/2024\\\/11\\\/14\\\/building-community-art-for-social-action-etkinligi-duzenlenecek\\\/\",\"url\":\"https:\\\/\\\/kuzeyinsesi.org\\\/index.php\\\/2024\\\/11\\\/14\\\/building-community-art-for-social-action-etkinligi-duzenlenecek\\\/\",\"name\":\"Building Community-Art for Social Action etkinli\u011fi d\u00fczenlenecek - Kuzeyin Sesi\",\"isPartOf\":{\"@id\":\"https:\\\/\\\/kuzeyinsesi.org\\\/#website\"},\"primaryImageOfPage\":{\"@id\":\"https:\\\/\\\/kuzeyinsesi.org\\\/index.php\\\/2024\\\/11\\\/14\\\/building-community-art-for-social-action-etkinligi-duzenlenecek\\\/#primaryimage\"},\"image\":{\"@id\":\"https:\\\/\\\/kuzeyinsesi.org\\\/index.php\\\/2024\\\/11\\\/14\\\/building-community-art-for-social-action-etkinligi-duzenlenecek\\\/#primaryimage\"},\"thumbnailUrl\":\"https:\\\/\\\/kuzeyinsesi.org\\\/wp-content\\\/uploads\\\/2024\\\/11\\\/bcasa-poster-scaled.jpg\",\"datePublished\":\"2024-11-14T12:10:12+00:00\",\"author\":{\"@id\":\"https:\\\/\\\/kuzeyinsesi.org\\\/#\\\/schema\\\/person\\\/9f859689cdf01485597712386e37f5aa\"},\"breadcrumb\":{\"@id\":\"https:\\\/\\\/kuzeyinsesi.org\\\/index.php\\\/2024\\\/11\\\/14\\\/building-community-art-for-social-action-etkinligi-duzenlenecek\\\/#breadcrumb\"},\"inLanguage\":\"tr\",\"potentialAction\":[{\"@type\":\"ReadAction\",\"target\":[\"https:\\\/\\\/kuzeyinsesi.org\\\/index.php\\\/2024\\\/11\\\/14\\\/building-community-art-for-social-action-etkinligi-duzenlenecek\\\/\"]}]},{\"@type\":\"ImageObject\",\"inLanguage\":\"tr\",\"@id\":\"https:\\\/\\\/kuzeyinsesi.org\\\/index.php\\\/2024\\\/11\\\/14\\\/building-community-art-for-social-action-etkinligi-duzenlenecek\\\/#primaryimage\",\"url\":\"https:\\\/\\\/kuzeyinsesi.org\\\/wp-content\\\/uploads\\\/2024\\\/11\\\/bcasa-poster-scaled.jpg\",\"contentUrl\":\"https:\\\/\\\/kuzeyinsesi.org\\\/wp-content\\\/uploads\\\/2024\\\/11\\\/bcasa-poster-scaled.jpg\",\"width\":1810,\"height\":2560},{\"@type\":\"BreadcrumbList\",\"@id\":\"https:\\\/\\\/kuzeyinsesi.org\\\/index.php\\\/2024\\\/11\\\/14\\\/building-community-art-for-social-action-etkinligi-duzenlenecek\\\/#breadcrumb\",\"itemListElement\":[{\"@type\":\"ListItem\",\"position\":1,\"name\":\"Anasayfa\",\"item\":\"https:\\\/\\\/kuzeyinsesi.org\\\/\"},{\"@type\":\"ListItem\",\"position\":2,\"name\":\"Building Community-Art for Social Action etkinli\u011fi d\u00fczenlenecek\"}]},{\"@type\":\"WebSite\",\"@id\":\"https:\\\/\\\/kuzeyinsesi.org\\\/#website\",\"url\":\"https:\\\/\\\/kuzeyinsesi.org\\\/\",\"name\":\"Kuzeyin Sesi\",\"description\":\"Do\u011fru Haberin Adresi\",\"potentialAction\":[{\"@type\":\"SearchAction\",\"target\":{\"@type\":\"EntryPoint\",\"urlTemplate\":\"https:\\\/\\\/kuzeyinsesi.org\\\/?s={search_term_string}\"},\"query-input\":{\"@type\":\"PropertyValueSpecification\",\"valueRequired\":true,\"valueName\":\"search_term_string\"}}],\"inLanguage\":\"tr\"},{\"@type\":\"Person\",\"@id\":\"https:\\\/\\\/kuzeyinsesi.org\\\/#\\\/schema\\\/person\\\/9f859689cdf01485597712386e37f5aa\",\"name\":\"Kuzeyin Sesi\",\"image\":{\"@type\":\"ImageObject\",\"inLanguage\":\"tr\",\"@id\":\"https:\\\/\\\/secure.gravatar.com\\\/avatar\\\/bab33852abfd8b282518d6ed81826833d77c3c882d9ab608add591ccace47a44?s=96&d=mm&r=g\",\"url\":\"https:\\\/\\\/secure.gravatar.com\\\/avatar\\\/bab33852abfd8b282518d6ed81826833d77c3c882d9ab608add591ccace47a44?s=96&d=mm&r=g\",\"contentUrl\":\"https:\\\/\\\/secure.gravatar.com\\\/avatar\\\/bab33852abfd8b282518d6ed81826833d77c3c882d9ab608add591ccace47a44?s=96&d=mm&r=g\",\"caption\":\"Kuzeyin Sesi\"},\"sameAs\":[\"https:\\\/\\\/kuzeyinsesi.org\"],\"url\":\"https:\\\/\\\/kuzeyinsesi.org\\\/index.php\\\/author\\\/guven\\\/\"}]}<\/script>\n<!-- \/ Yoast SEO plugin. -->","yoast_head_json":{"title":"Building Community-Art for Social Action etkinli\u011fi d\u00fczenlenecek - Kuzeyin Sesi","robots":{"index":"index","follow":"follow","max-snippet":"max-snippet:-1","max-image-preview":"max-image-preview:large","max-video-preview":"max-video-preview:-1"},"canonical":"https:\/\/kuzeyinsesi.org\/index.php\/2024\/11\/14\/building-community-art-for-social-action-etkinligi-duzenlenecek\/","og_locale":"tr_TR","og_type":"article","og_title":"Building Community-Art for Social Action etkinli\u011fi d\u00fczenlenecek - Kuzeyin Sesi","og_description":"Avrupa Birli\u011fi\u2019nin K\u0131br\u0131s T\u00fcrk Toplumuna Y\u00f6nelik Yard\u0131m Program\u0131 kapsam\u0131nda finanse edilen \u201cBuilding Community-Art for Social Action\u201d (BCASA) projesi \u00e7er\u00e7evesinde 29 Kas\u0131m\u2019da Lefko\u015fa\u2019daki Goethe-Institute\u2019de tam g\u00fcnl\u00fck bir etkinlik d\u00fczenlenecek. BCASA ekibi taraf\u0131ndan yap\u0131lan a\u00e7\u0131klamaya g\u00f6re, \u0130ngilizce olacak etkinlik saat 10.00\u2019da ba\u015flayacak. Visual Voices (VV), The Civil Society Initiative Association (SiTi) ve Mediterranean Management Centre of the [&hellip;]","og_url":"https:\/\/kuzeyinsesi.org\/index.php\/2024\/11\/14\/building-community-art-for-social-action-etkinligi-duzenlenecek\/","og_site_name":"Kuzeyin Sesi","article_publisher":"https:\/\/www.facebook.com\/kuzeyinsesii","article_published_time":"2024-11-14T12:10:12+00:00","og_image":[{"url":"https:\/\/brtk.net\/wp-content\/uploads\/2024\/11\/14\/bcasa-poster-scaled.jpg?ver=b94e77eea546afe3c0f95edb98e95e89","type":"","width":"","height":""}],"author":"Kuzeyin Sesi","twitter_card":"summary_large_image","twitter_creator":"@kuzeyinsesii","twitter_site":"@kuzeyinsesii","twitter_misc":{"Yazan:":"Kuzeyin Sesi","Tahmini okuma s\u00fcresi":"2 dakika"},"schema":{"@context":"https:\/\/schema.org","@graph":[{"@type":"Article","@id":"https:\/\/kuzeyinsesi.org\/index.php\/2024\/11\/14\/building-community-art-for-social-action-etkinligi-duzenlenecek\/#article","isPartOf":{"@id":"https:\/\/kuzeyinsesi.org\/index.php\/2024\/11\/14\/building-community-art-for-social-action-etkinligi-duzenlenecek\/"},"author":{"name":"Kuzeyin Sesi","@id":"https:\/\/kuzeyinsesi.org\/#\/schema\/person\/9f859689cdf01485597712386e37f5aa"},"headline":"Building Community-Art for Social Action etkinli\u011fi d\u00fczenlenecek","datePublished":"2024-11-14T12:10:12+00:00","mainEntityOfPage":{"@id":"https:\/\/kuzeyinsesi.org\/index.php\/2024\/11\/14\/building-community-art-for-social-action-etkinligi-duzenlenecek\/"},"wordCount":341,"commentCount":0,"image":{"@id":"https:\/\/kuzeyinsesi.org\/index.php\/2024\/11\/14\/building-community-art-for-social-action-etkinligi-duzenlenecek\/#primaryimage"},"thumbnailUrl":"https:\/\/kuzeyinsesi.org\/wp-content\/uploads\/2024\/11\/bcasa-poster-scaled.jpg","articleSection":["Ya\u015fam"],"inLanguage":"tr","potentialAction":[{"@type":"CommentAction","name":"Comment","target":["https:\/\/kuzeyinsesi.org\/index.php\/2024\/11\/14\/building-community-art-for-social-action-etkinligi-duzenlenecek\/#respond"]}]},{"@type":"WebPage","@id":"https:\/\/kuzeyinsesi.org\/index.php\/2024\/11\/14\/building-community-art-for-social-action-etkinligi-duzenlenecek\/","url":"https:\/\/kuzeyinsesi.org\/index.php\/2024\/11\/14\/building-community-art-for-social-action-etkinligi-duzenlenecek\/","name":"Building Community-Art for Social Action etkinli\u011fi d\u00fczenlenecek - Kuzeyin Sesi","isPartOf":{"@id":"https:\/\/kuzeyinsesi.org\/#website"},"primaryImageOfPage":{"@id":"https:\/\/kuzeyinsesi.org\/index.php\/2024\/11\/14\/building-community-art-for-social-action-etkinligi-duzenlenecek\/#primaryimage"},"image":{"@id":"https:\/\/kuzeyinsesi.org\/index.php\/2024\/11\/14\/building-community-art-for-social-action-etkinligi-duzenlenecek\/#primaryimage"},"thumbnailUrl":"https:\/\/kuzeyinsesi.org\/wp-content\/uploads\/2024\/11\/bcasa-poster-scaled.jpg","datePublished":"2024-11-14T12:10:12+00:00","author":{"@id":"https:\/\/kuzeyinsesi.org\/#\/schema\/person\/9f859689cdf01485597712386e37f5aa"},"breadcrumb":{"@id":"https:\/\/kuzeyinsesi.org\/index.php\/2024\/11\/14\/building-community-art-for-social-action-etkinligi-duzenlenecek\/#breadcrumb"},"inLanguage":"tr","potentialAction":[{"@type":"ReadAction","target":["https:\/\/kuzeyinsesi.org\/index.php\/2024\/11\/14\/building-community-art-for-social-action-etkinligi-duzenlenecek\/"]}]},{"@type":"ImageObject","inLanguage":"tr","@id":"https:\/\/kuzeyinsesi.org\/index.php\/2024\/11\/14\/building-community-art-for-social-action-etkinligi-duzenlenecek\/#primaryimage","url":"https:\/\/kuzeyinsesi.org\/wp-content\/uploads\/2024\/11\/bcasa-poster-scaled.jpg","contentUrl":"https:\/\/kuzeyinsesi.org\/wp-content\/uploads\/2024\/11\/bcasa-poster-scaled.jpg","width":1810,"height":2560},{"@type":"BreadcrumbList","@id":"https:\/\/kuzeyinsesi.org\/index.php\/2024\/11\/14\/building-community-art-for-social-action-etkinligi-duzenlenecek\/#breadcrumb","itemListElement":[{"@type":"ListItem","position":1,"name":"Anasayfa","item":"https:\/\/kuzeyinsesi.org\/"},{"@type":"ListItem","position":2,"name":"Building Community-Art for Social Action etkinli\u011fi d\u00fczenlenecek"}]},{"@type":"WebSite","@id":"https:\/\/kuzeyinsesi.org\/#website","url":"https:\/\/kuzeyinsesi.org\/","name":"Kuzeyin Sesi","description":"Do\u011fru Haberin Adresi","potentialAction":[{"@type":"SearchAction","target":{"@type":"EntryPoint","urlTemplate":"https:\/\/kuzeyinsesi.org\/?s={search_term_string}"},"query-input":{"@type":"PropertyValueSpecification","valueRequired":true,"valueName":"search_term_string"}}],"inLanguage":"tr"},{"@type":"Person","@id":"https:\/\/kuzeyinsesi.org\/#\/schema\/person\/9f859689cdf01485597712386e37f5aa","name":"Kuzeyin Sesi","image":{"@type":"ImageObject","inLanguage":"tr","@id":"https:\/\/secure.gravatar.com\/avatar\/bab33852abfd8b282518d6ed81826833d77c3c882d9ab608add591ccace47a44?s=96&d=mm&r=g","url":"https:\/\/secure.gravatar.com\/avatar\/bab33852abfd8b282518d6ed81826833d77c3c882d9ab608add591ccace47a44?s=96&d=mm&r=g","contentUrl":"https:\/\/secure.gravatar.com\/avatar\/bab33852abfd8b282518d6ed81826833d77c3c882d9ab608add591ccace47a44?s=96&d=mm&r=g","caption":"Kuzeyin Sesi"},"sameAs":["https:\/\/kuzeyinsesi.org"],"url":"https:\/\/kuzeyinsesi.org\/index.php\/author\/guven\/"}]}},"_links":{"self":[{"href":"https:\/\/kuzeyinsesi.org\/index.php\/wp-json\/wp\/v2\/posts\/13508","targetHints":{"allow":["GET"]}}],"collection":[{"href":"https:\/\/kuzeyinsesi.org\/index.php\/wp-json\/wp\/v2\/posts"}],"about":[{"href":"https:\/\/kuzeyinsesi.org\/index.php\/wp-json\/wp\/v2\/types\/post"}],"author":[{"embeddable":true,"href":"https:\/\/kuzeyinsesi.org\/index.php\/wp-json\/wp\/v2\/users\/1"}],"replies":[{"embeddable":true,"href":"https:\/\/kuzeyinsesi.org\/index.php\/wp-json\/wp\/v2\/comments?post=13508"}],"version-history":[{"count":0,"href":"https:\/\/kuzeyinsesi.org\/index.php\/wp-json\/wp\/v2\/posts\/13508\/revisions"}],"wp:featuredmedia":[{"embeddable":true,"href":"https:\/\/kuzeyinsesi.org\/index.php\/wp-json\/wp\/v2\/media\/13509"}],"wp:attachment":[{"href":"https:\/\/kuzeyinsesi.org\/index.php\/wp-json\/wp\/v2\/media?parent=13508"}],"wp:term":[{"taxonomy":"category","embeddable":true,"href":"https:\/\/kuzeyinsesi.org\/index.php\/wp-json\/wp\/v2\/categories?post=13508"},{"taxonomy":"post_tag","embeddable":true,"href":"https:\/\/kuzeyinsesi.org\/index.php\/wp-json\/wp\/v2\/tags?post=13508"}],"curies":[{"name":"wp","href":"https:\/\/api.w.org\/{rel}","templated":true}]}}