{"id":13453,"date":"2024-11-13T21:26:36","date_gmt":"2024-11-13T19:26:36","guid":{"rendered":"https:\/\/kuzeyinsesi.org\/index.php\/2024\/11\/13\/buyukelci-serim-tc-ticaret-bakan-yardimcisi-sezai-ucarmak-ile-bir-araya-geldi\/"},"modified":"2024-11-13T21:26:36","modified_gmt":"2024-11-13T19:26:36","slug":"buyukelci-serim-tc-ticaret-bakan-yardimcisi-sezai-ucarmak-ile-bir-araya-geldi","status":"publish","type":"post","link":"https:\/\/kuzeyinsesi.org\/index.php\/2024\/11\/13\/buyukelci-serim-tc-ticaret-bakan-yardimcisi-sezai-ucarmak-ile-bir-araya-geldi\/","title":{"rendered":"B\u00fcy\u00fckel\u00e7i Serim, TC Ticaret Bakan Yard\u0131mc\u0131s\u0131 Sezai U\u00e7armak ile bir araya geldi"},"content":{"rendered":"<div>\n<div class=\"mariselle-image-container center\">\n                                            <\/div>\n<p>T\u00fcrkiye\u2019nin Lefko\u015fa B\u00fcy\u00fckel\u00e7isi Yasin Ekrem Serim, T\u00fcrkiye-KKTC Ortak G\u00fcmr\u00fck Komitesi 1. Toplant\u0131s\u0131 kapsam\u0131nda KKTC\u2019de bulunan T\u00fcrkiye Cumhuriyeti Ticaret Bakan Yard\u0131mc\u0131s\u0131 Sezai U\u00e7armak ile bir araya geldi.<\/p>\n<p>G\u00f6r\u00fc\u015fmeye ili\u015fkin sosyal medya hesab\u0131 \u00fczerinden payla\u015f\u0131m yapan Serim, \u201cKKTC\u2019nin \u00fcretime dayal\u0131 ekonomik kalk\u0131nma hedefinin desteklenmesi amac\u0131yla ba\u015fta g\u00fcmr\u00fcklerin otomasyonu ile modernizasyonu ve projesine ba\u015flanan laboratuvar\u0131n akredite edilmesi dahil i\u015f plan\u0131 \u00fczerinde g\u00f6r\u00fc\u015ft\u00fck\u201d dedi.<\/p>\n<p>Serim, \u201cT\u00fcrkiye ile KKTC aras\u0131ndaki ticaretin daha da art\u0131r\u0131lmas\u0131 ve K\u0131br\u0131s T\u00fcrk\u00fc \u00fcreticinin uluslararas\u0131 piyasalara h\u0131zl\u0131ca eri\u015fimini teminen KKTC makamlar\u0131yla birlikte \u00e7al\u0131\u015fmaya devam ediyoruz\u201d ifadelerini de kulland\u0131.<\/p>\n<\/p><\/div>\n<p><script async\n                    defer\n                    crossorigin=\"anonymous\"\n                    src=\"https:\/\/connect.facebook.net\/tr_TR\/sdk.js#xfbml=1&#038;version=v3.3\"\n            ><\/script><\/p>\n","protected":false},"excerpt":{"rendered":"<p>T\u00fcrkiye\u2019nin Lefko\u015fa B\u00fcy\u00fckel\u00e7isi Yasin Ekrem Serim, T\u00fcrkiye-KKTC Ortak G\u00fcmr\u00fck Komitesi 1. Toplant\u0131s\u0131 kapsam\u0131nda KKTC\u2019de bulunan T\u00fcrkiye Cumhuriyeti Ticaret Bakan Yard\u0131mc\u0131s\u0131 Sezai U\u00e7armak ile bir araya geldi. G\u00f6r\u00fc\u015fmeye ili\u015fkin sosyal medya hesab\u0131 \u00fczerinden payla\u015f\u0131m yapan Serim, \u201cKKTC\u2019nin \u00fcretime dayal\u0131 ekonomik kalk\u0131nma hedefinin desteklenmesi amac\u0131yla ba\u015fta g\u00fcmr\u00fcklerin otomasyonu ile modernizasyonu ve projesine ba\u015flanan laboratuvar\u0131n akredite edilmesi dahil [&hellip;]<\/p>\n","protected":false},"author":1,"featured_media":13454,"comment_status":"open","ping_status":"open","sticky":false,"template":"","format":"standard","meta":{"jnews-multi-image_gallery":[],"jnews_single_post":[],"jnews_primary_category":[],"jnews_social_meta":[],"jnews_override_counter":[],"footnotes":""},"categories":[5],"tags":[],"class_list":["post-13453","post","type-post","status-publish","format-standard","has-post-thumbnail","hentry","category-turkiye"],"yoast_head":"<!-- This site is optimized with the Yoast SEO plugin v27.4 - https:\/\/yoast.com\/product\/yoast-seo-wordpress\/ -->\n<title>B\u00fcy\u00fckel\u00e7i Serim, TC Ticaret Bakan Yard\u0131mc\u0131s\u0131 Sezai U\u00e7armak ile bir araya geldi - Kuzeyin Sesi<\/title>\n<meta name=\"robots\" content=\"index, follow, max-snippet:-1, max-image-preview:large, max-video-preview:-1\" \/>\n<link rel=\"canonical\" href=\"https:\/\/kuzeyinsesi.org\/index.php\/2024\/11\/13\/buyukelci-serim-tc-ticaret-bakan-yardimcisi-sezai-ucarmak-ile-bir-araya-geldi\/\" \/>\n<meta property=\"og:locale\" content=\"tr_TR\" \/>\n<meta property=\"og:type\" content=\"article\" \/>\n<meta property=\"og:title\" content=\"B\u00fcy\u00fckel\u00e7i Serim, TC Ticaret Bakan Yard\u0131mc\u0131s\u0131 Sezai U\u00e7armak ile bir araya geldi - Kuzeyin Sesi\" \/>\n<meta property=\"og:description\" content=\"T\u00fcrkiye\u2019nin Lefko\u015fa B\u00fcy\u00fckel\u00e7isi Yasin Ekrem Serim, T\u00fcrkiye-KKTC Ortak G\u00fcmr\u00fck Komitesi 1. Toplant\u0131s\u0131 kapsam\u0131nda KKTC\u2019de bulunan T\u00fcrkiye Cumhuriyeti Ticaret Bakan Yard\u0131mc\u0131s\u0131 Sezai U\u00e7armak ile bir araya geldi. G\u00f6r\u00fc\u015fmeye ili\u015fkin sosyal medya hesab\u0131 \u00fczerinden payla\u015f\u0131m yapan Serim, \u201cKKTC\u2019nin \u00fcretime dayal\u0131 ekonomik kalk\u0131nma hedefinin desteklenmesi amac\u0131yla ba\u015fta g\u00fcmr\u00fcklerin otomasyonu ile modernizasyonu ve projesine ba\u015flanan laboratuvar\u0131n akredite edilmesi dahil [&hellip;]\" \/>\n<meta property=\"og:url\" content=\"https:\/\/kuzeyinsesi.org\/index.php\/2024\/11\/13\/buyukelci-serim-tc-ticaret-bakan-yardimcisi-sezai-ucarmak-ile-bir-araya-geldi\/\" \/>\n<meta property=\"og:site_name\" content=\"Kuzeyin Sesi\" \/>\n<meta property=\"article:publisher\" content=\"https:\/\/www.facebook.com\/kuzeyinsesii\" \/>\n<meta property=\"article:published_time\" content=\"2024-11-13T19:26:36+00:00\" \/>\n<meta property=\"og:image\" content=\"https:\/\/brtk.net\/wp-content\/uploads\/2024\/11\/13\/KLOO.jpg?ver=d815d0af1032f5cd3e18a2a7abd760db\" \/>\n<meta name=\"author\" content=\"Kuzeyin Sesi\" \/>\n<meta name=\"twitter:card\" content=\"summary_large_image\" \/>\n<meta name=\"twitter:creator\" content=\"@kuzeyinsesii\" \/>\n<meta name=\"twitter:site\" content=\"@kuzeyinsesii\" \/>\n<meta name=\"twitter:label1\" content=\"Yazan:\" \/>\n\t<meta name=\"twitter:data1\" content=\"Kuzeyin Sesi\" \/>\n\t<meta name=\"twitter:label2\" content=\"Tahmini okuma s\u00fcresi\" \/>\n\t<meta name=\"twitter:data2\" content=\"1 dakika\" \/>\n<script type=\"application\/ld+json\" class=\"yoast-schema-graph\">{\"@context\":\"https:\\\/\\\/schema.org\",\"@graph\":[{\"@type\":\"Article\",\"@id\":\"https:\\\/\\\/kuzeyinsesi.org\\\/index.php\\\/2024\\\/11\\\/13\\\/buyukelci-serim-tc-ticaret-bakan-yardimcisi-sezai-ucarmak-ile-bir-araya-geldi\\\/#article\",\"isPartOf\":{\"@id\":\"https:\\\/\\\/kuzeyinsesi.org\\\/index.php\\\/2024\\\/11\\\/13\\\/buyukelci-serim-tc-ticaret-bakan-yardimcisi-sezai-ucarmak-ile-bir-araya-geldi\\\/\"},\"author\":{\"name\":\"Kuzeyin Sesi\",\"@id\":\"https:\\\/\\\/kuzeyinsesi.org\\\/#\\\/schema\\\/person\\\/9f859689cdf01485597712386e37f5aa\"},\"headline\":\"B\u00fcy\u00fckel\u00e7i Serim, TC Ticaret Bakan Yard\u0131mc\u0131s\u0131 Sezai U\u00e7armak ile bir araya geldi\",\"datePublished\":\"2024-11-13T19:26:36+00:00\",\"mainEntityOfPage\":{\"@id\":\"https:\\\/\\\/kuzeyinsesi.org\\\/index.php\\\/2024\\\/11\\\/13\\\/buyukelci-serim-tc-ticaret-bakan-yardimcisi-sezai-ucarmak-ile-bir-araya-geldi\\\/\"},\"wordCount\":147,\"commentCount\":0,\"image\":{\"@id\":\"https:\\\/\\\/kuzeyinsesi.org\\\/index.php\\\/2024\\\/11\\\/13\\\/buyukelci-serim-tc-ticaret-bakan-yardimcisi-sezai-ucarmak-ile-bir-araya-geldi\\\/#primaryimage\"},\"thumbnailUrl\":\"https:\\\/\\\/kuzeyinsesi.org\\\/wp-content\\\/uploads\\\/2024\\\/11\\\/KLOO.jpg\",\"articleSection\":[\"T\u00fcrkiye\"],\"inLanguage\":\"tr\",\"potentialAction\":[{\"@type\":\"CommentAction\",\"name\":\"Comment\",\"target\":[\"https:\\\/\\\/kuzeyinsesi.org\\\/index.php\\\/2024\\\/11\\\/13\\\/buyukelci-serim-tc-ticaret-bakan-yardimcisi-sezai-ucarmak-ile-bir-araya-geldi\\\/#respond\"]}]},{\"@type\":\"WebPage\",\"@id\":\"https:\\\/\\\/kuzeyinsesi.org\\\/index.php\\\/2024\\\/11\\\/13\\\/buyukelci-serim-tc-ticaret-bakan-yardimcisi-sezai-ucarmak-ile-bir-araya-geldi\\\/\",\"url\":\"https:\\\/\\\/kuzeyinsesi.org\\\/index.php\\\/2024\\\/11\\\/13\\\/buyukelci-serim-tc-ticaret-bakan-yardimcisi-sezai-ucarmak-ile-bir-araya-geldi\\\/\",\"name\":\"B\u00fcy\u00fckel\u00e7i Serim, TC Ticaret Bakan Yard\u0131mc\u0131s\u0131 Sezai U\u00e7armak ile bir araya geldi - Kuzeyin Sesi\",\"isPartOf\":{\"@id\":\"https:\\\/\\\/kuzeyinsesi.org\\\/#website\"},\"primaryImageOfPage\":{\"@id\":\"https:\\\/\\\/kuzeyinsesi.org\\\/index.php\\\/2024\\\/11\\\/13\\\/buyukelci-serim-tc-ticaret-bakan-yardimcisi-sezai-ucarmak-ile-bir-araya-geldi\\\/#primaryimage\"},\"image\":{\"@id\":\"https:\\\/\\\/kuzeyinsesi.org\\\/index.php\\\/2024\\\/11\\\/13\\\/buyukelci-serim-tc-ticaret-bakan-yardimcisi-sezai-ucarmak-ile-bir-araya-geldi\\\/#primaryimage\"},\"thumbnailUrl\":\"https:\\\/\\\/kuzeyinsesi.org\\\/wp-content\\\/uploads\\\/2024\\\/11\\\/KLOO.jpg\",\"datePublished\":\"2024-11-13T19:26:36+00:00\",\"author\":{\"@id\":\"https:\\\/\\\/kuzeyinsesi.org\\\/#\\\/schema\\\/person\\\/9f859689cdf01485597712386e37f5aa\"},\"breadcrumb\":{\"@id\":\"https:\\\/\\\/kuzeyinsesi.org\\\/index.php\\\/2024\\\/11\\\/13\\\/buyukelci-serim-tc-ticaret-bakan-yardimcisi-sezai-ucarmak-ile-bir-araya-geldi\\\/#breadcrumb\"},\"inLanguage\":\"tr\",\"potentialAction\":[{\"@type\":\"ReadAction\",\"target\":[\"https:\\\/\\\/kuzeyinsesi.org\\\/index.php\\\/2024\\\/11\\\/13\\\/buyukelci-serim-tc-ticaret-bakan-yardimcisi-sezai-ucarmak-ile-bir-araya-geldi\\\/\"]}]},{\"@type\":\"ImageObject\",\"inLanguage\":\"tr\",\"@id\":\"https:\\\/\\\/kuzeyinsesi.org\\\/index.php\\\/2024\\\/11\\\/13\\\/buyukelci-serim-tc-ticaret-bakan-yardimcisi-sezai-ucarmak-ile-bir-araya-geldi\\\/#primaryimage\",\"url\":\"https:\\\/\\\/kuzeyinsesi.org\\\/wp-content\\\/uploads\\\/2024\\\/11\\\/KLOO.jpg\",\"contentUrl\":\"https:\\\/\\\/kuzeyinsesi.org\\\/wp-content\\\/uploads\\\/2024\\\/11\\\/KLOO.jpg\",\"width\":1179,\"height\":928},{\"@type\":\"BreadcrumbList\",\"@id\":\"https:\\\/\\\/kuzeyinsesi.org\\\/index.php\\\/2024\\\/11\\\/13\\\/buyukelci-serim-tc-ticaret-bakan-yardimcisi-sezai-ucarmak-ile-bir-araya-geldi\\\/#breadcrumb\",\"itemListElement\":[{\"@type\":\"ListItem\",\"position\":1,\"name\":\"Anasayfa\",\"item\":\"https:\\\/\\\/kuzeyinsesi.org\\\/\"},{\"@type\":\"ListItem\",\"position\":2,\"name\":\"B\u00fcy\u00fckel\u00e7i Serim, TC Ticaret Bakan Yard\u0131mc\u0131s\u0131 Sezai U\u00e7armak ile bir araya geldi\"}]},{\"@type\":\"WebSite\",\"@id\":\"https:\\\/\\\/kuzeyinsesi.org\\\/#website\",\"url\":\"https:\\\/\\\/kuzeyinsesi.org\\\/\",\"name\":\"Kuzeyin Sesi\",\"description\":\"Do\u011fru Haberin Adresi\",\"potentialAction\":[{\"@type\":\"SearchAction\",\"target\":{\"@type\":\"EntryPoint\",\"urlTemplate\":\"https:\\\/\\\/kuzeyinsesi.org\\\/?s={search_term_string}\"},\"query-input\":{\"@type\":\"PropertyValueSpecification\",\"valueRequired\":true,\"valueName\":\"search_term_string\"}}],\"inLanguage\":\"tr\"},{\"@type\":\"Person\",\"@id\":\"https:\\\/\\\/kuzeyinsesi.org\\\/#\\\/schema\\\/person\\\/9f859689cdf01485597712386e37f5aa\",\"name\":\"Kuzeyin Sesi\",\"image\":{\"@type\":\"ImageObject\",\"inLanguage\":\"tr\",\"@id\":\"https:\\\/\\\/secure.gravatar.com\\\/avatar\\\/bab33852abfd8b282518d6ed81826833d77c3c882d9ab608add591ccace47a44?s=96&d=mm&r=g\",\"url\":\"https:\\\/\\\/secure.gravatar.com\\\/avatar\\\/bab33852abfd8b282518d6ed81826833d77c3c882d9ab608add591ccace47a44?s=96&d=mm&r=g\",\"contentUrl\":\"https:\\\/\\\/secure.gravatar.com\\\/avatar\\\/bab33852abfd8b282518d6ed81826833d77c3c882d9ab608add591ccace47a44?s=96&d=mm&r=g\",\"caption\":\"Kuzeyin Sesi\"},\"sameAs\":[\"https:\\\/\\\/kuzeyinsesi.org\"],\"url\":\"https:\\\/\\\/kuzeyinsesi.org\\\/index.php\\\/author\\\/guven\\\/\"}]}<\/script>\n<!-- \/ Yoast SEO plugin. -->","yoast_head_json":{"title":"B\u00fcy\u00fckel\u00e7i Serim, TC Ticaret Bakan Yard\u0131mc\u0131s\u0131 Sezai U\u00e7armak ile bir araya geldi - Kuzeyin Sesi","robots":{"index":"index","follow":"follow","max-snippet":"max-snippet:-1","max-image-preview":"max-image-preview:large","max-video-preview":"max-video-preview:-1"},"canonical":"https:\/\/kuzeyinsesi.org\/index.php\/2024\/11\/13\/buyukelci-serim-tc-ticaret-bakan-yardimcisi-sezai-ucarmak-ile-bir-araya-geldi\/","og_locale":"tr_TR","og_type":"article","og_title":"B\u00fcy\u00fckel\u00e7i Serim, TC Ticaret Bakan Yard\u0131mc\u0131s\u0131 Sezai U\u00e7armak ile bir araya geldi - Kuzeyin Sesi","og_description":"T\u00fcrkiye\u2019nin Lefko\u015fa B\u00fcy\u00fckel\u00e7isi Yasin Ekrem Serim, T\u00fcrkiye-KKTC Ortak G\u00fcmr\u00fck Komitesi 1. Toplant\u0131s\u0131 kapsam\u0131nda KKTC\u2019de bulunan T\u00fcrkiye Cumhuriyeti Ticaret Bakan Yard\u0131mc\u0131s\u0131 Sezai U\u00e7armak ile bir araya geldi. G\u00f6r\u00fc\u015fmeye ili\u015fkin sosyal medya hesab\u0131 \u00fczerinden payla\u015f\u0131m yapan Serim, \u201cKKTC\u2019nin \u00fcretime dayal\u0131 ekonomik kalk\u0131nma hedefinin desteklenmesi amac\u0131yla ba\u015fta g\u00fcmr\u00fcklerin otomasyonu ile modernizasyonu ve projesine ba\u015flanan laboratuvar\u0131n akredite edilmesi dahil [&hellip;]","og_url":"https:\/\/kuzeyinsesi.org\/index.php\/2024\/11\/13\/buyukelci-serim-tc-ticaret-bakan-yardimcisi-sezai-ucarmak-ile-bir-araya-geldi\/","og_site_name":"Kuzeyin Sesi","article_publisher":"https:\/\/www.facebook.com\/kuzeyinsesii","article_published_time":"2024-11-13T19:26:36+00:00","og_image":[{"url":"https:\/\/brtk.net\/wp-content\/uploads\/2024\/11\/13\/KLOO.jpg?ver=d815d0af1032f5cd3e18a2a7abd760db","type":"","width":"","height":""}],"author":"Kuzeyin Sesi","twitter_card":"summary_large_image","twitter_creator":"@kuzeyinsesii","twitter_site":"@kuzeyinsesii","twitter_misc":{"Yazan:":"Kuzeyin Sesi","Tahmini okuma s\u00fcresi":"1 dakika"},"schema":{"@context":"https:\/\/schema.org","@graph":[{"@type":"Article","@id":"https:\/\/kuzeyinsesi.org\/index.php\/2024\/11\/13\/buyukelci-serim-tc-ticaret-bakan-yardimcisi-sezai-ucarmak-ile-bir-araya-geldi\/#article","isPartOf":{"@id":"https:\/\/kuzeyinsesi.org\/index.php\/2024\/11\/13\/buyukelci-serim-tc-ticaret-bakan-yardimcisi-sezai-ucarmak-ile-bir-araya-geldi\/"},"author":{"name":"Kuzeyin Sesi","@id":"https:\/\/kuzeyinsesi.org\/#\/schema\/person\/9f859689cdf01485597712386e37f5aa"},"headline":"B\u00fcy\u00fckel\u00e7i Serim, TC Ticaret Bakan Yard\u0131mc\u0131s\u0131 Sezai U\u00e7armak ile bir araya geldi","datePublished":"2024-11-13T19:26:36+00:00","mainEntityOfPage":{"@id":"https:\/\/kuzeyinsesi.org\/index.php\/2024\/11\/13\/buyukelci-serim-tc-ticaret-bakan-yardimcisi-sezai-ucarmak-ile-bir-araya-geldi\/"},"wordCount":147,"commentCount":0,"image":{"@id":"https:\/\/kuzeyinsesi.org\/index.php\/2024\/11\/13\/buyukelci-serim-tc-ticaret-bakan-yardimcisi-sezai-ucarmak-ile-bir-araya-geldi\/#primaryimage"},"thumbnailUrl":"https:\/\/kuzeyinsesi.org\/wp-content\/uploads\/2024\/11\/KLOO.jpg","articleSection":["T\u00fcrkiye"],"inLanguage":"tr","potentialAction":[{"@type":"CommentAction","name":"Comment","target":["https:\/\/kuzeyinsesi.org\/index.php\/2024\/11\/13\/buyukelci-serim-tc-ticaret-bakan-yardimcisi-sezai-ucarmak-ile-bir-araya-geldi\/#respond"]}]},{"@type":"WebPage","@id":"https:\/\/kuzeyinsesi.org\/index.php\/2024\/11\/13\/buyukelci-serim-tc-ticaret-bakan-yardimcisi-sezai-ucarmak-ile-bir-araya-geldi\/","url":"https:\/\/kuzeyinsesi.org\/index.php\/2024\/11\/13\/buyukelci-serim-tc-ticaret-bakan-yardimcisi-sezai-ucarmak-ile-bir-araya-geldi\/","name":"B\u00fcy\u00fckel\u00e7i Serim, TC Ticaret Bakan Yard\u0131mc\u0131s\u0131 Sezai U\u00e7armak ile bir araya geldi - Kuzeyin Sesi","isPartOf":{"@id":"https:\/\/kuzeyinsesi.org\/#website"},"primaryImageOfPage":{"@id":"https:\/\/kuzeyinsesi.org\/index.php\/2024\/11\/13\/buyukelci-serim-tc-ticaret-bakan-yardimcisi-sezai-ucarmak-ile-bir-araya-geldi\/#primaryimage"},"image":{"@id":"https:\/\/kuzeyinsesi.org\/index.php\/2024\/11\/13\/buyukelci-serim-tc-ticaret-bakan-yardimcisi-sezai-ucarmak-ile-bir-araya-geldi\/#primaryimage"},"thumbnailUrl":"https:\/\/kuzeyinsesi.org\/wp-content\/uploads\/2024\/11\/KLOO.jpg","datePublished":"2024-11-13T19:26:36+00:00","author":{"@id":"https:\/\/kuzeyinsesi.org\/#\/schema\/person\/9f859689cdf01485597712386e37f5aa"},"breadcrumb":{"@id":"https:\/\/kuzeyinsesi.org\/index.php\/2024\/11\/13\/buyukelci-serim-tc-ticaret-bakan-yardimcisi-sezai-ucarmak-ile-bir-araya-geldi\/#breadcrumb"},"inLanguage":"tr","potentialAction":[{"@type":"ReadAction","target":["https:\/\/kuzeyinsesi.org\/index.php\/2024\/11\/13\/buyukelci-serim-tc-ticaret-bakan-yardimcisi-sezai-ucarmak-ile-bir-araya-geldi\/"]}]},{"@type":"ImageObject","inLanguage":"tr","@id":"https:\/\/kuzeyinsesi.org\/index.php\/2024\/11\/13\/buyukelci-serim-tc-ticaret-bakan-yardimcisi-sezai-ucarmak-ile-bir-araya-geldi\/#primaryimage","url":"https:\/\/kuzeyinsesi.org\/wp-content\/uploads\/2024\/11\/KLOO.jpg","contentUrl":"https:\/\/kuzeyinsesi.org\/wp-content\/uploads\/2024\/11\/KLOO.jpg","width":1179,"height":928},{"@type":"BreadcrumbList","@id":"https:\/\/kuzeyinsesi.org\/index.php\/2024\/11\/13\/buyukelci-serim-tc-ticaret-bakan-yardimcisi-sezai-ucarmak-ile-bir-araya-geldi\/#breadcrumb","itemListElement":[{"@type":"ListItem","position":1,"name":"Anasayfa","item":"https:\/\/kuzeyinsesi.org\/"},{"@type":"ListItem","position":2,"name":"B\u00fcy\u00fckel\u00e7i Serim, TC Ticaret Bakan Yard\u0131mc\u0131s\u0131 Sezai U\u00e7armak ile bir araya geldi"}]},{"@type":"WebSite","@id":"https:\/\/kuzeyinsesi.org\/#website","url":"https:\/\/kuzeyinsesi.org\/","name":"Kuzeyin Sesi","description":"Do\u011fru Haberin Adresi","potentialAction":[{"@type":"SearchAction","target":{"@type":"EntryPoint","urlTemplate":"https:\/\/kuzeyinsesi.org\/?s={search_term_string}"},"query-input":{"@type":"PropertyValueSpecification","valueRequired":true,"valueName":"search_term_string"}}],"inLanguage":"tr"},{"@type":"Person","@id":"https:\/\/kuzeyinsesi.org\/#\/schema\/person\/9f859689cdf01485597712386e37f5aa","name":"Kuzeyin Sesi","image":{"@type":"ImageObject","inLanguage":"tr","@id":"https:\/\/secure.gravatar.com\/avatar\/bab33852abfd8b282518d6ed81826833d77c3c882d9ab608add591ccace47a44?s=96&d=mm&r=g","url":"https:\/\/secure.gravatar.com\/avatar\/bab33852abfd8b282518d6ed81826833d77c3c882d9ab608add591ccace47a44?s=96&d=mm&r=g","contentUrl":"https:\/\/secure.gravatar.com\/avatar\/bab33852abfd8b282518d6ed81826833d77c3c882d9ab608add591ccace47a44?s=96&d=mm&r=g","caption":"Kuzeyin Sesi"},"sameAs":["https:\/\/kuzeyinsesi.org"],"url":"https:\/\/kuzeyinsesi.org\/index.php\/author\/guven\/"}]}},"_links":{"self":[{"href":"https:\/\/kuzeyinsesi.org\/index.php\/wp-json\/wp\/v2\/posts\/13453","targetHints":{"allow":["GET"]}}],"collection":[{"href":"https:\/\/kuzeyinsesi.org\/index.php\/wp-json\/wp\/v2\/posts"}],"about":[{"href":"https:\/\/kuzeyinsesi.org\/index.php\/wp-json\/wp\/v2\/types\/post"}],"author":[{"embeddable":true,"href":"https:\/\/kuzeyinsesi.org\/index.php\/wp-json\/wp\/v2\/users\/1"}],"replies":[{"embeddable":true,"href":"https:\/\/kuzeyinsesi.org\/index.php\/wp-json\/wp\/v2\/comments?post=13453"}],"version-history":[{"count":0,"href":"https:\/\/kuzeyinsesi.org\/index.php\/wp-json\/wp\/v2\/posts\/13453\/revisions"}],"wp:featuredmedia":[{"embeddable":true,"href":"https:\/\/kuzeyinsesi.org\/index.php\/wp-json\/wp\/v2\/media\/13454"}],"wp:attachment":[{"href":"https:\/\/kuzeyinsesi.org\/index.php\/wp-json\/wp\/v2\/media?parent=13453"}],"wp:term":[{"taxonomy":"category","embeddable":true,"href":"https:\/\/kuzeyinsesi.org\/index.php\/wp-json\/wp\/v2\/categories?post=13453"},{"taxonomy":"post_tag","embeddable":true,"href":"https:\/\/kuzeyinsesi.org\/index.php\/wp-json\/wp\/v2\/tags?post=13453"}],"curies":[{"name":"wp","href":"https:\/\/api.w.org\/{rel}","templated":true}]}}