{"id":13430,"date":"2024-11-13T18:26:53","date_gmt":"2024-11-13T16:26:53","guid":{"rendered":"https:\/\/kuzeyinsesi.org\/index.php\/2024\/11\/13\/denktas-in-london-sergisi-16-kasimda-acilacak\/"},"modified":"2024-11-13T18:26:53","modified_gmt":"2024-11-13T16:26:53","slug":"denktas-in-london-sergisi-16-kasimda-acilacak","status":"publish","type":"post","link":"https:\/\/kuzeyinsesi.org\/index.php\/2024\/11\/13\/denktas-in-london-sergisi-16-kasimda-acilacak\/","title":{"rendered":"\u201cDenkta\u015f in London Sergisi\u201d 16 Kas\u0131m\u2019da a\u00e7\u0131lacak"},"content":{"rendered":"<div>\n<div class=\"mariselle-image-container none\">\n                                            <\/div>\n<p>Kurucu Cumhurba\u015fkan\u0131 Rauf R. Denkta\u015f\u2019\u0131n hayat\u0131n\u0131 konu alan \u201cDenkta\u015f in London Sergisi\u201d 16 Kas\u0131m\u2019da Londra\u2019da a\u00e7\u0131lacak.<\/p>\n<p>KKTC Londra Temsilcili\u011fi\u2019nden verilen bilgiye g\u00f6re, Mine Kar ve Cem Kar taraf\u0131ndan haz\u0131rlanan sergi, 16 Kas\u0131m Cumartesi g\u00fcn\u00fc saat 16.30\u2019da Londra Yunus Emre Enstit\u00fcs\u00fc\u2019nde a\u00e7\u0131lacak. Sergi, 30 Kas\u0131m\u2019a kadar 10.00 ile 16.00 saatleri aras\u0131nda gezilebilecek.<\/p>\n<p>Daha \u00f6nce KKTC ve T\u00fcrkiye\u2019nin \u00e7e\u015fitli illerinde a\u00e7\u0131lan sergi, Kurucu Cumhurba\u015fkan\u0131 Rauf Raif Denkta\u015f\u2019\u0131n foto\u011fraf ar\u015fivinde yer alan 50 bin foto\u011fraf aras\u0131ndan se\u00e7ilen 250 foto\u011fraftan olu\u015fuyor.<\/p>\n<p>Sergide, KKTC Kurucu Cumhurba\u015fkan\u0131 Rauf R. Denkta\u015f\u2019\u0131n \u00f6zel ya\u015fam\u0131 ve K\u0131br\u0131s tarihine \u0131\u015f\u0131k tutan s\u00f6zleri ile daha \u00f6nce yay\u0131nlanmam\u0131\u015f foto\u011fraflar\u0131n\u0131n yan\u0131 s\u0131ra \u00e7ocuklu\u011fu, ailesi, m\u00fccadele y\u0131llar\u0131 ve kendi objektifinden olu\u015fan foto\u011fraflar yer al\u0131yor.<\/p>\n<p>Sergi bu \u00f6zellikleri ile Kurucu Cumhurba\u015fkan\u0131 Denkta\u015f\u2019\u0131 ve K\u0131br\u0131s T\u00fcrk halk\u0131n\u0131n \u00f6zg\u00fcrl\u00fck ve ba\u011f\u0131ms\u0131zl\u0131k m\u00fccadelesini foto\u011fraflarla anlatmas\u0131yla ayr\u0131 bir \u00f6nem ta\u015f\u0131yor.<\/p>\n<p>Sergi ayn\u0131 zamanda sanal sergi olarak denktassergi.com web sitesinden gezilebiliyor.<\/p>\n<p>Pools Plus Cyprus ana sponsorlu\u011funda, D\u0131\u015fi\u015fleri Bakanl\u0131\u011f\u0131, T\u00fcrkiye Cumhuriyeti Londra B\u00fcy\u00fckel\u00e7ili\u011fi, KKTC Londra Temsilcili\u011fi ve Londra Yunus Emre Enstit\u00fcs\u00fc\u2019n\u00fcn organizasyonuyla ger\u00e7ekle\u015ftirilecek serginin kargosunu T\u00fcrk Hava Yollar\u0131, tasar\u0131mlar\u0131n\u0131 Abrakadabra \u0130leti\u015fim Y\u00f6netimi (ACM Cyprus), bask\u0131lar\u0131n\u0131 ise Tanman Reklam yapt\u0131.<\/p>\n<\/p><\/div>\n<p><script async\n                    defer\n                    crossorigin=\"anonymous\"\n                    src=\"https:\/\/connect.facebook.net\/tr_TR\/sdk.js#xfbml=1&#038;version=v3.3\"\n            ><\/script><\/p>\n","protected":false},"excerpt":{"rendered":"<p>Kurucu Cumhurba\u015fkan\u0131 Rauf R. Denkta\u015f\u2019\u0131n hayat\u0131n\u0131 konu alan \u201cDenkta\u015f in London Sergisi\u201d 16 Kas\u0131m\u2019da Londra\u2019da a\u00e7\u0131lacak. KKTC Londra Temsilcili\u011fi\u2019nden verilen bilgiye g\u00f6re, Mine Kar ve Cem Kar taraf\u0131ndan haz\u0131rlanan sergi, 16 Kas\u0131m Cumartesi g\u00fcn\u00fc saat 16.30\u2019da Londra Yunus Emre Enstit\u00fcs\u00fc\u2019nde a\u00e7\u0131lacak. Sergi, 30 Kas\u0131m\u2019a kadar 10.00 ile 16.00 saatleri aras\u0131nda gezilebilecek. Daha \u00f6nce KKTC ve [&hellip;]<\/p>\n","protected":false},"author":1,"featured_media":13431,"comment_status":"open","ping_status":"open","sticky":false,"template":"","format":"standard","meta":{"jnews-multi-image_gallery":[],"jnews_single_post":[],"jnews_primary_category":[],"jnews_social_meta":[],"jnews_override_counter":[],"footnotes":""},"categories":[6],"tags":[],"class_list":["post-13430","post","type-post","status-publish","format-standard","has-post-thumbnail","hentry","category-yasam"],"yoast_head":"<!-- This site is optimized with the Yoast SEO plugin v27.4 - https:\/\/yoast.com\/product\/yoast-seo-wordpress\/ -->\n<title>\u201cDenkta\u015f in London Sergisi\u201d 16 Kas\u0131m\u2019da a\u00e7\u0131lacak - Kuzeyin Sesi<\/title>\n<meta name=\"robots\" content=\"index, follow, max-snippet:-1, max-image-preview:large, max-video-preview:-1\" \/>\n<link rel=\"canonical\" href=\"https:\/\/kuzeyinsesi.org\/index.php\/2024\/11\/13\/denktas-in-london-sergisi-16-kasimda-acilacak\/\" \/>\n<meta property=\"og:locale\" content=\"tr_TR\" \/>\n<meta property=\"og:type\" content=\"article\" \/>\n<meta property=\"og:title\" content=\"\u201cDenkta\u015f in London Sergisi\u201d 16 Kas\u0131m\u2019da a\u00e7\u0131lacak - Kuzeyin Sesi\" \/>\n<meta property=\"og:description\" content=\"Kurucu Cumhurba\u015fkan\u0131 Rauf R. Denkta\u015f\u2019\u0131n hayat\u0131n\u0131 konu alan \u201cDenkta\u015f in London Sergisi\u201d 16 Kas\u0131m\u2019da Londra\u2019da a\u00e7\u0131lacak. KKTC Londra Temsilcili\u011fi\u2019nden verilen bilgiye g\u00f6re, Mine Kar ve Cem Kar taraf\u0131ndan haz\u0131rlanan sergi, 16 Kas\u0131m Cumartesi g\u00fcn\u00fc saat 16.30\u2019da Londra Yunus Emre Enstit\u00fcs\u00fc\u2019nde a\u00e7\u0131lacak. Sergi, 30 Kas\u0131m\u2019a kadar 10.00 ile 16.00 saatleri aras\u0131nda gezilebilecek. Daha \u00f6nce KKTC ve [&hellip;]\" \/>\n<meta property=\"og:url\" content=\"https:\/\/kuzeyinsesi.org\/index.php\/2024\/11\/13\/denktas-in-london-sergisi-16-kasimda-acilacak\/\" \/>\n<meta property=\"og:site_name\" content=\"Kuzeyin Sesi\" \/>\n<meta property=\"article:publisher\" content=\"https:\/\/www.facebook.com\/kuzeyinsesii\" \/>\n<meta property=\"article:published_time\" content=\"2024-11-13T16:26:53+00:00\" \/>\n<meta property=\"og:image\" content=\"https:\/\/brtk.net\/wp-content\/uploads\/2024\/11\/13\/sergi-davetiyesi.jpg?ver=5bd5cf3b9e58e31f6003a231904bf216\" \/>\n<meta name=\"author\" content=\"Kuzeyin Sesi\" \/>\n<meta name=\"twitter:card\" content=\"summary_large_image\" \/>\n<meta name=\"twitter:creator\" content=\"@kuzeyinsesii\" \/>\n<meta name=\"twitter:site\" content=\"@kuzeyinsesii\" \/>\n<meta name=\"twitter:label1\" content=\"Yazan:\" \/>\n\t<meta name=\"twitter:data1\" content=\"Kuzeyin Sesi\" \/>\n\t<meta name=\"twitter:label2\" content=\"Tahmini okuma s\u00fcresi\" \/>\n\t<meta name=\"twitter:data2\" content=\"1 dakika\" \/>\n<script type=\"application\/ld+json\" class=\"yoast-schema-graph\">{\"@context\":\"https:\\\/\\\/schema.org\",\"@graph\":[{\"@type\":\"Article\",\"@id\":\"https:\\\/\\\/kuzeyinsesi.org\\\/index.php\\\/2024\\\/11\\\/13\\\/denktas-in-london-sergisi-16-kasimda-acilacak\\\/#article\",\"isPartOf\":{\"@id\":\"https:\\\/\\\/kuzeyinsesi.org\\\/index.php\\\/2024\\\/11\\\/13\\\/denktas-in-london-sergisi-16-kasimda-acilacak\\\/\"},\"author\":{\"name\":\"Kuzeyin Sesi\",\"@id\":\"https:\\\/\\\/kuzeyinsesi.org\\\/#\\\/schema\\\/person\\\/9f859689cdf01485597712386e37f5aa\"},\"headline\":\"\u201cDenkta\u015f in London Sergisi\u201d 16 Kas\u0131m\u2019da a\u00e7\u0131lacak\",\"datePublished\":\"2024-11-13T16:26:53+00:00\",\"mainEntityOfPage\":{\"@id\":\"https:\\\/\\\/kuzeyinsesi.org\\\/index.php\\\/2024\\\/11\\\/13\\\/denktas-in-london-sergisi-16-kasimda-acilacak\\\/\"},\"wordCount\":267,\"commentCount\":0,\"image\":{\"@id\":\"https:\\\/\\\/kuzeyinsesi.org\\\/index.php\\\/2024\\\/11\\\/13\\\/denktas-in-london-sergisi-16-kasimda-acilacak\\\/#primaryimage\"},\"thumbnailUrl\":\"https:\\\/\\\/kuzeyinsesi.org\\\/wp-content\\\/uploads\\\/2024\\\/11\\\/sergi-davetiyesi.jpg\",\"articleSection\":[\"Ya\u015fam\"],\"inLanguage\":\"tr\",\"potentialAction\":[{\"@type\":\"CommentAction\",\"name\":\"Comment\",\"target\":[\"https:\\\/\\\/kuzeyinsesi.org\\\/index.php\\\/2024\\\/11\\\/13\\\/denktas-in-london-sergisi-16-kasimda-acilacak\\\/#respond\"]}]},{\"@type\":\"WebPage\",\"@id\":\"https:\\\/\\\/kuzeyinsesi.org\\\/index.php\\\/2024\\\/11\\\/13\\\/denktas-in-london-sergisi-16-kasimda-acilacak\\\/\",\"url\":\"https:\\\/\\\/kuzeyinsesi.org\\\/index.php\\\/2024\\\/11\\\/13\\\/denktas-in-london-sergisi-16-kasimda-acilacak\\\/\",\"name\":\"\u201cDenkta\u015f in London Sergisi\u201d 16 Kas\u0131m\u2019da a\u00e7\u0131lacak - Kuzeyin Sesi\",\"isPartOf\":{\"@id\":\"https:\\\/\\\/kuzeyinsesi.org\\\/#website\"},\"primaryImageOfPage\":{\"@id\":\"https:\\\/\\\/kuzeyinsesi.org\\\/index.php\\\/2024\\\/11\\\/13\\\/denktas-in-london-sergisi-16-kasimda-acilacak\\\/#primaryimage\"},\"image\":{\"@id\":\"https:\\\/\\\/kuzeyinsesi.org\\\/index.php\\\/2024\\\/11\\\/13\\\/denktas-in-london-sergisi-16-kasimda-acilacak\\\/#primaryimage\"},\"thumbnailUrl\":\"https:\\\/\\\/kuzeyinsesi.org\\\/wp-content\\\/uploads\\\/2024\\\/11\\\/sergi-davetiyesi.jpg\",\"datePublished\":\"2024-11-13T16:26:53+00:00\",\"author\":{\"@id\":\"https:\\\/\\\/kuzeyinsesi.org\\\/#\\\/schema\\\/person\\\/9f859689cdf01485597712386e37f5aa\"},\"breadcrumb\":{\"@id\":\"https:\\\/\\\/kuzeyinsesi.org\\\/index.php\\\/2024\\\/11\\\/13\\\/denktas-in-london-sergisi-16-kasimda-acilacak\\\/#breadcrumb\"},\"inLanguage\":\"tr\",\"potentialAction\":[{\"@type\":\"ReadAction\",\"target\":[\"https:\\\/\\\/kuzeyinsesi.org\\\/index.php\\\/2024\\\/11\\\/13\\\/denktas-in-london-sergisi-16-kasimda-acilacak\\\/\"]}]},{\"@type\":\"ImageObject\",\"inLanguage\":\"tr\",\"@id\":\"https:\\\/\\\/kuzeyinsesi.org\\\/index.php\\\/2024\\\/11\\\/13\\\/denktas-in-london-sergisi-16-kasimda-acilacak\\\/#primaryimage\",\"url\":\"https:\\\/\\\/kuzeyinsesi.org\\\/wp-content\\\/uploads\\\/2024\\\/11\\\/sergi-davetiyesi.jpg\",\"contentUrl\":\"https:\\\/\\\/kuzeyinsesi.org\\\/wp-content\\\/uploads\\\/2024\\\/11\\\/sergi-davetiyesi.jpg\",\"width\":1600,\"height\":1600},{\"@type\":\"BreadcrumbList\",\"@id\":\"https:\\\/\\\/kuzeyinsesi.org\\\/index.php\\\/2024\\\/11\\\/13\\\/denktas-in-london-sergisi-16-kasimda-acilacak\\\/#breadcrumb\",\"itemListElement\":[{\"@type\":\"ListItem\",\"position\":1,\"name\":\"Anasayfa\",\"item\":\"https:\\\/\\\/kuzeyinsesi.org\\\/\"},{\"@type\":\"ListItem\",\"position\":2,\"name\":\"\u201cDenkta\u015f in London Sergisi\u201d 16 Kas\u0131m\u2019da a\u00e7\u0131lacak\"}]},{\"@type\":\"WebSite\",\"@id\":\"https:\\\/\\\/kuzeyinsesi.org\\\/#website\",\"url\":\"https:\\\/\\\/kuzeyinsesi.org\\\/\",\"name\":\"Kuzeyin Sesi\",\"description\":\"Do\u011fru Haberin Adresi\",\"potentialAction\":[{\"@type\":\"SearchAction\",\"target\":{\"@type\":\"EntryPoint\",\"urlTemplate\":\"https:\\\/\\\/kuzeyinsesi.org\\\/?s={search_term_string}\"},\"query-input\":{\"@type\":\"PropertyValueSpecification\",\"valueRequired\":true,\"valueName\":\"search_term_string\"}}],\"inLanguage\":\"tr\"},{\"@type\":\"Person\",\"@id\":\"https:\\\/\\\/kuzeyinsesi.org\\\/#\\\/schema\\\/person\\\/9f859689cdf01485597712386e37f5aa\",\"name\":\"Kuzeyin Sesi\",\"image\":{\"@type\":\"ImageObject\",\"inLanguage\":\"tr\",\"@id\":\"https:\\\/\\\/secure.gravatar.com\\\/avatar\\\/bab33852abfd8b282518d6ed81826833d77c3c882d9ab608add591ccace47a44?s=96&d=mm&r=g\",\"url\":\"https:\\\/\\\/secure.gravatar.com\\\/avatar\\\/bab33852abfd8b282518d6ed81826833d77c3c882d9ab608add591ccace47a44?s=96&d=mm&r=g\",\"contentUrl\":\"https:\\\/\\\/secure.gravatar.com\\\/avatar\\\/bab33852abfd8b282518d6ed81826833d77c3c882d9ab608add591ccace47a44?s=96&d=mm&r=g\",\"caption\":\"Kuzeyin Sesi\"},\"sameAs\":[\"https:\\\/\\\/kuzeyinsesi.org\"],\"url\":\"https:\\\/\\\/kuzeyinsesi.org\\\/index.php\\\/author\\\/guven\\\/\"}]}<\/script>\n<!-- \/ Yoast SEO plugin. -->","yoast_head_json":{"title":"\u201cDenkta\u015f in London Sergisi\u201d 16 Kas\u0131m\u2019da a\u00e7\u0131lacak - Kuzeyin Sesi","robots":{"index":"index","follow":"follow","max-snippet":"max-snippet:-1","max-image-preview":"max-image-preview:large","max-video-preview":"max-video-preview:-1"},"canonical":"https:\/\/kuzeyinsesi.org\/index.php\/2024\/11\/13\/denktas-in-london-sergisi-16-kasimda-acilacak\/","og_locale":"tr_TR","og_type":"article","og_title":"\u201cDenkta\u015f in London Sergisi\u201d 16 Kas\u0131m\u2019da a\u00e7\u0131lacak - Kuzeyin Sesi","og_description":"Kurucu Cumhurba\u015fkan\u0131 Rauf R. Denkta\u015f\u2019\u0131n hayat\u0131n\u0131 konu alan \u201cDenkta\u015f in London Sergisi\u201d 16 Kas\u0131m\u2019da Londra\u2019da a\u00e7\u0131lacak. KKTC Londra Temsilcili\u011fi\u2019nden verilen bilgiye g\u00f6re, Mine Kar ve Cem Kar taraf\u0131ndan haz\u0131rlanan sergi, 16 Kas\u0131m Cumartesi g\u00fcn\u00fc saat 16.30\u2019da Londra Yunus Emre Enstit\u00fcs\u00fc\u2019nde a\u00e7\u0131lacak. Sergi, 30 Kas\u0131m\u2019a kadar 10.00 ile 16.00 saatleri aras\u0131nda gezilebilecek. Daha \u00f6nce KKTC ve [&hellip;]","og_url":"https:\/\/kuzeyinsesi.org\/index.php\/2024\/11\/13\/denktas-in-london-sergisi-16-kasimda-acilacak\/","og_site_name":"Kuzeyin Sesi","article_publisher":"https:\/\/www.facebook.com\/kuzeyinsesii","article_published_time":"2024-11-13T16:26:53+00:00","og_image":[{"url":"https:\/\/brtk.net\/wp-content\/uploads\/2024\/11\/13\/sergi-davetiyesi.jpg?ver=5bd5cf3b9e58e31f6003a231904bf216","type":"","width":"","height":""}],"author":"Kuzeyin Sesi","twitter_card":"summary_large_image","twitter_creator":"@kuzeyinsesii","twitter_site":"@kuzeyinsesii","twitter_misc":{"Yazan:":"Kuzeyin Sesi","Tahmini okuma s\u00fcresi":"1 dakika"},"schema":{"@context":"https:\/\/schema.org","@graph":[{"@type":"Article","@id":"https:\/\/kuzeyinsesi.org\/index.php\/2024\/11\/13\/denktas-in-london-sergisi-16-kasimda-acilacak\/#article","isPartOf":{"@id":"https:\/\/kuzeyinsesi.org\/index.php\/2024\/11\/13\/denktas-in-london-sergisi-16-kasimda-acilacak\/"},"author":{"name":"Kuzeyin Sesi","@id":"https:\/\/kuzeyinsesi.org\/#\/schema\/person\/9f859689cdf01485597712386e37f5aa"},"headline":"\u201cDenkta\u015f in London Sergisi\u201d 16 Kas\u0131m\u2019da a\u00e7\u0131lacak","datePublished":"2024-11-13T16:26:53+00:00","mainEntityOfPage":{"@id":"https:\/\/kuzeyinsesi.org\/index.php\/2024\/11\/13\/denktas-in-london-sergisi-16-kasimda-acilacak\/"},"wordCount":267,"commentCount":0,"image":{"@id":"https:\/\/kuzeyinsesi.org\/index.php\/2024\/11\/13\/denktas-in-london-sergisi-16-kasimda-acilacak\/#primaryimage"},"thumbnailUrl":"https:\/\/kuzeyinsesi.org\/wp-content\/uploads\/2024\/11\/sergi-davetiyesi.jpg","articleSection":["Ya\u015fam"],"inLanguage":"tr","potentialAction":[{"@type":"CommentAction","name":"Comment","target":["https:\/\/kuzeyinsesi.org\/index.php\/2024\/11\/13\/denktas-in-london-sergisi-16-kasimda-acilacak\/#respond"]}]},{"@type":"WebPage","@id":"https:\/\/kuzeyinsesi.org\/index.php\/2024\/11\/13\/denktas-in-london-sergisi-16-kasimda-acilacak\/","url":"https:\/\/kuzeyinsesi.org\/index.php\/2024\/11\/13\/denktas-in-london-sergisi-16-kasimda-acilacak\/","name":"\u201cDenkta\u015f in London Sergisi\u201d 16 Kas\u0131m\u2019da a\u00e7\u0131lacak - Kuzeyin Sesi","isPartOf":{"@id":"https:\/\/kuzeyinsesi.org\/#website"},"primaryImageOfPage":{"@id":"https:\/\/kuzeyinsesi.org\/index.php\/2024\/11\/13\/denktas-in-london-sergisi-16-kasimda-acilacak\/#primaryimage"},"image":{"@id":"https:\/\/kuzeyinsesi.org\/index.php\/2024\/11\/13\/denktas-in-london-sergisi-16-kasimda-acilacak\/#primaryimage"},"thumbnailUrl":"https:\/\/kuzeyinsesi.org\/wp-content\/uploads\/2024\/11\/sergi-davetiyesi.jpg","datePublished":"2024-11-13T16:26:53+00:00","author":{"@id":"https:\/\/kuzeyinsesi.org\/#\/schema\/person\/9f859689cdf01485597712386e37f5aa"},"breadcrumb":{"@id":"https:\/\/kuzeyinsesi.org\/index.php\/2024\/11\/13\/denktas-in-london-sergisi-16-kasimda-acilacak\/#breadcrumb"},"inLanguage":"tr","potentialAction":[{"@type":"ReadAction","target":["https:\/\/kuzeyinsesi.org\/index.php\/2024\/11\/13\/denktas-in-london-sergisi-16-kasimda-acilacak\/"]}]},{"@type":"ImageObject","inLanguage":"tr","@id":"https:\/\/kuzeyinsesi.org\/index.php\/2024\/11\/13\/denktas-in-london-sergisi-16-kasimda-acilacak\/#primaryimage","url":"https:\/\/kuzeyinsesi.org\/wp-content\/uploads\/2024\/11\/sergi-davetiyesi.jpg","contentUrl":"https:\/\/kuzeyinsesi.org\/wp-content\/uploads\/2024\/11\/sergi-davetiyesi.jpg","width":1600,"height":1600},{"@type":"BreadcrumbList","@id":"https:\/\/kuzeyinsesi.org\/index.php\/2024\/11\/13\/denktas-in-london-sergisi-16-kasimda-acilacak\/#breadcrumb","itemListElement":[{"@type":"ListItem","position":1,"name":"Anasayfa","item":"https:\/\/kuzeyinsesi.org\/"},{"@type":"ListItem","position":2,"name":"\u201cDenkta\u015f in London Sergisi\u201d 16 Kas\u0131m\u2019da a\u00e7\u0131lacak"}]},{"@type":"WebSite","@id":"https:\/\/kuzeyinsesi.org\/#website","url":"https:\/\/kuzeyinsesi.org\/","name":"Kuzeyin Sesi","description":"Do\u011fru Haberin Adresi","potentialAction":[{"@type":"SearchAction","target":{"@type":"EntryPoint","urlTemplate":"https:\/\/kuzeyinsesi.org\/?s={search_term_string}"},"query-input":{"@type":"PropertyValueSpecification","valueRequired":true,"valueName":"search_term_string"}}],"inLanguage":"tr"},{"@type":"Person","@id":"https:\/\/kuzeyinsesi.org\/#\/schema\/person\/9f859689cdf01485597712386e37f5aa","name":"Kuzeyin Sesi","image":{"@type":"ImageObject","inLanguage":"tr","@id":"https:\/\/secure.gravatar.com\/avatar\/bab33852abfd8b282518d6ed81826833d77c3c882d9ab608add591ccace47a44?s=96&d=mm&r=g","url":"https:\/\/secure.gravatar.com\/avatar\/bab33852abfd8b282518d6ed81826833d77c3c882d9ab608add591ccace47a44?s=96&d=mm&r=g","contentUrl":"https:\/\/secure.gravatar.com\/avatar\/bab33852abfd8b282518d6ed81826833d77c3c882d9ab608add591ccace47a44?s=96&d=mm&r=g","caption":"Kuzeyin Sesi"},"sameAs":["https:\/\/kuzeyinsesi.org"],"url":"https:\/\/kuzeyinsesi.org\/index.php\/author\/guven\/"}]}},"_links":{"self":[{"href":"https:\/\/kuzeyinsesi.org\/index.php\/wp-json\/wp\/v2\/posts\/13430","targetHints":{"allow":["GET"]}}],"collection":[{"href":"https:\/\/kuzeyinsesi.org\/index.php\/wp-json\/wp\/v2\/posts"}],"about":[{"href":"https:\/\/kuzeyinsesi.org\/index.php\/wp-json\/wp\/v2\/types\/post"}],"author":[{"embeddable":true,"href":"https:\/\/kuzeyinsesi.org\/index.php\/wp-json\/wp\/v2\/users\/1"}],"replies":[{"embeddable":true,"href":"https:\/\/kuzeyinsesi.org\/index.php\/wp-json\/wp\/v2\/comments?post=13430"}],"version-history":[{"count":0,"href":"https:\/\/kuzeyinsesi.org\/index.php\/wp-json\/wp\/v2\/posts\/13430\/revisions"}],"wp:featuredmedia":[{"embeddable":true,"href":"https:\/\/kuzeyinsesi.org\/index.php\/wp-json\/wp\/v2\/media\/13431"}],"wp:attachment":[{"href":"https:\/\/kuzeyinsesi.org\/index.php\/wp-json\/wp\/v2\/media?parent=13430"}],"wp:term":[{"taxonomy":"category","embeddable":true,"href":"https:\/\/kuzeyinsesi.org\/index.php\/wp-json\/wp\/v2\/categories?post=13430"},{"taxonomy":"post_tag","embeddable":true,"href":"https:\/\/kuzeyinsesi.org\/index.php\/wp-json\/wp\/v2\/tags?post=13430"}],"curies":[{"name":"wp","href":"https:\/\/api.w.org\/{rel}","templated":true}]}}