{"id":13422,"date":"2024-11-13T17:25:43","date_gmt":"2024-11-13T15:25:43","guid":{"rendered":"https:\/\/kuzeyinsesi.org\/index.php\/2024\/11\/13\/koderin-isin-ramadan-cemil-belgeseli-gosterildi\/"},"modified":"2024-11-13T17:25:43","modified_gmt":"2024-11-13T15:25:43","slug":"koderin-isin-ramadan-cemil-belgeseli-gosterildi","status":"publish","type":"post","link":"https:\/\/kuzeyinsesi.org\/index.php\/2024\/11\/13\/koderin-isin-ramadan-cemil-belgeseli-gosterildi\/","title":{"rendered":"K\u00d6DER\u2019in \u201cI\u015f\u0131n Ramadan Cemil\u201d belgeseli g\u00f6sterildi"},"content":{"rendered":"<div>\n<div class=\"mariselle-image-container none\">\n                                            <\/div>\n<p>K\u0131br\u0131s Kad\u0131n \u00d6yk\u00fcleri Derne\u011fi (K\u00d6DER) taraf\u0131ndan haz\u0131rlanan I\u015f\u0131n Ramadan Cemil Belgeseli g\u00f6sterildi.<\/p>\n<p>Belgeseli, Cumhurba\u015fkan\u0131 Ersin Tatar da izledi. Cumhurba\u015fkan\u0131 Tatar, \u201cI\u015f\u0131n Ramadan Cemil ve ailesi, devletine b\u00fcy\u00fck hizmetler verdi\u201d ifadelerini kulland\u0131.<\/p>\n<p>K\u00d6DER\u2019den verilen bilgiye g\u00f6re, \u201cHayat\u0131m\u0131za de\u011fer katan kad\u0131nlar\u0131m\u0131zla ilgili belgesel serisinin 25\u2019incisi\u201d olan belgesel, Halkbank sponsorlu\u011funda haz\u0131rland\u0131.<\/p>\n<p>I\u015f\u0131n Ramadan Cemil Belgeseli, d\u00fcn gece Yak\u0131n Do\u011fu \u00dcniversitesi (YD\u00dc) B\u00fcy\u00fck K\u00fct\u00fcphane Prof. Dr. \u00dcmit Hassan Salonu\u2019nda g\u00f6sterildi.<\/p>\n<p>Cumhurba\u015fkanl\u0131\u011f\u0131ndan verilen bilgiye g\u00f6re, Cumhurba\u015fkan\u0131 Ersin Tatar da, I\u015f\u0131n Ramadan Cemil belgeselini izledi.<\/p>\n<p>Cumhurba\u015fkan\u0131 Ersin Tatar, belgesel g\u00f6steriminde yapt\u0131\u011f\u0131 konu\u015fmada, K\u00d6DER\u2019in d\u00fczenledi\u011fi 25. belgesel g\u00f6steriminde bulunmaktan duydu\u011fu memnuniyeti ifade etti.\u00a0<\/p>\n<p>Ramadan Cemil ailesinin Limasol\u2019dan ba\u015flay\u0131p Girne\u2019ye ta\u015f\u0131nan ba\u015far\u0131lar\u0131ndan bahseden Cumhurba\u015fkan\u0131 Tatar, aileyi yak\u0131ndan tan\u0131d\u0131\u011f\u0131n\u0131 dile getirdi.\u00a0<\/p>\n<p>I\u015f\u0131n Ramadan Cemil\u2019in babas\u0131 merhum Ramadan Cemil\u2019in Limasol\u2018da ba\u015far\u0131l\u0131 bir i\u015f insan\u0131 ve K\u0131br\u0131s T\u00fcrk\u00fc\u2019n\u00fcn \u00f6nderlerinden oldu\u011funu anlatan Cumhurba\u015fkan\u0131 Tatar, 1974 y\u0131l\u0131ndan sonra ailenin Girne\u2018ye ta\u015f\u0131nd\u0131\u011f\u0131n\u0131 ve i\u015fletmesini burada yeniden kurdu\u011funu belirtti..\u00a0<\/p>\n<p>I\u015f\u0131n Ramadan Cemil\u2019in karde\u015fi Hasan Ramadan Cemil\u2019in sava\u015f\u0131n hemen ard\u0131ndan hen\u00fcz ekonomi geli\u015fmemi\u015fken yapt\u0131\u011f\u0131 giri\u015fimler ve yat\u0131r\u0131mlarla ne kadar \u00f6n g\u00f6r\u00fcl\u00fc bir ki\u015fi oldu\u011funa i\u015faret eden Cumhurba\u015fkan\u0131 Tatar, Hasan Ramadan Cemil\u2019in Kuzey K\u0131br\u0131s T\u00fcrk Cumhuriyeti\u2019ne her zaman g\u00fcvendi\u011fini vurgulad\u0131.<\/p>\n<p>I\u015f\u0131n Ramadan Cemil\u2019in T\u00fcrkiye\u2019nin \u00f6nemli okullar\u0131nda e\u011fitim ald\u0131\u011f\u0131n\u0131, D\u0131\u015fi\u015fleri Bakanl\u0131\u011f\u0131nda diplomat olarak g\u00f6rev yapt\u0131\u011f\u0131n\u0131 ve \u00fclkesine hizmet etti\u011fini aktaran\u00a0Cumhurba\u015fkan\u0131 Tatar, Hasan Ramadan Cemil\u2019in vefat\u0131yla \u015firketi devralan I\u015f\u0131n Ramadan Cemil\u2019in, i\u015fletmeyi ve ba\u015far\u0131l\u0131 bir \u015fekilde y\u00f6neterek vergi s\u0131ralamalar\u0131nda her d\u00f6nem ilk s\u0131ralarda yer ald\u0131\u011f\u0131n\u0131 kaydetti.<\/p>\n<p>-K\u00d6DER<\/p>\n<p>Fatma Co\u015far K\u0131n\u0131\u015f\u2019\u0131n sundu\u011fu gecede, konu\u015fmalar, Ramadan Cemil hakk\u0131nda sunum, belgesel g\u00f6sterimi ve belge takdimi ile foto\u011fraf \u00e7ekimi yap\u0131ld\u0131.<\/p>\n<p>Toplumun sayg\u0131 ve sevgi duydu\u011fu, g\u00fc\u00e7l\u00fc, \u00f6zel ve \u00f6nc\u00fc bir kad\u0131n olan I\u015f\u0131n Ramadan Cemil\u2019in belgeselini toplumla bulu\u015fturmaktan dolay\u0131 gururlu olduklar\u0131n\u0131 ifade eden K\u00d6DER Ba\u015fkan\u0131 \u015eenay Ekingen de, Halkbank\u2019a, m\u00fcd\u00fcr\u00fc Sevda \u00d6zen\u2019e, YD\u00dc y\u00f6netimine ve belgeselin haz\u0131rlanmas\u0131nda eme\u011fi ge\u00e7en herkese te\u015fekk\u00fcr etti.<\/p>\n<p>Halk Bankas\u0131 KKTC \u00dclke M\u00fcd\u00fcr\u00fc Sevda \u00d6zen ise,\u00a0belgesel ile Ramadan Cemil\u2019in hat\u0131ralar\u0131nda, hep birlikte k\u0131sa bir yolculu\u011fa \u00e7\u0131kt\u0131klar\u0131n\u0131, 1974 Kutlu Bar\u0131\u015f Harek\u00e2t\u0131 \u00f6ncesi ve sonras\u0131nda i\u00e7inde yeti\u015fti\u011fi g\u00fczel bir aile, g\u00fczel bir e\u011fitim hayat\u0131, ilk kad\u0131n diplomat olarak K\u0131br\u0131s T\u00fcrk\u00fc\u2019n\u00fcn varl\u0131\u011f\u0131n\u0131 korumak ve ya\u015fatmak i\u00e7in verdi\u011fi m\u00fccadeleyi izlediklerini kaydetti.<\/p>\n<p>K\u0131br\u0131s T\u00fcrk\u00fc\u2019n\u00fcn ve K\u0131br\u0131s T\u00fcrk kad\u0131n\u0131n\u0131n g\u00fc\u00e7l\u00fc karakteri, \u00e7al\u0131\u015fkanl\u0131\u011f\u0131 ve s\u0131n\u0131r tan\u0131maz m\u00fccadelesinin Ramadan Cemil\u2019in kimli\u011finde can buldu\u011funa i\u015faret eden \u00d6zen, \u201cK\u0131br\u0131s T\u00fcrk kad\u0131n\u0131n\u0131n varl\u0131\u011f\u0131n\u0131 alt\u0131n harflerle d\u00fcnyaya tan\u0131tm\u0131\u015f I\u015f\u0131n Ramadan Cemil ve siz de\u011ferli misafirlerimizi sayg\u0131yla selamlar\u0131m\u201d dedi.<\/p>\n<p>K\u00d6DER kurucu \u00fcyesi, emekli \u00f6\u011fretmen G\u00fclg\u00fcn Serdar ise, I\u015f\u0131n Ramadan Cemil\u2019in do\u011fdu\u011fu Limasol\u2019dan, lise ve \u00fcniversite y\u0131llar\u0131n\u0131n ge\u00e7irdi\u011fi \u0130stanbul, Ankara ve lisans\u00fcst\u00fc e\u011fitimi i\u00e7in gitti\u011fi Paris\u2019e, oradan 1974 sonras\u0131 ya\u015famaya ba\u015flad\u0131\u011f\u0131 Girne\u2019ye ve 1990-1995 aras\u0131 T.C. Ba\u015fkonsolos e\u015fi olarak ya\u015fad\u0131\u011f\u0131 Marsilya\u2019ya, Kuzey K\u0131br\u0131s\u2019tan d\u00fcnyaya a\u00e7\u0131lmay\u0131 ba\u015farm\u0131\u015f bir i\u015f insan\u0131 olarak gitti\u011fi bir\u00e7ok \u00fclkeden kl\u00fcp ve dernek ba\u015fkan\u0131 olarak kat\u0131ld\u0131\u011f\u0131 bir\u00e7ok uluslararas\u0131 toplant\u0131ya, ya\u015fad\u0131\u011f\u0131 t\u00fcm kay\u0131plar ve zorluklara ra\u011fmen ailesine olan ba\u011fl\u0131l\u0131\u011f\u0131 ve sevgisinin g\u00f6stergesi olarak g\u00f6\u011f\u00fcsledi\u011fi bir\u00e7ok olay ve verdi\u011fi m\u00fccadelesine uzanan hayat\u0131n\u0131 \u00f6zetleyen bir konu\u015fma yapt\u0131.<\/p>\n<p>Gecenin sonunda K\u00d6DER Ba\u015fkan\u0131 Ekingen ve Cumhurba\u015fkan\u0131 Tatar taraf\u0131ndan I\u015f\u0131n Ramadan Cemil\u2019e te\u015fekk\u00fcr belgesi takdim edildi.<\/p>\n<p>Gecede I\u015f\u0131n Ramadan Cemil de k\u0131sa bir konu\u015fma yaparak, \u201c1950\u2019li y\u0131llardan bug\u00fcnlere K\u0131br\u0131s T\u00fcrk\u00fc\u2019n\u00fcn yaratt\u0131\u011f\u0131 bu topraklarda var olma iste\u011fi, dostluk, arkada\u015fl\u0131k, dayan\u0131\u015fma ve sevginin g\u00f6stergesini bu salonda bu gece hep birlikte ya\u015fatt\u0131k. Bunda katk\u0131s\u0131 olan herkese \u00e7ok te\u015fekk\u00fcr ediyorum\u201d ifadesini kulland\u0131.<\/p>\n<\/p><\/div>\n<p><script async\n                    defer\n                    crossorigin=\"anonymous\"\n                    src=\"https:\/\/connect.facebook.net\/tr_TR\/sdk.js#xfbml=1&#038;version=v3.3\"\n            ><\/script><\/p>\n","protected":false},"excerpt":{"rendered":"<p>K\u0131br\u0131s Kad\u0131n \u00d6yk\u00fcleri Derne\u011fi (K\u00d6DER) taraf\u0131ndan haz\u0131rlanan I\u015f\u0131n Ramadan Cemil Belgeseli g\u00f6sterildi. Belgeseli, Cumhurba\u015fkan\u0131 Ersin Tatar da izledi. Cumhurba\u015fkan\u0131 Tatar, \u201cI\u015f\u0131n Ramadan Cemil ve ailesi, devletine b\u00fcy\u00fck hizmetler verdi\u201d ifadelerini kulland\u0131. K\u00d6DER\u2019den verilen bilgiye g\u00f6re, \u201cHayat\u0131m\u0131za de\u011fer katan kad\u0131nlar\u0131m\u0131zla ilgili belgesel serisinin 25\u2019incisi\u201d olan belgesel, Halkbank sponsorlu\u011funda haz\u0131rland\u0131. I\u015f\u0131n Ramadan Cemil Belgeseli, d\u00fcn gece Yak\u0131n [&hellip;]<\/p>\n","protected":false},"author":1,"featured_media":13423,"comment_status":"open","ping_status":"open","sticky":false,"template":"","format":"standard","meta":{"jnews-multi-image_gallery":[],"jnews_single_post":[],"jnews_primary_category":[],"jnews_social_meta":[],"jnews_override_counter":[],"footnotes":""},"categories":[6],"tags":[],"class_list":["post-13422","post","type-post","status-publish","format-standard","has-post-thumbnail","hentry","category-yasam"],"yoast_head":"<!-- This site is optimized with the Yoast SEO plugin v27.4 - https:\/\/yoast.com\/product\/yoast-seo-wordpress\/ -->\n<title>K\u00d6DER\u2019in \u201cI\u015f\u0131n Ramadan Cemil\u201d belgeseli g\u00f6sterildi - Kuzeyin Sesi<\/title>\n<meta name=\"robots\" content=\"index, follow, max-snippet:-1, max-image-preview:large, max-video-preview:-1\" \/>\n<link rel=\"canonical\" href=\"https:\/\/kuzeyinsesi.org\/index.php\/2024\/11\/13\/koderin-isin-ramadan-cemil-belgeseli-gosterildi\/\" \/>\n<meta property=\"og:locale\" content=\"tr_TR\" \/>\n<meta property=\"og:type\" content=\"article\" \/>\n<meta property=\"og:title\" content=\"K\u00d6DER\u2019in \u201cI\u015f\u0131n Ramadan Cemil\u201d belgeseli g\u00f6sterildi - Kuzeyin Sesi\" \/>\n<meta property=\"og:description\" content=\"K\u0131br\u0131s Kad\u0131n \u00d6yk\u00fcleri Derne\u011fi (K\u00d6DER) taraf\u0131ndan haz\u0131rlanan I\u015f\u0131n Ramadan Cemil Belgeseli g\u00f6sterildi. Belgeseli, Cumhurba\u015fkan\u0131 Ersin Tatar da izledi. Cumhurba\u015fkan\u0131 Tatar, \u201cI\u015f\u0131n Ramadan Cemil ve ailesi, devletine b\u00fcy\u00fck hizmetler verdi\u201d ifadelerini kulland\u0131. K\u00d6DER\u2019den verilen bilgiye g\u00f6re, \u201cHayat\u0131m\u0131za de\u011fer katan kad\u0131nlar\u0131m\u0131zla ilgili belgesel serisinin 25\u2019incisi\u201d olan belgesel, Halkbank sponsorlu\u011funda haz\u0131rland\u0131. I\u015f\u0131n Ramadan Cemil Belgeseli, d\u00fcn gece Yak\u0131n [&hellip;]\" \/>\n<meta property=\"og:url\" content=\"https:\/\/kuzeyinsesi.org\/index.php\/2024\/11\/13\/koderin-isin-ramadan-cemil-belgeseli-gosterildi\/\" \/>\n<meta property=\"og:site_name\" content=\"Kuzeyin Sesi\" \/>\n<meta property=\"article:publisher\" content=\"https:\/\/www.facebook.com\/kuzeyinsesii\" \/>\n<meta property=\"article:published_time\" content=\"2024-11-13T15:25:43+00:00\" \/>\n<meta property=\"og:image\" content=\"https:\/\/brtk.net\/wp-content\/uploads\/2024\/11\/13\/koder-isin-ramadan-cemil-11--scaled.jpg?ver=a6f3a604eaea48f18996879a968e59dd\" \/>\n<meta name=\"author\" content=\"Kuzeyin Sesi\" \/>\n<meta name=\"twitter:card\" content=\"summary_large_image\" \/>\n<meta name=\"twitter:creator\" content=\"@kuzeyinsesii\" \/>\n<meta name=\"twitter:site\" content=\"@kuzeyinsesii\" \/>\n<meta name=\"twitter:label1\" content=\"Yazan:\" \/>\n\t<meta name=\"twitter:data1\" content=\"Kuzeyin Sesi\" \/>\n\t<meta name=\"twitter:label2\" content=\"Tahmini okuma s\u00fcresi\" \/>\n\t<meta name=\"twitter:data2\" content=\"4 dakika\" \/>\n<script type=\"application\/ld+json\" class=\"yoast-schema-graph\">{\"@context\":\"https:\\\/\\\/schema.org\",\"@graph\":[{\"@type\":\"Article\",\"@id\":\"https:\\\/\\\/kuzeyinsesi.org\\\/index.php\\\/2024\\\/11\\\/13\\\/koderin-isin-ramadan-cemil-belgeseli-gosterildi\\\/#article\",\"isPartOf\":{\"@id\":\"https:\\\/\\\/kuzeyinsesi.org\\\/index.php\\\/2024\\\/11\\\/13\\\/koderin-isin-ramadan-cemil-belgeseli-gosterildi\\\/\"},\"author\":{\"name\":\"Kuzeyin Sesi\",\"@id\":\"https:\\\/\\\/kuzeyinsesi.org\\\/#\\\/schema\\\/person\\\/9f859689cdf01485597712386e37f5aa\"},\"headline\":\"K\u00d6DER\u2019in \u201cI\u015f\u0131n Ramadan Cemil\u201d belgeseli g\u00f6sterildi\",\"datePublished\":\"2024-11-13T15:25:43+00:00\",\"mainEntityOfPage\":{\"@id\":\"https:\\\/\\\/kuzeyinsesi.org\\\/index.php\\\/2024\\\/11\\\/13\\\/koderin-isin-ramadan-cemil-belgeseli-gosterildi\\\/\"},\"wordCount\":838,\"commentCount\":0,\"image\":{\"@id\":\"https:\\\/\\\/kuzeyinsesi.org\\\/index.php\\\/2024\\\/11\\\/13\\\/koderin-isin-ramadan-cemil-belgeseli-gosterildi\\\/#primaryimage\"},\"thumbnailUrl\":\"https:\\\/\\\/kuzeyinsesi.org\\\/wp-content\\\/uploads\\\/2024\\\/11\\\/koder-isin-ramadan-cemil-11-scaled.jpg\",\"articleSection\":[\"Ya\u015fam\"],\"inLanguage\":\"tr\",\"potentialAction\":[{\"@type\":\"CommentAction\",\"name\":\"Comment\",\"target\":[\"https:\\\/\\\/kuzeyinsesi.org\\\/index.php\\\/2024\\\/11\\\/13\\\/koderin-isin-ramadan-cemil-belgeseli-gosterildi\\\/#respond\"]}]},{\"@type\":\"WebPage\",\"@id\":\"https:\\\/\\\/kuzeyinsesi.org\\\/index.php\\\/2024\\\/11\\\/13\\\/koderin-isin-ramadan-cemil-belgeseli-gosterildi\\\/\",\"url\":\"https:\\\/\\\/kuzeyinsesi.org\\\/index.php\\\/2024\\\/11\\\/13\\\/koderin-isin-ramadan-cemil-belgeseli-gosterildi\\\/\",\"name\":\"K\u00d6DER\u2019in \u201cI\u015f\u0131n Ramadan Cemil\u201d belgeseli g\u00f6sterildi - Kuzeyin Sesi\",\"isPartOf\":{\"@id\":\"https:\\\/\\\/kuzeyinsesi.org\\\/#website\"},\"primaryImageOfPage\":{\"@id\":\"https:\\\/\\\/kuzeyinsesi.org\\\/index.php\\\/2024\\\/11\\\/13\\\/koderin-isin-ramadan-cemil-belgeseli-gosterildi\\\/#primaryimage\"},\"image\":{\"@id\":\"https:\\\/\\\/kuzeyinsesi.org\\\/index.php\\\/2024\\\/11\\\/13\\\/koderin-isin-ramadan-cemil-belgeseli-gosterildi\\\/#primaryimage\"},\"thumbnailUrl\":\"https:\\\/\\\/kuzeyinsesi.org\\\/wp-content\\\/uploads\\\/2024\\\/11\\\/koder-isin-ramadan-cemil-11-scaled.jpg\",\"datePublished\":\"2024-11-13T15:25:43+00:00\",\"author\":{\"@id\":\"https:\\\/\\\/kuzeyinsesi.org\\\/#\\\/schema\\\/person\\\/9f859689cdf01485597712386e37f5aa\"},\"breadcrumb\":{\"@id\":\"https:\\\/\\\/kuzeyinsesi.org\\\/index.php\\\/2024\\\/11\\\/13\\\/koderin-isin-ramadan-cemil-belgeseli-gosterildi\\\/#breadcrumb\"},\"inLanguage\":\"tr\",\"potentialAction\":[{\"@type\":\"ReadAction\",\"target\":[\"https:\\\/\\\/kuzeyinsesi.org\\\/index.php\\\/2024\\\/11\\\/13\\\/koderin-isin-ramadan-cemil-belgeseli-gosterildi\\\/\"]}]},{\"@type\":\"ImageObject\",\"inLanguage\":\"tr\",\"@id\":\"https:\\\/\\\/kuzeyinsesi.org\\\/index.php\\\/2024\\\/11\\\/13\\\/koderin-isin-ramadan-cemil-belgeseli-gosterildi\\\/#primaryimage\",\"url\":\"https:\\\/\\\/kuzeyinsesi.org\\\/wp-content\\\/uploads\\\/2024\\\/11\\\/koder-isin-ramadan-cemil-11-scaled.jpg\",\"contentUrl\":\"https:\\\/\\\/kuzeyinsesi.org\\\/wp-content\\\/uploads\\\/2024\\\/11\\\/koder-isin-ramadan-cemil-11-scaled.jpg\",\"width\":2560,\"height\":1707},{\"@type\":\"BreadcrumbList\",\"@id\":\"https:\\\/\\\/kuzeyinsesi.org\\\/index.php\\\/2024\\\/11\\\/13\\\/koderin-isin-ramadan-cemil-belgeseli-gosterildi\\\/#breadcrumb\",\"itemListElement\":[{\"@type\":\"ListItem\",\"position\":1,\"name\":\"Anasayfa\",\"item\":\"https:\\\/\\\/kuzeyinsesi.org\\\/\"},{\"@type\":\"ListItem\",\"position\":2,\"name\":\"K\u00d6DER\u2019in \u201cI\u015f\u0131n Ramadan Cemil\u201d belgeseli g\u00f6sterildi\"}]},{\"@type\":\"WebSite\",\"@id\":\"https:\\\/\\\/kuzeyinsesi.org\\\/#website\",\"url\":\"https:\\\/\\\/kuzeyinsesi.org\\\/\",\"name\":\"Kuzeyin Sesi\",\"description\":\"Do\u011fru Haberin Adresi\",\"potentialAction\":[{\"@type\":\"SearchAction\",\"target\":{\"@type\":\"EntryPoint\",\"urlTemplate\":\"https:\\\/\\\/kuzeyinsesi.org\\\/?s={search_term_string}\"},\"query-input\":{\"@type\":\"PropertyValueSpecification\",\"valueRequired\":true,\"valueName\":\"search_term_string\"}}],\"inLanguage\":\"tr\"},{\"@type\":\"Person\",\"@id\":\"https:\\\/\\\/kuzeyinsesi.org\\\/#\\\/schema\\\/person\\\/9f859689cdf01485597712386e37f5aa\",\"name\":\"Kuzeyin Sesi\",\"image\":{\"@type\":\"ImageObject\",\"inLanguage\":\"tr\",\"@id\":\"https:\\\/\\\/secure.gravatar.com\\\/avatar\\\/bab33852abfd8b282518d6ed81826833d77c3c882d9ab608add591ccace47a44?s=96&d=mm&r=g\",\"url\":\"https:\\\/\\\/secure.gravatar.com\\\/avatar\\\/bab33852abfd8b282518d6ed81826833d77c3c882d9ab608add591ccace47a44?s=96&d=mm&r=g\",\"contentUrl\":\"https:\\\/\\\/secure.gravatar.com\\\/avatar\\\/bab33852abfd8b282518d6ed81826833d77c3c882d9ab608add591ccace47a44?s=96&d=mm&r=g\",\"caption\":\"Kuzeyin Sesi\"},\"sameAs\":[\"https:\\\/\\\/kuzeyinsesi.org\"],\"url\":\"https:\\\/\\\/kuzeyinsesi.org\\\/index.php\\\/author\\\/guven\\\/\"}]}<\/script>\n<!-- \/ Yoast SEO plugin. -->","yoast_head_json":{"title":"K\u00d6DER\u2019in \u201cI\u015f\u0131n Ramadan Cemil\u201d belgeseli g\u00f6sterildi - Kuzeyin Sesi","robots":{"index":"index","follow":"follow","max-snippet":"max-snippet:-1","max-image-preview":"max-image-preview:large","max-video-preview":"max-video-preview:-1"},"canonical":"https:\/\/kuzeyinsesi.org\/index.php\/2024\/11\/13\/koderin-isin-ramadan-cemil-belgeseli-gosterildi\/","og_locale":"tr_TR","og_type":"article","og_title":"K\u00d6DER\u2019in \u201cI\u015f\u0131n Ramadan Cemil\u201d belgeseli g\u00f6sterildi - Kuzeyin Sesi","og_description":"K\u0131br\u0131s Kad\u0131n \u00d6yk\u00fcleri Derne\u011fi (K\u00d6DER) taraf\u0131ndan haz\u0131rlanan I\u015f\u0131n Ramadan Cemil Belgeseli g\u00f6sterildi. Belgeseli, Cumhurba\u015fkan\u0131 Ersin Tatar da izledi. Cumhurba\u015fkan\u0131 Tatar, \u201cI\u015f\u0131n Ramadan Cemil ve ailesi, devletine b\u00fcy\u00fck hizmetler verdi\u201d ifadelerini kulland\u0131. K\u00d6DER\u2019den verilen bilgiye g\u00f6re, \u201cHayat\u0131m\u0131za de\u011fer katan kad\u0131nlar\u0131m\u0131zla ilgili belgesel serisinin 25\u2019incisi\u201d olan belgesel, Halkbank sponsorlu\u011funda haz\u0131rland\u0131. I\u015f\u0131n Ramadan Cemil Belgeseli, d\u00fcn gece Yak\u0131n [&hellip;]","og_url":"https:\/\/kuzeyinsesi.org\/index.php\/2024\/11\/13\/koderin-isin-ramadan-cemil-belgeseli-gosterildi\/","og_site_name":"Kuzeyin Sesi","article_publisher":"https:\/\/www.facebook.com\/kuzeyinsesii","article_published_time":"2024-11-13T15:25:43+00:00","og_image":[{"url":"https:\/\/brtk.net\/wp-content\/uploads\/2024\/11\/13\/koder-isin-ramadan-cemil-11--scaled.jpg?ver=a6f3a604eaea48f18996879a968e59dd","type":"","width":"","height":""}],"author":"Kuzeyin Sesi","twitter_card":"summary_large_image","twitter_creator":"@kuzeyinsesii","twitter_site":"@kuzeyinsesii","twitter_misc":{"Yazan:":"Kuzeyin Sesi","Tahmini okuma s\u00fcresi":"4 dakika"},"schema":{"@context":"https:\/\/schema.org","@graph":[{"@type":"Article","@id":"https:\/\/kuzeyinsesi.org\/index.php\/2024\/11\/13\/koderin-isin-ramadan-cemil-belgeseli-gosterildi\/#article","isPartOf":{"@id":"https:\/\/kuzeyinsesi.org\/index.php\/2024\/11\/13\/koderin-isin-ramadan-cemil-belgeseli-gosterildi\/"},"author":{"name":"Kuzeyin Sesi","@id":"https:\/\/kuzeyinsesi.org\/#\/schema\/person\/9f859689cdf01485597712386e37f5aa"},"headline":"K\u00d6DER\u2019in \u201cI\u015f\u0131n Ramadan Cemil\u201d belgeseli g\u00f6sterildi","datePublished":"2024-11-13T15:25:43+00:00","mainEntityOfPage":{"@id":"https:\/\/kuzeyinsesi.org\/index.php\/2024\/11\/13\/koderin-isin-ramadan-cemil-belgeseli-gosterildi\/"},"wordCount":838,"commentCount":0,"image":{"@id":"https:\/\/kuzeyinsesi.org\/index.php\/2024\/11\/13\/koderin-isin-ramadan-cemil-belgeseli-gosterildi\/#primaryimage"},"thumbnailUrl":"https:\/\/kuzeyinsesi.org\/wp-content\/uploads\/2024\/11\/koder-isin-ramadan-cemil-11-scaled.jpg","articleSection":["Ya\u015fam"],"inLanguage":"tr","potentialAction":[{"@type":"CommentAction","name":"Comment","target":["https:\/\/kuzeyinsesi.org\/index.php\/2024\/11\/13\/koderin-isin-ramadan-cemil-belgeseli-gosterildi\/#respond"]}]},{"@type":"WebPage","@id":"https:\/\/kuzeyinsesi.org\/index.php\/2024\/11\/13\/koderin-isin-ramadan-cemil-belgeseli-gosterildi\/","url":"https:\/\/kuzeyinsesi.org\/index.php\/2024\/11\/13\/koderin-isin-ramadan-cemil-belgeseli-gosterildi\/","name":"K\u00d6DER\u2019in \u201cI\u015f\u0131n Ramadan Cemil\u201d belgeseli g\u00f6sterildi - Kuzeyin Sesi","isPartOf":{"@id":"https:\/\/kuzeyinsesi.org\/#website"},"primaryImageOfPage":{"@id":"https:\/\/kuzeyinsesi.org\/index.php\/2024\/11\/13\/koderin-isin-ramadan-cemil-belgeseli-gosterildi\/#primaryimage"},"image":{"@id":"https:\/\/kuzeyinsesi.org\/index.php\/2024\/11\/13\/koderin-isin-ramadan-cemil-belgeseli-gosterildi\/#primaryimage"},"thumbnailUrl":"https:\/\/kuzeyinsesi.org\/wp-content\/uploads\/2024\/11\/koder-isin-ramadan-cemil-11-scaled.jpg","datePublished":"2024-11-13T15:25:43+00:00","author":{"@id":"https:\/\/kuzeyinsesi.org\/#\/schema\/person\/9f859689cdf01485597712386e37f5aa"},"breadcrumb":{"@id":"https:\/\/kuzeyinsesi.org\/index.php\/2024\/11\/13\/koderin-isin-ramadan-cemil-belgeseli-gosterildi\/#breadcrumb"},"inLanguage":"tr","potentialAction":[{"@type":"ReadAction","target":["https:\/\/kuzeyinsesi.org\/index.php\/2024\/11\/13\/koderin-isin-ramadan-cemil-belgeseli-gosterildi\/"]}]},{"@type":"ImageObject","inLanguage":"tr","@id":"https:\/\/kuzeyinsesi.org\/index.php\/2024\/11\/13\/koderin-isin-ramadan-cemil-belgeseli-gosterildi\/#primaryimage","url":"https:\/\/kuzeyinsesi.org\/wp-content\/uploads\/2024\/11\/koder-isin-ramadan-cemil-11-scaled.jpg","contentUrl":"https:\/\/kuzeyinsesi.org\/wp-content\/uploads\/2024\/11\/koder-isin-ramadan-cemil-11-scaled.jpg","width":2560,"height":1707},{"@type":"BreadcrumbList","@id":"https:\/\/kuzeyinsesi.org\/index.php\/2024\/11\/13\/koderin-isin-ramadan-cemil-belgeseli-gosterildi\/#breadcrumb","itemListElement":[{"@type":"ListItem","position":1,"name":"Anasayfa","item":"https:\/\/kuzeyinsesi.org\/"},{"@type":"ListItem","position":2,"name":"K\u00d6DER\u2019in \u201cI\u015f\u0131n Ramadan Cemil\u201d belgeseli g\u00f6sterildi"}]},{"@type":"WebSite","@id":"https:\/\/kuzeyinsesi.org\/#website","url":"https:\/\/kuzeyinsesi.org\/","name":"Kuzeyin Sesi","description":"Do\u011fru Haberin Adresi","potentialAction":[{"@type":"SearchAction","target":{"@type":"EntryPoint","urlTemplate":"https:\/\/kuzeyinsesi.org\/?s={search_term_string}"},"query-input":{"@type":"PropertyValueSpecification","valueRequired":true,"valueName":"search_term_string"}}],"inLanguage":"tr"},{"@type":"Person","@id":"https:\/\/kuzeyinsesi.org\/#\/schema\/person\/9f859689cdf01485597712386e37f5aa","name":"Kuzeyin Sesi","image":{"@type":"ImageObject","inLanguage":"tr","@id":"https:\/\/secure.gravatar.com\/avatar\/bab33852abfd8b282518d6ed81826833d77c3c882d9ab608add591ccace47a44?s=96&d=mm&r=g","url":"https:\/\/secure.gravatar.com\/avatar\/bab33852abfd8b282518d6ed81826833d77c3c882d9ab608add591ccace47a44?s=96&d=mm&r=g","contentUrl":"https:\/\/secure.gravatar.com\/avatar\/bab33852abfd8b282518d6ed81826833d77c3c882d9ab608add591ccace47a44?s=96&d=mm&r=g","caption":"Kuzeyin Sesi"},"sameAs":["https:\/\/kuzeyinsesi.org"],"url":"https:\/\/kuzeyinsesi.org\/index.php\/author\/guven\/"}]}},"_links":{"self":[{"href":"https:\/\/kuzeyinsesi.org\/index.php\/wp-json\/wp\/v2\/posts\/13422","targetHints":{"allow":["GET"]}}],"collection":[{"href":"https:\/\/kuzeyinsesi.org\/index.php\/wp-json\/wp\/v2\/posts"}],"about":[{"href":"https:\/\/kuzeyinsesi.org\/index.php\/wp-json\/wp\/v2\/types\/post"}],"author":[{"embeddable":true,"href":"https:\/\/kuzeyinsesi.org\/index.php\/wp-json\/wp\/v2\/users\/1"}],"replies":[{"embeddable":true,"href":"https:\/\/kuzeyinsesi.org\/index.php\/wp-json\/wp\/v2\/comments?post=13422"}],"version-history":[{"count":0,"href":"https:\/\/kuzeyinsesi.org\/index.php\/wp-json\/wp\/v2\/posts\/13422\/revisions"}],"wp:featuredmedia":[{"embeddable":true,"href":"https:\/\/kuzeyinsesi.org\/index.php\/wp-json\/wp\/v2\/media\/13423"}],"wp:attachment":[{"href":"https:\/\/kuzeyinsesi.org\/index.php\/wp-json\/wp\/v2\/media?parent=13422"}],"wp:term":[{"taxonomy":"category","embeddable":true,"href":"https:\/\/kuzeyinsesi.org\/index.php\/wp-json\/wp\/v2\/categories?post=13422"},{"taxonomy":"post_tag","embeddable":true,"href":"https:\/\/kuzeyinsesi.org\/index.php\/wp-json\/wp\/v2\/tags?post=13422"}],"curies":[{"name":"wp","href":"https:\/\/api.w.org\/{rel}","templated":true}]}}