{"id":13416,"date":"2024-11-13T17:06:02","date_gmt":"2024-11-13T15:06:02","guid":{"rendered":"https:\/\/kuzeyinsesi.org\/index.php\/2024\/11\/13\/maliye-bakani-berova-tc-ticaret-bakan-yardimcisi-ucarmaki-kabul-etti\/"},"modified":"2024-11-13T17:06:02","modified_gmt":"2024-11-13T15:06:02","slug":"maliye-bakani-berova-tc-ticaret-bakan-yardimcisi-ucarmaki-kabul-etti","status":"publish","type":"post","link":"https:\/\/kuzeyinsesi.org\/index.php\/2024\/11\/13\/maliye-bakani-berova-tc-ticaret-bakan-yardimcisi-ucarmaki-kabul-etti\/","title":{"rendered":"Maliye Bakan\u0131 Berova, TC Ticaret Bakan Yard\u0131mc\u0131s\u0131 U\u00e7armak\u2019\u0131 kabul etti"},"content":{"rendered":"<div>\n<div class=\"mariselle-image-container none\">\n                                            <\/div>\n<p>Maliye Bakan\u0131 \u00d6zdemir Berova, KKTC\u2019de bulunan T\u00fcrkiye Cumhuriyeti Ticaret Bakan Yard\u0131mc\u0131s\u0131 Sezai U\u00e7armak\u2019\u0131 kabul etti.<\/p>\n<p>Bakanl\u0131ktan yap\u0131lan a\u00e7\u0131klamaya g\u00f6re, ziyarette konu\u015fan T\u00fcrkiye Cumhuriyeti Ticaret Bakan Yard\u0131mc\u0131s\u0131 Sezai U\u00e7armak, daha \u00f6nceki g\u00f6r\u00fc\u015fmelere istinaden \u201cT\u00fcrkiye Cumhuriyeti \u2013 Kuzey K\u0131br\u0131s T\u00fcrk Cumhuriyeti Ortak G\u00fcmr\u00fck Komitesi 1\u2019inci Toplant\u0131s\u0131\u201dna kat\u0131lmak amac\u0131yla bug\u00fcn KKTC\u2019de bulunduklar\u0131n\u0131 belirtti.<\/p>\n<p>\u0130ki \u00fclke aras\u0131ndaki ili\u015fkilerin \u00f6nemine de\u011finen U\u00e7armak, \u201cToplant\u0131da \u00f6nemli geli\u015fmelerin kaydedilece\u011fine inan\u0131yor, bunun \u00f6nemli bir \u00e7\u0131kt\u0131s\u0131 olaca\u011f\u0131n\u0131 umuyorum.\u201d diye konu\u015ftu.<\/p>\n<p>-Berova: \u201cYak\u0131n bir \u00e7al\u0131\u015fma i\u00e7indeyiz\u201d<\/p>\n<p>Maliye Bakan\u0131 \u00d6zdemir Berova,\u00a0 konu\u015fmas\u0131nda, \u201cAnavatan T\u00fcrkiye ile Kuzey K\u0131br\u0131s T\u00fcrk Cumhuriyeti\u2019nin ili\u015fkileri tarihin her d\u00f6neminde s\u0131cak olmu\u015ftur. Elbette bu durum bizi mutlu etmekte ve gururland\u0131rmaktad\u0131r.\u201d dedi.<\/p>\n<p>KKTC\u2019nin 41\u2019inci kurulu\u015f y\u0131l d\u00f6n\u00fcm\u00fcn\u00fc kutlamaya haz\u0131rlan\u0131ld\u0131\u011f\u0131n\u0131 an\u0131msatan Berova,\u00a0 K\u0131br\u0131s T\u00fcrk halk\u0131na ge\u00e7mi\u015ften bug\u00fcne maddi ve manevi deste\u011fini art\u0131rarak s\u00fcrd\u00fcren Anavatan T\u00fcrkiye Cumhuriyeti yetkililerine ve Anadolu halk\u0131na te\u015fekk\u00fcr etti.<\/p>\n<p>Her iki \u00fclke aras\u0131nda yap\u0131lan protokoller ve di\u011fer i\u015f birli\u011fi anla\u015fmalar\u0131 ile birlikte yak\u0131n bir \u00e7al\u0131\u015fma i\u00e7erisinde olundu\u011funu kaydeden Bakan Berova, bu \u00e7er\u00e7evede 2007 y\u0131l\u0131nda yap\u0131lan \u2018G\u00fcmr\u00fck Konular\u0131nda \u0130\u015f birli\u011fi ve Ka\u00e7ak\u00e7\u0131l\u0131\u011f\u0131n Tespiti ve \u00d6nlenmesine \u0130li\u015fkin Protokol\u201d kapsam\u0131nda pek \u00e7ok alt protokol imzaland\u0131\u011f\u0131n\u0131 da an\u0131msatarak \u015funlar\u0131 kaydetti;<\/p>\n<p>\u201cGe\u00e7ti\u011fimiz y\u0131l, Maliye Bakanl\u0131\u011f\u0131\u2019na atanmam\u0131n hemen akabinde, T\u00fcrkiye Cumhuriyeti Ticaret Bakan\u0131 Say\u0131n \u00d6mer Bolat\u2019a ziyaret ger\u00e7ekle\u015ftirdik. Bu ziyaretlerde her iki \u00fclkenin g\u00fcmr\u00fck alan\u0131nda yapt\u0131\u011f\u0131 i\u015f birli\u011fi konusunda kar\u015f\u0131l\u0131kl\u0131 g\u00f6r\u00fc\u015f al\u0131\u015fveri\u015finde bulunduk. T\u00fcrkiye Ticaret Bakan\u0131 Say\u0131n Bolat\u2019\u0131n da bu konular \u00fczerinde ne kadar hassasiyetle durdu\u011funun fark\u0131nda ve bilincindeyiz ki o g\u00fcnden bug\u00fcne ge\u00e7en s\u00fcre\u00e7 i\u00e7erisinde de pek \u00e7ok kez gerek telefon arac\u0131l\u0131\u011f\u0131 ile gerekse kar\u015f\u0131l\u0131kl\u0131 g\u00f6r\u00fc\u015fmeler ger\u00e7ekle\u015ftirdik. Bu da i\u015flerin daha h\u0131zl\u0131 ilerlemesini sa\u011flad\u0131.\u201d<\/p>\n<p>Berova, G\u00fcmr\u00fck Otomasyon Sistemi\u2019nin kendileri i\u00e7in \u00e7ok \u00f6nemli konulardan biri oldu\u011funa dikkati \u00e7ekerek, sistemin kurulu\u015f a\u015famas\u0131ndan birtak\u0131m s\u0131k\u0131nt\u0131lar da ya\u015fand\u0131\u011f\u0131n\u0131 belirtti.<\/p>\n<p>Bu s\u0131k\u0131nt\u0131lar\u0131n \u00e7\u00f6z\u00fclebilmesi amac\u0131yla gerek T\u00fcrkiye Dijital Ofisi ile gerek T\u00fcrkiye Cumhuriyeti Ticaret Bakan\u0131 ile gerekse T\u00fcrkiye\u2019nin di\u011fer yetkilileri ile s\u0131k\u0131 temaslar kurduklar\u0131n\u0131 kaydeden Berova, sistemde mevcut sorun ve zorluklar\u0131n a\u015f\u0131lmas\u0131 ad\u0131na \u00e7al\u0131\u015fmalar\u0131n kar\u015f\u0131l\u0131kl\u0131 s\u00fcrd\u00fc\u011f\u00fcn\u00fc dile getirdi.<\/p>\n<p>Bakan Berova, G\u00fcmr\u00fck Otomasyon Sistemi\u2019nin yan\u0131 s\u0131ra,\u00a0 adaya gelecek olan mal ve metalar\u0131n do\u011fru beyanlar\u0131n\u0131n KKTC\u2019ye de do\u011fru girmesi ve b\u00f6ylelikle do\u011fru vergilendirme konusunda da T\u00fcrkiye\u2019nin \u00f6nemli katk\u0131lar sa\u011flad\u0131\u011f\u0131n\u0131 s\u00f6yledi.<\/p>\n<p>Berova kendileri i\u00e7in di\u011fer \u00f6nemli bir konunun da, dijitalle\u015fmeye giden bir d\u00fcnyada ve k\u00e2\u011f\u0131d\u0131n ortadan kalkmas\u0131 gereken bir d\u00f6nemde; \u201cK\u00e2\u011f\u0131tl\u0131 belgelerin otomasyon sistemi \u00fczerinden kar\u015f\u0131l\u0131kl\u0131 iki devletin al\u0131p ve vermesi, g\u00fcmr\u00fcklerdeki olgular\u0131 art\u0131racakt\u0131r.\u201d dedi.<\/p>\n<p>G\u00f6r\u00fc\u015fmenin ard\u0131ndan Maliye Bakan\u0131 \u00d6zdemir Berova, Ortak G\u00fcmr\u00fck Komitesi toplant\u0131s\u0131na kat\u0131larak a\u00e7\u0131l\u0131\u015f konu\u015fmas\u0131 yapt\u0131.<\/p>\n<p>Toplant\u0131da,\u00a0 KKTC G\u00fcmr\u00fck ve Otomasyon Sistemi projesinin son durumu, risk analizi boyutunun da dikkate al\u0131narak g\u00fcmr\u00fck altyap\u0131s\u0131n\u0131n g\u00fc\u00e7lendirilmesine y\u00f6nelik verilen e\u011fitim deste\u011fi konular\u0131 hakk\u0131nda kar\u015f\u0131l\u0131kl\u0131 g\u00f6r\u00fc\u015f al\u0131\u015fveri\u015finde de bulunuldu.<\/p>\n<\/p><\/div>\n<p><script async\n                    defer\n                    crossorigin=\"anonymous\"\n                    src=\"https:\/\/connect.facebook.net\/tr_TR\/sdk.js#xfbml=1&#038;version=v3.3\"\n            ><\/script><\/p>\n","protected":false},"excerpt":{"rendered":"<p>Maliye Bakan\u0131 \u00d6zdemir Berova, KKTC\u2019de bulunan T\u00fcrkiye Cumhuriyeti Ticaret Bakan Yard\u0131mc\u0131s\u0131 Sezai U\u00e7armak\u2019\u0131 kabul etti. Bakanl\u0131ktan yap\u0131lan a\u00e7\u0131klamaya g\u00f6re, ziyarette konu\u015fan T\u00fcrkiye Cumhuriyeti Ticaret Bakan Yard\u0131mc\u0131s\u0131 Sezai U\u00e7armak, daha \u00f6nceki g\u00f6r\u00fc\u015fmelere istinaden \u201cT\u00fcrkiye Cumhuriyeti \u2013 Kuzey K\u0131br\u0131s T\u00fcrk Cumhuriyeti Ortak G\u00fcmr\u00fck Komitesi 1\u2019inci Toplant\u0131s\u0131\u201dna kat\u0131lmak amac\u0131yla bug\u00fcn KKTC\u2019de bulunduklar\u0131n\u0131 belirtti. \u0130ki \u00fclke aras\u0131ndaki ili\u015fkilerin \u00f6nemine [&hellip;]<\/p>\n","protected":false},"author":1,"featured_media":13417,"comment_status":"open","ping_status":"open","sticky":false,"template":"","format":"standard","meta":{"jnews-multi-image_gallery":[],"jnews_single_post":[],"jnews_primary_category":[],"jnews_social_meta":[],"jnews_override_counter":[],"footnotes":""},"categories":[5],"tags":[],"class_list":["post-13416","post","type-post","status-publish","format-standard","has-post-thumbnail","hentry","category-turkiye"],"yoast_head":"<!-- This site is optimized with the Yoast SEO plugin v27.4 - https:\/\/yoast.com\/product\/yoast-seo-wordpress\/ -->\n<title>Maliye Bakan\u0131 Berova, TC Ticaret Bakan Yard\u0131mc\u0131s\u0131 U\u00e7armak\u2019\u0131 kabul etti - Kuzeyin Sesi<\/title>\n<meta name=\"robots\" content=\"index, follow, max-snippet:-1, max-image-preview:large, max-video-preview:-1\" \/>\n<link rel=\"canonical\" href=\"https:\/\/kuzeyinsesi.org\/index.php\/2024\/11\/13\/maliye-bakani-berova-tc-ticaret-bakan-yardimcisi-ucarmaki-kabul-etti\/\" \/>\n<meta property=\"og:locale\" content=\"tr_TR\" \/>\n<meta property=\"og:type\" content=\"article\" \/>\n<meta property=\"og:title\" content=\"Maliye Bakan\u0131 Berova, TC Ticaret Bakan Yard\u0131mc\u0131s\u0131 U\u00e7armak\u2019\u0131 kabul etti - Kuzeyin Sesi\" \/>\n<meta property=\"og:description\" content=\"Maliye Bakan\u0131 \u00d6zdemir Berova, KKTC\u2019de bulunan T\u00fcrkiye Cumhuriyeti Ticaret Bakan Yard\u0131mc\u0131s\u0131 Sezai U\u00e7armak\u2019\u0131 kabul etti. Bakanl\u0131ktan yap\u0131lan a\u00e7\u0131klamaya g\u00f6re, ziyarette konu\u015fan T\u00fcrkiye Cumhuriyeti Ticaret Bakan Yard\u0131mc\u0131s\u0131 Sezai U\u00e7armak, daha \u00f6nceki g\u00f6r\u00fc\u015fmelere istinaden \u201cT\u00fcrkiye Cumhuriyeti \u2013 Kuzey K\u0131br\u0131s T\u00fcrk Cumhuriyeti Ortak G\u00fcmr\u00fck Komitesi 1\u2019inci Toplant\u0131s\u0131\u201dna kat\u0131lmak amac\u0131yla bug\u00fcn KKTC\u2019de bulunduklar\u0131n\u0131 belirtti. \u0130ki \u00fclke aras\u0131ndaki ili\u015fkilerin \u00f6nemine [&hellip;]\" \/>\n<meta property=\"og:url\" content=\"https:\/\/kuzeyinsesi.org\/index.php\/2024\/11\/13\/maliye-bakani-berova-tc-ticaret-bakan-yardimcisi-ucarmaki-kabul-etti\/\" \/>\n<meta property=\"og:site_name\" content=\"Kuzeyin Sesi\" \/>\n<meta property=\"article:publisher\" content=\"https:\/\/www.facebook.com\/kuzeyinsesii\" \/>\n<meta property=\"article:published_time\" content=\"2024-11-13T15:06:02+00:00\" \/>\n<meta property=\"og:image\" content=\"https:\/\/brtk.net\/wp-content\/uploads\/2024\/11\/13\/maliye-bakani-berova-turkiye-ticaret-bakan-yardimcisi-ucarmak-i-kabul-etti.jpg?ver=763011ddff359d4987082ee755f55ce5\" \/>\n<meta name=\"author\" content=\"Kuzeyin Sesi\" \/>\n<meta name=\"twitter:card\" content=\"summary_large_image\" \/>\n<meta name=\"twitter:creator\" content=\"@kuzeyinsesii\" \/>\n<meta name=\"twitter:site\" content=\"@kuzeyinsesii\" \/>\n<meta name=\"twitter:label1\" content=\"Yazan:\" \/>\n\t<meta name=\"twitter:data1\" content=\"Kuzeyin Sesi\" \/>\n\t<meta name=\"twitter:label2\" content=\"Tahmini okuma s\u00fcresi\" \/>\n\t<meta name=\"twitter:data2\" content=\"3 dakika\" \/>\n<script type=\"application\/ld+json\" class=\"yoast-schema-graph\">{\"@context\":\"https:\\\/\\\/schema.org\",\"@graph\":[{\"@type\":\"Article\",\"@id\":\"https:\\\/\\\/kuzeyinsesi.org\\\/index.php\\\/2024\\\/11\\\/13\\\/maliye-bakani-berova-tc-ticaret-bakan-yardimcisi-ucarmaki-kabul-etti\\\/#article\",\"isPartOf\":{\"@id\":\"https:\\\/\\\/kuzeyinsesi.org\\\/index.php\\\/2024\\\/11\\\/13\\\/maliye-bakani-berova-tc-ticaret-bakan-yardimcisi-ucarmaki-kabul-etti\\\/\"},\"author\":{\"name\":\"Kuzeyin Sesi\",\"@id\":\"https:\\\/\\\/kuzeyinsesi.org\\\/#\\\/schema\\\/person\\\/9f859689cdf01485597712386e37f5aa\"},\"headline\":\"Maliye Bakan\u0131 Berova, TC Ticaret Bakan Yard\u0131mc\u0131s\u0131 U\u00e7armak\u2019\u0131 kabul etti\",\"datePublished\":\"2024-11-13T15:06:02+00:00\",\"mainEntityOfPage\":{\"@id\":\"https:\\\/\\\/kuzeyinsesi.org\\\/index.php\\\/2024\\\/11\\\/13\\\/maliye-bakani-berova-tc-ticaret-bakan-yardimcisi-ucarmaki-kabul-etti\\\/\"},\"wordCount\":666,\"commentCount\":0,\"image\":{\"@id\":\"https:\\\/\\\/kuzeyinsesi.org\\\/index.php\\\/2024\\\/11\\\/13\\\/maliye-bakani-berova-tc-ticaret-bakan-yardimcisi-ucarmaki-kabul-etti\\\/#primaryimage\"},\"thumbnailUrl\":\"https:\\\/\\\/kuzeyinsesi.org\\\/wp-content\\\/uploads\\\/2024\\\/11\\\/maliye-bakani-berova-turkiye-ticaret-bakan-yardimcisi-ucarmak-i-kabul-etti.jpg\",\"articleSection\":[\"T\u00fcrkiye\"],\"inLanguage\":\"tr\",\"potentialAction\":[{\"@type\":\"CommentAction\",\"name\":\"Comment\",\"target\":[\"https:\\\/\\\/kuzeyinsesi.org\\\/index.php\\\/2024\\\/11\\\/13\\\/maliye-bakani-berova-tc-ticaret-bakan-yardimcisi-ucarmaki-kabul-etti\\\/#respond\"]}]},{\"@type\":\"WebPage\",\"@id\":\"https:\\\/\\\/kuzeyinsesi.org\\\/index.php\\\/2024\\\/11\\\/13\\\/maliye-bakani-berova-tc-ticaret-bakan-yardimcisi-ucarmaki-kabul-etti\\\/\",\"url\":\"https:\\\/\\\/kuzeyinsesi.org\\\/index.php\\\/2024\\\/11\\\/13\\\/maliye-bakani-berova-tc-ticaret-bakan-yardimcisi-ucarmaki-kabul-etti\\\/\",\"name\":\"Maliye Bakan\u0131 Berova, TC Ticaret Bakan Yard\u0131mc\u0131s\u0131 U\u00e7armak\u2019\u0131 kabul etti - Kuzeyin Sesi\",\"isPartOf\":{\"@id\":\"https:\\\/\\\/kuzeyinsesi.org\\\/#website\"},\"primaryImageOfPage\":{\"@id\":\"https:\\\/\\\/kuzeyinsesi.org\\\/index.php\\\/2024\\\/11\\\/13\\\/maliye-bakani-berova-tc-ticaret-bakan-yardimcisi-ucarmaki-kabul-etti\\\/#primaryimage\"},\"image\":{\"@id\":\"https:\\\/\\\/kuzeyinsesi.org\\\/index.php\\\/2024\\\/11\\\/13\\\/maliye-bakani-berova-tc-ticaret-bakan-yardimcisi-ucarmaki-kabul-etti\\\/#primaryimage\"},\"thumbnailUrl\":\"https:\\\/\\\/kuzeyinsesi.org\\\/wp-content\\\/uploads\\\/2024\\\/11\\\/maliye-bakani-berova-turkiye-ticaret-bakan-yardimcisi-ucarmak-i-kabul-etti.jpg\",\"datePublished\":\"2024-11-13T15:06:02+00:00\",\"author\":{\"@id\":\"https:\\\/\\\/kuzeyinsesi.org\\\/#\\\/schema\\\/person\\\/9f859689cdf01485597712386e37f5aa\"},\"breadcrumb\":{\"@id\":\"https:\\\/\\\/kuzeyinsesi.org\\\/index.php\\\/2024\\\/11\\\/13\\\/maliye-bakani-berova-tc-ticaret-bakan-yardimcisi-ucarmaki-kabul-etti\\\/#breadcrumb\"},\"inLanguage\":\"tr\",\"potentialAction\":[{\"@type\":\"ReadAction\",\"target\":[\"https:\\\/\\\/kuzeyinsesi.org\\\/index.php\\\/2024\\\/11\\\/13\\\/maliye-bakani-berova-tc-ticaret-bakan-yardimcisi-ucarmaki-kabul-etti\\\/\"]}]},{\"@type\":\"ImageObject\",\"inLanguage\":\"tr\",\"@id\":\"https:\\\/\\\/kuzeyinsesi.org\\\/index.php\\\/2024\\\/11\\\/13\\\/maliye-bakani-berova-tc-ticaret-bakan-yardimcisi-ucarmaki-kabul-etti\\\/#primaryimage\",\"url\":\"https:\\\/\\\/kuzeyinsesi.org\\\/wp-content\\\/uploads\\\/2024\\\/11\\\/maliye-bakani-berova-turkiye-ticaret-bakan-yardimcisi-ucarmak-i-kabul-etti.jpg\",\"contentUrl\":\"https:\\\/\\\/kuzeyinsesi.org\\\/wp-content\\\/uploads\\\/2024\\\/11\\\/maliye-bakani-berova-turkiye-ticaret-bakan-yardimcisi-ucarmak-i-kabul-etti.jpg\",\"width\":1024,\"height\":584},{\"@type\":\"BreadcrumbList\",\"@id\":\"https:\\\/\\\/kuzeyinsesi.org\\\/index.php\\\/2024\\\/11\\\/13\\\/maliye-bakani-berova-tc-ticaret-bakan-yardimcisi-ucarmaki-kabul-etti\\\/#breadcrumb\",\"itemListElement\":[{\"@type\":\"ListItem\",\"position\":1,\"name\":\"Anasayfa\",\"item\":\"https:\\\/\\\/kuzeyinsesi.org\\\/\"},{\"@type\":\"ListItem\",\"position\":2,\"name\":\"Maliye Bakan\u0131 Berova, TC Ticaret Bakan Yard\u0131mc\u0131s\u0131 U\u00e7armak\u2019\u0131 kabul etti\"}]},{\"@type\":\"WebSite\",\"@id\":\"https:\\\/\\\/kuzeyinsesi.org\\\/#website\",\"url\":\"https:\\\/\\\/kuzeyinsesi.org\\\/\",\"name\":\"Kuzeyin Sesi\",\"description\":\"Do\u011fru Haberin Adresi\",\"potentialAction\":[{\"@type\":\"SearchAction\",\"target\":{\"@type\":\"EntryPoint\",\"urlTemplate\":\"https:\\\/\\\/kuzeyinsesi.org\\\/?s={search_term_string}\"},\"query-input\":{\"@type\":\"PropertyValueSpecification\",\"valueRequired\":true,\"valueName\":\"search_term_string\"}}],\"inLanguage\":\"tr\"},{\"@type\":\"Person\",\"@id\":\"https:\\\/\\\/kuzeyinsesi.org\\\/#\\\/schema\\\/person\\\/9f859689cdf01485597712386e37f5aa\",\"name\":\"Kuzeyin Sesi\",\"image\":{\"@type\":\"ImageObject\",\"inLanguage\":\"tr\",\"@id\":\"https:\\\/\\\/secure.gravatar.com\\\/avatar\\\/bab33852abfd8b282518d6ed81826833d77c3c882d9ab608add591ccace47a44?s=96&d=mm&r=g\",\"url\":\"https:\\\/\\\/secure.gravatar.com\\\/avatar\\\/bab33852abfd8b282518d6ed81826833d77c3c882d9ab608add591ccace47a44?s=96&d=mm&r=g\",\"contentUrl\":\"https:\\\/\\\/secure.gravatar.com\\\/avatar\\\/bab33852abfd8b282518d6ed81826833d77c3c882d9ab608add591ccace47a44?s=96&d=mm&r=g\",\"caption\":\"Kuzeyin Sesi\"},\"sameAs\":[\"https:\\\/\\\/kuzeyinsesi.org\"],\"url\":\"https:\\\/\\\/kuzeyinsesi.org\\\/index.php\\\/author\\\/guven\\\/\"}]}<\/script>\n<!-- \/ Yoast SEO plugin. -->","yoast_head_json":{"title":"Maliye Bakan\u0131 Berova, TC Ticaret Bakan Yard\u0131mc\u0131s\u0131 U\u00e7armak\u2019\u0131 kabul etti - Kuzeyin Sesi","robots":{"index":"index","follow":"follow","max-snippet":"max-snippet:-1","max-image-preview":"max-image-preview:large","max-video-preview":"max-video-preview:-1"},"canonical":"https:\/\/kuzeyinsesi.org\/index.php\/2024\/11\/13\/maliye-bakani-berova-tc-ticaret-bakan-yardimcisi-ucarmaki-kabul-etti\/","og_locale":"tr_TR","og_type":"article","og_title":"Maliye Bakan\u0131 Berova, TC Ticaret Bakan Yard\u0131mc\u0131s\u0131 U\u00e7armak\u2019\u0131 kabul etti - Kuzeyin Sesi","og_description":"Maliye Bakan\u0131 \u00d6zdemir Berova, KKTC\u2019de bulunan T\u00fcrkiye Cumhuriyeti Ticaret Bakan Yard\u0131mc\u0131s\u0131 Sezai U\u00e7armak\u2019\u0131 kabul etti. Bakanl\u0131ktan yap\u0131lan a\u00e7\u0131klamaya g\u00f6re, ziyarette konu\u015fan T\u00fcrkiye Cumhuriyeti Ticaret Bakan Yard\u0131mc\u0131s\u0131 Sezai U\u00e7armak, daha \u00f6nceki g\u00f6r\u00fc\u015fmelere istinaden \u201cT\u00fcrkiye Cumhuriyeti \u2013 Kuzey K\u0131br\u0131s T\u00fcrk Cumhuriyeti Ortak G\u00fcmr\u00fck Komitesi 1\u2019inci Toplant\u0131s\u0131\u201dna kat\u0131lmak amac\u0131yla bug\u00fcn KKTC\u2019de bulunduklar\u0131n\u0131 belirtti. \u0130ki \u00fclke aras\u0131ndaki ili\u015fkilerin \u00f6nemine [&hellip;]","og_url":"https:\/\/kuzeyinsesi.org\/index.php\/2024\/11\/13\/maliye-bakani-berova-tc-ticaret-bakan-yardimcisi-ucarmaki-kabul-etti\/","og_site_name":"Kuzeyin Sesi","article_publisher":"https:\/\/www.facebook.com\/kuzeyinsesii","article_published_time":"2024-11-13T15:06:02+00:00","og_image":[{"url":"https:\/\/brtk.net\/wp-content\/uploads\/2024\/11\/13\/maliye-bakani-berova-turkiye-ticaret-bakan-yardimcisi-ucarmak-i-kabul-etti.jpg?ver=763011ddff359d4987082ee755f55ce5","type":"","width":"","height":""}],"author":"Kuzeyin Sesi","twitter_card":"summary_large_image","twitter_creator":"@kuzeyinsesii","twitter_site":"@kuzeyinsesii","twitter_misc":{"Yazan:":"Kuzeyin Sesi","Tahmini okuma s\u00fcresi":"3 dakika"},"schema":{"@context":"https:\/\/schema.org","@graph":[{"@type":"Article","@id":"https:\/\/kuzeyinsesi.org\/index.php\/2024\/11\/13\/maliye-bakani-berova-tc-ticaret-bakan-yardimcisi-ucarmaki-kabul-etti\/#article","isPartOf":{"@id":"https:\/\/kuzeyinsesi.org\/index.php\/2024\/11\/13\/maliye-bakani-berova-tc-ticaret-bakan-yardimcisi-ucarmaki-kabul-etti\/"},"author":{"name":"Kuzeyin Sesi","@id":"https:\/\/kuzeyinsesi.org\/#\/schema\/person\/9f859689cdf01485597712386e37f5aa"},"headline":"Maliye Bakan\u0131 Berova, TC Ticaret Bakan Yard\u0131mc\u0131s\u0131 U\u00e7armak\u2019\u0131 kabul etti","datePublished":"2024-11-13T15:06:02+00:00","mainEntityOfPage":{"@id":"https:\/\/kuzeyinsesi.org\/index.php\/2024\/11\/13\/maliye-bakani-berova-tc-ticaret-bakan-yardimcisi-ucarmaki-kabul-etti\/"},"wordCount":666,"commentCount":0,"image":{"@id":"https:\/\/kuzeyinsesi.org\/index.php\/2024\/11\/13\/maliye-bakani-berova-tc-ticaret-bakan-yardimcisi-ucarmaki-kabul-etti\/#primaryimage"},"thumbnailUrl":"https:\/\/kuzeyinsesi.org\/wp-content\/uploads\/2024\/11\/maliye-bakani-berova-turkiye-ticaret-bakan-yardimcisi-ucarmak-i-kabul-etti.jpg","articleSection":["T\u00fcrkiye"],"inLanguage":"tr","potentialAction":[{"@type":"CommentAction","name":"Comment","target":["https:\/\/kuzeyinsesi.org\/index.php\/2024\/11\/13\/maliye-bakani-berova-tc-ticaret-bakan-yardimcisi-ucarmaki-kabul-etti\/#respond"]}]},{"@type":"WebPage","@id":"https:\/\/kuzeyinsesi.org\/index.php\/2024\/11\/13\/maliye-bakani-berova-tc-ticaret-bakan-yardimcisi-ucarmaki-kabul-etti\/","url":"https:\/\/kuzeyinsesi.org\/index.php\/2024\/11\/13\/maliye-bakani-berova-tc-ticaret-bakan-yardimcisi-ucarmaki-kabul-etti\/","name":"Maliye Bakan\u0131 Berova, TC Ticaret Bakan Yard\u0131mc\u0131s\u0131 U\u00e7armak\u2019\u0131 kabul etti - Kuzeyin Sesi","isPartOf":{"@id":"https:\/\/kuzeyinsesi.org\/#website"},"primaryImageOfPage":{"@id":"https:\/\/kuzeyinsesi.org\/index.php\/2024\/11\/13\/maliye-bakani-berova-tc-ticaret-bakan-yardimcisi-ucarmaki-kabul-etti\/#primaryimage"},"image":{"@id":"https:\/\/kuzeyinsesi.org\/index.php\/2024\/11\/13\/maliye-bakani-berova-tc-ticaret-bakan-yardimcisi-ucarmaki-kabul-etti\/#primaryimage"},"thumbnailUrl":"https:\/\/kuzeyinsesi.org\/wp-content\/uploads\/2024\/11\/maliye-bakani-berova-turkiye-ticaret-bakan-yardimcisi-ucarmak-i-kabul-etti.jpg","datePublished":"2024-11-13T15:06:02+00:00","author":{"@id":"https:\/\/kuzeyinsesi.org\/#\/schema\/person\/9f859689cdf01485597712386e37f5aa"},"breadcrumb":{"@id":"https:\/\/kuzeyinsesi.org\/index.php\/2024\/11\/13\/maliye-bakani-berova-tc-ticaret-bakan-yardimcisi-ucarmaki-kabul-etti\/#breadcrumb"},"inLanguage":"tr","potentialAction":[{"@type":"ReadAction","target":["https:\/\/kuzeyinsesi.org\/index.php\/2024\/11\/13\/maliye-bakani-berova-tc-ticaret-bakan-yardimcisi-ucarmaki-kabul-etti\/"]}]},{"@type":"ImageObject","inLanguage":"tr","@id":"https:\/\/kuzeyinsesi.org\/index.php\/2024\/11\/13\/maliye-bakani-berova-tc-ticaret-bakan-yardimcisi-ucarmaki-kabul-etti\/#primaryimage","url":"https:\/\/kuzeyinsesi.org\/wp-content\/uploads\/2024\/11\/maliye-bakani-berova-turkiye-ticaret-bakan-yardimcisi-ucarmak-i-kabul-etti.jpg","contentUrl":"https:\/\/kuzeyinsesi.org\/wp-content\/uploads\/2024\/11\/maliye-bakani-berova-turkiye-ticaret-bakan-yardimcisi-ucarmak-i-kabul-etti.jpg","width":1024,"height":584},{"@type":"BreadcrumbList","@id":"https:\/\/kuzeyinsesi.org\/index.php\/2024\/11\/13\/maliye-bakani-berova-tc-ticaret-bakan-yardimcisi-ucarmaki-kabul-etti\/#breadcrumb","itemListElement":[{"@type":"ListItem","position":1,"name":"Anasayfa","item":"https:\/\/kuzeyinsesi.org\/"},{"@type":"ListItem","position":2,"name":"Maliye Bakan\u0131 Berova, TC Ticaret Bakan Yard\u0131mc\u0131s\u0131 U\u00e7armak\u2019\u0131 kabul etti"}]},{"@type":"WebSite","@id":"https:\/\/kuzeyinsesi.org\/#website","url":"https:\/\/kuzeyinsesi.org\/","name":"Kuzeyin Sesi","description":"Do\u011fru Haberin Adresi","potentialAction":[{"@type":"SearchAction","target":{"@type":"EntryPoint","urlTemplate":"https:\/\/kuzeyinsesi.org\/?s={search_term_string}"},"query-input":{"@type":"PropertyValueSpecification","valueRequired":true,"valueName":"search_term_string"}}],"inLanguage":"tr"},{"@type":"Person","@id":"https:\/\/kuzeyinsesi.org\/#\/schema\/person\/9f859689cdf01485597712386e37f5aa","name":"Kuzeyin Sesi","image":{"@type":"ImageObject","inLanguage":"tr","@id":"https:\/\/secure.gravatar.com\/avatar\/bab33852abfd8b282518d6ed81826833d77c3c882d9ab608add591ccace47a44?s=96&d=mm&r=g","url":"https:\/\/secure.gravatar.com\/avatar\/bab33852abfd8b282518d6ed81826833d77c3c882d9ab608add591ccace47a44?s=96&d=mm&r=g","contentUrl":"https:\/\/secure.gravatar.com\/avatar\/bab33852abfd8b282518d6ed81826833d77c3c882d9ab608add591ccace47a44?s=96&d=mm&r=g","caption":"Kuzeyin Sesi"},"sameAs":["https:\/\/kuzeyinsesi.org"],"url":"https:\/\/kuzeyinsesi.org\/index.php\/author\/guven\/"}]}},"_links":{"self":[{"href":"https:\/\/kuzeyinsesi.org\/index.php\/wp-json\/wp\/v2\/posts\/13416","targetHints":{"allow":["GET"]}}],"collection":[{"href":"https:\/\/kuzeyinsesi.org\/index.php\/wp-json\/wp\/v2\/posts"}],"about":[{"href":"https:\/\/kuzeyinsesi.org\/index.php\/wp-json\/wp\/v2\/types\/post"}],"author":[{"embeddable":true,"href":"https:\/\/kuzeyinsesi.org\/index.php\/wp-json\/wp\/v2\/users\/1"}],"replies":[{"embeddable":true,"href":"https:\/\/kuzeyinsesi.org\/index.php\/wp-json\/wp\/v2\/comments?post=13416"}],"version-history":[{"count":0,"href":"https:\/\/kuzeyinsesi.org\/index.php\/wp-json\/wp\/v2\/posts\/13416\/revisions"}],"wp:featuredmedia":[{"embeddable":true,"href":"https:\/\/kuzeyinsesi.org\/index.php\/wp-json\/wp\/v2\/media\/13417"}],"wp:attachment":[{"href":"https:\/\/kuzeyinsesi.org\/index.php\/wp-json\/wp\/v2\/media?parent=13416"}],"wp:term":[{"taxonomy":"category","embeddable":true,"href":"https:\/\/kuzeyinsesi.org\/index.php\/wp-json\/wp\/v2\/categories?post=13416"},{"taxonomy":"post_tag","embeddable":true,"href":"https:\/\/kuzeyinsesi.org\/index.php\/wp-json\/wp\/v2\/tags?post=13416"}],"curies":[{"name":"wp","href":"https:\/\/api.w.org\/{rel}","templated":true}]}}