{"id":13407,"date":"2024-11-13T16:21:20","date_gmt":"2024-11-13T14:21:20","guid":{"rendered":"https:\/\/kuzeyinsesi.org\/index.php\/2024\/11\/13\/kktcnin-41-yildonumu-kutlamalari-dolayisiyla-ercan-havalimaninda-etkinlikler-duzenleniyor\/"},"modified":"2024-11-13T16:21:20","modified_gmt":"2024-11-13T14:21:20","slug":"kktcnin-41-yildonumu-kutlamalari-dolayisiyla-ercan-havalimaninda-etkinlikler-duzenleniyor","status":"publish","type":"post","link":"https:\/\/kuzeyinsesi.org\/index.php\/2024\/11\/13\/kktcnin-41-yildonumu-kutlamalari-dolayisiyla-ercan-havalimaninda-etkinlikler-duzenleniyor\/","title":{"rendered":"KKTC\u2019nin 41. y\u0131ld\u00f6n\u00fcm\u00fc kutlamalar\u0131 dolay\u0131s\u0131yla Ercan Havaliman\u0131\u2019nda etkinlikler d\u00fczenleniyor"},"content":{"rendered":"<div>\n<div class=\"mariselle-image-container none\">\n                                            <\/div>\n<p>KKTC\u2019nin 41. y\u0131ld\u00f6n\u00fcm\u00fc kutlamalar\u0131 \u00e7er\u00e7evesinde Ercan Havaliman\u0131\u2019nda etkinlikler d\u00fczenleniyor.<\/p>\n<p>T&amp;T Havaliman\u0131 \u0130\u015fletmecili\u011finin, Milli E\u011fitim Bakanl\u0131\u011f\u0131 ve De\u011firmenlik Ak\u0131nc\u0131lar Belediyesi ile ortakla\u015fa d\u00fczenleyece\u011fi etkinlikte, De\u011firmenlik Ak\u0131nc\u0131lar Belediyesi Halk Danslar\u0131 Toplulu\u011fu, K\u0131br\u0131s k\u00fclt\u00fcr\u00fcn\u00fcn de\u011ferlerini ve k\u0131yafetlerini yans\u0131tan g\u00f6steriler sunacak.<\/p>\n<p>Milli E\u011fitim Bakanl\u0131\u011f\u0131\u2019na ba\u011fl\u0131 Ak\u0131nc\u0131lar K\u00f6y Kad\u0131n kursu \u00f6\u011fretmen ve \u00f6\u011frencilerinden olu\u015fan ekip K\u0131br\u0131s k\u00fclt\u00fcr\u00fcn\u00fc gelenek ve g\u00f6reneklerini yans\u0131tan sele, sepet, ipek kozas\u0131 ve Lefkara i\u015fi i\u015fleyecek.<\/p>\n<p>Anons sisteminden KKTC\u2019nin kurucu Cumhurba\u015fkan\u0131 Rauf Raif Denkta\u015f\u2019\u0131n 15 Kas\u0131m 1983\u2019te KKTC Cumhuriyet Meclisi\u2019nde Cumhuriyeti ilan etti\u011fi konu\u015fma sunulacak.<\/p>\n<p>KKTC ve T\u00fcrkiye Cumhuriyeti bayraklar\u0131 ile s\u00fcslenecek Ercan Havaliman\u0131\u2019nda g\u00fcn boyu K\u0131br\u0131s t\u00fcrk\u00fcleri dinletilecek, yolculara ve misafirlere KKTC bayraklar\u0131 da\u011f\u0131t\u0131lacak.<\/p>\n<p>Ercan Havaliman\u0131\u2019n\u0131n giden yolcu b\u00f6l\u00fcm\u00fcne KKTC\u2019nin Kurucu Cumhurba\u015fkan\u0131 Rauf Raif Denkta\u015f ve K\u0131br\u0131s T\u00fcrk halk\u0131n\u0131n \u00f6zg\u00fcrl\u00fck m\u00fccadelesi lideri Dr. Faz\u0131l K\u00fc\u00e7\u00fck\u2019\u00fcn 3 boyutlu maketleri yerle\u015ftirilecek.<\/p>\n<\/p><\/div>\n<p><script async\n                    defer\n                    crossorigin=\"anonymous\"\n                    src=\"https:\/\/connect.facebook.net\/tr_TR\/sdk.js#xfbml=1&#038;version=v3.3\"\n            ><\/script><\/p>\n","protected":false},"excerpt":{"rendered":"<p>KKTC\u2019nin 41. y\u0131ld\u00f6n\u00fcm\u00fc kutlamalar\u0131 \u00e7er\u00e7evesinde Ercan Havaliman\u0131\u2019nda etkinlikler d\u00fczenleniyor. T&amp;T Havaliman\u0131 \u0130\u015fletmecili\u011finin, Milli E\u011fitim Bakanl\u0131\u011f\u0131 ve De\u011firmenlik Ak\u0131nc\u0131lar Belediyesi ile ortakla\u015fa d\u00fczenleyece\u011fi etkinlikte, De\u011firmenlik Ak\u0131nc\u0131lar Belediyesi Halk Danslar\u0131 Toplulu\u011fu, K\u0131br\u0131s k\u00fclt\u00fcr\u00fcn\u00fcn de\u011ferlerini ve k\u0131yafetlerini yans\u0131tan g\u00f6steriler sunacak. Milli E\u011fitim Bakanl\u0131\u011f\u0131\u2019na ba\u011fl\u0131 Ak\u0131nc\u0131lar K\u00f6y Kad\u0131n kursu \u00f6\u011fretmen ve \u00f6\u011frencilerinden olu\u015fan ekip K\u0131br\u0131s k\u00fclt\u00fcr\u00fcn\u00fc gelenek ve g\u00f6reneklerini [&hellip;]<\/p>\n","protected":false},"author":1,"featured_media":13408,"comment_status":"open","ping_status":"open","sticky":false,"template":"","format":"standard","meta":{"jnews-multi-image_gallery":[],"jnews_single_post":[],"jnews_primary_category":[],"jnews_social_meta":[],"jnews_override_counter":[],"footnotes":""},"categories":[6],"tags":[],"class_list":["post-13407","post","type-post","status-publish","format-standard","has-post-thumbnail","hentry","category-yasam"],"yoast_head":"<!-- This site is optimized with the Yoast SEO plugin v27.4 - https:\/\/yoast.com\/product\/yoast-seo-wordpress\/ -->\n<title>KKTC\u2019nin 41. y\u0131ld\u00f6n\u00fcm\u00fc kutlamalar\u0131 dolay\u0131s\u0131yla Ercan Havaliman\u0131\u2019nda etkinlikler d\u00fczenleniyor - Kuzeyin Sesi<\/title>\n<meta name=\"robots\" content=\"index, follow, max-snippet:-1, max-image-preview:large, max-video-preview:-1\" \/>\n<link rel=\"canonical\" href=\"https:\/\/kuzeyinsesi.org\/index.php\/2024\/11\/13\/kktcnin-41-yildonumu-kutlamalari-dolayisiyla-ercan-havalimaninda-etkinlikler-duzenleniyor\/\" \/>\n<meta property=\"og:locale\" content=\"tr_TR\" \/>\n<meta property=\"og:type\" content=\"article\" \/>\n<meta property=\"og:title\" content=\"KKTC\u2019nin 41. y\u0131ld\u00f6n\u00fcm\u00fc kutlamalar\u0131 dolay\u0131s\u0131yla Ercan Havaliman\u0131\u2019nda etkinlikler d\u00fczenleniyor - Kuzeyin Sesi\" \/>\n<meta property=\"og:description\" content=\"KKTC\u2019nin 41. y\u0131ld\u00f6n\u00fcm\u00fc kutlamalar\u0131 \u00e7er\u00e7evesinde Ercan Havaliman\u0131\u2019nda etkinlikler d\u00fczenleniyor. T&amp;T Havaliman\u0131 \u0130\u015fletmecili\u011finin, Milli E\u011fitim Bakanl\u0131\u011f\u0131 ve De\u011firmenlik Ak\u0131nc\u0131lar Belediyesi ile ortakla\u015fa d\u00fczenleyece\u011fi etkinlikte, De\u011firmenlik Ak\u0131nc\u0131lar Belediyesi Halk Danslar\u0131 Toplulu\u011fu, K\u0131br\u0131s k\u00fclt\u00fcr\u00fcn\u00fcn de\u011ferlerini ve k\u0131yafetlerini yans\u0131tan g\u00f6steriler sunacak. Milli E\u011fitim Bakanl\u0131\u011f\u0131\u2019na ba\u011fl\u0131 Ak\u0131nc\u0131lar K\u00f6y Kad\u0131n kursu \u00f6\u011fretmen ve \u00f6\u011frencilerinden olu\u015fan ekip K\u0131br\u0131s k\u00fclt\u00fcr\u00fcn\u00fc gelenek ve g\u00f6reneklerini [&hellip;]\" \/>\n<meta property=\"og:url\" content=\"https:\/\/kuzeyinsesi.org\/index.php\/2024\/11\/13\/kktcnin-41-yildonumu-kutlamalari-dolayisiyla-ercan-havalimaninda-etkinlikler-duzenleniyor\/\" \/>\n<meta property=\"og:site_name\" content=\"Kuzeyin Sesi\" \/>\n<meta property=\"article:publisher\" content=\"https:\/\/www.facebook.com\/kuzeyinsesii\" \/>\n<meta property=\"article:published_time\" content=\"2024-11-13T14:21:20+00:00\" \/>\n<meta property=\"og:image\" content=\"https:\/\/brtk.net\/wp-content\/uploads\/2024\/11\/13\/eran-15-kasim-1-.jpg?ver=f3169e88c2f9ef912884ef1ecbb8aa46\" \/>\n<meta name=\"author\" content=\"Kuzeyin Sesi\" \/>\n<meta name=\"twitter:card\" content=\"summary_large_image\" \/>\n<meta name=\"twitter:creator\" content=\"@kuzeyinsesii\" \/>\n<meta name=\"twitter:site\" content=\"@kuzeyinsesii\" \/>\n<meta name=\"twitter:label1\" content=\"Yazan:\" \/>\n\t<meta name=\"twitter:data1\" content=\"Kuzeyin Sesi\" \/>\n\t<meta name=\"twitter:label2\" content=\"Tahmini okuma s\u00fcresi\" \/>\n\t<meta name=\"twitter:data2\" content=\"1 dakika\" \/>\n<script type=\"application\/ld+json\" class=\"yoast-schema-graph\">{\"@context\":\"https:\\\/\\\/schema.org\",\"@graph\":[{\"@type\":\"Article\",\"@id\":\"https:\\\/\\\/kuzeyinsesi.org\\\/index.php\\\/2024\\\/11\\\/13\\\/kktcnin-41-yildonumu-kutlamalari-dolayisiyla-ercan-havalimaninda-etkinlikler-duzenleniyor\\\/#article\",\"isPartOf\":{\"@id\":\"https:\\\/\\\/kuzeyinsesi.org\\\/index.php\\\/2024\\\/11\\\/13\\\/kktcnin-41-yildonumu-kutlamalari-dolayisiyla-ercan-havalimaninda-etkinlikler-duzenleniyor\\\/\"},\"author\":{\"name\":\"Kuzeyin Sesi\",\"@id\":\"https:\\\/\\\/kuzeyinsesi.org\\\/#\\\/schema\\\/person\\\/9f859689cdf01485597712386e37f5aa\"},\"headline\":\"KKTC\u2019nin 41. y\u0131ld\u00f6n\u00fcm\u00fc kutlamalar\u0131 dolay\u0131s\u0131yla Ercan Havaliman\u0131\u2019nda etkinlikler d\u00fczenleniyor\",\"datePublished\":\"2024-11-13T14:21:20+00:00\",\"mainEntityOfPage\":{\"@id\":\"https:\\\/\\\/kuzeyinsesi.org\\\/index.php\\\/2024\\\/11\\\/13\\\/kktcnin-41-yildonumu-kutlamalari-dolayisiyla-ercan-havalimaninda-etkinlikler-duzenleniyor\\\/\"},\"wordCount\":225,\"commentCount\":0,\"image\":{\"@id\":\"https:\\\/\\\/kuzeyinsesi.org\\\/index.php\\\/2024\\\/11\\\/13\\\/kktcnin-41-yildonumu-kutlamalari-dolayisiyla-ercan-havalimaninda-etkinlikler-duzenleniyor\\\/#primaryimage\"},\"thumbnailUrl\":\"https:\\\/\\\/kuzeyinsesi.org\\\/wp-content\\\/uploads\\\/2024\\\/11\\\/eran-15-kasim-1-.jpg\",\"articleSection\":[\"Ya\u015fam\"],\"inLanguage\":\"tr\",\"potentialAction\":[{\"@type\":\"CommentAction\",\"name\":\"Comment\",\"target\":[\"https:\\\/\\\/kuzeyinsesi.org\\\/index.php\\\/2024\\\/11\\\/13\\\/kktcnin-41-yildonumu-kutlamalari-dolayisiyla-ercan-havalimaninda-etkinlikler-duzenleniyor\\\/#respond\"]}]},{\"@type\":\"WebPage\",\"@id\":\"https:\\\/\\\/kuzeyinsesi.org\\\/index.php\\\/2024\\\/11\\\/13\\\/kktcnin-41-yildonumu-kutlamalari-dolayisiyla-ercan-havalimaninda-etkinlikler-duzenleniyor\\\/\",\"url\":\"https:\\\/\\\/kuzeyinsesi.org\\\/index.php\\\/2024\\\/11\\\/13\\\/kktcnin-41-yildonumu-kutlamalari-dolayisiyla-ercan-havalimaninda-etkinlikler-duzenleniyor\\\/\",\"name\":\"KKTC\u2019nin 41. y\u0131ld\u00f6n\u00fcm\u00fc kutlamalar\u0131 dolay\u0131s\u0131yla Ercan Havaliman\u0131\u2019nda etkinlikler d\u00fczenleniyor - Kuzeyin Sesi\",\"isPartOf\":{\"@id\":\"https:\\\/\\\/kuzeyinsesi.org\\\/#website\"},\"primaryImageOfPage\":{\"@id\":\"https:\\\/\\\/kuzeyinsesi.org\\\/index.php\\\/2024\\\/11\\\/13\\\/kktcnin-41-yildonumu-kutlamalari-dolayisiyla-ercan-havalimaninda-etkinlikler-duzenleniyor\\\/#primaryimage\"},\"image\":{\"@id\":\"https:\\\/\\\/kuzeyinsesi.org\\\/index.php\\\/2024\\\/11\\\/13\\\/kktcnin-41-yildonumu-kutlamalari-dolayisiyla-ercan-havalimaninda-etkinlikler-duzenleniyor\\\/#primaryimage\"},\"thumbnailUrl\":\"https:\\\/\\\/kuzeyinsesi.org\\\/wp-content\\\/uploads\\\/2024\\\/11\\\/eran-15-kasim-1-.jpg\",\"datePublished\":\"2024-11-13T14:21:20+00:00\",\"author\":{\"@id\":\"https:\\\/\\\/kuzeyinsesi.org\\\/#\\\/schema\\\/person\\\/9f859689cdf01485597712386e37f5aa\"},\"breadcrumb\":{\"@id\":\"https:\\\/\\\/kuzeyinsesi.org\\\/index.php\\\/2024\\\/11\\\/13\\\/kktcnin-41-yildonumu-kutlamalari-dolayisiyla-ercan-havalimaninda-etkinlikler-duzenleniyor\\\/#breadcrumb\"},\"inLanguage\":\"tr\",\"potentialAction\":[{\"@type\":\"ReadAction\",\"target\":[\"https:\\\/\\\/kuzeyinsesi.org\\\/index.php\\\/2024\\\/11\\\/13\\\/kktcnin-41-yildonumu-kutlamalari-dolayisiyla-ercan-havalimaninda-etkinlikler-duzenleniyor\\\/\"]}]},{\"@type\":\"ImageObject\",\"inLanguage\":\"tr\",\"@id\":\"https:\\\/\\\/kuzeyinsesi.org\\\/index.php\\\/2024\\\/11\\\/13\\\/kktcnin-41-yildonumu-kutlamalari-dolayisiyla-ercan-havalimaninda-etkinlikler-duzenleniyor\\\/#primaryimage\",\"url\":\"https:\\\/\\\/kuzeyinsesi.org\\\/wp-content\\\/uploads\\\/2024\\\/11\\\/eran-15-kasim-1-.jpg\",\"contentUrl\":\"https:\\\/\\\/kuzeyinsesi.org\\\/wp-content\\\/uploads\\\/2024\\\/11\\\/eran-15-kasim-1-.jpg\",\"width\":1157,\"height\":715},{\"@type\":\"BreadcrumbList\",\"@id\":\"https:\\\/\\\/kuzeyinsesi.org\\\/index.php\\\/2024\\\/11\\\/13\\\/kktcnin-41-yildonumu-kutlamalari-dolayisiyla-ercan-havalimaninda-etkinlikler-duzenleniyor\\\/#breadcrumb\",\"itemListElement\":[{\"@type\":\"ListItem\",\"position\":1,\"name\":\"Anasayfa\",\"item\":\"https:\\\/\\\/kuzeyinsesi.org\\\/\"},{\"@type\":\"ListItem\",\"position\":2,\"name\":\"KKTC\u2019nin 41. y\u0131ld\u00f6n\u00fcm\u00fc kutlamalar\u0131 dolay\u0131s\u0131yla Ercan Havaliman\u0131\u2019nda etkinlikler d\u00fczenleniyor\"}]},{\"@type\":\"WebSite\",\"@id\":\"https:\\\/\\\/kuzeyinsesi.org\\\/#website\",\"url\":\"https:\\\/\\\/kuzeyinsesi.org\\\/\",\"name\":\"Kuzeyin Sesi\",\"description\":\"Do\u011fru Haberin Adresi\",\"potentialAction\":[{\"@type\":\"SearchAction\",\"target\":{\"@type\":\"EntryPoint\",\"urlTemplate\":\"https:\\\/\\\/kuzeyinsesi.org\\\/?s={search_term_string}\"},\"query-input\":{\"@type\":\"PropertyValueSpecification\",\"valueRequired\":true,\"valueName\":\"search_term_string\"}}],\"inLanguage\":\"tr\"},{\"@type\":\"Person\",\"@id\":\"https:\\\/\\\/kuzeyinsesi.org\\\/#\\\/schema\\\/person\\\/9f859689cdf01485597712386e37f5aa\",\"name\":\"Kuzeyin Sesi\",\"image\":{\"@type\":\"ImageObject\",\"inLanguage\":\"tr\",\"@id\":\"https:\\\/\\\/secure.gravatar.com\\\/avatar\\\/bab33852abfd8b282518d6ed81826833d77c3c882d9ab608add591ccace47a44?s=96&d=mm&r=g\",\"url\":\"https:\\\/\\\/secure.gravatar.com\\\/avatar\\\/bab33852abfd8b282518d6ed81826833d77c3c882d9ab608add591ccace47a44?s=96&d=mm&r=g\",\"contentUrl\":\"https:\\\/\\\/secure.gravatar.com\\\/avatar\\\/bab33852abfd8b282518d6ed81826833d77c3c882d9ab608add591ccace47a44?s=96&d=mm&r=g\",\"caption\":\"Kuzeyin Sesi\"},\"sameAs\":[\"https:\\\/\\\/kuzeyinsesi.org\"],\"url\":\"https:\\\/\\\/kuzeyinsesi.org\\\/index.php\\\/author\\\/guven\\\/\"}]}<\/script>\n<!-- \/ Yoast SEO plugin. -->","yoast_head_json":{"title":"KKTC\u2019nin 41. y\u0131ld\u00f6n\u00fcm\u00fc kutlamalar\u0131 dolay\u0131s\u0131yla Ercan Havaliman\u0131\u2019nda etkinlikler d\u00fczenleniyor - Kuzeyin Sesi","robots":{"index":"index","follow":"follow","max-snippet":"max-snippet:-1","max-image-preview":"max-image-preview:large","max-video-preview":"max-video-preview:-1"},"canonical":"https:\/\/kuzeyinsesi.org\/index.php\/2024\/11\/13\/kktcnin-41-yildonumu-kutlamalari-dolayisiyla-ercan-havalimaninda-etkinlikler-duzenleniyor\/","og_locale":"tr_TR","og_type":"article","og_title":"KKTC\u2019nin 41. y\u0131ld\u00f6n\u00fcm\u00fc kutlamalar\u0131 dolay\u0131s\u0131yla Ercan Havaliman\u0131\u2019nda etkinlikler d\u00fczenleniyor - Kuzeyin Sesi","og_description":"KKTC\u2019nin 41. y\u0131ld\u00f6n\u00fcm\u00fc kutlamalar\u0131 \u00e7er\u00e7evesinde Ercan Havaliman\u0131\u2019nda etkinlikler d\u00fczenleniyor. T&amp;T Havaliman\u0131 \u0130\u015fletmecili\u011finin, Milli E\u011fitim Bakanl\u0131\u011f\u0131 ve De\u011firmenlik Ak\u0131nc\u0131lar Belediyesi ile ortakla\u015fa d\u00fczenleyece\u011fi etkinlikte, De\u011firmenlik Ak\u0131nc\u0131lar Belediyesi Halk Danslar\u0131 Toplulu\u011fu, K\u0131br\u0131s k\u00fclt\u00fcr\u00fcn\u00fcn de\u011ferlerini ve k\u0131yafetlerini yans\u0131tan g\u00f6steriler sunacak. Milli E\u011fitim Bakanl\u0131\u011f\u0131\u2019na ba\u011fl\u0131 Ak\u0131nc\u0131lar K\u00f6y Kad\u0131n kursu \u00f6\u011fretmen ve \u00f6\u011frencilerinden olu\u015fan ekip K\u0131br\u0131s k\u00fclt\u00fcr\u00fcn\u00fc gelenek ve g\u00f6reneklerini [&hellip;]","og_url":"https:\/\/kuzeyinsesi.org\/index.php\/2024\/11\/13\/kktcnin-41-yildonumu-kutlamalari-dolayisiyla-ercan-havalimaninda-etkinlikler-duzenleniyor\/","og_site_name":"Kuzeyin Sesi","article_publisher":"https:\/\/www.facebook.com\/kuzeyinsesii","article_published_time":"2024-11-13T14:21:20+00:00","og_image":[{"url":"https:\/\/brtk.net\/wp-content\/uploads\/2024\/11\/13\/eran-15-kasim-1-.jpg?ver=f3169e88c2f9ef912884ef1ecbb8aa46","type":"","width":"","height":""}],"author":"Kuzeyin Sesi","twitter_card":"summary_large_image","twitter_creator":"@kuzeyinsesii","twitter_site":"@kuzeyinsesii","twitter_misc":{"Yazan:":"Kuzeyin Sesi","Tahmini okuma s\u00fcresi":"1 dakika"},"schema":{"@context":"https:\/\/schema.org","@graph":[{"@type":"Article","@id":"https:\/\/kuzeyinsesi.org\/index.php\/2024\/11\/13\/kktcnin-41-yildonumu-kutlamalari-dolayisiyla-ercan-havalimaninda-etkinlikler-duzenleniyor\/#article","isPartOf":{"@id":"https:\/\/kuzeyinsesi.org\/index.php\/2024\/11\/13\/kktcnin-41-yildonumu-kutlamalari-dolayisiyla-ercan-havalimaninda-etkinlikler-duzenleniyor\/"},"author":{"name":"Kuzeyin Sesi","@id":"https:\/\/kuzeyinsesi.org\/#\/schema\/person\/9f859689cdf01485597712386e37f5aa"},"headline":"KKTC\u2019nin 41. y\u0131ld\u00f6n\u00fcm\u00fc kutlamalar\u0131 dolay\u0131s\u0131yla Ercan Havaliman\u0131\u2019nda etkinlikler d\u00fczenleniyor","datePublished":"2024-11-13T14:21:20+00:00","mainEntityOfPage":{"@id":"https:\/\/kuzeyinsesi.org\/index.php\/2024\/11\/13\/kktcnin-41-yildonumu-kutlamalari-dolayisiyla-ercan-havalimaninda-etkinlikler-duzenleniyor\/"},"wordCount":225,"commentCount":0,"image":{"@id":"https:\/\/kuzeyinsesi.org\/index.php\/2024\/11\/13\/kktcnin-41-yildonumu-kutlamalari-dolayisiyla-ercan-havalimaninda-etkinlikler-duzenleniyor\/#primaryimage"},"thumbnailUrl":"https:\/\/kuzeyinsesi.org\/wp-content\/uploads\/2024\/11\/eran-15-kasim-1-.jpg","articleSection":["Ya\u015fam"],"inLanguage":"tr","potentialAction":[{"@type":"CommentAction","name":"Comment","target":["https:\/\/kuzeyinsesi.org\/index.php\/2024\/11\/13\/kktcnin-41-yildonumu-kutlamalari-dolayisiyla-ercan-havalimaninda-etkinlikler-duzenleniyor\/#respond"]}]},{"@type":"WebPage","@id":"https:\/\/kuzeyinsesi.org\/index.php\/2024\/11\/13\/kktcnin-41-yildonumu-kutlamalari-dolayisiyla-ercan-havalimaninda-etkinlikler-duzenleniyor\/","url":"https:\/\/kuzeyinsesi.org\/index.php\/2024\/11\/13\/kktcnin-41-yildonumu-kutlamalari-dolayisiyla-ercan-havalimaninda-etkinlikler-duzenleniyor\/","name":"KKTC\u2019nin 41. y\u0131ld\u00f6n\u00fcm\u00fc kutlamalar\u0131 dolay\u0131s\u0131yla Ercan Havaliman\u0131\u2019nda etkinlikler d\u00fczenleniyor - Kuzeyin Sesi","isPartOf":{"@id":"https:\/\/kuzeyinsesi.org\/#website"},"primaryImageOfPage":{"@id":"https:\/\/kuzeyinsesi.org\/index.php\/2024\/11\/13\/kktcnin-41-yildonumu-kutlamalari-dolayisiyla-ercan-havalimaninda-etkinlikler-duzenleniyor\/#primaryimage"},"image":{"@id":"https:\/\/kuzeyinsesi.org\/index.php\/2024\/11\/13\/kktcnin-41-yildonumu-kutlamalari-dolayisiyla-ercan-havalimaninda-etkinlikler-duzenleniyor\/#primaryimage"},"thumbnailUrl":"https:\/\/kuzeyinsesi.org\/wp-content\/uploads\/2024\/11\/eran-15-kasim-1-.jpg","datePublished":"2024-11-13T14:21:20+00:00","author":{"@id":"https:\/\/kuzeyinsesi.org\/#\/schema\/person\/9f859689cdf01485597712386e37f5aa"},"breadcrumb":{"@id":"https:\/\/kuzeyinsesi.org\/index.php\/2024\/11\/13\/kktcnin-41-yildonumu-kutlamalari-dolayisiyla-ercan-havalimaninda-etkinlikler-duzenleniyor\/#breadcrumb"},"inLanguage":"tr","potentialAction":[{"@type":"ReadAction","target":["https:\/\/kuzeyinsesi.org\/index.php\/2024\/11\/13\/kktcnin-41-yildonumu-kutlamalari-dolayisiyla-ercan-havalimaninda-etkinlikler-duzenleniyor\/"]}]},{"@type":"ImageObject","inLanguage":"tr","@id":"https:\/\/kuzeyinsesi.org\/index.php\/2024\/11\/13\/kktcnin-41-yildonumu-kutlamalari-dolayisiyla-ercan-havalimaninda-etkinlikler-duzenleniyor\/#primaryimage","url":"https:\/\/kuzeyinsesi.org\/wp-content\/uploads\/2024\/11\/eran-15-kasim-1-.jpg","contentUrl":"https:\/\/kuzeyinsesi.org\/wp-content\/uploads\/2024\/11\/eran-15-kasim-1-.jpg","width":1157,"height":715},{"@type":"BreadcrumbList","@id":"https:\/\/kuzeyinsesi.org\/index.php\/2024\/11\/13\/kktcnin-41-yildonumu-kutlamalari-dolayisiyla-ercan-havalimaninda-etkinlikler-duzenleniyor\/#breadcrumb","itemListElement":[{"@type":"ListItem","position":1,"name":"Anasayfa","item":"https:\/\/kuzeyinsesi.org\/"},{"@type":"ListItem","position":2,"name":"KKTC\u2019nin 41. y\u0131ld\u00f6n\u00fcm\u00fc kutlamalar\u0131 dolay\u0131s\u0131yla Ercan Havaliman\u0131\u2019nda etkinlikler d\u00fczenleniyor"}]},{"@type":"WebSite","@id":"https:\/\/kuzeyinsesi.org\/#website","url":"https:\/\/kuzeyinsesi.org\/","name":"Kuzeyin Sesi","description":"Do\u011fru Haberin Adresi","potentialAction":[{"@type":"SearchAction","target":{"@type":"EntryPoint","urlTemplate":"https:\/\/kuzeyinsesi.org\/?s={search_term_string}"},"query-input":{"@type":"PropertyValueSpecification","valueRequired":true,"valueName":"search_term_string"}}],"inLanguage":"tr"},{"@type":"Person","@id":"https:\/\/kuzeyinsesi.org\/#\/schema\/person\/9f859689cdf01485597712386e37f5aa","name":"Kuzeyin Sesi","image":{"@type":"ImageObject","inLanguage":"tr","@id":"https:\/\/secure.gravatar.com\/avatar\/bab33852abfd8b282518d6ed81826833d77c3c882d9ab608add591ccace47a44?s=96&d=mm&r=g","url":"https:\/\/secure.gravatar.com\/avatar\/bab33852abfd8b282518d6ed81826833d77c3c882d9ab608add591ccace47a44?s=96&d=mm&r=g","contentUrl":"https:\/\/secure.gravatar.com\/avatar\/bab33852abfd8b282518d6ed81826833d77c3c882d9ab608add591ccace47a44?s=96&d=mm&r=g","caption":"Kuzeyin Sesi"},"sameAs":["https:\/\/kuzeyinsesi.org"],"url":"https:\/\/kuzeyinsesi.org\/index.php\/author\/guven\/"}]}},"_links":{"self":[{"href":"https:\/\/kuzeyinsesi.org\/index.php\/wp-json\/wp\/v2\/posts\/13407","targetHints":{"allow":["GET"]}}],"collection":[{"href":"https:\/\/kuzeyinsesi.org\/index.php\/wp-json\/wp\/v2\/posts"}],"about":[{"href":"https:\/\/kuzeyinsesi.org\/index.php\/wp-json\/wp\/v2\/types\/post"}],"author":[{"embeddable":true,"href":"https:\/\/kuzeyinsesi.org\/index.php\/wp-json\/wp\/v2\/users\/1"}],"replies":[{"embeddable":true,"href":"https:\/\/kuzeyinsesi.org\/index.php\/wp-json\/wp\/v2\/comments?post=13407"}],"version-history":[{"count":0,"href":"https:\/\/kuzeyinsesi.org\/index.php\/wp-json\/wp\/v2\/posts\/13407\/revisions"}],"wp:featuredmedia":[{"embeddable":true,"href":"https:\/\/kuzeyinsesi.org\/index.php\/wp-json\/wp\/v2\/media\/13408"}],"wp:attachment":[{"href":"https:\/\/kuzeyinsesi.org\/index.php\/wp-json\/wp\/v2\/media?parent=13407"}],"wp:term":[{"taxonomy":"category","embeddable":true,"href":"https:\/\/kuzeyinsesi.org\/index.php\/wp-json\/wp\/v2\/categories?post=13407"},{"taxonomy":"post_tag","embeddable":true,"href":"https:\/\/kuzeyinsesi.org\/index.php\/wp-json\/wp\/v2\/tags?post=13407"}],"curies":[{"name":"wp","href":"https:\/\/api.w.org\/{rel}","templated":true}]}}