{"id":13403,"date":"2024-11-13T14:42:11","date_gmt":"2024-11-13T12:42:11","guid":{"rendered":"https:\/\/kuzeyinsesi.org\/index.php\/2024\/11\/13\/cumhurbaskani-tatar-yusuf-cannurun-kisisel-sergisine-katildi\/"},"modified":"2024-11-13T14:42:11","modified_gmt":"2024-11-13T12:42:11","slug":"cumhurbaskani-tatar-yusuf-cannurun-kisisel-sergisine-katildi","status":"publish","type":"post","link":"https:\/\/kuzeyinsesi.org\/index.php\/2024\/11\/13\/cumhurbaskani-tatar-yusuf-cannurun-kisisel-sergisine-katildi\/","title":{"rendered":"Cumhurba\u015fkan\u0131 Tatar, Yusuf Cannur\u2019un ki\u015fisel sergisine kat\u0131ld\u0131"},"content":{"rendered":"<div>\n<div class=\"mariselle-image-container none\">\n                <img decoding=\"async\" width=\"2560\" height=\"1707\" class=\"lazy-image\" alt=\"\" sizes=\"(max-width: 2560px) 100vw, 2560px\" src=\"https:\/\/brtk.net\/wp-content\/uploads\/2024\/11\/13\/tatar-sergi-5-7-scaled.jpg?ver=427ac8810f973e655c2e64b5f282bb33\" srcset=\"https:\/\/brtk.net\/wp-content\/uploads\/2024\/11\/13\/tatar-sergi-5-7-scaled.jpg?ver=427ac8810f973e655c2e64b5f282bb33 2560w, https:\/\/brtk.net\/wp-content\/uploads\/2024\/11\/13\/tatar-sergi-5-7-300x200.jpg?ver=a550505ffdb57dda89ca0272edb2995b 300w, https:\/\/brtk.net\/wp-content\/uploads\/2024\/11\/13\/tatar-sergi-5-7-1024x683.jpg?ver=9de9e5a83f8981977e7f186784e2fad2 1024w, https:\/\/brtk.net\/wp-content\/uploads\/2024\/11\/13\/tatar-sergi-5-7-768x512.jpg?ver=1ea09c64614b3fdfe4e7d799d41a6a57 768w, https:\/\/brtk.net\/wp-content\/uploads\/2024\/11\/13\/tatar-sergi-5-7-1536x1024.jpg?ver=7be2b58a50661c52d7f3172f155d66ec 1536w, https:\/\/brtk.net\/wp-content\/uploads\/2024\/11\/13\/tatar-sergi-5-7-2048x1365.jpg?ver=86df3d5a271a592ae4284d78b713c8d3 2048w\"\/>                            <\/div>\n<p>Cumhurba\u015fkan\u0131 Ersin Tatar, \u0130smet Vehit G\u00fcney Sergi Salonu\u2019nda yer alan Yusuf Cannur\u2019un ki\u015fisel sergisine kat\u0131ld\u0131.<\/p>\n<p>Cumhurba\u015fkanl\u0131\u011f\u0131\u2019ndan yap\u0131lan a\u00e7\u0131klamaya g\u00f6re Tatar, ilk ki\u015fisel sergisini a\u00e7an Yusuf Cannur\u2019u tebrik etti.<\/p>\n<p>Sergide konu\u015fan Cumhurba\u015fkan\u0131 Ersin Tatar, sergide bulunmaktan duydu\u011fu memnuniyeti ifade etti, Cannur\u2019a \u00e7al\u0131\u015fmalar\u0131nda ba\u015far\u0131lar diledi.<\/p>\n<p>K\u0131br\u0131s T\u00fcrk\u00fc\u2019n\u00fcn k\u00fclt\u00fcr\u00fc, sanat\u0131 ve sanat\u00e7\u0131lar\u0131 ile K\u0131br\u0131s\u2019ta varl\u0131\u011f\u0131n\u0131 s\u00fcrd\u00fcrd\u00fc\u011f\u00fcne i\u015faret eden Tatar, maneviyat\u0131 ve de\u011ferleriyle yap\u0131lan sanatsal etkinliklerle d\u00fcnyaya mesaj verildi\u011fini s\u00f6yledi.<\/p>\n<p>Sanat\u00e7\u0131 olmak i\u00e7in yetenek yan\u0131nda \u00e7al\u0131\u015fman\u0131n da \u00f6nemine dikkat \u00e7eken Tatar, ba\u015far\u0131ya ula\u015fmak i\u00e7in \u00fcretimin olmas\u0131 gerekti\u011fini vurgulad\u0131.<\/p>\n<p>\u0130leti\u015fim teknolojilerinin geli\u015fmesi sayesinde d\u00fcnya ile an\u0131nda ba\u011flant\u0131 kurulabildi\u011fini anlatan Tatar, 15 Kas\u0131m\u2019da 41. kurulu\u015f y\u0131l d\u00f6n\u00fcm\u00fc kutlanacak olan Kuzey K\u0131br\u0131s T\u00fcrk Cumhuriyeti\u2018nden bu eserlerin d\u00fcnyayla payla\u015f\u0131ld\u0131\u011f\u0131n\u0131 kaydetti.<\/p>\n<p>\u201cBizi biz yapan de\u011ferlerimiz ve bize bah\u015feden devletimizdir.\u201d diyen\u00a0 Cumhurba\u015fkan\u0131 Tatar, birlikte \u00e7al\u0131\u015f\u0131p \u00fcreterek d\u00fcnyaya K\u0131br\u0131s T\u00fcrk\u00fc\u2019n\u00fcn ve Kuzey K\u0131br\u0131s T\u00fcrk Cumhuriyeti\u2019nin var oldu\u011funun anlat\u0131ld\u0131\u011f\u0131n\u0131 kaydetti.<\/p>\n<p>Cumhurba\u015fkan\u0131 Tatar konu\u015fmas\u0131n\u0131n devam\u0131nda k\u00fclt\u00fcr ve sanat\u0131n gelecek ku\u015faklara aktar\u0131lmas\u0131n\u0131n \u00f6nemine de\u011findi.<\/p>\n<\/p><\/div>\n<p><script async\n                    defer\n                    crossorigin=\"anonymous\"\n                    src=\"https:\/\/connect.facebook.net\/tr_TR\/sdk.js#xfbml=1&#038;version=v3.3\"\n            ><\/script><\/p>\n","protected":false},"excerpt":{"rendered":"<p>Cumhurba\u015fkan\u0131 Ersin Tatar, \u0130smet Vehit G\u00fcney Sergi Salonu\u2019nda yer alan Yusuf Cannur\u2019un ki\u015fisel sergisine kat\u0131ld\u0131. Cumhurba\u015fkanl\u0131\u011f\u0131\u2019ndan yap\u0131lan a\u00e7\u0131klamaya g\u00f6re Tatar, ilk ki\u015fisel sergisini a\u00e7an Yusuf Cannur\u2019u tebrik etti. Sergide konu\u015fan Cumhurba\u015fkan\u0131 Ersin Tatar, sergide bulunmaktan duydu\u011fu memnuniyeti ifade etti, Cannur\u2019a \u00e7al\u0131\u015fmalar\u0131nda ba\u015far\u0131lar diledi. K\u0131br\u0131s T\u00fcrk\u00fc\u2019n\u00fcn k\u00fclt\u00fcr\u00fc, sanat\u0131 ve sanat\u00e7\u0131lar\u0131 ile K\u0131br\u0131s\u2019ta varl\u0131\u011f\u0131n\u0131 s\u00fcrd\u00fcrd\u00fc\u011f\u00fcne i\u015faret eden [&hellip;]<\/p>\n","protected":false},"author":1,"featured_media":0,"comment_status":"open","ping_status":"open","sticky":false,"template":"","format":"standard","meta":{"jnews-multi-image_gallery":[],"jnews_single_post":[],"jnews_primary_category":[],"jnews_social_meta":[],"jnews_override_counter":[],"footnotes":""},"categories":[6],"tags":[],"class_list":["post-13403","post","type-post","status-publish","format-standard","hentry","category-yasam"],"yoast_head":"<!-- This site is optimized with the Yoast SEO plugin v27.4 - https:\/\/yoast.com\/product\/yoast-seo-wordpress\/ -->\n<title>Cumhurba\u015fkan\u0131 Tatar, Yusuf Cannur\u2019un ki\u015fisel sergisine kat\u0131ld\u0131 - Kuzeyin Sesi<\/title>\n<meta name=\"robots\" content=\"index, follow, max-snippet:-1, max-image-preview:large, max-video-preview:-1\" \/>\n<link rel=\"canonical\" href=\"https:\/\/kuzeyinsesi.org\/index.php\/2024\/11\/13\/cumhurbaskani-tatar-yusuf-cannurun-kisisel-sergisine-katildi\/\" \/>\n<meta property=\"og:locale\" content=\"tr_TR\" \/>\n<meta property=\"og:type\" content=\"article\" \/>\n<meta property=\"og:title\" content=\"Cumhurba\u015fkan\u0131 Tatar, Yusuf Cannur\u2019un ki\u015fisel sergisine kat\u0131ld\u0131 - Kuzeyin Sesi\" \/>\n<meta property=\"og:description\" content=\"Cumhurba\u015fkan\u0131 Ersin Tatar, \u0130smet Vehit G\u00fcney Sergi Salonu\u2019nda yer alan Yusuf Cannur\u2019un ki\u015fisel sergisine kat\u0131ld\u0131. Cumhurba\u015fkanl\u0131\u011f\u0131\u2019ndan yap\u0131lan a\u00e7\u0131klamaya g\u00f6re Tatar, ilk ki\u015fisel sergisini a\u00e7an Yusuf Cannur\u2019u tebrik etti. Sergide konu\u015fan Cumhurba\u015fkan\u0131 Ersin Tatar, sergide bulunmaktan duydu\u011fu memnuniyeti ifade etti, Cannur\u2019a \u00e7al\u0131\u015fmalar\u0131nda ba\u015far\u0131lar diledi. K\u0131br\u0131s T\u00fcrk\u00fc\u2019n\u00fcn k\u00fclt\u00fcr\u00fc, sanat\u0131 ve sanat\u00e7\u0131lar\u0131 ile K\u0131br\u0131s\u2019ta varl\u0131\u011f\u0131n\u0131 s\u00fcrd\u00fcrd\u00fc\u011f\u00fcne i\u015faret eden [&hellip;]\" \/>\n<meta property=\"og:url\" content=\"https:\/\/kuzeyinsesi.org\/index.php\/2024\/11\/13\/cumhurbaskani-tatar-yusuf-cannurun-kisisel-sergisine-katildi\/\" \/>\n<meta property=\"og:site_name\" content=\"Kuzeyin Sesi\" \/>\n<meta property=\"article:publisher\" content=\"https:\/\/www.facebook.com\/kuzeyinsesii\" \/>\n<meta property=\"article:published_time\" content=\"2024-11-13T12:42:11+00:00\" \/>\n<meta property=\"og:image\" content=\"https:\/\/brtk.net\/wp-content\/uploads\/2024\/11\/13\/tatar-sergi-5-7-scaled.jpg?ver=427ac8810f973e655c2e64b5f282bb33\" \/>\n<meta name=\"author\" content=\"Kuzeyin Sesi\" \/>\n<meta name=\"twitter:card\" content=\"summary_large_image\" \/>\n<meta name=\"twitter:creator\" content=\"@kuzeyinsesii\" \/>\n<meta name=\"twitter:site\" content=\"@kuzeyinsesii\" \/>\n<meta name=\"twitter:label1\" content=\"Yazan:\" \/>\n\t<meta name=\"twitter:data1\" content=\"Kuzeyin Sesi\" \/>\n\t<meta name=\"twitter:label2\" content=\"Tahmini okuma s\u00fcresi\" \/>\n\t<meta name=\"twitter:data2\" content=\"1 dakika\" \/>\n<script type=\"application\/ld+json\" class=\"yoast-schema-graph\">{\"@context\":\"https:\\\/\\\/schema.org\",\"@graph\":[{\"@type\":\"Article\",\"@id\":\"https:\\\/\\\/kuzeyinsesi.org\\\/index.php\\\/2024\\\/11\\\/13\\\/cumhurbaskani-tatar-yusuf-cannurun-kisisel-sergisine-katildi\\\/#article\",\"isPartOf\":{\"@id\":\"https:\\\/\\\/kuzeyinsesi.org\\\/index.php\\\/2024\\\/11\\\/13\\\/cumhurbaskani-tatar-yusuf-cannurun-kisisel-sergisine-katildi\\\/\"},\"author\":{\"name\":\"Kuzeyin Sesi\",\"@id\":\"https:\\\/\\\/kuzeyinsesi.org\\\/#\\\/schema\\\/person\\\/9f859689cdf01485597712386e37f5aa\"},\"headline\":\"Cumhurba\u015fkan\u0131 Tatar, Yusuf Cannur\u2019un ki\u015fisel sergisine kat\u0131ld\u0131\",\"datePublished\":\"2024-11-13T12:42:11+00:00\",\"mainEntityOfPage\":{\"@id\":\"https:\\\/\\\/kuzeyinsesi.org\\\/index.php\\\/2024\\\/11\\\/13\\\/cumhurbaskani-tatar-yusuf-cannurun-kisisel-sergisine-katildi\\\/\"},\"wordCount\":259,\"commentCount\":0,\"image\":{\"@id\":\"https:\\\/\\\/kuzeyinsesi.org\\\/index.php\\\/2024\\\/11\\\/13\\\/cumhurbaskani-tatar-yusuf-cannurun-kisisel-sergisine-katildi\\\/#primaryimage\"},\"thumbnailUrl\":\"https:\\\/\\\/brtk.net\\\/wp-content\\\/uploads\\\/2024\\\/11\\\/13\\\/tatar-sergi-5-7-scaled.jpg?ver=427ac8810f973e655c2e64b5f282bb33\",\"articleSection\":[\"Ya\u015fam\"],\"inLanguage\":\"tr\",\"potentialAction\":[{\"@type\":\"CommentAction\",\"name\":\"Comment\",\"target\":[\"https:\\\/\\\/kuzeyinsesi.org\\\/index.php\\\/2024\\\/11\\\/13\\\/cumhurbaskani-tatar-yusuf-cannurun-kisisel-sergisine-katildi\\\/#respond\"]}]},{\"@type\":\"WebPage\",\"@id\":\"https:\\\/\\\/kuzeyinsesi.org\\\/index.php\\\/2024\\\/11\\\/13\\\/cumhurbaskani-tatar-yusuf-cannurun-kisisel-sergisine-katildi\\\/\",\"url\":\"https:\\\/\\\/kuzeyinsesi.org\\\/index.php\\\/2024\\\/11\\\/13\\\/cumhurbaskani-tatar-yusuf-cannurun-kisisel-sergisine-katildi\\\/\",\"name\":\"Cumhurba\u015fkan\u0131 Tatar, Yusuf Cannur\u2019un ki\u015fisel sergisine kat\u0131ld\u0131 - Kuzeyin Sesi\",\"isPartOf\":{\"@id\":\"https:\\\/\\\/kuzeyinsesi.org\\\/#website\"},\"primaryImageOfPage\":{\"@id\":\"https:\\\/\\\/kuzeyinsesi.org\\\/index.php\\\/2024\\\/11\\\/13\\\/cumhurbaskani-tatar-yusuf-cannurun-kisisel-sergisine-katildi\\\/#primaryimage\"},\"image\":{\"@id\":\"https:\\\/\\\/kuzeyinsesi.org\\\/index.php\\\/2024\\\/11\\\/13\\\/cumhurbaskani-tatar-yusuf-cannurun-kisisel-sergisine-katildi\\\/#primaryimage\"},\"thumbnailUrl\":\"https:\\\/\\\/brtk.net\\\/wp-content\\\/uploads\\\/2024\\\/11\\\/13\\\/tatar-sergi-5-7-scaled.jpg?ver=427ac8810f973e655c2e64b5f282bb33\",\"datePublished\":\"2024-11-13T12:42:11+00:00\",\"author\":{\"@id\":\"https:\\\/\\\/kuzeyinsesi.org\\\/#\\\/schema\\\/person\\\/9f859689cdf01485597712386e37f5aa\"},\"breadcrumb\":{\"@id\":\"https:\\\/\\\/kuzeyinsesi.org\\\/index.php\\\/2024\\\/11\\\/13\\\/cumhurbaskani-tatar-yusuf-cannurun-kisisel-sergisine-katildi\\\/#breadcrumb\"},\"inLanguage\":\"tr\",\"potentialAction\":[{\"@type\":\"ReadAction\",\"target\":[\"https:\\\/\\\/kuzeyinsesi.org\\\/index.php\\\/2024\\\/11\\\/13\\\/cumhurbaskani-tatar-yusuf-cannurun-kisisel-sergisine-katildi\\\/\"]}]},{\"@type\":\"ImageObject\",\"inLanguage\":\"tr\",\"@id\":\"https:\\\/\\\/kuzeyinsesi.org\\\/index.php\\\/2024\\\/11\\\/13\\\/cumhurbaskani-tatar-yusuf-cannurun-kisisel-sergisine-katildi\\\/#primaryimage\",\"url\":\"https:\\\/\\\/brtk.net\\\/wp-content\\\/uploads\\\/2024\\\/11\\\/13\\\/tatar-sergi-5-7-scaled.jpg?ver=427ac8810f973e655c2e64b5f282bb33\",\"contentUrl\":\"https:\\\/\\\/brtk.net\\\/wp-content\\\/uploads\\\/2024\\\/11\\\/13\\\/tatar-sergi-5-7-scaled.jpg?ver=427ac8810f973e655c2e64b5f282bb33\"},{\"@type\":\"BreadcrumbList\",\"@id\":\"https:\\\/\\\/kuzeyinsesi.org\\\/index.php\\\/2024\\\/11\\\/13\\\/cumhurbaskani-tatar-yusuf-cannurun-kisisel-sergisine-katildi\\\/#breadcrumb\",\"itemListElement\":[{\"@type\":\"ListItem\",\"position\":1,\"name\":\"Anasayfa\",\"item\":\"https:\\\/\\\/kuzeyinsesi.org\\\/\"},{\"@type\":\"ListItem\",\"position\":2,\"name\":\"Cumhurba\u015fkan\u0131 Tatar, Yusuf Cannur\u2019un ki\u015fisel sergisine kat\u0131ld\u0131\"}]},{\"@type\":\"WebSite\",\"@id\":\"https:\\\/\\\/kuzeyinsesi.org\\\/#website\",\"url\":\"https:\\\/\\\/kuzeyinsesi.org\\\/\",\"name\":\"Kuzeyin Sesi\",\"description\":\"Do\u011fru Haberin Adresi\",\"potentialAction\":[{\"@type\":\"SearchAction\",\"target\":{\"@type\":\"EntryPoint\",\"urlTemplate\":\"https:\\\/\\\/kuzeyinsesi.org\\\/?s={search_term_string}\"},\"query-input\":{\"@type\":\"PropertyValueSpecification\",\"valueRequired\":true,\"valueName\":\"search_term_string\"}}],\"inLanguage\":\"tr\"},{\"@type\":\"Person\",\"@id\":\"https:\\\/\\\/kuzeyinsesi.org\\\/#\\\/schema\\\/person\\\/9f859689cdf01485597712386e37f5aa\",\"name\":\"Kuzeyin Sesi\",\"image\":{\"@type\":\"ImageObject\",\"inLanguage\":\"tr\",\"@id\":\"https:\\\/\\\/secure.gravatar.com\\\/avatar\\\/bab33852abfd8b282518d6ed81826833d77c3c882d9ab608add591ccace47a44?s=96&d=mm&r=g\",\"url\":\"https:\\\/\\\/secure.gravatar.com\\\/avatar\\\/bab33852abfd8b282518d6ed81826833d77c3c882d9ab608add591ccace47a44?s=96&d=mm&r=g\",\"contentUrl\":\"https:\\\/\\\/secure.gravatar.com\\\/avatar\\\/bab33852abfd8b282518d6ed81826833d77c3c882d9ab608add591ccace47a44?s=96&d=mm&r=g\",\"caption\":\"Kuzeyin Sesi\"},\"sameAs\":[\"https:\\\/\\\/kuzeyinsesi.org\"],\"url\":\"https:\\\/\\\/kuzeyinsesi.org\\\/index.php\\\/author\\\/guven\\\/\"}]}<\/script>\n<!-- \/ Yoast SEO plugin. -->","yoast_head_json":{"title":"Cumhurba\u015fkan\u0131 Tatar, Yusuf Cannur\u2019un ki\u015fisel sergisine kat\u0131ld\u0131 - Kuzeyin Sesi","robots":{"index":"index","follow":"follow","max-snippet":"max-snippet:-1","max-image-preview":"max-image-preview:large","max-video-preview":"max-video-preview:-1"},"canonical":"https:\/\/kuzeyinsesi.org\/index.php\/2024\/11\/13\/cumhurbaskani-tatar-yusuf-cannurun-kisisel-sergisine-katildi\/","og_locale":"tr_TR","og_type":"article","og_title":"Cumhurba\u015fkan\u0131 Tatar, Yusuf Cannur\u2019un ki\u015fisel sergisine kat\u0131ld\u0131 - Kuzeyin Sesi","og_description":"Cumhurba\u015fkan\u0131 Ersin Tatar, \u0130smet Vehit G\u00fcney Sergi Salonu\u2019nda yer alan Yusuf Cannur\u2019un ki\u015fisel sergisine kat\u0131ld\u0131. Cumhurba\u015fkanl\u0131\u011f\u0131\u2019ndan yap\u0131lan a\u00e7\u0131klamaya g\u00f6re Tatar, ilk ki\u015fisel sergisini a\u00e7an Yusuf Cannur\u2019u tebrik etti. Sergide konu\u015fan Cumhurba\u015fkan\u0131 Ersin Tatar, sergide bulunmaktan duydu\u011fu memnuniyeti ifade etti, Cannur\u2019a \u00e7al\u0131\u015fmalar\u0131nda ba\u015far\u0131lar diledi. K\u0131br\u0131s T\u00fcrk\u00fc\u2019n\u00fcn k\u00fclt\u00fcr\u00fc, sanat\u0131 ve sanat\u00e7\u0131lar\u0131 ile K\u0131br\u0131s\u2019ta varl\u0131\u011f\u0131n\u0131 s\u00fcrd\u00fcrd\u00fc\u011f\u00fcne i\u015faret eden [&hellip;]","og_url":"https:\/\/kuzeyinsesi.org\/index.php\/2024\/11\/13\/cumhurbaskani-tatar-yusuf-cannurun-kisisel-sergisine-katildi\/","og_site_name":"Kuzeyin Sesi","article_publisher":"https:\/\/www.facebook.com\/kuzeyinsesii","article_published_time":"2024-11-13T12:42:11+00:00","og_image":[{"url":"https:\/\/brtk.net\/wp-content\/uploads\/2024\/11\/13\/tatar-sergi-5-7-scaled.jpg?ver=427ac8810f973e655c2e64b5f282bb33","type":"","width":"","height":""}],"author":"Kuzeyin Sesi","twitter_card":"summary_large_image","twitter_creator":"@kuzeyinsesii","twitter_site":"@kuzeyinsesii","twitter_misc":{"Yazan:":"Kuzeyin Sesi","Tahmini okuma s\u00fcresi":"1 dakika"},"schema":{"@context":"https:\/\/schema.org","@graph":[{"@type":"Article","@id":"https:\/\/kuzeyinsesi.org\/index.php\/2024\/11\/13\/cumhurbaskani-tatar-yusuf-cannurun-kisisel-sergisine-katildi\/#article","isPartOf":{"@id":"https:\/\/kuzeyinsesi.org\/index.php\/2024\/11\/13\/cumhurbaskani-tatar-yusuf-cannurun-kisisel-sergisine-katildi\/"},"author":{"name":"Kuzeyin Sesi","@id":"https:\/\/kuzeyinsesi.org\/#\/schema\/person\/9f859689cdf01485597712386e37f5aa"},"headline":"Cumhurba\u015fkan\u0131 Tatar, Yusuf Cannur\u2019un ki\u015fisel sergisine kat\u0131ld\u0131","datePublished":"2024-11-13T12:42:11+00:00","mainEntityOfPage":{"@id":"https:\/\/kuzeyinsesi.org\/index.php\/2024\/11\/13\/cumhurbaskani-tatar-yusuf-cannurun-kisisel-sergisine-katildi\/"},"wordCount":259,"commentCount":0,"image":{"@id":"https:\/\/kuzeyinsesi.org\/index.php\/2024\/11\/13\/cumhurbaskani-tatar-yusuf-cannurun-kisisel-sergisine-katildi\/#primaryimage"},"thumbnailUrl":"https:\/\/brtk.net\/wp-content\/uploads\/2024\/11\/13\/tatar-sergi-5-7-scaled.jpg?ver=427ac8810f973e655c2e64b5f282bb33","articleSection":["Ya\u015fam"],"inLanguage":"tr","potentialAction":[{"@type":"CommentAction","name":"Comment","target":["https:\/\/kuzeyinsesi.org\/index.php\/2024\/11\/13\/cumhurbaskani-tatar-yusuf-cannurun-kisisel-sergisine-katildi\/#respond"]}]},{"@type":"WebPage","@id":"https:\/\/kuzeyinsesi.org\/index.php\/2024\/11\/13\/cumhurbaskani-tatar-yusuf-cannurun-kisisel-sergisine-katildi\/","url":"https:\/\/kuzeyinsesi.org\/index.php\/2024\/11\/13\/cumhurbaskani-tatar-yusuf-cannurun-kisisel-sergisine-katildi\/","name":"Cumhurba\u015fkan\u0131 Tatar, Yusuf Cannur\u2019un ki\u015fisel sergisine kat\u0131ld\u0131 - Kuzeyin Sesi","isPartOf":{"@id":"https:\/\/kuzeyinsesi.org\/#website"},"primaryImageOfPage":{"@id":"https:\/\/kuzeyinsesi.org\/index.php\/2024\/11\/13\/cumhurbaskani-tatar-yusuf-cannurun-kisisel-sergisine-katildi\/#primaryimage"},"image":{"@id":"https:\/\/kuzeyinsesi.org\/index.php\/2024\/11\/13\/cumhurbaskani-tatar-yusuf-cannurun-kisisel-sergisine-katildi\/#primaryimage"},"thumbnailUrl":"https:\/\/brtk.net\/wp-content\/uploads\/2024\/11\/13\/tatar-sergi-5-7-scaled.jpg?ver=427ac8810f973e655c2e64b5f282bb33","datePublished":"2024-11-13T12:42:11+00:00","author":{"@id":"https:\/\/kuzeyinsesi.org\/#\/schema\/person\/9f859689cdf01485597712386e37f5aa"},"breadcrumb":{"@id":"https:\/\/kuzeyinsesi.org\/index.php\/2024\/11\/13\/cumhurbaskani-tatar-yusuf-cannurun-kisisel-sergisine-katildi\/#breadcrumb"},"inLanguage":"tr","potentialAction":[{"@type":"ReadAction","target":["https:\/\/kuzeyinsesi.org\/index.php\/2024\/11\/13\/cumhurbaskani-tatar-yusuf-cannurun-kisisel-sergisine-katildi\/"]}]},{"@type":"ImageObject","inLanguage":"tr","@id":"https:\/\/kuzeyinsesi.org\/index.php\/2024\/11\/13\/cumhurbaskani-tatar-yusuf-cannurun-kisisel-sergisine-katildi\/#primaryimage","url":"https:\/\/brtk.net\/wp-content\/uploads\/2024\/11\/13\/tatar-sergi-5-7-scaled.jpg?ver=427ac8810f973e655c2e64b5f282bb33","contentUrl":"https:\/\/brtk.net\/wp-content\/uploads\/2024\/11\/13\/tatar-sergi-5-7-scaled.jpg?ver=427ac8810f973e655c2e64b5f282bb33"},{"@type":"BreadcrumbList","@id":"https:\/\/kuzeyinsesi.org\/index.php\/2024\/11\/13\/cumhurbaskani-tatar-yusuf-cannurun-kisisel-sergisine-katildi\/#breadcrumb","itemListElement":[{"@type":"ListItem","position":1,"name":"Anasayfa","item":"https:\/\/kuzeyinsesi.org\/"},{"@type":"ListItem","position":2,"name":"Cumhurba\u015fkan\u0131 Tatar, Yusuf Cannur\u2019un ki\u015fisel sergisine kat\u0131ld\u0131"}]},{"@type":"WebSite","@id":"https:\/\/kuzeyinsesi.org\/#website","url":"https:\/\/kuzeyinsesi.org\/","name":"Kuzeyin Sesi","description":"Do\u011fru Haberin Adresi","potentialAction":[{"@type":"SearchAction","target":{"@type":"EntryPoint","urlTemplate":"https:\/\/kuzeyinsesi.org\/?s={search_term_string}"},"query-input":{"@type":"PropertyValueSpecification","valueRequired":true,"valueName":"search_term_string"}}],"inLanguage":"tr"},{"@type":"Person","@id":"https:\/\/kuzeyinsesi.org\/#\/schema\/person\/9f859689cdf01485597712386e37f5aa","name":"Kuzeyin Sesi","image":{"@type":"ImageObject","inLanguage":"tr","@id":"https:\/\/secure.gravatar.com\/avatar\/bab33852abfd8b282518d6ed81826833d77c3c882d9ab608add591ccace47a44?s=96&d=mm&r=g","url":"https:\/\/secure.gravatar.com\/avatar\/bab33852abfd8b282518d6ed81826833d77c3c882d9ab608add591ccace47a44?s=96&d=mm&r=g","contentUrl":"https:\/\/secure.gravatar.com\/avatar\/bab33852abfd8b282518d6ed81826833d77c3c882d9ab608add591ccace47a44?s=96&d=mm&r=g","caption":"Kuzeyin Sesi"},"sameAs":["https:\/\/kuzeyinsesi.org"],"url":"https:\/\/kuzeyinsesi.org\/index.php\/author\/guven\/"}]}},"_links":{"self":[{"href":"https:\/\/kuzeyinsesi.org\/index.php\/wp-json\/wp\/v2\/posts\/13403","targetHints":{"allow":["GET"]}}],"collection":[{"href":"https:\/\/kuzeyinsesi.org\/index.php\/wp-json\/wp\/v2\/posts"}],"about":[{"href":"https:\/\/kuzeyinsesi.org\/index.php\/wp-json\/wp\/v2\/types\/post"}],"author":[{"embeddable":true,"href":"https:\/\/kuzeyinsesi.org\/index.php\/wp-json\/wp\/v2\/users\/1"}],"replies":[{"embeddable":true,"href":"https:\/\/kuzeyinsesi.org\/index.php\/wp-json\/wp\/v2\/comments?post=13403"}],"version-history":[{"count":0,"href":"https:\/\/kuzeyinsesi.org\/index.php\/wp-json\/wp\/v2\/posts\/13403\/revisions"}],"wp:attachment":[{"href":"https:\/\/kuzeyinsesi.org\/index.php\/wp-json\/wp\/v2\/media?parent=13403"}],"wp:term":[{"taxonomy":"category","embeddable":true,"href":"https:\/\/kuzeyinsesi.org\/index.php\/wp-json\/wp\/v2\/categories?post=13403"},{"taxonomy":"post_tag","embeddable":true,"href":"https:\/\/kuzeyinsesi.org\/index.php\/wp-json\/wp\/v2\/tags?post=13403"}],"curies":[{"name":"wp","href":"https:\/\/api.w.org\/{rel}","templated":true}]}}