{"id":13399,"date":"2024-11-13T13:23:16","date_gmt":"2024-11-13T11:23:16","guid":{"rendered":"https:\/\/kuzeyinsesi.org\/index.php\/2024\/11\/13\/tc-iletisim-baskanligindan-cumhurbaskani-erdogan-karadag-cumhurbaskani-milatovic-gorusmesine-iliskin-aciklama\/"},"modified":"2024-11-13T13:23:16","modified_gmt":"2024-11-13T11:23:16","slug":"tc-iletisim-baskanligindan-cumhurbaskani-erdogan-karadag-cumhurbaskani-milatovic-gorusmesine-iliskin-aciklama","status":"publish","type":"post","link":"https:\/\/kuzeyinsesi.org\/index.php\/2024\/11\/13\/tc-iletisim-baskanligindan-cumhurbaskani-erdogan-karadag-cumhurbaskani-milatovic-gorusmesine-iliskin-aciklama\/","title":{"rendered":"TC \u0130leti\u015fim Ba\u015fkanl\u0131\u011f\u0131ndan Cumhurba\u015fkan\u0131 Erdo\u011fan-Karada\u011f Cumhurba\u015fkan\u0131 Milatovic g\u00f6r\u00fc\u015fmesine ili\u015fkin a\u00e7\u0131klama"},"content":{"rendered":"<div>\n<div class=\"mariselle-image-container center\">\n                                            <\/div>\n<p>TC Cumhurba\u015fkan\u0131 Recep Tayyip Erdo\u011fan, Karada\u011f Cumhurba\u015fkan\u0131 Jakov Milatovic ile g\u00f6r\u00fc\u015fmesinde, \u0130srail sald\u0131rganl\u0131\u011f\u0131n\u0131n yay\u0131larak b\u00f6lge g\u00fcvenli\u011fi ve uluslararas\u0131 sistemi tehdit etti\u011fini, T\u00fcrkiye\u2019nin acil ate\u015fkes ve insani yard\u0131mlar\u0131n b\u00f6lgeye ula\u015f\u0131m\u0131 konusunda gayretlerini s\u00fcrd\u00fcrd\u00fc\u011f\u00fcn\u00fc kaydetti.<\/p>\n<p>TC Cumhurba\u015fkanl\u0131\u011f\u0131 \u0130leti\u015fim Ba\u015fkanl\u0131\u011f\u0131ndan yap\u0131lan a\u00e7\u0131klamaya g\u00f6re, Erdo\u011fan, Birle\u015fmi\u015f Milletler (BM) \u0130klim De\u011fi\u015fikli\u011fi \u00c7er\u00e7eve S\u00f6zle\u015fmesi 29. Taraflar Konferans\u0131 (COP29) D\u00fcnya Liderleri \u0130klim Zirvesi i\u00e7in gitti\u011fi Azerbaycan\u2019da Karada\u011f Cumhurba\u015fkan\u0131 Milatovic ile g\u00f6r\u00fc\u015ft\u00fc.<\/p>\n<p>G\u00f6r\u00fc\u015fmede T\u00fcrkiye ile Karada\u011f ikili ili\u015fkileri, b\u00f6lgesel ve k\u00fcresel konular ele al\u0131nd\u0131.<\/p>\n<p>TC Cumhurba\u015fkan\u0131 Erdo\u011fan g\u00f6r\u00fc\u015fmede, T\u00fcrkiye ile Karada\u011f aras\u0131nda Y\u00fcksek D\u00fczeyli \u0130\u015fbirli\u011fi Konseyi mekanizmas\u0131 kurulmas\u0131n\u0131n iki \u00fclke aras\u0131ndaki ili\u015fkilerin geli\u015fimi i\u00e7in faydal\u0131 olaca\u011f\u0131n\u0131, bununla ilgili \u00e7al\u0131\u015fmalar\u0131n devam etti\u011fini, iki \u00fclke aras\u0131ndaki ticaret hacminin art\u0131r\u0131lmas\u0131n\u0131n ili\u015fkileri daha da derinle\u015ftirece\u011fini ifade etti.<\/p>\n<p>Erdo\u011fan, \u0130srail sald\u0131rganl\u0131\u011f\u0131n\u0131n yay\u0131larak b\u00f6lge g\u00fcvenli\u011fi ve uluslararas\u0131 sistemi tehdit etti\u011fini, T\u00fcrkiye\u2019nin acil ate\u015fkes ve insani yard\u0131mlar\u0131n b\u00f6lgeye ula\u015f\u0131m\u0131 konusunda gayretlerini s\u00fcrd\u00fcrd\u00fc\u011f\u00fcn\u00fc belirtti.<\/p>\n<\/p><\/div>\n<p><script async\n                    defer\n                    crossorigin=\"anonymous\"\n                    src=\"https:\/\/connect.facebook.net\/tr_TR\/sdk.js#xfbml=1&#038;version=v3.3\"\n            ><\/script><\/p>\n","protected":false},"excerpt":{"rendered":"<p>TC Cumhurba\u015fkan\u0131 Recep Tayyip Erdo\u011fan, Karada\u011f Cumhurba\u015fkan\u0131 Jakov Milatovic ile g\u00f6r\u00fc\u015fmesinde, \u0130srail sald\u0131rganl\u0131\u011f\u0131n\u0131n yay\u0131larak b\u00f6lge g\u00fcvenli\u011fi ve uluslararas\u0131 sistemi tehdit etti\u011fini, T\u00fcrkiye\u2019nin acil ate\u015fkes ve insani yard\u0131mlar\u0131n b\u00f6lgeye ula\u015f\u0131m\u0131 konusunda gayretlerini s\u00fcrd\u00fcrd\u00fc\u011f\u00fcn\u00fc kaydetti. TC Cumhurba\u015fkanl\u0131\u011f\u0131 \u0130leti\u015fim Ba\u015fkanl\u0131\u011f\u0131ndan yap\u0131lan a\u00e7\u0131klamaya g\u00f6re, Erdo\u011fan, Birle\u015fmi\u015f Milletler (BM) \u0130klim De\u011fi\u015fikli\u011fi \u00c7er\u00e7eve S\u00f6zle\u015fmesi 29. Taraflar Konferans\u0131 (COP29) D\u00fcnya Liderleri \u0130klim [&hellip;]<\/p>\n","protected":false},"author":1,"featured_media":13400,"comment_status":"open","ping_status":"open","sticky":false,"template":"","format":"standard","meta":{"jnews-multi-image_gallery":[],"jnews_single_post":[],"jnews_primary_category":[],"jnews_social_meta":[],"jnews_override_counter":[],"footnotes":""},"categories":[5],"tags":[],"class_list":["post-13399","post","type-post","status-publish","format-standard","has-post-thumbnail","hentry","category-turkiye"],"yoast_head":"<!-- This site is optimized with the Yoast SEO plugin v27.4 - https:\/\/yoast.com\/product\/yoast-seo-wordpress\/ -->\n<title>TC \u0130leti\u015fim Ba\u015fkanl\u0131\u011f\u0131ndan Cumhurba\u015fkan\u0131 Erdo\u011fan-Karada\u011f Cumhurba\u015fkan\u0131 Milatovic g\u00f6r\u00fc\u015fmesine ili\u015fkin a\u00e7\u0131klama - Kuzeyin Sesi<\/title>\n<meta name=\"robots\" content=\"index, follow, max-snippet:-1, max-image-preview:large, max-video-preview:-1\" \/>\n<link rel=\"canonical\" href=\"https:\/\/kuzeyinsesi.org\/index.php\/2024\/11\/13\/tc-iletisim-baskanligindan-cumhurbaskani-erdogan-karadag-cumhurbaskani-milatovic-gorusmesine-iliskin-aciklama\/\" \/>\n<meta property=\"og:locale\" content=\"tr_TR\" \/>\n<meta property=\"og:type\" content=\"article\" \/>\n<meta property=\"og:title\" content=\"TC \u0130leti\u015fim Ba\u015fkanl\u0131\u011f\u0131ndan Cumhurba\u015fkan\u0131 Erdo\u011fan-Karada\u011f Cumhurba\u015fkan\u0131 Milatovic g\u00f6r\u00fc\u015fmesine ili\u015fkin a\u00e7\u0131klama - Kuzeyin Sesi\" \/>\n<meta property=\"og:description\" content=\"TC Cumhurba\u015fkan\u0131 Recep Tayyip Erdo\u011fan, Karada\u011f Cumhurba\u015fkan\u0131 Jakov Milatovic ile g\u00f6r\u00fc\u015fmesinde, \u0130srail sald\u0131rganl\u0131\u011f\u0131n\u0131n yay\u0131larak b\u00f6lge g\u00fcvenli\u011fi ve uluslararas\u0131 sistemi tehdit etti\u011fini, T\u00fcrkiye\u2019nin acil ate\u015fkes ve insani yard\u0131mlar\u0131n b\u00f6lgeye ula\u015f\u0131m\u0131 konusunda gayretlerini s\u00fcrd\u00fcrd\u00fc\u011f\u00fcn\u00fc kaydetti. TC Cumhurba\u015fkanl\u0131\u011f\u0131 \u0130leti\u015fim Ba\u015fkanl\u0131\u011f\u0131ndan yap\u0131lan a\u00e7\u0131klamaya g\u00f6re, Erdo\u011fan, Birle\u015fmi\u015f Milletler (BM) \u0130klim De\u011fi\u015fikli\u011fi \u00c7er\u00e7eve S\u00f6zle\u015fmesi 29. Taraflar Konferans\u0131 (COP29) D\u00fcnya Liderleri \u0130klim [&hellip;]\" \/>\n<meta property=\"og:url\" content=\"https:\/\/kuzeyinsesi.org\/index.php\/2024\/11\/13\/tc-iletisim-baskanligindan-cumhurbaskani-erdogan-karadag-cumhurbaskani-milatovic-gorusmesine-iliskin-aciklama\/\" \/>\n<meta property=\"og:site_name\" content=\"Kuzeyin Sesi\" \/>\n<meta property=\"article:publisher\" content=\"https:\/\/www.facebook.com\/kuzeyinsesii\" \/>\n<meta property=\"article:published_time\" content=\"2024-11-13T11:23:16+00:00\" \/>\n<meta property=\"og:image\" content=\"https:\/\/brtk.net\/wp-content\/uploads\/2024\/11\/12\/cumhurbaskani-erdogan-karadag-gorusme-1-1-scaled.jpg?ver=bb3f77fb1c64c71827e371cd3bcb3682\" \/>\n<meta name=\"author\" content=\"Kuzeyin Sesi\" \/>\n<meta name=\"twitter:card\" content=\"summary_large_image\" \/>\n<meta name=\"twitter:creator\" content=\"@kuzeyinsesii\" \/>\n<meta name=\"twitter:site\" content=\"@kuzeyinsesii\" \/>\n<meta name=\"twitter:label1\" content=\"Yazan:\" \/>\n\t<meta name=\"twitter:data1\" content=\"Kuzeyin Sesi\" \/>\n\t<meta name=\"twitter:label2\" content=\"Tahmini okuma s\u00fcresi\" \/>\n\t<meta name=\"twitter:data2\" content=\"1 dakika\" \/>\n<script type=\"application\/ld+json\" class=\"yoast-schema-graph\">{\"@context\":\"https:\\\/\\\/schema.org\",\"@graph\":[{\"@type\":\"Article\",\"@id\":\"https:\\\/\\\/kuzeyinsesi.org\\\/index.php\\\/2024\\\/11\\\/13\\\/tc-iletisim-baskanligindan-cumhurbaskani-erdogan-karadag-cumhurbaskani-milatovic-gorusmesine-iliskin-aciklama\\\/#article\",\"isPartOf\":{\"@id\":\"https:\\\/\\\/kuzeyinsesi.org\\\/index.php\\\/2024\\\/11\\\/13\\\/tc-iletisim-baskanligindan-cumhurbaskani-erdogan-karadag-cumhurbaskani-milatovic-gorusmesine-iliskin-aciklama\\\/\"},\"author\":{\"name\":\"Kuzeyin Sesi\",\"@id\":\"https:\\\/\\\/kuzeyinsesi.org\\\/#\\\/schema\\\/person\\\/9f859689cdf01485597712386e37f5aa\"},\"headline\":\"TC \u0130leti\u015fim Ba\u015fkanl\u0131\u011f\u0131ndan Cumhurba\u015fkan\u0131 Erdo\u011fan-Karada\u011f Cumhurba\u015fkan\u0131 Milatovic g\u00f6r\u00fc\u015fmesine ili\u015fkin a\u00e7\u0131klama\",\"datePublished\":\"2024-11-13T11:23:16+00:00\",\"mainEntityOfPage\":{\"@id\":\"https:\\\/\\\/kuzeyinsesi.org\\\/index.php\\\/2024\\\/11\\\/13\\\/tc-iletisim-baskanligindan-cumhurbaskani-erdogan-karadag-cumhurbaskani-milatovic-gorusmesine-iliskin-aciklama\\\/\"},\"wordCount\":255,\"commentCount\":0,\"image\":{\"@id\":\"https:\\\/\\\/kuzeyinsesi.org\\\/index.php\\\/2024\\\/11\\\/13\\\/tc-iletisim-baskanligindan-cumhurbaskani-erdogan-karadag-cumhurbaskani-milatovic-gorusmesine-iliskin-aciklama\\\/#primaryimage\"},\"thumbnailUrl\":\"https:\\\/\\\/kuzeyinsesi.org\\\/wp-content\\\/uploads\\\/2024\\\/11\\\/cumhurbaskani-erdogan-karadag-gorusme-1-1-scaled.jpg\",\"articleSection\":[\"T\u00fcrkiye\"],\"inLanguage\":\"tr\",\"potentialAction\":[{\"@type\":\"CommentAction\",\"name\":\"Comment\",\"target\":[\"https:\\\/\\\/kuzeyinsesi.org\\\/index.php\\\/2024\\\/11\\\/13\\\/tc-iletisim-baskanligindan-cumhurbaskani-erdogan-karadag-cumhurbaskani-milatovic-gorusmesine-iliskin-aciklama\\\/#respond\"]}]},{\"@type\":\"WebPage\",\"@id\":\"https:\\\/\\\/kuzeyinsesi.org\\\/index.php\\\/2024\\\/11\\\/13\\\/tc-iletisim-baskanligindan-cumhurbaskani-erdogan-karadag-cumhurbaskani-milatovic-gorusmesine-iliskin-aciklama\\\/\",\"url\":\"https:\\\/\\\/kuzeyinsesi.org\\\/index.php\\\/2024\\\/11\\\/13\\\/tc-iletisim-baskanligindan-cumhurbaskani-erdogan-karadag-cumhurbaskani-milatovic-gorusmesine-iliskin-aciklama\\\/\",\"name\":\"TC \u0130leti\u015fim Ba\u015fkanl\u0131\u011f\u0131ndan Cumhurba\u015fkan\u0131 Erdo\u011fan-Karada\u011f Cumhurba\u015fkan\u0131 Milatovic g\u00f6r\u00fc\u015fmesine ili\u015fkin a\u00e7\u0131klama - Kuzeyin Sesi\",\"isPartOf\":{\"@id\":\"https:\\\/\\\/kuzeyinsesi.org\\\/#website\"},\"primaryImageOfPage\":{\"@id\":\"https:\\\/\\\/kuzeyinsesi.org\\\/index.php\\\/2024\\\/11\\\/13\\\/tc-iletisim-baskanligindan-cumhurbaskani-erdogan-karadag-cumhurbaskani-milatovic-gorusmesine-iliskin-aciklama\\\/#primaryimage\"},\"image\":{\"@id\":\"https:\\\/\\\/kuzeyinsesi.org\\\/index.php\\\/2024\\\/11\\\/13\\\/tc-iletisim-baskanligindan-cumhurbaskani-erdogan-karadag-cumhurbaskani-milatovic-gorusmesine-iliskin-aciklama\\\/#primaryimage\"},\"thumbnailUrl\":\"https:\\\/\\\/kuzeyinsesi.org\\\/wp-content\\\/uploads\\\/2024\\\/11\\\/cumhurbaskani-erdogan-karadag-gorusme-1-1-scaled.jpg\",\"datePublished\":\"2024-11-13T11:23:16+00:00\",\"author\":{\"@id\":\"https:\\\/\\\/kuzeyinsesi.org\\\/#\\\/schema\\\/person\\\/9f859689cdf01485597712386e37f5aa\"},\"breadcrumb\":{\"@id\":\"https:\\\/\\\/kuzeyinsesi.org\\\/index.php\\\/2024\\\/11\\\/13\\\/tc-iletisim-baskanligindan-cumhurbaskani-erdogan-karadag-cumhurbaskani-milatovic-gorusmesine-iliskin-aciklama\\\/#breadcrumb\"},\"inLanguage\":\"tr\",\"potentialAction\":[{\"@type\":\"ReadAction\",\"target\":[\"https:\\\/\\\/kuzeyinsesi.org\\\/index.php\\\/2024\\\/11\\\/13\\\/tc-iletisim-baskanligindan-cumhurbaskani-erdogan-karadag-cumhurbaskani-milatovic-gorusmesine-iliskin-aciklama\\\/\"]}]},{\"@type\":\"ImageObject\",\"inLanguage\":\"tr\",\"@id\":\"https:\\\/\\\/kuzeyinsesi.org\\\/index.php\\\/2024\\\/11\\\/13\\\/tc-iletisim-baskanligindan-cumhurbaskani-erdogan-karadag-cumhurbaskani-milatovic-gorusmesine-iliskin-aciklama\\\/#primaryimage\",\"url\":\"https:\\\/\\\/kuzeyinsesi.org\\\/wp-content\\\/uploads\\\/2024\\\/11\\\/cumhurbaskani-erdogan-karadag-gorusme-1-1-scaled.jpg\",\"contentUrl\":\"https:\\\/\\\/kuzeyinsesi.org\\\/wp-content\\\/uploads\\\/2024\\\/11\\\/cumhurbaskani-erdogan-karadag-gorusme-1-1-scaled.jpg\",\"width\":2560,\"height\":1656},{\"@type\":\"BreadcrumbList\",\"@id\":\"https:\\\/\\\/kuzeyinsesi.org\\\/index.php\\\/2024\\\/11\\\/13\\\/tc-iletisim-baskanligindan-cumhurbaskani-erdogan-karadag-cumhurbaskani-milatovic-gorusmesine-iliskin-aciklama\\\/#breadcrumb\",\"itemListElement\":[{\"@type\":\"ListItem\",\"position\":1,\"name\":\"Anasayfa\",\"item\":\"https:\\\/\\\/kuzeyinsesi.org\\\/\"},{\"@type\":\"ListItem\",\"position\":2,\"name\":\"TC \u0130leti\u015fim Ba\u015fkanl\u0131\u011f\u0131ndan Cumhurba\u015fkan\u0131 Erdo\u011fan-Karada\u011f Cumhurba\u015fkan\u0131 Milatovic g\u00f6r\u00fc\u015fmesine ili\u015fkin a\u00e7\u0131klama\"}]},{\"@type\":\"WebSite\",\"@id\":\"https:\\\/\\\/kuzeyinsesi.org\\\/#website\",\"url\":\"https:\\\/\\\/kuzeyinsesi.org\\\/\",\"name\":\"Kuzeyin Sesi\",\"description\":\"Do\u011fru Haberin Adresi\",\"potentialAction\":[{\"@type\":\"SearchAction\",\"target\":{\"@type\":\"EntryPoint\",\"urlTemplate\":\"https:\\\/\\\/kuzeyinsesi.org\\\/?s={search_term_string}\"},\"query-input\":{\"@type\":\"PropertyValueSpecification\",\"valueRequired\":true,\"valueName\":\"search_term_string\"}}],\"inLanguage\":\"tr\"},{\"@type\":\"Person\",\"@id\":\"https:\\\/\\\/kuzeyinsesi.org\\\/#\\\/schema\\\/person\\\/9f859689cdf01485597712386e37f5aa\",\"name\":\"Kuzeyin Sesi\",\"image\":{\"@type\":\"ImageObject\",\"inLanguage\":\"tr\",\"@id\":\"https:\\\/\\\/secure.gravatar.com\\\/avatar\\\/bab33852abfd8b282518d6ed81826833d77c3c882d9ab608add591ccace47a44?s=96&d=mm&r=g\",\"url\":\"https:\\\/\\\/secure.gravatar.com\\\/avatar\\\/bab33852abfd8b282518d6ed81826833d77c3c882d9ab608add591ccace47a44?s=96&d=mm&r=g\",\"contentUrl\":\"https:\\\/\\\/secure.gravatar.com\\\/avatar\\\/bab33852abfd8b282518d6ed81826833d77c3c882d9ab608add591ccace47a44?s=96&d=mm&r=g\",\"caption\":\"Kuzeyin Sesi\"},\"sameAs\":[\"https:\\\/\\\/kuzeyinsesi.org\"],\"url\":\"https:\\\/\\\/kuzeyinsesi.org\\\/index.php\\\/author\\\/guven\\\/\"}]}<\/script>\n<!-- \/ Yoast SEO plugin. -->","yoast_head_json":{"title":"TC \u0130leti\u015fim Ba\u015fkanl\u0131\u011f\u0131ndan Cumhurba\u015fkan\u0131 Erdo\u011fan-Karada\u011f Cumhurba\u015fkan\u0131 Milatovic g\u00f6r\u00fc\u015fmesine ili\u015fkin a\u00e7\u0131klama - Kuzeyin Sesi","robots":{"index":"index","follow":"follow","max-snippet":"max-snippet:-1","max-image-preview":"max-image-preview:large","max-video-preview":"max-video-preview:-1"},"canonical":"https:\/\/kuzeyinsesi.org\/index.php\/2024\/11\/13\/tc-iletisim-baskanligindan-cumhurbaskani-erdogan-karadag-cumhurbaskani-milatovic-gorusmesine-iliskin-aciklama\/","og_locale":"tr_TR","og_type":"article","og_title":"TC \u0130leti\u015fim Ba\u015fkanl\u0131\u011f\u0131ndan Cumhurba\u015fkan\u0131 Erdo\u011fan-Karada\u011f Cumhurba\u015fkan\u0131 Milatovic g\u00f6r\u00fc\u015fmesine ili\u015fkin a\u00e7\u0131klama - Kuzeyin Sesi","og_description":"TC Cumhurba\u015fkan\u0131 Recep Tayyip Erdo\u011fan, Karada\u011f Cumhurba\u015fkan\u0131 Jakov Milatovic ile g\u00f6r\u00fc\u015fmesinde, \u0130srail sald\u0131rganl\u0131\u011f\u0131n\u0131n yay\u0131larak b\u00f6lge g\u00fcvenli\u011fi ve uluslararas\u0131 sistemi tehdit etti\u011fini, T\u00fcrkiye\u2019nin acil ate\u015fkes ve insani yard\u0131mlar\u0131n b\u00f6lgeye ula\u015f\u0131m\u0131 konusunda gayretlerini s\u00fcrd\u00fcrd\u00fc\u011f\u00fcn\u00fc kaydetti. TC Cumhurba\u015fkanl\u0131\u011f\u0131 \u0130leti\u015fim Ba\u015fkanl\u0131\u011f\u0131ndan yap\u0131lan a\u00e7\u0131klamaya g\u00f6re, Erdo\u011fan, Birle\u015fmi\u015f Milletler (BM) \u0130klim De\u011fi\u015fikli\u011fi \u00c7er\u00e7eve S\u00f6zle\u015fmesi 29. Taraflar Konferans\u0131 (COP29) D\u00fcnya Liderleri \u0130klim [&hellip;]","og_url":"https:\/\/kuzeyinsesi.org\/index.php\/2024\/11\/13\/tc-iletisim-baskanligindan-cumhurbaskani-erdogan-karadag-cumhurbaskani-milatovic-gorusmesine-iliskin-aciklama\/","og_site_name":"Kuzeyin Sesi","article_publisher":"https:\/\/www.facebook.com\/kuzeyinsesii","article_published_time":"2024-11-13T11:23:16+00:00","og_image":[{"url":"https:\/\/brtk.net\/wp-content\/uploads\/2024\/11\/12\/cumhurbaskani-erdogan-karadag-gorusme-1-1-scaled.jpg?ver=bb3f77fb1c64c71827e371cd3bcb3682","type":"","width":"","height":""}],"author":"Kuzeyin Sesi","twitter_card":"summary_large_image","twitter_creator":"@kuzeyinsesii","twitter_site":"@kuzeyinsesii","twitter_misc":{"Yazan:":"Kuzeyin Sesi","Tahmini okuma s\u00fcresi":"1 dakika"},"schema":{"@context":"https:\/\/schema.org","@graph":[{"@type":"Article","@id":"https:\/\/kuzeyinsesi.org\/index.php\/2024\/11\/13\/tc-iletisim-baskanligindan-cumhurbaskani-erdogan-karadag-cumhurbaskani-milatovic-gorusmesine-iliskin-aciklama\/#article","isPartOf":{"@id":"https:\/\/kuzeyinsesi.org\/index.php\/2024\/11\/13\/tc-iletisim-baskanligindan-cumhurbaskani-erdogan-karadag-cumhurbaskani-milatovic-gorusmesine-iliskin-aciklama\/"},"author":{"name":"Kuzeyin Sesi","@id":"https:\/\/kuzeyinsesi.org\/#\/schema\/person\/9f859689cdf01485597712386e37f5aa"},"headline":"TC \u0130leti\u015fim Ba\u015fkanl\u0131\u011f\u0131ndan Cumhurba\u015fkan\u0131 Erdo\u011fan-Karada\u011f Cumhurba\u015fkan\u0131 Milatovic g\u00f6r\u00fc\u015fmesine ili\u015fkin a\u00e7\u0131klama","datePublished":"2024-11-13T11:23:16+00:00","mainEntityOfPage":{"@id":"https:\/\/kuzeyinsesi.org\/index.php\/2024\/11\/13\/tc-iletisim-baskanligindan-cumhurbaskani-erdogan-karadag-cumhurbaskani-milatovic-gorusmesine-iliskin-aciklama\/"},"wordCount":255,"commentCount":0,"image":{"@id":"https:\/\/kuzeyinsesi.org\/index.php\/2024\/11\/13\/tc-iletisim-baskanligindan-cumhurbaskani-erdogan-karadag-cumhurbaskani-milatovic-gorusmesine-iliskin-aciklama\/#primaryimage"},"thumbnailUrl":"https:\/\/kuzeyinsesi.org\/wp-content\/uploads\/2024\/11\/cumhurbaskani-erdogan-karadag-gorusme-1-1-scaled.jpg","articleSection":["T\u00fcrkiye"],"inLanguage":"tr","potentialAction":[{"@type":"CommentAction","name":"Comment","target":["https:\/\/kuzeyinsesi.org\/index.php\/2024\/11\/13\/tc-iletisim-baskanligindan-cumhurbaskani-erdogan-karadag-cumhurbaskani-milatovic-gorusmesine-iliskin-aciklama\/#respond"]}]},{"@type":"WebPage","@id":"https:\/\/kuzeyinsesi.org\/index.php\/2024\/11\/13\/tc-iletisim-baskanligindan-cumhurbaskani-erdogan-karadag-cumhurbaskani-milatovic-gorusmesine-iliskin-aciklama\/","url":"https:\/\/kuzeyinsesi.org\/index.php\/2024\/11\/13\/tc-iletisim-baskanligindan-cumhurbaskani-erdogan-karadag-cumhurbaskani-milatovic-gorusmesine-iliskin-aciklama\/","name":"TC \u0130leti\u015fim Ba\u015fkanl\u0131\u011f\u0131ndan Cumhurba\u015fkan\u0131 Erdo\u011fan-Karada\u011f Cumhurba\u015fkan\u0131 Milatovic g\u00f6r\u00fc\u015fmesine ili\u015fkin a\u00e7\u0131klama - Kuzeyin Sesi","isPartOf":{"@id":"https:\/\/kuzeyinsesi.org\/#website"},"primaryImageOfPage":{"@id":"https:\/\/kuzeyinsesi.org\/index.php\/2024\/11\/13\/tc-iletisim-baskanligindan-cumhurbaskani-erdogan-karadag-cumhurbaskani-milatovic-gorusmesine-iliskin-aciklama\/#primaryimage"},"image":{"@id":"https:\/\/kuzeyinsesi.org\/index.php\/2024\/11\/13\/tc-iletisim-baskanligindan-cumhurbaskani-erdogan-karadag-cumhurbaskani-milatovic-gorusmesine-iliskin-aciklama\/#primaryimage"},"thumbnailUrl":"https:\/\/kuzeyinsesi.org\/wp-content\/uploads\/2024\/11\/cumhurbaskani-erdogan-karadag-gorusme-1-1-scaled.jpg","datePublished":"2024-11-13T11:23:16+00:00","author":{"@id":"https:\/\/kuzeyinsesi.org\/#\/schema\/person\/9f859689cdf01485597712386e37f5aa"},"breadcrumb":{"@id":"https:\/\/kuzeyinsesi.org\/index.php\/2024\/11\/13\/tc-iletisim-baskanligindan-cumhurbaskani-erdogan-karadag-cumhurbaskani-milatovic-gorusmesine-iliskin-aciklama\/#breadcrumb"},"inLanguage":"tr","potentialAction":[{"@type":"ReadAction","target":["https:\/\/kuzeyinsesi.org\/index.php\/2024\/11\/13\/tc-iletisim-baskanligindan-cumhurbaskani-erdogan-karadag-cumhurbaskani-milatovic-gorusmesine-iliskin-aciklama\/"]}]},{"@type":"ImageObject","inLanguage":"tr","@id":"https:\/\/kuzeyinsesi.org\/index.php\/2024\/11\/13\/tc-iletisim-baskanligindan-cumhurbaskani-erdogan-karadag-cumhurbaskani-milatovic-gorusmesine-iliskin-aciklama\/#primaryimage","url":"https:\/\/kuzeyinsesi.org\/wp-content\/uploads\/2024\/11\/cumhurbaskani-erdogan-karadag-gorusme-1-1-scaled.jpg","contentUrl":"https:\/\/kuzeyinsesi.org\/wp-content\/uploads\/2024\/11\/cumhurbaskani-erdogan-karadag-gorusme-1-1-scaled.jpg","width":2560,"height":1656},{"@type":"BreadcrumbList","@id":"https:\/\/kuzeyinsesi.org\/index.php\/2024\/11\/13\/tc-iletisim-baskanligindan-cumhurbaskani-erdogan-karadag-cumhurbaskani-milatovic-gorusmesine-iliskin-aciklama\/#breadcrumb","itemListElement":[{"@type":"ListItem","position":1,"name":"Anasayfa","item":"https:\/\/kuzeyinsesi.org\/"},{"@type":"ListItem","position":2,"name":"TC \u0130leti\u015fim Ba\u015fkanl\u0131\u011f\u0131ndan Cumhurba\u015fkan\u0131 Erdo\u011fan-Karada\u011f Cumhurba\u015fkan\u0131 Milatovic g\u00f6r\u00fc\u015fmesine ili\u015fkin a\u00e7\u0131klama"}]},{"@type":"WebSite","@id":"https:\/\/kuzeyinsesi.org\/#website","url":"https:\/\/kuzeyinsesi.org\/","name":"Kuzeyin Sesi","description":"Do\u011fru Haberin Adresi","potentialAction":[{"@type":"SearchAction","target":{"@type":"EntryPoint","urlTemplate":"https:\/\/kuzeyinsesi.org\/?s={search_term_string}"},"query-input":{"@type":"PropertyValueSpecification","valueRequired":true,"valueName":"search_term_string"}}],"inLanguage":"tr"},{"@type":"Person","@id":"https:\/\/kuzeyinsesi.org\/#\/schema\/person\/9f859689cdf01485597712386e37f5aa","name":"Kuzeyin Sesi","image":{"@type":"ImageObject","inLanguage":"tr","@id":"https:\/\/secure.gravatar.com\/avatar\/bab33852abfd8b282518d6ed81826833d77c3c882d9ab608add591ccace47a44?s=96&d=mm&r=g","url":"https:\/\/secure.gravatar.com\/avatar\/bab33852abfd8b282518d6ed81826833d77c3c882d9ab608add591ccace47a44?s=96&d=mm&r=g","contentUrl":"https:\/\/secure.gravatar.com\/avatar\/bab33852abfd8b282518d6ed81826833d77c3c882d9ab608add591ccace47a44?s=96&d=mm&r=g","caption":"Kuzeyin Sesi"},"sameAs":["https:\/\/kuzeyinsesi.org"],"url":"https:\/\/kuzeyinsesi.org\/index.php\/author\/guven\/"}]}},"_links":{"self":[{"href":"https:\/\/kuzeyinsesi.org\/index.php\/wp-json\/wp\/v2\/posts\/13399","targetHints":{"allow":["GET"]}}],"collection":[{"href":"https:\/\/kuzeyinsesi.org\/index.php\/wp-json\/wp\/v2\/posts"}],"about":[{"href":"https:\/\/kuzeyinsesi.org\/index.php\/wp-json\/wp\/v2\/types\/post"}],"author":[{"embeddable":true,"href":"https:\/\/kuzeyinsesi.org\/index.php\/wp-json\/wp\/v2\/users\/1"}],"replies":[{"embeddable":true,"href":"https:\/\/kuzeyinsesi.org\/index.php\/wp-json\/wp\/v2\/comments?post=13399"}],"version-history":[{"count":0,"href":"https:\/\/kuzeyinsesi.org\/index.php\/wp-json\/wp\/v2\/posts\/13399\/revisions"}],"wp:featuredmedia":[{"embeddable":true,"href":"https:\/\/kuzeyinsesi.org\/index.php\/wp-json\/wp\/v2\/media\/13400"}],"wp:attachment":[{"href":"https:\/\/kuzeyinsesi.org\/index.php\/wp-json\/wp\/v2\/media?parent=13399"}],"wp:term":[{"taxonomy":"category","embeddable":true,"href":"https:\/\/kuzeyinsesi.org\/index.php\/wp-json\/wp\/v2\/categories?post=13399"},{"taxonomy":"post_tag","embeddable":true,"href":"https:\/\/kuzeyinsesi.org\/index.php\/wp-json\/wp\/v2\/tags?post=13399"}],"curies":[{"name":"wp","href":"https:\/\/api.w.org\/{rel}","templated":true}]}}