{"id":13373,"date":"2024-11-12T18:04:36","date_gmt":"2024-11-12T16:04:36","guid":{"rendered":"https:\/\/kuzeyinsesi.org\/index.php\/2024\/11\/12\/diyarbakirda-depremde-100-kisinin-oldugu-hisami-apartmanina-iliskin-davada-gerekceli-karar-aciklandi\/"},"modified":"2024-11-12T18:04:36","modified_gmt":"2024-11-12T16:04:36","slug":"diyarbakirda-depremde-100-kisinin-oldugu-hisami-apartmanina-iliskin-davada-gerekceli-karar-aciklandi","status":"publish","type":"post","link":"https:\/\/kuzeyinsesi.org\/index.php\/2024\/11\/12\/diyarbakirda-depremde-100-kisinin-oldugu-hisami-apartmanina-iliskin-davada-gerekceli-karar-aciklandi\/","title":{"rendered":"Diyarbak\u0131r\u2019da depremde 100 ki\u015finin \u00f6ld\u00fc\u011f\u00fc Hisami Apartman\u0131\u2019na ili\u015fkin davada gerek\u00e7eli karar a\u00e7\u0131kland\u0131"},"content":{"rendered":"<div>\n<div class=\"mariselle-image-container center\">\n                                            <\/div>\n<p>Diyarbak\u0131r\u2019da 6 \u015eubat 2023\u2019teki Kahramanmara\u015f merkezli depremlerde y\u0131k\u0131lan, 100 ki\u015finin hayat\u0131n\u0131 kaybetti\u011fi, 32 ki\u015finin yaraland\u0131\u011f\u0131 Hisami Apartman\u0131\u2019na ili\u015fkin tutuklu san\u0131klar 2 m\u00fcteahhit ve 2 arsa sahibine verilen 17 y\u0131l 6\u2019\u015far ay hapis cezas\u0131yla ilgili gerek\u00e7eli karar haz\u0131rland\u0131.<\/p>\n<p>Diyarbak\u0131r 6. A\u011f\u0131r Ceza Mahkemesinde g\u00f6r\u00fclen 24 Eyl\u00fcl\u2019deki karar duru\u015fmas\u0131nda, tutuklu m\u00fcteahhitler Mehmet Ali Korkut ve Mehmet Me\u015fe ile arsa sahipleri Nurettin \u00d6zcan ve Ahmet \u00d6zcan hakk\u0131nda \u201cbilin\u00e7li taksirle birden fazla ki\u015finin \u00f6l\u00fcm\u00fcne ve yaralanmas\u0131na neden olma\u201d su\u00e7undan verilen hapis cezas\u0131 ile gerek\u00e7eli karar yaz\u0131ld\u0131.<\/p>\n<p>Gerek\u00e7eli kararda, san\u0131klar ve depremde \u00f6lenlerin yak\u0131nlar\u0131 ile tan\u0131klar\u0131n soru\u015fturma ve dava a\u015famas\u0131ndaki ifadelerine yer verildi.<\/p>\n<p>Bilirki\u015fi raporunun da aktar\u0131ld\u0131\u011f\u0131 kararda, \u201cHisami Apartman\u0131\u2019n\u0131n ruhsats\u0131z ve projesiz in\u015fa edilmesi, malzeme \u00f6zelliklerindeki yetersizlikler, uygulama ve i\u015f\u00e7ilik hatalar\u0131, binan\u0131n denetimsiz yap\u0131lm\u0131\u015f olmas\u0131 ve kontrols\u00fcz \u015fekilde kolonlarda mantolama yap\u0131larak ta\u015f\u0131y\u0131c\u0131 sisteme m\u00fcdahale edilmesi nedeniyle y\u0131k\u0131lm\u0131\u015f oldu\u011fu g\u00f6r\u00fc\u015f\u00fcne var\u0131lm\u0131\u015ft\u0131r.\u201d tespitinde bulunuldu.<\/p>\n<p>Binan\u0131n ruhsats\u0131z ve projesiz yap\u0131ld\u0131\u011f\u0131n\u0131n t\u00fcm san\u0131klar taraf\u0131ndan bilindi\u011fi belirtilen kararda, \u015fu ifadeler yer ald\u0131:<\/p>\n<p>\u201cSan\u0131klar her ne kadar \u00fczerlerine at\u0131l\u0131 su\u00e7lamay\u0131 kabul etmemi\u015f olsalar da s\u00f6z konusu binan\u0131n temellerinin, zemin \u00fcst\u00fc d\u00fckkan ve 8 kat olarak san\u0131klar Mehmet Ali Korkut ve Mehmet Me\u015fe taraf\u0131ndan belli bir a\u015famaya kadar birlikte yap\u0131ld\u0131\u011f\u0131 her iki san\u0131\u011f\u0131n k\u0131smen ortak beyanlar\u0131yla anla\u015f\u0131lm\u0131\u015ft\u0131r. San\u0131klar Nurettin \u00d6zcan ve Ahmet \u00d6zcan taraf\u0131ndan bina tamamlanarak teslim edildi\u011fi s\u00fcre\u00e7te binan\u0131n baz\u0131 kolonlar\u0131na projesiz, ruhsats\u0131z ve denetimsiz mantolama yap\u0131larak ta\u015f\u0131y\u0131c\u0131 sisteme m\u00fcdahale ettikleri, y\u0131k\u0131lan binada t\u00fcm san\u0131klar\u0131n ortak kusurlu olduklar\u0131 kabul edilmi\u015ftir.\u201d<\/p>\n<p>Karar\u0131n de\u011ferlendirme ve sonu\u00e7 k\u0131sm\u0131nda \u015funlar kaydedildi:<\/p>\n<p>\u201c6 \u015eubat 2023\u2019teki depremde y\u0131k\u0131lan Hisami Apartman\u0131\u2019nda 100 vatanda\u015f\u0131m\u0131z hayat\u0131n\u0131 kaybetmi\u015f, 32 vatanda\u015f\u0131m\u0131z yaralanm\u0131\u015ft\u0131r. S\u00f6z konusu binan\u0131n 4 san\u0131k taraf\u0131ndan ka\u00e7ak, projesiz ve ruhsats\u0131z yap\u0131ld\u0131\u011f\u0131, binan\u0131n yap\u0131m a\u015famas\u0131nda kullan\u0131lan malzemelerin yetersiz oldu\u011fu, malzeme \u00f6zelliklerindeki yetersizlikler, uygulama ve i\u015f\u00e7ilik hatalar\u0131, binan\u0131n denetimsiz olarak yap\u0131lm\u0131\u015f olmas\u0131 ve kontrols\u00fcz bir \u015fekilde kolonlarda mantolama yap\u0131larak ta\u015f\u0131y\u0131c\u0131 sisteme m\u00fcdahale edilmesi nedenleri ile y\u0131k\u0131ld\u0131\u011f\u0131 anla\u015f\u0131lm\u0131\u015ft\u0131r. San\u0131klar\u0131n t\u00fcm bunlar\u0131 bildikleri veya bilecek durumda olduklar\u0131 halde binay\u0131 tamamlayarak kat sahiplerine teslim etmeleri kar\u015f\u0131s\u0131nda 4 san\u0131\u011f\u0131n da y\u0131k\u0131lan binada asli kusurlu olduklar\u0131 mahkememizce kabul edilmi\u015ftir. Ruhsats\u0131z ve projesiz olmas\u0131 kar\u015f\u0131s\u0131nda san\u0131klar\u0131n eylemlerinin sonu\u00e7lar\u0131n\u0131 \u00f6n g\u00f6rd\u00fc\u011f\u00fc halde gerekli dikkat ve \u00f6zeni g\u00f6stermeyerek Hisami Apartman\u0131\u2019n\u0131n normal bir binada olmas\u0131 gereken \u015fartlar\u0131 ta\u015f\u0131mad\u0131\u011f\u0131, san\u0131klar\u0131n bilin\u00e7li taksir ile hareket etti\u011fi mahkememizce kabul edilmi\u015ftir.\u201d<\/p>\n<p>Kararda, san\u0131k Me\u015fe\u2019nin, mahkemece yap\u0131lan g\u00f6zlemde sa\u011f el parmaklar\u0131n\u0131 kullanamad\u0131\u011f\u0131, sol aya\u011f\u0131 ile de y\u00fcr\u00fcmede zorlu\u011fu \u00e7ekti\u011fi ve ge\u00e7en y\u0131l 6 \u015eubat\u2019ta ya\u015fanan depremde enkaz alt\u0131nda kald\u0131\u011f\u0131, bu sebepten \u00f6t\u00fcr\u00fc tedavi g\u00f6rd\u00fc\u011f\u00fc hususu ile avukat\u0131n\u0131n sunmu\u015f oldu\u011fu doktor raporu ve tutuklulukta ge\u00e7en s\u00fcre de dikkate al\u0131narak tahliyesine karar verildi\u011fi belirtildi.<\/p>\n<p>Mahkeme heyeti, 24 Eyl\u00fcl\u2019deki duru\u015fmada oy birli\u011fiyle al\u0131nan kararda 4 san\u0131\u011f\u0131n \u201cbilin\u00e7li taksirle birden fazla ki\u015finin \u00f6l\u00fcm\u00fcne ve yaralanmas\u0131na neden olma\u201d su\u00e7undan 17 y\u0131l 6\u2019\u015far ay hapisle cezaland\u0131r\u0131lmas\u0131na, bir ki\u015finin de isnat edilen su\u00e7tan tahliyesine h\u00fckmetmi\u015fti.<\/p>\n<\/p><\/div>\n<p><script async\n                    defer\n                    crossorigin=\"anonymous\"\n                    src=\"https:\/\/connect.facebook.net\/tr_TR\/sdk.js#xfbml=1&#038;version=v3.3\"\n            ><\/script><\/p>\n","protected":false},"excerpt":{"rendered":"<p>Diyarbak\u0131r\u2019da 6 \u015eubat 2023\u2019teki Kahramanmara\u015f merkezli depremlerde y\u0131k\u0131lan, 100 ki\u015finin hayat\u0131n\u0131 kaybetti\u011fi, 32 ki\u015finin yaraland\u0131\u011f\u0131 Hisami Apartman\u0131\u2019na ili\u015fkin tutuklu san\u0131klar 2 m\u00fcteahhit ve 2 arsa sahibine verilen 17 y\u0131l 6\u2019\u015far ay hapis cezas\u0131yla ilgili gerek\u00e7eli karar haz\u0131rland\u0131. Diyarbak\u0131r 6. A\u011f\u0131r Ceza Mahkemesinde g\u00f6r\u00fclen 24 Eyl\u00fcl\u2019deki karar duru\u015fmas\u0131nda, tutuklu m\u00fcteahhitler Mehmet Ali Korkut ve Mehmet Me\u015fe [&hellip;]<\/p>\n","protected":false},"author":1,"featured_media":13374,"comment_status":"open","ping_status":"open","sticky":false,"template":"","format":"standard","meta":{"jnews-multi-image_gallery":[],"jnews_single_post":[],"jnews_primary_category":[],"jnews_social_meta":[],"jnews_override_counter":[],"footnotes":""},"categories":[5],"tags":[],"class_list":["post-13373","post","type-post","status-publish","format-standard","has-post-thumbnail","hentry","category-turkiye"],"yoast_head":"<!-- This site is optimized with the Yoast SEO plugin v27.4 - https:\/\/yoast.com\/product\/yoast-seo-wordpress\/ -->\n<title>Diyarbak\u0131r\u2019da depremde 100 ki\u015finin \u00f6ld\u00fc\u011f\u00fc Hisami Apartman\u0131\u2019na ili\u015fkin davada gerek\u00e7eli karar a\u00e7\u0131kland\u0131 - Kuzeyin Sesi<\/title>\n<meta name=\"robots\" content=\"index, follow, max-snippet:-1, max-image-preview:large, max-video-preview:-1\" \/>\n<link rel=\"canonical\" href=\"https:\/\/kuzeyinsesi.org\/index.php\/2024\/11\/12\/diyarbakirda-depremde-100-kisinin-oldugu-hisami-apartmanina-iliskin-davada-gerekceli-karar-aciklandi\/\" \/>\n<meta property=\"og:locale\" content=\"tr_TR\" \/>\n<meta property=\"og:type\" content=\"article\" \/>\n<meta property=\"og:title\" content=\"Diyarbak\u0131r\u2019da depremde 100 ki\u015finin \u00f6ld\u00fc\u011f\u00fc Hisami Apartman\u0131\u2019na ili\u015fkin davada gerek\u00e7eli karar a\u00e7\u0131kland\u0131 - Kuzeyin Sesi\" \/>\n<meta property=\"og:description\" content=\"Diyarbak\u0131r\u2019da 6 \u015eubat 2023\u2019teki Kahramanmara\u015f merkezli depremlerde y\u0131k\u0131lan, 100 ki\u015finin hayat\u0131n\u0131 kaybetti\u011fi, 32 ki\u015finin yaraland\u0131\u011f\u0131 Hisami Apartman\u0131\u2019na ili\u015fkin tutuklu san\u0131klar 2 m\u00fcteahhit ve 2 arsa sahibine verilen 17 y\u0131l 6\u2019\u015far ay hapis cezas\u0131yla ilgili gerek\u00e7eli karar haz\u0131rland\u0131. Diyarbak\u0131r 6. A\u011f\u0131r Ceza Mahkemesinde g\u00f6r\u00fclen 24 Eyl\u00fcl\u2019deki karar duru\u015fmas\u0131nda, tutuklu m\u00fcteahhitler Mehmet Ali Korkut ve Mehmet Me\u015fe [&hellip;]\" \/>\n<meta property=\"og:url\" content=\"https:\/\/kuzeyinsesi.org\/index.php\/2024\/11\/12\/diyarbakirda-depremde-100-kisinin-oldugu-hisami-apartmanina-iliskin-davada-gerekceli-karar-aciklandi\/\" \/>\n<meta property=\"og:site_name\" content=\"Kuzeyin Sesi\" \/>\n<meta property=\"article:publisher\" content=\"https:\/\/www.facebook.com\/kuzeyinsesii\" \/>\n<meta property=\"article:published_time\" content=\"2024-11-12T16:04:36+00:00\" \/>\n<meta property=\"og:image\" content=\"https:\/\/brtk.net\/wp-content\/uploads\/2024\/11\/12\/thumbs-b-c-736b382f084f5352c454452b139a08bd.jpg?ver=348c25dca1f93ce1c118cf459bf2d1dd\" \/>\n<meta name=\"author\" content=\"Kuzeyin Sesi\" \/>\n<meta name=\"twitter:card\" content=\"summary_large_image\" \/>\n<meta name=\"twitter:creator\" content=\"@kuzeyinsesii\" \/>\n<meta name=\"twitter:site\" content=\"@kuzeyinsesii\" \/>\n<meta name=\"twitter:label1\" content=\"Yazan:\" \/>\n\t<meta name=\"twitter:data1\" content=\"Kuzeyin Sesi\" \/>\n\t<meta name=\"twitter:label2\" content=\"Tahmini okuma s\u00fcresi\" \/>\n\t<meta name=\"twitter:data2\" content=\"3 dakika\" \/>\n<script type=\"application\/ld+json\" class=\"yoast-schema-graph\">{\"@context\":\"https:\\\/\\\/schema.org\",\"@graph\":[{\"@type\":\"Article\",\"@id\":\"https:\\\/\\\/kuzeyinsesi.org\\\/index.php\\\/2024\\\/11\\\/12\\\/diyarbakirda-depremde-100-kisinin-oldugu-hisami-apartmanina-iliskin-davada-gerekceli-karar-aciklandi\\\/#article\",\"isPartOf\":{\"@id\":\"https:\\\/\\\/kuzeyinsesi.org\\\/index.php\\\/2024\\\/11\\\/12\\\/diyarbakirda-depremde-100-kisinin-oldugu-hisami-apartmanina-iliskin-davada-gerekceli-karar-aciklandi\\\/\"},\"author\":{\"name\":\"Kuzeyin Sesi\",\"@id\":\"https:\\\/\\\/kuzeyinsesi.org\\\/#\\\/schema\\\/person\\\/9f859689cdf01485597712386e37f5aa\"},\"headline\":\"Diyarbak\u0131r\u2019da depremde 100 ki\u015finin \u00f6ld\u00fc\u011f\u00fc Hisami Apartman\u0131\u2019na ili\u015fkin davada gerek\u00e7eli karar a\u00e7\u0131kland\u0131\",\"datePublished\":\"2024-11-12T16:04:36+00:00\",\"mainEntityOfPage\":{\"@id\":\"https:\\\/\\\/kuzeyinsesi.org\\\/index.php\\\/2024\\\/11\\\/12\\\/diyarbakirda-depremde-100-kisinin-oldugu-hisami-apartmanina-iliskin-davada-gerekceli-karar-aciklandi\\\/\"},\"wordCount\":662,\"commentCount\":0,\"image\":{\"@id\":\"https:\\\/\\\/kuzeyinsesi.org\\\/index.php\\\/2024\\\/11\\\/12\\\/diyarbakirda-depremde-100-kisinin-oldugu-hisami-apartmanina-iliskin-davada-gerekceli-karar-aciklandi\\\/#primaryimage\"},\"thumbnailUrl\":\"https:\\\/\\\/kuzeyinsesi.org\\\/wp-content\\\/uploads\\\/2024\\\/11\\\/thumbs-b-c-736b382f084f5352c454452b139a08bd.jpg\",\"articleSection\":[\"T\u00fcrkiye\"],\"inLanguage\":\"tr\",\"potentialAction\":[{\"@type\":\"CommentAction\",\"name\":\"Comment\",\"target\":[\"https:\\\/\\\/kuzeyinsesi.org\\\/index.php\\\/2024\\\/11\\\/12\\\/diyarbakirda-depremde-100-kisinin-oldugu-hisami-apartmanina-iliskin-davada-gerekceli-karar-aciklandi\\\/#respond\"]}]},{\"@type\":\"WebPage\",\"@id\":\"https:\\\/\\\/kuzeyinsesi.org\\\/index.php\\\/2024\\\/11\\\/12\\\/diyarbakirda-depremde-100-kisinin-oldugu-hisami-apartmanina-iliskin-davada-gerekceli-karar-aciklandi\\\/\",\"url\":\"https:\\\/\\\/kuzeyinsesi.org\\\/index.php\\\/2024\\\/11\\\/12\\\/diyarbakirda-depremde-100-kisinin-oldugu-hisami-apartmanina-iliskin-davada-gerekceli-karar-aciklandi\\\/\",\"name\":\"Diyarbak\u0131r\u2019da depremde 100 ki\u015finin \u00f6ld\u00fc\u011f\u00fc Hisami Apartman\u0131\u2019na ili\u015fkin davada gerek\u00e7eli karar a\u00e7\u0131kland\u0131 - Kuzeyin Sesi\",\"isPartOf\":{\"@id\":\"https:\\\/\\\/kuzeyinsesi.org\\\/#website\"},\"primaryImageOfPage\":{\"@id\":\"https:\\\/\\\/kuzeyinsesi.org\\\/index.php\\\/2024\\\/11\\\/12\\\/diyarbakirda-depremde-100-kisinin-oldugu-hisami-apartmanina-iliskin-davada-gerekceli-karar-aciklandi\\\/#primaryimage\"},\"image\":{\"@id\":\"https:\\\/\\\/kuzeyinsesi.org\\\/index.php\\\/2024\\\/11\\\/12\\\/diyarbakirda-depremde-100-kisinin-oldugu-hisami-apartmanina-iliskin-davada-gerekceli-karar-aciklandi\\\/#primaryimage\"},\"thumbnailUrl\":\"https:\\\/\\\/kuzeyinsesi.org\\\/wp-content\\\/uploads\\\/2024\\\/11\\\/thumbs-b-c-736b382f084f5352c454452b139a08bd.jpg\",\"datePublished\":\"2024-11-12T16:04:36+00:00\",\"author\":{\"@id\":\"https:\\\/\\\/kuzeyinsesi.org\\\/#\\\/schema\\\/person\\\/9f859689cdf01485597712386e37f5aa\"},\"breadcrumb\":{\"@id\":\"https:\\\/\\\/kuzeyinsesi.org\\\/index.php\\\/2024\\\/11\\\/12\\\/diyarbakirda-depremde-100-kisinin-oldugu-hisami-apartmanina-iliskin-davada-gerekceli-karar-aciklandi\\\/#breadcrumb\"},\"inLanguage\":\"tr\",\"potentialAction\":[{\"@type\":\"ReadAction\",\"target\":[\"https:\\\/\\\/kuzeyinsesi.org\\\/index.php\\\/2024\\\/11\\\/12\\\/diyarbakirda-depremde-100-kisinin-oldugu-hisami-apartmanina-iliskin-davada-gerekceli-karar-aciklandi\\\/\"]}]},{\"@type\":\"ImageObject\",\"inLanguage\":\"tr\",\"@id\":\"https:\\\/\\\/kuzeyinsesi.org\\\/index.php\\\/2024\\\/11\\\/12\\\/diyarbakirda-depremde-100-kisinin-oldugu-hisami-apartmanina-iliskin-davada-gerekceli-karar-aciklandi\\\/#primaryimage\",\"url\":\"https:\\\/\\\/kuzeyinsesi.org\\\/wp-content\\\/uploads\\\/2024\\\/11\\\/thumbs-b-c-736b382f084f5352c454452b139a08bd.jpg\",\"contentUrl\":\"https:\\\/\\\/kuzeyinsesi.org\\\/wp-content\\\/uploads\\\/2024\\\/11\\\/thumbs-b-c-736b382f084f5352c454452b139a08bd.jpg\",\"width\":864,\"height\":486},{\"@type\":\"BreadcrumbList\",\"@id\":\"https:\\\/\\\/kuzeyinsesi.org\\\/index.php\\\/2024\\\/11\\\/12\\\/diyarbakirda-depremde-100-kisinin-oldugu-hisami-apartmanina-iliskin-davada-gerekceli-karar-aciklandi\\\/#breadcrumb\",\"itemListElement\":[{\"@type\":\"ListItem\",\"position\":1,\"name\":\"Anasayfa\",\"item\":\"https:\\\/\\\/kuzeyinsesi.org\\\/\"},{\"@type\":\"ListItem\",\"position\":2,\"name\":\"Diyarbak\u0131r\u2019da depremde 100 ki\u015finin \u00f6ld\u00fc\u011f\u00fc Hisami Apartman\u0131\u2019na ili\u015fkin davada gerek\u00e7eli karar a\u00e7\u0131kland\u0131\"}]},{\"@type\":\"WebSite\",\"@id\":\"https:\\\/\\\/kuzeyinsesi.org\\\/#website\",\"url\":\"https:\\\/\\\/kuzeyinsesi.org\\\/\",\"name\":\"Kuzeyin Sesi\",\"description\":\"Do\u011fru Haberin Adresi\",\"potentialAction\":[{\"@type\":\"SearchAction\",\"target\":{\"@type\":\"EntryPoint\",\"urlTemplate\":\"https:\\\/\\\/kuzeyinsesi.org\\\/?s={search_term_string}\"},\"query-input\":{\"@type\":\"PropertyValueSpecification\",\"valueRequired\":true,\"valueName\":\"search_term_string\"}}],\"inLanguage\":\"tr\"},{\"@type\":\"Person\",\"@id\":\"https:\\\/\\\/kuzeyinsesi.org\\\/#\\\/schema\\\/person\\\/9f859689cdf01485597712386e37f5aa\",\"name\":\"Kuzeyin Sesi\",\"image\":{\"@type\":\"ImageObject\",\"inLanguage\":\"tr\",\"@id\":\"https:\\\/\\\/secure.gravatar.com\\\/avatar\\\/bab33852abfd8b282518d6ed81826833d77c3c882d9ab608add591ccace47a44?s=96&d=mm&r=g\",\"url\":\"https:\\\/\\\/secure.gravatar.com\\\/avatar\\\/bab33852abfd8b282518d6ed81826833d77c3c882d9ab608add591ccace47a44?s=96&d=mm&r=g\",\"contentUrl\":\"https:\\\/\\\/secure.gravatar.com\\\/avatar\\\/bab33852abfd8b282518d6ed81826833d77c3c882d9ab608add591ccace47a44?s=96&d=mm&r=g\",\"caption\":\"Kuzeyin Sesi\"},\"sameAs\":[\"https:\\\/\\\/kuzeyinsesi.org\"],\"url\":\"https:\\\/\\\/kuzeyinsesi.org\\\/index.php\\\/author\\\/guven\\\/\"}]}<\/script>\n<!-- \/ Yoast SEO plugin. -->","yoast_head_json":{"title":"Diyarbak\u0131r\u2019da depremde 100 ki\u015finin \u00f6ld\u00fc\u011f\u00fc Hisami Apartman\u0131\u2019na ili\u015fkin davada gerek\u00e7eli karar a\u00e7\u0131kland\u0131 - Kuzeyin Sesi","robots":{"index":"index","follow":"follow","max-snippet":"max-snippet:-1","max-image-preview":"max-image-preview:large","max-video-preview":"max-video-preview:-1"},"canonical":"https:\/\/kuzeyinsesi.org\/index.php\/2024\/11\/12\/diyarbakirda-depremde-100-kisinin-oldugu-hisami-apartmanina-iliskin-davada-gerekceli-karar-aciklandi\/","og_locale":"tr_TR","og_type":"article","og_title":"Diyarbak\u0131r\u2019da depremde 100 ki\u015finin \u00f6ld\u00fc\u011f\u00fc Hisami Apartman\u0131\u2019na ili\u015fkin davada gerek\u00e7eli karar a\u00e7\u0131kland\u0131 - Kuzeyin Sesi","og_description":"Diyarbak\u0131r\u2019da 6 \u015eubat 2023\u2019teki Kahramanmara\u015f merkezli depremlerde y\u0131k\u0131lan, 100 ki\u015finin hayat\u0131n\u0131 kaybetti\u011fi, 32 ki\u015finin yaraland\u0131\u011f\u0131 Hisami Apartman\u0131\u2019na ili\u015fkin tutuklu san\u0131klar 2 m\u00fcteahhit ve 2 arsa sahibine verilen 17 y\u0131l 6\u2019\u015far ay hapis cezas\u0131yla ilgili gerek\u00e7eli karar haz\u0131rland\u0131. Diyarbak\u0131r 6. A\u011f\u0131r Ceza Mahkemesinde g\u00f6r\u00fclen 24 Eyl\u00fcl\u2019deki karar duru\u015fmas\u0131nda, tutuklu m\u00fcteahhitler Mehmet Ali Korkut ve Mehmet Me\u015fe [&hellip;]","og_url":"https:\/\/kuzeyinsesi.org\/index.php\/2024\/11\/12\/diyarbakirda-depremde-100-kisinin-oldugu-hisami-apartmanina-iliskin-davada-gerekceli-karar-aciklandi\/","og_site_name":"Kuzeyin Sesi","article_publisher":"https:\/\/www.facebook.com\/kuzeyinsesii","article_published_time":"2024-11-12T16:04:36+00:00","og_image":[{"url":"https:\/\/brtk.net\/wp-content\/uploads\/2024\/11\/12\/thumbs-b-c-736b382f084f5352c454452b139a08bd.jpg?ver=348c25dca1f93ce1c118cf459bf2d1dd","type":"","width":"","height":""}],"author":"Kuzeyin Sesi","twitter_card":"summary_large_image","twitter_creator":"@kuzeyinsesii","twitter_site":"@kuzeyinsesii","twitter_misc":{"Yazan:":"Kuzeyin Sesi","Tahmini okuma s\u00fcresi":"3 dakika"},"schema":{"@context":"https:\/\/schema.org","@graph":[{"@type":"Article","@id":"https:\/\/kuzeyinsesi.org\/index.php\/2024\/11\/12\/diyarbakirda-depremde-100-kisinin-oldugu-hisami-apartmanina-iliskin-davada-gerekceli-karar-aciklandi\/#article","isPartOf":{"@id":"https:\/\/kuzeyinsesi.org\/index.php\/2024\/11\/12\/diyarbakirda-depremde-100-kisinin-oldugu-hisami-apartmanina-iliskin-davada-gerekceli-karar-aciklandi\/"},"author":{"name":"Kuzeyin Sesi","@id":"https:\/\/kuzeyinsesi.org\/#\/schema\/person\/9f859689cdf01485597712386e37f5aa"},"headline":"Diyarbak\u0131r\u2019da depremde 100 ki\u015finin \u00f6ld\u00fc\u011f\u00fc Hisami Apartman\u0131\u2019na ili\u015fkin davada gerek\u00e7eli karar a\u00e7\u0131kland\u0131","datePublished":"2024-11-12T16:04:36+00:00","mainEntityOfPage":{"@id":"https:\/\/kuzeyinsesi.org\/index.php\/2024\/11\/12\/diyarbakirda-depremde-100-kisinin-oldugu-hisami-apartmanina-iliskin-davada-gerekceli-karar-aciklandi\/"},"wordCount":662,"commentCount":0,"image":{"@id":"https:\/\/kuzeyinsesi.org\/index.php\/2024\/11\/12\/diyarbakirda-depremde-100-kisinin-oldugu-hisami-apartmanina-iliskin-davada-gerekceli-karar-aciklandi\/#primaryimage"},"thumbnailUrl":"https:\/\/kuzeyinsesi.org\/wp-content\/uploads\/2024\/11\/thumbs-b-c-736b382f084f5352c454452b139a08bd.jpg","articleSection":["T\u00fcrkiye"],"inLanguage":"tr","potentialAction":[{"@type":"CommentAction","name":"Comment","target":["https:\/\/kuzeyinsesi.org\/index.php\/2024\/11\/12\/diyarbakirda-depremde-100-kisinin-oldugu-hisami-apartmanina-iliskin-davada-gerekceli-karar-aciklandi\/#respond"]}]},{"@type":"WebPage","@id":"https:\/\/kuzeyinsesi.org\/index.php\/2024\/11\/12\/diyarbakirda-depremde-100-kisinin-oldugu-hisami-apartmanina-iliskin-davada-gerekceli-karar-aciklandi\/","url":"https:\/\/kuzeyinsesi.org\/index.php\/2024\/11\/12\/diyarbakirda-depremde-100-kisinin-oldugu-hisami-apartmanina-iliskin-davada-gerekceli-karar-aciklandi\/","name":"Diyarbak\u0131r\u2019da depremde 100 ki\u015finin \u00f6ld\u00fc\u011f\u00fc Hisami Apartman\u0131\u2019na ili\u015fkin davada gerek\u00e7eli karar a\u00e7\u0131kland\u0131 - Kuzeyin Sesi","isPartOf":{"@id":"https:\/\/kuzeyinsesi.org\/#website"},"primaryImageOfPage":{"@id":"https:\/\/kuzeyinsesi.org\/index.php\/2024\/11\/12\/diyarbakirda-depremde-100-kisinin-oldugu-hisami-apartmanina-iliskin-davada-gerekceli-karar-aciklandi\/#primaryimage"},"image":{"@id":"https:\/\/kuzeyinsesi.org\/index.php\/2024\/11\/12\/diyarbakirda-depremde-100-kisinin-oldugu-hisami-apartmanina-iliskin-davada-gerekceli-karar-aciklandi\/#primaryimage"},"thumbnailUrl":"https:\/\/kuzeyinsesi.org\/wp-content\/uploads\/2024\/11\/thumbs-b-c-736b382f084f5352c454452b139a08bd.jpg","datePublished":"2024-11-12T16:04:36+00:00","author":{"@id":"https:\/\/kuzeyinsesi.org\/#\/schema\/person\/9f859689cdf01485597712386e37f5aa"},"breadcrumb":{"@id":"https:\/\/kuzeyinsesi.org\/index.php\/2024\/11\/12\/diyarbakirda-depremde-100-kisinin-oldugu-hisami-apartmanina-iliskin-davada-gerekceli-karar-aciklandi\/#breadcrumb"},"inLanguage":"tr","potentialAction":[{"@type":"ReadAction","target":["https:\/\/kuzeyinsesi.org\/index.php\/2024\/11\/12\/diyarbakirda-depremde-100-kisinin-oldugu-hisami-apartmanina-iliskin-davada-gerekceli-karar-aciklandi\/"]}]},{"@type":"ImageObject","inLanguage":"tr","@id":"https:\/\/kuzeyinsesi.org\/index.php\/2024\/11\/12\/diyarbakirda-depremde-100-kisinin-oldugu-hisami-apartmanina-iliskin-davada-gerekceli-karar-aciklandi\/#primaryimage","url":"https:\/\/kuzeyinsesi.org\/wp-content\/uploads\/2024\/11\/thumbs-b-c-736b382f084f5352c454452b139a08bd.jpg","contentUrl":"https:\/\/kuzeyinsesi.org\/wp-content\/uploads\/2024\/11\/thumbs-b-c-736b382f084f5352c454452b139a08bd.jpg","width":864,"height":486},{"@type":"BreadcrumbList","@id":"https:\/\/kuzeyinsesi.org\/index.php\/2024\/11\/12\/diyarbakirda-depremde-100-kisinin-oldugu-hisami-apartmanina-iliskin-davada-gerekceli-karar-aciklandi\/#breadcrumb","itemListElement":[{"@type":"ListItem","position":1,"name":"Anasayfa","item":"https:\/\/kuzeyinsesi.org\/"},{"@type":"ListItem","position":2,"name":"Diyarbak\u0131r\u2019da depremde 100 ki\u015finin \u00f6ld\u00fc\u011f\u00fc Hisami Apartman\u0131\u2019na ili\u015fkin davada gerek\u00e7eli karar a\u00e7\u0131kland\u0131"}]},{"@type":"WebSite","@id":"https:\/\/kuzeyinsesi.org\/#website","url":"https:\/\/kuzeyinsesi.org\/","name":"Kuzeyin Sesi","description":"Do\u011fru Haberin Adresi","potentialAction":[{"@type":"SearchAction","target":{"@type":"EntryPoint","urlTemplate":"https:\/\/kuzeyinsesi.org\/?s={search_term_string}"},"query-input":{"@type":"PropertyValueSpecification","valueRequired":true,"valueName":"search_term_string"}}],"inLanguage":"tr"},{"@type":"Person","@id":"https:\/\/kuzeyinsesi.org\/#\/schema\/person\/9f859689cdf01485597712386e37f5aa","name":"Kuzeyin Sesi","image":{"@type":"ImageObject","inLanguage":"tr","@id":"https:\/\/secure.gravatar.com\/avatar\/bab33852abfd8b282518d6ed81826833d77c3c882d9ab608add591ccace47a44?s=96&d=mm&r=g","url":"https:\/\/secure.gravatar.com\/avatar\/bab33852abfd8b282518d6ed81826833d77c3c882d9ab608add591ccace47a44?s=96&d=mm&r=g","contentUrl":"https:\/\/secure.gravatar.com\/avatar\/bab33852abfd8b282518d6ed81826833d77c3c882d9ab608add591ccace47a44?s=96&d=mm&r=g","caption":"Kuzeyin Sesi"},"sameAs":["https:\/\/kuzeyinsesi.org"],"url":"https:\/\/kuzeyinsesi.org\/index.php\/author\/guven\/"}]}},"_links":{"self":[{"href":"https:\/\/kuzeyinsesi.org\/index.php\/wp-json\/wp\/v2\/posts\/13373","targetHints":{"allow":["GET"]}}],"collection":[{"href":"https:\/\/kuzeyinsesi.org\/index.php\/wp-json\/wp\/v2\/posts"}],"about":[{"href":"https:\/\/kuzeyinsesi.org\/index.php\/wp-json\/wp\/v2\/types\/post"}],"author":[{"embeddable":true,"href":"https:\/\/kuzeyinsesi.org\/index.php\/wp-json\/wp\/v2\/users\/1"}],"replies":[{"embeddable":true,"href":"https:\/\/kuzeyinsesi.org\/index.php\/wp-json\/wp\/v2\/comments?post=13373"}],"version-history":[{"count":0,"href":"https:\/\/kuzeyinsesi.org\/index.php\/wp-json\/wp\/v2\/posts\/13373\/revisions"}],"wp:featuredmedia":[{"embeddable":true,"href":"https:\/\/kuzeyinsesi.org\/index.php\/wp-json\/wp\/v2\/media\/13374"}],"wp:attachment":[{"href":"https:\/\/kuzeyinsesi.org\/index.php\/wp-json\/wp\/v2\/media?parent=13373"}],"wp:term":[{"taxonomy":"category","embeddable":true,"href":"https:\/\/kuzeyinsesi.org\/index.php\/wp-json\/wp\/v2\/categories?post=13373"},{"taxonomy":"post_tag","embeddable":true,"href":"https:\/\/kuzeyinsesi.org\/index.php\/wp-json\/wp\/v2\/tags?post=13373"}],"curies":[{"name":"wp","href":"https:\/\/api.w.org\/{rel}","templated":true}]}}