{"id":13371,"date":"2024-11-12T16:36:50","date_gmt":"2024-11-12T14:36:50","guid":{"rendered":"https:\/\/kuzeyinsesi.org\/index.php\/2024\/11\/12\/daude-15-kasim-sergisi-ve-kosusu\/"},"modified":"2024-11-12T16:36:50","modified_gmt":"2024-11-12T14:36:50","slug":"daude-15-kasim-sergisi-ve-kosusu","status":"publish","type":"post","link":"https:\/\/kuzeyinsesi.org\/index.php\/2024\/11\/12\/daude-15-kasim-sergisi-ve-kosusu\/","title":{"rendered":"DA\u00dc\u2019de 15 Kas\u0131m sergisi ve ko\u015fusu"},"content":{"rendered":"<div>\n<div class=\"mariselle-image-container center\">\n                                            <\/div>\n<p>Do\u011fu Akdeniz \u00dcniversitesi\u2019nde (DA\u00dc) KKTC\u2019nin kurulu\u015f y\u0131l d\u00f6n\u00fcm\u00fc nedeniyle sergi ve ko\u015fu d\u00fczenlenecek. <\/p>\n<p>DA\u00dc\u2019den verilen bilgiye g\u00f6re, sergi  DA\u00dc Atat\u00fcrk Ara\u015ft\u0131rma ve Uygulama Merkezi (ATAUM) ile DA\u00dc Atat\u00fcrk\u00e7\u00fc D\u00fc\u015f\u00fcnce Kul\u00fcb\u00fc (ADK) i\u015f birli\u011finde organize edilecek. 15 Kas\u0131m konulu foto\u011fraf sergisi a\u00e7\u0131l\u0131\u015f\u0131 ve m\u00fczik dinletisi 14 Kas\u0131m Per\u015fembe yer alacak. A\u00e7\u0131l\u0131\u015f saat 10.00\u2019da DA\u00dc Rekt\u00f6rl\u00fck Binas\u0131 \u00f6n\u00fcnde yer alacak. Sergide, 1963-15 Kas\u0131m 1983 d\u00f6neminde ait tarihsel s\u00fcreci konu alan foto\u011fraflara yer verilecek.<\/p>\n<p>M\u00fczik dinletisi de DA\u00dc G\u00fczel Sanatlar E\u011fitimi B\u00f6l\u00fcm\u00fc M\u00fczik \u00d6\u011fretmenli\u011fi Lisans Program\u0131 \u00f6\u011frencileri taraf\u0131ndan sunulacak. <\/p>\n<p>-Cumhuriyet Ko\u015fusu<\/p>\n<p>DA\u00dc Spor \u0130\u015fleri M\u00fcd\u00fcrl\u00fc\u011f\u00fc de KKTC\u2019nin kurulu\u015funun, 41\u2019inci y\u0131ld\u00f6n\u00fcm\u00fc vesilesiyle ko\u015fu da d\u00fczenleyecek. Cumhuriyet Ko\u015fusu 14 Kas\u0131m Per\u015fembe, saat 14.00\u2019te, DA\u00dc Lala Mustafa Pa\u015fa Spor Saray\u0131 \u00f6n\u00fcnden ba\u015flayacak.<\/p>\n<p>Ko\u015fu 40 ya\u015f alt\u0131 kad\u0131n \/ erkek ve 40 ya\u015f \u00fcst\u00fc kad\u0131n \/ erkek \u015feklinde yer alacak. Ko\u015fuya kat\u0131lacak olanlar\u0131n 13:30\u2019da Lala Mustafa Pa\u015fa Spor Saray\u0131 \u00f6n\u00fcnde olmas\u0131 gerekiyor. Detayl\u0131 bilgi i\u00e7in telefon: 630 23 02<\/p>\n<\/p><\/div>\n<p><script async\n                    defer\n                    crossorigin=\"anonymous\"\n                    src=\"https:\/\/connect.facebook.net\/tr_TR\/sdk.js#xfbml=1&#038;version=v3.3\"\n            ><\/script><\/p>\n","protected":false},"excerpt":{"rendered":"<p>Do\u011fu Akdeniz \u00dcniversitesi\u2019nde (DA\u00dc) KKTC\u2019nin kurulu\u015f y\u0131l d\u00f6n\u00fcm\u00fc nedeniyle sergi ve ko\u015fu d\u00fczenlenecek. DA\u00dc\u2019den verilen bilgiye g\u00f6re, sergi DA\u00dc Atat\u00fcrk Ara\u015ft\u0131rma ve Uygulama Merkezi (ATAUM) ile DA\u00dc Atat\u00fcrk\u00e7\u00fc D\u00fc\u015f\u00fcnce Kul\u00fcb\u00fc (ADK) i\u015f birli\u011finde organize edilecek. 15 Kas\u0131m konulu foto\u011fraf sergisi a\u00e7\u0131l\u0131\u015f\u0131 ve m\u00fczik dinletisi 14 Kas\u0131m Per\u015fembe yer alacak. A\u00e7\u0131l\u0131\u015f saat 10.00\u2019da DA\u00dc Rekt\u00f6rl\u00fck Binas\u0131 [&hellip;]<\/p>\n","protected":false},"author":1,"featured_media":13372,"comment_status":"open","ping_status":"open","sticky":false,"template":"","format":"standard","meta":{"jnews-multi-image_gallery":[],"jnews_single_post":[],"jnews_primary_category":[],"jnews_social_meta":[],"jnews_override_counter":[],"footnotes":""},"categories":[6],"tags":[],"class_list":["post-13371","post","type-post","status-publish","format-standard","has-post-thumbnail","hentry","category-yasam"],"yoast_head":"<!-- This site is optimized with the Yoast SEO plugin v27.4 - https:\/\/yoast.com\/product\/yoast-seo-wordpress\/ -->\n<title>DA\u00dc\u2019de 15 Kas\u0131m sergisi ve ko\u015fusu - Kuzeyin Sesi<\/title>\n<meta name=\"robots\" content=\"index, follow, max-snippet:-1, max-image-preview:large, max-video-preview:-1\" \/>\n<link rel=\"canonical\" href=\"https:\/\/kuzeyinsesi.org\/index.php\/2024\/11\/12\/daude-15-kasim-sergisi-ve-kosusu\/\" \/>\n<meta property=\"og:locale\" content=\"tr_TR\" \/>\n<meta property=\"og:type\" content=\"article\" \/>\n<meta property=\"og:title\" content=\"DA\u00dc\u2019de 15 Kas\u0131m sergisi ve ko\u015fusu - Kuzeyin Sesi\" \/>\n<meta property=\"og:description\" content=\"Do\u011fu Akdeniz \u00dcniversitesi\u2019nde (DA\u00dc) KKTC\u2019nin kurulu\u015f y\u0131l d\u00f6n\u00fcm\u00fc nedeniyle sergi ve ko\u015fu d\u00fczenlenecek. DA\u00dc\u2019den verilen bilgiye g\u00f6re, sergi DA\u00dc Atat\u00fcrk Ara\u015ft\u0131rma ve Uygulama Merkezi (ATAUM) ile DA\u00dc Atat\u00fcrk\u00e7\u00fc D\u00fc\u015f\u00fcnce Kul\u00fcb\u00fc (ADK) i\u015f birli\u011finde organize edilecek. 15 Kas\u0131m konulu foto\u011fraf sergisi a\u00e7\u0131l\u0131\u015f\u0131 ve m\u00fczik dinletisi 14 Kas\u0131m Per\u015fembe yer alacak. A\u00e7\u0131l\u0131\u015f saat 10.00\u2019da DA\u00dc Rekt\u00f6rl\u00fck Binas\u0131 [&hellip;]\" \/>\n<meta property=\"og:url\" content=\"https:\/\/kuzeyinsesi.org\/index.php\/2024\/11\/12\/daude-15-kasim-sergisi-ve-kosusu\/\" \/>\n<meta property=\"og:site_name\" content=\"Kuzeyin Sesi\" \/>\n<meta property=\"article:publisher\" content=\"https:\/\/www.facebook.com\/kuzeyinsesii\" \/>\n<meta property=\"article:published_time\" content=\"2024-11-12T14:36:50+00:00\" \/>\n<meta property=\"og:image\" content=\"https:\/\/brtk.net\/wp-content\/uploads\/2024\/11\/12\/dau-afis.png?ver=8dc85b8eaa0a34d165c47d2e1924c71f\" \/>\n<meta name=\"author\" content=\"Kuzeyin Sesi\" \/>\n<meta name=\"twitter:card\" content=\"summary_large_image\" \/>\n<meta name=\"twitter:creator\" content=\"@kuzeyinsesii\" \/>\n<meta name=\"twitter:site\" content=\"@kuzeyinsesii\" \/>\n<meta name=\"twitter:label1\" content=\"Yazan:\" \/>\n\t<meta name=\"twitter:data1\" content=\"Kuzeyin Sesi\" \/>\n\t<meta name=\"twitter:label2\" content=\"Tahmini okuma s\u00fcresi\" \/>\n\t<meta name=\"twitter:data2\" content=\"1 dakika\" \/>\n<script type=\"application\/ld+json\" class=\"yoast-schema-graph\">{\"@context\":\"https:\\\/\\\/schema.org\",\"@graph\":[{\"@type\":\"Article\",\"@id\":\"https:\\\/\\\/kuzeyinsesi.org\\\/index.php\\\/2024\\\/11\\\/12\\\/daude-15-kasim-sergisi-ve-kosusu\\\/#article\",\"isPartOf\":{\"@id\":\"https:\\\/\\\/kuzeyinsesi.org\\\/index.php\\\/2024\\\/11\\\/12\\\/daude-15-kasim-sergisi-ve-kosusu\\\/\"},\"author\":{\"name\":\"Kuzeyin Sesi\",\"@id\":\"https:\\\/\\\/kuzeyinsesi.org\\\/#\\\/schema\\\/person\\\/9f859689cdf01485597712386e37f5aa\"},\"headline\":\"DA\u00dc\u2019de 15 Kas\u0131m sergisi ve ko\u015fusu\",\"datePublished\":\"2024-11-12T14:36:50+00:00\",\"mainEntityOfPage\":{\"@id\":\"https:\\\/\\\/kuzeyinsesi.org\\\/index.php\\\/2024\\\/11\\\/12\\\/daude-15-kasim-sergisi-ve-kosusu\\\/\"},\"wordCount\":213,\"commentCount\":0,\"image\":{\"@id\":\"https:\\\/\\\/kuzeyinsesi.org\\\/index.php\\\/2024\\\/11\\\/12\\\/daude-15-kasim-sergisi-ve-kosusu\\\/#primaryimage\"},\"thumbnailUrl\":\"https:\\\/\\\/kuzeyinsesi.org\\\/wp-content\\\/uploads\\\/2024\\\/11\\\/dau-afis.png\",\"articleSection\":[\"Ya\u015fam\"],\"inLanguage\":\"tr\",\"potentialAction\":[{\"@type\":\"CommentAction\",\"name\":\"Comment\",\"target\":[\"https:\\\/\\\/kuzeyinsesi.org\\\/index.php\\\/2024\\\/11\\\/12\\\/daude-15-kasim-sergisi-ve-kosusu\\\/#respond\"]}]},{\"@type\":\"WebPage\",\"@id\":\"https:\\\/\\\/kuzeyinsesi.org\\\/index.php\\\/2024\\\/11\\\/12\\\/daude-15-kasim-sergisi-ve-kosusu\\\/\",\"url\":\"https:\\\/\\\/kuzeyinsesi.org\\\/index.php\\\/2024\\\/11\\\/12\\\/daude-15-kasim-sergisi-ve-kosusu\\\/\",\"name\":\"DA\u00dc\u2019de 15 Kas\u0131m sergisi ve ko\u015fusu - Kuzeyin Sesi\",\"isPartOf\":{\"@id\":\"https:\\\/\\\/kuzeyinsesi.org\\\/#website\"},\"primaryImageOfPage\":{\"@id\":\"https:\\\/\\\/kuzeyinsesi.org\\\/index.php\\\/2024\\\/11\\\/12\\\/daude-15-kasim-sergisi-ve-kosusu\\\/#primaryimage\"},\"image\":{\"@id\":\"https:\\\/\\\/kuzeyinsesi.org\\\/index.php\\\/2024\\\/11\\\/12\\\/daude-15-kasim-sergisi-ve-kosusu\\\/#primaryimage\"},\"thumbnailUrl\":\"https:\\\/\\\/kuzeyinsesi.org\\\/wp-content\\\/uploads\\\/2024\\\/11\\\/dau-afis.png\",\"datePublished\":\"2024-11-12T14:36:50+00:00\",\"author\":{\"@id\":\"https:\\\/\\\/kuzeyinsesi.org\\\/#\\\/schema\\\/person\\\/9f859689cdf01485597712386e37f5aa\"},\"breadcrumb\":{\"@id\":\"https:\\\/\\\/kuzeyinsesi.org\\\/index.php\\\/2024\\\/11\\\/12\\\/daude-15-kasim-sergisi-ve-kosusu\\\/#breadcrumb\"},\"inLanguage\":\"tr\",\"potentialAction\":[{\"@type\":\"ReadAction\",\"target\":[\"https:\\\/\\\/kuzeyinsesi.org\\\/index.php\\\/2024\\\/11\\\/12\\\/daude-15-kasim-sergisi-ve-kosusu\\\/\"]}]},{\"@type\":\"ImageObject\",\"inLanguage\":\"tr\",\"@id\":\"https:\\\/\\\/kuzeyinsesi.org\\\/index.php\\\/2024\\\/11\\\/12\\\/daude-15-kasim-sergisi-ve-kosusu\\\/#primaryimage\",\"url\":\"https:\\\/\\\/kuzeyinsesi.org\\\/wp-content\\\/uploads\\\/2024\\\/11\\\/dau-afis.png\",\"contentUrl\":\"https:\\\/\\\/kuzeyinsesi.org\\\/wp-content\\\/uploads\\\/2024\\\/11\\\/dau-afis.png\",\"width\":842,\"height\":1191},{\"@type\":\"BreadcrumbList\",\"@id\":\"https:\\\/\\\/kuzeyinsesi.org\\\/index.php\\\/2024\\\/11\\\/12\\\/daude-15-kasim-sergisi-ve-kosusu\\\/#breadcrumb\",\"itemListElement\":[{\"@type\":\"ListItem\",\"position\":1,\"name\":\"Anasayfa\",\"item\":\"https:\\\/\\\/kuzeyinsesi.org\\\/\"},{\"@type\":\"ListItem\",\"position\":2,\"name\":\"DA\u00dc\u2019de 15 Kas\u0131m sergisi ve ko\u015fusu\"}]},{\"@type\":\"WebSite\",\"@id\":\"https:\\\/\\\/kuzeyinsesi.org\\\/#website\",\"url\":\"https:\\\/\\\/kuzeyinsesi.org\\\/\",\"name\":\"Kuzeyin Sesi\",\"description\":\"Do\u011fru Haberin Adresi\",\"potentialAction\":[{\"@type\":\"SearchAction\",\"target\":{\"@type\":\"EntryPoint\",\"urlTemplate\":\"https:\\\/\\\/kuzeyinsesi.org\\\/?s={search_term_string}\"},\"query-input\":{\"@type\":\"PropertyValueSpecification\",\"valueRequired\":true,\"valueName\":\"search_term_string\"}}],\"inLanguage\":\"tr\"},{\"@type\":\"Person\",\"@id\":\"https:\\\/\\\/kuzeyinsesi.org\\\/#\\\/schema\\\/person\\\/9f859689cdf01485597712386e37f5aa\",\"name\":\"Kuzeyin Sesi\",\"image\":{\"@type\":\"ImageObject\",\"inLanguage\":\"tr\",\"@id\":\"https:\\\/\\\/secure.gravatar.com\\\/avatar\\\/bab33852abfd8b282518d6ed81826833d77c3c882d9ab608add591ccace47a44?s=96&d=mm&r=g\",\"url\":\"https:\\\/\\\/secure.gravatar.com\\\/avatar\\\/bab33852abfd8b282518d6ed81826833d77c3c882d9ab608add591ccace47a44?s=96&d=mm&r=g\",\"contentUrl\":\"https:\\\/\\\/secure.gravatar.com\\\/avatar\\\/bab33852abfd8b282518d6ed81826833d77c3c882d9ab608add591ccace47a44?s=96&d=mm&r=g\",\"caption\":\"Kuzeyin Sesi\"},\"sameAs\":[\"https:\\\/\\\/kuzeyinsesi.org\"],\"url\":\"https:\\\/\\\/kuzeyinsesi.org\\\/index.php\\\/author\\\/guven\\\/\"}]}<\/script>\n<!-- \/ Yoast SEO plugin. -->","yoast_head_json":{"title":"DA\u00dc\u2019de 15 Kas\u0131m sergisi ve ko\u015fusu - Kuzeyin Sesi","robots":{"index":"index","follow":"follow","max-snippet":"max-snippet:-1","max-image-preview":"max-image-preview:large","max-video-preview":"max-video-preview:-1"},"canonical":"https:\/\/kuzeyinsesi.org\/index.php\/2024\/11\/12\/daude-15-kasim-sergisi-ve-kosusu\/","og_locale":"tr_TR","og_type":"article","og_title":"DA\u00dc\u2019de 15 Kas\u0131m sergisi ve ko\u015fusu - Kuzeyin Sesi","og_description":"Do\u011fu Akdeniz \u00dcniversitesi\u2019nde (DA\u00dc) KKTC\u2019nin kurulu\u015f y\u0131l d\u00f6n\u00fcm\u00fc nedeniyle sergi ve ko\u015fu d\u00fczenlenecek. DA\u00dc\u2019den verilen bilgiye g\u00f6re, sergi DA\u00dc Atat\u00fcrk Ara\u015ft\u0131rma ve Uygulama Merkezi (ATAUM) ile DA\u00dc Atat\u00fcrk\u00e7\u00fc D\u00fc\u015f\u00fcnce Kul\u00fcb\u00fc (ADK) i\u015f birli\u011finde organize edilecek. 15 Kas\u0131m konulu foto\u011fraf sergisi a\u00e7\u0131l\u0131\u015f\u0131 ve m\u00fczik dinletisi 14 Kas\u0131m Per\u015fembe yer alacak. A\u00e7\u0131l\u0131\u015f saat 10.00\u2019da DA\u00dc Rekt\u00f6rl\u00fck Binas\u0131 [&hellip;]","og_url":"https:\/\/kuzeyinsesi.org\/index.php\/2024\/11\/12\/daude-15-kasim-sergisi-ve-kosusu\/","og_site_name":"Kuzeyin Sesi","article_publisher":"https:\/\/www.facebook.com\/kuzeyinsesii","article_published_time":"2024-11-12T14:36:50+00:00","og_image":[{"url":"https:\/\/brtk.net\/wp-content\/uploads\/2024\/11\/12\/dau-afis.png?ver=8dc85b8eaa0a34d165c47d2e1924c71f","type":"","width":"","height":""}],"author":"Kuzeyin Sesi","twitter_card":"summary_large_image","twitter_creator":"@kuzeyinsesii","twitter_site":"@kuzeyinsesii","twitter_misc":{"Yazan:":"Kuzeyin Sesi","Tahmini okuma s\u00fcresi":"1 dakika"},"schema":{"@context":"https:\/\/schema.org","@graph":[{"@type":"Article","@id":"https:\/\/kuzeyinsesi.org\/index.php\/2024\/11\/12\/daude-15-kasim-sergisi-ve-kosusu\/#article","isPartOf":{"@id":"https:\/\/kuzeyinsesi.org\/index.php\/2024\/11\/12\/daude-15-kasim-sergisi-ve-kosusu\/"},"author":{"name":"Kuzeyin Sesi","@id":"https:\/\/kuzeyinsesi.org\/#\/schema\/person\/9f859689cdf01485597712386e37f5aa"},"headline":"DA\u00dc\u2019de 15 Kas\u0131m sergisi ve ko\u015fusu","datePublished":"2024-11-12T14:36:50+00:00","mainEntityOfPage":{"@id":"https:\/\/kuzeyinsesi.org\/index.php\/2024\/11\/12\/daude-15-kasim-sergisi-ve-kosusu\/"},"wordCount":213,"commentCount":0,"image":{"@id":"https:\/\/kuzeyinsesi.org\/index.php\/2024\/11\/12\/daude-15-kasim-sergisi-ve-kosusu\/#primaryimage"},"thumbnailUrl":"https:\/\/kuzeyinsesi.org\/wp-content\/uploads\/2024\/11\/dau-afis.png","articleSection":["Ya\u015fam"],"inLanguage":"tr","potentialAction":[{"@type":"CommentAction","name":"Comment","target":["https:\/\/kuzeyinsesi.org\/index.php\/2024\/11\/12\/daude-15-kasim-sergisi-ve-kosusu\/#respond"]}]},{"@type":"WebPage","@id":"https:\/\/kuzeyinsesi.org\/index.php\/2024\/11\/12\/daude-15-kasim-sergisi-ve-kosusu\/","url":"https:\/\/kuzeyinsesi.org\/index.php\/2024\/11\/12\/daude-15-kasim-sergisi-ve-kosusu\/","name":"DA\u00dc\u2019de 15 Kas\u0131m sergisi ve ko\u015fusu - Kuzeyin Sesi","isPartOf":{"@id":"https:\/\/kuzeyinsesi.org\/#website"},"primaryImageOfPage":{"@id":"https:\/\/kuzeyinsesi.org\/index.php\/2024\/11\/12\/daude-15-kasim-sergisi-ve-kosusu\/#primaryimage"},"image":{"@id":"https:\/\/kuzeyinsesi.org\/index.php\/2024\/11\/12\/daude-15-kasim-sergisi-ve-kosusu\/#primaryimage"},"thumbnailUrl":"https:\/\/kuzeyinsesi.org\/wp-content\/uploads\/2024\/11\/dau-afis.png","datePublished":"2024-11-12T14:36:50+00:00","author":{"@id":"https:\/\/kuzeyinsesi.org\/#\/schema\/person\/9f859689cdf01485597712386e37f5aa"},"breadcrumb":{"@id":"https:\/\/kuzeyinsesi.org\/index.php\/2024\/11\/12\/daude-15-kasim-sergisi-ve-kosusu\/#breadcrumb"},"inLanguage":"tr","potentialAction":[{"@type":"ReadAction","target":["https:\/\/kuzeyinsesi.org\/index.php\/2024\/11\/12\/daude-15-kasim-sergisi-ve-kosusu\/"]}]},{"@type":"ImageObject","inLanguage":"tr","@id":"https:\/\/kuzeyinsesi.org\/index.php\/2024\/11\/12\/daude-15-kasim-sergisi-ve-kosusu\/#primaryimage","url":"https:\/\/kuzeyinsesi.org\/wp-content\/uploads\/2024\/11\/dau-afis.png","contentUrl":"https:\/\/kuzeyinsesi.org\/wp-content\/uploads\/2024\/11\/dau-afis.png","width":842,"height":1191},{"@type":"BreadcrumbList","@id":"https:\/\/kuzeyinsesi.org\/index.php\/2024\/11\/12\/daude-15-kasim-sergisi-ve-kosusu\/#breadcrumb","itemListElement":[{"@type":"ListItem","position":1,"name":"Anasayfa","item":"https:\/\/kuzeyinsesi.org\/"},{"@type":"ListItem","position":2,"name":"DA\u00dc\u2019de 15 Kas\u0131m sergisi ve ko\u015fusu"}]},{"@type":"WebSite","@id":"https:\/\/kuzeyinsesi.org\/#website","url":"https:\/\/kuzeyinsesi.org\/","name":"Kuzeyin Sesi","description":"Do\u011fru Haberin Adresi","potentialAction":[{"@type":"SearchAction","target":{"@type":"EntryPoint","urlTemplate":"https:\/\/kuzeyinsesi.org\/?s={search_term_string}"},"query-input":{"@type":"PropertyValueSpecification","valueRequired":true,"valueName":"search_term_string"}}],"inLanguage":"tr"},{"@type":"Person","@id":"https:\/\/kuzeyinsesi.org\/#\/schema\/person\/9f859689cdf01485597712386e37f5aa","name":"Kuzeyin Sesi","image":{"@type":"ImageObject","inLanguage":"tr","@id":"https:\/\/secure.gravatar.com\/avatar\/bab33852abfd8b282518d6ed81826833d77c3c882d9ab608add591ccace47a44?s=96&d=mm&r=g","url":"https:\/\/secure.gravatar.com\/avatar\/bab33852abfd8b282518d6ed81826833d77c3c882d9ab608add591ccace47a44?s=96&d=mm&r=g","contentUrl":"https:\/\/secure.gravatar.com\/avatar\/bab33852abfd8b282518d6ed81826833d77c3c882d9ab608add591ccace47a44?s=96&d=mm&r=g","caption":"Kuzeyin Sesi"},"sameAs":["https:\/\/kuzeyinsesi.org"],"url":"https:\/\/kuzeyinsesi.org\/index.php\/author\/guven\/"}]}},"_links":{"self":[{"href":"https:\/\/kuzeyinsesi.org\/index.php\/wp-json\/wp\/v2\/posts\/13371","targetHints":{"allow":["GET"]}}],"collection":[{"href":"https:\/\/kuzeyinsesi.org\/index.php\/wp-json\/wp\/v2\/posts"}],"about":[{"href":"https:\/\/kuzeyinsesi.org\/index.php\/wp-json\/wp\/v2\/types\/post"}],"author":[{"embeddable":true,"href":"https:\/\/kuzeyinsesi.org\/index.php\/wp-json\/wp\/v2\/users\/1"}],"replies":[{"embeddable":true,"href":"https:\/\/kuzeyinsesi.org\/index.php\/wp-json\/wp\/v2\/comments?post=13371"}],"version-history":[{"count":0,"href":"https:\/\/kuzeyinsesi.org\/index.php\/wp-json\/wp\/v2\/posts\/13371\/revisions"}],"wp:featuredmedia":[{"embeddable":true,"href":"https:\/\/kuzeyinsesi.org\/index.php\/wp-json\/wp\/v2\/media\/13372"}],"wp:attachment":[{"href":"https:\/\/kuzeyinsesi.org\/index.php\/wp-json\/wp\/v2\/media?parent=13371"}],"wp:term":[{"taxonomy":"category","embeddable":true,"href":"https:\/\/kuzeyinsesi.org\/index.php\/wp-json\/wp\/v2\/categories?post=13371"},{"taxonomy":"post_tag","embeddable":true,"href":"https:\/\/kuzeyinsesi.org\/index.php\/wp-json\/wp\/v2\/tags?post=13371"}],"curies":[{"name":"wp","href":"https:\/\/api.w.org\/{rel}","templated":true}]}}