{"id":13369,"date":"2024-11-12T16:20:13","date_gmt":"2024-11-12T14:20:13","guid":{"rendered":"https:\/\/kuzeyinsesi.org\/index.php\/2024\/11\/12\/bahceli-turkiye-azerbaycan-ve-kktcnin-ortak-alfabeye-hazir-olmasi-turk-birliginin-mujdesidir\/"},"modified":"2024-11-12T16:20:13","modified_gmt":"2024-11-12T14:20:13","slug":"bahceli-turkiye-azerbaycan-ve-kktcnin-ortak-alfabeye-hazir-olmasi-turk-birliginin-mujdesidir","status":"publish","type":"post","link":"https:\/\/kuzeyinsesi.org\/index.php\/2024\/11\/12\/bahceli-turkiye-azerbaycan-ve-kktcnin-ortak-alfabeye-hazir-olmasi-turk-birliginin-mujdesidir\/","title":{"rendered":"Bah\u00e7eli: \u201cT\u00fcrkiye, Azerbaycan ve KKTC\u2019nin ortak alfabeye haz\u0131r olmas\u0131 T\u00fcrk birli\u011finin m\u00fcjdesidir\u201d"},"content":{"rendered":"<div>\n<div class=\"mariselle-image-container center\">\n                                            <\/div>\n<p>MHP Genel Ba\u015fkan\u0131 Devlet Bah\u00e7eli, T\u00fcrk Devletleri Te\u015fkilat\u0131\u2019n\u0131n d\u00fcnya \u00e7ap\u0131nda huzur, g\u00fcvenlik, istikrar, refah ve bar\u0131\u015f markas\u0131 olmaya aday oldu\u011funu belirterek, \u201cG\u00f6n\u00fcl ve \u00fclk\u00fc birli\u011fiyle a\u015f\u0131lamayacak hi\u00e7bir engel yoktur.\u201d dedi.<\/p>\n<p>Ortak alfabe karar\u0131na de\u011finen Bah\u00e7eli, \u201cBu geli\u015fme tarihi bir ad\u0131md\u0131r, makus talihin ters d\u00f6nd\u00fc\u011f\u00fcn\u00fcn i\u015faretidir. Ayn\u0131 zamanda T\u00fcrk k\u00fclt\u00fcr hayat\u0131n\u0131n dirili\u015f beyannamesidir. T\u00fcrkiye, Azerbaycan ve KKTC\u2018nin ortak alfabeye haz\u0131r olmas\u0131 T\u00fcrk birli\u011finin m\u00fcjdesidir. T\u00fcrk d\u00fcnyas\u0131na birlik ve beraberli\u011fin cemresi d\u00fc\u015fm\u00fc\u015ft\u00fcr.\u201d g\u00f6r\u00fc\u015f\u00fcn\u00fc payla\u015ft\u0131.<\/p>\n<p>Bah\u00e7eli, KKTC\u2018nin, Bi\u015fkek Zirvesi\u2019ne onur konu\u011fu ve g\u00f6zlemci \u00fcye \u00fclke olarak kat\u0131lmas\u0131n\u0131n, k\u0131sa zamanda resmi \u00fcyelikle ta\u00e7lanmas\u0131n\u0131n dile\u011fi oldu\u011funu ifade etti.<\/p>\n<p>Bah\u00e7eli, partisinin TBMM Grup Toplant\u0131s\u0131\u2019nda yapt\u0131\u011f\u0131 konu\u015fmada, Gazi Mustafa Kemal Atat\u00fcrk\u2019\u00fcn, 17 \u015eubat 1931\u2019de Adana\u2019da s\u00f6yledi\u011fi \u201cT\u00fcrk demek ayn\u0131 zamanda T\u00fcrk\u00e7e demektir\u201d s\u00f6z\u00fcne i\u015faret ederek, \u201cSadece \u00e7a\u011f\u0131n ve zaman\u0131n felsefi ruhuna farkl\u0131 anlamlar y\u00fcklemekle s\u0131n\u0131rl\u0131 kalmamal\u0131y\u0131z. Bunun yan\u0131nda, belki daha da \u00f6tesinde, g\u00f6zlerini a\u00e7an tarihin, aya\u011fa kalkan co\u011frafyan\u0131n bilc\u00fcmle mesajlar\u0131n\u0131 sat\u0131r sat\u0131r alman\u0131n ve anlaman\u0131n s\u0131rr\u0131na eri\u015fmeliyiz.\u201d ifadesini kulland\u0131.<\/p>\n<p>Ba\u015fta T\u00fcrkiye\u2019nin i\u00e7inde bulundu\u011fu b\u00f6lge olmak \u00fczere, yerk\u00fcrenin her k\u00f6\u015fesine h\u0131zla kayan, giderek sertle\u015fen risk ve tehdit ku\u015fa\u011f\u0131n\u0131n, g\u00fcnbeg\u00fcn yayg\u0131nla\u015fan anla\u015fmazl\u0131k ve ihtilaf alanlar\u0131n\u0131n tedbirli bir haz\u0131rl\u0131k i\u00e7inde takip edilmesi gerekti\u011finin alt\u0131n\u0131 \u00e7izen Bah\u00e7eli, \u201c\u0130\u00e7imize kapanarak, yabanc\u0131 de\u011fer yarg\u0131lar\u0131na kap\u0131larak, kayna\u011f\u0131m\u0131zdan koparak, ba\u015f d\u00f6nd\u00fcren kaotik geli\u015fmelerin ilerleyi\u015f ve istikametini lehimize \u00e7eviremeyiz.\u201d diye konu\u015ftu.<\/p>\n<p>\u2013 \u201cT\u00fcrkiye Y\u00fczy\u0131l\u0131\u2019n\u0131n hi\u00e7 s\u00f6nmeyecek me\u015falesi alt\u0131nda el ele birle\u015fmeliyiz\u201d<\/p>\n<p>T\u00fcrk co\u011frafyas\u0131ndan s\u00fcz\u00fcl\u00fcp gelen karde\u015flik ve k\u00fclt\u00fcr hazineleriyle yekv\u00fccut halinde tarihe m\u00fch\u00fcr vurulmas\u0131 gerekti\u011fini s\u00f6yleyen Bah\u00e7eli, \u201cBunun i\u00e7in de oku en uza\u011fa f\u0131rlatacak gerilmi\u015f yay gibi pozisyon almal\u0131y\u0131z. Siperlerimizden \u00e7\u0131k\u0131p g\u00f6r\u00fc\u015f a\u00e7\u0131m\u0131z\u0131 360 dereceye ula\u015ft\u0131rmal\u0131y\u0131z. Nefret, \u015fiddet ve ihanetle te\u00e7hiz edilmi\u015f hastal\u0131kl\u0131 bir g\u00fcruhu \u00f6n\u00fcm\u00fczden ve \u00f6mr\u00fcm\u00fczden cesaretle ay\u0131klamal\u0131y\u0131z. S\u00f6k\u00fcn eden T\u00fcrk Devri\u2019nin, \u015fafa\u011f\u0131 s\u00f6ken T\u00fcrkiye Y\u00fczy\u0131l\u0131\u2019n\u0131n hi\u00e7 s\u00f6nmeyecek me\u015falesi alt\u0131nda el ele birle\u015fmeli, ferden ferda kenetlenmeliyiz.\u201d de\u011ferlendirmesinde bulundu.<\/p>\n<p>T\u00fcrk Devletleri Te\u015fkilat\u0131\u2019n\u0131n 11. Devlet ve H\u00fck\u00fcmet Ba\u015fkanlar\u0131 Zirvesi\u2019nin, heyecanlar\u0131n\u0131 kam\u00e7\u0131lad\u0131\u011f\u0131n\u0131, hedeflerini kanatland\u0131rd\u0131\u011f\u0131n\u0131 ifade eden Bah\u00e7eli, \u201cT\u00fcrk D\u00fcnyas\u0131n\u0131n G\u00fc\u00e7lendirilmesi: Ekonomik Entegrasyon, S\u00fcrd\u00fcr\u00fclebilir Kalk\u0131nma, Dijital Gelecek ve Herkes \u0130\u00e7in G\u00fcvenlik\u201d temas\u0131yla d\u00fczenlenen, imzalanan sekiz anla\u015fmayla da per\u00e7inlenen zirvenin, fikri ve siyasi m\u00fcktesebat\u0131 yeni umutlarla ikmal etti\u011fini dile getirdi.<\/p>\n<p>T\u00fcrk Devletleri Te\u015fkilat\u0131\u2019n\u0131n, 15 y\u0131ll\u0131k uzun say\u0131lmayacak mazisine ra\u011fmen \u0130smail Gasp\u0131ral\u0131\u2019n\u0131n \u201cdilde, fikirde, i\u015fte birlik\u201d fikriyat\u0131n\u0131n kurumsal ve eylemsel \u00e7at\u0131 kurulu\u015funa d\u00f6n\u00fc\u015ft\u00fc\u011f\u00fcn\u00fc vurgulayan Bah\u00e7eli, \u201cZirvede, Say\u0131n Cumhurba\u015fkan\u0131m\u0131z\u0131n ileri seviyeye ula\u015fan \u00fclk\u00fc birli\u011fini ifadeyle, \u0130smail Gasp\u0131ral\u0131 Bey\u2019in me\u015fhur s\u00f6z\u00fcn\u00fc ihtiva eden hat\u0131ra paray\u0131 T\u00fcrk devlet ve h\u00fck\u00fcmet ba\u015fkanlar\u0131na takdimi, medyunu\u015f\u00fckran duyulacak bir adaml\u0131k ve alicenapl\u0131k \u00f6rne\u011fi olarak sivrildi.\u201d s\u00f6zlerini sarf etti.<\/p>\n<p>\u201cT\u00fcrk D\u00fcnyas\u0131 2040 Vizyonu hedefleri kademe kademe in\u015fallah ger\u00e7ekle\u015fecektir\u201d diyen Bah\u00e7eli, T\u00fcrk D\u00fcnyas\u0131 Vizyonu\u2019nun tezah\u00fcr etmesi maksad\u0131yla milliyet\u00e7i \u00fclk\u00fcc\u00fc hareketin \u00fczerine ne d\u00fc\u015f\u00fcyorsa eksiksiz ve gecikmeksizin yapman\u0131n azminde olduklar\u0131n\u0131 s\u00f6yledi.<\/p>\n<p>\u2013 \u201cOrtak alfabe, T\u00fcrk k\u00fclt\u00fcr hayat\u0131n\u0131n dirili\u015f beyannamesidir\u201d<\/p>\n<p>MHP Genel Ba\u015fkan\u0131 Bah\u00e7eli, konu\u015fmas\u0131na \u015f\u00f6yle devam etti:<\/p>\n<p>\u201c\u00dclk\u00fcde birli\u011fin, \u00fclkede birli\u011fin, ilkede birli\u011fin t\u0131pk\u0131 derelerin \u00e7a\u011flay\u0131p denizlerle bulu\u015fmas\u0131 gibi, T\u00fcrk Devri\u2019nde ger\u00e7ekle\u015fece\u011fine can\u0131g\u00f6n\u00fclden inan\u0131yor, T\u00fcrkistan\u2019da tarihin yeniden kaleme al\u0131naca\u011f\u0131n\u0131 \u00fcmit ediyorum. T\u00fcrk Devletleri Te\u015fkilat\u0131 d\u00fcnya \u00e7ap\u0131nda huzur, g\u00fcvenlik, istikrar, refah ve bar\u0131\u015f markas\u0131 olmaya; karanl\u0131\u011f\u0131n ortas\u0131ndan g\u00fcne\u015f gibi parlamaya sonuna kadar namzettir, buna da ziyadesiyle lay\u0131kt\u0131r. G\u00f6n\u00fcl ve \u00fclk\u00fc birli\u011fiyle a\u015f\u0131lamayacak hi\u00e7bir engel yoktur.\u201d<\/p>\n<p>Ortak alfabe karar\u0131na da de\u011finen Bah\u00e7eli, \u201cBu geli\u015fme tarihi bir ad\u0131md\u0131r, makus talihin ters d\u00f6nd\u00fc\u011f\u00fcn\u00fcn i\u015faretidir. Ayn\u0131 zamanda T\u00fcrk k\u00fclt\u00fcr hayat\u0131n\u0131n dirili\u015f beyannamesidir. T\u00fcrkiye, Azerbaycan ve KKTC\u2018nin ortak alfabeye haz\u0131r olmas\u0131 T\u00fcrk birli\u011finin m\u00fcjdesidir. T\u00fcrk d\u00fcnyas\u0131na birlik ve beraberli\u011fin cemresi d\u00fc\u015fm\u00fc\u015ft\u00fcr.\u201d g\u00f6r\u00fc\u015f\u00fcn\u00fc payla\u015ft\u0131.<\/p>\n<p>Kazakistan, K\u0131rg\u0131zistan, \u00d6zbekistan ve T\u00fcrkmenistan\u2019\u0131n yeni alfabeye ge\u00e7i\u015f i\u00e7in inisiyatif ba\u015flatmas\u0131yla da ayr\u0131lan sular\u0131n birle\u015fece\u011fini, hasretin bitece\u011fini s\u00f6yleyen Bah\u00e7eli, \u201cIss\u0131k G\u00f6l\u00fc\u2019n\u00fcn hat\u0131ralar\u0131, \u00d6t\u00fcken sanca\u011f\u0131n\u0131n hedefleri, as\u0131rlar sonra hakiki mana ve mecras\u0131na kavu\u015facakt\u0131r.\u201d dedi.<\/p>\n<p>KKTC\u2018nin, Bi\u015fkek Zirvesi\u2019ne onur konu\u011fu ve g\u00f6zlemci \u00fcye \u00fclke olarak kat\u0131lmas\u0131n\u0131n, k\u0131sa zamanda resmi \u00fcyelikle ta\u00e7lanmas\u0131n\u0131n dile\u011fi oldu\u011funu ifade eden Bah\u00e7eli, g\u00f6zlemci \u00fcye \u00fclke T\u00fcrkmenistan\u2019\u0131n da resmen \u00fcye olmas\u0131n\u0131n samimi niyaz\u0131 oldu\u011funu belirtti.<\/p>\n<p>Bah\u00e7eli, gelecek d\u00f6nemi T\u00fcrk D\u00fcnyas\u0131 Y\u00fczy\u0131l\u0131 yapmak i\u00e7in \u00e7a\u011fr\u0131da bulunan Cumhurba\u015fkan\u0131 Recep Tayyip Erdo\u011fan ba\u015fta olmak \u00fczere, T\u00fcrk Devletleri Te\u015fkilat\u0131\u2019n\u0131n devlet ve h\u00fck\u00fcmet ba\u015fkanlar\u0131na te\u015fekk\u00fcr etti.<\/p>\n<\/p><\/div>\n<p><script async\n                    defer\n                    crossorigin=\"anonymous\"\n                    src=\"https:\/\/connect.facebook.net\/tr_TR\/sdk.js#xfbml=1&#038;version=v3.3\"\n            ><\/script><\/p>\n","protected":false},"excerpt":{"rendered":"<p>MHP Genel Ba\u015fkan\u0131 Devlet Bah\u00e7eli, T\u00fcrk Devletleri Te\u015fkilat\u0131\u2019n\u0131n d\u00fcnya \u00e7ap\u0131nda huzur, g\u00fcvenlik, istikrar, refah ve bar\u0131\u015f markas\u0131 olmaya aday oldu\u011funu belirterek, \u201cG\u00f6n\u00fcl ve \u00fclk\u00fc birli\u011fiyle a\u015f\u0131lamayacak hi\u00e7bir engel yoktur.\u201d dedi. Ortak alfabe karar\u0131na de\u011finen Bah\u00e7eli, \u201cBu geli\u015fme tarihi bir ad\u0131md\u0131r, makus talihin ters d\u00f6nd\u00fc\u011f\u00fcn\u00fcn i\u015faretidir. Ayn\u0131 zamanda T\u00fcrk k\u00fclt\u00fcr hayat\u0131n\u0131n dirili\u015f beyannamesidir. T\u00fcrkiye, Azerbaycan ve [&hellip;]<\/p>\n","protected":false},"author":1,"featured_media":13370,"comment_status":"open","ping_status":"open","sticky":false,"template":"","format":"standard","meta":{"jnews-multi-image_gallery":[],"jnews_single_post":[],"jnews_primary_category":[],"jnews_social_meta":[],"jnews_override_counter":[],"footnotes":""},"categories":[5],"tags":[],"class_list":["post-13369","post","type-post","status-publish","format-standard","has-post-thumbnail","hentry","category-turkiye"],"yoast_head":"<!-- This site is optimized with the Yoast SEO plugin v27.4 - https:\/\/yoast.com\/product\/yoast-seo-wordpress\/ -->\n<title>Bah\u00e7eli: \u201cT\u00fcrkiye, Azerbaycan ve KKTC\u2019nin ortak alfabeye haz\u0131r olmas\u0131 T\u00fcrk birli\u011finin m\u00fcjdesidir\u201d - Kuzeyin Sesi<\/title>\n<meta name=\"robots\" content=\"index, follow, max-snippet:-1, max-image-preview:large, max-video-preview:-1\" \/>\n<link rel=\"canonical\" href=\"https:\/\/kuzeyinsesi.org\/index.php\/2024\/11\/12\/bahceli-turkiye-azerbaycan-ve-kktcnin-ortak-alfabeye-hazir-olmasi-turk-birliginin-mujdesidir\/\" \/>\n<meta property=\"og:locale\" content=\"tr_TR\" \/>\n<meta property=\"og:type\" content=\"article\" \/>\n<meta property=\"og:title\" content=\"Bah\u00e7eli: \u201cT\u00fcrkiye, Azerbaycan ve KKTC\u2019nin ortak alfabeye haz\u0131r olmas\u0131 T\u00fcrk birli\u011finin m\u00fcjdesidir\u201d - Kuzeyin Sesi\" \/>\n<meta property=\"og:description\" content=\"MHP Genel Ba\u015fkan\u0131 Devlet Bah\u00e7eli, T\u00fcrk Devletleri Te\u015fkilat\u0131\u2019n\u0131n d\u00fcnya \u00e7ap\u0131nda huzur, g\u00fcvenlik, istikrar, refah ve bar\u0131\u015f markas\u0131 olmaya aday oldu\u011funu belirterek, \u201cG\u00f6n\u00fcl ve \u00fclk\u00fc birli\u011fiyle a\u015f\u0131lamayacak hi\u00e7bir engel yoktur.\u201d dedi. Ortak alfabe karar\u0131na de\u011finen Bah\u00e7eli, \u201cBu geli\u015fme tarihi bir ad\u0131md\u0131r, makus talihin ters d\u00f6nd\u00fc\u011f\u00fcn\u00fcn i\u015faretidir. Ayn\u0131 zamanda T\u00fcrk k\u00fclt\u00fcr hayat\u0131n\u0131n dirili\u015f beyannamesidir. T\u00fcrkiye, Azerbaycan ve [&hellip;]\" \/>\n<meta property=\"og:url\" content=\"https:\/\/kuzeyinsesi.org\/index.php\/2024\/11\/12\/bahceli-turkiye-azerbaycan-ve-kktcnin-ortak-alfabeye-hazir-olmasi-turk-birliginin-mujdesidir\/\" \/>\n<meta property=\"og:site_name\" content=\"Kuzeyin Sesi\" \/>\n<meta property=\"article:publisher\" content=\"https:\/\/www.facebook.com\/kuzeyinsesii\" \/>\n<meta property=\"article:published_time\" content=\"2024-11-12T14:20:13+00:00\" \/>\n<meta property=\"og:image\" content=\"https:\/\/brtk.net\/wp-content\/uploads\/2024\/11\/12\/aa-20241112-36172573-36172561-mhp-tbmm-grup-toplantisi-scaled.jpg?ver=448b56ee8ec2b629f07a960dd9179814\" \/>\n<meta name=\"author\" content=\"Kuzeyin Sesi\" \/>\n<meta name=\"twitter:card\" content=\"summary_large_image\" \/>\n<meta name=\"twitter:creator\" content=\"@kuzeyinsesii\" \/>\n<meta name=\"twitter:site\" content=\"@kuzeyinsesii\" \/>\n<meta name=\"twitter:label1\" content=\"Yazan:\" \/>\n\t<meta name=\"twitter:data1\" content=\"Kuzeyin Sesi\" \/>\n\t<meta name=\"twitter:label2\" content=\"Tahmini okuma s\u00fcresi\" \/>\n\t<meta name=\"twitter:data2\" content=\"5 dakika\" \/>\n<script type=\"application\/ld+json\" class=\"yoast-schema-graph\">{\"@context\":\"https:\\\/\\\/schema.org\",\"@graph\":[{\"@type\":\"Article\",\"@id\":\"https:\\\/\\\/kuzeyinsesi.org\\\/index.php\\\/2024\\\/11\\\/12\\\/bahceli-turkiye-azerbaycan-ve-kktcnin-ortak-alfabeye-hazir-olmasi-turk-birliginin-mujdesidir\\\/#article\",\"isPartOf\":{\"@id\":\"https:\\\/\\\/kuzeyinsesi.org\\\/index.php\\\/2024\\\/11\\\/12\\\/bahceli-turkiye-azerbaycan-ve-kktcnin-ortak-alfabeye-hazir-olmasi-turk-birliginin-mujdesidir\\\/\"},\"author\":{\"name\":\"Kuzeyin Sesi\",\"@id\":\"https:\\\/\\\/kuzeyinsesi.org\\\/#\\\/schema\\\/person\\\/9f859689cdf01485597712386e37f5aa\"},\"headline\":\"Bah\u00e7eli: \u201cT\u00fcrkiye, Azerbaycan ve KKTC\u2019nin ortak alfabeye haz\u0131r olmas\u0131 T\u00fcrk birli\u011finin m\u00fcjdesidir\u201d\",\"datePublished\":\"2024-11-12T14:20:13+00:00\",\"mainEntityOfPage\":{\"@id\":\"https:\\\/\\\/kuzeyinsesi.org\\\/index.php\\\/2024\\\/11\\\/12\\\/bahceli-turkiye-azerbaycan-ve-kktcnin-ortak-alfabeye-hazir-olmasi-turk-birliginin-mujdesidir\\\/\"},\"wordCount\":1073,\"commentCount\":0,\"image\":{\"@id\":\"https:\\\/\\\/kuzeyinsesi.org\\\/index.php\\\/2024\\\/11\\\/12\\\/bahceli-turkiye-azerbaycan-ve-kktcnin-ortak-alfabeye-hazir-olmasi-turk-birliginin-mujdesidir\\\/#primaryimage\"},\"thumbnailUrl\":\"https:\\\/\\\/kuzeyinsesi.org\\\/wp-content\\\/uploads\\\/2024\\\/11\\\/aa-20241112-36172573-36172561-mhp-tbmm-grup-toplantisi-scaled.jpg\",\"articleSection\":[\"T\u00fcrkiye\"],\"inLanguage\":\"tr\",\"potentialAction\":[{\"@type\":\"CommentAction\",\"name\":\"Comment\",\"target\":[\"https:\\\/\\\/kuzeyinsesi.org\\\/index.php\\\/2024\\\/11\\\/12\\\/bahceli-turkiye-azerbaycan-ve-kktcnin-ortak-alfabeye-hazir-olmasi-turk-birliginin-mujdesidir\\\/#respond\"]}]},{\"@type\":\"WebPage\",\"@id\":\"https:\\\/\\\/kuzeyinsesi.org\\\/index.php\\\/2024\\\/11\\\/12\\\/bahceli-turkiye-azerbaycan-ve-kktcnin-ortak-alfabeye-hazir-olmasi-turk-birliginin-mujdesidir\\\/\",\"url\":\"https:\\\/\\\/kuzeyinsesi.org\\\/index.php\\\/2024\\\/11\\\/12\\\/bahceli-turkiye-azerbaycan-ve-kktcnin-ortak-alfabeye-hazir-olmasi-turk-birliginin-mujdesidir\\\/\",\"name\":\"Bah\u00e7eli: \u201cT\u00fcrkiye, Azerbaycan ve KKTC\u2019nin ortak alfabeye haz\u0131r olmas\u0131 T\u00fcrk birli\u011finin m\u00fcjdesidir\u201d - Kuzeyin Sesi\",\"isPartOf\":{\"@id\":\"https:\\\/\\\/kuzeyinsesi.org\\\/#website\"},\"primaryImageOfPage\":{\"@id\":\"https:\\\/\\\/kuzeyinsesi.org\\\/index.php\\\/2024\\\/11\\\/12\\\/bahceli-turkiye-azerbaycan-ve-kktcnin-ortak-alfabeye-hazir-olmasi-turk-birliginin-mujdesidir\\\/#primaryimage\"},\"image\":{\"@id\":\"https:\\\/\\\/kuzeyinsesi.org\\\/index.php\\\/2024\\\/11\\\/12\\\/bahceli-turkiye-azerbaycan-ve-kktcnin-ortak-alfabeye-hazir-olmasi-turk-birliginin-mujdesidir\\\/#primaryimage\"},\"thumbnailUrl\":\"https:\\\/\\\/kuzeyinsesi.org\\\/wp-content\\\/uploads\\\/2024\\\/11\\\/aa-20241112-36172573-36172561-mhp-tbmm-grup-toplantisi-scaled.jpg\",\"datePublished\":\"2024-11-12T14:20:13+00:00\",\"author\":{\"@id\":\"https:\\\/\\\/kuzeyinsesi.org\\\/#\\\/schema\\\/person\\\/9f859689cdf01485597712386e37f5aa\"},\"breadcrumb\":{\"@id\":\"https:\\\/\\\/kuzeyinsesi.org\\\/index.php\\\/2024\\\/11\\\/12\\\/bahceli-turkiye-azerbaycan-ve-kktcnin-ortak-alfabeye-hazir-olmasi-turk-birliginin-mujdesidir\\\/#breadcrumb\"},\"inLanguage\":\"tr\",\"potentialAction\":[{\"@type\":\"ReadAction\",\"target\":[\"https:\\\/\\\/kuzeyinsesi.org\\\/index.php\\\/2024\\\/11\\\/12\\\/bahceli-turkiye-azerbaycan-ve-kktcnin-ortak-alfabeye-hazir-olmasi-turk-birliginin-mujdesidir\\\/\"]}]},{\"@type\":\"ImageObject\",\"inLanguage\":\"tr\",\"@id\":\"https:\\\/\\\/kuzeyinsesi.org\\\/index.php\\\/2024\\\/11\\\/12\\\/bahceli-turkiye-azerbaycan-ve-kktcnin-ortak-alfabeye-hazir-olmasi-turk-birliginin-mujdesidir\\\/#primaryimage\",\"url\":\"https:\\\/\\\/kuzeyinsesi.org\\\/wp-content\\\/uploads\\\/2024\\\/11\\\/aa-20241112-36172573-36172561-mhp-tbmm-grup-toplantisi-scaled.jpg\",\"contentUrl\":\"https:\\\/\\\/kuzeyinsesi.org\\\/wp-content\\\/uploads\\\/2024\\\/11\\\/aa-20241112-36172573-36172561-mhp-tbmm-grup-toplantisi-scaled.jpg\",\"width\":2560,\"height\":1707},{\"@type\":\"BreadcrumbList\",\"@id\":\"https:\\\/\\\/kuzeyinsesi.org\\\/index.php\\\/2024\\\/11\\\/12\\\/bahceli-turkiye-azerbaycan-ve-kktcnin-ortak-alfabeye-hazir-olmasi-turk-birliginin-mujdesidir\\\/#breadcrumb\",\"itemListElement\":[{\"@type\":\"ListItem\",\"position\":1,\"name\":\"Anasayfa\",\"item\":\"https:\\\/\\\/kuzeyinsesi.org\\\/\"},{\"@type\":\"ListItem\",\"position\":2,\"name\":\"Bah\u00e7eli: \u201cT\u00fcrkiye, Azerbaycan ve KKTC\u2019nin ortak alfabeye haz\u0131r olmas\u0131 T\u00fcrk birli\u011finin m\u00fcjdesidir\u201d\"}]},{\"@type\":\"WebSite\",\"@id\":\"https:\\\/\\\/kuzeyinsesi.org\\\/#website\",\"url\":\"https:\\\/\\\/kuzeyinsesi.org\\\/\",\"name\":\"Kuzeyin Sesi\",\"description\":\"Do\u011fru Haberin Adresi\",\"potentialAction\":[{\"@type\":\"SearchAction\",\"target\":{\"@type\":\"EntryPoint\",\"urlTemplate\":\"https:\\\/\\\/kuzeyinsesi.org\\\/?s={search_term_string}\"},\"query-input\":{\"@type\":\"PropertyValueSpecification\",\"valueRequired\":true,\"valueName\":\"search_term_string\"}}],\"inLanguage\":\"tr\"},{\"@type\":\"Person\",\"@id\":\"https:\\\/\\\/kuzeyinsesi.org\\\/#\\\/schema\\\/person\\\/9f859689cdf01485597712386e37f5aa\",\"name\":\"Kuzeyin Sesi\",\"image\":{\"@type\":\"ImageObject\",\"inLanguage\":\"tr\",\"@id\":\"https:\\\/\\\/secure.gravatar.com\\\/avatar\\\/bab33852abfd8b282518d6ed81826833d77c3c882d9ab608add591ccace47a44?s=96&d=mm&r=g\",\"url\":\"https:\\\/\\\/secure.gravatar.com\\\/avatar\\\/bab33852abfd8b282518d6ed81826833d77c3c882d9ab608add591ccace47a44?s=96&d=mm&r=g\",\"contentUrl\":\"https:\\\/\\\/secure.gravatar.com\\\/avatar\\\/bab33852abfd8b282518d6ed81826833d77c3c882d9ab608add591ccace47a44?s=96&d=mm&r=g\",\"caption\":\"Kuzeyin Sesi\"},\"sameAs\":[\"https:\\\/\\\/kuzeyinsesi.org\"],\"url\":\"https:\\\/\\\/kuzeyinsesi.org\\\/index.php\\\/author\\\/guven\\\/\"}]}<\/script>\n<!-- \/ Yoast SEO plugin. -->","yoast_head_json":{"title":"Bah\u00e7eli: \u201cT\u00fcrkiye, Azerbaycan ve KKTC\u2019nin ortak alfabeye haz\u0131r olmas\u0131 T\u00fcrk birli\u011finin m\u00fcjdesidir\u201d - Kuzeyin Sesi","robots":{"index":"index","follow":"follow","max-snippet":"max-snippet:-1","max-image-preview":"max-image-preview:large","max-video-preview":"max-video-preview:-1"},"canonical":"https:\/\/kuzeyinsesi.org\/index.php\/2024\/11\/12\/bahceli-turkiye-azerbaycan-ve-kktcnin-ortak-alfabeye-hazir-olmasi-turk-birliginin-mujdesidir\/","og_locale":"tr_TR","og_type":"article","og_title":"Bah\u00e7eli: \u201cT\u00fcrkiye, Azerbaycan ve KKTC\u2019nin ortak alfabeye haz\u0131r olmas\u0131 T\u00fcrk birli\u011finin m\u00fcjdesidir\u201d - Kuzeyin Sesi","og_description":"MHP Genel Ba\u015fkan\u0131 Devlet Bah\u00e7eli, T\u00fcrk Devletleri Te\u015fkilat\u0131\u2019n\u0131n d\u00fcnya \u00e7ap\u0131nda huzur, g\u00fcvenlik, istikrar, refah ve bar\u0131\u015f markas\u0131 olmaya aday oldu\u011funu belirterek, \u201cG\u00f6n\u00fcl ve \u00fclk\u00fc birli\u011fiyle a\u015f\u0131lamayacak hi\u00e7bir engel yoktur.\u201d dedi. Ortak alfabe karar\u0131na de\u011finen Bah\u00e7eli, \u201cBu geli\u015fme tarihi bir ad\u0131md\u0131r, makus talihin ters d\u00f6nd\u00fc\u011f\u00fcn\u00fcn i\u015faretidir. Ayn\u0131 zamanda T\u00fcrk k\u00fclt\u00fcr hayat\u0131n\u0131n dirili\u015f beyannamesidir. T\u00fcrkiye, Azerbaycan ve [&hellip;]","og_url":"https:\/\/kuzeyinsesi.org\/index.php\/2024\/11\/12\/bahceli-turkiye-azerbaycan-ve-kktcnin-ortak-alfabeye-hazir-olmasi-turk-birliginin-mujdesidir\/","og_site_name":"Kuzeyin Sesi","article_publisher":"https:\/\/www.facebook.com\/kuzeyinsesii","article_published_time":"2024-11-12T14:20:13+00:00","og_image":[{"url":"https:\/\/brtk.net\/wp-content\/uploads\/2024\/11\/12\/aa-20241112-36172573-36172561-mhp-tbmm-grup-toplantisi-scaled.jpg?ver=448b56ee8ec2b629f07a960dd9179814","type":"","width":"","height":""}],"author":"Kuzeyin Sesi","twitter_card":"summary_large_image","twitter_creator":"@kuzeyinsesii","twitter_site":"@kuzeyinsesii","twitter_misc":{"Yazan:":"Kuzeyin Sesi","Tahmini okuma s\u00fcresi":"5 dakika"},"schema":{"@context":"https:\/\/schema.org","@graph":[{"@type":"Article","@id":"https:\/\/kuzeyinsesi.org\/index.php\/2024\/11\/12\/bahceli-turkiye-azerbaycan-ve-kktcnin-ortak-alfabeye-hazir-olmasi-turk-birliginin-mujdesidir\/#article","isPartOf":{"@id":"https:\/\/kuzeyinsesi.org\/index.php\/2024\/11\/12\/bahceli-turkiye-azerbaycan-ve-kktcnin-ortak-alfabeye-hazir-olmasi-turk-birliginin-mujdesidir\/"},"author":{"name":"Kuzeyin Sesi","@id":"https:\/\/kuzeyinsesi.org\/#\/schema\/person\/9f859689cdf01485597712386e37f5aa"},"headline":"Bah\u00e7eli: \u201cT\u00fcrkiye, Azerbaycan ve KKTC\u2019nin ortak alfabeye haz\u0131r olmas\u0131 T\u00fcrk birli\u011finin m\u00fcjdesidir\u201d","datePublished":"2024-11-12T14:20:13+00:00","mainEntityOfPage":{"@id":"https:\/\/kuzeyinsesi.org\/index.php\/2024\/11\/12\/bahceli-turkiye-azerbaycan-ve-kktcnin-ortak-alfabeye-hazir-olmasi-turk-birliginin-mujdesidir\/"},"wordCount":1073,"commentCount":0,"image":{"@id":"https:\/\/kuzeyinsesi.org\/index.php\/2024\/11\/12\/bahceli-turkiye-azerbaycan-ve-kktcnin-ortak-alfabeye-hazir-olmasi-turk-birliginin-mujdesidir\/#primaryimage"},"thumbnailUrl":"https:\/\/kuzeyinsesi.org\/wp-content\/uploads\/2024\/11\/aa-20241112-36172573-36172561-mhp-tbmm-grup-toplantisi-scaled.jpg","articleSection":["T\u00fcrkiye"],"inLanguage":"tr","potentialAction":[{"@type":"CommentAction","name":"Comment","target":["https:\/\/kuzeyinsesi.org\/index.php\/2024\/11\/12\/bahceli-turkiye-azerbaycan-ve-kktcnin-ortak-alfabeye-hazir-olmasi-turk-birliginin-mujdesidir\/#respond"]}]},{"@type":"WebPage","@id":"https:\/\/kuzeyinsesi.org\/index.php\/2024\/11\/12\/bahceli-turkiye-azerbaycan-ve-kktcnin-ortak-alfabeye-hazir-olmasi-turk-birliginin-mujdesidir\/","url":"https:\/\/kuzeyinsesi.org\/index.php\/2024\/11\/12\/bahceli-turkiye-azerbaycan-ve-kktcnin-ortak-alfabeye-hazir-olmasi-turk-birliginin-mujdesidir\/","name":"Bah\u00e7eli: \u201cT\u00fcrkiye, Azerbaycan ve KKTC\u2019nin ortak alfabeye haz\u0131r olmas\u0131 T\u00fcrk birli\u011finin m\u00fcjdesidir\u201d - Kuzeyin Sesi","isPartOf":{"@id":"https:\/\/kuzeyinsesi.org\/#website"},"primaryImageOfPage":{"@id":"https:\/\/kuzeyinsesi.org\/index.php\/2024\/11\/12\/bahceli-turkiye-azerbaycan-ve-kktcnin-ortak-alfabeye-hazir-olmasi-turk-birliginin-mujdesidir\/#primaryimage"},"image":{"@id":"https:\/\/kuzeyinsesi.org\/index.php\/2024\/11\/12\/bahceli-turkiye-azerbaycan-ve-kktcnin-ortak-alfabeye-hazir-olmasi-turk-birliginin-mujdesidir\/#primaryimage"},"thumbnailUrl":"https:\/\/kuzeyinsesi.org\/wp-content\/uploads\/2024\/11\/aa-20241112-36172573-36172561-mhp-tbmm-grup-toplantisi-scaled.jpg","datePublished":"2024-11-12T14:20:13+00:00","author":{"@id":"https:\/\/kuzeyinsesi.org\/#\/schema\/person\/9f859689cdf01485597712386e37f5aa"},"breadcrumb":{"@id":"https:\/\/kuzeyinsesi.org\/index.php\/2024\/11\/12\/bahceli-turkiye-azerbaycan-ve-kktcnin-ortak-alfabeye-hazir-olmasi-turk-birliginin-mujdesidir\/#breadcrumb"},"inLanguage":"tr","potentialAction":[{"@type":"ReadAction","target":["https:\/\/kuzeyinsesi.org\/index.php\/2024\/11\/12\/bahceli-turkiye-azerbaycan-ve-kktcnin-ortak-alfabeye-hazir-olmasi-turk-birliginin-mujdesidir\/"]}]},{"@type":"ImageObject","inLanguage":"tr","@id":"https:\/\/kuzeyinsesi.org\/index.php\/2024\/11\/12\/bahceli-turkiye-azerbaycan-ve-kktcnin-ortak-alfabeye-hazir-olmasi-turk-birliginin-mujdesidir\/#primaryimage","url":"https:\/\/kuzeyinsesi.org\/wp-content\/uploads\/2024\/11\/aa-20241112-36172573-36172561-mhp-tbmm-grup-toplantisi-scaled.jpg","contentUrl":"https:\/\/kuzeyinsesi.org\/wp-content\/uploads\/2024\/11\/aa-20241112-36172573-36172561-mhp-tbmm-grup-toplantisi-scaled.jpg","width":2560,"height":1707},{"@type":"BreadcrumbList","@id":"https:\/\/kuzeyinsesi.org\/index.php\/2024\/11\/12\/bahceli-turkiye-azerbaycan-ve-kktcnin-ortak-alfabeye-hazir-olmasi-turk-birliginin-mujdesidir\/#breadcrumb","itemListElement":[{"@type":"ListItem","position":1,"name":"Anasayfa","item":"https:\/\/kuzeyinsesi.org\/"},{"@type":"ListItem","position":2,"name":"Bah\u00e7eli: \u201cT\u00fcrkiye, Azerbaycan ve KKTC\u2019nin ortak alfabeye haz\u0131r olmas\u0131 T\u00fcrk birli\u011finin m\u00fcjdesidir\u201d"}]},{"@type":"WebSite","@id":"https:\/\/kuzeyinsesi.org\/#website","url":"https:\/\/kuzeyinsesi.org\/","name":"Kuzeyin Sesi","description":"Do\u011fru Haberin Adresi","potentialAction":[{"@type":"SearchAction","target":{"@type":"EntryPoint","urlTemplate":"https:\/\/kuzeyinsesi.org\/?s={search_term_string}"},"query-input":{"@type":"PropertyValueSpecification","valueRequired":true,"valueName":"search_term_string"}}],"inLanguage":"tr"},{"@type":"Person","@id":"https:\/\/kuzeyinsesi.org\/#\/schema\/person\/9f859689cdf01485597712386e37f5aa","name":"Kuzeyin Sesi","image":{"@type":"ImageObject","inLanguage":"tr","@id":"https:\/\/secure.gravatar.com\/avatar\/bab33852abfd8b282518d6ed81826833d77c3c882d9ab608add591ccace47a44?s=96&d=mm&r=g","url":"https:\/\/secure.gravatar.com\/avatar\/bab33852abfd8b282518d6ed81826833d77c3c882d9ab608add591ccace47a44?s=96&d=mm&r=g","contentUrl":"https:\/\/secure.gravatar.com\/avatar\/bab33852abfd8b282518d6ed81826833d77c3c882d9ab608add591ccace47a44?s=96&d=mm&r=g","caption":"Kuzeyin Sesi"},"sameAs":["https:\/\/kuzeyinsesi.org"],"url":"https:\/\/kuzeyinsesi.org\/index.php\/author\/guven\/"}]}},"_links":{"self":[{"href":"https:\/\/kuzeyinsesi.org\/index.php\/wp-json\/wp\/v2\/posts\/13369","targetHints":{"allow":["GET"]}}],"collection":[{"href":"https:\/\/kuzeyinsesi.org\/index.php\/wp-json\/wp\/v2\/posts"}],"about":[{"href":"https:\/\/kuzeyinsesi.org\/index.php\/wp-json\/wp\/v2\/types\/post"}],"author":[{"embeddable":true,"href":"https:\/\/kuzeyinsesi.org\/index.php\/wp-json\/wp\/v2\/users\/1"}],"replies":[{"embeddable":true,"href":"https:\/\/kuzeyinsesi.org\/index.php\/wp-json\/wp\/v2\/comments?post=13369"}],"version-history":[{"count":0,"href":"https:\/\/kuzeyinsesi.org\/index.php\/wp-json\/wp\/v2\/posts\/13369\/revisions"}],"wp:featuredmedia":[{"embeddable":true,"href":"https:\/\/kuzeyinsesi.org\/index.php\/wp-json\/wp\/v2\/media\/13370"}],"wp:attachment":[{"href":"https:\/\/kuzeyinsesi.org\/index.php\/wp-json\/wp\/v2\/media?parent=13369"}],"wp:term":[{"taxonomy":"category","embeddable":true,"href":"https:\/\/kuzeyinsesi.org\/index.php\/wp-json\/wp\/v2\/categories?post=13369"},{"taxonomy":"post_tag","embeddable":true,"href":"https:\/\/kuzeyinsesi.org\/index.php\/wp-json\/wp\/v2\/tags?post=13369"}],"curies":[{"name":"wp","href":"https:\/\/api.w.org\/{rel}","templated":true}]}}