{"id":13363,"date":"2024-11-12T16:08:28","date_gmt":"2024-11-12T14:08:28","guid":{"rendered":"https:\/\/kuzeyinsesi.org\/index.php\/2024\/11\/12\/turkiye-israilin-bati-serianin-ilhakina-dair-aciklamalarini-en-guclu-bicimde-reddetti\/"},"modified":"2024-11-12T16:08:28","modified_gmt":"2024-11-12T14:08:28","slug":"turkiye-israilin-bati-serianin-ilhakina-dair-aciklamalarini-en-guclu-bicimde-reddetti","status":"publish","type":"post","link":"https:\/\/kuzeyinsesi.org\/index.php\/2024\/11\/12\/turkiye-israilin-bati-serianin-ilhakina-dair-aciklamalarini-en-guclu-bicimde-reddetti\/","title":{"rendered":"T\u00fcrkiye, \u0130srail\u2019in Bat\u0131 \u015eeria\u2019n\u0131n ilhak\u0131na dair a\u00e7\u0131klamalar\u0131n\u0131 en g\u00fc\u00e7l\u00fc bi\u00e7imde reddetti"},"content":{"rendered":"<div>\n<div class=\"mariselle-image-container center\">\n                                            <\/div>\n<p>T\u00fcrkiye D\u0131\u015fi\u015fleri Bakanl\u0131\u011f\u0131, \u0130srailli baz\u0131 yetkililerin Bat\u0131 \u015eeria hakk\u0131ndaki a\u00e7\u0131klamalar\u0131na dair, \u201c\u0130srailli baz\u0131 yetkililerin i\u015fgal alt\u0131ndaki Bat\u0131 \u015eeria\u2019n\u0131n ilhak edilmesi y\u00f6n\u00fcnde yapt\u0131\u011f\u0131 a\u00e7\u0131klamalar\u0131 en g\u00fc\u00e7l\u00fc bi\u00e7imde reddediyoruz.\u201d ifadesini kulland\u0131.<\/p>\n<p>Bakanl\u0131k, \u0130srailli baz\u0131 yetkililerin i\u015fgal alt\u0131nda Bat\u0131 \u015eeria\u2019n\u0131n ilhak edilmesi y\u00f6n\u00fcndeki ifadelerine ili\u015fkin yaz\u0131l\u0131 a\u00e7\u0131klama yapt\u0131.<\/p>\n<p>A\u00e7\u0131klamada, \u201c\u0130srailli baz\u0131 yetkililerin i\u015fgal alt\u0131ndaki Bat\u0131 \u015eeria\u2019n\u0131n ilhak edilmesi y\u00f6n\u00fcnde yapt\u0131\u011f\u0131 a\u00e7\u0131klamalar\u0131 en g\u00fc\u00e7l\u00fc bi\u00e7imde reddediyoruz. Uluslararas\u0131 hukuku ve iki devletli \u00e7\u00f6z\u00fcm\u00fc hi\u00e7e sayan bu a\u00e7\u0131klamalar, \u0130srail\u2019in nihai amac\u0131n\u0131n Filistin topraklar\u0131n\u0131 ele ge\u00e7irmek oldu\u011funun kan\u0131t\u0131d\u0131r. \u0130srail\u2019in Filistinlilere kar\u015f\u0131 uygulad\u0131\u011f\u0131 soyk\u0131r\u0131m ve i\u015fgal politikas\u0131n\u0131n cezas\u0131z kalmas\u0131, (\u0130srail Ba\u015fbakan\u0131 Binyamin) Netanyahu ve yanda\u015flar\u0131n\u0131 daha da cesaretlendirmektedir.\u201d ifadelerine yer verildi.<\/p>\n<p>Ayr\u0131ca a\u00e7\u0131klamada, Birle\u015fmi\u015f Milletler G\u00fcvenlik Konseyi ve uluslararas\u0131 toplumun, \u0130srail\u2019in hukuksuz politikalar\u0131na kar\u015f\u0131 g\u00fc\u00e7l\u00fc bir duru\u015f sergilemesi gerekti\u011fi kaydedildi.<\/p>\n<p>\u0130srail\u2019in a\u015f\u0131r\u0131 sa\u011fc\u0131 Maliye Bakan\u0131 Bezalel Smotrich, liderli\u011fini yapt\u0131\u011f\u0131 a\u015f\u0131r\u0131 sa\u011fc\u0131 Dini Siyonizm Partisinin grup toplant\u0131s\u0131nda, \u0130srail\u2019in i\u015fgal alt\u0131ndaki Bat\u0131 \u015eeria\u2019y\u0131 ilhak etmesinin zaman\u0131n\u0131n geldi\u011fini \u00f6ne s\u00fcrerek, ilgili kurumlara ilhak plan\u0131 i\u00e7in gerekli altyap\u0131 \u00e7al\u0131\u015fmalar\u0131n\u0131 ba\u015flatmalar\u0131 talimat\u0131n\u0131 verdi\u011fini ve 2025\u2019in Bat\u0131 \u015eeria\u2019n\u0131n \u201cilhak edilmesi y\u0131l\u0131\u201d olaca\u011f\u0131n\u0131 da savunmu\u015ftu.<\/p>\n<\/p><\/div>\n<p><script async\n                    defer\n                    crossorigin=\"anonymous\"\n                    src=\"https:\/\/connect.facebook.net\/tr_TR\/sdk.js#xfbml=1&#038;version=v3.3\"\n            ><\/script><\/p>\n","protected":false},"excerpt":{"rendered":"<p>T\u00fcrkiye D\u0131\u015fi\u015fleri Bakanl\u0131\u011f\u0131, \u0130srailli baz\u0131 yetkililerin Bat\u0131 \u015eeria hakk\u0131ndaki a\u00e7\u0131klamalar\u0131na dair, \u201c\u0130srailli baz\u0131 yetkililerin i\u015fgal alt\u0131ndaki Bat\u0131 \u015eeria\u2019n\u0131n ilhak edilmesi y\u00f6n\u00fcnde yapt\u0131\u011f\u0131 a\u00e7\u0131klamalar\u0131 en g\u00fc\u00e7l\u00fc bi\u00e7imde reddediyoruz.\u201d ifadesini kulland\u0131. Bakanl\u0131k, \u0130srailli baz\u0131 yetkililerin i\u015fgal alt\u0131nda Bat\u0131 \u015eeria\u2019n\u0131n ilhak edilmesi y\u00f6n\u00fcndeki ifadelerine ili\u015fkin yaz\u0131l\u0131 a\u00e7\u0131klama yapt\u0131. A\u00e7\u0131klamada, \u201c\u0130srailli baz\u0131 yetkililerin i\u015fgal alt\u0131ndaki Bat\u0131 \u015eeria\u2019n\u0131n ilhak edilmesi [&hellip;]<\/p>\n","protected":false},"author":1,"featured_media":13364,"comment_status":"open","ping_status":"open","sticky":false,"template":"","format":"standard","meta":{"jnews-multi-image_gallery":[],"jnews_single_post":[],"jnews_primary_category":[],"jnews_social_meta":[],"jnews_override_counter":[],"footnotes":""},"categories":[5],"tags":[],"class_list":["post-13363","post","type-post","status-publish","format-standard","has-post-thumbnail","hentry","category-turkiye"],"yoast_head":"<!-- This site is optimized with the Yoast SEO plugin v27.4 - https:\/\/yoast.com\/product\/yoast-seo-wordpress\/ -->\n<title>T\u00fcrkiye, \u0130srail\u2019in Bat\u0131 \u015eeria\u2019n\u0131n ilhak\u0131na dair a\u00e7\u0131klamalar\u0131n\u0131 en g\u00fc\u00e7l\u00fc bi\u00e7imde reddetti - Kuzeyin Sesi<\/title>\n<meta name=\"robots\" content=\"index, follow, max-snippet:-1, max-image-preview:large, max-video-preview:-1\" \/>\n<link rel=\"canonical\" href=\"https:\/\/kuzeyinsesi.org\/index.php\/2024\/11\/12\/turkiye-israilin-bati-serianin-ilhakina-dair-aciklamalarini-en-guclu-bicimde-reddetti\/\" \/>\n<meta property=\"og:locale\" content=\"tr_TR\" \/>\n<meta property=\"og:type\" content=\"article\" \/>\n<meta property=\"og:title\" content=\"T\u00fcrkiye, \u0130srail\u2019in Bat\u0131 \u015eeria\u2019n\u0131n ilhak\u0131na dair a\u00e7\u0131klamalar\u0131n\u0131 en g\u00fc\u00e7l\u00fc bi\u00e7imde reddetti - Kuzeyin Sesi\" \/>\n<meta property=\"og:description\" content=\"T\u00fcrkiye D\u0131\u015fi\u015fleri Bakanl\u0131\u011f\u0131, \u0130srailli baz\u0131 yetkililerin Bat\u0131 \u015eeria hakk\u0131ndaki a\u00e7\u0131klamalar\u0131na dair, \u201c\u0130srailli baz\u0131 yetkililerin i\u015fgal alt\u0131ndaki Bat\u0131 \u015eeria\u2019n\u0131n ilhak edilmesi y\u00f6n\u00fcnde yapt\u0131\u011f\u0131 a\u00e7\u0131klamalar\u0131 en g\u00fc\u00e7l\u00fc bi\u00e7imde reddediyoruz.\u201d ifadesini kulland\u0131. Bakanl\u0131k, \u0130srailli baz\u0131 yetkililerin i\u015fgal alt\u0131nda Bat\u0131 \u015eeria\u2019n\u0131n ilhak edilmesi y\u00f6n\u00fcndeki ifadelerine ili\u015fkin yaz\u0131l\u0131 a\u00e7\u0131klama yapt\u0131. A\u00e7\u0131klamada, \u201c\u0130srailli baz\u0131 yetkililerin i\u015fgal alt\u0131ndaki Bat\u0131 \u015eeria\u2019n\u0131n ilhak edilmesi [&hellip;]\" \/>\n<meta property=\"og:url\" content=\"https:\/\/kuzeyinsesi.org\/index.php\/2024\/11\/12\/turkiye-israilin-bati-serianin-ilhakina-dair-aciklamalarini-en-guclu-bicimde-reddetti\/\" \/>\n<meta property=\"og:site_name\" content=\"Kuzeyin Sesi\" \/>\n<meta property=\"article:publisher\" content=\"https:\/\/www.facebook.com\/kuzeyinsesii\" \/>\n<meta property=\"article:published_time\" content=\"2024-11-12T14:08:28+00:00\" \/>\n<meta property=\"og:image\" content=\"https:\/\/brtk.net\/wp-content\/uploads\/2024\/11\/12\/thumbs-b-c-30c766248323e477098e7fb5bdf278c5.jpg?ver=baff5f9cf8ad13e4d96a5c10e7a4be66\" \/>\n<meta name=\"author\" content=\"Kuzeyin Sesi\" \/>\n<meta name=\"twitter:card\" content=\"summary_large_image\" \/>\n<meta name=\"twitter:creator\" content=\"@kuzeyinsesii\" \/>\n<meta name=\"twitter:site\" content=\"@kuzeyinsesii\" \/>\n<meta name=\"twitter:label1\" content=\"Yazan:\" \/>\n\t<meta name=\"twitter:data1\" content=\"Kuzeyin Sesi\" \/>\n\t<meta name=\"twitter:label2\" content=\"Tahmini okuma s\u00fcresi\" \/>\n\t<meta name=\"twitter:data2\" content=\"1 dakika\" \/>\n<script type=\"application\/ld+json\" class=\"yoast-schema-graph\">{\"@context\":\"https:\\\/\\\/schema.org\",\"@graph\":[{\"@type\":\"Article\",\"@id\":\"https:\\\/\\\/kuzeyinsesi.org\\\/index.php\\\/2024\\\/11\\\/12\\\/turkiye-israilin-bati-serianin-ilhakina-dair-aciklamalarini-en-guclu-bicimde-reddetti\\\/#article\",\"isPartOf\":{\"@id\":\"https:\\\/\\\/kuzeyinsesi.org\\\/index.php\\\/2024\\\/11\\\/12\\\/turkiye-israilin-bati-serianin-ilhakina-dair-aciklamalarini-en-guclu-bicimde-reddetti\\\/\"},\"author\":{\"name\":\"Kuzeyin Sesi\",\"@id\":\"https:\\\/\\\/kuzeyinsesi.org\\\/#\\\/schema\\\/person\\\/9f859689cdf01485597712386e37f5aa\"},\"headline\":\"T\u00fcrkiye, \u0130srail\u2019in Bat\u0131 \u015eeria\u2019n\u0131n ilhak\u0131na dair a\u00e7\u0131klamalar\u0131n\u0131 en g\u00fc\u00e7l\u00fc bi\u00e7imde reddetti\",\"datePublished\":\"2024-11-12T14:08:28+00:00\",\"mainEntityOfPage\":{\"@id\":\"https:\\\/\\\/kuzeyinsesi.org\\\/index.php\\\/2024\\\/11\\\/12\\\/turkiye-israilin-bati-serianin-ilhakina-dair-aciklamalarini-en-guclu-bicimde-reddetti\\\/\"},\"wordCount\":282,\"commentCount\":0,\"image\":{\"@id\":\"https:\\\/\\\/kuzeyinsesi.org\\\/index.php\\\/2024\\\/11\\\/12\\\/turkiye-israilin-bati-serianin-ilhakina-dair-aciklamalarini-en-guclu-bicimde-reddetti\\\/#primaryimage\"},\"thumbnailUrl\":\"https:\\\/\\\/kuzeyinsesi.org\\\/wp-content\\\/uploads\\\/2024\\\/11\\\/thumbs-b-c-30c766248323e477098e7fb5bdf278c5.jpg\",\"articleSection\":[\"T\u00fcrkiye\"],\"inLanguage\":\"tr\",\"potentialAction\":[{\"@type\":\"CommentAction\",\"name\":\"Comment\",\"target\":[\"https:\\\/\\\/kuzeyinsesi.org\\\/index.php\\\/2024\\\/11\\\/12\\\/turkiye-israilin-bati-serianin-ilhakina-dair-aciklamalarini-en-guclu-bicimde-reddetti\\\/#respond\"]}]},{\"@type\":\"WebPage\",\"@id\":\"https:\\\/\\\/kuzeyinsesi.org\\\/index.php\\\/2024\\\/11\\\/12\\\/turkiye-israilin-bati-serianin-ilhakina-dair-aciklamalarini-en-guclu-bicimde-reddetti\\\/\",\"url\":\"https:\\\/\\\/kuzeyinsesi.org\\\/index.php\\\/2024\\\/11\\\/12\\\/turkiye-israilin-bati-serianin-ilhakina-dair-aciklamalarini-en-guclu-bicimde-reddetti\\\/\",\"name\":\"T\u00fcrkiye, \u0130srail\u2019in Bat\u0131 \u015eeria\u2019n\u0131n ilhak\u0131na dair a\u00e7\u0131klamalar\u0131n\u0131 en g\u00fc\u00e7l\u00fc bi\u00e7imde reddetti - Kuzeyin Sesi\",\"isPartOf\":{\"@id\":\"https:\\\/\\\/kuzeyinsesi.org\\\/#website\"},\"primaryImageOfPage\":{\"@id\":\"https:\\\/\\\/kuzeyinsesi.org\\\/index.php\\\/2024\\\/11\\\/12\\\/turkiye-israilin-bati-serianin-ilhakina-dair-aciklamalarini-en-guclu-bicimde-reddetti\\\/#primaryimage\"},\"image\":{\"@id\":\"https:\\\/\\\/kuzeyinsesi.org\\\/index.php\\\/2024\\\/11\\\/12\\\/turkiye-israilin-bati-serianin-ilhakina-dair-aciklamalarini-en-guclu-bicimde-reddetti\\\/#primaryimage\"},\"thumbnailUrl\":\"https:\\\/\\\/kuzeyinsesi.org\\\/wp-content\\\/uploads\\\/2024\\\/11\\\/thumbs-b-c-30c766248323e477098e7fb5bdf278c5.jpg\",\"datePublished\":\"2024-11-12T14:08:28+00:00\",\"author\":{\"@id\":\"https:\\\/\\\/kuzeyinsesi.org\\\/#\\\/schema\\\/person\\\/9f859689cdf01485597712386e37f5aa\"},\"breadcrumb\":{\"@id\":\"https:\\\/\\\/kuzeyinsesi.org\\\/index.php\\\/2024\\\/11\\\/12\\\/turkiye-israilin-bati-serianin-ilhakina-dair-aciklamalarini-en-guclu-bicimde-reddetti\\\/#breadcrumb\"},\"inLanguage\":\"tr\",\"potentialAction\":[{\"@type\":\"ReadAction\",\"target\":[\"https:\\\/\\\/kuzeyinsesi.org\\\/index.php\\\/2024\\\/11\\\/12\\\/turkiye-israilin-bati-serianin-ilhakina-dair-aciklamalarini-en-guclu-bicimde-reddetti\\\/\"]}]},{\"@type\":\"ImageObject\",\"inLanguage\":\"tr\",\"@id\":\"https:\\\/\\\/kuzeyinsesi.org\\\/index.php\\\/2024\\\/11\\\/12\\\/turkiye-israilin-bati-serianin-ilhakina-dair-aciklamalarini-en-guclu-bicimde-reddetti\\\/#primaryimage\",\"url\":\"https:\\\/\\\/kuzeyinsesi.org\\\/wp-content\\\/uploads\\\/2024\\\/11\\\/thumbs-b-c-30c766248323e477098e7fb5bdf278c5.jpg\",\"contentUrl\":\"https:\\\/\\\/kuzeyinsesi.org\\\/wp-content\\\/uploads\\\/2024\\\/11\\\/thumbs-b-c-30c766248323e477098e7fb5bdf278c5.jpg\",\"width\":864,\"height\":486},{\"@type\":\"BreadcrumbList\",\"@id\":\"https:\\\/\\\/kuzeyinsesi.org\\\/index.php\\\/2024\\\/11\\\/12\\\/turkiye-israilin-bati-serianin-ilhakina-dair-aciklamalarini-en-guclu-bicimde-reddetti\\\/#breadcrumb\",\"itemListElement\":[{\"@type\":\"ListItem\",\"position\":1,\"name\":\"Anasayfa\",\"item\":\"https:\\\/\\\/kuzeyinsesi.org\\\/\"},{\"@type\":\"ListItem\",\"position\":2,\"name\":\"T\u00fcrkiye, \u0130srail\u2019in Bat\u0131 \u015eeria\u2019n\u0131n ilhak\u0131na dair a\u00e7\u0131klamalar\u0131n\u0131 en g\u00fc\u00e7l\u00fc bi\u00e7imde reddetti\"}]},{\"@type\":\"WebSite\",\"@id\":\"https:\\\/\\\/kuzeyinsesi.org\\\/#website\",\"url\":\"https:\\\/\\\/kuzeyinsesi.org\\\/\",\"name\":\"Kuzeyin Sesi\",\"description\":\"Do\u011fru Haberin Adresi\",\"potentialAction\":[{\"@type\":\"SearchAction\",\"target\":{\"@type\":\"EntryPoint\",\"urlTemplate\":\"https:\\\/\\\/kuzeyinsesi.org\\\/?s={search_term_string}\"},\"query-input\":{\"@type\":\"PropertyValueSpecification\",\"valueRequired\":true,\"valueName\":\"search_term_string\"}}],\"inLanguage\":\"tr\"},{\"@type\":\"Person\",\"@id\":\"https:\\\/\\\/kuzeyinsesi.org\\\/#\\\/schema\\\/person\\\/9f859689cdf01485597712386e37f5aa\",\"name\":\"Kuzeyin Sesi\",\"image\":{\"@type\":\"ImageObject\",\"inLanguage\":\"tr\",\"@id\":\"https:\\\/\\\/secure.gravatar.com\\\/avatar\\\/bab33852abfd8b282518d6ed81826833d77c3c882d9ab608add591ccace47a44?s=96&d=mm&r=g\",\"url\":\"https:\\\/\\\/secure.gravatar.com\\\/avatar\\\/bab33852abfd8b282518d6ed81826833d77c3c882d9ab608add591ccace47a44?s=96&d=mm&r=g\",\"contentUrl\":\"https:\\\/\\\/secure.gravatar.com\\\/avatar\\\/bab33852abfd8b282518d6ed81826833d77c3c882d9ab608add591ccace47a44?s=96&d=mm&r=g\",\"caption\":\"Kuzeyin Sesi\"},\"sameAs\":[\"https:\\\/\\\/kuzeyinsesi.org\"],\"url\":\"https:\\\/\\\/kuzeyinsesi.org\\\/index.php\\\/author\\\/guven\\\/\"}]}<\/script>\n<!-- \/ Yoast SEO plugin. -->","yoast_head_json":{"title":"T\u00fcrkiye, \u0130srail\u2019in Bat\u0131 \u015eeria\u2019n\u0131n ilhak\u0131na dair a\u00e7\u0131klamalar\u0131n\u0131 en g\u00fc\u00e7l\u00fc bi\u00e7imde reddetti - Kuzeyin Sesi","robots":{"index":"index","follow":"follow","max-snippet":"max-snippet:-1","max-image-preview":"max-image-preview:large","max-video-preview":"max-video-preview:-1"},"canonical":"https:\/\/kuzeyinsesi.org\/index.php\/2024\/11\/12\/turkiye-israilin-bati-serianin-ilhakina-dair-aciklamalarini-en-guclu-bicimde-reddetti\/","og_locale":"tr_TR","og_type":"article","og_title":"T\u00fcrkiye, \u0130srail\u2019in Bat\u0131 \u015eeria\u2019n\u0131n ilhak\u0131na dair a\u00e7\u0131klamalar\u0131n\u0131 en g\u00fc\u00e7l\u00fc bi\u00e7imde reddetti - Kuzeyin Sesi","og_description":"T\u00fcrkiye D\u0131\u015fi\u015fleri Bakanl\u0131\u011f\u0131, \u0130srailli baz\u0131 yetkililerin Bat\u0131 \u015eeria hakk\u0131ndaki a\u00e7\u0131klamalar\u0131na dair, \u201c\u0130srailli baz\u0131 yetkililerin i\u015fgal alt\u0131ndaki Bat\u0131 \u015eeria\u2019n\u0131n ilhak edilmesi y\u00f6n\u00fcnde yapt\u0131\u011f\u0131 a\u00e7\u0131klamalar\u0131 en g\u00fc\u00e7l\u00fc bi\u00e7imde reddediyoruz.\u201d ifadesini kulland\u0131. Bakanl\u0131k, \u0130srailli baz\u0131 yetkililerin i\u015fgal alt\u0131nda Bat\u0131 \u015eeria\u2019n\u0131n ilhak edilmesi y\u00f6n\u00fcndeki ifadelerine ili\u015fkin yaz\u0131l\u0131 a\u00e7\u0131klama yapt\u0131. A\u00e7\u0131klamada, \u201c\u0130srailli baz\u0131 yetkililerin i\u015fgal alt\u0131ndaki Bat\u0131 \u015eeria\u2019n\u0131n ilhak edilmesi [&hellip;]","og_url":"https:\/\/kuzeyinsesi.org\/index.php\/2024\/11\/12\/turkiye-israilin-bati-serianin-ilhakina-dair-aciklamalarini-en-guclu-bicimde-reddetti\/","og_site_name":"Kuzeyin Sesi","article_publisher":"https:\/\/www.facebook.com\/kuzeyinsesii","article_published_time":"2024-11-12T14:08:28+00:00","og_image":[{"url":"https:\/\/brtk.net\/wp-content\/uploads\/2024\/11\/12\/thumbs-b-c-30c766248323e477098e7fb5bdf278c5.jpg?ver=baff5f9cf8ad13e4d96a5c10e7a4be66","type":"","width":"","height":""}],"author":"Kuzeyin Sesi","twitter_card":"summary_large_image","twitter_creator":"@kuzeyinsesii","twitter_site":"@kuzeyinsesii","twitter_misc":{"Yazan:":"Kuzeyin Sesi","Tahmini okuma s\u00fcresi":"1 dakika"},"schema":{"@context":"https:\/\/schema.org","@graph":[{"@type":"Article","@id":"https:\/\/kuzeyinsesi.org\/index.php\/2024\/11\/12\/turkiye-israilin-bati-serianin-ilhakina-dair-aciklamalarini-en-guclu-bicimde-reddetti\/#article","isPartOf":{"@id":"https:\/\/kuzeyinsesi.org\/index.php\/2024\/11\/12\/turkiye-israilin-bati-serianin-ilhakina-dair-aciklamalarini-en-guclu-bicimde-reddetti\/"},"author":{"name":"Kuzeyin Sesi","@id":"https:\/\/kuzeyinsesi.org\/#\/schema\/person\/9f859689cdf01485597712386e37f5aa"},"headline":"T\u00fcrkiye, \u0130srail\u2019in Bat\u0131 \u015eeria\u2019n\u0131n ilhak\u0131na dair a\u00e7\u0131klamalar\u0131n\u0131 en g\u00fc\u00e7l\u00fc bi\u00e7imde reddetti","datePublished":"2024-11-12T14:08:28+00:00","mainEntityOfPage":{"@id":"https:\/\/kuzeyinsesi.org\/index.php\/2024\/11\/12\/turkiye-israilin-bati-serianin-ilhakina-dair-aciklamalarini-en-guclu-bicimde-reddetti\/"},"wordCount":282,"commentCount":0,"image":{"@id":"https:\/\/kuzeyinsesi.org\/index.php\/2024\/11\/12\/turkiye-israilin-bati-serianin-ilhakina-dair-aciklamalarini-en-guclu-bicimde-reddetti\/#primaryimage"},"thumbnailUrl":"https:\/\/kuzeyinsesi.org\/wp-content\/uploads\/2024\/11\/thumbs-b-c-30c766248323e477098e7fb5bdf278c5.jpg","articleSection":["T\u00fcrkiye"],"inLanguage":"tr","potentialAction":[{"@type":"CommentAction","name":"Comment","target":["https:\/\/kuzeyinsesi.org\/index.php\/2024\/11\/12\/turkiye-israilin-bati-serianin-ilhakina-dair-aciklamalarini-en-guclu-bicimde-reddetti\/#respond"]}]},{"@type":"WebPage","@id":"https:\/\/kuzeyinsesi.org\/index.php\/2024\/11\/12\/turkiye-israilin-bati-serianin-ilhakina-dair-aciklamalarini-en-guclu-bicimde-reddetti\/","url":"https:\/\/kuzeyinsesi.org\/index.php\/2024\/11\/12\/turkiye-israilin-bati-serianin-ilhakina-dair-aciklamalarini-en-guclu-bicimde-reddetti\/","name":"T\u00fcrkiye, \u0130srail\u2019in Bat\u0131 \u015eeria\u2019n\u0131n ilhak\u0131na dair a\u00e7\u0131klamalar\u0131n\u0131 en g\u00fc\u00e7l\u00fc bi\u00e7imde reddetti - Kuzeyin Sesi","isPartOf":{"@id":"https:\/\/kuzeyinsesi.org\/#website"},"primaryImageOfPage":{"@id":"https:\/\/kuzeyinsesi.org\/index.php\/2024\/11\/12\/turkiye-israilin-bati-serianin-ilhakina-dair-aciklamalarini-en-guclu-bicimde-reddetti\/#primaryimage"},"image":{"@id":"https:\/\/kuzeyinsesi.org\/index.php\/2024\/11\/12\/turkiye-israilin-bati-serianin-ilhakina-dair-aciklamalarini-en-guclu-bicimde-reddetti\/#primaryimage"},"thumbnailUrl":"https:\/\/kuzeyinsesi.org\/wp-content\/uploads\/2024\/11\/thumbs-b-c-30c766248323e477098e7fb5bdf278c5.jpg","datePublished":"2024-11-12T14:08:28+00:00","author":{"@id":"https:\/\/kuzeyinsesi.org\/#\/schema\/person\/9f859689cdf01485597712386e37f5aa"},"breadcrumb":{"@id":"https:\/\/kuzeyinsesi.org\/index.php\/2024\/11\/12\/turkiye-israilin-bati-serianin-ilhakina-dair-aciklamalarini-en-guclu-bicimde-reddetti\/#breadcrumb"},"inLanguage":"tr","potentialAction":[{"@type":"ReadAction","target":["https:\/\/kuzeyinsesi.org\/index.php\/2024\/11\/12\/turkiye-israilin-bati-serianin-ilhakina-dair-aciklamalarini-en-guclu-bicimde-reddetti\/"]}]},{"@type":"ImageObject","inLanguage":"tr","@id":"https:\/\/kuzeyinsesi.org\/index.php\/2024\/11\/12\/turkiye-israilin-bati-serianin-ilhakina-dair-aciklamalarini-en-guclu-bicimde-reddetti\/#primaryimage","url":"https:\/\/kuzeyinsesi.org\/wp-content\/uploads\/2024\/11\/thumbs-b-c-30c766248323e477098e7fb5bdf278c5.jpg","contentUrl":"https:\/\/kuzeyinsesi.org\/wp-content\/uploads\/2024\/11\/thumbs-b-c-30c766248323e477098e7fb5bdf278c5.jpg","width":864,"height":486},{"@type":"BreadcrumbList","@id":"https:\/\/kuzeyinsesi.org\/index.php\/2024\/11\/12\/turkiye-israilin-bati-serianin-ilhakina-dair-aciklamalarini-en-guclu-bicimde-reddetti\/#breadcrumb","itemListElement":[{"@type":"ListItem","position":1,"name":"Anasayfa","item":"https:\/\/kuzeyinsesi.org\/"},{"@type":"ListItem","position":2,"name":"T\u00fcrkiye, \u0130srail\u2019in Bat\u0131 \u015eeria\u2019n\u0131n ilhak\u0131na dair a\u00e7\u0131klamalar\u0131n\u0131 en g\u00fc\u00e7l\u00fc bi\u00e7imde reddetti"}]},{"@type":"WebSite","@id":"https:\/\/kuzeyinsesi.org\/#website","url":"https:\/\/kuzeyinsesi.org\/","name":"Kuzeyin Sesi","description":"Do\u011fru Haberin Adresi","potentialAction":[{"@type":"SearchAction","target":{"@type":"EntryPoint","urlTemplate":"https:\/\/kuzeyinsesi.org\/?s={search_term_string}"},"query-input":{"@type":"PropertyValueSpecification","valueRequired":true,"valueName":"search_term_string"}}],"inLanguage":"tr"},{"@type":"Person","@id":"https:\/\/kuzeyinsesi.org\/#\/schema\/person\/9f859689cdf01485597712386e37f5aa","name":"Kuzeyin Sesi","image":{"@type":"ImageObject","inLanguage":"tr","@id":"https:\/\/secure.gravatar.com\/avatar\/bab33852abfd8b282518d6ed81826833d77c3c882d9ab608add591ccace47a44?s=96&d=mm&r=g","url":"https:\/\/secure.gravatar.com\/avatar\/bab33852abfd8b282518d6ed81826833d77c3c882d9ab608add591ccace47a44?s=96&d=mm&r=g","contentUrl":"https:\/\/secure.gravatar.com\/avatar\/bab33852abfd8b282518d6ed81826833d77c3c882d9ab608add591ccace47a44?s=96&d=mm&r=g","caption":"Kuzeyin Sesi"},"sameAs":["https:\/\/kuzeyinsesi.org"],"url":"https:\/\/kuzeyinsesi.org\/index.php\/author\/guven\/"}]}},"_links":{"self":[{"href":"https:\/\/kuzeyinsesi.org\/index.php\/wp-json\/wp\/v2\/posts\/13363","targetHints":{"allow":["GET"]}}],"collection":[{"href":"https:\/\/kuzeyinsesi.org\/index.php\/wp-json\/wp\/v2\/posts"}],"about":[{"href":"https:\/\/kuzeyinsesi.org\/index.php\/wp-json\/wp\/v2\/types\/post"}],"author":[{"embeddable":true,"href":"https:\/\/kuzeyinsesi.org\/index.php\/wp-json\/wp\/v2\/users\/1"}],"replies":[{"embeddable":true,"href":"https:\/\/kuzeyinsesi.org\/index.php\/wp-json\/wp\/v2\/comments?post=13363"}],"version-history":[{"count":0,"href":"https:\/\/kuzeyinsesi.org\/index.php\/wp-json\/wp\/v2\/posts\/13363\/revisions"}],"wp:featuredmedia":[{"embeddable":true,"href":"https:\/\/kuzeyinsesi.org\/index.php\/wp-json\/wp\/v2\/media\/13364"}],"wp:attachment":[{"href":"https:\/\/kuzeyinsesi.org\/index.php\/wp-json\/wp\/v2\/media?parent=13363"}],"wp:term":[{"taxonomy":"category","embeddable":true,"href":"https:\/\/kuzeyinsesi.org\/index.php\/wp-json\/wp\/v2\/categories?post=13363"},{"taxonomy":"post_tag","embeddable":true,"href":"https:\/\/kuzeyinsesi.org\/index.php\/wp-json\/wp\/v2\/tags?post=13363"}],"curies":[{"name":"wp","href":"https:\/\/api.w.org\/{rel}","templated":true}]}}