{"id":13357,"date":"2024-11-12T15:57:16","date_gmt":"2024-11-12T13:57:16","guid":{"rendered":"https:\/\/kuzeyinsesi.org\/index.php\/2024\/11\/12\/erdogan-ingiltere-basbakani-starmer-ile-gorustu-ikili-iliskiler-bolgesel-ve-kuresel-meseleler-ele-alindi\/"},"modified":"2024-11-12T15:57:16","modified_gmt":"2024-11-12T13:57:16","slug":"erdogan-ingiltere-basbakani-starmer-ile-gorustu-ikili-iliskiler-bolgesel-ve-kuresel-meseleler-ele-alindi","status":"publish","type":"post","link":"https:\/\/kuzeyinsesi.org\/index.php\/2024\/11\/12\/erdogan-ingiltere-basbakani-starmer-ile-gorustu-ikili-iliskiler-bolgesel-ve-kuresel-meseleler-ele-alindi\/","title":{"rendered":"Erdo\u011fan, \u0130ngiltere Ba\u015fbakan\u0131 Starmer ile g\u00f6r\u00fc\u015ft\u00fc: \u0130kili ili\u015fkiler, b\u00f6lgesel ve k\u00fcresel meseleler ele al\u0131nd\u0131"},"content":{"rendered":"<div>\n<div class=\"mariselle-image-container center\">\n                                            <\/div>\n<p>T\u00fcrkiye Cumhurba\u015fkan\u0131 Recep Tayyip Erdo\u011fan, Azerbaycan\u2019\u0131n ba\u015fkenti Bak\u00fc\u2019de, \u0130ngiltere Ba\u015fbakan\u0131 Keir Starmer ile g\u00f6r\u00fc\u015ft\u00fc.<\/p>\n<p>Birle\u015fmi\u015f Milletler (BM) \u0130klim De\u011fi\u015fikli\u011fi \u00c7er\u00e7eve S\u00f6zle\u015fmesi 29. Taraflar Konferans\u0131 (COP29) D\u00fcnya Liderleri \u0130klim Zirvesi nedeniyle Bak\u00fc\u2019de bulunan Erdo\u011fan ve Starmer bir araya geldi.<\/p>\n<p>Zirvenin yap\u0131ld\u0131\u011f\u0131 alandaki kabul, bas\u0131na kapal\u0131 ger\u00e7ekle\u015ftirildi.<\/p>\n<p>Kabulde, T\u00fcrkiye D\u0131\u015fi\u015fleri Bakan\u0131 Hakan Fidan, Cumhurba\u015fkanl\u0131\u011f\u0131 \u0130leti\u015fim Ba\u015fkan\u0131 Fahrettin Altun, Cumhurba\u015fkan\u0131 D\u0131\u015f Politika ve G\u00fcvenlik Ba\u015fdan\u0131\u015fman\u0131 Akif \u00c7a\u011fatay K\u0131l\u0131\u00e7 ile baz\u0131 T\u00fcrk ve \u0130ngiliz yetkililer de haz\u0131r bulundu.<\/p>\n<p>Erdo\u011fan-Starmer g\u00f6r\u00fc\u015fmesinde, iki \u00fclke aras\u0131ndaki ikili ili\u015fkiler, b\u00f6lgesel ve k\u00fcresel meseleler ele al\u0131nd\u0131\u011f\u0131 belirtildi.<\/p>\n<p>TC Cumhurba\u015fkanl\u0131\u011f\u0131 \u0130leti\u015fim Ba\u015fkanl\u0131\u011f\u0131n\u0131n sosyal medya hesab\u0131ndan yap\u0131lan a\u00e7\u0131klamaya g\u00f6re T\u00fcrkiye ve \u0130ngiltere ikili ili\u015fkileri, b\u00f6lgesel ve k\u00fcresel meselelerin ele al\u0131nd\u0131\u011f\u0131 g\u00f6r\u00fc\u015fmede, Erdo\u011fan, T\u00fcrkiye ve \u0130ngiltere aras\u0131ndaki ili\u015fkileri geli\u015ftirmek, ticaret hacmini art\u0131rmak i\u00e7in gayretlerin s\u00fcrece\u011fini ifade etti.<\/p>\n<p>Erdo\u011fan, Ukrayna, Filistin ve L\u00fcbnan ba\u015fta olmak \u00fczere b\u00f6lgedeki \u00e7at\u0131\u015fmalar\u0131 sona erdirmek i\u00e7in T\u00fcrkiye\u2019nin ortaya koydu\u011fu \u00e7abalar\u0131n devam etti\u011fini belirtti.<\/p>\n<\/p><\/div>\n<p><script async\n                    defer\n                    crossorigin=\"anonymous\"\n                    src=\"https:\/\/connect.facebook.net\/tr_TR\/sdk.js#xfbml=1&#038;version=v3.3\"\n            ><\/script><\/p>\n","protected":false},"excerpt":{"rendered":"<p>T\u00fcrkiye Cumhurba\u015fkan\u0131 Recep Tayyip Erdo\u011fan, Azerbaycan\u2019\u0131n ba\u015fkenti Bak\u00fc\u2019de, \u0130ngiltere Ba\u015fbakan\u0131 Keir Starmer ile g\u00f6r\u00fc\u015ft\u00fc. Birle\u015fmi\u015f Milletler (BM) \u0130klim De\u011fi\u015fikli\u011fi \u00c7er\u00e7eve S\u00f6zle\u015fmesi 29. Taraflar Konferans\u0131 (COP29) D\u00fcnya Liderleri \u0130klim Zirvesi nedeniyle Bak\u00fc\u2019de bulunan Erdo\u011fan ve Starmer bir araya geldi. Zirvenin yap\u0131ld\u0131\u011f\u0131 alandaki kabul, bas\u0131na kapal\u0131 ger\u00e7ekle\u015ftirildi. Kabulde, T\u00fcrkiye D\u0131\u015fi\u015fleri Bakan\u0131 Hakan Fidan, Cumhurba\u015fkanl\u0131\u011f\u0131 \u0130leti\u015fim Ba\u015fkan\u0131 Fahrettin [&hellip;]<\/p>\n","protected":false},"author":1,"featured_media":13358,"comment_status":"open","ping_status":"open","sticky":false,"template":"","format":"standard","meta":{"jnews-multi-image_gallery":[],"jnews_single_post":[],"jnews_primary_category":[],"jnews_social_meta":[],"jnews_override_counter":[],"footnotes":""},"categories":[5],"tags":[],"class_list":["post-13357","post","type-post","status-publish","format-standard","has-post-thumbnail","hentry","category-turkiye"],"yoast_head":"<!-- This site is optimized with the Yoast SEO plugin v27.4 - https:\/\/yoast.com\/product\/yoast-seo-wordpress\/ -->\n<title>Erdo\u011fan, \u0130ngiltere Ba\u015fbakan\u0131 Starmer ile g\u00f6r\u00fc\u015ft\u00fc: \u0130kili ili\u015fkiler, b\u00f6lgesel ve k\u00fcresel meseleler ele al\u0131nd\u0131 - Kuzeyin Sesi<\/title>\n<meta name=\"robots\" content=\"index, follow, max-snippet:-1, max-image-preview:large, max-video-preview:-1\" \/>\n<link rel=\"canonical\" href=\"https:\/\/kuzeyinsesi.org\/index.php\/2024\/11\/12\/erdogan-ingiltere-basbakani-starmer-ile-gorustu-ikili-iliskiler-bolgesel-ve-kuresel-meseleler-ele-alindi\/\" \/>\n<meta property=\"og:locale\" content=\"tr_TR\" \/>\n<meta property=\"og:type\" content=\"article\" \/>\n<meta property=\"og:title\" content=\"Erdo\u011fan, \u0130ngiltere Ba\u015fbakan\u0131 Starmer ile g\u00f6r\u00fc\u015ft\u00fc: \u0130kili ili\u015fkiler, b\u00f6lgesel ve k\u00fcresel meseleler ele al\u0131nd\u0131 - Kuzeyin Sesi\" \/>\n<meta property=\"og:description\" content=\"T\u00fcrkiye Cumhurba\u015fkan\u0131 Recep Tayyip Erdo\u011fan, Azerbaycan\u2019\u0131n ba\u015fkenti Bak\u00fc\u2019de, \u0130ngiltere Ba\u015fbakan\u0131 Keir Starmer ile g\u00f6r\u00fc\u015ft\u00fc. Birle\u015fmi\u015f Milletler (BM) \u0130klim De\u011fi\u015fikli\u011fi \u00c7er\u00e7eve S\u00f6zle\u015fmesi 29. Taraflar Konferans\u0131 (COP29) D\u00fcnya Liderleri \u0130klim Zirvesi nedeniyle Bak\u00fc\u2019de bulunan Erdo\u011fan ve Starmer bir araya geldi. Zirvenin yap\u0131ld\u0131\u011f\u0131 alandaki kabul, bas\u0131na kapal\u0131 ger\u00e7ekle\u015ftirildi. Kabulde, T\u00fcrkiye D\u0131\u015fi\u015fleri Bakan\u0131 Hakan Fidan, Cumhurba\u015fkanl\u0131\u011f\u0131 \u0130leti\u015fim Ba\u015fkan\u0131 Fahrettin [&hellip;]\" \/>\n<meta property=\"og:url\" content=\"https:\/\/kuzeyinsesi.org\/index.php\/2024\/11\/12\/erdogan-ingiltere-basbakani-starmer-ile-gorustu-ikili-iliskiler-bolgesel-ve-kuresel-meseleler-ele-alindi\/\" \/>\n<meta property=\"og:site_name\" content=\"Kuzeyin Sesi\" \/>\n<meta property=\"article:publisher\" content=\"https:\/\/www.facebook.com\/kuzeyinsesii\" \/>\n<meta property=\"article:published_time\" content=\"2024-11-12T13:57:16+00:00\" \/>\n<meta property=\"og:image\" content=\"https:\/\/brtk.net\/wp-content\/uploads\/2024\/11\/12\/thumbs-b-c-a1f290faaf96d6d43a131c4274f7d947.jpg?ver=94aa0d59621dfedd545335472fbd4164\" \/>\n<meta name=\"author\" content=\"Kuzeyin Sesi\" \/>\n<meta name=\"twitter:card\" content=\"summary_large_image\" \/>\n<meta name=\"twitter:creator\" content=\"@kuzeyinsesii\" \/>\n<meta name=\"twitter:site\" content=\"@kuzeyinsesii\" \/>\n<meta name=\"twitter:label1\" content=\"Yazan:\" \/>\n\t<meta name=\"twitter:data1\" content=\"Kuzeyin Sesi\" \/>\n\t<meta name=\"twitter:label2\" content=\"Tahmini okuma s\u00fcresi\" \/>\n\t<meta name=\"twitter:data2\" content=\"1 dakika\" \/>\n<script type=\"application\/ld+json\" class=\"yoast-schema-graph\">{\"@context\":\"https:\\\/\\\/schema.org\",\"@graph\":[{\"@type\":\"Article\",\"@id\":\"https:\\\/\\\/kuzeyinsesi.org\\\/index.php\\\/2024\\\/11\\\/12\\\/erdogan-ingiltere-basbakani-starmer-ile-gorustu-ikili-iliskiler-bolgesel-ve-kuresel-meseleler-ele-alindi\\\/#article\",\"isPartOf\":{\"@id\":\"https:\\\/\\\/kuzeyinsesi.org\\\/index.php\\\/2024\\\/11\\\/12\\\/erdogan-ingiltere-basbakani-starmer-ile-gorustu-ikili-iliskiler-bolgesel-ve-kuresel-meseleler-ele-alindi\\\/\"},\"author\":{\"name\":\"Kuzeyin Sesi\",\"@id\":\"https:\\\/\\\/kuzeyinsesi.org\\\/#\\\/schema\\\/person\\\/9f859689cdf01485597712386e37f5aa\"},\"headline\":\"Erdo\u011fan, \u0130ngiltere Ba\u015fbakan\u0131 Starmer ile g\u00f6r\u00fc\u015ft\u00fc: \u0130kili ili\u015fkiler, b\u00f6lgesel ve k\u00fcresel meseleler ele al\u0131nd\u0131\",\"datePublished\":\"2024-11-12T13:57:16+00:00\",\"mainEntityOfPage\":{\"@id\":\"https:\\\/\\\/kuzeyinsesi.org\\\/index.php\\\/2024\\\/11\\\/12\\\/erdogan-ingiltere-basbakani-starmer-ile-gorustu-ikili-iliskiler-bolgesel-ve-kuresel-meseleler-ele-alindi\\\/\"},\"wordCount\":247,\"commentCount\":0,\"image\":{\"@id\":\"https:\\\/\\\/kuzeyinsesi.org\\\/index.php\\\/2024\\\/11\\\/12\\\/erdogan-ingiltere-basbakani-starmer-ile-gorustu-ikili-iliskiler-bolgesel-ve-kuresel-meseleler-ele-alindi\\\/#primaryimage\"},\"thumbnailUrl\":\"https:\\\/\\\/kuzeyinsesi.org\\\/wp-content\\\/uploads\\\/2024\\\/11\\\/thumbs-b-c-a1f290faaf96d6d43a131c4274f7d947.jpg\",\"articleSection\":[\"T\u00fcrkiye\"],\"inLanguage\":\"tr\",\"potentialAction\":[{\"@type\":\"CommentAction\",\"name\":\"Comment\",\"target\":[\"https:\\\/\\\/kuzeyinsesi.org\\\/index.php\\\/2024\\\/11\\\/12\\\/erdogan-ingiltere-basbakani-starmer-ile-gorustu-ikili-iliskiler-bolgesel-ve-kuresel-meseleler-ele-alindi\\\/#respond\"]}]},{\"@type\":\"WebPage\",\"@id\":\"https:\\\/\\\/kuzeyinsesi.org\\\/index.php\\\/2024\\\/11\\\/12\\\/erdogan-ingiltere-basbakani-starmer-ile-gorustu-ikili-iliskiler-bolgesel-ve-kuresel-meseleler-ele-alindi\\\/\",\"url\":\"https:\\\/\\\/kuzeyinsesi.org\\\/index.php\\\/2024\\\/11\\\/12\\\/erdogan-ingiltere-basbakani-starmer-ile-gorustu-ikili-iliskiler-bolgesel-ve-kuresel-meseleler-ele-alindi\\\/\",\"name\":\"Erdo\u011fan, \u0130ngiltere Ba\u015fbakan\u0131 Starmer ile g\u00f6r\u00fc\u015ft\u00fc: \u0130kili ili\u015fkiler, b\u00f6lgesel ve k\u00fcresel meseleler ele al\u0131nd\u0131 - Kuzeyin Sesi\",\"isPartOf\":{\"@id\":\"https:\\\/\\\/kuzeyinsesi.org\\\/#website\"},\"primaryImageOfPage\":{\"@id\":\"https:\\\/\\\/kuzeyinsesi.org\\\/index.php\\\/2024\\\/11\\\/12\\\/erdogan-ingiltere-basbakani-starmer-ile-gorustu-ikili-iliskiler-bolgesel-ve-kuresel-meseleler-ele-alindi\\\/#primaryimage\"},\"image\":{\"@id\":\"https:\\\/\\\/kuzeyinsesi.org\\\/index.php\\\/2024\\\/11\\\/12\\\/erdogan-ingiltere-basbakani-starmer-ile-gorustu-ikili-iliskiler-bolgesel-ve-kuresel-meseleler-ele-alindi\\\/#primaryimage\"},\"thumbnailUrl\":\"https:\\\/\\\/kuzeyinsesi.org\\\/wp-content\\\/uploads\\\/2024\\\/11\\\/thumbs-b-c-a1f290faaf96d6d43a131c4274f7d947.jpg\",\"datePublished\":\"2024-11-12T13:57:16+00:00\",\"author\":{\"@id\":\"https:\\\/\\\/kuzeyinsesi.org\\\/#\\\/schema\\\/person\\\/9f859689cdf01485597712386e37f5aa\"},\"breadcrumb\":{\"@id\":\"https:\\\/\\\/kuzeyinsesi.org\\\/index.php\\\/2024\\\/11\\\/12\\\/erdogan-ingiltere-basbakani-starmer-ile-gorustu-ikili-iliskiler-bolgesel-ve-kuresel-meseleler-ele-alindi\\\/#breadcrumb\"},\"inLanguage\":\"tr\",\"potentialAction\":[{\"@type\":\"ReadAction\",\"target\":[\"https:\\\/\\\/kuzeyinsesi.org\\\/index.php\\\/2024\\\/11\\\/12\\\/erdogan-ingiltere-basbakani-starmer-ile-gorustu-ikili-iliskiler-bolgesel-ve-kuresel-meseleler-ele-alindi\\\/\"]}]},{\"@type\":\"ImageObject\",\"inLanguage\":\"tr\",\"@id\":\"https:\\\/\\\/kuzeyinsesi.org\\\/index.php\\\/2024\\\/11\\\/12\\\/erdogan-ingiltere-basbakani-starmer-ile-gorustu-ikili-iliskiler-bolgesel-ve-kuresel-meseleler-ele-alindi\\\/#primaryimage\",\"url\":\"https:\\\/\\\/kuzeyinsesi.org\\\/wp-content\\\/uploads\\\/2024\\\/11\\\/thumbs-b-c-a1f290faaf96d6d43a131c4274f7d947.jpg\",\"contentUrl\":\"https:\\\/\\\/kuzeyinsesi.org\\\/wp-content\\\/uploads\\\/2024\\\/11\\\/thumbs-b-c-a1f290faaf96d6d43a131c4274f7d947.jpg\",\"width\":864,\"height\":486},{\"@type\":\"BreadcrumbList\",\"@id\":\"https:\\\/\\\/kuzeyinsesi.org\\\/index.php\\\/2024\\\/11\\\/12\\\/erdogan-ingiltere-basbakani-starmer-ile-gorustu-ikili-iliskiler-bolgesel-ve-kuresel-meseleler-ele-alindi\\\/#breadcrumb\",\"itemListElement\":[{\"@type\":\"ListItem\",\"position\":1,\"name\":\"Anasayfa\",\"item\":\"https:\\\/\\\/kuzeyinsesi.org\\\/\"},{\"@type\":\"ListItem\",\"position\":2,\"name\":\"Erdo\u011fan, \u0130ngiltere Ba\u015fbakan\u0131 Starmer ile g\u00f6r\u00fc\u015ft\u00fc: \u0130kili ili\u015fkiler, b\u00f6lgesel ve k\u00fcresel meseleler ele al\u0131nd\u0131\"}]},{\"@type\":\"WebSite\",\"@id\":\"https:\\\/\\\/kuzeyinsesi.org\\\/#website\",\"url\":\"https:\\\/\\\/kuzeyinsesi.org\\\/\",\"name\":\"Kuzeyin Sesi\",\"description\":\"Do\u011fru Haberin Adresi\",\"potentialAction\":[{\"@type\":\"SearchAction\",\"target\":{\"@type\":\"EntryPoint\",\"urlTemplate\":\"https:\\\/\\\/kuzeyinsesi.org\\\/?s={search_term_string}\"},\"query-input\":{\"@type\":\"PropertyValueSpecification\",\"valueRequired\":true,\"valueName\":\"search_term_string\"}}],\"inLanguage\":\"tr\"},{\"@type\":\"Person\",\"@id\":\"https:\\\/\\\/kuzeyinsesi.org\\\/#\\\/schema\\\/person\\\/9f859689cdf01485597712386e37f5aa\",\"name\":\"Kuzeyin Sesi\",\"image\":{\"@type\":\"ImageObject\",\"inLanguage\":\"tr\",\"@id\":\"https:\\\/\\\/secure.gravatar.com\\\/avatar\\\/bab33852abfd8b282518d6ed81826833d77c3c882d9ab608add591ccace47a44?s=96&d=mm&r=g\",\"url\":\"https:\\\/\\\/secure.gravatar.com\\\/avatar\\\/bab33852abfd8b282518d6ed81826833d77c3c882d9ab608add591ccace47a44?s=96&d=mm&r=g\",\"contentUrl\":\"https:\\\/\\\/secure.gravatar.com\\\/avatar\\\/bab33852abfd8b282518d6ed81826833d77c3c882d9ab608add591ccace47a44?s=96&d=mm&r=g\",\"caption\":\"Kuzeyin Sesi\"},\"sameAs\":[\"https:\\\/\\\/kuzeyinsesi.org\"],\"url\":\"https:\\\/\\\/kuzeyinsesi.org\\\/index.php\\\/author\\\/guven\\\/\"}]}<\/script>\n<!-- \/ Yoast SEO plugin. -->","yoast_head_json":{"title":"Erdo\u011fan, \u0130ngiltere Ba\u015fbakan\u0131 Starmer ile g\u00f6r\u00fc\u015ft\u00fc: \u0130kili ili\u015fkiler, b\u00f6lgesel ve k\u00fcresel meseleler ele al\u0131nd\u0131 - Kuzeyin Sesi","robots":{"index":"index","follow":"follow","max-snippet":"max-snippet:-1","max-image-preview":"max-image-preview:large","max-video-preview":"max-video-preview:-1"},"canonical":"https:\/\/kuzeyinsesi.org\/index.php\/2024\/11\/12\/erdogan-ingiltere-basbakani-starmer-ile-gorustu-ikili-iliskiler-bolgesel-ve-kuresel-meseleler-ele-alindi\/","og_locale":"tr_TR","og_type":"article","og_title":"Erdo\u011fan, \u0130ngiltere Ba\u015fbakan\u0131 Starmer ile g\u00f6r\u00fc\u015ft\u00fc: \u0130kili ili\u015fkiler, b\u00f6lgesel ve k\u00fcresel meseleler ele al\u0131nd\u0131 - Kuzeyin Sesi","og_description":"T\u00fcrkiye Cumhurba\u015fkan\u0131 Recep Tayyip Erdo\u011fan, Azerbaycan\u2019\u0131n ba\u015fkenti Bak\u00fc\u2019de, \u0130ngiltere Ba\u015fbakan\u0131 Keir Starmer ile g\u00f6r\u00fc\u015ft\u00fc. Birle\u015fmi\u015f Milletler (BM) \u0130klim De\u011fi\u015fikli\u011fi \u00c7er\u00e7eve S\u00f6zle\u015fmesi 29. Taraflar Konferans\u0131 (COP29) D\u00fcnya Liderleri \u0130klim Zirvesi nedeniyle Bak\u00fc\u2019de bulunan Erdo\u011fan ve Starmer bir araya geldi. Zirvenin yap\u0131ld\u0131\u011f\u0131 alandaki kabul, bas\u0131na kapal\u0131 ger\u00e7ekle\u015ftirildi. Kabulde, T\u00fcrkiye D\u0131\u015fi\u015fleri Bakan\u0131 Hakan Fidan, Cumhurba\u015fkanl\u0131\u011f\u0131 \u0130leti\u015fim Ba\u015fkan\u0131 Fahrettin [&hellip;]","og_url":"https:\/\/kuzeyinsesi.org\/index.php\/2024\/11\/12\/erdogan-ingiltere-basbakani-starmer-ile-gorustu-ikili-iliskiler-bolgesel-ve-kuresel-meseleler-ele-alindi\/","og_site_name":"Kuzeyin Sesi","article_publisher":"https:\/\/www.facebook.com\/kuzeyinsesii","article_published_time":"2024-11-12T13:57:16+00:00","og_image":[{"url":"https:\/\/brtk.net\/wp-content\/uploads\/2024\/11\/12\/thumbs-b-c-a1f290faaf96d6d43a131c4274f7d947.jpg?ver=94aa0d59621dfedd545335472fbd4164","type":"","width":"","height":""}],"author":"Kuzeyin Sesi","twitter_card":"summary_large_image","twitter_creator":"@kuzeyinsesii","twitter_site":"@kuzeyinsesii","twitter_misc":{"Yazan:":"Kuzeyin Sesi","Tahmini okuma s\u00fcresi":"1 dakika"},"schema":{"@context":"https:\/\/schema.org","@graph":[{"@type":"Article","@id":"https:\/\/kuzeyinsesi.org\/index.php\/2024\/11\/12\/erdogan-ingiltere-basbakani-starmer-ile-gorustu-ikili-iliskiler-bolgesel-ve-kuresel-meseleler-ele-alindi\/#article","isPartOf":{"@id":"https:\/\/kuzeyinsesi.org\/index.php\/2024\/11\/12\/erdogan-ingiltere-basbakani-starmer-ile-gorustu-ikili-iliskiler-bolgesel-ve-kuresel-meseleler-ele-alindi\/"},"author":{"name":"Kuzeyin Sesi","@id":"https:\/\/kuzeyinsesi.org\/#\/schema\/person\/9f859689cdf01485597712386e37f5aa"},"headline":"Erdo\u011fan, \u0130ngiltere Ba\u015fbakan\u0131 Starmer ile g\u00f6r\u00fc\u015ft\u00fc: \u0130kili ili\u015fkiler, b\u00f6lgesel ve k\u00fcresel meseleler ele al\u0131nd\u0131","datePublished":"2024-11-12T13:57:16+00:00","mainEntityOfPage":{"@id":"https:\/\/kuzeyinsesi.org\/index.php\/2024\/11\/12\/erdogan-ingiltere-basbakani-starmer-ile-gorustu-ikili-iliskiler-bolgesel-ve-kuresel-meseleler-ele-alindi\/"},"wordCount":247,"commentCount":0,"image":{"@id":"https:\/\/kuzeyinsesi.org\/index.php\/2024\/11\/12\/erdogan-ingiltere-basbakani-starmer-ile-gorustu-ikili-iliskiler-bolgesel-ve-kuresel-meseleler-ele-alindi\/#primaryimage"},"thumbnailUrl":"https:\/\/kuzeyinsesi.org\/wp-content\/uploads\/2024\/11\/thumbs-b-c-a1f290faaf96d6d43a131c4274f7d947.jpg","articleSection":["T\u00fcrkiye"],"inLanguage":"tr","potentialAction":[{"@type":"CommentAction","name":"Comment","target":["https:\/\/kuzeyinsesi.org\/index.php\/2024\/11\/12\/erdogan-ingiltere-basbakani-starmer-ile-gorustu-ikili-iliskiler-bolgesel-ve-kuresel-meseleler-ele-alindi\/#respond"]}]},{"@type":"WebPage","@id":"https:\/\/kuzeyinsesi.org\/index.php\/2024\/11\/12\/erdogan-ingiltere-basbakani-starmer-ile-gorustu-ikili-iliskiler-bolgesel-ve-kuresel-meseleler-ele-alindi\/","url":"https:\/\/kuzeyinsesi.org\/index.php\/2024\/11\/12\/erdogan-ingiltere-basbakani-starmer-ile-gorustu-ikili-iliskiler-bolgesel-ve-kuresel-meseleler-ele-alindi\/","name":"Erdo\u011fan, \u0130ngiltere Ba\u015fbakan\u0131 Starmer ile g\u00f6r\u00fc\u015ft\u00fc: \u0130kili ili\u015fkiler, b\u00f6lgesel ve k\u00fcresel meseleler ele al\u0131nd\u0131 - Kuzeyin Sesi","isPartOf":{"@id":"https:\/\/kuzeyinsesi.org\/#website"},"primaryImageOfPage":{"@id":"https:\/\/kuzeyinsesi.org\/index.php\/2024\/11\/12\/erdogan-ingiltere-basbakani-starmer-ile-gorustu-ikili-iliskiler-bolgesel-ve-kuresel-meseleler-ele-alindi\/#primaryimage"},"image":{"@id":"https:\/\/kuzeyinsesi.org\/index.php\/2024\/11\/12\/erdogan-ingiltere-basbakani-starmer-ile-gorustu-ikili-iliskiler-bolgesel-ve-kuresel-meseleler-ele-alindi\/#primaryimage"},"thumbnailUrl":"https:\/\/kuzeyinsesi.org\/wp-content\/uploads\/2024\/11\/thumbs-b-c-a1f290faaf96d6d43a131c4274f7d947.jpg","datePublished":"2024-11-12T13:57:16+00:00","author":{"@id":"https:\/\/kuzeyinsesi.org\/#\/schema\/person\/9f859689cdf01485597712386e37f5aa"},"breadcrumb":{"@id":"https:\/\/kuzeyinsesi.org\/index.php\/2024\/11\/12\/erdogan-ingiltere-basbakani-starmer-ile-gorustu-ikili-iliskiler-bolgesel-ve-kuresel-meseleler-ele-alindi\/#breadcrumb"},"inLanguage":"tr","potentialAction":[{"@type":"ReadAction","target":["https:\/\/kuzeyinsesi.org\/index.php\/2024\/11\/12\/erdogan-ingiltere-basbakani-starmer-ile-gorustu-ikili-iliskiler-bolgesel-ve-kuresel-meseleler-ele-alindi\/"]}]},{"@type":"ImageObject","inLanguage":"tr","@id":"https:\/\/kuzeyinsesi.org\/index.php\/2024\/11\/12\/erdogan-ingiltere-basbakani-starmer-ile-gorustu-ikili-iliskiler-bolgesel-ve-kuresel-meseleler-ele-alindi\/#primaryimage","url":"https:\/\/kuzeyinsesi.org\/wp-content\/uploads\/2024\/11\/thumbs-b-c-a1f290faaf96d6d43a131c4274f7d947.jpg","contentUrl":"https:\/\/kuzeyinsesi.org\/wp-content\/uploads\/2024\/11\/thumbs-b-c-a1f290faaf96d6d43a131c4274f7d947.jpg","width":864,"height":486},{"@type":"BreadcrumbList","@id":"https:\/\/kuzeyinsesi.org\/index.php\/2024\/11\/12\/erdogan-ingiltere-basbakani-starmer-ile-gorustu-ikili-iliskiler-bolgesel-ve-kuresel-meseleler-ele-alindi\/#breadcrumb","itemListElement":[{"@type":"ListItem","position":1,"name":"Anasayfa","item":"https:\/\/kuzeyinsesi.org\/"},{"@type":"ListItem","position":2,"name":"Erdo\u011fan, \u0130ngiltere Ba\u015fbakan\u0131 Starmer ile g\u00f6r\u00fc\u015ft\u00fc: \u0130kili ili\u015fkiler, b\u00f6lgesel ve k\u00fcresel meseleler ele al\u0131nd\u0131"}]},{"@type":"WebSite","@id":"https:\/\/kuzeyinsesi.org\/#website","url":"https:\/\/kuzeyinsesi.org\/","name":"Kuzeyin Sesi","description":"Do\u011fru Haberin Adresi","potentialAction":[{"@type":"SearchAction","target":{"@type":"EntryPoint","urlTemplate":"https:\/\/kuzeyinsesi.org\/?s={search_term_string}"},"query-input":{"@type":"PropertyValueSpecification","valueRequired":true,"valueName":"search_term_string"}}],"inLanguage":"tr"},{"@type":"Person","@id":"https:\/\/kuzeyinsesi.org\/#\/schema\/person\/9f859689cdf01485597712386e37f5aa","name":"Kuzeyin Sesi","image":{"@type":"ImageObject","inLanguage":"tr","@id":"https:\/\/secure.gravatar.com\/avatar\/bab33852abfd8b282518d6ed81826833d77c3c882d9ab608add591ccace47a44?s=96&d=mm&r=g","url":"https:\/\/secure.gravatar.com\/avatar\/bab33852abfd8b282518d6ed81826833d77c3c882d9ab608add591ccace47a44?s=96&d=mm&r=g","contentUrl":"https:\/\/secure.gravatar.com\/avatar\/bab33852abfd8b282518d6ed81826833d77c3c882d9ab608add591ccace47a44?s=96&d=mm&r=g","caption":"Kuzeyin Sesi"},"sameAs":["https:\/\/kuzeyinsesi.org"],"url":"https:\/\/kuzeyinsesi.org\/index.php\/author\/guven\/"}]}},"_links":{"self":[{"href":"https:\/\/kuzeyinsesi.org\/index.php\/wp-json\/wp\/v2\/posts\/13357","targetHints":{"allow":["GET"]}}],"collection":[{"href":"https:\/\/kuzeyinsesi.org\/index.php\/wp-json\/wp\/v2\/posts"}],"about":[{"href":"https:\/\/kuzeyinsesi.org\/index.php\/wp-json\/wp\/v2\/types\/post"}],"author":[{"embeddable":true,"href":"https:\/\/kuzeyinsesi.org\/index.php\/wp-json\/wp\/v2\/users\/1"}],"replies":[{"embeddable":true,"href":"https:\/\/kuzeyinsesi.org\/index.php\/wp-json\/wp\/v2\/comments?post=13357"}],"version-history":[{"count":0,"href":"https:\/\/kuzeyinsesi.org\/index.php\/wp-json\/wp\/v2\/posts\/13357\/revisions"}],"wp:featuredmedia":[{"embeddable":true,"href":"https:\/\/kuzeyinsesi.org\/index.php\/wp-json\/wp\/v2\/media\/13358"}],"wp:attachment":[{"href":"https:\/\/kuzeyinsesi.org\/index.php\/wp-json\/wp\/v2\/media?parent=13357"}],"wp:term":[{"taxonomy":"category","embeddable":true,"href":"https:\/\/kuzeyinsesi.org\/index.php\/wp-json\/wp\/v2\/categories?post=13357"},{"taxonomy":"post_tag","embeddable":true,"href":"https:\/\/kuzeyinsesi.org\/index.php\/wp-json\/wp\/v2\/tags?post=13357"}],"curies":[{"name":"wp","href":"https:\/\/api.w.org\/{rel}","templated":true}]}}