{"id":1335,"date":"2024-05-05T01:47:53","date_gmt":"2024-05-04T22:47:53","guid":{"rendered":"https:\/\/kuzeyinsesi.com\/index.php\/2024\/05\/05\/hamastan-israil-ordusuna-refah-tehdidi\/"},"modified":"2024-05-05T01:47:53","modified_gmt":"2024-05-04T22:47:53","slug":"hamastan-israil-ordusuna-refah-tehdidi","status":"publish","type":"post","link":"https:\/\/kuzeyinsesi.org\/index.php\/2024\/05\/05\/hamastan-israil-ordusuna-refah-tehdidi\/","title":{"rendered":"Hamas&#039;tan \u0130srail ordusuna Refah tehdidi"},"content":{"rendered":"<p><\/p>\n<div>\n<p>&#13;<br \/>\n\t<a href=\"https:\/\/www.trthaber.com\/etiket\/hamas\/\" target=\"_blank\" rel=\"noopener\">Hamas<\/a> Hareketi Siyasi B\u00fcro \u00dcyesi \u0130zzet er-Ri\u015fk&#8217;in konuya ili\u015fkin a\u00e7\u0131klamas\u0131, Hamas&#8217;\u0131n <a href=\"https:\/\/www.trthaber.com\/etiket\/telegram\/\" target=\"_blank\" rel=\"noopener\">Telegram<\/a> platformundaki hesab\u0131nda yay\u0131mland\u0131.<\/p>\n<p>&#13;<br \/>\n\tRi\u015fk, a\u00e7\u0131klamas\u0131nda, &#8220;Bizi Refah&#8217;a kara harekat\u0131 d\u00fczenlemekle tehdit ediyorlar, biz de onlar\u0131 ba\u015far\u0131s\u0131zl\u0131\u011fa ve yenilgiye u\u011fratma s\u00f6z\u00fc veriyoruz.&#8221; ifadesini kulland\u0131.<\/p>\n<p>&#13;<br \/>\n\tHamasl\u0131 yetkili Ri\u015fk&#8217;in a\u00e7\u0131klamas\u0131, <a href=\"https:\/\/www.trthaber.com\/etiket\/gazze\/\" target=\"_blank\" rel=\"noopener\">Gazze<\/a> \u015eeridi&#8217;nde ate\u015fkes g\u00f6r\u00fc\u015fmeleri i\u00e7in yola \u00e7\u0131kan Hamas heyetinin ba\u015fkent Kahire&#8217;ye ula\u015fmas\u0131ndan k\u0131sa s\u00fcre sonra geldi.<\/p>\n<p>&#13;<br \/>\n\t<a href=\"https:\/\/www.trthaber.com\/etiket\/misir\/\" target=\"_blank\" rel=\"noopener\">M\u0131s\u0131r<\/a> medyas\u0131, Gazze \u015eeridi&#8217;nde ate\u015fkes g\u00f6r\u00fc\u015fmeleri i\u00e7in yola \u00e7\u0131kan Hamas heyetinin bug\u00fcn ba\u015fkent Kahire&#8217;ye ula\u015ft\u0131\u011f\u0131n\u0131 duyurmu\u015ftu.<\/p>\n<\/p><\/div>\n","protected":false},"excerpt":{"rendered":"<p>&#13; Hamas Hareketi Siyasi B\u00fcro \u00dcyesi \u0130zzet er-Ri\u015fk&#8217;in konuya ili\u015fkin a\u00e7\u0131klamas\u0131, Hamas&#8217;\u0131n Telegram platformundaki hesab\u0131nda yay\u0131mland\u0131. &#13; Ri\u015fk, a\u00e7\u0131klamas\u0131nda, &#8220;Bizi Refah&#8217;a kara harekat\u0131 d\u00fczenlemekle tehdit ediyorlar, biz de onlar\u0131 ba\u015far\u0131s\u0131zl\u0131\u011fa ve yenilgiye u\u011fratma s\u00f6z\u00fc veriyoruz.&#8221; ifadesini kulland\u0131. &#13; Hamasl\u0131 yetkili Ri\u015fk&#8217;in a\u00e7\u0131klamas\u0131, Gazze \u015eeridi&#8217;nde ate\u015fkes g\u00f6r\u00fc\u015fmeleri i\u00e7in yola \u00e7\u0131kan Hamas heyetinin ba\u015fkent Kahire&#8217;ye ula\u015fmas\u0131ndan k\u0131sa [&hellip;]<\/p>\n","protected":false},"author":1,"featured_media":1336,"comment_status":"open","ping_status":"open","sticky":false,"template":"","format":"standard","meta":{"jnews-multi-image_gallery":[],"jnews_single_post":[],"jnews_primary_category":[],"jnews_social_meta":[],"jnews_override_counter":[],"footnotes":""},"categories":[2],"tags":[],"class_list":["post-1335","post","type-post","status-publish","format-standard","has-post-thumbnail","hentry","category-dunya"],"yoast_head":"<!-- This site is optimized with the Yoast SEO plugin v27.5 - https:\/\/yoast.com\/product\/yoast-seo-wordpress\/ -->\n<title>Hamas&#039;tan \u0130srail ordusuna Refah tehdidi - Kuzeyin Sesi<\/title>\n<meta name=\"robots\" content=\"index, follow, max-snippet:-1, max-image-preview:large, max-video-preview:-1\" \/>\n<link rel=\"canonical\" href=\"https:\/\/kuzeyinsesi.org\/index.php\/2024\/05\/05\/hamastan-israil-ordusuna-refah-tehdidi\/\" \/>\n<meta property=\"og:locale\" content=\"tr_TR\" \/>\n<meta property=\"og:type\" content=\"article\" \/>\n<meta property=\"og:title\" content=\"Hamas&#039;tan \u0130srail ordusuna Refah tehdidi - Kuzeyin Sesi\" \/>\n<meta property=\"og:description\" content=\"&#013; Hamas Hareketi Siyasi B\u00fcro \u00dcyesi \u0130zzet er-Ri\u015fk&#8217;in konuya ili\u015fkin a\u00e7\u0131klamas\u0131, Hamas&#8217;\u0131n Telegram platformundaki hesab\u0131nda yay\u0131mland\u0131. &#013; Ri\u015fk, a\u00e7\u0131klamas\u0131nda, &#8220;Bizi Refah&#8217;a kara harekat\u0131 d\u00fczenlemekle tehdit ediyorlar, biz de onlar\u0131 ba\u015far\u0131s\u0131zl\u0131\u011fa ve yenilgiye u\u011fratma s\u00f6z\u00fc veriyoruz.&#8221; ifadesini kulland\u0131. &#013; Hamasl\u0131 yetkili Ri\u015fk&#8217;in a\u00e7\u0131klamas\u0131, Gazze \u015eeridi&#8217;nde ate\u015fkes g\u00f6r\u00fc\u015fmeleri i\u00e7in yola \u00e7\u0131kan Hamas heyetinin ba\u015fkent Kahire&#8217;ye ula\u015fmas\u0131ndan k\u0131sa [&hellip;]\" \/>\n<meta property=\"og:url\" content=\"https:\/\/kuzeyinsesi.org\/index.php\/2024\/05\/05\/hamastan-israil-ordusuna-refah-tehdidi\/\" \/>\n<meta property=\"og:site_name\" content=\"Kuzeyin Sesi\" \/>\n<meta property=\"article:publisher\" content=\"https:\/\/www.facebook.com\/kuzeyinsesii\" \/>\n<meta property=\"article:published_time\" content=\"2024-05-04T22:47:53+00:00\" \/>\n<meta property=\"og:image\" content=\"https:\/\/kuzeyinsesi.org\/wp-content\/uploads\/2024\/05\/rafah-aa-2185488.jpg\" \/>\n\t<meta property=\"og:image:width\" content=\"1280\" \/>\n\t<meta property=\"og:image:height\" content=\"720\" \/>\n\t<meta property=\"og:image:type\" content=\"image\/jpeg\" \/>\n<meta name=\"author\" content=\"Kuzeyin Sesi\" \/>\n<meta name=\"twitter:card\" content=\"summary_large_image\" \/>\n<meta name=\"twitter:creator\" content=\"@kuzeyinsesii\" \/>\n<meta name=\"twitter:site\" content=\"@kuzeyinsesii\" \/>\n<meta name=\"twitter:label1\" content=\"Yazan:\" \/>\n\t<meta name=\"twitter:data1\" content=\"Kuzeyin Sesi\" \/>\n\t<meta name=\"twitter:label2\" content=\"Tahmini okuma s\u00fcresi\" \/>\n\t<meta name=\"twitter:data2\" content=\"1 dakika\" \/>\n<script type=\"application\/ld+json\" class=\"yoast-schema-graph\">{\"@context\":\"https:\\\/\\\/schema.org\",\"@graph\":[{\"@type\":\"Article\",\"@id\":\"https:\\\/\\\/kuzeyinsesi.org\\\/index.php\\\/2024\\\/05\\\/05\\\/hamastan-israil-ordusuna-refah-tehdidi\\\/#article\",\"isPartOf\":{\"@id\":\"https:\\\/\\\/kuzeyinsesi.org\\\/index.php\\\/2024\\\/05\\\/05\\\/hamastan-israil-ordusuna-refah-tehdidi\\\/\"},\"author\":{\"name\":\"Kuzeyin Sesi\",\"@id\":\"https:\\\/\\\/kuzeyinsesi.org\\\/#\\\/schema\\\/person\\\/9f859689cdf01485597712386e37f5aa\"},\"headline\":\"Hamas&#039;tan \u0130srail ordusuna Refah tehdidi\",\"datePublished\":\"2024-05-04T22:47:53+00:00\",\"mainEntityOfPage\":{\"@id\":\"https:\\\/\\\/kuzeyinsesi.org\\\/index.php\\\/2024\\\/05\\\/05\\\/hamastan-israil-ordusuna-refah-tehdidi\\\/\"},\"wordCount\":123,\"commentCount\":0,\"image\":{\"@id\":\"https:\\\/\\\/kuzeyinsesi.org\\\/index.php\\\/2024\\\/05\\\/05\\\/hamastan-israil-ordusuna-refah-tehdidi\\\/#primaryimage\"},\"thumbnailUrl\":\"https:\\\/\\\/kuzeyinsesi.org\\\/wp-content\\\/uploads\\\/2024\\\/05\\\/rafah-aa-2185488.jpg\",\"articleSection\":[\"D\u00fcnya\"],\"inLanguage\":\"tr\",\"potentialAction\":[{\"@type\":\"CommentAction\",\"name\":\"Comment\",\"target\":[\"https:\\\/\\\/kuzeyinsesi.org\\\/index.php\\\/2024\\\/05\\\/05\\\/hamastan-israil-ordusuna-refah-tehdidi\\\/#respond\"]}]},{\"@type\":\"WebPage\",\"@id\":\"https:\\\/\\\/kuzeyinsesi.org\\\/index.php\\\/2024\\\/05\\\/05\\\/hamastan-israil-ordusuna-refah-tehdidi\\\/\",\"url\":\"https:\\\/\\\/kuzeyinsesi.org\\\/index.php\\\/2024\\\/05\\\/05\\\/hamastan-israil-ordusuna-refah-tehdidi\\\/\",\"name\":\"Hamas&#039;tan \u0130srail ordusuna Refah tehdidi - Kuzeyin Sesi\",\"isPartOf\":{\"@id\":\"https:\\\/\\\/kuzeyinsesi.org\\\/#website\"},\"primaryImageOfPage\":{\"@id\":\"https:\\\/\\\/kuzeyinsesi.org\\\/index.php\\\/2024\\\/05\\\/05\\\/hamastan-israil-ordusuna-refah-tehdidi\\\/#primaryimage\"},\"image\":{\"@id\":\"https:\\\/\\\/kuzeyinsesi.org\\\/index.php\\\/2024\\\/05\\\/05\\\/hamastan-israil-ordusuna-refah-tehdidi\\\/#primaryimage\"},\"thumbnailUrl\":\"https:\\\/\\\/kuzeyinsesi.org\\\/wp-content\\\/uploads\\\/2024\\\/05\\\/rafah-aa-2185488.jpg\",\"datePublished\":\"2024-05-04T22:47:53+00:00\",\"author\":{\"@id\":\"https:\\\/\\\/kuzeyinsesi.org\\\/#\\\/schema\\\/person\\\/9f859689cdf01485597712386e37f5aa\"},\"breadcrumb\":{\"@id\":\"https:\\\/\\\/kuzeyinsesi.org\\\/index.php\\\/2024\\\/05\\\/05\\\/hamastan-israil-ordusuna-refah-tehdidi\\\/#breadcrumb\"},\"inLanguage\":\"tr\",\"potentialAction\":[{\"@type\":\"ReadAction\",\"target\":[\"https:\\\/\\\/kuzeyinsesi.org\\\/index.php\\\/2024\\\/05\\\/05\\\/hamastan-israil-ordusuna-refah-tehdidi\\\/\"]}]},{\"@type\":\"ImageObject\",\"inLanguage\":\"tr\",\"@id\":\"https:\\\/\\\/kuzeyinsesi.org\\\/index.php\\\/2024\\\/05\\\/05\\\/hamastan-israil-ordusuna-refah-tehdidi\\\/#primaryimage\",\"url\":\"https:\\\/\\\/kuzeyinsesi.org\\\/wp-content\\\/uploads\\\/2024\\\/05\\\/rafah-aa-2185488.jpg\",\"contentUrl\":\"https:\\\/\\\/kuzeyinsesi.org\\\/wp-content\\\/uploads\\\/2024\\\/05\\\/rafah-aa-2185488.jpg\",\"width\":1280,\"height\":720},{\"@type\":\"BreadcrumbList\",\"@id\":\"https:\\\/\\\/kuzeyinsesi.org\\\/index.php\\\/2024\\\/05\\\/05\\\/hamastan-israil-ordusuna-refah-tehdidi\\\/#breadcrumb\",\"itemListElement\":[{\"@type\":\"ListItem\",\"position\":1,\"name\":\"Anasayfa\",\"item\":\"https:\\\/\\\/kuzeyinsesi.org\\\/\"},{\"@type\":\"ListItem\",\"position\":2,\"name\":\"Hamas&#039;tan \u0130srail ordusuna Refah tehdidi\"}]},{\"@type\":\"WebSite\",\"@id\":\"https:\\\/\\\/kuzeyinsesi.org\\\/#website\",\"url\":\"https:\\\/\\\/kuzeyinsesi.org\\\/\",\"name\":\"Kuzeyin Sesi\",\"description\":\"Do\u011fru Haberin Adresi\",\"potentialAction\":[{\"@type\":\"SearchAction\",\"target\":{\"@type\":\"EntryPoint\",\"urlTemplate\":\"https:\\\/\\\/kuzeyinsesi.org\\\/?s={search_term_string}\"},\"query-input\":{\"@type\":\"PropertyValueSpecification\",\"valueRequired\":true,\"valueName\":\"search_term_string\"}}],\"inLanguage\":\"tr\"},{\"@type\":\"Person\",\"@id\":\"https:\\\/\\\/kuzeyinsesi.org\\\/#\\\/schema\\\/person\\\/9f859689cdf01485597712386e37f5aa\",\"name\":\"Kuzeyin Sesi\",\"image\":{\"@type\":\"ImageObject\",\"inLanguage\":\"tr\",\"@id\":\"https:\\\/\\\/secure.gravatar.com\\\/avatar\\\/bab33852abfd8b282518d6ed81826833d77c3c882d9ab608add591ccace47a44?s=96&d=mm&r=g\",\"url\":\"https:\\\/\\\/secure.gravatar.com\\\/avatar\\\/bab33852abfd8b282518d6ed81826833d77c3c882d9ab608add591ccace47a44?s=96&d=mm&r=g\",\"contentUrl\":\"https:\\\/\\\/secure.gravatar.com\\\/avatar\\\/bab33852abfd8b282518d6ed81826833d77c3c882d9ab608add591ccace47a44?s=96&d=mm&r=g\",\"caption\":\"Kuzeyin Sesi\"},\"sameAs\":[\"https:\\\/\\\/kuzeyinsesi.org\"],\"url\":\"https:\\\/\\\/kuzeyinsesi.org\\\/index.php\\\/author\\\/guven\\\/\"}]}<\/script>\n<!-- \/ Yoast SEO plugin. -->","yoast_head_json":{"title":"Hamas&#039;tan \u0130srail ordusuna Refah tehdidi - Kuzeyin Sesi","robots":{"index":"index","follow":"follow","max-snippet":"max-snippet:-1","max-image-preview":"max-image-preview:large","max-video-preview":"max-video-preview:-1"},"canonical":"https:\/\/kuzeyinsesi.org\/index.php\/2024\/05\/05\/hamastan-israil-ordusuna-refah-tehdidi\/","og_locale":"tr_TR","og_type":"article","og_title":"Hamas&#039;tan \u0130srail ordusuna Refah tehdidi - Kuzeyin Sesi","og_description":"&#13; Hamas Hareketi Siyasi B\u00fcro \u00dcyesi \u0130zzet er-Ri\u015fk&#8217;in konuya ili\u015fkin a\u00e7\u0131klamas\u0131, Hamas&#8217;\u0131n Telegram platformundaki hesab\u0131nda yay\u0131mland\u0131. &#13; Ri\u015fk, a\u00e7\u0131klamas\u0131nda, &#8220;Bizi Refah&#8217;a kara harekat\u0131 d\u00fczenlemekle tehdit ediyorlar, biz de onlar\u0131 ba\u015far\u0131s\u0131zl\u0131\u011fa ve yenilgiye u\u011fratma s\u00f6z\u00fc veriyoruz.&#8221; ifadesini kulland\u0131. &#13; Hamasl\u0131 yetkili Ri\u015fk&#8217;in a\u00e7\u0131klamas\u0131, Gazze \u015eeridi&#8217;nde ate\u015fkes g\u00f6r\u00fc\u015fmeleri i\u00e7in yola \u00e7\u0131kan Hamas heyetinin ba\u015fkent Kahire&#8217;ye ula\u015fmas\u0131ndan k\u0131sa [&hellip;]","og_url":"https:\/\/kuzeyinsesi.org\/index.php\/2024\/05\/05\/hamastan-israil-ordusuna-refah-tehdidi\/","og_site_name":"Kuzeyin Sesi","article_publisher":"https:\/\/www.facebook.com\/kuzeyinsesii","article_published_time":"2024-05-04T22:47:53+00:00","og_image":[{"width":1280,"height":720,"url":"https:\/\/kuzeyinsesi.org\/wp-content\/uploads\/2024\/05\/rafah-aa-2185488.jpg","type":"image\/jpeg"}],"author":"Kuzeyin Sesi","twitter_card":"summary_large_image","twitter_creator":"@kuzeyinsesii","twitter_site":"@kuzeyinsesii","twitter_misc":{"Yazan:":"Kuzeyin Sesi","Tahmini okuma s\u00fcresi":"1 dakika"},"schema":{"@context":"https:\/\/schema.org","@graph":[{"@type":"Article","@id":"https:\/\/kuzeyinsesi.org\/index.php\/2024\/05\/05\/hamastan-israil-ordusuna-refah-tehdidi\/#article","isPartOf":{"@id":"https:\/\/kuzeyinsesi.org\/index.php\/2024\/05\/05\/hamastan-israil-ordusuna-refah-tehdidi\/"},"author":{"name":"Kuzeyin Sesi","@id":"https:\/\/kuzeyinsesi.org\/#\/schema\/person\/9f859689cdf01485597712386e37f5aa"},"headline":"Hamas&#039;tan \u0130srail ordusuna Refah tehdidi","datePublished":"2024-05-04T22:47:53+00:00","mainEntityOfPage":{"@id":"https:\/\/kuzeyinsesi.org\/index.php\/2024\/05\/05\/hamastan-israil-ordusuna-refah-tehdidi\/"},"wordCount":123,"commentCount":0,"image":{"@id":"https:\/\/kuzeyinsesi.org\/index.php\/2024\/05\/05\/hamastan-israil-ordusuna-refah-tehdidi\/#primaryimage"},"thumbnailUrl":"https:\/\/kuzeyinsesi.org\/wp-content\/uploads\/2024\/05\/rafah-aa-2185488.jpg","articleSection":["D\u00fcnya"],"inLanguage":"tr","potentialAction":[{"@type":"CommentAction","name":"Comment","target":["https:\/\/kuzeyinsesi.org\/index.php\/2024\/05\/05\/hamastan-israil-ordusuna-refah-tehdidi\/#respond"]}]},{"@type":"WebPage","@id":"https:\/\/kuzeyinsesi.org\/index.php\/2024\/05\/05\/hamastan-israil-ordusuna-refah-tehdidi\/","url":"https:\/\/kuzeyinsesi.org\/index.php\/2024\/05\/05\/hamastan-israil-ordusuna-refah-tehdidi\/","name":"Hamas&#039;tan \u0130srail ordusuna Refah tehdidi - Kuzeyin Sesi","isPartOf":{"@id":"https:\/\/kuzeyinsesi.org\/#website"},"primaryImageOfPage":{"@id":"https:\/\/kuzeyinsesi.org\/index.php\/2024\/05\/05\/hamastan-israil-ordusuna-refah-tehdidi\/#primaryimage"},"image":{"@id":"https:\/\/kuzeyinsesi.org\/index.php\/2024\/05\/05\/hamastan-israil-ordusuna-refah-tehdidi\/#primaryimage"},"thumbnailUrl":"https:\/\/kuzeyinsesi.org\/wp-content\/uploads\/2024\/05\/rafah-aa-2185488.jpg","datePublished":"2024-05-04T22:47:53+00:00","author":{"@id":"https:\/\/kuzeyinsesi.org\/#\/schema\/person\/9f859689cdf01485597712386e37f5aa"},"breadcrumb":{"@id":"https:\/\/kuzeyinsesi.org\/index.php\/2024\/05\/05\/hamastan-israil-ordusuna-refah-tehdidi\/#breadcrumb"},"inLanguage":"tr","potentialAction":[{"@type":"ReadAction","target":["https:\/\/kuzeyinsesi.org\/index.php\/2024\/05\/05\/hamastan-israil-ordusuna-refah-tehdidi\/"]}]},{"@type":"ImageObject","inLanguage":"tr","@id":"https:\/\/kuzeyinsesi.org\/index.php\/2024\/05\/05\/hamastan-israil-ordusuna-refah-tehdidi\/#primaryimage","url":"https:\/\/kuzeyinsesi.org\/wp-content\/uploads\/2024\/05\/rafah-aa-2185488.jpg","contentUrl":"https:\/\/kuzeyinsesi.org\/wp-content\/uploads\/2024\/05\/rafah-aa-2185488.jpg","width":1280,"height":720},{"@type":"BreadcrumbList","@id":"https:\/\/kuzeyinsesi.org\/index.php\/2024\/05\/05\/hamastan-israil-ordusuna-refah-tehdidi\/#breadcrumb","itemListElement":[{"@type":"ListItem","position":1,"name":"Anasayfa","item":"https:\/\/kuzeyinsesi.org\/"},{"@type":"ListItem","position":2,"name":"Hamas&#039;tan \u0130srail ordusuna Refah tehdidi"}]},{"@type":"WebSite","@id":"https:\/\/kuzeyinsesi.org\/#website","url":"https:\/\/kuzeyinsesi.org\/","name":"Kuzeyin Sesi","description":"Do\u011fru Haberin Adresi","potentialAction":[{"@type":"SearchAction","target":{"@type":"EntryPoint","urlTemplate":"https:\/\/kuzeyinsesi.org\/?s={search_term_string}"},"query-input":{"@type":"PropertyValueSpecification","valueRequired":true,"valueName":"search_term_string"}}],"inLanguage":"tr"},{"@type":"Person","@id":"https:\/\/kuzeyinsesi.org\/#\/schema\/person\/9f859689cdf01485597712386e37f5aa","name":"Kuzeyin Sesi","image":{"@type":"ImageObject","inLanguage":"tr","@id":"https:\/\/secure.gravatar.com\/avatar\/bab33852abfd8b282518d6ed81826833d77c3c882d9ab608add591ccace47a44?s=96&d=mm&r=g","url":"https:\/\/secure.gravatar.com\/avatar\/bab33852abfd8b282518d6ed81826833d77c3c882d9ab608add591ccace47a44?s=96&d=mm&r=g","contentUrl":"https:\/\/secure.gravatar.com\/avatar\/bab33852abfd8b282518d6ed81826833d77c3c882d9ab608add591ccace47a44?s=96&d=mm&r=g","caption":"Kuzeyin Sesi"},"sameAs":["https:\/\/kuzeyinsesi.org"],"url":"https:\/\/kuzeyinsesi.org\/index.php\/author\/guven\/"}]}},"_links":{"self":[{"href":"https:\/\/kuzeyinsesi.org\/index.php\/wp-json\/wp\/v2\/posts\/1335","targetHints":{"allow":["GET"]}}],"collection":[{"href":"https:\/\/kuzeyinsesi.org\/index.php\/wp-json\/wp\/v2\/posts"}],"about":[{"href":"https:\/\/kuzeyinsesi.org\/index.php\/wp-json\/wp\/v2\/types\/post"}],"author":[{"embeddable":true,"href":"https:\/\/kuzeyinsesi.org\/index.php\/wp-json\/wp\/v2\/users\/1"}],"replies":[{"embeddable":true,"href":"https:\/\/kuzeyinsesi.org\/index.php\/wp-json\/wp\/v2\/comments?post=1335"}],"version-history":[{"count":0,"href":"https:\/\/kuzeyinsesi.org\/index.php\/wp-json\/wp\/v2\/posts\/1335\/revisions"}],"wp:featuredmedia":[{"embeddable":true,"href":"https:\/\/kuzeyinsesi.org\/index.php\/wp-json\/wp\/v2\/media\/1336"}],"wp:attachment":[{"href":"https:\/\/kuzeyinsesi.org\/index.php\/wp-json\/wp\/v2\/media?parent=1335"}],"wp:term":[{"taxonomy":"category","embeddable":true,"href":"https:\/\/kuzeyinsesi.org\/index.php\/wp-json\/wp\/v2\/categories?post=1335"},{"taxonomy":"post_tag","embeddable":true,"href":"https:\/\/kuzeyinsesi.org\/index.php\/wp-json\/wp\/v2\/tags?post=1335"}],"curies":[{"name":"wp","href":"https:\/\/api.w.org\/{rel}","templated":true}]}}