{"id":13327,"date":"2024-11-12T10:55:31","date_gmt":"2024-11-12T08:55:31","guid":{"rendered":"https:\/\/kuzeyinsesi.org\/index.php\/2024\/11\/12\/kirmizi-bultenle-aranan-mike-gerner-larsen-istanbulda-yakalandi\/"},"modified":"2024-11-12T10:55:31","modified_gmt":"2024-11-12T08:55:31","slug":"kirmizi-bultenle-aranan-mike-gerner-larsen-istanbulda-yakalandi","status":"publish","type":"post","link":"https:\/\/kuzeyinsesi.org\/index.php\/2024\/11\/12\/kirmizi-bultenle-aranan-mike-gerner-larsen-istanbulda-yakalandi\/","title":{"rendered":"K\u0131rm\u0131z\u0131 b\u00fcltenle aranan Mike Gerner Larsen \u0130stanbul\u2019da yakaland\u0131"},"content":{"rendered":"<div>\n<div class=\"mariselle-image-container center\">\n                                            <\/div>\n<p>Interpol taraf\u0131ndan \u201cuyu\u015fturucu madde ticareti\u201d su\u00e7undan k\u0131rm\u0131z\u0131 b\u00fcltenle aranan Mike Gerner Larsen \u0130stanbul\u2019da yakaland\u0131.<\/p>\n<p>T\u00fcrkiye \u0130\u00e7i\u015fleri Bakanl\u0131\u011f\u0131ndan yap\u0131lan a\u00e7\u0131klamada, T\u00fcrk halk\u0131n\u0131n huzurunu ka\u00e7\u0131ran uluslararas\u0131 organize su\u00e7 \u00f6rg\u00fctlerine ve uyu\u015fturucu sat\u0131c\u0131lar\u0131na g\u00f6z a\u00e7t\u0131r\u0131lmayaca\u011f\u0131 belirtildi.<\/p>\n<p>\u0130stanbul\u2019da \u201cKuyu-38\u201d operasyonu d\u00fczenlendi\u011fi ve bu operasyonda Danimarka taraf\u0131ndan \u00e7\u0131kart\u0131lan Interpol k\u0131rm\u0131z\u0131 b\u00fclteniyle \u201cuyu\u015fturucu madde ticareti\u201d su\u00e7undan uluslararas\u0131 seviyede aranan Mike Gerner Larsen\u2019in yakaland\u0131\u011f\u0131 aktar\u0131ld\u0131.<\/p>\n<p>A\u00e7\u0131klamada, \u015funlar kaydedildi:<\/p>\n<p>\u201cInterpol-Europol Daire Ba\u015fkanl\u0131\u011f\u0131 ve G\u00f6\u00e7 \u0130daresi Ba\u015fkanl\u0131\u011f\u0131 koordinesinde \u0130stanbul \u0130l Emniyet M\u00fcd\u00fcrl\u00fc\u011f\u00fc Narkotik Su\u00e7larla M\u00fccadele, \u0130stihbarat ve G\u00f6\u00e7men Ka\u00e7ak\u00e7\u0131l\u0131\u011f\u0131 ve Hudut Kap\u0131lar\u0131 \u015eube M\u00fcd\u00fcrl\u00fcklerince yap\u0131lan ortak \u00e7al\u0131\u015fmalar sonucu Danimarka\u2019ya kapsaml\u0131 kokain ka\u00e7ak\u00e7\u0131l\u0131\u011f\u0131 yapan ve di\u011fer su\u00e7 ortaklar\u0131yla birlikte Danimarka\u2019ya kokain ka\u00e7\u0131rd\u0131\u011f\u0131 tespit edilen Mike Gerner Larsen, \u0130stanbul\u2019un Ba\u015fak\u015fehir il\u00e7esinde yakaland\u0131. Interpol-Europol Daire Ba\u015fkanl\u0131\u011f\u0131m\u0131z ve G\u00f6\u00e7 \u0130daresi Ba\u015fkanl\u0131\u011f\u0131m\u0131z ile operasyonlar\u0131 ger\u00e7ekle\u015ftiren kahraman polislerimizi tebrik ediyoruz.\u201d<\/p>\n<\/p><\/div>\n<p><script async\n                    defer\n                    crossorigin=\"anonymous\"\n                    src=\"https:\/\/connect.facebook.net\/tr_TR\/sdk.js#xfbml=1&#038;version=v3.3\"\n            ><\/script><\/p>\n","protected":false},"excerpt":{"rendered":"<p>Interpol taraf\u0131ndan \u201cuyu\u015fturucu madde ticareti\u201d su\u00e7undan k\u0131rm\u0131z\u0131 b\u00fcltenle aranan Mike Gerner Larsen \u0130stanbul\u2019da yakaland\u0131. T\u00fcrkiye \u0130\u00e7i\u015fleri Bakanl\u0131\u011f\u0131ndan yap\u0131lan a\u00e7\u0131klamada, T\u00fcrk halk\u0131n\u0131n huzurunu ka\u00e7\u0131ran uluslararas\u0131 organize su\u00e7 \u00f6rg\u00fctlerine ve uyu\u015fturucu sat\u0131c\u0131lar\u0131na g\u00f6z a\u00e7t\u0131r\u0131lmayaca\u011f\u0131 belirtildi. \u0130stanbul\u2019da \u201cKuyu-38\u201d operasyonu d\u00fczenlendi\u011fi ve bu operasyonda Danimarka taraf\u0131ndan \u00e7\u0131kart\u0131lan Interpol k\u0131rm\u0131z\u0131 b\u00fclteniyle \u201cuyu\u015fturucu madde ticareti\u201d su\u00e7undan uluslararas\u0131 seviyede aranan Mike Gerner [&hellip;]<\/p>\n","protected":false},"author":1,"featured_media":13328,"comment_status":"open","ping_status":"open","sticky":false,"template":"","format":"standard","meta":{"jnews-multi-image_gallery":[],"jnews_single_post":[],"jnews_primary_category":[],"jnews_social_meta":[],"jnews_override_counter":[],"footnotes":""},"categories":[5],"tags":[],"class_list":["post-13327","post","type-post","status-publish","format-standard","has-post-thumbnail","hentry","category-turkiye"],"yoast_head":"<!-- This site is optimized with the Yoast SEO plugin v27.4 - https:\/\/yoast.com\/product\/yoast-seo-wordpress\/ -->\n<title>K\u0131rm\u0131z\u0131 b\u00fcltenle aranan Mike Gerner Larsen \u0130stanbul\u2019da yakaland\u0131 - Kuzeyin Sesi<\/title>\n<meta name=\"robots\" content=\"index, follow, max-snippet:-1, max-image-preview:large, max-video-preview:-1\" \/>\n<link rel=\"canonical\" href=\"https:\/\/kuzeyinsesi.org\/index.php\/2024\/11\/12\/kirmizi-bultenle-aranan-mike-gerner-larsen-istanbulda-yakalandi\/\" \/>\n<meta property=\"og:locale\" content=\"tr_TR\" \/>\n<meta property=\"og:type\" content=\"article\" \/>\n<meta property=\"og:title\" content=\"K\u0131rm\u0131z\u0131 b\u00fcltenle aranan Mike Gerner Larsen \u0130stanbul\u2019da yakaland\u0131 - Kuzeyin Sesi\" \/>\n<meta property=\"og:description\" content=\"Interpol taraf\u0131ndan \u201cuyu\u015fturucu madde ticareti\u201d su\u00e7undan k\u0131rm\u0131z\u0131 b\u00fcltenle aranan Mike Gerner Larsen \u0130stanbul\u2019da yakaland\u0131. T\u00fcrkiye \u0130\u00e7i\u015fleri Bakanl\u0131\u011f\u0131ndan yap\u0131lan a\u00e7\u0131klamada, T\u00fcrk halk\u0131n\u0131n huzurunu ka\u00e7\u0131ran uluslararas\u0131 organize su\u00e7 \u00f6rg\u00fctlerine ve uyu\u015fturucu sat\u0131c\u0131lar\u0131na g\u00f6z a\u00e7t\u0131r\u0131lmayaca\u011f\u0131 belirtildi. \u0130stanbul\u2019da \u201cKuyu-38\u201d operasyonu d\u00fczenlendi\u011fi ve bu operasyonda Danimarka taraf\u0131ndan \u00e7\u0131kart\u0131lan Interpol k\u0131rm\u0131z\u0131 b\u00fclteniyle \u201cuyu\u015fturucu madde ticareti\u201d su\u00e7undan uluslararas\u0131 seviyede aranan Mike Gerner [&hellip;]\" \/>\n<meta property=\"og:url\" content=\"https:\/\/kuzeyinsesi.org\/index.php\/2024\/11\/12\/kirmizi-bultenle-aranan-mike-gerner-larsen-istanbulda-yakalandi\/\" \/>\n<meta property=\"og:site_name\" content=\"Kuzeyin Sesi\" \/>\n<meta property=\"article:publisher\" content=\"https:\/\/www.facebook.com\/kuzeyinsesii\" \/>\n<meta property=\"article:published_time\" content=\"2024-11-12T08:55:31+00:00\" \/>\n<meta property=\"og:image\" content=\"https:\/\/brtk.net\/wp-content\/uploads\/2024\/11\/12\/thumbs-b-c-6a91c414ecf7ff299384bf78a81f51e6.jpg?ver=dada207f4c379aa187b7bdc183bfa719\" \/>\n<meta name=\"author\" content=\"Kuzeyin Sesi\" \/>\n<meta name=\"twitter:card\" content=\"summary_large_image\" \/>\n<meta name=\"twitter:creator\" content=\"@kuzeyinsesii\" \/>\n<meta name=\"twitter:site\" content=\"@kuzeyinsesii\" \/>\n<meta name=\"twitter:label1\" content=\"Yazan:\" \/>\n\t<meta name=\"twitter:data1\" content=\"Kuzeyin Sesi\" \/>\n\t<meta name=\"twitter:label2\" content=\"Tahmini okuma s\u00fcresi\" \/>\n\t<meta name=\"twitter:data2\" content=\"1 dakika\" \/>\n<script type=\"application\/ld+json\" class=\"yoast-schema-graph\">{\"@context\":\"https:\\\/\\\/schema.org\",\"@graph\":[{\"@type\":\"Article\",\"@id\":\"https:\\\/\\\/kuzeyinsesi.org\\\/index.php\\\/2024\\\/11\\\/12\\\/kirmizi-bultenle-aranan-mike-gerner-larsen-istanbulda-yakalandi\\\/#article\",\"isPartOf\":{\"@id\":\"https:\\\/\\\/kuzeyinsesi.org\\\/index.php\\\/2024\\\/11\\\/12\\\/kirmizi-bultenle-aranan-mike-gerner-larsen-istanbulda-yakalandi\\\/\"},\"author\":{\"name\":\"Kuzeyin Sesi\",\"@id\":\"https:\\\/\\\/kuzeyinsesi.org\\\/#\\\/schema\\\/person\\\/9f859689cdf01485597712386e37f5aa\"},\"headline\":\"K\u0131rm\u0131z\u0131 b\u00fcltenle aranan Mike Gerner Larsen \u0130stanbul\u2019da yakaland\u0131\",\"datePublished\":\"2024-11-12T08:55:31+00:00\",\"mainEntityOfPage\":{\"@id\":\"https:\\\/\\\/kuzeyinsesi.org\\\/index.php\\\/2024\\\/11\\\/12\\\/kirmizi-bultenle-aranan-mike-gerner-larsen-istanbulda-yakalandi\\\/\"},\"wordCount\":209,\"commentCount\":0,\"image\":{\"@id\":\"https:\\\/\\\/kuzeyinsesi.org\\\/index.php\\\/2024\\\/11\\\/12\\\/kirmizi-bultenle-aranan-mike-gerner-larsen-istanbulda-yakalandi\\\/#primaryimage\"},\"thumbnailUrl\":\"https:\\\/\\\/kuzeyinsesi.org\\\/wp-content\\\/uploads\\\/2024\\\/11\\\/thumbs-b-c-6a91c414ecf7ff299384bf78a81f51e6.jpg\",\"articleSection\":[\"T\u00fcrkiye\"],\"inLanguage\":\"tr\",\"potentialAction\":[{\"@type\":\"CommentAction\",\"name\":\"Comment\",\"target\":[\"https:\\\/\\\/kuzeyinsesi.org\\\/index.php\\\/2024\\\/11\\\/12\\\/kirmizi-bultenle-aranan-mike-gerner-larsen-istanbulda-yakalandi\\\/#respond\"]}]},{\"@type\":\"WebPage\",\"@id\":\"https:\\\/\\\/kuzeyinsesi.org\\\/index.php\\\/2024\\\/11\\\/12\\\/kirmizi-bultenle-aranan-mike-gerner-larsen-istanbulda-yakalandi\\\/\",\"url\":\"https:\\\/\\\/kuzeyinsesi.org\\\/index.php\\\/2024\\\/11\\\/12\\\/kirmizi-bultenle-aranan-mike-gerner-larsen-istanbulda-yakalandi\\\/\",\"name\":\"K\u0131rm\u0131z\u0131 b\u00fcltenle aranan Mike Gerner Larsen \u0130stanbul\u2019da yakaland\u0131 - Kuzeyin Sesi\",\"isPartOf\":{\"@id\":\"https:\\\/\\\/kuzeyinsesi.org\\\/#website\"},\"primaryImageOfPage\":{\"@id\":\"https:\\\/\\\/kuzeyinsesi.org\\\/index.php\\\/2024\\\/11\\\/12\\\/kirmizi-bultenle-aranan-mike-gerner-larsen-istanbulda-yakalandi\\\/#primaryimage\"},\"image\":{\"@id\":\"https:\\\/\\\/kuzeyinsesi.org\\\/index.php\\\/2024\\\/11\\\/12\\\/kirmizi-bultenle-aranan-mike-gerner-larsen-istanbulda-yakalandi\\\/#primaryimage\"},\"thumbnailUrl\":\"https:\\\/\\\/kuzeyinsesi.org\\\/wp-content\\\/uploads\\\/2024\\\/11\\\/thumbs-b-c-6a91c414ecf7ff299384bf78a81f51e6.jpg\",\"datePublished\":\"2024-11-12T08:55:31+00:00\",\"author\":{\"@id\":\"https:\\\/\\\/kuzeyinsesi.org\\\/#\\\/schema\\\/person\\\/9f859689cdf01485597712386e37f5aa\"},\"breadcrumb\":{\"@id\":\"https:\\\/\\\/kuzeyinsesi.org\\\/index.php\\\/2024\\\/11\\\/12\\\/kirmizi-bultenle-aranan-mike-gerner-larsen-istanbulda-yakalandi\\\/#breadcrumb\"},\"inLanguage\":\"tr\",\"potentialAction\":[{\"@type\":\"ReadAction\",\"target\":[\"https:\\\/\\\/kuzeyinsesi.org\\\/index.php\\\/2024\\\/11\\\/12\\\/kirmizi-bultenle-aranan-mike-gerner-larsen-istanbulda-yakalandi\\\/\"]}]},{\"@type\":\"ImageObject\",\"inLanguage\":\"tr\",\"@id\":\"https:\\\/\\\/kuzeyinsesi.org\\\/index.php\\\/2024\\\/11\\\/12\\\/kirmizi-bultenle-aranan-mike-gerner-larsen-istanbulda-yakalandi\\\/#primaryimage\",\"url\":\"https:\\\/\\\/kuzeyinsesi.org\\\/wp-content\\\/uploads\\\/2024\\\/11\\\/thumbs-b-c-6a91c414ecf7ff299384bf78a81f51e6.jpg\",\"contentUrl\":\"https:\\\/\\\/kuzeyinsesi.org\\\/wp-content\\\/uploads\\\/2024\\\/11\\\/thumbs-b-c-6a91c414ecf7ff299384bf78a81f51e6.jpg\",\"width\":864,\"height\":486},{\"@type\":\"BreadcrumbList\",\"@id\":\"https:\\\/\\\/kuzeyinsesi.org\\\/index.php\\\/2024\\\/11\\\/12\\\/kirmizi-bultenle-aranan-mike-gerner-larsen-istanbulda-yakalandi\\\/#breadcrumb\",\"itemListElement\":[{\"@type\":\"ListItem\",\"position\":1,\"name\":\"Anasayfa\",\"item\":\"https:\\\/\\\/kuzeyinsesi.org\\\/\"},{\"@type\":\"ListItem\",\"position\":2,\"name\":\"K\u0131rm\u0131z\u0131 b\u00fcltenle aranan Mike Gerner Larsen \u0130stanbul\u2019da yakaland\u0131\"}]},{\"@type\":\"WebSite\",\"@id\":\"https:\\\/\\\/kuzeyinsesi.org\\\/#website\",\"url\":\"https:\\\/\\\/kuzeyinsesi.org\\\/\",\"name\":\"Kuzeyin Sesi\",\"description\":\"Do\u011fru Haberin Adresi\",\"potentialAction\":[{\"@type\":\"SearchAction\",\"target\":{\"@type\":\"EntryPoint\",\"urlTemplate\":\"https:\\\/\\\/kuzeyinsesi.org\\\/?s={search_term_string}\"},\"query-input\":{\"@type\":\"PropertyValueSpecification\",\"valueRequired\":true,\"valueName\":\"search_term_string\"}}],\"inLanguage\":\"tr\"},{\"@type\":\"Person\",\"@id\":\"https:\\\/\\\/kuzeyinsesi.org\\\/#\\\/schema\\\/person\\\/9f859689cdf01485597712386e37f5aa\",\"name\":\"Kuzeyin Sesi\",\"image\":{\"@type\":\"ImageObject\",\"inLanguage\":\"tr\",\"@id\":\"https:\\\/\\\/secure.gravatar.com\\\/avatar\\\/bab33852abfd8b282518d6ed81826833d77c3c882d9ab608add591ccace47a44?s=96&d=mm&r=g\",\"url\":\"https:\\\/\\\/secure.gravatar.com\\\/avatar\\\/bab33852abfd8b282518d6ed81826833d77c3c882d9ab608add591ccace47a44?s=96&d=mm&r=g\",\"contentUrl\":\"https:\\\/\\\/secure.gravatar.com\\\/avatar\\\/bab33852abfd8b282518d6ed81826833d77c3c882d9ab608add591ccace47a44?s=96&d=mm&r=g\",\"caption\":\"Kuzeyin Sesi\"},\"sameAs\":[\"https:\\\/\\\/kuzeyinsesi.org\"],\"url\":\"https:\\\/\\\/kuzeyinsesi.org\\\/index.php\\\/author\\\/guven\\\/\"}]}<\/script>\n<!-- \/ Yoast SEO plugin. -->","yoast_head_json":{"title":"K\u0131rm\u0131z\u0131 b\u00fcltenle aranan Mike Gerner Larsen \u0130stanbul\u2019da yakaland\u0131 - Kuzeyin Sesi","robots":{"index":"index","follow":"follow","max-snippet":"max-snippet:-1","max-image-preview":"max-image-preview:large","max-video-preview":"max-video-preview:-1"},"canonical":"https:\/\/kuzeyinsesi.org\/index.php\/2024\/11\/12\/kirmizi-bultenle-aranan-mike-gerner-larsen-istanbulda-yakalandi\/","og_locale":"tr_TR","og_type":"article","og_title":"K\u0131rm\u0131z\u0131 b\u00fcltenle aranan Mike Gerner Larsen \u0130stanbul\u2019da yakaland\u0131 - Kuzeyin Sesi","og_description":"Interpol taraf\u0131ndan \u201cuyu\u015fturucu madde ticareti\u201d su\u00e7undan k\u0131rm\u0131z\u0131 b\u00fcltenle aranan Mike Gerner Larsen \u0130stanbul\u2019da yakaland\u0131. T\u00fcrkiye \u0130\u00e7i\u015fleri Bakanl\u0131\u011f\u0131ndan yap\u0131lan a\u00e7\u0131klamada, T\u00fcrk halk\u0131n\u0131n huzurunu ka\u00e7\u0131ran uluslararas\u0131 organize su\u00e7 \u00f6rg\u00fctlerine ve uyu\u015fturucu sat\u0131c\u0131lar\u0131na g\u00f6z a\u00e7t\u0131r\u0131lmayaca\u011f\u0131 belirtildi. \u0130stanbul\u2019da \u201cKuyu-38\u201d operasyonu d\u00fczenlendi\u011fi ve bu operasyonda Danimarka taraf\u0131ndan \u00e7\u0131kart\u0131lan Interpol k\u0131rm\u0131z\u0131 b\u00fclteniyle \u201cuyu\u015fturucu madde ticareti\u201d su\u00e7undan uluslararas\u0131 seviyede aranan Mike Gerner [&hellip;]","og_url":"https:\/\/kuzeyinsesi.org\/index.php\/2024\/11\/12\/kirmizi-bultenle-aranan-mike-gerner-larsen-istanbulda-yakalandi\/","og_site_name":"Kuzeyin Sesi","article_publisher":"https:\/\/www.facebook.com\/kuzeyinsesii","article_published_time":"2024-11-12T08:55:31+00:00","og_image":[{"url":"https:\/\/brtk.net\/wp-content\/uploads\/2024\/11\/12\/thumbs-b-c-6a91c414ecf7ff299384bf78a81f51e6.jpg?ver=dada207f4c379aa187b7bdc183bfa719","type":"","width":"","height":""}],"author":"Kuzeyin Sesi","twitter_card":"summary_large_image","twitter_creator":"@kuzeyinsesii","twitter_site":"@kuzeyinsesii","twitter_misc":{"Yazan:":"Kuzeyin Sesi","Tahmini okuma s\u00fcresi":"1 dakika"},"schema":{"@context":"https:\/\/schema.org","@graph":[{"@type":"Article","@id":"https:\/\/kuzeyinsesi.org\/index.php\/2024\/11\/12\/kirmizi-bultenle-aranan-mike-gerner-larsen-istanbulda-yakalandi\/#article","isPartOf":{"@id":"https:\/\/kuzeyinsesi.org\/index.php\/2024\/11\/12\/kirmizi-bultenle-aranan-mike-gerner-larsen-istanbulda-yakalandi\/"},"author":{"name":"Kuzeyin Sesi","@id":"https:\/\/kuzeyinsesi.org\/#\/schema\/person\/9f859689cdf01485597712386e37f5aa"},"headline":"K\u0131rm\u0131z\u0131 b\u00fcltenle aranan Mike Gerner Larsen \u0130stanbul\u2019da yakaland\u0131","datePublished":"2024-11-12T08:55:31+00:00","mainEntityOfPage":{"@id":"https:\/\/kuzeyinsesi.org\/index.php\/2024\/11\/12\/kirmizi-bultenle-aranan-mike-gerner-larsen-istanbulda-yakalandi\/"},"wordCount":209,"commentCount":0,"image":{"@id":"https:\/\/kuzeyinsesi.org\/index.php\/2024\/11\/12\/kirmizi-bultenle-aranan-mike-gerner-larsen-istanbulda-yakalandi\/#primaryimage"},"thumbnailUrl":"https:\/\/kuzeyinsesi.org\/wp-content\/uploads\/2024\/11\/thumbs-b-c-6a91c414ecf7ff299384bf78a81f51e6.jpg","articleSection":["T\u00fcrkiye"],"inLanguage":"tr","potentialAction":[{"@type":"CommentAction","name":"Comment","target":["https:\/\/kuzeyinsesi.org\/index.php\/2024\/11\/12\/kirmizi-bultenle-aranan-mike-gerner-larsen-istanbulda-yakalandi\/#respond"]}]},{"@type":"WebPage","@id":"https:\/\/kuzeyinsesi.org\/index.php\/2024\/11\/12\/kirmizi-bultenle-aranan-mike-gerner-larsen-istanbulda-yakalandi\/","url":"https:\/\/kuzeyinsesi.org\/index.php\/2024\/11\/12\/kirmizi-bultenle-aranan-mike-gerner-larsen-istanbulda-yakalandi\/","name":"K\u0131rm\u0131z\u0131 b\u00fcltenle aranan Mike Gerner Larsen \u0130stanbul\u2019da yakaland\u0131 - Kuzeyin Sesi","isPartOf":{"@id":"https:\/\/kuzeyinsesi.org\/#website"},"primaryImageOfPage":{"@id":"https:\/\/kuzeyinsesi.org\/index.php\/2024\/11\/12\/kirmizi-bultenle-aranan-mike-gerner-larsen-istanbulda-yakalandi\/#primaryimage"},"image":{"@id":"https:\/\/kuzeyinsesi.org\/index.php\/2024\/11\/12\/kirmizi-bultenle-aranan-mike-gerner-larsen-istanbulda-yakalandi\/#primaryimage"},"thumbnailUrl":"https:\/\/kuzeyinsesi.org\/wp-content\/uploads\/2024\/11\/thumbs-b-c-6a91c414ecf7ff299384bf78a81f51e6.jpg","datePublished":"2024-11-12T08:55:31+00:00","author":{"@id":"https:\/\/kuzeyinsesi.org\/#\/schema\/person\/9f859689cdf01485597712386e37f5aa"},"breadcrumb":{"@id":"https:\/\/kuzeyinsesi.org\/index.php\/2024\/11\/12\/kirmizi-bultenle-aranan-mike-gerner-larsen-istanbulda-yakalandi\/#breadcrumb"},"inLanguage":"tr","potentialAction":[{"@type":"ReadAction","target":["https:\/\/kuzeyinsesi.org\/index.php\/2024\/11\/12\/kirmizi-bultenle-aranan-mike-gerner-larsen-istanbulda-yakalandi\/"]}]},{"@type":"ImageObject","inLanguage":"tr","@id":"https:\/\/kuzeyinsesi.org\/index.php\/2024\/11\/12\/kirmizi-bultenle-aranan-mike-gerner-larsen-istanbulda-yakalandi\/#primaryimage","url":"https:\/\/kuzeyinsesi.org\/wp-content\/uploads\/2024\/11\/thumbs-b-c-6a91c414ecf7ff299384bf78a81f51e6.jpg","contentUrl":"https:\/\/kuzeyinsesi.org\/wp-content\/uploads\/2024\/11\/thumbs-b-c-6a91c414ecf7ff299384bf78a81f51e6.jpg","width":864,"height":486},{"@type":"BreadcrumbList","@id":"https:\/\/kuzeyinsesi.org\/index.php\/2024\/11\/12\/kirmizi-bultenle-aranan-mike-gerner-larsen-istanbulda-yakalandi\/#breadcrumb","itemListElement":[{"@type":"ListItem","position":1,"name":"Anasayfa","item":"https:\/\/kuzeyinsesi.org\/"},{"@type":"ListItem","position":2,"name":"K\u0131rm\u0131z\u0131 b\u00fcltenle aranan Mike Gerner Larsen \u0130stanbul\u2019da yakaland\u0131"}]},{"@type":"WebSite","@id":"https:\/\/kuzeyinsesi.org\/#website","url":"https:\/\/kuzeyinsesi.org\/","name":"Kuzeyin Sesi","description":"Do\u011fru Haberin Adresi","potentialAction":[{"@type":"SearchAction","target":{"@type":"EntryPoint","urlTemplate":"https:\/\/kuzeyinsesi.org\/?s={search_term_string}"},"query-input":{"@type":"PropertyValueSpecification","valueRequired":true,"valueName":"search_term_string"}}],"inLanguage":"tr"},{"@type":"Person","@id":"https:\/\/kuzeyinsesi.org\/#\/schema\/person\/9f859689cdf01485597712386e37f5aa","name":"Kuzeyin Sesi","image":{"@type":"ImageObject","inLanguage":"tr","@id":"https:\/\/secure.gravatar.com\/avatar\/bab33852abfd8b282518d6ed81826833d77c3c882d9ab608add591ccace47a44?s=96&d=mm&r=g","url":"https:\/\/secure.gravatar.com\/avatar\/bab33852abfd8b282518d6ed81826833d77c3c882d9ab608add591ccace47a44?s=96&d=mm&r=g","contentUrl":"https:\/\/secure.gravatar.com\/avatar\/bab33852abfd8b282518d6ed81826833d77c3c882d9ab608add591ccace47a44?s=96&d=mm&r=g","caption":"Kuzeyin Sesi"},"sameAs":["https:\/\/kuzeyinsesi.org"],"url":"https:\/\/kuzeyinsesi.org\/index.php\/author\/guven\/"}]}},"_links":{"self":[{"href":"https:\/\/kuzeyinsesi.org\/index.php\/wp-json\/wp\/v2\/posts\/13327","targetHints":{"allow":["GET"]}}],"collection":[{"href":"https:\/\/kuzeyinsesi.org\/index.php\/wp-json\/wp\/v2\/posts"}],"about":[{"href":"https:\/\/kuzeyinsesi.org\/index.php\/wp-json\/wp\/v2\/types\/post"}],"author":[{"embeddable":true,"href":"https:\/\/kuzeyinsesi.org\/index.php\/wp-json\/wp\/v2\/users\/1"}],"replies":[{"embeddable":true,"href":"https:\/\/kuzeyinsesi.org\/index.php\/wp-json\/wp\/v2\/comments?post=13327"}],"version-history":[{"count":0,"href":"https:\/\/kuzeyinsesi.org\/index.php\/wp-json\/wp\/v2\/posts\/13327\/revisions"}],"wp:featuredmedia":[{"embeddable":true,"href":"https:\/\/kuzeyinsesi.org\/index.php\/wp-json\/wp\/v2\/media\/13328"}],"wp:attachment":[{"href":"https:\/\/kuzeyinsesi.org\/index.php\/wp-json\/wp\/v2\/media?parent=13327"}],"wp:term":[{"taxonomy":"category","embeddable":true,"href":"https:\/\/kuzeyinsesi.org\/index.php\/wp-json\/wp\/v2\/categories?post=13327"},{"taxonomy":"post_tag","embeddable":true,"href":"https:\/\/kuzeyinsesi.org\/index.php\/wp-json\/wp\/v2\/tags?post=13327"}],"curies":[{"name":"wp","href":"https:\/\/api.w.org\/{rel}","templated":true}]}}