{"id":13297,"date":"2024-11-11T17:03:58","date_gmt":"2024-11-11T15:03:58","guid":{"rendered":"https:\/\/kuzeyinsesi.org\/index.php\/2024\/11\/11\/tango-siempre-dans-ve-sosyal-aktivite-dernegi-tamamladigi-projesini-kultur-dairesi-muduru-zaimagaogluna-sundu\/"},"modified":"2024-11-11T17:03:58","modified_gmt":"2024-11-11T15:03:58","slug":"tango-siempre-dans-ve-sosyal-aktivite-dernegi-tamamladigi-projesini-kultur-dairesi-muduru-zaimagaogluna-sundu","status":"publish","type":"post","link":"https:\/\/kuzeyinsesi.org\/index.php\/2024\/11\/11\/tango-siempre-dans-ve-sosyal-aktivite-dernegi-tamamladigi-projesini-kultur-dairesi-muduru-zaimagaogluna-sundu\/","title":{"rendered":"Tango Siempre Dans ve Sosyal Aktivite Derne\u011fi, tamamlad\u0131\u011f\u0131 projesini K\u00fclt\u00fcr Dairesi M\u00fcd\u00fcr\u00fc Zaima\u011fao\u011flu\u2019na sundu"},"content":{"rendered":"<div>\n<div class=\"mariselle-image-container none\">\n                                            <\/div>\n<p>Ba\u015fbakan Yard\u0131mc\u0131l\u0131\u011f\u0131, Turizm, K\u00fclt\u00fcr, Gen\u00e7lik ve \u00c7evre Bakanl\u0131\u011f\u0131\u2019na ba\u011fl\u0131 K\u00fclt\u00fcr Dairesi\u2019nin, G\u00fczel Sanatlarla \u0130lgili Derneklere Yard\u0131m T\u00fcz\u00fc\u011f\u00fc kapsam\u0131nda destekledi\u011fi Tango Siempre Dans ve Sosyal Aktivite Derne\u011fi, tamamlad\u0131\u011f\u0131 projesini K\u00fclt\u00fcr Dairesi M\u00fcd\u00fcr\u00fc \u015eirin Zaima\u011fao\u011flu\u2019na sundu.<\/p>\n<p>K\u00fclt\u00fcr Dairesi\u2019nden verilen bilgiye g\u00f6re, Dernek Temsilcisi Sanat\u00e7\u0131 Melek Erdil, \u015eirin Zaima\u011fao\u011flu\u2019nu ziyaret ederek, proje kapsam\u0131nda yeniden aranje ettikleri Raif Denkta\u015f\u2019\u0131n \u201cGelmedin\u201d isimli \u015fark\u0131s\u0131n\u0131n klip \u00e7al\u0131\u015fmas\u0131n\u0131 izletti. Erdil, Zaima\u011fao\u011flu\u2019nu, 16 Kas\u0131m Cumartesi saat 14.30\u2019da Kumarc\u0131lar Han\u0131\u2019nda yer alacak klip tan\u0131t\u0131m etkinli\u011fine davet etti.<\/p>\n<p>Ziyarette proje hakk\u0131nda bilgi veren Erdil, \u015fark\u0131y\u0131, Kompozit\u00f6r Ahmet G\u00fcvenler ile birlikte, farkl\u0131 m\u00fczik t\u00fcrlerini harmanlayarak, tango ezgileriyle yeniden aranje ettiklerini kaydetti.<\/p>\n<p>\u015eark\u0131y\u0131 Amor Latino orkestras\u0131 ile birlikte seslendirdiklerini ifade eden Melek Erdil, st\u00fcdyo kayd\u0131 ve klip \u00e7ekiminin ba\u015far\u0131yla tamamland\u0131\u011f\u0131n\u0131 belirtti. Erdil, klip tan\u0131t\u0131m etkinli\u011finin ard\u0131ndan yeniden aranje ettikleri \u201cGelmedin\u201d isimli \u015fark\u0131n\u0131n t\u00fcm dijital platformlarda sanatseverlere sunulaca\u011f\u0131 bilgisini de verdi.<\/p>\n<p>K\u00fclt\u00fcr Dairesi M\u00fcd\u00fcr\u00fc Zaima\u011fao\u011flu da, Dairenin, G\u00fczel Sanatlarla \u0130lgili Derneklere Yard\u0131m T\u00fcz\u00fc\u011f\u00fc kapsam\u0131nda 2024 y\u0131l\u0131nda katk\u0131 yapt\u0131\u011f\u0131 derneklerin projelerinin tamamlanmakta oldu\u011funu g\u00f6rmekten memnuniyet duydu\u011funu belirtti.<\/p>\n<p>Raif Denkta\u015f\u2019\u0131n, \u201cGelmedin\u201d isimli \u015fark\u0131s\u0131n\u0131n her K\u0131br\u0131s T\u00fcrk\u00fc gibi kendisinin de kalbinde ayr\u0131 bir yeri oldu\u011funu vurgulayan Zaima\u011fao\u011flu, klibin Kuzey K\u0131br\u0131s\u2019\u0131n sahip oldu\u011fu tarihi, do\u011fal ve k\u00fclt\u00fcrel de\u011ferleri bir araya getiren ba\u015far\u0131l\u0131 bir sanatsal \u00e7al\u0131\u015fma oldu\u011funu ifade etti.<\/p>\n<p>Dernek Temsilcisi Sanat\u00e7\u0131 Melek Erdil\u2019i tebrik eden Zaima\u011fao\u011flu, K\u00fclt\u00fcr Dairesi\u2019nin k\u0131s\u0131tl\u0131 kaynaklar\u0131n\u0131n kal\u0131c\u0131 ve ba\u015far\u0131l\u0131 projelerde kullan\u0131lmas\u0131n\u0131n arzu ettikleri bir \u015fey oldu\u011funu kaydetti.<\/p>\n<p>\u015eirin Zaima\u011fao\u011flu, klip tan\u0131t\u0131m\u0131n\u0131 izlemek \u00fczere 16 Kas\u0131m Cumartesi g\u00fcn\u00fc saat 14.30\u2019da Kumarc\u0131lar Han\u0131\u2019nda olaca\u011f\u0131n\u0131 belirtti.<\/p>\n<\/p><\/div>\n<p><script async\n                    defer\n                    crossorigin=\"anonymous\"\n                    src=\"https:\/\/connect.facebook.net\/tr_TR\/sdk.js#xfbml=1&#038;version=v3.3\"\n            ><\/script><\/p>\n","protected":false},"excerpt":{"rendered":"<p>Ba\u015fbakan Yard\u0131mc\u0131l\u0131\u011f\u0131, Turizm, K\u00fclt\u00fcr, Gen\u00e7lik ve \u00c7evre Bakanl\u0131\u011f\u0131\u2019na ba\u011fl\u0131 K\u00fclt\u00fcr Dairesi\u2019nin, G\u00fczel Sanatlarla \u0130lgili Derneklere Yard\u0131m T\u00fcz\u00fc\u011f\u00fc kapsam\u0131nda destekledi\u011fi Tango Siempre Dans ve Sosyal Aktivite Derne\u011fi, tamamlad\u0131\u011f\u0131 projesini K\u00fclt\u00fcr Dairesi M\u00fcd\u00fcr\u00fc \u015eirin Zaima\u011fao\u011flu\u2019na sundu. K\u00fclt\u00fcr Dairesi\u2019nden verilen bilgiye g\u00f6re, Dernek Temsilcisi Sanat\u00e7\u0131 Melek Erdil, \u015eirin Zaima\u011fao\u011flu\u2019nu ziyaret ederek, proje kapsam\u0131nda yeniden aranje ettikleri Raif Denkta\u015f\u2019\u0131n [&hellip;]<\/p>\n","protected":false},"author":1,"featured_media":13298,"comment_status":"open","ping_status":"open","sticky":false,"template":"","format":"standard","meta":{"jnews-multi-image_gallery":[],"jnews_single_post":[],"jnews_primary_category":[],"jnews_social_meta":[],"jnews_override_counter":[],"footnotes":""},"categories":[6],"tags":[],"class_list":["post-13297","post","type-post","status-publish","format-standard","has-post-thumbnail","hentry","category-yasam"],"yoast_head":"<!-- This site is optimized with the Yoast SEO plugin v27.4 - https:\/\/yoast.com\/product\/yoast-seo-wordpress\/ -->\n<title>Tango Siempre Dans ve Sosyal Aktivite Derne\u011fi, tamamlad\u0131\u011f\u0131 projesini K\u00fclt\u00fcr Dairesi M\u00fcd\u00fcr\u00fc Zaima\u011fao\u011flu\u2019na sundu - Kuzeyin Sesi<\/title>\n<meta name=\"robots\" content=\"index, follow, max-snippet:-1, max-image-preview:large, max-video-preview:-1\" \/>\n<link rel=\"canonical\" href=\"https:\/\/kuzeyinsesi.org\/index.php\/2024\/11\/11\/tango-siempre-dans-ve-sosyal-aktivite-dernegi-tamamladigi-projesini-kultur-dairesi-muduru-zaimagaogluna-sundu\/\" \/>\n<meta property=\"og:locale\" content=\"tr_TR\" \/>\n<meta property=\"og:type\" content=\"article\" \/>\n<meta property=\"og:title\" content=\"Tango Siempre Dans ve Sosyal Aktivite Derne\u011fi, tamamlad\u0131\u011f\u0131 projesini K\u00fclt\u00fcr Dairesi M\u00fcd\u00fcr\u00fc Zaima\u011fao\u011flu\u2019na sundu - Kuzeyin Sesi\" \/>\n<meta property=\"og:description\" content=\"Ba\u015fbakan Yard\u0131mc\u0131l\u0131\u011f\u0131, Turizm, K\u00fclt\u00fcr, Gen\u00e7lik ve \u00c7evre Bakanl\u0131\u011f\u0131\u2019na ba\u011fl\u0131 K\u00fclt\u00fcr Dairesi\u2019nin, G\u00fczel Sanatlarla \u0130lgili Derneklere Yard\u0131m T\u00fcz\u00fc\u011f\u00fc kapsam\u0131nda destekledi\u011fi Tango Siempre Dans ve Sosyal Aktivite Derne\u011fi, tamamlad\u0131\u011f\u0131 projesini K\u00fclt\u00fcr Dairesi M\u00fcd\u00fcr\u00fc \u015eirin Zaima\u011fao\u011flu\u2019na sundu. K\u00fclt\u00fcr Dairesi\u2019nden verilen bilgiye g\u00f6re, Dernek Temsilcisi Sanat\u00e7\u0131 Melek Erdil, \u015eirin Zaima\u011fao\u011flu\u2019nu ziyaret ederek, proje kapsam\u0131nda yeniden aranje ettikleri Raif Denkta\u015f\u2019\u0131n [&hellip;]\" \/>\n<meta property=\"og:url\" content=\"https:\/\/kuzeyinsesi.org\/index.php\/2024\/11\/11\/tango-siempre-dans-ve-sosyal-aktivite-dernegi-tamamladigi-projesini-kultur-dairesi-muduru-zaimagaogluna-sundu\/\" \/>\n<meta property=\"og:site_name\" content=\"Kuzeyin Sesi\" \/>\n<meta property=\"article:publisher\" content=\"https:\/\/www.facebook.com\/kuzeyinsesii\" \/>\n<meta property=\"article:published_time\" content=\"2024-11-11T15:03:58+00:00\" \/>\n<meta property=\"og:image\" content=\"https:\/\/brtk.net\/wp-content\/uploads\/2024\/11\/11\/tangosiempre-sz-me.jpeg?ver=f5a292b847bc4d28717694f33b5b5518\" \/>\n<meta name=\"author\" content=\"Kuzeyin Sesi\" \/>\n<meta name=\"twitter:card\" content=\"summary_large_image\" \/>\n<meta name=\"twitter:creator\" content=\"@kuzeyinsesii\" \/>\n<meta name=\"twitter:site\" content=\"@kuzeyinsesii\" \/>\n<meta name=\"twitter:label1\" content=\"Yazan:\" \/>\n\t<meta name=\"twitter:data1\" content=\"Kuzeyin Sesi\" \/>\n\t<meta name=\"twitter:label2\" content=\"Tahmini okuma s\u00fcresi\" \/>\n\t<meta name=\"twitter:data2\" content=\"2 dakika\" \/>\n<script type=\"application\/ld+json\" class=\"yoast-schema-graph\">{\"@context\":\"https:\\\/\\\/schema.org\",\"@graph\":[{\"@type\":\"Article\",\"@id\":\"https:\\\/\\\/kuzeyinsesi.org\\\/index.php\\\/2024\\\/11\\\/11\\\/tango-siempre-dans-ve-sosyal-aktivite-dernegi-tamamladigi-projesini-kultur-dairesi-muduru-zaimagaogluna-sundu\\\/#article\",\"isPartOf\":{\"@id\":\"https:\\\/\\\/kuzeyinsesi.org\\\/index.php\\\/2024\\\/11\\\/11\\\/tango-siempre-dans-ve-sosyal-aktivite-dernegi-tamamladigi-projesini-kultur-dairesi-muduru-zaimagaogluna-sundu\\\/\"},\"author\":{\"name\":\"Kuzeyin Sesi\",\"@id\":\"https:\\\/\\\/kuzeyinsesi.org\\\/#\\\/schema\\\/person\\\/9f859689cdf01485597712386e37f5aa\"},\"headline\":\"Tango Siempre Dans ve Sosyal Aktivite Derne\u011fi, tamamlad\u0131\u011f\u0131 projesini K\u00fclt\u00fcr Dairesi M\u00fcd\u00fcr\u00fc Zaima\u011fao\u011flu\u2019na sundu\",\"datePublished\":\"2024-11-11T15:03:58+00:00\",\"mainEntityOfPage\":{\"@id\":\"https:\\\/\\\/kuzeyinsesi.org\\\/index.php\\\/2024\\\/11\\\/11\\\/tango-siempre-dans-ve-sosyal-aktivite-dernegi-tamamladigi-projesini-kultur-dairesi-muduru-zaimagaogluna-sundu\\\/\"},\"wordCount\":387,\"commentCount\":0,\"image\":{\"@id\":\"https:\\\/\\\/kuzeyinsesi.org\\\/index.php\\\/2024\\\/11\\\/11\\\/tango-siempre-dans-ve-sosyal-aktivite-dernegi-tamamladigi-projesini-kultur-dairesi-muduru-zaimagaogluna-sundu\\\/#primaryimage\"},\"thumbnailUrl\":\"https:\\\/\\\/kuzeyinsesi.org\\\/wp-content\\\/uploads\\\/2024\\\/11\\\/tangosiempre-sz-me.jpeg\",\"articleSection\":[\"Ya\u015fam\"],\"inLanguage\":\"tr\",\"potentialAction\":[{\"@type\":\"CommentAction\",\"name\":\"Comment\",\"target\":[\"https:\\\/\\\/kuzeyinsesi.org\\\/index.php\\\/2024\\\/11\\\/11\\\/tango-siempre-dans-ve-sosyal-aktivite-dernegi-tamamladigi-projesini-kultur-dairesi-muduru-zaimagaogluna-sundu\\\/#respond\"]}]},{\"@type\":\"WebPage\",\"@id\":\"https:\\\/\\\/kuzeyinsesi.org\\\/index.php\\\/2024\\\/11\\\/11\\\/tango-siempre-dans-ve-sosyal-aktivite-dernegi-tamamladigi-projesini-kultur-dairesi-muduru-zaimagaogluna-sundu\\\/\",\"url\":\"https:\\\/\\\/kuzeyinsesi.org\\\/index.php\\\/2024\\\/11\\\/11\\\/tango-siempre-dans-ve-sosyal-aktivite-dernegi-tamamladigi-projesini-kultur-dairesi-muduru-zaimagaogluna-sundu\\\/\",\"name\":\"Tango Siempre Dans ve Sosyal Aktivite Derne\u011fi, tamamlad\u0131\u011f\u0131 projesini K\u00fclt\u00fcr Dairesi M\u00fcd\u00fcr\u00fc Zaima\u011fao\u011flu\u2019na sundu - Kuzeyin Sesi\",\"isPartOf\":{\"@id\":\"https:\\\/\\\/kuzeyinsesi.org\\\/#website\"},\"primaryImageOfPage\":{\"@id\":\"https:\\\/\\\/kuzeyinsesi.org\\\/index.php\\\/2024\\\/11\\\/11\\\/tango-siempre-dans-ve-sosyal-aktivite-dernegi-tamamladigi-projesini-kultur-dairesi-muduru-zaimagaogluna-sundu\\\/#primaryimage\"},\"image\":{\"@id\":\"https:\\\/\\\/kuzeyinsesi.org\\\/index.php\\\/2024\\\/11\\\/11\\\/tango-siempre-dans-ve-sosyal-aktivite-dernegi-tamamladigi-projesini-kultur-dairesi-muduru-zaimagaogluna-sundu\\\/#primaryimage\"},\"thumbnailUrl\":\"https:\\\/\\\/kuzeyinsesi.org\\\/wp-content\\\/uploads\\\/2024\\\/11\\\/tangosiempre-sz-me.jpeg\",\"datePublished\":\"2024-11-11T15:03:58+00:00\",\"author\":{\"@id\":\"https:\\\/\\\/kuzeyinsesi.org\\\/#\\\/schema\\\/person\\\/9f859689cdf01485597712386e37f5aa\"},\"breadcrumb\":{\"@id\":\"https:\\\/\\\/kuzeyinsesi.org\\\/index.php\\\/2024\\\/11\\\/11\\\/tango-siempre-dans-ve-sosyal-aktivite-dernegi-tamamladigi-projesini-kultur-dairesi-muduru-zaimagaogluna-sundu\\\/#breadcrumb\"},\"inLanguage\":\"tr\",\"potentialAction\":[{\"@type\":\"ReadAction\",\"target\":[\"https:\\\/\\\/kuzeyinsesi.org\\\/index.php\\\/2024\\\/11\\\/11\\\/tango-siempre-dans-ve-sosyal-aktivite-dernegi-tamamladigi-projesini-kultur-dairesi-muduru-zaimagaogluna-sundu\\\/\"]}]},{\"@type\":\"ImageObject\",\"inLanguage\":\"tr\",\"@id\":\"https:\\\/\\\/kuzeyinsesi.org\\\/index.php\\\/2024\\\/11\\\/11\\\/tango-siempre-dans-ve-sosyal-aktivite-dernegi-tamamladigi-projesini-kultur-dairesi-muduru-zaimagaogluna-sundu\\\/#primaryimage\",\"url\":\"https:\\\/\\\/kuzeyinsesi.org\\\/wp-content\\\/uploads\\\/2024\\\/11\\\/tangosiempre-sz-me.jpeg\",\"contentUrl\":\"https:\\\/\\\/kuzeyinsesi.org\\\/wp-content\\\/uploads\\\/2024\\\/11\\\/tangosiempre-sz-me.jpeg\",\"width\":930,\"height\":567},{\"@type\":\"BreadcrumbList\",\"@id\":\"https:\\\/\\\/kuzeyinsesi.org\\\/index.php\\\/2024\\\/11\\\/11\\\/tango-siempre-dans-ve-sosyal-aktivite-dernegi-tamamladigi-projesini-kultur-dairesi-muduru-zaimagaogluna-sundu\\\/#breadcrumb\",\"itemListElement\":[{\"@type\":\"ListItem\",\"position\":1,\"name\":\"Anasayfa\",\"item\":\"https:\\\/\\\/kuzeyinsesi.org\\\/\"},{\"@type\":\"ListItem\",\"position\":2,\"name\":\"Tango Siempre Dans ve Sosyal Aktivite Derne\u011fi, tamamlad\u0131\u011f\u0131 projesini K\u00fclt\u00fcr Dairesi M\u00fcd\u00fcr\u00fc Zaima\u011fao\u011flu\u2019na sundu\"}]},{\"@type\":\"WebSite\",\"@id\":\"https:\\\/\\\/kuzeyinsesi.org\\\/#website\",\"url\":\"https:\\\/\\\/kuzeyinsesi.org\\\/\",\"name\":\"Kuzeyin Sesi\",\"description\":\"Do\u011fru Haberin Adresi\",\"potentialAction\":[{\"@type\":\"SearchAction\",\"target\":{\"@type\":\"EntryPoint\",\"urlTemplate\":\"https:\\\/\\\/kuzeyinsesi.org\\\/?s={search_term_string}\"},\"query-input\":{\"@type\":\"PropertyValueSpecification\",\"valueRequired\":true,\"valueName\":\"search_term_string\"}}],\"inLanguage\":\"tr\"},{\"@type\":\"Person\",\"@id\":\"https:\\\/\\\/kuzeyinsesi.org\\\/#\\\/schema\\\/person\\\/9f859689cdf01485597712386e37f5aa\",\"name\":\"Kuzeyin Sesi\",\"image\":{\"@type\":\"ImageObject\",\"inLanguage\":\"tr\",\"@id\":\"https:\\\/\\\/secure.gravatar.com\\\/avatar\\\/bab33852abfd8b282518d6ed81826833d77c3c882d9ab608add591ccace47a44?s=96&d=mm&r=g\",\"url\":\"https:\\\/\\\/secure.gravatar.com\\\/avatar\\\/bab33852abfd8b282518d6ed81826833d77c3c882d9ab608add591ccace47a44?s=96&d=mm&r=g\",\"contentUrl\":\"https:\\\/\\\/secure.gravatar.com\\\/avatar\\\/bab33852abfd8b282518d6ed81826833d77c3c882d9ab608add591ccace47a44?s=96&d=mm&r=g\",\"caption\":\"Kuzeyin Sesi\"},\"sameAs\":[\"https:\\\/\\\/kuzeyinsesi.org\"],\"url\":\"https:\\\/\\\/kuzeyinsesi.org\\\/index.php\\\/author\\\/guven\\\/\"}]}<\/script>\n<!-- \/ Yoast SEO plugin. -->","yoast_head_json":{"title":"Tango Siempre Dans ve Sosyal Aktivite Derne\u011fi, tamamlad\u0131\u011f\u0131 projesini K\u00fclt\u00fcr Dairesi M\u00fcd\u00fcr\u00fc Zaima\u011fao\u011flu\u2019na sundu - Kuzeyin Sesi","robots":{"index":"index","follow":"follow","max-snippet":"max-snippet:-1","max-image-preview":"max-image-preview:large","max-video-preview":"max-video-preview:-1"},"canonical":"https:\/\/kuzeyinsesi.org\/index.php\/2024\/11\/11\/tango-siempre-dans-ve-sosyal-aktivite-dernegi-tamamladigi-projesini-kultur-dairesi-muduru-zaimagaogluna-sundu\/","og_locale":"tr_TR","og_type":"article","og_title":"Tango Siempre Dans ve Sosyal Aktivite Derne\u011fi, tamamlad\u0131\u011f\u0131 projesini K\u00fclt\u00fcr Dairesi M\u00fcd\u00fcr\u00fc Zaima\u011fao\u011flu\u2019na sundu - Kuzeyin Sesi","og_description":"Ba\u015fbakan Yard\u0131mc\u0131l\u0131\u011f\u0131, Turizm, K\u00fclt\u00fcr, Gen\u00e7lik ve \u00c7evre Bakanl\u0131\u011f\u0131\u2019na ba\u011fl\u0131 K\u00fclt\u00fcr Dairesi\u2019nin, G\u00fczel Sanatlarla \u0130lgili Derneklere Yard\u0131m T\u00fcz\u00fc\u011f\u00fc kapsam\u0131nda destekledi\u011fi Tango Siempre Dans ve Sosyal Aktivite Derne\u011fi, tamamlad\u0131\u011f\u0131 projesini K\u00fclt\u00fcr Dairesi M\u00fcd\u00fcr\u00fc \u015eirin Zaima\u011fao\u011flu\u2019na sundu. K\u00fclt\u00fcr Dairesi\u2019nden verilen bilgiye g\u00f6re, Dernek Temsilcisi Sanat\u00e7\u0131 Melek Erdil, \u015eirin Zaima\u011fao\u011flu\u2019nu ziyaret ederek, proje kapsam\u0131nda yeniden aranje ettikleri Raif Denkta\u015f\u2019\u0131n [&hellip;]","og_url":"https:\/\/kuzeyinsesi.org\/index.php\/2024\/11\/11\/tango-siempre-dans-ve-sosyal-aktivite-dernegi-tamamladigi-projesini-kultur-dairesi-muduru-zaimagaogluna-sundu\/","og_site_name":"Kuzeyin Sesi","article_publisher":"https:\/\/www.facebook.com\/kuzeyinsesii","article_published_time":"2024-11-11T15:03:58+00:00","og_image":[{"url":"https:\/\/brtk.net\/wp-content\/uploads\/2024\/11\/11\/tangosiempre-sz-me.jpeg?ver=f5a292b847bc4d28717694f33b5b5518","type":"","width":"","height":""}],"author":"Kuzeyin Sesi","twitter_card":"summary_large_image","twitter_creator":"@kuzeyinsesii","twitter_site":"@kuzeyinsesii","twitter_misc":{"Yazan:":"Kuzeyin Sesi","Tahmini okuma s\u00fcresi":"2 dakika"},"schema":{"@context":"https:\/\/schema.org","@graph":[{"@type":"Article","@id":"https:\/\/kuzeyinsesi.org\/index.php\/2024\/11\/11\/tango-siempre-dans-ve-sosyal-aktivite-dernegi-tamamladigi-projesini-kultur-dairesi-muduru-zaimagaogluna-sundu\/#article","isPartOf":{"@id":"https:\/\/kuzeyinsesi.org\/index.php\/2024\/11\/11\/tango-siempre-dans-ve-sosyal-aktivite-dernegi-tamamladigi-projesini-kultur-dairesi-muduru-zaimagaogluna-sundu\/"},"author":{"name":"Kuzeyin Sesi","@id":"https:\/\/kuzeyinsesi.org\/#\/schema\/person\/9f859689cdf01485597712386e37f5aa"},"headline":"Tango Siempre Dans ve Sosyal Aktivite Derne\u011fi, tamamlad\u0131\u011f\u0131 projesini K\u00fclt\u00fcr Dairesi M\u00fcd\u00fcr\u00fc Zaima\u011fao\u011flu\u2019na sundu","datePublished":"2024-11-11T15:03:58+00:00","mainEntityOfPage":{"@id":"https:\/\/kuzeyinsesi.org\/index.php\/2024\/11\/11\/tango-siempre-dans-ve-sosyal-aktivite-dernegi-tamamladigi-projesini-kultur-dairesi-muduru-zaimagaogluna-sundu\/"},"wordCount":387,"commentCount":0,"image":{"@id":"https:\/\/kuzeyinsesi.org\/index.php\/2024\/11\/11\/tango-siempre-dans-ve-sosyal-aktivite-dernegi-tamamladigi-projesini-kultur-dairesi-muduru-zaimagaogluna-sundu\/#primaryimage"},"thumbnailUrl":"https:\/\/kuzeyinsesi.org\/wp-content\/uploads\/2024\/11\/tangosiempre-sz-me.jpeg","articleSection":["Ya\u015fam"],"inLanguage":"tr","potentialAction":[{"@type":"CommentAction","name":"Comment","target":["https:\/\/kuzeyinsesi.org\/index.php\/2024\/11\/11\/tango-siempre-dans-ve-sosyal-aktivite-dernegi-tamamladigi-projesini-kultur-dairesi-muduru-zaimagaogluna-sundu\/#respond"]}]},{"@type":"WebPage","@id":"https:\/\/kuzeyinsesi.org\/index.php\/2024\/11\/11\/tango-siempre-dans-ve-sosyal-aktivite-dernegi-tamamladigi-projesini-kultur-dairesi-muduru-zaimagaogluna-sundu\/","url":"https:\/\/kuzeyinsesi.org\/index.php\/2024\/11\/11\/tango-siempre-dans-ve-sosyal-aktivite-dernegi-tamamladigi-projesini-kultur-dairesi-muduru-zaimagaogluna-sundu\/","name":"Tango Siempre Dans ve Sosyal Aktivite Derne\u011fi, tamamlad\u0131\u011f\u0131 projesini K\u00fclt\u00fcr Dairesi M\u00fcd\u00fcr\u00fc Zaima\u011fao\u011flu\u2019na sundu - Kuzeyin Sesi","isPartOf":{"@id":"https:\/\/kuzeyinsesi.org\/#website"},"primaryImageOfPage":{"@id":"https:\/\/kuzeyinsesi.org\/index.php\/2024\/11\/11\/tango-siempre-dans-ve-sosyal-aktivite-dernegi-tamamladigi-projesini-kultur-dairesi-muduru-zaimagaogluna-sundu\/#primaryimage"},"image":{"@id":"https:\/\/kuzeyinsesi.org\/index.php\/2024\/11\/11\/tango-siempre-dans-ve-sosyal-aktivite-dernegi-tamamladigi-projesini-kultur-dairesi-muduru-zaimagaogluna-sundu\/#primaryimage"},"thumbnailUrl":"https:\/\/kuzeyinsesi.org\/wp-content\/uploads\/2024\/11\/tangosiempre-sz-me.jpeg","datePublished":"2024-11-11T15:03:58+00:00","author":{"@id":"https:\/\/kuzeyinsesi.org\/#\/schema\/person\/9f859689cdf01485597712386e37f5aa"},"breadcrumb":{"@id":"https:\/\/kuzeyinsesi.org\/index.php\/2024\/11\/11\/tango-siempre-dans-ve-sosyal-aktivite-dernegi-tamamladigi-projesini-kultur-dairesi-muduru-zaimagaogluna-sundu\/#breadcrumb"},"inLanguage":"tr","potentialAction":[{"@type":"ReadAction","target":["https:\/\/kuzeyinsesi.org\/index.php\/2024\/11\/11\/tango-siempre-dans-ve-sosyal-aktivite-dernegi-tamamladigi-projesini-kultur-dairesi-muduru-zaimagaogluna-sundu\/"]}]},{"@type":"ImageObject","inLanguage":"tr","@id":"https:\/\/kuzeyinsesi.org\/index.php\/2024\/11\/11\/tango-siempre-dans-ve-sosyal-aktivite-dernegi-tamamladigi-projesini-kultur-dairesi-muduru-zaimagaogluna-sundu\/#primaryimage","url":"https:\/\/kuzeyinsesi.org\/wp-content\/uploads\/2024\/11\/tangosiempre-sz-me.jpeg","contentUrl":"https:\/\/kuzeyinsesi.org\/wp-content\/uploads\/2024\/11\/tangosiempre-sz-me.jpeg","width":930,"height":567},{"@type":"BreadcrumbList","@id":"https:\/\/kuzeyinsesi.org\/index.php\/2024\/11\/11\/tango-siempre-dans-ve-sosyal-aktivite-dernegi-tamamladigi-projesini-kultur-dairesi-muduru-zaimagaogluna-sundu\/#breadcrumb","itemListElement":[{"@type":"ListItem","position":1,"name":"Anasayfa","item":"https:\/\/kuzeyinsesi.org\/"},{"@type":"ListItem","position":2,"name":"Tango Siempre Dans ve Sosyal Aktivite Derne\u011fi, tamamlad\u0131\u011f\u0131 projesini K\u00fclt\u00fcr Dairesi M\u00fcd\u00fcr\u00fc Zaima\u011fao\u011flu\u2019na sundu"}]},{"@type":"WebSite","@id":"https:\/\/kuzeyinsesi.org\/#website","url":"https:\/\/kuzeyinsesi.org\/","name":"Kuzeyin Sesi","description":"Do\u011fru Haberin Adresi","potentialAction":[{"@type":"SearchAction","target":{"@type":"EntryPoint","urlTemplate":"https:\/\/kuzeyinsesi.org\/?s={search_term_string}"},"query-input":{"@type":"PropertyValueSpecification","valueRequired":true,"valueName":"search_term_string"}}],"inLanguage":"tr"},{"@type":"Person","@id":"https:\/\/kuzeyinsesi.org\/#\/schema\/person\/9f859689cdf01485597712386e37f5aa","name":"Kuzeyin Sesi","image":{"@type":"ImageObject","inLanguage":"tr","@id":"https:\/\/secure.gravatar.com\/avatar\/bab33852abfd8b282518d6ed81826833d77c3c882d9ab608add591ccace47a44?s=96&d=mm&r=g","url":"https:\/\/secure.gravatar.com\/avatar\/bab33852abfd8b282518d6ed81826833d77c3c882d9ab608add591ccace47a44?s=96&d=mm&r=g","contentUrl":"https:\/\/secure.gravatar.com\/avatar\/bab33852abfd8b282518d6ed81826833d77c3c882d9ab608add591ccace47a44?s=96&d=mm&r=g","caption":"Kuzeyin Sesi"},"sameAs":["https:\/\/kuzeyinsesi.org"],"url":"https:\/\/kuzeyinsesi.org\/index.php\/author\/guven\/"}]}},"_links":{"self":[{"href":"https:\/\/kuzeyinsesi.org\/index.php\/wp-json\/wp\/v2\/posts\/13297","targetHints":{"allow":["GET"]}}],"collection":[{"href":"https:\/\/kuzeyinsesi.org\/index.php\/wp-json\/wp\/v2\/posts"}],"about":[{"href":"https:\/\/kuzeyinsesi.org\/index.php\/wp-json\/wp\/v2\/types\/post"}],"author":[{"embeddable":true,"href":"https:\/\/kuzeyinsesi.org\/index.php\/wp-json\/wp\/v2\/users\/1"}],"replies":[{"embeddable":true,"href":"https:\/\/kuzeyinsesi.org\/index.php\/wp-json\/wp\/v2\/comments?post=13297"}],"version-history":[{"count":0,"href":"https:\/\/kuzeyinsesi.org\/index.php\/wp-json\/wp\/v2\/posts\/13297\/revisions"}],"wp:featuredmedia":[{"embeddable":true,"href":"https:\/\/kuzeyinsesi.org\/index.php\/wp-json\/wp\/v2\/media\/13298"}],"wp:attachment":[{"href":"https:\/\/kuzeyinsesi.org\/index.php\/wp-json\/wp\/v2\/media?parent=13297"}],"wp:term":[{"taxonomy":"category","embeddable":true,"href":"https:\/\/kuzeyinsesi.org\/index.php\/wp-json\/wp\/v2\/categories?post=13297"},{"taxonomy":"post_tag","embeddable":true,"href":"https:\/\/kuzeyinsesi.org\/index.php\/wp-json\/wp\/v2\/tags?post=13297"}],"curies":[{"name":"wp","href":"https:\/\/api.w.org\/{rel}","templated":true}]}}