{"id":13247,"date":"2024-11-11T10:56:29","date_gmt":"2024-11-11T08:56:29","guid":{"rendered":"https:\/\/kuzeyinsesi.org\/index.php\/2024\/11\/11\/is-kadini-isin-ramadan-cemilin-belgeseli-yarin-aksam-gosterilecek\/"},"modified":"2024-11-11T10:56:29","modified_gmt":"2024-11-11T08:56:29","slug":"is-kadini-isin-ramadan-cemilin-belgeseli-yarin-aksam-gosterilecek","status":"publish","type":"post","link":"https:\/\/kuzeyinsesi.org\/index.php\/2024\/11\/11\/is-kadini-isin-ramadan-cemilin-belgeseli-yarin-aksam-gosterilecek\/","title":{"rendered":"\u0130\u015f kad\u0131n\u0131 I\u015f\u0131n Ramadan Cemil\u2019in belgeseli yar\u0131n ak\u015fam g\u00f6sterilecek"},"content":{"rendered":"<div>\n<div class=\"mariselle-image-container center\">\n                                            <\/div>\n<p>K\u0131br\u0131s Kad\u0131n \u00d6yk\u00fcleri Derne\u011fi (K\u00d6DER) taraf\u0131ndan haz\u0131rlanan, i\u015f kad\u0131n\u0131 I\u015f\u0131n Ramadan Cemil\u2019in hayat\u0131n\u0131 konu alan belgesel, yar\u0131n ak\u015fam Yak\u0131n Do\u011fu \u00dcniversitesi\u2019nde (YD\u00dc) g\u00f6sterilecek.<\/p>\n<p>K\u00d6DER\u2019den verilen bilgiye g\u00f6re derne\u011fin, Halkbank sponsorlu\u011funda haz\u0131rlad\u0131\u011f\u0131 \u201cHayat\u0131m\u0131za de\u011fer kad\u0131nlar\u201d belgesel sergisinin 25\u2019incisi olacak belgeselin g\u00f6sterimi Yak\u0131n Do\u011fu \u00dcniversitesi (YD\u00dc) B\u00fcy\u00fck K\u00fct\u00fcphane Prof. Dr. \u00dcmit Hassan Salonu\u2019nda saat 19.00\u2019da ba\u015flayacak.<\/p>\n<\/p><\/div>\n<p><script async\n                    defer\n                    crossorigin=\"anonymous\"\n                    src=\"https:\/\/connect.facebook.net\/tr_TR\/sdk.js#xfbml=1&#038;version=v3.3\"\n            ><\/script><\/p>\n","protected":false},"excerpt":{"rendered":"<p>K\u0131br\u0131s Kad\u0131n \u00d6yk\u00fcleri Derne\u011fi (K\u00d6DER) taraf\u0131ndan haz\u0131rlanan, i\u015f kad\u0131n\u0131 I\u015f\u0131n Ramadan Cemil\u2019in hayat\u0131n\u0131 konu alan belgesel, yar\u0131n ak\u015fam Yak\u0131n Do\u011fu \u00dcniversitesi\u2019nde (YD\u00dc) g\u00f6sterilecek. K\u00d6DER\u2019den verilen bilgiye g\u00f6re derne\u011fin, Halkbank sponsorlu\u011funda haz\u0131rlad\u0131\u011f\u0131 \u201cHayat\u0131m\u0131za de\u011fer kad\u0131nlar\u201d belgesel sergisinin 25\u2019incisi olacak belgeselin g\u00f6sterimi Yak\u0131n Do\u011fu \u00dcniversitesi (YD\u00dc) B\u00fcy\u00fck K\u00fct\u00fcphane Prof. Dr. \u00dcmit Hassan Salonu\u2019nda saat 19.00\u2019da ba\u015flayacak.<\/p>\n","protected":false},"author":1,"featured_media":13248,"comment_status":"open","ping_status":"open","sticky":false,"template":"","format":"standard","meta":{"jnews-multi-image_gallery":[],"jnews_single_post":[],"jnews_primary_category":[],"jnews_social_meta":[],"jnews_override_counter":[],"footnotes":""},"categories":[6],"tags":[],"class_list":["post-13247","post","type-post","status-publish","format-standard","has-post-thumbnail","hentry","category-yasam"],"yoast_head":"<!-- This site is optimized with the Yoast SEO plugin v27.4 - https:\/\/yoast.com\/product\/yoast-seo-wordpress\/ -->\n<title>\u0130\u015f kad\u0131n\u0131 I\u015f\u0131n Ramadan Cemil\u2019in belgeseli yar\u0131n ak\u015fam g\u00f6sterilecek - Kuzeyin Sesi<\/title>\n<meta name=\"robots\" content=\"index, follow, max-snippet:-1, max-image-preview:large, max-video-preview:-1\" \/>\n<link rel=\"canonical\" href=\"https:\/\/kuzeyinsesi.org\/index.php\/2024\/11\/11\/is-kadini-isin-ramadan-cemilin-belgeseli-yarin-aksam-gosterilecek\/\" \/>\n<meta property=\"og:locale\" content=\"tr_TR\" \/>\n<meta property=\"og:type\" content=\"article\" \/>\n<meta property=\"og:title\" content=\"\u0130\u015f kad\u0131n\u0131 I\u015f\u0131n Ramadan Cemil\u2019in belgeseli yar\u0131n ak\u015fam g\u00f6sterilecek - Kuzeyin Sesi\" \/>\n<meta property=\"og:description\" content=\"K\u0131br\u0131s Kad\u0131n \u00d6yk\u00fcleri Derne\u011fi (K\u00d6DER) taraf\u0131ndan haz\u0131rlanan, i\u015f kad\u0131n\u0131 I\u015f\u0131n Ramadan Cemil\u2019in hayat\u0131n\u0131 konu alan belgesel, yar\u0131n ak\u015fam Yak\u0131n Do\u011fu \u00dcniversitesi\u2019nde (YD\u00dc) g\u00f6sterilecek. K\u00d6DER\u2019den verilen bilgiye g\u00f6re derne\u011fin, Halkbank sponsorlu\u011funda haz\u0131rlad\u0131\u011f\u0131 \u201cHayat\u0131m\u0131za de\u011fer kad\u0131nlar\u201d belgesel sergisinin 25\u2019incisi olacak belgeselin g\u00f6sterimi Yak\u0131n Do\u011fu \u00dcniversitesi (YD\u00dc) B\u00fcy\u00fck K\u00fct\u00fcphane Prof. Dr. \u00dcmit Hassan Salonu\u2019nda saat 19.00\u2019da ba\u015flayacak.\" \/>\n<meta property=\"og:url\" content=\"https:\/\/kuzeyinsesi.org\/index.php\/2024\/11\/11\/is-kadini-isin-ramadan-cemilin-belgeseli-yarin-aksam-gosterilecek\/\" \/>\n<meta property=\"og:site_name\" content=\"Kuzeyin Sesi\" \/>\n<meta property=\"article:publisher\" content=\"https:\/\/www.facebook.com\/kuzeyinsesii\" \/>\n<meta property=\"article:published_time\" content=\"2024-11-11T08:56:29+00:00\" \/>\n<meta property=\"og:image\" content=\"https:\/\/brtk.net\/wp-content\/uploads\/2024\/11\/11\/adassss.jpg?ver=7ea5f4d89e4e8a6332940f27064fe26c\" \/>\n<meta name=\"author\" content=\"Kuzeyin Sesi\" \/>\n<meta name=\"twitter:card\" content=\"summary_large_image\" \/>\n<meta name=\"twitter:creator\" content=\"@kuzeyinsesii\" \/>\n<meta name=\"twitter:site\" content=\"@kuzeyinsesii\" \/>\n<meta name=\"twitter:label1\" content=\"Yazan:\" \/>\n\t<meta name=\"twitter:data1\" content=\"Kuzeyin Sesi\" \/>\n<script type=\"application\/ld+json\" class=\"yoast-schema-graph\">{\"@context\":\"https:\\\/\\\/schema.org\",\"@graph\":[{\"@type\":\"Article\",\"@id\":\"https:\\\/\\\/kuzeyinsesi.org\\\/index.php\\\/2024\\\/11\\\/11\\\/is-kadini-isin-ramadan-cemilin-belgeseli-yarin-aksam-gosterilecek\\\/#article\",\"isPartOf\":{\"@id\":\"https:\\\/\\\/kuzeyinsesi.org\\\/index.php\\\/2024\\\/11\\\/11\\\/is-kadini-isin-ramadan-cemilin-belgeseli-yarin-aksam-gosterilecek\\\/\"},\"author\":{\"name\":\"Kuzeyin Sesi\",\"@id\":\"https:\\\/\\\/kuzeyinsesi.org\\\/#\\\/schema\\\/person\\\/9f859689cdf01485597712386e37f5aa\"},\"headline\":\"\u0130\u015f kad\u0131n\u0131 I\u015f\u0131n Ramadan Cemil\u2019in belgeseli yar\u0131n ak\u015fam g\u00f6sterilecek\",\"datePublished\":\"2024-11-11T08:56:29+00:00\",\"mainEntityOfPage\":{\"@id\":\"https:\\\/\\\/kuzeyinsesi.org\\\/index.php\\\/2024\\\/11\\\/11\\\/is-kadini-isin-ramadan-cemilin-belgeseli-yarin-aksam-gosterilecek\\\/\"},\"wordCount\":105,\"commentCount\":0,\"image\":{\"@id\":\"https:\\\/\\\/kuzeyinsesi.org\\\/index.php\\\/2024\\\/11\\\/11\\\/is-kadini-isin-ramadan-cemilin-belgeseli-yarin-aksam-gosterilecek\\\/#primaryimage\"},\"thumbnailUrl\":\"https:\\\/\\\/kuzeyinsesi.org\\\/wp-content\\\/uploads\\\/2024\\\/11\\\/adassss.jpg\",\"articleSection\":[\"Ya\u015fam\"],\"inLanguage\":\"tr\",\"potentialAction\":[{\"@type\":\"CommentAction\",\"name\":\"Comment\",\"target\":[\"https:\\\/\\\/kuzeyinsesi.org\\\/index.php\\\/2024\\\/11\\\/11\\\/is-kadini-isin-ramadan-cemilin-belgeseli-yarin-aksam-gosterilecek\\\/#respond\"]}]},{\"@type\":\"WebPage\",\"@id\":\"https:\\\/\\\/kuzeyinsesi.org\\\/index.php\\\/2024\\\/11\\\/11\\\/is-kadini-isin-ramadan-cemilin-belgeseli-yarin-aksam-gosterilecek\\\/\",\"url\":\"https:\\\/\\\/kuzeyinsesi.org\\\/index.php\\\/2024\\\/11\\\/11\\\/is-kadini-isin-ramadan-cemilin-belgeseli-yarin-aksam-gosterilecek\\\/\",\"name\":\"\u0130\u015f kad\u0131n\u0131 I\u015f\u0131n Ramadan Cemil\u2019in belgeseli yar\u0131n ak\u015fam g\u00f6sterilecek - Kuzeyin Sesi\",\"isPartOf\":{\"@id\":\"https:\\\/\\\/kuzeyinsesi.org\\\/#website\"},\"primaryImageOfPage\":{\"@id\":\"https:\\\/\\\/kuzeyinsesi.org\\\/index.php\\\/2024\\\/11\\\/11\\\/is-kadini-isin-ramadan-cemilin-belgeseli-yarin-aksam-gosterilecek\\\/#primaryimage\"},\"image\":{\"@id\":\"https:\\\/\\\/kuzeyinsesi.org\\\/index.php\\\/2024\\\/11\\\/11\\\/is-kadini-isin-ramadan-cemilin-belgeseli-yarin-aksam-gosterilecek\\\/#primaryimage\"},\"thumbnailUrl\":\"https:\\\/\\\/kuzeyinsesi.org\\\/wp-content\\\/uploads\\\/2024\\\/11\\\/adassss.jpg\",\"datePublished\":\"2024-11-11T08:56:29+00:00\",\"author\":{\"@id\":\"https:\\\/\\\/kuzeyinsesi.org\\\/#\\\/schema\\\/person\\\/9f859689cdf01485597712386e37f5aa\"},\"breadcrumb\":{\"@id\":\"https:\\\/\\\/kuzeyinsesi.org\\\/index.php\\\/2024\\\/11\\\/11\\\/is-kadini-isin-ramadan-cemilin-belgeseli-yarin-aksam-gosterilecek\\\/#breadcrumb\"},\"inLanguage\":\"tr\",\"potentialAction\":[{\"@type\":\"ReadAction\",\"target\":[\"https:\\\/\\\/kuzeyinsesi.org\\\/index.php\\\/2024\\\/11\\\/11\\\/is-kadini-isin-ramadan-cemilin-belgeseli-yarin-aksam-gosterilecek\\\/\"]}]},{\"@type\":\"ImageObject\",\"inLanguage\":\"tr\",\"@id\":\"https:\\\/\\\/kuzeyinsesi.org\\\/index.php\\\/2024\\\/11\\\/11\\\/is-kadini-isin-ramadan-cemilin-belgeseli-yarin-aksam-gosterilecek\\\/#primaryimage\",\"url\":\"https:\\\/\\\/kuzeyinsesi.org\\\/wp-content\\\/uploads\\\/2024\\\/11\\\/adassss.jpg\",\"contentUrl\":\"https:\\\/\\\/kuzeyinsesi.org\\\/wp-content\\\/uploads\\\/2024\\\/11\\\/adassss.jpg\",\"width\":971,\"height\":445},{\"@type\":\"BreadcrumbList\",\"@id\":\"https:\\\/\\\/kuzeyinsesi.org\\\/index.php\\\/2024\\\/11\\\/11\\\/is-kadini-isin-ramadan-cemilin-belgeseli-yarin-aksam-gosterilecek\\\/#breadcrumb\",\"itemListElement\":[{\"@type\":\"ListItem\",\"position\":1,\"name\":\"Anasayfa\",\"item\":\"https:\\\/\\\/kuzeyinsesi.org\\\/\"},{\"@type\":\"ListItem\",\"position\":2,\"name\":\"\u0130\u015f kad\u0131n\u0131 I\u015f\u0131n Ramadan Cemil\u2019in belgeseli yar\u0131n ak\u015fam g\u00f6sterilecek\"}]},{\"@type\":\"WebSite\",\"@id\":\"https:\\\/\\\/kuzeyinsesi.org\\\/#website\",\"url\":\"https:\\\/\\\/kuzeyinsesi.org\\\/\",\"name\":\"Kuzeyin Sesi\",\"description\":\"Do\u011fru Haberin Adresi\",\"potentialAction\":[{\"@type\":\"SearchAction\",\"target\":{\"@type\":\"EntryPoint\",\"urlTemplate\":\"https:\\\/\\\/kuzeyinsesi.org\\\/?s={search_term_string}\"},\"query-input\":{\"@type\":\"PropertyValueSpecification\",\"valueRequired\":true,\"valueName\":\"search_term_string\"}}],\"inLanguage\":\"tr\"},{\"@type\":\"Person\",\"@id\":\"https:\\\/\\\/kuzeyinsesi.org\\\/#\\\/schema\\\/person\\\/9f859689cdf01485597712386e37f5aa\",\"name\":\"Kuzeyin Sesi\",\"image\":{\"@type\":\"ImageObject\",\"inLanguage\":\"tr\",\"@id\":\"https:\\\/\\\/secure.gravatar.com\\\/avatar\\\/bab33852abfd8b282518d6ed81826833d77c3c882d9ab608add591ccace47a44?s=96&d=mm&r=g\",\"url\":\"https:\\\/\\\/secure.gravatar.com\\\/avatar\\\/bab33852abfd8b282518d6ed81826833d77c3c882d9ab608add591ccace47a44?s=96&d=mm&r=g\",\"contentUrl\":\"https:\\\/\\\/secure.gravatar.com\\\/avatar\\\/bab33852abfd8b282518d6ed81826833d77c3c882d9ab608add591ccace47a44?s=96&d=mm&r=g\",\"caption\":\"Kuzeyin Sesi\"},\"sameAs\":[\"https:\\\/\\\/kuzeyinsesi.org\"],\"url\":\"https:\\\/\\\/kuzeyinsesi.org\\\/index.php\\\/author\\\/guven\\\/\"}]}<\/script>\n<!-- \/ Yoast SEO plugin. -->","yoast_head_json":{"title":"\u0130\u015f kad\u0131n\u0131 I\u015f\u0131n Ramadan Cemil\u2019in belgeseli yar\u0131n ak\u015fam g\u00f6sterilecek - Kuzeyin Sesi","robots":{"index":"index","follow":"follow","max-snippet":"max-snippet:-1","max-image-preview":"max-image-preview:large","max-video-preview":"max-video-preview:-1"},"canonical":"https:\/\/kuzeyinsesi.org\/index.php\/2024\/11\/11\/is-kadini-isin-ramadan-cemilin-belgeseli-yarin-aksam-gosterilecek\/","og_locale":"tr_TR","og_type":"article","og_title":"\u0130\u015f kad\u0131n\u0131 I\u015f\u0131n Ramadan Cemil\u2019in belgeseli yar\u0131n ak\u015fam g\u00f6sterilecek - Kuzeyin Sesi","og_description":"K\u0131br\u0131s Kad\u0131n \u00d6yk\u00fcleri Derne\u011fi (K\u00d6DER) taraf\u0131ndan haz\u0131rlanan, i\u015f kad\u0131n\u0131 I\u015f\u0131n Ramadan Cemil\u2019in hayat\u0131n\u0131 konu alan belgesel, yar\u0131n ak\u015fam Yak\u0131n Do\u011fu \u00dcniversitesi\u2019nde (YD\u00dc) g\u00f6sterilecek. K\u00d6DER\u2019den verilen bilgiye g\u00f6re derne\u011fin, Halkbank sponsorlu\u011funda haz\u0131rlad\u0131\u011f\u0131 \u201cHayat\u0131m\u0131za de\u011fer kad\u0131nlar\u201d belgesel sergisinin 25\u2019incisi olacak belgeselin g\u00f6sterimi Yak\u0131n Do\u011fu \u00dcniversitesi (YD\u00dc) B\u00fcy\u00fck K\u00fct\u00fcphane Prof. Dr. \u00dcmit Hassan Salonu\u2019nda saat 19.00\u2019da ba\u015flayacak.","og_url":"https:\/\/kuzeyinsesi.org\/index.php\/2024\/11\/11\/is-kadini-isin-ramadan-cemilin-belgeseli-yarin-aksam-gosterilecek\/","og_site_name":"Kuzeyin Sesi","article_publisher":"https:\/\/www.facebook.com\/kuzeyinsesii","article_published_time":"2024-11-11T08:56:29+00:00","og_image":[{"url":"https:\/\/brtk.net\/wp-content\/uploads\/2024\/11\/11\/adassss.jpg?ver=7ea5f4d89e4e8a6332940f27064fe26c","type":"","width":"","height":""}],"author":"Kuzeyin Sesi","twitter_card":"summary_large_image","twitter_creator":"@kuzeyinsesii","twitter_site":"@kuzeyinsesii","twitter_misc":{"Yazan:":"Kuzeyin Sesi"},"schema":{"@context":"https:\/\/schema.org","@graph":[{"@type":"Article","@id":"https:\/\/kuzeyinsesi.org\/index.php\/2024\/11\/11\/is-kadini-isin-ramadan-cemilin-belgeseli-yarin-aksam-gosterilecek\/#article","isPartOf":{"@id":"https:\/\/kuzeyinsesi.org\/index.php\/2024\/11\/11\/is-kadini-isin-ramadan-cemilin-belgeseli-yarin-aksam-gosterilecek\/"},"author":{"name":"Kuzeyin Sesi","@id":"https:\/\/kuzeyinsesi.org\/#\/schema\/person\/9f859689cdf01485597712386e37f5aa"},"headline":"\u0130\u015f kad\u0131n\u0131 I\u015f\u0131n Ramadan Cemil\u2019in belgeseli yar\u0131n ak\u015fam g\u00f6sterilecek","datePublished":"2024-11-11T08:56:29+00:00","mainEntityOfPage":{"@id":"https:\/\/kuzeyinsesi.org\/index.php\/2024\/11\/11\/is-kadini-isin-ramadan-cemilin-belgeseli-yarin-aksam-gosterilecek\/"},"wordCount":105,"commentCount":0,"image":{"@id":"https:\/\/kuzeyinsesi.org\/index.php\/2024\/11\/11\/is-kadini-isin-ramadan-cemilin-belgeseli-yarin-aksam-gosterilecek\/#primaryimage"},"thumbnailUrl":"https:\/\/kuzeyinsesi.org\/wp-content\/uploads\/2024\/11\/adassss.jpg","articleSection":["Ya\u015fam"],"inLanguage":"tr","potentialAction":[{"@type":"CommentAction","name":"Comment","target":["https:\/\/kuzeyinsesi.org\/index.php\/2024\/11\/11\/is-kadini-isin-ramadan-cemilin-belgeseli-yarin-aksam-gosterilecek\/#respond"]}]},{"@type":"WebPage","@id":"https:\/\/kuzeyinsesi.org\/index.php\/2024\/11\/11\/is-kadini-isin-ramadan-cemilin-belgeseli-yarin-aksam-gosterilecek\/","url":"https:\/\/kuzeyinsesi.org\/index.php\/2024\/11\/11\/is-kadini-isin-ramadan-cemilin-belgeseli-yarin-aksam-gosterilecek\/","name":"\u0130\u015f kad\u0131n\u0131 I\u015f\u0131n Ramadan Cemil\u2019in belgeseli yar\u0131n ak\u015fam g\u00f6sterilecek - Kuzeyin Sesi","isPartOf":{"@id":"https:\/\/kuzeyinsesi.org\/#website"},"primaryImageOfPage":{"@id":"https:\/\/kuzeyinsesi.org\/index.php\/2024\/11\/11\/is-kadini-isin-ramadan-cemilin-belgeseli-yarin-aksam-gosterilecek\/#primaryimage"},"image":{"@id":"https:\/\/kuzeyinsesi.org\/index.php\/2024\/11\/11\/is-kadini-isin-ramadan-cemilin-belgeseli-yarin-aksam-gosterilecek\/#primaryimage"},"thumbnailUrl":"https:\/\/kuzeyinsesi.org\/wp-content\/uploads\/2024\/11\/adassss.jpg","datePublished":"2024-11-11T08:56:29+00:00","author":{"@id":"https:\/\/kuzeyinsesi.org\/#\/schema\/person\/9f859689cdf01485597712386e37f5aa"},"breadcrumb":{"@id":"https:\/\/kuzeyinsesi.org\/index.php\/2024\/11\/11\/is-kadini-isin-ramadan-cemilin-belgeseli-yarin-aksam-gosterilecek\/#breadcrumb"},"inLanguage":"tr","potentialAction":[{"@type":"ReadAction","target":["https:\/\/kuzeyinsesi.org\/index.php\/2024\/11\/11\/is-kadini-isin-ramadan-cemilin-belgeseli-yarin-aksam-gosterilecek\/"]}]},{"@type":"ImageObject","inLanguage":"tr","@id":"https:\/\/kuzeyinsesi.org\/index.php\/2024\/11\/11\/is-kadini-isin-ramadan-cemilin-belgeseli-yarin-aksam-gosterilecek\/#primaryimage","url":"https:\/\/kuzeyinsesi.org\/wp-content\/uploads\/2024\/11\/adassss.jpg","contentUrl":"https:\/\/kuzeyinsesi.org\/wp-content\/uploads\/2024\/11\/adassss.jpg","width":971,"height":445},{"@type":"BreadcrumbList","@id":"https:\/\/kuzeyinsesi.org\/index.php\/2024\/11\/11\/is-kadini-isin-ramadan-cemilin-belgeseli-yarin-aksam-gosterilecek\/#breadcrumb","itemListElement":[{"@type":"ListItem","position":1,"name":"Anasayfa","item":"https:\/\/kuzeyinsesi.org\/"},{"@type":"ListItem","position":2,"name":"\u0130\u015f kad\u0131n\u0131 I\u015f\u0131n Ramadan Cemil\u2019in belgeseli yar\u0131n ak\u015fam g\u00f6sterilecek"}]},{"@type":"WebSite","@id":"https:\/\/kuzeyinsesi.org\/#website","url":"https:\/\/kuzeyinsesi.org\/","name":"Kuzeyin Sesi","description":"Do\u011fru Haberin Adresi","potentialAction":[{"@type":"SearchAction","target":{"@type":"EntryPoint","urlTemplate":"https:\/\/kuzeyinsesi.org\/?s={search_term_string}"},"query-input":{"@type":"PropertyValueSpecification","valueRequired":true,"valueName":"search_term_string"}}],"inLanguage":"tr"},{"@type":"Person","@id":"https:\/\/kuzeyinsesi.org\/#\/schema\/person\/9f859689cdf01485597712386e37f5aa","name":"Kuzeyin Sesi","image":{"@type":"ImageObject","inLanguage":"tr","@id":"https:\/\/secure.gravatar.com\/avatar\/bab33852abfd8b282518d6ed81826833d77c3c882d9ab608add591ccace47a44?s=96&d=mm&r=g","url":"https:\/\/secure.gravatar.com\/avatar\/bab33852abfd8b282518d6ed81826833d77c3c882d9ab608add591ccace47a44?s=96&d=mm&r=g","contentUrl":"https:\/\/secure.gravatar.com\/avatar\/bab33852abfd8b282518d6ed81826833d77c3c882d9ab608add591ccace47a44?s=96&d=mm&r=g","caption":"Kuzeyin Sesi"},"sameAs":["https:\/\/kuzeyinsesi.org"],"url":"https:\/\/kuzeyinsesi.org\/index.php\/author\/guven\/"}]}},"_links":{"self":[{"href":"https:\/\/kuzeyinsesi.org\/index.php\/wp-json\/wp\/v2\/posts\/13247","targetHints":{"allow":["GET"]}}],"collection":[{"href":"https:\/\/kuzeyinsesi.org\/index.php\/wp-json\/wp\/v2\/posts"}],"about":[{"href":"https:\/\/kuzeyinsesi.org\/index.php\/wp-json\/wp\/v2\/types\/post"}],"author":[{"embeddable":true,"href":"https:\/\/kuzeyinsesi.org\/index.php\/wp-json\/wp\/v2\/users\/1"}],"replies":[{"embeddable":true,"href":"https:\/\/kuzeyinsesi.org\/index.php\/wp-json\/wp\/v2\/comments?post=13247"}],"version-history":[{"count":0,"href":"https:\/\/kuzeyinsesi.org\/index.php\/wp-json\/wp\/v2\/posts\/13247\/revisions"}],"wp:featuredmedia":[{"embeddable":true,"href":"https:\/\/kuzeyinsesi.org\/index.php\/wp-json\/wp\/v2\/media\/13248"}],"wp:attachment":[{"href":"https:\/\/kuzeyinsesi.org\/index.php\/wp-json\/wp\/v2\/media?parent=13247"}],"wp:term":[{"taxonomy":"category","embeddable":true,"href":"https:\/\/kuzeyinsesi.org\/index.php\/wp-json\/wp\/v2\/categories?post=13247"},{"taxonomy":"post_tag","embeddable":true,"href":"https:\/\/kuzeyinsesi.org\/index.php\/wp-json\/wp\/v2\/tags?post=13247"}],"curies":[{"name":"wp","href":"https:\/\/api.w.org\/{rel}","templated":true}]}}