{"id":13221,"date":"2024-11-10T14:10:03","date_gmt":"2024-11-10T12:10:03","guid":{"rendered":"https:\/\/kuzeyinsesi.org\/index.php\/2024\/11\/10\/tc-cumhurbaskani-erdogan-ataturku-putlastirmak-isteyenler-kadar-ataturku-tamamen-yok-sayanlar-da-gazinin-milletimizin-gonlundeki-yerini-sarsamayacak\/"},"modified":"2024-11-10T14:10:03","modified_gmt":"2024-11-10T12:10:03","slug":"tc-cumhurbaskani-erdogan-ataturku-putlastirmak-isteyenler-kadar-ataturku-tamamen-yok-sayanlar-da-gazinin-milletimizin-gonlundeki-yerini-sarsamayacak","status":"publish","type":"post","link":"https:\/\/kuzeyinsesi.org\/index.php\/2024\/11\/10\/tc-cumhurbaskani-erdogan-ataturku-putlastirmak-isteyenler-kadar-ataturku-tamamen-yok-sayanlar-da-gazinin-milletimizin-gonlundeki-yerini-sarsamayacak\/","title":{"rendered":"TC Cumhurba\u015fkan\u0131 Erdo\u011fan: \u201cAtat\u00fcrk\u2019\u00fc putla\u015ft\u0131rmak isteyenler kadar, Atat\u00fcrk\u2019\u00fc tamamen yok sayanlar da Gazi\u2019nin milletimizin g\u00f6nl\u00fcndeki yerini sarsamayacak\u201d"},"content":{"rendered":"<div>\n<div class=\"mariselle-image-container center\">\n                                            <\/div>\n<p>\nT\u00fcrkiye Cumhuriyeti (TC) Cumhurba\u015fkan\u0131 Recep Tayyip Erdo\u011fan, \u201cAtat\u00fcrk\u2019\u00fc putla\u015ft\u0131rmak isteyenler kadar, Atat\u00fcrk\u2019\u00fc tamamen yok sayanlar da Gazi\u2019nin milletimizin g\u00f6nl\u00fcndeki yerini sarsamayacakt\u0131r. Ak\u0131ldan, sa\u011fduyudan, tarihi ger\u00e7eklikten kopuk de\u011ferlendirmeler de bu durumu de\u011fi\u015ftirmeyecektir.\u201d dedi.<\/p>\n<p>Erdo\u011fan, Atat\u00fcrk K\u00fclt\u00fcr, Dil ve Tarih Y\u00fcksek Kurumunda, Gazi Mustafa Kemal Atat\u00fcrk\u2019\u00fcn ebediyete intikalinin 86. y\u0131l\u0131 dolay\u0131s\u0131yla d\u00fczenlenen anma t\u00f6renine kat\u0131ld\u0131.<\/p>\n<p>Burada konu\u015fan TC Cumhurba\u015fkan\u0131 Erdo\u011fan, Cumhuriyet\u2019in banisi Gazi Mustafa Kemal Atat\u00fcrk\u2019\u00fc ebediyete intikalinin 86. y\u0131l\u0131nda sayg\u0131yla and\u0131.<\/p>\n<p>Malazgirt\u2019ten bu yana bu topraklar\u0131n vatan olmas\u0131 i\u00e7in canlar\u0131n\u0131 ortaya koyan t\u00fcm \u015fehitlere, gazilere, kahramanlara Allah\u2019tan rahmet dileyen Erdo\u011fan, \u201cMilletimizin huzuru, devletimizin bekas\u0131 i\u00e7in s\u0131n\u0131rlar\u0131m\u0131z i\u00e7inde ve d\u0131\u015f\u0131nda vazife yapan g\u00fcvenlik g\u00fc\u00e7lerimizi Rabb\u2019im muhafaza eylesin.\u201d ifadesini kulland\u0131.<\/p>\n<p>Erdo\u011fan, art\u0131k ilk asr\u0131n\u0131 geride b\u0131rakarak T\u00fcrkiye Y\u00fczy\u0131l\u0131\u2019na ad\u0131m atan Cumhuriyet\u2019in her alanda ba\u015far\u0131l\u0131 olmas\u0131 i\u00e7in \u00e7al\u0131\u015fan, emek veren, ter d\u00f6ken t\u00fcm vatanda\u015flara te\u015fekk\u00fcr ederek, \u015funlar\u0131 kaydetti:<\/p>\n<p>\u201cMilli M\u00fccadele\u2019nin Ba\u015fkomutan\u0131 Gazi Mustafa Kemal\u2019in ifadesiyle \u2018hepimizin ortak hedefi, \u00fclkemizi muas\u0131r medeniyet seviyesinin \u00fczerine \u00e7\u0131karmakt\u0131r.\u2019 Hangi ama\u00e7 i\u00e7in olursa olsun bu milletin birlik ve beraberli\u011fini bozmaya y\u00f6nelik her s\u00f6z, her tutum, her eylem do\u011frudan Gazi Mustafa Kemal\u2019in emanetine ihanettir. \u0130deolojik b\u00f6l\u00fcc\u00fcl\u00fckten ekonomik tetik\u00e7ili\u011fe kadar geni\u015f bir cephede izlerine rastlad\u0131\u011f\u0131m\u0131z marazi duru\u015flar\u0131n gerisindeki saikleri gayet iyi biliyoruz.<\/p>\n<p>Ge\u00e7ti\u011fimiz y\u0131ldaki anma toplant\u0131s\u0131nda da ifade etti\u011fim gibi, T\u00fcrkiye bir d\u00f6nem gard\u0131rop Atat\u00fcrk\u00e7\u00fclerinden \u00e7ok \u00e7ekmi\u015ftir. Bug\u00fcn de sosyal medya Atat\u00fcrk\u00e7\u00fclerinin hem Atat\u00fcrk\u2019e hem \u00fclkemize hem de milletimizin birlik ve b\u00fct\u00fcnl\u00fc\u011f\u00fcne verdi\u011fi zarar T\u00fcrkiye\u2019nin yeminli d\u00fc\u015fmanlar\u0131yla yar\u0131\u015f\u0131r seviyeye ula\u015fm\u0131\u015ft\u0131r. \u00d6yle ki Atat\u00fcrk istismarc\u0131lar\u0131, son d\u00f6nemde ter\u00f6r \u00f6rg\u00fctleri ve onlar\u0131n \u00e7e\u015fitli isimler alt\u0131ndaki uzant\u0131lar\u0131yla kol kola girecek, yan yana y\u00fcr\u00fcyecek kadar z\u0131vanadan \u00e7\u0131km\u0131\u015flard\u0131r. Atat\u00fcrk\u00e7\u00fcl\u00fck maskesi alt\u0131nda emperyalistlerin \u00fclkemiz \u00fczerindeki hain emellerine hizmet eden bu azg\u0131n g\u00fcruhu milletimizin takdirine b\u0131rak\u0131yoruz.\u201d<\/p>\n<p>Tarihin bir kesitini y\u00fcceltip, geri kalan binlerce y\u0131ll\u0131k birikimi ve medeniyeti reddedenlerin, varl\u0131klar\u0131n\u0131 yar\u0131nlara ta\u015f\u0131yacak dayanaktan mahrum kalaca\u011f\u0131na i\u015faret eden Erdo\u011fan, \u201cNe Gazi\u2019yi ne de Cumhuriyet\u2019in kurumlar\u0131n\u0131, de\u011ferlerini ve hedeflerini bu istismarc\u0131lara, bu k\u00f6ks\u00fcz ideoloji bezirganlar\u0131na terk etmedik, bundan b\u00f6yle de terk etmeyece\u011fiz.\u201d diye konu\u015ftu.<\/p>\n<p>\u2013 \u201cCumhuriyet\u2019imize ve kurucular\u0131na gen\u00e7lerimiz daha s\u0131k\u0131 sar\u0131lacak\u201d<\/p>\n<p>Erdo\u011fan, bir fani olarak Atat\u00fcrk\u2019\u00fcn yapt\u0131klar\u0131 veya yapamad\u0131klar\u0131n\u0131 vicdanl\u0131 bir zeminde tart\u0131\u015fman\u0131n tarih\u00e7ilerin ve alan\u0131nda uzman bilim insanlar\u0131n\u0131n i\u015fi oldu\u011funu ifade ederek, yeni binas\u0131nda \u00e7ok daha g\u00fczel hizmetler verece\u011fine inand\u0131\u011f\u0131 Atat\u00fcrk K\u00fclt\u00fcr, Dil ve Tarih Y\u00fcksek Kurumunun bu ama\u00e7la faaliyet g\u00f6sterdi\u011fini s\u00f6yledi.<\/p>\n<p>TC Cumhurba\u015fkan\u0131 Erdo\u011fan, \u015f\u00f6yle devam etti:<\/p>\n<p>\u201cAtat\u00fcrk\u2019\u00fc putla\u015ft\u0131rmak isteyenler kadar, Atat\u00fcrk\u2019\u00fc tamamen yok sayanlar da Gazi\u2019nin milletimizin g\u00f6nl\u00fcndeki yerini sarsamayacakt\u0131r. Ak\u0131ldan, sa\u011fduyudan, tarihi ger\u00e7eklikten kopuk de\u011ferlendirmeler de ayn\u0131 \u015fekilde bu durumu de\u011fi\u015ftirmeyecektir. Atat\u00fcrk posterinin arkas\u0131na saklanarak, \u00fclke ve millet d\u00fc\u015fmanlar\u0131n\u0131n de\u011firmenine su ta\u015f\u0131yanlar\u0131n, onlarla omuz omuza yol y\u00fcr\u00fcyenlerin riyakarl\u0131klar\u0131 art\u0131k kimseyi kand\u0131rmaya yetmiyor.\u201d<\/p>\n<p>Erdo\u011fan, bilhassa gen\u00e7lerin ara\u015ft\u0131ran, soru\u015fturan, mukayese eden berrak zihinleriyle kimlerin nerede durdu\u011funu gayet iyi g\u00f6rd\u00fc\u011f\u00fcn\u00fc anlatarak, \u201cMilli M\u00fccadele\u2019yi zafere ula\u015ft\u0131ran \u2018hatt\u0131 m\u00fcdafaa yoktur, sath\u0131 m\u00fcdafaa vard\u0131r, o sat\u0131h vatan topraklar\u0131n\u0131n tamam\u0131d\u0131r\u2019 \u015fiar\u0131 hayat\u0131m\u0131z\u0131n her alan\u0131nda rehberimiz olmay\u0131 s\u00fcrd\u00fcr\u00fcyor. Kendi k\u0131s\u0131r \u00e7\u0131karlar\u0131n\u0131 \u00fclkenin ve milletin ali menfaatlerinin \u00f6n\u00fcne koyanlar\u0131n foyalar\u0131 ortaya \u00e7\u0131kt\u0131k\u00e7a Cumhuriyet\u2019imize de onun kurucular\u0131na da gen\u00e7lerimiz daha s\u0131k\u0131 sar\u0131lacakt\u0131r.\u201d dedi.<\/p>\n<p>Cumhuriyet\u2019e ve Atat\u00fcrk\u2019\u00fcn hat\u0131ras\u0131na sahip \u00e7\u0131kman\u0131n en somut ifadesinin T\u00fcrkiye\u2019ye ve millete verilen hizmetler, yap\u0131lan eserler, kazand\u0131r\u0131lan de\u011ferler oldu\u011funu vurgulayan Erdo\u011fan, \u201cMevlana Hazretleri\u2019nin o hikmetli s\u00f6z\u00fcyle s\u00f6yleyecek olursak, \u2018Kamil odur ki koya d\u00fcnyada eser, eseri olmayan\u0131n yerinde yeller eser.\u2019 Kimin eserleriyle ya\u015fad\u0131\u011f\u0131n\u0131, kimin yerinde yeller esti\u011fini en iyi sizler biliyorsunuz.\u201d diye konu\u015ftu.<\/p>\n<p>\u2013 \u201cGazi\u2019nin \u00f6mr\u00fc 10 y\u0131l daha \u00fclkeyi y\u00f6netmeye el verseydi\u2026\u201d<\/p>\n<p>Erdo\u011fan, T\u00fcrkiye\u2019yi y\u00f6netme sorumlulu\u011funu \u00fcstlendikleri g\u00fcnden beri bu anlay\u0131\u015fla \u00e7al\u0131\u015f\u0131p, ko\u015fturup, m\u00fccadele ettiklerinin alt\u0131n\u0131 \u00e7izerek, milletle birlikte g\u00fc\u00e7l\u00fc, g\u00fcvenli, huzurlu, m\u00fcreffeh bir T\u00fcrkiye\u2019nin in\u015fas\u0131 i\u00e7in var g\u00fc\u00e7leriyle \u00e7aba g\u00f6stermeyi s\u00fcrd\u00fcrd\u00fcklerini s\u00f6yledi.<\/p>\n<p>\u201cElbette bu kutlu yolda \u00f6n\u00fcm\u00fcze engeller \u00e7\u0131kabiliyor, tuzaklar kurulabiliyor. \u00dclkemizi hedeflerinden uzakla\u015ft\u0131rmak, ray\u0131ndan sapt\u0131rmak, kazan\u0131mlar\u0131ndan mahrum b\u0131rakmak i\u00e7in kirli senaryolar\u0131n biri bitmeden di\u011feri sahneleniyor.\u201d ifadelerini kullanan Erdo\u011fan, \u015funlar\u0131 kaydetti:<\/p>\n<p>\u201cEsasen Cumhuriyet tarihimiz boyunca milletimiz her d\u00f6nem farkl\u0131 g\u00f6r\u00fcn\u00fcmler alt\u0131nda ama hep ayn\u0131 gayeye hizmet eden nice sinsi oyunla bo\u011fu\u015fmu\u015ftur. Tek parti fa\u015fizminin \u00fclkemizin geli\u015fmesine, kalk\u0131nmas\u0131na, yeniden in\u015fa edilen d\u00fcnya d\u00fczeninde hak etti\u011fi yeri almas\u0131na engel olan vizyonsuzlu\u011funun bedelini a\u011f\u0131r bir \u015fekilde \u00f6dedik. \u015eayet Gazi\u2019nin \u00f6mr\u00fc ve sa\u011fl\u0131\u011f\u0131 en az\u0131ndan bir 10 y\u0131l daha \u00fclkeyi y\u00f6netmeye el verseydi, hi\u00e7 \u015f\u00fcphesiz \u0130kinci Cihan Harbi sonras\u0131 bamba\u015fka bir T\u00fcrkiye g\u00f6recektik. Maalesef Gazi\u2019nin vefat\u0131yla bu f\u0131rsat\u0131 ka\u00e7\u0131rd\u0131k. \u00c7ok partili siyasi hayata ge\u00e7tikten sonra da ba\u015f\u0131m\u0131za musallat edilen darbeler, zay\u0131f koalisyonlar, kifayetsiz kadrolar \u00fclkemizin k\u00fcresel kalk\u0131nma yar\u0131\u015f\u0131nda geride kalmas\u0131na sebep oldu. Tek ba\u015f\u0131na savunma sanayimizin serencam\u0131 dahi bu tabloyu a\u00e7\u0131k\u00e7a ortaya koymaya yeterlidir.\u201d<\/p>\n<\/p><\/div>\n<p><script async\n                    defer\n                    crossorigin=\"anonymous\"\n                    src=\"https:\/\/connect.facebook.net\/tr_TR\/sdk.js#xfbml=1&#038;version=v3.3\"\n            ><\/script><\/p>\n","protected":false},"excerpt":{"rendered":"<p>T\u00fcrkiye Cumhuriyeti (TC) Cumhurba\u015fkan\u0131 Recep Tayyip Erdo\u011fan, \u201cAtat\u00fcrk\u2019\u00fc putla\u015ft\u0131rmak isteyenler kadar, Atat\u00fcrk\u2019\u00fc tamamen yok sayanlar da Gazi\u2019nin milletimizin g\u00f6nl\u00fcndeki yerini sarsamayacakt\u0131r. Ak\u0131ldan, sa\u011fduyudan, tarihi ger\u00e7eklikten kopuk de\u011ferlendirmeler de bu durumu de\u011fi\u015ftirmeyecektir.\u201d dedi. Erdo\u011fan, Atat\u00fcrk K\u00fclt\u00fcr, Dil ve Tarih Y\u00fcksek Kurumunda, Gazi Mustafa Kemal Atat\u00fcrk\u2019\u00fcn ebediyete intikalinin 86. y\u0131l\u0131 dolay\u0131s\u0131yla d\u00fczenlenen anma t\u00f6renine kat\u0131ld\u0131. Burada konu\u015fan [&hellip;]<\/p>\n","protected":false},"author":1,"featured_media":13222,"comment_status":"open","ping_status":"open","sticky":false,"template":"","format":"standard","meta":{"jnews-multi-image_gallery":[],"jnews_single_post":[],"jnews_primary_category":[],"jnews_social_meta":[],"jnews_override_counter":[],"footnotes":""},"categories":[5],"tags":[],"class_list":["post-13221","post","type-post","status-publish","format-standard","has-post-thumbnail","hentry","category-turkiye"],"yoast_head":"<!-- This site is optimized with the Yoast SEO plugin v27.4 - https:\/\/yoast.com\/product\/yoast-seo-wordpress\/ -->\n<title>TC Cumhurba\u015fkan\u0131 Erdo\u011fan: \u201cAtat\u00fcrk\u2019\u00fc putla\u015ft\u0131rmak isteyenler kadar, Atat\u00fcrk\u2019\u00fc tamamen yok sayanlar da Gazi\u2019nin milletimizin g\u00f6nl\u00fcndeki yerini sarsamayacak\u201d - Kuzeyin Sesi<\/title>\n<meta name=\"robots\" content=\"index, follow, max-snippet:-1, max-image-preview:large, max-video-preview:-1\" \/>\n<link rel=\"canonical\" href=\"https:\/\/kuzeyinsesi.org\/index.php\/2024\/11\/10\/tc-cumhurbaskani-erdogan-ataturku-putlastirmak-isteyenler-kadar-ataturku-tamamen-yok-sayanlar-da-gazinin-milletimizin-gonlundeki-yerini-sarsamayacak\/\" \/>\n<meta property=\"og:locale\" content=\"tr_TR\" \/>\n<meta property=\"og:type\" content=\"article\" \/>\n<meta property=\"og:title\" content=\"TC Cumhurba\u015fkan\u0131 Erdo\u011fan: \u201cAtat\u00fcrk\u2019\u00fc putla\u015ft\u0131rmak isteyenler kadar, Atat\u00fcrk\u2019\u00fc tamamen yok sayanlar da Gazi\u2019nin milletimizin g\u00f6nl\u00fcndeki yerini sarsamayacak\u201d - Kuzeyin Sesi\" \/>\n<meta property=\"og:description\" content=\"T\u00fcrkiye Cumhuriyeti (TC) Cumhurba\u015fkan\u0131 Recep Tayyip Erdo\u011fan, \u201cAtat\u00fcrk\u2019\u00fc putla\u015ft\u0131rmak isteyenler kadar, Atat\u00fcrk\u2019\u00fc tamamen yok sayanlar da Gazi\u2019nin milletimizin g\u00f6nl\u00fcndeki yerini sarsamayacakt\u0131r. Ak\u0131ldan, sa\u011fduyudan, tarihi ger\u00e7eklikten kopuk de\u011ferlendirmeler de bu durumu de\u011fi\u015ftirmeyecektir.\u201d dedi. Erdo\u011fan, Atat\u00fcrk K\u00fclt\u00fcr, Dil ve Tarih Y\u00fcksek Kurumunda, Gazi Mustafa Kemal Atat\u00fcrk\u2019\u00fcn ebediyete intikalinin 86. y\u0131l\u0131 dolay\u0131s\u0131yla d\u00fczenlenen anma t\u00f6renine kat\u0131ld\u0131. Burada konu\u015fan [&hellip;]\" \/>\n<meta property=\"og:url\" content=\"https:\/\/kuzeyinsesi.org\/index.php\/2024\/11\/10\/tc-cumhurbaskani-erdogan-ataturku-putlastirmak-isteyenler-kadar-ataturku-tamamen-yok-sayanlar-da-gazinin-milletimizin-gonlundeki-yerini-sarsamayacak\/\" \/>\n<meta property=\"og:site_name\" content=\"Kuzeyin Sesi\" \/>\n<meta property=\"article:publisher\" content=\"https:\/\/www.facebook.com\/kuzeyinsesii\" \/>\n<meta property=\"article:published_time\" content=\"2024-11-10T12:10:03+00:00\" \/>\n<meta property=\"og:image\" content=\"https:\/\/brtk.net\/wp-content\/uploads\/2024\/11\/10\/aa-20241110-36156999-36156996-cumhurbaskani-recep-tayyip-erdogan-scaled.jpg?ver=5ad184ffec78f128be711dc35bddea93\" \/>\n<meta name=\"author\" content=\"Kuzeyin Sesi\" \/>\n<meta name=\"twitter:card\" content=\"summary_large_image\" \/>\n<meta name=\"twitter:creator\" content=\"@kuzeyinsesii\" \/>\n<meta name=\"twitter:site\" content=\"@kuzeyinsesii\" \/>\n<meta name=\"twitter:label1\" content=\"Yazan:\" \/>\n\t<meta name=\"twitter:data1\" content=\"Kuzeyin Sesi\" \/>\n\t<meta name=\"twitter:label2\" content=\"Tahmini okuma s\u00fcresi\" \/>\n\t<meta name=\"twitter:data2\" content=\"5 dakika\" \/>\n<script type=\"application\/ld+json\" class=\"yoast-schema-graph\">{\"@context\":\"https:\\\/\\\/schema.org\",\"@graph\":[{\"@type\":\"Article\",\"@id\":\"https:\\\/\\\/kuzeyinsesi.org\\\/index.php\\\/2024\\\/11\\\/10\\\/tc-cumhurbaskani-erdogan-ataturku-putlastirmak-isteyenler-kadar-ataturku-tamamen-yok-sayanlar-da-gazinin-milletimizin-gonlundeki-yerini-sarsamayacak\\\/#article\",\"isPartOf\":{\"@id\":\"https:\\\/\\\/kuzeyinsesi.org\\\/index.php\\\/2024\\\/11\\\/10\\\/tc-cumhurbaskani-erdogan-ataturku-putlastirmak-isteyenler-kadar-ataturku-tamamen-yok-sayanlar-da-gazinin-milletimizin-gonlundeki-yerini-sarsamayacak\\\/\"},\"author\":{\"name\":\"Kuzeyin Sesi\",\"@id\":\"https:\\\/\\\/kuzeyinsesi.org\\\/#\\\/schema\\\/person\\\/9f859689cdf01485597712386e37f5aa\"},\"headline\":\"TC Cumhurba\u015fkan\u0131 Erdo\u011fan: \u201cAtat\u00fcrk\u2019\u00fc putla\u015ft\u0131rmak isteyenler kadar, Atat\u00fcrk\u2019\u00fc tamamen yok sayanlar da Gazi\u2019nin milletimizin g\u00f6nl\u00fcndeki yerini sarsamayacak\u201d\",\"datePublished\":\"2024-11-10T12:10:03+00:00\",\"mainEntityOfPage\":{\"@id\":\"https:\\\/\\\/kuzeyinsesi.org\\\/index.php\\\/2024\\\/11\\\/10\\\/tc-cumhurbaskani-erdogan-ataturku-putlastirmak-isteyenler-kadar-ataturku-tamamen-yok-sayanlar-da-gazinin-milletimizin-gonlundeki-yerini-sarsamayacak\\\/\"},\"wordCount\":1103,\"commentCount\":0,\"image\":{\"@id\":\"https:\\\/\\\/kuzeyinsesi.org\\\/index.php\\\/2024\\\/11\\\/10\\\/tc-cumhurbaskani-erdogan-ataturku-putlastirmak-isteyenler-kadar-ataturku-tamamen-yok-sayanlar-da-gazinin-milletimizin-gonlundeki-yerini-sarsamayacak\\\/#primaryimage\"},\"thumbnailUrl\":\"https:\\\/\\\/kuzeyinsesi.org\\\/wp-content\\\/uploads\\\/2024\\\/11\\\/aa-20241110-36156999-36156996-cumhurbaskani-recep-tayyip-erdogan-scaled.jpg\",\"articleSection\":[\"T\u00fcrkiye\"],\"inLanguage\":\"tr\",\"potentialAction\":[{\"@type\":\"CommentAction\",\"name\":\"Comment\",\"target\":[\"https:\\\/\\\/kuzeyinsesi.org\\\/index.php\\\/2024\\\/11\\\/10\\\/tc-cumhurbaskani-erdogan-ataturku-putlastirmak-isteyenler-kadar-ataturku-tamamen-yok-sayanlar-da-gazinin-milletimizin-gonlundeki-yerini-sarsamayacak\\\/#respond\"]}]},{\"@type\":\"WebPage\",\"@id\":\"https:\\\/\\\/kuzeyinsesi.org\\\/index.php\\\/2024\\\/11\\\/10\\\/tc-cumhurbaskani-erdogan-ataturku-putlastirmak-isteyenler-kadar-ataturku-tamamen-yok-sayanlar-da-gazinin-milletimizin-gonlundeki-yerini-sarsamayacak\\\/\",\"url\":\"https:\\\/\\\/kuzeyinsesi.org\\\/index.php\\\/2024\\\/11\\\/10\\\/tc-cumhurbaskani-erdogan-ataturku-putlastirmak-isteyenler-kadar-ataturku-tamamen-yok-sayanlar-da-gazinin-milletimizin-gonlundeki-yerini-sarsamayacak\\\/\",\"name\":\"TC Cumhurba\u015fkan\u0131 Erdo\u011fan: \u201cAtat\u00fcrk\u2019\u00fc putla\u015ft\u0131rmak isteyenler kadar, Atat\u00fcrk\u2019\u00fc tamamen yok sayanlar da Gazi\u2019nin milletimizin g\u00f6nl\u00fcndeki yerini sarsamayacak\u201d - Kuzeyin Sesi\",\"isPartOf\":{\"@id\":\"https:\\\/\\\/kuzeyinsesi.org\\\/#website\"},\"primaryImageOfPage\":{\"@id\":\"https:\\\/\\\/kuzeyinsesi.org\\\/index.php\\\/2024\\\/11\\\/10\\\/tc-cumhurbaskani-erdogan-ataturku-putlastirmak-isteyenler-kadar-ataturku-tamamen-yok-sayanlar-da-gazinin-milletimizin-gonlundeki-yerini-sarsamayacak\\\/#primaryimage\"},\"image\":{\"@id\":\"https:\\\/\\\/kuzeyinsesi.org\\\/index.php\\\/2024\\\/11\\\/10\\\/tc-cumhurbaskani-erdogan-ataturku-putlastirmak-isteyenler-kadar-ataturku-tamamen-yok-sayanlar-da-gazinin-milletimizin-gonlundeki-yerini-sarsamayacak\\\/#primaryimage\"},\"thumbnailUrl\":\"https:\\\/\\\/kuzeyinsesi.org\\\/wp-content\\\/uploads\\\/2024\\\/11\\\/aa-20241110-36156999-36156996-cumhurbaskani-recep-tayyip-erdogan-scaled.jpg\",\"datePublished\":\"2024-11-10T12:10:03+00:00\",\"author\":{\"@id\":\"https:\\\/\\\/kuzeyinsesi.org\\\/#\\\/schema\\\/person\\\/9f859689cdf01485597712386e37f5aa\"},\"breadcrumb\":{\"@id\":\"https:\\\/\\\/kuzeyinsesi.org\\\/index.php\\\/2024\\\/11\\\/10\\\/tc-cumhurbaskani-erdogan-ataturku-putlastirmak-isteyenler-kadar-ataturku-tamamen-yok-sayanlar-da-gazinin-milletimizin-gonlundeki-yerini-sarsamayacak\\\/#breadcrumb\"},\"inLanguage\":\"tr\",\"potentialAction\":[{\"@type\":\"ReadAction\",\"target\":[\"https:\\\/\\\/kuzeyinsesi.org\\\/index.php\\\/2024\\\/11\\\/10\\\/tc-cumhurbaskani-erdogan-ataturku-putlastirmak-isteyenler-kadar-ataturku-tamamen-yok-sayanlar-da-gazinin-milletimizin-gonlundeki-yerini-sarsamayacak\\\/\"]}]},{\"@type\":\"ImageObject\",\"inLanguage\":\"tr\",\"@id\":\"https:\\\/\\\/kuzeyinsesi.org\\\/index.php\\\/2024\\\/11\\\/10\\\/tc-cumhurbaskani-erdogan-ataturku-putlastirmak-isteyenler-kadar-ataturku-tamamen-yok-sayanlar-da-gazinin-milletimizin-gonlundeki-yerini-sarsamayacak\\\/#primaryimage\",\"url\":\"https:\\\/\\\/kuzeyinsesi.org\\\/wp-content\\\/uploads\\\/2024\\\/11\\\/aa-20241110-36156999-36156996-cumhurbaskani-recep-tayyip-erdogan-scaled.jpg\",\"contentUrl\":\"https:\\\/\\\/kuzeyinsesi.org\\\/wp-content\\\/uploads\\\/2024\\\/11\\\/aa-20241110-36156999-36156996-cumhurbaskani-recep-tayyip-erdogan-scaled.jpg\",\"width\":2560,\"height\":1760},{\"@type\":\"BreadcrumbList\",\"@id\":\"https:\\\/\\\/kuzeyinsesi.org\\\/index.php\\\/2024\\\/11\\\/10\\\/tc-cumhurbaskani-erdogan-ataturku-putlastirmak-isteyenler-kadar-ataturku-tamamen-yok-sayanlar-da-gazinin-milletimizin-gonlundeki-yerini-sarsamayacak\\\/#breadcrumb\",\"itemListElement\":[{\"@type\":\"ListItem\",\"position\":1,\"name\":\"Anasayfa\",\"item\":\"https:\\\/\\\/kuzeyinsesi.org\\\/\"},{\"@type\":\"ListItem\",\"position\":2,\"name\":\"TC Cumhurba\u015fkan\u0131 Erdo\u011fan: \u201cAtat\u00fcrk\u2019\u00fc putla\u015ft\u0131rmak isteyenler kadar, Atat\u00fcrk\u2019\u00fc tamamen yok sayanlar da Gazi\u2019nin milletimizin g\u00f6nl\u00fcndeki yerini sarsamayacak\u201d\"}]},{\"@type\":\"WebSite\",\"@id\":\"https:\\\/\\\/kuzeyinsesi.org\\\/#website\",\"url\":\"https:\\\/\\\/kuzeyinsesi.org\\\/\",\"name\":\"Kuzeyin Sesi\",\"description\":\"Do\u011fru Haberin Adresi\",\"potentialAction\":[{\"@type\":\"SearchAction\",\"target\":{\"@type\":\"EntryPoint\",\"urlTemplate\":\"https:\\\/\\\/kuzeyinsesi.org\\\/?s={search_term_string}\"},\"query-input\":{\"@type\":\"PropertyValueSpecification\",\"valueRequired\":true,\"valueName\":\"search_term_string\"}}],\"inLanguage\":\"tr\"},{\"@type\":\"Person\",\"@id\":\"https:\\\/\\\/kuzeyinsesi.org\\\/#\\\/schema\\\/person\\\/9f859689cdf01485597712386e37f5aa\",\"name\":\"Kuzeyin Sesi\",\"image\":{\"@type\":\"ImageObject\",\"inLanguage\":\"tr\",\"@id\":\"https:\\\/\\\/secure.gravatar.com\\\/avatar\\\/bab33852abfd8b282518d6ed81826833d77c3c882d9ab608add591ccace47a44?s=96&d=mm&r=g\",\"url\":\"https:\\\/\\\/secure.gravatar.com\\\/avatar\\\/bab33852abfd8b282518d6ed81826833d77c3c882d9ab608add591ccace47a44?s=96&d=mm&r=g\",\"contentUrl\":\"https:\\\/\\\/secure.gravatar.com\\\/avatar\\\/bab33852abfd8b282518d6ed81826833d77c3c882d9ab608add591ccace47a44?s=96&d=mm&r=g\",\"caption\":\"Kuzeyin Sesi\"},\"sameAs\":[\"https:\\\/\\\/kuzeyinsesi.org\"],\"url\":\"https:\\\/\\\/kuzeyinsesi.org\\\/index.php\\\/author\\\/guven\\\/\"}]}<\/script>\n<!-- \/ Yoast SEO plugin. -->","yoast_head_json":{"title":"TC Cumhurba\u015fkan\u0131 Erdo\u011fan: \u201cAtat\u00fcrk\u2019\u00fc putla\u015ft\u0131rmak isteyenler kadar, Atat\u00fcrk\u2019\u00fc tamamen yok sayanlar da Gazi\u2019nin milletimizin g\u00f6nl\u00fcndeki yerini sarsamayacak\u201d - Kuzeyin Sesi","robots":{"index":"index","follow":"follow","max-snippet":"max-snippet:-1","max-image-preview":"max-image-preview:large","max-video-preview":"max-video-preview:-1"},"canonical":"https:\/\/kuzeyinsesi.org\/index.php\/2024\/11\/10\/tc-cumhurbaskani-erdogan-ataturku-putlastirmak-isteyenler-kadar-ataturku-tamamen-yok-sayanlar-da-gazinin-milletimizin-gonlundeki-yerini-sarsamayacak\/","og_locale":"tr_TR","og_type":"article","og_title":"TC Cumhurba\u015fkan\u0131 Erdo\u011fan: \u201cAtat\u00fcrk\u2019\u00fc putla\u015ft\u0131rmak isteyenler kadar, Atat\u00fcrk\u2019\u00fc tamamen yok sayanlar da Gazi\u2019nin milletimizin g\u00f6nl\u00fcndeki yerini sarsamayacak\u201d - Kuzeyin Sesi","og_description":"T\u00fcrkiye Cumhuriyeti (TC) Cumhurba\u015fkan\u0131 Recep Tayyip Erdo\u011fan, \u201cAtat\u00fcrk\u2019\u00fc putla\u015ft\u0131rmak isteyenler kadar, Atat\u00fcrk\u2019\u00fc tamamen yok sayanlar da Gazi\u2019nin milletimizin g\u00f6nl\u00fcndeki yerini sarsamayacakt\u0131r. Ak\u0131ldan, sa\u011fduyudan, tarihi ger\u00e7eklikten kopuk de\u011ferlendirmeler de bu durumu de\u011fi\u015ftirmeyecektir.\u201d dedi. Erdo\u011fan, Atat\u00fcrk K\u00fclt\u00fcr, Dil ve Tarih Y\u00fcksek Kurumunda, Gazi Mustafa Kemal Atat\u00fcrk\u2019\u00fcn ebediyete intikalinin 86. y\u0131l\u0131 dolay\u0131s\u0131yla d\u00fczenlenen anma t\u00f6renine kat\u0131ld\u0131. Burada konu\u015fan [&hellip;]","og_url":"https:\/\/kuzeyinsesi.org\/index.php\/2024\/11\/10\/tc-cumhurbaskani-erdogan-ataturku-putlastirmak-isteyenler-kadar-ataturku-tamamen-yok-sayanlar-da-gazinin-milletimizin-gonlundeki-yerini-sarsamayacak\/","og_site_name":"Kuzeyin Sesi","article_publisher":"https:\/\/www.facebook.com\/kuzeyinsesii","article_published_time":"2024-11-10T12:10:03+00:00","og_image":[{"url":"https:\/\/brtk.net\/wp-content\/uploads\/2024\/11\/10\/aa-20241110-36156999-36156996-cumhurbaskani-recep-tayyip-erdogan-scaled.jpg?ver=5ad184ffec78f128be711dc35bddea93","type":"","width":"","height":""}],"author":"Kuzeyin Sesi","twitter_card":"summary_large_image","twitter_creator":"@kuzeyinsesii","twitter_site":"@kuzeyinsesii","twitter_misc":{"Yazan:":"Kuzeyin Sesi","Tahmini okuma s\u00fcresi":"5 dakika"},"schema":{"@context":"https:\/\/schema.org","@graph":[{"@type":"Article","@id":"https:\/\/kuzeyinsesi.org\/index.php\/2024\/11\/10\/tc-cumhurbaskani-erdogan-ataturku-putlastirmak-isteyenler-kadar-ataturku-tamamen-yok-sayanlar-da-gazinin-milletimizin-gonlundeki-yerini-sarsamayacak\/#article","isPartOf":{"@id":"https:\/\/kuzeyinsesi.org\/index.php\/2024\/11\/10\/tc-cumhurbaskani-erdogan-ataturku-putlastirmak-isteyenler-kadar-ataturku-tamamen-yok-sayanlar-da-gazinin-milletimizin-gonlundeki-yerini-sarsamayacak\/"},"author":{"name":"Kuzeyin Sesi","@id":"https:\/\/kuzeyinsesi.org\/#\/schema\/person\/9f859689cdf01485597712386e37f5aa"},"headline":"TC Cumhurba\u015fkan\u0131 Erdo\u011fan: \u201cAtat\u00fcrk\u2019\u00fc putla\u015ft\u0131rmak isteyenler kadar, Atat\u00fcrk\u2019\u00fc tamamen yok sayanlar da Gazi\u2019nin milletimizin g\u00f6nl\u00fcndeki yerini sarsamayacak\u201d","datePublished":"2024-11-10T12:10:03+00:00","mainEntityOfPage":{"@id":"https:\/\/kuzeyinsesi.org\/index.php\/2024\/11\/10\/tc-cumhurbaskani-erdogan-ataturku-putlastirmak-isteyenler-kadar-ataturku-tamamen-yok-sayanlar-da-gazinin-milletimizin-gonlundeki-yerini-sarsamayacak\/"},"wordCount":1103,"commentCount":0,"image":{"@id":"https:\/\/kuzeyinsesi.org\/index.php\/2024\/11\/10\/tc-cumhurbaskani-erdogan-ataturku-putlastirmak-isteyenler-kadar-ataturku-tamamen-yok-sayanlar-da-gazinin-milletimizin-gonlundeki-yerini-sarsamayacak\/#primaryimage"},"thumbnailUrl":"https:\/\/kuzeyinsesi.org\/wp-content\/uploads\/2024\/11\/aa-20241110-36156999-36156996-cumhurbaskani-recep-tayyip-erdogan-scaled.jpg","articleSection":["T\u00fcrkiye"],"inLanguage":"tr","potentialAction":[{"@type":"CommentAction","name":"Comment","target":["https:\/\/kuzeyinsesi.org\/index.php\/2024\/11\/10\/tc-cumhurbaskani-erdogan-ataturku-putlastirmak-isteyenler-kadar-ataturku-tamamen-yok-sayanlar-da-gazinin-milletimizin-gonlundeki-yerini-sarsamayacak\/#respond"]}]},{"@type":"WebPage","@id":"https:\/\/kuzeyinsesi.org\/index.php\/2024\/11\/10\/tc-cumhurbaskani-erdogan-ataturku-putlastirmak-isteyenler-kadar-ataturku-tamamen-yok-sayanlar-da-gazinin-milletimizin-gonlundeki-yerini-sarsamayacak\/","url":"https:\/\/kuzeyinsesi.org\/index.php\/2024\/11\/10\/tc-cumhurbaskani-erdogan-ataturku-putlastirmak-isteyenler-kadar-ataturku-tamamen-yok-sayanlar-da-gazinin-milletimizin-gonlundeki-yerini-sarsamayacak\/","name":"TC Cumhurba\u015fkan\u0131 Erdo\u011fan: \u201cAtat\u00fcrk\u2019\u00fc putla\u015ft\u0131rmak isteyenler kadar, Atat\u00fcrk\u2019\u00fc tamamen yok sayanlar da Gazi\u2019nin milletimizin g\u00f6nl\u00fcndeki yerini sarsamayacak\u201d - Kuzeyin Sesi","isPartOf":{"@id":"https:\/\/kuzeyinsesi.org\/#website"},"primaryImageOfPage":{"@id":"https:\/\/kuzeyinsesi.org\/index.php\/2024\/11\/10\/tc-cumhurbaskani-erdogan-ataturku-putlastirmak-isteyenler-kadar-ataturku-tamamen-yok-sayanlar-da-gazinin-milletimizin-gonlundeki-yerini-sarsamayacak\/#primaryimage"},"image":{"@id":"https:\/\/kuzeyinsesi.org\/index.php\/2024\/11\/10\/tc-cumhurbaskani-erdogan-ataturku-putlastirmak-isteyenler-kadar-ataturku-tamamen-yok-sayanlar-da-gazinin-milletimizin-gonlundeki-yerini-sarsamayacak\/#primaryimage"},"thumbnailUrl":"https:\/\/kuzeyinsesi.org\/wp-content\/uploads\/2024\/11\/aa-20241110-36156999-36156996-cumhurbaskani-recep-tayyip-erdogan-scaled.jpg","datePublished":"2024-11-10T12:10:03+00:00","author":{"@id":"https:\/\/kuzeyinsesi.org\/#\/schema\/person\/9f859689cdf01485597712386e37f5aa"},"breadcrumb":{"@id":"https:\/\/kuzeyinsesi.org\/index.php\/2024\/11\/10\/tc-cumhurbaskani-erdogan-ataturku-putlastirmak-isteyenler-kadar-ataturku-tamamen-yok-sayanlar-da-gazinin-milletimizin-gonlundeki-yerini-sarsamayacak\/#breadcrumb"},"inLanguage":"tr","potentialAction":[{"@type":"ReadAction","target":["https:\/\/kuzeyinsesi.org\/index.php\/2024\/11\/10\/tc-cumhurbaskani-erdogan-ataturku-putlastirmak-isteyenler-kadar-ataturku-tamamen-yok-sayanlar-da-gazinin-milletimizin-gonlundeki-yerini-sarsamayacak\/"]}]},{"@type":"ImageObject","inLanguage":"tr","@id":"https:\/\/kuzeyinsesi.org\/index.php\/2024\/11\/10\/tc-cumhurbaskani-erdogan-ataturku-putlastirmak-isteyenler-kadar-ataturku-tamamen-yok-sayanlar-da-gazinin-milletimizin-gonlundeki-yerini-sarsamayacak\/#primaryimage","url":"https:\/\/kuzeyinsesi.org\/wp-content\/uploads\/2024\/11\/aa-20241110-36156999-36156996-cumhurbaskani-recep-tayyip-erdogan-scaled.jpg","contentUrl":"https:\/\/kuzeyinsesi.org\/wp-content\/uploads\/2024\/11\/aa-20241110-36156999-36156996-cumhurbaskani-recep-tayyip-erdogan-scaled.jpg","width":2560,"height":1760},{"@type":"BreadcrumbList","@id":"https:\/\/kuzeyinsesi.org\/index.php\/2024\/11\/10\/tc-cumhurbaskani-erdogan-ataturku-putlastirmak-isteyenler-kadar-ataturku-tamamen-yok-sayanlar-da-gazinin-milletimizin-gonlundeki-yerini-sarsamayacak\/#breadcrumb","itemListElement":[{"@type":"ListItem","position":1,"name":"Anasayfa","item":"https:\/\/kuzeyinsesi.org\/"},{"@type":"ListItem","position":2,"name":"TC Cumhurba\u015fkan\u0131 Erdo\u011fan: \u201cAtat\u00fcrk\u2019\u00fc putla\u015ft\u0131rmak isteyenler kadar, Atat\u00fcrk\u2019\u00fc tamamen yok sayanlar da Gazi\u2019nin milletimizin g\u00f6nl\u00fcndeki yerini sarsamayacak\u201d"}]},{"@type":"WebSite","@id":"https:\/\/kuzeyinsesi.org\/#website","url":"https:\/\/kuzeyinsesi.org\/","name":"Kuzeyin Sesi","description":"Do\u011fru Haberin Adresi","potentialAction":[{"@type":"SearchAction","target":{"@type":"EntryPoint","urlTemplate":"https:\/\/kuzeyinsesi.org\/?s={search_term_string}"},"query-input":{"@type":"PropertyValueSpecification","valueRequired":true,"valueName":"search_term_string"}}],"inLanguage":"tr"},{"@type":"Person","@id":"https:\/\/kuzeyinsesi.org\/#\/schema\/person\/9f859689cdf01485597712386e37f5aa","name":"Kuzeyin Sesi","image":{"@type":"ImageObject","inLanguage":"tr","@id":"https:\/\/secure.gravatar.com\/avatar\/bab33852abfd8b282518d6ed81826833d77c3c882d9ab608add591ccace47a44?s=96&d=mm&r=g","url":"https:\/\/secure.gravatar.com\/avatar\/bab33852abfd8b282518d6ed81826833d77c3c882d9ab608add591ccace47a44?s=96&d=mm&r=g","contentUrl":"https:\/\/secure.gravatar.com\/avatar\/bab33852abfd8b282518d6ed81826833d77c3c882d9ab608add591ccace47a44?s=96&d=mm&r=g","caption":"Kuzeyin Sesi"},"sameAs":["https:\/\/kuzeyinsesi.org"],"url":"https:\/\/kuzeyinsesi.org\/index.php\/author\/guven\/"}]}},"_links":{"self":[{"href":"https:\/\/kuzeyinsesi.org\/index.php\/wp-json\/wp\/v2\/posts\/13221","targetHints":{"allow":["GET"]}}],"collection":[{"href":"https:\/\/kuzeyinsesi.org\/index.php\/wp-json\/wp\/v2\/posts"}],"about":[{"href":"https:\/\/kuzeyinsesi.org\/index.php\/wp-json\/wp\/v2\/types\/post"}],"author":[{"embeddable":true,"href":"https:\/\/kuzeyinsesi.org\/index.php\/wp-json\/wp\/v2\/users\/1"}],"replies":[{"embeddable":true,"href":"https:\/\/kuzeyinsesi.org\/index.php\/wp-json\/wp\/v2\/comments?post=13221"}],"version-history":[{"count":0,"href":"https:\/\/kuzeyinsesi.org\/index.php\/wp-json\/wp\/v2\/posts\/13221\/revisions"}],"wp:featuredmedia":[{"embeddable":true,"href":"https:\/\/kuzeyinsesi.org\/index.php\/wp-json\/wp\/v2\/media\/13222"}],"wp:attachment":[{"href":"https:\/\/kuzeyinsesi.org\/index.php\/wp-json\/wp\/v2\/media?parent=13221"}],"wp:term":[{"taxonomy":"category","embeddable":true,"href":"https:\/\/kuzeyinsesi.org\/index.php\/wp-json\/wp\/v2\/categories?post=13221"},{"taxonomy":"post_tag","embeddable":true,"href":"https:\/\/kuzeyinsesi.org\/index.php\/wp-json\/wp\/v2\/tags?post=13221"}],"curies":[{"name":"wp","href":"https:\/\/api.w.org\/{rel}","templated":true}]}}