{"id":13211,"date":"2024-11-10T12:36:17","date_gmt":"2024-11-10T10:36:17","guid":{"rendered":"https:\/\/kuzeyinsesi.org\/index.php\/2024\/11\/10\/buyuk-onder-ataturk-icin-anitkabirde-devlet-toreni-duzenlendi\/"},"modified":"2024-11-10T12:36:17","modified_gmt":"2024-11-10T10:36:17","slug":"buyuk-onder-ataturk-icin-anitkabirde-devlet-toreni-duzenlendi","status":"publish","type":"post","link":"https:\/\/kuzeyinsesi.org\/index.php\/2024\/11\/10\/buyuk-onder-ataturk-icin-anitkabirde-devlet-toreni-duzenlendi\/","title":{"rendered":"B\u00fcy\u00fck \u00d6nder Atat\u00fcrk i\u00e7in An\u0131tkabir\u2019de devlet t\u00f6reni d\u00fczenlendi"},"content":{"rendered":"<div>\n<div class=\"mariselle-image-container center\">\n                                            <\/div>\n<p>\nT\u00fcrkiye Cumhuriyeti\u2019nin kurucusu B\u00fcy\u00fck \u00d6nder Mustafa Kemal Atat\u00fcrk, ebediyete intikalinin 86\u2019\u0131nc\u0131 y\u0131l\u0131nda An\u0131tkabir\u2019de d\u00fczenlenen devlet t\u00f6reniyle an\u0131ld\u0131.<\/p>\n<p>An\u0131tkabir\u2019deki t\u00f6ren, saat 08.45\u2019te devlet erkan\u0131n\u0131n Aslanl\u0131 Yol\u2019dan y\u00fcr\u00fcy\u00fc\u015f\u00fcyle ba\u015flad\u0131.<\/p>\n<p>TC Cumhurba\u015fkan\u0131 Recep Tayyip Erdo\u011fan ba\u015fkanl\u0131\u011f\u0131ndaki kortejde TBMM Ba\u015fkan\u0131 Numan Kurtulmu\u015f, Cumhurba\u015fkanl\u0131\u011f\u0131 Kabinesi \u00fcyeleri, CHP Genel Ba\u015fkan\u0131 \u00d6zg\u00fcr \u00d6zel, MHP Genel Ba\u015fkan\u0131 Devlet Bah\u00e7eli, \u0130Y\u0130 Parti Genel Ba\u015fkan\u0131 M\u00fcsavat Dervi\u015fo\u011flu, y\u00fcksek yarg\u0131 organlar\u0131n\u0131n ba\u015fkanlar\u0131, TSK komuta kademesi, siyasi parti temsilcileri, b\u00fcrokratlar ve di\u011fer devlet erkan\u0131 yer ald\u0131.<\/p>\n<p>Erdo\u011fan, k\u0131rm\u0131z\u0131 beyaz karanfillerden olu\u015fan ay y\u0131ld\u0131zl\u0131 \u00e7elengi, Atat\u00fcrk\u2019\u00fcn mozolesine b\u0131rakt\u0131.<\/p>\n<p>Atat\u00fcrk\u2019\u00fcn 86 y\u0131l \u00f6nce vefat etti\u011fi saat olan 09.05\u2019te sayg\u0131 duru\u015funda bulunuldu ve ard\u0131ndan \u0130stiklal Mar\u015f\u0131 okundu.<\/p>\n<p>Sayg\u0131 duru\u015fu s\u0131ras\u0131nda g\u00f6nderdeki T\u00fcrk bayra\u011f\u0131 yar\u0131ya indirildi. Cumhurba\u015fkan\u0131 Erdo\u011fan ve protokolde yer alan devlet erkan\u0131, daha sonra Misak-\u0131 Milli Kulesi\u2019ne ge\u00e7ti.<\/p>\n<p>TC Cumhurba\u015fkan\u0131 Erdo\u011fan, An\u0131tkabir \u00d6zel Defteri\u2019ne \u015funlar\u0131 yazd\u0131:<\/p>\n<p>\u201cAziz Atat\u00fcrk, ebedi aleme irtihalinizin 86. y\u0131l d\u00f6n\u00fcm\u00fcnde zat\u0131alinizi bir kez daha rahmetle yad ediyoruz.<\/p>\n<p>\u015eahs\u0131n\u0131z\u0131n ve \u015fehitlerimizin emaneti olan T\u00fcrkiye Cumhuriyeti\u2019ni her alanda y\u00fcceltmek, g\u00fc\u00e7lendirmek, etraf\u0131ndaki krizlere ra\u011fmen istikrar ve g\u00fcven i\u00e7inde b\u00fcy\u00fctmek i\u00e7in var g\u00fcc\u00fcm\u00fczle \u00e7al\u0131\u015f\u0131yoruz. Yeniden b\u00fcy\u00fck T\u00fcrkiye hedefiyle ve T\u00fcrkiye Y\u00fczy\u0131l\u0131 vizyonuyla 85 milyon tek y\u00fcrek, tek bilek olarak \u015fanl\u0131 mazimizden daha ayd\u0131nl\u0131k bir atiye uzanan kutlu yolculu\u011fumuzu emin ad\u0131mlarla s\u00fcrd\u00fcr\u00fcyoruz. Vatan topraklar\u0131n\u0131n her kar\u0131\u015f\u0131nda bar\u0131\u015f\u0131n, huzurun, adaletin, kalk\u0131nman\u0131n ve karde\u015fli\u011fin egemen oldu\u011fu bir T\u00fcrkiye\u2019yi in\u015fa edene kadar durmadan, dinlenmeden y\u00fcr\u00fcyece\u011fiz. Ruhun \u015fad olsun.\u201d<\/p>\n<\/p><\/div>\n<p><script async\n                    defer\n                    crossorigin=\"anonymous\"\n                    src=\"https:\/\/connect.facebook.net\/tr_TR\/sdk.js#xfbml=1&#038;version=v3.3\"\n            ><\/script><\/p>\n","protected":false},"excerpt":{"rendered":"<p>T\u00fcrkiye Cumhuriyeti\u2019nin kurucusu B\u00fcy\u00fck \u00d6nder Mustafa Kemal Atat\u00fcrk, ebediyete intikalinin 86\u2019\u0131nc\u0131 y\u0131l\u0131nda An\u0131tkabir\u2019de d\u00fczenlenen devlet t\u00f6reniyle an\u0131ld\u0131. An\u0131tkabir\u2019deki t\u00f6ren, saat 08.45\u2019te devlet erkan\u0131n\u0131n Aslanl\u0131 Yol\u2019dan y\u00fcr\u00fcy\u00fc\u015f\u00fcyle ba\u015flad\u0131. TC Cumhurba\u015fkan\u0131 Recep Tayyip Erdo\u011fan ba\u015fkanl\u0131\u011f\u0131ndaki kortejde TBMM Ba\u015fkan\u0131 Numan Kurtulmu\u015f, Cumhurba\u015fkanl\u0131\u011f\u0131 Kabinesi \u00fcyeleri, CHP Genel Ba\u015fkan\u0131 \u00d6zg\u00fcr \u00d6zel, MHP Genel Ba\u015fkan\u0131 Devlet Bah\u00e7eli, \u0130Y\u0130 Parti Genel Ba\u015fkan\u0131 [&hellip;]<\/p>\n","protected":false},"author":1,"featured_media":13212,"comment_status":"open","ping_status":"open","sticky":false,"template":"","format":"standard","meta":{"jnews-multi-image_gallery":[],"jnews_single_post":[],"jnews_primary_category":[],"jnews_social_meta":[],"jnews_override_counter":[],"footnotes":""},"categories":[5],"tags":[],"class_list":["post-13211","post","type-post","status-publish","format-standard","has-post-thumbnail","hentry","category-turkiye"],"yoast_head":"<!-- This site is optimized with the Yoast SEO plugin v27.4 - https:\/\/yoast.com\/product\/yoast-seo-wordpress\/ -->\n<title>B\u00fcy\u00fck \u00d6nder Atat\u00fcrk i\u00e7in An\u0131tkabir\u2019de devlet t\u00f6reni d\u00fczenlendi - Kuzeyin Sesi<\/title>\n<meta name=\"robots\" content=\"index, follow, max-snippet:-1, max-image-preview:large, max-video-preview:-1\" \/>\n<link rel=\"canonical\" href=\"https:\/\/kuzeyinsesi.org\/index.php\/2024\/11\/10\/buyuk-onder-ataturk-icin-anitkabirde-devlet-toreni-duzenlendi\/\" \/>\n<meta property=\"og:locale\" content=\"tr_TR\" \/>\n<meta property=\"og:type\" content=\"article\" \/>\n<meta property=\"og:title\" content=\"B\u00fcy\u00fck \u00d6nder Atat\u00fcrk i\u00e7in An\u0131tkabir\u2019de devlet t\u00f6reni d\u00fczenlendi - Kuzeyin Sesi\" \/>\n<meta property=\"og:description\" content=\"T\u00fcrkiye Cumhuriyeti\u2019nin kurucusu B\u00fcy\u00fck \u00d6nder Mustafa Kemal Atat\u00fcrk, ebediyete intikalinin 86\u2019\u0131nc\u0131 y\u0131l\u0131nda An\u0131tkabir\u2019de d\u00fczenlenen devlet t\u00f6reniyle an\u0131ld\u0131. An\u0131tkabir\u2019deki t\u00f6ren, saat 08.45\u2019te devlet erkan\u0131n\u0131n Aslanl\u0131 Yol\u2019dan y\u00fcr\u00fcy\u00fc\u015f\u00fcyle ba\u015flad\u0131. TC Cumhurba\u015fkan\u0131 Recep Tayyip Erdo\u011fan ba\u015fkanl\u0131\u011f\u0131ndaki kortejde TBMM Ba\u015fkan\u0131 Numan Kurtulmu\u015f, Cumhurba\u015fkanl\u0131\u011f\u0131 Kabinesi \u00fcyeleri, CHP Genel Ba\u015fkan\u0131 \u00d6zg\u00fcr \u00d6zel, MHP Genel Ba\u015fkan\u0131 Devlet Bah\u00e7eli, \u0130Y\u0130 Parti Genel Ba\u015fkan\u0131 [&hellip;]\" \/>\n<meta property=\"og:url\" content=\"https:\/\/kuzeyinsesi.org\/index.php\/2024\/11\/10\/buyuk-onder-ataturk-icin-anitkabirde-devlet-toreni-duzenlendi\/\" \/>\n<meta property=\"og:site_name\" content=\"Kuzeyin Sesi\" \/>\n<meta property=\"article:publisher\" content=\"https:\/\/www.facebook.com\/kuzeyinsesii\" \/>\n<meta property=\"article:published_time\" content=\"2024-11-10T10:36:17+00:00\" \/>\n<meta property=\"og:image\" content=\"https:\/\/brtk.net\/wp-content\/uploads\/2024\/11\/10\/aa-20241110-36154562-36154554-buyuk-onder-ataturk-icin-anitkabirde-devlet-toreni-duzenlendi-scaled.jpg?ver=c841677239f39a2896ca543f251145d2\" \/>\n<meta name=\"author\" content=\"Kuzeyin Sesi\" \/>\n<meta name=\"twitter:card\" content=\"summary_large_image\" \/>\n<meta name=\"twitter:creator\" content=\"@kuzeyinsesii\" \/>\n<meta name=\"twitter:site\" content=\"@kuzeyinsesii\" \/>\n<meta name=\"twitter:label1\" content=\"Yazan:\" \/>\n\t<meta name=\"twitter:data1\" content=\"Kuzeyin Sesi\" \/>\n\t<meta name=\"twitter:label2\" content=\"Tahmini okuma s\u00fcresi\" \/>\n\t<meta name=\"twitter:data2\" content=\"2 dakika\" \/>\n<script type=\"application\/ld+json\" class=\"yoast-schema-graph\">{\"@context\":\"https:\\\/\\\/schema.org\",\"@graph\":[{\"@type\":\"Article\",\"@id\":\"https:\\\/\\\/kuzeyinsesi.org\\\/index.php\\\/2024\\\/11\\\/10\\\/buyuk-onder-ataturk-icin-anitkabirde-devlet-toreni-duzenlendi\\\/#article\",\"isPartOf\":{\"@id\":\"https:\\\/\\\/kuzeyinsesi.org\\\/index.php\\\/2024\\\/11\\\/10\\\/buyuk-onder-ataturk-icin-anitkabirde-devlet-toreni-duzenlendi\\\/\"},\"author\":{\"name\":\"Kuzeyin Sesi\",\"@id\":\"https:\\\/\\\/kuzeyinsesi.org\\\/#\\\/schema\\\/person\\\/9f859689cdf01485597712386e37f5aa\"},\"headline\":\"B\u00fcy\u00fck \u00d6nder Atat\u00fcrk i\u00e7in An\u0131tkabir\u2019de devlet t\u00f6reni d\u00fczenlendi\",\"datePublished\":\"2024-11-10T10:36:17+00:00\",\"mainEntityOfPage\":{\"@id\":\"https:\\\/\\\/kuzeyinsesi.org\\\/index.php\\\/2024\\\/11\\\/10\\\/buyuk-onder-ataturk-icin-anitkabirde-devlet-toreni-duzenlendi\\\/\"},\"wordCount\":357,\"commentCount\":0,\"image\":{\"@id\":\"https:\\\/\\\/kuzeyinsesi.org\\\/index.php\\\/2024\\\/11\\\/10\\\/buyuk-onder-ataturk-icin-anitkabirde-devlet-toreni-duzenlendi\\\/#primaryimage\"},\"thumbnailUrl\":\"https:\\\/\\\/kuzeyinsesi.org\\\/wp-content\\\/uploads\\\/2024\\\/11\\\/aa-20241110-36154562-36154554-buyuk-onder-ataturk-icin-anitkabirde-devlet-toreni-duzenlendi-scaled.j.jpeg\",\"articleSection\":[\"T\u00fcrkiye\"],\"inLanguage\":\"tr\",\"potentialAction\":[{\"@type\":\"CommentAction\",\"name\":\"Comment\",\"target\":[\"https:\\\/\\\/kuzeyinsesi.org\\\/index.php\\\/2024\\\/11\\\/10\\\/buyuk-onder-ataturk-icin-anitkabirde-devlet-toreni-duzenlendi\\\/#respond\"]}]},{\"@type\":\"WebPage\",\"@id\":\"https:\\\/\\\/kuzeyinsesi.org\\\/index.php\\\/2024\\\/11\\\/10\\\/buyuk-onder-ataturk-icin-anitkabirde-devlet-toreni-duzenlendi\\\/\",\"url\":\"https:\\\/\\\/kuzeyinsesi.org\\\/index.php\\\/2024\\\/11\\\/10\\\/buyuk-onder-ataturk-icin-anitkabirde-devlet-toreni-duzenlendi\\\/\",\"name\":\"B\u00fcy\u00fck \u00d6nder Atat\u00fcrk i\u00e7in An\u0131tkabir\u2019de devlet t\u00f6reni d\u00fczenlendi - Kuzeyin Sesi\",\"isPartOf\":{\"@id\":\"https:\\\/\\\/kuzeyinsesi.org\\\/#website\"},\"primaryImageOfPage\":{\"@id\":\"https:\\\/\\\/kuzeyinsesi.org\\\/index.php\\\/2024\\\/11\\\/10\\\/buyuk-onder-ataturk-icin-anitkabirde-devlet-toreni-duzenlendi\\\/#primaryimage\"},\"image\":{\"@id\":\"https:\\\/\\\/kuzeyinsesi.org\\\/index.php\\\/2024\\\/11\\\/10\\\/buyuk-onder-ataturk-icin-anitkabirde-devlet-toreni-duzenlendi\\\/#primaryimage\"},\"thumbnailUrl\":\"https:\\\/\\\/kuzeyinsesi.org\\\/wp-content\\\/uploads\\\/2024\\\/11\\\/aa-20241110-36154562-36154554-buyuk-onder-ataturk-icin-anitkabirde-devlet-toreni-duzenlendi-scaled.j.jpeg\",\"datePublished\":\"2024-11-10T10:36:17+00:00\",\"author\":{\"@id\":\"https:\\\/\\\/kuzeyinsesi.org\\\/#\\\/schema\\\/person\\\/9f859689cdf01485597712386e37f5aa\"},\"breadcrumb\":{\"@id\":\"https:\\\/\\\/kuzeyinsesi.org\\\/index.php\\\/2024\\\/11\\\/10\\\/buyuk-onder-ataturk-icin-anitkabirde-devlet-toreni-duzenlendi\\\/#breadcrumb\"},\"inLanguage\":\"tr\",\"potentialAction\":[{\"@type\":\"ReadAction\",\"target\":[\"https:\\\/\\\/kuzeyinsesi.org\\\/index.php\\\/2024\\\/11\\\/10\\\/buyuk-onder-ataturk-icin-anitkabirde-devlet-toreni-duzenlendi\\\/\"]}]},{\"@type\":\"ImageObject\",\"inLanguage\":\"tr\",\"@id\":\"https:\\\/\\\/kuzeyinsesi.org\\\/index.php\\\/2024\\\/11\\\/10\\\/buyuk-onder-ataturk-icin-anitkabirde-devlet-toreni-duzenlendi\\\/#primaryimage\",\"url\":\"https:\\\/\\\/kuzeyinsesi.org\\\/wp-content\\\/uploads\\\/2024\\\/11\\\/aa-20241110-36154562-36154554-buyuk-onder-ataturk-icin-anitkabirde-devlet-toreni-duzenlendi-scaled.j.jpeg\",\"contentUrl\":\"https:\\\/\\\/kuzeyinsesi.org\\\/wp-content\\\/uploads\\\/2024\\\/11\\\/aa-20241110-36154562-36154554-buyuk-onder-ataturk-icin-anitkabirde-devlet-toreni-duzenlendi-scaled.j.jpeg\",\"width\":2560,\"height\":1829},{\"@type\":\"BreadcrumbList\",\"@id\":\"https:\\\/\\\/kuzeyinsesi.org\\\/index.php\\\/2024\\\/11\\\/10\\\/buyuk-onder-ataturk-icin-anitkabirde-devlet-toreni-duzenlendi\\\/#breadcrumb\",\"itemListElement\":[{\"@type\":\"ListItem\",\"position\":1,\"name\":\"Anasayfa\",\"item\":\"https:\\\/\\\/kuzeyinsesi.org\\\/\"},{\"@type\":\"ListItem\",\"position\":2,\"name\":\"B\u00fcy\u00fck \u00d6nder Atat\u00fcrk i\u00e7in An\u0131tkabir\u2019de devlet t\u00f6reni d\u00fczenlendi\"}]},{\"@type\":\"WebSite\",\"@id\":\"https:\\\/\\\/kuzeyinsesi.org\\\/#website\",\"url\":\"https:\\\/\\\/kuzeyinsesi.org\\\/\",\"name\":\"Kuzeyin Sesi\",\"description\":\"Do\u011fru Haberin Adresi\",\"potentialAction\":[{\"@type\":\"SearchAction\",\"target\":{\"@type\":\"EntryPoint\",\"urlTemplate\":\"https:\\\/\\\/kuzeyinsesi.org\\\/?s={search_term_string}\"},\"query-input\":{\"@type\":\"PropertyValueSpecification\",\"valueRequired\":true,\"valueName\":\"search_term_string\"}}],\"inLanguage\":\"tr\"},{\"@type\":\"Person\",\"@id\":\"https:\\\/\\\/kuzeyinsesi.org\\\/#\\\/schema\\\/person\\\/9f859689cdf01485597712386e37f5aa\",\"name\":\"Kuzeyin Sesi\",\"image\":{\"@type\":\"ImageObject\",\"inLanguage\":\"tr\",\"@id\":\"https:\\\/\\\/secure.gravatar.com\\\/avatar\\\/bab33852abfd8b282518d6ed81826833d77c3c882d9ab608add591ccace47a44?s=96&d=mm&r=g\",\"url\":\"https:\\\/\\\/secure.gravatar.com\\\/avatar\\\/bab33852abfd8b282518d6ed81826833d77c3c882d9ab608add591ccace47a44?s=96&d=mm&r=g\",\"contentUrl\":\"https:\\\/\\\/secure.gravatar.com\\\/avatar\\\/bab33852abfd8b282518d6ed81826833d77c3c882d9ab608add591ccace47a44?s=96&d=mm&r=g\",\"caption\":\"Kuzeyin Sesi\"},\"sameAs\":[\"https:\\\/\\\/kuzeyinsesi.org\"],\"url\":\"https:\\\/\\\/kuzeyinsesi.org\\\/index.php\\\/author\\\/guven\\\/\"}]}<\/script>\n<!-- \/ Yoast SEO plugin. -->","yoast_head_json":{"title":"B\u00fcy\u00fck \u00d6nder Atat\u00fcrk i\u00e7in An\u0131tkabir\u2019de devlet t\u00f6reni d\u00fczenlendi - Kuzeyin Sesi","robots":{"index":"index","follow":"follow","max-snippet":"max-snippet:-1","max-image-preview":"max-image-preview:large","max-video-preview":"max-video-preview:-1"},"canonical":"https:\/\/kuzeyinsesi.org\/index.php\/2024\/11\/10\/buyuk-onder-ataturk-icin-anitkabirde-devlet-toreni-duzenlendi\/","og_locale":"tr_TR","og_type":"article","og_title":"B\u00fcy\u00fck \u00d6nder Atat\u00fcrk i\u00e7in An\u0131tkabir\u2019de devlet t\u00f6reni d\u00fczenlendi - Kuzeyin Sesi","og_description":"T\u00fcrkiye Cumhuriyeti\u2019nin kurucusu B\u00fcy\u00fck \u00d6nder Mustafa Kemal Atat\u00fcrk, ebediyete intikalinin 86\u2019\u0131nc\u0131 y\u0131l\u0131nda An\u0131tkabir\u2019de d\u00fczenlenen devlet t\u00f6reniyle an\u0131ld\u0131. An\u0131tkabir\u2019deki t\u00f6ren, saat 08.45\u2019te devlet erkan\u0131n\u0131n Aslanl\u0131 Yol\u2019dan y\u00fcr\u00fcy\u00fc\u015f\u00fcyle ba\u015flad\u0131. TC Cumhurba\u015fkan\u0131 Recep Tayyip Erdo\u011fan ba\u015fkanl\u0131\u011f\u0131ndaki kortejde TBMM Ba\u015fkan\u0131 Numan Kurtulmu\u015f, Cumhurba\u015fkanl\u0131\u011f\u0131 Kabinesi \u00fcyeleri, CHP Genel Ba\u015fkan\u0131 \u00d6zg\u00fcr \u00d6zel, MHP Genel Ba\u015fkan\u0131 Devlet Bah\u00e7eli, \u0130Y\u0130 Parti Genel Ba\u015fkan\u0131 [&hellip;]","og_url":"https:\/\/kuzeyinsesi.org\/index.php\/2024\/11\/10\/buyuk-onder-ataturk-icin-anitkabirde-devlet-toreni-duzenlendi\/","og_site_name":"Kuzeyin Sesi","article_publisher":"https:\/\/www.facebook.com\/kuzeyinsesii","article_published_time":"2024-11-10T10:36:17+00:00","og_image":[{"url":"https:\/\/brtk.net\/wp-content\/uploads\/2024\/11\/10\/aa-20241110-36154562-36154554-buyuk-onder-ataturk-icin-anitkabirde-devlet-toreni-duzenlendi-scaled.jpg?ver=c841677239f39a2896ca543f251145d2","type":"","width":"","height":""}],"author":"Kuzeyin Sesi","twitter_card":"summary_large_image","twitter_creator":"@kuzeyinsesii","twitter_site":"@kuzeyinsesii","twitter_misc":{"Yazan:":"Kuzeyin Sesi","Tahmini okuma s\u00fcresi":"2 dakika"},"schema":{"@context":"https:\/\/schema.org","@graph":[{"@type":"Article","@id":"https:\/\/kuzeyinsesi.org\/index.php\/2024\/11\/10\/buyuk-onder-ataturk-icin-anitkabirde-devlet-toreni-duzenlendi\/#article","isPartOf":{"@id":"https:\/\/kuzeyinsesi.org\/index.php\/2024\/11\/10\/buyuk-onder-ataturk-icin-anitkabirde-devlet-toreni-duzenlendi\/"},"author":{"name":"Kuzeyin Sesi","@id":"https:\/\/kuzeyinsesi.org\/#\/schema\/person\/9f859689cdf01485597712386e37f5aa"},"headline":"B\u00fcy\u00fck \u00d6nder Atat\u00fcrk i\u00e7in An\u0131tkabir\u2019de devlet t\u00f6reni d\u00fczenlendi","datePublished":"2024-11-10T10:36:17+00:00","mainEntityOfPage":{"@id":"https:\/\/kuzeyinsesi.org\/index.php\/2024\/11\/10\/buyuk-onder-ataturk-icin-anitkabirde-devlet-toreni-duzenlendi\/"},"wordCount":357,"commentCount":0,"image":{"@id":"https:\/\/kuzeyinsesi.org\/index.php\/2024\/11\/10\/buyuk-onder-ataturk-icin-anitkabirde-devlet-toreni-duzenlendi\/#primaryimage"},"thumbnailUrl":"https:\/\/kuzeyinsesi.org\/wp-content\/uploads\/2024\/11\/aa-20241110-36154562-36154554-buyuk-onder-ataturk-icin-anitkabirde-devlet-toreni-duzenlendi-scaled.j.jpeg","articleSection":["T\u00fcrkiye"],"inLanguage":"tr","potentialAction":[{"@type":"CommentAction","name":"Comment","target":["https:\/\/kuzeyinsesi.org\/index.php\/2024\/11\/10\/buyuk-onder-ataturk-icin-anitkabirde-devlet-toreni-duzenlendi\/#respond"]}]},{"@type":"WebPage","@id":"https:\/\/kuzeyinsesi.org\/index.php\/2024\/11\/10\/buyuk-onder-ataturk-icin-anitkabirde-devlet-toreni-duzenlendi\/","url":"https:\/\/kuzeyinsesi.org\/index.php\/2024\/11\/10\/buyuk-onder-ataturk-icin-anitkabirde-devlet-toreni-duzenlendi\/","name":"B\u00fcy\u00fck \u00d6nder Atat\u00fcrk i\u00e7in An\u0131tkabir\u2019de devlet t\u00f6reni d\u00fczenlendi - Kuzeyin Sesi","isPartOf":{"@id":"https:\/\/kuzeyinsesi.org\/#website"},"primaryImageOfPage":{"@id":"https:\/\/kuzeyinsesi.org\/index.php\/2024\/11\/10\/buyuk-onder-ataturk-icin-anitkabirde-devlet-toreni-duzenlendi\/#primaryimage"},"image":{"@id":"https:\/\/kuzeyinsesi.org\/index.php\/2024\/11\/10\/buyuk-onder-ataturk-icin-anitkabirde-devlet-toreni-duzenlendi\/#primaryimage"},"thumbnailUrl":"https:\/\/kuzeyinsesi.org\/wp-content\/uploads\/2024\/11\/aa-20241110-36154562-36154554-buyuk-onder-ataturk-icin-anitkabirde-devlet-toreni-duzenlendi-scaled.j.jpeg","datePublished":"2024-11-10T10:36:17+00:00","author":{"@id":"https:\/\/kuzeyinsesi.org\/#\/schema\/person\/9f859689cdf01485597712386e37f5aa"},"breadcrumb":{"@id":"https:\/\/kuzeyinsesi.org\/index.php\/2024\/11\/10\/buyuk-onder-ataturk-icin-anitkabirde-devlet-toreni-duzenlendi\/#breadcrumb"},"inLanguage":"tr","potentialAction":[{"@type":"ReadAction","target":["https:\/\/kuzeyinsesi.org\/index.php\/2024\/11\/10\/buyuk-onder-ataturk-icin-anitkabirde-devlet-toreni-duzenlendi\/"]}]},{"@type":"ImageObject","inLanguage":"tr","@id":"https:\/\/kuzeyinsesi.org\/index.php\/2024\/11\/10\/buyuk-onder-ataturk-icin-anitkabirde-devlet-toreni-duzenlendi\/#primaryimage","url":"https:\/\/kuzeyinsesi.org\/wp-content\/uploads\/2024\/11\/aa-20241110-36154562-36154554-buyuk-onder-ataturk-icin-anitkabirde-devlet-toreni-duzenlendi-scaled.j.jpeg","contentUrl":"https:\/\/kuzeyinsesi.org\/wp-content\/uploads\/2024\/11\/aa-20241110-36154562-36154554-buyuk-onder-ataturk-icin-anitkabirde-devlet-toreni-duzenlendi-scaled.j.jpeg","width":2560,"height":1829},{"@type":"BreadcrumbList","@id":"https:\/\/kuzeyinsesi.org\/index.php\/2024\/11\/10\/buyuk-onder-ataturk-icin-anitkabirde-devlet-toreni-duzenlendi\/#breadcrumb","itemListElement":[{"@type":"ListItem","position":1,"name":"Anasayfa","item":"https:\/\/kuzeyinsesi.org\/"},{"@type":"ListItem","position":2,"name":"B\u00fcy\u00fck \u00d6nder Atat\u00fcrk i\u00e7in An\u0131tkabir\u2019de devlet t\u00f6reni d\u00fczenlendi"}]},{"@type":"WebSite","@id":"https:\/\/kuzeyinsesi.org\/#website","url":"https:\/\/kuzeyinsesi.org\/","name":"Kuzeyin Sesi","description":"Do\u011fru Haberin Adresi","potentialAction":[{"@type":"SearchAction","target":{"@type":"EntryPoint","urlTemplate":"https:\/\/kuzeyinsesi.org\/?s={search_term_string}"},"query-input":{"@type":"PropertyValueSpecification","valueRequired":true,"valueName":"search_term_string"}}],"inLanguage":"tr"},{"@type":"Person","@id":"https:\/\/kuzeyinsesi.org\/#\/schema\/person\/9f859689cdf01485597712386e37f5aa","name":"Kuzeyin Sesi","image":{"@type":"ImageObject","inLanguage":"tr","@id":"https:\/\/secure.gravatar.com\/avatar\/bab33852abfd8b282518d6ed81826833d77c3c882d9ab608add591ccace47a44?s=96&d=mm&r=g","url":"https:\/\/secure.gravatar.com\/avatar\/bab33852abfd8b282518d6ed81826833d77c3c882d9ab608add591ccace47a44?s=96&d=mm&r=g","contentUrl":"https:\/\/secure.gravatar.com\/avatar\/bab33852abfd8b282518d6ed81826833d77c3c882d9ab608add591ccace47a44?s=96&d=mm&r=g","caption":"Kuzeyin Sesi"},"sameAs":["https:\/\/kuzeyinsesi.org"],"url":"https:\/\/kuzeyinsesi.org\/index.php\/author\/guven\/"}]}},"_links":{"self":[{"href":"https:\/\/kuzeyinsesi.org\/index.php\/wp-json\/wp\/v2\/posts\/13211","targetHints":{"allow":["GET"]}}],"collection":[{"href":"https:\/\/kuzeyinsesi.org\/index.php\/wp-json\/wp\/v2\/posts"}],"about":[{"href":"https:\/\/kuzeyinsesi.org\/index.php\/wp-json\/wp\/v2\/types\/post"}],"author":[{"embeddable":true,"href":"https:\/\/kuzeyinsesi.org\/index.php\/wp-json\/wp\/v2\/users\/1"}],"replies":[{"embeddable":true,"href":"https:\/\/kuzeyinsesi.org\/index.php\/wp-json\/wp\/v2\/comments?post=13211"}],"version-history":[{"count":0,"href":"https:\/\/kuzeyinsesi.org\/index.php\/wp-json\/wp\/v2\/posts\/13211\/revisions"}],"wp:featuredmedia":[{"embeddable":true,"href":"https:\/\/kuzeyinsesi.org\/index.php\/wp-json\/wp\/v2\/media\/13212"}],"wp:attachment":[{"href":"https:\/\/kuzeyinsesi.org\/index.php\/wp-json\/wp\/v2\/media?parent=13211"}],"wp:term":[{"taxonomy":"category","embeddable":true,"href":"https:\/\/kuzeyinsesi.org\/index.php\/wp-json\/wp\/v2\/categories?post=13211"},{"taxonomy":"post_tag","embeddable":true,"href":"https:\/\/kuzeyinsesi.org\/index.php\/wp-json\/wp\/v2\/tags?post=13211"}],"curies":[{"name":"wp","href":"https:\/\/api.w.org\/{rel}","templated":true}]}}