{"id":13207,"date":"2024-11-10T12:25:03","date_gmt":"2024-11-10T10:25:03","guid":{"rendered":"https:\/\/kuzeyinsesi.org\/index.php\/2024\/11\/10\/buyuk-onder-ataturk-selanikteki-dogdugu-evde-anildi\/"},"modified":"2024-11-10T12:25:03","modified_gmt":"2024-11-10T10:25:03","slug":"buyuk-onder-ataturk-selanikteki-dogdugu-evde-anildi","status":"publish","type":"post","link":"https:\/\/kuzeyinsesi.org\/index.php\/2024\/11\/10\/buyuk-onder-ataturk-selanikteki-dogdugu-evde-anildi\/","title":{"rendered":"B\u00fcy\u00fck \u00d6nder Atat\u00fcrk Selanik\u2019teki do\u011fdu\u011fu evde an\u0131ld\u0131"},"content":{"rendered":"<div>\n<div class=\"mariselle-image-container center\">\n                                            <\/div>\n<p>\nT\u00fcrkiye Cumhuriyeti\u2019nin kurucusu B\u00fcy\u00fck \u00d6nder Mustafa Kemal Atat\u00fcrk, ebediyete intikalinin 86. y\u0131l\u0131nda, Yunanistan\u2019\u0131n Selanik kentinde d\u00fcnyaya geldi\u011fi evde t\u00f6renle an\u0131ld\u0131.<\/p>\n<p>T\u00fcrkiye\u2019nin Selanik Ba\u015fkonsoloslu\u011funun d\u00fczenledi\u011fi anma t\u00f6renine, T\u00fcrkiye ve Avrupa\u2019n\u0131n \u00e7e\u015fitli \u00fclkelerinden ziyaret\u00e7iler yo\u011fun ilgi g\u00f6sterdi.<\/p>\n<p>Atat\u00fcrk Evi\u2019nin bah\u00e7esi ziyaret\u00e7ilerle dolup ta\u015farken, evin \u00e7evresinde de y\u00fczlerce ki\u015fi topland\u0131.<\/p>\n<p>Yerel saatle 09.05\u2019te sayg\u0131 duru\u015funun ard\u0131ndan \u0130stiklal Mar\u015f\u0131 okundu.<\/p>\n<p>T\u00f6rende konu\u015fan T\u00fcrkiye\u2019nin Selanik Ba\u015fkonsolosu Serkan Gedik, Atat\u00fcrk\u2019\u00fcn \u201cBenim na\u00e7iz v\u00fccudum elbet bir g\u00fcn toprak olacakt\u0131r ancak T\u00fcrkiye Cumhuriyeti ilelebet payidar kalacakt\u0131r\u201d s\u00f6zlerini hat\u0131rlatarak, bu ifadenin Cumhuriyet\u2019i T\u00fcrk milletine emanet etti\u011finin en b\u00fcy\u00fck kan\u0131t\u0131 oldu\u011funu vurgulad\u0131.<\/p>\n<p>Gedik, Atat\u00fcrk Evi\u2019ne g\u00f6sterilen yo\u011fun ilginin de b\u00fcy\u00fck bir mutluluk kayna\u011f\u0131 oldu\u011funu ifade etti.<\/p>\n<p>Ge\u00e7en y\u0131l Atat\u00fcrk Evi\u2019ne 285 bin olan ziyaret\u00e7i say\u0131s\u0131n\u0131n bu y\u0131l 460 bini ge\u00e7ti\u011fini anlatan Gedik, buray\u0131 ziyaret edenlerin, hem Atat\u00fcrk\u2019e ba\u011fl\u0131l\u0131klar\u0131n\u0131 sundu\u011funu hem de bir ulusu yeniden in\u015fa eden b\u00fcy\u00fck liderin yeti\u015fti\u011fi kenti g\u00f6rme imkan\u0131 buldu\u011funu kaydetti.<\/p>\n<p>T\u00f6ren, \u00f6\u011frencilerin g\u00fcn\u00fcn anlam ve \u00f6nemine ili\u015fkin okuduklar\u0131 \u015fiirlerle sona erdi.<\/p>\n<\/p><\/div>\n<p><script async\n                    defer\n                    crossorigin=\"anonymous\"\n                    src=\"https:\/\/connect.facebook.net\/tr_TR\/sdk.js#xfbml=1&#038;version=v3.3\"\n            ><\/script><\/p>\n","protected":false},"excerpt":{"rendered":"<p>T\u00fcrkiye Cumhuriyeti\u2019nin kurucusu B\u00fcy\u00fck \u00d6nder Mustafa Kemal Atat\u00fcrk, ebediyete intikalinin 86. y\u0131l\u0131nda, Yunanistan\u2019\u0131n Selanik kentinde d\u00fcnyaya geldi\u011fi evde t\u00f6renle an\u0131ld\u0131. T\u00fcrkiye\u2019nin Selanik Ba\u015fkonsoloslu\u011funun d\u00fczenledi\u011fi anma t\u00f6renine, T\u00fcrkiye ve Avrupa\u2019n\u0131n \u00e7e\u015fitli \u00fclkelerinden ziyaret\u00e7iler yo\u011fun ilgi g\u00f6sterdi. Atat\u00fcrk Evi\u2019nin bah\u00e7esi ziyaret\u00e7ilerle dolup ta\u015farken, evin \u00e7evresinde de y\u00fczlerce ki\u015fi topland\u0131. Yerel saatle 09.05\u2019te sayg\u0131 duru\u015funun ard\u0131ndan \u0130stiklal Mar\u015f\u0131 [&hellip;]<\/p>\n","protected":false},"author":1,"featured_media":13208,"comment_status":"open","ping_status":"open","sticky":false,"template":"","format":"standard","meta":{"jnews-multi-image_gallery":[],"jnews_single_post":[],"jnews_primary_category":[],"jnews_social_meta":[],"jnews_override_counter":[],"footnotes":""},"categories":[5],"tags":[],"class_list":["post-13207","post","type-post","status-publish","format-standard","has-post-thumbnail","hentry","category-turkiye"],"yoast_head":"<!-- This site is optimized with the Yoast SEO plugin v27.4 - https:\/\/yoast.com\/product\/yoast-seo-wordpress\/ -->\n<title>B\u00fcy\u00fck \u00d6nder Atat\u00fcrk Selanik\u2019teki do\u011fdu\u011fu evde an\u0131ld\u0131 - Kuzeyin Sesi<\/title>\n<meta name=\"robots\" content=\"index, follow, max-snippet:-1, max-image-preview:large, max-video-preview:-1\" \/>\n<link rel=\"canonical\" href=\"https:\/\/kuzeyinsesi.org\/index.php\/2024\/11\/10\/buyuk-onder-ataturk-selanikteki-dogdugu-evde-anildi\/\" \/>\n<meta property=\"og:locale\" content=\"tr_TR\" \/>\n<meta property=\"og:type\" content=\"article\" \/>\n<meta property=\"og:title\" content=\"B\u00fcy\u00fck \u00d6nder Atat\u00fcrk Selanik\u2019teki do\u011fdu\u011fu evde an\u0131ld\u0131 - Kuzeyin Sesi\" \/>\n<meta property=\"og:description\" content=\"T\u00fcrkiye Cumhuriyeti\u2019nin kurucusu B\u00fcy\u00fck \u00d6nder Mustafa Kemal Atat\u00fcrk, ebediyete intikalinin 86. y\u0131l\u0131nda, Yunanistan\u2019\u0131n Selanik kentinde d\u00fcnyaya geldi\u011fi evde t\u00f6renle an\u0131ld\u0131. T\u00fcrkiye\u2019nin Selanik Ba\u015fkonsoloslu\u011funun d\u00fczenledi\u011fi anma t\u00f6renine, T\u00fcrkiye ve Avrupa\u2019n\u0131n \u00e7e\u015fitli \u00fclkelerinden ziyaret\u00e7iler yo\u011fun ilgi g\u00f6sterdi. Atat\u00fcrk Evi\u2019nin bah\u00e7esi ziyaret\u00e7ilerle dolup ta\u015farken, evin \u00e7evresinde de y\u00fczlerce ki\u015fi topland\u0131. Yerel saatle 09.05\u2019te sayg\u0131 duru\u015funun ard\u0131ndan \u0130stiklal Mar\u015f\u0131 [&hellip;]\" \/>\n<meta property=\"og:url\" content=\"https:\/\/kuzeyinsesi.org\/index.php\/2024\/11\/10\/buyuk-onder-ataturk-selanikteki-dogdugu-evde-anildi\/\" \/>\n<meta property=\"og:site_name\" content=\"Kuzeyin Sesi\" \/>\n<meta property=\"article:publisher\" content=\"https:\/\/www.facebook.com\/kuzeyinsesii\" \/>\n<meta property=\"article:published_time\" content=\"2024-11-10T10:25:03+00:00\" \/>\n<meta property=\"og:image\" content=\"https:\/\/brtk.net\/wp-content\/uploads\/2024\/11\/10\/selanik-ataturk-anma.jpg?ver=0294ccb12e1817b18fc544d107c60e6e\" \/>\n<meta name=\"author\" content=\"Kuzeyin Sesi\" \/>\n<meta name=\"twitter:card\" content=\"summary_large_image\" \/>\n<meta name=\"twitter:creator\" content=\"@kuzeyinsesii\" \/>\n<meta name=\"twitter:site\" content=\"@kuzeyinsesii\" \/>\n<meta name=\"twitter:label1\" content=\"Yazan:\" \/>\n\t<meta name=\"twitter:data1\" content=\"Kuzeyin Sesi\" \/>\n\t<meta name=\"twitter:label2\" content=\"Tahmini okuma s\u00fcresi\" \/>\n\t<meta name=\"twitter:data2\" content=\"1 dakika\" \/>\n<script type=\"application\/ld+json\" class=\"yoast-schema-graph\">{\"@context\":\"https:\\\/\\\/schema.org\",\"@graph\":[{\"@type\":\"Article\",\"@id\":\"https:\\\/\\\/kuzeyinsesi.org\\\/index.php\\\/2024\\\/11\\\/10\\\/buyuk-onder-ataturk-selanikteki-dogdugu-evde-anildi\\\/#article\",\"isPartOf\":{\"@id\":\"https:\\\/\\\/kuzeyinsesi.org\\\/index.php\\\/2024\\\/11\\\/10\\\/buyuk-onder-ataturk-selanikteki-dogdugu-evde-anildi\\\/\"},\"author\":{\"name\":\"Kuzeyin Sesi\",\"@id\":\"https:\\\/\\\/kuzeyinsesi.org\\\/#\\\/schema\\\/person\\\/9f859689cdf01485597712386e37f5aa\"},\"headline\":\"B\u00fcy\u00fck \u00d6nder Atat\u00fcrk Selanik\u2019teki do\u011fdu\u011fu evde an\u0131ld\u0131\",\"datePublished\":\"2024-11-10T10:25:03+00:00\",\"mainEntityOfPage\":{\"@id\":\"https:\\\/\\\/kuzeyinsesi.org\\\/index.php\\\/2024\\\/11\\\/10\\\/buyuk-onder-ataturk-selanikteki-dogdugu-evde-anildi\\\/\"},\"wordCount\":259,\"commentCount\":0,\"image\":{\"@id\":\"https:\\\/\\\/kuzeyinsesi.org\\\/index.php\\\/2024\\\/11\\\/10\\\/buyuk-onder-ataturk-selanikteki-dogdugu-evde-anildi\\\/#primaryimage\"},\"thumbnailUrl\":\"https:\\\/\\\/kuzeyinsesi.org\\\/wp-content\\\/uploads\\\/2024\\\/11\\\/selanik-ataturk-anma.jpg\",\"articleSection\":[\"T\u00fcrkiye\"],\"inLanguage\":\"tr\",\"potentialAction\":[{\"@type\":\"CommentAction\",\"name\":\"Comment\",\"target\":[\"https:\\\/\\\/kuzeyinsesi.org\\\/index.php\\\/2024\\\/11\\\/10\\\/buyuk-onder-ataturk-selanikteki-dogdugu-evde-anildi\\\/#respond\"]}]},{\"@type\":\"WebPage\",\"@id\":\"https:\\\/\\\/kuzeyinsesi.org\\\/index.php\\\/2024\\\/11\\\/10\\\/buyuk-onder-ataturk-selanikteki-dogdugu-evde-anildi\\\/\",\"url\":\"https:\\\/\\\/kuzeyinsesi.org\\\/index.php\\\/2024\\\/11\\\/10\\\/buyuk-onder-ataturk-selanikteki-dogdugu-evde-anildi\\\/\",\"name\":\"B\u00fcy\u00fck \u00d6nder Atat\u00fcrk Selanik\u2019teki do\u011fdu\u011fu evde an\u0131ld\u0131 - Kuzeyin Sesi\",\"isPartOf\":{\"@id\":\"https:\\\/\\\/kuzeyinsesi.org\\\/#website\"},\"primaryImageOfPage\":{\"@id\":\"https:\\\/\\\/kuzeyinsesi.org\\\/index.php\\\/2024\\\/11\\\/10\\\/buyuk-onder-ataturk-selanikteki-dogdugu-evde-anildi\\\/#primaryimage\"},\"image\":{\"@id\":\"https:\\\/\\\/kuzeyinsesi.org\\\/index.php\\\/2024\\\/11\\\/10\\\/buyuk-onder-ataturk-selanikteki-dogdugu-evde-anildi\\\/#primaryimage\"},\"thumbnailUrl\":\"https:\\\/\\\/kuzeyinsesi.org\\\/wp-content\\\/uploads\\\/2024\\\/11\\\/selanik-ataturk-anma.jpg\",\"datePublished\":\"2024-11-10T10:25:03+00:00\",\"author\":{\"@id\":\"https:\\\/\\\/kuzeyinsesi.org\\\/#\\\/schema\\\/person\\\/9f859689cdf01485597712386e37f5aa\"},\"breadcrumb\":{\"@id\":\"https:\\\/\\\/kuzeyinsesi.org\\\/index.php\\\/2024\\\/11\\\/10\\\/buyuk-onder-ataturk-selanikteki-dogdugu-evde-anildi\\\/#breadcrumb\"},\"inLanguage\":\"tr\",\"potentialAction\":[{\"@type\":\"ReadAction\",\"target\":[\"https:\\\/\\\/kuzeyinsesi.org\\\/index.php\\\/2024\\\/11\\\/10\\\/buyuk-onder-ataturk-selanikteki-dogdugu-evde-anildi\\\/\"]}]},{\"@type\":\"ImageObject\",\"inLanguage\":\"tr\",\"@id\":\"https:\\\/\\\/kuzeyinsesi.org\\\/index.php\\\/2024\\\/11\\\/10\\\/buyuk-onder-ataturk-selanikteki-dogdugu-evde-anildi\\\/#primaryimage\",\"url\":\"https:\\\/\\\/kuzeyinsesi.org\\\/wp-content\\\/uploads\\\/2024\\\/11\\\/selanik-ataturk-anma.jpg\",\"contentUrl\":\"https:\\\/\\\/kuzeyinsesi.org\\\/wp-content\\\/uploads\\\/2024\\\/11\\\/selanik-ataturk-anma.jpg\",\"width\":864,\"height\":486},{\"@type\":\"BreadcrumbList\",\"@id\":\"https:\\\/\\\/kuzeyinsesi.org\\\/index.php\\\/2024\\\/11\\\/10\\\/buyuk-onder-ataturk-selanikteki-dogdugu-evde-anildi\\\/#breadcrumb\",\"itemListElement\":[{\"@type\":\"ListItem\",\"position\":1,\"name\":\"Anasayfa\",\"item\":\"https:\\\/\\\/kuzeyinsesi.org\\\/\"},{\"@type\":\"ListItem\",\"position\":2,\"name\":\"B\u00fcy\u00fck \u00d6nder Atat\u00fcrk Selanik\u2019teki do\u011fdu\u011fu evde an\u0131ld\u0131\"}]},{\"@type\":\"WebSite\",\"@id\":\"https:\\\/\\\/kuzeyinsesi.org\\\/#website\",\"url\":\"https:\\\/\\\/kuzeyinsesi.org\\\/\",\"name\":\"Kuzeyin Sesi\",\"description\":\"Do\u011fru Haberin Adresi\",\"potentialAction\":[{\"@type\":\"SearchAction\",\"target\":{\"@type\":\"EntryPoint\",\"urlTemplate\":\"https:\\\/\\\/kuzeyinsesi.org\\\/?s={search_term_string}\"},\"query-input\":{\"@type\":\"PropertyValueSpecification\",\"valueRequired\":true,\"valueName\":\"search_term_string\"}}],\"inLanguage\":\"tr\"},{\"@type\":\"Person\",\"@id\":\"https:\\\/\\\/kuzeyinsesi.org\\\/#\\\/schema\\\/person\\\/9f859689cdf01485597712386e37f5aa\",\"name\":\"Kuzeyin Sesi\",\"image\":{\"@type\":\"ImageObject\",\"inLanguage\":\"tr\",\"@id\":\"https:\\\/\\\/secure.gravatar.com\\\/avatar\\\/bab33852abfd8b282518d6ed81826833d77c3c882d9ab608add591ccace47a44?s=96&d=mm&r=g\",\"url\":\"https:\\\/\\\/secure.gravatar.com\\\/avatar\\\/bab33852abfd8b282518d6ed81826833d77c3c882d9ab608add591ccace47a44?s=96&d=mm&r=g\",\"contentUrl\":\"https:\\\/\\\/secure.gravatar.com\\\/avatar\\\/bab33852abfd8b282518d6ed81826833d77c3c882d9ab608add591ccace47a44?s=96&d=mm&r=g\",\"caption\":\"Kuzeyin Sesi\"},\"sameAs\":[\"https:\\\/\\\/kuzeyinsesi.org\"],\"url\":\"https:\\\/\\\/kuzeyinsesi.org\\\/index.php\\\/author\\\/guven\\\/\"}]}<\/script>\n<!-- \/ Yoast SEO plugin. -->","yoast_head_json":{"title":"B\u00fcy\u00fck \u00d6nder Atat\u00fcrk Selanik\u2019teki do\u011fdu\u011fu evde an\u0131ld\u0131 - Kuzeyin Sesi","robots":{"index":"index","follow":"follow","max-snippet":"max-snippet:-1","max-image-preview":"max-image-preview:large","max-video-preview":"max-video-preview:-1"},"canonical":"https:\/\/kuzeyinsesi.org\/index.php\/2024\/11\/10\/buyuk-onder-ataturk-selanikteki-dogdugu-evde-anildi\/","og_locale":"tr_TR","og_type":"article","og_title":"B\u00fcy\u00fck \u00d6nder Atat\u00fcrk Selanik\u2019teki do\u011fdu\u011fu evde an\u0131ld\u0131 - Kuzeyin Sesi","og_description":"T\u00fcrkiye Cumhuriyeti\u2019nin kurucusu B\u00fcy\u00fck \u00d6nder Mustafa Kemal Atat\u00fcrk, ebediyete intikalinin 86. y\u0131l\u0131nda, Yunanistan\u2019\u0131n Selanik kentinde d\u00fcnyaya geldi\u011fi evde t\u00f6renle an\u0131ld\u0131. T\u00fcrkiye\u2019nin Selanik Ba\u015fkonsoloslu\u011funun d\u00fczenledi\u011fi anma t\u00f6renine, T\u00fcrkiye ve Avrupa\u2019n\u0131n \u00e7e\u015fitli \u00fclkelerinden ziyaret\u00e7iler yo\u011fun ilgi g\u00f6sterdi. Atat\u00fcrk Evi\u2019nin bah\u00e7esi ziyaret\u00e7ilerle dolup ta\u015farken, evin \u00e7evresinde de y\u00fczlerce ki\u015fi topland\u0131. Yerel saatle 09.05\u2019te sayg\u0131 duru\u015funun ard\u0131ndan \u0130stiklal Mar\u015f\u0131 [&hellip;]","og_url":"https:\/\/kuzeyinsesi.org\/index.php\/2024\/11\/10\/buyuk-onder-ataturk-selanikteki-dogdugu-evde-anildi\/","og_site_name":"Kuzeyin Sesi","article_publisher":"https:\/\/www.facebook.com\/kuzeyinsesii","article_published_time":"2024-11-10T10:25:03+00:00","og_image":[{"url":"https:\/\/brtk.net\/wp-content\/uploads\/2024\/11\/10\/selanik-ataturk-anma.jpg?ver=0294ccb12e1817b18fc544d107c60e6e","type":"","width":"","height":""}],"author":"Kuzeyin Sesi","twitter_card":"summary_large_image","twitter_creator":"@kuzeyinsesii","twitter_site":"@kuzeyinsesii","twitter_misc":{"Yazan:":"Kuzeyin Sesi","Tahmini okuma s\u00fcresi":"1 dakika"},"schema":{"@context":"https:\/\/schema.org","@graph":[{"@type":"Article","@id":"https:\/\/kuzeyinsesi.org\/index.php\/2024\/11\/10\/buyuk-onder-ataturk-selanikteki-dogdugu-evde-anildi\/#article","isPartOf":{"@id":"https:\/\/kuzeyinsesi.org\/index.php\/2024\/11\/10\/buyuk-onder-ataturk-selanikteki-dogdugu-evde-anildi\/"},"author":{"name":"Kuzeyin Sesi","@id":"https:\/\/kuzeyinsesi.org\/#\/schema\/person\/9f859689cdf01485597712386e37f5aa"},"headline":"B\u00fcy\u00fck \u00d6nder Atat\u00fcrk Selanik\u2019teki do\u011fdu\u011fu evde an\u0131ld\u0131","datePublished":"2024-11-10T10:25:03+00:00","mainEntityOfPage":{"@id":"https:\/\/kuzeyinsesi.org\/index.php\/2024\/11\/10\/buyuk-onder-ataturk-selanikteki-dogdugu-evde-anildi\/"},"wordCount":259,"commentCount":0,"image":{"@id":"https:\/\/kuzeyinsesi.org\/index.php\/2024\/11\/10\/buyuk-onder-ataturk-selanikteki-dogdugu-evde-anildi\/#primaryimage"},"thumbnailUrl":"https:\/\/kuzeyinsesi.org\/wp-content\/uploads\/2024\/11\/selanik-ataturk-anma.jpg","articleSection":["T\u00fcrkiye"],"inLanguage":"tr","potentialAction":[{"@type":"CommentAction","name":"Comment","target":["https:\/\/kuzeyinsesi.org\/index.php\/2024\/11\/10\/buyuk-onder-ataturk-selanikteki-dogdugu-evde-anildi\/#respond"]}]},{"@type":"WebPage","@id":"https:\/\/kuzeyinsesi.org\/index.php\/2024\/11\/10\/buyuk-onder-ataturk-selanikteki-dogdugu-evde-anildi\/","url":"https:\/\/kuzeyinsesi.org\/index.php\/2024\/11\/10\/buyuk-onder-ataturk-selanikteki-dogdugu-evde-anildi\/","name":"B\u00fcy\u00fck \u00d6nder Atat\u00fcrk Selanik\u2019teki do\u011fdu\u011fu evde an\u0131ld\u0131 - Kuzeyin Sesi","isPartOf":{"@id":"https:\/\/kuzeyinsesi.org\/#website"},"primaryImageOfPage":{"@id":"https:\/\/kuzeyinsesi.org\/index.php\/2024\/11\/10\/buyuk-onder-ataturk-selanikteki-dogdugu-evde-anildi\/#primaryimage"},"image":{"@id":"https:\/\/kuzeyinsesi.org\/index.php\/2024\/11\/10\/buyuk-onder-ataturk-selanikteki-dogdugu-evde-anildi\/#primaryimage"},"thumbnailUrl":"https:\/\/kuzeyinsesi.org\/wp-content\/uploads\/2024\/11\/selanik-ataturk-anma.jpg","datePublished":"2024-11-10T10:25:03+00:00","author":{"@id":"https:\/\/kuzeyinsesi.org\/#\/schema\/person\/9f859689cdf01485597712386e37f5aa"},"breadcrumb":{"@id":"https:\/\/kuzeyinsesi.org\/index.php\/2024\/11\/10\/buyuk-onder-ataturk-selanikteki-dogdugu-evde-anildi\/#breadcrumb"},"inLanguage":"tr","potentialAction":[{"@type":"ReadAction","target":["https:\/\/kuzeyinsesi.org\/index.php\/2024\/11\/10\/buyuk-onder-ataturk-selanikteki-dogdugu-evde-anildi\/"]}]},{"@type":"ImageObject","inLanguage":"tr","@id":"https:\/\/kuzeyinsesi.org\/index.php\/2024\/11\/10\/buyuk-onder-ataturk-selanikteki-dogdugu-evde-anildi\/#primaryimage","url":"https:\/\/kuzeyinsesi.org\/wp-content\/uploads\/2024\/11\/selanik-ataturk-anma.jpg","contentUrl":"https:\/\/kuzeyinsesi.org\/wp-content\/uploads\/2024\/11\/selanik-ataturk-anma.jpg","width":864,"height":486},{"@type":"BreadcrumbList","@id":"https:\/\/kuzeyinsesi.org\/index.php\/2024\/11\/10\/buyuk-onder-ataturk-selanikteki-dogdugu-evde-anildi\/#breadcrumb","itemListElement":[{"@type":"ListItem","position":1,"name":"Anasayfa","item":"https:\/\/kuzeyinsesi.org\/"},{"@type":"ListItem","position":2,"name":"B\u00fcy\u00fck \u00d6nder Atat\u00fcrk Selanik\u2019teki do\u011fdu\u011fu evde an\u0131ld\u0131"}]},{"@type":"WebSite","@id":"https:\/\/kuzeyinsesi.org\/#website","url":"https:\/\/kuzeyinsesi.org\/","name":"Kuzeyin Sesi","description":"Do\u011fru Haberin Adresi","potentialAction":[{"@type":"SearchAction","target":{"@type":"EntryPoint","urlTemplate":"https:\/\/kuzeyinsesi.org\/?s={search_term_string}"},"query-input":{"@type":"PropertyValueSpecification","valueRequired":true,"valueName":"search_term_string"}}],"inLanguage":"tr"},{"@type":"Person","@id":"https:\/\/kuzeyinsesi.org\/#\/schema\/person\/9f859689cdf01485597712386e37f5aa","name":"Kuzeyin Sesi","image":{"@type":"ImageObject","inLanguage":"tr","@id":"https:\/\/secure.gravatar.com\/avatar\/bab33852abfd8b282518d6ed81826833d77c3c882d9ab608add591ccace47a44?s=96&d=mm&r=g","url":"https:\/\/secure.gravatar.com\/avatar\/bab33852abfd8b282518d6ed81826833d77c3c882d9ab608add591ccace47a44?s=96&d=mm&r=g","contentUrl":"https:\/\/secure.gravatar.com\/avatar\/bab33852abfd8b282518d6ed81826833d77c3c882d9ab608add591ccace47a44?s=96&d=mm&r=g","caption":"Kuzeyin Sesi"},"sameAs":["https:\/\/kuzeyinsesi.org"],"url":"https:\/\/kuzeyinsesi.org\/index.php\/author\/guven\/"}]}},"_links":{"self":[{"href":"https:\/\/kuzeyinsesi.org\/index.php\/wp-json\/wp\/v2\/posts\/13207","targetHints":{"allow":["GET"]}}],"collection":[{"href":"https:\/\/kuzeyinsesi.org\/index.php\/wp-json\/wp\/v2\/posts"}],"about":[{"href":"https:\/\/kuzeyinsesi.org\/index.php\/wp-json\/wp\/v2\/types\/post"}],"author":[{"embeddable":true,"href":"https:\/\/kuzeyinsesi.org\/index.php\/wp-json\/wp\/v2\/users\/1"}],"replies":[{"embeddable":true,"href":"https:\/\/kuzeyinsesi.org\/index.php\/wp-json\/wp\/v2\/comments?post=13207"}],"version-history":[{"count":0,"href":"https:\/\/kuzeyinsesi.org\/index.php\/wp-json\/wp\/v2\/posts\/13207\/revisions"}],"wp:featuredmedia":[{"embeddable":true,"href":"https:\/\/kuzeyinsesi.org\/index.php\/wp-json\/wp\/v2\/media\/13208"}],"wp:attachment":[{"href":"https:\/\/kuzeyinsesi.org\/index.php\/wp-json\/wp\/v2\/media?parent=13207"}],"wp:term":[{"taxonomy":"category","embeddable":true,"href":"https:\/\/kuzeyinsesi.org\/index.php\/wp-json\/wp\/v2\/categories?post=13207"},{"taxonomy":"post_tag","embeddable":true,"href":"https:\/\/kuzeyinsesi.org\/index.php\/wp-json\/wp\/v2\/tags?post=13207"}],"curies":[{"name":"wp","href":"https:\/\/api.w.org\/{rel}","templated":true}]}}