{"id":13201,"date":"2024-11-10T12:14:06","date_gmt":"2024-11-10T10:14:06","guid":{"rendered":"https:\/\/kuzeyinsesi.org\/index.php\/2024\/11\/10\/buyuk-onder-ataturk-dolmabahce-sarayindaki-odasinda-torenle-anildi\/"},"modified":"2024-11-10T12:14:06","modified_gmt":"2024-11-10T10:14:06","slug":"buyuk-onder-ataturk-dolmabahce-sarayindaki-odasinda-torenle-anildi","status":"publish","type":"post","link":"https:\/\/kuzeyinsesi.org\/index.php\/2024\/11\/10\/buyuk-onder-ataturk-dolmabahce-sarayindaki-odasinda-torenle-anildi\/","title":{"rendered":"B\u00fcy\u00fck \u00d6nder Atat\u00fcrk, Dolmabah\u00e7e Saray\u0131\u2019ndaki odas\u0131nda t\u00f6renle an\u0131ld\u0131"},"content":{"rendered":"<div>\n<div class=\"mariselle-image-container center\">\n                                            <\/div>\n<p>\nT\u00fcrkiye Cumhuriyeti\u2019nin kurucusu B\u00fcy\u00fck \u00d6nder Mustafa Kemal Atat\u00fcrk, 86 y\u0131l \u00f6nce ebediyete intikal etti\u011fi Dolmabah\u00e7e Saray\u0131\u2019ndaki odas\u0131nda t\u00f6renle an\u0131ld\u0131.<\/p>\n<p>Saray\u0131n Harem b\u00f6l\u00fcm\u00fcndeki 71 numaral\u0131 odada d\u00fczenlenen anma t\u00f6reni, Cumhurba\u015fkanl\u0131\u011f\u0131 \u00e7elenginin sunulmas\u0131n\u0131n ard\u0131ndan \u0130stanbul Valili\u011fi, T\u00fcrk Silahl\u0131 Kuvvetleri ve \u0130stanbul B\u00fcy\u00fck\u015fehir Belediye Ba\u015fkanl\u0131\u011f\u0131 ad\u0131na Atat\u00fcrk\u2019\u00fcn hayata g\u00f6zlerini yumdu\u011fu yata\u011f\u0131n \u00fczerine \u00e7i\u00e7ek buketlerinin b\u0131rak\u0131lmas\u0131yla ba\u015flad\u0131.<\/p>\n<p>B\u00fcy\u00fck \u00d6nder Atat\u00fcrk\u2019\u00fcn ebediyete intikal etti\u011fi saat 09.05\u2019te sirenlerin \u00e7almas\u0131yla sayg\u0131 duru\u015funda bulunuldu ve \u0130stiklal Mar\u015f\u0131 okundu.<\/p>\n<p>Mustafa Kemal Atat\u00fcrk\u2019\u00fcn 10 Kas\u0131m 1938\u2019de ya\u015fam\u0131n\u0131 yitirdi\u011fi T\u00fcrk bayra\u011f\u0131 \u00f6rt\u00fcl\u00fc yata\u011f\u0131n\u0131n iki yan\u0131nda, iki polis memuru sayg\u0131 n\u00f6beti tuttu.<\/p>\n<p>Saat 07.00\u2019de a\u00e7\u0131lan Dolmabah\u00e7e Saray\u0131\u2019na gelmek isteyenler, Be\u015fikta\u015f\u2019tan Dolmabah\u00e7e\u2019ye y\u00fcr\u00fcd\u00fc. Atat\u00fcrk\u2019\u00fcn odas\u0131n\u0131 ziyaret etmek isteyen vatanda\u015flar, saray\u0131n \u00f6n\u00fcnde ya\u011fmurlu havaya ra\u011fmen uzun kuyruklar olu\u015fturdu.<\/p>\n<p>Vatanda\u015flar, Atat\u00fcrk\u2019\u00fcn T\u00fcrk bayra\u011f\u0131 serili yata\u011f\u0131na ve \u00e7evresine karanfiller b\u0131rakt\u0131. Kimi ziyaret\u00e7iler g\u00f6zya\u015flar\u0131n\u0131 tutamazken, kimisi dualar okudu. \u00c7ocuklar da Atat\u00fcrk\u2019e olan sevgilerini dile getirdi. Odadaki t\u00f6ren, d\u0131\u015far\u0131ya kurulan ekranlardan da izlenebildi.<\/p>\n<p>\u2013 7\u2019den 70\u2019e her ya\u015ftan ziyaret\u00e7i ak\u0131n\u0131<\/p>\n<p>Ailesiyle Dolmabah\u00e7e Saray\u0131n\u0131 ziyarete gelen vatanda\u015flardan Yusuf P\u0131nar, Atat\u00fcrk\u2019\u00fcn izinde oldu\u011funu, \u00e7ocu\u011funu da onun sevgisiyle ya\u015fatmak istedi\u011fini s\u00f6yledi.<\/p>\n<p>P\u0131nar, \u201c\u00c7ocu\u011fuma Atat\u00fcrk sevgisini bu ya\u015f\u0131ndan itibaren hissettirmeye \u00e7al\u0131\u015f\u0131yoruz ki b\u00fcy\u00fcd\u00fc\u011f\u00fcnde vatan\u0131m\u0131za, milletimize hay\u0131rl\u0131 bir evlat olsun. \u00c7ok duygusal bir g\u00fcndeyiz.\u201d dedi. O\u011flu Uras P\u0131nar ise \u201cAtat\u00fcrk kalbimizde, Atat\u00fcrk\u2019\u00fc seviyorum.\u201d ifadesini kulland\u0131.<\/p>\n<p>Ziyarete annesiyle gelen 6 ya\u015f\u0131ndaki Elif \u015een, Atat\u00fcrk\u2019\u00fcn \u00f6l\u00fcm g\u00fcn\u00fc oldu\u011fu i\u00e7in \u00fczg\u00fcn oldu\u011funu ancak onun odas\u0131n\u0131 g\u00f6rece\u011fi i\u00e7in mutlu oldu\u011funu dile getirdi.<\/p>\n<p>Annesi Gizem \u015een de k\u0131z\u0131yla buraya ilk kez geldi\u011fi i\u00e7in \u00e7ok duygusal anlar ya\u015fad\u0131\u011f\u0131n\u0131 s\u00f6yledi.<\/p>\n<p>Zeynep G\u00fcnd\u00fcz, torunuyla Tokat\u2019tan Dolmabah\u00e7e Saray\u0131\u2019n\u0131 ziyarete geldi\u011fini belirtti.<\/p>\n<p>11 ya\u015f\u0131ndaki torunu Utku G\u00fcnd\u00fcz, \u201cDedem ve babaannemle geldim. Mustafa Kemal olmasayd\u0131 biz de burada olmazd\u0131k. Ona \u00e7ok te\u015fekk\u00fcr ediyorum.\u201d ifadelerini kulland\u0131.<\/p>\n<p>Anne ve babas\u0131yla ziyarete gelen 9 ya\u015f\u0131ndaki Toprak Oba, herkese buray\u0131 ziyaret etmesini \u00f6nerdi.<\/p>\n<p>Anne Kezban Oba, gurur ve \u00fcz\u00fcnt\u00fcy\u00fc bir arada ya\u015fad\u0131klar\u0131n\u0131 vurgulad\u0131.<\/p>\n<p>Baba Suat Oba ise bu ya\u011fmurlu havada ailesiyle Atat\u00fcrk\u2019\u00fc anmaya geldi\u011fini belirterek, \u201cBu kadar y\u0131l ge\u00e7mesine ra\u011fmen i\u00e7imizde sevgisi her ge\u00e7en g\u00fcn artarak ilerliyor. Atat\u00fcrk gibi bir insan\u0131 bug\u00fcn biz yatarak anamazd\u0131k.\u201d dedi.<\/p>\n<p>\u00dcniversite \u00f6\u011frencisi Talha Arslan da gururlu ve tarif edemeyece\u011fi duygular i\u00e7erisinde oldu\u011funu ifade etti.<\/p>\n<\/p><\/div>\n<p><script async\n                    defer\n                    crossorigin=\"anonymous\"\n                    src=\"https:\/\/connect.facebook.net\/tr_TR\/sdk.js#xfbml=1&#038;version=v3.3\"\n            ><\/script><\/p>\n","protected":false},"excerpt":{"rendered":"<p>T\u00fcrkiye Cumhuriyeti\u2019nin kurucusu B\u00fcy\u00fck \u00d6nder Mustafa Kemal Atat\u00fcrk, 86 y\u0131l \u00f6nce ebediyete intikal etti\u011fi Dolmabah\u00e7e Saray\u0131\u2019ndaki odas\u0131nda t\u00f6renle an\u0131ld\u0131. Saray\u0131n Harem b\u00f6l\u00fcm\u00fcndeki 71 numaral\u0131 odada d\u00fczenlenen anma t\u00f6reni, Cumhurba\u015fkanl\u0131\u011f\u0131 \u00e7elenginin sunulmas\u0131n\u0131n ard\u0131ndan \u0130stanbul Valili\u011fi, T\u00fcrk Silahl\u0131 Kuvvetleri ve \u0130stanbul B\u00fcy\u00fck\u015fehir Belediye Ba\u015fkanl\u0131\u011f\u0131 ad\u0131na Atat\u00fcrk\u2019\u00fcn hayata g\u00f6zlerini yumdu\u011fu yata\u011f\u0131n \u00fczerine \u00e7i\u00e7ek buketlerinin b\u0131rak\u0131lmas\u0131yla ba\u015flad\u0131. B\u00fcy\u00fck \u00d6nder [&hellip;]<\/p>\n","protected":false},"author":1,"featured_media":13202,"comment_status":"open","ping_status":"open","sticky":false,"template":"","format":"standard","meta":{"jnews-multi-image_gallery":[],"jnews_single_post":[],"jnews_primary_category":[],"jnews_social_meta":[],"jnews_override_counter":[],"footnotes":""},"categories":[5],"tags":[],"class_list":["post-13201","post","type-post","status-publish","format-standard","has-post-thumbnail","hentry","category-turkiye"],"yoast_head":"<!-- This site is optimized with the Yoast SEO plugin v27.4 - https:\/\/yoast.com\/product\/yoast-seo-wordpress\/ -->\n<title>B\u00fcy\u00fck \u00d6nder Atat\u00fcrk, Dolmabah\u00e7e Saray\u0131\u2019ndaki odas\u0131nda t\u00f6renle an\u0131ld\u0131 - Kuzeyin Sesi<\/title>\n<meta name=\"robots\" content=\"index, follow, max-snippet:-1, max-image-preview:large, max-video-preview:-1\" \/>\n<link rel=\"canonical\" href=\"https:\/\/kuzeyinsesi.org\/index.php\/2024\/11\/10\/buyuk-onder-ataturk-dolmabahce-sarayindaki-odasinda-torenle-anildi\/\" \/>\n<meta property=\"og:locale\" content=\"tr_TR\" \/>\n<meta property=\"og:type\" content=\"article\" \/>\n<meta property=\"og:title\" content=\"B\u00fcy\u00fck \u00d6nder Atat\u00fcrk, Dolmabah\u00e7e Saray\u0131\u2019ndaki odas\u0131nda t\u00f6renle an\u0131ld\u0131 - Kuzeyin Sesi\" \/>\n<meta property=\"og:description\" content=\"T\u00fcrkiye Cumhuriyeti\u2019nin kurucusu B\u00fcy\u00fck \u00d6nder Mustafa Kemal Atat\u00fcrk, 86 y\u0131l \u00f6nce ebediyete intikal etti\u011fi Dolmabah\u00e7e Saray\u0131\u2019ndaki odas\u0131nda t\u00f6renle an\u0131ld\u0131. Saray\u0131n Harem b\u00f6l\u00fcm\u00fcndeki 71 numaral\u0131 odada d\u00fczenlenen anma t\u00f6reni, Cumhurba\u015fkanl\u0131\u011f\u0131 \u00e7elenginin sunulmas\u0131n\u0131n ard\u0131ndan \u0130stanbul Valili\u011fi, T\u00fcrk Silahl\u0131 Kuvvetleri ve \u0130stanbul B\u00fcy\u00fck\u015fehir Belediye Ba\u015fkanl\u0131\u011f\u0131 ad\u0131na Atat\u00fcrk\u2019\u00fcn hayata g\u00f6zlerini yumdu\u011fu yata\u011f\u0131n \u00fczerine \u00e7i\u00e7ek buketlerinin b\u0131rak\u0131lmas\u0131yla ba\u015flad\u0131. B\u00fcy\u00fck \u00d6nder [&hellip;]\" \/>\n<meta property=\"og:url\" content=\"https:\/\/kuzeyinsesi.org\/index.php\/2024\/11\/10\/buyuk-onder-ataturk-dolmabahce-sarayindaki-odasinda-torenle-anildi\/\" \/>\n<meta property=\"og:site_name\" content=\"Kuzeyin Sesi\" \/>\n<meta property=\"article:publisher\" content=\"https:\/\/www.facebook.com\/kuzeyinsesii\" \/>\n<meta property=\"article:published_time\" content=\"2024-11-10T10:14:06+00:00\" \/>\n<meta property=\"og:image\" content=\"https:\/\/brtk.net\/wp-content\/uploads\/2024\/11\/10\/dolmabahce-ataturk-2.jpg?ver=8a51d40ca2a5afe3d1b33c187ceb7c02\" \/>\n<meta name=\"author\" content=\"Kuzeyin Sesi\" \/>\n<meta name=\"twitter:card\" content=\"summary_large_image\" \/>\n<meta name=\"twitter:creator\" content=\"@kuzeyinsesii\" \/>\n<meta name=\"twitter:site\" content=\"@kuzeyinsesii\" \/>\n<meta name=\"twitter:label1\" content=\"Yazan:\" \/>\n\t<meta name=\"twitter:data1\" content=\"Kuzeyin Sesi\" \/>\n\t<meta name=\"twitter:label2\" content=\"Tahmini okuma s\u00fcresi\" \/>\n\t<meta name=\"twitter:data2\" content=\"3 dakika\" \/>\n<script type=\"application\/ld+json\" class=\"yoast-schema-graph\">{\"@context\":\"https:\\\/\\\/schema.org\",\"@graph\":[{\"@type\":\"Article\",\"@id\":\"https:\\\/\\\/kuzeyinsesi.org\\\/index.php\\\/2024\\\/11\\\/10\\\/buyuk-onder-ataturk-dolmabahce-sarayindaki-odasinda-torenle-anildi\\\/#article\",\"isPartOf\":{\"@id\":\"https:\\\/\\\/kuzeyinsesi.org\\\/index.php\\\/2024\\\/11\\\/10\\\/buyuk-onder-ataturk-dolmabahce-sarayindaki-odasinda-torenle-anildi\\\/\"},\"author\":{\"name\":\"Kuzeyin Sesi\",\"@id\":\"https:\\\/\\\/kuzeyinsesi.org\\\/#\\\/schema\\\/person\\\/9f859689cdf01485597712386e37f5aa\"},\"headline\":\"B\u00fcy\u00fck \u00d6nder Atat\u00fcrk, Dolmabah\u00e7e Saray\u0131\u2019ndaki odas\u0131nda t\u00f6renle an\u0131ld\u0131\",\"datePublished\":\"2024-11-10T10:14:06+00:00\",\"mainEntityOfPage\":{\"@id\":\"https:\\\/\\\/kuzeyinsesi.org\\\/index.php\\\/2024\\\/11\\\/10\\\/buyuk-onder-ataturk-dolmabahce-sarayindaki-odasinda-torenle-anildi\\\/\"},\"wordCount\":527,\"commentCount\":0,\"image\":{\"@id\":\"https:\\\/\\\/kuzeyinsesi.org\\\/index.php\\\/2024\\\/11\\\/10\\\/buyuk-onder-ataturk-dolmabahce-sarayindaki-odasinda-torenle-anildi\\\/#primaryimage\"},\"thumbnailUrl\":\"https:\\\/\\\/kuzeyinsesi.org\\\/wp-content\\\/uploads\\\/2024\\\/11\\\/dolmabahce-ataturk-2.jpg\",\"articleSection\":[\"T\u00fcrkiye\"],\"inLanguage\":\"tr\",\"potentialAction\":[{\"@type\":\"CommentAction\",\"name\":\"Comment\",\"target\":[\"https:\\\/\\\/kuzeyinsesi.org\\\/index.php\\\/2024\\\/11\\\/10\\\/buyuk-onder-ataturk-dolmabahce-sarayindaki-odasinda-torenle-anildi\\\/#respond\"]}]},{\"@type\":\"WebPage\",\"@id\":\"https:\\\/\\\/kuzeyinsesi.org\\\/index.php\\\/2024\\\/11\\\/10\\\/buyuk-onder-ataturk-dolmabahce-sarayindaki-odasinda-torenle-anildi\\\/\",\"url\":\"https:\\\/\\\/kuzeyinsesi.org\\\/index.php\\\/2024\\\/11\\\/10\\\/buyuk-onder-ataturk-dolmabahce-sarayindaki-odasinda-torenle-anildi\\\/\",\"name\":\"B\u00fcy\u00fck \u00d6nder Atat\u00fcrk, Dolmabah\u00e7e Saray\u0131\u2019ndaki odas\u0131nda t\u00f6renle an\u0131ld\u0131 - Kuzeyin Sesi\",\"isPartOf\":{\"@id\":\"https:\\\/\\\/kuzeyinsesi.org\\\/#website\"},\"primaryImageOfPage\":{\"@id\":\"https:\\\/\\\/kuzeyinsesi.org\\\/index.php\\\/2024\\\/11\\\/10\\\/buyuk-onder-ataturk-dolmabahce-sarayindaki-odasinda-torenle-anildi\\\/#primaryimage\"},\"image\":{\"@id\":\"https:\\\/\\\/kuzeyinsesi.org\\\/index.php\\\/2024\\\/11\\\/10\\\/buyuk-onder-ataturk-dolmabahce-sarayindaki-odasinda-torenle-anildi\\\/#primaryimage\"},\"thumbnailUrl\":\"https:\\\/\\\/kuzeyinsesi.org\\\/wp-content\\\/uploads\\\/2024\\\/11\\\/dolmabahce-ataturk-2.jpg\",\"datePublished\":\"2024-11-10T10:14:06+00:00\",\"author\":{\"@id\":\"https:\\\/\\\/kuzeyinsesi.org\\\/#\\\/schema\\\/person\\\/9f859689cdf01485597712386e37f5aa\"},\"breadcrumb\":{\"@id\":\"https:\\\/\\\/kuzeyinsesi.org\\\/index.php\\\/2024\\\/11\\\/10\\\/buyuk-onder-ataturk-dolmabahce-sarayindaki-odasinda-torenle-anildi\\\/#breadcrumb\"},\"inLanguage\":\"tr\",\"potentialAction\":[{\"@type\":\"ReadAction\",\"target\":[\"https:\\\/\\\/kuzeyinsesi.org\\\/index.php\\\/2024\\\/11\\\/10\\\/buyuk-onder-ataturk-dolmabahce-sarayindaki-odasinda-torenle-anildi\\\/\"]}]},{\"@type\":\"ImageObject\",\"inLanguage\":\"tr\",\"@id\":\"https:\\\/\\\/kuzeyinsesi.org\\\/index.php\\\/2024\\\/11\\\/10\\\/buyuk-onder-ataturk-dolmabahce-sarayindaki-odasinda-torenle-anildi\\\/#primaryimage\",\"url\":\"https:\\\/\\\/kuzeyinsesi.org\\\/wp-content\\\/uploads\\\/2024\\\/11\\\/dolmabahce-ataturk-2.jpg\",\"contentUrl\":\"https:\\\/\\\/kuzeyinsesi.org\\\/wp-content\\\/uploads\\\/2024\\\/11\\\/dolmabahce-ataturk-2.jpg\",\"width\":750,\"height\":500},{\"@type\":\"BreadcrumbList\",\"@id\":\"https:\\\/\\\/kuzeyinsesi.org\\\/index.php\\\/2024\\\/11\\\/10\\\/buyuk-onder-ataturk-dolmabahce-sarayindaki-odasinda-torenle-anildi\\\/#breadcrumb\",\"itemListElement\":[{\"@type\":\"ListItem\",\"position\":1,\"name\":\"Anasayfa\",\"item\":\"https:\\\/\\\/kuzeyinsesi.org\\\/\"},{\"@type\":\"ListItem\",\"position\":2,\"name\":\"B\u00fcy\u00fck \u00d6nder Atat\u00fcrk, Dolmabah\u00e7e Saray\u0131\u2019ndaki odas\u0131nda t\u00f6renle an\u0131ld\u0131\"}]},{\"@type\":\"WebSite\",\"@id\":\"https:\\\/\\\/kuzeyinsesi.org\\\/#website\",\"url\":\"https:\\\/\\\/kuzeyinsesi.org\\\/\",\"name\":\"Kuzeyin Sesi\",\"description\":\"Do\u011fru Haberin Adresi\",\"potentialAction\":[{\"@type\":\"SearchAction\",\"target\":{\"@type\":\"EntryPoint\",\"urlTemplate\":\"https:\\\/\\\/kuzeyinsesi.org\\\/?s={search_term_string}\"},\"query-input\":{\"@type\":\"PropertyValueSpecification\",\"valueRequired\":true,\"valueName\":\"search_term_string\"}}],\"inLanguage\":\"tr\"},{\"@type\":\"Person\",\"@id\":\"https:\\\/\\\/kuzeyinsesi.org\\\/#\\\/schema\\\/person\\\/9f859689cdf01485597712386e37f5aa\",\"name\":\"Kuzeyin Sesi\",\"image\":{\"@type\":\"ImageObject\",\"inLanguage\":\"tr\",\"@id\":\"https:\\\/\\\/secure.gravatar.com\\\/avatar\\\/bab33852abfd8b282518d6ed81826833d77c3c882d9ab608add591ccace47a44?s=96&d=mm&r=g\",\"url\":\"https:\\\/\\\/secure.gravatar.com\\\/avatar\\\/bab33852abfd8b282518d6ed81826833d77c3c882d9ab608add591ccace47a44?s=96&d=mm&r=g\",\"contentUrl\":\"https:\\\/\\\/secure.gravatar.com\\\/avatar\\\/bab33852abfd8b282518d6ed81826833d77c3c882d9ab608add591ccace47a44?s=96&d=mm&r=g\",\"caption\":\"Kuzeyin Sesi\"},\"sameAs\":[\"https:\\\/\\\/kuzeyinsesi.org\"],\"url\":\"https:\\\/\\\/kuzeyinsesi.org\\\/index.php\\\/author\\\/guven\\\/\"}]}<\/script>\n<!-- \/ Yoast SEO plugin. -->","yoast_head_json":{"title":"B\u00fcy\u00fck \u00d6nder Atat\u00fcrk, Dolmabah\u00e7e Saray\u0131\u2019ndaki odas\u0131nda t\u00f6renle an\u0131ld\u0131 - Kuzeyin Sesi","robots":{"index":"index","follow":"follow","max-snippet":"max-snippet:-1","max-image-preview":"max-image-preview:large","max-video-preview":"max-video-preview:-1"},"canonical":"https:\/\/kuzeyinsesi.org\/index.php\/2024\/11\/10\/buyuk-onder-ataturk-dolmabahce-sarayindaki-odasinda-torenle-anildi\/","og_locale":"tr_TR","og_type":"article","og_title":"B\u00fcy\u00fck \u00d6nder Atat\u00fcrk, Dolmabah\u00e7e Saray\u0131\u2019ndaki odas\u0131nda t\u00f6renle an\u0131ld\u0131 - Kuzeyin Sesi","og_description":"T\u00fcrkiye Cumhuriyeti\u2019nin kurucusu B\u00fcy\u00fck \u00d6nder Mustafa Kemal Atat\u00fcrk, 86 y\u0131l \u00f6nce ebediyete intikal etti\u011fi Dolmabah\u00e7e Saray\u0131\u2019ndaki odas\u0131nda t\u00f6renle an\u0131ld\u0131. Saray\u0131n Harem b\u00f6l\u00fcm\u00fcndeki 71 numaral\u0131 odada d\u00fczenlenen anma t\u00f6reni, Cumhurba\u015fkanl\u0131\u011f\u0131 \u00e7elenginin sunulmas\u0131n\u0131n ard\u0131ndan \u0130stanbul Valili\u011fi, T\u00fcrk Silahl\u0131 Kuvvetleri ve \u0130stanbul B\u00fcy\u00fck\u015fehir Belediye Ba\u015fkanl\u0131\u011f\u0131 ad\u0131na Atat\u00fcrk\u2019\u00fcn hayata g\u00f6zlerini yumdu\u011fu yata\u011f\u0131n \u00fczerine \u00e7i\u00e7ek buketlerinin b\u0131rak\u0131lmas\u0131yla ba\u015flad\u0131. B\u00fcy\u00fck \u00d6nder [&hellip;]","og_url":"https:\/\/kuzeyinsesi.org\/index.php\/2024\/11\/10\/buyuk-onder-ataturk-dolmabahce-sarayindaki-odasinda-torenle-anildi\/","og_site_name":"Kuzeyin Sesi","article_publisher":"https:\/\/www.facebook.com\/kuzeyinsesii","article_published_time":"2024-11-10T10:14:06+00:00","og_image":[{"url":"https:\/\/brtk.net\/wp-content\/uploads\/2024\/11\/10\/dolmabahce-ataturk-2.jpg?ver=8a51d40ca2a5afe3d1b33c187ceb7c02","type":"","width":"","height":""}],"author":"Kuzeyin Sesi","twitter_card":"summary_large_image","twitter_creator":"@kuzeyinsesii","twitter_site":"@kuzeyinsesii","twitter_misc":{"Yazan:":"Kuzeyin Sesi","Tahmini okuma s\u00fcresi":"3 dakika"},"schema":{"@context":"https:\/\/schema.org","@graph":[{"@type":"Article","@id":"https:\/\/kuzeyinsesi.org\/index.php\/2024\/11\/10\/buyuk-onder-ataturk-dolmabahce-sarayindaki-odasinda-torenle-anildi\/#article","isPartOf":{"@id":"https:\/\/kuzeyinsesi.org\/index.php\/2024\/11\/10\/buyuk-onder-ataturk-dolmabahce-sarayindaki-odasinda-torenle-anildi\/"},"author":{"name":"Kuzeyin Sesi","@id":"https:\/\/kuzeyinsesi.org\/#\/schema\/person\/9f859689cdf01485597712386e37f5aa"},"headline":"B\u00fcy\u00fck \u00d6nder Atat\u00fcrk, Dolmabah\u00e7e Saray\u0131\u2019ndaki odas\u0131nda t\u00f6renle an\u0131ld\u0131","datePublished":"2024-11-10T10:14:06+00:00","mainEntityOfPage":{"@id":"https:\/\/kuzeyinsesi.org\/index.php\/2024\/11\/10\/buyuk-onder-ataturk-dolmabahce-sarayindaki-odasinda-torenle-anildi\/"},"wordCount":527,"commentCount":0,"image":{"@id":"https:\/\/kuzeyinsesi.org\/index.php\/2024\/11\/10\/buyuk-onder-ataturk-dolmabahce-sarayindaki-odasinda-torenle-anildi\/#primaryimage"},"thumbnailUrl":"https:\/\/kuzeyinsesi.org\/wp-content\/uploads\/2024\/11\/dolmabahce-ataturk-2.jpg","articleSection":["T\u00fcrkiye"],"inLanguage":"tr","potentialAction":[{"@type":"CommentAction","name":"Comment","target":["https:\/\/kuzeyinsesi.org\/index.php\/2024\/11\/10\/buyuk-onder-ataturk-dolmabahce-sarayindaki-odasinda-torenle-anildi\/#respond"]}]},{"@type":"WebPage","@id":"https:\/\/kuzeyinsesi.org\/index.php\/2024\/11\/10\/buyuk-onder-ataturk-dolmabahce-sarayindaki-odasinda-torenle-anildi\/","url":"https:\/\/kuzeyinsesi.org\/index.php\/2024\/11\/10\/buyuk-onder-ataturk-dolmabahce-sarayindaki-odasinda-torenle-anildi\/","name":"B\u00fcy\u00fck \u00d6nder Atat\u00fcrk, Dolmabah\u00e7e Saray\u0131\u2019ndaki odas\u0131nda t\u00f6renle an\u0131ld\u0131 - Kuzeyin Sesi","isPartOf":{"@id":"https:\/\/kuzeyinsesi.org\/#website"},"primaryImageOfPage":{"@id":"https:\/\/kuzeyinsesi.org\/index.php\/2024\/11\/10\/buyuk-onder-ataturk-dolmabahce-sarayindaki-odasinda-torenle-anildi\/#primaryimage"},"image":{"@id":"https:\/\/kuzeyinsesi.org\/index.php\/2024\/11\/10\/buyuk-onder-ataturk-dolmabahce-sarayindaki-odasinda-torenle-anildi\/#primaryimage"},"thumbnailUrl":"https:\/\/kuzeyinsesi.org\/wp-content\/uploads\/2024\/11\/dolmabahce-ataturk-2.jpg","datePublished":"2024-11-10T10:14:06+00:00","author":{"@id":"https:\/\/kuzeyinsesi.org\/#\/schema\/person\/9f859689cdf01485597712386e37f5aa"},"breadcrumb":{"@id":"https:\/\/kuzeyinsesi.org\/index.php\/2024\/11\/10\/buyuk-onder-ataturk-dolmabahce-sarayindaki-odasinda-torenle-anildi\/#breadcrumb"},"inLanguage":"tr","potentialAction":[{"@type":"ReadAction","target":["https:\/\/kuzeyinsesi.org\/index.php\/2024\/11\/10\/buyuk-onder-ataturk-dolmabahce-sarayindaki-odasinda-torenle-anildi\/"]}]},{"@type":"ImageObject","inLanguage":"tr","@id":"https:\/\/kuzeyinsesi.org\/index.php\/2024\/11\/10\/buyuk-onder-ataturk-dolmabahce-sarayindaki-odasinda-torenle-anildi\/#primaryimage","url":"https:\/\/kuzeyinsesi.org\/wp-content\/uploads\/2024\/11\/dolmabahce-ataturk-2.jpg","contentUrl":"https:\/\/kuzeyinsesi.org\/wp-content\/uploads\/2024\/11\/dolmabahce-ataturk-2.jpg","width":750,"height":500},{"@type":"BreadcrumbList","@id":"https:\/\/kuzeyinsesi.org\/index.php\/2024\/11\/10\/buyuk-onder-ataturk-dolmabahce-sarayindaki-odasinda-torenle-anildi\/#breadcrumb","itemListElement":[{"@type":"ListItem","position":1,"name":"Anasayfa","item":"https:\/\/kuzeyinsesi.org\/"},{"@type":"ListItem","position":2,"name":"B\u00fcy\u00fck \u00d6nder Atat\u00fcrk, Dolmabah\u00e7e Saray\u0131\u2019ndaki odas\u0131nda t\u00f6renle an\u0131ld\u0131"}]},{"@type":"WebSite","@id":"https:\/\/kuzeyinsesi.org\/#website","url":"https:\/\/kuzeyinsesi.org\/","name":"Kuzeyin Sesi","description":"Do\u011fru Haberin Adresi","potentialAction":[{"@type":"SearchAction","target":{"@type":"EntryPoint","urlTemplate":"https:\/\/kuzeyinsesi.org\/?s={search_term_string}"},"query-input":{"@type":"PropertyValueSpecification","valueRequired":true,"valueName":"search_term_string"}}],"inLanguage":"tr"},{"@type":"Person","@id":"https:\/\/kuzeyinsesi.org\/#\/schema\/person\/9f859689cdf01485597712386e37f5aa","name":"Kuzeyin Sesi","image":{"@type":"ImageObject","inLanguage":"tr","@id":"https:\/\/secure.gravatar.com\/avatar\/bab33852abfd8b282518d6ed81826833d77c3c882d9ab608add591ccace47a44?s=96&d=mm&r=g","url":"https:\/\/secure.gravatar.com\/avatar\/bab33852abfd8b282518d6ed81826833d77c3c882d9ab608add591ccace47a44?s=96&d=mm&r=g","contentUrl":"https:\/\/secure.gravatar.com\/avatar\/bab33852abfd8b282518d6ed81826833d77c3c882d9ab608add591ccace47a44?s=96&d=mm&r=g","caption":"Kuzeyin Sesi"},"sameAs":["https:\/\/kuzeyinsesi.org"],"url":"https:\/\/kuzeyinsesi.org\/index.php\/author\/guven\/"}]}},"_links":{"self":[{"href":"https:\/\/kuzeyinsesi.org\/index.php\/wp-json\/wp\/v2\/posts\/13201","targetHints":{"allow":["GET"]}}],"collection":[{"href":"https:\/\/kuzeyinsesi.org\/index.php\/wp-json\/wp\/v2\/posts"}],"about":[{"href":"https:\/\/kuzeyinsesi.org\/index.php\/wp-json\/wp\/v2\/types\/post"}],"author":[{"embeddable":true,"href":"https:\/\/kuzeyinsesi.org\/index.php\/wp-json\/wp\/v2\/users\/1"}],"replies":[{"embeddable":true,"href":"https:\/\/kuzeyinsesi.org\/index.php\/wp-json\/wp\/v2\/comments?post=13201"}],"version-history":[{"count":0,"href":"https:\/\/kuzeyinsesi.org\/index.php\/wp-json\/wp\/v2\/posts\/13201\/revisions"}],"wp:featuredmedia":[{"embeddable":true,"href":"https:\/\/kuzeyinsesi.org\/index.php\/wp-json\/wp\/v2\/media\/13202"}],"wp:attachment":[{"href":"https:\/\/kuzeyinsesi.org\/index.php\/wp-json\/wp\/v2\/media?parent=13201"}],"wp:term":[{"taxonomy":"category","embeddable":true,"href":"https:\/\/kuzeyinsesi.org\/index.php\/wp-json\/wp\/v2\/categories?post=13201"},{"taxonomy":"post_tag","embeddable":true,"href":"https:\/\/kuzeyinsesi.org\/index.php\/wp-json\/wp\/v2\/tags?post=13201"}],"curies":[{"name":"wp","href":"https:\/\/api.w.org\/{rel}","templated":true}]}}