{"id":13175,"date":"2024-11-09T15:25:42","date_gmt":"2024-11-09T13:25:42","guid":{"rendered":"https:\/\/kuzeyinsesi.org\/index.php\/2024\/11\/09\/cumhurbaskani-tatar-dogu-akdenizdeki-turk-devleti-cazibe-merkezi-olma-noktasinda-buyuk-asama-kaydetti\/"},"modified":"2024-11-09T15:25:42","modified_gmt":"2024-11-09T13:25:42","slug":"cumhurbaskani-tatar-dogu-akdenizdeki-turk-devleti-cazibe-merkezi-olma-noktasinda-buyuk-asama-kaydetti","status":"publish","type":"post","link":"https:\/\/kuzeyinsesi.org\/index.php\/2024\/11\/09\/cumhurbaskani-tatar-dogu-akdenizdeki-turk-devleti-cazibe-merkezi-olma-noktasinda-buyuk-asama-kaydetti\/","title":{"rendered":"Cumhurba\u015fkan\u0131 Tatar: \u201cDo\u011fu Akdeniz\u2019deki T\u00fcrk devleti cazibe merkezi olma noktas\u0131nda b\u00fcy\u00fck a\u015fama kaydetti\u201d"},"content":{"rendered":"<div>\n<div class=\"mariselle-image-container center\">\n                                            <\/div>\n<p>\nCumhurba\u015fkan\u0131 Ersin Tatar, \u201cSiyasi konjonkt\u00fcre, b\u00f6lgedeki geli\u015fmelere bakt\u0131\u011f\u0131m\u0131zda jeostratejik, jeopolitik, her t\u00fcrl\u00fcs\u00fcyle Do\u011fu Akdeniz\u2019deki T\u00fcrk devleti, ger\u00e7ekten bir cazibe merkezi olma noktas\u0131nda b\u00fcy\u00fck a\u015famalar kaydetmi\u015ftir.\u201d dedi.<\/p>\n<p>Cumhurba\u015fkan\u0131 Yard\u0131mc\u0131s\u0131 Cevdet Y\u0131lmaz, ba\u015fkent Ankara\u2019daki konutunda Cumhurba\u015fkan\u0131 Tatar\u2018\u0131 a\u011f\u0131rlad\u0131.<\/p>\n<p>Tatar, burada yapt\u0131\u011f\u0131 konu\u015fmada, yak\u0131nda KKTC\u2018nin kurulu\u015funun 41. y\u0131l\u0131n\u0131 kutlayaca\u011f\u0131n\u0131 belirtti.<\/p>\n<p>Cumhurba\u015fkan\u0131 Recep Tayyip Erdo\u011fan\u2019\u0131n, \u201cKKTC, T\u00fcrkiye\u2019nin g\u00f6zbebe\u011fi\u201d \u015feklindeki ifadesinin kendisini \u00e7ok mutlu etti\u011fini kaydeden Tatar, Cumhurba\u015fkan\u0131 Erdo\u011fan\u2019\u0131n T\u00fcrk Devletleri Te\u015fkilat\u0131 (TDT) 11. Devlet ve H\u00fck\u00fcmet Ba\u015fkanlar\u0131 Zirvesi\u2019ne kat\u0131lmak \u00fczere K\u0131rg\u0131zistan\u2019\u0131n ba\u015fkenti Bi\u015fkek\u2019te KKTC hakk\u0131nda verdi\u011fi mesajlar\u0131n da \u00f6nemli oldu\u011funu vurgulad\u0131.<\/p>\n<p>Tatar, \u201cKKTC, K\u0131br\u0131s\u2019ta iki devletten bir tanesidir, K\u0131br\u0131s\u2019ta iki devlet vard\u0131r. \u0130ki halk vard\u0131r. Ger\u00e7eklere bak\u0131ld\u0131\u011f\u0131nda da KKTC, K\u0131br\u0131s T\u00fcrklerinin ba\u011f\u0131ms\u0131zl\u0131\u011f\u0131n\u0131n, h\u00fcrriyetinin ifadesidir. Dolay\u0131s\u0131yla art\u0131k bunun geri d\u00f6n\u00fc\u015f\u00fcn\u00fcn olmayaca\u011f\u0131n\u0131 d\u00fcnya kamuoyu da yava\u015f yava\u015f anlamaya ba\u015flam\u0131\u015ft\u0131r.\u201d \u015feklinde konu\u015ftu.<\/p>\n<p>KKTC\u2018nin daha fazla rekabet edebilmesi ve \u00f6nemli sekt\u00f6rlerde uzun vadeli geli\u015fmeler ya\u015fanmas\u0131n\u0131n en b\u00fcy\u00fck temennisi oldu\u011funu dile getiren Tatar, \u201cSiyasi konjonkt\u00fcre, b\u00f6lgedeki geli\u015fmelere bakt\u0131\u011f\u0131m\u0131zda jeostratejik, jeopolitik, her t\u00fcrl\u00fcs\u00fcyle Do\u011fu Akdeniz\u2019deki T\u00fcrk devleti, ger\u00e7ekten bir cazibe merkezi olma noktas\u0131nda b\u00fcy\u00fck a\u015famalar kaydetmi\u015ftir. B\u00fct\u00fcn bu sekt\u00f6rlerin olu\u015fmas\u0131, bu alg\u0131n\u0131n yerle\u015fmesi hi\u00e7 de kolay olmam\u0131\u015ft\u0131r.\u201d ifadelerini kulland\u0131.<\/p>\n<p>Tatar, 41 y\u0131lda \u00f6nemli ba\u015far\u0131lar elde edildi\u011fine dikkati \u00e7ekerek, KKTC\u2018nin \u00f6n\u00fcn\u00fcn a\u00e7\u0131lmas\u0131 amac\u0131yla T\u00fcrkiye\u2019nin ald\u0131\u011f\u0131 kararlar\u0131n kendileri i\u00e7in motivasyon kayna\u011f\u0131 oldu\u011funu belirtti.<\/p>\n<p>\u2013 \u201cK\u0131br\u0131s\u2019ta \u015fu anda m\u00fczakerelerin ba\u015flamas\u0131 i\u00e7in ortak bir zemin yok\u201d<\/p>\n<p>KKTC\u2018nin enerji sorununa da de\u011finen Tatar, bu konuyu Avrupa Birli\u011fi (AB) ve G\u00fcney K\u0131br\u0131s ile g\u00fcndeme getirdi\u011fine i\u015faret etti.<\/p>\n<p>Tatar, T\u00fcrkiye ile KKTC aras\u0131nda \u00e7ift y\u00f6nl\u00fc enerji ta\u015f\u0131nmas\u0131na imkan verecek elektrik projesiyle hem G\u00fcney K\u0131br\u0131s\u2019\u0131n hem de KKTC\u2018nin bu sisteme kolay ve k\u0131sa s\u00fcrede ba\u011flanabilece\u011fini dile getirerek \u201cMaalesef kar\u015f\u0131 taraf\u0131n duru\u015fu ve KKTC ger\u00e7e\u011fini hala daha g\u00f6rememeleri, bu \u015fekildeki bir anlay\u0131\u015f kar\u015f\u0131s\u0131nda bu, belki biraz gecikmeli olacakt\u0131r.\u201d diye konu\u015ftu.<\/p>\n<p>Tatar, bu sorunun da diyalog yoluyla \u00e7\u00f6z\u00fclmesini umduklar\u0131n\u0131, bunun da KKTC ile G\u00fcney K\u0131br\u0131s Rum Y\u00f6netimi\u2019nin farkl\u0131 projelerde birlikte hareket edebilme f\u0131rsatlar\u0131n\u0131n \u00f6n\u00fcn\u00fc a\u00e7abilece\u011fine i\u015faret etti.<\/p>\n<p>KKTC\u2018nin \u201cd\u00fcnya kamuoyuyla payla\u015ft\u0131\u011f\u0131 egemen e\u015fitli\u011fi, e\u015fit uluslar\u201d siyasetinin do\u011fru oldu\u011funu belirten Tatar, \u201cYap\u0131c\u0131 m\u00fczakere s\u00fcrecinin ba\u015flayabilmesi i\u00e7in bizim 3D dedi\u011fimiz direkt ticaret, direkt u\u00e7u\u015f, direkt temas noktas\u0131nda a\u00e7\u0131l\u0131mlarla bunu da ba\u015farabilece\u011fimizi Genel Sekreter\u2019in (Antonio Guterres) \u015eahsi Temsilcisi (Maria Angela Holguin) Cuellar ile payla\u015ft\u0131k.\u201d dedi.<\/p>\n<p>15 Ekim\u2019deki gayriresmi g\u00f6r\u00fc\u015fmeyi hat\u0131rlatan Tatar, \u201cK\u0131br\u0131s\u2019ta \u015fu anda m\u00fczakerelerin ba\u015flamas\u0131 i\u00e7in ortak bir zemin yok.\u201d \u015feklindeki BM\u2019nin a\u00e7\u0131klamas\u0131n\u0131n \u00f6nemli oldu\u011funa dikkati \u00e7ekti.<\/p>\n<p>Tatar, BM ile g\u00f6r\u00fc\u015fmeler s\u00fcrerken KKTC\u2018nin ekonomik ve sosyal yap\u0131s\u0131n\u0131 g\u00fc\u00e7lendirmesi gerekti\u011finin ve T\u00fcrkiye ile yap\u0131lan \u00e7e\u015fitli \u00e7al\u0131\u015fmalar\u0131n \u00f6nemli oldu\u011funun alt\u0131n\u0131 \u00e7izerek s\u00f6zlerini \u015f\u00f6yle tamamlad\u0131:<\/p>\n<p>\u201cSay\u0131n Cumhurba\u015fkan\u0131m\u0131z Recep Tayyip Erdo\u011fan\u2019\u0131n, yine Bi\u015fkek\u2019te K\u0131br\u0131s T\u00fcrk\u00fc\u2019n\u00fcn hakl\u0131 davas\u0131na g\u00fc\u00e7l\u00fc \u015fekilde sahip \u00e7\u0131kt\u0131\u011f\u0131 i\u00e7in bizleri orada g\u00f6rmekten duydu\u011fu memnuniyeti ve b\u00fct\u00fcn T\u00fcrk devlet ba\u015fkanlar\u0131n\u0131n bizleri yak\u0131n gelecekte tam \u00fcye olarak g\u00f6rmek istediklerini ifade etmesi, bize \u00e7ok \u00f6nemli g\u00fc\u00e7 kayna\u011f\u0131 olmu\u015ftur.\u201d<\/p>\n<\/p><\/div>\n<p><script async\n                    defer\n                    crossorigin=\"anonymous\"\n                    src=\"https:\/\/connect.facebook.net\/tr_TR\/sdk.js#xfbml=1&#038;version=v3.3\"\n            ><\/script><\/p>\n","protected":false},"excerpt":{"rendered":"<p>Cumhurba\u015fkan\u0131 Ersin Tatar, \u201cSiyasi konjonkt\u00fcre, b\u00f6lgedeki geli\u015fmelere bakt\u0131\u011f\u0131m\u0131zda jeostratejik, jeopolitik, her t\u00fcrl\u00fcs\u00fcyle Do\u011fu Akdeniz\u2019deki T\u00fcrk devleti, ger\u00e7ekten bir cazibe merkezi olma noktas\u0131nda b\u00fcy\u00fck a\u015famalar kaydetmi\u015ftir.\u201d dedi. Cumhurba\u015fkan\u0131 Yard\u0131mc\u0131s\u0131 Cevdet Y\u0131lmaz, ba\u015fkent Ankara\u2019daki konutunda Cumhurba\u015fkan\u0131 Tatar\u2018\u0131 a\u011f\u0131rlad\u0131. Tatar, burada yapt\u0131\u011f\u0131 konu\u015fmada, yak\u0131nda KKTC\u2018nin kurulu\u015funun 41. y\u0131l\u0131n\u0131 kutlayaca\u011f\u0131n\u0131 belirtti. Cumhurba\u015fkan\u0131 Recep Tayyip Erdo\u011fan\u2019\u0131n, \u201cKKTC, T\u00fcrkiye\u2019nin g\u00f6zbebe\u011fi\u201d \u015feklindeki [&hellip;]<\/p>\n","protected":false},"author":1,"featured_media":13176,"comment_status":"open","ping_status":"open","sticky":false,"template":"","format":"standard","meta":{"jnews-multi-image_gallery":[],"jnews_single_post":[],"jnews_primary_category":[],"jnews_social_meta":[],"jnews_override_counter":[],"footnotes":""},"categories":[5],"tags":[],"class_list":["post-13175","post","type-post","status-publish","format-standard","has-post-thumbnail","hentry","category-turkiye"],"yoast_head":"<!-- This site is optimized with the Yoast SEO plugin v27.4 - https:\/\/yoast.com\/product\/yoast-seo-wordpress\/ -->\n<title>Cumhurba\u015fkan\u0131 Tatar: \u201cDo\u011fu Akdeniz\u2019deki T\u00fcrk devleti cazibe merkezi olma noktas\u0131nda b\u00fcy\u00fck a\u015fama kaydetti\u201d - Kuzeyin Sesi<\/title>\n<meta name=\"robots\" content=\"index, follow, max-snippet:-1, max-image-preview:large, max-video-preview:-1\" \/>\n<link rel=\"canonical\" href=\"https:\/\/kuzeyinsesi.org\/index.php\/2024\/11\/09\/cumhurbaskani-tatar-dogu-akdenizdeki-turk-devleti-cazibe-merkezi-olma-noktasinda-buyuk-asama-kaydetti\/\" \/>\n<meta property=\"og:locale\" content=\"tr_TR\" \/>\n<meta property=\"og:type\" content=\"article\" \/>\n<meta property=\"og:title\" content=\"Cumhurba\u015fkan\u0131 Tatar: \u201cDo\u011fu Akdeniz\u2019deki T\u00fcrk devleti cazibe merkezi olma noktas\u0131nda b\u00fcy\u00fck a\u015fama kaydetti\u201d - Kuzeyin Sesi\" \/>\n<meta property=\"og:description\" content=\"Cumhurba\u015fkan\u0131 Ersin Tatar, \u201cSiyasi konjonkt\u00fcre, b\u00f6lgedeki geli\u015fmelere bakt\u0131\u011f\u0131m\u0131zda jeostratejik, jeopolitik, her t\u00fcrl\u00fcs\u00fcyle Do\u011fu Akdeniz\u2019deki T\u00fcrk devleti, ger\u00e7ekten bir cazibe merkezi olma noktas\u0131nda b\u00fcy\u00fck a\u015famalar kaydetmi\u015ftir.\u201d dedi. Cumhurba\u015fkan\u0131 Yard\u0131mc\u0131s\u0131 Cevdet Y\u0131lmaz, ba\u015fkent Ankara\u2019daki konutunda Cumhurba\u015fkan\u0131 Tatar\u2018\u0131 a\u011f\u0131rlad\u0131. Tatar, burada yapt\u0131\u011f\u0131 konu\u015fmada, yak\u0131nda KKTC\u2018nin kurulu\u015funun 41. y\u0131l\u0131n\u0131 kutlayaca\u011f\u0131n\u0131 belirtti. Cumhurba\u015fkan\u0131 Recep Tayyip Erdo\u011fan\u2019\u0131n, \u201cKKTC, T\u00fcrkiye\u2019nin g\u00f6zbebe\u011fi\u201d \u015feklindeki [&hellip;]\" \/>\n<meta property=\"og:url\" content=\"https:\/\/kuzeyinsesi.org\/index.php\/2024\/11\/09\/cumhurbaskani-tatar-dogu-akdenizdeki-turk-devleti-cazibe-merkezi-olma-noktasinda-buyuk-asama-kaydetti\/\" \/>\n<meta property=\"og:site_name\" content=\"Kuzeyin Sesi\" \/>\n<meta property=\"article:publisher\" content=\"https:\/\/www.facebook.com\/kuzeyinsesii\" \/>\n<meta property=\"article:published_time\" content=\"2024-11-09T13:25:42+00:00\" \/>\n<meta property=\"og:image\" content=\"https:\/\/brtk.net\/wp-content\/uploads\/2024\/11\/09\/t13-scaled.jpg?ver=07096c64fc125bdb3beaf78986a309af\" \/>\n<meta name=\"author\" content=\"Kuzeyin Sesi\" \/>\n<meta name=\"twitter:card\" content=\"summary_large_image\" \/>\n<meta name=\"twitter:creator\" content=\"@kuzeyinsesii\" \/>\n<meta name=\"twitter:site\" content=\"@kuzeyinsesii\" \/>\n<meta name=\"twitter:label1\" content=\"Yazan:\" \/>\n\t<meta name=\"twitter:data1\" content=\"Kuzeyin Sesi\" \/>\n\t<meta name=\"twitter:label2\" content=\"Tahmini okuma s\u00fcresi\" \/>\n\t<meta name=\"twitter:data2\" content=\"4 dakika\" \/>\n<script type=\"application\/ld+json\" class=\"yoast-schema-graph\">{\"@context\":\"https:\\\/\\\/schema.org\",\"@graph\":[{\"@type\":\"Article\",\"@id\":\"https:\\\/\\\/kuzeyinsesi.org\\\/index.php\\\/2024\\\/11\\\/09\\\/cumhurbaskani-tatar-dogu-akdenizdeki-turk-devleti-cazibe-merkezi-olma-noktasinda-buyuk-asama-kaydetti\\\/#article\",\"isPartOf\":{\"@id\":\"https:\\\/\\\/kuzeyinsesi.org\\\/index.php\\\/2024\\\/11\\\/09\\\/cumhurbaskani-tatar-dogu-akdenizdeki-turk-devleti-cazibe-merkezi-olma-noktasinda-buyuk-asama-kaydetti\\\/\"},\"author\":{\"name\":\"Kuzeyin Sesi\",\"@id\":\"https:\\\/\\\/kuzeyinsesi.org\\\/#\\\/schema\\\/person\\\/9f859689cdf01485597712386e37f5aa\"},\"headline\":\"Cumhurba\u015fkan\u0131 Tatar: \u201cDo\u011fu Akdeniz\u2019deki T\u00fcrk devleti cazibe merkezi olma noktas\u0131nda b\u00fcy\u00fck a\u015fama kaydetti\u201d\",\"datePublished\":\"2024-11-09T13:25:42+00:00\",\"mainEntityOfPage\":{\"@id\":\"https:\\\/\\\/kuzeyinsesi.org\\\/index.php\\\/2024\\\/11\\\/09\\\/cumhurbaskani-tatar-dogu-akdenizdeki-turk-devleti-cazibe-merkezi-olma-noktasinda-buyuk-asama-kaydetti\\\/\"},\"wordCount\":732,\"commentCount\":0,\"image\":{\"@id\":\"https:\\\/\\\/kuzeyinsesi.org\\\/index.php\\\/2024\\\/11\\\/09\\\/cumhurbaskani-tatar-dogu-akdenizdeki-turk-devleti-cazibe-merkezi-olma-noktasinda-buyuk-asama-kaydetti\\\/#primaryimage\"},\"thumbnailUrl\":\"https:\\\/\\\/kuzeyinsesi.org\\\/wp-content\\\/uploads\\\/2024\\\/11\\\/t9-scaled.jpg\",\"articleSection\":[\"T\u00fcrkiye\"],\"inLanguage\":\"tr\",\"potentialAction\":[{\"@type\":\"CommentAction\",\"name\":\"Comment\",\"target\":[\"https:\\\/\\\/kuzeyinsesi.org\\\/index.php\\\/2024\\\/11\\\/09\\\/cumhurbaskani-tatar-dogu-akdenizdeki-turk-devleti-cazibe-merkezi-olma-noktasinda-buyuk-asama-kaydetti\\\/#respond\"]}]},{\"@type\":\"WebPage\",\"@id\":\"https:\\\/\\\/kuzeyinsesi.org\\\/index.php\\\/2024\\\/11\\\/09\\\/cumhurbaskani-tatar-dogu-akdenizdeki-turk-devleti-cazibe-merkezi-olma-noktasinda-buyuk-asama-kaydetti\\\/\",\"url\":\"https:\\\/\\\/kuzeyinsesi.org\\\/index.php\\\/2024\\\/11\\\/09\\\/cumhurbaskani-tatar-dogu-akdenizdeki-turk-devleti-cazibe-merkezi-olma-noktasinda-buyuk-asama-kaydetti\\\/\",\"name\":\"Cumhurba\u015fkan\u0131 Tatar: \u201cDo\u011fu Akdeniz\u2019deki T\u00fcrk devleti cazibe merkezi olma noktas\u0131nda b\u00fcy\u00fck a\u015fama kaydetti\u201d - Kuzeyin Sesi\",\"isPartOf\":{\"@id\":\"https:\\\/\\\/kuzeyinsesi.org\\\/#website\"},\"primaryImageOfPage\":{\"@id\":\"https:\\\/\\\/kuzeyinsesi.org\\\/index.php\\\/2024\\\/11\\\/09\\\/cumhurbaskani-tatar-dogu-akdenizdeki-turk-devleti-cazibe-merkezi-olma-noktasinda-buyuk-asama-kaydetti\\\/#primaryimage\"},\"image\":{\"@id\":\"https:\\\/\\\/kuzeyinsesi.org\\\/index.php\\\/2024\\\/11\\\/09\\\/cumhurbaskani-tatar-dogu-akdenizdeki-turk-devleti-cazibe-merkezi-olma-noktasinda-buyuk-asama-kaydetti\\\/#primaryimage\"},\"thumbnailUrl\":\"https:\\\/\\\/kuzeyinsesi.org\\\/wp-content\\\/uploads\\\/2024\\\/11\\\/t9-scaled.jpg\",\"datePublished\":\"2024-11-09T13:25:42+00:00\",\"author\":{\"@id\":\"https:\\\/\\\/kuzeyinsesi.org\\\/#\\\/schema\\\/person\\\/9f859689cdf01485597712386e37f5aa\"},\"breadcrumb\":{\"@id\":\"https:\\\/\\\/kuzeyinsesi.org\\\/index.php\\\/2024\\\/11\\\/09\\\/cumhurbaskani-tatar-dogu-akdenizdeki-turk-devleti-cazibe-merkezi-olma-noktasinda-buyuk-asama-kaydetti\\\/#breadcrumb\"},\"inLanguage\":\"tr\",\"potentialAction\":[{\"@type\":\"ReadAction\",\"target\":[\"https:\\\/\\\/kuzeyinsesi.org\\\/index.php\\\/2024\\\/11\\\/09\\\/cumhurbaskani-tatar-dogu-akdenizdeki-turk-devleti-cazibe-merkezi-olma-noktasinda-buyuk-asama-kaydetti\\\/\"]}]},{\"@type\":\"ImageObject\",\"inLanguage\":\"tr\",\"@id\":\"https:\\\/\\\/kuzeyinsesi.org\\\/index.php\\\/2024\\\/11\\\/09\\\/cumhurbaskani-tatar-dogu-akdenizdeki-turk-devleti-cazibe-merkezi-olma-noktasinda-buyuk-asama-kaydetti\\\/#primaryimage\",\"url\":\"https:\\\/\\\/kuzeyinsesi.org\\\/wp-content\\\/uploads\\\/2024\\\/11\\\/t9-scaled.jpg\",\"contentUrl\":\"https:\\\/\\\/kuzeyinsesi.org\\\/wp-content\\\/uploads\\\/2024\\\/11\\\/t9-scaled.jpg\",\"width\":2560,\"height\":1707},{\"@type\":\"BreadcrumbList\",\"@id\":\"https:\\\/\\\/kuzeyinsesi.org\\\/index.php\\\/2024\\\/11\\\/09\\\/cumhurbaskani-tatar-dogu-akdenizdeki-turk-devleti-cazibe-merkezi-olma-noktasinda-buyuk-asama-kaydetti\\\/#breadcrumb\",\"itemListElement\":[{\"@type\":\"ListItem\",\"position\":1,\"name\":\"Anasayfa\",\"item\":\"https:\\\/\\\/kuzeyinsesi.org\\\/\"},{\"@type\":\"ListItem\",\"position\":2,\"name\":\"Cumhurba\u015fkan\u0131 Tatar: \u201cDo\u011fu Akdeniz\u2019deki T\u00fcrk devleti cazibe merkezi olma noktas\u0131nda b\u00fcy\u00fck a\u015fama kaydetti\u201d\"}]},{\"@type\":\"WebSite\",\"@id\":\"https:\\\/\\\/kuzeyinsesi.org\\\/#website\",\"url\":\"https:\\\/\\\/kuzeyinsesi.org\\\/\",\"name\":\"Kuzeyin Sesi\",\"description\":\"Do\u011fru Haberin Adresi\",\"potentialAction\":[{\"@type\":\"SearchAction\",\"target\":{\"@type\":\"EntryPoint\",\"urlTemplate\":\"https:\\\/\\\/kuzeyinsesi.org\\\/?s={search_term_string}\"},\"query-input\":{\"@type\":\"PropertyValueSpecification\",\"valueRequired\":true,\"valueName\":\"search_term_string\"}}],\"inLanguage\":\"tr\"},{\"@type\":\"Person\",\"@id\":\"https:\\\/\\\/kuzeyinsesi.org\\\/#\\\/schema\\\/person\\\/9f859689cdf01485597712386e37f5aa\",\"name\":\"Kuzeyin Sesi\",\"image\":{\"@type\":\"ImageObject\",\"inLanguage\":\"tr\",\"@id\":\"https:\\\/\\\/secure.gravatar.com\\\/avatar\\\/bab33852abfd8b282518d6ed81826833d77c3c882d9ab608add591ccace47a44?s=96&d=mm&r=g\",\"url\":\"https:\\\/\\\/secure.gravatar.com\\\/avatar\\\/bab33852abfd8b282518d6ed81826833d77c3c882d9ab608add591ccace47a44?s=96&d=mm&r=g\",\"contentUrl\":\"https:\\\/\\\/secure.gravatar.com\\\/avatar\\\/bab33852abfd8b282518d6ed81826833d77c3c882d9ab608add591ccace47a44?s=96&d=mm&r=g\",\"caption\":\"Kuzeyin Sesi\"},\"sameAs\":[\"https:\\\/\\\/kuzeyinsesi.org\"],\"url\":\"https:\\\/\\\/kuzeyinsesi.org\\\/index.php\\\/author\\\/guven\\\/\"}]}<\/script>\n<!-- \/ Yoast SEO plugin. -->","yoast_head_json":{"title":"Cumhurba\u015fkan\u0131 Tatar: \u201cDo\u011fu Akdeniz\u2019deki T\u00fcrk devleti cazibe merkezi olma noktas\u0131nda b\u00fcy\u00fck a\u015fama kaydetti\u201d - Kuzeyin Sesi","robots":{"index":"index","follow":"follow","max-snippet":"max-snippet:-1","max-image-preview":"max-image-preview:large","max-video-preview":"max-video-preview:-1"},"canonical":"https:\/\/kuzeyinsesi.org\/index.php\/2024\/11\/09\/cumhurbaskani-tatar-dogu-akdenizdeki-turk-devleti-cazibe-merkezi-olma-noktasinda-buyuk-asama-kaydetti\/","og_locale":"tr_TR","og_type":"article","og_title":"Cumhurba\u015fkan\u0131 Tatar: \u201cDo\u011fu Akdeniz\u2019deki T\u00fcrk devleti cazibe merkezi olma noktas\u0131nda b\u00fcy\u00fck a\u015fama kaydetti\u201d - Kuzeyin Sesi","og_description":"Cumhurba\u015fkan\u0131 Ersin Tatar, \u201cSiyasi konjonkt\u00fcre, b\u00f6lgedeki geli\u015fmelere bakt\u0131\u011f\u0131m\u0131zda jeostratejik, jeopolitik, her t\u00fcrl\u00fcs\u00fcyle Do\u011fu Akdeniz\u2019deki T\u00fcrk devleti, ger\u00e7ekten bir cazibe merkezi olma noktas\u0131nda b\u00fcy\u00fck a\u015famalar kaydetmi\u015ftir.\u201d dedi. Cumhurba\u015fkan\u0131 Yard\u0131mc\u0131s\u0131 Cevdet Y\u0131lmaz, ba\u015fkent Ankara\u2019daki konutunda Cumhurba\u015fkan\u0131 Tatar\u2018\u0131 a\u011f\u0131rlad\u0131. Tatar, burada yapt\u0131\u011f\u0131 konu\u015fmada, yak\u0131nda KKTC\u2018nin kurulu\u015funun 41. y\u0131l\u0131n\u0131 kutlayaca\u011f\u0131n\u0131 belirtti. Cumhurba\u015fkan\u0131 Recep Tayyip Erdo\u011fan\u2019\u0131n, \u201cKKTC, T\u00fcrkiye\u2019nin g\u00f6zbebe\u011fi\u201d \u015feklindeki [&hellip;]","og_url":"https:\/\/kuzeyinsesi.org\/index.php\/2024\/11\/09\/cumhurbaskani-tatar-dogu-akdenizdeki-turk-devleti-cazibe-merkezi-olma-noktasinda-buyuk-asama-kaydetti\/","og_site_name":"Kuzeyin Sesi","article_publisher":"https:\/\/www.facebook.com\/kuzeyinsesii","article_published_time":"2024-11-09T13:25:42+00:00","og_image":[{"url":"https:\/\/brtk.net\/wp-content\/uploads\/2024\/11\/09\/t13-scaled.jpg?ver=07096c64fc125bdb3beaf78986a309af","type":"","width":"","height":""}],"author":"Kuzeyin Sesi","twitter_card":"summary_large_image","twitter_creator":"@kuzeyinsesii","twitter_site":"@kuzeyinsesii","twitter_misc":{"Yazan:":"Kuzeyin Sesi","Tahmini okuma s\u00fcresi":"4 dakika"},"schema":{"@context":"https:\/\/schema.org","@graph":[{"@type":"Article","@id":"https:\/\/kuzeyinsesi.org\/index.php\/2024\/11\/09\/cumhurbaskani-tatar-dogu-akdenizdeki-turk-devleti-cazibe-merkezi-olma-noktasinda-buyuk-asama-kaydetti\/#article","isPartOf":{"@id":"https:\/\/kuzeyinsesi.org\/index.php\/2024\/11\/09\/cumhurbaskani-tatar-dogu-akdenizdeki-turk-devleti-cazibe-merkezi-olma-noktasinda-buyuk-asama-kaydetti\/"},"author":{"name":"Kuzeyin Sesi","@id":"https:\/\/kuzeyinsesi.org\/#\/schema\/person\/9f859689cdf01485597712386e37f5aa"},"headline":"Cumhurba\u015fkan\u0131 Tatar: \u201cDo\u011fu Akdeniz\u2019deki T\u00fcrk devleti cazibe merkezi olma noktas\u0131nda b\u00fcy\u00fck a\u015fama kaydetti\u201d","datePublished":"2024-11-09T13:25:42+00:00","mainEntityOfPage":{"@id":"https:\/\/kuzeyinsesi.org\/index.php\/2024\/11\/09\/cumhurbaskani-tatar-dogu-akdenizdeki-turk-devleti-cazibe-merkezi-olma-noktasinda-buyuk-asama-kaydetti\/"},"wordCount":732,"commentCount":0,"image":{"@id":"https:\/\/kuzeyinsesi.org\/index.php\/2024\/11\/09\/cumhurbaskani-tatar-dogu-akdenizdeki-turk-devleti-cazibe-merkezi-olma-noktasinda-buyuk-asama-kaydetti\/#primaryimage"},"thumbnailUrl":"https:\/\/kuzeyinsesi.org\/wp-content\/uploads\/2024\/11\/t9-scaled.jpg","articleSection":["T\u00fcrkiye"],"inLanguage":"tr","potentialAction":[{"@type":"CommentAction","name":"Comment","target":["https:\/\/kuzeyinsesi.org\/index.php\/2024\/11\/09\/cumhurbaskani-tatar-dogu-akdenizdeki-turk-devleti-cazibe-merkezi-olma-noktasinda-buyuk-asama-kaydetti\/#respond"]}]},{"@type":"WebPage","@id":"https:\/\/kuzeyinsesi.org\/index.php\/2024\/11\/09\/cumhurbaskani-tatar-dogu-akdenizdeki-turk-devleti-cazibe-merkezi-olma-noktasinda-buyuk-asama-kaydetti\/","url":"https:\/\/kuzeyinsesi.org\/index.php\/2024\/11\/09\/cumhurbaskani-tatar-dogu-akdenizdeki-turk-devleti-cazibe-merkezi-olma-noktasinda-buyuk-asama-kaydetti\/","name":"Cumhurba\u015fkan\u0131 Tatar: \u201cDo\u011fu Akdeniz\u2019deki T\u00fcrk devleti cazibe merkezi olma noktas\u0131nda b\u00fcy\u00fck a\u015fama kaydetti\u201d - Kuzeyin Sesi","isPartOf":{"@id":"https:\/\/kuzeyinsesi.org\/#website"},"primaryImageOfPage":{"@id":"https:\/\/kuzeyinsesi.org\/index.php\/2024\/11\/09\/cumhurbaskani-tatar-dogu-akdenizdeki-turk-devleti-cazibe-merkezi-olma-noktasinda-buyuk-asama-kaydetti\/#primaryimage"},"image":{"@id":"https:\/\/kuzeyinsesi.org\/index.php\/2024\/11\/09\/cumhurbaskani-tatar-dogu-akdenizdeki-turk-devleti-cazibe-merkezi-olma-noktasinda-buyuk-asama-kaydetti\/#primaryimage"},"thumbnailUrl":"https:\/\/kuzeyinsesi.org\/wp-content\/uploads\/2024\/11\/t9-scaled.jpg","datePublished":"2024-11-09T13:25:42+00:00","author":{"@id":"https:\/\/kuzeyinsesi.org\/#\/schema\/person\/9f859689cdf01485597712386e37f5aa"},"breadcrumb":{"@id":"https:\/\/kuzeyinsesi.org\/index.php\/2024\/11\/09\/cumhurbaskani-tatar-dogu-akdenizdeki-turk-devleti-cazibe-merkezi-olma-noktasinda-buyuk-asama-kaydetti\/#breadcrumb"},"inLanguage":"tr","potentialAction":[{"@type":"ReadAction","target":["https:\/\/kuzeyinsesi.org\/index.php\/2024\/11\/09\/cumhurbaskani-tatar-dogu-akdenizdeki-turk-devleti-cazibe-merkezi-olma-noktasinda-buyuk-asama-kaydetti\/"]}]},{"@type":"ImageObject","inLanguage":"tr","@id":"https:\/\/kuzeyinsesi.org\/index.php\/2024\/11\/09\/cumhurbaskani-tatar-dogu-akdenizdeki-turk-devleti-cazibe-merkezi-olma-noktasinda-buyuk-asama-kaydetti\/#primaryimage","url":"https:\/\/kuzeyinsesi.org\/wp-content\/uploads\/2024\/11\/t9-scaled.jpg","contentUrl":"https:\/\/kuzeyinsesi.org\/wp-content\/uploads\/2024\/11\/t9-scaled.jpg","width":2560,"height":1707},{"@type":"BreadcrumbList","@id":"https:\/\/kuzeyinsesi.org\/index.php\/2024\/11\/09\/cumhurbaskani-tatar-dogu-akdenizdeki-turk-devleti-cazibe-merkezi-olma-noktasinda-buyuk-asama-kaydetti\/#breadcrumb","itemListElement":[{"@type":"ListItem","position":1,"name":"Anasayfa","item":"https:\/\/kuzeyinsesi.org\/"},{"@type":"ListItem","position":2,"name":"Cumhurba\u015fkan\u0131 Tatar: \u201cDo\u011fu Akdeniz\u2019deki T\u00fcrk devleti cazibe merkezi olma noktas\u0131nda b\u00fcy\u00fck a\u015fama kaydetti\u201d"}]},{"@type":"WebSite","@id":"https:\/\/kuzeyinsesi.org\/#website","url":"https:\/\/kuzeyinsesi.org\/","name":"Kuzeyin Sesi","description":"Do\u011fru Haberin Adresi","potentialAction":[{"@type":"SearchAction","target":{"@type":"EntryPoint","urlTemplate":"https:\/\/kuzeyinsesi.org\/?s={search_term_string}"},"query-input":{"@type":"PropertyValueSpecification","valueRequired":true,"valueName":"search_term_string"}}],"inLanguage":"tr"},{"@type":"Person","@id":"https:\/\/kuzeyinsesi.org\/#\/schema\/person\/9f859689cdf01485597712386e37f5aa","name":"Kuzeyin Sesi","image":{"@type":"ImageObject","inLanguage":"tr","@id":"https:\/\/secure.gravatar.com\/avatar\/bab33852abfd8b282518d6ed81826833d77c3c882d9ab608add591ccace47a44?s=96&d=mm&r=g","url":"https:\/\/secure.gravatar.com\/avatar\/bab33852abfd8b282518d6ed81826833d77c3c882d9ab608add591ccace47a44?s=96&d=mm&r=g","contentUrl":"https:\/\/secure.gravatar.com\/avatar\/bab33852abfd8b282518d6ed81826833d77c3c882d9ab608add591ccace47a44?s=96&d=mm&r=g","caption":"Kuzeyin Sesi"},"sameAs":["https:\/\/kuzeyinsesi.org"],"url":"https:\/\/kuzeyinsesi.org\/index.php\/author\/guven\/"}]}},"_links":{"self":[{"href":"https:\/\/kuzeyinsesi.org\/index.php\/wp-json\/wp\/v2\/posts\/13175","targetHints":{"allow":["GET"]}}],"collection":[{"href":"https:\/\/kuzeyinsesi.org\/index.php\/wp-json\/wp\/v2\/posts"}],"about":[{"href":"https:\/\/kuzeyinsesi.org\/index.php\/wp-json\/wp\/v2\/types\/post"}],"author":[{"embeddable":true,"href":"https:\/\/kuzeyinsesi.org\/index.php\/wp-json\/wp\/v2\/users\/1"}],"replies":[{"embeddable":true,"href":"https:\/\/kuzeyinsesi.org\/index.php\/wp-json\/wp\/v2\/comments?post=13175"}],"version-history":[{"count":0,"href":"https:\/\/kuzeyinsesi.org\/index.php\/wp-json\/wp\/v2\/posts\/13175\/revisions"}],"wp:featuredmedia":[{"embeddable":true,"href":"https:\/\/kuzeyinsesi.org\/index.php\/wp-json\/wp\/v2\/media\/13176"}],"wp:attachment":[{"href":"https:\/\/kuzeyinsesi.org\/index.php\/wp-json\/wp\/v2\/media?parent=13175"}],"wp:term":[{"taxonomy":"category","embeddable":true,"href":"https:\/\/kuzeyinsesi.org\/index.php\/wp-json\/wp\/v2\/categories?post=13175"},{"taxonomy":"post_tag","embeddable":true,"href":"https:\/\/kuzeyinsesi.org\/index.php\/wp-json\/wp\/v2\/tags?post=13175"}],"curies":[{"name":"wp","href":"https:\/\/api.w.org\/{rel}","templated":true}]}}