{"id":13141,"date":"2024-11-08T22:42:41","date_gmt":"2024-11-08T20:42:41","guid":{"rendered":"https:\/\/kuzeyinsesi.org\/index.php\/2024\/11\/08\/kibris-uzlasim-filmleri-20-kasimda-basliyor\/"},"modified":"2024-11-08T22:42:41","modified_gmt":"2024-11-08T20:42:41","slug":"kibris-uzlasim-filmleri-20-kasimda-basliyor","status":"publish","type":"post","link":"https:\/\/kuzeyinsesi.org\/index.php\/2024\/11\/08\/kibris-uzlasim-filmleri-20-kasimda-basliyor\/","title":{"rendered":"\u201cK\u0131br\u0131s Uzla\u015f\u0131m Filmleri\u201d 20 Kas\u0131m\u2019da ba\u015fl\u0131yor"},"content":{"rendered":"<div>\n<div class=\"mariselle-image-container center\">\n                                            <\/div>\n<p> K\u0131br\u0131s Uzla\u015f\u0131m Filmleri, 20 Kas\u0131m ile 4 Aral\u0131k tarihleri aras\u0131nda Gazima\u011fusa Bandabuliya\u2019da ve Derinya\u2019da Ma\u011fusa K\u00fclt\u00fcr Merkezi\u2019nde izleyicilerle bulu\u015facak.<\/p>\n<p>Gazima\u011fusa Belediyesi Halkla \u0130li\u015fkiler Birimi\u2019nden yap\u0131lan a\u00e7\u0131klamaya g\u00f6re, film g\u00f6sterimleri \u201cUmut ve Bar\u0131\u015f \u0130n\u015fas\u0131n\u0131 Bir Ad\u0131m Daha \u0130leriye Ta\u015f\u0131yoruz\u201d temas\u0131yla yap\u0131lacak. K\u0131br\u0131sl\u0131 y\u00f6netmenlerin \u00e7ekti\u011fi bar\u0131\u015f temal\u0131 be\u015f film Gazima\u011fusa Bandabuliya\u2019da ve be\u015f film ise Derinya\u2019da Ma\u011fusa K\u00fclt\u00fcr Merkezi\u2019nde izleyicilerle bulu\u015facak. \u0130lk film g\u00f6sterimi a\u00e7\u0131l\u0131\u015f t\u00f6reni ile birlikte 20 Kas\u0131m\u2019da yap\u0131lacak. G\u00f6sterimler \u00fccretsiz olarak saat 19.00\u2019da ba\u015flayacak.<\/p>\n<p>Program \u015f\u00f6yle:<\/p>\n<p>20 Kas\u0131m Derinya \u2013 Paralel yolculuklar  (Dervi\u015f Zaim and Panicos Chrysanthou)<\/p>\n<p>21 Kas\u0131m Gazima\u011fusa  \u2013 \u00c7amur  (Dervi\u015f Zaim)<\/p>\n<p>24 Kas\u0131m Gazima\u011fusa \u2013 Duvar\u0131m\u0131z (Panicos Chrysanthou)<\/p>\n<p>25 Kas\u0131m Derinya \u2013 S\u00fct Babam (Cemal Y\u0131ld\u0131r\u0131m)<\/p>\n<p>27 Kas\u0131m Gazima\u011fusa \u2013 Ye\u015fil hat Hikayesi (Panicos Chrysanthou)<\/p>\n<p>28 Kas\u0131m Derinya \u2013 Mendil, (Chrystalla Avgusti)<\/p>\n<p>29 Kas\u0131m Gazima\u011fusa \u2013 Akama (Panicos Chrysanthou)<\/p>\n<p>1 Aral\u0131k Gazima\u011fusa \u2013 \u00c7i\u00e7ekler ve Kur\u015funlar (Panicos Chrysanthou ve Niyazi K\u0131z\u0131ly\u00fcrek)<\/p>\n<p>2 Aral\u0131k Derinya\t \u2013 Hendrix\u2019i Ararken (Marios Piperides)<\/p>\n<p>4 Aral\u0131k Derinya \u2013 Olivia  (Mine Balman) \/  S\u0131k\u0131nt\u0131l\u0131 r\u00fczgarlar (Yiannis Ioannou)<\/p>\n<\/p><\/div>\n<p><script async\n                    defer\n                    crossorigin=\"anonymous\"\n                    src=\"https:\/\/connect.facebook.net\/tr_TR\/sdk.js#xfbml=1&#038;version=v3.3\"\n            ><\/script><\/p>\n","protected":false},"excerpt":{"rendered":"<p>K\u0131br\u0131s Uzla\u015f\u0131m Filmleri, 20 Kas\u0131m ile 4 Aral\u0131k tarihleri aras\u0131nda Gazima\u011fusa Bandabuliya\u2019da ve Derinya\u2019da Ma\u011fusa K\u00fclt\u00fcr Merkezi\u2019nde izleyicilerle bulu\u015facak. Gazima\u011fusa Belediyesi Halkla \u0130li\u015fkiler Birimi\u2019nden yap\u0131lan a\u00e7\u0131klamaya g\u00f6re, film g\u00f6sterimleri \u201cUmut ve Bar\u0131\u015f \u0130n\u015fas\u0131n\u0131 Bir Ad\u0131m Daha \u0130leriye Ta\u015f\u0131yoruz\u201d temas\u0131yla yap\u0131lacak. K\u0131br\u0131sl\u0131 y\u00f6netmenlerin \u00e7ekti\u011fi bar\u0131\u015f temal\u0131 be\u015f film Gazima\u011fusa Bandabuliya\u2019da ve be\u015f film ise Derinya\u2019da Ma\u011fusa [&hellip;]<\/p>\n","protected":false},"author":1,"featured_media":13142,"comment_status":"open","ping_status":"open","sticky":false,"template":"","format":"standard","meta":{"jnews-multi-image_gallery":[],"jnews_single_post":[],"jnews_primary_category":[],"jnews_social_meta":[],"jnews_override_counter":[],"footnotes":""},"categories":[6],"tags":[],"class_list":["post-13141","post","type-post","status-publish","format-standard","has-post-thumbnail","hentry","category-yasam"],"yoast_head":"<!-- This site is optimized with the Yoast SEO plugin v27.4 - https:\/\/yoast.com\/product\/yoast-seo-wordpress\/ -->\n<title>\u201cK\u0131br\u0131s Uzla\u015f\u0131m Filmleri\u201d 20 Kas\u0131m\u2019da ba\u015fl\u0131yor - Kuzeyin Sesi<\/title>\n<meta name=\"robots\" content=\"index, follow, max-snippet:-1, max-image-preview:large, max-video-preview:-1\" \/>\n<link rel=\"canonical\" href=\"https:\/\/kuzeyinsesi.org\/index.php\/2024\/11\/08\/kibris-uzlasim-filmleri-20-kasimda-basliyor\/\" \/>\n<meta property=\"og:locale\" content=\"tr_TR\" \/>\n<meta property=\"og:type\" content=\"article\" \/>\n<meta property=\"og:title\" content=\"\u201cK\u0131br\u0131s Uzla\u015f\u0131m Filmleri\u201d 20 Kas\u0131m\u2019da ba\u015fl\u0131yor - Kuzeyin Sesi\" \/>\n<meta property=\"og:description\" content=\"K\u0131br\u0131s Uzla\u015f\u0131m Filmleri, 20 Kas\u0131m ile 4 Aral\u0131k tarihleri aras\u0131nda Gazima\u011fusa Bandabuliya\u2019da ve Derinya\u2019da Ma\u011fusa K\u00fclt\u00fcr Merkezi\u2019nde izleyicilerle bulu\u015facak. Gazima\u011fusa Belediyesi Halkla \u0130li\u015fkiler Birimi\u2019nden yap\u0131lan a\u00e7\u0131klamaya g\u00f6re, film g\u00f6sterimleri \u201cUmut ve Bar\u0131\u015f \u0130n\u015fas\u0131n\u0131 Bir Ad\u0131m Daha \u0130leriye Ta\u015f\u0131yoruz\u201d temas\u0131yla yap\u0131lacak. K\u0131br\u0131sl\u0131 y\u00f6netmenlerin \u00e7ekti\u011fi bar\u0131\u015f temal\u0131 be\u015f film Gazima\u011fusa Bandabuliya\u2019da ve be\u015f film ise Derinya\u2019da Ma\u011fusa [&hellip;]\" \/>\n<meta property=\"og:url\" content=\"https:\/\/kuzeyinsesi.org\/index.php\/2024\/11\/08\/kibris-uzlasim-filmleri-20-kasimda-basliyor\/\" \/>\n<meta property=\"og:site_name\" content=\"Kuzeyin Sesi\" \/>\n<meta property=\"article:publisher\" content=\"https:\/\/www.facebook.com\/kuzeyinsesii\" \/>\n<meta property=\"article:published_time\" content=\"2024-11-08T20:42:41+00:00\" \/>\n<meta property=\"og:image\" content=\"https:\/\/brtk.net\/wp-content\/uploads\/2024\/11\/08\/kibris-uzlasim-filmleri-20-kasimda-basliyor-1455-2024-11-08_m.jpg?ver=23ff07238bd39f096df817f515753de6\" \/>\n<meta name=\"author\" content=\"Kuzeyin Sesi\" \/>\n<meta name=\"twitter:card\" content=\"summary_large_image\" \/>\n<meta name=\"twitter:creator\" content=\"@kuzeyinsesii\" \/>\n<meta name=\"twitter:site\" content=\"@kuzeyinsesii\" \/>\n<meta name=\"twitter:label1\" content=\"Yazan:\" \/>\n\t<meta name=\"twitter:data1\" content=\"Kuzeyin Sesi\" \/>\n\t<meta name=\"twitter:label2\" content=\"Tahmini okuma s\u00fcresi\" \/>\n\t<meta name=\"twitter:data2\" content=\"1 dakika\" \/>\n<script type=\"application\/ld+json\" class=\"yoast-schema-graph\">{\"@context\":\"https:\\\/\\\/schema.org\",\"@graph\":[{\"@type\":\"Article\",\"@id\":\"https:\\\/\\\/kuzeyinsesi.org\\\/index.php\\\/2024\\\/11\\\/08\\\/kibris-uzlasim-filmleri-20-kasimda-basliyor\\\/#article\",\"isPartOf\":{\"@id\":\"https:\\\/\\\/kuzeyinsesi.org\\\/index.php\\\/2024\\\/11\\\/08\\\/kibris-uzlasim-filmleri-20-kasimda-basliyor\\\/\"},\"author\":{\"name\":\"Kuzeyin Sesi\",\"@id\":\"https:\\\/\\\/kuzeyinsesi.org\\\/#\\\/schema\\\/person\\\/9f859689cdf01485597712386e37f5aa\"},\"headline\":\"\u201cK\u0131br\u0131s Uzla\u015f\u0131m Filmleri\u201d 20 Kas\u0131m\u2019da ba\u015fl\u0131yor\",\"datePublished\":\"2024-11-08T20:42:41+00:00\",\"mainEntityOfPage\":{\"@id\":\"https:\\\/\\\/kuzeyinsesi.org\\\/index.php\\\/2024\\\/11\\\/08\\\/kibris-uzlasim-filmleri-20-kasimda-basliyor\\\/\"},\"wordCount\":232,\"commentCount\":0,\"image\":{\"@id\":\"https:\\\/\\\/kuzeyinsesi.org\\\/index.php\\\/2024\\\/11\\\/08\\\/kibris-uzlasim-filmleri-20-kasimda-basliyor\\\/#primaryimage\"},\"thumbnailUrl\":\"https:\\\/\\\/kuzeyinsesi.org\\\/wp-content\\\/uploads\\\/2024\\\/11\\\/kibris-uzlasim-filmleri-20-kasimda-basliyor-1455-2024-11-08_m.jpg\",\"articleSection\":[\"Ya\u015fam\"],\"inLanguage\":\"tr\",\"potentialAction\":[{\"@type\":\"CommentAction\",\"name\":\"Comment\",\"target\":[\"https:\\\/\\\/kuzeyinsesi.org\\\/index.php\\\/2024\\\/11\\\/08\\\/kibris-uzlasim-filmleri-20-kasimda-basliyor\\\/#respond\"]}]},{\"@type\":\"WebPage\",\"@id\":\"https:\\\/\\\/kuzeyinsesi.org\\\/index.php\\\/2024\\\/11\\\/08\\\/kibris-uzlasim-filmleri-20-kasimda-basliyor\\\/\",\"url\":\"https:\\\/\\\/kuzeyinsesi.org\\\/index.php\\\/2024\\\/11\\\/08\\\/kibris-uzlasim-filmleri-20-kasimda-basliyor\\\/\",\"name\":\"\u201cK\u0131br\u0131s Uzla\u015f\u0131m Filmleri\u201d 20 Kas\u0131m\u2019da ba\u015fl\u0131yor - Kuzeyin Sesi\",\"isPartOf\":{\"@id\":\"https:\\\/\\\/kuzeyinsesi.org\\\/#website\"},\"primaryImageOfPage\":{\"@id\":\"https:\\\/\\\/kuzeyinsesi.org\\\/index.php\\\/2024\\\/11\\\/08\\\/kibris-uzlasim-filmleri-20-kasimda-basliyor\\\/#primaryimage\"},\"image\":{\"@id\":\"https:\\\/\\\/kuzeyinsesi.org\\\/index.php\\\/2024\\\/11\\\/08\\\/kibris-uzlasim-filmleri-20-kasimda-basliyor\\\/#primaryimage\"},\"thumbnailUrl\":\"https:\\\/\\\/kuzeyinsesi.org\\\/wp-content\\\/uploads\\\/2024\\\/11\\\/kibris-uzlasim-filmleri-20-kasimda-basliyor-1455-2024-11-08_m.jpg\",\"datePublished\":\"2024-11-08T20:42:41+00:00\",\"author\":{\"@id\":\"https:\\\/\\\/kuzeyinsesi.org\\\/#\\\/schema\\\/person\\\/9f859689cdf01485597712386e37f5aa\"},\"breadcrumb\":{\"@id\":\"https:\\\/\\\/kuzeyinsesi.org\\\/index.php\\\/2024\\\/11\\\/08\\\/kibris-uzlasim-filmleri-20-kasimda-basliyor\\\/#breadcrumb\"},\"inLanguage\":\"tr\",\"potentialAction\":[{\"@type\":\"ReadAction\",\"target\":[\"https:\\\/\\\/kuzeyinsesi.org\\\/index.php\\\/2024\\\/11\\\/08\\\/kibris-uzlasim-filmleri-20-kasimda-basliyor\\\/\"]}]},{\"@type\":\"ImageObject\",\"inLanguage\":\"tr\",\"@id\":\"https:\\\/\\\/kuzeyinsesi.org\\\/index.php\\\/2024\\\/11\\\/08\\\/kibris-uzlasim-filmleri-20-kasimda-basliyor\\\/#primaryimage\",\"url\":\"https:\\\/\\\/kuzeyinsesi.org\\\/wp-content\\\/uploads\\\/2024\\\/11\\\/kibris-uzlasim-filmleri-20-kasimda-basliyor-1455-2024-11-08_m.jpg\",\"contentUrl\":\"https:\\\/\\\/kuzeyinsesi.org\\\/wp-content\\\/uploads\\\/2024\\\/11\\\/kibris-uzlasim-filmleri-20-kasimda-basliyor-1455-2024-11-08_m.jpg\",\"width\":620,\"height\":350},{\"@type\":\"BreadcrumbList\",\"@id\":\"https:\\\/\\\/kuzeyinsesi.org\\\/index.php\\\/2024\\\/11\\\/08\\\/kibris-uzlasim-filmleri-20-kasimda-basliyor\\\/#breadcrumb\",\"itemListElement\":[{\"@type\":\"ListItem\",\"position\":1,\"name\":\"Anasayfa\",\"item\":\"https:\\\/\\\/kuzeyinsesi.org\\\/\"},{\"@type\":\"ListItem\",\"position\":2,\"name\":\"\u201cK\u0131br\u0131s Uzla\u015f\u0131m Filmleri\u201d 20 Kas\u0131m\u2019da ba\u015fl\u0131yor\"}]},{\"@type\":\"WebSite\",\"@id\":\"https:\\\/\\\/kuzeyinsesi.org\\\/#website\",\"url\":\"https:\\\/\\\/kuzeyinsesi.org\\\/\",\"name\":\"Kuzeyin Sesi\",\"description\":\"Do\u011fru Haberin Adresi\",\"potentialAction\":[{\"@type\":\"SearchAction\",\"target\":{\"@type\":\"EntryPoint\",\"urlTemplate\":\"https:\\\/\\\/kuzeyinsesi.org\\\/?s={search_term_string}\"},\"query-input\":{\"@type\":\"PropertyValueSpecification\",\"valueRequired\":true,\"valueName\":\"search_term_string\"}}],\"inLanguage\":\"tr\"},{\"@type\":\"Person\",\"@id\":\"https:\\\/\\\/kuzeyinsesi.org\\\/#\\\/schema\\\/person\\\/9f859689cdf01485597712386e37f5aa\",\"name\":\"Kuzeyin Sesi\",\"image\":{\"@type\":\"ImageObject\",\"inLanguage\":\"tr\",\"@id\":\"https:\\\/\\\/secure.gravatar.com\\\/avatar\\\/bab33852abfd8b282518d6ed81826833d77c3c882d9ab608add591ccace47a44?s=96&d=mm&r=g\",\"url\":\"https:\\\/\\\/secure.gravatar.com\\\/avatar\\\/bab33852abfd8b282518d6ed81826833d77c3c882d9ab608add591ccace47a44?s=96&d=mm&r=g\",\"contentUrl\":\"https:\\\/\\\/secure.gravatar.com\\\/avatar\\\/bab33852abfd8b282518d6ed81826833d77c3c882d9ab608add591ccace47a44?s=96&d=mm&r=g\",\"caption\":\"Kuzeyin Sesi\"},\"sameAs\":[\"https:\\\/\\\/kuzeyinsesi.org\"],\"url\":\"https:\\\/\\\/kuzeyinsesi.org\\\/index.php\\\/author\\\/guven\\\/\"}]}<\/script>\n<!-- \/ Yoast SEO plugin. -->","yoast_head_json":{"title":"\u201cK\u0131br\u0131s Uzla\u015f\u0131m Filmleri\u201d 20 Kas\u0131m\u2019da ba\u015fl\u0131yor - Kuzeyin Sesi","robots":{"index":"index","follow":"follow","max-snippet":"max-snippet:-1","max-image-preview":"max-image-preview:large","max-video-preview":"max-video-preview:-1"},"canonical":"https:\/\/kuzeyinsesi.org\/index.php\/2024\/11\/08\/kibris-uzlasim-filmleri-20-kasimda-basliyor\/","og_locale":"tr_TR","og_type":"article","og_title":"\u201cK\u0131br\u0131s Uzla\u015f\u0131m Filmleri\u201d 20 Kas\u0131m\u2019da ba\u015fl\u0131yor - Kuzeyin Sesi","og_description":"K\u0131br\u0131s Uzla\u015f\u0131m Filmleri, 20 Kas\u0131m ile 4 Aral\u0131k tarihleri aras\u0131nda Gazima\u011fusa Bandabuliya\u2019da ve Derinya\u2019da Ma\u011fusa K\u00fclt\u00fcr Merkezi\u2019nde izleyicilerle bulu\u015facak. Gazima\u011fusa Belediyesi Halkla \u0130li\u015fkiler Birimi\u2019nden yap\u0131lan a\u00e7\u0131klamaya g\u00f6re, film g\u00f6sterimleri \u201cUmut ve Bar\u0131\u015f \u0130n\u015fas\u0131n\u0131 Bir Ad\u0131m Daha \u0130leriye Ta\u015f\u0131yoruz\u201d temas\u0131yla yap\u0131lacak. K\u0131br\u0131sl\u0131 y\u00f6netmenlerin \u00e7ekti\u011fi bar\u0131\u015f temal\u0131 be\u015f film Gazima\u011fusa Bandabuliya\u2019da ve be\u015f film ise Derinya\u2019da Ma\u011fusa [&hellip;]","og_url":"https:\/\/kuzeyinsesi.org\/index.php\/2024\/11\/08\/kibris-uzlasim-filmleri-20-kasimda-basliyor\/","og_site_name":"Kuzeyin Sesi","article_publisher":"https:\/\/www.facebook.com\/kuzeyinsesii","article_published_time":"2024-11-08T20:42:41+00:00","og_image":[{"url":"https:\/\/brtk.net\/wp-content\/uploads\/2024\/11\/08\/kibris-uzlasim-filmleri-20-kasimda-basliyor-1455-2024-11-08_m.jpg?ver=23ff07238bd39f096df817f515753de6","type":"","width":"","height":""}],"author":"Kuzeyin Sesi","twitter_card":"summary_large_image","twitter_creator":"@kuzeyinsesii","twitter_site":"@kuzeyinsesii","twitter_misc":{"Yazan:":"Kuzeyin Sesi","Tahmini okuma s\u00fcresi":"1 dakika"},"schema":{"@context":"https:\/\/schema.org","@graph":[{"@type":"Article","@id":"https:\/\/kuzeyinsesi.org\/index.php\/2024\/11\/08\/kibris-uzlasim-filmleri-20-kasimda-basliyor\/#article","isPartOf":{"@id":"https:\/\/kuzeyinsesi.org\/index.php\/2024\/11\/08\/kibris-uzlasim-filmleri-20-kasimda-basliyor\/"},"author":{"name":"Kuzeyin Sesi","@id":"https:\/\/kuzeyinsesi.org\/#\/schema\/person\/9f859689cdf01485597712386e37f5aa"},"headline":"\u201cK\u0131br\u0131s Uzla\u015f\u0131m Filmleri\u201d 20 Kas\u0131m\u2019da ba\u015fl\u0131yor","datePublished":"2024-11-08T20:42:41+00:00","mainEntityOfPage":{"@id":"https:\/\/kuzeyinsesi.org\/index.php\/2024\/11\/08\/kibris-uzlasim-filmleri-20-kasimda-basliyor\/"},"wordCount":232,"commentCount":0,"image":{"@id":"https:\/\/kuzeyinsesi.org\/index.php\/2024\/11\/08\/kibris-uzlasim-filmleri-20-kasimda-basliyor\/#primaryimage"},"thumbnailUrl":"https:\/\/kuzeyinsesi.org\/wp-content\/uploads\/2024\/11\/kibris-uzlasim-filmleri-20-kasimda-basliyor-1455-2024-11-08_m.jpg","articleSection":["Ya\u015fam"],"inLanguage":"tr","potentialAction":[{"@type":"CommentAction","name":"Comment","target":["https:\/\/kuzeyinsesi.org\/index.php\/2024\/11\/08\/kibris-uzlasim-filmleri-20-kasimda-basliyor\/#respond"]}]},{"@type":"WebPage","@id":"https:\/\/kuzeyinsesi.org\/index.php\/2024\/11\/08\/kibris-uzlasim-filmleri-20-kasimda-basliyor\/","url":"https:\/\/kuzeyinsesi.org\/index.php\/2024\/11\/08\/kibris-uzlasim-filmleri-20-kasimda-basliyor\/","name":"\u201cK\u0131br\u0131s Uzla\u015f\u0131m Filmleri\u201d 20 Kas\u0131m\u2019da ba\u015fl\u0131yor - Kuzeyin Sesi","isPartOf":{"@id":"https:\/\/kuzeyinsesi.org\/#website"},"primaryImageOfPage":{"@id":"https:\/\/kuzeyinsesi.org\/index.php\/2024\/11\/08\/kibris-uzlasim-filmleri-20-kasimda-basliyor\/#primaryimage"},"image":{"@id":"https:\/\/kuzeyinsesi.org\/index.php\/2024\/11\/08\/kibris-uzlasim-filmleri-20-kasimda-basliyor\/#primaryimage"},"thumbnailUrl":"https:\/\/kuzeyinsesi.org\/wp-content\/uploads\/2024\/11\/kibris-uzlasim-filmleri-20-kasimda-basliyor-1455-2024-11-08_m.jpg","datePublished":"2024-11-08T20:42:41+00:00","author":{"@id":"https:\/\/kuzeyinsesi.org\/#\/schema\/person\/9f859689cdf01485597712386e37f5aa"},"breadcrumb":{"@id":"https:\/\/kuzeyinsesi.org\/index.php\/2024\/11\/08\/kibris-uzlasim-filmleri-20-kasimda-basliyor\/#breadcrumb"},"inLanguage":"tr","potentialAction":[{"@type":"ReadAction","target":["https:\/\/kuzeyinsesi.org\/index.php\/2024\/11\/08\/kibris-uzlasim-filmleri-20-kasimda-basliyor\/"]}]},{"@type":"ImageObject","inLanguage":"tr","@id":"https:\/\/kuzeyinsesi.org\/index.php\/2024\/11\/08\/kibris-uzlasim-filmleri-20-kasimda-basliyor\/#primaryimage","url":"https:\/\/kuzeyinsesi.org\/wp-content\/uploads\/2024\/11\/kibris-uzlasim-filmleri-20-kasimda-basliyor-1455-2024-11-08_m.jpg","contentUrl":"https:\/\/kuzeyinsesi.org\/wp-content\/uploads\/2024\/11\/kibris-uzlasim-filmleri-20-kasimda-basliyor-1455-2024-11-08_m.jpg","width":620,"height":350},{"@type":"BreadcrumbList","@id":"https:\/\/kuzeyinsesi.org\/index.php\/2024\/11\/08\/kibris-uzlasim-filmleri-20-kasimda-basliyor\/#breadcrumb","itemListElement":[{"@type":"ListItem","position":1,"name":"Anasayfa","item":"https:\/\/kuzeyinsesi.org\/"},{"@type":"ListItem","position":2,"name":"\u201cK\u0131br\u0131s Uzla\u015f\u0131m Filmleri\u201d 20 Kas\u0131m\u2019da ba\u015fl\u0131yor"}]},{"@type":"WebSite","@id":"https:\/\/kuzeyinsesi.org\/#website","url":"https:\/\/kuzeyinsesi.org\/","name":"Kuzeyin Sesi","description":"Do\u011fru Haberin Adresi","potentialAction":[{"@type":"SearchAction","target":{"@type":"EntryPoint","urlTemplate":"https:\/\/kuzeyinsesi.org\/?s={search_term_string}"},"query-input":{"@type":"PropertyValueSpecification","valueRequired":true,"valueName":"search_term_string"}}],"inLanguage":"tr"},{"@type":"Person","@id":"https:\/\/kuzeyinsesi.org\/#\/schema\/person\/9f859689cdf01485597712386e37f5aa","name":"Kuzeyin Sesi","image":{"@type":"ImageObject","inLanguage":"tr","@id":"https:\/\/secure.gravatar.com\/avatar\/bab33852abfd8b282518d6ed81826833d77c3c882d9ab608add591ccace47a44?s=96&d=mm&r=g","url":"https:\/\/secure.gravatar.com\/avatar\/bab33852abfd8b282518d6ed81826833d77c3c882d9ab608add591ccace47a44?s=96&d=mm&r=g","contentUrl":"https:\/\/secure.gravatar.com\/avatar\/bab33852abfd8b282518d6ed81826833d77c3c882d9ab608add591ccace47a44?s=96&d=mm&r=g","caption":"Kuzeyin Sesi"},"sameAs":["https:\/\/kuzeyinsesi.org"],"url":"https:\/\/kuzeyinsesi.org\/index.php\/author\/guven\/"}]}},"_links":{"self":[{"href":"https:\/\/kuzeyinsesi.org\/index.php\/wp-json\/wp\/v2\/posts\/13141","targetHints":{"allow":["GET"]}}],"collection":[{"href":"https:\/\/kuzeyinsesi.org\/index.php\/wp-json\/wp\/v2\/posts"}],"about":[{"href":"https:\/\/kuzeyinsesi.org\/index.php\/wp-json\/wp\/v2\/types\/post"}],"author":[{"embeddable":true,"href":"https:\/\/kuzeyinsesi.org\/index.php\/wp-json\/wp\/v2\/users\/1"}],"replies":[{"embeddable":true,"href":"https:\/\/kuzeyinsesi.org\/index.php\/wp-json\/wp\/v2\/comments?post=13141"}],"version-history":[{"count":0,"href":"https:\/\/kuzeyinsesi.org\/index.php\/wp-json\/wp\/v2\/posts\/13141\/revisions"}],"wp:featuredmedia":[{"embeddable":true,"href":"https:\/\/kuzeyinsesi.org\/index.php\/wp-json\/wp\/v2\/media\/13142"}],"wp:attachment":[{"href":"https:\/\/kuzeyinsesi.org\/index.php\/wp-json\/wp\/v2\/media?parent=13141"}],"wp:term":[{"taxonomy":"category","embeddable":true,"href":"https:\/\/kuzeyinsesi.org\/index.php\/wp-json\/wp\/v2\/categories?post=13141"},{"taxonomy":"post_tag","embeddable":true,"href":"https:\/\/kuzeyinsesi.org\/index.php\/wp-json\/wp\/v2\/tags?post=13141"}],"curies":[{"name":"wp","href":"https:\/\/api.w.org\/{rel}","templated":true}]}}