{"id":13137,"date":"2024-11-08T21:48:21","date_gmt":"2024-11-08T19:48:21","guid":{"rendered":"https:\/\/kuzeyinsesi.org\/index.php\/2024\/11\/08\/erdogan-basta-filistin-meselesi-ve-rusya-ukrayna-krizi-olmak-uzere-pek-cok-sinama-ile-karsi-karsiyayiz\/"},"modified":"2024-11-08T21:48:21","modified_gmt":"2024-11-08T19:48:21","slug":"erdogan-basta-filistin-meselesi-ve-rusya-ukrayna-krizi-olmak-uzere-pek-cok-sinama-ile-karsi-karsiyayiz","status":"publish","type":"post","link":"https:\/\/kuzeyinsesi.org\/index.php\/2024\/11\/08\/erdogan-basta-filistin-meselesi-ve-rusya-ukrayna-krizi-olmak-uzere-pek-cok-sinama-ile-karsi-karsiyayiz\/","title":{"rendered":"Erdo\u011fan: \u201cBa\u015fta Filistin meselesi ve Rusya-Ukrayna krizi olmak \u00fczere pek \u00e7ok s\u0131nama ile kar\u015f\u0131 kar\u015f\u0131yay\u0131z\u201d"},"content":{"rendered":"<div>\n<div class=\"mariselle-image-container center\">\n                                            <\/div>\n<p>T\u00fcrkiye Cumhurba\u015fkan\u0131 Recep Tayyip Erdo\u011fan, \u201cTrump\u2019\u0131n ABD ba\u015fkanl\u0131\u011f\u0131, Orta Do\u011fu\u2019daki siyasi ve askeri dengeleri ciddi bi\u00e7imde etkileyecektir.\u201d dedi.<\/p>\n<p>Cumhurba\u015fkan\u0131 Erdo\u011fan, K\u0131rg\u0131zistan ve Macaristan ziyaretleri d\u00f6n\u00fc\u015f\u00fcnde u\u00e7akta gazetecilerin g\u00fcndeme ili\u015fkin sorular\u0131n\u0131 yan\u0131tlad\u0131, de\u011ferlendirmelerde bulundu.<\/p>\n<p>K\u0131rg\u0131zistan\u2019da T\u00fcrk Devletleri Te\u015fkilat\u0131 11. Devlet ve H\u00fck\u00fcmet Ba\u015fkanlar\u0131 Zirvesi\u2019ne kat\u0131ld\u0131klar\u0131n\u0131 hat\u0131rlatan Erdo\u011fan, \u015funlar\u0131 s\u00f6yledi:<\/p>\n<p>\u201cMerhum Gasp\u0131ral\u0131 \u0130smail Bey\u2019in \u2018dilde, fikirde, i\u015fte birlik\u2019 \u015fiar\u0131 do\u011frultusunda, T\u00fcrk d\u00fcnyas\u0131 olarak ba\u011flar\u0131m\u0131z\u0131 g\u00fc\u00e7lendiriyoruz. 175 milyona ula\u015fan gen\u00e7 ve dinamik bir n\u00fcfusa, 1,2 trilyon dolar\u0131 bulan ticaret hacmine sahibiz. Ekonomi ba\u015fta olmak \u00fczere bilim, enerji, ula\u015ft\u0131rma, savunma ve g\u00fcvenlik gibi alanlarda potansiyelimizi ortaya \u00e7\u0131karmakta kararl\u0131y\u0131z. Zirvemizde Gazze ve i\u015fgal alt\u0131ndaki Filistin topraklar\u0131nda s\u00fcren \u0130srail soyk\u0131r\u0131m\u0131na kar\u015f\u0131 at\u0131lacak ortak ad\u0131mlar\u0131n yan\u0131 s\u0131ra, G\u00fcney Kafkasya ve Ukrayna\u2019daki durumu da g\u00f6r\u00fc\u015ft\u00fck. Ayr\u0131ca zirvemiz s\u0131ras\u0131nda te\u015fkilat\u0131m\u0131z b\u00fcnyesinde toplam 8 belgeye imza at\u0131ld\u0131. Ortak T\u00fcrk alfabesi \u00fczerinde de titizlikle \u00e7al\u0131\u015f\u0131yoruz. Ortak alfabeye ge\u00e7ebilirsek tarihi bir e\u015fi\u011fi daha a\u015facak, b\u00f6ylece b\u00fcy\u00fck bir kucakla\u015fmay\u0131 sa\u011flam\u0131\u015f olaca\u011f\u0131z. Zirvede di\u011fer konularla birlikte \u00f6zellikle bu meseleyle ilgili hassasiyetlerimizi de vurgulad\u0131m. Zirve vesilesiyle Azerbaycan Cumhurba\u015fkan\u0131 Say\u0131n \u0130lham Aliyev\u2019in yan\u0131 s\u0131ra kat\u0131l\u0131mc\u0131 di\u011fer devlet ve h\u00fck\u00fcmet ba\u015fkanlar\u0131yla da temaslar\u0131m\u0131z oldu.\u201d<\/p>\n<p>\u2013 Macaristan ziyareti<\/p>\n<p>D\u00fcn de Macaristan\u2019da Avrupa Siyasi Toplulu\u011fu 5. Zirvesi\u2019ne kat\u0131ld\u0131klar\u0131n\u0131 belirten Erdo\u011fan, burada g\u00f6\u00e7 ve ekonomik g\u00fcvenlik konular\u0131 dahil kar\u015f\u0131 kar\u015f\u0131ya olunan s\u0131namalar\u0131 de\u011ferlendirdiklerini ifade etti. <\/p>\n<p>Zirveye hitab\u0131nda savunma ve g\u00fcvenlik ba\u015fta olmak \u00fczere enerji, ula\u015ft\u0131rma, g\u0131da g\u00fcvenli\u011fi, g\u00f6\u00e7 y\u00f6netimi gibi alanlarda T\u00fcrkiye ile i\u015fbirli\u011finin \u00f6nemini dile getirdi\u011fini aktaran Erdo\u011fan, \u015f\u00f6yle devam etti:<\/p>\n<p>\u201cAvrupa Birli\u011fi\u2019ne \u00fcyelik s\u00fcrecimizin baz\u0131 kesimlerin k\u0131s\u0131r siyasi hesaplar\u0131 nedeniyle engellenmesinin stratejik ak\u0131l ve hakkaniyetle ba\u011fda\u015fmad\u0131\u011f\u0131n\u0131n alt\u0131n\u0131 \u00e7izdim. Gazze\u2019deki \u0130srail soyk\u0131r\u0131m\u0131 ve L\u00fcbnan\u2019da ya\u015fanan vah\u015fetin durdurulmas\u0131 i\u00e7in Avrupa\u2019n\u0131n \u00fczerine d\u00fc\u015fen ahlaki ve vicdani sorumlulu\u011funu bir kez daha hat\u0131rlatt\u0131m. Ukrayna\u2019da adil ve kal\u0131c\u0131 bar\u0131\u015f\u0131n ancak t\u00fcm taraflar\u0131n diplomasiye alan a\u00e7mas\u0131yla m\u00fcmk\u00fcn olabilece\u011fini ifade ettim. Zirve marj\u0131nda ayr\u0131ca Fransa Cumhurba\u015fkan\u0131 Say\u0131n Emmanuel Macron, Hollanda Ba\u015fbakan\u0131 Say\u0131n Dick Schoof, Danimarka Ba\u015fbakan\u0131 Say\u0131n Mette Frederiksen, NATO Genel Sekreteri Say\u0131n Mark Rutte, Avrupa Birli\u011fi Komisyon Ba\u015fkan\u0131 Say\u0131n Ursula von der Leyen ile ikili g\u00f6r\u00fc\u015fmeler ger\u00e7ekle\u015ftirdik. Bunlara ilaveten Kosova, Polonya, Ermenistan, Ukrayna, \u0130svi\u00e7re, Arnavutluk, \u0130talya, Avusturya, Yunanistan, Bulgaristan, Bosna Hersek ve S\u0131rbistan liderleriyle temaslar\u0131m\u0131z oldu. Toplant\u0131, g\u00f6r\u00fc\u015fme ve temaslar\u0131m\u0131z\u0131n hay\u0131rlara vesile olmas\u0131n\u0131 diliyorum.\u201d<\/p>\n<p>Erdo\u011fan, daha sonra gazetecilerin sorular\u0131n\u0131 yan\u0131tlad\u0131.<\/p>\n<p>ABD ba\u015fkanl\u0131k se\u00e7imini Donald Trump\u2019\u0131n kazand\u0131\u011f\u0131 an\u0131msat\u0131larak, \u201cSiz Say\u0131n Trump ile g\u00f6r\u00fc\u015ft\u00fcn\u00fcz ve kendisini tebrik ettiniz. Sonucu nas\u0131l de\u011ferlendiriyorsunuz, se\u00e7im sonucu T\u00fcrk-Amerikan ili\u015fkilerine nas\u0131l yans\u0131yacak?\u201d sorusu \u00fczerine Erdo\u011fan, bu se\u00e7imin Amerika Birle\u015fik Devletleri\u2019ne, b\u00f6lgeye ve d\u00fcnyaya hay\u0131rl\u0131 olmas\u0131n\u0131 diledi.<\/p>\n<p>\u2013 \u201cBa\u015far\u0131l\u0131 bir s\u0131nav\u0131 y\u0131lmadan, usanmadan atlatt\u0131\u201d<\/p>\n<p>Trump\u2019\u0131n se\u00e7im s\u00fcrecinde suikast giri\u015fimi dahil bir\u00e7ok g\u00fc\u00e7l\u00fckle b\u00fcy\u00fck bir m\u00fccadele \u00f6rne\u011fi verdi\u011fini s\u00f6yleyen Erdo\u011fan, \u015f\u00f6yle devam etti:<\/p>\n<p>\u201cMalum, kendisini vurmaya yeltendiler, mermi kula\u011f\u0131n\u0131 s\u0131y\u0131rd\u0131. Elleri kelep\u00e7eli halde karakollara g\u00f6t\u00fcrd\u00fcler. B\u00fct\u00fcn bu olaylar cereyan ederken o, se\u00e7im kampanyas\u0131n\u0131 ger\u00e7ekten \u00e7ok \u00e7ok g\u00fc\u00e7l\u00fc bir \u015fekilde y\u0131lmadan, usanmadan, direnerek devam ettirdi. Bu, her siyaset\u00e7inin rahat rahat ba\u015faraca\u011f\u0131 bir u\u011fra\u015f de\u011fildir. Trump bunu ba\u015fard\u0131. Se\u00e7imin ilk d\u00f6nemlerine girerken hep s\u00f6ylenen \u015fuydu, \u2018Kamala Harris a\u00e7\u0131k ara bu se\u00e7imi al\u0131r.\u2019 Hep bunu s\u00f6ylediler. Trump\u2019a da do\u011frusu \u015fans vermiyorlard\u0131. Fakat son d\u00f6nemece girildi\u011finde fark s\u00fcrekli a\u00e7\u0131lmaya ba\u015flad\u0131. Trump inanm\u0131\u015ft\u0131 ve neticeyi de ba\u015far\u0131l\u0131 bir \u015fekilde ald\u0131. Bu s\u00fcre\u00e7te yan\u0131nda sadece Elon Musk vard\u0131. Elon Musk onunla el ele, ba\u015f ba\u015fa verdi. B\u00fct\u00fcn bu yarg\u0131 s\u00fcreci de dahil olmak \u00fczere bu kadar y\u00fcklenmelerine ra\u011fmen Trump, bence \u00e7ok \u00e7ok ba\u015far\u0131l\u0131 bir s\u0131nav\u0131 y\u0131lmadan, usanmadan atlatt\u0131. Neticede se\u00e7imi ald\u0131.\u201d<\/p>\n<p>\u2013 \u201cT\u00fcrkiye ve ABD\u2019nin model ortakl\u0131\u011f\u0131 tart\u0131\u015f\u0131lmaz\u201d<\/p>\n<p>Trump ile yapt\u0131\u011f\u0131 telefon g\u00f6r\u00fc\u015fmesine de de\u011finen Erdo\u011fan, \u015funlar\u0131 kaydetti:<\/p>\n<p>\u201cSay\u0131n Trump ile samimi bir g\u00f6r\u00fc\u015fme yapt\u0131k. O esnada aile yeme\u011findeydiler. Elon Musk ve Musk\u2019\u0131n \u00e7ocu\u011fu yan\u0131ndayd\u0131 ve kendileriyle g\u00f6r\u00fc\u015fmemizi bu \u015fekilde yapt\u0131k. Se\u00e7im s\u00fcrecini ve T\u00fcrkiye-Amerika Birle\u015fik Devletleri aras\u0131ndaki i\u015fbirli\u011fini ele ald\u0131k. Bundan sonraki s\u00fcrece y\u00f6nelik T\u00fcrkiye ile ilgili de g\u00fczel ifadeleri oldu. Kendisini \u00fclkemize davet ettik. Temenni ederim ki davetimize de icabet eder ve b\u00f6ylece T\u00fcrkiye-Amerika Birle\u015fik Devletleri aras\u0131ndaki i\u015fbirli\u011fini ge\u00e7mi\u015f d\u00f6nemden farkl\u0131 bir \u015fekilde g\u00fc\u00e7lendiririz. \u00c7\u00fcnk\u00fc ABD ile aram\u0131zda F-35 konusu bulunuyor. S-400 ile ilgili bir s\u00fcre\u00e7 var. F-35 konusu ile ilgili Trump\u2019\u0131n ba\u015fkanl\u0131\u011f\u0131 d\u00f6neminde T\u00fcrkiye\u2019den bahsederken \u2018Paray\u0131 verdiler buna ra\u011fmen siz hala u\u00e7aklar\u0131 vermiyorsunuz?\u2019 beyanlar\u0131 bulunuyor. Yeni d\u00f6nemde bu meseleleri bakal\u0131m nas\u0131l bir zemine oturtaca\u011f\u0131z ve yolumuza nas\u0131l devam edece\u011fiz? Bizim, T\u00fcrkiye olarak m\u00fcttefikimiz Amerika Birle\u015fik Devletleri\u2019nden beklentilerimiz biliniyor. Ba\u015fta Filistin meselesi ve Rusya-Ukrayna krizi olmak \u00fczere pek \u00e7ok s\u0131nama ile kar\u015f\u0131 kar\u015f\u0131yay\u0131z. T\u00fcrkiye ve Amerika Birle\u015fik Devletleri i\u015fbirli\u011fi ile bunlar\u0131n \u00fcstesinden gelmek m\u00fcmk\u00fcn. Trump\u2019\u0131n ba\u015fkanl\u0131\u011f\u0131yla birlikte b\u00f6lgesel ve k\u00fcresel \u00e7apta ya\u015fanan sava\u015flar\u0131n ve krizlerin son bulmas\u0131n\u0131 \u00fcmit ediyorum. Say\u0131n Trump\u2019la daha \u00f6nceki ba\u015fkanl\u0131k d\u00f6neminde de beraber \u00e7al\u0131\u015ft\u0131k. Zaman zaman fikir ayr\u0131l\u0131klar\u0131 ya\u015fansa da T\u00fcrkiye ve ABD\u2019nin model ortakl\u0131\u011f\u0131 tart\u0131\u015f\u0131lmaz.\u201d<\/p>\n<p>\u2013 \u201cBiz bar\u0131\u015ftan ve huzurdan yanay\u0131z\u201d<\/p>\n<p>\u0130srail\u2019de yap\u0131lan kamuoyu ara\u015ft\u0131rmalar\u0131n\u0131n halk\u0131n 3\u2019te 2\u2019sinin Donald Trump\u2019a destek verdi\u011fini g\u00f6sterdi\u011fi, se\u00e7imi Trump\u2019\u0131n kazanmas\u0131n\u0131n Orta Do\u011fu i\u00e7in kritik bir d\u00f6n\u00fcm noktas\u0131 olaca\u011f\u0131na dair analizler bulundu\u011fu, L\u00fcbnan sald\u0131r\u0131lar\u0131 sonras\u0131 \u0130srail\u2019in nihai hedefinin toprak geni\u015fletmek oldu\u011funa dair artan kayg\u0131lar\u0131n s\u00f6z konusu oldu\u011fu ifade edilerek, \u201cAmerikan se\u00e7imlerinin bu a\u00e7\u0131dan Orta Do\u011fu\u2019ya etkileri nas\u0131l olacak?\u201d sorusuna kar\u015f\u0131l\u0131k Erdo\u011fan, \u015funlar\u0131 s\u00f6yledi:<\/p>\n<p>\u201cYeni d\u00f6nemde Donald Trump ile g\u00f6r\u00fc\u015fmelerimizi devam ettirerek Orta Do\u011fu\u2019daki geli\u015fmeleri nas\u0131l \u015fekillendirece\u011fimizi, bundan \u00f6nce oldu\u011fu gibi telefon diplomasisiyle geli\u015fmelere g\u00f6re ele alaca\u011f\u0131z. \u00d6rne\u011fin Suriye\u2019den Amerika Birle\u015fik Devletleri askerlerinin \u00e7ekilmesi konusunu de\u011ferlendirece\u011fiz. PKK\/PYD\/YPG ter\u00f6r \u00f6rg\u00fct\u00fcne verdikleri deste\u011fi sonland\u0131rmalar\u0131n\u0131 nas\u0131l olacak? Bunlar\u0131 bizzat telefonla kendisiyle de irtibat kurmak suretiyle g\u00f6r\u00fc\u015ferek, konu\u015farak, belli bir zemine oturtaca\u011f\u0131m\u0131za inan\u0131yorum. Zira bundan \u00f6nceki d\u00f6nemde bizim Say\u0131n Trump ile ileti\u015fim kurmakta hi\u00e7bir zorluk ya\u015famad\u0131k. 24 saatte irtibat\u0131m\u0131z\u0131 kuruyor ve buna g\u00f6re de telefon diplomasisiyle netice almaya gayret ediyorduk. Bu d\u00f6nemde ben bu y\u00f6nde herhangi bir s\u0131k\u0131nt\u0131m\u0131z\u0131n olaca\u011f\u0131na ihtimal vermiyorum. Trump\u2019\u0131n \u0130srail taraf\u0131ndan ba\u015flat\u0131lan bu \u00e7at\u0131\u015fmalar\u0131 sonland\u0131rma vaatleri var biliyorsunuz. Biz o vaadin yerine getirilmesini ve \u0130srail\u2019e \u2018dur\u2019 denilmesini isteriz. Temenni ederiz, Say\u0131n Trump\u2019\u0131n ikinci d\u00f6neminde b\u00f6lgede kal\u0131c\u0131 bar\u0131\u015f\u0131n ve huzurun sa\u011fland\u0131\u011f\u0131 bir d\u00f6nem in\u015fa edilir. Biz bar\u0131\u015ftan ve huzurdan yanay\u0131z.\u201d<\/p>\n<p>\u0130srail-Filistin meselesinde kal\u0131c\u0131 \u00e7\u00f6z\u00fcm\u00fcn ortaya konmamas\u0131n\u0131n \u015fiddet sarmal\u0131n\u0131 do\u011furdu\u011funu ve b\u00f6lgenin o d\u00f6ng\u00fcden kurtulamad\u0131\u011f\u0131n\u0131 vurgulayan Erdo\u011fan, \u015funlar\u0131 kaydetti:<\/p>\n<p>\u201cBiden d\u00f6nemindeki politikalar\u0131n devam ettirilmesi b\u00f6lgede \u00e7\u00f6z\u00fcms\u00fczl\u00fc\u011f\u00fc derinle\u015ftirir ve \u00e7at\u0131\u015fmay\u0131 yayar. Bunu asla istemeyiz. Filistin ve L\u00fcbnan topraklar\u0131ndaki \u0130srail sald\u0131rganl\u0131\u011f\u0131n\u0131 durdurmak i\u00e7in Say\u0131n Trump\u2019\u0131n \u0130srail\u2019e sa\u011flanan silah deste\u011fini kesmesinin iyi bir ba\u015flang\u0131\u00e7 olabilece\u011fini s\u00f6yleyebilirim. \u0130srail\u2019in yay\u0131lmac\u0131 hedeflerini destekleyecek her ad\u0131m, b\u00f6lgedeki gerilimi art\u0131rabilir ve \u00e7at\u0131\u015fma alanlar\u0131n\u0131 geni\u015fletebilir. B\u00f6lge d\u0131\u015f\u0131ndaki \u00fclkelerin t\u00fcm bu risklerin g\u00f6z \u00f6n\u00fcnde bulundurularak Orta Do\u011fu politikalar\u0131n\u0131 \u015fekillendirmesinde fayda var. Trump\u2019\u0131n ABD ba\u015fkanl\u0131\u011f\u0131, Orta Do\u011fu\u2019daki siyasi ve askeri dengeleri ciddi bi\u00e7imde etkileyecektir. Herkesin b\u00f6lgede bar\u0131\u015f\u0131 ve istikrar\u0131 hedefleyen ad\u0131mlar atmas\u0131 k\u00fcresel bar\u0131\u015f\u0131n in\u015fas\u0131na fayda sa\u011flayacakt\u0131r. Aksi durumda \u00e7at\u0131\u015fmalar\u0131n yay\u0131lmas\u0131, katliamlar\u0131n devam\u0131 herkese kaybettirir.\u201d<\/p>\n<p>ABD ba\u015fkanl\u0131k se\u00e7iminde zaferini ilan eden Donald Trump\u2019\u0131n ba\u015fkanl\u0131\u011f\u0131nda ABD\u2019nin Ukrayna-Rusya meselesine yakla\u015f\u0131m\u0131n\u0131n ne y\u00f6nde de\u011fi\u015fece\u011fi ve sava\u015f\u0131n gidi\u015fat\u0131na dair beklentilerine y\u00f6nelik soruya Erdo\u011fan, \u201cTrump a\u00e7\u0131k s\u00f6zl\u00fc biri. Ge\u00e7mi\u015fte (Angela) Merkel\u2019e \u2018Ben NATO\u2019ya \u015fu kadar para veriyorum, sen Almanya olarak ne veriyorsun?\u2019 demi\u015fti. Merkel\u2019den orada bir \u00e7\u0131t dahi \u00e7\u0131kmad\u0131. NATO\u2019ya Amerika\u2019dan sonra en y\u00fcksek seviyede para veren \u00fclkelerden birisi de biziz. Bu noktada NATO i\u00e7inde en fazla savunma harcamas\u0131 yapan \u00fclkelerden biri T\u00fcrkiye. Bu d\u00f6nemde de biz Amerika Birle\u015fik Devletleri kar\u015f\u0131s\u0131nda onun rakam\u0131n\u0131 yakalamayabiliriz ama ideal seviyede olan \u00fclkelerden bir tanesi olarak yolumuza devam ederiz.\u201d yan\u0131t\u0131n\u0131 verdi.<\/p>\n<p>NATO\u2019nun asker hususunda bir s\u0131k\u0131nt\u0131s\u0131n\u0131n olmad\u0131\u011f\u0131n\u0131 belirten Cumhurba\u015fkan\u0131 Erdo\u011fan, \u015f\u00f6yle devam etti:<\/p>\n<p>\u201cAsker say\u0131s\u0131 itibar\u0131yla zaten iyiyiz. Amerika Birle\u015fik Devletleri \u00f6nc\u00fcl\u00fc\u011f\u00fcnde baz\u0131 Bat\u0131 \u00fclkelerinin Ukrayna\u2019daki sava\u015f\u0131n bitirilmesi i\u00e7in \u00e7aba sarf etmesi, orada \u00e7\u00f6z\u00fcm\u00fc h\u0131zland\u0131r\u0131r. Biz, en ba\u015f\u0131ndan beri hem Ukrayna\u2019n\u0131n hakl\u0131l\u0131\u011f\u0131n\u0131 ortaya koyduk hem bu sava\u015fta bar\u0131\u015f\u0131n yan\u0131nda yer almay\u0131 tercih ettik. Sava\u015f\u0131n taraf\u0131 olmam\u0131z konusundaki y\u00f6nlendirmelere kulak asmad\u0131k ve her iki tarafla da temas\u0131 s\u00fcrd\u00fcrd\u00fck. Sorunlar\u0131n diplomasi yoluyla \u00e7\u00f6z\u00fclebilece\u011fine y\u00f6nelik inanc\u0131m\u0131z\u0131n Bat\u0131 taraf\u0131ndan yeterince payla\u015f\u0131lmad\u0131\u011f\u0131n\u0131 g\u00f6rd\u00fck. Trump d\u00f6neminde meseleye \u00e7\u00f6z\u00fcm perspektifinden yakla\u015fan bir ABD y\u00f6netimi g\u00f6r\u00fcrsek biz bu sava\u015f\u0131 kolayl\u0131kla bitirebiliriz. Daha fazla silah, daha fazla bomba, daha fazla kaos ve \u00e7at\u0131\u015fma bu sava\u015f\u0131 bitirmez. Daha \u00e7ok diyalog, daha \u00e7ok diplomasi, daha \u00e7ok mutabakat bar\u0131\u015f\u0131n kap\u0131s\u0131n\u0131 aralar. Biz her iki taraf\u0131 da ayn\u0131 masa etraf\u0131nda bulu\u015fturmay\u0131 ba\u015farm\u0131\u015f bir \u00fclkeyiz. Bunu defalarca yapt\u0131k ve yine yapabiliriz. Bu sava\u015f art\u0131k bitmelidir. Biz gayretlerimizi bar\u0131\u015f i\u00e7in yo\u011funla\u015ft\u0131rd\u0131k ve buna devam edece\u011fiz. Umar\u0131z yeni d\u00f6nemde yeni ba\u015flang\u0131\u00e7lar yapar ve t\u00fcm \u00e7at\u0131\u015fmalar\u0131n ve sava\u015flar\u0131n sona erdi\u011fi bir d\u00fcnyaya kavu\u015furuz.\u201d<\/p>\n<p>\u2013 \u201cAvrupa Birli\u011fi\u2019ne \u00fcyelik konusunda tam \u00fcyelik hedefimize ba\u011fl\u0131y\u0131z\u201d<\/p>\n<p>Erdo\u011fan, bir gazetecinin, T\u00fcrkiye\u2019nin Avrupa Birli\u011fi (AB) \u00fcyelik s\u00fcrecine ili\u015fkin AB Komisyonu Ba\u015fkan\u0131 Ursula von der Leyen\u2019in \u201cAB-T\u00fcrkiye ortakl\u0131\u011f\u0131n\u0131n g\u00fc\u00e7lenmesi ortak b\u00f6lgemize fayda sa\u011flayacakt\u0131r\u201d payla\u015f\u0131m\u0131 ve bu konuda yeni bir geli\u015fme olup olmad\u0131\u011f\u0131n\u0131 sormas\u0131 \u00fczerine, g\u00f6r\u00fc\u015fmede von der Leyen\u2019den hen\u00fcz b\u00f6yle bir tav\u0131r g\u00f6rmediklerini s\u00f6yledi.<\/p>\n<p>Hala g\u00f6r\u00fc\u015fme a\u015famas\u0131nda at\u0131lan ad\u0131mlar oldu\u011funu belirten Erdo\u011fan, \u201cE\u011fer bize hakikaten b\u00f6yle bir a\u00e7\u0131l\u0131m sa\u011flarlarsa bunu payla\u015f\u0131r\u0131z. Gerek D\u0131\u015fi\u015fleri Bakanl\u0131\u011f\u0131m\u0131z gerek Avrupa Birli\u011fi ile ilgili arkada\u015flar\u0131m\u0131z muhataplar\u0131 ile temaslar\u0131n\u0131 s\u0131kla\u015ft\u0131racak. Biz de liderlerle g\u00f6r\u00fc\u015fmelerimizde bu konuyu ele almay\u0131 s\u00fcrd\u00fcrecek ve in\u015fallah hay\u0131rl\u0131 bir netice i\u00e7in gayret edece\u011fiz.\u201d ifadelerini kulland\u0131.<\/p>\n<p>Herkesin T\u00fcrkiye\u2019nin potansiyelinin fark\u0131nda oldu\u011funu s\u00f6yleyen Erdo\u011fan, \u201cSon d\u00f6nemde Avrupa\u2019n\u0131n T\u00fcrkiye ile i\u015fbirli\u011fi konusundaki gayretleri de bunun g\u00f6stergesi. Biz Avrupa Birli\u011fi\u2019ne \u00fcyelik konusunda tam \u00fcyelik hedefimize ba\u011fl\u0131y\u0131z ve bununla ilgili ad\u0131mlar\u0131m\u0131z\u0131 att\u0131k, at\u0131yoruz. Avrupa Birli\u011fi ile siyasi bariyerlere tak\u0131lmadan, e\u015fit ko\u015fullarda ve g\u00f6z hizas\u0131nda bir ili\u015fki bi\u00e7iminden yanay\u0131z. Avrupa Birli\u011fi\u2019nden kaybedilmi\u015f zaman\u0131 telafi edecek h\u0131zda vizyoner bir yakla\u015f\u0131m bekliyoruz.\u201d diye konu\u015ftu.<\/p>\n<p>Bunu Avrupal\u0131 muhataplar\u0131na her f\u0131rsatta s\u00f6yledi\u011fini vurgulayan Erdo\u011fan, \u201cG\u00fcmr\u00fck Birli\u011finin g\u00fcncellenmesi ve vize serbestisi konusunda ad\u0131m at\u0131lmas\u0131 iyi bir ba\u015flang\u0131\u00e7 olacakt\u0131r. Bize verilen s\u00f6zlerin tutulmas\u0131 Avrupa Birli\u011fi\u2019nin de samimiyetini ortaya koymas\u0131 a\u00e7\u0131s\u0131ndan bir f\u0131rsatt\u0131r. \u00c7\u00fcnk\u00fc biz verdi\u011fimiz t\u00fcm s\u00f6zleri tutarak o s\u0131navdan zaten \u00e7oktan ge\u00e7tik.\u201d ifadelerini kulland\u0131.<\/p>\n<p>\u2013 \u201cB\u00f6lgedeki g\u00fcvenlik i\u015fbirli\u011fini art\u0131rma ad\u0131na \u00f6nemli bir ad\u0131m\u201d<\/p>\n<p>T\u00fcrk Devletleri Te\u015fkilat\u0131n\u0131n 11. Devlet Ba\u015fkanlar\u0131 Zirvesi\u2019nde imzalanan sivil koruma mekanizmas\u0131 anla\u015fmas\u0131n\u0131n, ileride te\u015fkilat\u0131n ortak bir ordu kurmas\u0131n\u0131n \u00f6nc\u00fc ad\u0131mlar\u0131 olup olmad\u0131\u011f\u0131na y\u00f6nelik soruya Erdo\u011fan, \u015fu yan\u0131t\u0131 verdi:<\/p>\n<p>\u201cBu, \u00e7ok ileri bir ifade olur. \u015eu anda \u00f6yle bir g\u00f6r\u00fcnt\u00fc s\u00f6z konusu de\u011fil. \u0130leride ortak bir ordu kurma gibi bir \u00e7al\u0131\u015fma, bir gayret \u015fu anda T\u00fcrk Devletleri aras\u0131nda bulunmuyor. Sivil Koruma Mekanizmas\u0131 Anla\u015fmas\u0131, b\u00f6lgedeki g\u00fcvenlik i\u015fbirli\u011fini art\u0131rma ad\u0131na \u00f6nemli bir ad\u0131m. Afet ve acil durum m\u00fcdahalelerinde koordinasyon sa\u011flamak, devletlerimiz aras\u0131ndaki derin i\u015fbirliklerini g\u00fc\u00e7lendirecektir. Bu anla\u015fman\u0131n temel amac\u0131, afet ve acil durumlarda T\u00fcrk Devletleri Te\u015fkilat\u0131 \u00fcyelerinin dayan\u0131\u015fmas\u0131n\u0131 art\u0131rmakt\u0131r. Bu dayan\u0131\u015fma bizleri afetlere ve afet sonras\u0131 s\u00fcre\u00e7lere daha haz\u0131rl\u0131kl\u0131 ve dayan\u0131kl\u0131 k\u0131lacak. Biliyorsunuz bunun fikri temelini asr\u0131n felaketi sonras\u0131 \u00fclkemizde d\u00fczenledi\u011fimiz ola\u011fan\u00fcst\u00fc zirvede atm\u0131\u015ft\u0131k.<\/p>\n<p>Bu anla\u015fma, T\u00fcrk Devletleri Te\u015fkilat\u0131n\u0131n birlik ruhunu biraz daha kuvvetlendirecektir. Afet ve acil durumlarda dost ve karde\u015flerimizle dayan\u0131\u015fman\u0131n ne kadar \u00f6nemli oldu\u011funu ya\u015fayarak bir kez daha \u00f6\u011frendik. \u00dclkelerimiz aras\u0131nda e\u011fitim, tatbikat ve teknoloji transferi gibi konular g\u00fcndemimizde ve bu konuda at\u0131lan ad\u0131mlar var. T\u00fcm bu geli\u015fmeler, g\u00fcvenlik alan\u0131nda daha derin ba\u011flar\u0131n kurulmas\u0131na yard\u0131mc\u0131 olabilir. Bu s\u00fcre\u00e7ler zaman al\u0131r ve \u00e7e\u015fitli siyasi, ekonomik ve toplumsal dinamiklerden etkilenir. \u00c7a\u011f\u0131m\u0131zda ittifaklar\u0131n, birliklerin ve uluslararas\u0131 te\u015fkilatlar\u0131n \u00f6nemi birka\u00e7 kat artm\u0131\u015ft\u0131r. Bu tip dayan\u0131\u015fma temelli ad\u0131mlar, te\u015fkilatlar\u0131n g\u00fcc\u00fcne g\u00fc\u00e7 katar.\u201d<\/p>\n<\/p><\/div>\n<p><script async\n                    defer\n                    crossorigin=\"anonymous\"\n                    src=\"https:\/\/connect.facebook.net\/tr_TR\/sdk.js#xfbml=1&#038;version=v3.3\"\n            ><\/script><\/p>\n","protected":false},"excerpt":{"rendered":"<p>T\u00fcrkiye Cumhurba\u015fkan\u0131 Recep Tayyip Erdo\u011fan, \u201cTrump\u2019\u0131n ABD ba\u015fkanl\u0131\u011f\u0131, Orta Do\u011fu\u2019daki siyasi ve askeri dengeleri ciddi bi\u00e7imde etkileyecektir.\u201d dedi. Cumhurba\u015fkan\u0131 Erdo\u011fan, K\u0131rg\u0131zistan ve Macaristan ziyaretleri d\u00f6n\u00fc\u015f\u00fcnde u\u00e7akta gazetecilerin g\u00fcndeme ili\u015fkin sorular\u0131n\u0131 yan\u0131tlad\u0131, de\u011ferlendirmelerde bulundu. K\u0131rg\u0131zistan\u2019da T\u00fcrk Devletleri Te\u015fkilat\u0131 11. Devlet ve H\u00fck\u00fcmet Ba\u015fkanlar\u0131 Zirvesi\u2019ne kat\u0131ld\u0131klar\u0131n\u0131 hat\u0131rlatan Erdo\u011fan, \u015funlar\u0131 s\u00f6yledi: \u201cMerhum Gasp\u0131ral\u0131 \u0130smail Bey\u2019in \u2018dilde, fikirde, i\u015fte [&hellip;]<\/p>\n","protected":false},"author":1,"featured_media":13138,"comment_status":"open","ping_status":"open","sticky":false,"template":"","format":"standard","meta":{"jnews-multi-image_gallery":[],"jnews_single_post":[],"jnews_primary_category":[],"jnews_social_meta":[],"jnews_override_counter":[],"footnotes":""},"categories":[5],"tags":[],"class_list":["post-13137","post","type-post","status-publish","format-standard","has-post-thumbnail","hentry","category-turkiye"],"yoast_head":"<!-- This site is optimized with the Yoast SEO plugin v27.4 - https:\/\/yoast.com\/product\/yoast-seo-wordpress\/ -->\n<title>Erdo\u011fan: \u201cBa\u015fta Filistin meselesi ve Rusya-Ukrayna krizi olmak \u00fczere pek \u00e7ok s\u0131nama ile kar\u015f\u0131 kar\u015f\u0131yay\u0131z\u201d - Kuzeyin Sesi<\/title>\n<meta name=\"robots\" content=\"index, follow, max-snippet:-1, max-image-preview:large, max-video-preview:-1\" \/>\n<link rel=\"canonical\" href=\"https:\/\/kuzeyinsesi.org\/index.php\/2024\/11\/08\/erdogan-basta-filistin-meselesi-ve-rusya-ukrayna-krizi-olmak-uzere-pek-cok-sinama-ile-karsi-karsiyayiz\/\" \/>\n<meta property=\"og:locale\" content=\"tr_TR\" \/>\n<meta property=\"og:type\" content=\"article\" \/>\n<meta property=\"og:title\" content=\"Erdo\u011fan: \u201cBa\u015fta Filistin meselesi ve Rusya-Ukrayna krizi olmak \u00fczere pek \u00e7ok s\u0131nama ile kar\u015f\u0131 kar\u015f\u0131yay\u0131z\u201d - Kuzeyin Sesi\" \/>\n<meta property=\"og:description\" content=\"T\u00fcrkiye Cumhurba\u015fkan\u0131 Recep Tayyip Erdo\u011fan, \u201cTrump\u2019\u0131n ABD ba\u015fkanl\u0131\u011f\u0131, Orta Do\u011fu\u2019daki siyasi ve askeri dengeleri ciddi bi\u00e7imde etkileyecektir.\u201d dedi. Cumhurba\u015fkan\u0131 Erdo\u011fan, K\u0131rg\u0131zistan ve Macaristan ziyaretleri d\u00f6n\u00fc\u015f\u00fcnde u\u00e7akta gazetecilerin g\u00fcndeme ili\u015fkin sorular\u0131n\u0131 yan\u0131tlad\u0131, de\u011ferlendirmelerde bulundu. K\u0131rg\u0131zistan\u2019da T\u00fcrk Devletleri Te\u015fkilat\u0131 11. Devlet ve H\u00fck\u00fcmet Ba\u015fkanlar\u0131 Zirvesi\u2019ne kat\u0131ld\u0131klar\u0131n\u0131 hat\u0131rlatan Erdo\u011fan, \u015funlar\u0131 s\u00f6yledi: \u201cMerhum Gasp\u0131ral\u0131 \u0130smail Bey\u2019in \u2018dilde, fikirde, i\u015fte [&hellip;]\" \/>\n<meta property=\"og:url\" content=\"https:\/\/kuzeyinsesi.org\/index.php\/2024\/11\/08\/erdogan-basta-filistin-meselesi-ve-rusya-ukrayna-krizi-olmak-uzere-pek-cok-sinama-ile-karsi-karsiyayiz\/\" \/>\n<meta property=\"og:site_name\" content=\"Kuzeyin Sesi\" \/>\n<meta property=\"article:publisher\" content=\"https:\/\/www.facebook.com\/kuzeyinsesii\" \/>\n<meta property=\"article:published_time\" content=\"2024-11-08T19:48:21+00:00\" \/>\n<meta property=\"og:image\" content=\"https:\/\/brtk.net\/wp-content\/uploads\/2024\/11\/08\/aa-20241108-36139485-36139484-cumhurbaskani-erdogan-macaristan-ziyaretinin-ardindan-ucakta-gazetecilerin-sorularini-yanitladi-scaled.jpg?ver=86e2f8434c12efd969eb62c1e241e04a\" \/>\n<meta name=\"author\" content=\"Kuzeyin Sesi\" \/>\n<meta name=\"twitter:card\" content=\"summary_large_image\" \/>\n<meta name=\"twitter:creator\" content=\"@kuzeyinsesii\" \/>\n<meta name=\"twitter:site\" content=\"@kuzeyinsesii\" \/>\n<meta name=\"twitter:label1\" content=\"Yazan:\" \/>\n\t<meta name=\"twitter:data1\" content=\"Kuzeyin Sesi\" \/>\n\t<meta name=\"twitter:label2\" content=\"Tahmini okuma s\u00fcresi\" \/>\n\t<meta name=\"twitter:data2\" content=\"13 dakika\" \/>\n<script type=\"application\/ld+json\" class=\"yoast-schema-graph\">{\"@context\":\"https:\\\/\\\/schema.org\",\"@graph\":[{\"@type\":\"Article\",\"@id\":\"https:\\\/\\\/kuzeyinsesi.org\\\/index.php\\\/2024\\\/11\\\/08\\\/erdogan-basta-filistin-meselesi-ve-rusya-ukrayna-krizi-olmak-uzere-pek-cok-sinama-ile-karsi-karsiyayiz\\\/#article\",\"isPartOf\":{\"@id\":\"https:\\\/\\\/kuzeyinsesi.org\\\/index.php\\\/2024\\\/11\\\/08\\\/erdogan-basta-filistin-meselesi-ve-rusya-ukrayna-krizi-olmak-uzere-pek-cok-sinama-ile-karsi-karsiyayiz\\\/\"},\"author\":{\"name\":\"Kuzeyin Sesi\",\"@id\":\"https:\\\/\\\/kuzeyinsesi.org\\\/#\\\/schema\\\/person\\\/9f859689cdf01485597712386e37f5aa\"},\"headline\":\"Erdo\u011fan: \u201cBa\u015fta Filistin meselesi ve Rusya-Ukrayna krizi olmak \u00fczere pek \u00e7ok s\u0131nama ile kar\u015f\u0131 kar\u015f\u0131yay\u0131z\u201d\",\"datePublished\":\"2024-11-08T19:48:21+00:00\",\"mainEntityOfPage\":{\"@id\":\"https:\\\/\\\/kuzeyinsesi.org\\\/index.php\\\/2024\\\/11\\\/08\\\/erdogan-basta-filistin-meselesi-ve-rusya-ukrayna-krizi-olmak-uzere-pek-cok-sinama-ile-karsi-karsiyayiz\\\/\"},\"wordCount\":2657,\"commentCount\":0,\"image\":{\"@id\":\"https:\\\/\\\/kuzeyinsesi.org\\\/index.php\\\/2024\\\/11\\\/08\\\/erdogan-basta-filistin-meselesi-ve-rusya-ukrayna-krizi-olmak-uzere-pek-cok-sinama-ile-karsi-karsiyayiz\\\/#primaryimage\"},\"thumbnailUrl\":\"https:\\\/\\\/kuzeyinsesi.org\\\/wp-content\\\/uploads\\\/2024\\\/11\\\/aa-20241108-36139485-36139484-cumhurbaskani-erdogan-macaristan-ziyaretinin-ardindan-ucakta-gazetecil.jpeg\",\"articleSection\":[\"T\u00fcrkiye\"],\"inLanguage\":\"tr\",\"potentialAction\":[{\"@type\":\"CommentAction\",\"name\":\"Comment\",\"target\":[\"https:\\\/\\\/kuzeyinsesi.org\\\/index.php\\\/2024\\\/11\\\/08\\\/erdogan-basta-filistin-meselesi-ve-rusya-ukrayna-krizi-olmak-uzere-pek-cok-sinama-ile-karsi-karsiyayiz\\\/#respond\"]}]},{\"@type\":\"WebPage\",\"@id\":\"https:\\\/\\\/kuzeyinsesi.org\\\/index.php\\\/2024\\\/11\\\/08\\\/erdogan-basta-filistin-meselesi-ve-rusya-ukrayna-krizi-olmak-uzere-pek-cok-sinama-ile-karsi-karsiyayiz\\\/\",\"url\":\"https:\\\/\\\/kuzeyinsesi.org\\\/index.php\\\/2024\\\/11\\\/08\\\/erdogan-basta-filistin-meselesi-ve-rusya-ukrayna-krizi-olmak-uzere-pek-cok-sinama-ile-karsi-karsiyayiz\\\/\",\"name\":\"Erdo\u011fan: \u201cBa\u015fta Filistin meselesi ve Rusya-Ukrayna krizi olmak \u00fczere pek \u00e7ok s\u0131nama ile kar\u015f\u0131 kar\u015f\u0131yay\u0131z\u201d - Kuzeyin Sesi\",\"isPartOf\":{\"@id\":\"https:\\\/\\\/kuzeyinsesi.org\\\/#website\"},\"primaryImageOfPage\":{\"@id\":\"https:\\\/\\\/kuzeyinsesi.org\\\/index.php\\\/2024\\\/11\\\/08\\\/erdogan-basta-filistin-meselesi-ve-rusya-ukrayna-krizi-olmak-uzere-pek-cok-sinama-ile-karsi-karsiyayiz\\\/#primaryimage\"},\"image\":{\"@id\":\"https:\\\/\\\/kuzeyinsesi.org\\\/index.php\\\/2024\\\/11\\\/08\\\/erdogan-basta-filistin-meselesi-ve-rusya-ukrayna-krizi-olmak-uzere-pek-cok-sinama-ile-karsi-karsiyayiz\\\/#primaryimage\"},\"thumbnailUrl\":\"https:\\\/\\\/kuzeyinsesi.org\\\/wp-content\\\/uploads\\\/2024\\\/11\\\/aa-20241108-36139485-36139484-cumhurbaskani-erdogan-macaristan-ziyaretinin-ardindan-ucakta-gazetecil.jpeg\",\"datePublished\":\"2024-11-08T19:48:21+00:00\",\"author\":{\"@id\":\"https:\\\/\\\/kuzeyinsesi.org\\\/#\\\/schema\\\/person\\\/9f859689cdf01485597712386e37f5aa\"},\"breadcrumb\":{\"@id\":\"https:\\\/\\\/kuzeyinsesi.org\\\/index.php\\\/2024\\\/11\\\/08\\\/erdogan-basta-filistin-meselesi-ve-rusya-ukrayna-krizi-olmak-uzere-pek-cok-sinama-ile-karsi-karsiyayiz\\\/#breadcrumb\"},\"inLanguage\":\"tr\",\"potentialAction\":[{\"@type\":\"ReadAction\",\"target\":[\"https:\\\/\\\/kuzeyinsesi.org\\\/index.php\\\/2024\\\/11\\\/08\\\/erdogan-basta-filistin-meselesi-ve-rusya-ukrayna-krizi-olmak-uzere-pek-cok-sinama-ile-karsi-karsiyayiz\\\/\"]}]},{\"@type\":\"ImageObject\",\"inLanguage\":\"tr\",\"@id\":\"https:\\\/\\\/kuzeyinsesi.org\\\/index.php\\\/2024\\\/11\\\/08\\\/erdogan-basta-filistin-meselesi-ve-rusya-ukrayna-krizi-olmak-uzere-pek-cok-sinama-ile-karsi-karsiyayiz\\\/#primaryimage\",\"url\":\"https:\\\/\\\/kuzeyinsesi.org\\\/wp-content\\\/uploads\\\/2024\\\/11\\\/aa-20241108-36139485-36139484-cumhurbaskani-erdogan-macaristan-ziyaretinin-ardindan-ucakta-gazetecil.jpeg\",\"contentUrl\":\"https:\\\/\\\/kuzeyinsesi.org\\\/wp-content\\\/uploads\\\/2024\\\/11\\\/aa-20241108-36139485-36139484-cumhurbaskani-erdogan-macaristan-ziyaretinin-ardindan-ucakta-gazetecil.jpeg\",\"width\":2560,\"height\":1699},{\"@type\":\"BreadcrumbList\",\"@id\":\"https:\\\/\\\/kuzeyinsesi.org\\\/index.php\\\/2024\\\/11\\\/08\\\/erdogan-basta-filistin-meselesi-ve-rusya-ukrayna-krizi-olmak-uzere-pek-cok-sinama-ile-karsi-karsiyayiz\\\/#breadcrumb\",\"itemListElement\":[{\"@type\":\"ListItem\",\"position\":1,\"name\":\"Anasayfa\",\"item\":\"https:\\\/\\\/kuzeyinsesi.org\\\/\"},{\"@type\":\"ListItem\",\"position\":2,\"name\":\"Erdo\u011fan: \u201cBa\u015fta Filistin meselesi ve Rusya-Ukrayna krizi olmak \u00fczere pek \u00e7ok s\u0131nama ile kar\u015f\u0131 kar\u015f\u0131yay\u0131z\u201d\"}]},{\"@type\":\"WebSite\",\"@id\":\"https:\\\/\\\/kuzeyinsesi.org\\\/#website\",\"url\":\"https:\\\/\\\/kuzeyinsesi.org\\\/\",\"name\":\"Kuzeyin Sesi\",\"description\":\"Do\u011fru Haberin Adresi\",\"potentialAction\":[{\"@type\":\"SearchAction\",\"target\":{\"@type\":\"EntryPoint\",\"urlTemplate\":\"https:\\\/\\\/kuzeyinsesi.org\\\/?s={search_term_string}\"},\"query-input\":{\"@type\":\"PropertyValueSpecification\",\"valueRequired\":true,\"valueName\":\"search_term_string\"}}],\"inLanguage\":\"tr\"},{\"@type\":\"Person\",\"@id\":\"https:\\\/\\\/kuzeyinsesi.org\\\/#\\\/schema\\\/person\\\/9f859689cdf01485597712386e37f5aa\",\"name\":\"Kuzeyin Sesi\",\"image\":{\"@type\":\"ImageObject\",\"inLanguage\":\"tr\",\"@id\":\"https:\\\/\\\/secure.gravatar.com\\\/avatar\\\/bab33852abfd8b282518d6ed81826833d77c3c882d9ab608add591ccace47a44?s=96&d=mm&r=g\",\"url\":\"https:\\\/\\\/secure.gravatar.com\\\/avatar\\\/bab33852abfd8b282518d6ed81826833d77c3c882d9ab608add591ccace47a44?s=96&d=mm&r=g\",\"contentUrl\":\"https:\\\/\\\/secure.gravatar.com\\\/avatar\\\/bab33852abfd8b282518d6ed81826833d77c3c882d9ab608add591ccace47a44?s=96&d=mm&r=g\",\"caption\":\"Kuzeyin Sesi\"},\"sameAs\":[\"https:\\\/\\\/kuzeyinsesi.org\"],\"url\":\"https:\\\/\\\/kuzeyinsesi.org\\\/index.php\\\/author\\\/guven\\\/\"}]}<\/script>\n<!-- \/ Yoast SEO plugin. -->","yoast_head_json":{"title":"Erdo\u011fan: \u201cBa\u015fta Filistin meselesi ve Rusya-Ukrayna krizi olmak \u00fczere pek \u00e7ok s\u0131nama ile kar\u015f\u0131 kar\u015f\u0131yay\u0131z\u201d - Kuzeyin Sesi","robots":{"index":"index","follow":"follow","max-snippet":"max-snippet:-1","max-image-preview":"max-image-preview:large","max-video-preview":"max-video-preview:-1"},"canonical":"https:\/\/kuzeyinsesi.org\/index.php\/2024\/11\/08\/erdogan-basta-filistin-meselesi-ve-rusya-ukrayna-krizi-olmak-uzere-pek-cok-sinama-ile-karsi-karsiyayiz\/","og_locale":"tr_TR","og_type":"article","og_title":"Erdo\u011fan: \u201cBa\u015fta Filistin meselesi ve Rusya-Ukrayna krizi olmak \u00fczere pek \u00e7ok s\u0131nama ile kar\u015f\u0131 kar\u015f\u0131yay\u0131z\u201d - Kuzeyin Sesi","og_description":"T\u00fcrkiye Cumhurba\u015fkan\u0131 Recep Tayyip Erdo\u011fan, \u201cTrump\u2019\u0131n ABD ba\u015fkanl\u0131\u011f\u0131, Orta Do\u011fu\u2019daki siyasi ve askeri dengeleri ciddi bi\u00e7imde etkileyecektir.\u201d dedi. Cumhurba\u015fkan\u0131 Erdo\u011fan, K\u0131rg\u0131zistan ve Macaristan ziyaretleri d\u00f6n\u00fc\u015f\u00fcnde u\u00e7akta gazetecilerin g\u00fcndeme ili\u015fkin sorular\u0131n\u0131 yan\u0131tlad\u0131, de\u011ferlendirmelerde bulundu. K\u0131rg\u0131zistan\u2019da T\u00fcrk Devletleri Te\u015fkilat\u0131 11. Devlet ve H\u00fck\u00fcmet Ba\u015fkanlar\u0131 Zirvesi\u2019ne kat\u0131ld\u0131klar\u0131n\u0131 hat\u0131rlatan Erdo\u011fan, \u015funlar\u0131 s\u00f6yledi: \u201cMerhum Gasp\u0131ral\u0131 \u0130smail Bey\u2019in \u2018dilde, fikirde, i\u015fte [&hellip;]","og_url":"https:\/\/kuzeyinsesi.org\/index.php\/2024\/11\/08\/erdogan-basta-filistin-meselesi-ve-rusya-ukrayna-krizi-olmak-uzere-pek-cok-sinama-ile-karsi-karsiyayiz\/","og_site_name":"Kuzeyin Sesi","article_publisher":"https:\/\/www.facebook.com\/kuzeyinsesii","article_published_time":"2024-11-08T19:48:21+00:00","og_image":[{"url":"https:\/\/brtk.net\/wp-content\/uploads\/2024\/11\/08\/aa-20241108-36139485-36139484-cumhurbaskani-erdogan-macaristan-ziyaretinin-ardindan-ucakta-gazetecilerin-sorularini-yanitladi-scaled.jpg?ver=86e2f8434c12efd969eb62c1e241e04a","type":"","width":"","height":""}],"author":"Kuzeyin Sesi","twitter_card":"summary_large_image","twitter_creator":"@kuzeyinsesii","twitter_site":"@kuzeyinsesii","twitter_misc":{"Yazan:":"Kuzeyin Sesi","Tahmini okuma s\u00fcresi":"13 dakika"},"schema":{"@context":"https:\/\/schema.org","@graph":[{"@type":"Article","@id":"https:\/\/kuzeyinsesi.org\/index.php\/2024\/11\/08\/erdogan-basta-filistin-meselesi-ve-rusya-ukrayna-krizi-olmak-uzere-pek-cok-sinama-ile-karsi-karsiyayiz\/#article","isPartOf":{"@id":"https:\/\/kuzeyinsesi.org\/index.php\/2024\/11\/08\/erdogan-basta-filistin-meselesi-ve-rusya-ukrayna-krizi-olmak-uzere-pek-cok-sinama-ile-karsi-karsiyayiz\/"},"author":{"name":"Kuzeyin Sesi","@id":"https:\/\/kuzeyinsesi.org\/#\/schema\/person\/9f859689cdf01485597712386e37f5aa"},"headline":"Erdo\u011fan: \u201cBa\u015fta Filistin meselesi ve Rusya-Ukrayna krizi olmak \u00fczere pek \u00e7ok s\u0131nama ile kar\u015f\u0131 kar\u015f\u0131yay\u0131z\u201d","datePublished":"2024-11-08T19:48:21+00:00","mainEntityOfPage":{"@id":"https:\/\/kuzeyinsesi.org\/index.php\/2024\/11\/08\/erdogan-basta-filistin-meselesi-ve-rusya-ukrayna-krizi-olmak-uzere-pek-cok-sinama-ile-karsi-karsiyayiz\/"},"wordCount":2657,"commentCount":0,"image":{"@id":"https:\/\/kuzeyinsesi.org\/index.php\/2024\/11\/08\/erdogan-basta-filistin-meselesi-ve-rusya-ukrayna-krizi-olmak-uzere-pek-cok-sinama-ile-karsi-karsiyayiz\/#primaryimage"},"thumbnailUrl":"https:\/\/kuzeyinsesi.org\/wp-content\/uploads\/2024\/11\/aa-20241108-36139485-36139484-cumhurbaskani-erdogan-macaristan-ziyaretinin-ardindan-ucakta-gazetecil.jpeg","articleSection":["T\u00fcrkiye"],"inLanguage":"tr","potentialAction":[{"@type":"CommentAction","name":"Comment","target":["https:\/\/kuzeyinsesi.org\/index.php\/2024\/11\/08\/erdogan-basta-filistin-meselesi-ve-rusya-ukrayna-krizi-olmak-uzere-pek-cok-sinama-ile-karsi-karsiyayiz\/#respond"]}]},{"@type":"WebPage","@id":"https:\/\/kuzeyinsesi.org\/index.php\/2024\/11\/08\/erdogan-basta-filistin-meselesi-ve-rusya-ukrayna-krizi-olmak-uzere-pek-cok-sinama-ile-karsi-karsiyayiz\/","url":"https:\/\/kuzeyinsesi.org\/index.php\/2024\/11\/08\/erdogan-basta-filistin-meselesi-ve-rusya-ukrayna-krizi-olmak-uzere-pek-cok-sinama-ile-karsi-karsiyayiz\/","name":"Erdo\u011fan: \u201cBa\u015fta Filistin meselesi ve Rusya-Ukrayna krizi olmak \u00fczere pek \u00e7ok s\u0131nama ile kar\u015f\u0131 kar\u015f\u0131yay\u0131z\u201d - Kuzeyin Sesi","isPartOf":{"@id":"https:\/\/kuzeyinsesi.org\/#website"},"primaryImageOfPage":{"@id":"https:\/\/kuzeyinsesi.org\/index.php\/2024\/11\/08\/erdogan-basta-filistin-meselesi-ve-rusya-ukrayna-krizi-olmak-uzere-pek-cok-sinama-ile-karsi-karsiyayiz\/#primaryimage"},"image":{"@id":"https:\/\/kuzeyinsesi.org\/index.php\/2024\/11\/08\/erdogan-basta-filistin-meselesi-ve-rusya-ukrayna-krizi-olmak-uzere-pek-cok-sinama-ile-karsi-karsiyayiz\/#primaryimage"},"thumbnailUrl":"https:\/\/kuzeyinsesi.org\/wp-content\/uploads\/2024\/11\/aa-20241108-36139485-36139484-cumhurbaskani-erdogan-macaristan-ziyaretinin-ardindan-ucakta-gazetecil.jpeg","datePublished":"2024-11-08T19:48:21+00:00","author":{"@id":"https:\/\/kuzeyinsesi.org\/#\/schema\/person\/9f859689cdf01485597712386e37f5aa"},"breadcrumb":{"@id":"https:\/\/kuzeyinsesi.org\/index.php\/2024\/11\/08\/erdogan-basta-filistin-meselesi-ve-rusya-ukrayna-krizi-olmak-uzere-pek-cok-sinama-ile-karsi-karsiyayiz\/#breadcrumb"},"inLanguage":"tr","potentialAction":[{"@type":"ReadAction","target":["https:\/\/kuzeyinsesi.org\/index.php\/2024\/11\/08\/erdogan-basta-filistin-meselesi-ve-rusya-ukrayna-krizi-olmak-uzere-pek-cok-sinama-ile-karsi-karsiyayiz\/"]}]},{"@type":"ImageObject","inLanguage":"tr","@id":"https:\/\/kuzeyinsesi.org\/index.php\/2024\/11\/08\/erdogan-basta-filistin-meselesi-ve-rusya-ukrayna-krizi-olmak-uzere-pek-cok-sinama-ile-karsi-karsiyayiz\/#primaryimage","url":"https:\/\/kuzeyinsesi.org\/wp-content\/uploads\/2024\/11\/aa-20241108-36139485-36139484-cumhurbaskani-erdogan-macaristan-ziyaretinin-ardindan-ucakta-gazetecil.jpeg","contentUrl":"https:\/\/kuzeyinsesi.org\/wp-content\/uploads\/2024\/11\/aa-20241108-36139485-36139484-cumhurbaskani-erdogan-macaristan-ziyaretinin-ardindan-ucakta-gazetecil.jpeg","width":2560,"height":1699},{"@type":"BreadcrumbList","@id":"https:\/\/kuzeyinsesi.org\/index.php\/2024\/11\/08\/erdogan-basta-filistin-meselesi-ve-rusya-ukrayna-krizi-olmak-uzere-pek-cok-sinama-ile-karsi-karsiyayiz\/#breadcrumb","itemListElement":[{"@type":"ListItem","position":1,"name":"Anasayfa","item":"https:\/\/kuzeyinsesi.org\/"},{"@type":"ListItem","position":2,"name":"Erdo\u011fan: \u201cBa\u015fta Filistin meselesi ve Rusya-Ukrayna krizi olmak \u00fczere pek \u00e7ok s\u0131nama ile kar\u015f\u0131 kar\u015f\u0131yay\u0131z\u201d"}]},{"@type":"WebSite","@id":"https:\/\/kuzeyinsesi.org\/#website","url":"https:\/\/kuzeyinsesi.org\/","name":"Kuzeyin Sesi","description":"Do\u011fru Haberin Adresi","potentialAction":[{"@type":"SearchAction","target":{"@type":"EntryPoint","urlTemplate":"https:\/\/kuzeyinsesi.org\/?s={search_term_string}"},"query-input":{"@type":"PropertyValueSpecification","valueRequired":true,"valueName":"search_term_string"}}],"inLanguage":"tr"},{"@type":"Person","@id":"https:\/\/kuzeyinsesi.org\/#\/schema\/person\/9f859689cdf01485597712386e37f5aa","name":"Kuzeyin Sesi","image":{"@type":"ImageObject","inLanguage":"tr","@id":"https:\/\/secure.gravatar.com\/avatar\/bab33852abfd8b282518d6ed81826833d77c3c882d9ab608add591ccace47a44?s=96&d=mm&r=g","url":"https:\/\/secure.gravatar.com\/avatar\/bab33852abfd8b282518d6ed81826833d77c3c882d9ab608add591ccace47a44?s=96&d=mm&r=g","contentUrl":"https:\/\/secure.gravatar.com\/avatar\/bab33852abfd8b282518d6ed81826833d77c3c882d9ab608add591ccace47a44?s=96&d=mm&r=g","caption":"Kuzeyin Sesi"},"sameAs":["https:\/\/kuzeyinsesi.org"],"url":"https:\/\/kuzeyinsesi.org\/index.php\/author\/guven\/"}]}},"_links":{"self":[{"href":"https:\/\/kuzeyinsesi.org\/index.php\/wp-json\/wp\/v2\/posts\/13137","targetHints":{"allow":["GET"]}}],"collection":[{"href":"https:\/\/kuzeyinsesi.org\/index.php\/wp-json\/wp\/v2\/posts"}],"about":[{"href":"https:\/\/kuzeyinsesi.org\/index.php\/wp-json\/wp\/v2\/types\/post"}],"author":[{"embeddable":true,"href":"https:\/\/kuzeyinsesi.org\/index.php\/wp-json\/wp\/v2\/users\/1"}],"replies":[{"embeddable":true,"href":"https:\/\/kuzeyinsesi.org\/index.php\/wp-json\/wp\/v2\/comments?post=13137"}],"version-history":[{"count":0,"href":"https:\/\/kuzeyinsesi.org\/index.php\/wp-json\/wp\/v2\/posts\/13137\/revisions"}],"wp:featuredmedia":[{"embeddable":true,"href":"https:\/\/kuzeyinsesi.org\/index.php\/wp-json\/wp\/v2\/media\/13138"}],"wp:attachment":[{"href":"https:\/\/kuzeyinsesi.org\/index.php\/wp-json\/wp\/v2\/media?parent=13137"}],"wp:term":[{"taxonomy":"category","embeddable":true,"href":"https:\/\/kuzeyinsesi.org\/index.php\/wp-json\/wp\/v2\/categories?post=13137"},{"taxonomy":"post_tag","embeddable":true,"href":"https:\/\/kuzeyinsesi.org\/index.php\/wp-json\/wp\/v2\/tags?post=13137"}],"curies":[{"name":"wp","href":"https:\/\/api.w.org\/{rel}","templated":true}]}}