{"id":13135,"date":"2024-11-08T21:40:22","date_gmt":"2024-11-08T19:40:22","guid":{"rendered":"https:\/\/kuzeyinsesi.org\/index.php\/2024\/11\/08\/daude-aramizdan-ayrilisinin-86-yilinda-anilarda-mustafa-kemal-ataturk-konulu-sergi-acildi\/"},"modified":"2024-11-08T21:40:22","modified_gmt":"2024-11-08T19:40:22","slug":"daude-aramizdan-ayrilisinin-86-yilinda-anilarda-mustafa-kemal-ataturk-konulu-sergi-acildi","status":"publish","type":"post","link":"https:\/\/kuzeyinsesi.org\/index.php\/2024\/11\/08\/daude-aramizdan-ayrilisinin-86-yilinda-anilarda-mustafa-kemal-ataturk-konulu-sergi-acildi\/","title":{"rendered":"DA\u00dc\u2019de \u201cAram\u0131zdan Ayr\u0131l\u0131\u015f\u0131n\u0131n 86. Y\u0131l\u0131nda An\u0131larda Mustafa Kemal Atat\u00fcrk\u201d konulu sergi a\u00e7\u0131ld\u0131"},"content":{"rendered":"<div>\n<div class=\"mariselle-image-container center\">\n                                            <\/div>\n<p>Do\u011fu Akdeniz \u00dcniversitesi\u2019nde (DA\u00dc) Ulu \u00d6nder Mustafa Kemal Atat\u00fcrk\u2019\u00fcn \u00f6l\u00fcm y\u0131l d\u00f6n\u00fcm\u00fc dolay\u0131s\u0131yla  \u201cAram\u0131zdan Ayr\u0131l\u0131\u015f\u0131n\u0131n 86. Y\u0131l\u0131nda An\u0131larda Mustafa Kemal Atat\u00fcrk\u201d isimli sergi a\u00e7\u0131ld\u0131.<\/p>\n<p>DA\u00dc\u2019den yap\u0131lan a\u00e7\u0131klamaya g\u00f6re, DA\u00dc Atat\u00fcrk Ara\u015ft\u0131rma ve Uygulama Merkezi (ATAUM) ile DA\u00dc Atat\u00fcrk\u00e7\u00fc D\u00fc\u015f\u00fcnce Kul\u00fcb\u00fc (ADK) i\u015f birli\u011finde d\u00fczenlenen serginin a\u00e7\u0131l\u0131\u015f t\u00f6renine; DA\u00dc Rekt\u00f6r\u00fc Prof. Dr. Hasan K\u0131l\u0131\u00e7, Rekt\u00f6r Yard\u0131mc\u0131lar\u0131 Prof. Dr. Osman M. Karatepe, Prof. Dr. Salih Kat\u0131rc\u0131o\u011flu ve Prof. Dr. Ali \u00d6zt\u00fcren, fak\u00fclte dekanlar\u0131, b\u00f6l\u00fcm ba\u015fkanlar\u0131, \u00f6\u011fretim \u00fcyeleri ile \u00f6\u011frenciler kat\u0131ld\u0131.<\/p>\n<p>Sayg\u0131 duru\u015funun ard\u0131ndan Koro \u015eefi Erkan Da\u011fl\u0131 y\u00f6netiminde DA\u00dc E\u011fitim Fak\u00fcltesi, G\u00fczel Sanatlar E\u011fitimi B\u00f6l\u00fcm\u00fc, M\u00fczik \u00d6\u011fretmenli\u011fi Program\u0131 \u00f6\u011frencilerinin olu\u015fturdu\u011fu koro \u0130stiklal Mar\u015f\u0131\u2019n\u0131 seslendirdi.<\/p>\n<p>-Muti<\/p>\n<p>A\u00e7\u0131l\u0131\u015fta konu\u015fan DA\u00dc ADK Ba\u015fkan Yard\u0131mc\u0131s\u0131 Alihan Muti, \u201cBug\u00fcn \u00f6nderimiz Mustafa Kemal Atat\u00fcrk\u2019\u00fc 86. \u00f6l\u00fcm y\u0131l d\u00f6n\u00fcm\u00fcnde anmak i\u00e7in topland\u0131k. Atat\u00fcrk\u2019\u00fc anmak sadece ge\u00e7mi\u015fi hat\u0131rlamak de\u011fil, onun vizyonunu ve de\u011ferlerini gelece\u011fe ta\u015f\u0131mak demektir. Bu \u00fclkenin yar\u0131nlar\u0131 olarak Atat\u00fcrk\u2019\u00fcn ba\u011f\u0131ms\u0131zl\u0131k, \u00e7a\u011fda\u015fl\u0131k ve bilimsel hedeflerine sahip \u00e7\u0131kmak hepimizin sorumlulu\u011fudur. Bu sorumlulu\u011fu yerine getirece\u011fimize s\u00f6z veriyor, Ulu \u00d6nder Atat\u00fcrk\u2019\u00fc sayg\u0131 ve minnetle an\u0131yoruz.\u201d ifadelerini kulland\u0131.<\/p>\n<p>-Kaya<\/p>\n<p>DA\u00dc ATAUM \u00d6\u011fretim G\u00f6revlisi Dr. Devran Kaya \u201cAtat\u00fcrk, her zaman K\u0131br\u0131s\u2019\u0131n \u00f6nemini vurgulam\u0131\u015f ve K\u0131br\u0131sl\u0131 T\u00fcrkler ile ba\u011flar\u0131n\u0131 koparmak istememi\u015ftir. K\u0131br\u0131s T\u00fcrk milleti de T\u00fcrkiye Cumhuriyeti\u2019nin milli bayramlar\u0131n\u0131 ve Atat\u00fcrk\u2019\u00fcn g\u00f6r\u00fc\u015flerini i\u00e7tenlikle benimsemi\u015ftir. Bu ba\u011flamda, yaln\u0131z 10 Kas\u0131m\u2019da de\u011fil, her daim Atat\u00fcrk\u2019\u00fcn g\u00f6sterdi\u011fi hedeflerin hat\u0131rlanmas\u0131 temennisi ile Atat\u00fcrk\u2019\u00fc bir kez daha sayg\u0131 ve sevgiyle an\u0131yoruz.\u201d dedi.<\/p>\n<p>-K\u0131l\u0131\u00e7<\/p>\n<p>DA\u00dc Rekt\u00f6r\u00fc Prof. Dr. Hasan K\u0131l\u0131\u00e7, da \u201cMustafa Kemal Atat\u00fcrk\u2019\u00fcn, \u00f6l\u00fcm y\u0131l d\u00f6n\u00fcmlerinde bir araya gelerek onu anlatmak, asl\u0131nda onun ilerledi\u011fi vizyonu ortaya koyarak ya\u015fatmak anlam\u0131na geliyor. Bir insan sonsuzlu\u011fa g\u00f6\u00e7 etti\u011fi zaman bir s\u00fcre sonra unutulur ve onunla birlikte idealleri ve d\u00fc\u015f\u00fcnceleri de ortadan kalkar. Bu noktada, Atat\u00fcrk\u2019\u00fcn \u00f6l\u00fcms\u00fcz oldu\u011funu vurgulamal\u0131y\u0131m. Atat\u00fcrk\u2019\u00fcn ortaya koydu\u011fu vizyon ve yaratt\u0131\u011f\u0131 devrimler bug\u00fcn hala ya\u015f\u0131yor ve ya\u015fat\u0131l\u0131yor\u201d ifadelerini kulland\u0131.<\/p>\n<p>A\u00e7\u0131l\u0131\u015f konu\u015fmalar\u0131n\u0131n ard\u0131ndan DA\u00dc E\u011fitim Fak\u00fcltesi, G\u00fczel Sanatlar E\u011fitimi B\u00f6l\u00fcm\u00fc M\u00fczik \u00d6\u011fretmenli\u011fi Program\u0131 \u00f6\u011frencileri taraf\u0131ndan Koro \u015eefi Erkan Da\u011fl\u0131 y\u00f6netiminde mar\u015flar seslendirildi.<\/p>\n<p>Serginin ziyaret edilmesinin ard\u0131ndan etkinlik sona erdi. Sergi, 11 Kas\u0131m Pazartesi g\u00fcn\u00fcne kadar ziyarete a\u00e7\u0131k olacak.<\/p>\n<\/p><\/div>\n<p><script async\n                    defer\n                    crossorigin=\"anonymous\"\n                    src=\"https:\/\/connect.facebook.net\/tr_TR\/sdk.js#xfbml=1&#038;version=v3.3\"\n            ><\/script><\/p>\n","protected":false},"excerpt":{"rendered":"<p>Do\u011fu Akdeniz \u00dcniversitesi\u2019nde (DA\u00dc) Ulu \u00d6nder Mustafa Kemal Atat\u00fcrk\u2019\u00fcn \u00f6l\u00fcm y\u0131l d\u00f6n\u00fcm\u00fc dolay\u0131s\u0131yla \u201cAram\u0131zdan Ayr\u0131l\u0131\u015f\u0131n\u0131n 86. Y\u0131l\u0131nda An\u0131larda Mustafa Kemal Atat\u00fcrk\u201d isimli sergi a\u00e7\u0131ld\u0131. DA\u00dc\u2019den yap\u0131lan a\u00e7\u0131klamaya g\u00f6re, DA\u00dc Atat\u00fcrk Ara\u015ft\u0131rma ve Uygulama Merkezi (ATAUM) ile DA\u00dc Atat\u00fcrk\u00e7\u00fc D\u00fc\u015f\u00fcnce Kul\u00fcb\u00fc (ADK) i\u015f birli\u011finde d\u00fczenlenen serginin a\u00e7\u0131l\u0131\u015f t\u00f6renine; DA\u00dc Rekt\u00f6r\u00fc Prof. Dr. Hasan K\u0131l\u0131\u00e7, Rekt\u00f6r Yard\u0131mc\u0131lar\u0131 [&hellip;]<\/p>\n","protected":false},"author":1,"featured_media":13136,"comment_status":"open","ping_status":"open","sticky":false,"template":"","format":"standard","meta":{"jnews-multi-image_gallery":[],"jnews_single_post":[],"jnews_primary_category":[],"jnews_social_meta":[],"jnews_override_counter":[],"footnotes":""},"categories":[6],"tags":[],"class_list":["post-13135","post","type-post","status-publish","format-standard","has-post-thumbnail","hentry","category-yasam"],"yoast_head":"<!-- This site is optimized with the Yoast SEO plugin v27.4 - https:\/\/yoast.com\/product\/yoast-seo-wordpress\/ -->\n<title>DA\u00dc\u2019de \u201cAram\u0131zdan Ayr\u0131l\u0131\u015f\u0131n\u0131n 86. Y\u0131l\u0131nda An\u0131larda Mustafa Kemal Atat\u00fcrk\u201d konulu sergi a\u00e7\u0131ld\u0131 - Kuzeyin Sesi<\/title>\n<meta name=\"robots\" content=\"index, follow, max-snippet:-1, max-image-preview:large, max-video-preview:-1\" \/>\n<link rel=\"canonical\" href=\"https:\/\/kuzeyinsesi.org\/index.php\/2024\/11\/08\/daude-aramizdan-ayrilisinin-86-yilinda-anilarda-mustafa-kemal-ataturk-konulu-sergi-acildi\/\" \/>\n<meta property=\"og:locale\" content=\"tr_TR\" \/>\n<meta property=\"og:type\" content=\"article\" \/>\n<meta property=\"og:title\" content=\"DA\u00dc\u2019de \u201cAram\u0131zdan Ayr\u0131l\u0131\u015f\u0131n\u0131n 86. Y\u0131l\u0131nda An\u0131larda Mustafa Kemal Atat\u00fcrk\u201d konulu sergi a\u00e7\u0131ld\u0131 - Kuzeyin Sesi\" \/>\n<meta property=\"og:description\" content=\"Do\u011fu Akdeniz \u00dcniversitesi\u2019nde (DA\u00dc) Ulu \u00d6nder Mustafa Kemal Atat\u00fcrk\u2019\u00fcn \u00f6l\u00fcm y\u0131l d\u00f6n\u00fcm\u00fc dolay\u0131s\u0131yla \u201cAram\u0131zdan Ayr\u0131l\u0131\u015f\u0131n\u0131n 86. Y\u0131l\u0131nda An\u0131larda Mustafa Kemal Atat\u00fcrk\u201d isimli sergi a\u00e7\u0131ld\u0131. DA\u00dc\u2019den yap\u0131lan a\u00e7\u0131klamaya g\u00f6re, DA\u00dc Atat\u00fcrk Ara\u015ft\u0131rma ve Uygulama Merkezi (ATAUM) ile DA\u00dc Atat\u00fcrk\u00e7\u00fc D\u00fc\u015f\u00fcnce Kul\u00fcb\u00fc (ADK) i\u015f birli\u011finde d\u00fczenlenen serginin a\u00e7\u0131l\u0131\u015f t\u00f6renine; DA\u00dc Rekt\u00f6r\u00fc Prof. Dr. Hasan K\u0131l\u0131\u00e7, Rekt\u00f6r Yard\u0131mc\u0131lar\u0131 [&hellip;]\" \/>\n<meta property=\"og:url\" content=\"https:\/\/kuzeyinsesi.org\/index.php\/2024\/11\/08\/daude-aramizdan-ayrilisinin-86-yilinda-anilarda-mustafa-kemal-ataturk-konulu-sergi-acildi\/\" \/>\n<meta property=\"og:site_name\" content=\"Kuzeyin Sesi\" \/>\n<meta property=\"article:publisher\" content=\"https:\/\/www.facebook.com\/kuzeyinsesii\" \/>\n<meta property=\"article:published_time\" content=\"2024-11-08T19:40:22+00:00\" \/>\n<meta property=\"og:image\" content=\"https:\/\/brtk.net\/wp-content\/uploads\/2024\/11\/08\/09707.jpg?ver=ed93c5655b9465a815928812606eedb7\" \/>\n<meta name=\"author\" content=\"Kuzeyin Sesi\" \/>\n<meta name=\"twitter:card\" content=\"summary_large_image\" \/>\n<meta name=\"twitter:creator\" content=\"@kuzeyinsesii\" \/>\n<meta name=\"twitter:site\" content=\"@kuzeyinsesii\" \/>\n<meta name=\"twitter:label1\" content=\"Yazan:\" \/>\n\t<meta name=\"twitter:data1\" content=\"Kuzeyin Sesi\" \/>\n\t<meta name=\"twitter:label2\" content=\"Tahmini okuma s\u00fcresi\" \/>\n\t<meta name=\"twitter:data2\" content=\"3 dakika\" \/>\n<script type=\"application\/ld+json\" class=\"yoast-schema-graph\">{\"@context\":\"https:\\\/\\\/schema.org\",\"@graph\":[{\"@type\":\"Article\",\"@id\":\"https:\\\/\\\/kuzeyinsesi.org\\\/index.php\\\/2024\\\/11\\\/08\\\/daude-aramizdan-ayrilisinin-86-yilinda-anilarda-mustafa-kemal-ataturk-konulu-sergi-acildi\\\/#article\",\"isPartOf\":{\"@id\":\"https:\\\/\\\/kuzeyinsesi.org\\\/index.php\\\/2024\\\/11\\\/08\\\/daude-aramizdan-ayrilisinin-86-yilinda-anilarda-mustafa-kemal-ataturk-konulu-sergi-acildi\\\/\"},\"author\":{\"name\":\"Kuzeyin Sesi\",\"@id\":\"https:\\\/\\\/kuzeyinsesi.org\\\/#\\\/schema\\\/person\\\/9f859689cdf01485597712386e37f5aa\"},\"headline\":\"DA\u00dc\u2019de \u201cAram\u0131zdan Ayr\u0131l\u0131\u015f\u0131n\u0131n 86. Y\u0131l\u0131nda An\u0131larda Mustafa Kemal Atat\u00fcrk\u201d konulu sergi a\u00e7\u0131ld\u0131\",\"datePublished\":\"2024-11-08T19:40:22+00:00\",\"mainEntityOfPage\":{\"@id\":\"https:\\\/\\\/kuzeyinsesi.org\\\/index.php\\\/2024\\\/11\\\/08\\\/daude-aramizdan-ayrilisinin-86-yilinda-anilarda-mustafa-kemal-ataturk-konulu-sergi-acildi\\\/\"},\"wordCount\":533,\"commentCount\":0,\"image\":{\"@id\":\"https:\\\/\\\/kuzeyinsesi.org\\\/index.php\\\/2024\\\/11\\\/08\\\/daude-aramizdan-ayrilisinin-86-yilinda-anilarda-mustafa-kemal-ataturk-konulu-sergi-acildi\\\/#primaryimage\"},\"thumbnailUrl\":\"https:\\\/\\\/kuzeyinsesi.org\\\/wp-content\\\/uploads\\\/2024\\\/11\\\/09707.jpg\",\"articleSection\":[\"Ya\u015fam\"],\"inLanguage\":\"tr\",\"potentialAction\":[{\"@type\":\"CommentAction\",\"name\":\"Comment\",\"target\":[\"https:\\\/\\\/kuzeyinsesi.org\\\/index.php\\\/2024\\\/11\\\/08\\\/daude-aramizdan-ayrilisinin-86-yilinda-anilarda-mustafa-kemal-ataturk-konulu-sergi-acildi\\\/#respond\"]}]},{\"@type\":\"WebPage\",\"@id\":\"https:\\\/\\\/kuzeyinsesi.org\\\/index.php\\\/2024\\\/11\\\/08\\\/daude-aramizdan-ayrilisinin-86-yilinda-anilarda-mustafa-kemal-ataturk-konulu-sergi-acildi\\\/\",\"url\":\"https:\\\/\\\/kuzeyinsesi.org\\\/index.php\\\/2024\\\/11\\\/08\\\/daude-aramizdan-ayrilisinin-86-yilinda-anilarda-mustafa-kemal-ataturk-konulu-sergi-acildi\\\/\",\"name\":\"DA\u00dc\u2019de \u201cAram\u0131zdan Ayr\u0131l\u0131\u015f\u0131n\u0131n 86. Y\u0131l\u0131nda An\u0131larda Mustafa Kemal Atat\u00fcrk\u201d konulu sergi a\u00e7\u0131ld\u0131 - Kuzeyin Sesi\",\"isPartOf\":{\"@id\":\"https:\\\/\\\/kuzeyinsesi.org\\\/#website\"},\"primaryImageOfPage\":{\"@id\":\"https:\\\/\\\/kuzeyinsesi.org\\\/index.php\\\/2024\\\/11\\\/08\\\/daude-aramizdan-ayrilisinin-86-yilinda-anilarda-mustafa-kemal-ataturk-konulu-sergi-acildi\\\/#primaryimage\"},\"image\":{\"@id\":\"https:\\\/\\\/kuzeyinsesi.org\\\/index.php\\\/2024\\\/11\\\/08\\\/daude-aramizdan-ayrilisinin-86-yilinda-anilarda-mustafa-kemal-ataturk-konulu-sergi-acildi\\\/#primaryimage\"},\"thumbnailUrl\":\"https:\\\/\\\/kuzeyinsesi.org\\\/wp-content\\\/uploads\\\/2024\\\/11\\\/09707.jpg\",\"datePublished\":\"2024-11-08T19:40:22+00:00\",\"author\":{\"@id\":\"https:\\\/\\\/kuzeyinsesi.org\\\/#\\\/schema\\\/person\\\/9f859689cdf01485597712386e37f5aa\"},\"breadcrumb\":{\"@id\":\"https:\\\/\\\/kuzeyinsesi.org\\\/index.php\\\/2024\\\/11\\\/08\\\/daude-aramizdan-ayrilisinin-86-yilinda-anilarda-mustafa-kemal-ataturk-konulu-sergi-acildi\\\/#breadcrumb\"},\"inLanguage\":\"tr\",\"potentialAction\":[{\"@type\":\"ReadAction\",\"target\":[\"https:\\\/\\\/kuzeyinsesi.org\\\/index.php\\\/2024\\\/11\\\/08\\\/daude-aramizdan-ayrilisinin-86-yilinda-anilarda-mustafa-kemal-ataturk-konulu-sergi-acildi\\\/\"]}]},{\"@type\":\"ImageObject\",\"inLanguage\":\"tr\",\"@id\":\"https:\\\/\\\/kuzeyinsesi.org\\\/index.php\\\/2024\\\/11\\\/08\\\/daude-aramizdan-ayrilisinin-86-yilinda-anilarda-mustafa-kemal-ataturk-konulu-sergi-acildi\\\/#primaryimage\",\"url\":\"https:\\\/\\\/kuzeyinsesi.org\\\/wp-content\\\/uploads\\\/2024\\\/11\\\/09707.jpg\",\"contentUrl\":\"https:\\\/\\\/kuzeyinsesi.org\\\/wp-content\\\/uploads\\\/2024\\\/11\\\/09707.jpg\",\"width\":1800,\"height\":1185},{\"@type\":\"BreadcrumbList\",\"@id\":\"https:\\\/\\\/kuzeyinsesi.org\\\/index.php\\\/2024\\\/11\\\/08\\\/daude-aramizdan-ayrilisinin-86-yilinda-anilarda-mustafa-kemal-ataturk-konulu-sergi-acildi\\\/#breadcrumb\",\"itemListElement\":[{\"@type\":\"ListItem\",\"position\":1,\"name\":\"Anasayfa\",\"item\":\"https:\\\/\\\/kuzeyinsesi.org\\\/\"},{\"@type\":\"ListItem\",\"position\":2,\"name\":\"DA\u00dc\u2019de \u201cAram\u0131zdan Ayr\u0131l\u0131\u015f\u0131n\u0131n 86. Y\u0131l\u0131nda An\u0131larda Mustafa Kemal Atat\u00fcrk\u201d konulu sergi a\u00e7\u0131ld\u0131\"}]},{\"@type\":\"WebSite\",\"@id\":\"https:\\\/\\\/kuzeyinsesi.org\\\/#website\",\"url\":\"https:\\\/\\\/kuzeyinsesi.org\\\/\",\"name\":\"Kuzeyin Sesi\",\"description\":\"Do\u011fru Haberin Adresi\",\"potentialAction\":[{\"@type\":\"SearchAction\",\"target\":{\"@type\":\"EntryPoint\",\"urlTemplate\":\"https:\\\/\\\/kuzeyinsesi.org\\\/?s={search_term_string}\"},\"query-input\":{\"@type\":\"PropertyValueSpecification\",\"valueRequired\":true,\"valueName\":\"search_term_string\"}}],\"inLanguage\":\"tr\"},{\"@type\":\"Person\",\"@id\":\"https:\\\/\\\/kuzeyinsesi.org\\\/#\\\/schema\\\/person\\\/9f859689cdf01485597712386e37f5aa\",\"name\":\"Kuzeyin Sesi\",\"image\":{\"@type\":\"ImageObject\",\"inLanguage\":\"tr\",\"@id\":\"https:\\\/\\\/secure.gravatar.com\\\/avatar\\\/bab33852abfd8b282518d6ed81826833d77c3c882d9ab608add591ccace47a44?s=96&d=mm&r=g\",\"url\":\"https:\\\/\\\/secure.gravatar.com\\\/avatar\\\/bab33852abfd8b282518d6ed81826833d77c3c882d9ab608add591ccace47a44?s=96&d=mm&r=g\",\"contentUrl\":\"https:\\\/\\\/secure.gravatar.com\\\/avatar\\\/bab33852abfd8b282518d6ed81826833d77c3c882d9ab608add591ccace47a44?s=96&d=mm&r=g\",\"caption\":\"Kuzeyin Sesi\"},\"sameAs\":[\"https:\\\/\\\/kuzeyinsesi.org\"],\"url\":\"https:\\\/\\\/kuzeyinsesi.org\\\/index.php\\\/author\\\/guven\\\/\"}]}<\/script>\n<!-- \/ Yoast SEO plugin. -->","yoast_head_json":{"title":"DA\u00dc\u2019de \u201cAram\u0131zdan Ayr\u0131l\u0131\u015f\u0131n\u0131n 86. Y\u0131l\u0131nda An\u0131larda Mustafa Kemal Atat\u00fcrk\u201d konulu sergi a\u00e7\u0131ld\u0131 - Kuzeyin Sesi","robots":{"index":"index","follow":"follow","max-snippet":"max-snippet:-1","max-image-preview":"max-image-preview:large","max-video-preview":"max-video-preview:-1"},"canonical":"https:\/\/kuzeyinsesi.org\/index.php\/2024\/11\/08\/daude-aramizdan-ayrilisinin-86-yilinda-anilarda-mustafa-kemal-ataturk-konulu-sergi-acildi\/","og_locale":"tr_TR","og_type":"article","og_title":"DA\u00dc\u2019de \u201cAram\u0131zdan Ayr\u0131l\u0131\u015f\u0131n\u0131n 86. Y\u0131l\u0131nda An\u0131larda Mustafa Kemal Atat\u00fcrk\u201d konulu sergi a\u00e7\u0131ld\u0131 - Kuzeyin Sesi","og_description":"Do\u011fu Akdeniz \u00dcniversitesi\u2019nde (DA\u00dc) Ulu \u00d6nder Mustafa Kemal Atat\u00fcrk\u2019\u00fcn \u00f6l\u00fcm y\u0131l d\u00f6n\u00fcm\u00fc dolay\u0131s\u0131yla \u201cAram\u0131zdan Ayr\u0131l\u0131\u015f\u0131n\u0131n 86. Y\u0131l\u0131nda An\u0131larda Mustafa Kemal Atat\u00fcrk\u201d isimli sergi a\u00e7\u0131ld\u0131. DA\u00dc\u2019den yap\u0131lan a\u00e7\u0131klamaya g\u00f6re, DA\u00dc Atat\u00fcrk Ara\u015ft\u0131rma ve Uygulama Merkezi (ATAUM) ile DA\u00dc Atat\u00fcrk\u00e7\u00fc D\u00fc\u015f\u00fcnce Kul\u00fcb\u00fc (ADK) i\u015f birli\u011finde d\u00fczenlenen serginin a\u00e7\u0131l\u0131\u015f t\u00f6renine; DA\u00dc Rekt\u00f6r\u00fc Prof. Dr. Hasan K\u0131l\u0131\u00e7, Rekt\u00f6r Yard\u0131mc\u0131lar\u0131 [&hellip;]","og_url":"https:\/\/kuzeyinsesi.org\/index.php\/2024\/11\/08\/daude-aramizdan-ayrilisinin-86-yilinda-anilarda-mustafa-kemal-ataturk-konulu-sergi-acildi\/","og_site_name":"Kuzeyin Sesi","article_publisher":"https:\/\/www.facebook.com\/kuzeyinsesii","article_published_time":"2024-11-08T19:40:22+00:00","og_image":[{"url":"https:\/\/brtk.net\/wp-content\/uploads\/2024\/11\/08\/09707.jpg?ver=ed93c5655b9465a815928812606eedb7","type":"","width":"","height":""}],"author":"Kuzeyin Sesi","twitter_card":"summary_large_image","twitter_creator":"@kuzeyinsesii","twitter_site":"@kuzeyinsesii","twitter_misc":{"Yazan:":"Kuzeyin Sesi","Tahmini okuma s\u00fcresi":"3 dakika"},"schema":{"@context":"https:\/\/schema.org","@graph":[{"@type":"Article","@id":"https:\/\/kuzeyinsesi.org\/index.php\/2024\/11\/08\/daude-aramizdan-ayrilisinin-86-yilinda-anilarda-mustafa-kemal-ataturk-konulu-sergi-acildi\/#article","isPartOf":{"@id":"https:\/\/kuzeyinsesi.org\/index.php\/2024\/11\/08\/daude-aramizdan-ayrilisinin-86-yilinda-anilarda-mustafa-kemal-ataturk-konulu-sergi-acildi\/"},"author":{"name":"Kuzeyin Sesi","@id":"https:\/\/kuzeyinsesi.org\/#\/schema\/person\/9f859689cdf01485597712386e37f5aa"},"headline":"DA\u00dc\u2019de \u201cAram\u0131zdan Ayr\u0131l\u0131\u015f\u0131n\u0131n 86. Y\u0131l\u0131nda An\u0131larda Mustafa Kemal Atat\u00fcrk\u201d konulu sergi a\u00e7\u0131ld\u0131","datePublished":"2024-11-08T19:40:22+00:00","mainEntityOfPage":{"@id":"https:\/\/kuzeyinsesi.org\/index.php\/2024\/11\/08\/daude-aramizdan-ayrilisinin-86-yilinda-anilarda-mustafa-kemal-ataturk-konulu-sergi-acildi\/"},"wordCount":533,"commentCount":0,"image":{"@id":"https:\/\/kuzeyinsesi.org\/index.php\/2024\/11\/08\/daude-aramizdan-ayrilisinin-86-yilinda-anilarda-mustafa-kemal-ataturk-konulu-sergi-acildi\/#primaryimage"},"thumbnailUrl":"https:\/\/kuzeyinsesi.org\/wp-content\/uploads\/2024\/11\/09707.jpg","articleSection":["Ya\u015fam"],"inLanguage":"tr","potentialAction":[{"@type":"CommentAction","name":"Comment","target":["https:\/\/kuzeyinsesi.org\/index.php\/2024\/11\/08\/daude-aramizdan-ayrilisinin-86-yilinda-anilarda-mustafa-kemal-ataturk-konulu-sergi-acildi\/#respond"]}]},{"@type":"WebPage","@id":"https:\/\/kuzeyinsesi.org\/index.php\/2024\/11\/08\/daude-aramizdan-ayrilisinin-86-yilinda-anilarda-mustafa-kemal-ataturk-konulu-sergi-acildi\/","url":"https:\/\/kuzeyinsesi.org\/index.php\/2024\/11\/08\/daude-aramizdan-ayrilisinin-86-yilinda-anilarda-mustafa-kemal-ataturk-konulu-sergi-acildi\/","name":"DA\u00dc\u2019de \u201cAram\u0131zdan Ayr\u0131l\u0131\u015f\u0131n\u0131n 86. Y\u0131l\u0131nda An\u0131larda Mustafa Kemal Atat\u00fcrk\u201d konulu sergi a\u00e7\u0131ld\u0131 - Kuzeyin Sesi","isPartOf":{"@id":"https:\/\/kuzeyinsesi.org\/#website"},"primaryImageOfPage":{"@id":"https:\/\/kuzeyinsesi.org\/index.php\/2024\/11\/08\/daude-aramizdan-ayrilisinin-86-yilinda-anilarda-mustafa-kemal-ataturk-konulu-sergi-acildi\/#primaryimage"},"image":{"@id":"https:\/\/kuzeyinsesi.org\/index.php\/2024\/11\/08\/daude-aramizdan-ayrilisinin-86-yilinda-anilarda-mustafa-kemal-ataturk-konulu-sergi-acildi\/#primaryimage"},"thumbnailUrl":"https:\/\/kuzeyinsesi.org\/wp-content\/uploads\/2024\/11\/09707.jpg","datePublished":"2024-11-08T19:40:22+00:00","author":{"@id":"https:\/\/kuzeyinsesi.org\/#\/schema\/person\/9f859689cdf01485597712386e37f5aa"},"breadcrumb":{"@id":"https:\/\/kuzeyinsesi.org\/index.php\/2024\/11\/08\/daude-aramizdan-ayrilisinin-86-yilinda-anilarda-mustafa-kemal-ataturk-konulu-sergi-acildi\/#breadcrumb"},"inLanguage":"tr","potentialAction":[{"@type":"ReadAction","target":["https:\/\/kuzeyinsesi.org\/index.php\/2024\/11\/08\/daude-aramizdan-ayrilisinin-86-yilinda-anilarda-mustafa-kemal-ataturk-konulu-sergi-acildi\/"]}]},{"@type":"ImageObject","inLanguage":"tr","@id":"https:\/\/kuzeyinsesi.org\/index.php\/2024\/11\/08\/daude-aramizdan-ayrilisinin-86-yilinda-anilarda-mustafa-kemal-ataturk-konulu-sergi-acildi\/#primaryimage","url":"https:\/\/kuzeyinsesi.org\/wp-content\/uploads\/2024\/11\/09707.jpg","contentUrl":"https:\/\/kuzeyinsesi.org\/wp-content\/uploads\/2024\/11\/09707.jpg","width":1800,"height":1185},{"@type":"BreadcrumbList","@id":"https:\/\/kuzeyinsesi.org\/index.php\/2024\/11\/08\/daude-aramizdan-ayrilisinin-86-yilinda-anilarda-mustafa-kemal-ataturk-konulu-sergi-acildi\/#breadcrumb","itemListElement":[{"@type":"ListItem","position":1,"name":"Anasayfa","item":"https:\/\/kuzeyinsesi.org\/"},{"@type":"ListItem","position":2,"name":"DA\u00dc\u2019de \u201cAram\u0131zdan Ayr\u0131l\u0131\u015f\u0131n\u0131n 86. Y\u0131l\u0131nda An\u0131larda Mustafa Kemal Atat\u00fcrk\u201d konulu sergi a\u00e7\u0131ld\u0131"}]},{"@type":"WebSite","@id":"https:\/\/kuzeyinsesi.org\/#website","url":"https:\/\/kuzeyinsesi.org\/","name":"Kuzeyin Sesi","description":"Do\u011fru Haberin Adresi","potentialAction":[{"@type":"SearchAction","target":{"@type":"EntryPoint","urlTemplate":"https:\/\/kuzeyinsesi.org\/?s={search_term_string}"},"query-input":{"@type":"PropertyValueSpecification","valueRequired":true,"valueName":"search_term_string"}}],"inLanguage":"tr"},{"@type":"Person","@id":"https:\/\/kuzeyinsesi.org\/#\/schema\/person\/9f859689cdf01485597712386e37f5aa","name":"Kuzeyin Sesi","image":{"@type":"ImageObject","inLanguage":"tr","@id":"https:\/\/secure.gravatar.com\/avatar\/bab33852abfd8b282518d6ed81826833d77c3c882d9ab608add591ccace47a44?s=96&d=mm&r=g","url":"https:\/\/secure.gravatar.com\/avatar\/bab33852abfd8b282518d6ed81826833d77c3c882d9ab608add591ccace47a44?s=96&d=mm&r=g","contentUrl":"https:\/\/secure.gravatar.com\/avatar\/bab33852abfd8b282518d6ed81826833d77c3c882d9ab608add591ccace47a44?s=96&d=mm&r=g","caption":"Kuzeyin Sesi"},"sameAs":["https:\/\/kuzeyinsesi.org"],"url":"https:\/\/kuzeyinsesi.org\/index.php\/author\/guven\/"}]}},"_links":{"self":[{"href":"https:\/\/kuzeyinsesi.org\/index.php\/wp-json\/wp\/v2\/posts\/13135","targetHints":{"allow":["GET"]}}],"collection":[{"href":"https:\/\/kuzeyinsesi.org\/index.php\/wp-json\/wp\/v2\/posts"}],"about":[{"href":"https:\/\/kuzeyinsesi.org\/index.php\/wp-json\/wp\/v2\/types\/post"}],"author":[{"embeddable":true,"href":"https:\/\/kuzeyinsesi.org\/index.php\/wp-json\/wp\/v2\/users\/1"}],"replies":[{"embeddable":true,"href":"https:\/\/kuzeyinsesi.org\/index.php\/wp-json\/wp\/v2\/comments?post=13135"}],"version-history":[{"count":0,"href":"https:\/\/kuzeyinsesi.org\/index.php\/wp-json\/wp\/v2\/posts\/13135\/revisions"}],"wp:featuredmedia":[{"embeddable":true,"href":"https:\/\/kuzeyinsesi.org\/index.php\/wp-json\/wp\/v2\/media\/13136"}],"wp:attachment":[{"href":"https:\/\/kuzeyinsesi.org\/index.php\/wp-json\/wp\/v2\/media?parent=13135"}],"wp:term":[{"taxonomy":"category","embeddable":true,"href":"https:\/\/kuzeyinsesi.org\/index.php\/wp-json\/wp\/v2\/categories?post=13135"},{"taxonomy":"post_tag","embeddable":true,"href":"https:\/\/kuzeyinsesi.org\/index.php\/wp-json\/wp\/v2\/tags?post=13135"}],"curies":[{"name":"wp","href":"https:\/\/api.w.org\/{rel}","templated":true}]}}