{"id":13133,"date":"2024-11-08T20:38:54","date_gmt":"2024-11-08T18:38:54","guid":{"rendered":"https:\/\/kuzeyinsesi.org\/index.php\/2024\/11\/08\/tesgilat-minalayalar-zamani-adli-filmin-gosterimi-yarin-ankarada-yapilacak\/"},"modified":"2024-11-08T20:38:54","modified_gmt":"2024-11-08T18:38:54","slug":"tesgilat-minalayalar-zamani-adli-filmin-gosterimi-yarin-ankarada-yapilacak","status":"publish","type":"post","link":"https:\/\/kuzeyinsesi.org\/index.php\/2024\/11\/08\/tesgilat-minalayalar-zamani-adli-filmin-gosterimi-yarin-ankarada-yapilacak\/","title":{"rendered":"\u201cTe\u015fgilat-Minalayalar Zaman\u0131\u201d adl\u0131 filmin g\u00f6sterimi yar\u0131n Ankara\u2019da yap\u0131lacak"},"content":{"rendered":"<div>\n<div class=\"mariselle-image-container center\">\n                                            <\/div>\n<p>\u201cTe\u015fgilat-Minalayalar Zaman\u0131\u201d adl\u0131 uzun metrajl\u0131 filmin g\u00f6sterimi yar\u0131n Ankara\u2019da yap\u0131lacak.<\/p>\n<p>K\u0131br\u0131s T\u00fcrk K\u00fclt\u00fcr Derne\u011fi\u2019nden verilen bilgiye g\u00f6re \u00c7ankaya Belediyesine ait Do\u011fan Ta\u015fdelen \u00c7a\u011fda\u015f Sanatlar Merkezi\u2019nde yer alacak film g\u00f6sterimi saat 19.00\u2019da ba\u015flayacak.<\/p>\n<p>Y\u00f6netmenli\u011fini Ahmet Eray G\u00fcndo\u011fmu\u015f, hik\u00e2ye ve senaryo yazarl\u0131\u011f\u0131n\u0131 Er\u015fen Ummanel\u2019in \u00fcstlendi\u011fi film \u2018Murata\u011fa, Atl\u0131lar, Sandallar Katliam\u0131 ve 1974 yaz\u0131n\u0131 \u00e7ocuklar\u0131n g\u00f6z\u00fcnden anlat\u0131yor.<\/p>\n<p>Filmde Mormenek\u015fe ve civar k\u00f6ylerden g\u00f6n\u00fcll\u00fc, amat\u00f6r oyuncular rol al\u0131yor.<\/p>\n<\/p><\/div>\n<p><script async\n                    defer\n                    crossorigin=\"anonymous\"\n                    src=\"https:\/\/connect.facebook.net\/tr_TR\/sdk.js#xfbml=1&#038;version=v3.3\"\n            ><\/script><\/p>\n","protected":false},"excerpt":{"rendered":"<p>\u201cTe\u015fgilat-Minalayalar Zaman\u0131\u201d adl\u0131 uzun metrajl\u0131 filmin g\u00f6sterimi yar\u0131n Ankara\u2019da yap\u0131lacak. K\u0131br\u0131s T\u00fcrk K\u00fclt\u00fcr Derne\u011fi\u2019nden verilen bilgiye g\u00f6re \u00c7ankaya Belediyesine ait Do\u011fan Ta\u015fdelen \u00c7a\u011fda\u015f Sanatlar Merkezi\u2019nde yer alacak film g\u00f6sterimi saat 19.00\u2019da ba\u015flayacak. Y\u00f6netmenli\u011fini Ahmet Eray G\u00fcndo\u011fmu\u015f, hik\u00e2ye ve senaryo yazarl\u0131\u011f\u0131n\u0131 Er\u015fen Ummanel\u2019in \u00fcstlendi\u011fi film \u2018Murata\u011fa, Atl\u0131lar, Sandallar Katliam\u0131 ve 1974 yaz\u0131n\u0131 \u00e7ocuklar\u0131n g\u00f6z\u00fcnden anlat\u0131yor. Filmde [&hellip;]<\/p>\n","protected":false},"author":1,"featured_media":13134,"comment_status":"open","ping_status":"open","sticky":false,"template":"","format":"standard","meta":{"jnews-multi-image_gallery":[],"jnews_single_post":[],"jnews_primary_category":[],"jnews_social_meta":[],"jnews_override_counter":[],"footnotes":""},"categories":[6],"tags":[],"class_list":["post-13133","post","type-post","status-publish","format-standard","has-post-thumbnail","hentry","category-yasam"],"yoast_head":"<!-- This site is optimized with the Yoast SEO plugin v27.4 - https:\/\/yoast.com\/product\/yoast-seo-wordpress\/ -->\n<title>\u201cTe\u015fgilat-Minalayalar Zaman\u0131\u201d adl\u0131 filmin g\u00f6sterimi yar\u0131n Ankara\u2019da yap\u0131lacak - Kuzeyin Sesi<\/title>\n<meta name=\"robots\" content=\"index, follow, max-snippet:-1, max-image-preview:large, max-video-preview:-1\" \/>\n<link rel=\"canonical\" href=\"https:\/\/kuzeyinsesi.org\/index.php\/2024\/11\/08\/tesgilat-minalayalar-zamani-adli-filmin-gosterimi-yarin-ankarada-yapilacak\/\" \/>\n<meta property=\"og:locale\" content=\"tr_TR\" \/>\n<meta property=\"og:type\" content=\"article\" \/>\n<meta property=\"og:title\" content=\"\u201cTe\u015fgilat-Minalayalar Zaman\u0131\u201d adl\u0131 filmin g\u00f6sterimi yar\u0131n Ankara\u2019da yap\u0131lacak - Kuzeyin Sesi\" \/>\n<meta property=\"og:description\" content=\"\u201cTe\u015fgilat-Minalayalar Zaman\u0131\u201d adl\u0131 uzun metrajl\u0131 filmin g\u00f6sterimi yar\u0131n Ankara\u2019da yap\u0131lacak. K\u0131br\u0131s T\u00fcrk K\u00fclt\u00fcr Derne\u011fi\u2019nden verilen bilgiye g\u00f6re \u00c7ankaya Belediyesine ait Do\u011fan Ta\u015fdelen \u00c7a\u011fda\u015f Sanatlar Merkezi\u2019nde yer alacak film g\u00f6sterimi saat 19.00\u2019da ba\u015flayacak. Y\u00f6netmenli\u011fini Ahmet Eray G\u00fcndo\u011fmu\u015f, hik\u00e2ye ve senaryo yazarl\u0131\u011f\u0131n\u0131 Er\u015fen Ummanel\u2019in \u00fcstlendi\u011fi film \u2018Murata\u011fa, Atl\u0131lar, Sandallar Katliam\u0131 ve 1974 yaz\u0131n\u0131 \u00e7ocuklar\u0131n g\u00f6z\u00fcnden anlat\u0131yor. Filmde [&hellip;]\" \/>\n<meta property=\"og:url\" content=\"https:\/\/kuzeyinsesi.org\/index.php\/2024\/11\/08\/tesgilat-minalayalar-zamani-adli-filmin-gosterimi-yarin-ankarada-yapilacak\/\" \/>\n<meta property=\"og:site_name\" content=\"Kuzeyin Sesi\" \/>\n<meta property=\"article:publisher\" content=\"https:\/\/www.facebook.com\/kuzeyinsesii\" \/>\n<meta property=\"article:published_time\" content=\"2024-11-08T18:38:54+00:00\" \/>\n<meta property=\"og:image\" content=\"https:\/\/brtk.net\/wp-content\/uploads\/2024\/11\/08\/teskilat.jpg?ver=fd767e7aea8889398daddf546725ef8f\" \/>\n<meta name=\"author\" content=\"Kuzeyin Sesi\" \/>\n<meta name=\"twitter:card\" content=\"summary_large_image\" \/>\n<meta name=\"twitter:creator\" content=\"@kuzeyinsesii\" \/>\n<meta name=\"twitter:site\" content=\"@kuzeyinsesii\" \/>\n<meta name=\"twitter:label1\" content=\"Yazan:\" \/>\n\t<meta name=\"twitter:data1\" content=\"Kuzeyin Sesi\" \/>\n\t<meta name=\"twitter:label2\" content=\"Tahmini okuma s\u00fcresi\" \/>\n\t<meta name=\"twitter:data2\" content=\"1 dakika\" \/>\n<script type=\"application\/ld+json\" class=\"yoast-schema-graph\">{\"@context\":\"https:\\\/\\\/schema.org\",\"@graph\":[{\"@type\":\"Article\",\"@id\":\"https:\\\/\\\/kuzeyinsesi.org\\\/index.php\\\/2024\\\/11\\\/08\\\/tesgilat-minalayalar-zamani-adli-filmin-gosterimi-yarin-ankarada-yapilacak\\\/#article\",\"isPartOf\":{\"@id\":\"https:\\\/\\\/kuzeyinsesi.org\\\/index.php\\\/2024\\\/11\\\/08\\\/tesgilat-minalayalar-zamani-adli-filmin-gosterimi-yarin-ankarada-yapilacak\\\/\"},\"author\":{\"name\":\"Kuzeyin Sesi\",\"@id\":\"https:\\\/\\\/kuzeyinsesi.org\\\/#\\\/schema\\\/person\\\/9f859689cdf01485597712386e37f5aa\"},\"headline\":\"\u201cTe\u015fgilat-Minalayalar Zaman\u0131\u201d adl\u0131 filmin g\u00f6sterimi yar\u0131n Ankara\u2019da yap\u0131lacak\",\"datePublished\":\"2024-11-08T18:38:54+00:00\",\"mainEntityOfPage\":{\"@id\":\"https:\\\/\\\/kuzeyinsesi.org\\\/index.php\\\/2024\\\/11\\\/08\\\/tesgilat-minalayalar-zamani-adli-filmin-gosterimi-yarin-ankarada-yapilacak\\\/\"},\"wordCount\":117,\"commentCount\":0,\"image\":{\"@id\":\"https:\\\/\\\/kuzeyinsesi.org\\\/index.php\\\/2024\\\/11\\\/08\\\/tesgilat-minalayalar-zamani-adli-filmin-gosterimi-yarin-ankarada-yapilacak\\\/#primaryimage\"},\"thumbnailUrl\":\"https:\\\/\\\/kuzeyinsesi.org\\\/wp-content\\\/uploads\\\/2024\\\/11\\\/teskilat.jpg\",\"articleSection\":[\"Ya\u015fam\"],\"inLanguage\":\"tr\",\"potentialAction\":[{\"@type\":\"CommentAction\",\"name\":\"Comment\",\"target\":[\"https:\\\/\\\/kuzeyinsesi.org\\\/index.php\\\/2024\\\/11\\\/08\\\/tesgilat-minalayalar-zamani-adli-filmin-gosterimi-yarin-ankarada-yapilacak\\\/#respond\"]}]},{\"@type\":\"WebPage\",\"@id\":\"https:\\\/\\\/kuzeyinsesi.org\\\/index.php\\\/2024\\\/11\\\/08\\\/tesgilat-minalayalar-zamani-adli-filmin-gosterimi-yarin-ankarada-yapilacak\\\/\",\"url\":\"https:\\\/\\\/kuzeyinsesi.org\\\/index.php\\\/2024\\\/11\\\/08\\\/tesgilat-minalayalar-zamani-adli-filmin-gosterimi-yarin-ankarada-yapilacak\\\/\",\"name\":\"\u201cTe\u015fgilat-Minalayalar Zaman\u0131\u201d adl\u0131 filmin g\u00f6sterimi yar\u0131n Ankara\u2019da yap\u0131lacak - Kuzeyin Sesi\",\"isPartOf\":{\"@id\":\"https:\\\/\\\/kuzeyinsesi.org\\\/#website\"},\"primaryImageOfPage\":{\"@id\":\"https:\\\/\\\/kuzeyinsesi.org\\\/index.php\\\/2024\\\/11\\\/08\\\/tesgilat-minalayalar-zamani-adli-filmin-gosterimi-yarin-ankarada-yapilacak\\\/#primaryimage\"},\"image\":{\"@id\":\"https:\\\/\\\/kuzeyinsesi.org\\\/index.php\\\/2024\\\/11\\\/08\\\/tesgilat-minalayalar-zamani-adli-filmin-gosterimi-yarin-ankarada-yapilacak\\\/#primaryimage\"},\"thumbnailUrl\":\"https:\\\/\\\/kuzeyinsesi.org\\\/wp-content\\\/uploads\\\/2024\\\/11\\\/teskilat.jpg\",\"datePublished\":\"2024-11-08T18:38:54+00:00\",\"author\":{\"@id\":\"https:\\\/\\\/kuzeyinsesi.org\\\/#\\\/schema\\\/person\\\/9f859689cdf01485597712386e37f5aa\"},\"breadcrumb\":{\"@id\":\"https:\\\/\\\/kuzeyinsesi.org\\\/index.php\\\/2024\\\/11\\\/08\\\/tesgilat-minalayalar-zamani-adli-filmin-gosterimi-yarin-ankarada-yapilacak\\\/#breadcrumb\"},\"inLanguage\":\"tr\",\"potentialAction\":[{\"@type\":\"ReadAction\",\"target\":[\"https:\\\/\\\/kuzeyinsesi.org\\\/index.php\\\/2024\\\/11\\\/08\\\/tesgilat-minalayalar-zamani-adli-filmin-gosterimi-yarin-ankarada-yapilacak\\\/\"]}]},{\"@type\":\"ImageObject\",\"inLanguage\":\"tr\",\"@id\":\"https:\\\/\\\/kuzeyinsesi.org\\\/index.php\\\/2024\\\/11\\\/08\\\/tesgilat-minalayalar-zamani-adli-filmin-gosterimi-yarin-ankarada-yapilacak\\\/#primaryimage\",\"url\":\"https:\\\/\\\/kuzeyinsesi.org\\\/wp-content\\\/uploads\\\/2024\\\/11\\\/teskilat.jpg\",\"contentUrl\":\"https:\\\/\\\/kuzeyinsesi.org\\\/wp-content\\\/uploads\\\/2024\\\/11\\\/teskilat.jpg\",\"width\":1024,\"height\":712},{\"@type\":\"BreadcrumbList\",\"@id\":\"https:\\\/\\\/kuzeyinsesi.org\\\/index.php\\\/2024\\\/11\\\/08\\\/tesgilat-minalayalar-zamani-adli-filmin-gosterimi-yarin-ankarada-yapilacak\\\/#breadcrumb\",\"itemListElement\":[{\"@type\":\"ListItem\",\"position\":1,\"name\":\"Anasayfa\",\"item\":\"https:\\\/\\\/kuzeyinsesi.org\\\/\"},{\"@type\":\"ListItem\",\"position\":2,\"name\":\"\u201cTe\u015fgilat-Minalayalar Zaman\u0131\u201d adl\u0131 filmin g\u00f6sterimi yar\u0131n Ankara\u2019da yap\u0131lacak\"}]},{\"@type\":\"WebSite\",\"@id\":\"https:\\\/\\\/kuzeyinsesi.org\\\/#website\",\"url\":\"https:\\\/\\\/kuzeyinsesi.org\\\/\",\"name\":\"Kuzeyin Sesi\",\"description\":\"Do\u011fru Haberin Adresi\",\"potentialAction\":[{\"@type\":\"SearchAction\",\"target\":{\"@type\":\"EntryPoint\",\"urlTemplate\":\"https:\\\/\\\/kuzeyinsesi.org\\\/?s={search_term_string}\"},\"query-input\":{\"@type\":\"PropertyValueSpecification\",\"valueRequired\":true,\"valueName\":\"search_term_string\"}}],\"inLanguage\":\"tr\"},{\"@type\":\"Person\",\"@id\":\"https:\\\/\\\/kuzeyinsesi.org\\\/#\\\/schema\\\/person\\\/9f859689cdf01485597712386e37f5aa\",\"name\":\"Kuzeyin Sesi\",\"image\":{\"@type\":\"ImageObject\",\"inLanguage\":\"tr\",\"@id\":\"https:\\\/\\\/secure.gravatar.com\\\/avatar\\\/bab33852abfd8b282518d6ed81826833d77c3c882d9ab608add591ccace47a44?s=96&d=mm&r=g\",\"url\":\"https:\\\/\\\/secure.gravatar.com\\\/avatar\\\/bab33852abfd8b282518d6ed81826833d77c3c882d9ab608add591ccace47a44?s=96&d=mm&r=g\",\"contentUrl\":\"https:\\\/\\\/secure.gravatar.com\\\/avatar\\\/bab33852abfd8b282518d6ed81826833d77c3c882d9ab608add591ccace47a44?s=96&d=mm&r=g\",\"caption\":\"Kuzeyin Sesi\"},\"sameAs\":[\"https:\\\/\\\/kuzeyinsesi.org\"],\"url\":\"https:\\\/\\\/kuzeyinsesi.org\\\/index.php\\\/author\\\/guven\\\/\"}]}<\/script>\n<!-- \/ Yoast SEO plugin. -->","yoast_head_json":{"title":"\u201cTe\u015fgilat-Minalayalar Zaman\u0131\u201d adl\u0131 filmin g\u00f6sterimi yar\u0131n Ankara\u2019da yap\u0131lacak - Kuzeyin Sesi","robots":{"index":"index","follow":"follow","max-snippet":"max-snippet:-1","max-image-preview":"max-image-preview:large","max-video-preview":"max-video-preview:-1"},"canonical":"https:\/\/kuzeyinsesi.org\/index.php\/2024\/11\/08\/tesgilat-minalayalar-zamani-adli-filmin-gosterimi-yarin-ankarada-yapilacak\/","og_locale":"tr_TR","og_type":"article","og_title":"\u201cTe\u015fgilat-Minalayalar Zaman\u0131\u201d adl\u0131 filmin g\u00f6sterimi yar\u0131n Ankara\u2019da yap\u0131lacak - Kuzeyin Sesi","og_description":"\u201cTe\u015fgilat-Minalayalar Zaman\u0131\u201d adl\u0131 uzun metrajl\u0131 filmin g\u00f6sterimi yar\u0131n Ankara\u2019da yap\u0131lacak. K\u0131br\u0131s T\u00fcrk K\u00fclt\u00fcr Derne\u011fi\u2019nden verilen bilgiye g\u00f6re \u00c7ankaya Belediyesine ait Do\u011fan Ta\u015fdelen \u00c7a\u011fda\u015f Sanatlar Merkezi\u2019nde yer alacak film g\u00f6sterimi saat 19.00\u2019da ba\u015flayacak. Y\u00f6netmenli\u011fini Ahmet Eray G\u00fcndo\u011fmu\u015f, hik\u00e2ye ve senaryo yazarl\u0131\u011f\u0131n\u0131 Er\u015fen Ummanel\u2019in \u00fcstlendi\u011fi film \u2018Murata\u011fa, Atl\u0131lar, Sandallar Katliam\u0131 ve 1974 yaz\u0131n\u0131 \u00e7ocuklar\u0131n g\u00f6z\u00fcnden anlat\u0131yor. Filmde [&hellip;]","og_url":"https:\/\/kuzeyinsesi.org\/index.php\/2024\/11\/08\/tesgilat-minalayalar-zamani-adli-filmin-gosterimi-yarin-ankarada-yapilacak\/","og_site_name":"Kuzeyin Sesi","article_publisher":"https:\/\/www.facebook.com\/kuzeyinsesii","article_published_time":"2024-11-08T18:38:54+00:00","og_image":[{"url":"https:\/\/brtk.net\/wp-content\/uploads\/2024\/11\/08\/teskilat.jpg?ver=fd767e7aea8889398daddf546725ef8f","type":"","width":"","height":""}],"author":"Kuzeyin Sesi","twitter_card":"summary_large_image","twitter_creator":"@kuzeyinsesii","twitter_site":"@kuzeyinsesii","twitter_misc":{"Yazan:":"Kuzeyin Sesi","Tahmini okuma s\u00fcresi":"1 dakika"},"schema":{"@context":"https:\/\/schema.org","@graph":[{"@type":"Article","@id":"https:\/\/kuzeyinsesi.org\/index.php\/2024\/11\/08\/tesgilat-minalayalar-zamani-adli-filmin-gosterimi-yarin-ankarada-yapilacak\/#article","isPartOf":{"@id":"https:\/\/kuzeyinsesi.org\/index.php\/2024\/11\/08\/tesgilat-minalayalar-zamani-adli-filmin-gosterimi-yarin-ankarada-yapilacak\/"},"author":{"name":"Kuzeyin Sesi","@id":"https:\/\/kuzeyinsesi.org\/#\/schema\/person\/9f859689cdf01485597712386e37f5aa"},"headline":"\u201cTe\u015fgilat-Minalayalar Zaman\u0131\u201d adl\u0131 filmin g\u00f6sterimi yar\u0131n Ankara\u2019da yap\u0131lacak","datePublished":"2024-11-08T18:38:54+00:00","mainEntityOfPage":{"@id":"https:\/\/kuzeyinsesi.org\/index.php\/2024\/11\/08\/tesgilat-minalayalar-zamani-adli-filmin-gosterimi-yarin-ankarada-yapilacak\/"},"wordCount":117,"commentCount":0,"image":{"@id":"https:\/\/kuzeyinsesi.org\/index.php\/2024\/11\/08\/tesgilat-minalayalar-zamani-adli-filmin-gosterimi-yarin-ankarada-yapilacak\/#primaryimage"},"thumbnailUrl":"https:\/\/kuzeyinsesi.org\/wp-content\/uploads\/2024\/11\/teskilat.jpg","articleSection":["Ya\u015fam"],"inLanguage":"tr","potentialAction":[{"@type":"CommentAction","name":"Comment","target":["https:\/\/kuzeyinsesi.org\/index.php\/2024\/11\/08\/tesgilat-minalayalar-zamani-adli-filmin-gosterimi-yarin-ankarada-yapilacak\/#respond"]}]},{"@type":"WebPage","@id":"https:\/\/kuzeyinsesi.org\/index.php\/2024\/11\/08\/tesgilat-minalayalar-zamani-adli-filmin-gosterimi-yarin-ankarada-yapilacak\/","url":"https:\/\/kuzeyinsesi.org\/index.php\/2024\/11\/08\/tesgilat-minalayalar-zamani-adli-filmin-gosterimi-yarin-ankarada-yapilacak\/","name":"\u201cTe\u015fgilat-Minalayalar Zaman\u0131\u201d adl\u0131 filmin g\u00f6sterimi yar\u0131n Ankara\u2019da yap\u0131lacak - Kuzeyin Sesi","isPartOf":{"@id":"https:\/\/kuzeyinsesi.org\/#website"},"primaryImageOfPage":{"@id":"https:\/\/kuzeyinsesi.org\/index.php\/2024\/11\/08\/tesgilat-minalayalar-zamani-adli-filmin-gosterimi-yarin-ankarada-yapilacak\/#primaryimage"},"image":{"@id":"https:\/\/kuzeyinsesi.org\/index.php\/2024\/11\/08\/tesgilat-minalayalar-zamani-adli-filmin-gosterimi-yarin-ankarada-yapilacak\/#primaryimage"},"thumbnailUrl":"https:\/\/kuzeyinsesi.org\/wp-content\/uploads\/2024\/11\/teskilat.jpg","datePublished":"2024-11-08T18:38:54+00:00","author":{"@id":"https:\/\/kuzeyinsesi.org\/#\/schema\/person\/9f859689cdf01485597712386e37f5aa"},"breadcrumb":{"@id":"https:\/\/kuzeyinsesi.org\/index.php\/2024\/11\/08\/tesgilat-minalayalar-zamani-adli-filmin-gosterimi-yarin-ankarada-yapilacak\/#breadcrumb"},"inLanguage":"tr","potentialAction":[{"@type":"ReadAction","target":["https:\/\/kuzeyinsesi.org\/index.php\/2024\/11\/08\/tesgilat-minalayalar-zamani-adli-filmin-gosterimi-yarin-ankarada-yapilacak\/"]}]},{"@type":"ImageObject","inLanguage":"tr","@id":"https:\/\/kuzeyinsesi.org\/index.php\/2024\/11\/08\/tesgilat-minalayalar-zamani-adli-filmin-gosterimi-yarin-ankarada-yapilacak\/#primaryimage","url":"https:\/\/kuzeyinsesi.org\/wp-content\/uploads\/2024\/11\/teskilat.jpg","contentUrl":"https:\/\/kuzeyinsesi.org\/wp-content\/uploads\/2024\/11\/teskilat.jpg","width":1024,"height":712},{"@type":"BreadcrumbList","@id":"https:\/\/kuzeyinsesi.org\/index.php\/2024\/11\/08\/tesgilat-minalayalar-zamani-adli-filmin-gosterimi-yarin-ankarada-yapilacak\/#breadcrumb","itemListElement":[{"@type":"ListItem","position":1,"name":"Anasayfa","item":"https:\/\/kuzeyinsesi.org\/"},{"@type":"ListItem","position":2,"name":"\u201cTe\u015fgilat-Minalayalar Zaman\u0131\u201d adl\u0131 filmin g\u00f6sterimi yar\u0131n Ankara\u2019da yap\u0131lacak"}]},{"@type":"WebSite","@id":"https:\/\/kuzeyinsesi.org\/#website","url":"https:\/\/kuzeyinsesi.org\/","name":"Kuzeyin Sesi","description":"Do\u011fru Haberin Adresi","potentialAction":[{"@type":"SearchAction","target":{"@type":"EntryPoint","urlTemplate":"https:\/\/kuzeyinsesi.org\/?s={search_term_string}"},"query-input":{"@type":"PropertyValueSpecification","valueRequired":true,"valueName":"search_term_string"}}],"inLanguage":"tr"},{"@type":"Person","@id":"https:\/\/kuzeyinsesi.org\/#\/schema\/person\/9f859689cdf01485597712386e37f5aa","name":"Kuzeyin Sesi","image":{"@type":"ImageObject","inLanguage":"tr","@id":"https:\/\/secure.gravatar.com\/avatar\/bab33852abfd8b282518d6ed81826833d77c3c882d9ab608add591ccace47a44?s=96&d=mm&r=g","url":"https:\/\/secure.gravatar.com\/avatar\/bab33852abfd8b282518d6ed81826833d77c3c882d9ab608add591ccace47a44?s=96&d=mm&r=g","contentUrl":"https:\/\/secure.gravatar.com\/avatar\/bab33852abfd8b282518d6ed81826833d77c3c882d9ab608add591ccace47a44?s=96&d=mm&r=g","caption":"Kuzeyin Sesi"},"sameAs":["https:\/\/kuzeyinsesi.org"],"url":"https:\/\/kuzeyinsesi.org\/index.php\/author\/guven\/"}]}},"_links":{"self":[{"href":"https:\/\/kuzeyinsesi.org\/index.php\/wp-json\/wp\/v2\/posts\/13133","targetHints":{"allow":["GET"]}}],"collection":[{"href":"https:\/\/kuzeyinsesi.org\/index.php\/wp-json\/wp\/v2\/posts"}],"about":[{"href":"https:\/\/kuzeyinsesi.org\/index.php\/wp-json\/wp\/v2\/types\/post"}],"author":[{"embeddable":true,"href":"https:\/\/kuzeyinsesi.org\/index.php\/wp-json\/wp\/v2\/users\/1"}],"replies":[{"embeddable":true,"href":"https:\/\/kuzeyinsesi.org\/index.php\/wp-json\/wp\/v2\/comments?post=13133"}],"version-history":[{"count":0,"href":"https:\/\/kuzeyinsesi.org\/index.php\/wp-json\/wp\/v2\/posts\/13133\/revisions"}],"wp:featuredmedia":[{"embeddable":true,"href":"https:\/\/kuzeyinsesi.org\/index.php\/wp-json\/wp\/v2\/media\/13134"}],"wp:attachment":[{"href":"https:\/\/kuzeyinsesi.org\/index.php\/wp-json\/wp\/v2\/media?parent=13133"}],"wp:term":[{"taxonomy":"category","embeddable":true,"href":"https:\/\/kuzeyinsesi.org\/index.php\/wp-json\/wp\/v2\/categories?post=13133"},{"taxonomy":"post_tag","embeddable":true,"href":"https:\/\/kuzeyinsesi.org\/index.php\/wp-json\/wp\/v2\/tags?post=13133"}],"curies":[{"name":"wp","href":"https:\/\/api.w.org\/{rel}","templated":true}]}}