{"id":13127,"date":"2024-11-08T20:14:20","date_gmt":"2024-11-08T18:14:20","guid":{"rendered":"https:\/\/kuzeyinsesi.org\/index.php\/2024\/11\/08\/elazigda-5-buyuklugunde-deprem-meydana-geldi-yerlikaya-herhangi-olumsuz-durum-bulunmamaktadir\/"},"modified":"2024-11-08T20:14:20","modified_gmt":"2024-11-08T18:14:20","slug":"elazigda-5-buyuklugunde-deprem-meydana-geldi-yerlikaya-herhangi-olumsuz-durum-bulunmamaktadir","status":"publish","type":"post","link":"https:\/\/kuzeyinsesi.org\/index.php\/2024\/11\/08\/elazigda-5-buyuklugunde-deprem-meydana-geldi-yerlikaya-herhangi-olumsuz-durum-bulunmamaktadir\/","title":{"rendered":"Elaz\u0131\u011f\u2019da 5 b\u00fcy\u00fckl\u00fc\u011f\u00fcnde deprem meydana geldi..Yerlikaya: Herhangi olumsuz durum bulunmamaktad\u0131r"},"content":{"rendered":"<div>\n<div class=\"mariselle-image-container center\">\n                                            <\/div>\n<p>T\u00fcrkiye Afet ve Acil Durum Y\u00f6netimi Ba\u015fkanl\u0131\u011f\u0131\u2019n\u0131n internet sitesinde yer alan bilgiye g\u00f6re, Elaz\u0131\u011f\u2019da saat T\u00fcrkiye saatiyle 17.04\u2019te 5 b\u00fcy\u00fckl\u00fc\u011f\u00fcnde sars\u0131nt\u0131 kaydedildi.<\/p>\n<p>Elaz\u0131\u011f Valili\u011fi\u2019nden yap\u0131lan a\u00e7\u0131klamada, deprem sonras\u0131 saat 17.20 itibar\u0131yla kentte AFAD ve 112 ihbar hatt\u0131na herhangi bir hasar bildiriminde bulunulmad\u0131\u011f\u0131 belirtilerek, \u201cB\u00fct\u00fcn birimlerimiz depremin ilimizdeki etkilerini yak\u0131ndan takip etmektedir\u201d ifadesine yer verildi.<\/p>\n<p>T\u00fcrkiye \u0130\u00e7i\u015fleri Bakan\u0131 Ali Yerlikaya da, Elaz\u0131\u011f\u2019da meydana gelen 5 b\u00fcy\u00fckl\u00fc\u011f\u00fcndeki deprem sonras\u0131 herhangi olumsuz bir durumun bulunmad\u0131\u011f\u0131n\u0131 s\u00f6yledi.<\/p>\n<p>Yerlikaya, Afet ve Acil Durum Y\u00f6netimi Ba\u015fkanl\u0131\u011f\u0131 ile ilgili kurumlar\u0131n t\u00fcm ekiplerinin saha taramalar\u0131na ba\u015flad\u0131\u011f\u0131n\u0131 da belirtti.<\/p>\n<\/p><\/div>\n<p><script async\n                    defer\n                    crossorigin=\"anonymous\"\n                    src=\"https:\/\/connect.facebook.net\/tr_TR\/sdk.js#xfbml=1&#038;version=v3.3\"\n            ><\/script><\/p>\n","protected":false},"excerpt":{"rendered":"<p>T\u00fcrkiye Afet ve Acil Durum Y\u00f6netimi Ba\u015fkanl\u0131\u011f\u0131\u2019n\u0131n internet sitesinde yer alan bilgiye g\u00f6re, Elaz\u0131\u011f\u2019da saat T\u00fcrkiye saatiyle 17.04\u2019te 5 b\u00fcy\u00fckl\u00fc\u011f\u00fcnde sars\u0131nt\u0131 kaydedildi. Elaz\u0131\u011f Valili\u011fi\u2019nden yap\u0131lan a\u00e7\u0131klamada, deprem sonras\u0131 saat 17.20 itibar\u0131yla kentte AFAD ve 112 ihbar hatt\u0131na herhangi bir hasar bildiriminde bulunulmad\u0131\u011f\u0131 belirtilerek, \u201cB\u00fct\u00fcn birimlerimiz depremin ilimizdeki etkilerini yak\u0131ndan takip etmektedir\u201d ifadesine yer verildi. T\u00fcrkiye [&hellip;]<\/p>\n","protected":false},"author":1,"featured_media":13128,"comment_status":"open","ping_status":"open","sticky":false,"template":"","format":"standard","meta":{"jnews-multi-image_gallery":[],"jnews_single_post":[],"jnews_primary_category":[],"jnews_social_meta":[],"jnews_override_counter":[],"footnotes":""},"categories":[5],"tags":[],"class_list":["post-13127","post","type-post","status-publish","format-standard","has-post-thumbnail","hentry","category-turkiye"],"yoast_head":"<!-- This site is optimized with the Yoast SEO plugin v27.4 - https:\/\/yoast.com\/product\/yoast-seo-wordpress\/ -->\n<title>Elaz\u0131\u011f\u2019da 5 b\u00fcy\u00fckl\u00fc\u011f\u00fcnde deprem meydana geldi..Yerlikaya: Herhangi olumsuz durum bulunmamaktad\u0131r - Kuzeyin Sesi<\/title>\n<meta name=\"robots\" content=\"index, follow, max-snippet:-1, max-image-preview:large, max-video-preview:-1\" \/>\n<link rel=\"canonical\" href=\"https:\/\/kuzeyinsesi.org\/index.php\/2024\/11\/08\/elazigda-5-buyuklugunde-deprem-meydana-geldi-yerlikaya-herhangi-olumsuz-durum-bulunmamaktadir\/\" \/>\n<meta property=\"og:locale\" content=\"tr_TR\" \/>\n<meta property=\"og:type\" content=\"article\" \/>\n<meta property=\"og:title\" content=\"Elaz\u0131\u011f\u2019da 5 b\u00fcy\u00fckl\u00fc\u011f\u00fcnde deprem meydana geldi..Yerlikaya: Herhangi olumsuz durum bulunmamaktad\u0131r - Kuzeyin Sesi\" \/>\n<meta property=\"og:description\" content=\"T\u00fcrkiye Afet ve Acil Durum Y\u00f6netimi Ba\u015fkanl\u0131\u011f\u0131\u2019n\u0131n internet sitesinde yer alan bilgiye g\u00f6re, Elaz\u0131\u011f\u2019da saat T\u00fcrkiye saatiyle 17.04\u2019te 5 b\u00fcy\u00fckl\u00fc\u011f\u00fcnde sars\u0131nt\u0131 kaydedildi. Elaz\u0131\u011f Valili\u011fi\u2019nden yap\u0131lan a\u00e7\u0131klamada, deprem sonras\u0131 saat 17.20 itibar\u0131yla kentte AFAD ve 112 ihbar hatt\u0131na herhangi bir hasar bildiriminde bulunulmad\u0131\u011f\u0131 belirtilerek, \u201cB\u00fct\u00fcn birimlerimiz depremin ilimizdeki etkilerini yak\u0131ndan takip etmektedir\u201d ifadesine yer verildi. T\u00fcrkiye [&hellip;]\" \/>\n<meta property=\"og:url\" content=\"https:\/\/kuzeyinsesi.org\/index.php\/2024\/11\/08\/elazigda-5-buyuklugunde-deprem-meydana-geldi-yerlikaya-herhangi-olumsuz-durum-bulunmamaktadir\/\" \/>\n<meta property=\"og:site_name\" content=\"Kuzeyin Sesi\" \/>\n<meta property=\"article:publisher\" content=\"https:\/\/www.facebook.com\/kuzeyinsesii\" \/>\n<meta property=\"article:published_time\" content=\"2024-11-08T18:14:20+00:00\" \/>\n<meta property=\"og:image\" content=\"https:\/\/brtk.net\/wp-content\/uploads\/2024\/11\/08\/kk.webp?ver=2083e01fe03619ab2bcd11be54da15c6\" \/>\n<meta name=\"author\" content=\"Kuzeyin Sesi\" \/>\n<meta name=\"twitter:card\" content=\"summary_large_image\" \/>\n<meta name=\"twitter:creator\" content=\"@kuzeyinsesii\" \/>\n<meta name=\"twitter:site\" content=\"@kuzeyinsesii\" \/>\n<meta name=\"twitter:label1\" content=\"Yazan:\" \/>\n\t<meta name=\"twitter:data1\" content=\"Kuzeyin Sesi\" \/>\n\t<meta name=\"twitter:label2\" content=\"Tahmini okuma s\u00fcresi\" \/>\n\t<meta name=\"twitter:data2\" content=\"1 dakika\" \/>\n<script type=\"application\/ld+json\" class=\"yoast-schema-graph\">{\"@context\":\"https:\\\/\\\/schema.org\",\"@graph\":[{\"@type\":\"Article\",\"@id\":\"https:\\\/\\\/kuzeyinsesi.org\\\/index.php\\\/2024\\\/11\\\/08\\\/elazigda-5-buyuklugunde-deprem-meydana-geldi-yerlikaya-herhangi-olumsuz-durum-bulunmamaktadir\\\/#article\",\"isPartOf\":{\"@id\":\"https:\\\/\\\/kuzeyinsesi.org\\\/index.php\\\/2024\\\/11\\\/08\\\/elazigda-5-buyuklugunde-deprem-meydana-geldi-yerlikaya-herhangi-olumsuz-durum-bulunmamaktadir\\\/\"},\"author\":{\"name\":\"Kuzeyin Sesi\",\"@id\":\"https:\\\/\\\/kuzeyinsesi.org\\\/#\\\/schema\\\/person\\\/9f859689cdf01485597712386e37f5aa\"},\"headline\":\"Elaz\u0131\u011f\u2019da 5 b\u00fcy\u00fckl\u00fc\u011f\u00fcnde deprem meydana geldi..Yerlikaya: Herhangi olumsuz durum bulunmamaktad\u0131r\",\"datePublished\":\"2024-11-08T18:14:20+00:00\",\"mainEntityOfPage\":{\"@id\":\"https:\\\/\\\/kuzeyinsesi.org\\\/index.php\\\/2024\\\/11\\\/08\\\/elazigda-5-buyuklugunde-deprem-meydana-geldi-yerlikaya-herhangi-olumsuz-durum-bulunmamaktadir\\\/\"},\"wordCount\":137,\"commentCount\":0,\"image\":{\"@id\":\"https:\\\/\\\/kuzeyinsesi.org\\\/index.php\\\/2024\\\/11\\\/08\\\/elazigda-5-buyuklugunde-deprem-meydana-geldi-yerlikaya-herhangi-olumsuz-durum-bulunmamaktadir\\\/#primaryimage\"},\"thumbnailUrl\":\"https:\\\/\\\/kuzeyinsesi.org\\\/wp-content\\\/uploads\\\/2024\\\/11\\\/kk.webp.webp\",\"articleSection\":[\"T\u00fcrkiye\"],\"inLanguage\":\"tr\",\"potentialAction\":[{\"@type\":\"CommentAction\",\"name\":\"Comment\",\"target\":[\"https:\\\/\\\/kuzeyinsesi.org\\\/index.php\\\/2024\\\/11\\\/08\\\/elazigda-5-buyuklugunde-deprem-meydana-geldi-yerlikaya-herhangi-olumsuz-durum-bulunmamaktadir\\\/#respond\"]}]},{\"@type\":\"WebPage\",\"@id\":\"https:\\\/\\\/kuzeyinsesi.org\\\/index.php\\\/2024\\\/11\\\/08\\\/elazigda-5-buyuklugunde-deprem-meydana-geldi-yerlikaya-herhangi-olumsuz-durum-bulunmamaktadir\\\/\",\"url\":\"https:\\\/\\\/kuzeyinsesi.org\\\/index.php\\\/2024\\\/11\\\/08\\\/elazigda-5-buyuklugunde-deprem-meydana-geldi-yerlikaya-herhangi-olumsuz-durum-bulunmamaktadir\\\/\",\"name\":\"Elaz\u0131\u011f\u2019da 5 b\u00fcy\u00fckl\u00fc\u011f\u00fcnde deprem meydana geldi..Yerlikaya: Herhangi olumsuz durum bulunmamaktad\u0131r - Kuzeyin Sesi\",\"isPartOf\":{\"@id\":\"https:\\\/\\\/kuzeyinsesi.org\\\/#website\"},\"primaryImageOfPage\":{\"@id\":\"https:\\\/\\\/kuzeyinsesi.org\\\/index.php\\\/2024\\\/11\\\/08\\\/elazigda-5-buyuklugunde-deprem-meydana-geldi-yerlikaya-herhangi-olumsuz-durum-bulunmamaktadir\\\/#primaryimage\"},\"image\":{\"@id\":\"https:\\\/\\\/kuzeyinsesi.org\\\/index.php\\\/2024\\\/11\\\/08\\\/elazigda-5-buyuklugunde-deprem-meydana-geldi-yerlikaya-herhangi-olumsuz-durum-bulunmamaktadir\\\/#primaryimage\"},\"thumbnailUrl\":\"https:\\\/\\\/kuzeyinsesi.org\\\/wp-content\\\/uploads\\\/2024\\\/11\\\/kk.webp.webp\",\"datePublished\":\"2024-11-08T18:14:20+00:00\",\"author\":{\"@id\":\"https:\\\/\\\/kuzeyinsesi.org\\\/#\\\/schema\\\/person\\\/9f859689cdf01485597712386e37f5aa\"},\"breadcrumb\":{\"@id\":\"https:\\\/\\\/kuzeyinsesi.org\\\/index.php\\\/2024\\\/11\\\/08\\\/elazigda-5-buyuklugunde-deprem-meydana-geldi-yerlikaya-herhangi-olumsuz-durum-bulunmamaktadir\\\/#breadcrumb\"},\"inLanguage\":\"tr\",\"potentialAction\":[{\"@type\":\"ReadAction\",\"target\":[\"https:\\\/\\\/kuzeyinsesi.org\\\/index.php\\\/2024\\\/11\\\/08\\\/elazigda-5-buyuklugunde-deprem-meydana-geldi-yerlikaya-herhangi-olumsuz-durum-bulunmamaktadir\\\/\"]}]},{\"@type\":\"ImageObject\",\"inLanguage\":\"tr\",\"@id\":\"https:\\\/\\\/kuzeyinsesi.org\\\/index.php\\\/2024\\\/11\\\/08\\\/elazigda-5-buyuklugunde-deprem-meydana-geldi-yerlikaya-herhangi-olumsuz-durum-bulunmamaktadir\\\/#primaryimage\",\"url\":\"https:\\\/\\\/kuzeyinsesi.org\\\/wp-content\\\/uploads\\\/2024\\\/11\\\/kk.webp.webp\",\"contentUrl\":\"https:\\\/\\\/kuzeyinsesi.org\\\/wp-content\\\/uploads\\\/2024\\\/11\\\/kk.webp.webp\",\"width\":1280,\"height\":720},{\"@type\":\"BreadcrumbList\",\"@id\":\"https:\\\/\\\/kuzeyinsesi.org\\\/index.php\\\/2024\\\/11\\\/08\\\/elazigda-5-buyuklugunde-deprem-meydana-geldi-yerlikaya-herhangi-olumsuz-durum-bulunmamaktadir\\\/#breadcrumb\",\"itemListElement\":[{\"@type\":\"ListItem\",\"position\":1,\"name\":\"Anasayfa\",\"item\":\"https:\\\/\\\/kuzeyinsesi.org\\\/\"},{\"@type\":\"ListItem\",\"position\":2,\"name\":\"Elaz\u0131\u011f\u2019da 5 b\u00fcy\u00fckl\u00fc\u011f\u00fcnde deprem meydana geldi..Yerlikaya: Herhangi olumsuz durum bulunmamaktad\u0131r\"}]},{\"@type\":\"WebSite\",\"@id\":\"https:\\\/\\\/kuzeyinsesi.org\\\/#website\",\"url\":\"https:\\\/\\\/kuzeyinsesi.org\\\/\",\"name\":\"Kuzeyin Sesi\",\"description\":\"Do\u011fru Haberin Adresi\",\"potentialAction\":[{\"@type\":\"SearchAction\",\"target\":{\"@type\":\"EntryPoint\",\"urlTemplate\":\"https:\\\/\\\/kuzeyinsesi.org\\\/?s={search_term_string}\"},\"query-input\":{\"@type\":\"PropertyValueSpecification\",\"valueRequired\":true,\"valueName\":\"search_term_string\"}}],\"inLanguage\":\"tr\"},{\"@type\":\"Person\",\"@id\":\"https:\\\/\\\/kuzeyinsesi.org\\\/#\\\/schema\\\/person\\\/9f859689cdf01485597712386e37f5aa\",\"name\":\"Kuzeyin Sesi\",\"image\":{\"@type\":\"ImageObject\",\"inLanguage\":\"tr\",\"@id\":\"https:\\\/\\\/secure.gravatar.com\\\/avatar\\\/bab33852abfd8b282518d6ed81826833d77c3c882d9ab608add591ccace47a44?s=96&d=mm&r=g\",\"url\":\"https:\\\/\\\/secure.gravatar.com\\\/avatar\\\/bab33852abfd8b282518d6ed81826833d77c3c882d9ab608add591ccace47a44?s=96&d=mm&r=g\",\"contentUrl\":\"https:\\\/\\\/secure.gravatar.com\\\/avatar\\\/bab33852abfd8b282518d6ed81826833d77c3c882d9ab608add591ccace47a44?s=96&d=mm&r=g\",\"caption\":\"Kuzeyin Sesi\"},\"sameAs\":[\"https:\\\/\\\/kuzeyinsesi.org\"],\"url\":\"https:\\\/\\\/kuzeyinsesi.org\\\/index.php\\\/author\\\/guven\\\/\"}]}<\/script>\n<!-- \/ Yoast SEO plugin. -->","yoast_head_json":{"title":"Elaz\u0131\u011f\u2019da 5 b\u00fcy\u00fckl\u00fc\u011f\u00fcnde deprem meydana geldi..Yerlikaya: Herhangi olumsuz durum bulunmamaktad\u0131r - Kuzeyin Sesi","robots":{"index":"index","follow":"follow","max-snippet":"max-snippet:-1","max-image-preview":"max-image-preview:large","max-video-preview":"max-video-preview:-1"},"canonical":"https:\/\/kuzeyinsesi.org\/index.php\/2024\/11\/08\/elazigda-5-buyuklugunde-deprem-meydana-geldi-yerlikaya-herhangi-olumsuz-durum-bulunmamaktadir\/","og_locale":"tr_TR","og_type":"article","og_title":"Elaz\u0131\u011f\u2019da 5 b\u00fcy\u00fckl\u00fc\u011f\u00fcnde deprem meydana geldi..Yerlikaya: Herhangi olumsuz durum bulunmamaktad\u0131r - Kuzeyin Sesi","og_description":"T\u00fcrkiye Afet ve Acil Durum Y\u00f6netimi Ba\u015fkanl\u0131\u011f\u0131\u2019n\u0131n internet sitesinde yer alan bilgiye g\u00f6re, Elaz\u0131\u011f\u2019da saat T\u00fcrkiye saatiyle 17.04\u2019te 5 b\u00fcy\u00fckl\u00fc\u011f\u00fcnde sars\u0131nt\u0131 kaydedildi. Elaz\u0131\u011f Valili\u011fi\u2019nden yap\u0131lan a\u00e7\u0131klamada, deprem sonras\u0131 saat 17.20 itibar\u0131yla kentte AFAD ve 112 ihbar hatt\u0131na herhangi bir hasar bildiriminde bulunulmad\u0131\u011f\u0131 belirtilerek, \u201cB\u00fct\u00fcn birimlerimiz depremin ilimizdeki etkilerini yak\u0131ndan takip etmektedir\u201d ifadesine yer verildi. T\u00fcrkiye [&hellip;]","og_url":"https:\/\/kuzeyinsesi.org\/index.php\/2024\/11\/08\/elazigda-5-buyuklugunde-deprem-meydana-geldi-yerlikaya-herhangi-olumsuz-durum-bulunmamaktadir\/","og_site_name":"Kuzeyin Sesi","article_publisher":"https:\/\/www.facebook.com\/kuzeyinsesii","article_published_time":"2024-11-08T18:14:20+00:00","og_image":[{"url":"https:\/\/brtk.net\/wp-content\/uploads\/2024\/11\/08\/kk.webp?ver=2083e01fe03619ab2bcd11be54da15c6","type":"","width":"","height":""}],"author":"Kuzeyin Sesi","twitter_card":"summary_large_image","twitter_creator":"@kuzeyinsesii","twitter_site":"@kuzeyinsesii","twitter_misc":{"Yazan:":"Kuzeyin Sesi","Tahmini okuma s\u00fcresi":"1 dakika"},"schema":{"@context":"https:\/\/schema.org","@graph":[{"@type":"Article","@id":"https:\/\/kuzeyinsesi.org\/index.php\/2024\/11\/08\/elazigda-5-buyuklugunde-deprem-meydana-geldi-yerlikaya-herhangi-olumsuz-durum-bulunmamaktadir\/#article","isPartOf":{"@id":"https:\/\/kuzeyinsesi.org\/index.php\/2024\/11\/08\/elazigda-5-buyuklugunde-deprem-meydana-geldi-yerlikaya-herhangi-olumsuz-durum-bulunmamaktadir\/"},"author":{"name":"Kuzeyin Sesi","@id":"https:\/\/kuzeyinsesi.org\/#\/schema\/person\/9f859689cdf01485597712386e37f5aa"},"headline":"Elaz\u0131\u011f\u2019da 5 b\u00fcy\u00fckl\u00fc\u011f\u00fcnde deprem meydana geldi..Yerlikaya: Herhangi olumsuz durum bulunmamaktad\u0131r","datePublished":"2024-11-08T18:14:20+00:00","mainEntityOfPage":{"@id":"https:\/\/kuzeyinsesi.org\/index.php\/2024\/11\/08\/elazigda-5-buyuklugunde-deprem-meydana-geldi-yerlikaya-herhangi-olumsuz-durum-bulunmamaktadir\/"},"wordCount":137,"commentCount":0,"image":{"@id":"https:\/\/kuzeyinsesi.org\/index.php\/2024\/11\/08\/elazigda-5-buyuklugunde-deprem-meydana-geldi-yerlikaya-herhangi-olumsuz-durum-bulunmamaktadir\/#primaryimage"},"thumbnailUrl":"https:\/\/kuzeyinsesi.org\/wp-content\/uploads\/2024\/11\/kk.webp.webp","articleSection":["T\u00fcrkiye"],"inLanguage":"tr","potentialAction":[{"@type":"CommentAction","name":"Comment","target":["https:\/\/kuzeyinsesi.org\/index.php\/2024\/11\/08\/elazigda-5-buyuklugunde-deprem-meydana-geldi-yerlikaya-herhangi-olumsuz-durum-bulunmamaktadir\/#respond"]}]},{"@type":"WebPage","@id":"https:\/\/kuzeyinsesi.org\/index.php\/2024\/11\/08\/elazigda-5-buyuklugunde-deprem-meydana-geldi-yerlikaya-herhangi-olumsuz-durum-bulunmamaktadir\/","url":"https:\/\/kuzeyinsesi.org\/index.php\/2024\/11\/08\/elazigda-5-buyuklugunde-deprem-meydana-geldi-yerlikaya-herhangi-olumsuz-durum-bulunmamaktadir\/","name":"Elaz\u0131\u011f\u2019da 5 b\u00fcy\u00fckl\u00fc\u011f\u00fcnde deprem meydana geldi..Yerlikaya: Herhangi olumsuz durum bulunmamaktad\u0131r - Kuzeyin Sesi","isPartOf":{"@id":"https:\/\/kuzeyinsesi.org\/#website"},"primaryImageOfPage":{"@id":"https:\/\/kuzeyinsesi.org\/index.php\/2024\/11\/08\/elazigda-5-buyuklugunde-deprem-meydana-geldi-yerlikaya-herhangi-olumsuz-durum-bulunmamaktadir\/#primaryimage"},"image":{"@id":"https:\/\/kuzeyinsesi.org\/index.php\/2024\/11\/08\/elazigda-5-buyuklugunde-deprem-meydana-geldi-yerlikaya-herhangi-olumsuz-durum-bulunmamaktadir\/#primaryimage"},"thumbnailUrl":"https:\/\/kuzeyinsesi.org\/wp-content\/uploads\/2024\/11\/kk.webp.webp","datePublished":"2024-11-08T18:14:20+00:00","author":{"@id":"https:\/\/kuzeyinsesi.org\/#\/schema\/person\/9f859689cdf01485597712386e37f5aa"},"breadcrumb":{"@id":"https:\/\/kuzeyinsesi.org\/index.php\/2024\/11\/08\/elazigda-5-buyuklugunde-deprem-meydana-geldi-yerlikaya-herhangi-olumsuz-durum-bulunmamaktadir\/#breadcrumb"},"inLanguage":"tr","potentialAction":[{"@type":"ReadAction","target":["https:\/\/kuzeyinsesi.org\/index.php\/2024\/11\/08\/elazigda-5-buyuklugunde-deprem-meydana-geldi-yerlikaya-herhangi-olumsuz-durum-bulunmamaktadir\/"]}]},{"@type":"ImageObject","inLanguage":"tr","@id":"https:\/\/kuzeyinsesi.org\/index.php\/2024\/11\/08\/elazigda-5-buyuklugunde-deprem-meydana-geldi-yerlikaya-herhangi-olumsuz-durum-bulunmamaktadir\/#primaryimage","url":"https:\/\/kuzeyinsesi.org\/wp-content\/uploads\/2024\/11\/kk.webp.webp","contentUrl":"https:\/\/kuzeyinsesi.org\/wp-content\/uploads\/2024\/11\/kk.webp.webp","width":1280,"height":720},{"@type":"BreadcrumbList","@id":"https:\/\/kuzeyinsesi.org\/index.php\/2024\/11\/08\/elazigda-5-buyuklugunde-deprem-meydana-geldi-yerlikaya-herhangi-olumsuz-durum-bulunmamaktadir\/#breadcrumb","itemListElement":[{"@type":"ListItem","position":1,"name":"Anasayfa","item":"https:\/\/kuzeyinsesi.org\/"},{"@type":"ListItem","position":2,"name":"Elaz\u0131\u011f\u2019da 5 b\u00fcy\u00fckl\u00fc\u011f\u00fcnde deprem meydana geldi..Yerlikaya: Herhangi olumsuz durum bulunmamaktad\u0131r"}]},{"@type":"WebSite","@id":"https:\/\/kuzeyinsesi.org\/#website","url":"https:\/\/kuzeyinsesi.org\/","name":"Kuzeyin Sesi","description":"Do\u011fru Haberin Adresi","potentialAction":[{"@type":"SearchAction","target":{"@type":"EntryPoint","urlTemplate":"https:\/\/kuzeyinsesi.org\/?s={search_term_string}"},"query-input":{"@type":"PropertyValueSpecification","valueRequired":true,"valueName":"search_term_string"}}],"inLanguage":"tr"},{"@type":"Person","@id":"https:\/\/kuzeyinsesi.org\/#\/schema\/person\/9f859689cdf01485597712386e37f5aa","name":"Kuzeyin Sesi","image":{"@type":"ImageObject","inLanguage":"tr","@id":"https:\/\/secure.gravatar.com\/avatar\/bab33852abfd8b282518d6ed81826833d77c3c882d9ab608add591ccace47a44?s=96&d=mm&r=g","url":"https:\/\/secure.gravatar.com\/avatar\/bab33852abfd8b282518d6ed81826833d77c3c882d9ab608add591ccace47a44?s=96&d=mm&r=g","contentUrl":"https:\/\/secure.gravatar.com\/avatar\/bab33852abfd8b282518d6ed81826833d77c3c882d9ab608add591ccace47a44?s=96&d=mm&r=g","caption":"Kuzeyin Sesi"},"sameAs":["https:\/\/kuzeyinsesi.org"],"url":"https:\/\/kuzeyinsesi.org\/index.php\/author\/guven\/"}]}},"_links":{"self":[{"href":"https:\/\/kuzeyinsesi.org\/index.php\/wp-json\/wp\/v2\/posts\/13127","targetHints":{"allow":["GET"]}}],"collection":[{"href":"https:\/\/kuzeyinsesi.org\/index.php\/wp-json\/wp\/v2\/posts"}],"about":[{"href":"https:\/\/kuzeyinsesi.org\/index.php\/wp-json\/wp\/v2\/types\/post"}],"author":[{"embeddable":true,"href":"https:\/\/kuzeyinsesi.org\/index.php\/wp-json\/wp\/v2\/users\/1"}],"replies":[{"embeddable":true,"href":"https:\/\/kuzeyinsesi.org\/index.php\/wp-json\/wp\/v2\/comments?post=13127"}],"version-history":[{"count":0,"href":"https:\/\/kuzeyinsesi.org\/index.php\/wp-json\/wp\/v2\/posts\/13127\/revisions"}],"wp:featuredmedia":[{"embeddable":true,"href":"https:\/\/kuzeyinsesi.org\/index.php\/wp-json\/wp\/v2\/media\/13128"}],"wp:attachment":[{"href":"https:\/\/kuzeyinsesi.org\/index.php\/wp-json\/wp\/v2\/media?parent=13127"}],"wp:term":[{"taxonomy":"category","embeddable":true,"href":"https:\/\/kuzeyinsesi.org\/index.php\/wp-json\/wp\/v2\/categories?post=13127"},{"taxonomy":"post_tag","embeddable":true,"href":"https:\/\/kuzeyinsesi.org\/index.php\/wp-json\/wp\/v2\/tags?post=13127"}],"curies":[{"name":"wp","href":"https:\/\/api.w.org\/{rel}","templated":true}]}}