{"id":13110,"date":"2024-11-08T18:34:20","date_gmt":"2024-11-08T16:34:20","guid":{"rendered":"https:\/\/kuzeyinsesi.org\/index.php\/2024\/11\/08\/yusuf-cannurun-ilk-kisisel-resim-sergisi-12-kasim-sali-gunu-ismet-vehit-guney-sergi-salonunda-acilacak\/"},"modified":"2024-11-08T18:34:20","modified_gmt":"2024-11-08T16:34:20","slug":"yusuf-cannurun-ilk-kisisel-resim-sergisi-12-kasim-sali-gunu-ismet-vehit-guney-sergi-salonunda-acilacak","status":"publish","type":"post","link":"https:\/\/kuzeyinsesi.org\/index.php\/2024\/11\/08\/yusuf-cannurun-ilk-kisisel-resim-sergisi-12-kasim-sali-gunu-ismet-vehit-guney-sergi-salonunda-acilacak\/","title":{"rendered":"Yusuf Cannur\u2019un ilk ki\u015fisel resim sergisi 12 Kas\u0131m Sal\u0131 g\u00fcn\u00fc, \u0130smet Vehit G\u00fcney Sergi Salonu\u2019nda a\u00e7\u0131lacak"},"content":{"rendered":"<div>\n<div class=\"mariselle-image-container center\">\n                                            <\/div>\n<p>Yusuf Cannur\u2019un \u201c\u0130\u00e7imden Ge\u00e7enler\u201d adl\u0131 ilk ki\u015fisel resim sergisi 12 Kas\u0131m Sal\u0131 g\u00fcn\u00fc, \u0130smet Vehit G\u00fcney Sergi Salonu\u2019nda a\u00e7\u0131lacak.<\/p>\n<p>Saat 18.00\u2019de a\u00e7\u0131l\u0131\u015f\u0131 yap\u0131lacak olan sergide, Yusuf Cannur\u2019un uzun zamand\u0131r emek vererek yapt\u0131\u011f\u0131 eserler sergilenecek.<\/p>\n<p>Sergide, Yusuf Cannur\u2019un tuval \u00fczerine ya\u011fl\u0131boya, akrilik boya, kuru soft pastel boya ve kara kalem teknikleriyle yapt\u0131\u011f\u0131 toplam 65 eser sanatseverlerle bulu\u015facak.<\/p>\n<p>Resimlerinde tema olarak \u00e7o\u011funlukla K\u0131br\u0131s k\u00fclt\u00fcr\u00fcn\u00fcn yan\u0131s\u0131ra etkilendi\u011fi olaylar\u0131 ve objeleri kendi g\u00f6z\u00fcnden yans\u0131tmaya \u00e7al\u0131\u015ft\u0131\u011f\u0131n\u0131 ifade eden Yusuf Cannur, serginin di\u011fer bir \u00f6zelli\u011finin de resimlerine \u00d6zlem Latif Erdo\u011fmu\u015f ve Yakup Gen\u00e7\u2019in de \u015fiirleriyle katk\u0131 yapmas\u0131 oldu\u011funu belirtti.<\/p>\n<p>Yusuf Cannur, 14 Kas\u0131m\u2019a kadar s\u00fcrecek olan sergiden elde edilecek gelirin bir k\u0131sm\u0131n\u0131 \u015eampiyon Melekleri Ya\u015fatma Derne\u011fi\u2019ne ba\u011f\u0131\u015flayacak.<\/p>\n<p>1973 y\u0131l\u0131nda Lefko\u015fa\u2019da do\u011fan Yusuf Cannur, ilkokul ve ortaokulu Akdo\u011fan\u2019da, lise \u00f6\u011frenimini ise SSEM Lisesi Elektronik b\u00f6l\u00fcm\u00fcnde tamamlad\u0131. Resme olan ilgisi k\u00fc\u00e7\u00fck ya\u015flarda ba\u015flayan Yusuf Cannur, hayat\u0131n\u0131n her d\u00f6neminde resim yapmaya devam etti.<\/p>\n<p>Yusuf Cannur eserleriyle daha \u00f6nce \u015fu sergilere kat\u0131ld\u0131: Vak\u0131flar \u0130daresi B\u00fcy\u00fckhan Resim Yar\u0131\u015fmas\u0131 Sergisi (2007), Mesarya Karma Sergisi (2012), Herkes i\u00e7in Spor Derne\u011fi Karma Resim Sergisi (2013), Renkler Payla\u015ft\u0131k\u00e7a \u00c7o\u011fal\u0131r Resim At\u00f6lyesi ve Sergisi (2023), DA\u00dc-SEN ve KT\u00d6S i\u015fbirli\u011finde organize edilen S\u00fcrd\u00fcr\u00fclebilir Kalk\u0131nma konsepti ama\u00e7lar\u0131n\u0131 i\u00e7eren Yel De\u011firmeni Sergisi (2023), T\u00fcrkiye Cumhuriyeti 100. y\u0131l kutlamalar\u0131 \u00e7er\u00e7evesinde Uluslararas\u0131 \u00e7al\u0131\u015ftay ve sergisi (2023),  Bandabulia ve Bella Casetta Karma Resim Sergisi (2024), Payla\u015f\u0131nca \u00c7o\u011fal\u0131r Uluslararas\u0131 \u00c7al\u0131\u015ftay ve Sergisi (2024).<\/p>\n<\/p><\/div>\n<p><script async\n                    defer\n                    crossorigin=\"anonymous\"\n                    src=\"https:\/\/connect.facebook.net\/tr_TR\/sdk.js#xfbml=1&#038;version=v3.3\"\n            ><\/script><\/p>\n","protected":false},"excerpt":{"rendered":"<p>Yusuf Cannur\u2019un \u201c\u0130\u00e7imden Ge\u00e7enler\u201d adl\u0131 ilk ki\u015fisel resim sergisi 12 Kas\u0131m Sal\u0131 g\u00fcn\u00fc, \u0130smet Vehit G\u00fcney Sergi Salonu\u2019nda a\u00e7\u0131lacak. Saat 18.00\u2019de a\u00e7\u0131l\u0131\u015f\u0131 yap\u0131lacak olan sergide, Yusuf Cannur\u2019un uzun zamand\u0131r emek vererek yapt\u0131\u011f\u0131 eserler sergilenecek. Sergide, Yusuf Cannur\u2019un tuval \u00fczerine ya\u011fl\u0131boya, akrilik boya, kuru soft pastel boya ve kara kalem teknikleriyle yapt\u0131\u011f\u0131 toplam 65 eser sanatseverlerle [&hellip;]<\/p>\n","protected":false},"author":1,"featured_media":13111,"comment_status":"open","ping_status":"open","sticky":false,"template":"","format":"standard","meta":{"jnews-multi-image_gallery":[],"jnews_single_post":[],"jnews_primary_category":[],"jnews_social_meta":[],"jnews_override_counter":[],"footnotes":""},"categories":[6],"tags":[],"class_list":["post-13110","post","type-post","status-publish","format-standard","has-post-thumbnail","hentry","category-yasam"],"yoast_head":"<!-- This site is optimized with the Yoast SEO plugin v27.4 - https:\/\/yoast.com\/product\/yoast-seo-wordpress\/ -->\n<title>Yusuf Cannur\u2019un ilk ki\u015fisel resim sergisi 12 Kas\u0131m Sal\u0131 g\u00fcn\u00fc, \u0130smet Vehit G\u00fcney Sergi Salonu\u2019nda a\u00e7\u0131lacak - Kuzeyin Sesi<\/title>\n<meta name=\"robots\" content=\"index, follow, max-snippet:-1, max-image-preview:large, max-video-preview:-1\" \/>\n<link rel=\"canonical\" href=\"https:\/\/kuzeyinsesi.org\/index.php\/2024\/11\/08\/yusuf-cannurun-ilk-kisisel-resim-sergisi-12-kasim-sali-gunu-ismet-vehit-guney-sergi-salonunda-acilacak\/\" \/>\n<meta property=\"og:locale\" content=\"tr_TR\" \/>\n<meta property=\"og:type\" content=\"article\" \/>\n<meta property=\"og:title\" content=\"Yusuf Cannur\u2019un ilk ki\u015fisel resim sergisi 12 Kas\u0131m Sal\u0131 g\u00fcn\u00fc, \u0130smet Vehit G\u00fcney Sergi Salonu\u2019nda a\u00e7\u0131lacak - Kuzeyin Sesi\" \/>\n<meta property=\"og:description\" content=\"Yusuf Cannur\u2019un \u201c\u0130\u00e7imden Ge\u00e7enler\u201d adl\u0131 ilk ki\u015fisel resim sergisi 12 Kas\u0131m Sal\u0131 g\u00fcn\u00fc, \u0130smet Vehit G\u00fcney Sergi Salonu\u2019nda a\u00e7\u0131lacak. Saat 18.00\u2019de a\u00e7\u0131l\u0131\u015f\u0131 yap\u0131lacak olan sergide, Yusuf Cannur\u2019un uzun zamand\u0131r emek vererek yapt\u0131\u011f\u0131 eserler sergilenecek. Sergide, Yusuf Cannur\u2019un tuval \u00fczerine ya\u011fl\u0131boya, akrilik boya, kuru soft pastel boya ve kara kalem teknikleriyle yapt\u0131\u011f\u0131 toplam 65 eser sanatseverlerle [&hellip;]\" \/>\n<meta property=\"og:url\" content=\"https:\/\/kuzeyinsesi.org\/index.php\/2024\/11\/08\/yusuf-cannurun-ilk-kisisel-resim-sergisi-12-kasim-sali-gunu-ismet-vehit-guney-sergi-salonunda-acilacak\/\" \/>\n<meta property=\"og:site_name\" content=\"Kuzeyin Sesi\" \/>\n<meta property=\"article:publisher\" content=\"https:\/\/www.facebook.com\/kuzeyinsesii\" \/>\n<meta property=\"article:published_time\" content=\"2024-11-08T16:34:20+00:00\" \/>\n<meta property=\"og:image\" content=\"https:\/\/brtk.net\/wp-content\/uploads\/2024\/11\/08\/kdak.png?ver=a6f0c1b5be5432e5a8306f6a8b326093\" \/>\n<meta name=\"author\" content=\"Kuzeyin Sesi\" \/>\n<meta name=\"twitter:card\" content=\"summary_large_image\" \/>\n<meta name=\"twitter:creator\" content=\"@kuzeyinsesii\" \/>\n<meta name=\"twitter:site\" content=\"@kuzeyinsesii\" \/>\n<meta name=\"twitter:label1\" content=\"Yazan:\" \/>\n\t<meta name=\"twitter:data1\" content=\"Kuzeyin Sesi\" \/>\n\t<meta name=\"twitter:label2\" content=\"Tahmini okuma s\u00fcresi\" \/>\n\t<meta name=\"twitter:data2\" content=\"2 dakika\" \/>\n<script type=\"application\/ld+json\" class=\"yoast-schema-graph\">{\"@context\":\"https:\\\/\\\/schema.org\",\"@graph\":[{\"@type\":\"Article\",\"@id\":\"https:\\\/\\\/kuzeyinsesi.org\\\/index.php\\\/2024\\\/11\\\/08\\\/yusuf-cannurun-ilk-kisisel-resim-sergisi-12-kasim-sali-gunu-ismet-vehit-guney-sergi-salonunda-acilacak\\\/#article\",\"isPartOf\":{\"@id\":\"https:\\\/\\\/kuzeyinsesi.org\\\/index.php\\\/2024\\\/11\\\/08\\\/yusuf-cannurun-ilk-kisisel-resim-sergisi-12-kasim-sali-gunu-ismet-vehit-guney-sergi-salonunda-acilacak\\\/\"},\"author\":{\"name\":\"Kuzeyin Sesi\",\"@id\":\"https:\\\/\\\/kuzeyinsesi.org\\\/#\\\/schema\\\/person\\\/9f859689cdf01485597712386e37f5aa\"},\"headline\":\"Yusuf Cannur\u2019un ilk ki\u015fisel resim sergisi 12 Kas\u0131m Sal\u0131 g\u00fcn\u00fc, \u0130smet Vehit G\u00fcney Sergi Salonu\u2019nda a\u00e7\u0131lacak\",\"datePublished\":\"2024-11-08T16:34:20+00:00\",\"mainEntityOfPage\":{\"@id\":\"https:\\\/\\\/kuzeyinsesi.org\\\/index.php\\\/2024\\\/11\\\/08\\\/yusuf-cannurun-ilk-kisisel-resim-sergisi-12-kasim-sali-gunu-ismet-vehit-guney-sergi-salonunda-acilacak\\\/\"},\"wordCount\":323,\"commentCount\":0,\"image\":{\"@id\":\"https:\\\/\\\/kuzeyinsesi.org\\\/index.php\\\/2024\\\/11\\\/08\\\/yusuf-cannurun-ilk-kisisel-resim-sergisi-12-kasim-sali-gunu-ismet-vehit-guney-sergi-salonunda-acilacak\\\/#primaryimage\"},\"thumbnailUrl\":\"https:\\\/\\\/kuzeyinsesi.org\\\/wp-content\\\/uploads\\\/2024\\\/11\\\/kdak.png\",\"articleSection\":[\"Ya\u015fam\"],\"inLanguage\":\"tr\",\"potentialAction\":[{\"@type\":\"CommentAction\",\"name\":\"Comment\",\"target\":[\"https:\\\/\\\/kuzeyinsesi.org\\\/index.php\\\/2024\\\/11\\\/08\\\/yusuf-cannurun-ilk-kisisel-resim-sergisi-12-kasim-sali-gunu-ismet-vehit-guney-sergi-salonunda-acilacak\\\/#respond\"]}]},{\"@type\":\"WebPage\",\"@id\":\"https:\\\/\\\/kuzeyinsesi.org\\\/index.php\\\/2024\\\/11\\\/08\\\/yusuf-cannurun-ilk-kisisel-resim-sergisi-12-kasim-sali-gunu-ismet-vehit-guney-sergi-salonunda-acilacak\\\/\",\"url\":\"https:\\\/\\\/kuzeyinsesi.org\\\/index.php\\\/2024\\\/11\\\/08\\\/yusuf-cannurun-ilk-kisisel-resim-sergisi-12-kasim-sali-gunu-ismet-vehit-guney-sergi-salonunda-acilacak\\\/\",\"name\":\"Yusuf Cannur\u2019un ilk ki\u015fisel resim sergisi 12 Kas\u0131m Sal\u0131 g\u00fcn\u00fc, \u0130smet Vehit G\u00fcney Sergi Salonu\u2019nda a\u00e7\u0131lacak - Kuzeyin Sesi\",\"isPartOf\":{\"@id\":\"https:\\\/\\\/kuzeyinsesi.org\\\/#website\"},\"primaryImageOfPage\":{\"@id\":\"https:\\\/\\\/kuzeyinsesi.org\\\/index.php\\\/2024\\\/11\\\/08\\\/yusuf-cannurun-ilk-kisisel-resim-sergisi-12-kasim-sali-gunu-ismet-vehit-guney-sergi-salonunda-acilacak\\\/#primaryimage\"},\"image\":{\"@id\":\"https:\\\/\\\/kuzeyinsesi.org\\\/index.php\\\/2024\\\/11\\\/08\\\/yusuf-cannurun-ilk-kisisel-resim-sergisi-12-kasim-sali-gunu-ismet-vehit-guney-sergi-salonunda-acilacak\\\/#primaryimage\"},\"thumbnailUrl\":\"https:\\\/\\\/kuzeyinsesi.org\\\/wp-content\\\/uploads\\\/2024\\\/11\\\/kdak.png\",\"datePublished\":\"2024-11-08T16:34:20+00:00\",\"author\":{\"@id\":\"https:\\\/\\\/kuzeyinsesi.org\\\/#\\\/schema\\\/person\\\/9f859689cdf01485597712386e37f5aa\"},\"breadcrumb\":{\"@id\":\"https:\\\/\\\/kuzeyinsesi.org\\\/index.php\\\/2024\\\/11\\\/08\\\/yusuf-cannurun-ilk-kisisel-resim-sergisi-12-kasim-sali-gunu-ismet-vehit-guney-sergi-salonunda-acilacak\\\/#breadcrumb\"},\"inLanguage\":\"tr\",\"potentialAction\":[{\"@type\":\"ReadAction\",\"target\":[\"https:\\\/\\\/kuzeyinsesi.org\\\/index.php\\\/2024\\\/11\\\/08\\\/yusuf-cannurun-ilk-kisisel-resim-sergisi-12-kasim-sali-gunu-ismet-vehit-guney-sergi-salonunda-acilacak\\\/\"]}]},{\"@type\":\"ImageObject\",\"inLanguage\":\"tr\",\"@id\":\"https:\\\/\\\/kuzeyinsesi.org\\\/index.php\\\/2024\\\/11\\\/08\\\/yusuf-cannurun-ilk-kisisel-resim-sergisi-12-kasim-sali-gunu-ismet-vehit-guney-sergi-salonunda-acilacak\\\/#primaryimage\",\"url\":\"https:\\\/\\\/kuzeyinsesi.org\\\/wp-content\\\/uploads\\\/2024\\\/11\\\/kdak.png\",\"contentUrl\":\"https:\\\/\\\/kuzeyinsesi.org\\\/wp-content\\\/uploads\\\/2024\\\/11\\\/kdak.png\",\"width\":390,\"height\":385},{\"@type\":\"BreadcrumbList\",\"@id\":\"https:\\\/\\\/kuzeyinsesi.org\\\/index.php\\\/2024\\\/11\\\/08\\\/yusuf-cannurun-ilk-kisisel-resim-sergisi-12-kasim-sali-gunu-ismet-vehit-guney-sergi-salonunda-acilacak\\\/#breadcrumb\",\"itemListElement\":[{\"@type\":\"ListItem\",\"position\":1,\"name\":\"Anasayfa\",\"item\":\"https:\\\/\\\/kuzeyinsesi.org\\\/\"},{\"@type\":\"ListItem\",\"position\":2,\"name\":\"Yusuf Cannur\u2019un ilk ki\u015fisel resim sergisi 12 Kas\u0131m Sal\u0131 g\u00fcn\u00fc, \u0130smet Vehit G\u00fcney Sergi Salonu\u2019nda a\u00e7\u0131lacak\"}]},{\"@type\":\"WebSite\",\"@id\":\"https:\\\/\\\/kuzeyinsesi.org\\\/#website\",\"url\":\"https:\\\/\\\/kuzeyinsesi.org\\\/\",\"name\":\"Kuzeyin Sesi\",\"description\":\"Do\u011fru Haberin Adresi\",\"potentialAction\":[{\"@type\":\"SearchAction\",\"target\":{\"@type\":\"EntryPoint\",\"urlTemplate\":\"https:\\\/\\\/kuzeyinsesi.org\\\/?s={search_term_string}\"},\"query-input\":{\"@type\":\"PropertyValueSpecification\",\"valueRequired\":true,\"valueName\":\"search_term_string\"}}],\"inLanguage\":\"tr\"},{\"@type\":\"Person\",\"@id\":\"https:\\\/\\\/kuzeyinsesi.org\\\/#\\\/schema\\\/person\\\/9f859689cdf01485597712386e37f5aa\",\"name\":\"Kuzeyin Sesi\",\"image\":{\"@type\":\"ImageObject\",\"inLanguage\":\"tr\",\"@id\":\"https:\\\/\\\/secure.gravatar.com\\\/avatar\\\/bab33852abfd8b282518d6ed81826833d77c3c882d9ab608add591ccace47a44?s=96&d=mm&r=g\",\"url\":\"https:\\\/\\\/secure.gravatar.com\\\/avatar\\\/bab33852abfd8b282518d6ed81826833d77c3c882d9ab608add591ccace47a44?s=96&d=mm&r=g\",\"contentUrl\":\"https:\\\/\\\/secure.gravatar.com\\\/avatar\\\/bab33852abfd8b282518d6ed81826833d77c3c882d9ab608add591ccace47a44?s=96&d=mm&r=g\",\"caption\":\"Kuzeyin Sesi\"},\"sameAs\":[\"https:\\\/\\\/kuzeyinsesi.org\"],\"url\":\"https:\\\/\\\/kuzeyinsesi.org\\\/index.php\\\/author\\\/guven\\\/\"}]}<\/script>\n<!-- \/ Yoast SEO plugin. -->","yoast_head_json":{"title":"Yusuf Cannur\u2019un ilk ki\u015fisel resim sergisi 12 Kas\u0131m Sal\u0131 g\u00fcn\u00fc, \u0130smet Vehit G\u00fcney Sergi Salonu\u2019nda a\u00e7\u0131lacak - Kuzeyin Sesi","robots":{"index":"index","follow":"follow","max-snippet":"max-snippet:-1","max-image-preview":"max-image-preview:large","max-video-preview":"max-video-preview:-1"},"canonical":"https:\/\/kuzeyinsesi.org\/index.php\/2024\/11\/08\/yusuf-cannurun-ilk-kisisel-resim-sergisi-12-kasim-sali-gunu-ismet-vehit-guney-sergi-salonunda-acilacak\/","og_locale":"tr_TR","og_type":"article","og_title":"Yusuf Cannur\u2019un ilk ki\u015fisel resim sergisi 12 Kas\u0131m Sal\u0131 g\u00fcn\u00fc, \u0130smet Vehit G\u00fcney Sergi Salonu\u2019nda a\u00e7\u0131lacak - Kuzeyin Sesi","og_description":"Yusuf Cannur\u2019un \u201c\u0130\u00e7imden Ge\u00e7enler\u201d adl\u0131 ilk ki\u015fisel resim sergisi 12 Kas\u0131m Sal\u0131 g\u00fcn\u00fc, \u0130smet Vehit G\u00fcney Sergi Salonu\u2019nda a\u00e7\u0131lacak. Saat 18.00\u2019de a\u00e7\u0131l\u0131\u015f\u0131 yap\u0131lacak olan sergide, Yusuf Cannur\u2019un uzun zamand\u0131r emek vererek yapt\u0131\u011f\u0131 eserler sergilenecek. Sergide, Yusuf Cannur\u2019un tuval \u00fczerine ya\u011fl\u0131boya, akrilik boya, kuru soft pastel boya ve kara kalem teknikleriyle yapt\u0131\u011f\u0131 toplam 65 eser sanatseverlerle [&hellip;]","og_url":"https:\/\/kuzeyinsesi.org\/index.php\/2024\/11\/08\/yusuf-cannurun-ilk-kisisel-resim-sergisi-12-kasim-sali-gunu-ismet-vehit-guney-sergi-salonunda-acilacak\/","og_site_name":"Kuzeyin Sesi","article_publisher":"https:\/\/www.facebook.com\/kuzeyinsesii","article_published_time":"2024-11-08T16:34:20+00:00","og_image":[{"url":"https:\/\/brtk.net\/wp-content\/uploads\/2024\/11\/08\/kdak.png?ver=a6f0c1b5be5432e5a8306f6a8b326093","type":"","width":"","height":""}],"author":"Kuzeyin Sesi","twitter_card":"summary_large_image","twitter_creator":"@kuzeyinsesii","twitter_site":"@kuzeyinsesii","twitter_misc":{"Yazan:":"Kuzeyin Sesi","Tahmini okuma s\u00fcresi":"2 dakika"},"schema":{"@context":"https:\/\/schema.org","@graph":[{"@type":"Article","@id":"https:\/\/kuzeyinsesi.org\/index.php\/2024\/11\/08\/yusuf-cannurun-ilk-kisisel-resim-sergisi-12-kasim-sali-gunu-ismet-vehit-guney-sergi-salonunda-acilacak\/#article","isPartOf":{"@id":"https:\/\/kuzeyinsesi.org\/index.php\/2024\/11\/08\/yusuf-cannurun-ilk-kisisel-resim-sergisi-12-kasim-sali-gunu-ismet-vehit-guney-sergi-salonunda-acilacak\/"},"author":{"name":"Kuzeyin Sesi","@id":"https:\/\/kuzeyinsesi.org\/#\/schema\/person\/9f859689cdf01485597712386e37f5aa"},"headline":"Yusuf Cannur\u2019un ilk ki\u015fisel resim sergisi 12 Kas\u0131m Sal\u0131 g\u00fcn\u00fc, \u0130smet Vehit G\u00fcney Sergi Salonu\u2019nda a\u00e7\u0131lacak","datePublished":"2024-11-08T16:34:20+00:00","mainEntityOfPage":{"@id":"https:\/\/kuzeyinsesi.org\/index.php\/2024\/11\/08\/yusuf-cannurun-ilk-kisisel-resim-sergisi-12-kasim-sali-gunu-ismet-vehit-guney-sergi-salonunda-acilacak\/"},"wordCount":323,"commentCount":0,"image":{"@id":"https:\/\/kuzeyinsesi.org\/index.php\/2024\/11\/08\/yusuf-cannurun-ilk-kisisel-resim-sergisi-12-kasim-sali-gunu-ismet-vehit-guney-sergi-salonunda-acilacak\/#primaryimage"},"thumbnailUrl":"https:\/\/kuzeyinsesi.org\/wp-content\/uploads\/2024\/11\/kdak.png","articleSection":["Ya\u015fam"],"inLanguage":"tr","potentialAction":[{"@type":"CommentAction","name":"Comment","target":["https:\/\/kuzeyinsesi.org\/index.php\/2024\/11\/08\/yusuf-cannurun-ilk-kisisel-resim-sergisi-12-kasim-sali-gunu-ismet-vehit-guney-sergi-salonunda-acilacak\/#respond"]}]},{"@type":"WebPage","@id":"https:\/\/kuzeyinsesi.org\/index.php\/2024\/11\/08\/yusuf-cannurun-ilk-kisisel-resim-sergisi-12-kasim-sali-gunu-ismet-vehit-guney-sergi-salonunda-acilacak\/","url":"https:\/\/kuzeyinsesi.org\/index.php\/2024\/11\/08\/yusuf-cannurun-ilk-kisisel-resim-sergisi-12-kasim-sali-gunu-ismet-vehit-guney-sergi-salonunda-acilacak\/","name":"Yusuf Cannur\u2019un ilk ki\u015fisel resim sergisi 12 Kas\u0131m Sal\u0131 g\u00fcn\u00fc, \u0130smet Vehit G\u00fcney Sergi Salonu\u2019nda a\u00e7\u0131lacak - Kuzeyin Sesi","isPartOf":{"@id":"https:\/\/kuzeyinsesi.org\/#website"},"primaryImageOfPage":{"@id":"https:\/\/kuzeyinsesi.org\/index.php\/2024\/11\/08\/yusuf-cannurun-ilk-kisisel-resim-sergisi-12-kasim-sali-gunu-ismet-vehit-guney-sergi-salonunda-acilacak\/#primaryimage"},"image":{"@id":"https:\/\/kuzeyinsesi.org\/index.php\/2024\/11\/08\/yusuf-cannurun-ilk-kisisel-resim-sergisi-12-kasim-sali-gunu-ismet-vehit-guney-sergi-salonunda-acilacak\/#primaryimage"},"thumbnailUrl":"https:\/\/kuzeyinsesi.org\/wp-content\/uploads\/2024\/11\/kdak.png","datePublished":"2024-11-08T16:34:20+00:00","author":{"@id":"https:\/\/kuzeyinsesi.org\/#\/schema\/person\/9f859689cdf01485597712386e37f5aa"},"breadcrumb":{"@id":"https:\/\/kuzeyinsesi.org\/index.php\/2024\/11\/08\/yusuf-cannurun-ilk-kisisel-resim-sergisi-12-kasim-sali-gunu-ismet-vehit-guney-sergi-salonunda-acilacak\/#breadcrumb"},"inLanguage":"tr","potentialAction":[{"@type":"ReadAction","target":["https:\/\/kuzeyinsesi.org\/index.php\/2024\/11\/08\/yusuf-cannurun-ilk-kisisel-resim-sergisi-12-kasim-sali-gunu-ismet-vehit-guney-sergi-salonunda-acilacak\/"]}]},{"@type":"ImageObject","inLanguage":"tr","@id":"https:\/\/kuzeyinsesi.org\/index.php\/2024\/11\/08\/yusuf-cannurun-ilk-kisisel-resim-sergisi-12-kasim-sali-gunu-ismet-vehit-guney-sergi-salonunda-acilacak\/#primaryimage","url":"https:\/\/kuzeyinsesi.org\/wp-content\/uploads\/2024\/11\/kdak.png","contentUrl":"https:\/\/kuzeyinsesi.org\/wp-content\/uploads\/2024\/11\/kdak.png","width":390,"height":385},{"@type":"BreadcrumbList","@id":"https:\/\/kuzeyinsesi.org\/index.php\/2024\/11\/08\/yusuf-cannurun-ilk-kisisel-resim-sergisi-12-kasim-sali-gunu-ismet-vehit-guney-sergi-salonunda-acilacak\/#breadcrumb","itemListElement":[{"@type":"ListItem","position":1,"name":"Anasayfa","item":"https:\/\/kuzeyinsesi.org\/"},{"@type":"ListItem","position":2,"name":"Yusuf Cannur\u2019un ilk ki\u015fisel resim sergisi 12 Kas\u0131m Sal\u0131 g\u00fcn\u00fc, \u0130smet Vehit G\u00fcney Sergi Salonu\u2019nda a\u00e7\u0131lacak"}]},{"@type":"WebSite","@id":"https:\/\/kuzeyinsesi.org\/#website","url":"https:\/\/kuzeyinsesi.org\/","name":"Kuzeyin Sesi","description":"Do\u011fru Haberin Adresi","potentialAction":[{"@type":"SearchAction","target":{"@type":"EntryPoint","urlTemplate":"https:\/\/kuzeyinsesi.org\/?s={search_term_string}"},"query-input":{"@type":"PropertyValueSpecification","valueRequired":true,"valueName":"search_term_string"}}],"inLanguage":"tr"},{"@type":"Person","@id":"https:\/\/kuzeyinsesi.org\/#\/schema\/person\/9f859689cdf01485597712386e37f5aa","name":"Kuzeyin Sesi","image":{"@type":"ImageObject","inLanguage":"tr","@id":"https:\/\/secure.gravatar.com\/avatar\/bab33852abfd8b282518d6ed81826833d77c3c882d9ab608add591ccace47a44?s=96&d=mm&r=g","url":"https:\/\/secure.gravatar.com\/avatar\/bab33852abfd8b282518d6ed81826833d77c3c882d9ab608add591ccace47a44?s=96&d=mm&r=g","contentUrl":"https:\/\/secure.gravatar.com\/avatar\/bab33852abfd8b282518d6ed81826833d77c3c882d9ab608add591ccace47a44?s=96&d=mm&r=g","caption":"Kuzeyin Sesi"},"sameAs":["https:\/\/kuzeyinsesi.org"],"url":"https:\/\/kuzeyinsesi.org\/index.php\/author\/guven\/"}]}},"_links":{"self":[{"href":"https:\/\/kuzeyinsesi.org\/index.php\/wp-json\/wp\/v2\/posts\/13110","targetHints":{"allow":["GET"]}}],"collection":[{"href":"https:\/\/kuzeyinsesi.org\/index.php\/wp-json\/wp\/v2\/posts"}],"about":[{"href":"https:\/\/kuzeyinsesi.org\/index.php\/wp-json\/wp\/v2\/types\/post"}],"author":[{"embeddable":true,"href":"https:\/\/kuzeyinsesi.org\/index.php\/wp-json\/wp\/v2\/users\/1"}],"replies":[{"embeddable":true,"href":"https:\/\/kuzeyinsesi.org\/index.php\/wp-json\/wp\/v2\/comments?post=13110"}],"version-history":[{"count":0,"href":"https:\/\/kuzeyinsesi.org\/index.php\/wp-json\/wp\/v2\/posts\/13110\/revisions"}],"wp:featuredmedia":[{"embeddable":true,"href":"https:\/\/kuzeyinsesi.org\/index.php\/wp-json\/wp\/v2\/media\/13111"}],"wp:attachment":[{"href":"https:\/\/kuzeyinsesi.org\/index.php\/wp-json\/wp\/v2\/media?parent=13110"}],"wp:term":[{"taxonomy":"category","embeddable":true,"href":"https:\/\/kuzeyinsesi.org\/index.php\/wp-json\/wp\/v2\/categories?post=13110"},{"taxonomy":"post_tag","embeddable":true,"href":"https:\/\/kuzeyinsesi.org\/index.php\/wp-json\/wp\/v2\/tags?post=13110"}],"curies":[{"name":"wp","href":"https:\/\/api.w.org\/{rel}","templated":true}]}}