{"id":13079,"date":"2024-11-08T13:23:27","date_gmt":"2024-11-08T11:23:27","guid":{"rendered":"https:\/\/kuzeyinsesi.org\/index.php\/2024\/11\/08\/tcmb-baskani-karahan-2024-ve-2025-yil-sonu-enflasyon-tahminlerimizi-yuzde-44-ve-21-olarak-yukari-yonlu-guncelledik-enflasyonun-2026da-yuzde-12ye-gerileyecegini-ongoruyoruz\/"},"modified":"2024-11-08T13:23:27","modified_gmt":"2024-11-08T11:23:27","slug":"tcmb-baskani-karahan-2024-ve-2025-yil-sonu-enflasyon-tahminlerimizi-yuzde-44-ve-21-olarak-yukari-yonlu-guncelledik-enflasyonun-2026da-yuzde-12ye-gerileyecegini-ongoruyoruz","status":"publish","type":"post","link":"https:\/\/kuzeyinsesi.org\/index.php\/2024\/11\/08\/tcmb-baskani-karahan-2024-ve-2025-yil-sonu-enflasyon-tahminlerimizi-yuzde-44-ve-21-olarak-yukari-yonlu-guncelledik-enflasyonun-2026da-yuzde-12ye-gerileyecegini-ongoruyoruz\/","title":{"rendered":"TCMB Ba\u015fkan\u0131 Karahan: \u201c2024 ve 2025 y\u0131l sonu enflasyon tahminlerimizi y\u00fczde 44 ve 21 olarak yukar\u0131 y\u00f6nl\u00fc g\u00fcncelledik. Enflasyonun 2026\u2019da y\u00fczde 12\u2019ye gerileyece\u011fini \u00f6ng\u00f6r\u00fcyoruz\u201d"},"content":{"rendered":"<div>\n<div class=\"mariselle-image-container center\">\n                                            <\/div>\n<p>T\u00fcrkiye Cumhuriyet Merkez Bankas\u0131 (TCMB) Ba\u015fkan\u0131 Fatih Karahan, 2024 ve 2025 y\u0131l sonu enflasyon tahminlerini s\u0131ras\u0131yla y\u00fczde 44 ve y\u00fczde 21 olarak yukar\u0131 y\u00f6nl\u00fc g\u00fcncellediklerini belirterek, \u201cEnflasyonun, 2026 y\u0131l sonunda y\u00fczde 12\u2019ye gerileyece\u011fini \u00f6ng\u00f6r\u00fcyoruz.\u201d dedi.<\/p>\n<p>Karahan, Merkez Bankas\u0131 \u0130dare Merkezi\u2019nde y\u0131l\u0131n 4. \u201cEnflasyon Raporu\u201dnun tan\u0131t\u0131m\u0131 amac\u0131yla bilgilendirme toplant\u0131s\u0131 d\u00fczenledi.<\/p>\n<p>D\u0131\u015f talebe ili\u015fkin varsay\u0131mlar\u0131 koruduklar\u0131n\u0131n alt\u0131n\u0131 \u00e7izen Karahan, \u201cHam petrol fiyat\u0131 varsay\u0131m\u0131m\u0131z\u0131, ger\u00e7ekle\u015fme kaynakl\u0131 olarak, 2024 ve 2025 y\u0131l\u0131 i\u00e7in a\u015fa\u011f\u0131 \u00e7ektik. G\u0131da fiyatlar\u0131 varsay\u0131m\u0131m\u0131z\u0131 ise i\u015flenmemi\u015f g\u0131da enflasyonu kaynakl\u0131 olarak yukar\u0131 y\u00f6nl\u00fc g\u00fcncelledik.\u201d ifadelerini kulland\u0131.<\/p>\n<p>Karahan, enflasyon g\u00f6r\u00fcn\u00fcm\u00fcnde belirgin ve kal\u0131c\u0131 bir iyile\u015fme sa\u011flanana kadar para politikas\u0131ndaki s\u0131k\u0131 duru\u015fun s\u00fcrd\u00fcr\u00fclece\u011fini ve ekonomi politikalar\u0131ndaki e\u015f g\u00fcd\u00fcm\u00fcn de artarak devam edece\u011fini orta vadeli tahminlere yans\u0131tt\u0131klar\u0131na i\u015faret ederek, \u015fu de\u011ferlendirmede bulundu:<\/p>\n<p>\u201cBu \u00e7er\u00e7evede, 2024 ve 2025 y\u0131l sonu enflasyon tahminlerimizi s\u0131ras\u0131yla y\u00fczde 44 ve y\u00fczde 21 olarak yukar\u0131 y\u00f6nl\u00fc g\u00fcncelledik. Enflasyonun, 2026 y\u0131l sonunda y\u00fczde 12\u2019ye gerileyece\u011fini \u00f6ng\u00f6r\u00fcyoruz. Orta vadede ise enflasyonun y\u00fczde 5\u2019te istikrar kazanmas\u0131n\u0131 hedefliyoruz. Tahmin aral\u0131klar\u0131n\u0131n alt ve \u00fcst noktalar\u0131 da 2024 y\u0131l\u0131 i\u00e7in y\u00fczde 42 ve 46, 2025 y\u0131l\u0131 i\u00e7in y\u00fczde 16 ve 26, 2026 y\u0131l\u0131 i\u00e7in ise y\u00fczde 6 ve 18\u2019e tekab\u00fcl etmektedir.\u201d<\/p>\n<p>Son d\u00f6nemde y\u00fcksek seyreden g\u0131da fiyatlar\u0131n\u0131n 2024 y\u0131l sonu tahminin g\u00fcncellenmesine 1,6 puan etki etti\u011fine dikkati \u00e7eken Karahan, \u015funlar\u0131 kaydetti:<\/p>\n<p>\u201cT\u00fcrk liras\u0131 cinsi ithalat fiyatlar\u0131 ve talep ko\u015fullar\u0131n\u0131n tahmin g\u00fcncellememiz \u00fczerindeki toplam etkisi yar\u0131m puan oldu. Beklentilerdeki gerilemenin \u00f6ng\u00f6r\u00fclerimizden yava\u015f ger\u00e7ekle\u015fmesi, ba\u015flang\u0131\u00e7 ko\u015fullar\u0131 ve enflasyonun ana e\u011filimi, 2024 y\u0131l sonu tahminimizi 3,9 puan yukar\u0131ya \u00e7ekti. 2025 y\u0131l sonu tahmin g\u00fcncellemesinde ise, g\u0131da fiyatlar\u0131, T\u00fcrk liras\u0131 cinsi ithalat fiyatlar\u0131 ve y\u00f6netilen y\u00f6nlendirilen fiyat varsay\u0131mlar\u0131m\u0131zdan gelen toplam etkiyi 3,3 puan olarak hesapl\u0131yoruz. Ayr\u0131ca, 2024 tahminimizdeki g\u00fcncelleme, enflasyon ataleti ve ana e\u011filim vas\u0131tas\u0131yla, 2025 y\u0131l sonu tahminimizi 3,5 puan yukar\u0131 \u00e7ekti. Son olarak, \u00e7\u0131kt\u0131 a\u00e7\u0131\u011f\u0131 patikas\u0131ndaki g\u00fcncellemenin 2025 y\u0131l sonu tahminimiz \u00fczerindeki etkisi 0,2 puan oldu.\u201d<\/p>\n<p>Karahan, \u201cpara politikas\u0131ndaki kararl\u0131 duru\u015fun; yurt i\u00e7i talepte dengelenme, T\u00fcrk liras\u0131nda reel de\u011ferlenme ve enflasyon beklentilerindeki d\u00fczelme vas\u0131tas\u0131yla ayl\u0131k enflasyonun ana e\u011filimini d\u00fc\u015f\u00fcrmeye devam edece\u011fini\u201d vurgulayarak, \u201cPara politikas\u0131ndaki temkinli duru\u015fun s\u00fcrd\u00fcr\u00fclmesiyle, y\u0131ll\u0131k enflasyonun \u00f6n\u00fcm\u00fczdeki d\u00f6nemde istikrarl\u0131 olarak gerileyece\u011fini \u00f6ng\u00f6r\u00fcyoruz. Bu s\u00fcre\u00e7te, finansal ko\u015fullardaki s\u0131k\u0131l\u0131kla beraber talep ko\u015fullar\u0131 enflasyondaki d\u00fc\u015f\u00fc\u015fe deste\u011fini s\u00fcrd\u00fcrecek. Hizmet enflasyonundaki kat\u0131l\u0131\u011f\u0131n zay\u0131flamas\u0131yla, enflasyonun ana e\u011filiminde gerileme 2025 y\u0131l\u0131nda da devam edecek. Para ve maliye politikalar\u0131n\u0131n artan e\u015fg\u00fcd\u00fcm\u00fc de bu s\u00fcrece katk\u0131 sa\u011flayacak.\u201d diye konu\u015ftu.<\/p>\n<p>\u2013 \u201cGeni\u015f kapsaml\u0131 enflasyon beklentisi g\u00f6stergelerini takip ediyoruz\u201d<\/p>\n<p>Para politikas\u0131ndaki s\u0131k\u0131 duru\u015fu fiyat istikrar\u0131 sa\u011flanana kadar kararl\u0131l\u0131kla s\u00fcrd\u00fcreceklerini bildiren Karahan, \u201cDaha \u00f6nce de vurgulad\u0131\u011f\u0131m\u0131z gibi, bu s\u00fcre\u00e7te iki ana ko\u015ful g\u00f6zetiyoruz: Birincisi, ayl\u0131k enflasyonun ana e\u011filiminin belirgin ve kal\u0131c\u0131 bir \u015fekilde d\u00fc\u015f\u00fc\u015f g\u00f6stermesi. Bu kapsamda, ana e\u011filim, i\u00e7 talep, ithalat ve finansal ko\u015fullara ili\u015fkin g\u00f6stergeleri yak\u0131ndan izliyoruz. \u0130kincisi ise enflasyon beklentilerinin \u00f6ng\u00f6r\u00fclen tahmin aral\u0131\u011f\u0131na yak\u0131nsamas\u0131. Bu \u00e7er\u00e7evede, geni\u015f kapsaml\u0131 enflasyon beklentisi g\u00f6stergelerini takip ediyoruz.\u201d dedi.<\/p>\n<p>Karahan, fiyat istikrar\u0131n\u0131n s\u00fcrd\u00fcr\u00fclebilir b\u00fcy\u00fcme ve toplumsal refah art\u0131\u015f\u0131 i\u00e7in \u00f6n ko\u015ful oldu\u011funa dikkati \u00e7ekerek, dezenflasyon s\u00fcrecinde, enflasyonu belirlenen ara hedeflerle uyumlu olacak \u015fekilde d\u00fc\u015f\u00fcrmek i\u00e7in ne gerekiyorsa yapmaya devam edeceklerini belirtti.<\/p>\n<\/p><\/div>\n<p><script async\n                    defer\n                    crossorigin=\"anonymous\"\n                    src=\"https:\/\/connect.facebook.net\/tr_TR\/sdk.js#xfbml=1&#038;version=v3.3\"\n            ><\/script><\/p>\n","protected":false},"excerpt":{"rendered":"<p>T\u00fcrkiye Cumhuriyet Merkez Bankas\u0131 (TCMB) Ba\u015fkan\u0131 Fatih Karahan, 2024 ve 2025 y\u0131l sonu enflasyon tahminlerini s\u0131ras\u0131yla y\u00fczde 44 ve y\u00fczde 21 olarak yukar\u0131 y\u00f6nl\u00fc g\u00fcncellediklerini belirterek, \u201cEnflasyonun, 2026 y\u0131l sonunda y\u00fczde 12\u2019ye gerileyece\u011fini \u00f6ng\u00f6r\u00fcyoruz.\u201d dedi. Karahan, Merkez Bankas\u0131 \u0130dare Merkezi\u2019nde y\u0131l\u0131n 4. \u201cEnflasyon Raporu\u201dnun tan\u0131t\u0131m\u0131 amac\u0131yla bilgilendirme toplant\u0131s\u0131 d\u00fczenledi. D\u0131\u015f talebe ili\u015fkin varsay\u0131mlar\u0131 koruduklar\u0131n\u0131n alt\u0131n\u0131 [&hellip;]<\/p>\n","protected":false},"author":1,"featured_media":13080,"comment_status":"open","ping_status":"open","sticky":false,"template":"","format":"standard","meta":{"jnews-multi-image_gallery":[],"jnews_single_post":[],"jnews_primary_category":[],"jnews_social_meta":[],"jnews_override_counter":[],"footnotes":""},"categories":[5],"tags":[],"class_list":["post-13079","post","type-post","status-publish","format-standard","has-post-thumbnail","hentry","category-turkiye"],"yoast_head":"<!-- This site is optimized with the Yoast SEO plugin v27.4 - https:\/\/yoast.com\/product\/yoast-seo-wordpress\/ -->\n<title>TCMB Ba\u015fkan\u0131 Karahan: \u201c2024 ve 2025 y\u0131l sonu enflasyon tahminlerimizi y\u00fczde 44 ve 21 olarak yukar\u0131 y\u00f6nl\u00fc g\u00fcncelledik. Enflasyonun 2026\u2019da y\u00fczde 12\u2019ye gerileyece\u011fini \u00f6ng\u00f6r\u00fcyoruz\u201d - Kuzeyin Sesi<\/title>\n<meta name=\"robots\" content=\"index, follow, max-snippet:-1, max-image-preview:large, max-video-preview:-1\" \/>\n<link rel=\"canonical\" href=\"https:\/\/kuzeyinsesi.org\/index.php\/2024\/11\/08\/tcmb-baskani-karahan-2024-ve-2025-yil-sonu-enflasyon-tahminlerimizi-yuzde-44-ve-21-olarak-yukari-yonlu-guncelledik-enflasyonun-2026da-yuzde-12ye-gerileyecegini-ongoruyoruz\/\" \/>\n<meta property=\"og:locale\" content=\"tr_TR\" \/>\n<meta property=\"og:type\" content=\"article\" \/>\n<meta property=\"og:title\" content=\"TCMB Ba\u015fkan\u0131 Karahan: \u201c2024 ve 2025 y\u0131l sonu enflasyon tahminlerimizi y\u00fczde 44 ve 21 olarak yukar\u0131 y\u00f6nl\u00fc g\u00fcncelledik. Enflasyonun 2026\u2019da y\u00fczde 12\u2019ye gerileyece\u011fini \u00f6ng\u00f6r\u00fcyoruz\u201d - Kuzeyin Sesi\" \/>\n<meta property=\"og:description\" content=\"T\u00fcrkiye Cumhuriyet Merkez Bankas\u0131 (TCMB) Ba\u015fkan\u0131 Fatih Karahan, 2024 ve 2025 y\u0131l sonu enflasyon tahminlerini s\u0131ras\u0131yla y\u00fczde 44 ve y\u00fczde 21 olarak yukar\u0131 y\u00f6nl\u00fc g\u00fcncellediklerini belirterek, \u201cEnflasyonun, 2026 y\u0131l sonunda y\u00fczde 12\u2019ye gerileyece\u011fini \u00f6ng\u00f6r\u00fcyoruz.\u201d dedi. Karahan, Merkez Bankas\u0131 \u0130dare Merkezi\u2019nde y\u0131l\u0131n 4. \u201cEnflasyon Raporu\u201dnun tan\u0131t\u0131m\u0131 amac\u0131yla bilgilendirme toplant\u0131s\u0131 d\u00fczenledi. D\u0131\u015f talebe ili\u015fkin varsay\u0131mlar\u0131 koruduklar\u0131n\u0131n alt\u0131n\u0131 [&hellip;]\" \/>\n<meta property=\"og:url\" content=\"https:\/\/kuzeyinsesi.org\/index.php\/2024\/11\/08\/tcmb-baskani-karahan-2024-ve-2025-yil-sonu-enflasyon-tahminlerimizi-yuzde-44-ve-21-olarak-yukari-yonlu-guncelledik-enflasyonun-2026da-yuzde-12ye-gerileyecegini-ongoruyoruz\/\" \/>\n<meta property=\"og:site_name\" content=\"Kuzeyin Sesi\" \/>\n<meta property=\"article:publisher\" content=\"https:\/\/www.facebook.com\/kuzeyinsesii\" \/>\n<meta property=\"article:published_time\" content=\"2024-11-08T11:23:27+00:00\" \/>\n<meta property=\"og:image\" content=\"https:\/\/brtk.net\/wp-content\/uploads\/2024\/11\/08\/karahan.jpg?ver=cb18b252fe8aa86317cf7c8c7c22c4a0\" \/>\n<meta name=\"author\" content=\"Kuzeyin Sesi\" \/>\n<meta name=\"twitter:card\" content=\"summary_large_image\" \/>\n<meta name=\"twitter:creator\" content=\"@kuzeyinsesii\" \/>\n<meta name=\"twitter:site\" content=\"@kuzeyinsesii\" \/>\n<meta name=\"twitter:label1\" content=\"Yazan:\" \/>\n\t<meta name=\"twitter:data1\" content=\"Kuzeyin Sesi\" \/>\n\t<meta name=\"twitter:label2\" content=\"Tahmini okuma s\u00fcresi\" \/>\n\t<meta name=\"twitter:data2\" content=\"3 dakika\" \/>\n<script type=\"application\/ld+json\" class=\"yoast-schema-graph\">{\"@context\":\"https:\\\/\\\/schema.org\",\"@graph\":[{\"@type\":\"Article\",\"@id\":\"https:\\\/\\\/kuzeyinsesi.org\\\/index.php\\\/2024\\\/11\\\/08\\\/tcmb-baskani-karahan-2024-ve-2025-yil-sonu-enflasyon-tahminlerimizi-yuzde-44-ve-21-olarak-yukari-yonlu-guncelledik-enflasyonun-2026da-yuzde-12ye-gerileyecegini-ongoruyoruz\\\/#article\",\"isPartOf\":{\"@id\":\"https:\\\/\\\/kuzeyinsesi.org\\\/index.php\\\/2024\\\/11\\\/08\\\/tcmb-baskani-karahan-2024-ve-2025-yil-sonu-enflasyon-tahminlerimizi-yuzde-44-ve-21-olarak-yukari-yonlu-guncelledik-enflasyonun-2026da-yuzde-12ye-gerileyecegini-ongoruyoruz\\\/\"},\"author\":{\"name\":\"Kuzeyin Sesi\",\"@id\":\"https:\\\/\\\/kuzeyinsesi.org\\\/#\\\/schema\\\/person\\\/9f859689cdf01485597712386e37f5aa\"},\"headline\":\"TCMB Ba\u015fkan\u0131 Karahan: \u201c2024 ve 2025 y\u0131l sonu enflasyon tahminlerimizi y\u00fczde 44 ve 21 olarak yukar\u0131 y\u00f6nl\u00fc g\u00fcncelledik. Enflasyonun 2026\u2019da y\u00fczde 12\u2019ye gerileyece\u011fini \u00f6ng\u00f6r\u00fcyoruz\u201d\",\"datePublished\":\"2024-11-08T11:23:27+00:00\",\"mainEntityOfPage\":{\"@id\":\"https:\\\/\\\/kuzeyinsesi.org\\\/index.php\\\/2024\\\/11\\\/08\\\/tcmb-baskani-karahan-2024-ve-2025-yil-sonu-enflasyon-tahminlerimizi-yuzde-44-ve-21-olarak-yukari-yonlu-guncelledik-enflasyonun-2026da-yuzde-12ye-gerileyecegini-ongoruyoruz\\\/\"},\"wordCount\":710,\"commentCount\":0,\"image\":{\"@id\":\"https:\\\/\\\/kuzeyinsesi.org\\\/index.php\\\/2024\\\/11\\\/08\\\/tcmb-baskani-karahan-2024-ve-2025-yil-sonu-enflasyon-tahminlerimizi-yuzde-44-ve-21-olarak-yukari-yonlu-guncelledik-enflasyonun-2026da-yuzde-12ye-gerileyecegini-ongoruyoruz\\\/#primaryimage\"},\"thumbnailUrl\":\"https:\\\/\\\/kuzeyinsesi.org\\\/wp-content\\\/uploads\\\/2024\\\/11\\\/karahan.jpg\",\"articleSection\":[\"T\u00fcrkiye\"],\"inLanguage\":\"tr\",\"potentialAction\":[{\"@type\":\"CommentAction\",\"name\":\"Comment\",\"target\":[\"https:\\\/\\\/kuzeyinsesi.org\\\/index.php\\\/2024\\\/11\\\/08\\\/tcmb-baskani-karahan-2024-ve-2025-yil-sonu-enflasyon-tahminlerimizi-yuzde-44-ve-21-olarak-yukari-yonlu-guncelledik-enflasyonun-2026da-yuzde-12ye-gerileyecegini-ongoruyoruz\\\/#respond\"]}]},{\"@type\":\"WebPage\",\"@id\":\"https:\\\/\\\/kuzeyinsesi.org\\\/index.php\\\/2024\\\/11\\\/08\\\/tcmb-baskani-karahan-2024-ve-2025-yil-sonu-enflasyon-tahminlerimizi-yuzde-44-ve-21-olarak-yukari-yonlu-guncelledik-enflasyonun-2026da-yuzde-12ye-gerileyecegini-ongoruyoruz\\\/\",\"url\":\"https:\\\/\\\/kuzeyinsesi.org\\\/index.php\\\/2024\\\/11\\\/08\\\/tcmb-baskani-karahan-2024-ve-2025-yil-sonu-enflasyon-tahminlerimizi-yuzde-44-ve-21-olarak-yukari-yonlu-guncelledik-enflasyonun-2026da-yuzde-12ye-gerileyecegini-ongoruyoruz\\\/\",\"name\":\"TCMB Ba\u015fkan\u0131 Karahan: \u201c2024 ve 2025 y\u0131l sonu enflasyon tahminlerimizi y\u00fczde 44 ve 21 olarak yukar\u0131 y\u00f6nl\u00fc g\u00fcncelledik. Enflasyonun 2026\u2019da y\u00fczde 12\u2019ye gerileyece\u011fini \u00f6ng\u00f6r\u00fcyoruz\u201d - Kuzeyin Sesi\",\"isPartOf\":{\"@id\":\"https:\\\/\\\/kuzeyinsesi.org\\\/#website\"},\"primaryImageOfPage\":{\"@id\":\"https:\\\/\\\/kuzeyinsesi.org\\\/index.php\\\/2024\\\/11\\\/08\\\/tcmb-baskani-karahan-2024-ve-2025-yil-sonu-enflasyon-tahminlerimizi-yuzde-44-ve-21-olarak-yukari-yonlu-guncelledik-enflasyonun-2026da-yuzde-12ye-gerileyecegini-ongoruyoruz\\\/#primaryimage\"},\"image\":{\"@id\":\"https:\\\/\\\/kuzeyinsesi.org\\\/index.php\\\/2024\\\/11\\\/08\\\/tcmb-baskani-karahan-2024-ve-2025-yil-sonu-enflasyon-tahminlerimizi-yuzde-44-ve-21-olarak-yukari-yonlu-guncelledik-enflasyonun-2026da-yuzde-12ye-gerileyecegini-ongoruyoruz\\\/#primaryimage\"},\"thumbnailUrl\":\"https:\\\/\\\/kuzeyinsesi.org\\\/wp-content\\\/uploads\\\/2024\\\/11\\\/karahan.jpg\",\"datePublished\":\"2024-11-08T11:23:27+00:00\",\"author\":{\"@id\":\"https:\\\/\\\/kuzeyinsesi.org\\\/#\\\/schema\\\/person\\\/9f859689cdf01485597712386e37f5aa\"},\"breadcrumb\":{\"@id\":\"https:\\\/\\\/kuzeyinsesi.org\\\/index.php\\\/2024\\\/11\\\/08\\\/tcmb-baskani-karahan-2024-ve-2025-yil-sonu-enflasyon-tahminlerimizi-yuzde-44-ve-21-olarak-yukari-yonlu-guncelledik-enflasyonun-2026da-yuzde-12ye-gerileyecegini-ongoruyoruz\\\/#breadcrumb\"},\"inLanguage\":\"tr\",\"potentialAction\":[{\"@type\":\"ReadAction\",\"target\":[\"https:\\\/\\\/kuzeyinsesi.org\\\/index.php\\\/2024\\\/11\\\/08\\\/tcmb-baskani-karahan-2024-ve-2025-yil-sonu-enflasyon-tahminlerimizi-yuzde-44-ve-21-olarak-yukari-yonlu-guncelledik-enflasyonun-2026da-yuzde-12ye-gerileyecegini-ongoruyoruz\\\/\"]}]},{\"@type\":\"ImageObject\",\"inLanguage\":\"tr\",\"@id\":\"https:\\\/\\\/kuzeyinsesi.org\\\/index.php\\\/2024\\\/11\\\/08\\\/tcmb-baskani-karahan-2024-ve-2025-yil-sonu-enflasyon-tahminlerimizi-yuzde-44-ve-21-olarak-yukari-yonlu-guncelledik-enflasyonun-2026da-yuzde-12ye-gerileyecegini-ongoruyoruz\\\/#primaryimage\",\"url\":\"https:\\\/\\\/kuzeyinsesi.org\\\/wp-content\\\/uploads\\\/2024\\\/11\\\/karahan.jpg\",\"contentUrl\":\"https:\\\/\\\/kuzeyinsesi.org\\\/wp-content\\\/uploads\\\/2024\\\/11\\\/karahan.jpg\",\"width\":2048,\"height\":1365},{\"@type\":\"BreadcrumbList\",\"@id\":\"https:\\\/\\\/kuzeyinsesi.org\\\/index.php\\\/2024\\\/11\\\/08\\\/tcmb-baskani-karahan-2024-ve-2025-yil-sonu-enflasyon-tahminlerimizi-yuzde-44-ve-21-olarak-yukari-yonlu-guncelledik-enflasyonun-2026da-yuzde-12ye-gerileyecegini-ongoruyoruz\\\/#breadcrumb\",\"itemListElement\":[{\"@type\":\"ListItem\",\"position\":1,\"name\":\"Anasayfa\",\"item\":\"https:\\\/\\\/kuzeyinsesi.org\\\/\"},{\"@type\":\"ListItem\",\"position\":2,\"name\":\"TCMB Ba\u015fkan\u0131 Karahan: \u201c2024 ve 2025 y\u0131l sonu enflasyon tahminlerimizi y\u00fczde 44 ve 21 olarak yukar\u0131 y\u00f6nl\u00fc g\u00fcncelledik. Enflasyonun 2026\u2019da y\u00fczde 12\u2019ye gerileyece\u011fini \u00f6ng\u00f6r\u00fcyoruz\u201d\"}]},{\"@type\":\"WebSite\",\"@id\":\"https:\\\/\\\/kuzeyinsesi.org\\\/#website\",\"url\":\"https:\\\/\\\/kuzeyinsesi.org\\\/\",\"name\":\"Kuzeyin Sesi\",\"description\":\"Do\u011fru Haberin Adresi\",\"potentialAction\":[{\"@type\":\"SearchAction\",\"target\":{\"@type\":\"EntryPoint\",\"urlTemplate\":\"https:\\\/\\\/kuzeyinsesi.org\\\/?s={search_term_string}\"},\"query-input\":{\"@type\":\"PropertyValueSpecification\",\"valueRequired\":true,\"valueName\":\"search_term_string\"}}],\"inLanguage\":\"tr\"},{\"@type\":\"Person\",\"@id\":\"https:\\\/\\\/kuzeyinsesi.org\\\/#\\\/schema\\\/person\\\/9f859689cdf01485597712386e37f5aa\",\"name\":\"Kuzeyin Sesi\",\"image\":{\"@type\":\"ImageObject\",\"inLanguage\":\"tr\",\"@id\":\"https:\\\/\\\/secure.gravatar.com\\\/avatar\\\/bab33852abfd8b282518d6ed81826833d77c3c882d9ab608add591ccace47a44?s=96&d=mm&r=g\",\"url\":\"https:\\\/\\\/secure.gravatar.com\\\/avatar\\\/bab33852abfd8b282518d6ed81826833d77c3c882d9ab608add591ccace47a44?s=96&d=mm&r=g\",\"contentUrl\":\"https:\\\/\\\/secure.gravatar.com\\\/avatar\\\/bab33852abfd8b282518d6ed81826833d77c3c882d9ab608add591ccace47a44?s=96&d=mm&r=g\",\"caption\":\"Kuzeyin Sesi\"},\"sameAs\":[\"https:\\\/\\\/kuzeyinsesi.org\"],\"url\":\"https:\\\/\\\/kuzeyinsesi.org\\\/index.php\\\/author\\\/guven\\\/\"}]}<\/script>\n<!-- \/ Yoast SEO plugin. -->","yoast_head_json":{"title":"TCMB Ba\u015fkan\u0131 Karahan: \u201c2024 ve 2025 y\u0131l sonu enflasyon tahminlerimizi y\u00fczde 44 ve 21 olarak yukar\u0131 y\u00f6nl\u00fc g\u00fcncelledik. Enflasyonun 2026\u2019da y\u00fczde 12\u2019ye gerileyece\u011fini \u00f6ng\u00f6r\u00fcyoruz\u201d - Kuzeyin Sesi","robots":{"index":"index","follow":"follow","max-snippet":"max-snippet:-1","max-image-preview":"max-image-preview:large","max-video-preview":"max-video-preview:-1"},"canonical":"https:\/\/kuzeyinsesi.org\/index.php\/2024\/11\/08\/tcmb-baskani-karahan-2024-ve-2025-yil-sonu-enflasyon-tahminlerimizi-yuzde-44-ve-21-olarak-yukari-yonlu-guncelledik-enflasyonun-2026da-yuzde-12ye-gerileyecegini-ongoruyoruz\/","og_locale":"tr_TR","og_type":"article","og_title":"TCMB Ba\u015fkan\u0131 Karahan: \u201c2024 ve 2025 y\u0131l sonu enflasyon tahminlerimizi y\u00fczde 44 ve 21 olarak yukar\u0131 y\u00f6nl\u00fc g\u00fcncelledik. Enflasyonun 2026\u2019da y\u00fczde 12\u2019ye gerileyece\u011fini \u00f6ng\u00f6r\u00fcyoruz\u201d - Kuzeyin Sesi","og_description":"T\u00fcrkiye Cumhuriyet Merkez Bankas\u0131 (TCMB) Ba\u015fkan\u0131 Fatih Karahan, 2024 ve 2025 y\u0131l sonu enflasyon tahminlerini s\u0131ras\u0131yla y\u00fczde 44 ve y\u00fczde 21 olarak yukar\u0131 y\u00f6nl\u00fc g\u00fcncellediklerini belirterek, \u201cEnflasyonun, 2026 y\u0131l sonunda y\u00fczde 12\u2019ye gerileyece\u011fini \u00f6ng\u00f6r\u00fcyoruz.\u201d dedi. Karahan, Merkez Bankas\u0131 \u0130dare Merkezi\u2019nde y\u0131l\u0131n 4. \u201cEnflasyon Raporu\u201dnun tan\u0131t\u0131m\u0131 amac\u0131yla bilgilendirme toplant\u0131s\u0131 d\u00fczenledi. D\u0131\u015f talebe ili\u015fkin varsay\u0131mlar\u0131 koruduklar\u0131n\u0131n alt\u0131n\u0131 [&hellip;]","og_url":"https:\/\/kuzeyinsesi.org\/index.php\/2024\/11\/08\/tcmb-baskani-karahan-2024-ve-2025-yil-sonu-enflasyon-tahminlerimizi-yuzde-44-ve-21-olarak-yukari-yonlu-guncelledik-enflasyonun-2026da-yuzde-12ye-gerileyecegini-ongoruyoruz\/","og_site_name":"Kuzeyin Sesi","article_publisher":"https:\/\/www.facebook.com\/kuzeyinsesii","article_published_time":"2024-11-08T11:23:27+00:00","og_image":[{"url":"https:\/\/brtk.net\/wp-content\/uploads\/2024\/11\/08\/karahan.jpg?ver=cb18b252fe8aa86317cf7c8c7c22c4a0","type":"","width":"","height":""}],"author":"Kuzeyin Sesi","twitter_card":"summary_large_image","twitter_creator":"@kuzeyinsesii","twitter_site":"@kuzeyinsesii","twitter_misc":{"Yazan:":"Kuzeyin Sesi","Tahmini okuma s\u00fcresi":"3 dakika"},"schema":{"@context":"https:\/\/schema.org","@graph":[{"@type":"Article","@id":"https:\/\/kuzeyinsesi.org\/index.php\/2024\/11\/08\/tcmb-baskani-karahan-2024-ve-2025-yil-sonu-enflasyon-tahminlerimizi-yuzde-44-ve-21-olarak-yukari-yonlu-guncelledik-enflasyonun-2026da-yuzde-12ye-gerileyecegini-ongoruyoruz\/#article","isPartOf":{"@id":"https:\/\/kuzeyinsesi.org\/index.php\/2024\/11\/08\/tcmb-baskani-karahan-2024-ve-2025-yil-sonu-enflasyon-tahminlerimizi-yuzde-44-ve-21-olarak-yukari-yonlu-guncelledik-enflasyonun-2026da-yuzde-12ye-gerileyecegini-ongoruyoruz\/"},"author":{"name":"Kuzeyin Sesi","@id":"https:\/\/kuzeyinsesi.org\/#\/schema\/person\/9f859689cdf01485597712386e37f5aa"},"headline":"TCMB Ba\u015fkan\u0131 Karahan: \u201c2024 ve 2025 y\u0131l sonu enflasyon tahminlerimizi y\u00fczde 44 ve 21 olarak yukar\u0131 y\u00f6nl\u00fc g\u00fcncelledik. Enflasyonun 2026\u2019da y\u00fczde 12\u2019ye gerileyece\u011fini \u00f6ng\u00f6r\u00fcyoruz\u201d","datePublished":"2024-11-08T11:23:27+00:00","mainEntityOfPage":{"@id":"https:\/\/kuzeyinsesi.org\/index.php\/2024\/11\/08\/tcmb-baskani-karahan-2024-ve-2025-yil-sonu-enflasyon-tahminlerimizi-yuzde-44-ve-21-olarak-yukari-yonlu-guncelledik-enflasyonun-2026da-yuzde-12ye-gerileyecegini-ongoruyoruz\/"},"wordCount":710,"commentCount":0,"image":{"@id":"https:\/\/kuzeyinsesi.org\/index.php\/2024\/11\/08\/tcmb-baskani-karahan-2024-ve-2025-yil-sonu-enflasyon-tahminlerimizi-yuzde-44-ve-21-olarak-yukari-yonlu-guncelledik-enflasyonun-2026da-yuzde-12ye-gerileyecegini-ongoruyoruz\/#primaryimage"},"thumbnailUrl":"https:\/\/kuzeyinsesi.org\/wp-content\/uploads\/2024\/11\/karahan.jpg","articleSection":["T\u00fcrkiye"],"inLanguage":"tr","potentialAction":[{"@type":"CommentAction","name":"Comment","target":["https:\/\/kuzeyinsesi.org\/index.php\/2024\/11\/08\/tcmb-baskani-karahan-2024-ve-2025-yil-sonu-enflasyon-tahminlerimizi-yuzde-44-ve-21-olarak-yukari-yonlu-guncelledik-enflasyonun-2026da-yuzde-12ye-gerileyecegini-ongoruyoruz\/#respond"]}]},{"@type":"WebPage","@id":"https:\/\/kuzeyinsesi.org\/index.php\/2024\/11\/08\/tcmb-baskani-karahan-2024-ve-2025-yil-sonu-enflasyon-tahminlerimizi-yuzde-44-ve-21-olarak-yukari-yonlu-guncelledik-enflasyonun-2026da-yuzde-12ye-gerileyecegini-ongoruyoruz\/","url":"https:\/\/kuzeyinsesi.org\/index.php\/2024\/11\/08\/tcmb-baskani-karahan-2024-ve-2025-yil-sonu-enflasyon-tahminlerimizi-yuzde-44-ve-21-olarak-yukari-yonlu-guncelledik-enflasyonun-2026da-yuzde-12ye-gerileyecegini-ongoruyoruz\/","name":"TCMB Ba\u015fkan\u0131 Karahan: \u201c2024 ve 2025 y\u0131l sonu enflasyon tahminlerimizi y\u00fczde 44 ve 21 olarak yukar\u0131 y\u00f6nl\u00fc g\u00fcncelledik. Enflasyonun 2026\u2019da y\u00fczde 12\u2019ye gerileyece\u011fini \u00f6ng\u00f6r\u00fcyoruz\u201d - Kuzeyin Sesi","isPartOf":{"@id":"https:\/\/kuzeyinsesi.org\/#website"},"primaryImageOfPage":{"@id":"https:\/\/kuzeyinsesi.org\/index.php\/2024\/11\/08\/tcmb-baskani-karahan-2024-ve-2025-yil-sonu-enflasyon-tahminlerimizi-yuzde-44-ve-21-olarak-yukari-yonlu-guncelledik-enflasyonun-2026da-yuzde-12ye-gerileyecegini-ongoruyoruz\/#primaryimage"},"image":{"@id":"https:\/\/kuzeyinsesi.org\/index.php\/2024\/11\/08\/tcmb-baskani-karahan-2024-ve-2025-yil-sonu-enflasyon-tahminlerimizi-yuzde-44-ve-21-olarak-yukari-yonlu-guncelledik-enflasyonun-2026da-yuzde-12ye-gerileyecegini-ongoruyoruz\/#primaryimage"},"thumbnailUrl":"https:\/\/kuzeyinsesi.org\/wp-content\/uploads\/2024\/11\/karahan.jpg","datePublished":"2024-11-08T11:23:27+00:00","author":{"@id":"https:\/\/kuzeyinsesi.org\/#\/schema\/person\/9f859689cdf01485597712386e37f5aa"},"breadcrumb":{"@id":"https:\/\/kuzeyinsesi.org\/index.php\/2024\/11\/08\/tcmb-baskani-karahan-2024-ve-2025-yil-sonu-enflasyon-tahminlerimizi-yuzde-44-ve-21-olarak-yukari-yonlu-guncelledik-enflasyonun-2026da-yuzde-12ye-gerileyecegini-ongoruyoruz\/#breadcrumb"},"inLanguage":"tr","potentialAction":[{"@type":"ReadAction","target":["https:\/\/kuzeyinsesi.org\/index.php\/2024\/11\/08\/tcmb-baskani-karahan-2024-ve-2025-yil-sonu-enflasyon-tahminlerimizi-yuzde-44-ve-21-olarak-yukari-yonlu-guncelledik-enflasyonun-2026da-yuzde-12ye-gerileyecegini-ongoruyoruz\/"]}]},{"@type":"ImageObject","inLanguage":"tr","@id":"https:\/\/kuzeyinsesi.org\/index.php\/2024\/11\/08\/tcmb-baskani-karahan-2024-ve-2025-yil-sonu-enflasyon-tahminlerimizi-yuzde-44-ve-21-olarak-yukari-yonlu-guncelledik-enflasyonun-2026da-yuzde-12ye-gerileyecegini-ongoruyoruz\/#primaryimage","url":"https:\/\/kuzeyinsesi.org\/wp-content\/uploads\/2024\/11\/karahan.jpg","contentUrl":"https:\/\/kuzeyinsesi.org\/wp-content\/uploads\/2024\/11\/karahan.jpg","width":2048,"height":1365},{"@type":"BreadcrumbList","@id":"https:\/\/kuzeyinsesi.org\/index.php\/2024\/11\/08\/tcmb-baskani-karahan-2024-ve-2025-yil-sonu-enflasyon-tahminlerimizi-yuzde-44-ve-21-olarak-yukari-yonlu-guncelledik-enflasyonun-2026da-yuzde-12ye-gerileyecegini-ongoruyoruz\/#breadcrumb","itemListElement":[{"@type":"ListItem","position":1,"name":"Anasayfa","item":"https:\/\/kuzeyinsesi.org\/"},{"@type":"ListItem","position":2,"name":"TCMB Ba\u015fkan\u0131 Karahan: \u201c2024 ve 2025 y\u0131l sonu enflasyon tahminlerimizi y\u00fczde 44 ve 21 olarak yukar\u0131 y\u00f6nl\u00fc g\u00fcncelledik. Enflasyonun 2026\u2019da y\u00fczde 12\u2019ye gerileyece\u011fini \u00f6ng\u00f6r\u00fcyoruz\u201d"}]},{"@type":"WebSite","@id":"https:\/\/kuzeyinsesi.org\/#website","url":"https:\/\/kuzeyinsesi.org\/","name":"Kuzeyin Sesi","description":"Do\u011fru Haberin Adresi","potentialAction":[{"@type":"SearchAction","target":{"@type":"EntryPoint","urlTemplate":"https:\/\/kuzeyinsesi.org\/?s={search_term_string}"},"query-input":{"@type":"PropertyValueSpecification","valueRequired":true,"valueName":"search_term_string"}}],"inLanguage":"tr"},{"@type":"Person","@id":"https:\/\/kuzeyinsesi.org\/#\/schema\/person\/9f859689cdf01485597712386e37f5aa","name":"Kuzeyin Sesi","image":{"@type":"ImageObject","inLanguage":"tr","@id":"https:\/\/secure.gravatar.com\/avatar\/bab33852abfd8b282518d6ed81826833d77c3c882d9ab608add591ccace47a44?s=96&d=mm&r=g","url":"https:\/\/secure.gravatar.com\/avatar\/bab33852abfd8b282518d6ed81826833d77c3c882d9ab608add591ccace47a44?s=96&d=mm&r=g","contentUrl":"https:\/\/secure.gravatar.com\/avatar\/bab33852abfd8b282518d6ed81826833d77c3c882d9ab608add591ccace47a44?s=96&d=mm&r=g","caption":"Kuzeyin Sesi"},"sameAs":["https:\/\/kuzeyinsesi.org"],"url":"https:\/\/kuzeyinsesi.org\/index.php\/author\/guven\/"}]}},"_links":{"self":[{"href":"https:\/\/kuzeyinsesi.org\/index.php\/wp-json\/wp\/v2\/posts\/13079","targetHints":{"allow":["GET"]}}],"collection":[{"href":"https:\/\/kuzeyinsesi.org\/index.php\/wp-json\/wp\/v2\/posts"}],"about":[{"href":"https:\/\/kuzeyinsesi.org\/index.php\/wp-json\/wp\/v2\/types\/post"}],"author":[{"embeddable":true,"href":"https:\/\/kuzeyinsesi.org\/index.php\/wp-json\/wp\/v2\/users\/1"}],"replies":[{"embeddable":true,"href":"https:\/\/kuzeyinsesi.org\/index.php\/wp-json\/wp\/v2\/comments?post=13079"}],"version-history":[{"count":0,"href":"https:\/\/kuzeyinsesi.org\/index.php\/wp-json\/wp\/v2\/posts\/13079\/revisions"}],"wp:featuredmedia":[{"embeddable":true,"href":"https:\/\/kuzeyinsesi.org\/index.php\/wp-json\/wp\/v2\/media\/13080"}],"wp:attachment":[{"href":"https:\/\/kuzeyinsesi.org\/index.php\/wp-json\/wp\/v2\/media?parent=13079"}],"wp:term":[{"taxonomy":"category","embeddable":true,"href":"https:\/\/kuzeyinsesi.org\/index.php\/wp-json\/wp\/v2\/categories?post=13079"},{"taxonomy":"post_tag","embeddable":true,"href":"https:\/\/kuzeyinsesi.org\/index.php\/wp-json\/wp\/v2\/tags?post=13079"}],"curies":[{"name":"wp","href":"https:\/\/api.w.org\/{rel}","templated":true}]}}