{"id":1307,"date":"2024-05-04T17:42:08","date_gmt":"2024-05-04T14:42:08","guid":{"rendered":"https:\/\/kuzeyinsesi.com\/index.php\/2024\/05\/04\/bahar-esintileri-sanat-dernegi-korosu-bakude-konser-verecek\/"},"modified":"2024-05-04T17:42:08","modified_gmt":"2024-05-04T14:42:08","slug":"bahar-esintileri-sanat-dernegi-korosu-bakude-konser-verecek","status":"publish","type":"post","link":"https:\/\/kuzeyinsesi.org\/index.php\/2024\/05\/04\/bahar-esintileri-sanat-dernegi-korosu-bakude-konser-verecek\/","title":{"rendered":"Bahar Esintileri Sanat Derne\u011fi Korosu Bak\u00fc\u2019de konser verecek"},"content":{"rendered":"<div>\n<div class=\"mariselle-image-container center\">\n                                            <\/div>\n<p> Bahar Esintileri Sanat Derne\u011fi Korosu, Haydar Aliyev\u2019in 100.Do\u011fum G\u00fcn\u00fc m\u00fcnasebetiyle Bak\u00fc\u2019de yap\u0131lacak etkinliklerde Azerbaycan\u2019\u0131n \u00fcnl\u00fc orkestras\u0131 Nargiz Aliyeva y\u00f6netimindeki Buta \u0130nstrumental Orkestras\u0131 e\u015fli\u011finde konser veriyor.<\/p>\n<p>Dernekten yap\u0131lan a\u00e7\u0131klamaya g\u00f6re, KKTC Bak\u00fc Temsilcili\u011fi, Azerbaycan Kad\u0131n Giri\u015fimcili\u011fini Geli\u015ftirme Derne\u011fi ve Tekam\u00fcl ve \u0130nteqrasiyon Uluslararasi Sivil Toplum Kurulu\u015fu\u2019nun ortakla\u015fa organize etti\u011fi \u201cGon\u00fclden G\u00f6n\u00fcle Karde\u015flik \u015eark\u0131lar\u0131\u201d konseri 16 May\u0131s\u2019ta Milli Konservatuar Salonu\u2019nda yer alacak.<\/p>\n<\/p><\/div>\n<p><script async\n                    defer\n                    crossorigin=\"anonymous\"\n                    src=\"https:\/\/connect.facebook.net\/tr_TR\/sdk.js#xfbml=1&#038;version=v3.3\"\n            ><\/script><\/p>\n","protected":false},"excerpt":{"rendered":"<p>Bahar Esintileri Sanat Derne\u011fi Korosu, Haydar Aliyev\u2019in 100.Do\u011fum G\u00fcn\u00fc m\u00fcnasebetiyle Bak\u00fc\u2019de yap\u0131lacak etkinliklerde Azerbaycan\u2019\u0131n \u00fcnl\u00fc orkestras\u0131 Nargiz Aliyeva y\u00f6netimindeki Buta \u0130nstrumental Orkestras\u0131 e\u015fli\u011finde konser veriyor. Dernekten yap\u0131lan a\u00e7\u0131klamaya g\u00f6re, KKTC Bak\u00fc Temsilcili\u011fi, Azerbaycan Kad\u0131n Giri\u015fimcili\u011fini Geli\u015ftirme Derne\u011fi ve Tekam\u00fcl ve \u0130nteqrasiyon Uluslararasi Sivil Toplum Kurulu\u015fu\u2019nun ortakla\u015fa organize etti\u011fi \u201cGon\u00fclden G\u00f6n\u00fcle Karde\u015flik \u015eark\u0131lar\u0131\u201d konseri 16 May\u0131s\u2019ta [&hellip;]<\/p>\n","protected":false},"author":1,"featured_media":1308,"comment_status":"open","ping_status":"open","sticky":false,"template":"","format":"standard","meta":{"jnews-multi-image_gallery":[],"jnews_single_post":[],"jnews_primary_category":[],"jnews_social_meta":[],"jnews_override_counter":[],"footnotes":""},"categories":[6],"tags":[],"class_list":["post-1307","post","type-post","status-publish","format-standard","has-post-thumbnail","hentry","category-yasam"],"yoast_head":"<!-- This site is optimized with the Yoast SEO plugin v27.5 - https:\/\/yoast.com\/product\/yoast-seo-wordpress\/ -->\n<title>Bahar Esintileri Sanat Derne\u011fi Korosu Bak\u00fc\u2019de konser verecek - Kuzeyin Sesi<\/title>\n<meta name=\"robots\" content=\"index, follow, max-snippet:-1, max-image-preview:large, max-video-preview:-1\" \/>\n<link rel=\"canonical\" href=\"https:\/\/kuzeyinsesi.org\/index.php\/2024\/05\/04\/bahar-esintileri-sanat-dernegi-korosu-bakude-konser-verecek\/\" \/>\n<meta property=\"og:locale\" content=\"tr_TR\" \/>\n<meta property=\"og:type\" content=\"article\" \/>\n<meta property=\"og:title\" content=\"Bahar Esintileri Sanat Derne\u011fi Korosu Bak\u00fc\u2019de konser verecek - Kuzeyin Sesi\" \/>\n<meta property=\"og:description\" content=\"Bahar Esintileri Sanat Derne\u011fi Korosu, Haydar Aliyev\u2019in 100.Do\u011fum G\u00fcn\u00fc m\u00fcnasebetiyle Bak\u00fc\u2019de yap\u0131lacak etkinliklerde Azerbaycan\u2019\u0131n \u00fcnl\u00fc orkestras\u0131 Nargiz Aliyeva y\u00f6netimindeki Buta \u0130nstrumental Orkestras\u0131 e\u015fli\u011finde konser veriyor. Dernekten yap\u0131lan a\u00e7\u0131klamaya g\u00f6re, KKTC Bak\u00fc Temsilcili\u011fi, Azerbaycan Kad\u0131n Giri\u015fimcili\u011fini Geli\u015ftirme Derne\u011fi ve Tekam\u00fcl ve \u0130nteqrasiyon Uluslararasi Sivil Toplum Kurulu\u015fu\u2019nun ortakla\u015fa organize etti\u011fi \u201cGon\u00fclden G\u00f6n\u00fcle Karde\u015flik \u015eark\u0131lar\u0131\u201d konseri 16 May\u0131s\u2019ta [&hellip;]\" \/>\n<meta property=\"og:url\" content=\"https:\/\/kuzeyinsesi.org\/index.php\/2024\/05\/04\/bahar-esintileri-sanat-dernegi-korosu-bakude-konser-verecek\/\" \/>\n<meta property=\"og:site_name\" content=\"Kuzeyin Sesi\" \/>\n<meta property=\"article:publisher\" content=\"https:\/\/www.facebook.com\/kuzeyinsesii\" \/>\n<meta property=\"article:published_time\" content=\"2024-05-04T14:42:08+00:00\" \/>\n<meta property=\"og:image\" content=\"https:\/\/kuzeyinsesi.org\/wp-content\/uploads\/2024\/05\/bahar-esinti.webp.webp\" \/>\n\t<meta property=\"og:image:width\" content=\"710\" \/>\n\t<meta property=\"og:image:height\" content=\"370\" \/>\n\t<meta property=\"og:image:type\" content=\"image\/webp\" \/>\n<meta name=\"author\" content=\"Kuzeyin Sesi\" \/>\n<meta name=\"twitter:card\" content=\"summary_large_image\" \/>\n<meta name=\"twitter:creator\" content=\"@kuzeyinsesii\" \/>\n<meta name=\"twitter:site\" content=\"@kuzeyinsesii\" \/>\n<meta name=\"twitter:label1\" content=\"Yazan:\" \/>\n\t<meta name=\"twitter:data1\" content=\"Kuzeyin Sesi\" \/>\n<script type=\"application\/ld+json\" class=\"yoast-schema-graph\">{\"@context\":\"https:\\\/\\\/schema.org\",\"@graph\":[{\"@type\":\"Article\",\"@id\":\"https:\\\/\\\/kuzeyinsesi.org\\\/index.php\\\/2024\\\/05\\\/04\\\/bahar-esintileri-sanat-dernegi-korosu-bakude-konser-verecek\\\/#article\",\"isPartOf\":{\"@id\":\"https:\\\/\\\/kuzeyinsesi.org\\\/index.php\\\/2024\\\/05\\\/04\\\/bahar-esintileri-sanat-dernegi-korosu-bakude-konser-verecek\\\/\"},\"author\":{\"name\":\"Kuzeyin Sesi\",\"@id\":\"https:\\\/\\\/kuzeyinsesi.org\\\/#\\\/schema\\\/person\\\/9f859689cdf01485597712386e37f5aa\"},\"headline\":\"Bahar Esintileri Sanat Derne\u011fi Korosu Bak\u00fc\u2019de konser verecek\",\"datePublished\":\"2024-05-04T14:42:08+00:00\",\"mainEntityOfPage\":{\"@id\":\"https:\\\/\\\/kuzeyinsesi.org\\\/index.php\\\/2024\\\/05\\\/04\\\/bahar-esintileri-sanat-dernegi-korosu-bakude-konser-verecek\\\/\"},\"wordCount\":102,\"commentCount\":0,\"image\":{\"@id\":\"https:\\\/\\\/kuzeyinsesi.org\\\/index.php\\\/2024\\\/05\\\/04\\\/bahar-esintileri-sanat-dernegi-korosu-bakude-konser-verecek\\\/#primaryimage\"},\"thumbnailUrl\":\"https:\\\/\\\/kuzeyinsesi.org\\\/wp-content\\\/uploads\\\/2024\\\/05\\\/bahar-esinti.webp.webp\",\"articleSection\":[\"Ya\u015fam\"],\"inLanguage\":\"tr\",\"potentialAction\":[{\"@type\":\"CommentAction\",\"name\":\"Comment\",\"target\":[\"https:\\\/\\\/kuzeyinsesi.org\\\/index.php\\\/2024\\\/05\\\/04\\\/bahar-esintileri-sanat-dernegi-korosu-bakude-konser-verecek\\\/#respond\"]}]},{\"@type\":\"WebPage\",\"@id\":\"https:\\\/\\\/kuzeyinsesi.org\\\/index.php\\\/2024\\\/05\\\/04\\\/bahar-esintileri-sanat-dernegi-korosu-bakude-konser-verecek\\\/\",\"url\":\"https:\\\/\\\/kuzeyinsesi.org\\\/index.php\\\/2024\\\/05\\\/04\\\/bahar-esintileri-sanat-dernegi-korosu-bakude-konser-verecek\\\/\",\"name\":\"Bahar Esintileri Sanat Derne\u011fi Korosu Bak\u00fc\u2019de konser verecek - Kuzeyin Sesi\",\"isPartOf\":{\"@id\":\"https:\\\/\\\/kuzeyinsesi.org\\\/#website\"},\"primaryImageOfPage\":{\"@id\":\"https:\\\/\\\/kuzeyinsesi.org\\\/index.php\\\/2024\\\/05\\\/04\\\/bahar-esintileri-sanat-dernegi-korosu-bakude-konser-verecek\\\/#primaryimage\"},\"image\":{\"@id\":\"https:\\\/\\\/kuzeyinsesi.org\\\/index.php\\\/2024\\\/05\\\/04\\\/bahar-esintileri-sanat-dernegi-korosu-bakude-konser-verecek\\\/#primaryimage\"},\"thumbnailUrl\":\"https:\\\/\\\/kuzeyinsesi.org\\\/wp-content\\\/uploads\\\/2024\\\/05\\\/bahar-esinti.webp.webp\",\"datePublished\":\"2024-05-04T14:42:08+00:00\",\"author\":{\"@id\":\"https:\\\/\\\/kuzeyinsesi.org\\\/#\\\/schema\\\/person\\\/9f859689cdf01485597712386e37f5aa\"},\"breadcrumb\":{\"@id\":\"https:\\\/\\\/kuzeyinsesi.org\\\/index.php\\\/2024\\\/05\\\/04\\\/bahar-esintileri-sanat-dernegi-korosu-bakude-konser-verecek\\\/#breadcrumb\"},\"inLanguage\":\"tr\",\"potentialAction\":[{\"@type\":\"ReadAction\",\"target\":[\"https:\\\/\\\/kuzeyinsesi.org\\\/index.php\\\/2024\\\/05\\\/04\\\/bahar-esintileri-sanat-dernegi-korosu-bakude-konser-verecek\\\/\"]}]},{\"@type\":\"ImageObject\",\"inLanguage\":\"tr\",\"@id\":\"https:\\\/\\\/kuzeyinsesi.org\\\/index.php\\\/2024\\\/05\\\/04\\\/bahar-esintileri-sanat-dernegi-korosu-bakude-konser-verecek\\\/#primaryimage\",\"url\":\"https:\\\/\\\/kuzeyinsesi.org\\\/wp-content\\\/uploads\\\/2024\\\/05\\\/bahar-esinti.webp.webp\",\"contentUrl\":\"https:\\\/\\\/kuzeyinsesi.org\\\/wp-content\\\/uploads\\\/2024\\\/05\\\/bahar-esinti.webp.webp\",\"width\":710,\"height\":370},{\"@type\":\"BreadcrumbList\",\"@id\":\"https:\\\/\\\/kuzeyinsesi.org\\\/index.php\\\/2024\\\/05\\\/04\\\/bahar-esintileri-sanat-dernegi-korosu-bakude-konser-verecek\\\/#breadcrumb\",\"itemListElement\":[{\"@type\":\"ListItem\",\"position\":1,\"name\":\"Anasayfa\",\"item\":\"https:\\\/\\\/kuzeyinsesi.org\\\/\"},{\"@type\":\"ListItem\",\"position\":2,\"name\":\"Bahar Esintileri Sanat Derne\u011fi Korosu Bak\u00fc\u2019de konser verecek\"}]},{\"@type\":\"WebSite\",\"@id\":\"https:\\\/\\\/kuzeyinsesi.org\\\/#website\",\"url\":\"https:\\\/\\\/kuzeyinsesi.org\\\/\",\"name\":\"Kuzeyin Sesi\",\"description\":\"Do\u011fru Haberin Adresi\",\"potentialAction\":[{\"@type\":\"SearchAction\",\"target\":{\"@type\":\"EntryPoint\",\"urlTemplate\":\"https:\\\/\\\/kuzeyinsesi.org\\\/?s={search_term_string}\"},\"query-input\":{\"@type\":\"PropertyValueSpecification\",\"valueRequired\":true,\"valueName\":\"search_term_string\"}}],\"inLanguage\":\"tr\"},{\"@type\":\"Person\",\"@id\":\"https:\\\/\\\/kuzeyinsesi.org\\\/#\\\/schema\\\/person\\\/9f859689cdf01485597712386e37f5aa\",\"name\":\"Kuzeyin Sesi\",\"image\":{\"@type\":\"ImageObject\",\"inLanguage\":\"tr\",\"@id\":\"https:\\\/\\\/secure.gravatar.com\\\/avatar\\\/bab33852abfd8b282518d6ed81826833d77c3c882d9ab608add591ccace47a44?s=96&d=mm&r=g\",\"url\":\"https:\\\/\\\/secure.gravatar.com\\\/avatar\\\/bab33852abfd8b282518d6ed81826833d77c3c882d9ab608add591ccace47a44?s=96&d=mm&r=g\",\"contentUrl\":\"https:\\\/\\\/secure.gravatar.com\\\/avatar\\\/bab33852abfd8b282518d6ed81826833d77c3c882d9ab608add591ccace47a44?s=96&d=mm&r=g\",\"caption\":\"Kuzeyin Sesi\"},\"sameAs\":[\"https:\\\/\\\/kuzeyinsesi.org\"],\"url\":\"https:\\\/\\\/kuzeyinsesi.org\\\/index.php\\\/author\\\/guven\\\/\"}]}<\/script>\n<!-- \/ Yoast SEO plugin. -->","yoast_head_json":{"title":"Bahar Esintileri Sanat Derne\u011fi Korosu Bak\u00fc\u2019de konser verecek - Kuzeyin Sesi","robots":{"index":"index","follow":"follow","max-snippet":"max-snippet:-1","max-image-preview":"max-image-preview:large","max-video-preview":"max-video-preview:-1"},"canonical":"https:\/\/kuzeyinsesi.org\/index.php\/2024\/05\/04\/bahar-esintileri-sanat-dernegi-korosu-bakude-konser-verecek\/","og_locale":"tr_TR","og_type":"article","og_title":"Bahar Esintileri Sanat Derne\u011fi Korosu Bak\u00fc\u2019de konser verecek - Kuzeyin Sesi","og_description":"Bahar Esintileri Sanat Derne\u011fi Korosu, Haydar Aliyev\u2019in 100.Do\u011fum G\u00fcn\u00fc m\u00fcnasebetiyle Bak\u00fc\u2019de yap\u0131lacak etkinliklerde Azerbaycan\u2019\u0131n \u00fcnl\u00fc orkestras\u0131 Nargiz Aliyeva y\u00f6netimindeki Buta \u0130nstrumental Orkestras\u0131 e\u015fli\u011finde konser veriyor. Dernekten yap\u0131lan a\u00e7\u0131klamaya g\u00f6re, KKTC Bak\u00fc Temsilcili\u011fi, Azerbaycan Kad\u0131n Giri\u015fimcili\u011fini Geli\u015ftirme Derne\u011fi ve Tekam\u00fcl ve \u0130nteqrasiyon Uluslararasi Sivil Toplum Kurulu\u015fu\u2019nun ortakla\u015fa organize etti\u011fi \u201cGon\u00fclden G\u00f6n\u00fcle Karde\u015flik \u015eark\u0131lar\u0131\u201d konseri 16 May\u0131s\u2019ta [&hellip;]","og_url":"https:\/\/kuzeyinsesi.org\/index.php\/2024\/05\/04\/bahar-esintileri-sanat-dernegi-korosu-bakude-konser-verecek\/","og_site_name":"Kuzeyin Sesi","article_publisher":"https:\/\/www.facebook.com\/kuzeyinsesii","article_published_time":"2024-05-04T14:42:08+00:00","og_image":[{"width":710,"height":370,"url":"https:\/\/kuzeyinsesi.org\/wp-content\/uploads\/2024\/05\/bahar-esinti.webp.webp","type":"image\/webp"}],"author":"Kuzeyin Sesi","twitter_card":"summary_large_image","twitter_creator":"@kuzeyinsesii","twitter_site":"@kuzeyinsesii","twitter_misc":{"Yazan:":"Kuzeyin Sesi"},"schema":{"@context":"https:\/\/schema.org","@graph":[{"@type":"Article","@id":"https:\/\/kuzeyinsesi.org\/index.php\/2024\/05\/04\/bahar-esintileri-sanat-dernegi-korosu-bakude-konser-verecek\/#article","isPartOf":{"@id":"https:\/\/kuzeyinsesi.org\/index.php\/2024\/05\/04\/bahar-esintileri-sanat-dernegi-korosu-bakude-konser-verecek\/"},"author":{"name":"Kuzeyin Sesi","@id":"https:\/\/kuzeyinsesi.org\/#\/schema\/person\/9f859689cdf01485597712386e37f5aa"},"headline":"Bahar Esintileri Sanat Derne\u011fi Korosu Bak\u00fc\u2019de konser verecek","datePublished":"2024-05-04T14:42:08+00:00","mainEntityOfPage":{"@id":"https:\/\/kuzeyinsesi.org\/index.php\/2024\/05\/04\/bahar-esintileri-sanat-dernegi-korosu-bakude-konser-verecek\/"},"wordCount":102,"commentCount":0,"image":{"@id":"https:\/\/kuzeyinsesi.org\/index.php\/2024\/05\/04\/bahar-esintileri-sanat-dernegi-korosu-bakude-konser-verecek\/#primaryimage"},"thumbnailUrl":"https:\/\/kuzeyinsesi.org\/wp-content\/uploads\/2024\/05\/bahar-esinti.webp.webp","articleSection":["Ya\u015fam"],"inLanguage":"tr","potentialAction":[{"@type":"CommentAction","name":"Comment","target":["https:\/\/kuzeyinsesi.org\/index.php\/2024\/05\/04\/bahar-esintileri-sanat-dernegi-korosu-bakude-konser-verecek\/#respond"]}]},{"@type":"WebPage","@id":"https:\/\/kuzeyinsesi.org\/index.php\/2024\/05\/04\/bahar-esintileri-sanat-dernegi-korosu-bakude-konser-verecek\/","url":"https:\/\/kuzeyinsesi.org\/index.php\/2024\/05\/04\/bahar-esintileri-sanat-dernegi-korosu-bakude-konser-verecek\/","name":"Bahar Esintileri Sanat Derne\u011fi Korosu Bak\u00fc\u2019de konser verecek - Kuzeyin Sesi","isPartOf":{"@id":"https:\/\/kuzeyinsesi.org\/#website"},"primaryImageOfPage":{"@id":"https:\/\/kuzeyinsesi.org\/index.php\/2024\/05\/04\/bahar-esintileri-sanat-dernegi-korosu-bakude-konser-verecek\/#primaryimage"},"image":{"@id":"https:\/\/kuzeyinsesi.org\/index.php\/2024\/05\/04\/bahar-esintileri-sanat-dernegi-korosu-bakude-konser-verecek\/#primaryimage"},"thumbnailUrl":"https:\/\/kuzeyinsesi.org\/wp-content\/uploads\/2024\/05\/bahar-esinti.webp.webp","datePublished":"2024-05-04T14:42:08+00:00","author":{"@id":"https:\/\/kuzeyinsesi.org\/#\/schema\/person\/9f859689cdf01485597712386e37f5aa"},"breadcrumb":{"@id":"https:\/\/kuzeyinsesi.org\/index.php\/2024\/05\/04\/bahar-esintileri-sanat-dernegi-korosu-bakude-konser-verecek\/#breadcrumb"},"inLanguage":"tr","potentialAction":[{"@type":"ReadAction","target":["https:\/\/kuzeyinsesi.org\/index.php\/2024\/05\/04\/bahar-esintileri-sanat-dernegi-korosu-bakude-konser-verecek\/"]}]},{"@type":"ImageObject","inLanguage":"tr","@id":"https:\/\/kuzeyinsesi.org\/index.php\/2024\/05\/04\/bahar-esintileri-sanat-dernegi-korosu-bakude-konser-verecek\/#primaryimage","url":"https:\/\/kuzeyinsesi.org\/wp-content\/uploads\/2024\/05\/bahar-esinti.webp.webp","contentUrl":"https:\/\/kuzeyinsesi.org\/wp-content\/uploads\/2024\/05\/bahar-esinti.webp.webp","width":710,"height":370},{"@type":"BreadcrumbList","@id":"https:\/\/kuzeyinsesi.org\/index.php\/2024\/05\/04\/bahar-esintileri-sanat-dernegi-korosu-bakude-konser-verecek\/#breadcrumb","itemListElement":[{"@type":"ListItem","position":1,"name":"Anasayfa","item":"https:\/\/kuzeyinsesi.org\/"},{"@type":"ListItem","position":2,"name":"Bahar Esintileri Sanat Derne\u011fi Korosu Bak\u00fc\u2019de konser verecek"}]},{"@type":"WebSite","@id":"https:\/\/kuzeyinsesi.org\/#website","url":"https:\/\/kuzeyinsesi.org\/","name":"Kuzeyin Sesi","description":"Do\u011fru Haberin Adresi","potentialAction":[{"@type":"SearchAction","target":{"@type":"EntryPoint","urlTemplate":"https:\/\/kuzeyinsesi.org\/?s={search_term_string}"},"query-input":{"@type":"PropertyValueSpecification","valueRequired":true,"valueName":"search_term_string"}}],"inLanguage":"tr"},{"@type":"Person","@id":"https:\/\/kuzeyinsesi.org\/#\/schema\/person\/9f859689cdf01485597712386e37f5aa","name":"Kuzeyin Sesi","image":{"@type":"ImageObject","inLanguage":"tr","@id":"https:\/\/secure.gravatar.com\/avatar\/bab33852abfd8b282518d6ed81826833d77c3c882d9ab608add591ccace47a44?s=96&d=mm&r=g","url":"https:\/\/secure.gravatar.com\/avatar\/bab33852abfd8b282518d6ed81826833d77c3c882d9ab608add591ccace47a44?s=96&d=mm&r=g","contentUrl":"https:\/\/secure.gravatar.com\/avatar\/bab33852abfd8b282518d6ed81826833d77c3c882d9ab608add591ccace47a44?s=96&d=mm&r=g","caption":"Kuzeyin Sesi"},"sameAs":["https:\/\/kuzeyinsesi.org"],"url":"https:\/\/kuzeyinsesi.org\/index.php\/author\/guven\/"}]}},"_links":{"self":[{"href":"https:\/\/kuzeyinsesi.org\/index.php\/wp-json\/wp\/v2\/posts\/1307","targetHints":{"allow":["GET"]}}],"collection":[{"href":"https:\/\/kuzeyinsesi.org\/index.php\/wp-json\/wp\/v2\/posts"}],"about":[{"href":"https:\/\/kuzeyinsesi.org\/index.php\/wp-json\/wp\/v2\/types\/post"}],"author":[{"embeddable":true,"href":"https:\/\/kuzeyinsesi.org\/index.php\/wp-json\/wp\/v2\/users\/1"}],"replies":[{"embeddable":true,"href":"https:\/\/kuzeyinsesi.org\/index.php\/wp-json\/wp\/v2\/comments?post=1307"}],"version-history":[{"count":0,"href":"https:\/\/kuzeyinsesi.org\/index.php\/wp-json\/wp\/v2\/posts\/1307\/revisions"}],"wp:featuredmedia":[{"embeddable":true,"href":"https:\/\/kuzeyinsesi.org\/index.php\/wp-json\/wp\/v2\/media\/1308"}],"wp:attachment":[{"href":"https:\/\/kuzeyinsesi.org\/index.php\/wp-json\/wp\/v2\/media?parent=1307"}],"wp:term":[{"taxonomy":"category","embeddable":true,"href":"https:\/\/kuzeyinsesi.org\/index.php\/wp-json\/wp\/v2\/categories?post=1307"},{"taxonomy":"post_tag","embeddable":true,"href":"https:\/\/kuzeyinsesi.org\/index.php\/wp-json\/wp\/v2\/tags?post=1307"}],"curies":[{"name":"wp","href":"https:\/\/api.w.org\/{rel}","templated":true}]}}