{"id":13058,"date":"2024-11-07T18:26:32","date_gmt":"2024-11-07T16:26:32","guid":{"rendered":"https:\/\/kuzeyinsesi.org\/index.php\/2024\/11\/07\/turkiye-cumhurbaskani-erdogan-avrupa-siyasi-toplulugu-besinci-zirvesi-genel-oturumunda-konustu\/"},"modified":"2024-11-07T18:26:32","modified_gmt":"2024-11-07T16:26:32","slug":"turkiye-cumhurbaskani-erdogan-avrupa-siyasi-toplulugu-besinci-zirvesi-genel-oturumunda-konustu","status":"publish","type":"post","link":"https:\/\/kuzeyinsesi.org\/index.php\/2024\/11\/07\/turkiye-cumhurbaskani-erdogan-avrupa-siyasi-toplulugu-besinci-zirvesi-genel-oturumunda-konustu\/","title":{"rendered":"T\u00fcrkiye Cumhurba\u015fkan\u0131 Erdo\u011fan, Avrupa Siyasi Toplulu\u011fu Be\u015finci Zirvesi Genel Oturumu\u2019nda konu\u015ftu"},"content":{"rendered":"<div>\n<div class=\"mariselle-image-container center\">\n                                            <\/div>\n<p>T\u00fcrkiye Cumhurba\u015fkan\u0131 Recep Tayyip Erdo\u011fan, T\u00fcrkiye\u2019nin Avrupa Birli\u011fi\u2019ne (AB) kat\u0131l\u0131m s\u00fcrecine ili\u015fkin, \u201cHakkaniyetli bir geni\u015fleme politikas\u0131n\u0131n Birli\u011fin en \u00f6nemli jeopolitik arac\u0131 oldu\u011fu a\u00e7\u0131kt\u0131r. T\u00fcrkiye gibi k\u0131tan\u0131n refah\u0131 ve g\u00fcvenli\u011fine \u00f6nemli katk\u0131lar sunan bir aday \u00fclkenin kat\u0131l\u0131m s\u00fcrecinin y\u0131llard\u0131r engellenmesinin makul bir izah\u0131 yoktur.\u201d dedi.<\/p>\n<p>Erdo\u011fan, Macaristan\u2019\u0131n ba\u015fkenti Budape\u015fte\u2019de, Avrupa Siyasi Toplulu\u011fu Be\u015finci Zirvesi Genel Oturumu\u2019nda hitap etti.<\/p>\n<p>Misafirperverli\u011fi ve nazik daveti i\u00e7in Macaristan Ba\u015fbakan\u0131 Viktor Orban\u2019a te\u015fekk\u00fcr eden Erdo\u011fan, \u201cBug\u00fcn burada Avrupa\u2019n\u0131n y\u00fczle\u015fti\u011fi \u00e7ok boyutlu g\u00fcvenlik s\u0131namalar\u0131n\u0131 ele almak \u00fczere toplanm\u0131\u015f bulunuyoruz.\u201d ifadesini kulland\u0131.<\/p>\n<p>G\u00fcvenlik s\u0131namalar\u0131n\u0131n yaln\u0131zca askeri tehditler, ter\u00f6rist sald\u0131r\u0131lar ve hibrit sava\u015f taktiklerinden ibaret olmaktan \u00e7\u0131kt\u0131\u011f\u0131n\u0131 belirten Erdo\u011fan, enerji arz\u0131ndan siber sald\u0131r\u0131lara, g\u00f6\u00e7 hareketlerinden salg\u0131nlara, uluslararas\u0131 hukukun sistematik ihlallerinden sava\u015flara kadar geni\u015f bir yelpazeye yay\u0131lan meydan okumalar\u0131n herkesi etkiledi\u011fini bildirdi.<\/p>\n<p>\u201cHuzurumuza, istikrar\u0131m\u0131za ve refah\u0131m\u0131za kasteden tehditlerin \u00f6nemli bir k\u0131sm\u0131 tek ba\u015f\u0131m\u0131za \u00fcstesinden gelemeyece\u011fimiz boyutlara varm\u0131\u015ft\u0131r.\u201d diyen Cumhurba\u015fkan\u0131 Erdo\u011fan, s\u00f6zlerini \u015f\u00f6yle s\u00fcrd\u00fcrd\u00fc:<\/p>\n<p>\u201cAvrupa Siyasi Toplulu\u011fu\u2019nu, k\u0131tam\u0131za y\u00f6nelik ortak tehditleri samimi bir ortamda ele ald\u0131\u011f\u0131m\u0131z bir platform olarak g\u00f6r\u00fcyoruz. T\u00fcrkiye, civar b\u00f6lgelerle yak\u0131n k\u00fclt\u00fcrel ba\u011flar\u0131, g\u00fc\u00e7l\u00fc ordusu, k\u00f6kl\u00fc devlet tecr\u00fcbesi, ilkeli d\u0131\u015f politikas\u0131 ve yeti\u015fmi\u015f insan kayna\u011f\u0131yla bir istikrar adas\u0131 vazifesi g\u00f6rmeye devam edecektir. Avrupa co\u011frafyas\u0131nda maalesef sava\u015f\u0131n \u00fc\u00e7\u00fcnc\u00fc y\u0131l\u0131n\u0131 geride b\u0131rak\u0131yoruz. Ukrayna\u2019daki sava\u015f\u0131n yol a\u00e7t\u0131\u011f\u0131 olumsuzluklar her ge\u00e7en g\u00fcn daha da derinle\u015fiyor. Sava\u015f\u0131n uzamas\u0131 diplomasiye giderek daha az alan b\u0131rak\u0131yor. Biz, en ba\u015f\u0131ndan beri her iki taraf\u0131n da masada oldu\u011fu bir m\u00fczakere s\u00fcrecini ve devam\u0131nda kal\u0131c\u0131, adil bir bar\u0131\u015fa ula\u015f\u0131lmas\u0131n\u0131 savunduk.\u201d<\/p>\n<p>\u2013 \u201cGazze\u2019de bir y\u0131ld\u0131r s\u00fcren soyk\u0131r\u0131m insanl\u0131\u011f\u0131n ortak utanc\u0131d\u0131r\u201d<\/p>\n<p>Gecen hafta Kazan\u2019da Rusya Federasyonu Devlet Ba\u015fkan\u0131 Vladimir Putin ile g\u00f6r\u00fc\u015ft\u00fc\u011f\u00fcn\u00fc belirten Erdo\u011fan, bu g\u00f6r\u00fc\u015fmeden \u00f6nce de Ukrayna D\u0131\u015fi\u015fleri Bakan\u0131 Andrii Sybiha\u2019y\u0131 Ankara\u2019da kabul etti\u011fini hat\u0131rlatt\u0131.<\/p>\n<p>Erdo\u011fan, her iki g\u00f6r\u00fc\u015fmede de diplomasiye alan a\u00e7\u0131lmas\u0131 y\u00f6n\u00fcndeki mesajlar\u0131n\u0131 bir kez daha taraflara iletti\u011fini, bar\u0131\u015f\u0131n tesisi i\u00e7in \u00fczerlerine d\u00fc\u015fen ne varsa yapmaya haz\u0131r olduklar\u0131n\u0131 ve \u00e7\u00f6z\u00fcme y\u00f6nelik \u00e7abalara desteklerinin s\u00fcrece\u011fini ifade ettiklerini bildirdi.<\/p>\n<p>Di\u011fer yandan, yol a\u00e7t\u0131\u011f\u0131 y\u0131k\u0131m ve sivil zayiat bak\u0131m\u0131ndan Ukrayna\u2019daki sava\u015ftan \u00e7ok daha b\u00fcy\u00fck bir insanl\u0131k trajedisinin Orta Do\u011fu\u2019da ya\u015fand\u0131\u011f\u0131n\u0131 belirten Erdo\u011fan, \u015funlar\u0131 s\u00f6yledi:<\/p>\n<p>\u201cGazze\u2019de bir y\u0131ld\u0131r s\u00fcren soyk\u0131r\u0131m t\u00fcm insanl\u0131\u011f\u0131n ortak utanc\u0131d\u0131r. Buna son d\u00f6nemde Bat\u0131 \u015eeria ve L\u00fcbnan\u2019a ger\u00e7ekle\u015ftirilen gayriahlaki ve gayrihukuki sald\u0131r\u0131lar da eklenmi\u015ftir. \u015eunu vicdan sahibi herkes g\u00f6r\u00fcyor, kabul ve ikrar ediyor, 50 bine yakla\u015fan can kayb\u0131 dikkate al\u0131nd\u0131\u011f\u0131nda ate\u015fkesin ivedilikle sa\u011flanmas\u0131, kesintisiz ve yeterli miktarda insani yard\u0131m\u0131n b\u00f6lgeye ula\u015fmas\u0131 i\u00e7in \u0130srail\u2019e her boyutta bask\u0131 yap\u0131lmas\u0131 elzemdir. \u0130srail\u2019in sald\u0131rganl\u0131\u011f\u0131na kay\u0131ts\u0131z \u015farts\u0131z destek verenler, i\u015flenen su\u00e7lar\u0131n da orta\u011f\u0131 haline geldiklerini bilmelidirler.\u201d<\/p>\n<p>\u2013 \u201cBirle\u015fmi\u015f Milletler\u2019de giri\u015fim ba\u015flatt\u0131k\u201d<\/p>\n<p>Cumhurba\u015fkan\u0131 Erdo\u011fan, \u0130srail\u2019e silah ve m\u00fchimmat transferinin durdurulmas\u0131n\u0131 sa\u011flamaya y\u00f6nelik Birle\u015fmi\u015f Milletler\u2019de bir giri\u015fim ba\u015flatt\u0131klar\u0131n\u0131, 50\u2019yi a\u015fk\u0131n \u00fclke ve uluslararas\u0131 kurulu\u015fun imzas\u0131n\u0131 ta\u015f\u0131yan mektubu BM Genel Sekreteri\u2019ne, BM G\u00fcvenlik Konseyi Kas\u0131m Ay\u0131 D\u00f6nem Ba\u015fkan\u0131 Birle\u015fik Krall\u0131k\u2019a ve BM Genel Kurul Ba\u015fkan\u0131\u2019na ilettiklerini belirtti.<\/p>\n<p>Bir di\u011fer \u00f6nemli hususun da Filistin\u2019in devlet olarak tan\u0131nmas\u0131 oldu\u011funu vurgulayan Erdo\u011fan, \u201c\u0130rlanda, Norve\u00e7, \u0130spanya ve Slovenya\u2019n\u0131n bu y\u00f6nde att\u0131klar\u0131 ad\u0131mlar\u0131 takdirle kar\u015f\u0131l\u0131yor, kendilerini \u00fclkem ve milletim ad\u0131na tebrik ediyorum. Bu tan\u0131ma kararlar\u0131n\u0131n, b\u00f6lgede bar\u0131\u015f isteyen Avrupal\u0131 devletler i\u00e7in de bir emsal te\u015fkil etti\u011fine inan\u0131yorum. K\u00fcresel adalete ve bar\u0131\u015fa katk\u0131 vermeleri i\u00e7in Filistin\u2019i hen\u00fcz tan\u0131mayan t\u00fcm \u00fclkelere bunu yapmalar\u0131 \u00e7a\u011fr\u0131s\u0131nda bulunuyorum.\u201d ifadesini kulland\u0131.<\/p>\n<p>Ter\u00f6rizme kar\u015f\u0131 i\u015fbirli\u011fi ve dayan\u0131\u015fma halinde, ter\u00f6r \u00f6rg\u00fctleri aras\u0131nda fark g\u00f6zetmeksizin m\u00fccadelenin herkesin sorumlulu\u011fu oldu\u011funu dile getiren Erdo\u011fan, \u015f\u00f6yle devam etti:<\/p>\n<p>\u201cPKK ter\u00f6r \u00f6rg\u00fct\u00fcyle m\u00fccadelede Avrupal\u0131 ortaklar\u0131m\u0131zdan somut i\u015fbirli\u011fi g\u00f6rmek istiyoruz. FET\u00d6\u2019n\u00fcn etkin varl\u0131k g\u00f6sterdi\u011fi Avrupa \u00fclkelerinden adli ve idari i\u015fbirli\u011fi taleplerimizin kar\u015f\u0131lanmas\u0131n\u0131 bekliyoruz.<\/p>\n<p>DEA\u015e, \u00fclkemizin de \u00f6nemli katk\u0131lar\u0131yla Suriye ve Irak\u2019ta toprak hakimiyetini kaybetmi\u015f olsa da k\u00fcresel \u00f6l\u00e7ekte g\u00fcvenli\u011fi tehdit ediyor. \u00d6rg\u00fct\u00fcn oda\u011f\u0131n\u0131n kaymaya ba\u015flad\u0131\u011f\u0131 Bat\u0131 Afrika ve Orta Asya\u2019daki yabanc\u0131 ter\u00f6rist sava\u015f\u00e7\u0131 hareketlili\u011finin dikkatle takip edilmesini ve bu alanda i\u015fbirli\u011fini \u00f6nemsiyoruz.\u201d<\/p>\n<p>\u2013 \u201cOrtaklar\u0131m\u0131zla isti\u015fareleri ve i\u015fbirli\u011fimizi s\u00fcrd\u00fcr\u00fcyoruz\u201d<\/p>\n<p>Erdo\u011fan, T\u00fcrkiye\u2019nin, Avrupa-Atlantik b\u00f6lgesinde bar\u0131\u015f, refah ve istikrar i\u00e7in bug\u00fcne kadar en \u00e7ok katk\u0131 veren \u00fclkeler aras\u0131nda yer ald\u0131\u011f\u0131na i\u015faret ederek, \u201cNATO\u2019nun en \u00f6nde gelen m\u00fcttefiklerinden biri olarak, Asya-Pasifik\u2019ten Kuzey Afrika\u2019ya uzanan geni\u015f co\u011frafyadaki ortaklar\u0131m\u0131zla isti\u015fareleri ve i\u015fbirli\u011fimizi s\u00fcrd\u00fcr\u00fcyoruz.\u201d diye konu\u015ftu.<\/p>\n<p>\u201cAB\u2019nin savunma alan\u0131ndaki gayretlerine T\u00fcrkiye\u2019nin tam olarak dahil edilmesi Avrupa\u2019n\u0131n bar\u0131\u015f ve g\u00fcvenli\u011fi i\u00e7in olmazsa olmazd\u0131r.\u201d diyen Erdo\u011fan, \u015funlar\u0131 kaydetti:<\/p>\n<p>\u201cAvrupa Savunma Ajans\u0131na ve Avrupa Daimi Yap\u0131land\u0131r\u0131lm\u0131\u015f \u0130\u015fbirli\u011fi kapsam\u0131ndaki projelere kat\u0131l\u0131m\u0131m\u0131z\u0131n gecikmeksizin \u00f6n\u00fcn\u00fcn a\u00e7\u0131lmas\u0131n\u0131 bekliyoruz. Avrupa\u2019y\u0131 ve \u00f6tesini etkileyen geni\u015f \u00e7apl\u0131 sorunlara \u00e7\u00f6z\u00fcm bulunabilmesi i\u00e7in T\u00fcrkiye\u2019nin deste\u011fi \u015fartt\u0131r. Avrupa\u2019da nefret, \u0130slam kar\u015f\u0131tl\u0131\u011f\u0131 ve \u0131rk\u00e7\u0131l\u0131k, sosyal uyumu ve istikrar\u0131 zedeliyor. M\u00fcsl\u00fcmanlar ba\u015fta olmak \u00fczere g\u00f6\u00e7menlere kar\u015f\u0131 artan \u00f6tekile\u015ftirme, \u0131rk\u00e7\u0131l\u0131\u011f\u0131n yeni bir y\u00fcz\u00fc olarak kar\u015f\u0131m\u0131za \u00e7\u0131k\u0131yor. Yabanc\u0131 d\u00fc\u015fmanl\u0131\u011f\u0131 ve \u0130slam kar\u015f\u0131tl\u0131\u011f\u0131n\u0131n yaln\u0131zca M\u00fcsl\u00fcmanlar\u0131 ve g\u00f6\u00e7menleri de\u011fil, toplumun tamam\u0131n\u0131n huzur ve g\u00fcvenli\u011fini tehdit eden bir temel insan haklar\u0131 sorunu oldu\u011fu art\u0131k kabullenilmelidir. K\u00fcresel dengelerin yeniden kuruldu\u011fu b\u00f6ylesine belirsiz bir d\u00f6nemde, hemen her alanda yeni ve etkin politikalar geli\u015ftirmemiz elzemdir. Daha derin i\u015fbirli\u011fi tesis etmemizin \u00f6n\u00fcndeki siyasi engellerin, \u00f6n yarg\u0131l\u0131 birtak\u0131m tutumlar\u0131n art\u0131k geride b\u0131rak\u0131lmas\u0131 gerekiyor. Aksi takdirde, Avrupa\u2019n\u0131n ihtiya\u00e7 duydu\u011fu fikri ve ekonomik d\u00f6n\u00fc\u015f\u00fcmleri yakalamas\u0131 m\u00fcmk\u00fcn olamayacakt\u0131r.\u201d<\/p>\n<p>\u2013 \u201cMakul bir izah\u0131 yok\u201d<\/p>\n<p>Bu vesileyle Avrupa k\u0131tas\u0131n\u0131n g\u00fcvenlik ve istikrar\u0131 i\u00e7in AB\u2019nin geni\u015fleme politikas\u0131n\u0131n \u00f6nemine de dikkati \u00e7ekmek istedi\u011fini belirten Cumhurba\u015fkan\u0131 Erdo\u011fan, \u201cHakkaniyetli bir geni\u015fleme politikas\u0131n\u0131n Birli\u011fin en \u00f6nemli jeopolitik arac\u0131 oldu\u011fu a\u00e7\u0131kt\u0131r.\u201d de\u011ferlendirmesinde bulundu.<\/p>\n<p>Erdo\u011fan, \u201cT\u00fcrkiye gibi k\u0131tan\u0131n refah\u0131 ve g\u00fcvenli\u011fine \u00f6nemli katk\u0131lar sunan bir aday \u00fclkenin kat\u0131l\u0131m s\u00fcrecinin y\u0131llard\u0131r engellenmesinin makul bir izah\u0131 yoktur. Mevcut jeopolitik konjonkt\u00fcrde \u00fcyelik perspektifimizin g\u00fc\u00e7lendirilmesinin, hem Avrupa\u2019n\u0131n hem yak\u0131n co\u011frafyam\u0131z\u0131n yarar\u0131na olaca\u011f\u0131 a\u00e7\u0131kt\u0131r. T\u00fcrkiye olarak, AB ile ili\u015fkilerimizin sa\u011fl\u0131kl\u0131 bir zeminde ilerletilmesi i\u00e7in diyalog ve i\u015fbirli\u011fine haz\u0131r\u0131z.\u201d dedi.<\/p>\n<\/p><\/div>\n<p><script async\n                    defer\n                    crossorigin=\"anonymous\"\n                    src=\"https:\/\/connect.facebook.net\/tr_TR\/sdk.js#xfbml=1&#038;version=v3.3\"\n            ><\/script><\/p>\n","protected":false},"excerpt":{"rendered":"<p>T\u00fcrkiye Cumhurba\u015fkan\u0131 Recep Tayyip Erdo\u011fan, T\u00fcrkiye\u2019nin Avrupa Birli\u011fi\u2019ne (AB) kat\u0131l\u0131m s\u00fcrecine ili\u015fkin, \u201cHakkaniyetli bir geni\u015fleme politikas\u0131n\u0131n Birli\u011fin en \u00f6nemli jeopolitik arac\u0131 oldu\u011fu a\u00e7\u0131kt\u0131r. T\u00fcrkiye gibi k\u0131tan\u0131n refah\u0131 ve g\u00fcvenli\u011fine \u00f6nemli katk\u0131lar sunan bir aday \u00fclkenin kat\u0131l\u0131m s\u00fcrecinin y\u0131llard\u0131r engellenmesinin makul bir izah\u0131 yoktur.\u201d dedi. Erdo\u011fan, Macaristan\u2019\u0131n ba\u015fkenti Budape\u015fte\u2019de, Avrupa Siyasi Toplulu\u011fu Be\u015finci Zirvesi Genel Oturumu\u2019nda [&hellip;]<\/p>\n","protected":false},"author":1,"featured_media":13059,"comment_status":"open","ping_status":"open","sticky":false,"template":"","format":"standard","meta":{"jnews-multi-image_gallery":[],"jnews_single_post":[],"jnews_primary_category":[],"jnews_social_meta":[],"jnews_override_counter":[],"footnotes":""},"categories":[5],"tags":[],"class_list":["post-13058","post","type-post","status-publish","format-standard","has-post-thumbnail","hentry","category-turkiye"],"yoast_head":"<!-- This site is optimized with the Yoast SEO plugin v27.4 - https:\/\/yoast.com\/product\/yoast-seo-wordpress\/ -->\n<title>T\u00fcrkiye Cumhurba\u015fkan\u0131 Erdo\u011fan, Avrupa Siyasi Toplulu\u011fu Be\u015finci Zirvesi Genel Oturumu\u2019nda konu\u015ftu - Kuzeyin Sesi<\/title>\n<meta name=\"robots\" content=\"index, follow, max-snippet:-1, max-image-preview:large, max-video-preview:-1\" \/>\n<link rel=\"canonical\" href=\"https:\/\/kuzeyinsesi.org\/index.php\/2024\/11\/07\/turkiye-cumhurbaskani-erdogan-avrupa-siyasi-toplulugu-besinci-zirvesi-genel-oturumunda-konustu\/\" \/>\n<meta property=\"og:locale\" content=\"tr_TR\" \/>\n<meta property=\"og:type\" content=\"article\" \/>\n<meta property=\"og:title\" content=\"T\u00fcrkiye Cumhurba\u015fkan\u0131 Erdo\u011fan, Avrupa Siyasi Toplulu\u011fu Be\u015finci Zirvesi Genel Oturumu\u2019nda konu\u015ftu - Kuzeyin Sesi\" \/>\n<meta property=\"og:description\" content=\"T\u00fcrkiye Cumhurba\u015fkan\u0131 Recep Tayyip Erdo\u011fan, T\u00fcrkiye\u2019nin Avrupa Birli\u011fi\u2019ne (AB) kat\u0131l\u0131m s\u00fcrecine ili\u015fkin, \u201cHakkaniyetli bir geni\u015fleme politikas\u0131n\u0131n Birli\u011fin en \u00f6nemli jeopolitik arac\u0131 oldu\u011fu a\u00e7\u0131kt\u0131r. T\u00fcrkiye gibi k\u0131tan\u0131n refah\u0131 ve g\u00fcvenli\u011fine \u00f6nemli katk\u0131lar sunan bir aday \u00fclkenin kat\u0131l\u0131m s\u00fcrecinin y\u0131llard\u0131r engellenmesinin makul bir izah\u0131 yoktur.\u201d dedi. Erdo\u011fan, Macaristan\u2019\u0131n ba\u015fkenti Budape\u015fte\u2019de, Avrupa Siyasi Toplulu\u011fu Be\u015finci Zirvesi Genel Oturumu\u2019nda [&hellip;]\" \/>\n<meta property=\"og:url\" content=\"https:\/\/kuzeyinsesi.org\/index.php\/2024\/11\/07\/turkiye-cumhurbaskani-erdogan-avrupa-siyasi-toplulugu-besinci-zirvesi-genel-oturumunda-konustu\/\" \/>\n<meta property=\"og:site_name\" content=\"Kuzeyin Sesi\" \/>\n<meta property=\"article:publisher\" content=\"https:\/\/www.facebook.com\/kuzeyinsesii\" \/>\n<meta property=\"article:published_time\" content=\"2024-11-07T16:26:32+00:00\" \/>\n<meta property=\"og:image\" content=\"https:\/\/brtk.net\/wp-content\/uploads\/2024\/11\/07\/ekran-goruntusu-2024-11-07-163703.png?ver=12a18e46a9fd37617de19768b85c0cbc\" \/>\n<meta name=\"author\" content=\"Kuzeyin Sesi\" \/>\n<meta name=\"twitter:card\" content=\"summary_large_image\" \/>\n<meta name=\"twitter:creator\" content=\"@kuzeyinsesii\" \/>\n<meta name=\"twitter:site\" content=\"@kuzeyinsesii\" \/>\n<meta name=\"twitter:label1\" content=\"Yazan:\" \/>\n\t<meta name=\"twitter:data1\" content=\"Kuzeyin Sesi\" \/>\n\t<meta name=\"twitter:label2\" content=\"Tahmini okuma s\u00fcresi\" \/>\n\t<meta name=\"twitter:data2\" content=\"7 dakika\" \/>\n<script type=\"application\/ld+json\" class=\"yoast-schema-graph\">{\"@context\":\"https:\\\/\\\/schema.org\",\"@graph\":[{\"@type\":\"Article\",\"@id\":\"https:\\\/\\\/kuzeyinsesi.org\\\/index.php\\\/2024\\\/11\\\/07\\\/turkiye-cumhurbaskani-erdogan-avrupa-siyasi-toplulugu-besinci-zirvesi-genel-oturumunda-konustu\\\/#article\",\"isPartOf\":{\"@id\":\"https:\\\/\\\/kuzeyinsesi.org\\\/index.php\\\/2024\\\/11\\\/07\\\/turkiye-cumhurbaskani-erdogan-avrupa-siyasi-toplulugu-besinci-zirvesi-genel-oturumunda-konustu\\\/\"},\"author\":{\"name\":\"Kuzeyin Sesi\",\"@id\":\"https:\\\/\\\/kuzeyinsesi.org\\\/#\\\/schema\\\/person\\\/9f859689cdf01485597712386e37f5aa\"},\"headline\":\"T\u00fcrkiye Cumhurba\u015fkan\u0131 Erdo\u011fan, Avrupa Siyasi Toplulu\u011fu Be\u015finci Zirvesi Genel Oturumu\u2019nda konu\u015ftu\",\"datePublished\":\"2024-11-07T16:26:32+00:00\",\"mainEntityOfPage\":{\"@id\":\"https:\\\/\\\/kuzeyinsesi.org\\\/index.php\\\/2024\\\/11\\\/07\\\/turkiye-cumhurbaskani-erdogan-avrupa-siyasi-toplulugu-besinci-zirvesi-genel-oturumunda-konustu\\\/\"},\"wordCount\":1390,\"commentCount\":0,\"image\":{\"@id\":\"https:\\\/\\\/kuzeyinsesi.org\\\/index.php\\\/2024\\\/11\\\/07\\\/turkiye-cumhurbaskani-erdogan-avrupa-siyasi-toplulugu-besinci-zirvesi-genel-oturumunda-konustu\\\/#primaryimage\"},\"thumbnailUrl\":\"https:\\\/\\\/kuzeyinsesi.org\\\/wp-content\\\/uploads\\\/2024\\\/11\\\/ekran-goruntusu-2024-11-07-163703.png\",\"articleSection\":[\"T\u00fcrkiye\"],\"inLanguage\":\"tr\",\"potentialAction\":[{\"@type\":\"CommentAction\",\"name\":\"Comment\",\"target\":[\"https:\\\/\\\/kuzeyinsesi.org\\\/index.php\\\/2024\\\/11\\\/07\\\/turkiye-cumhurbaskani-erdogan-avrupa-siyasi-toplulugu-besinci-zirvesi-genel-oturumunda-konustu\\\/#respond\"]}]},{\"@type\":\"WebPage\",\"@id\":\"https:\\\/\\\/kuzeyinsesi.org\\\/index.php\\\/2024\\\/11\\\/07\\\/turkiye-cumhurbaskani-erdogan-avrupa-siyasi-toplulugu-besinci-zirvesi-genel-oturumunda-konustu\\\/\",\"url\":\"https:\\\/\\\/kuzeyinsesi.org\\\/index.php\\\/2024\\\/11\\\/07\\\/turkiye-cumhurbaskani-erdogan-avrupa-siyasi-toplulugu-besinci-zirvesi-genel-oturumunda-konustu\\\/\",\"name\":\"T\u00fcrkiye Cumhurba\u015fkan\u0131 Erdo\u011fan, Avrupa Siyasi Toplulu\u011fu Be\u015finci Zirvesi Genel Oturumu\u2019nda konu\u015ftu - Kuzeyin Sesi\",\"isPartOf\":{\"@id\":\"https:\\\/\\\/kuzeyinsesi.org\\\/#website\"},\"primaryImageOfPage\":{\"@id\":\"https:\\\/\\\/kuzeyinsesi.org\\\/index.php\\\/2024\\\/11\\\/07\\\/turkiye-cumhurbaskani-erdogan-avrupa-siyasi-toplulugu-besinci-zirvesi-genel-oturumunda-konustu\\\/#primaryimage\"},\"image\":{\"@id\":\"https:\\\/\\\/kuzeyinsesi.org\\\/index.php\\\/2024\\\/11\\\/07\\\/turkiye-cumhurbaskani-erdogan-avrupa-siyasi-toplulugu-besinci-zirvesi-genel-oturumunda-konustu\\\/#primaryimage\"},\"thumbnailUrl\":\"https:\\\/\\\/kuzeyinsesi.org\\\/wp-content\\\/uploads\\\/2024\\\/11\\\/ekran-goruntusu-2024-11-07-163703.png\",\"datePublished\":\"2024-11-07T16:26:32+00:00\",\"author\":{\"@id\":\"https:\\\/\\\/kuzeyinsesi.org\\\/#\\\/schema\\\/person\\\/9f859689cdf01485597712386e37f5aa\"},\"breadcrumb\":{\"@id\":\"https:\\\/\\\/kuzeyinsesi.org\\\/index.php\\\/2024\\\/11\\\/07\\\/turkiye-cumhurbaskani-erdogan-avrupa-siyasi-toplulugu-besinci-zirvesi-genel-oturumunda-konustu\\\/#breadcrumb\"},\"inLanguage\":\"tr\",\"potentialAction\":[{\"@type\":\"ReadAction\",\"target\":[\"https:\\\/\\\/kuzeyinsesi.org\\\/index.php\\\/2024\\\/11\\\/07\\\/turkiye-cumhurbaskani-erdogan-avrupa-siyasi-toplulugu-besinci-zirvesi-genel-oturumunda-konustu\\\/\"]}]},{\"@type\":\"ImageObject\",\"inLanguage\":\"tr\",\"@id\":\"https:\\\/\\\/kuzeyinsesi.org\\\/index.php\\\/2024\\\/11\\\/07\\\/turkiye-cumhurbaskani-erdogan-avrupa-siyasi-toplulugu-besinci-zirvesi-genel-oturumunda-konustu\\\/#primaryimage\",\"url\":\"https:\\\/\\\/kuzeyinsesi.org\\\/wp-content\\\/uploads\\\/2024\\\/11\\\/ekran-goruntusu-2024-11-07-163703.png\",\"contentUrl\":\"https:\\\/\\\/kuzeyinsesi.org\\\/wp-content\\\/uploads\\\/2024\\\/11\\\/ekran-goruntusu-2024-11-07-163703.png\",\"width\":1123,\"height\":607},{\"@type\":\"BreadcrumbList\",\"@id\":\"https:\\\/\\\/kuzeyinsesi.org\\\/index.php\\\/2024\\\/11\\\/07\\\/turkiye-cumhurbaskani-erdogan-avrupa-siyasi-toplulugu-besinci-zirvesi-genel-oturumunda-konustu\\\/#breadcrumb\",\"itemListElement\":[{\"@type\":\"ListItem\",\"position\":1,\"name\":\"Anasayfa\",\"item\":\"https:\\\/\\\/kuzeyinsesi.org\\\/\"},{\"@type\":\"ListItem\",\"position\":2,\"name\":\"T\u00fcrkiye Cumhurba\u015fkan\u0131 Erdo\u011fan, Avrupa Siyasi Toplulu\u011fu Be\u015finci Zirvesi Genel Oturumu\u2019nda konu\u015ftu\"}]},{\"@type\":\"WebSite\",\"@id\":\"https:\\\/\\\/kuzeyinsesi.org\\\/#website\",\"url\":\"https:\\\/\\\/kuzeyinsesi.org\\\/\",\"name\":\"Kuzeyin Sesi\",\"description\":\"Do\u011fru Haberin Adresi\",\"potentialAction\":[{\"@type\":\"SearchAction\",\"target\":{\"@type\":\"EntryPoint\",\"urlTemplate\":\"https:\\\/\\\/kuzeyinsesi.org\\\/?s={search_term_string}\"},\"query-input\":{\"@type\":\"PropertyValueSpecification\",\"valueRequired\":true,\"valueName\":\"search_term_string\"}}],\"inLanguage\":\"tr\"},{\"@type\":\"Person\",\"@id\":\"https:\\\/\\\/kuzeyinsesi.org\\\/#\\\/schema\\\/person\\\/9f859689cdf01485597712386e37f5aa\",\"name\":\"Kuzeyin Sesi\",\"image\":{\"@type\":\"ImageObject\",\"inLanguage\":\"tr\",\"@id\":\"https:\\\/\\\/secure.gravatar.com\\\/avatar\\\/bab33852abfd8b282518d6ed81826833d77c3c882d9ab608add591ccace47a44?s=96&d=mm&r=g\",\"url\":\"https:\\\/\\\/secure.gravatar.com\\\/avatar\\\/bab33852abfd8b282518d6ed81826833d77c3c882d9ab608add591ccace47a44?s=96&d=mm&r=g\",\"contentUrl\":\"https:\\\/\\\/secure.gravatar.com\\\/avatar\\\/bab33852abfd8b282518d6ed81826833d77c3c882d9ab608add591ccace47a44?s=96&d=mm&r=g\",\"caption\":\"Kuzeyin Sesi\"},\"sameAs\":[\"https:\\\/\\\/kuzeyinsesi.org\"],\"url\":\"https:\\\/\\\/kuzeyinsesi.org\\\/index.php\\\/author\\\/guven\\\/\"}]}<\/script>\n<!-- \/ Yoast SEO plugin. -->","yoast_head_json":{"title":"T\u00fcrkiye Cumhurba\u015fkan\u0131 Erdo\u011fan, Avrupa Siyasi Toplulu\u011fu Be\u015finci Zirvesi Genel Oturumu\u2019nda konu\u015ftu - Kuzeyin Sesi","robots":{"index":"index","follow":"follow","max-snippet":"max-snippet:-1","max-image-preview":"max-image-preview:large","max-video-preview":"max-video-preview:-1"},"canonical":"https:\/\/kuzeyinsesi.org\/index.php\/2024\/11\/07\/turkiye-cumhurbaskani-erdogan-avrupa-siyasi-toplulugu-besinci-zirvesi-genel-oturumunda-konustu\/","og_locale":"tr_TR","og_type":"article","og_title":"T\u00fcrkiye Cumhurba\u015fkan\u0131 Erdo\u011fan, Avrupa Siyasi Toplulu\u011fu Be\u015finci Zirvesi Genel Oturumu\u2019nda konu\u015ftu - Kuzeyin Sesi","og_description":"T\u00fcrkiye Cumhurba\u015fkan\u0131 Recep Tayyip Erdo\u011fan, T\u00fcrkiye\u2019nin Avrupa Birli\u011fi\u2019ne (AB) kat\u0131l\u0131m s\u00fcrecine ili\u015fkin, \u201cHakkaniyetli bir geni\u015fleme politikas\u0131n\u0131n Birli\u011fin en \u00f6nemli jeopolitik arac\u0131 oldu\u011fu a\u00e7\u0131kt\u0131r. T\u00fcrkiye gibi k\u0131tan\u0131n refah\u0131 ve g\u00fcvenli\u011fine \u00f6nemli katk\u0131lar sunan bir aday \u00fclkenin kat\u0131l\u0131m s\u00fcrecinin y\u0131llard\u0131r engellenmesinin makul bir izah\u0131 yoktur.\u201d dedi. Erdo\u011fan, Macaristan\u2019\u0131n ba\u015fkenti Budape\u015fte\u2019de, Avrupa Siyasi Toplulu\u011fu Be\u015finci Zirvesi Genel Oturumu\u2019nda [&hellip;]","og_url":"https:\/\/kuzeyinsesi.org\/index.php\/2024\/11\/07\/turkiye-cumhurbaskani-erdogan-avrupa-siyasi-toplulugu-besinci-zirvesi-genel-oturumunda-konustu\/","og_site_name":"Kuzeyin Sesi","article_publisher":"https:\/\/www.facebook.com\/kuzeyinsesii","article_published_time":"2024-11-07T16:26:32+00:00","og_image":[{"url":"https:\/\/brtk.net\/wp-content\/uploads\/2024\/11\/07\/ekran-goruntusu-2024-11-07-163703.png?ver=12a18e46a9fd37617de19768b85c0cbc","type":"","width":"","height":""}],"author":"Kuzeyin Sesi","twitter_card":"summary_large_image","twitter_creator":"@kuzeyinsesii","twitter_site":"@kuzeyinsesii","twitter_misc":{"Yazan:":"Kuzeyin Sesi","Tahmini okuma s\u00fcresi":"7 dakika"},"schema":{"@context":"https:\/\/schema.org","@graph":[{"@type":"Article","@id":"https:\/\/kuzeyinsesi.org\/index.php\/2024\/11\/07\/turkiye-cumhurbaskani-erdogan-avrupa-siyasi-toplulugu-besinci-zirvesi-genel-oturumunda-konustu\/#article","isPartOf":{"@id":"https:\/\/kuzeyinsesi.org\/index.php\/2024\/11\/07\/turkiye-cumhurbaskani-erdogan-avrupa-siyasi-toplulugu-besinci-zirvesi-genel-oturumunda-konustu\/"},"author":{"name":"Kuzeyin Sesi","@id":"https:\/\/kuzeyinsesi.org\/#\/schema\/person\/9f859689cdf01485597712386e37f5aa"},"headline":"T\u00fcrkiye Cumhurba\u015fkan\u0131 Erdo\u011fan, Avrupa Siyasi Toplulu\u011fu Be\u015finci Zirvesi Genel Oturumu\u2019nda konu\u015ftu","datePublished":"2024-11-07T16:26:32+00:00","mainEntityOfPage":{"@id":"https:\/\/kuzeyinsesi.org\/index.php\/2024\/11\/07\/turkiye-cumhurbaskani-erdogan-avrupa-siyasi-toplulugu-besinci-zirvesi-genel-oturumunda-konustu\/"},"wordCount":1390,"commentCount":0,"image":{"@id":"https:\/\/kuzeyinsesi.org\/index.php\/2024\/11\/07\/turkiye-cumhurbaskani-erdogan-avrupa-siyasi-toplulugu-besinci-zirvesi-genel-oturumunda-konustu\/#primaryimage"},"thumbnailUrl":"https:\/\/kuzeyinsesi.org\/wp-content\/uploads\/2024\/11\/ekran-goruntusu-2024-11-07-163703.png","articleSection":["T\u00fcrkiye"],"inLanguage":"tr","potentialAction":[{"@type":"CommentAction","name":"Comment","target":["https:\/\/kuzeyinsesi.org\/index.php\/2024\/11\/07\/turkiye-cumhurbaskani-erdogan-avrupa-siyasi-toplulugu-besinci-zirvesi-genel-oturumunda-konustu\/#respond"]}]},{"@type":"WebPage","@id":"https:\/\/kuzeyinsesi.org\/index.php\/2024\/11\/07\/turkiye-cumhurbaskani-erdogan-avrupa-siyasi-toplulugu-besinci-zirvesi-genel-oturumunda-konustu\/","url":"https:\/\/kuzeyinsesi.org\/index.php\/2024\/11\/07\/turkiye-cumhurbaskani-erdogan-avrupa-siyasi-toplulugu-besinci-zirvesi-genel-oturumunda-konustu\/","name":"T\u00fcrkiye Cumhurba\u015fkan\u0131 Erdo\u011fan, Avrupa Siyasi Toplulu\u011fu Be\u015finci Zirvesi Genel Oturumu\u2019nda konu\u015ftu - Kuzeyin Sesi","isPartOf":{"@id":"https:\/\/kuzeyinsesi.org\/#website"},"primaryImageOfPage":{"@id":"https:\/\/kuzeyinsesi.org\/index.php\/2024\/11\/07\/turkiye-cumhurbaskani-erdogan-avrupa-siyasi-toplulugu-besinci-zirvesi-genel-oturumunda-konustu\/#primaryimage"},"image":{"@id":"https:\/\/kuzeyinsesi.org\/index.php\/2024\/11\/07\/turkiye-cumhurbaskani-erdogan-avrupa-siyasi-toplulugu-besinci-zirvesi-genel-oturumunda-konustu\/#primaryimage"},"thumbnailUrl":"https:\/\/kuzeyinsesi.org\/wp-content\/uploads\/2024\/11\/ekran-goruntusu-2024-11-07-163703.png","datePublished":"2024-11-07T16:26:32+00:00","author":{"@id":"https:\/\/kuzeyinsesi.org\/#\/schema\/person\/9f859689cdf01485597712386e37f5aa"},"breadcrumb":{"@id":"https:\/\/kuzeyinsesi.org\/index.php\/2024\/11\/07\/turkiye-cumhurbaskani-erdogan-avrupa-siyasi-toplulugu-besinci-zirvesi-genel-oturumunda-konustu\/#breadcrumb"},"inLanguage":"tr","potentialAction":[{"@type":"ReadAction","target":["https:\/\/kuzeyinsesi.org\/index.php\/2024\/11\/07\/turkiye-cumhurbaskani-erdogan-avrupa-siyasi-toplulugu-besinci-zirvesi-genel-oturumunda-konustu\/"]}]},{"@type":"ImageObject","inLanguage":"tr","@id":"https:\/\/kuzeyinsesi.org\/index.php\/2024\/11\/07\/turkiye-cumhurbaskani-erdogan-avrupa-siyasi-toplulugu-besinci-zirvesi-genel-oturumunda-konustu\/#primaryimage","url":"https:\/\/kuzeyinsesi.org\/wp-content\/uploads\/2024\/11\/ekran-goruntusu-2024-11-07-163703.png","contentUrl":"https:\/\/kuzeyinsesi.org\/wp-content\/uploads\/2024\/11\/ekran-goruntusu-2024-11-07-163703.png","width":1123,"height":607},{"@type":"BreadcrumbList","@id":"https:\/\/kuzeyinsesi.org\/index.php\/2024\/11\/07\/turkiye-cumhurbaskani-erdogan-avrupa-siyasi-toplulugu-besinci-zirvesi-genel-oturumunda-konustu\/#breadcrumb","itemListElement":[{"@type":"ListItem","position":1,"name":"Anasayfa","item":"https:\/\/kuzeyinsesi.org\/"},{"@type":"ListItem","position":2,"name":"T\u00fcrkiye Cumhurba\u015fkan\u0131 Erdo\u011fan, Avrupa Siyasi Toplulu\u011fu Be\u015finci Zirvesi Genel Oturumu\u2019nda konu\u015ftu"}]},{"@type":"WebSite","@id":"https:\/\/kuzeyinsesi.org\/#website","url":"https:\/\/kuzeyinsesi.org\/","name":"Kuzeyin Sesi","description":"Do\u011fru Haberin Adresi","potentialAction":[{"@type":"SearchAction","target":{"@type":"EntryPoint","urlTemplate":"https:\/\/kuzeyinsesi.org\/?s={search_term_string}"},"query-input":{"@type":"PropertyValueSpecification","valueRequired":true,"valueName":"search_term_string"}}],"inLanguage":"tr"},{"@type":"Person","@id":"https:\/\/kuzeyinsesi.org\/#\/schema\/person\/9f859689cdf01485597712386e37f5aa","name":"Kuzeyin Sesi","image":{"@type":"ImageObject","inLanguage":"tr","@id":"https:\/\/secure.gravatar.com\/avatar\/bab33852abfd8b282518d6ed81826833d77c3c882d9ab608add591ccace47a44?s=96&d=mm&r=g","url":"https:\/\/secure.gravatar.com\/avatar\/bab33852abfd8b282518d6ed81826833d77c3c882d9ab608add591ccace47a44?s=96&d=mm&r=g","contentUrl":"https:\/\/secure.gravatar.com\/avatar\/bab33852abfd8b282518d6ed81826833d77c3c882d9ab608add591ccace47a44?s=96&d=mm&r=g","caption":"Kuzeyin Sesi"},"sameAs":["https:\/\/kuzeyinsesi.org"],"url":"https:\/\/kuzeyinsesi.org\/index.php\/author\/guven\/"}]}},"_links":{"self":[{"href":"https:\/\/kuzeyinsesi.org\/index.php\/wp-json\/wp\/v2\/posts\/13058","targetHints":{"allow":["GET"]}}],"collection":[{"href":"https:\/\/kuzeyinsesi.org\/index.php\/wp-json\/wp\/v2\/posts"}],"about":[{"href":"https:\/\/kuzeyinsesi.org\/index.php\/wp-json\/wp\/v2\/types\/post"}],"author":[{"embeddable":true,"href":"https:\/\/kuzeyinsesi.org\/index.php\/wp-json\/wp\/v2\/users\/1"}],"replies":[{"embeddable":true,"href":"https:\/\/kuzeyinsesi.org\/index.php\/wp-json\/wp\/v2\/comments?post=13058"}],"version-history":[{"count":0,"href":"https:\/\/kuzeyinsesi.org\/index.php\/wp-json\/wp\/v2\/posts\/13058\/revisions"}],"wp:featuredmedia":[{"embeddable":true,"href":"https:\/\/kuzeyinsesi.org\/index.php\/wp-json\/wp\/v2\/media\/13059"}],"wp:attachment":[{"href":"https:\/\/kuzeyinsesi.org\/index.php\/wp-json\/wp\/v2\/media?parent=13058"}],"wp:term":[{"taxonomy":"category","embeddable":true,"href":"https:\/\/kuzeyinsesi.org\/index.php\/wp-json\/wp\/v2\/categories?post=13058"},{"taxonomy":"post_tag","embeddable":true,"href":"https:\/\/kuzeyinsesi.org\/index.php\/wp-json\/wp\/v2\/tags?post=13058"}],"curies":[{"name":"wp","href":"https:\/\/api.w.org\/{rel}","templated":true}]}}