{"id":13044,"date":"2024-11-07T15:09:30","date_gmt":"2024-11-07T13:09:30","guid":{"rendered":"https:\/\/kuzeyinsesi.org\/index.php\/2024\/11\/07\/kktcli-kagit-sanatcilarinin-eserleri-yalovada-sergileniyor\/"},"modified":"2024-11-07T15:09:30","modified_gmt":"2024-11-07T13:09:30","slug":"kktcli-kagit-sanatcilarinin-eserleri-yalovada-sergileniyor","status":"publish","type":"post","link":"https:\/\/kuzeyinsesi.org\/index.php\/2024\/11\/07\/kktcli-kagit-sanatcilarinin-eserleri-yalovada-sergileniyor\/","title":{"rendered":"KKTC\u2019li ka\u011f\u0131t sanat\u00e7\u0131lar\u0131n\u0131n eserleri Yalova\u2019da sergileniyor"},"content":{"rendered":"<div>\n<div class=\"mariselle-image-container center\">\n                                            <\/div>\n<p>Yalova\u2019da, Kuzey K\u0131br\u0131s T\u00fcrk Cumhuriyeti (KKTC) K\u00fclt\u00fcr Dairesi M\u00fcd\u00fcrl\u00fc\u011f\u00fcn\u00fcn sponsorlu\u011funda ka\u011f\u0131t sanat\u00e7\u0131lar\u0131n\u0131n eserlerinden olu\u015fan \u201cBiz Do\u011fay\u0131z\u201d ba\u015fl\u0131kl\u0131 sergi a\u00e7\u0131ld\u0131.<\/p>\n<p>K\u0131br\u0131s Ka\u011f\u0131t Sanat\u00e7\u0131lar\u0131 Derne\u011fince Yalova Belediyesi \u0130brahim M\u00fcteferrika Ka\u011f\u0131t M\u00fczesi\u2019nde sanatseverlerin be\u011fenisine sunulan sergide, KKTC\u2018den 21 sanat\u00e7\u0131n\u0131n 63 eseri yer al\u0131yor.<\/p>\n<p>Dernek Ba\u015fkan\u0131 \u0130smet Tatar, a\u00e7\u0131l\u0131\u015fta yapt\u0131\u011f\u0131 konu\u015fmada, serginin 12 Kas\u0131m\u2019a kadar a\u00e7\u0131k olaca\u011f\u0131n\u0131 bildirdi.<\/p>\n<p>Bu m\u00fczede sergi a\u00e7may\u0131 \u00e7ok arzulad\u0131klar\u0131n\u0131 belirten Tatar, \u201cDaha \u00f6nce bu m\u00fcze a\u00e7\u0131ld\u0131\u011f\u0131nda da daimi olarak sergilenmesi i\u00e7in verdi\u011fimiz eserlerimiz var. Do\u011fay\u0131 korumak, ka\u011f\u0131t sanat\u00e7\u0131s\u0131n\u0131n zaten do\u011fas\u0131nda var. Hepimiz do\u011fan\u0131n bek\u00e7ileriyiz. Har vurup harman savurdu\u011fumuz d\u00fcnyam\u0131z\u0131n ne kadar de\u011ferli oldu\u011fu mesaj\u0131n\u0131 eserlerimizle gen\u00e7lere vermek istiyoruz. Bunun i\u00e7in de geri d\u00f6n\u00fc\u015f\u00fcm malzemelerle \u00fcretti\u011fimiz eserleri sergiliyoruz.\u201d diye konu\u015ftu.<\/p>\n<p>Tatar, her sanat\u00e7\u0131n\u0131n \u00fc\u00e7er eserle kat\u0131ld\u0131\u011f\u0131 sergi projesine destek veren KKTC K\u00fclt\u00fcr Dairesi M\u00fcd\u00fcrl\u00fc\u011f\u00fc, Yalova Belediyesi ve \u0130brahim M\u00fcteferrika Ka\u011f\u0131t M\u00fczesi yetkililerine te\u015fekk\u00fcr etti.<\/p>\n<p>A\u00e7\u0131l\u0131\u015fa, Yalova Belediye Ba\u015fkan Yard\u0131mc\u0131s\u0131 Mesut Tutu\u011f, \u0130l Genel Meclisi Ba\u015fkan\u0131 Hasan Soyg\u00fczel, \u0130l K\u00fclt\u00fcr ve Turizm M\u00fcd\u00fcr\u00fc Ziya Karatekin, sivil toplum kurulu\u015flar\u0131n\u0131n temsilcileri ile sanatseverler kat\u0131ld\u0131.<\/p>\n<\/p><\/div>\n<p><script async\n                    defer\n                    crossorigin=\"anonymous\"\n                    src=\"https:\/\/connect.facebook.net\/tr_TR\/sdk.js#xfbml=1&#038;version=v3.3\"\n            ><\/script><\/p>\n","protected":false},"excerpt":{"rendered":"<p>Yalova\u2019da, Kuzey K\u0131br\u0131s T\u00fcrk Cumhuriyeti (KKTC) K\u00fclt\u00fcr Dairesi M\u00fcd\u00fcrl\u00fc\u011f\u00fcn\u00fcn sponsorlu\u011funda ka\u011f\u0131t sanat\u00e7\u0131lar\u0131n\u0131n eserlerinden olu\u015fan \u201cBiz Do\u011fay\u0131z\u201d ba\u015fl\u0131kl\u0131 sergi a\u00e7\u0131ld\u0131. K\u0131br\u0131s Ka\u011f\u0131t Sanat\u00e7\u0131lar\u0131 Derne\u011fince Yalova Belediyesi \u0130brahim M\u00fcteferrika Ka\u011f\u0131t M\u00fczesi\u2019nde sanatseverlerin be\u011fenisine sunulan sergide, KKTC\u2018den 21 sanat\u00e7\u0131n\u0131n 63 eseri yer al\u0131yor. Dernek Ba\u015fkan\u0131 \u0130smet Tatar, a\u00e7\u0131l\u0131\u015fta yapt\u0131\u011f\u0131 konu\u015fmada, serginin 12 Kas\u0131m\u2019a kadar a\u00e7\u0131k olaca\u011f\u0131n\u0131 bildirdi. Bu [&hellip;]<\/p>\n","protected":false},"author":1,"featured_media":13045,"comment_status":"open","ping_status":"open","sticky":false,"template":"","format":"standard","meta":{"jnews-multi-image_gallery":[],"jnews_single_post":[],"jnews_primary_category":[],"jnews_social_meta":[],"jnews_override_counter":[],"footnotes":""},"categories":[6],"tags":[],"class_list":["post-13044","post","type-post","status-publish","format-standard","has-post-thumbnail","hentry","category-yasam"],"yoast_head":"<!-- This site is optimized with the Yoast SEO plugin v27.4 - https:\/\/yoast.com\/product\/yoast-seo-wordpress\/ -->\n<title>KKTC\u2019li ka\u011f\u0131t sanat\u00e7\u0131lar\u0131n\u0131n eserleri Yalova\u2019da sergileniyor - Kuzeyin Sesi<\/title>\n<meta name=\"robots\" content=\"index, follow, max-snippet:-1, max-image-preview:large, max-video-preview:-1\" \/>\n<link rel=\"canonical\" href=\"https:\/\/kuzeyinsesi.org\/index.php\/2024\/11\/07\/kktcli-kagit-sanatcilarinin-eserleri-yalovada-sergileniyor\/\" \/>\n<meta property=\"og:locale\" content=\"tr_TR\" \/>\n<meta property=\"og:type\" content=\"article\" \/>\n<meta property=\"og:title\" content=\"KKTC\u2019li ka\u011f\u0131t sanat\u00e7\u0131lar\u0131n\u0131n eserleri Yalova\u2019da sergileniyor - Kuzeyin Sesi\" \/>\n<meta property=\"og:description\" content=\"Yalova\u2019da, Kuzey K\u0131br\u0131s T\u00fcrk Cumhuriyeti (KKTC) K\u00fclt\u00fcr Dairesi M\u00fcd\u00fcrl\u00fc\u011f\u00fcn\u00fcn sponsorlu\u011funda ka\u011f\u0131t sanat\u00e7\u0131lar\u0131n\u0131n eserlerinden olu\u015fan \u201cBiz Do\u011fay\u0131z\u201d ba\u015fl\u0131kl\u0131 sergi a\u00e7\u0131ld\u0131. K\u0131br\u0131s Ka\u011f\u0131t Sanat\u00e7\u0131lar\u0131 Derne\u011fince Yalova Belediyesi \u0130brahim M\u00fcteferrika Ka\u011f\u0131t M\u00fczesi\u2019nde sanatseverlerin be\u011fenisine sunulan sergide, KKTC\u2018den 21 sanat\u00e7\u0131n\u0131n 63 eseri yer al\u0131yor. Dernek Ba\u015fkan\u0131 \u0130smet Tatar, a\u00e7\u0131l\u0131\u015fta yapt\u0131\u011f\u0131 konu\u015fmada, serginin 12 Kas\u0131m\u2019a kadar a\u00e7\u0131k olaca\u011f\u0131n\u0131 bildirdi. Bu [&hellip;]\" \/>\n<meta property=\"og:url\" content=\"https:\/\/kuzeyinsesi.org\/index.php\/2024\/11\/07\/kktcli-kagit-sanatcilarinin-eserleri-yalovada-sergileniyor\/\" \/>\n<meta property=\"og:site_name\" content=\"Kuzeyin Sesi\" \/>\n<meta property=\"article:publisher\" content=\"https:\/\/www.facebook.com\/kuzeyinsesii\" \/>\n<meta property=\"article:published_time\" content=\"2024-11-07T13:09:30+00:00\" \/>\n<meta property=\"og:image\" content=\"https:\/\/brtk.net\/wp-content\/uploads\/2024\/11\/07\/kagit-2-scaled.jpg?ver=b68492f0902485ef92fcc3b379acdff2\" \/>\n<meta name=\"author\" content=\"Kuzeyin Sesi\" \/>\n<meta name=\"twitter:card\" content=\"summary_large_image\" \/>\n<meta name=\"twitter:creator\" content=\"@kuzeyinsesii\" \/>\n<meta name=\"twitter:site\" content=\"@kuzeyinsesii\" \/>\n<meta name=\"twitter:label1\" content=\"Yazan:\" \/>\n\t<meta name=\"twitter:data1\" content=\"Kuzeyin Sesi\" \/>\n\t<meta name=\"twitter:label2\" content=\"Tahmini okuma s\u00fcresi\" \/>\n\t<meta name=\"twitter:data2\" content=\"1 dakika\" \/>\n<script type=\"application\/ld+json\" class=\"yoast-schema-graph\">{\"@context\":\"https:\\\/\\\/schema.org\",\"@graph\":[{\"@type\":\"Article\",\"@id\":\"https:\\\/\\\/kuzeyinsesi.org\\\/index.php\\\/2024\\\/11\\\/07\\\/kktcli-kagit-sanatcilarinin-eserleri-yalovada-sergileniyor\\\/#article\",\"isPartOf\":{\"@id\":\"https:\\\/\\\/kuzeyinsesi.org\\\/index.php\\\/2024\\\/11\\\/07\\\/kktcli-kagit-sanatcilarinin-eserleri-yalovada-sergileniyor\\\/\"},\"author\":{\"name\":\"Kuzeyin Sesi\",\"@id\":\"https:\\\/\\\/kuzeyinsesi.org\\\/#\\\/schema\\\/person\\\/9f859689cdf01485597712386e37f5aa\"},\"headline\":\"KKTC\u2019li ka\u011f\u0131t sanat\u00e7\u0131lar\u0131n\u0131n eserleri Yalova\u2019da sergileniyor\",\"datePublished\":\"2024-11-07T13:09:30+00:00\",\"mainEntityOfPage\":{\"@id\":\"https:\\\/\\\/kuzeyinsesi.org\\\/index.php\\\/2024\\\/11\\\/07\\\/kktcli-kagit-sanatcilarinin-eserleri-yalovada-sergileniyor\\\/\"},\"wordCount\":272,\"commentCount\":0,\"image\":{\"@id\":\"https:\\\/\\\/kuzeyinsesi.org\\\/index.php\\\/2024\\\/11\\\/07\\\/kktcli-kagit-sanatcilarinin-eserleri-yalovada-sergileniyor\\\/#primaryimage\"},\"thumbnailUrl\":\"https:\\\/\\\/kuzeyinsesi.org\\\/wp-content\\\/uploads\\\/2024\\\/11\\\/kagit-2-scaled.jpg\",\"articleSection\":[\"Ya\u015fam\"],\"inLanguage\":\"tr\",\"potentialAction\":[{\"@type\":\"CommentAction\",\"name\":\"Comment\",\"target\":[\"https:\\\/\\\/kuzeyinsesi.org\\\/index.php\\\/2024\\\/11\\\/07\\\/kktcli-kagit-sanatcilarinin-eserleri-yalovada-sergileniyor\\\/#respond\"]}]},{\"@type\":\"WebPage\",\"@id\":\"https:\\\/\\\/kuzeyinsesi.org\\\/index.php\\\/2024\\\/11\\\/07\\\/kktcli-kagit-sanatcilarinin-eserleri-yalovada-sergileniyor\\\/\",\"url\":\"https:\\\/\\\/kuzeyinsesi.org\\\/index.php\\\/2024\\\/11\\\/07\\\/kktcli-kagit-sanatcilarinin-eserleri-yalovada-sergileniyor\\\/\",\"name\":\"KKTC\u2019li ka\u011f\u0131t sanat\u00e7\u0131lar\u0131n\u0131n eserleri Yalova\u2019da sergileniyor - Kuzeyin Sesi\",\"isPartOf\":{\"@id\":\"https:\\\/\\\/kuzeyinsesi.org\\\/#website\"},\"primaryImageOfPage\":{\"@id\":\"https:\\\/\\\/kuzeyinsesi.org\\\/index.php\\\/2024\\\/11\\\/07\\\/kktcli-kagit-sanatcilarinin-eserleri-yalovada-sergileniyor\\\/#primaryimage\"},\"image\":{\"@id\":\"https:\\\/\\\/kuzeyinsesi.org\\\/index.php\\\/2024\\\/11\\\/07\\\/kktcli-kagit-sanatcilarinin-eserleri-yalovada-sergileniyor\\\/#primaryimage\"},\"thumbnailUrl\":\"https:\\\/\\\/kuzeyinsesi.org\\\/wp-content\\\/uploads\\\/2024\\\/11\\\/kagit-2-scaled.jpg\",\"datePublished\":\"2024-11-07T13:09:30+00:00\",\"author\":{\"@id\":\"https:\\\/\\\/kuzeyinsesi.org\\\/#\\\/schema\\\/person\\\/9f859689cdf01485597712386e37f5aa\"},\"breadcrumb\":{\"@id\":\"https:\\\/\\\/kuzeyinsesi.org\\\/index.php\\\/2024\\\/11\\\/07\\\/kktcli-kagit-sanatcilarinin-eserleri-yalovada-sergileniyor\\\/#breadcrumb\"},\"inLanguage\":\"tr\",\"potentialAction\":[{\"@type\":\"ReadAction\",\"target\":[\"https:\\\/\\\/kuzeyinsesi.org\\\/index.php\\\/2024\\\/11\\\/07\\\/kktcli-kagit-sanatcilarinin-eserleri-yalovada-sergileniyor\\\/\"]}]},{\"@type\":\"ImageObject\",\"inLanguage\":\"tr\",\"@id\":\"https:\\\/\\\/kuzeyinsesi.org\\\/index.php\\\/2024\\\/11\\\/07\\\/kktcli-kagit-sanatcilarinin-eserleri-yalovada-sergileniyor\\\/#primaryimage\",\"url\":\"https:\\\/\\\/kuzeyinsesi.org\\\/wp-content\\\/uploads\\\/2024\\\/11\\\/kagit-2-scaled.jpg\",\"contentUrl\":\"https:\\\/\\\/kuzeyinsesi.org\\\/wp-content\\\/uploads\\\/2024\\\/11\\\/kagit-2-scaled.jpg\",\"width\":2560,\"height\":1707},{\"@type\":\"BreadcrumbList\",\"@id\":\"https:\\\/\\\/kuzeyinsesi.org\\\/index.php\\\/2024\\\/11\\\/07\\\/kktcli-kagit-sanatcilarinin-eserleri-yalovada-sergileniyor\\\/#breadcrumb\",\"itemListElement\":[{\"@type\":\"ListItem\",\"position\":1,\"name\":\"Anasayfa\",\"item\":\"https:\\\/\\\/kuzeyinsesi.org\\\/\"},{\"@type\":\"ListItem\",\"position\":2,\"name\":\"KKTC\u2019li ka\u011f\u0131t sanat\u00e7\u0131lar\u0131n\u0131n eserleri Yalova\u2019da sergileniyor\"}]},{\"@type\":\"WebSite\",\"@id\":\"https:\\\/\\\/kuzeyinsesi.org\\\/#website\",\"url\":\"https:\\\/\\\/kuzeyinsesi.org\\\/\",\"name\":\"Kuzeyin Sesi\",\"description\":\"Do\u011fru Haberin Adresi\",\"potentialAction\":[{\"@type\":\"SearchAction\",\"target\":{\"@type\":\"EntryPoint\",\"urlTemplate\":\"https:\\\/\\\/kuzeyinsesi.org\\\/?s={search_term_string}\"},\"query-input\":{\"@type\":\"PropertyValueSpecification\",\"valueRequired\":true,\"valueName\":\"search_term_string\"}}],\"inLanguage\":\"tr\"},{\"@type\":\"Person\",\"@id\":\"https:\\\/\\\/kuzeyinsesi.org\\\/#\\\/schema\\\/person\\\/9f859689cdf01485597712386e37f5aa\",\"name\":\"Kuzeyin Sesi\",\"image\":{\"@type\":\"ImageObject\",\"inLanguage\":\"tr\",\"@id\":\"https:\\\/\\\/secure.gravatar.com\\\/avatar\\\/bab33852abfd8b282518d6ed81826833d77c3c882d9ab608add591ccace47a44?s=96&d=mm&r=g\",\"url\":\"https:\\\/\\\/secure.gravatar.com\\\/avatar\\\/bab33852abfd8b282518d6ed81826833d77c3c882d9ab608add591ccace47a44?s=96&d=mm&r=g\",\"contentUrl\":\"https:\\\/\\\/secure.gravatar.com\\\/avatar\\\/bab33852abfd8b282518d6ed81826833d77c3c882d9ab608add591ccace47a44?s=96&d=mm&r=g\",\"caption\":\"Kuzeyin Sesi\"},\"sameAs\":[\"https:\\\/\\\/kuzeyinsesi.org\"],\"url\":\"https:\\\/\\\/kuzeyinsesi.org\\\/index.php\\\/author\\\/guven\\\/\"}]}<\/script>\n<!-- \/ Yoast SEO plugin. -->","yoast_head_json":{"title":"KKTC\u2019li ka\u011f\u0131t sanat\u00e7\u0131lar\u0131n\u0131n eserleri Yalova\u2019da sergileniyor - Kuzeyin Sesi","robots":{"index":"index","follow":"follow","max-snippet":"max-snippet:-1","max-image-preview":"max-image-preview:large","max-video-preview":"max-video-preview:-1"},"canonical":"https:\/\/kuzeyinsesi.org\/index.php\/2024\/11\/07\/kktcli-kagit-sanatcilarinin-eserleri-yalovada-sergileniyor\/","og_locale":"tr_TR","og_type":"article","og_title":"KKTC\u2019li ka\u011f\u0131t sanat\u00e7\u0131lar\u0131n\u0131n eserleri Yalova\u2019da sergileniyor - Kuzeyin Sesi","og_description":"Yalova\u2019da, Kuzey K\u0131br\u0131s T\u00fcrk Cumhuriyeti (KKTC) K\u00fclt\u00fcr Dairesi M\u00fcd\u00fcrl\u00fc\u011f\u00fcn\u00fcn sponsorlu\u011funda ka\u011f\u0131t sanat\u00e7\u0131lar\u0131n\u0131n eserlerinden olu\u015fan \u201cBiz Do\u011fay\u0131z\u201d ba\u015fl\u0131kl\u0131 sergi a\u00e7\u0131ld\u0131. K\u0131br\u0131s Ka\u011f\u0131t Sanat\u00e7\u0131lar\u0131 Derne\u011fince Yalova Belediyesi \u0130brahim M\u00fcteferrika Ka\u011f\u0131t M\u00fczesi\u2019nde sanatseverlerin be\u011fenisine sunulan sergide, KKTC\u2018den 21 sanat\u00e7\u0131n\u0131n 63 eseri yer al\u0131yor. Dernek Ba\u015fkan\u0131 \u0130smet Tatar, a\u00e7\u0131l\u0131\u015fta yapt\u0131\u011f\u0131 konu\u015fmada, serginin 12 Kas\u0131m\u2019a kadar a\u00e7\u0131k olaca\u011f\u0131n\u0131 bildirdi. Bu [&hellip;]","og_url":"https:\/\/kuzeyinsesi.org\/index.php\/2024\/11\/07\/kktcli-kagit-sanatcilarinin-eserleri-yalovada-sergileniyor\/","og_site_name":"Kuzeyin Sesi","article_publisher":"https:\/\/www.facebook.com\/kuzeyinsesii","article_published_time":"2024-11-07T13:09:30+00:00","og_image":[{"url":"https:\/\/brtk.net\/wp-content\/uploads\/2024\/11\/07\/kagit-2-scaled.jpg?ver=b68492f0902485ef92fcc3b379acdff2","type":"","width":"","height":""}],"author":"Kuzeyin Sesi","twitter_card":"summary_large_image","twitter_creator":"@kuzeyinsesii","twitter_site":"@kuzeyinsesii","twitter_misc":{"Yazan:":"Kuzeyin Sesi","Tahmini okuma s\u00fcresi":"1 dakika"},"schema":{"@context":"https:\/\/schema.org","@graph":[{"@type":"Article","@id":"https:\/\/kuzeyinsesi.org\/index.php\/2024\/11\/07\/kktcli-kagit-sanatcilarinin-eserleri-yalovada-sergileniyor\/#article","isPartOf":{"@id":"https:\/\/kuzeyinsesi.org\/index.php\/2024\/11\/07\/kktcli-kagit-sanatcilarinin-eserleri-yalovada-sergileniyor\/"},"author":{"name":"Kuzeyin Sesi","@id":"https:\/\/kuzeyinsesi.org\/#\/schema\/person\/9f859689cdf01485597712386e37f5aa"},"headline":"KKTC\u2019li ka\u011f\u0131t sanat\u00e7\u0131lar\u0131n\u0131n eserleri Yalova\u2019da sergileniyor","datePublished":"2024-11-07T13:09:30+00:00","mainEntityOfPage":{"@id":"https:\/\/kuzeyinsesi.org\/index.php\/2024\/11\/07\/kktcli-kagit-sanatcilarinin-eserleri-yalovada-sergileniyor\/"},"wordCount":272,"commentCount":0,"image":{"@id":"https:\/\/kuzeyinsesi.org\/index.php\/2024\/11\/07\/kktcli-kagit-sanatcilarinin-eserleri-yalovada-sergileniyor\/#primaryimage"},"thumbnailUrl":"https:\/\/kuzeyinsesi.org\/wp-content\/uploads\/2024\/11\/kagit-2-scaled.jpg","articleSection":["Ya\u015fam"],"inLanguage":"tr","potentialAction":[{"@type":"CommentAction","name":"Comment","target":["https:\/\/kuzeyinsesi.org\/index.php\/2024\/11\/07\/kktcli-kagit-sanatcilarinin-eserleri-yalovada-sergileniyor\/#respond"]}]},{"@type":"WebPage","@id":"https:\/\/kuzeyinsesi.org\/index.php\/2024\/11\/07\/kktcli-kagit-sanatcilarinin-eserleri-yalovada-sergileniyor\/","url":"https:\/\/kuzeyinsesi.org\/index.php\/2024\/11\/07\/kktcli-kagit-sanatcilarinin-eserleri-yalovada-sergileniyor\/","name":"KKTC\u2019li ka\u011f\u0131t sanat\u00e7\u0131lar\u0131n\u0131n eserleri Yalova\u2019da sergileniyor - Kuzeyin Sesi","isPartOf":{"@id":"https:\/\/kuzeyinsesi.org\/#website"},"primaryImageOfPage":{"@id":"https:\/\/kuzeyinsesi.org\/index.php\/2024\/11\/07\/kktcli-kagit-sanatcilarinin-eserleri-yalovada-sergileniyor\/#primaryimage"},"image":{"@id":"https:\/\/kuzeyinsesi.org\/index.php\/2024\/11\/07\/kktcli-kagit-sanatcilarinin-eserleri-yalovada-sergileniyor\/#primaryimage"},"thumbnailUrl":"https:\/\/kuzeyinsesi.org\/wp-content\/uploads\/2024\/11\/kagit-2-scaled.jpg","datePublished":"2024-11-07T13:09:30+00:00","author":{"@id":"https:\/\/kuzeyinsesi.org\/#\/schema\/person\/9f859689cdf01485597712386e37f5aa"},"breadcrumb":{"@id":"https:\/\/kuzeyinsesi.org\/index.php\/2024\/11\/07\/kktcli-kagit-sanatcilarinin-eserleri-yalovada-sergileniyor\/#breadcrumb"},"inLanguage":"tr","potentialAction":[{"@type":"ReadAction","target":["https:\/\/kuzeyinsesi.org\/index.php\/2024\/11\/07\/kktcli-kagit-sanatcilarinin-eserleri-yalovada-sergileniyor\/"]}]},{"@type":"ImageObject","inLanguage":"tr","@id":"https:\/\/kuzeyinsesi.org\/index.php\/2024\/11\/07\/kktcli-kagit-sanatcilarinin-eserleri-yalovada-sergileniyor\/#primaryimage","url":"https:\/\/kuzeyinsesi.org\/wp-content\/uploads\/2024\/11\/kagit-2-scaled.jpg","contentUrl":"https:\/\/kuzeyinsesi.org\/wp-content\/uploads\/2024\/11\/kagit-2-scaled.jpg","width":2560,"height":1707},{"@type":"BreadcrumbList","@id":"https:\/\/kuzeyinsesi.org\/index.php\/2024\/11\/07\/kktcli-kagit-sanatcilarinin-eserleri-yalovada-sergileniyor\/#breadcrumb","itemListElement":[{"@type":"ListItem","position":1,"name":"Anasayfa","item":"https:\/\/kuzeyinsesi.org\/"},{"@type":"ListItem","position":2,"name":"KKTC\u2019li ka\u011f\u0131t sanat\u00e7\u0131lar\u0131n\u0131n eserleri Yalova\u2019da sergileniyor"}]},{"@type":"WebSite","@id":"https:\/\/kuzeyinsesi.org\/#website","url":"https:\/\/kuzeyinsesi.org\/","name":"Kuzeyin Sesi","description":"Do\u011fru Haberin Adresi","potentialAction":[{"@type":"SearchAction","target":{"@type":"EntryPoint","urlTemplate":"https:\/\/kuzeyinsesi.org\/?s={search_term_string}"},"query-input":{"@type":"PropertyValueSpecification","valueRequired":true,"valueName":"search_term_string"}}],"inLanguage":"tr"},{"@type":"Person","@id":"https:\/\/kuzeyinsesi.org\/#\/schema\/person\/9f859689cdf01485597712386e37f5aa","name":"Kuzeyin Sesi","image":{"@type":"ImageObject","inLanguage":"tr","@id":"https:\/\/secure.gravatar.com\/avatar\/bab33852abfd8b282518d6ed81826833d77c3c882d9ab608add591ccace47a44?s=96&d=mm&r=g","url":"https:\/\/secure.gravatar.com\/avatar\/bab33852abfd8b282518d6ed81826833d77c3c882d9ab608add591ccace47a44?s=96&d=mm&r=g","contentUrl":"https:\/\/secure.gravatar.com\/avatar\/bab33852abfd8b282518d6ed81826833d77c3c882d9ab608add591ccace47a44?s=96&d=mm&r=g","caption":"Kuzeyin Sesi"},"sameAs":["https:\/\/kuzeyinsesi.org"],"url":"https:\/\/kuzeyinsesi.org\/index.php\/author\/guven\/"}]}},"_links":{"self":[{"href":"https:\/\/kuzeyinsesi.org\/index.php\/wp-json\/wp\/v2\/posts\/13044","targetHints":{"allow":["GET"]}}],"collection":[{"href":"https:\/\/kuzeyinsesi.org\/index.php\/wp-json\/wp\/v2\/posts"}],"about":[{"href":"https:\/\/kuzeyinsesi.org\/index.php\/wp-json\/wp\/v2\/types\/post"}],"author":[{"embeddable":true,"href":"https:\/\/kuzeyinsesi.org\/index.php\/wp-json\/wp\/v2\/users\/1"}],"replies":[{"embeddable":true,"href":"https:\/\/kuzeyinsesi.org\/index.php\/wp-json\/wp\/v2\/comments?post=13044"}],"version-history":[{"count":0,"href":"https:\/\/kuzeyinsesi.org\/index.php\/wp-json\/wp\/v2\/posts\/13044\/revisions"}],"wp:featuredmedia":[{"embeddable":true,"href":"https:\/\/kuzeyinsesi.org\/index.php\/wp-json\/wp\/v2\/media\/13045"}],"wp:attachment":[{"href":"https:\/\/kuzeyinsesi.org\/index.php\/wp-json\/wp\/v2\/media?parent=13044"}],"wp:term":[{"taxonomy":"category","embeddable":true,"href":"https:\/\/kuzeyinsesi.org\/index.php\/wp-json\/wp\/v2\/categories?post=13044"},{"taxonomy":"post_tag","embeddable":true,"href":"https:\/\/kuzeyinsesi.org\/index.php\/wp-json\/wp\/v2\/tags?post=13044"}],"curies":[{"name":"wp","href":"https:\/\/api.w.org\/{rel}","templated":true}]}}