{"id":13040,"date":"2024-11-07T14:03:33","date_gmt":"2024-11-07T12:03:33","guid":{"rendered":"https:\/\/kuzeyinsesi.org\/index.php\/2024\/11\/07\/kuzey-kibris-turk-cumhuriyeti-41-yil-ozel-konseri-yarin-yapilacak\/"},"modified":"2024-11-07T14:03:33","modified_gmt":"2024-11-07T12:03:33","slug":"kuzey-kibris-turk-cumhuriyeti-41-yil-ozel-konseri-yarin-yapilacak","status":"publish","type":"post","link":"https:\/\/kuzeyinsesi.org\/index.php\/2024\/11\/07\/kuzey-kibris-turk-cumhuriyeti-41-yil-ozel-konseri-yarin-yapilacak\/","title":{"rendered":"\u201cKuzey K\u0131br\u0131s T\u00fcrk Cumhuriyeti 41. Y\u0131l \u00d6zel Konseri\u201d yar\u0131n yap\u0131lacak"},"content":{"rendered":"<div>\n<div class=\"mariselle-image-container center\">\n                <img decoding=\"async\" width=\"3508\" height=\"4961\" class=\"lazy-image\" alt=\"\" sizes=\"(max-width: 3508px) 100vw, 3508px\" src=\"https:\/\/brtk.net\/wp-content\/uploads\/2024\/11\/07\/devlet-opera-bale-1.png?ver=59e4b0884f44110291273cd684da9aac\" srcset=\"https:\/\/brtk.net\/wp-content\/uploads\/2024\/11\/07\/devlet-opera-bale-1.png?ver=59e4b0884f44110291273cd684da9aac 3508w, https:\/\/brtk.net\/wp-content\/uploads\/2024\/11\/07\/devlet-opera-bale-1-212x300.png?ver=1679ebc6f3965cf0be2ab51887f8f067 212w, https:\/\/brtk.net\/wp-content\/uploads\/2024\/11\/07\/devlet-opera-bale-1-724x1024.png?ver=0b9c17b763dddf8b84c75b553478e87d 724w, https:\/\/brtk.net\/wp-content\/uploads\/2024\/11\/07\/devlet-opera-bale-1-768x1086.png?ver=a7e0dc9a17f660a05afdb518a5813357 768w, https:\/\/brtk.net\/wp-content\/uploads\/2024\/11\/07\/devlet-opera-bale-1-1086x1536.png?ver=2b31ceb87dccc4fa8481a6c05fae5ad2 1086w, https:\/\/brtk.net\/wp-content\/uploads\/2024\/11\/07\/devlet-opera-bale-1-1448x2048.png?ver=96f21cc7fa394e713c8b011ced4b62fc 1448w\"\/>                            <\/div>\n<p>\u201cKuzey K\u0131br\u0131s T\u00fcrk Cumhuriyeti 41. Y\u0131l \u00d6zel Konseri\u201d yar\u0131n yap\u0131lacak. <\/p>\n<p>Ba\u015fbakan Yard\u0131mc\u0131l\u0131\u011f\u0131 Turizm, K\u00fclt\u00fcr, Gen\u00e7lik ve \u00c7evre Bakanl\u0131\u011f\u0131\u2019na ba\u011fl\u0131 Devlet Opera ve Bale Koordinasyon Merkezi ile Kuzey K\u0131br\u0131s T\u00fcrk Cumhuriyeti Cumhurba\u015fkanl\u0131\u011f\u0131 Senfoni Orkestras\u0131\u2019n\u0131n verece\u011fi konser, Lefko\u015fa-YD\u00dc Atat\u00fcrk K\u00fclt\u00fcr ve Kongre Merkezi\u2019nde saat 20.00\u2019de ba\u015flayacak.   <\/p>\n<p>Soprano Sermin Dikmen T\u00f6re, bariton Tu\u011frul Enver T\u00f6re ve Bariton Emre \u00d6zarabac\u0131 solistli\u011finde, Kamuran Aksel Ye\u015fillik Kozertmaister\u2019li\u011fi, Esra Poyrazo\u011flu Alpan\u2019\u0131n piyano e\u015fli\u011fi ve Ali Hoca\u2019n\u0131n orkestra \u015fefli\u011finde yap\u0131lacak konser, halka a\u00e7\u0131k olacak.<\/p>\n<\/p><\/div>\n<p><script async\n                    defer\n                    crossorigin=\"anonymous\"\n                    src=\"https:\/\/connect.facebook.net\/tr_TR\/sdk.js#xfbml=1&#038;version=v3.3\"\n            ><\/script><\/p>\n","protected":false},"excerpt":{"rendered":"<p>\u201cKuzey K\u0131br\u0131s T\u00fcrk Cumhuriyeti 41. Y\u0131l \u00d6zel Konseri\u201d yar\u0131n yap\u0131lacak. Ba\u015fbakan Yard\u0131mc\u0131l\u0131\u011f\u0131 Turizm, K\u00fclt\u00fcr, Gen\u00e7lik ve \u00c7evre Bakanl\u0131\u011f\u0131\u2019na ba\u011fl\u0131 Devlet Opera ve Bale Koordinasyon Merkezi ile Kuzey K\u0131br\u0131s T\u00fcrk Cumhuriyeti Cumhurba\u015fkanl\u0131\u011f\u0131 Senfoni Orkestras\u0131\u2019n\u0131n verece\u011fi konser, Lefko\u015fa-YD\u00dc Atat\u00fcrk K\u00fclt\u00fcr ve Kongre Merkezi\u2019nde saat 20.00\u2019de ba\u015flayacak. Soprano Sermin Dikmen T\u00f6re, bariton Tu\u011frul Enver T\u00f6re ve Bariton Emre [&hellip;]<\/p>\n","protected":false},"author":1,"featured_media":0,"comment_status":"open","ping_status":"open","sticky":false,"template":"","format":"standard","meta":{"jnews-multi-image_gallery":[],"jnews_single_post":[],"jnews_primary_category":[],"jnews_social_meta":[],"jnews_override_counter":[],"footnotes":""},"categories":[6],"tags":[],"class_list":["post-13040","post","type-post","status-publish","format-standard","hentry","category-yasam"],"yoast_head":"<!-- This site is optimized with the Yoast SEO plugin v27.4 - https:\/\/yoast.com\/product\/yoast-seo-wordpress\/ -->\n<title>\u201cKuzey K\u0131br\u0131s T\u00fcrk Cumhuriyeti 41. Y\u0131l \u00d6zel Konseri\u201d yar\u0131n yap\u0131lacak - Kuzeyin Sesi<\/title>\n<meta name=\"robots\" content=\"index, follow, max-snippet:-1, max-image-preview:large, max-video-preview:-1\" \/>\n<link rel=\"canonical\" href=\"https:\/\/kuzeyinsesi.org\/index.php\/2024\/11\/07\/kuzey-kibris-turk-cumhuriyeti-41-yil-ozel-konseri-yarin-yapilacak\/\" \/>\n<meta property=\"og:locale\" content=\"tr_TR\" \/>\n<meta property=\"og:type\" content=\"article\" \/>\n<meta property=\"og:title\" content=\"\u201cKuzey K\u0131br\u0131s T\u00fcrk Cumhuriyeti 41. Y\u0131l \u00d6zel Konseri\u201d yar\u0131n yap\u0131lacak - Kuzeyin Sesi\" \/>\n<meta property=\"og:description\" content=\"\u201cKuzey K\u0131br\u0131s T\u00fcrk Cumhuriyeti 41. Y\u0131l \u00d6zel Konseri\u201d yar\u0131n yap\u0131lacak. Ba\u015fbakan Yard\u0131mc\u0131l\u0131\u011f\u0131 Turizm, K\u00fclt\u00fcr, Gen\u00e7lik ve \u00c7evre Bakanl\u0131\u011f\u0131\u2019na ba\u011fl\u0131 Devlet Opera ve Bale Koordinasyon Merkezi ile Kuzey K\u0131br\u0131s T\u00fcrk Cumhuriyeti Cumhurba\u015fkanl\u0131\u011f\u0131 Senfoni Orkestras\u0131\u2019n\u0131n verece\u011fi konser, Lefko\u015fa-YD\u00dc Atat\u00fcrk K\u00fclt\u00fcr ve Kongre Merkezi\u2019nde saat 20.00\u2019de ba\u015flayacak. Soprano Sermin Dikmen T\u00f6re, bariton Tu\u011frul Enver T\u00f6re ve Bariton Emre [&hellip;]\" \/>\n<meta property=\"og:url\" content=\"https:\/\/kuzeyinsesi.org\/index.php\/2024\/11\/07\/kuzey-kibris-turk-cumhuriyeti-41-yil-ozel-konseri-yarin-yapilacak\/\" \/>\n<meta property=\"og:site_name\" content=\"Kuzeyin Sesi\" \/>\n<meta property=\"article:publisher\" content=\"https:\/\/www.facebook.com\/kuzeyinsesii\" \/>\n<meta property=\"article:published_time\" content=\"2024-11-07T12:03:33+00:00\" \/>\n<meta property=\"og:image\" content=\"https:\/\/brtk.net\/wp-content\/uploads\/2024\/11\/07\/devlet-opera-bale-1.png?ver=59e4b0884f44110291273cd684da9aac\" \/>\n<meta name=\"author\" content=\"Kuzeyin Sesi\" \/>\n<meta name=\"twitter:card\" content=\"summary_large_image\" \/>\n<meta name=\"twitter:creator\" content=\"@kuzeyinsesii\" \/>\n<meta name=\"twitter:site\" content=\"@kuzeyinsesii\" \/>\n<meta name=\"twitter:label1\" content=\"Yazan:\" \/>\n\t<meta name=\"twitter:data1\" content=\"Kuzeyin Sesi\" \/>\n\t<meta name=\"twitter:label2\" content=\"Tahmini okuma s\u00fcresi\" \/>\n\t<meta name=\"twitter:data2\" content=\"1 dakika\" \/>\n<script type=\"application\/ld+json\" class=\"yoast-schema-graph\">{\"@context\":\"https:\\\/\\\/schema.org\",\"@graph\":[{\"@type\":\"Article\",\"@id\":\"https:\\\/\\\/kuzeyinsesi.org\\\/index.php\\\/2024\\\/11\\\/07\\\/kuzey-kibris-turk-cumhuriyeti-41-yil-ozel-konseri-yarin-yapilacak\\\/#article\",\"isPartOf\":{\"@id\":\"https:\\\/\\\/kuzeyinsesi.org\\\/index.php\\\/2024\\\/11\\\/07\\\/kuzey-kibris-turk-cumhuriyeti-41-yil-ozel-konseri-yarin-yapilacak\\\/\"},\"author\":{\"name\":\"Kuzeyin Sesi\",\"@id\":\"https:\\\/\\\/kuzeyinsesi.org\\\/#\\\/schema\\\/person\\\/9f859689cdf01485597712386e37f5aa\"},\"headline\":\"\u201cKuzey K\u0131br\u0131s T\u00fcrk Cumhuriyeti 41. Y\u0131l \u00d6zel Konseri\u201d yar\u0131n yap\u0131lacak\",\"datePublished\":\"2024-11-07T12:03:33+00:00\",\"mainEntityOfPage\":{\"@id\":\"https:\\\/\\\/kuzeyinsesi.org\\\/index.php\\\/2024\\\/11\\\/07\\\/kuzey-kibris-turk-cumhuriyeti-41-yil-ozel-konseri-yarin-yapilacak\\\/\"},\"wordCount\":133,\"commentCount\":0,\"image\":{\"@id\":\"https:\\\/\\\/kuzeyinsesi.org\\\/index.php\\\/2024\\\/11\\\/07\\\/kuzey-kibris-turk-cumhuriyeti-41-yil-ozel-konseri-yarin-yapilacak\\\/#primaryimage\"},\"thumbnailUrl\":\"https:\\\/\\\/brtk.net\\\/wp-content\\\/uploads\\\/2024\\\/11\\\/07\\\/devlet-opera-bale-1.png?ver=59e4b0884f44110291273cd684da9aac\",\"articleSection\":[\"Ya\u015fam\"],\"inLanguage\":\"tr\",\"potentialAction\":[{\"@type\":\"CommentAction\",\"name\":\"Comment\",\"target\":[\"https:\\\/\\\/kuzeyinsesi.org\\\/index.php\\\/2024\\\/11\\\/07\\\/kuzey-kibris-turk-cumhuriyeti-41-yil-ozel-konseri-yarin-yapilacak\\\/#respond\"]}]},{\"@type\":\"WebPage\",\"@id\":\"https:\\\/\\\/kuzeyinsesi.org\\\/index.php\\\/2024\\\/11\\\/07\\\/kuzey-kibris-turk-cumhuriyeti-41-yil-ozel-konseri-yarin-yapilacak\\\/\",\"url\":\"https:\\\/\\\/kuzeyinsesi.org\\\/index.php\\\/2024\\\/11\\\/07\\\/kuzey-kibris-turk-cumhuriyeti-41-yil-ozel-konseri-yarin-yapilacak\\\/\",\"name\":\"\u201cKuzey K\u0131br\u0131s T\u00fcrk Cumhuriyeti 41. Y\u0131l \u00d6zel Konseri\u201d yar\u0131n yap\u0131lacak - Kuzeyin Sesi\",\"isPartOf\":{\"@id\":\"https:\\\/\\\/kuzeyinsesi.org\\\/#website\"},\"primaryImageOfPage\":{\"@id\":\"https:\\\/\\\/kuzeyinsesi.org\\\/index.php\\\/2024\\\/11\\\/07\\\/kuzey-kibris-turk-cumhuriyeti-41-yil-ozel-konseri-yarin-yapilacak\\\/#primaryimage\"},\"image\":{\"@id\":\"https:\\\/\\\/kuzeyinsesi.org\\\/index.php\\\/2024\\\/11\\\/07\\\/kuzey-kibris-turk-cumhuriyeti-41-yil-ozel-konseri-yarin-yapilacak\\\/#primaryimage\"},\"thumbnailUrl\":\"https:\\\/\\\/brtk.net\\\/wp-content\\\/uploads\\\/2024\\\/11\\\/07\\\/devlet-opera-bale-1.png?ver=59e4b0884f44110291273cd684da9aac\",\"datePublished\":\"2024-11-07T12:03:33+00:00\",\"author\":{\"@id\":\"https:\\\/\\\/kuzeyinsesi.org\\\/#\\\/schema\\\/person\\\/9f859689cdf01485597712386e37f5aa\"},\"breadcrumb\":{\"@id\":\"https:\\\/\\\/kuzeyinsesi.org\\\/index.php\\\/2024\\\/11\\\/07\\\/kuzey-kibris-turk-cumhuriyeti-41-yil-ozel-konseri-yarin-yapilacak\\\/#breadcrumb\"},\"inLanguage\":\"tr\",\"potentialAction\":[{\"@type\":\"ReadAction\",\"target\":[\"https:\\\/\\\/kuzeyinsesi.org\\\/index.php\\\/2024\\\/11\\\/07\\\/kuzey-kibris-turk-cumhuriyeti-41-yil-ozel-konseri-yarin-yapilacak\\\/\"]}]},{\"@type\":\"ImageObject\",\"inLanguage\":\"tr\",\"@id\":\"https:\\\/\\\/kuzeyinsesi.org\\\/index.php\\\/2024\\\/11\\\/07\\\/kuzey-kibris-turk-cumhuriyeti-41-yil-ozel-konseri-yarin-yapilacak\\\/#primaryimage\",\"url\":\"https:\\\/\\\/brtk.net\\\/wp-content\\\/uploads\\\/2024\\\/11\\\/07\\\/devlet-opera-bale-1.png?ver=59e4b0884f44110291273cd684da9aac\",\"contentUrl\":\"https:\\\/\\\/brtk.net\\\/wp-content\\\/uploads\\\/2024\\\/11\\\/07\\\/devlet-opera-bale-1.png?ver=59e4b0884f44110291273cd684da9aac\"},{\"@type\":\"BreadcrumbList\",\"@id\":\"https:\\\/\\\/kuzeyinsesi.org\\\/index.php\\\/2024\\\/11\\\/07\\\/kuzey-kibris-turk-cumhuriyeti-41-yil-ozel-konseri-yarin-yapilacak\\\/#breadcrumb\",\"itemListElement\":[{\"@type\":\"ListItem\",\"position\":1,\"name\":\"Anasayfa\",\"item\":\"https:\\\/\\\/kuzeyinsesi.org\\\/\"},{\"@type\":\"ListItem\",\"position\":2,\"name\":\"\u201cKuzey K\u0131br\u0131s T\u00fcrk Cumhuriyeti 41. Y\u0131l \u00d6zel Konseri\u201d yar\u0131n yap\u0131lacak\"}]},{\"@type\":\"WebSite\",\"@id\":\"https:\\\/\\\/kuzeyinsesi.org\\\/#website\",\"url\":\"https:\\\/\\\/kuzeyinsesi.org\\\/\",\"name\":\"Kuzeyin Sesi\",\"description\":\"Do\u011fru Haberin Adresi\",\"potentialAction\":[{\"@type\":\"SearchAction\",\"target\":{\"@type\":\"EntryPoint\",\"urlTemplate\":\"https:\\\/\\\/kuzeyinsesi.org\\\/?s={search_term_string}\"},\"query-input\":{\"@type\":\"PropertyValueSpecification\",\"valueRequired\":true,\"valueName\":\"search_term_string\"}}],\"inLanguage\":\"tr\"},{\"@type\":\"Person\",\"@id\":\"https:\\\/\\\/kuzeyinsesi.org\\\/#\\\/schema\\\/person\\\/9f859689cdf01485597712386e37f5aa\",\"name\":\"Kuzeyin Sesi\",\"image\":{\"@type\":\"ImageObject\",\"inLanguage\":\"tr\",\"@id\":\"https:\\\/\\\/secure.gravatar.com\\\/avatar\\\/bab33852abfd8b282518d6ed81826833d77c3c882d9ab608add591ccace47a44?s=96&d=mm&r=g\",\"url\":\"https:\\\/\\\/secure.gravatar.com\\\/avatar\\\/bab33852abfd8b282518d6ed81826833d77c3c882d9ab608add591ccace47a44?s=96&d=mm&r=g\",\"contentUrl\":\"https:\\\/\\\/secure.gravatar.com\\\/avatar\\\/bab33852abfd8b282518d6ed81826833d77c3c882d9ab608add591ccace47a44?s=96&d=mm&r=g\",\"caption\":\"Kuzeyin Sesi\"},\"sameAs\":[\"https:\\\/\\\/kuzeyinsesi.org\"],\"url\":\"https:\\\/\\\/kuzeyinsesi.org\\\/index.php\\\/author\\\/guven\\\/\"}]}<\/script>\n<!-- \/ Yoast SEO plugin. -->","yoast_head_json":{"title":"\u201cKuzey K\u0131br\u0131s T\u00fcrk Cumhuriyeti 41. Y\u0131l \u00d6zel Konseri\u201d yar\u0131n yap\u0131lacak - Kuzeyin Sesi","robots":{"index":"index","follow":"follow","max-snippet":"max-snippet:-1","max-image-preview":"max-image-preview:large","max-video-preview":"max-video-preview:-1"},"canonical":"https:\/\/kuzeyinsesi.org\/index.php\/2024\/11\/07\/kuzey-kibris-turk-cumhuriyeti-41-yil-ozel-konseri-yarin-yapilacak\/","og_locale":"tr_TR","og_type":"article","og_title":"\u201cKuzey K\u0131br\u0131s T\u00fcrk Cumhuriyeti 41. Y\u0131l \u00d6zel Konseri\u201d yar\u0131n yap\u0131lacak - Kuzeyin Sesi","og_description":"\u201cKuzey K\u0131br\u0131s T\u00fcrk Cumhuriyeti 41. Y\u0131l \u00d6zel Konseri\u201d yar\u0131n yap\u0131lacak. Ba\u015fbakan Yard\u0131mc\u0131l\u0131\u011f\u0131 Turizm, K\u00fclt\u00fcr, Gen\u00e7lik ve \u00c7evre Bakanl\u0131\u011f\u0131\u2019na ba\u011fl\u0131 Devlet Opera ve Bale Koordinasyon Merkezi ile Kuzey K\u0131br\u0131s T\u00fcrk Cumhuriyeti Cumhurba\u015fkanl\u0131\u011f\u0131 Senfoni Orkestras\u0131\u2019n\u0131n verece\u011fi konser, Lefko\u015fa-YD\u00dc Atat\u00fcrk K\u00fclt\u00fcr ve Kongre Merkezi\u2019nde saat 20.00\u2019de ba\u015flayacak. Soprano Sermin Dikmen T\u00f6re, bariton Tu\u011frul Enver T\u00f6re ve Bariton Emre [&hellip;]","og_url":"https:\/\/kuzeyinsesi.org\/index.php\/2024\/11\/07\/kuzey-kibris-turk-cumhuriyeti-41-yil-ozel-konseri-yarin-yapilacak\/","og_site_name":"Kuzeyin Sesi","article_publisher":"https:\/\/www.facebook.com\/kuzeyinsesii","article_published_time":"2024-11-07T12:03:33+00:00","og_image":[{"url":"https:\/\/brtk.net\/wp-content\/uploads\/2024\/11\/07\/devlet-opera-bale-1.png?ver=59e4b0884f44110291273cd684da9aac","type":"","width":"","height":""}],"author":"Kuzeyin Sesi","twitter_card":"summary_large_image","twitter_creator":"@kuzeyinsesii","twitter_site":"@kuzeyinsesii","twitter_misc":{"Yazan:":"Kuzeyin Sesi","Tahmini okuma s\u00fcresi":"1 dakika"},"schema":{"@context":"https:\/\/schema.org","@graph":[{"@type":"Article","@id":"https:\/\/kuzeyinsesi.org\/index.php\/2024\/11\/07\/kuzey-kibris-turk-cumhuriyeti-41-yil-ozel-konseri-yarin-yapilacak\/#article","isPartOf":{"@id":"https:\/\/kuzeyinsesi.org\/index.php\/2024\/11\/07\/kuzey-kibris-turk-cumhuriyeti-41-yil-ozel-konseri-yarin-yapilacak\/"},"author":{"name":"Kuzeyin Sesi","@id":"https:\/\/kuzeyinsesi.org\/#\/schema\/person\/9f859689cdf01485597712386e37f5aa"},"headline":"\u201cKuzey K\u0131br\u0131s T\u00fcrk Cumhuriyeti 41. Y\u0131l \u00d6zel Konseri\u201d yar\u0131n yap\u0131lacak","datePublished":"2024-11-07T12:03:33+00:00","mainEntityOfPage":{"@id":"https:\/\/kuzeyinsesi.org\/index.php\/2024\/11\/07\/kuzey-kibris-turk-cumhuriyeti-41-yil-ozel-konseri-yarin-yapilacak\/"},"wordCount":133,"commentCount":0,"image":{"@id":"https:\/\/kuzeyinsesi.org\/index.php\/2024\/11\/07\/kuzey-kibris-turk-cumhuriyeti-41-yil-ozel-konseri-yarin-yapilacak\/#primaryimage"},"thumbnailUrl":"https:\/\/brtk.net\/wp-content\/uploads\/2024\/11\/07\/devlet-opera-bale-1.png?ver=59e4b0884f44110291273cd684da9aac","articleSection":["Ya\u015fam"],"inLanguage":"tr","potentialAction":[{"@type":"CommentAction","name":"Comment","target":["https:\/\/kuzeyinsesi.org\/index.php\/2024\/11\/07\/kuzey-kibris-turk-cumhuriyeti-41-yil-ozel-konseri-yarin-yapilacak\/#respond"]}]},{"@type":"WebPage","@id":"https:\/\/kuzeyinsesi.org\/index.php\/2024\/11\/07\/kuzey-kibris-turk-cumhuriyeti-41-yil-ozel-konseri-yarin-yapilacak\/","url":"https:\/\/kuzeyinsesi.org\/index.php\/2024\/11\/07\/kuzey-kibris-turk-cumhuriyeti-41-yil-ozel-konseri-yarin-yapilacak\/","name":"\u201cKuzey K\u0131br\u0131s T\u00fcrk Cumhuriyeti 41. Y\u0131l \u00d6zel Konseri\u201d yar\u0131n yap\u0131lacak - Kuzeyin Sesi","isPartOf":{"@id":"https:\/\/kuzeyinsesi.org\/#website"},"primaryImageOfPage":{"@id":"https:\/\/kuzeyinsesi.org\/index.php\/2024\/11\/07\/kuzey-kibris-turk-cumhuriyeti-41-yil-ozel-konseri-yarin-yapilacak\/#primaryimage"},"image":{"@id":"https:\/\/kuzeyinsesi.org\/index.php\/2024\/11\/07\/kuzey-kibris-turk-cumhuriyeti-41-yil-ozel-konseri-yarin-yapilacak\/#primaryimage"},"thumbnailUrl":"https:\/\/brtk.net\/wp-content\/uploads\/2024\/11\/07\/devlet-opera-bale-1.png?ver=59e4b0884f44110291273cd684da9aac","datePublished":"2024-11-07T12:03:33+00:00","author":{"@id":"https:\/\/kuzeyinsesi.org\/#\/schema\/person\/9f859689cdf01485597712386e37f5aa"},"breadcrumb":{"@id":"https:\/\/kuzeyinsesi.org\/index.php\/2024\/11\/07\/kuzey-kibris-turk-cumhuriyeti-41-yil-ozel-konseri-yarin-yapilacak\/#breadcrumb"},"inLanguage":"tr","potentialAction":[{"@type":"ReadAction","target":["https:\/\/kuzeyinsesi.org\/index.php\/2024\/11\/07\/kuzey-kibris-turk-cumhuriyeti-41-yil-ozel-konseri-yarin-yapilacak\/"]}]},{"@type":"ImageObject","inLanguage":"tr","@id":"https:\/\/kuzeyinsesi.org\/index.php\/2024\/11\/07\/kuzey-kibris-turk-cumhuriyeti-41-yil-ozel-konseri-yarin-yapilacak\/#primaryimage","url":"https:\/\/brtk.net\/wp-content\/uploads\/2024\/11\/07\/devlet-opera-bale-1.png?ver=59e4b0884f44110291273cd684da9aac","contentUrl":"https:\/\/brtk.net\/wp-content\/uploads\/2024\/11\/07\/devlet-opera-bale-1.png?ver=59e4b0884f44110291273cd684da9aac"},{"@type":"BreadcrumbList","@id":"https:\/\/kuzeyinsesi.org\/index.php\/2024\/11\/07\/kuzey-kibris-turk-cumhuriyeti-41-yil-ozel-konseri-yarin-yapilacak\/#breadcrumb","itemListElement":[{"@type":"ListItem","position":1,"name":"Anasayfa","item":"https:\/\/kuzeyinsesi.org\/"},{"@type":"ListItem","position":2,"name":"\u201cKuzey K\u0131br\u0131s T\u00fcrk Cumhuriyeti 41. Y\u0131l \u00d6zel Konseri\u201d yar\u0131n yap\u0131lacak"}]},{"@type":"WebSite","@id":"https:\/\/kuzeyinsesi.org\/#website","url":"https:\/\/kuzeyinsesi.org\/","name":"Kuzeyin Sesi","description":"Do\u011fru Haberin Adresi","potentialAction":[{"@type":"SearchAction","target":{"@type":"EntryPoint","urlTemplate":"https:\/\/kuzeyinsesi.org\/?s={search_term_string}"},"query-input":{"@type":"PropertyValueSpecification","valueRequired":true,"valueName":"search_term_string"}}],"inLanguage":"tr"},{"@type":"Person","@id":"https:\/\/kuzeyinsesi.org\/#\/schema\/person\/9f859689cdf01485597712386e37f5aa","name":"Kuzeyin Sesi","image":{"@type":"ImageObject","inLanguage":"tr","@id":"https:\/\/secure.gravatar.com\/avatar\/bab33852abfd8b282518d6ed81826833d77c3c882d9ab608add591ccace47a44?s=96&d=mm&r=g","url":"https:\/\/secure.gravatar.com\/avatar\/bab33852abfd8b282518d6ed81826833d77c3c882d9ab608add591ccace47a44?s=96&d=mm&r=g","contentUrl":"https:\/\/secure.gravatar.com\/avatar\/bab33852abfd8b282518d6ed81826833d77c3c882d9ab608add591ccace47a44?s=96&d=mm&r=g","caption":"Kuzeyin Sesi"},"sameAs":["https:\/\/kuzeyinsesi.org"],"url":"https:\/\/kuzeyinsesi.org\/index.php\/author\/guven\/"}]}},"_links":{"self":[{"href":"https:\/\/kuzeyinsesi.org\/index.php\/wp-json\/wp\/v2\/posts\/13040","targetHints":{"allow":["GET"]}}],"collection":[{"href":"https:\/\/kuzeyinsesi.org\/index.php\/wp-json\/wp\/v2\/posts"}],"about":[{"href":"https:\/\/kuzeyinsesi.org\/index.php\/wp-json\/wp\/v2\/types\/post"}],"author":[{"embeddable":true,"href":"https:\/\/kuzeyinsesi.org\/index.php\/wp-json\/wp\/v2\/users\/1"}],"replies":[{"embeddable":true,"href":"https:\/\/kuzeyinsesi.org\/index.php\/wp-json\/wp\/v2\/comments?post=13040"}],"version-history":[{"count":0,"href":"https:\/\/kuzeyinsesi.org\/index.php\/wp-json\/wp\/v2\/posts\/13040\/revisions"}],"wp:attachment":[{"href":"https:\/\/kuzeyinsesi.org\/index.php\/wp-json\/wp\/v2\/media?parent=13040"}],"wp:term":[{"taxonomy":"category","embeddable":true,"href":"https:\/\/kuzeyinsesi.org\/index.php\/wp-json\/wp\/v2\/categories?post=13040"},{"taxonomy":"post_tag","embeddable":true,"href":"https:\/\/kuzeyinsesi.org\/index.php\/wp-json\/wp\/v2\/tags?post=13040"}],"curies":[{"name":"wp","href":"https:\/\/api.w.org\/{rel}","templated":true}]}}