{"id":13032,"date":"2024-11-07T13:25:17","date_gmt":"2024-11-07T11:25:17","guid":{"rendered":"https:\/\/kuzeyinsesi.org\/index.php\/2024\/11\/07\/15-bogazici-zirvesi-basladi-berova-zirvenin-isbirliklerinin-artirilmasi-baglaminda-cok-onemli-oldugunu-vurguladi\/"},"modified":"2024-11-07T13:25:17","modified_gmt":"2024-11-07T11:25:17","slug":"15-bogazici-zirvesi-basladi-berova-zirvenin-isbirliklerinin-artirilmasi-baglaminda-cok-onemli-oldugunu-vurguladi","status":"publish","type":"post","link":"https:\/\/kuzeyinsesi.org\/index.php\/2024\/11\/07\/15-bogazici-zirvesi-basladi-berova-zirvenin-isbirliklerinin-artirilmasi-baglaminda-cok-onemli-oldugunu-vurguladi\/","title":{"rendered":"15. Bo\u011fazi\u00e7i Zirvesi ba\u015flad\u0131.. Berova, zirvenin i\u015fbirliklerinin art\u0131r\u0131lmas\u0131 ba\u011flam\u0131nda \u00e7ok \u00f6nemli oldu\u011funu vurgulad\u0131"},"content":{"rendered":"<div>\n<div class=\"mariselle-image-container center\">\n                                            <\/div>\n<p>Uluslararas\u0131 \u0130\u015fbirli\u011fi Platformu (U\u0130P) taraf\u0131ndan d\u00fczenlenen Bo\u011fazi\u00e7i Zirvesi\u2019nin 15\u2019incisi, \u201cGelece\u011fe K\u00f6pr\u00fcler Kurmak: Bar\u0131\u015f, Teknoloji, S\u00fcrd\u00fcr\u00fclebilirlik\u201d ana temas\u0131 ile ba\u015flad\u0131.<\/p>\n<p>Zirve, son Darfur Sultan\u0131 Ali Dinar\u2019\u0131n torunu Ahmet Ali Dinar, eski Kolombiya Devlet Ba\u015fkan\u0131 Andres Pastrana Arango, \u00dcrd\u00fcn Senato Ba\u015fkan\u0131 Faisal Al-Fayez, Maliye Bakan\u0131 \u00d6zdemir Berova, D\u0131\u015f Ekonomik \u0130li\u015fkiler Kurulu (DE\u0130K) Y\u00f6netim Kurulu Ba\u015fkan\u0131 Nail Olpak, U\u0130P Kurucusu ve Ba\u015fkan\u0131 Cengiz \u00d6zgencil ile Onur Kurulu Ba\u015fkan\u0131 Rona Y\u0131rcal\u0131 ve akademi ile i\u015f d\u00fcnyas\u0131ndan bir\u00e7ok ismin kat\u0131l\u0131m\u0131yla ger\u00e7ekle\u015ftirildi.<\/p>\n<p>Zirvede, U\u0130P Onursal Ba\u015fkan\u0131 Talal Abu Gazaleh de g\u00f6nderdi\u011fi video mesaj ile kat\u0131l\u0131mc\u0131lara hitap etti.<\/p>\n<p>Maliye Bakan\u0131 Berova, a\u00e7\u0131l\u0131\u015fta yapt\u0131\u011f\u0131 konu\u015fmada, insanl\u0131\u011f\u0131n ba\u015flang\u0131c\u0131ndan bug\u00fcne kadar toplumlar aras\u0131 ticaretin ekonominin temellerini att\u0131\u011f\u0131n\u0131 belirterek, bu y\u00f6ndeki ekonomik geli\u015fmelerin t\u00fcm d\u00fcnyay\u0131 etkileyen k\u00fcresel bir ekonomi haline geldi\u011fini anlatt\u0131.<\/p>\n<p>Ge\u00e7mi\u015ften bug\u00fcne d\u00fcnya ekonomisinde krize neden olan \u00f6nemli olaylar ya\u015fand\u0131\u011f\u0131n\u0131 aktaran Berova, 2020\u2019nin ba\u015f\u0131ndan itibaren d\u00fcnya ekonomisini olumsuz etkileyen Kovid-19 salg\u0131n\u0131n\u0131n k\u00fcresel ekonomide daralmaya neden oldu\u011funu ve yeni d\u00fczenlemeleri getirdi\u011fini kaydetti.<\/p>\n<p>Berova, zirvenin i\u015fbirliklerinin art\u0131r\u0131lmas\u0131 ba\u011flam\u0131nda \u00e7ok \u00f6nemli oldu\u011funu vurgulad\u0131.<\/p>\n<p><strong>\u2013 \u201cB\u00f6ylesi bir d\u00fcnya ortam\u0131nda s\u00fcrecin kazananlar\u0131 aras\u0131nda olmak temel hedefimiz\u201d<\/strong><\/p>\n<p>DE\u0130K Ba\u015fkan\u0131 Olpak da faaliyetlerini 39 y\u0131ld\u0131r t\u00fcm d\u00fcnyaya yay\u0131lm\u0131\u015f 152 i\u015f konseyiyle ticari diplomasi mottosuyla y\u00fcr\u00fctt\u00fcklerini s\u00f6yledi.<\/p>\n<p>Ama\u00e7lar\u0131n\u0131n i\u015f d\u00fcnyas\u0131n\u0131n k\u00fcresel ekonomiyle daha fazla entegre olmas\u0131n\u0131 sa\u011flamak oldu\u011funu an\u0131msatan Olpak, d\u0131\u015f ticareti, T\u00fcrkiye\u2019ye gelen do\u011frudan yat\u0131r\u0131mlar\u0131 ve yurt d\u0131\u015f\u0131ndaki yat\u0131r\u0131mlar\u0131 artt\u0131rmay\u0131 hedeflediklerini kaydetti.<\/p>\n<p>Olpak, son be\u015f y\u0131ldaki k\u00fcresel g\u00fcndeme bak\u0131ld\u0131\u011f\u0131nda bir\u00e7ok \u00e7at\u0131\u015fma ve sava\u015f\u0131n oldu\u011funa dikkati \u00e7ekerek, \u201cSalg\u0131nla ba\u015flayan izolasyonlar, k\u00fcresel tedarik zincirinde bozulmalar, tek kayna\u011fa ba\u011fl\u0131 olman\u0131n riskleri, artan k\u00fcresel enflasyon ve d\u00fc\u015fen b\u00fcy\u00fcme, uluslararas\u0131 yat\u0131r\u0131m ve ticarette ivme kayb\u0131, artan ticaret sava\u015flar\u0131 gibi farkl\u0131 s\u0131namalar \u00f6n\u00fcm\u00fczde. Ticarette serbestle\u015fmeyi konu\u015furken yeni ticaret kamplar\u0131 ve bloklar\u0131n\u0131 g\u00f6r\u00fcyoruz.\u201d diye konu\u015ftu.<\/p>\n<p>\u00c7in\u2019in \u201cBir Ku\u015fak Bir Yol\u201d, ABD\u2019nin \u201cDaha \u0130yi Bir D\u00fcnyay\u0131 Yeniden \u0130n\u015fa Et\u201d, AB\u2019nin \u201cK\u00fcresel Ge\u00e7it\u201d projelerinin i\u015f d\u00fcnyas\u0131 olarak iyi analiz edilmesi gerekti\u011fine vurgu yapan Olpak, \u015f\u00f6yle devam etti:<\/p>\n<p>\u201cT\u00fcm bu geli\u015fmeler etkisinde k\u00fcresel ticaretin nas\u0131l bir seyir izleyece\u011fi belirsizli\u011fini korurken, hizmet ihracat\u0131 ve \u00e7evreci \u00fcr\u00fcnlerin ticareti ise g\u00fcndemde yerini artt\u0131rarak koruyor. \u00c7evreci \u00fcr\u00fcnlerden bahsetmi\u015fken, bu s\u00fcre\u00e7te ortaya \u00e7\u0131kan yeni f\u0131rsat ve tehditlere de k\u0131saca de\u011finmek isterim. Ye\u015fil ekonomi bir taraftan getirilen uygulamalar sebebiyle ciddi tehditler i\u00e7erirken, di\u011fer taraftan kimileri i\u00e7inde yat\u0131r\u0131m ve b\u00fcy\u00fcme f\u0131rsatlar\u0131, yeni ticaret kanallar\u0131 imkanlar\u0131 da a\u00e7abilir. Benzer \u015fekilde dijital ekonomi, elbette sadece artan e-ticarette s\u0131n\u0131rl\u0131 olmayan, al\u0131\u015f\u0131lmam\u0131\u015f i\u015f modellerini ortaya \u00e7\u0131kartt\u0131. Bu s\u00fcrece uyamayanlar i\u00e7in bir tehdit, s\u00fcreci lehine kullananlar\u0131 i\u00e7in ise yeni f\u0131rsat alanlar\u0131 demek.\u201d<\/p>\n<p>Olpak, DE\u0130K olarak bu geli\u015fmeleri yak\u0131ndan takip ettiklerini ve s\u00fcrecin etkilerine de\u011fil, y\u00f6nlendirenleri aras\u0131nda olmak i\u00e7in \u00e7al\u0131\u015ft\u0131klar\u0131n\u0131 ve b\u00f6ylesi bir d\u00fcnya ortam\u0131nda s\u00fcrecin kazananlar\u0131 aras\u0131nda olman\u0131n temel hedefleri oldu\u011funu s\u00f6zlerine ekledi.<\/p>\n<p><strong>\u2013 \u201cB\u00f6lgesel ortakl\u0131klar her zamankinden daha b\u00fcy\u00fck \u00f6nem kazand\u0131\u201d<\/strong><\/p>\n<p>U\u0130P Kurucusu \u00d6zgencil de bu y\u0131lki zirvenin temas\u0131n\u0131n yaln\u0131zca bir kelime oyunundan ibaret olmad\u0131\u011f\u0131n\u0131, k\u00fcresel sorunlara \u00e7\u00f6z\u00fcm aray\u0131\u015flar\u0131nda yollar\u0131n\u0131 ayd\u0131nlatan bir rehber niteli\u011finde oldu\u011funu dile getirdi.<\/p>\n<p>D\u00fcnyan\u0131n tarih boyunca belki de hi\u00e7 bu kadar h\u0131zl\u0131 bir d\u00f6n\u00fc\u015f\u00fcmden ge\u00e7medi\u011fine dikkati \u00e7eken \u00d6zgencil, bu d\u00f6n\u00fc\u015f\u00fcm\u00fcn merkezinde insan\u0131n ve insan\u0131 geli\u015ftiren, yeniden tan\u0131mlayan, insan potansiyelini d\u00f6n\u00fc\u015ft\u00fcren yeni teknolojiler oldu\u011funu kaydetti.<\/p>\n<p>\u00d6zgencil, \u201cBu nedenle Bo\u011fazi\u00e7i Zirvesi olarak yaln\u0131zca bug\u00fcn\u00fcn sorunlar\u0131na \u00e7\u00f6z\u00fcm \u00fcretmek de\u011fil, yar\u0131n\u0131n potansiyelini birlikte ke\u015ffetmek i\u00e7in bir araday\u0131z. \u00d6zellikle yapay zeka devrimi bu potansiyelin merkezinde duruyor. Yapay zeka yaln\u0131zca sanayi ve ekonomi alan\u0131nda de\u011fil, e\u011fitimden sa\u011fl\u0131\u011fa, sanattan tar\u0131ma, hayat\u0131n her alan\u0131nda yeni ufuklar a\u00e7\u0131yor.\u201d ifadelerini kulland\u0131.<\/p>\n<p>Ekonomik kalk\u0131nman\u0131n ve istikrar\u0131n bug\u00fcnk\u00fc \u00e7al\u0131\u015fmalar\u0131n ba\u015fka bir vazge\u00e7ilmez aya\u011f\u0131 oldu\u011funu anlatan \u00d6zgencil, k\u00fcresel ekonomilerin yeni dengelere ve d\u00f6n\u00fc\u015f\u00fcm s\u00fcre\u00e7lerine girerken ortakl\u0131klar\u0131n ve s\u00fcrd\u00fcr\u00fclebilir b\u00fcy\u00fcme stratejilerinin her zamankinden daha b\u00fcy\u00fck \u00f6nem kazand\u0131\u011f\u0131n\u0131 vurgulad\u0131.<\/p>\n<p>\u00d6zgencil, \u201cT\u00fcrkiye\u2019nin GCC ve Afrika k\u0131tas\u0131yla geli\u015ftirdi\u011fi ticari ili\u015fkiler bu \u00e7er\u00e7evede de\u011ferlendirilmeli. Ortak b\u00fcy\u00fcme stratejileri sayesinde b\u00f6lgemizdeki t\u00fcm \u00fclkeler i\u00e7in daha g\u00fc\u00e7l\u00fc bir gelecek in\u015fa edebiliriz. S\u0131n\u0131rlar\u0131 a\u015fan i\u015fbirlikleri, ortak g\u00fcven ve bar\u0131\u015f\u0131n g\u00fc\u00e7lendirilmesinde kilit bir rol oynayacakt\u0131r.\u201d a\u00e7\u0131klamas\u0131nda bulundu.<\/p>\n<p>\u015eehirlerin de d\u00f6n\u00fc\u015ft\u00fcr\u00fclmesi gerekti\u011fini aktaran \u00d6zgencil, kentleri s\u00fcrd\u00fcr\u00fclebilir bir ya\u015fam\u0131n merkezi haline getirmenin iklim de\u011fi\u015fikli\u011fiyle m\u00fccadelenin temelini olu\u015fturdu\u011funun alt\u0131n\u0131 \u00e7izdi.<\/p>\n<p><strong>\u2013 \u201cGelece\u011fe do\u011fru k\u00f6pr\u00fcler in\u015fa etmek i\u00e7in bir araya geldik\u201d<\/strong><\/p>\n<p>U\u0130P Onur Kurulu Ba\u015fkan\u0131 Y\u0131rcal\u0131 da zirvenin temas\u0131na i\u015faret ederek, bar\u0131\u015f, teknoloji ve s\u00fcrd\u00fcr\u00fclebilirlik yoluyla gelece\u011fe do\u011fru k\u00f6pr\u00fcler in\u015fa etmek i\u00e7in bir araya geldiklerini s\u00f6yledi.<\/p>\n<p>Fintek gibi yeni geli\u015fen finansal teknolojilerin bug\u00fcn\u00fcn finansal g\u00f6r\u00fcn\u00fcm\u00fcn\u00fc nas\u0131l yeniden \u015fekillendirdi\u011fini de bu zirvede inceleyeceklerini kaydeden Y\u0131rcal\u0131, \u201c\u015eehir planc\u0131lar\u0131 ve uzmanlar, bizim i\u00e7in son derece \u00f6nemli olan \u015fehirlerimizin kentsel d\u00f6n\u00fc\u015f\u00fcm ve s\u00fcrd\u00fcr\u00fclebilir kalk\u0131nma zorluklar\u0131na de\u011finecek.\u201d dedi.<\/p>\n<p>Y\u0131rcal\u0131, finansal sistemlerin mevcut ekonomi zorluklar\u0131na nas\u0131l uyum sa\u011flayabilece\u011fine odaklanan sermaye piyasalar\u0131n\u0131 da tart\u0131\u015facaklar\u0131n\u0131 s\u00f6zlerine ekledi.<\/p>\n<p>G\u00fcn i\u00e7inde ger\u00e7ekle\u015ftirilecek panellerle devam edecek zirve, yar\u0131n sona erecek.<\/p>\n<\/p><\/div>\n<p><script async\n                    defer\n                    crossorigin=\"anonymous\"\n                    src=\"https:\/\/connect.facebook.net\/tr_TR\/sdk.js#xfbml=1&#038;version=v3.3\"\n            ><\/script><\/p>\n","protected":false},"excerpt":{"rendered":"<p>Uluslararas\u0131 \u0130\u015fbirli\u011fi Platformu (U\u0130P) taraf\u0131ndan d\u00fczenlenen Bo\u011fazi\u00e7i Zirvesi\u2019nin 15\u2019incisi, \u201cGelece\u011fe K\u00f6pr\u00fcler Kurmak: Bar\u0131\u015f, Teknoloji, S\u00fcrd\u00fcr\u00fclebilirlik\u201d ana temas\u0131 ile ba\u015flad\u0131. Zirve, son Darfur Sultan\u0131 Ali Dinar\u2019\u0131n torunu Ahmet Ali Dinar, eski Kolombiya Devlet Ba\u015fkan\u0131 Andres Pastrana Arango, \u00dcrd\u00fcn Senato Ba\u015fkan\u0131 Faisal Al-Fayez, Maliye Bakan\u0131 \u00d6zdemir Berova, D\u0131\u015f Ekonomik \u0130li\u015fkiler Kurulu (DE\u0130K) Y\u00f6netim Kurulu Ba\u015fkan\u0131 Nail Olpak, [&hellip;]<\/p>\n","protected":false},"author":1,"featured_media":13033,"comment_status":"open","ping_status":"open","sticky":false,"template":"","format":"standard","meta":{"jnews-multi-image_gallery":[],"jnews_single_post":[],"jnews_primary_category":[],"jnews_social_meta":[],"jnews_override_counter":[],"footnotes":""},"categories":[5],"tags":[],"class_list":["post-13032","post","type-post","status-publish","format-standard","has-post-thumbnail","hentry","category-turkiye"],"yoast_head":"<!-- This site is optimized with the Yoast SEO plugin v27.4 - https:\/\/yoast.com\/product\/yoast-seo-wordpress\/ -->\n<title>15. Bo\u011fazi\u00e7i Zirvesi ba\u015flad\u0131.. Berova, zirvenin i\u015fbirliklerinin art\u0131r\u0131lmas\u0131 ba\u011flam\u0131nda \u00e7ok \u00f6nemli oldu\u011funu vurgulad\u0131 - Kuzeyin Sesi<\/title>\n<meta name=\"robots\" content=\"index, follow, max-snippet:-1, max-image-preview:large, max-video-preview:-1\" \/>\n<link rel=\"canonical\" href=\"https:\/\/kuzeyinsesi.org\/index.php\/2024\/11\/07\/15-bogazici-zirvesi-basladi-berova-zirvenin-isbirliklerinin-artirilmasi-baglaminda-cok-onemli-oldugunu-vurguladi\/\" \/>\n<meta property=\"og:locale\" content=\"tr_TR\" \/>\n<meta property=\"og:type\" content=\"article\" \/>\n<meta property=\"og:title\" content=\"15. Bo\u011fazi\u00e7i Zirvesi ba\u015flad\u0131.. Berova, zirvenin i\u015fbirliklerinin art\u0131r\u0131lmas\u0131 ba\u011flam\u0131nda \u00e7ok \u00f6nemli oldu\u011funu vurgulad\u0131 - Kuzeyin Sesi\" \/>\n<meta property=\"og:description\" content=\"Uluslararas\u0131 \u0130\u015fbirli\u011fi Platformu (U\u0130P) taraf\u0131ndan d\u00fczenlenen Bo\u011fazi\u00e7i Zirvesi\u2019nin 15\u2019incisi, \u201cGelece\u011fe K\u00f6pr\u00fcler Kurmak: Bar\u0131\u015f, Teknoloji, S\u00fcrd\u00fcr\u00fclebilirlik\u201d ana temas\u0131 ile ba\u015flad\u0131. Zirve, son Darfur Sultan\u0131 Ali Dinar\u2019\u0131n torunu Ahmet Ali Dinar, eski Kolombiya Devlet Ba\u015fkan\u0131 Andres Pastrana Arango, \u00dcrd\u00fcn Senato Ba\u015fkan\u0131 Faisal Al-Fayez, Maliye Bakan\u0131 \u00d6zdemir Berova, D\u0131\u015f Ekonomik \u0130li\u015fkiler Kurulu (DE\u0130K) Y\u00f6netim Kurulu Ba\u015fkan\u0131 Nail Olpak, [&hellip;]\" \/>\n<meta property=\"og:url\" content=\"https:\/\/kuzeyinsesi.org\/index.php\/2024\/11\/07\/15-bogazici-zirvesi-basladi-berova-zirvenin-isbirliklerinin-artirilmasi-baglaminda-cok-onemli-oldugunu-vurguladi\/\" \/>\n<meta property=\"og:site_name\" content=\"Kuzeyin Sesi\" \/>\n<meta property=\"article:publisher\" content=\"https:\/\/www.facebook.com\/kuzeyinsesii\" \/>\n<meta property=\"article:published_time\" content=\"2024-11-07T11:25:17+00:00\" \/>\n<meta property=\"og:image\" content=\"https:\/\/brtk.net\/wp-content\/uploads\/2024\/11\/07\/berova-2-scaled.jpg?ver=055eda6949b7d1314866b58764c86325\" \/>\n<meta name=\"author\" content=\"Kuzeyin Sesi\" \/>\n<meta name=\"twitter:card\" content=\"summary_large_image\" \/>\n<meta name=\"twitter:creator\" content=\"@kuzeyinsesii\" \/>\n<meta name=\"twitter:site\" content=\"@kuzeyinsesii\" \/>\n<meta name=\"twitter:label1\" content=\"Yazan:\" \/>\n\t<meta name=\"twitter:data1\" content=\"Kuzeyin Sesi\" \/>\n\t<meta name=\"twitter:label2\" content=\"Tahmini okuma s\u00fcresi\" \/>\n\t<meta name=\"twitter:data2\" content=\"6 dakika\" \/>\n<script type=\"application\/ld+json\" class=\"yoast-schema-graph\">{\"@context\":\"https:\\\/\\\/schema.org\",\"@graph\":[{\"@type\":\"Article\",\"@id\":\"https:\\\/\\\/kuzeyinsesi.org\\\/index.php\\\/2024\\\/11\\\/07\\\/15-bogazici-zirvesi-basladi-berova-zirvenin-isbirliklerinin-artirilmasi-baglaminda-cok-onemli-oldugunu-vurguladi\\\/#article\",\"isPartOf\":{\"@id\":\"https:\\\/\\\/kuzeyinsesi.org\\\/index.php\\\/2024\\\/11\\\/07\\\/15-bogazici-zirvesi-basladi-berova-zirvenin-isbirliklerinin-artirilmasi-baglaminda-cok-onemli-oldugunu-vurguladi\\\/\"},\"author\":{\"name\":\"Kuzeyin Sesi\",\"@id\":\"https:\\\/\\\/kuzeyinsesi.org\\\/#\\\/schema\\\/person\\\/9f859689cdf01485597712386e37f5aa\"},\"headline\":\"15. Bo\u011fazi\u00e7i Zirvesi ba\u015flad\u0131.. Berova, zirvenin i\u015fbirliklerinin art\u0131r\u0131lmas\u0131 ba\u011flam\u0131nda \u00e7ok \u00f6nemli oldu\u011funu vurgulad\u0131\",\"datePublished\":\"2024-11-07T11:25:17+00:00\",\"mainEntityOfPage\":{\"@id\":\"https:\\\/\\\/kuzeyinsesi.org\\\/index.php\\\/2024\\\/11\\\/07\\\/15-bogazici-zirvesi-basladi-berova-zirvenin-isbirliklerinin-artirilmasi-baglaminda-cok-onemli-oldugunu-vurguladi\\\/\"},\"wordCount\":1132,\"commentCount\":0,\"image\":{\"@id\":\"https:\\\/\\\/kuzeyinsesi.org\\\/index.php\\\/2024\\\/11\\\/07\\\/15-bogazici-zirvesi-basladi-berova-zirvenin-isbirliklerinin-artirilmasi-baglaminda-cok-onemli-oldugunu-vurguladi\\\/#primaryimage\"},\"thumbnailUrl\":\"https:\\\/\\\/kuzeyinsesi.org\\\/wp-content\\\/uploads\\\/2024\\\/11\\\/berova-2-scaled.jpg\",\"articleSection\":[\"T\u00fcrkiye\"],\"inLanguage\":\"tr\",\"potentialAction\":[{\"@type\":\"CommentAction\",\"name\":\"Comment\",\"target\":[\"https:\\\/\\\/kuzeyinsesi.org\\\/index.php\\\/2024\\\/11\\\/07\\\/15-bogazici-zirvesi-basladi-berova-zirvenin-isbirliklerinin-artirilmasi-baglaminda-cok-onemli-oldugunu-vurguladi\\\/#respond\"]}]},{\"@type\":\"WebPage\",\"@id\":\"https:\\\/\\\/kuzeyinsesi.org\\\/index.php\\\/2024\\\/11\\\/07\\\/15-bogazici-zirvesi-basladi-berova-zirvenin-isbirliklerinin-artirilmasi-baglaminda-cok-onemli-oldugunu-vurguladi\\\/\",\"url\":\"https:\\\/\\\/kuzeyinsesi.org\\\/index.php\\\/2024\\\/11\\\/07\\\/15-bogazici-zirvesi-basladi-berova-zirvenin-isbirliklerinin-artirilmasi-baglaminda-cok-onemli-oldugunu-vurguladi\\\/\",\"name\":\"15. Bo\u011fazi\u00e7i Zirvesi ba\u015flad\u0131.. Berova, zirvenin i\u015fbirliklerinin art\u0131r\u0131lmas\u0131 ba\u011flam\u0131nda \u00e7ok \u00f6nemli oldu\u011funu vurgulad\u0131 - Kuzeyin Sesi\",\"isPartOf\":{\"@id\":\"https:\\\/\\\/kuzeyinsesi.org\\\/#website\"},\"primaryImageOfPage\":{\"@id\":\"https:\\\/\\\/kuzeyinsesi.org\\\/index.php\\\/2024\\\/11\\\/07\\\/15-bogazici-zirvesi-basladi-berova-zirvenin-isbirliklerinin-artirilmasi-baglaminda-cok-onemli-oldugunu-vurguladi\\\/#primaryimage\"},\"image\":{\"@id\":\"https:\\\/\\\/kuzeyinsesi.org\\\/index.php\\\/2024\\\/11\\\/07\\\/15-bogazici-zirvesi-basladi-berova-zirvenin-isbirliklerinin-artirilmasi-baglaminda-cok-onemli-oldugunu-vurguladi\\\/#primaryimage\"},\"thumbnailUrl\":\"https:\\\/\\\/kuzeyinsesi.org\\\/wp-content\\\/uploads\\\/2024\\\/11\\\/berova-2-scaled.jpg\",\"datePublished\":\"2024-11-07T11:25:17+00:00\",\"author\":{\"@id\":\"https:\\\/\\\/kuzeyinsesi.org\\\/#\\\/schema\\\/person\\\/9f859689cdf01485597712386e37f5aa\"},\"breadcrumb\":{\"@id\":\"https:\\\/\\\/kuzeyinsesi.org\\\/index.php\\\/2024\\\/11\\\/07\\\/15-bogazici-zirvesi-basladi-berova-zirvenin-isbirliklerinin-artirilmasi-baglaminda-cok-onemli-oldugunu-vurguladi\\\/#breadcrumb\"},\"inLanguage\":\"tr\",\"potentialAction\":[{\"@type\":\"ReadAction\",\"target\":[\"https:\\\/\\\/kuzeyinsesi.org\\\/index.php\\\/2024\\\/11\\\/07\\\/15-bogazici-zirvesi-basladi-berova-zirvenin-isbirliklerinin-artirilmasi-baglaminda-cok-onemli-oldugunu-vurguladi\\\/\"]}]},{\"@type\":\"ImageObject\",\"inLanguage\":\"tr\",\"@id\":\"https:\\\/\\\/kuzeyinsesi.org\\\/index.php\\\/2024\\\/11\\\/07\\\/15-bogazici-zirvesi-basladi-berova-zirvenin-isbirliklerinin-artirilmasi-baglaminda-cok-onemli-oldugunu-vurguladi\\\/#primaryimage\",\"url\":\"https:\\\/\\\/kuzeyinsesi.org\\\/wp-content\\\/uploads\\\/2024\\\/11\\\/berova-2-scaled.jpg\",\"contentUrl\":\"https:\\\/\\\/kuzeyinsesi.org\\\/wp-content\\\/uploads\\\/2024\\\/11\\\/berova-2-scaled.jpg\",\"width\":2560,\"height\":1707},{\"@type\":\"BreadcrumbList\",\"@id\":\"https:\\\/\\\/kuzeyinsesi.org\\\/index.php\\\/2024\\\/11\\\/07\\\/15-bogazici-zirvesi-basladi-berova-zirvenin-isbirliklerinin-artirilmasi-baglaminda-cok-onemli-oldugunu-vurguladi\\\/#breadcrumb\",\"itemListElement\":[{\"@type\":\"ListItem\",\"position\":1,\"name\":\"Anasayfa\",\"item\":\"https:\\\/\\\/kuzeyinsesi.org\\\/\"},{\"@type\":\"ListItem\",\"position\":2,\"name\":\"15. Bo\u011fazi\u00e7i Zirvesi ba\u015flad\u0131.. Berova, zirvenin i\u015fbirliklerinin art\u0131r\u0131lmas\u0131 ba\u011flam\u0131nda \u00e7ok \u00f6nemli oldu\u011funu vurgulad\u0131\"}]},{\"@type\":\"WebSite\",\"@id\":\"https:\\\/\\\/kuzeyinsesi.org\\\/#website\",\"url\":\"https:\\\/\\\/kuzeyinsesi.org\\\/\",\"name\":\"Kuzeyin Sesi\",\"description\":\"Do\u011fru Haberin Adresi\",\"potentialAction\":[{\"@type\":\"SearchAction\",\"target\":{\"@type\":\"EntryPoint\",\"urlTemplate\":\"https:\\\/\\\/kuzeyinsesi.org\\\/?s={search_term_string}\"},\"query-input\":{\"@type\":\"PropertyValueSpecification\",\"valueRequired\":true,\"valueName\":\"search_term_string\"}}],\"inLanguage\":\"tr\"},{\"@type\":\"Person\",\"@id\":\"https:\\\/\\\/kuzeyinsesi.org\\\/#\\\/schema\\\/person\\\/9f859689cdf01485597712386e37f5aa\",\"name\":\"Kuzeyin Sesi\",\"image\":{\"@type\":\"ImageObject\",\"inLanguage\":\"tr\",\"@id\":\"https:\\\/\\\/secure.gravatar.com\\\/avatar\\\/bab33852abfd8b282518d6ed81826833d77c3c882d9ab608add591ccace47a44?s=96&d=mm&r=g\",\"url\":\"https:\\\/\\\/secure.gravatar.com\\\/avatar\\\/bab33852abfd8b282518d6ed81826833d77c3c882d9ab608add591ccace47a44?s=96&d=mm&r=g\",\"contentUrl\":\"https:\\\/\\\/secure.gravatar.com\\\/avatar\\\/bab33852abfd8b282518d6ed81826833d77c3c882d9ab608add591ccace47a44?s=96&d=mm&r=g\",\"caption\":\"Kuzeyin Sesi\"},\"sameAs\":[\"https:\\\/\\\/kuzeyinsesi.org\"],\"url\":\"https:\\\/\\\/kuzeyinsesi.org\\\/index.php\\\/author\\\/guven\\\/\"}]}<\/script>\n<!-- \/ Yoast SEO plugin. -->","yoast_head_json":{"title":"15. Bo\u011fazi\u00e7i Zirvesi ba\u015flad\u0131.. Berova, zirvenin i\u015fbirliklerinin art\u0131r\u0131lmas\u0131 ba\u011flam\u0131nda \u00e7ok \u00f6nemli oldu\u011funu vurgulad\u0131 - Kuzeyin Sesi","robots":{"index":"index","follow":"follow","max-snippet":"max-snippet:-1","max-image-preview":"max-image-preview:large","max-video-preview":"max-video-preview:-1"},"canonical":"https:\/\/kuzeyinsesi.org\/index.php\/2024\/11\/07\/15-bogazici-zirvesi-basladi-berova-zirvenin-isbirliklerinin-artirilmasi-baglaminda-cok-onemli-oldugunu-vurguladi\/","og_locale":"tr_TR","og_type":"article","og_title":"15. Bo\u011fazi\u00e7i Zirvesi ba\u015flad\u0131.. Berova, zirvenin i\u015fbirliklerinin art\u0131r\u0131lmas\u0131 ba\u011flam\u0131nda \u00e7ok \u00f6nemli oldu\u011funu vurgulad\u0131 - Kuzeyin Sesi","og_description":"Uluslararas\u0131 \u0130\u015fbirli\u011fi Platformu (U\u0130P) taraf\u0131ndan d\u00fczenlenen Bo\u011fazi\u00e7i Zirvesi\u2019nin 15\u2019incisi, \u201cGelece\u011fe K\u00f6pr\u00fcler Kurmak: Bar\u0131\u015f, Teknoloji, S\u00fcrd\u00fcr\u00fclebilirlik\u201d ana temas\u0131 ile ba\u015flad\u0131. Zirve, son Darfur Sultan\u0131 Ali Dinar\u2019\u0131n torunu Ahmet Ali Dinar, eski Kolombiya Devlet Ba\u015fkan\u0131 Andres Pastrana Arango, \u00dcrd\u00fcn Senato Ba\u015fkan\u0131 Faisal Al-Fayez, Maliye Bakan\u0131 \u00d6zdemir Berova, D\u0131\u015f Ekonomik \u0130li\u015fkiler Kurulu (DE\u0130K) Y\u00f6netim Kurulu Ba\u015fkan\u0131 Nail Olpak, [&hellip;]","og_url":"https:\/\/kuzeyinsesi.org\/index.php\/2024\/11\/07\/15-bogazici-zirvesi-basladi-berova-zirvenin-isbirliklerinin-artirilmasi-baglaminda-cok-onemli-oldugunu-vurguladi\/","og_site_name":"Kuzeyin Sesi","article_publisher":"https:\/\/www.facebook.com\/kuzeyinsesii","article_published_time":"2024-11-07T11:25:17+00:00","og_image":[{"url":"https:\/\/brtk.net\/wp-content\/uploads\/2024\/11\/07\/berova-2-scaled.jpg?ver=055eda6949b7d1314866b58764c86325","type":"","width":"","height":""}],"author":"Kuzeyin Sesi","twitter_card":"summary_large_image","twitter_creator":"@kuzeyinsesii","twitter_site":"@kuzeyinsesii","twitter_misc":{"Yazan:":"Kuzeyin Sesi","Tahmini okuma s\u00fcresi":"6 dakika"},"schema":{"@context":"https:\/\/schema.org","@graph":[{"@type":"Article","@id":"https:\/\/kuzeyinsesi.org\/index.php\/2024\/11\/07\/15-bogazici-zirvesi-basladi-berova-zirvenin-isbirliklerinin-artirilmasi-baglaminda-cok-onemli-oldugunu-vurguladi\/#article","isPartOf":{"@id":"https:\/\/kuzeyinsesi.org\/index.php\/2024\/11\/07\/15-bogazici-zirvesi-basladi-berova-zirvenin-isbirliklerinin-artirilmasi-baglaminda-cok-onemli-oldugunu-vurguladi\/"},"author":{"name":"Kuzeyin Sesi","@id":"https:\/\/kuzeyinsesi.org\/#\/schema\/person\/9f859689cdf01485597712386e37f5aa"},"headline":"15. Bo\u011fazi\u00e7i Zirvesi ba\u015flad\u0131.. Berova, zirvenin i\u015fbirliklerinin art\u0131r\u0131lmas\u0131 ba\u011flam\u0131nda \u00e7ok \u00f6nemli oldu\u011funu vurgulad\u0131","datePublished":"2024-11-07T11:25:17+00:00","mainEntityOfPage":{"@id":"https:\/\/kuzeyinsesi.org\/index.php\/2024\/11\/07\/15-bogazici-zirvesi-basladi-berova-zirvenin-isbirliklerinin-artirilmasi-baglaminda-cok-onemli-oldugunu-vurguladi\/"},"wordCount":1132,"commentCount":0,"image":{"@id":"https:\/\/kuzeyinsesi.org\/index.php\/2024\/11\/07\/15-bogazici-zirvesi-basladi-berova-zirvenin-isbirliklerinin-artirilmasi-baglaminda-cok-onemli-oldugunu-vurguladi\/#primaryimage"},"thumbnailUrl":"https:\/\/kuzeyinsesi.org\/wp-content\/uploads\/2024\/11\/berova-2-scaled.jpg","articleSection":["T\u00fcrkiye"],"inLanguage":"tr","potentialAction":[{"@type":"CommentAction","name":"Comment","target":["https:\/\/kuzeyinsesi.org\/index.php\/2024\/11\/07\/15-bogazici-zirvesi-basladi-berova-zirvenin-isbirliklerinin-artirilmasi-baglaminda-cok-onemli-oldugunu-vurguladi\/#respond"]}]},{"@type":"WebPage","@id":"https:\/\/kuzeyinsesi.org\/index.php\/2024\/11\/07\/15-bogazici-zirvesi-basladi-berova-zirvenin-isbirliklerinin-artirilmasi-baglaminda-cok-onemli-oldugunu-vurguladi\/","url":"https:\/\/kuzeyinsesi.org\/index.php\/2024\/11\/07\/15-bogazici-zirvesi-basladi-berova-zirvenin-isbirliklerinin-artirilmasi-baglaminda-cok-onemli-oldugunu-vurguladi\/","name":"15. Bo\u011fazi\u00e7i Zirvesi ba\u015flad\u0131.. Berova, zirvenin i\u015fbirliklerinin art\u0131r\u0131lmas\u0131 ba\u011flam\u0131nda \u00e7ok \u00f6nemli oldu\u011funu vurgulad\u0131 - Kuzeyin Sesi","isPartOf":{"@id":"https:\/\/kuzeyinsesi.org\/#website"},"primaryImageOfPage":{"@id":"https:\/\/kuzeyinsesi.org\/index.php\/2024\/11\/07\/15-bogazici-zirvesi-basladi-berova-zirvenin-isbirliklerinin-artirilmasi-baglaminda-cok-onemli-oldugunu-vurguladi\/#primaryimage"},"image":{"@id":"https:\/\/kuzeyinsesi.org\/index.php\/2024\/11\/07\/15-bogazici-zirvesi-basladi-berova-zirvenin-isbirliklerinin-artirilmasi-baglaminda-cok-onemli-oldugunu-vurguladi\/#primaryimage"},"thumbnailUrl":"https:\/\/kuzeyinsesi.org\/wp-content\/uploads\/2024\/11\/berova-2-scaled.jpg","datePublished":"2024-11-07T11:25:17+00:00","author":{"@id":"https:\/\/kuzeyinsesi.org\/#\/schema\/person\/9f859689cdf01485597712386e37f5aa"},"breadcrumb":{"@id":"https:\/\/kuzeyinsesi.org\/index.php\/2024\/11\/07\/15-bogazici-zirvesi-basladi-berova-zirvenin-isbirliklerinin-artirilmasi-baglaminda-cok-onemli-oldugunu-vurguladi\/#breadcrumb"},"inLanguage":"tr","potentialAction":[{"@type":"ReadAction","target":["https:\/\/kuzeyinsesi.org\/index.php\/2024\/11\/07\/15-bogazici-zirvesi-basladi-berova-zirvenin-isbirliklerinin-artirilmasi-baglaminda-cok-onemli-oldugunu-vurguladi\/"]}]},{"@type":"ImageObject","inLanguage":"tr","@id":"https:\/\/kuzeyinsesi.org\/index.php\/2024\/11\/07\/15-bogazici-zirvesi-basladi-berova-zirvenin-isbirliklerinin-artirilmasi-baglaminda-cok-onemli-oldugunu-vurguladi\/#primaryimage","url":"https:\/\/kuzeyinsesi.org\/wp-content\/uploads\/2024\/11\/berova-2-scaled.jpg","contentUrl":"https:\/\/kuzeyinsesi.org\/wp-content\/uploads\/2024\/11\/berova-2-scaled.jpg","width":2560,"height":1707},{"@type":"BreadcrumbList","@id":"https:\/\/kuzeyinsesi.org\/index.php\/2024\/11\/07\/15-bogazici-zirvesi-basladi-berova-zirvenin-isbirliklerinin-artirilmasi-baglaminda-cok-onemli-oldugunu-vurguladi\/#breadcrumb","itemListElement":[{"@type":"ListItem","position":1,"name":"Anasayfa","item":"https:\/\/kuzeyinsesi.org\/"},{"@type":"ListItem","position":2,"name":"15. Bo\u011fazi\u00e7i Zirvesi ba\u015flad\u0131.. Berova, zirvenin i\u015fbirliklerinin art\u0131r\u0131lmas\u0131 ba\u011flam\u0131nda \u00e7ok \u00f6nemli oldu\u011funu vurgulad\u0131"}]},{"@type":"WebSite","@id":"https:\/\/kuzeyinsesi.org\/#website","url":"https:\/\/kuzeyinsesi.org\/","name":"Kuzeyin Sesi","description":"Do\u011fru Haberin Adresi","potentialAction":[{"@type":"SearchAction","target":{"@type":"EntryPoint","urlTemplate":"https:\/\/kuzeyinsesi.org\/?s={search_term_string}"},"query-input":{"@type":"PropertyValueSpecification","valueRequired":true,"valueName":"search_term_string"}}],"inLanguage":"tr"},{"@type":"Person","@id":"https:\/\/kuzeyinsesi.org\/#\/schema\/person\/9f859689cdf01485597712386e37f5aa","name":"Kuzeyin Sesi","image":{"@type":"ImageObject","inLanguage":"tr","@id":"https:\/\/secure.gravatar.com\/avatar\/bab33852abfd8b282518d6ed81826833d77c3c882d9ab608add591ccace47a44?s=96&d=mm&r=g","url":"https:\/\/secure.gravatar.com\/avatar\/bab33852abfd8b282518d6ed81826833d77c3c882d9ab608add591ccace47a44?s=96&d=mm&r=g","contentUrl":"https:\/\/secure.gravatar.com\/avatar\/bab33852abfd8b282518d6ed81826833d77c3c882d9ab608add591ccace47a44?s=96&d=mm&r=g","caption":"Kuzeyin Sesi"},"sameAs":["https:\/\/kuzeyinsesi.org"],"url":"https:\/\/kuzeyinsesi.org\/index.php\/author\/guven\/"}]}},"_links":{"self":[{"href":"https:\/\/kuzeyinsesi.org\/index.php\/wp-json\/wp\/v2\/posts\/13032","targetHints":{"allow":["GET"]}}],"collection":[{"href":"https:\/\/kuzeyinsesi.org\/index.php\/wp-json\/wp\/v2\/posts"}],"about":[{"href":"https:\/\/kuzeyinsesi.org\/index.php\/wp-json\/wp\/v2\/types\/post"}],"author":[{"embeddable":true,"href":"https:\/\/kuzeyinsesi.org\/index.php\/wp-json\/wp\/v2\/users\/1"}],"replies":[{"embeddable":true,"href":"https:\/\/kuzeyinsesi.org\/index.php\/wp-json\/wp\/v2\/comments?post=13032"}],"version-history":[{"count":0,"href":"https:\/\/kuzeyinsesi.org\/index.php\/wp-json\/wp\/v2\/posts\/13032\/revisions"}],"wp:featuredmedia":[{"embeddable":true,"href":"https:\/\/kuzeyinsesi.org\/index.php\/wp-json\/wp\/v2\/media\/13033"}],"wp:attachment":[{"href":"https:\/\/kuzeyinsesi.org\/index.php\/wp-json\/wp\/v2\/media?parent=13032"}],"wp:term":[{"taxonomy":"category","embeddable":true,"href":"https:\/\/kuzeyinsesi.org\/index.php\/wp-json\/wp\/v2\/categories?post=13032"},{"taxonomy":"post_tag","embeddable":true,"href":"https:\/\/kuzeyinsesi.org\/index.php\/wp-json\/wp\/v2\/tags?post=13032"}],"curies":[{"name":"wp","href":"https:\/\/api.w.org\/{rel}","templated":true}]}}