{"id":13015,"date":"2024-11-07T11:33:31","date_gmt":"2024-11-07T09:33:31","guid":{"rendered":"https:\/\/kuzeyinsesi.org\/index.php\/2024\/11\/07\/tc-disisleri-bakani-fidan-yunanistan-ile-iliskilerde-iyimserlik-icin-cok-sebep-oldugunu-belirtti\/"},"modified":"2024-11-07T11:33:31","modified_gmt":"2024-11-07T09:33:31","slug":"tc-disisleri-bakani-fidan-yunanistan-ile-iliskilerde-iyimserlik-icin-cok-sebep-oldugunu-belirtti","status":"publish","type":"post","link":"https:\/\/kuzeyinsesi.org\/index.php\/2024\/11\/07\/tc-disisleri-bakani-fidan-yunanistan-ile-iliskilerde-iyimserlik-icin-cok-sebep-oldugunu-belirtti\/","title":{"rendered":"TC D\u0131\u015fi\u015fleri Bakan\u0131 Fidan, Yunanistan ile ili\u015fkilerde iyimserlik i\u00e7in \u00e7ok sebep oldu\u011funu belirtti"},"content":{"rendered":"<div>\n<div class=\"mariselle-image-container center\">\n                                            <\/div>\n<p>\u00a0<\/p>\n<p>\u00a0<\/p>\n<p>TC D\u0131\u015fi\u015fleri Bakan\u0131 Hakan Fidan, T\u00fcrkiye-Yunanistan ili\u015fkilerinde iyimser olmak i\u00e7in \u00e7ok fazla sebep oldu\u011funun alt\u0131n\u0131 \u00e7izerek, \u201cGelecek nesillerimizin g\u00fcvenlik ve refah\u0131 i\u00e7in diyalog ve i\u015fbirli\u011finden ba\u015fka yol g\u00f6remiyorum. Sorunlara \u00e7\u00f6z\u00fcm y\u00f6ntemleri i\u00e7in Birle\u015fmi\u015f Milletler (BM) \u015eart\u0131n\u0131 takip etmek yeterli.\u201d dedi.<\/p>\n<p>Fidan Atina\u2019ya yar\u0131n yapaca\u011f\u0131 resmi ziyaret ve Yunan mevkida\u015f\u0131 Yorgos Yerapetritis ile yapaca\u011f\u0131 g\u00f6r\u00fc\u015fme \u00f6ncesinde, Yunanistan\u2019da yay\u0131mlanan Ta Nea gazetesinin sorular\u0131n\u0131 yan\u0131tlad\u0131.<\/p>\n<p>-K\u0131br\u0131s meselesi<\/p>\n<p>Fidan, K\u0131br\u0131s\u00a0meselesine ili\u015fkin yapt\u0131\u011f\u0131 de\u011ferlendirmede halihaz\u0131rda ortada herhangi bir m\u00fczakere s\u00fcrecinin olmad\u0131\u011f\u0131n\u0131, zira neyin m\u00fczakere edilece\u011fi konusunda derin g\u00f6r\u00fc\u015f ayr\u0131l\u0131klar\u0131 bulundu\u011funu kaydetti.<\/p>\n<p>Taraflar aras\u0131nda ortak zemin olmad\u0131\u011f\u0131n\u0131n BM taraf\u0131ndan da kayda ge\u00e7irildi\u011fini belirten Fidan, gelecek d\u00f6nemde d\u00fczenlenecek geni\u015f formatl\u0131 gayriresmi toplant\u0131n\u0131n, sadece ileriye d\u00f6n\u00fck neler yap\u0131labilece\u011fine dair g\u00f6r\u00fc\u015f al\u0131\u015fveri\u015fine olanak sa\u011flayaca\u011f\u0131n\u0131 aktard\u0131.<\/p>\n<p>Fidan, \u00f6te yandan, K\u0131br\u0131s\u00a0Adas\u0131\u2019n\u0131n \u201cyeniden birle\u015fmesi\u201d sayfas\u0131n\u0131n kapand\u0131\u011f\u0131n\u0131n art\u0131k anla\u015f\u0131lm\u0131\u015f olmas\u0131 gerekti\u011fini ancak \u00e7\u00f6z\u00fcm y\u00f6n\u00fcnde ilerlenebilmesinin m\u00fcmk\u00fcn oldu\u011funu vurgulad\u0131.<\/p>\n<p>\u00c7\u00f6z\u00fcm i\u00e7in farkl\u0131 yollar olabilece\u011fine i\u015faret eden Fidan, \u201cSonu\u00e7 itibariyle siyasi meseleler fizik kurallar\u0131 gibi de\u011fildir. Bir yoldan sonuca var\u0131lmas\u0131 imkans\u0131z ise ba\u015fka yoldan gidilir. T\u00fcrk taraf\u0131 olarak biz de bunu yap\u0131yoruz. Bu durumda \u00e7\u00f6z\u00fcm i\u00e7in Ada\u2019daki ger\u00e7ekleri temel almam\u0131z gerekiyor. Ada\u2019da iki ayr\u0131 halk ve iki ayr\u0131 devlet var. Bunlar kom\u015fu olarak, i\u015fbirli\u011fi i\u00e7inde yan yana ya\u015fayabilir. Bunu nas\u0131l ba\u015faracaklar\u0131na iki halk birlikte karar verir. Adada hem Rumlar\u0131n hem T\u00fcrklerin zenginli\u011fini, g\u00fcvenli\u011fini, \u00f6zg\u00fcrl\u00fc\u011f\u00fcn\u00fc, bar\u0131\u015f\u0131n\u0131, egemenli\u011fini m\u00fcmk\u00fcn k\u0131lacak bir yeni ruha ihtiya\u00e7 var.\u201d diye konu\u015ftu.<\/p>\n<p>T\u00fcrkiye ve Yunanistan aras\u0131ndaki ili\u015fkilerde olumlu bir ivme yakaland\u0131<\/p>\n<p>\u0130ki y\u0131la yak\u0131n s\u00fcredir T\u00fcrkiye ve Yunanistan aras\u0131ndaki ili\u015fkilerde olumlu bir ivme yakaland\u0131\u011f\u0131na i\u015faret eden Fidan, \u201cBunun ba\u015fl\u0131ca nedeni iki \u00fclke liderlerinin kararl\u0131l\u0131\u011f\u0131 ve se\u00e7menden ald\u0131klar\u0131 g\u00fc\u00e7. Malum, T\u00fcrkiye\u2019de ve Yunanistan\u2019da son se\u00e7imlerde iki iktidar partisi de halk\u0131n \u00f6nemli deste\u011fini ald\u0131. Her iki lider, bu g\u00fc\u00e7le birlikte T\u00fcrkiye-Yunanistan ili\u015fkilerini geli\u015ftirme konusunda kararl\u0131l\u0131klar\u0131n\u0131 ortaya koydu.\u201d diye konu\u015ftu.<\/p>\n<p>Fidan, Cumhurba\u015fkan\u0131 Recep Tayyip Erdo\u011fan\u2019\u0131n tarihsel sorunlar\u0131 bir yana b\u0131rak\u0131p krizler i\u00e7erisinde bulunan uluslararas\u0131 sistemde birlik ve dayan\u0131\u015fma ile hareket edilmesi y\u00f6n\u00fcnde bir vizyon \u00e7izdi\u011fini ve Ege\u2019yi bar\u0131\u015f denizine d\u00f6n\u00fc\u015ft\u00fcrme hedefini ortaya koydu\u011funu kaydetti.<\/p>\n<p>\u2013 Geli\u015fen ikili ili\u015fkiler<\/p>\n<p>T\u00fcrkiye ve Yunanistan\u2019\u0131n i\u015fbirli\u011fini pek \u00e7ok alanda, kar\u015f\u0131l\u0131kl\u0131 g\u00fcven temelinde art\u0131rd\u0131\u011f\u0131n\u0131 belirten Fidan, s\u00f6zlerini \u015f\u00f6yle s\u00fcrd\u00fcrd\u00fc:<\/p>\n<p>\u201cTicari ili\u015fkilerimizi geli\u015ftirmekteyiz. Halklar\u0131m\u0131z aras\u0131ndaki mevcut dostlu\u011fu daha da sa\u011flamla\u015ft\u0131rmaktay\u0131z. Bizim amac\u0131m\u0131z, payla\u015ft\u0131\u011f\u0131m\u0131z bu co\u011frafyan\u0131n gelece\u011fini kar\u015f\u0131l\u0131kl\u0131 iyi niyete dayal\u0131 ortak bir vizyonla \u015fekillendirmektir. T\u00fcrkiye ve Yunanistan gibi iki kom\u015fu ve m\u00fcttefik a\u00e7\u0131s\u0131ndan zaten mant\u0131kl\u0131 olan da budur. B\u00f6ylelikle her devletin asli g\u00f6revi olan, halklar\u0131m\u0131z\u0131n huzur i\u00e7inde, g\u00fcvenli ve m\u00fcreffeh bir ortamda ya\u015fayabilmelerini temin ediyoruz.\u201d dedi.<\/p>\n<p>Fidan, T\u00fcrkiye ve Yunanistan\u2019da bu yak\u0131nla\u015fmay\u0131 ele\u015ftiren kesimlere hem T\u00fcrkiye\u2019nin hem Yunanistan\u2019\u0131n milli menfaatlerinin ancak dostluk ve i\u015fbirli\u011fi ile g\u00fcvence alt\u0131na al\u0131nabilece\u011fini anlatmak gerekti\u011fini belirterek, \u201cTabii bunu yapabilmek i\u00e7in ger\u00e7ek\u00e7i davranmam\u0131z ve sorunlar\u0131m\u0131za do\u011fru te\u015fhisler koymam\u0131z gerekiyor.\u201d diye konu\u015ftu.<\/p>\n<p>\u2013 Diyalog kanallar\u0131n\u0131n a\u00e7\u0131k olmas\u0131<\/p>\n<p>\u0130ki \u00fclke aras\u0131nda diyalog kanallar\u0131n\u0131n \u00f6zellikle en \u00fcst d\u00fczeylerde olmak \u00fczere a\u00e7\u0131k ve i\u015fler olmas\u0131n\u0131n \u00f6nemini vurgulayan Fidan, Aral\u0131k 2023\u2019te T\u00fcrkiye ve Yunanistan\u2019\u0131n imzalad\u0131\u011f\u0131 Dostane \u0130li\u015fkiler ve \u0130yi Kom\u015fuluk Hakk\u0131nda Atina Bildirgesi\u2019nde de, etkin ileti\u015fim kanallar\u0131n\u0131n gerilimin d\u00fc\u015f\u00fck tutulmas\u0131ndaki rol\u00fcnden bahsedildi\u011fini hat\u0131rlatt\u0131.<\/p>\n<p>Fidan, \u201cDostum Yorgos (Yerapetritis) ve ben, gerek olas\u0131 gerilimleri azaltmak, gerek ili\u015fkilerimizi ileriye ta\u015f\u0131mak i\u00e7in aram\u0131zdaki samimi diyalogdan en verimli \u015fekilde istifade ediyoruz. Telefonlar\u0131m\u0131z birbirimize 24 saat eri\u015febilir durumda. Sorunlar\u0131m\u0131z\u0131n krize d\u00f6n\u00fc\u015fmesini bu \u015fekilde \u00f6nleyebiliyoruz. Meselelerimizi suhuletle, a\u00e7\u0131k s\u00f6zl\u00fcl\u00fckle ele al\u0131yoruz. Yorgos ile uzunca bir g\u00f6r\u00fc\u015fme yaparak bug\u00fcnk\u00fc diyalo\u011fumuzun temellerini olu\u015fturmu\u015ftuk. Diyalo\u011fa a\u00e7\u0131k, yap\u0131c\u0131 ve sonu\u00e7 odakl\u0131 yakla\u015f\u0131mlar\u0131m\u0131z ikili ili\u015fkilerimize olumlu etki ediyor.\u201d dedi.<\/p>\n<p>Olu\u015fturulan bu anlay\u0131\u015fla sadece iki bakan aras\u0131nda de\u011fil, iki \u00fclke D\u0131\u015fi\u015fleri Bakanl\u0131klar\u0131n\u0131n koordinesiyle farkl\u0131 kurumlar\u0131n kar\u015f\u0131l\u0131kl\u0131 etkile\u015fiminin de h\u0131zland\u0131r\u0131ld\u0131\u011f\u0131n\u0131 belirten Fidan, her ne kadar \u00fczerinde uzla\u015f\u0131ya var\u0131lamayan bir\u00e7ok \u00f6nemli konu olsa da ileti\u015fim kanallar\u0131n\u0131n a\u00e7\u0131k tutulmas\u0131n\u0131n her iki taraf i\u00e7in de fayda sa\u011flad\u0131\u011f\u0131n\u0131, \u00f6te yandan krizden beslenen \u00e7evrelerin ise bu durumdan rahats\u0131z oldu\u011funu ifade etti.<\/p>\n<p>\u2013 Ege\u2019de deniz parklar\u0131<\/p>\n<p>Fidan, deniz parklar\u0131 konusunun g\u00fcndeme geldi\u011fi ilk g\u00fcnden itibaren T\u00fcrkiye\u2019nin Ege\u2019de Yunanistan ile bu hususta da i\u015fbirli\u011fine a\u00e7\u0131k oldu\u011funu ortaya koydu\u011funu kaydederek, \u201cZaten uluslararas\u0131 deniz hukuku da Ege gibi yar\u0131 kapal\u0131 denizlerde \u00e7evre konular\u0131nda k\u0131y\u0131da\u015flar aras\u0131nda i\u015fbirli\u011fini te\u015fvik etmektedir. Bu konudaki hassasiyetlerimizi de tekrar etmeme gerek olmad\u0131\u011f\u0131n\u0131 d\u00fc\u015f\u00fcn\u00fcyorum. \u00c7evre gibi evrensel de\u011ferlerin siyasi ama\u00e7larla istismar edilmesine kar\u015f\u0131y\u0131z. Ege\u2019nin di\u011fer k\u0131y\u0131s\u0131nda biz yokmu\u015fuz gibi davran\u0131lmas\u0131 do\u011fru de\u011fil. Zira korunmas\u0131 gereken \u00e7evre bizi de etkiliyor. Biz her t\u00fcrl\u00fc i\u015fbirli\u011fine a\u00e7\u0131\u011f\u0131z.\u201d diye konu\u015ftu.<\/p>\n<p>\u2013 \u00c7\u00f6z\u00fcm yolu<\/p>\n<p>\u0130kili ili\u015fkilerde iyimser olmak i\u00e7in \u00e7ok fazla sebep oldu\u011funun alt\u0131n\u0131 \u00e7izen Fidan, \u201cGelecek nesillerimizin g\u00fcvenlik ve refah\u0131 i\u00e7in diyalog ve i\u015fbirli\u011finden ba\u015fka yol g\u00f6remiyorum. Sorunlara \u00e7\u00f6z\u00fcm y\u00f6ntemleri i\u00e7in Birle\u015fmi\u015f Milletler (BM) \u015eart\u0131\u2019n\u0131 takip etmek yeterli. Anlaml\u0131 diyalog sonucu kapsaml\u0131 \u00e7\u00f6z\u00fcmlere ula\u015famazsak b\u00fct\u00fcnc\u00fcl bir yakla\u015f\u0131mla uluslararas\u0131 yarg\u0131ya gideriz. Ama bunun i\u00e7in \u00e7ekinceleri ve engelleri kald\u0131rmak ve en ba\u015fta vehimlerden kurtulmak gerekir.\u201d dedi.<\/p>\n<p>Fidan, her \u00fclke i\u00e7in oldu\u011fu gibi egemen e\u015fitlik, kar\u015f\u0131l\u0131kl\u0131 sayg\u0131 ve yap\u0131c\u0131 diyalo\u011fun T\u00fcrkiye i\u00e7in de \u00e7ok \u00f6nemli oldu\u011funa i\u015faret ederek, Akdeniz co\u011frafyas\u0131n\u0131n tarih boyunca en \u00e7ok be\u015feri etkile\u015fime sahne olan b\u00f6lge oldu\u011funu kaydetti.<\/p>\n<p>Bu etkile\u015fimin kar\u015f\u0131 taraf\u0131n \u00f6nceliklerini de anlama yetene\u011fi sayesinde geli\u015fti\u011fini belirten Fidan, s\u00f6zlerini \u015f\u00f6yle s\u00fcrd\u00fcrd\u00fc:<\/p>\n<p>\u201c\u0130kili ili\u015fkilerde de konu\u015fmaya \u2018kar\u015f\u0131 taraf\u0131n da haklar\u0131 ve \u00f6ncelikleri var\u2019 diye d\u00fc\u015f\u00fcnerek ba\u015flarsak ve daha iyi birer dinleyici olursak daha ba\u015far\u0131l\u0131 oluruz kanaatindeyim. Neticede birbiriyle ba\u011flant\u0131l\u0131, sadece k\u0131ta sahanl\u0131\u011f\u0131 ve m\u00fcnhas\u0131r ekonomik b\u00f6lge meselesine indirilmesi m\u00fcmk\u00fcn olmayan pek \u00e7ok sorunumuz var. Bu sorunlar\u0131n tamam\u0131n\u0131n kar\u015f\u0131l\u0131kl\u0131 sayg\u0131 ve i\u015fbirli\u011fi temelinde ele alma vaktinin geldi\u011fini d\u00fc\u015f\u00fcn\u00fcyoruz.\u201d<\/p>\n<p>\u2013 D\u00fczensiz g\u00f6\u00e7<\/p>\n<p>Fidan, olas\u0131 yeni bir g\u00f6\u00e7 dalgas\u0131na ili\u015fkin soruyu yan\u0131tlarken, g\u00f6\u00e7 y\u00f6netiminin son 15 y\u0131lda d\u0131\u015f politikada \u00f6nemi giderek artan bir g\u00fcndem maddesi oldu\u011funa i\u015faret etti.<\/p>\n<p>T\u00fcrkiye\u2019nin gerek g\u00f6\u00e7 y\u00f6netimi gerek d\u00fczensiz g\u00f6\u00e7le m\u00fccadelede azami gayret ortaya koydu\u011funu vurgulayan Fidan, \u201c\u0130lke itibar\u0131yla, muhataplar\u0131m\u0131z\u0131n da d\u00fczensiz g\u00f6\u00e7le m\u00fccadelelerini uluslararas\u0131 hukuktan kaynaklanan sorumluluklar\u0131n\u0131 g\u00f6z \u00f6n\u00fcnde bulundurarak s\u00fcrd\u00fcrmelerini bekliyoruz.\u201d dedi.<\/p>\n<p>Fidan, d\u00fczensiz g\u00f6\u00e7le m\u00fccadelenin, s\u0131n\u0131r g\u00fcvenli\u011finin \u00f6tesinde, kaynak \u00fclkelerde \u00e7\u00f6z\u00fcm projelerinden uyum politikalar\u0131na \u00e7ok boyutlu \u00e7al\u0131\u015fmalar gerektiren bir saha oldu\u011funu ifade ederek, T\u00fcrkiye ve Yunanistan\u2019\u0131n, ana d\u00fczensiz g\u00f6\u00e7 rotalar\u0131ndan biri \u00fczerinde bulunan iki \u00fclke oldu\u011funu kaydetti.<\/p>\n<p>Yunanistan\u2019la g\u00f6\u00e7 alan\u0131nda diyalog kanallar\u0131n\u0131n i\u015fler durumda tutulmas\u0131n\u0131n T\u00fcrkiye a\u00e7\u0131s\u0131ndan da \u00f6nemli oldu\u011funu belirten Fidan \u201cBu alanda i\u015fbirli\u011fi yap\u0131lmas\u0131 \u00fclkelerimizin yarar\u0131nad\u0131r. \u00d6zellikle Bulgaristan\u2019la birlikte ger\u00e7ekle\u015ftirilen \u00fc\u00e7l\u00fc toplant\u0131lar\u0131n devaml\u0131l\u0131\u011f\u0131n\u0131 d\u00fczensiz g\u00f6\u00e7le m\u00fccadele i\u00e7in elzem g\u00f6r\u00fcyoruz.\u201d diye konu\u015ftu.<\/p>\n<\/p><\/div>\n<p><script async\n                    defer\n                    crossorigin=\"anonymous\"\n                    src=\"https:\/\/connect.facebook.net\/tr_TR\/sdk.js#xfbml=1&#038;version=v3.3\"\n            ><\/script><\/p>\n","protected":false},"excerpt":{"rendered":"<p>\u00a0 \u00a0 TC D\u0131\u015fi\u015fleri Bakan\u0131 Hakan Fidan, T\u00fcrkiye-Yunanistan ili\u015fkilerinde iyimser olmak i\u00e7in \u00e7ok fazla sebep oldu\u011funun alt\u0131n\u0131 \u00e7izerek, \u201cGelecek nesillerimizin g\u00fcvenlik ve refah\u0131 i\u00e7in diyalog ve i\u015fbirli\u011finden ba\u015fka yol g\u00f6remiyorum. Sorunlara \u00e7\u00f6z\u00fcm y\u00f6ntemleri i\u00e7in Birle\u015fmi\u015f Milletler (BM) \u015eart\u0131n\u0131 takip etmek yeterli.\u201d dedi. Fidan Atina\u2019ya yar\u0131n yapaca\u011f\u0131 resmi ziyaret ve Yunan mevkida\u015f\u0131 Yorgos Yerapetritis ile yapaca\u011f\u0131 [&hellip;]<\/p>\n","protected":false},"author":1,"featured_media":13016,"comment_status":"open","ping_status":"open","sticky":false,"template":"","format":"standard","meta":{"jnews-multi-image_gallery":[],"jnews_single_post":[],"jnews_primary_category":[],"jnews_social_meta":[],"jnews_override_counter":[],"footnotes":""},"categories":[5],"tags":[],"class_list":["post-13015","post","type-post","status-publish","format-standard","has-post-thumbnail","hentry","category-turkiye"],"yoast_head":"<!-- This site is optimized with the Yoast SEO plugin v27.4 - https:\/\/yoast.com\/product\/yoast-seo-wordpress\/ -->\n<title>TC D\u0131\u015fi\u015fleri Bakan\u0131 Fidan, Yunanistan ile ili\u015fkilerde iyimserlik i\u00e7in \u00e7ok sebep oldu\u011funu belirtti - Kuzeyin Sesi<\/title>\n<meta name=\"robots\" content=\"index, follow, max-snippet:-1, max-image-preview:large, max-video-preview:-1\" \/>\n<link rel=\"canonical\" href=\"https:\/\/kuzeyinsesi.org\/index.php\/2024\/11\/07\/tc-disisleri-bakani-fidan-yunanistan-ile-iliskilerde-iyimserlik-icin-cok-sebep-oldugunu-belirtti\/\" \/>\n<meta property=\"og:locale\" content=\"tr_TR\" \/>\n<meta property=\"og:type\" content=\"article\" \/>\n<meta property=\"og:title\" content=\"TC D\u0131\u015fi\u015fleri Bakan\u0131 Fidan, Yunanistan ile ili\u015fkilerde iyimserlik i\u00e7in \u00e7ok sebep oldu\u011funu belirtti - Kuzeyin Sesi\" \/>\n<meta property=\"og:description\" content=\"\u00a0 \u00a0 TC D\u0131\u015fi\u015fleri Bakan\u0131 Hakan Fidan, T\u00fcrkiye-Yunanistan ili\u015fkilerinde iyimser olmak i\u00e7in \u00e7ok fazla sebep oldu\u011funun alt\u0131n\u0131 \u00e7izerek, \u201cGelecek nesillerimizin g\u00fcvenlik ve refah\u0131 i\u00e7in diyalog ve i\u015fbirli\u011finden ba\u015fka yol g\u00f6remiyorum. Sorunlara \u00e7\u00f6z\u00fcm y\u00f6ntemleri i\u00e7in Birle\u015fmi\u015f Milletler (BM) \u015eart\u0131n\u0131 takip etmek yeterli.\u201d dedi. Fidan Atina\u2019ya yar\u0131n yapaca\u011f\u0131 resmi ziyaret ve Yunan mevkida\u015f\u0131 Yorgos Yerapetritis ile yapaca\u011f\u0131 [&hellip;]\" \/>\n<meta property=\"og:url\" content=\"https:\/\/kuzeyinsesi.org\/index.php\/2024\/11\/07\/tc-disisleri-bakani-fidan-yunanistan-ile-iliskilerde-iyimserlik-icin-cok-sebep-oldugunu-belirtti\/\" \/>\n<meta property=\"og:site_name\" content=\"Kuzeyin Sesi\" \/>\n<meta property=\"article:publisher\" content=\"https:\/\/www.facebook.com\/kuzeyinsesii\" \/>\n<meta property=\"article:published_time\" content=\"2024-11-07T09:33:31+00:00\" \/>\n<meta property=\"og:image\" content=\"https:\/\/brtk.net\/wp-content\/uploads\/2024\/09\/29\/hakan-fidan-2.jpg?ver=6edd66343e217bb50e200b73d47ef9e1\" \/>\n<meta name=\"author\" content=\"Kuzeyin Sesi\" \/>\n<meta name=\"twitter:card\" content=\"summary_large_image\" \/>\n<meta name=\"twitter:creator\" content=\"@kuzeyinsesii\" \/>\n<meta name=\"twitter:site\" content=\"@kuzeyinsesii\" \/>\n<meta name=\"twitter:label1\" content=\"Yazan:\" \/>\n\t<meta name=\"twitter:data1\" content=\"Kuzeyin Sesi\" \/>\n\t<meta name=\"twitter:label2\" content=\"Tahmini okuma s\u00fcresi\" \/>\n\t<meta name=\"twitter:data2\" content=\"7 dakika\" \/>\n<script type=\"application\/ld+json\" class=\"yoast-schema-graph\">{\"@context\":\"https:\\\/\\\/schema.org\",\"@graph\":[{\"@type\":\"Article\",\"@id\":\"https:\\\/\\\/kuzeyinsesi.org\\\/index.php\\\/2024\\\/11\\\/07\\\/tc-disisleri-bakani-fidan-yunanistan-ile-iliskilerde-iyimserlik-icin-cok-sebep-oldugunu-belirtti\\\/#article\",\"isPartOf\":{\"@id\":\"https:\\\/\\\/kuzeyinsesi.org\\\/index.php\\\/2024\\\/11\\\/07\\\/tc-disisleri-bakani-fidan-yunanistan-ile-iliskilerde-iyimserlik-icin-cok-sebep-oldugunu-belirtti\\\/\"},\"author\":{\"name\":\"Kuzeyin Sesi\",\"@id\":\"https:\\\/\\\/kuzeyinsesi.org\\\/#\\\/schema\\\/person\\\/9f859689cdf01485597712386e37f5aa\"},\"headline\":\"TC D\u0131\u015fi\u015fleri Bakan\u0131 Fidan, Yunanistan ile ili\u015fkilerde iyimserlik i\u00e7in \u00e7ok sebep oldu\u011funu belirtti\",\"datePublished\":\"2024-11-07T09:33:31+00:00\",\"mainEntityOfPage\":{\"@id\":\"https:\\\/\\\/kuzeyinsesi.org\\\/index.php\\\/2024\\\/11\\\/07\\\/tc-disisleri-bakani-fidan-yunanistan-ile-iliskilerde-iyimserlik-icin-cok-sebep-oldugunu-belirtti\\\/\"},\"wordCount\":1510,\"commentCount\":0,\"image\":{\"@id\":\"https:\\\/\\\/kuzeyinsesi.org\\\/index.php\\\/2024\\\/11\\\/07\\\/tc-disisleri-bakani-fidan-yunanistan-ile-iliskilerde-iyimserlik-icin-cok-sebep-oldugunu-belirtti\\\/#primaryimage\"},\"thumbnailUrl\":\"https:\\\/\\\/kuzeyinsesi.org\\\/wp-content\\\/uploads\\\/2024\\\/11\\\/hakan-fidan-2.jpg\",\"articleSection\":[\"T\u00fcrkiye\"],\"inLanguage\":\"tr\",\"potentialAction\":[{\"@type\":\"CommentAction\",\"name\":\"Comment\",\"target\":[\"https:\\\/\\\/kuzeyinsesi.org\\\/index.php\\\/2024\\\/11\\\/07\\\/tc-disisleri-bakani-fidan-yunanistan-ile-iliskilerde-iyimserlik-icin-cok-sebep-oldugunu-belirtti\\\/#respond\"]}]},{\"@type\":\"WebPage\",\"@id\":\"https:\\\/\\\/kuzeyinsesi.org\\\/index.php\\\/2024\\\/11\\\/07\\\/tc-disisleri-bakani-fidan-yunanistan-ile-iliskilerde-iyimserlik-icin-cok-sebep-oldugunu-belirtti\\\/\",\"url\":\"https:\\\/\\\/kuzeyinsesi.org\\\/index.php\\\/2024\\\/11\\\/07\\\/tc-disisleri-bakani-fidan-yunanistan-ile-iliskilerde-iyimserlik-icin-cok-sebep-oldugunu-belirtti\\\/\",\"name\":\"TC D\u0131\u015fi\u015fleri Bakan\u0131 Fidan, Yunanistan ile ili\u015fkilerde iyimserlik i\u00e7in \u00e7ok sebep oldu\u011funu belirtti - Kuzeyin Sesi\",\"isPartOf\":{\"@id\":\"https:\\\/\\\/kuzeyinsesi.org\\\/#website\"},\"primaryImageOfPage\":{\"@id\":\"https:\\\/\\\/kuzeyinsesi.org\\\/index.php\\\/2024\\\/11\\\/07\\\/tc-disisleri-bakani-fidan-yunanistan-ile-iliskilerde-iyimserlik-icin-cok-sebep-oldugunu-belirtti\\\/#primaryimage\"},\"image\":{\"@id\":\"https:\\\/\\\/kuzeyinsesi.org\\\/index.php\\\/2024\\\/11\\\/07\\\/tc-disisleri-bakani-fidan-yunanistan-ile-iliskilerde-iyimserlik-icin-cok-sebep-oldugunu-belirtti\\\/#primaryimage\"},\"thumbnailUrl\":\"https:\\\/\\\/kuzeyinsesi.org\\\/wp-content\\\/uploads\\\/2024\\\/11\\\/hakan-fidan-2.jpg\",\"datePublished\":\"2024-11-07T09:33:31+00:00\",\"author\":{\"@id\":\"https:\\\/\\\/kuzeyinsesi.org\\\/#\\\/schema\\\/person\\\/9f859689cdf01485597712386e37f5aa\"},\"breadcrumb\":{\"@id\":\"https:\\\/\\\/kuzeyinsesi.org\\\/index.php\\\/2024\\\/11\\\/07\\\/tc-disisleri-bakani-fidan-yunanistan-ile-iliskilerde-iyimserlik-icin-cok-sebep-oldugunu-belirtti\\\/#breadcrumb\"},\"inLanguage\":\"tr\",\"potentialAction\":[{\"@type\":\"ReadAction\",\"target\":[\"https:\\\/\\\/kuzeyinsesi.org\\\/index.php\\\/2024\\\/11\\\/07\\\/tc-disisleri-bakani-fidan-yunanistan-ile-iliskilerde-iyimserlik-icin-cok-sebep-oldugunu-belirtti\\\/\"]}]},{\"@type\":\"ImageObject\",\"inLanguage\":\"tr\",\"@id\":\"https:\\\/\\\/kuzeyinsesi.org\\\/index.php\\\/2024\\\/11\\\/07\\\/tc-disisleri-bakani-fidan-yunanistan-ile-iliskilerde-iyimserlik-icin-cok-sebep-oldugunu-belirtti\\\/#primaryimage\",\"url\":\"https:\\\/\\\/kuzeyinsesi.org\\\/wp-content\\\/uploads\\\/2024\\\/11\\\/hakan-fidan-2.jpg\",\"contentUrl\":\"https:\\\/\\\/kuzeyinsesi.org\\\/wp-content\\\/uploads\\\/2024\\\/11\\\/hakan-fidan-2.jpg\",\"width\":864,\"height\":486},{\"@type\":\"BreadcrumbList\",\"@id\":\"https:\\\/\\\/kuzeyinsesi.org\\\/index.php\\\/2024\\\/11\\\/07\\\/tc-disisleri-bakani-fidan-yunanistan-ile-iliskilerde-iyimserlik-icin-cok-sebep-oldugunu-belirtti\\\/#breadcrumb\",\"itemListElement\":[{\"@type\":\"ListItem\",\"position\":1,\"name\":\"Anasayfa\",\"item\":\"https:\\\/\\\/kuzeyinsesi.org\\\/\"},{\"@type\":\"ListItem\",\"position\":2,\"name\":\"TC D\u0131\u015fi\u015fleri Bakan\u0131 Fidan, Yunanistan ile ili\u015fkilerde iyimserlik i\u00e7in \u00e7ok sebep oldu\u011funu belirtti\"}]},{\"@type\":\"WebSite\",\"@id\":\"https:\\\/\\\/kuzeyinsesi.org\\\/#website\",\"url\":\"https:\\\/\\\/kuzeyinsesi.org\\\/\",\"name\":\"Kuzeyin Sesi\",\"description\":\"Do\u011fru Haberin Adresi\",\"potentialAction\":[{\"@type\":\"SearchAction\",\"target\":{\"@type\":\"EntryPoint\",\"urlTemplate\":\"https:\\\/\\\/kuzeyinsesi.org\\\/?s={search_term_string}\"},\"query-input\":{\"@type\":\"PropertyValueSpecification\",\"valueRequired\":true,\"valueName\":\"search_term_string\"}}],\"inLanguage\":\"tr\"},{\"@type\":\"Person\",\"@id\":\"https:\\\/\\\/kuzeyinsesi.org\\\/#\\\/schema\\\/person\\\/9f859689cdf01485597712386e37f5aa\",\"name\":\"Kuzeyin Sesi\",\"image\":{\"@type\":\"ImageObject\",\"inLanguage\":\"tr\",\"@id\":\"https:\\\/\\\/secure.gravatar.com\\\/avatar\\\/bab33852abfd8b282518d6ed81826833d77c3c882d9ab608add591ccace47a44?s=96&d=mm&r=g\",\"url\":\"https:\\\/\\\/secure.gravatar.com\\\/avatar\\\/bab33852abfd8b282518d6ed81826833d77c3c882d9ab608add591ccace47a44?s=96&d=mm&r=g\",\"contentUrl\":\"https:\\\/\\\/secure.gravatar.com\\\/avatar\\\/bab33852abfd8b282518d6ed81826833d77c3c882d9ab608add591ccace47a44?s=96&d=mm&r=g\",\"caption\":\"Kuzeyin Sesi\"},\"sameAs\":[\"https:\\\/\\\/kuzeyinsesi.org\"],\"url\":\"https:\\\/\\\/kuzeyinsesi.org\\\/index.php\\\/author\\\/guven\\\/\"}]}<\/script>\n<!-- \/ Yoast SEO plugin. -->","yoast_head_json":{"title":"TC D\u0131\u015fi\u015fleri Bakan\u0131 Fidan, Yunanistan ile ili\u015fkilerde iyimserlik i\u00e7in \u00e7ok sebep oldu\u011funu belirtti - Kuzeyin Sesi","robots":{"index":"index","follow":"follow","max-snippet":"max-snippet:-1","max-image-preview":"max-image-preview:large","max-video-preview":"max-video-preview:-1"},"canonical":"https:\/\/kuzeyinsesi.org\/index.php\/2024\/11\/07\/tc-disisleri-bakani-fidan-yunanistan-ile-iliskilerde-iyimserlik-icin-cok-sebep-oldugunu-belirtti\/","og_locale":"tr_TR","og_type":"article","og_title":"TC D\u0131\u015fi\u015fleri Bakan\u0131 Fidan, Yunanistan ile ili\u015fkilerde iyimserlik i\u00e7in \u00e7ok sebep oldu\u011funu belirtti - Kuzeyin Sesi","og_description":"\u00a0 \u00a0 TC D\u0131\u015fi\u015fleri Bakan\u0131 Hakan Fidan, T\u00fcrkiye-Yunanistan ili\u015fkilerinde iyimser olmak i\u00e7in \u00e7ok fazla sebep oldu\u011funun alt\u0131n\u0131 \u00e7izerek, \u201cGelecek nesillerimizin g\u00fcvenlik ve refah\u0131 i\u00e7in diyalog ve i\u015fbirli\u011finden ba\u015fka yol g\u00f6remiyorum. Sorunlara \u00e7\u00f6z\u00fcm y\u00f6ntemleri i\u00e7in Birle\u015fmi\u015f Milletler (BM) \u015eart\u0131n\u0131 takip etmek yeterli.\u201d dedi. Fidan Atina\u2019ya yar\u0131n yapaca\u011f\u0131 resmi ziyaret ve Yunan mevkida\u015f\u0131 Yorgos Yerapetritis ile yapaca\u011f\u0131 [&hellip;]","og_url":"https:\/\/kuzeyinsesi.org\/index.php\/2024\/11\/07\/tc-disisleri-bakani-fidan-yunanistan-ile-iliskilerde-iyimserlik-icin-cok-sebep-oldugunu-belirtti\/","og_site_name":"Kuzeyin Sesi","article_publisher":"https:\/\/www.facebook.com\/kuzeyinsesii","article_published_time":"2024-11-07T09:33:31+00:00","og_image":[{"url":"https:\/\/brtk.net\/wp-content\/uploads\/2024\/09\/29\/hakan-fidan-2.jpg?ver=6edd66343e217bb50e200b73d47ef9e1","type":"","width":"","height":""}],"author":"Kuzeyin Sesi","twitter_card":"summary_large_image","twitter_creator":"@kuzeyinsesii","twitter_site":"@kuzeyinsesii","twitter_misc":{"Yazan:":"Kuzeyin Sesi","Tahmini okuma s\u00fcresi":"7 dakika"},"schema":{"@context":"https:\/\/schema.org","@graph":[{"@type":"Article","@id":"https:\/\/kuzeyinsesi.org\/index.php\/2024\/11\/07\/tc-disisleri-bakani-fidan-yunanistan-ile-iliskilerde-iyimserlik-icin-cok-sebep-oldugunu-belirtti\/#article","isPartOf":{"@id":"https:\/\/kuzeyinsesi.org\/index.php\/2024\/11\/07\/tc-disisleri-bakani-fidan-yunanistan-ile-iliskilerde-iyimserlik-icin-cok-sebep-oldugunu-belirtti\/"},"author":{"name":"Kuzeyin Sesi","@id":"https:\/\/kuzeyinsesi.org\/#\/schema\/person\/9f859689cdf01485597712386e37f5aa"},"headline":"TC D\u0131\u015fi\u015fleri Bakan\u0131 Fidan, Yunanistan ile ili\u015fkilerde iyimserlik i\u00e7in \u00e7ok sebep oldu\u011funu belirtti","datePublished":"2024-11-07T09:33:31+00:00","mainEntityOfPage":{"@id":"https:\/\/kuzeyinsesi.org\/index.php\/2024\/11\/07\/tc-disisleri-bakani-fidan-yunanistan-ile-iliskilerde-iyimserlik-icin-cok-sebep-oldugunu-belirtti\/"},"wordCount":1510,"commentCount":0,"image":{"@id":"https:\/\/kuzeyinsesi.org\/index.php\/2024\/11\/07\/tc-disisleri-bakani-fidan-yunanistan-ile-iliskilerde-iyimserlik-icin-cok-sebep-oldugunu-belirtti\/#primaryimage"},"thumbnailUrl":"https:\/\/kuzeyinsesi.org\/wp-content\/uploads\/2024\/11\/hakan-fidan-2.jpg","articleSection":["T\u00fcrkiye"],"inLanguage":"tr","potentialAction":[{"@type":"CommentAction","name":"Comment","target":["https:\/\/kuzeyinsesi.org\/index.php\/2024\/11\/07\/tc-disisleri-bakani-fidan-yunanistan-ile-iliskilerde-iyimserlik-icin-cok-sebep-oldugunu-belirtti\/#respond"]}]},{"@type":"WebPage","@id":"https:\/\/kuzeyinsesi.org\/index.php\/2024\/11\/07\/tc-disisleri-bakani-fidan-yunanistan-ile-iliskilerde-iyimserlik-icin-cok-sebep-oldugunu-belirtti\/","url":"https:\/\/kuzeyinsesi.org\/index.php\/2024\/11\/07\/tc-disisleri-bakani-fidan-yunanistan-ile-iliskilerde-iyimserlik-icin-cok-sebep-oldugunu-belirtti\/","name":"TC D\u0131\u015fi\u015fleri Bakan\u0131 Fidan, Yunanistan ile ili\u015fkilerde iyimserlik i\u00e7in \u00e7ok sebep oldu\u011funu belirtti - Kuzeyin Sesi","isPartOf":{"@id":"https:\/\/kuzeyinsesi.org\/#website"},"primaryImageOfPage":{"@id":"https:\/\/kuzeyinsesi.org\/index.php\/2024\/11\/07\/tc-disisleri-bakani-fidan-yunanistan-ile-iliskilerde-iyimserlik-icin-cok-sebep-oldugunu-belirtti\/#primaryimage"},"image":{"@id":"https:\/\/kuzeyinsesi.org\/index.php\/2024\/11\/07\/tc-disisleri-bakani-fidan-yunanistan-ile-iliskilerde-iyimserlik-icin-cok-sebep-oldugunu-belirtti\/#primaryimage"},"thumbnailUrl":"https:\/\/kuzeyinsesi.org\/wp-content\/uploads\/2024\/11\/hakan-fidan-2.jpg","datePublished":"2024-11-07T09:33:31+00:00","author":{"@id":"https:\/\/kuzeyinsesi.org\/#\/schema\/person\/9f859689cdf01485597712386e37f5aa"},"breadcrumb":{"@id":"https:\/\/kuzeyinsesi.org\/index.php\/2024\/11\/07\/tc-disisleri-bakani-fidan-yunanistan-ile-iliskilerde-iyimserlik-icin-cok-sebep-oldugunu-belirtti\/#breadcrumb"},"inLanguage":"tr","potentialAction":[{"@type":"ReadAction","target":["https:\/\/kuzeyinsesi.org\/index.php\/2024\/11\/07\/tc-disisleri-bakani-fidan-yunanistan-ile-iliskilerde-iyimserlik-icin-cok-sebep-oldugunu-belirtti\/"]}]},{"@type":"ImageObject","inLanguage":"tr","@id":"https:\/\/kuzeyinsesi.org\/index.php\/2024\/11\/07\/tc-disisleri-bakani-fidan-yunanistan-ile-iliskilerde-iyimserlik-icin-cok-sebep-oldugunu-belirtti\/#primaryimage","url":"https:\/\/kuzeyinsesi.org\/wp-content\/uploads\/2024\/11\/hakan-fidan-2.jpg","contentUrl":"https:\/\/kuzeyinsesi.org\/wp-content\/uploads\/2024\/11\/hakan-fidan-2.jpg","width":864,"height":486},{"@type":"BreadcrumbList","@id":"https:\/\/kuzeyinsesi.org\/index.php\/2024\/11\/07\/tc-disisleri-bakani-fidan-yunanistan-ile-iliskilerde-iyimserlik-icin-cok-sebep-oldugunu-belirtti\/#breadcrumb","itemListElement":[{"@type":"ListItem","position":1,"name":"Anasayfa","item":"https:\/\/kuzeyinsesi.org\/"},{"@type":"ListItem","position":2,"name":"TC D\u0131\u015fi\u015fleri Bakan\u0131 Fidan, Yunanistan ile ili\u015fkilerde iyimserlik i\u00e7in \u00e7ok sebep oldu\u011funu belirtti"}]},{"@type":"WebSite","@id":"https:\/\/kuzeyinsesi.org\/#website","url":"https:\/\/kuzeyinsesi.org\/","name":"Kuzeyin Sesi","description":"Do\u011fru Haberin Adresi","potentialAction":[{"@type":"SearchAction","target":{"@type":"EntryPoint","urlTemplate":"https:\/\/kuzeyinsesi.org\/?s={search_term_string}"},"query-input":{"@type":"PropertyValueSpecification","valueRequired":true,"valueName":"search_term_string"}}],"inLanguage":"tr"},{"@type":"Person","@id":"https:\/\/kuzeyinsesi.org\/#\/schema\/person\/9f859689cdf01485597712386e37f5aa","name":"Kuzeyin Sesi","image":{"@type":"ImageObject","inLanguage":"tr","@id":"https:\/\/secure.gravatar.com\/avatar\/bab33852abfd8b282518d6ed81826833d77c3c882d9ab608add591ccace47a44?s=96&d=mm&r=g","url":"https:\/\/secure.gravatar.com\/avatar\/bab33852abfd8b282518d6ed81826833d77c3c882d9ab608add591ccace47a44?s=96&d=mm&r=g","contentUrl":"https:\/\/secure.gravatar.com\/avatar\/bab33852abfd8b282518d6ed81826833d77c3c882d9ab608add591ccace47a44?s=96&d=mm&r=g","caption":"Kuzeyin Sesi"},"sameAs":["https:\/\/kuzeyinsesi.org"],"url":"https:\/\/kuzeyinsesi.org\/index.php\/author\/guven\/"}]}},"_links":{"self":[{"href":"https:\/\/kuzeyinsesi.org\/index.php\/wp-json\/wp\/v2\/posts\/13015","targetHints":{"allow":["GET"]}}],"collection":[{"href":"https:\/\/kuzeyinsesi.org\/index.php\/wp-json\/wp\/v2\/posts"}],"about":[{"href":"https:\/\/kuzeyinsesi.org\/index.php\/wp-json\/wp\/v2\/types\/post"}],"author":[{"embeddable":true,"href":"https:\/\/kuzeyinsesi.org\/index.php\/wp-json\/wp\/v2\/users\/1"}],"replies":[{"embeddable":true,"href":"https:\/\/kuzeyinsesi.org\/index.php\/wp-json\/wp\/v2\/comments?post=13015"}],"version-history":[{"count":0,"href":"https:\/\/kuzeyinsesi.org\/index.php\/wp-json\/wp\/v2\/posts\/13015\/revisions"}],"wp:featuredmedia":[{"embeddable":true,"href":"https:\/\/kuzeyinsesi.org\/index.php\/wp-json\/wp\/v2\/media\/13016"}],"wp:attachment":[{"href":"https:\/\/kuzeyinsesi.org\/index.php\/wp-json\/wp\/v2\/media?parent=13015"}],"wp:term":[{"taxonomy":"category","embeddable":true,"href":"https:\/\/kuzeyinsesi.org\/index.php\/wp-json\/wp\/v2\/categories?post=13015"},{"taxonomy":"post_tag","embeddable":true,"href":"https:\/\/kuzeyinsesi.org\/index.php\/wp-json\/wp\/v2\/tags?post=13015"}],"curies":[{"name":"wp","href":"https:\/\/api.w.org\/{rel}","templated":true}]}}