{"id":1301,"date":"2024-05-04T17:20:09","date_gmt":"2024-05-04T14:20:09","guid":{"rendered":"https:\/\/kuzeyinsesi.com\/index.php\/2024\/05\/04\/tore-hellim-pastelli-ve-pekmez-festivalinin-acilisina-katildi\/"},"modified":"2024-05-04T17:20:09","modified_gmt":"2024-05-04T14:20:09","slug":"tore-hellim-pastelli-ve-pekmez-festivalinin-acilisina-katildi","status":"publish","type":"post","link":"https:\/\/kuzeyinsesi.org\/index.php\/2024\/05\/04\/tore-hellim-pastelli-ve-pekmez-festivalinin-acilisina-katildi\/","title":{"rendered":"T\u00f6re, Hellim, Pastelli ve Pekmez Festivali\u2019nin a\u00e7\u0131l\u0131\u015f\u0131na kat\u0131ld\u0131"},"content":{"rendered":"<div>\n<div class=\"mariselle-image-container center\">\n                                            <\/div>\n<p>Cumhurba\u015fkan\u0131 Vekili Cumhuriyet Meclisi Ba\u015fkan\u0131 Zorlu T\u00f6re, Kozank\u00f6y\u2019de bu y\u0131l d\u00f6rd\u00fcnc\u00fc kez d\u00fczenlenen Hellim, Pastelli ve Pekmez Festivali\u2019nin a\u00e7\u0131l\u0131\u015f\u0131na kat\u0131ld\u0131.<\/p>\n<p>T\u00f6re, k\u00f6y meydan\u0131nda d\u00fczenlenen festivalde kat\u0131l\u0131mc\u0131lara hitaben bir konu\u015fma yapt\u0131.<\/p>\n<p>Cumhuriyet Meclisi\u2019nden yap\u0131lan a\u00e7\u0131klamaya g\u00f6re, \u00fcretmenin ve \u00fcretilenleri pazarlaman\u0131n son derece \u00f6nemli oldu\u011funu ifade eden T\u00f6re, y\u0131lmadan usanmadan yola devam etmek durumunda olduklar\u0131n\u0131 s\u00f6yledi.<\/p>\n<p>Belediyelerin Birle\u015ftirilmesi Yasas\u0131n\u0131n g\u00f6r\u00fc\u015f\u00fcld\u00fc\u011f\u00fc d\u00f6nemi an\u0131msatan T\u00f6re, baz\u0131 vekillerin k\u00fcrs\u00fcy\u00fc bile i\u015fgal etti\u011fini, ara verilmek istendi\u011fini ancak kendisinin Meclis Ba\u015fkan\u0131 Genel Kurula olarak ara vermedi\u011fini belirtti.<\/p>\n<p>Yasan\u0131n ge\u00e7mesi ve baz\u0131 belediyelerin birle\u015fmesinin faydalar\u0131n\u0131n bug\u00fcn g\u00f6r\u00fcld\u00fc\u011f\u00fcne i\u015faret eden T\u00f6re, Belediyelerin \u00e7ok daha g\u00fc\u00e7l\u00fc bir hale geldi\u011fine de\u011findi.<\/p>\n<p>T\u00f6re, \u00fclkede felaket tellall\u0131\u011f\u0131 yapanlara inan\u0131lmamas\u0131 gerekti\u011fini ifade ederken KKTC\u2019nin 30 bin yatak kapasiteli turizm tesisleri, 100 binden fazla \u00fcniversite \u00f6\u011frencisi, 1000\u2019e yak\u0131n sanayi tesisi ile b\u00fcy\u00fcmeye devam etti\u011fini s\u00f6yledi.<\/p>\n<p>\u201cBu \u00fclkede felaket yoktur. Bu \u00fclkede devlet var, g\u00fcvenlik var, bayrak var\u2026 \u015eerefle alt\u0131nda ya\u015f\u0131yoruz\u201d diyen T\u00f6re, felaket g\u00fcnlerinin 1974 \u00f6ncesinde oldu\u011funu, Kozank\u00f6y\u2019den Y\u0131lmazk\u00f6y\u2019e gitmenin bile b\u00fcy\u00fck bir sorun oldu\u011funu an\u0131msatt\u0131.<\/p>\n<p>Zaman zaman s\u0131k\u0131nt\u0131lar\u0131n olabilece\u011fini ama aslolan\u0131n devlet sahip olmak ve g\u00fcvenlik i\u00e7erisinde ya\u015famak oldu\u011funu ifade eden T\u00f6re, birlikte ya\u015famaya devam edeceklerini kaydetti.<\/p>\n<\/p><\/div>\n<p><script async\n                    defer\n                    crossorigin=\"anonymous\"\n                    src=\"https:\/\/connect.facebook.net\/tr_TR\/sdk.js#xfbml=1&#038;version=v3.3\"\n            ><\/script><\/p>\n","protected":false},"excerpt":{"rendered":"<p>Cumhurba\u015fkan\u0131 Vekili Cumhuriyet Meclisi Ba\u015fkan\u0131 Zorlu T\u00f6re, Kozank\u00f6y\u2019de bu y\u0131l d\u00f6rd\u00fcnc\u00fc kez d\u00fczenlenen Hellim, Pastelli ve Pekmez Festivali\u2019nin a\u00e7\u0131l\u0131\u015f\u0131na kat\u0131ld\u0131. T\u00f6re, k\u00f6y meydan\u0131nda d\u00fczenlenen festivalde kat\u0131l\u0131mc\u0131lara hitaben bir konu\u015fma yapt\u0131. Cumhuriyet Meclisi\u2019nden yap\u0131lan a\u00e7\u0131klamaya g\u00f6re, \u00fcretmenin ve \u00fcretilenleri pazarlaman\u0131n son derece \u00f6nemli oldu\u011funu ifade eden T\u00f6re, y\u0131lmadan usanmadan yola devam etmek durumunda olduklar\u0131n\u0131 s\u00f6yledi. Belediyelerin [&hellip;]<\/p>\n","protected":false},"author":1,"featured_media":1302,"comment_status":"open","ping_status":"open","sticky":false,"template":"","format":"standard","meta":{"jnews-multi-image_gallery":[],"jnews_single_post":[],"jnews_primary_category":[],"jnews_social_meta":[],"jnews_override_counter":[],"footnotes":""},"categories":[1],"tags":[],"class_list":["post-1301","post","type-post","status-publish","format-standard","has-post-thumbnail","hentry","category-kibris"],"yoast_head":"<!-- This site is optimized with the Yoast SEO plugin v27.5 - https:\/\/yoast.com\/product\/yoast-seo-wordpress\/ -->\n<title>T\u00f6re, Hellim, Pastelli ve Pekmez Festivali\u2019nin a\u00e7\u0131l\u0131\u015f\u0131na kat\u0131ld\u0131 - Kuzeyin Sesi<\/title>\n<meta name=\"robots\" content=\"index, follow, max-snippet:-1, max-image-preview:large, max-video-preview:-1\" \/>\n<link rel=\"canonical\" href=\"https:\/\/kuzeyinsesi.org\/index.php\/2024\/05\/04\/tore-hellim-pastelli-ve-pekmez-festivalinin-acilisina-katildi\/\" \/>\n<meta property=\"og:locale\" content=\"tr_TR\" \/>\n<meta property=\"og:type\" content=\"article\" \/>\n<meta property=\"og:title\" content=\"T\u00f6re, Hellim, Pastelli ve Pekmez Festivali\u2019nin a\u00e7\u0131l\u0131\u015f\u0131na kat\u0131ld\u0131 - Kuzeyin Sesi\" \/>\n<meta property=\"og:description\" content=\"Cumhurba\u015fkan\u0131 Vekili Cumhuriyet Meclisi Ba\u015fkan\u0131 Zorlu T\u00f6re, Kozank\u00f6y\u2019de bu y\u0131l d\u00f6rd\u00fcnc\u00fc kez d\u00fczenlenen Hellim, Pastelli ve Pekmez Festivali\u2019nin a\u00e7\u0131l\u0131\u015f\u0131na kat\u0131ld\u0131. T\u00f6re, k\u00f6y meydan\u0131nda d\u00fczenlenen festivalde kat\u0131l\u0131mc\u0131lara hitaben bir konu\u015fma yapt\u0131. Cumhuriyet Meclisi\u2019nden yap\u0131lan a\u00e7\u0131klamaya g\u00f6re, \u00fcretmenin ve \u00fcretilenleri pazarlaman\u0131n son derece \u00f6nemli oldu\u011funu ifade eden T\u00f6re, y\u0131lmadan usanmadan yola devam etmek durumunda olduklar\u0131n\u0131 s\u00f6yledi. Belediyelerin [&hellip;]\" \/>\n<meta property=\"og:url\" content=\"https:\/\/kuzeyinsesi.org\/index.php\/2024\/05\/04\/tore-hellim-pastelli-ve-pekmez-festivalinin-acilisina-katildi\/\" \/>\n<meta property=\"og:site_name\" content=\"Kuzeyin Sesi\" \/>\n<meta property=\"article:publisher\" content=\"https:\/\/www.facebook.com\/kuzeyinsesii\" \/>\n<meta property=\"article:published_time\" content=\"2024-05-04T14:20:09+00:00\" \/>\n<meta property=\"og:image\" content=\"https:\/\/kuzeyinsesi.org\/wp-content\/uploads\/2024\/05\/qpgeogq.jpg\" \/>\n\t<meta property=\"og:image:width\" content=\"1600\" \/>\n\t<meta property=\"og:image:height\" content=\"1066\" \/>\n\t<meta property=\"og:image:type\" content=\"image\/jpeg\" \/>\n<meta name=\"author\" content=\"Kuzeyin Sesi\" \/>\n<meta name=\"twitter:card\" content=\"summary_large_image\" \/>\n<meta name=\"twitter:creator\" content=\"@kuzeyinsesii\" \/>\n<meta name=\"twitter:site\" content=\"@kuzeyinsesii\" \/>\n<meta name=\"twitter:label1\" content=\"Yazan:\" \/>\n\t<meta name=\"twitter:data1\" content=\"Kuzeyin Sesi\" \/>\n\t<meta name=\"twitter:label2\" content=\"Tahmini okuma s\u00fcresi\" \/>\n\t<meta name=\"twitter:data2\" content=\"1 dakika\" \/>\n<script type=\"application\/ld+json\" class=\"yoast-schema-graph\">{\"@context\":\"https:\\\/\\\/schema.org\",\"@graph\":[{\"@type\":\"Article\",\"@id\":\"https:\\\/\\\/kuzeyinsesi.org\\\/index.php\\\/2024\\\/05\\\/04\\\/tore-hellim-pastelli-ve-pekmez-festivalinin-acilisina-katildi\\\/#article\",\"isPartOf\":{\"@id\":\"https:\\\/\\\/kuzeyinsesi.org\\\/index.php\\\/2024\\\/05\\\/04\\\/tore-hellim-pastelli-ve-pekmez-festivalinin-acilisina-katildi\\\/\"},\"author\":{\"name\":\"Kuzeyin Sesi\",\"@id\":\"https:\\\/\\\/kuzeyinsesi.org\\\/#\\\/schema\\\/person\\\/9f859689cdf01485597712386e37f5aa\"},\"headline\":\"T\u00f6re, Hellim, Pastelli ve Pekmez Festivali\u2019nin a\u00e7\u0131l\u0131\u015f\u0131na kat\u0131ld\u0131\",\"datePublished\":\"2024-05-04T14:20:09+00:00\",\"mainEntityOfPage\":{\"@id\":\"https:\\\/\\\/kuzeyinsesi.org\\\/index.php\\\/2024\\\/05\\\/04\\\/tore-hellim-pastelli-ve-pekmez-festivalinin-acilisina-katildi\\\/\"},\"wordCount\":289,\"commentCount\":0,\"image\":{\"@id\":\"https:\\\/\\\/kuzeyinsesi.org\\\/index.php\\\/2024\\\/05\\\/04\\\/tore-hellim-pastelli-ve-pekmez-festivalinin-acilisina-katildi\\\/#primaryimage\"},\"thumbnailUrl\":\"https:\\\/\\\/kuzeyinsesi.org\\\/wp-content\\\/uploads\\\/2024\\\/05\\\/qpgeogq.jpg\",\"articleSection\":[\"K\u0131br\u0131s\"],\"inLanguage\":\"tr\",\"potentialAction\":[{\"@type\":\"CommentAction\",\"name\":\"Comment\",\"target\":[\"https:\\\/\\\/kuzeyinsesi.org\\\/index.php\\\/2024\\\/05\\\/04\\\/tore-hellim-pastelli-ve-pekmez-festivalinin-acilisina-katildi\\\/#respond\"]}]},{\"@type\":\"WebPage\",\"@id\":\"https:\\\/\\\/kuzeyinsesi.org\\\/index.php\\\/2024\\\/05\\\/04\\\/tore-hellim-pastelli-ve-pekmez-festivalinin-acilisina-katildi\\\/\",\"url\":\"https:\\\/\\\/kuzeyinsesi.org\\\/index.php\\\/2024\\\/05\\\/04\\\/tore-hellim-pastelli-ve-pekmez-festivalinin-acilisina-katildi\\\/\",\"name\":\"T\u00f6re, Hellim, Pastelli ve Pekmez Festivali\u2019nin a\u00e7\u0131l\u0131\u015f\u0131na kat\u0131ld\u0131 - Kuzeyin Sesi\",\"isPartOf\":{\"@id\":\"https:\\\/\\\/kuzeyinsesi.org\\\/#website\"},\"primaryImageOfPage\":{\"@id\":\"https:\\\/\\\/kuzeyinsesi.org\\\/index.php\\\/2024\\\/05\\\/04\\\/tore-hellim-pastelli-ve-pekmez-festivalinin-acilisina-katildi\\\/#primaryimage\"},\"image\":{\"@id\":\"https:\\\/\\\/kuzeyinsesi.org\\\/index.php\\\/2024\\\/05\\\/04\\\/tore-hellim-pastelli-ve-pekmez-festivalinin-acilisina-katildi\\\/#primaryimage\"},\"thumbnailUrl\":\"https:\\\/\\\/kuzeyinsesi.org\\\/wp-content\\\/uploads\\\/2024\\\/05\\\/qpgeogq.jpg\",\"datePublished\":\"2024-05-04T14:20:09+00:00\",\"author\":{\"@id\":\"https:\\\/\\\/kuzeyinsesi.org\\\/#\\\/schema\\\/person\\\/9f859689cdf01485597712386e37f5aa\"},\"breadcrumb\":{\"@id\":\"https:\\\/\\\/kuzeyinsesi.org\\\/index.php\\\/2024\\\/05\\\/04\\\/tore-hellim-pastelli-ve-pekmez-festivalinin-acilisina-katildi\\\/#breadcrumb\"},\"inLanguage\":\"tr\",\"potentialAction\":[{\"@type\":\"ReadAction\",\"target\":[\"https:\\\/\\\/kuzeyinsesi.org\\\/index.php\\\/2024\\\/05\\\/04\\\/tore-hellim-pastelli-ve-pekmez-festivalinin-acilisina-katildi\\\/\"]}]},{\"@type\":\"ImageObject\",\"inLanguage\":\"tr\",\"@id\":\"https:\\\/\\\/kuzeyinsesi.org\\\/index.php\\\/2024\\\/05\\\/04\\\/tore-hellim-pastelli-ve-pekmez-festivalinin-acilisina-katildi\\\/#primaryimage\",\"url\":\"https:\\\/\\\/kuzeyinsesi.org\\\/wp-content\\\/uploads\\\/2024\\\/05\\\/qpgeogq.jpg\",\"contentUrl\":\"https:\\\/\\\/kuzeyinsesi.org\\\/wp-content\\\/uploads\\\/2024\\\/05\\\/qpgeogq.jpg\",\"width\":1600,\"height\":1066},{\"@type\":\"BreadcrumbList\",\"@id\":\"https:\\\/\\\/kuzeyinsesi.org\\\/index.php\\\/2024\\\/05\\\/04\\\/tore-hellim-pastelli-ve-pekmez-festivalinin-acilisina-katildi\\\/#breadcrumb\",\"itemListElement\":[{\"@type\":\"ListItem\",\"position\":1,\"name\":\"Anasayfa\",\"item\":\"https:\\\/\\\/kuzeyinsesi.org\\\/\"},{\"@type\":\"ListItem\",\"position\":2,\"name\":\"T\u00f6re, Hellim, Pastelli ve Pekmez Festivali\u2019nin a\u00e7\u0131l\u0131\u015f\u0131na kat\u0131ld\u0131\"}]},{\"@type\":\"WebSite\",\"@id\":\"https:\\\/\\\/kuzeyinsesi.org\\\/#website\",\"url\":\"https:\\\/\\\/kuzeyinsesi.org\\\/\",\"name\":\"Kuzeyin Sesi\",\"description\":\"Do\u011fru Haberin Adresi\",\"potentialAction\":[{\"@type\":\"SearchAction\",\"target\":{\"@type\":\"EntryPoint\",\"urlTemplate\":\"https:\\\/\\\/kuzeyinsesi.org\\\/?s={search_term_string}\"},\"query-input\":{\"@type\":\"PropertyValueSpecification\",\"valueRequired\":true,\"valueName\":\"search_term_string\"}}],\"inLanguage\":\"tr\"},{\"@type\":\"Person\",\"@id\":\"https:\\\/\\\/kuzeyinsesi.org\\\/#\\\/schema\\\/person\\\/9f859689cdf01485597712386e37f5aa\",\"name\":\"Kuzeyin Sesi\",\"image\":{\"@type\":\"ImageObject\",\"inLanguage\":\"tr\",\"@id\":\"https:\\\/\\\/secure.gravatar.com\\\/avatar\\\/bab33852abfd8b282518d6ed81826833d77c3c882d9ab608add591ccace47a44?s=96&d=mm&r=g\",\"url\":\"https:\\\/\\\/secure.gravatar.com\\\/avatar\\\/bab33852abfd8b282518d6ed81826833d77c3c882d9ab608add591ccace47a44?s=96&d=mm&r=g\",\"contentUrl\":\"https:\\\/\\\/secure.gravatar.com\\\/avatar\\\/bab33852abfd8b282518d6ed81826833d77c3c882d9ab608add591ccace47a44?s=96&d=mm&r=g\",\"caption\":\"Kuzeyin Sesi\"},\"sameAs\":[\"https:\\\/\\\/kuzeyinsesi.org\"],\"url\":\"https:\\\/\\\/kuzeyinsesi.org\\\/index.php\\\/author\\\/guven\\\/\"}]}<\/script>\n<!-- \/ Yoast SEO plugin. -->","yoast_head_json":{"title":"T\u00f6re, Hellim, Pastelli ve Pekmez Festivali\u2019nin a\u00e7\u0131l\u0131\u015f\u0131na kat\u0131ld\u0131 - Kuzeyin Sesi","robots":{"index":"index","follow":"follow","max-snippet":"max-snippet:-1","max-image-preview":"max-image-preview:large","max-video-preview":"max-video-preview:-1"},"canonical":"https:\/\/kuzeyinsesi.org\/index.php\/2024\/05\/04\/tore-hellim-pastelli-ve-pekmez-festivalinin-acilisina-katildi\/","og_locale":"tr_TR","og_type":"article","og_title":"T\u00f6re, Hellim, Pastelli ve Pekmez Festivali\u2019nin a\u00e7\u0131l\u0131\u015f\u0131na kat\u0131ld\u0131 - Kuzeyin Sesi","og_description":"Cumhurba\u015fkan\u0131 Vekili Cumhuriyet Meclisi Ba\u015fkan\u0131 Zorlu T\u00f6re, Kozank\u00f6y\u2019de bu y\u0131l d\u00f6rd\u00fcnc\u00fc kez d\u00fczenlenen Hellim, Pastelli ve Pekmez Festivali\u2019nin a\u00e7\u0131l\u0131\u015f\u0131na kat\u0131ld\u0131. T\u00f6re, k\u00f6y meydan\u0131nda d\u00fczenlenen festivalde kat\u0131l\u0131mc\u0131lara hitaben bir konu\u015fma yapt\u0131. Cumhuriyet Meclisi\u2019nden yap\u0131lan a\u00e7\u0131klamaya g\u00f6re, \u00fcretmenin ve \u00fcretilenleri pazarlaman\u0131n son derece \u00f6nemli oldu\u011funu ifade eden T\u00f6re, y\u0131lmadan usanmadan yola devam etmek durumunda olduklar\u0131n\u0131 s\u00f6yledi. Belediyelerin [&hellip;]","og_url":"https:\/\/kuzeyinsesi.org\/index.php\/2024\/05\/04\/tore-hellim-pastelli-ve-pekmez-festivalinin-acilisina-katildi\/","og_site_name":"Kuzeyin Sesi","article_publisher":"https:\/\/www.facebook.com\/kuzeyinsesii","article_published_time":"2024-05-04T14:20:09+00:00","og_image":[{"width":1600,"height":1066,"url":"https:\/\/kuzeyinsesi.org\/wp-content\/uploads\/2024\/05\/qpgeogq.jpg","type":"image\/jpeg"}],"author":"Kuzeyin Sesi","twitter_card":"summary_large_image","twitter_creator":"@kuzeyinsesii","twitter_site":"@kuzeyinsesii","twitter_misc":{"Yazan:":"Kuzeyin Sesi","Tahmini okuma s\u00fcresi":"1 dakika"},"schema":{"@context":"https:\/\/schema.org","@graph":[{"@type":"Article","@id":"https:\/\/kuzeyinsesi.org\/index.php\/2024\/05\/04\/tore-hellim-pastelli-ve-pekmez-festivalinin-acilisina-katildi\/#article","isPartOf":{"@id":"https:\/\/kuzeyinsesi.org\/index.php\/2024\/05\/04\/tore-hellim-pastelli-ve-pekmez-festivalinin-acilisina-katildi\/"},"author":{"name":"Kuzeyin Sesi","@id":"https:\/\/kuzeyinsesi.org\/#\/schema\/person\/9f859689cdf01485597712386e37f5aa"},"headline":"T\u00f6re, Hellim, Pastelli ve Pekmez Festivali\u2019nin a\u00e7\u0131l\u0131\u015f\u0131na kat\u0131ld\u0131","datePublished":"2024-05-04T14:20:09+00:00","mainEntityOfPage":{"@id":"https:\/\/kuzeyinsesi.org\/index.php\/2024\/05\/04\/tore-hellim-pastelli-ve-pekmez-festivalinin-acilisina-katildi\/"},"wordCount":289,"commentCount":0,"image":{"@id":"https:\/\/kuzeyinsesi.org\/index.php\/2024\/05\/04\/tore-hellim-pastelli-ve-pekmez-festivalinin-acilisina-katildi\/#primaryimage"},"thumbnailUrl":"https:\/\/kuzeyinsesi.org\/wp-content\/uploads\/2024\/05\/qpgeogq.jpg","articleSection":["K\u0131br\u0131s"],"inLanguage":"tr","potentialAction":[{"@type":"CommentAction","name":"Comment","target":["https:\/\/kuzeyinsesi.org\/index.php\/2024\/05\/04\/tore-hellim-pastelli-ve-pekmez-festivalinin-acilisina-katildi\/#respond"]}]},{"@type":"WebPage","@id":"https:\/\/kuzeyinsesi.org\/index.php\/2024\/05\/04\/tore-hellim-pastelli-ve-pekmez-festivalinin-acilisina-katildi\/","url":"https:\/\/kuzeyinsesi.org\/index.php\/2024\/05\/04\/tore-hellim-pastelli-ve-pekmez-festivalinin-acilisina-katildi\/","name":"T\u00f6re, Hellim, Pastelli ve Pekmez Festivali\u2019nin a\u00e7\u0131l\u0131\u015f\u0131na kat\u0131ld\u0131 - Kuzeyin Sesi","isPartOf":{"@id":"https:\/\/kuzeyinsesi.org\/#website"},"primaryImageOfPage":{"@id":"https:\/\/kuzeyinsesi.org\/index.php\/2024\/05\/04\/tore-hellim-pastelli-ve-pekmez-festivalinin-acilisina-katildi\/#primaryimage"},"image":{"@id":"https:\/\/kuzeyinsesi.org\/index.php\/2024\/05\/04\/tore-hellim-pastelli-ve-pekmez-festivalinin-acilisina-katildi\/#primaryimage"},"thumbnailUrl":"https:\/\/kuzeyinsesi.org\/wp-content\/uploads\/2024\/05\/qpgeogq.jpg","datePublished":"2024-05-04T14:20:09+00:00","author":{"@id":"https:\/\/kuzeyinsesi.org\/#\/schema\/person\/9f859689cdf01485597712386e37f5aa"},"breadcrumb":{"@id":"https:\/\/kuzeyinsesi.org\/index.php\/2024\/05\/04\/tore-hellim-pastelli-ve-pekmez-festivalinin-acilisina-katildi\/#breadcrumb"},"inLanguage":"tr","potentialAction":[{"@type":"ReadAction","target":["https:\/\/kuzeyinsesi.org\/index.php\/2024\/05\/04\/tore-hellim-pastelli-ve-pekmez-festivalinin-acilisina-katildi\/"]}]},{"@type":"ImageObject","inLanguage":"tr","@id":"https:\/\/kuzeyinsesi.org\/index.php\/2024\/05\/04\/tore-hellim-pastelli-ve-pekmez-festivalinin-acilisina-katildi\/#primaryimage","url":"https:\/\/kuzeyinsesi.org\/wp-content\/uploads\/2024\/05\/qpgeogq.jpg","contentUrl":"https:\/\/kuzeyinsesi.org\/wp-content\/uploads\/2024\/05\/qpgeogq.jpg","width":1600,"height":1066},{"@type":"BreadcrumbList","@id":"https:\/\/kuzeyinsesi.org\/index.php\/2024\/05\/04\/tore-hellim-pastelli-ve-pekmez-festivalinin-acilisina-katildi\/#breadcrumb","itemListElement":[{"@type":"ListItem","position":1,"name":"Anasayfa","item":"https:\/\/kuzeyinsesi.org\/"},{"@type":"ListItem","position":2,"name":"T\u00f6re, Hellim, Pastelli ve Pekmez Festivali\u2019nin a\u00e7\u0131l\u0131\u015f\u0131na kat\u0131ld\u0131"}]},{"@type":"WebSite","@id":"https:\/\/kuzeyinsesi.org\/#website","url":"https:\/\/kuzeyinsesi.org\/","name":"Kuzeyin Sesi","description":"Do\u011fru Haberin Adresi","potentialAction":[{"@type":"SearchAction","target":{"@type":"EntryPoint","urlTemplate":"https:\/\/kuzeyinsesi.org\/?s={search_term_string}"},"query-input":{"@type":"PropertyValueSpecification","valueRequired":true,"valueName":"search_term_string"}}],"inLanguage":"tr"},{"@type":"Person","@id":"https:\/\/kuzeyinsesi.org\/#\/schema\/person\/9f859689cdf01485597712386e37f5aa","name":"Kuzeyin Sesi","image":{"@type":"ImageObject","inLanguage":"tr","@id":"https:\/\/secure.gravatar.com\/avatar\/bab33852abfd8b282518d6ed81826833d77c3c882d9ab608add591ccace47a44?s=96&d=mm&r=g","url":"https:\/\/secure.gravatar.com\/avatar\/bab33852abfd8b282518d6ed81826833d77c3c882d9ab608add591ccace47a44?s=96&d=mm&r=g","contentUrl":"https:\/\/secure.gravatar.com\/avatar\/bab33852abfd8b282518d6ed81826833d77c3c882d9ab608add591ccace47a44?s=96&d=mm&r=g","caption":"Kuzeyin Sesi"},"sameAs":["https:\/\/kuzeyinsesi.org"],"url":"https:\/\/kuzeyinsesi.org\/index.php\/author\/guven\/"}]}},"_links":{"self":[{"href":"https:\/\/kuzeyinsesi.org\/index.php\/wp-json\/wp\/v2\/posts\/1301","targetHints":{"allow":["GET"]}}],"collection":[{"href":"https:\/\/kuzeyinsesi.org\/index.php\/wp-json\/wp\/v2\/posts"}],"about":[{"href":"https:\/\/kuzeyinsesi.org\/index.php\/wp-json\/wp\/v2\/types\/post"}],"author":[{"embeddable":true,"href":"https:\/\/kuzeyinsesi.org\/index.php\/wp-json\/wp\/v2\/users\/1"}],"replies":[{"embeddable":true,"href":"https:\/\/kuzeyinsesi.org\/index.php\/wp-json\/wp\/v2\/comments?post=1301"}],"version-history":[{"count":0,"href":"https:\/\/kuzeyinsesi.org\/index.php\/wp-json\/wp\/v2\/posts\/1301\/revisions"}],"wp:featuredmedia":[{"embeddable":true,"href":"https:\/\/kuzeyinsesi.org\/index.php\/wp-json\/wp\/v2\/media\/1302"}],"wp:attachment":[{"href":"https:\/\/kuzeyinsesi.org\/index.php\/wp-json\/wp\/v2\/media?parent=1301"}],"wp:term":[{"taxonomy":"category","embeddable":true,"href":"https:\/\/kuzeyinsesi.org\/index.php\/wp-json\/wp\/v2\/categories?post=1301"},{"taxonomy":"post_tag","embeddable":true,"href":"https:\/\/kuzeyinsesi.org\/index.php\/wp-json\/wp\/v2\/tags?post=1301"}],"curies":[{"name":"wp","href":"https:\/\/api.w.org\/{rel}","templated":true}]}}