{"id":12997,"date":"2024-11-06T18:24:22","date_gmt":"2024-11-06T16:24:22","guid":{"rendered":"https:\/\/kuzeyinsesi.org\/index.php\/2024\/11\/06\/turkiye-milli-savunma-bakanligindan-yunanistan-ile-guven-artirici-onlemler-toplantisina-iliskin-aciklama\/"},"modified":"2024-11-06T18:24:22","modified_gmt":"2024-11-06T16:24:22","slug":"turkiye-milli-savunma-bakanligindan-yunanistan-ile-guven-artirici-onlemler-toplantisina-iliskin-aciklama","status":"publish","type":"post","link":"https:\/\/kuzeyinsesi.org\/index.php\/2024\/11\/06\/turkiye-milli-savunma-bakanligindan-yunanistan-ile-guven-artirici-onlemler-toplantisina-iliskin-aciklama\/","title":{"rendered":"T\u00fcrkiye Milli Savunma Bakanl\u0131\u011f\u0131ndan Yunanistan ile G\u00fcven Art\u0131r\u0131c\u0131 \u00d6nlemler Toplant\u0131s\u0131\u2019na ili\u015fkin a\u00e7\u0131klama"},"content":{"rendered":"<div>\n<div class=\"mariselle-image-container center\">\n                                            <\/div>\n<p>T\u00fcrkiye Milli Savunma Bakanl\u0131\u011f\u0131 (MSB), T\u00fcrkiye ile Yunanistan aras\u0131ndaki G\u00fcven Art\u0131r\u0131c\u0131 \u00d6nlemler (GA\u00d6) Toplant\u0131s\u0131\u2019n\u0131n bug\u00fcnk\u00fc turunda, taraflar\u0131n bu y\u0131l i\u00e7in belirlenen faaliyetlerin icras\u0131 ve 2025 i\u00e7in mutab\u0131k kal\u0131nan faaliyetlerin hayata ge\u00e7irilmesi ve uygulanmas\u0131 konusunda anla\u015fmaya vard\u0131\u011f\u0131n\u0131 bildirdi.<\/p>\n<p>Bakanl\u0131ktan yap\u0131lan a\u00e7\u0131klamada, T\u00fcrk ve Yunan heyetleri aras\u0131ndaki GA\u00d6 Toplant\u0131s\u0131\u2019n\u0131n yeni turunun bug\u00fcn Milli Savunma Bakanl\u0131\u011f\u0131 ev sahipli\u011finde \u0130stanbul\u2019da d\u00fczenlendi\u011fi bildirildi.<\/p>\n<p>Toplant\u0131da, iki \u00fclke heyetinin de b\u00fcy\u00fckel\u00e7iler ve y\u00fcksek r\u00fctbeli askerler ile sivil yetkililerden olu\u015ftu\u011fu kaydedilen a\u00e7\u0131klamada, \u201cToplant\u0131da her iki taraf, 2024 y\u0131l\u0131 i\u00e7in belirlenen faaliyetlerin icras\u0131 ve 2025 y\u0131l\u0131 i\u00e7in mutab\u0131k kal\u0131nan faaliyetlerin hayata ge\u00e7irilmesi ve uygulanmas\u0131 konusunda anla\u015fmaya varm\u0131\u015ft\u0131r.\u201d ifadeleri kullan\u0131ld\u0131.<\/p>\n<p>A\u00e7\u0131klamada, toplant\u0131n\u0131n olumlu bir havada ger\u00e7ekle\u015fti\u011fi, bir sonraki toplant\u0131n\u0131n ise Yunanistan\u2019\u0131n ev sahipli\u011finde d\u00fczenlenece\u011fi aktar\u0131ld\u0131.<\/p>\n<\/p><\/div>\n<p><script async\n                    defer\n                    crossorigin=\"anonymous\"\n                    src=\"https:\/\/connect.facebook.net\/tr_TR\/sdk.js#xfbml=1&#038;version=v3.3\"\n            ><\/script><\/p>\n","protected":false},"excerpt":{"rendered":"<p>T\u00fcrkiye Milli Savunma Bakanl\u0131\u011f\u0131 (MSB), T\u00fcrkiye ile Yunanistan aras\u0131ndaki G\u00fcven Art\u0131r\u0131c\u0131 \u00d6nlemler (GA\u00d6) Toplant\u0131s\u0131\u2019n\u0131n bug\u00fcnk\u00fc turunda, taraflar\u0131n bu y\u0131l i\u00e7in belirlenen faaliyetlerin icras\u0131 ve 2025 i\u00e7in mutab\u0131k kal\u0131nan faaliyetlerin hayata ge\u00e7irilmesi ve uygulanmas\u0131 konusunda anla\u015fmaya vard\u0131\u011f\u0131n\u0131 bildirdi. Bakanl\u0131ktan yap\u0131lan a\u00e7\u0131klamada, T\u00fcrk ve Yunan heyetleri aras\u0131ndaki GA\u00d6 Toplant\u0131s\u0131\u2019n\u0131n yeni turunun bug\u00fcn Milli Savunma Bakanl\u0131\u011f\u0131 ev sahipli\u011finde [&hellip;]<\/p>\n","protected":false},"author":1,"featured_media":12998,"comment_status":"open","ping_status":"open","sticky":false,"template":"","format":"standard","meta":{"jnews-multi-image_gallery":[],"jnews_single_post":[],"jnews_primary_category":[],"jnews_social_meta":[],"jnews_override_counter":[],"footnotes":""},"categories":[5],"tags":[],"class_list":["post-12997","post","type-post","status-publish","format-standard","has-post-thumbnail","hentry","category-turkiye"],"yoast_head":"<!-- This site is optimized with the Yoast SEO plugin v27.4 - https:\/\/yoast.com\/product\/yoast-seo-wordpress\/ -->\n<title>T\u00fcrkiye Milli Savunma Bakanl\u0131\u011f\u0131ndan Yunanistan ile G\u00fcven Art\u0131r\u0131c\u0131 \u00d6nlemler Toplant\u0131s\u0131\u2019na ili\u015fkin a\u00e7\u0131klama - Kuzeyin Sesi<\/title>\n<meta name=\"robots\" content=\"index, follow, max-snippet:-1, max-image-preview:large, max-video-preview:-1\" \/>\n<link rel=\"canonical\" href=\"https:\/\/kuzeyinsesi.org\/index.php\/2024\/11\/06\/turkiye-milli-savunma-bakanligindan-yunanistan-ile-guven-artirici-onlemler-toplantisina-iliskin-aciklama\/\" \/>\n<meta property=\"og:locale\" content=\"tr_TR\" \/>\n<meta property=\"og:type\" content=\"article\" \/>\n<meta property=\"og:title\" content=\"T\u00fcrkiye Milli Savunma Bakanl\u0131\u011f\u0131ndan Yunanistan ile G\u00fcven Art\u0131r\u0131c\u0131 \u00d6nlemler Toplant\u0131s\u0131\u2019na ili\u015fkin a\u00e7\u0131klama - Kuzeyin Sesi\" \/>\n<meta property=\"og:description\" content=\"T\u00fcrkiye Milli Savunma Bakanl\u0131\u011f\u0131 (MSB), T\u00fcrkiye ile Yunanistan aras\u0131ndaki G\u00fcven Art\u0131r\u0131c\u0131 \u00d6nlemler (GA\u00d6) Toplant\u0131s\u0131\u2019n\u0131n bug\u00fcnk\u00fc turunda, taraflar\u0131n bu y\u0131l i\u00e7in belirlenen faaliyetlerin icras\u0131 ve 2025 i\u00e7in mutab\u0131k kal\u0131nan faaliyetlerin hayata ge\u00e7irilmesi ve uygulanmas\u0131 konusunda anla\u015fmaya vard\u0131\u011f\u0131n\u0131 bildirdi. Bakanl\u0131ktan yap\u0131lan a\u00e7\u0131klamada, T\u00fcrk ve Yunan heyetleri aras\u0131ndaki GA\u00d6 Toplant\u0131s\u0131\u2019n\u0131n yeni turunun bug\u00fcn Milli Savunma Bakanl\u0131\u011f\u0131 ev sahipli\u011finde [&hellip;]\" \/>\n<meta property=\"og:url\" content=\"https:\/\/kuzeyinsesi.org\/index.php\/2024\/11\/06\/turkiye-milli-savunma-bakanligindan-yunanistan-ile-guven-artirici-onlemler-toplantisina-iliskin-aciklama\/\" \/>\n<meta property=\"og:site_name\" content=\"Kuzeyin Sesi\" \/>\n<meta property=\"article:publisher\" content=\"https:\/\/www.facebook.com\/kuzeyinsesii\" \/>\n<meta property=\"article:published_time\" content=\"2024-11-06T16:24:22+00:00\" \/>\n<meta property=\"og:image\" content=\"https:\/\/brtk.net\/wp-content\/uploads\/2023\/06\/08\/tc-milli-savunma.jpg?ver=1100bc2ad22a292d995db20203875ec9\" \/>\n<meta name=\"author\" content=\"Kuzeyin Sesi\" \/>\n<meta name=\"twitter:card\" content=\"summary_large_image\" \/>\n<meta name=\"twitter:creator\" content=\"@kuzeyinsesii\" \/>\n<meta name=\"twitter:site\" content=\"@kuzeyinsesii\" \/>\n<meta name=\"twitter:label1\" content=\"Yazan:\" \/>\n\t<meta name=\"twitter:data1\" content=\"Kuzeyin Sesi\" \/>\n\t<meta name=\"twitter:label2\" content=\"Tahmini okuma s\u00fcresi\" \/>\n\t<meta name=\"twitter:data2\" content=\"1 dakika\" \/>\n<script type=\"application\/ld+json\" class=\"yoast-schema-graph\">{\"@context\":\"https:\\\/\\\/schema.org\",\"@graph\":[{\"@type\":\"Article\",\"@id\":\"https:\\\/\\\/kuzeyinsesi.org\\\/index.php\\\/2024\\\/11\\\/06\\\/turkiye-milli-savunma-bakanligindan-yunanistan-ile-guven-artirici-onlemler-toplantisina-iliskin-aciklama\\\/#article\",\"isPartOf\":{\"@id\":\"https:\\\/\\\/kuzeyinsesi.org\\\/index.php\\\/2024\\\/11\\\/06\\\/turkiye-milli-savunma-bakanligindan-yunanistan-ile-guven-artirici-onlemler-toplantisina-iliskin-aciklama\\\/\"},\"author\":{\"name\":\"Kuzeyin Sesi\",\"@id\":\"https:\\\/\\\/kuzeyinsesi.org\\\/#\\\/schema\\\/person\\\/9f859689cdf01485597712386e37f5aa\"},\"headline\":\"T\u00fcrkiye Milli Savunma Bakanl\u0131\u011f\u0131ndan Yunanistan ile G\u00fcven Art\u0131r\u0131c\u0131 \u00d6nlemler Toplant\u0131s\u0131\u2019na ili\u015fkin a\u00e7\u0131klama\",\"datePublished\":\"2024-11-06T16:24:22+00:00\",\"mainEntityOfPage\":{\"@id\":\"https:\\\/\\\/kuzeyinsesi.org\\\/index.php\\\/2024\\\/11\\\/06\\\/turkiye-milli-savunma-bakanligindan-yunanistan-ile-guven-artirici-onlemler-toplantisina-iliskin-aciklama\\\/\"},\"wordCount\":199,\"commentCount\":0,\"image\":{\"@id\":\"https:\\\/\\\/kuzeyinsesi.org\\\/index.php\\\/2024\\\/11\\\/06\\\/turkiye-milli-savunma-bakanligindan-yunanistan-ile-guven-artirici-onlemler-toplantisina-iliskin-aciklama\\\/#primaryimage\"},\"thumbnailUrl\":\"https:\\\/\\\/kuzeyinsesi.org\\\/wp-content\\\/uploads\\\/2024\\\/11\\\/tc-milli-savunma.jpg\",\"articleSection\":[\"T\u00fcrkiye\"],\"inLanguage\":\"tr\",\"potentialAction\":[{\"@type\":\"CommentAction\",\"name\":\"Comment\",\"target\":[\"https:\\\/\\\/kuzeyinsesi.org\\\/index.php\\\/2024\\\/11\\\/06\\\/turkiye-milli-savunma-bakanligindan-yunanistan-ile-guven-artirici-onlemler-toplantisina-iliskin-aciklama\\\/#respond\"]}]},{\"@type\":\"WebPage\",\"@id\":\"https:\\\/\\\/kuzeyinsesi.org\\\/index.php\\\/2024\\\/11\\\/06\\\/turkiye-milli-savunma-bakanligindan-yunanistan-ile-guven-artirici-onlemler-toplantisina-iliskin-aciklama\\\/\",\"url\":\"https:\\\/\\\/kuzeyinsesi.org\\\/index.php\\\/2024\\\/11\\\/06\\\/turkiye-milli-savunma-bakanligindan-yunanistan-ile-guven-artirici-onlemler-toplantisina-iliskin-aciklama\\\/\",\"name\":\"T\u00fcrkiye Milli Savunma Bakanl\u0131\u011f\u0131ndan Yunanistan ile G\u00fcven Art\u0131r\u0131c\u0131 \u00d6nlemler Toplant\u0131s\u0131\u2019na ili\u015fkin a\u00e7\u0131klama - Kuzeyin Sesi\",\"isPartOf\":{\"@id\":\"https:\\\/\\\/kuzeyinsesi.org\\\/#website\"},\"primaryImageOfPage\":{\"@id\":\"https:\\\/\\\/kuzeyinsesi.org\\\/index.php\\\/2024\\\/11\\\/06\\\/turkiye-milli-savunma-bakanligindan-yunanistan-ile-guven-artirici-onlemler-toplantisina-iliskin-aciklama\\\/#primaryimage\"},\"image\":{\"@id\":\"https:\\\/\\\/kuzeyinsesi.org\\\/index.php\\\/2024\\\/11\\\/06\\\/turkiye-milli-savunma-bakanligindan-yunanistan-ile-guven-artirici-onlemler-toplantisina-iliskin-aciklama\\\/#primaryimage\"},\"thumbnailUrl\":\"https:\\\/\\\/kuzeyinsesi.org\\\/wp-content\\\/uploads\\\/2024\\\/11\\\/tc-milli-savunma.jpg\",\"datePublished\":\"2024-11-06T16:24:22+00:00\",\"author\":{\"@id\":\"https:\\\/\\\/kuzeyinsesi.org\\\/#\\\/schema\\\/person\\\/9f859689cdf01485597712386e37f5aa\"},\"breadcrumb\":{\"@id\":\"https:\\\/\\\/kuzeyinsesi.org\\\/index.php\\\/2024\\\/11\\\/06\\\/turkiye-milli-savunma-bakanligindan-yunanistan-ile-guven-artirici-onlemler-toplantisina-iliskin-aciklama\\\/#breadcrumb\"},\"inLanguage\":\"tr\",\"potentialAction\":[{\"@type\":\"ReadAction\",\"target\":[\"https:\\\/\\\/kuzeyinsesi.org\\\/index.php\\\/2024\\\/11\\\/06\\\/turkiye-milli-savunma-bakanligindan-yunanistan-ile-guven-artirici-onlemler-toplantisina-iliskin-aciklama\\\/\"]}]},{\"@type\":\"ImageObject\",\"inLanguage\":\"tr\",\"@id\":\"https:\\\/\\\/kuzeyinsesi.org\\\/index.php\\\/2024\\\/11\\\/06\\\/turkiye-milli-savunma-bakanligindan-yunanistan-ile-guven-artirici-onlemler-toplantisina-iliskin-aciklama\\\/#primaryimage\",\"url\":\"https:\\\/\\\/kuzeyinsesi.org\\\/wp-content\\\/uploads\\\/2024\\\/11\\\/tc-milli-savunma.jpg\",\"contentUrl\":\"https:\\\/\\\/kuzeyinsesi.org\\\/wp-content\\\/uploads\\\/2024\\\/11\\\/tc-milli-savunma.jpg\",\"width\":640,\"height\":355},{\"@type\":\"BreadcrumbList\",\"@id\":\"https:\\\/\\\/kuzeyinsesi.org\\\/index.php\\\/2024\\\/11\\\/06\\\/turkiye-milli-savunma-bakanligindan-yunanistan-ile-guven-artirici-onlemler-toplantisina-iliskin-aciklama\\\/#breadcrumb\",\"itemListElement\":[{\"@type\":\"ListItem\",\"position\":1,\"name\":\"Anasayfa\",\"item\":\"https:\\\/\\\/kuzeyinsesi.org\\\/\"},{\"@type\":\"ListItem\",\"position\":2,\"name\":\"T\u00fcrkiye Milli Savunma Bakanl\u0131\u011f\u0131ndan Yunanistan ile G\u00fcven Art\u0131r\u0131c\u0131 \u00d6nlemler Toplant\u0131s\u0131\u2019na ili\u015fkin a\u00e7\u0131klama\"}]},{\"@type\":\"WebSite\",\"@id\":\"https:\\\/\\\/kuzeyinsesi.org\\\/#website\",\"url\":\"https:\\\/\\\/kuzeyinsesi.org\\\/\",\"name\":\"Kuzeyin Sesi\",\"description\":\"Do\u011fru Haberin Adresi\",\"potentialAction\":[{\"@type\":\"SearchAction\",\"target\":{\"@type\":\"EntryPoint\",\"urlTemplate\":\"https:\\\/\\\/kuzeyinsesi.org\\\/?s={search_term_string}\"},\"query-input\":{\"@type\":\"PropertyValueSpecification\",\"valueRequired\":true,\"valueName\":\"search_term_string\"}}],\"inLanguage\":\"tr\"},{\"@type\":\"Person\",\"@id\":\"https:\\\/\\\/kuzeyinsesi.org\\\/#\\\/schema\\\/person\\\/9f859689cdf01485597712386e37f5aa\",\"name\":\"Kuzeyin Sesi\",\"image\":{\"@type\":\"ImageObject\",\"inLanguage\":\"tr\",\"@id\":\"https:\\\/\\\/secure.gravatar.com\\\/avatar\\\/bab33852abfd8b282518d6ed81826833d77c3c882d9ab608add591ccace47a44?s=96&d=mm&r=g\",\"url\":\"https:\\\/\\\/secure.gravatar.com\\\/avatar\\\/bab33852abfd8b282518d6ed81826833d77c3c882d9ab608add591ccace47a44?s=96&d=mm&r=g\",\"contentUrl\":\"https:\\\/\\\/secure.gravatar.com\\\/avatar\\\/bab33852abfd8b282518d6ed81826833d77c3c882d9ab608add591ccace47a44?s=96&d=mm&r=g\",\"caption\":\"Kuzeyin Sesi\"},\"sameAs\":[\"https:\\\/\\\/kuzeyinsesi.org\"],\"url\":\"https:\\\/\\\/kuzeyinsesi.org\\\/index.php\\\/author\\\/guven\\\/\"}]}<\/script>\n<!-- \/ Yoast SEO plugin. -->","yoast_head_json":{"title":"T\u00fcrkiye Milli Savunma Bakanl\u0131\u011f\u0131ndan Yunanistan ile G\u00fcven Art\u0131r\u0131c\u0131 \u00d6nlemler Toplant\u0131s\u0131\u2019na ili\u015fkin a\u00e7\u0131klama - Kuzeyin Sesi","robots":{"index":"index","follow":"follow","max-snippet":"max-snippet:-1","max-image-preview":"max-image-preview:large","max-video-preview":"max-video-preview:-1"},"canonical":"https:\/\/kuzeyinsesi.org\/index.php\/2024\/11\/06\/turkiye-milli-savunma-bakanligindan-yunanistan-ile-guven-artirici-onlemler-toplantisina-iliskin-aciklama\/","og_locale":"tr_TR","og_type":"article","og_title":"T\u00fcrkiye Milli Savunma Bakanl\u0131\u011f\u0131ndan Yunanistan ile G\u00fcven Art\u0131r\u0131c\u0131 \u00d6nlemler Toplant\u0131s\u0131\u2019na ili\u015fkin a\u00e7\u0131klama - Kuzeyin Sesi","og_description":"T\u00fcrkiye Milli Savunma Bakanl\u0131\u011f\u0131 (MSB), T\u00fcrkiye ile Yunanistan aras\u0131ndaki G\u00fcven Art\u0131r\u0131c\u0131 \u00d6nlemler (GA\u00d6) Toplant\u0131s\u0131\u2019n\u0131n bug\u00fcnk\u00fc turunda, taraflar\u0131n bu y\u0131l i\u00e7in belirlenen faaliyetlerin icras\u0131 ve 2025 i\u00e7in mutab\u0131k kal\u0131nan faaliyetlerin hayata ge\u00e7irilmesi ve uygulanmas\u0131 konusunda anla\u015fmaya vard\u0131\u011f\u0131n\u0131 bildirdi. Bakanl\u0131ktan yap\u0131lan a\u00e7\u0131klamada, T\u00fcrk ve Yunan heyetleri aras\u0131ndaki GA\u00d6 Toplant\u0131s\u0131\u2019n\u0131n yeni turunun bug\u00fcn Milli Savunma Bakanl\u0131\u011f\u0131 ev sahipli\u011finde [&hellip;]","og_url":"https:\/\/kuzeyinsesi.org\/index.php\/2024\/11\/06\/turkiye-milli-savunma-bakanligindan-yunanistan-ile-guven-artirici-onlemler-toplantisina-iliskin-aciklama\/","og_site_name":"Kuzeyin Sesi","article_publisher":"https:\/\/www.facebook.com\/kuzeyinsesii","article_published_time":"2024-11-06T16:24:22+00:00","og_image":[{"url":"https:\/\/brtk.net\/wp-content\/uploads\/2023\/06\/08\/tc-milli-savunma.jpg?ver=1100bc2ad22a292d995db20203875ec9","type":"","width":"","height":""}],"author":"Kuzeyin Sesi","twitter_card":"summary_large_image","twitter_creator":"@kuzeyinsesii","twitter_site":"@kuzeyinsesii","twitter_misc":{"Yazan:":"Kuzeyin Sesi","Tahmini okuma s\u00fcresi":"1 dakika"},"schema":{"@context":"https:\/\/schema.org","@graph":[{"@type":"Article","@id":"https:\/\/kuzeyinsesi.org\/index.php\/2024\/11\/06\/turkiye-milli-savunma-bakanligindan-yunanistan-ile-guven-artirici-onlemler-toplantisina-iliskin-aciklama\/#article","isPartOf":{"@id":"https:\/\/kuzeyinsesi.org\/index.php\/2024\/11\/06\/turkiye-milli-savunma-bakanligindan-yunanistan-ile-guven-artirici-onlemler-toplantisina-iliskin-aciklama\/"},"author":{"name":"Kuzeyin Sesi","@id":"https:\/\/kuzeyinsesi.org\/#\/schema\/person\/9f859689cdf01485597712386e37f5aa"},"headline":"T\u00fcrkiye Milli Savunma Bakanl\u0131\u011f\u0131ndan Yunanistan ile G\u00fcven Art\u0131r\u0131c\u0131 \u00d6nlemler Toplant\u0131s\u0131\u2019na ili\u015fkin a\u00e7\u0131klama","datePublished":"2024-11-06T16:24:22+00:00","mainEntityOfPage":{"@id":"https:\/\/kuzeyinsesi.org\/index.php\/2024\/11\/06\/turkiye-milli-savunma-bakanligindan-yunanistan-ile-guven-artirici-onlemler-toplantisina-iliskin-aciklama\/"},"wordCount":199,"commentCount":0,"image":{"@id":"https:\/\/kuzeyinsesi.org\/index.php\/2024\/11\/06\/turkiye-milli-savunma-bakanligindan-yunanistan-ile-guven-artirici-onlemler-toplantisina-iliskin-aciklama\/#primaryimage"},"thumbnailUrl":"https:\/\/kuzeyinsesi.org\/wp-content\/uploads\/2024\/11\/tc-milli-savunma.jpg","articleSection":["T\u00fcrkiye"],"inLanguage":"tr","potentialAction":[{"@type":"CommentAction","name":"Comment","target":["https:\/\/kuzeyinsesi.org\/index.php\/2024\/11\/06\/turkiye-milli-savunma-bakanligindan-yunanistan-ile-guven-artirici-onlemler-toplantisina-iliskin-aciklama\/#respond"]}]},{"@type":"WebPage","@id":"https:\/\/kuzeyinsesi.org\/index.php\/2024\/11\/06\/turkiye-milli-savunma-bakanligindan-yunanistan-ile-guven-artirici-onlemler-toplantisina-iliskin-aciklama\/","url":"https:\/\/kuzeyinsesi.org\/index.php\/2024\/11\/06\/turkiye-milli-savunma-bakanligindan-yunanistan-ile-guven-artirici-onlemler-toplantisina-iliskin-aciklama\/","name":"T\u00fcrkiye Milli Savunma Bakanl\u0131\u011f\u0131ndan Yunanistan ile G\u00fcven Art\u0131r\u0131c\u0131 \u00d6nlemler Toplant\u0131s\u0131\u2019na ili\u015fkin a\u00e7\u0131klama - Kuzeyin Sesi","isPartOf":{"@id":"https:\/\/kuzeyinsesi.org\/#website"},"primaryImageOfPage":{"@id":"https:\/\/kuzeyinsesi.org\/index.php\/2024\/11\/06\/turkiye-milli-savunma-bakanligindan-yunanistan-ile-guven-artirici-onlemler-toplantisina-iliskin-aciklama\/#primaryimage"},"image":{"@id":"https:\/\/kuzeyinsesi.org\/index.php\/2024\/11\/06\/turkiye-milli-savunma-bakanligindan-yunanistan-ile-guven-artirici-onlemler-toplantisina-iliskin-aciklama\/#primaryimage"},"thumbnailUrl":"https:\/\/kuzeyinsesi.org\/wp-content\/uploads\/2024\/11\/tc-milli-savunma.jpg","datePublished":"2024-11-06T16:24:22+00:00","author":{"@id":"https:\/\/kuzeyinsesi.org\/#\/schema\/person\/9f859689cdf01485597712386e37f5aa"},"breadcrumb":{"@id":"https:\/\/kuzeyinsesi.org\/index.php\/2024\/11\/06\/turkiye-milli-savunma-bakanligindan-yunanistan-ile-guven-artirici-onlemler-toplantisina-iliskin-aciklama\/#breadcrumb"},"inLanguage":"tr","potentialAction":[{"@type":"ReadAction","target":["https:\/\/kuzeyinsesi.org\/index.php\/2024\/11\/06\/turkiye-milli-savunma-bakanligindan-yunanistan-ile-guven-artirici-onlemler-toplantisina-iliskin-aciklama\/"]}]},{"@type":"ImageObject","inLanguage":"tr","@id":"https:\/\/kuzeyinsesi.org\/index.php\/2024\/11\/06\/turkiye-milli-savunma-bakanligindan-yunanistan-ile-guven-artirici-onlemler-toplantisina-iliskin-aciklama\/#primaryimage","url":"https:\/\/kuzeyinsesi.org\/wp-content\/uploads\/2024\/11\/tc-milli-savunma.jpg","contentUrl":"https:\/\/kuzeyinsesi.org\/wp-content\/uploads\/2024\/11\/tc-milli-savunma.jpg","width":640,"height":355},{"@type":"BreadcrumbList","@id":"https:\/\/kuzeyinsesi.org\/index.php\/2024\/11\/06\/turkiye-milli-savunma-bakanligindan-yunanistan-ile-guven-artirici-onlemler-toplantisina-iliskin-aciklama\/#breadcrumb","itemListElement":[{"@type":"ListItem","position":1,"name":"Anasayfa","item":"https:\/\/kuzeyinsesi.org\/"},{"@type":"ListItem","position":2,"name":"T\u00fcrkiye Milli Savunma Bakanl\u0131\u011f\u0131ndan Yunanistan ile G\u00fcven Art\u0131r\u0131c\u0131 \u00d6nlemler Toplant\u0131s\u0131\u2019na ili\u015fkin a\u00e7\u0131klama"}]},{"@type":"WebSite","@id":"https:\/\/kuzeyinsesi.org\/#website","url":"https:\/\/kuzeyinsesi.org\/","name":"Kuzeyin Sesi","description":"Do\u011fru Haberin Adresi","potentialAction":[{"@type":"SearchAction","target":{"@type":"EntryPoint","urlTemplate":"https:\/\/kuzeyinsesi.org\/?s={search_term_string}"},"query-input":{"@type":"PropertyValueSpecification","valueRequired":true,"valueName":"search_term_string"}}],"inLanguage":"tr"},{"@type":"Person","@id":"https:\/\/kuzeyinsesi.org\/#\/schema\/person\/9f859689cdf01485597712386e37f5aa","name":"Kuzeyin Sesi","image":{"@type":"ImageObject","inLanguage":"tr","@id":"https:\/\/secure.gravatar.com\/avatar\/bab33852abfd8b282518d6ed81826833d77c3c882d9ab608add591ccace47a44?s=96&d=mm&r=g","url":"https:\/\/secure.gravatar.com\/avatar\/bab33852abfd8b282518d6ed81826833d77c3c882d9ab608add591ccace47a44?s=96&d=mm&r=g","contentUrl":"https:\/\/secure.gravatar.com\/avatar\/bab33852abfd8b282518d6ed81826833d77c3c882d9ab608add591ccace47a44?s=96&d=mm&r=g","caption":"Kuzeyin Sesi"},"sameAs":["https:\/\/kuzeyinsesi.org"],"url":"https:\/\/kuzeyinsesi.org\/index.php\/author\/guven\/"}]}},"_links":{"self":[{"href":"https:\/\/kuzeyinsesi.org\/index.php\/wp-json\/wp\/v2\/posts\/12997","targetHints":{"allow":["GET"]}}],"collection":[{"href":"https:\/\/kuzeyinsesi.org\/index.php\/wp-json\/wp\/v2\/posts"}],"about":[{"href":"https:\/\/kuzeyinsesi.org\/index.php\/wp-json\/wp\/v2\/types\/post"}],"author":[{"embeddable":true,"href":"https:\/\/kuzeyinsesi.org\/index.php\/wp-json\/wp\/v2\/users\/1"}],"replies":[{"embeddable":true,"href":"https:\/\/kuzeyinsesi.org\/index.php\/wp-json\/wp\/v2\/comments?post=12997"}],"version-history":[{"count":0,"href":"https:\/\/kuzeyinsesi.org\/index.php\/wp-json\/wp\/v2\/posts\/12997\/revisions"}],"wp:featuredmedia":[{"embeddable":true,"href":"https:\/\/kuzeyinsesi.org\/index.php\/wp-json\/wp\/v2\/media\/12998"}],"wp:attachment":[{"href":"https:\/\/kuzeyinsesi.org\/index.php\/wp-json\/wp\/v2\/media?parent=12997"}],"wp:term":[{"taxonomy":"category","embeddable":true,"href":"https:\/\/kuzeyinsesi.org\/index.php\/wp-json\/wp\/v2\/categories?post=12997"},{"taxonomy":"post_tag","embeddable":true,"href":"https:\/\/kuzeyinsesi.org\/index.php\/wp-json\/wp\/v2\/tags?post=12997"}],"curies":[{"name":"wp","href":"https:\/\/api.w.org\/{rel}","templated":true}]}}