{"id":1299,"date":"2024-05-04T17:08:06","date_gmt":"2024-05-04T14:08:06","guid":{"rendered":"https:\/\/kuzeyinsesi.com\/index.php\/2024\/05\/04\/itt-zirvesi-basladi\/"},"modified":"2024-05-04T17:08:06","modified_gmt":"2024-05-04T14:08:06","slug":"itt-zirvesi-basladi","status":"publish","type":"post","link":"https:\/\/kuzeyinsesi.org\/index.php\/2024\/05\/04\/itt-zirvesi-basladi\/","title":{"rendered":"\u0130TT Zirvesi ba\u015flad\u0131"},"content":{"rendered":"<div>\n<div class=\"mariselle-image-container center\">\n                                            <\/div>\n<p>Gambiya\u2019n\u0131n ba\u015fkenti Banjul\u2019da d\u00fczenlenen 15. \u0130slam \u0130\u015fbirli\u011fi Te\u015fkilat\u0131 (\u0130TT) Devlet ve H\u00fck\u00fcmet Ba\u015fkanlar\u0131 Zirvesi ba\u015flad\u0131.<\/p>\n<p>\u201cS\u00fcrd\u00fcr\u00fclebilir Kalk\u0131nma i\u00e7in Diyalog Yoluyla Birlik ve Dayan\u0131\u015fman\u0131n G\u00fc\u00e7lendirilmesi\u201d temas\u0131yla \u00fc\u00e7 y\u0131l aradan sonra d\u00fczenlenen zirvede KKTC\u2019yi Cumhurba\u015fkan\u0131 Ersin Tatar temsil ediyor.<\/p>\n<div class=\"mariselle-image-container center\">\n                <img decoding=\"async\" width=\"1105\" height=\"919\" class=\"lazy-image\" alt=\"\" sizes=\"(max-width: 1105px) 100vw, 1105px\" src=\"https:\/\/brtk.net\/wp-content\/uploads\/2024\/05\/04\/b91fd3bb-45ee-4df3-9422-92551ac60844.jpg?ver=dd3511edda69ba1a3f8329b6ff3e4b65\" srcset=\"https:\/\/brtk.net\/wp-content\/uploads\/2024\/05\/04\/b91fd3bb-45ee-4df3-9422-92551ac60844.jpg?ver=dd3511edda69ba1a3f8329b6ff3e4b65 1105w, https:\/\/brtk.net\/wp-content\/uploads\/2024\/05\/04\/b91fd3bb-45ee-4df3-9422-92551ac60844-300x250.jpg?ver=dd3511edda69ba1a3f8329b6ff3e4b65 300w, https:\/\/brtk.net\/wp-content\/uploads\/2024\/05\/04\/b91fd3bb-45ee-4df3-9422-92551ac60844-1024x852.jpg?ver=ca07b8717a1e7485bfc595e8fb065d69 1024w, https:\/\/brtk.net\/wp-content\/uploads\/2024\/05\/04\/b91fd3bb-45ee-4df3-9422-92551ac60844-768x639.jpg?ver=ca07b8717a1e7485bfc595e8fb065d69 768w\"\/>                            <\/div>\n<p>Cumhurba\u015fkan\u0131 Tatar, Kuzey K\u0131br\u0131s T\u00fcrk Cumhuriyeti\u2019nin g\u00f6zlemci \u00fcye oldu\u011fu \u0130\u0130T\u2019nin 15. zirvesi kapsam\u0131nda ikili g\u00f6r\u00fc\u015fmeler yapacak, devlet ve h\u00fck\u00fcmet ba\u015fkanlar\u0131 onuruna verilecek yeme\u011fe de kat\u0131lacak. Cumhurba\u015fkan\u0131 Tatar zirveye seslenece\u011fi bir de konu\u015fma yapacak.<\/p>\n<\/p><\/div>\n<p><script async\n                    defer\n                    crossorigin=\"anonymous\"\n                    src=\"https:\/\/connect.facebook.net\/tr_TR\/sdk.js#xfbml=1&#038;version=v3.3\"\n            ><\/script><\/p>\n","protected":false},"excerpt":{"rendered":"<p>Gambiya\u2019n\u0131n ba\u015fkenti Banjul\u2019da d\u00fczenlenen 15. \u0130slam \u0130\u015fbirli\u011fi Te\u015fkilat\u0131 (\u0130TT) Devlet ve H\u00fck\u00fcmet Ba\u015fkanlar\u0131 Zirvesi ba\u015flad\u0131. \u201cS\u00fcrd\u00fcr\u00fclebilir Kalk\u0131nma i\u00e7in Diyalog Yoluyla Birlik ve Dayan\u0131\u015fman\u0131n G\u00fc\u00e7lendirilmesi\u201d temas\u0131yla \u00fc\u00e7 y\u0131l aradan sonra d\u00fczenlenen zirvede KKTC\u2019yi Cumhurba\u015fkan\u0131 Ersin Tatar temsil ediyor. Cumhurba\u015fkan\u0131 Tatar, Kuzey K\u0131br\u0131s T\u00fcrk Cumhuriyeti\u2019nin g\u00f6zlemci \u00fcye oldu\u011fu \u0130\u0130T\u2019nin 15. zirvesi kapsam\u0131nda ikili g\u00f6r\u00fc\u015fmeler yapacak, devlet ve [&hellip;]<\/p>\n","protected":false},"author":1,"featured_media":1300,"comment_status":"open","ping_status":"open","sticky":false,"template":"","format":"standard","meta":{"jnews-multi-image_gallery":[],"jnews_single_post":[],"jnews_primary_category":[],"jnews_social_meta":[],"jnews_override_counter":[],"footnotes":""},"categories":[1],"tags":[],"class_list":["post-1299","post","type-post","status-publish","format-standard","has-post-thumbnail","hentry","category-kibris"],"yoast_head":"<!-- This site is optimized with the Yoast SEO plugin v27.5 - https:\/\/yoast.com\/product\/yoast-seo-wordpress\/ -->\n<title>\u0130TT Zirvesi ba\u015flad\u0131 - Kuzeyin Sesi<\/title>\n<meta name=\"robots\" content=\"index, follow, max-snippet:-1, max-image-preview:large, max-video-preview:-1\" \/>\n<link rel=\"canonical\" href=\"https:\/\/kuzeyinsesi.org\/index.php\/2024\/05\/04\/itt-zirvesi-basladi\/\" \/>\n<meta property=\"og:locale\" content=\"tr_TR\" \/>\n<meta property=\"og:type\" content=\"article\" \/>\n<meta property=\"og:title\" content=\"\u0130TT Zirvesi ba\u015flad\u0131 - Kuzeyin Sesi\" \/>\n<meta property=\"og:description\" content=\"Gambiya\u2019n\u0131n ba\u015fkenti Banjul\u2019da d\u00fczenlenen 15. \u0130slam \u0130\u015fbirli\u011fi Te\u015fkilat\u0131 (\u0130TT) Devlet ve H\u00fck\u00fcmet Ba\u015fkanlar\u0131 Zirvesi ba\u015flad\u0131. \u201cS\u00fcrd\u00fcr\u00fclebilir Kalk\u0131nma i\u00e7in Diyalog Yoluyla Birlik ve Dayan\u0131\u015fman\u0131n G\u00fc\u00e7lendirilmesi\u201d temas\u0131yla \u00fc\u00e7 y\u0131l aradan sonra d\u00fczenlenen zirvede KKTC\u2019yi Cumhurba\u015fkan\u0131 Ersin Tatar temsil ediyor. Cumhurba\u015fkan\u0131 Tatar, Kuzey K\u0131br\u0131s T\u00fcrk Cumhuriyeti\u2019nin g\u00f6zlemci \u00fcye oldu\u011fu \u0130\u0130T\u2019nin 15. zirvesi kapsam\u0131nda ikili g\u00f6r\u00fc\u015fmeler yapacak, devlet ve [&hellip;]\" \/>\n<meta property=\"og:url\" content=\"https:\/\/kuzeyinsesi.org\/index.php\/2024\/05\/04\/itt-zirvesi-basladi\/\" \/>\n<meta property=\"og:site_name\" content=\"Kuzeyin Sesi\" \/>\n<meta property=\"article:publisher\" content=\"https:\/\/www.facebook.com\/kuzeyinsesii\" \/>\n<meta property=\"article:published_time\" content=\"2024-05-04T14:08:06+00:00\" \/>\n<meta property=\"og:image\" content=\"https:\/\/kuzeyinsesi.org\/wp-content\/uploads\/2024\/05\/b91fd3bb-45ee-4df3-9422-92551ac60844.jpg\" \/>\n\t<meta property=\"og:image:width\" content=\"1105\" \/>\n\t<meta property=\"og:image:height\" content=\"919\" \/>\n\t<meta property=\"og:image:type\" content=\"image\/jpeg\" \/>\n<meta name=\"author\" content=\"Kuzeyin Sesi\" \/>\n<meta name=\"twitter:card\" content=\"summary_large_image\" \/>\n<meta name=\"twitter:creator\" content=\"@kuzeyinsesii\" \/>\n<meta name=\"twitter:site\" content=\"@kuzeyinsesii\" \/>\n<meta name=\"twitter:label1\" content=\"Yazan:\" \/>\n\t<meta name=\"twitter:data1\" content=\"Kuzeyin Sesi\" \/>\n\t<meta name=\"twitter:label2\" content=\"Tahmini okuma s\u00fcresi\" \/>\n\t<meta name=\"twitter:data2\" content=\"1 dakika\" \/>\n<script type=\"application\/ld+json\" class=\"yoast-schema-graph\">{\"@context\":\"https:\\\/\\\/schema.org\",\"@graph\":[{\"@type\":\"Article\",\"@id\":\"https:\\\/\\\/kuzeyinsesi.org\\\/index.php\\\/2024\\\/05\\\/04\\\/itt-zirvesi-basladi\\\/#article\",\"isPartOf\":{\"@id\":\"https:\\\/\\\/kuzeyinsesi.org\\\/index.php\\\/2024\\\/05\\\/04\\\/itt-zirvesi-basladi\\\/\"},\"author\":{\"name\":\"Kuzeyin Sesi\",\"@id\":\"https:\\\/\\\/kuzeyinsesi.org\\\/#\\\/schema\\\/person\\\/9f859689cdf01485597712386e37f5aa\"},\"headline\":\"\u0130TT Zirvesi ba\u015flad\u0131\",\"datePublished\":\"2024-05-04T14:08:06+00:00\",\"mainEntityOfPage\":{\"@id\":\"https:\\\/\\\/kuzeyinsesi.org\\\/index.php\\\/2024\\\/05\\\/04\\\/itt-zirvesi-basladi\\\/\"},\"wordCount\":114,\"commentCount\":0,\"image\":{\"@id\":\"https:\\\/\\\/kuzeyinsesi.org\\\/index.php\\\/2024\\\/05\\\/04\\\/itt-zirvesi-basladi\\\/#primaryimage\"},\"thumbnailUrl\":\"https:\\\/\\\/kuzeyinsesi.org\\\/wp-content\\\/uploads\\\/2024\\\/05\\\/b91fd3bb-45ee-4df3-9422-92551ac60844.jpg\",\"articleSection\":[\"K\u0131br\u0131s\"],\"inLanguage\":\"tr\",\"potentialAction\":[{\"@type\":\"CommentAction\",\"name\":\"Comment\",\"target\":[\"https:\\\/\\\/kuzeyinsesi.org\\\/index.php\\\/2024\\\/05\\\/04\\\/itt-zirvesi-basladi\\\/#respond\"]}]},{\"@type\":\"WebPage\",\"@id\":\"https:\\\/\\\/kuzeyinsesi.org\\\/index.php\\\/2024\\\/05\\\/04\\\/itt-zirvesi-basladi\\\/\",\"url\":\"https:\\\/\\\/kuzeyinsesi.org\\\/index.php\\\/2024\\\/05\\\/04\\\/itt-zirvesi-basladi\\\/\",\"name\":\"\u0130TT Zirvesi ba\u015flad\u0131 - Kuzeyin Sesi\",\"isPartOf\":{\"@id\":\"https:\\\/\\\/kuzeyinsesi.org\\\/#website\"},\"primaryImageOfPage\":{\"@id\":\"https:\\\/\\\/kuzeyinsesi.org\\\/index.php\\\/2024\\\/05\\\/04\\\/itt-zirvesi-basladi\\\/#primaryimage\"},\"image\":{\"@id\":\"https:\\\/\\\/kuzeyinsesi.org\\\/index.php\\\/2024\\\/05\\\/04\\\/itt-zirvesi-basladi\\\/#primaryimage\"},\"thumbnailUrl\":\"https:\\\/\\\/kuzeyinsesi.org\\\/wp-content\\\/uploads\\\/2024\\\/05\\\/b91fd3bb-45ee-4df3-9422-92551ac60844.jpg\",\"datePublished\":\"2024-05-04T14:08:06+00:00\",\"author\":{\"@id\":\"https:\\\/\\\/kuzeyinsesi.org\\\/#\\\/schema\\\/person\\\/9f859689cdf01485597712386e37f5aa\"},\"breadcrumb\":{\"@id\":\"https:\\\/\\\/kuzeyinsesi.org\\\/index.php\\\/2024\\\/05\\\/04\\\/itt-zirvesi-basladi\\\/#breadcrumb\"},\"inLanguage\":\"tr\",\"potentialAction\":[{\"@type\":\"ReadAction\",\"target\":[\"https:\\\/\\\/kuzeyinsesi.org\\\/index.php\\\/2024\\\/05\\\/04\\\/itt-zirvesi-basladi\\\/\"]}]},{\"@type\":\"ImageObject\",\"inLanguage\":\"tr\",\"@id\":\"https:\\\/\\\/kuzeyinsesi.org\\\/index.php\\\/2024\\\/05\\\/04\\\/itt-zirvesi-basladi\\\/#primaryimage\",\"url\":\"https:\\\/\\\/kuzeyinsesi.org\\\/wp-content\\\/uploads\\\/2024\\\/05\\\/b91fd3bb-45ee-4df3-9422-92551ac60844.jpg\",\"contentUrl\":\"https:\\\/\\\/kuzeyinsesi.org\\\/wp-content\\\/uploads\\\/2024\\\/05\\\/b91fd3bb-45ee-4df3-9422-92551ac60844.jpg\",\"width\":1105,\"height\":919},{\"@type\":\"BreadcrumbList\",\"@id\":\"https:\\\/\\\/kuzeyinsesi.org\\\/index.php\\\/2024\\\/05\\\/04\\\/itt-zirvesi-basladi\\\/#breadcrumb\",\"itemListElement\":[{\"@type\":\"ListItem\",\"position\":1,\"name\":\"Anasayfa\",\"item\":\"https:\\\/\\\/kuzeyinsesi.org\\\/\"},{\"@type\":\"ListItem\",\"position\":2,\"name\":\"\u0130TT Zirvesi ba\u015flad\u0131\"}]},{\"@type\":\"WebSite\",\"@id\":\"https:\\\/\\\/kuzeyinsesi.org\\\/#website\",\"url\":\"https:\\\/\\\/kuzeyinsesi.org\\\/\",\"name\":\"Kuzeyin Sesi\",\"description\":\"Do\u011fru Haberin Adresi\",\"potentialAction\":[{\"@type\":\"SearchAction\",\"target\":{\"@type\":\"EntryPoint\",\"urlTemplate\":\"https:\\\/\\\/kuzeyinsesi.org\\\/?s={search_term_string}\"},\"query-input\":{\"@type\":\"PropertyValueSpecification\",\"valueRequired\":true,\"valueName\":\"search_term_string\"}}],\"inLanguage\":\"tr\"},{\"@type\":\"Person\",\"@id\":\"https:\\\/\\\/kuzeyinsesi.org\\\/#\\\/schema\\\/person\\\/9f859689cdf01485597712386e37f5aa\",\"name\":\"Kuzeyin Sesi\",\"image\":{\"@type\":\"ImageObject\",\"inLanguage\":\"tr\",\"@id\":\"https:\\\/\\\/secure.gravatar.com\\\/avatar\\\/bab33852abfd8b282518d6ed81826833d77c3c882d9ab608add591ccace47a44?s=96&d=mm&r=g\",\"url\":\"https:\\\/\\\/secure.gravatar.com\\\/avatar\\\/bab33852abfd8b282518d6ed81826833d77c3c882d9ab608add591ccace47a44?s=96&d=mm&r=g\",\"contentUrl\":\"https:\\\/\\\/secure.gravatar.com\\\/avatar\\\/bab33852abfd8b282518d6ed81826833d77c3c882d9ab608add591ccace47a44?s=96&d=mm&r=g\",\"caption\":\"Kuzeyin Sesi\"},\"sameAs\":[\"https:\\\/\\\/kuzeyinsesi.org\"],\"url\":\"https:\\\/\\\/kuzeyinsesi.org\\\/index.php\\\/author\\\/guven\\\/\"}]}<\/script>\n<!-- \/ Yoast SEO plugin. -->","yoast_head_json":{"title":"\u0130TT Zirvesi ba\u015flad\u0131 - Kuzeyin Sesi","robots":{"index":"index","follow":"follow","max-snippet":"max-snippet:-1","max-image-preview":"max-image-preview:large","max-video-preview":"max-video-preview:-1"},"canonical":"https:\/\/kuzeyinsesi.org\/index.php\/2024\/05\/04\/itt-zirvesi-basladi\/","og_locale":"tr_TR","og_type":"article","og_title":"\u0130TT Zirvesi ba\u015flad\u0131 - Kuzeyin Sesi","og_description":"Gambiya\u2019n\u0131n ba\u015fkenti Banjul\u2019da d\u00fczenlenen 15. \u0130slam \u0130\u015fbirli\u011fi Te\u015fkilat\u0131 (\u0130TT) Devlet ve H\u00fck\u00fcmet Ba\u015fkanlar\u0131 Zirvesi ba\u015flad\u0131. \u201cS\u00fcrd\u00fcr\u00fclebilir Kalk\u0131nma i\u00e7in Diyalog Yoluyla Birlik ve Dayan\u0131\u015fman\u0131n G\u00fc\u00e7lendirilmesi\u201d temas\u0131yla \u00fc\u00e7 y\u0131l aradan sonra d\u00fczenlenen zirvede KKTC\u2019yi Cumhurba\u015fkan\u0131 Ersin Tatar temsil ediyor. Cumhurba\u015fkan\u0131 Tatar, Kuzey K\u0131br\u0131s T\u00fcrk Cumhuriyeti\u2019nin g\u00f6zlemci \u00fcye oldu\u011fu \u0130\u0130T\u2019nin 15. zirvesi kapsam\u0131nda ikili g\u00f6r\u00fc\u015fmeler yapacak, devlet ve [&hellip;]","og_url":"https:\/\/kuzeyinsesi.org\/index.php\/2024\/05\/04\/itt-zirvesi-basladi\/","og_site_name":"Kuzeyin Sesi","article_publisher":"https:\/\/www.facebook.com\/kuzeyinsesii","article_published_time":"2024-05-04T14:08:06+00:00","og_image":[{"width":1105,"height":919,"url":"https:\/\/kuzeyinsesi.org\/wp-content\/uploads\/2024\/05\/b91fd3bb-45ee-4df3-9422-92551ac60844.jpg","type":"image\/jpeg"}],"author":"Kuzeyin Sesi","twitter_card":"summary_large_image","twitter_creator":"@kuzeyinsesii","twitter_site":"@kuzeyinsesii","twitter_misc":{"Yazan:":"Kuzeyin Sesi","Tahmini okuma s\u00fcresi":"1 dakika"},"schema":{"@context":"https:\/\/schema.org","@graph":[{"@type":"Article","@id":"https:\/\/kuzeyinsesi.org\/index.php\/2024\/05\/04\/itt-zirvesi-basladi\/#article","isPartOf":{"@id":"https:\/\/kuzeyinsesi.org\/index.php\/2024\/05\/04\/itt-zirvesi-basladi\/"},"author":{"name":"Kuzeyin Sesi","@id":"https:\/\/kuzeyinsesi.org\/#\/schema\/person\/9f859689cdf01485597712386e37f5aa"},"headline":"\u0130TT Zirvesi ba\u015flad\u0131","datePublished":"2024-05-04T14:08:06+00:00","mainEntityOfPage":{"@id":"https:\/\/kuzeyinsesi.org\/index.php\/2024\/05\/04\/itt-zirvesi-basladi\/"},"wordCount":114,"commentCount":0,"image":{"@id":"https:\/\/kuzeyinsesi.org\/index.php\/2024\/05\/04\/itt-zirvesi-basladi\/#primaryimage"},"thumbnailUrl":"https:\/\/kuzeyinsesi.org\/wp-content\/uploads\/2024\/05\/b91fd3bb-45ee-4df3-9422-92551ac60844.jpg","articleSection":["K\u0131br\u0131s"],"inLanguage":"tr","potentialAction":[{"@type":"CommentAction","name":"Comment","target":["https:\/\/kuzeyinsesi.org\/index.php\/2024\/05\/04\/itt-zirvesi-basladi\/#respond"]}]},{"@type":"WebPage","@id":"https:\/\/kuzeyinsesi.org\/index.php\/2024\/05\/04\/itt-zirvesi-basladi\/","url":"https:\/\/kuzeyinsesi.org\/index.php\/2024\/05\/04\/itt-zirvesi-basladi\/","name":"\u0130TT Zirvesi ba\u015flad\u0131 - Kuzeyin Sesi","isPartOf":{"@id":"https:\/\/kuzeyinsesi.org\/#website"},"primaryImageOfPage":{"@id":"https:\/\/kuzeyinsesi.org\/index.php\/2024\/05\/04\/itt-zirvesi-basladi\/#primaryimage"},"image":{"@id":"https:\/\/kuzeyinsesi.org\/index.php\/2024\/05\/04\/itt-zirvesi-basladi\/#primaryimage"},"thumbnailUrl":"https:\/\/kuzeyinsesi.org\/wp-content\/uploads\/2024\/05\/b91fd3bb-45ee-4df3-9422-92551ac60844.jpg","datePublished":"2024-05-04T14:08:06+00:00","author":{"@id":"https:\/\/kuzeyinsesi.org\/#\/schema\/person\/9f859689cdf01485597712386e37f5aa"},"breadcrumb":{"@id":"https:\/\/kuzeyinsesi.org\/index.php\/2024\/05\/04\/itt-zirvesi-basladi\/#breadcrumb"},"inLanguage":"tr","potentialAction":[{"@type":"ReadAction","target":["https:\/\/kuzeyinsesi.org\/index.php\/2024\/05\/04\/itt-zirvesi-basladi\/"]}]},{"@type":"ImageObject","inLanguage":"tr","@id":"https:\/\/kuzeyinsesi.org\/index.php\/2024\/05\/04\/itt-zirvesi-basladi\/#primaryimage","url":"https:\/\/kuzeyinsesi.org\/wp-content\/uploads\/2024\/05\/b91fd3bb-45ee-4df3-9422-92551ac60844.jpg","contentUrl":"https:\/\/kuzeyinsesi.org\/wp-content\/uploads\/2024\/05\/b91fd3bb-45ee-4df3-9422-92551ac60844.jpg","width":1105,"height":919},{"@type":"BreadcrumbList","@id":"https:\/\/kuzeyinsesi.org\/index.php\/2024\/05\/04\/itt-zirvesi-basladi\/#breadcrumb","itemListElement":[{"@type":"ListItem","position":1,"name":"Anasayfa","item":"https:\/\/kuzeyinsesi.org\/"},{"@type":"ListItem","position":2,"name":"\u0130TT Zirvesi ba\u015flad\u0131"}]},{"@type":"WebSite","@id":"https:\/\/kuzeyinsesi.org\/#website","url":"https:\/\/kuzeyinsesi.org\/","name":"Kuzeyin Sesi","description":"Do\u011fru Haberin Adresi","potentialAction":[{"@type":"SearchAction","target":{"@type":"EntryPoint","urlTemplate":"https:\/\/kuzeyinsesi.org\/?s={search_term_string}"},"query-input":{"@type":"PropertyValueSpecification","valueRequired":true,"valueName":"search_term_string"}}],"inLanguage":"tr"},{"@type":"Person","@id":"https:\/\/kuzeyinsesi.org\/#\/schema\/person\/9f859689cdf01485597712386e37f5aa","name":"Kuzeyin Sesi","image":{"@type":"ImageObject","inLanguage":"tr","@id":"https:\/\/secure.gravatar.com\/avatar\/bab33852abfd8b282518d6ed81826833d77c3c882d9ab608add591ccace47a44?s=96&d=mm&r=g","url":"https:\/\/secure.gravatar.com\/avatar\/bab33852abfd8b282518d6ed81826833d77c3c882d9ab608add591ccace47a44?s=96&d=mm&r=g","contentUrl":"https:\/\/secure.gravatar.com\/avatar\/bab33852abfd8b282518d6ed81826833d77c3c882d9ab608add591ccace47a44?s=96&d=mm&r=g","caption":"Kuzeyin Sesi"},"sameAs":["https:\/\/kuzeyinsesi.org"],"url":"https:\/\/kuzeyinsesi.org\/index.php\/author\/guven\/"}]}},"_links":{"self":[{"href":"https:\/\/kuzeyinsesi.org\/index.php\/wp-json\/wp\/v2\/posts\/1299","targetHints":{"allow":["GET"]}}],"collection":[{"href":"https:\/\/kuzeyinsesi.org\/index.php\/wp-json\/wp\/v2\/posts"}],"about":[{"href":"https:\/\/kuzeyinsesi.org\/index.php\/wp-json\/wp\/v2\/types\/post"}],"author":[{"embeddable":true,"href":"https:\/\/kuzeyinsesi.org\/index.php\/wp-json\/wp\/v2\/users\/1"}],"replies":[{"embeddable":true,"href":"https:\/\/kuzeyinsesi.org\/index.php\/wp-json\/wp\/v2\/comments?post=1299"}],"version-history":[{"count":0,"href":"https:\/\/kuzeyinsesi.org\/index.php\/wp-json\/wp\/v2\/posts\/1299\/revisions"}],"wp:featuredmedia":[{"embeddable":true,"href":"https:\/\/kuzeyinsesi.org\/index.php\/wp-json\/wp\/v2\/media\/1300"}],"wp:attachment":[{"href":"https:\/\/kuzeyinsesi.org\/index.php\/wp-json\/wp\/v2\/media?parent=1299"}],"wp:term":[{"taxonomy":"category","embeddable":true,"href":"https:\/\/kuzeyinsesi.org\/index.php\/wp-json\/wp\/v2\/categories?post=1299"},{"taxonomy":"post_tag","embeddable":true,"href":"https:\/\/kuzeyinsesi.org\/index.php\/wp-json\/wp\/v2\/tags?post=1299"}],"curies":[{"name":"wp","href":"https:\/\/api.w.org\/{rel}","templated":true}]}}