{"id":12987,"date":"2024-11-06T15:09:50","date_gmt":"2024-11-06T13:09:50","guid":{"rendered":"https:\/\/kuzeyinsesi.org\/index.php\/2024\/11\/06\/ataturkun-sevdigi-sarkilar-konseri-yapilacak\/"},"modified":"2024-11-06T15:09:50","modified_gmt":"2024-11-06T13:09:50","slug":"ataturkun-sevdigi-sarkilar-konseri-yapilacak","status":"publish","type":"post","link":"https:\/\/kuzeyinsesi.org\/index.php\/2024\/11\/06\/ataturkun-sevdigi-sarkilar-konseri-yapilacak\/","title":{"rendered":"\u201cAtat\u00fcrk\u2019\u00fcn Sevdi\u011fi \u015eark\u0131lar Konseri\u201d yap\u0131lacak"},"content":{"rendered":"<div>\n<div class=\"mariselle-image-container center\">\n                                            <\/div>\n<p>K\u0131br\u0131s T\u00fcrk M\u00fczik Sanat Derne\u011fi, \u201cAtat\u00fcrk\u2019\u00fcn Sevdi\u011fi \u015eark\u0131lar Konseri\u201d verecek.<\/p>\n<p>Dernek\u2019ten yap\u0131lan a\u00e7\u0131klamaya g\u00f6re, konser, 12 Kas\u0131m\u2019da Girne Amerikan \u00dcniversitesi (GA\u00dc) Spectrum Salonu\u2019nda saat 20.00\u2019de yer alacak.<\/p>\n<p>Ulus Ye\u015filada\u2019n\u0131n \u015fefli\u011fini yapaca\u011f\u0131 konserin giri\u015f \u00fccreti 200 TL olacak ve geliri Lapta Yavuzlar Lisesi\u2019ne ba\u011f\u0131\u015flanacak.<\/p>\n<\/p><\/div>\n<p><script async\n                    defer\n                    crossorigin=\"anonymous\"\n                    src=\"https:\/\/connect.facebook.net\/tr_TR\/sdk.js#xfbml=1&#038;version=v3.3\"\n            ><\/script><\/p>\n","protected":false},"excerpt":{"rendered":"<p>K\u0131br\u0131s T\u00fcrk M\u00fczik Sanat Derne\u011fi, \u201cAtat\u00fcrk\u2019\u00fcn Sevdi\u011fi \u015eark\u0131lar Konseri\u201d verecek. Dernek\u2019ten yap\u0131lan a\u00e7\u0131klamaya g\u00f6re, konser, 12 Kas\u0131m\u2019da Girne Amerikan \u00dcniversitesi (GA\u00dc) Spectrum Salonu\u2019nda saat 20.00\u2019de yer alacak. Ulus Ye\u015filada\u2019n\u0131n \u015fefli\u011fini yapaca\u011f\u0131 konserin giri\u015f \u00fccreti 200 TL olacak ve geliri Lapta Yavuzlar Lisesi\u2019ne ba\u011f\u0131\u015flanacak.<\/p>\n","protected":false},"author":1,"featured_media":12988,"comment_status":"open","ping_status":"open","sticky":false,"template":"","format":"standard","meta":{"jnews-multi-image_gallery":[],"jnews_single_post":[],"jnews_primary_category":[],"jnews_social_meta":[],"jnews_override_counter":[],"footnotes":""},"categories":[6],"tags":[],"class_list":["post-12987","post","type-post","status-publish","format-standard","has-post-thumbnail","hentry","category-yasam"],"yoast_head":"<!-- This site is optimized with the Yoast SEO plugin v27.4 - https:\/\/yoast.com\/product\/yoast-seo-wordpress\/ -->\n<title>\u201cAtat\u00fcrk\u2019\u00fcn Sevdi\u011fi \u015eark\u0131lar Konseri\u201d yap\u0131lacak - Kuzeyin Sesi<\/title>\n<meta name=\"robots\" content=\"index, follow, max-snippet:-1, max-image-preview:large, max-video-preview:-1\" \/>\n<link rel=\"canonical\" href=\"https:\/\/kuzeyinsesi.org\/index.php\/2024\/11\/06\/ataturkun-sevdigi-sarkilar-konseri-yapilacak\/\" \/>\n<meta property=\"og:locale\" content=\"tr_TR\" \/>\n<meta property=\"og:type\" content=\"article\" \/>\n<meta property=\"og:title\" content=\"\u201cAtat\u00fcrk\u2019\u00fcn Sevdi\u011fi \u015eark\u0131lar Konseri\u201d yap\u0131lacak - Kuzeyin Sesi\" \/>\n<meta property=\"og:description\" content=\"K\u0131br\u0131s T\u00fcrk M\u00fczik Sanat Derne\u011fi, \u201cAtat\u00fcrk\u2019\u00fcn Sevdi\u011fi \u015eark\u0131lar Konseri\u201d verecek. Dernek\u2019ten yap\u0131lan a\u00e7\u0131klamaya g\u00f6re, konser, 12 Kas\u0131m\u2019da Girne Amerikan \u00dcniversitesi (GA\u00dc) Spectrum Salonu\u2019nda saat 20.00\u2019de yer alacak. Ulus Ye\u015filada\u2019n\u0131n \u015fefli\u011fini yapaca\u011f\u0131 konserin giri\u015f \u00fccreti 200 TL olacak ve geliri Lapta Yavuzlar Lisesi\u2019ne ba\u011f\u0131\u015flanacak.\" \/>\n<meta property=\"og:url\" content=\"https:\/\/kuzeyinsesi.org\/index.php\/2024\/11\/06\/ataturkun-sevdigi-sarkilar-konseri-yapilacak\/\" \/>\n<meta property=\"og:site_name\" content=\"Kuzeyin Sesi\" \/>\n<meta property=\"article:publisher\" content=\"https:\/\/www.facebook.com\/kuzeyinsesii\" \/>\n<meta property=\"article:published_time\" content=\"2024-11-06T13:09:50+00:00\" \/>\n<meta property=\"og:image\" content=\"https:\/\/brtk.net\/wp-content\/uploads\/2023\/11\/10\/mustafa-kemal-ataturk-9.jpg?ver=4e1d557326b4d38288802f7ab5c09f71\" \/>\n<meta name=\"author\" content=\"Kuzeyin Sesi\" \/>\n<meta name=\"twitter:card\" content=\"summary_large_image\" \/>\n<meta name=\"twitter:creator\" content=\"@kuzeyinsesii\" \/>\n<meta name=\"twitter:site\" content=\"@kuzeyinsesii\" \/>\n<meta name=\"twitter:label1\" content=\"Yazan:\" \/>\n\t<meta name=\"twitter:data1\" content=\"Kuzeyin Sesi\" \/>\n<script type=\"application\/ld+json\" class=\"yoast-schema-graph\">{\"@context\":\"https:\\\/\\\/schema.org\",\"@graph\":[{\"@type\":\"Article\",\"@id\":\"https:\\\/\\\/kuzeyinsesi.org\\\/index.php\\\/2024\\\/11\\\/06\\\/ataturkun-sevdigi-sarkilar-konseri-yapilacak\\\/#article\",\"isPartOf\":{\"@id\":\"https:\\\/\\\/kuzeyinsesi.org\\\/index.php\\\/2024\\\/11\\\/06\\\/ataturkun-sevdigi-sarkilar-konseri-yapilacak\\\/\"},\"author\":{\"name\":\"Kuzeyin Sesi\",\"@id\":\"https:\\\/\\\/kuzeyinsesi.org\\\/#\\\/schema\\\/person\\\/9f859689cdf01485597712386e37f5aa\"},\"headline\":\"\u201cAtat\u00fcrk\u2019\u00fcn Sevdi\u011fi \u015eark\u0131lar Konseri\u201d yap\u0131lacak\",\"datePublished\":\"2024-11-06T13:09:50+00:00\",\"mainEntityOfPage\":{\"@id\":\"https:\\\/\\\/kuzeyinsesi.org\\\/index.php\\\/2024\\\/11\\\/06\\\/ataturkun-sevdigi-sarkilar-konseri-yapilacak\\\/\"},\"wordCount\":73,\"commentCount\":0,\"image\":{\"@id\":\"https:\\\/\\\/kuzeyinsesi.org\\\/index.php\\\/2024\\\/11\\\/06\\\/ataturkun-sevdigi-sarkilar-konseri-yapilacak\\\/#primaryimage\"},\"thumbnailUrl\":\"https:\\\/\\\/kuzeyinsesi.org\\\/wp-content\\\/uploads\\\/2024\\\/11\\\/mustafa-kemal-ataturk-15.jpg\",\"articleSection\":[\"Ya\u015fam\"],\"inLanguage\":\"tr\",\"potentialAction\":[{\"@type\":\"CommentAction\",\"name\":\"Comment\",\"target\":[\"https:\\\/\\\/kuzeyinsesi.org\\\/index.php\\\/2024\\\/11\\\/06\\\/ataturkun-sevdigi-sarkilar-konseri-yapilacak\\\/#respond\"]}]},{\"@type\":\"WebPage\",\"@id\":\"https:\\\/\\\/kuzeyinsesi.org\\\/index.php\\\/2024\\\/11\\\/06\\\/ataturkun-sevdigi-sarkilar-konseri-yapilacak\\\/\",\"url\":\"https:\\\/\\\/kuzeyinsesi.org\\\/index.php\\\/2024\\\/11\\\/06\\\/ataturkun-sevdigi-sarkilar-konseri-yapilacak\\\/\",\"name\":\"\u201cAtat\u00fcrk\u2019\u00fcn Sevdi\u011fi \u015eark\u0131lar Konseri\u201d yap\u0131lacak - Kuzeyin Sesi\",\"isPartOf\":{\"@id\":\"https:\\\/\\\/kuzeyinsesi.org\\\/#website\"},\"primaryImageOfPage\":{\"@id\":\"https:\\\/\\\/kuzeyinsesi.org\\\/index.php\\\/2024\\\/11\\\/06\\\/ataturkun-sevdigi-sarkilar-konseri-yapilacak\\\/#primaryimage\"},\"image\":{\"@id\":\"https:\\\/\\\/kuzeyinsesi.org\\\/index.php\\\/2024\\\/11\\\/06\\\/ataturkun-sevdigi-sarkilar-konseri-yapilacak\\\/#primaryimage\"},\"thumbnailUrl\":\"https:\\\/\\\/kuzeyinsesi.org\\\/wp-content\\\/uploads\\\/2024\\\/11\\\/mustafa-kemal-ataturk-15.jpg\",\"datePublished\":\"2024-11-06T13:09:50+00:00\",\"author\":{\"@id\":\"https:\\\/\\\/kuzeyinsesi.org\\\/#\\\/schema\\\/person\\\/9f859689cdf01485597712386e37f5aa\"},\"breadcrumb\":{\"@id\":\"https:\\\/\\\/kuzeyinsesi.org\\\/index.php\\\/2024\\\/11\\\/06\\\/ataturkun-sevdigi-sarkilar-konseri-yapilacak\\\/#breadcrumb\"},\"inLanguage\":\"tr\",\"potentialAction\":[{\"@type\":\"ReadAction\",\"target\":[\"https:\\\/\\\/kuzeyinsesi.org\\\/index.php\\\/2024\\\/11\\\/06\\\/ataturkun-sevdigi-sarkilar-konseri-yapilacak\\\/\"]}]},{\"@type\":\"ImageObject\",\"inLanguage\":\"tr\",\"@id\":\"https:\\\/\\\/kuzeyinsesi.org\\\/index.php\\\/2024\\\/11\\\/06\\\/ataturkun-sevdigi-sarkilar-konseri-yapilacak\\\/#primaryimage\",\"url\":\"https:\\\/\\\/kuzeyinsesi.org\\\/wp-content\\\/uploads\\\/2024\\\/11\\\/mustafa-kemal-ataturk-15.jpg\",\"contentUrl\":\"https:\\\/\\\/kuzeyinsesi.org\\\/wp-content\\\/uploads\\\/2024\\\/11\\\/mustafa-kemal-ataturk-15.jpg\",\"width\":1280,\"height\":720},{\"@type\":\"BreadcrumbList\",\"@id\":\"https:\\\/\\\/kuzeyinsesi.org\\\/index.php\\\/2024\\\/11\\\/06\\\/ataturkun-sevdigi-sarkilar-konseri-yapilacak\\\/#breadcrumb\",\"itemListElement\":[{\"@type\":\"ListItem\",\"position\":1,\"name\":\"Anasayfa\",\"item\":\"https:\\\/\\\/kuzeyinsesi.org\\\/\"},{\"@type\":\"ListItem\",\"position\":2,\"name\":\"\u201cAtat\u00fcrk\u2019\u00fcn Sevdi\u011fi \u015eark\u0131lar Konseri\u201d yap\u0131lacak\"}]},{\"@type\":\"WebSite\",\"@id\":\"https:\\\/\\\/kuzeyinsesi.org\\\/#website\",\"url\":\"https:\\\/\\\/kuzeyinsesi.org\\\/\",\"name\":\"Kuzeyin Sesi\",\"description\":\"Do\u011fru Haberin Adresi\",\"potentialAction\":[{\"@type\":\"SearchAction\",\"target\":{\"@type\":\"EntryPoint\",\"urlTemplate\":\"https:\\\/\\\/kuzeyinsesi.org\\\/?s={search_term_string}\"},\"query-input\":{\"@type\":\"PropertyValueSpecification\",\"valueRequired\":true,\"valueName\":\"search_term_string\"}}],\"inLanguage\":\"tr\"},{\"@type\":\"Person\",\"@id\":\"https:\\\/\\\/kuzeyinsesi.org\\\/#\\\/schema\\\/person\\\/9f859689cdf01485597712386e37f5aa\",\"name\":\"Kuzeyin Sesi\",\"image\":{\"@type\":\"ImageObject\",\"inLanguage\":\"tr\",\"@id\":\"https:\\\/\\\/secure.gravatar.com\\\/avatar\\\/bab33852abfd8b282518d6ed81826833d77c3c882d9ab608add591ccace47a44?s=96&d=mm&r=g\",\"url\":\"https:\\\/\\\/secure.gravatar.com\\\/avatar\\\/bab33852abfd8b282518d6ed81826833d77c3c882d9ab608add591ccace47a44?s=96&d=mm&r=g\",\"contentUrl\":\"https:\\\/\\\/secure.gravatar.com\\\/avatar\\\/bab33852abfd8b282518d6ed81826833d77c3c882d9ab608add591ccace47a44?s=96&d=mm&r=g\",\"caption\":\"Kuzeyin Sesi\"},\"sameAs\":[\"https:\\\/\\\/kuzeyinsesi.org\"],\"url\":\"https:\\\/\\\/kuzeyinsesi.org\\\/index.php\\\/author\\\/guven\\\/\"}]}<\/script>\n<!-- \/ Yoast SEO plugin. -->","yoast_head_json":{"title":"\u201cAtat\u00fcrk\u2019\u00fcn Sevdi\u011fi \u015eark\u0131lar Konseri\u201d yap\u0131lacak - Kuzeyin Sesi","robots":{"index":"index","follow":"follow","max-snippet":"max-snippet:-1","max-image-preview":"max-image-preview:large","max-video-preview":"max-video-preview:-1"},"canonical":"https:\/\/kuzeyinsesi.org\/index.php\/2024\/11\/06\/ataturkun-sevdigi-sarkilar-konseri-yapilacak\/","og_locale":"tr_TR","og_type":"article","og_title":"\u201cAtat\u00fcrk\u2019\u00fcn Sevdi\u011fi \u015eark\u0131lar Konseri\u201d yap\u0131lacak - Kuzeyin Sesi","og_description":"K\u0131br\u0131s T\u00fcrk M\u00fczik Sanat Derne\u011fi, \u201cAtat\u00fcrk\u2019\u00fcn Sevdi\u011fi \u015eark\u0131lar Konseri\u201d verecek. Dernek\u2019ten yap\u0131lan a\u00e7\u0131klamaya g\u00f6re, konser, 12 Kas\u0131m\u2019da Girne Amerikan \u00dcniversitesi (GA\u00dc) Spectrum Salonu\u2019nda saat 20.00\u2019de yer alacak. Ulus Ye\u015filada\u2019n\u0131n \u015fefli\u011fini yapaca\u011f\u0131 konserin giri\u015f \u00fccreti 200 TL olacak ve geliri Lapta Yavuzlar Lisesi\u2019ne ba\u011f\u0131\u015flanacak.","og_url":"https:\/\/kuzeyinsesi.org\/index.php\/2024\/11\/06\/ataturkun-sevdigi-sarkilar-konseri-yapilacak\/","og_site_name":"Kuzeyin Sesi","article_publisher":"https:\/\/www.facebook.com\/kuzeyinsesii","article_published_time":"2024-11-06T13:09:50+00:00","og_image":[{"url":"https:\/\/brtk.net\/wp-content\/uploads\/2023\/11\/10\/mustafa-kemal-ataturk-9.jpg?ver=4e1d557326b4d38288802f7ab5c09f71","type":"","width":"","height":""}],"author":"Kuzeyin Sesi","twitter_card":"summary_large_image","twitter_creator":"@kuzeyinsesii","twitter_site":"@kuzeyinsesii","twitter_misc":{"Yazan:":"Kuzeyin Sesi"},"schema":{"@context":"https:\/\/schema.org","@graph":[{"@type":"Article","@id":"https:\/\/kuzeyinsesi.org\/index.php\/2024\/11\/06\/ataturkun-sevdigi-sarkilar-konseri-yapilacak\/#article","isPartOf":{"@id":"https:\/\/kuzeyinsesi.org\/index.php\/2024\/11\/06\/ataturkun-sevdigi-sarkilar-konseri-yapilacak\/"},"author":{"name":"Kuzeyin Sesi","@id":"https:\/\/kuzeyinsesi.org\/#\/schema\/person\/9f859689cdf01485597712386e37f5aa"},"headline":"\u201cAtat\u00fcrk\u2019\u00fcn Sevdi\u011fi \u015eark\u0131lar Konseri\u201d yap\u0131lacak","datePublished":"2024-11-06T13:09:50+00:00","mainEntityOfPage":{"@id":"https:\/\/kuzeyinsesi.org\/index.php\/2024\/11\/06\/ataturkun-sevdigi-sarkilar-konseri-yapilacak\/"},"wordCount":73,"commentCount":0,"image":{"@id":"https:\/\/kuzeyinsesi.org\/index.php\/2024\/11\/06\/ataturkun-sevdigi-sarkilar-konseri-yapilacak\/#primaryimage"},"thumbnailUrl":"https:\/\/kuzeyinsesi.org\/wp-content\/uploads\/2024\/11\/mustafa-kemal-ataturk-15.jpg","articleSection":["Ya\u015fam"],"inLanguage":"tr","potentialAction":[{"@type":"CommentAction","name":"Comment","target":["https:\/\/kuzeyinsesi.org\/index.php\/2024\/11\/06\/ataturkun-sevdigi-sarkilar-konseri-yapilacak\/#respond"]}]},{"@type":"WebPage","@id":"https:\/\/kuzeyinsesi.org\/index.php\/2024\/11\/06\/ataturkun-sevdigi-sarkilar-konseri-yapilacak\/","url":"https:\/\/kuzeyinsesi.org\/index.php\/2024\/11\/06\/ataturkun-sevdigi-sarkilar-konseri-yapilacak\/","name":"\u201cAtat\u00fcrk\u2019\u00fcn Sevdi\u011fi \u015eark\u0131lar Konseri\u201d yap\u0131lacak - Kuzeyin Sesi","isPartOf":{"@id":"https:\/\/kuzeyinsesi.org\/#website"},"primaryImageOfPage":{"@id":"https:\/\/kuzeyinsesi.org\/index.php\/2024\/11\/06\/ataturkun-sevdigi-sarkilar-konseri-yapilacak\/#primaryimage"},"image":{"@id":"https:\/\/kuzeyinsesi.org\/index.php\/2024\/11\/06\/ataturkun-sevdigi-sarkilar-konseri-yapilacak\/#primaryimage"},"thumbnailUrl":"https:\/\/kuzeyinsesi.org\/wp-content\/uploads\/2024\/11\/mustafa-kemal-ataturk-15.jpg","datePublished":"2024-11-06T13:09:50+00:00","author":{"@id":"https:\/\/kuzeyinsesi.org\/#\/schema\/person\/9f859689cdf01485597712386e37f5aa"},"breadcrumb":{"@id":"https:\/\/kuzeyinsesi.org\/index.php\/2024\/11\/06\/ataturkun-sevdigi-sarkilar-konseri-yapilacak\/#breadcrumb"},"inLanguage":"tr","potentialAction":[{"@type":"ReadAction","target":["https:\/\/kuzeyinsesi.org\/index.php\/2024\/11\/06\/ataturkun-sevdigi-sarkilar-konseri-yapilacak\/"]}]},{"@type":"ImageObject","inLanguage":"tr","@id":"https:\/\/kuzeyinsesi.org\/index.php\/2024\/11\/06\/ataturkun-sevdigi-sarkilar-konseri-yapilacak\/#primaryimage","url":"https:\/\/kuzeyinsesi.org\/wp-content\/uploads\/2024\/11\/mustafa-kemal-ataturk-15.jpg","contentUrl":"https:\/\/kuzeyinsesi.org\/wp-content\/uploads\/2024\/11\/mustafa-kemal-ataturk-15.jpg","width":1280,"height":720},{"@type":"BreadcrumbList","@id":"https:\/\/kuzeyinsesi.org\/index.php\/2024\/11\/06\/ataturkun-sevdigi-sarkilar-konseri-yapilacak\/#breadcrumb","itemListElement":[{"@type":"ListItem","position":1,"name":"Anasayfa","item":"https:\/\/kuzeyinsesi.org\/"},{"@type":"ListItem","position":2,"name":"\u201cAtat\u00fcrk\u2019\u00fcn Sevdi\u011fi \u015eark\u0131lar Konseri\u201d yap\u0131lacak"}]},{"@type":"WebSite","@id":"https:\/\/kuzeyinsesi.org\/#website","url":"https:\/\/kuzeyinsesi.org\/","name":"Kuzeyin Sesi","description":"Do\u011fru Haberin Adresi","potentialAction":[{"@type":"SearchAction","target":{"@type":"EntryPoint","urlTemplate":"https:\/\/kuzeyinsesi.org\/?s={search_term_string}"},"query-input":{"@type":"PropertyValueSpecification","valueRequired":true,"valueName":"search_term_string"}}],"inLanguage":"tr"},{"@type":"Person","@id":"https:\/\/kuzeyinsesi.org\/#\/schema\/person\/9f859689cdf01485597712386e37f5aa","name":"Kuzeyin Sesi","image":{"@type":"ImageObject","inLanguage":"tr","@id":"https:\/\/secure.gravatar.com\/avatar\/bab33852abfd8b282518d6ed81826833d77c3c882d9ab608add591ccace47a44?s=96&d=mm&r=g","url":"https:\/\/secure.gravatar.com\/avatar\/bab33852abfd8b282518d6ed81826833d77c3c882d9ab608add591ccace47a44?s=96&d=mm&r=g","contentUrl":"https:\/\/secure.gravatar.com\/avatar\/bab33852abfd8b282518d6ed81826833d77c3c882d9ab608add591ccace47a44?s=96&d=mm&r=g","caption":"Kuzeyin Sesi"},"sameAs":["https:\/\/kuzeyinsesi.org"],"url":"https:\/\/kuzeyinsesi.org\/index.php\/author\/guven\/"}]}},"_links":{"self":[{"href":"https:\/\/kuzeyinsesi.org\/index.php\/wp-json\/wp\/v2\/posts\/12987","targetHints":{"allow":["GET"]}}],"collection":[{"href":"https:\/\/kuzeyinsesi.org\/index.php\/wp-json\/wp\/v2\/posts"}],"about":[{"href":"https:\/\/kuzeyinsesi.org\/index.php\/wp-json\/wp\/v2\/types\/post"}],"author":[{"embeddable":true,"href":"https:\/\/kuzeyinsesi.org\/index.php\/wp-json\/wp\/v2\/users\/1"}],"replies":[{"embeddable":true,"href":"https:\/\/kuzeyinsesi.org\/index.php\/wp-json\/wp\/v2\/comments?post=12987"}],"version-history":[{"count":0,"href":"https:\/\/kuzeyinsesi.org\/index.php\/wp-json\/wp\/v2\/posts\/12987\/revisions"}],"wp:featuredmedia":[{"embeddable":true,"href":"https:\/\/kuzeyinsesi.org\/index.php\/wp-json\/wp\/v2\/media\/12988"}],"wp:attachment":[{"href":"https:\/\/kuzeyinsesi.org\/index.php\/wp-json\/wp\/v2\/media?parent=12987"}],"wp:term":[{"taxonomy":"category","embeddable":true,"href":"https:\/\/kuzeyinsesi.org\/index.php\/wp-json\/wp\/v2\/categories?post=12987"},{"taxonomy":"post_tag","embeddable":true,"href":"https:\/\/kuzeyinsesi.org\/index.php\/wp-json\/wp\/v2\/tags?post=12987"}],"curies":[{"name":"wp","href":"https:\/\/api.w.org\/{rel}","templated":true}]}}