{"id":12979,"date":"2024-11-06T13:41:55","date_gmt":"2024-11-06T11:41:55","guid":{"rendered":"https:\/\/kuzeyinsesi.org\/index.php\/2024\/11\/06\/turkiye-disisleri-bakani-fidan-8-kasimda-yunanistani-ziyaret-edecek\/"},"modified":"2024-11-06T13:41:55","modified_gmt":"2024-11-06T11:41:55","slug":"turkiye-disisleri-bakani-fidan-8-kasimda-yunanistani-ziyaret-edecek","status":"publish","type":"post","link":"https:\/\/kuzeyinsesi.org\/index.php\/2024\/11\/06\/turkiye-disisleri-bakani-fidan-8-kasimda-yunanistani-ziyaret-edecek\/","title":{"rendered":"T\u00fcrkiye D\u0131\u015fi\u015fleri Bakan\u0131 Fidan, 8 Kas\u0131m\u2019da Yunanistan\u2019\u0131 ziyaret edecek"},"content":{"rendered":"<div>\n<div class=\"mariselle-image-container center\">\n                                            <\/div>\n<p>T\u00fcrkiye D\u0131\u015fi\u015fleri Bakan\u0131 Hakan Fidan, Yunanistan D\u0131\u015fi\u015fleri Bakan\u0131 Yorgos Yerapetritis\u2019in davetine icabetle 8 Kas\u0131m\u2019da bu \u00fclkeye \u00e7al\u0131\u015fma ziyareti ger\u00e7ekle\u015ftirecek.<\/p>\n<p>Diplomatik kaynaklardan edinilen bilgiye g\u00f6re Bakan Fidan, Yunan mevkida\u015f\u0131 Yerapetritis\u2019in davetine icabetle 8 Kas\u0131m\u2019da Yunanistan\u2019a gidecek.<\/p>\n<p>Bakan Fidan\u2019\u0131n ziyareti s\u0131ras\u0131nda Yunan mevkida\u015f\u0131 ile yapaca\u011f\u0131 g\u00f6r\u00fc\u015fmelerde, ikili ili\u015fkilerin \u00e7e\u015fitli y\u00f6nleri ele al\u0131nacak, gelecek y\u0131l\u0131n ba\u015flar\u0131nda Ankara\u2019da yap\u0131lmas\u0131 \u00f6ng\u00f6r\u00fclen Y\u00fcksek D\u00fczeyli \u0130\u015fbirli\u011fi Konseyi (YD\u0130K) 6. toplant\u0131s\u0131n\u0131n haz\u0131rl\u0131klar\u0131 g\u00f6zden ge\u00e7irilecek.<\/p>\n<p>G\u00f6r\u00fc\u015fmeler neticesinde, taraflar aras\u0131nda yap\u0131lan Siyasi Diyalog ve Pozitif G\u00fcndem Ortak Eylem Plan\u0131 toplant\u0131lar\u0131n\u0131n tarihleri de belirlenecek.<\/p>\n<p>\u2013 T\u00fcrkiye ve Yunanistan ikili ili\u015fkileri<\/p>\n<p>T\u00fcrkiye ile Yunanistan aras\u0131ndaki i\u015fbirli\u011finin geli\u015ftirilmesi ve meselelerin diyalog yoluyla ele al\u0131nmas\u0131 amac\u0131yla YD\u0130K, \u201cSiyasi Diyalog\u201d, \u201cPozitif G\u00fcndem Ortak Eylem Plan\u0131\u201d ve \u201cG\u00fcven Art\u0131r\u0131c\u0131 \u00d6nlemler\u201d gibi \u00e7e\u015fitli mekanizmalar bulunurken, bu \u00e7er\u00e7evede temaslar devam ediyor. \u0130ki \u00fclke aras\u0131nda son iki y\u0131lda ili\u015fkilerde olumlu y\u00f6nde ivme ya\u015fan\u0131yor.<\/p>\n<p>YD\u0130K 5. toplant\u0131s\u0131, Cumhurba\u015fkan\u0131 Recep Tayyip Erdo\u011fan ve Yunanistan Ba\u015fbakan\u0131 Kiryakos Mi\u00e7otakis\u2019in e\u015f ba\u015fkanl\u0131klar\u0131nda 7 Aral\u0131k 2023\u2019te Atina\u2019da d\u00fczenlenmi\u015fti.<\/p>\n<p>Toplant\u0131da, Dostane \u0130li\u015fkiler ve \u0130yi Kom\u015fuluk Hakk\u0131nda Atina Bildirgesi\u2019nin yan\u0131 s\u0131ra, \u00e7e\u015fitli alanlarda toplam 15 anla\u015fma, protokol, mutabakat zapt\u0131, niyet beyan\u0131 ve ortak a\u00e7\u0131klama imzalanm\u0131\u015ft\u0131.<\/p>\n<p>K\u0131sa bir s\u00fcre sonra ise Yunanistan Ba\u015fbakan\u0131 Mi\u00e7otakis, Cumhurba\u015fkan\u0131 Erdo\u011fan\u2019\u0131n davetine icabetle, 13 May\u0131s\u2019ta Ankara\u2019ya \u00e7al\u0131\u015fma ziyareti ger\u00e7ekle\u015ftirmi\u015fti.<\/p>\n<p>\u00d6te yandan D\u0131\u015fi\u015fleri Bakan\u0131 Fidan\u2019\u0131n Yunan mevkida\u015f\u0131 Yerapetritis ile yak\u0131n bir \u00e7al\u0131\u015fma ili\u015fkisi mevcut.<\/p>\n<p>Yunanistan D\u0131\u015fi\u015fleri Bakan\u0131 Yerapetritis, 5 Eyl\u00fcl 2023\u2019te Ankara\u2019ya \u00e7al\u0131\u015fma ziyareti ger\u00e7ekle\u015ftirmi\u015f, iki bakan \u00e7e\u015fitli uluslararas\u0131 toplant\u0131larda da bir\u00e7ok kez bir araya gelmi\u015fti.<\/p>\n<p>\u2013 T\u00fcrkiye-Yunanistan ticaret hacmi rekor k\u0131rm\u0131\u015ft\u0131<\/p>\n<p>T\u00fcrkiye-Yunanistan aras\u0131ndaki ticaret hacminde 2023\u2019te 5,8 milyar dolar ile yeni bir rekor k\u0131r\u0131l\u0131rken, bu y\u0131l\u0131n sonunda bu rakam\u0131n 6 milyar dolara \u00e7\u0131kmas\u0131 bekleniyor.<\/p>\n<p>\u0130ki \u00fclke liderleri taraf\u0131ndan belirlenen, ticaret hacminin 10 milyar dolara \u00e7\u0131kar\u0131lmas\u0131 hedefi do\u011frultusunda \u00e7al\u0131\u015fmalar s\u00fcrd\u00fcr\u00fcl\u00fcyor.<\/p>\n<p>Ula\u015ft\u0131rma ve turizm alanlar\u0131nda da ili\u015fkiler geli\u015firken, ilgili bakanlar\u0131n kas\u0131m ve aral\u0131k aylar\u0131nda \u0130stanbul ve Atina\u2019da denizcilik ve turizm konulu toplant\u0131lar vesilesiyle bir araya gelmeleri \u00f6ng\u00f6r\u00fcl\u00fcyor.<\/p>\n<p>Ula\u015ft\u0131rma bak\u0131m\u0131ndan ayr\u0131ca, \u0130psala-Kipi s\u0131n\u0131r kap\u0131s\u0131nda ikinci k\u00f6pr\u00fc in\u015fas\u0131na gelecek d\u00f6nemde ba\u015flanmas\u0131 bekleniyor.<\/p>\n<p>Turizm ba\u011flam\u0131nda ise T\u00fcrkiye\u2019ye yak\u0131n Yunan adalar\u0131na bu y\u0131l ba\u015flat\u0131lan kap\u0131da vize uygulamas\u0131, kazan-kazan yakla\u015f\u0131m\u0131n\u0131n g\u00fczel bir \u00f6rne\u011fini olu\u015fturuyor.<\/p>\n<p>T\u00fcrkiye, iki \u00fclke aras\u0131nda \u00f6nemli g\u00fcndem maddelerinden birini olu\u015fturan Ege sorunlar\u0131n\u0131n birbiriyle ba\u011flant\u0131l\u0131 oldu\u011fu ve bir b\u00fct\u00fcn halinde ele al\u0131nmas\u0131 gerekti\u011fi y\u00f6n\u00fcndeki tutumunu ve bu do\u011frultuda g\u00f6r\u00fc\u015fmelere haz\u0131r oldu\u011funu Yunan taraf\u0131na her f\u0131rsatta hat\u0131rlat\u0131yor.<\/p>\n<p>Bu ba\u011flamda T\u00fcrkiye, Atina Bildirgesi\u2019nin de lafz\u0131 ve ruhuna uygun \u015fekilde, s\u00f6ylemde ve sahada provokasyonlardan uzak durulmas\u0131na y\u00f6nelik beklentisini Yunan taraf\u0131na iletmeyi s\u00fcrd\u00fcr\u00fcyor.<\/p>\n<p>T\u00fcrkiye-Yunanistan ili\u015fkilerindeki mevcut olumlu ivmenin Bat\u0131 Trakya T\u00fcrk Az\u0131nl\u0131\u011f\u0131\u2019n\u0131n (BTTA) ve Selanik, Rodos ve \u0130stank\u00f6y\u2019deki T\u00fcrk soyda\u015flar\u0131n\u0131n durumuna da yans\u0131mas\u0131 ile T\u00fcrk az\u0131nl\u0131\u011fa ve soyda\u015flara y\u00f6nelik hak ihlallerinin sona ermesi y\u00f6n\u00fcndeki T\u00fcrk taraf\u0131n\u0131n beklentisi de Yunan taraf\u0131na iletilmeye devam ediliyor.<\/p>\n<\/p><\/div>\n<p><script async\n                    defer\n                    crossorigin=\"anonymous\"\n                    src=\"https:\/\/connect.facebook.net\/tr_TR\/sdk.js#xfbml=1&#038;version=v3.3\"\n            ><\/script><\/p>\n","protected":false},"excerpt":{"rendered":"<p>T\u00fcrkiye D\u0131\u015fi\u015fleri Bakan\u0131 Hakan Fidan, Yunanistan D\u0131\u015fi\u015fleri Bakan\u0131 Yorgos Yerapetritis\u2019in davetine icabetle 8 Kas\u0131m\u2019da bu \u00fclkeye \u00e7al\u0131\u015fma ziyareti ger\u00e7ekle\u015ftirecek. Diplomatik kaynaklardan edinilen bilgiye g\u00f6re Bakan Fidan, Yunan mevkida\u015f\u0131 Yerapetritis\u2019in davetine icabetle 8 Kas\u0131m\u2019da Yunanistan\u2019a gidecek. Bakan Fidan\u2019\u0131n ziyareti s\u0131ras\u0131nda Yunan mevkida\u015f\u0131 ile yapaca\u011f\u0131 g\u00f6r\u00fc\u015fmelerde, ikili ili\u015fkilerin \u00e7e\u015fitli y\u00f6nleri ele al\u0131nacak, gelecek y\u0131l\u0131n ba\u015flar\u0131nda Ankara\u2019da yap\u0131lmas\u0131 [&hellip;]<\/p>\n","protected":false},"author":1,"featured_media":12980,"comment_status":"open","ping_status":"open","sticky":false,"template":"","format":"standard","meta":{"jnews-multi-image_gallery":[],"jnews_single_post":[],"jnews_primary_category":[],"jnews_social_meta":[],"jnews_override_counter":[],"footnotes":""},"categories":[5],"tags":[],"class_list":["post-12979","post","type-post","status-publish","format-standard","has-post-thumbnail","hentry","category-turkiye"],"yoast_head":"<!-- This site is optimized with the Yoast SEO plugin v27.4 - https:\/\/yoast.com\/product\/yoast-seo-wordpress\/ -->\n<title>T\u00fcrkiye D\u0131\u015fi\u015fleri Bakan\u0131 Fidan, 8 Kas\u0131m\u2019da Yunanistan\u2019\u0131 ziyaret edecek - Kuzeyin Sesi<\/title>\n<meta name=\"robots\" content=\"index, follow, max-snippet:-1, max-image-preview:large, max-video-preview:-1\" \/>\n<link rel=\"canonical\" href=\"https:\/\/kuzeyinsesi.org\/index.php\/2024\/11\/06\/turkiye-disisleri-bakani-fidan-8-kasimda-yunanistani-ziyaret-edecek\/\" \/>\n<meta property=\"og:locale\" content=\"tr_TR\" \/>\n<meta property=\"og:type\" content=\"article\" \/>\n<meta property=\"og:title\" content=\"T\u00fcrkiye D\u0131\u015fi\u015fleri Bakan\u0131 Fidan, 8 Kas\u0131m\u2019da Yunanistan\u2019\u0131 ziyaret edecek - Kuzeyin Sesi\" \/>\n<meta property=\"og:description\" content=\"T\u00fcrkiye D\u0131\u015fi\u015fleri Bakan\u0131 Hakan Fidan, Yunanistan D\u0131\u015fi\u015fleri Bakan\u0131 Yorgos Yerapetritis\u2019in davetine icabetle 8 Kas\u0131m\u2019da bu \u00fclkeye \u00e7al\u0131\u015fma ziyareti ger\u00e7ekle\u015ftirecek. Diplomatik kaynaklardan edinilen bilgiye g\u00f6re Bakan Fidan, Yunan mevkida\u015f\u0131 Yerapetritis\u2019in davetine icabetle 8 Kas\u0131m\u2019da Yunanistan\u2019a gidecek. Bakan Fidan\u2019\u0131n ziyareti s\u0131ras\u0131nda Yunan mevkida\u015f\u0131 ile yapaca\u011f\u0131 g\u00f6r\u00fc\u015fmelerde, ikili ili\u015fkilerin \u00e7e\u015fitli y\u00f6nleri ele al\u0131nacak, gelecek y\u0131l\u0131n ba\u015flar\u0131nda Ankara\u2019da yap\u0131lmas\u0131 [&hellip;]\" \/>\n<meta property=\"og:url\" content=\"https:\/\/kuzeyinsesi.org\/index.php\/2024\/11\/06\/turkiye-disisleri-bakani-fidan-8-kasimda-yunanistani-ziyaret-edecek\/\" \/>\n<meta property=\"og:site_name\" content=\"Kuzeyin Sesi\" \/>\n<meta property=\"article:publisher\" content=\"https:\/\/www.facebook.com\/kuzeyinsesii\" \/>\n<meta property=\"article:published_time\" content=\"2024-11-06T11:41:55+00:00\" \/>\n<meta property=\"og:image\" content=\"https:\/\/brtk.net\/wp-content\/uploads\/2024\/08\/30\/fidan.jpg?ver=27ac70282ba5cf4d99ae933e5a02acde\" \/>\n<meta name=\"author\" content=\"Kuzeyin Sesi\" \/>\n<meta name=\"twitter:card\" content=\"summary_large_image\" \/>\n<meta name=\"twitter:creator\" content=\"@kuzeyinsesii\" \/>\n<meta name=\"twitter:site\" content=\"@kuzeyinsesii\" \/>\n<meta name=\"twitter:label1\" content=\"Yazan:\" \/>\n\t<meta name=\"twitter:data1\" content=\"Kuzeyin Sesi\" \/>\n\t<meta name=\"twitter:label2\" content=\"Tahmini okuma s\u00fcresi\" \/>\n\t<meta name=\"twitter:data2\" content=\"3 dakika\" \/>\n<script type=\"application\/ld+json\" class=\"yoast-schema-graph\">{\"@context\":\"https:\\\/\\\/schema.org\",\"@graph\":[{\"@type\":\"Article\",\"@id\":\"https:\\\/\\\/kuzeyinsesi.org\\\/index.php\\\/2024\\\/11\\\/06\\\/turkiye-disisleri-bakani-fidan-8-kasimda-yunanistani-ziyaret-edecek\\\/#article\",\"isPartOf\":{\"@id\":\"https:\\\/\\\/kuzeyinsesi.org\\\/index.php\\\/2024\\\/11\\\/06\\\/turkiye-disisleri-bakani-fidan-8-kasimda-yunanistani-ziyaret-edecek\\\/\"},\"author\":{\"name\":\"Kuzeyin Sesi\",\"@id\":\"https:\\\/\\\/kuzeyinsesi.org\\\/#\\\/schema\\\/person\\\/9f859689cdf01485597712386e37f5aa\"},\"headline\":\"T\u00fcrkiye D\u0131\u015fi\u015fleri Bakan\u0131 Fidan, 8 Kas\u0131m\u2019da Yunanistan\u2019\u0131 ziyaret edecek\",\"datePublished\":\"2024-11-06T11:41:55+00:00\",\"mainEntityOfPage\":{\"@id\":\"https:\\\/\\\/kuzeyinsesi.org\\\/index.php\\\/2024\\\/11\\\/06\\\/turkiye-disisleri-bakani-fidan-8-kasimda-yunanistani-ziyaret-edecek\\\/\"},\"wordCount\":681,\"commentCount\":0,\"image\":{\"@id\":\"https:\\\/\\\/kuzeyinsesi.org\\\/index.php\\\/2024\\\/11\\\/06\\\/turkiye-disisleri-bakani-fidan-8-kasimda-yunanistani-ziyaret-edecek\\\/#primaryimage\"},\"thumbnailUrl\":\"https:\\\/\\\/kuzeyinsesi.org\\\/wp-content\\\/uploads\\\/2024\\\/11\\\/hakan-fidan-aa-2108073.jpg\",\"articleSection\":[\"T\u00fcrkiye\"],\"inLanguage\":\"tr\",\"potentialAction\":[{\"@type\":\"CommentAction\",\"name\":\"Comment\",\"target\":[\"https:\\\/\\\/kuzeyinsesi.org\\\/index.php\\\/2024\\\/11\\\/06\\\/turkiye-disisleri-bakani-fidan-8-kasimda-yunanistani-ziyaret-edecek\\\/#respond\"]}]},{\"@type\":\"WebPage\",\"@id\":\"https:\\\/\\\/kuzeyinsesi.org\\\/index.php\\\/2024\\\/11\\\/06\\\/turkiye-disisleri-bakani-fidan-8-kasimda-yunanistani-ziyaret-edecek\\\/\",\"url\":\"https:\\\/\\\/kuzeyinsesi.org\\\/index.php\\\/2024\\\/11\\\/06\\\/turkiye-disisleri-bakani-fidan-8-kasimda-yunanistani-ziyaret-edecek\\\/\",\"name\":\"T\u00fcrkiye D\u0131\u015fi\u015fleri Bakan\u0131 Fidan, 8 Kas\u0131m\u2019da Yunanistan\u2019\u0131 ziyaret edecek - Kuzeyin Sesi\",\"isPartOf\":{\"@id\":\"https:\\\/\\\/kuzeyinsesi.org\\\/#website\"},\"primaryImageOfPage\":{\"@id\":\"https:\\\/\\\/kuzeyinsesi.org\\\/index.php\\\/2024\\\/11\\\/06\\\/turkiye-disisleri-bakani-fidan-8-kasimda-yunanistani-ziyaret-edecek\\\/#primaryimage\"},\"image\":{\"@id\":\"https:\\\/\\\/kuzeyinsesi.org\\\/index.php\\\/2024\\\/11\\\/06\\\/turkiye-disisleri-bakani-fidan-8-kasimda-yunanistani-ziyaret-edecek\\\/#primaryimage\"},\"thumbnailUrl\":\"https:\\\/\\\/kuzeyinsesi.org\\\/wp-content\\\/uploads\\\/2024\\\/11\\\/hakan-fidan-aa-2108073.jpg\",\"datePublished\":\"2024-11-06T11:41:55+00:00\",\"author\":{\"@id\":\"https:\\\/\\\/kuzeyinsesi.org\\\/#\\\/schema\\\/person\\\/9f859689cdf01485597712386e37f5aa\"},\"breadcrumb\":{\"@id\":\"https:\\\/\\\/kuzeyinsesi.org\\\/index.php\\\/2024\\\/11\\\/06\\\/turkiye-disisleri-bakani-fidan-8-kasimda-yunanistani-ziyaret-edecek\\\/#breadcrumb\"},\"inLanguage\":\"tr\",\"potentialAction\":[{\"@type\":\"ReadAction\",\"target\":[\"https:\\\/\\\/kuzeyinsesi.org\\\/index.php\\\/2024\\\/11\\\/06\\\/turkiye-disisleri-bakani-fidan-8-kasimda-yunanistani-ziyaret-edecek\\\/\"]}]},{\"@type\":\"ImageObject\",\"inLanguage\":\"tr\",\"@id\":\"https:\\\/\\\/kuzeyinsesi.org\\\/index.php\\\/2024\\\/11\\\/06\\\/turkiye-disisleri-bakani-fidan-8-kasimda-yunanistani-ziyaret-edecek\\\/#primaryimage\",\"url\":\"https:\\\/\\\/kuzeyinsesi.org\\\/wp-content\\\/uploads\\\/2024\\\/11\\\/hakan-fidan-aa-2108073.jpg\",\"contentUrl\":\"https:\\\/\\\/kuzeyinsesi.org\\\/wp-content\\\/uploads\\\/2024\\\/11\\\/hakan-fidan-aa-2108073.jpg\",\"width\":1280,\"height\":720},{\"@type\":\"BreadcrumbList\",\"@id\":\"https:\\\/\\\/kuzeyinsesi.org\\\/index.php\\\/2024\\\/11\\\/06\\\/turkiye-disisleri-bakani-fidan-8-kasimda-yunanistani-ziyaret-edecek\\\/#breadcrumb\",\"itemListElement\":[{\"@type\":\"ListItem\",\"position\":1,\"name\":\"Anasayfa\",\"item\":\"https:\\\/\\\/kuzeyinsesi.org\\\/\"},{\"@type\":\"ListItem\",\"position\":2,\"name\":\"T\u00fcrkiye D\u0131\u015fi\u015fleri Bakan\u0131 Fidan, 8 Kas\u0131m\u2019da Yunanistan\u2019\u0131 ziyaret edecek\"}]},{\"@type\":\"WebSite\",\"@id\":\"https:\\\/\\\/kuzeyinsesi.org\\\/#website\",\"url\":\"https:\\\/\\\/kuzeyinsesi.org\\\/\",\"name\":\"Kuzeyin Sesi\",\"description\":\"Do\u011fru Haberin Adresi\",\"potentialAction\":[{\"@type\":\"SearchAction\",\"target\":{\"@type\":\"EntryPoint\",\"urlTemplate\":\"https:\\\/\\\/kuzeyinsesi.org\\\/?s={search_term_string}\"},\"query-input\":{\"@type\":\"PropertyValueSpecification\",\"valueRequired\":true,\"valueName\":\"search_term_string\"}}],\"inLanguage\":\"tr\"},{\"@type\":\"Person\",\"@id\":\"https:\\\/\\\/kuzeyinsesi.org\\\/#\\\/schema\\\/person\\\/9f859689cdf01485597712386e37f5aa\",\"name\":\"Kuzeyin Sesi\",\"image\":{\"@type\":\"ImageObject\",\"inLanguage\":\"tr\",\"@id\":\"https:\\\/\\\/secure.gravatar.com\\\/avatar\\\/bab33852abfd8b282518d6ed81826833d77c3c882d9ab608add591ccace47a44?s=96&d=mm&r=g\",\"url\":\"https:\\\/\\\/secure.gravatar.com\\\/avatar\\\/bab33852abfd8b282518d6ed81826833d77c3c882d9ab608add591ccace47a44?s=96&d=mm&r=g\",\"contentUrl\":\"https:\\\/\\\/secure.gravatar.com\\\/avatar\\\/bab33852abfd8b282518d6ed81826833d77c3c882d9ab608add591ccace47a44?s=96&d=mm&r=g\",\"caption\":\"Kuzeyin Sesi\"},\"sameAs\":[\"https:\\\/\\\/kuzeyinsesi.org\"],\"url\":\"https:\\\/\\\/kuzeyinsesi.org\\\/index.php\\\/author\\\/guven\\\/\"}]}<\/script>\n<!-- \/ Yoast SEO plugin. -->","yoast_head_json":{"title":"T\u00fcrkiye D\u0131\u015fi\u015fleri Bakan\u0131 Fidan, 8 Kas\u0131m\u2019da Yunanistan\u2019\u0131 ziyaret edecek - Kuzeyin Sesi","robots":{"index":"index","follow":"follow","max-snippet":"max-snippet:-1","max-image-preview":"max-image-preview:large","max-video-preview":"max-video-preview:-1"},"canonical":"https:\/\/kuzeyinsesi.org\/index.php\/2024\/11\/06\/turkiye-disisleri-bakani-fidan-8-kasimda-yunanistani-ziyaret-edecek\/","og_locale":"tr_TR","og_type":"article","og_title":"T\u00fcrkiye D\u0131\u015fi\u015fleri Bakan\u0131 Fidan, 8 Kas\u0131m\u2019da Yunanistan\u2019\u0131 ziyaret edecek - Kuzeyin Sesi","og_description":"T\u00fcrkiye D\u0131\u015fi\u015fleri Bakan\u0131 Hakan Fidan, Yunanistan D\u0131\u015fi\u015fleri Bakan\u0131 Yorgos Yerapetritis\u2019in davetine icabetle 8 Kas\u0131m\u2019da bu \u00fclkeye \u00e7al\u0131\u015fma ziyareti ger\u00e7ekle\u015ftirecek. Diplomatik kaynaklardan edinilen bilgiye g\u00f6re Bakan Fidan, Yunan mevkida\u015f\u0131 Yerapetritis\u2019in davetine icabetle 8 Kas\u0131m\u2019da Yunanistan\u2019a gidecek. Bakan Fidan\u2019\u0131n ziyareti s\u0131ras\u0131nda Yunan mevkida\u015f\u0131 ile yapaca\u011f\u0131 g\u00f6r\u00fc\u015fmelerde, ikili ili\u015fkilerin \u00e7e\u015fitli y\u00f6nleri ele al\u0131nacak, gelecek y\u0131l\u0131n ba\u015flar\u0131nda Ankara\u2019da yap\u0131lmas\u0131 [&hellip;]","og_url":"https:\/\/kuzeyinsesi.org\/index.php\/2024\/11\/06\/turkiye-disisleri-bakani-fidan-8-kasimda-yunanistani-ziyaret-edecek\/","og_site_name":"Kuzeyin Sesi","article_publisher":"https:\/\/www.facebook.com\/kuzeyinsesii","article_published_time":"2024-11-06T11:41:55+00:00","og_image":[{"url":"https:\/\/brtk.net\/wp-content\/uploads\/2024\/08\/30\/fidan.jpg?ver=27ac70282ba5cf4d99ae933e5a02acde","type":"","width":"","height":""}],"author":"Kuzeyin Sesi","twitter_card":"summary_large_image","twitter_creator":"@kuzeyinsesii","twitter_site":"@kuzeyinsesii","twitter_misc":{"Yazan:":"Kuzeyin Sesi","Tahmini okuma s\u00fcresi":"3 dakika"},"schema":{"@context":"https:\/\/schema.org","@graph":[{"@type":"Article","@id":"https:\/\/kuzeyinsesi.org\/index.php\/2024\/11\/06\/turkiye-disisleri-bakani-fidan-8-kasimda-yunanistani-ziyaret-edecek\/#article","isPartOf":{"@id":"https:\/\/kuzeyinsesi.org\/index.php\/2024\/11\/06\/turkiye-disisleri-bakani-fidan-8-kasimda-yunanistani-ziyaret-edecek\/"},"author":{"name":"Kuzeyin Sesi","@id":"https:\/\/kuzeyinsesi.org\/#\/schema\/person\/9f859689cdf01485597712386e37f5aa"},"headline":"T\u00fcrkiye D\u0131\u015fi\u015fleri Bakan\u0131 Fidan, 8 Kas\u0131m\u2019da Yunanistan\u2019\u0131 ziyaret edecek","datePublished":"2024-11-06T11:41:55+00:00","mainEntityOfPage":{"@id":"https:\/\/kuzeyinsesi.org\/index.php\/2024\/11\/06\/turkiye-disisleri-bakani-fidan-8-kasimda-yunanistani-ziyaret-edecek\/"},"wordCount":681,"commentCount":0,"image":{"@id":"https:\/\/kuzeyinsesi.org\/index.php\/2024\/11\/06\/turkiye-disisleri-bakani-fidan-8-kasimda-yunanistani-ziyaret-edecek\/#primaryimage"},"thumbnailUrl":"https:\/\/kuzeyinsesi.org\/wp-content\/uploads\/2024\/11\/hakan-fidan-aa-2108073.jpg","articleSection":["T\u00fcrkiye"],"inLanguage":"tr","potentialAction":[{"@type":"CommentAction","name":"Comment","target":["https:\/\/kuzeyinsesi.org\/index.php\/2024\/11\/06\/turkiye-disisleri-bakani-fidan-8-kasimda-yunanistani-ziyaret-edecek\/#respond"]}]},{"@type":"WebPage","@id":"https:\/\/kuzeyinsesi.org\/index.php\/2024\/11\/06\/turkiye-disisleri-bakani-fidan-8-kasimda-yunanistani-ziyaret-edecek\/","url":"https:\/\/kuzeyinsesi.org\/index.php\/2024\/11\/06\/turkiye-disisleri-bakani-fidan-8-kasimda-yunanistani-ziyaret-edecek\/","name":"T\u00fcrkiye D\u0131\u015fi\u015fleri Bakan\u0131 Fidan, 8 Kas\u0131m\u2019da Yunanistan\u2019\u0131 ziyaret edecek - Kuzeyin Sesi","isPartOf":{"@id":"https:\/\/kuzeyinsesi.org\/#website"},"primaryImageOfPage":{"@id":"https:\/\/kuzeyinsesi.org\/index.php\/2024\/11\/06\/turkiye-disisleri-bakani-fidan-8-kasimda-yunanistani-ziyaret-edecek\/#primaryimage"},"image":{"@id":"https:\/\/kuzeyinsesi.org\/index.php\/2024\/11\/06\/turkiye-disisleri-bakani-fidan-8-kasimda-yunanistani-ziyaret-edecek\/#primaryimage"},"thumbnailUrl":"https:\/\/kuzeyinsesi.org\/wp-content\/uploads\/2024\/11\/hakan-fidan-aa-2108073.jpg","datePublished":"2024-11-06T11:41:55+00:00","author":{"@id":"https:\/\/kuzeyinsesi.org\/#\/schema\/person\/9f859689cdf01485597712386e37f5aa"},"breadcrumb":{"@id":"https:\/\/kuzeyinsesi.org\/index.php\/2024\/11\/06\/turkiye-disisleri-bakani-fidan-8-kasimda-yunanistani-ziyaret-edecek\/#breadcrumb"},"inLanguage":"tr","potentialAction":[{"@type":"ReadAction","target":["https:\/\/kuzeyinsesi.org\/index.php\/2024\/11\/06\/turkiye-disisleri-bakani-fidan-8-kasimda-yunanistani-ziyaret-edecek\/"]}]},{"@type":"ImageObject","inLanguage":"tr","@id":"https:\/\/kuzeyinsesi.org\/index.php\/2024\/11\/06\/turkiye-disisleri-bakani-fidan-8-kasimda-yunanistani-ziyaret-edecek\/#primaryimage","url":"https:\/\/kuzeyinsesi.org\/wp-content\/uploads\/2024\/11\/hakan-fidan-aa-2108073.jpg","contentUrl":"https:\/\/kuzeyinsesi.org\/wp-content\/uploads\/2024\/11\/hakan-fidan-aa-2108073.jpg","width":1280,"height":720},{"@type":"BreadcrumbList","@id":"https:\/\/kuzeyinsesi.org\/index.php\/2024\/11\/06\/turkiye-disisleri-bakani-fidan-8-kasimda-yunanistani-ziyaret-edecek\/#breadcrumb","itemListElement":[{"@type":"ListItem","position":1,"name":"Anasayfa","item":"https:\/\/kuzeyinsesi.org\/"},{"@type":"ListItem","position":2,"name":"T\u00fcrkiye D\u0131\u015fi\u015fleri Bakan\u0131 Fidan, 8 Kas\u0131m\u2019da Yunanistan\u2019\u0131 ziyaret edecek"}]},{"@type":"WebSite","@id":"https:\/\/kuzeyinsesi.org\/#website","url":"https:\/\/kuzeyinsesi.org\/","name":"Kuzeyin Sesi","description":"Do\u011fru Haberin Adresi","potentialAction":[{"@type":"SearchAction","target":{"@type":"EntryPoint","urlTemplate":"https:\/\/kuzeyinsesi.org\/?s={search_term_string}"},"query-input":{"@type":"PropertyValueSpecification","valueRequired":true,"valueName":"search_term_string"}}],"inLanguage":"tr"},{"@type":"Person","@id":"https:\/\/kuzeyinsesi.org\/#\/schema\/person\/9f859689cdf01485597712386e37f5aa","name":"Kuzeyin Sesi","image":{"@type":"ImageObject","inLanguage":"tr","@id":"https:\/\/secure.gravatar.com\/avatar\/bab33852abfd8b282518d6ed81826833d77c3c882d9ab608add591ccace47a44?s=96&d=mm&r=g","url":"https:\/\/secure.gravatar.com\/avatar\/bab33852abfd8b282518d6ed81826833d77c3c882d9ab608add591ccace47a44?s=96&d=mm&r=g","contentUrl":"https:\/\/secure.gravatar.com\/avatar\/bab33852abfd8b282518d6ed81826833d77c3c882d9ab608add591ccace47a44?s=96&d=mm&r=g","caption":"Kuzeyin Sesi"},"sameAs":["https:\/\/kuzeyinsesi.org"],"url":"https:\/\/kuzeyinsesi.org\/index.php\/author\/guven\/"}]}},"_links":{"self":[{"href":"https:\/\/kuzeyinsesi.org\/index.php\/wp-json\/wp\/v2\/posts\/12979","targetHints":{"allow":["GET"]}}],"collection":[{"href":"https:\/\/kuzeyinsesi.org\/index.php\/wp-json\/wp\/v2\/posts"}],"about":[{"href":"https:\/\/kuzeyinsesi.org\/index.php\/wp-json\/wp\/v2\/types\/post"}],"author":[{"embeddable":true,"href":"https:\/\/kuzeyinsesi.org\/index.php\/wp-json\/wp\/v2\/users\/1"}],"replies":[{"embeddable":true,"href":"https:\/\/kuzeyinsesi.org\/index.php\/wp-json\/wp\/v2\/comments?post=12979"}],"version-history":[{"count":0,"href":"https:\/\/kuzeyinsesi.org\/index.php\/wp-json\/wp\/v2\/posts\/12979\/revisions"}],"wp:featuredmedia":[{"embeddable":true,"href":"https:\/\/kuzeyinsesi.org\/index.php\/wp-json\/wp\/v2\/media\/12980"}],"wp:attachment":[{"href":"https:\/\/kuzeyinsesi.org\/index.php\/wp-json\/wp\/v2\/media?parent=12979"}],"wp:term":[{"taxonomy":"category","embeddable":true,"href":"https:\/\/kuzeyinsesi.org\/index.php\/wp-json\/wp\/v2\/categories?post=12979"},{"taxonomy":"post_tag","embeddable":true,"href":"https:\/\/kuzeyinsesi.org\/index.php\/wp-json\/wp\/v2\/tags?post=12979"}],"curies":[{"name":"wp","href":"https:\/\/api.w.org\/{rel}","templated":true}]}}