{"id":1289,"date":"2024-05-04T15:54:00","date_gmt":"2024-05-04T12:54:00","guid":{"rendered":"https:\/\/kuzeyinsesi.com\/index.php\/2024\/05\/04\/tuba-kktcde-su-yonetimine-iliskin-calismayi-yayimladi\/"},"modified":"2024-05-04T15:54:00","modified_gmt":"2024-05-04T12:54:00","slug":"tuba-kktcde-su-yonetimine-iliskin-calismayi-yayimladi","status":"publish","type":"post","link":"https:\/\/kuzeyinsesi.org\/index.php\/2024\/05\/04\/tuba-kktcde-su-yonetimine-iliskin-calismayi-yayimladi\/","title":{"rendered":"T\u00dcBA, KKTC\u2019de su y\u00f6netimine ili\u015fkin \u00e7al\u0131\u015fmay\u0131 yay\u0131mlad\u0131"},"content":{"rendered":"<div>\n<div class=\"mariselle-image-container center\">\n                                            <\/div>\n<p>T\u00fcrkiye Bilimler Akademisi (T\u00dcBA) \u00c7evre, Biyo\u00e7e\u015fitlilik, \u0130klim De\u011fi\u015fikli\u011fi ve Enerji \u00c7al\u0131\u015fma Grubunca haz\u0131rlanan \u201c\u0130klim De\u011fi\u015fikli\u011fi \u00c7er\u00e7evesinde Kuzey K\u0131br\u0131s T\u00fcrk Cumhuriyeti\u2019nde (KKTC) Su Y\u00f6netimi\u201d ba\u015fl\u0131kl\u0131 \u00e7al\u0131\u015fma kitap olarak yay\u0131mland\u0131.<\/p>\n<p>Akademiden yap\u0131lan a\u00e7\u0131klamaya g\u00f6re, edit\u00f6rl\u00fc\u011f\u00fcn\u00fc Prof. Dr. Mehmet Emin Ayd\u0131n ve Prof. Dr. Ahmet Duran \u015eahin\u2019in \u00fcstlendi\u011fi \u00e7al\u0131\u015fma, \u201cDo\u011fal Kaynaklarda Verimlilik ve Alternatif Enerji \u00c7\u00f6z\u00fcmleri \u00c7al\u0131\u015ftay\u0131\u201dnda ortaya konulan \u00e7\u00f6z\u00fcm \u00f6nerilerini i\u00e7eriyor.<\/p>\n<p>A\u00e7\u0131klamada, g\u00f6r\u00fc\u015flerine yer verilen T\u00dcBA Ba\u015fkan\u0131 Prof. Dr. Muzaffer \u015eeker, do\u011fal kaynak y\u00f6netimi, \u00e7evresel s\u00fcrd\u00fcr\u00fclebilirlik ve iklim de\u011fi\u015fikli\u011fi sorunlar\u0131n\u0131n, d\u00fcnyay\u0131 politika ve uygulamalar\u0131 g\u00f6zden ge\u00e7irmeye ve de\u011fi\u015ftirmeye zorlad\u0131\u011f\u0131 bir d\u00f6nemden ge\u00e7ildi\u011fini belirtti.<\/p>\n<p>\u015eeker, \u00e7al\u0131\u015ftay\u0131n odak noktas\u0131n\u0131n iklim de\u011fi\u015fikli\u011fi \u00e7er\u00e7evesinde KKTC\u2018de su ve enerji y\u00f6netimi oldu\u011funa i\u015faret ederek, \u201cBu \u00e7al\u0131\u015ftaydan \u00e7\u0131kar\u0131lan sonu\u00e7lar ve \u00f6neriler, faaliyetlerimizin birbirinden ba\u011f\u0131ms\u0131z olamayaca\u011f\u0131n\u0131 ve faaliyetlerimizin ekosistemler, biyolojik \u00e7e\u015fitlilik ve gelecek nesiller \u00fczerinde etkili oldu\u011funu g\u00f6sterdi.\u201d de\u011ferlendirmesinde bulundu.<\/p>\n<p>\u00c7al\u0131\u015fman\u0131n bilim insanlar\u0131n\u0131n birikimlerinden olu\u015ftu\u011funu, s\u00fcrd\u00fcr\u00fclebilir bir gelecek sa\u011flamak i\u00e7in su y\u00f6netimi konusunda g\u00f6r\u00fc\u015fleri i\u00e7erdi\u011fini belirten \u015eeker, \u015funlar\u0131 kaydetti:<\/p>\n<p>\u201cEser, b\u00f6lgemizin ve \u00f6zellikle de KKTC\u2018nin kar\u015f\u0131 kar\u015f\u0131ya oldu\u011fu say\u0131s\u0131z zorlukla y\u00fczle\u015fme ve ba\u015f etme kararl\u0131l\u0131\u011f\u0131m\u0131z\u0131n bir kan\u0131t\u0131d\u0131r. Ayn\u0131 zamanda bilim, teknoloji ve inovasyonun d\u00f6n\u00fc\u015ft\u00fcr\u00fcc\u00fc potansiyelini \u00e7evresel y\u00f6netim ve sorumlu kaynak y\u00f6netiminin hizmetinde kullanmaya y\u00f6nelik inanc\u0131m\u0131z\u0131n da bir kan\u0131t\u0131d\u0131r. Do\u011fal kaynaklar\u0131 s\u00f6m\u00fcrmeden, do\u011fal miras\u0131m\u0131za zarar vermeden, tar\u0131m, hayvanc\u0131l\u0131k ve sanayi sekt\u00f6rlerinde ham maddelerin verimli kullan\u0131m\u0131 ile israf\u0131n en aza indirilmesiyle sorumluluk alarak \u00fcretim ve t\u00fcketim yapma fark\u0131ndal\u0131\u011f\u0131n\u0131 yayg\u0131nla\u015ft\u0131rmak zorunday\u0131z.\u201d<\/p>\n<\/p><\/div>\n<p><script async\n                    defer\n                    crossorigin=\"anonymous\"\n                    src=\"https:\/\/connect.facebook.net\/tr_TR\/sdk.js#xfbml=1&#038;version=v3.3\"\n            ><\/script><\/p>\n","protected":false},"excerpt":{"rendered":"<p>T\u00fcrkiye Bilimler Akademisi (T\u00dcBA) \u00c7evre, Biyo\u00e7e\u015fitlilik, \u0130klim De\u011fi\u015fikli\u011fi ve Enerji \u00c7al\u0131\u015fma Grubunca haz\u0131rlanan \u201c\u0130klim De\u011fi\u015fikli\u011fi \u00c7er\u00e7evesinde Kuzey K\u0131br\u0131s T\u00fcrk Cumhuriyeti\u2019nde (KKTC) Su Y\u00f6netimi\u201d ba\u015fl\u0131kl\u0131 \u00e7al\u0131\u015fma kitap olarak yay\u0131mland\u0131. Akademiden yap\u0131lan a\u00e7\u0131klamaya g\u00f6re, edit\u00f6rl\u00fc\u011f\u00fcn\u00fc Prof. Dr. Mehmet Emin Ayd\u0131n ve Prof. Dr. Ahmet Duran \u015eahin\u2019in \u00fcstlendi\u011fi \u00e7al\u0131\u015fma, \u201cDo\u011fal Kaynaklarda Verimlilik ve Alternatif Enerji \u00c7\u00f6z\u00fcmleri \u00c7al\u0131\u015ftay\u0131\u201dnda ortaya [&hellip;]<\/p>\n","protected":false},"author":1,"featured_media":1290,"comment_status":"open","ping_status":"open","sticky":false,"template":"","format":"standard","meta":{"jnews-multi-image_gallery":[],"jnews_single_post":[],"jnews_primary_category":[],"jnews_social_meta":[],"jnews_override_counter":[],"footnotes":""},"categories":[5],"tags":[],"class_list":["post-1289","post","type-post","status-publish","format-standard","has-post-thumbnail","hentry","category-turkiye"],"yoast_head":"<!-- This site is optimized with the Yoast SEO plugin v27.5 - https:\/\/yoast.com\/product\/yoast-seo-wordpress\/ -->\n<title>T\u00dcBA, KKTC\u2019de su y\u00f6netimine ili\u015fkin \u00e7al\u0131\u015fmay\u0131 yay\u0131mlad\u0131 - Kuzeyin Sesi<\/title>\n<meta name=\"robots\" content=\"index, follow, max-snippet:-1, max-image-preview:large, max-video-preview:-1\" \/>\n<link rel=\"canonical\" href=\"https:\/\/kuzeyinsesi.org\/index.php\/2024\/05\/04\/tuba-kktcde-su-yonetimine-iliskin-calismayi-yayimladi\/\" \/>\n<meta property=\"og:locale\" content=\"tr_TR\" \/>\n<meta property=\"og:type\" content=\"article\" \/>\n<meta property=\"og:title\" content=\"T\u00dcBA, KKTC\u2019de su y\u00f6netimine ili\u015fkin \u00e7al\u0131\u015fmay\u0131 yay\u0131mlad\u0131 - Kuzeyin Sesi\" \/>\n<meta property=\"og:description\" content=\"T\u00fcrkiye Bilimler Akademisi (T\u00dcBA) \u00c7evre, Biyo\u00e7e\u015fitlilik, \u0130klim De\u011fi\u015fikli\u011fi ve Enerji \u00c7al\u0131\u015fma Grubunca haz\u0131rlanan \u201c\u0130klim De\u011fi\u015fikli\u011fi \u00c7er\u00e7evesinde Kuzey K\u0131br\u0131s T\u00fcrk Cumhuriyeti\u2019nde (KKTC) Su Y\u00f6netimi\u201d ba\u015fl\u0131kl\u0131 \u00e7al\u0131\u015fma kitap olarak yay\u0131mland\u0131. Akademiden yap\u0131lan a\u00e7\u0131klamaya g\u00f6re, edit\u00f6rl\u00fc\u011f\u00fcn\u00fc Prof. Dr. Mehmet Emin Ayd\u0131n ve Prof. Dr. Ahmet Duran \u015eahin\u2019in \u00fcstlendi\u011fi \u00e7al\u0131\u015fma, \u201cDo\u011fal Kaynaklarda Verimlilik ve Alternatif Enerji \u00c7\u00f6z\u00fcmleri \u00c7al\u0131\u015ftay\u0131\u201dnda ortaya [&hellip;]\" \/>\n<meta property=\"og:url\" content=\"https:\/\/kuzeyinsesi.org\/index.php\/2024\/05\/04\/tuba-kktcde-su-yonetimine-iliskin-calismayi-yayimladi\/\" \/>\n<meta property=\"og:site_name\" content=\"Kuzeyin Sesi\" \/>\n<meta property=\"article:publisher\" content=\"https:\/\/www.facebook.com\/kuzeyinsesii\" \/>\n<meta property=\"article:published_time\" content=\"2024-05-04T12:54:00+00:00\" \/>\n<meta property=\"og:image\" content=\"https:\/\/kuzeyinsesi.org\/wp-content\/uploads\/2024\/05\/kktc-su.jpg\" \/>\n\t<meta property=\"og:image:width\" content=\"512\" \/>\n\t<meta property=\"og:image:height\" content=\"256\" \/>\n\t<meta property=\"og:image:type\" content=\"image\/jpeg\" \/>\n<meta name=\"author\" content=\"Kuzeyin Sesi\" \/>\n<meta name=\"twitter:card\" content=\"summary_large_image\" \/>\n<meta name=\"twitter:creator\" content=\"@kuzeyinsesii\" \/>\n<meta name=\"twitter:site\" content=\"@kuzeyinsesii\" \/>\n<meta name=\"twitter:label1\" content=\"Yazan:\" \/>\n\t<meta name=\"twitter:data1\" content=\"Kuzeyin Sesi\" \/>\n\t<meta name=\"twitter:label2\" content=\"Tahmini okuma s\u00fcresi\" \/>\n\t<meta name=\"twitter:data2\" content=\"2 dakika\" \/>\n<script type=\"application\/ld+json\" class=\"yoast-schema-graph\">{\"@context\":\"https:\\\/\\\/schema.org\",\"@graph\":[{\"@type\":\"Article\",\"@id\":\"https:\\\/\\\/kuzeyinsesi.org\\\/index.php\\\/2024\\\/05\\\/04\\\/tuba-kktcde-su-yonetimine-iliskin-calismayi-yayimladi\\\/#article\",\"isPartOf\":{\"@id\":\"https:\\\/\\\/kuzeyinsesi.org\\\/index.php\\\/2024\\\/05\\\/04\\\/tuba-kktcde-su-yonetimine-iliskin-calismayi-yayimladi\\\/\"},\"author\":{\"name\":\"Kuzeyin Sesi\",\"@id\":\"https:\\\/\\\/kuzeyinsesi.org\\\/#\\\/schema\\\/person\\\/9f859689cdf01485597712386e37f5aa\"},\"headline\":\"T\u00dcBA, KKTC\u2019de su y\u00f6netimine ili\u015fkin \u00e7al\u0131\u015fmay\u0131 yay\u0131mlad\u0131\",\"datePublished\":\"2024-05-04T12:54:00+00:00\",\"mainEntityOfPage\":{\"@id\":\"https:\\\/\\\/kuzeyinsesi.org\\\/index.php\\\/2024\\\/05\\\/04\\\/tuba-kktcde-su-yonetimine-iliskin-calismayi-yayimladi\\\/\"},\"wordCount\":376,\"commentCount\":0,\"image\":{\"@id\":\"https:\\\/\\\/kuzeyinsesi.org\\\/index.php\\\/2024\\\/05\\\/04\\\/tuba-kktcde-su-yonetimine-iliskin-calismayi-yayimladi\\\/#primaryimage\"},\"thumbnailUrl\":\"https:\\\/\\\/kuzeyinsesi.org\\\/wp-content\\\/uploads\\\/2024\\\/05\\\/kktc-su.jpg\",\"articleSection\":[\"T\u00fcrkiye\"],\"inLanguage\":\"tr\",\"potentialAction\":[{\"@type\":\"CommentAction\",\"name\":\"Comment\",\"target\":[\"https:\\\/\\\/kuzeyinsesi.org\\\/index.php\\\/2024\\\/05\\\/04\\\/tuba-kktcde-su-yonetimine-iliskin-calismayi-yayimladi\\\/#respond\"]}]},{\"@type\":\"WebPage\",\"@id\":\"https:\\\/\\\/kuzeyinsesi.org\\\/index.php\\\/2024\\\/05\\\/04\\\/tuba-kktcde-su-yonetimine-iliskin-calismayi-yayimladi\\\/\",\"url\":\"https:\\\/\\\/kuzeyinsesi.org\\\/index.php\\\/2024\\\/05\\\/04\\\/tuba-kktcde-su-yonetimine-iliskin-calismayi-yayimladi\\\/\",\"name\":\"T\u00dcBA, KKTC\u2019de su y\u00f6netimine ili\u015fkin \u00e7al\u0131\u015fmay\u0131 yay\u0131mlad\u0131 - Kuzeyin Sesi\",\"isPartOf\":{\"@id\":\"https:\\\/\\\/kuzeyinsesi.org\\\/#website\"},\"primaryImageOfPage\":{\"@id\":\"https:\\\/\\\/kuzeyinsesi.org\\\/index.php\\\/2024\\\/05\\\/04\\\/tuba-kktcde-su-yonetimine-iliskin-calismayi-yayimladi\\\/#primaryimage\"},\"image\":{\"@id\":\"https:\\\/\\\/kuzeyinsesi.org\\\/index.php\\\/2024\\\/05\\\/04\\\/tuba-kktcde-su-yonetimine-iliskin-calismayi-yayimladi\\\/#primaryimage\"},\"thumbnailUrl\":\"https:\\\/\\\/kuzeyinsesi.org\\\/wp-content\\\/uploads\\\/2024\\\/05\\\/kktc-su.jpg\",\"datePublished\":\"2024-05-04T12:54:00+00:00\",\"author\":{\"@id\":\"https:\\\/\\\/kuzeyinsesi.org\\\/#\\\/schema\\\/person\\\/9f859689cdf01485597712386e37f5aa\"},\"breadcrumb\":{\"@id\":\"https:\\\/\\\/kuzeyinsesi.org\\\/index.php\\\/2024\\\/05\\\/04\\\/tuba-kktcde-su-yonetimine-iliskin-calismayi-yayimladi\\\/#breadcrumb\"},\"inLanguage\":\"tr\",\"potentialAction\":[{\"@type\":\"ReadAction\",\"target\":[\"https:\\\/\\\/kuzeyinsesi.org\\\/index.php\\\/2024\\\/05\\\/04\\\/tuba-kktcde-su-yonetimine-iliskin-calismayi-yayimladi\\\/\"]}]},{\"@type\":\"ImageObject\",\"inLanguage\":\"tr\",\"@id\":\"https:\\\/\\\/kuzeyinsesi.org\\\/index.php\\\/2024\\\/05\\\/04\\\/tuba-kktcde-su-yonetimine-iliskin-calismayi-yayimladi\\\/#primaryimage\",\"url\":\"https:\\\/\\\/kuzeyinsesi.org\\\/wp-content\\\/uploads\\\/2024\\\/05\\\/kktc-su.jpg\",\"contentUrl\":\"https:\\\/\\\/kuzeyinsesi.org\\\/wp-content\\\/uploads\\\/2024\\\/05\\\/kktc-su.jpg\",\"width\":512,\"height\":256},{\"@type\":\"BreadcrumbList\",\"@id\":\"https:\\\/\\\/kuzeyinsesi.org\\\/index.php\\\/2024\\\/05\\\/04\\\/tuba-kktcde-su-yonetimine-iliskin-calismayi-yayimladi\\\/#breadcrumb\",\"itemListElement\":[{\"@type\":\"ListItem\",\"position\":1,\"name\":\"Anasayfa\",\"item\":\"https:\\\/\\\/kuzeyinsesi.org\\\/\"},{\"@type\":\"ListItem\",\"position\":2,\"name\":\"T\u00dcBA, KKTC\u2019de su y\u00f6netimine ili\u015fkin \u00e7al\u0131\u015fmay\u0131 yay\u0131mlad\u0131\"}]},{\"@type\":\"WebSite\",\"@id\":\"https:\\\/\\\/kuzeyinsesi.org\\\/#website\",\"url\":\"https:\\\/\\\/kuzeyinsesi.org\\\/\",\"name\":\"Kuzeyin Sesi\",\"description\":\"Do\u011fru Haberin Adresi\",\"potentialAction\":[{\"@type\":\"SearchAction\",\"target\":{\"@type\":\"EntryPoint\",\"urlTemplate\":\"https:\\\/\\\/kuzeyinsesi.org\\\/?s={search_term_string}\"},\"query-input\":{\"@type\":\"PropertyValueSpecification\",\"valueRequired\":true,\"valueName\":\"search_term_string\"}}],\"inLanguage\":\"tr\"},{\"@type\":\"Person\",\"@id\":\"https:\\\/\\\/kuzeyinsesi.org\\\/#\\\/schema\\\/person\\\/9f859689cdf01485597712386e37f5aa\",\"name\":\"Kuzeyin Sesi\",\"image\":{\"@type\":\"ImageObject\",\"inLanguage\":\"tr\",\"@id\":\"https:\\\/\\\/secure.gravatar.com\\\/avatar\\\/bab33852abfd8b282518d6ed81826833d77c3c882d9ab608add591ccace47a44?s=96&d=mm&r=g\",\"url\":\"https:\\\/\\\/secure.gravatar.com\\\/avatar\\\/bab33852abfd8b282518d6ed81826833d77c3c882d9ab608add591ccace47a44?s=96&d=mm&r=g\",\"contentUrl\":\"https:\\\/\\\/secure.gravatar.com\\\/avatar\\\/bab33852abfd8b282518d6ed81826833d77c3c882d9ab608add591ccace47a44?s=96&d=mm&r=g\",\"caption\":\"Kuzeyin Sesi\"},\"sameAs\":[\"https:\\\/\\\/kuzeyinsesi.org\"],\"url\":\"https:\\\/\\\/kuzeyinsesi.org\\\/index.php\\\/author\\\/guven\\\/\"}]}<\/script>\n<!-- \/ Yoast SEO plugin. -->","yoast_head_json":{"title":"T\u00dcBA, KKTC\u2019de su y\u00f6netimine ili\u015fkin \u00e7al\u0131\u015fmay\u0131 yay\u0131mlad\u0131 - Kuzeyin Sesi","robots":{"index":"index","follow":"follow","max-snippet":"max-snippet:-1","max-image-preview":"max-image-preview:large","max-video-preview":"max-video-preview:-1"},"canonical":"https:\/\/kuzeyinsesi.org\/index.php\/2024\/05\/04\/tuba-kktcde-su-yonetimine-iliskin-calismayi-yayimladi\/","og_locale":"tr_TR","og_type":"article","og_title":"T\u00dcBA, KKTC\u2019de su y\u00f6netimine ili\u015fkin \u00e7al\u0131\u015fmay\u0131 yay\u0131mlad\u0131 - Kuzeyin Sesi","og_description":"T\u00fcrkiye Bilimler Akademisi (T\u00dcBA) \u00c7evre, Biyo\u00e7e\u015fitlilik, \u0130klim De\u011fi\u015fikli\u011fi ve Enerji \u00c7al\u0131\u015fma Grubunca haz\u0131rlanan \u201c\u0130klim De\u011fi\u015fikli\u011fi \u00c7er\u00e7evesinde Kuzey K\u0131br\u0131s T\u00fcrk Cumhuriyeti\u2019nde (KKTC) Su Y\u00f6netimi\u201d ba\u015fl\u0131kl\u0131 \u00e7al\u0131\u015fma kitap olarak yay\u0131mland\u0131. Akademiden yap\u0131lan a\u00e7\u0131klamaya g\u00f6re, edit\u00f6rl\u00fc\u011f\u00fcn\u00fc Prof. Dr. Mehmet Emin Ayd\u0131n ve Prof. Dr. Ahmet Duran \u015eahin\u2019in \u00fcstlendi\u011fi \u00e7al\u0131\u015fma, \u201cDo\u011fal Kaynaklarda Verimlilik ve Alternatif Enerji \u00c7\u00f6z\u00fcmleri \u00c7al\u0131\u015ftay\u0131\u201dnda ortaya [&hellip;]","og_url":"https:\/\/kuzeyinsesi.org\/index.php\/2024\/05\/04\/tuba-kktcde-su-yonetimine-iliskin-calismayi-yayimladi\/","og_site_name":"Kuzeyin Sesi","article_publisher":"https:\/\/www.facebook.com\/kuzeyinsesii","article_published_time":"2024-05-04T12:54:00+00:00","og_image":[{"width":512,"height":256,"url":"https:\/\/kuzeyinsesi.org\/wp-content\/uploads\/2024\/05\/kktc-su.jpg","type":"image\/jpeg"}],"author":"Kuzeyin Sesi","twitter_card":"summary_large_image","twitter_creator":"@kuzeyinsesii","twitter_site":"@kuzeyinsesii","twitter_misc":{"Yazan:":"Kuzeyin Sesi","Tahmini okuma s\u00fcresi":"2 dakika"},"schema":{"@context":"https:\/\/schema.org","@graph":[{"@type":"Article","@id":"https:\/\/kuzeyinsesi.org\/index.php\/2024\/05\/04\/tuba-kktcde-su-yonetimine-iliskin-calismayi-yayimladi\/#article","isPartOf":{"@id":"https:\/\/kuzeyinsesi.org\/index.php\/2024\/05\/04\/tuba-kktcde-su-yonetimine-iliskin-calismayi-yayimladi\/"},"author":{"name":"Kuzeyin Sesi","@id":"https:\/\/kuzeyinsesi.org\/#\/schema\/person\/9f859689cdf01485597712386e37f5aa"},"headline":"T\u00dcBA, KKTC\u2019de su y\u00f6netimine ili\u015fkin \u00e7al\u0131\u015fmay\u0131 yay\u0131mlad\u0131","datePublished":"2024-05-04T12:54:00+00:00","mainEntityOfPage":{"@id":"https:\/\/kuzeyinsesi.org\/index.php\/2024\/05\/04\/tuba-kktcde-su-yonetimine-iliskin-calismayi-yayimladi\/"},"wordCount":376,"commentCount":0,"image":{"@id":"https:\/\/kuzeyinsesi.org\/index.php\/2024\/05\/04\/tuba-kktcde-su-yonetimine-iliskin-calismayi-yayimladi\/#primaryimage"},"thumbnailUrl":"https:\/\/kuzeyinsesi.org\/wp-content\/uploads\/2024\/05\/kktc-su.jpg","articleSection":["T\u00fcrkiye"],"inLanguage":"tr","potentialAction":[{"@type":"CommentAction","name":"Comment","target":["https:\/\/kuzeyinsesi.org\/index.php\/2024\/05\/04\/tuba-kktcde-su-yonetimine-iliskin-calismayi-yayimladi\/#respond"]}]},{"@type":"WebPage","@id":"https:\/\/kuzeyinsesi.org\/index.php\/2024\/05\/04\/tuba-kktcde-su-yonetimine-iliskin-calismayi-yayimladi\/","url":"https:\/\/kuzeyinsesi.org\/index.php\/2024\/05\/04\/tuba-kktcde-su-yonetimine-iliskin-calismayi-yayimladi\/","name":"T\u00dcBA, KKTC\u2019de su y\u00f6netimine ili\u015fkin \u00e7al\u0131\u015fmay\u0131 yay\u0131mlad\u0131 - Kuzeyin Sesi","isPartOf":{"@id":"https:\/\/kuzeyinsesi.org\/#website"},"primaryImageOfPage":{"@id":"https:\/\/kuzeyinsesi.org\/index.php\/2024\/05\/04\/tuba-kktcde-su-yonetimine-iliskin-calismayi-yayimladi\/#primaryimage"},"image":{"@id":"https:\/\/kuzeyinsesi.org\/index.php\/2024\/05\/04\/tuba-kktcde-su-yonetimine-iliskin-calismayi-yayimladi\/#primaryimage"},"thumbnailUrl":"https:\/\/kuzeyinsesi.org\/wp-content\/uploads\/2024\/05\/kktc-su.jpg","datePublished":"2024-05-04T12:54:00+00:00","author":{"@id":"https:\/\/kuzeyinsesi.org\/#\/schema\/person\/9f859689cdf01485597712386e37f5aa"},"breadcrumb":{"@id":"https:\/\/kuzeyinsesi.org\/index.php\/2024\/05\/04\/tuba-kktcde-su-yonetimine-iliskin-calismayi-yayimladi\/#breadcrumb"},"inLanguage":"tr","potentialAction":[{"@type":"ReadAction","target":["https:\/\/kuzeyinsesi.org\/index.php\/2024\/05\/04\/tuba-kktcde-su-yonetimine-iliskin-calismayi-yayimladi\/"]}]},{"@type":"ImageObject","inLanguage":"tr","@id":"https:\/\/kuzeyinsesi.org\/index.php\/2024\/05\/04\/tuba-kktcde-su-yonetimine-iliskin-calismayi-yayimladi\/#primaryimage","url":"https:\/\/kuzeyinsesi.org\/wp-content\/uploads\/2024\/05\/kktc-su.jpg","contentUrl":"https:\/\/kuzeyinsesi.org\/wp-content\/uploads\/2024\/05\/kktc-su.jpg","width":512,"height":256},{"@type":"BreadcrumbList","@id":"https:\/\/kuzeyinsesi.org\/index.php\/2024\/05\/04\/tuba-kktcde-su-yonetimine-iliskin-calismayi-yayimladi\/#breadcrumb","itemListElement":[{"@type":"ListItem","position":1,"name":"Anasayfa","item":"https:\/\/kuzeyinsesi.org\/"},{"@type":"ListItem","position":2,"name":"T\u00dcBA, KKTC\u2019de su y\u00f6netimine ili\u015fkin \u00e7al\u0131\u015fmay\u0131 yay\u0131mlad\u0131"}]},{"@type":"WebSite","@id":"https:\/\/kuzeyinsesi.org\/#website","url":"https:\/\/kuzeyinsesi.org\/","name":"Kuzeyin Sesi","description":"Do\u011fru Haberin Adresi","potentialAction":[{"@type":"SearchAction","target":{"@type":"EntryPoint","urlTemplate":"https:\/\/kuzeyinsesi.org\/?s={search_term_string}"},"query-input":{"@type":"PropertyValueSpecification","valueRequired":true,"valueName":"search_term_string"}}],"inLanguage":"tr"},{"@type":"Person","@id":"https:\/\/kuzeyinsesi.org\/#\/schema\/person\/9f859689cdf01485597712386e37f5aa","name":"Kuzeyin Sesi","image":{"@type":"ImageObject","inLanguage":"tr","@id":"https:\/\/secure.gravatar.com\/avatar\/bab33852abfd8b282518d6ed81826833d77c3c882d9ab608add591ccace47a44?s=96&d=mm&r=g","url":"https:\/\/secure.gravatar.com\/avatar\/bab33852abfd8b282518d6ed81826833d77c3c882d9ab608add591ccace47a44?s=96&d=mm&r=g","contentUrl":"https:\/\/secure.gravatar.com\/avatar\/bab33852abfd8b282518d6ed81826833d77c3c882d9ab608add591ccace47a44?s=96&d=mm&r=g","caption":"Kuzeyin Sesi"},"sameAs":["https:\/\/kuzeyinsesi.org"],"url":"https:\/\/kuzeyinsesi.org\/index.php\/author\/guven\/"}]}},"_links":{"self":[{"href":"https:\/\/kuzeyinsesi.org\/index.php\/wp-json\/wp\/v2\/posts\/1289","targetHints":{"allow":["GET"]}}],"collection":[{"href":"https:\/\/kuzeyinsesi.org\/index.php\/wp-json\/wp\/v2\/posts"}],"about":[{"href":"https:\/\/kuzeyinsesi.org\/index.php\/wp-json\/wp\/v2\/types\/post"}],"author":[{"embeddable":true,"href":"https:\/\/kuzeyinsesi.org\/index.php\/wp-json\/wp\/v2\/users\/1"}],"replies":[{"embeddable":true,"href":"https:\/\/kuzeyinsesi.org\/index.php\/wp-json\/wp\/v2\/comments?post=1289"}],"version-history":[{"count":0,"href":"https:\/\/kuzeyinsesi.org\/index.php\/wp-json\/wp\/v2\/posts\/1289\/revisions"}],"wp:featuredmedia":[{"embeddable":true,"href":"https:\/\/kuzeyinsesi.org\/index.php\/wp-json\/wp\/v2\/media\/1290"}],"wp:attachment":[{"href":"https:\/\/kuzeyinsesi.org\/index.php\/wp-json\/wp\/v2\/media?parent=1289"}],"wp:term":[{"taxonomy":"category","embeddable":true,"href":"https:\/\/kuzeyinsesi.org\/index.php\/wp-json\/wp\/v2\/categories?post=1289"},{"taxonomy":"post_tag","embeddable":true,"href":"https:\/\/kuzeyinsesi.org\/index.php\/wp-json\/wp\/v2\/tags?post=1289"}],"curies":[{"name":"wp","href":"https:\/\/api.w.org\/{rel}","templated":true}]}}