{"id":12797,"date":"2024-11-02T16:47:10","date_gmt":"2024-11-02T14:47:10","guid":{"rendered":"https:\/\/kuzeyinsesi.org\/index.php\/2024\/11\/02\/lefke-hurma-festivali-yarin-yapiliyor\/"},"modified":"2024-11-02T16:47:10","modified_gmt":"2024-11-02T14:47:10","slug":"lefke-hurma-festivali-yarin-yapiliyor","status":"publish","type":"post","link":"https:\/\/kuzeyinsesi.org\/index.php\/2024\/11\/02\/lefke-hurma-festivali-yarin-yapiliyor\/","title":{"rendered":"Lefke Hurma Festivali yar\u0131n yap\u0131l\u0131yor"},"content":{"rendered":"<div>\n<div class=\"mariselle-image-container center\">\n                                            <\/div>\n<p>\nLefke Belediyesi ve Lefke Turizm Derne\u011fi i\u015f birli\u011finde d\u00fczenlenen \u201c15. Lefke Hurma Festivali\u201d yar\u0131n yap\u0131l\u0131yor.<\/p>\n<p>K\u0131br\u0131s\u2019\u0131n hurmas\u0131yla \u00fcnl\u00fc kenti Lefke\u2019deki Festival, Lefke \u00c7ar\u015f\u0131 merkezinde 09.30- 18.00 saatleri aras\u0131nda d\u00fczenlenecek.<\/p>\n<p>Festivalle ilgili a\u00e7\u0131klamada, festivalin \u201chalk\u0131n festivali\u201d oldu\u011fu vurgulanarak, a\u00e7\u0131l\u0131\u015f\u0131n\u0131n siyasiler taraf\u0131ndan de\u011fil halk taraf\u0131ndan yap\u0131ld\u0131\u011f\u0131, bu sene de, \u201cK\u0131br\u0131s K\u00fclt\u00fcr El\u00e7ileri\u201d taraf\u0131ndan a\u00e7\u0131laca\u011f\u0131 belirtildi.<\/p>\n<p>Kat\u0131l\u0131mc\u0131lar g\u00fcn boyu m\u00fczik ve halk danslar\u0131 performanslar\u0131n\u0131n yan\u0131nda, k\u00fclt\u00fcrel \u00fcretimleri ve \u00fcr\u00fcnlerini g\u00f6rme imkan\u0131na sahip olacak. Festival kapsam\u0131nda bu y\u0131l ilk kez k\u00fclt\u00fcrel uygulamalar\u0131n yer alaca\u011f\u0131 \u201cK\u00fclt\u00fcr Soka\u011f\u0131\u201d etkinli\u011fi de d\u00fczenlenek.<\/p>\n<p>Festival\u2019de ayr\u0131ca \u201cHurmadan el sanatlar\u0131, da\u011farc\u0131k yap\u0131m\u0131, paluze- sucuk yap\u0131m\u0131, iskemle \u00f6r\u00fcc\u00fcl\u00fc\u011f\u00fc, kalbur ve elek yap\u0131m\u0131, K\u0131br\u0131s muhallebisi yap\u0131m\u0131, ah\u015fap yap\u0131m\u0131, seramik yap\u0131m\u0131, Lefkara ve \u0130pek Koza i\u015fi, topuz ve \u00e7al\u0131 s\u00fcp\u00fcrgesi yap\u0131m\u0131, pastelli, gullirikya, hurma pekmezi ve gollifa ikram\u0131\u201d yer alacak. <\/p>\n<p>Festival\u2019de hurma temal\u0131 yar\u0131\u015fma ve rehber e\u015fli\u011finde \u00fccretsiz Cittaslow Lefke Yava\u015f y\u00fcr\u00fcy\u00fc\u015f\u00fc, G\u00fczelyurt Klasik Ara\u00e7lar Derne\u011fi ve Lefke \u0130l\u00e7esi klasik araba sahipleri i\u015f birli\u011finde klasik araba sergisi, Festival alan\u0131nda \u00e7ekilecek foto\u011fraflardan olu\u015facak foto\u011fraf ve en yarat\u0131c\u0131 stant yar\u0131\u015fmas\u0131 da yap\u0131lacak.<\/p>\n<p>Festival kapsam\u0131nda Akt\u00fcrk Pilanc\u0131\u2019n\u0131n \u201cOrman\u0131n \u00c7ocuklar\u0131 Muflon Sergisi\u201d isimli foto\u011fraf sergisi de Lefke Turizm Derne\u011fi binas\u0131nda yer alacak.<\/p>\n<\/p><\/div>\n<p><script async\n                    defer\n                    crossorigin=\"anonymous\"\n                    src=\"https:\/\/connect.facebook.net\/tr_TR\/sdk.js#xfbml=1&#038;version=v3.3\"\n            ><\/script><\/p>\n","protected":false},"excerpt":{"rendered":"<p>Lefke Belediyesi ve Lefke Turizm Derne\u011fi i\u015f birli\u011finde d\u00fczenlenen \u201c15. Lefke Hurma Festivali\u201d yar\u0131n yap\u0131l\u0131yor. K\u0131br\u0131s\u2019\u0131n hurmas\u0131yla \u00fcnl\u00fc kenti Lefke\u2019deki Festival, Lefke \u00c7ar\u015f\u0131 merkezinde 09.30- 18.00 saatleri aras\u0131nda d\u00fczenlenecek. Festivalle ilgili a\u00e7\u0131klamada, festivalin \u201chalk\u0131n festivali\u201d oldu\u011fu vurgulanarak, a\u00e7\u0131l\u0131\u015f\u0131n\u0131n siyasiler taraf\u0131ndan de\u011fil halk taraf\u0131ndan yap\u0131ld\u0131\u011f\u0131, bu sene de, \u201cK\u0131br\u0131s K\u00fclt\u00fcr El\u00e7ileri\u201d taraf\u0131ndan a\u00e7\u0131laca\u011f\u0131 belirtildi. Kat\u0131l\u0131mc\u0131lar g\u00fcn [&hellip;]<\/p>\n","protected":false},"author":1,"featured_media":12798,"comment_status":"open","ping_status":"open","sticky":false,"template":"","format":"standard","meta":{"jnews-multi-image_gallery":[],"jnews_single_post":[],"jnews_primary_category":[],"jnews_social_meta":[],"jnews_override_counter":[],"footnotes":""},"categories":[6],"tags":[],"class_list":["post-12797","post","type-post","status-publish","format-standard","has-post-thumbnail","hentry","category-yasam"],"yoast_head":"<!-- This site is optimized with the Yoast SEO plugin v27.4 - https:\/\/yoast.com\/product\/yoast-seo-wordpress\/ -->\n<title>Lefke Hurma Festivali yar\u0131n yap\u0131l\u0131yor - Kuzeyin Sesi<\/title>\n<meta name=\"robots\" content=\"index, follow, max-snippet:-1, max-image-preview:large, max-video-preview:-1\" \/>\n<link rel=\"canonical\" href=\"https:\/\/kuzeyinsesi.org\/index.php\/2024\/11\/02\/lefke-hurma-festivali-yarin-yapiliyor\/\" \/>\n<meta property=\"og:locale\" content=\"tr_TR\" \/>\n<meta property=\"og:type\" content=\"article\" \/>\n<meta property=\"og:title\" content=\"Lefke Hurma Festivali yar\u0131n yap\u0131l\u0131yor - Kuzeyin Sesi\" \/>\n<meta property=\"og:description\" content=\"Lefke Belediyesi ve Lefke Turizm Derne\u011fi i\u015f birli\u011finde d\u00fczenlenen \u201c15. Lefke Hurma Festivali\u201d yar\u0131n yap\u0131l\u0131yor. K\u0131br\u0131s\u2019\u0131n hurmas\u0131yla \u00fcnl\u00fc kenti Lefke\u2019deki Festival, Lefke \u00c7ar\u015f\u0131 merkezinde 09.30- 18.00 saatleri aras\u0131nda d\u00fczenlenecek. Festivalle ilgili a\u00e7\u0131klamada, festivalin \u201chalk\u0131n festivali\u201d oldu\u011fu vurgulanarak, a\u00e7\u0131l\u0131\u015f\u0131n\u0131n siyasiler taraf\u0131ndan de\u011fil halk taraf\u0131ndan yap\u0131ld\u0131\u011f\u0131, bu sene de, \u201cK\u0131br\u0131s K\u00fclt\u00fcr El\u00e7ileri\u201d taraf\u0131ndan a\u00e7\u0131laca\u011f\u0131 belirtildi. Kat\u0131l\u0131mc\u0131lar g\u00fcn [&hellip;]\" \/>\n<meta property=\"og:url\" content=\"https:\/\/kuzeyinsesi.org\/index.php\/2024\/11\/02\/lefke-hurma-festivali-yarin-yapiliyor\/\" \/>\n<meta property=\"og:site_name\" content=\"Kuzeyin Sesi\" \/>\n<meta property=\"article:publisher\" content=\"https:\/\/www.facebook.com\/kuzeyinsesii\" \/>\n<meta property=\"article:published_time\" content=\"2024-11-02T14:47:10+00:00\" \/>\n<meta property=\"og:image\" content=\"https:\/\/brtk.net\/wp-content\/uploads\/2024\/11\/02\/lefke-hurma-festivali-yarin-5.jpg?ver=f91c0459752ec1dc35ababa328af488d\" \/>\n<meta name=\"author\" content=\"Kuzeyin Sesi\" \/>\n<meta name=\"twitter:card\" content=\"summary_large_image\" \/>\n<meta name=\"twitter:creator\" content=\"@kuzeyinsesii\" \/>\n<meta name=\"twitter:site\" content=\"@kuzeyinsesii\" \/>\n<meta name=\"twitter:label1\" content=\"Yazan:\" \/>\n\t<meta name=\"twitter:data1\" content=\"Kuzeyin Sesi\" \/>\n\t<meta name=\"twitter:label2\" content=\"Tahmini okuma s\u00fcresi\" \/>\n\t<meta name=\"twitter:data2\" content=\"1 dakika\" \/>\n<script type=\"application\/ld+json\" class=\"yoast-schema-graph\">{\"@context\":\"https:\\\/\\\/schema.org\",\"@graph\":[{\"@type\":\"Article\",\"@id\":\"https:\\\/\\\/kuzeyinsesi.org\\\/index.php\\\/2024\\\/11\\\/02\\\/lefke-hurma-festivali-yarin-yapiliyor\\\/#article\",\"isPartOf\":{\"@id\":\"https:\\\/\\\/kuzeyinsesi.org\\\/index.php\\\/2024\\\/11\\\/02\\\/lefke-hurma-festivali-yarin-yapiliyor\\\/\"},\"author\":{\"name\":\"Kuzeyin Sesi\",\"@id\":\"https:\\\/\\\/kuzeyinsesi.org\\\/#\\\/schema\\\/person\\\/9f859689cdf01485597712386e37f5aa\"},\"headline\":\"Lefke Hurma Festivali yar\u0131n yap\u0131l\u0131yor\",\"datePublished\":\"2024-11-02T14:47:10+00:00\",\"mainEntityOfPage\":{\"@id\":\"https:\\\/\\\/kuzeyinsesi.org\\\/index.php\\\/2024\\\/11\\\/02\\\/lefke-hurma-festivali-yarin-yapiliyor\\\/\"},\"wordCount\":288,\"commentCount\":0,\"image\":{\"@id\":\"https:\\\/\\\/kuzeyinsesi.org\\\/index.php\\\/2024\\\/11\\\/02\\\/lefke-hurma-festivali-yarin-yapiliyor\\\/#primaryimage\"},\"thumbnailUrl\":\"https:\\\/\\\/kuzeyinsesi.org\\\/wp-content\\\/uploads\\\/2024\\\/11\\\/lefke-hurma-festivali-yarin-5.jpg\",\"articleSection\":[\"Ya\u015fam\"],\"inLanguage\":\"tr\",\"potentialAction\":[{\"@type\":\"CommentAction\",\"name\":\"Comment\",\"target\":[\"https:\\\/\\\/kuzeyinsesi.org\\\/index.php\\\/2024\\\/11\\\/02\\\/lefke-hurma-festivali-yarin-yapiliyor\\\/#respond\"]}]},{\"@type\":\"WebPage\",\"@id\":\"https:\\\/\\\/kuzeyinsesi.org\\\/index.php\\\/2024\\\/11\\\/02\\\/lefke-hurma-festivali-yarin-yapiliyor\\\/\",\"url\":\"https:\\\/\\\/kuzeyinsesi.org\\\/index.php\\\/2024\\\/11\\\/02\\\/lefke-hurma-festivali-yarin-yapiliyor\\\/\",\"name\":\"Lefke Hurma Festivali yar\u0131n yap\u0131l\u0131yor - Kuzeyin Sesi\",\"isPartOf\":{\"@id\":\"https:\\\/\\\/kuzeyinsesi.org\\\/#website\"},\"primaryImageOfPage\":{\"@id\":\"https:\\\/\\\/kuzeyinsesi.org\\\/index.php\\\/2024\\\/11\\\/02\\\/lefke-hurma-festivali-yarin-yapiliyor\\\/#primaryimage\"},\"image\":{\"@id\":\"https:\\\/\\\/kuzeyinsesi.org\\\/index.php\\\/2024\\\/11\\\/02\\\/lefke-hurma-festivali-yarin-yapiliyor\\\/#primaryimage\"},\"thumbnailUrl\":\"https:\\\/\\\/kuzeyinsesi.org\\\/wp-content\\\/uploads\\\/2024\\\/11\\\/lefke-hurma-festivali-yarin-5.jpg\",\"datePublished\":\"2024-11-02T14:47:10+00:00\",\"author\":{\"@id\":\"https:\\\/\\\/kuzeyinsesi.org\\\/#\\\/schema\\\/person\\\/9f859689cdf01485597712386e37f5aa\"},\"breadcrumb\":{\"@id\":\"https:\\\/\\\/kuzeyinsesi.org\\\/index.php\\\/2024\\\/11\\\/02\\\/lefke-hurma-festivali-yarin-yapiliyor\\\/#breadcrumb\"},\"inLanguage\":\"tr\",\"potentialAction\":[{\"@type\":\"ReadAction\",\"target\":[\"https:\\\/\\\/kuzeyinsesi.org\\\/index.php\\\/2024\\\/11\\\/02\\\/lefke-hurma-festivali-yarin-yapiliyor\\\/\"]}]},{\"@type\":\"ImageObject\",\"inLanguage\":\"tr\",\"@id\":\"https:\\\/\\\/kuzeyinsesi.org\\\/index.php\\\/2024\\\/11\\\/02\\\/lefke-hurma-festivali-yarin-yapiliyor\\\/#primaryimage\",\"url\":\"https:\\\/\\\/kuzeyinsesi.org\\\/wp-content\\\/uploads\\\/2024\\\/11\\\/lefke-hurma-festivali-yarin-5.jpg\",\"contentUrl\":\"https:\\\/\\\/kuzeyinsesi.org\\\/wp-content\\\/uploads\\\/2024\\\/11\\\/lefke-hurma-festivali-yarin-5.jpg\",\"width\":1080,\"height\":810},{\"@type\":\"BreadcrumbList\",\"@id\":\"https:\\\/\\\/kuzeyinsesi.org\\\/index.php\\\/2024\\\/11\\\/02\\\/lefke-hurma-festivali-yarin-yapiliyor\\\/#breadcrumb\",\"itemListElement\":[{\"@type\":\"ListItem\",\"position\":1,\"name\":\"Anasayfa\",\"item\":\"https:\\\/\\\/kuzeyinsesi.org\\\/\"},{\"@type\":\"ListItem\",\"position\":2,\"name\":\"Lefke Hurma Festivali yar\u0131n yap\u0131l\u0131yor\"}]},{\"@type\":\"WebSite\",\"@id\":\"https:\\\/\\\/kuzeyinsesi.org\\\/#website\",\"url\":\"https:\\\/\\\/kuzeyinsesi.org\\\/\",\"name\":\"Kuzeyin Sesi\",\"description\":\"Do\u011fru Haberin Adresi\",\"potentialAction\":[{\"@type\":\"SearchAction\",\"target\":{\"@type\":\"EntryPoint\",\"urlTemplate\":\"https:\\\/\\\/kuzeyinsesi.org\\\/?s={search_term_string}\"},\"query-input\":{\"@type\":\"PropertyValueSpecification\",\"valueRequired\":true,\"valueName\":\"search_term_string\"}}],\"inLanguage\":\"tr\"},{\"@type\":\"Person\",\"@id\":\"https:\\\/\\\/kuzeyinsesi.org\\\/#\\\/schema\\\/person\\\/9f859689cdf01485597712386e37f5aa\",\"name\":\"Kuzeyin Sesi\",\"image\":{\"@type\":\"ImageObject\",\"inLanguage\":\"tr\",\"@id\":\"https:\\\/\\\/secure.gravatar.com\\\/avatar\\\/bab33852abfd8b282518d6ed81826833d77c3c882d9ab608add591ccace47a44?s=96&d=mm&r=g\",\"url\":\"https:\\\/\\\/secure.gravatar.com\\\/avatar\\\/bab33852abfd8b282518d6ed81826833d77c3c882d9ab608add591ccace47a44?s=96&d=mm&r=g\",\"contentUrl\":\"https:\\\/\\\/secure.gravatar.com\\\/avatar\\\/bab33852abfd8b282518d6ed81826833d77c3c882d9ab608add591ccace47a44?s=96&d=mm&r=g\",\"caption\":\"Kuzeyin Sesi\"},\"sameAs\":[\"https:\\\/\\\/kuzeyinsesi.org\"],\"url\":\"https:\\\/\\\/kuzeyinsesi.org\\\/index.php\\\/author\\\/guven\\\/\"}]}<\/script>\n<!-- \/ Yoast SEO plugin. -->","yoast_head_json":{"title":"Lefke Hurma Festivali yar\u0131n yap\u0131l\u0131yor - Kuzeyin Sesi","robots":{"index":"index","follow":"follow","max-snippet":"max-snippet:-1","max-image-preview":"max-image-preview:large","max-video-preview":"max-video-preview:-1"},"canonical":"https:\/\/kuzeyinsesi.org\/index.php\/2024\/11\/02\/lefke-hurma-festivali-yarin-yapiliyor\/","og_locale":"tr_TR","og_type":"article","og_title":"Lefke Hurma Festivali yar\u0131n yap\u0131l\u0131yor - Kuzeyin Sesi","og_description":"Lefke Belediyesi ve Lefke Turizm Derne\u011fi i\u015f birli\u011finde d\u00fczenlenen \u201c15. Lefke Hurma Festivali\u201d yar\u0131n yap\u0131l\u0131yor. K\u0131br\u0131s\u2019\u0131n hurmas\u0131yla \u00fcnl\u00fc kenti Lefke\u2019deki Festival, Lefke \u00c7ar\u015f\u0131 merkezinde 09.30- 18.00 saatleri aras\u0131nda d\u00fczenlenecek. Festivalle ilgili a\u00e7\u0131klamada, festivalin \u201chalk\u0131n festivali\u201d oldu\u011fu vurgulanarak, a\u00e7\u0131l\u0131\u015f\u0131n\u0131n siyasiler taraf\u0131ndan de\u011fil halk taraf\u0131ndan yap\u0131ld\u0131\u011f\u0131, bu sene de, \u201cK\u0131br\u0131s K\u00fclt\u00fcr El\u00e7ileri\u201d taraf\u0131ndan a\u00e7\u0131laca\u011f\u0131 belirtildi. Kat\u0131l\u0131mc\u0131lar g\u00fcn [&hellip;]","og_url":"https:\/\/kuzeyinsesi.org\/index.php\/2024\/11\/02\/lefke-hurma-festivali-yarin-yapiliyor\/","og_site_name":"Kuzeyin Sesi","article_publisher":"https:\/\/www.facebook.com\/kuzeyinsesii","article_published_time":"2024-11-02T14:47:10+00:00","og_image":[{"url":"https:\/\/brtk.net\/wp-content\/uploads\/2024\/11\/02\/lefke-hurma-festivali-yarin-5.jpg?ver=f91c0459752ec1dc35ababa328af488d","type":"","width":"","height":""}],"author":"Kuzeyin Sesi","twitter_card":"summary_large_image","twitter_creator":"@kuzeyinsesii","twitter_site":"@kuzeyinsesii","twitter_misc":{"Yazan:":"Kuzeyin Sesi","Tahmini okuma s\u00fcresi":"1 dakika"},"schema":{"@context":"https:\/\/schema.org","@graph":[{"@type":"Article","@id":"https:\/\/kuzeyinsesi.org\/index.php\/2024\/11\/02\/lefke-hurma-festivali-yarin-yapiliyor\/#article","isPartOf":{"@id":"https:\/\/kuzeyinsesi.org\/index.php\/2024\/11\/02\/lefke-hurma-festivali-yarin-yapiliyor\/"},"author":{"name":"Kuzeyin Sesi","@id":"https:\/\/kuzeyinsesi.org\/#\/schema\/person\/9f859689cdf01485597712386e37f5aa"},"headline":"Lefke Hurma Festivali yar\u0131n yap\u0131l\u0131yor","datePublished":"2024-11-02T14:47:10+00:00","mainEntityOfPage":{"@id":"https:\/\/kuzeyinsesi.org\/index.php\/2024\/11\/02\/lefke-hurma-festivali-yarin-yapiliyor\/"},"wordCount":288,"commentCount":0,"image":{"@id":"https:\/\/kuzeyinsesi.org\/index.php\/2024\/11\/02\/lefke-hurma-festivali-yarin-yapiliyor\/#primaryimage"},"thumbnailUrl":"https:\/\/kuzeyinsesi.org\/wp-content\/uploads\/2024\/11\/lefke-hurma-festivali-yarin-5.jpg","articleSection":["Ya\u015fam"],"inLanguage":"tr","potentialAction":[{"@type":"CommentAction","name":"Comment","target":["https:\/\/kuzeyinsesi.org\/index.php\/2024\/11\/02\/lefke-hurma-festivali-yarin-yapiliyor\/#respond"]}]},{"@type":"WebPage","@id":"https:\/\/kuzeyinsesi.org\/index.php\/2024\/11\/02\/lefke-hurma-festivali-yarin-yapiliyor\/","url":"https:\/\/kuzeyinsesi.org\/index.php\/2024\/11\/02\/lefke-hurma-festivali-yarin-yapiliyor\/","name":"Lefke Hurma Festivali yar\u0131n yap\u0131l\u0131yor - Kuzeyin Sesi","isPartOf":{"@id":"https:\/\/kuzeyinsesi.org\/#website"},"primaryImageOfPage":{"@id":"https:\/\/kuzeyinsesi.org\/index.php\/2024\/11\/02\/lefke-hurma-festivali-yarin-yapiliyor\/#primaryimage"},"image":{"@id":"https:\/\/kuzeyinsesi.org\/index.php\/2024\/11\/02\/lefke-hurma-festivali-yarin-yapiliyor\/#primaryimage"},"thumbnailUrl":"https:\/\/kuzeyinsesi.org\/wp-content\/uploads\/2024\/11\/lefke-hurma-festivali-yarin-5.jpg","datePublished":"2024-11-02T14:47:10+00:00","author":{"@id":"https:\/\/kuzeyinsesi.org\/#\/schema\/person\/9f859689cdf01485597712386e37f5aa"},"breadcrumb":{"@id":"https:\/\/kuzeyinsesi.org\/index.php\/2024\/11\/02\/lefke-hurma-festivali-yarin-yapiliyor\/#breadcrumb"},"inLanguage":"tr","potentialAction":[{"@type":"ReadAction","target":["https:\/\/kuzeyinsesi.org\/index.php\/2024\/11\/02\/lefke-hurma-festivali-yarin-yapiliyor\/"]}]},{"@type":"ImageObject","inLanguage":"tr","@id":"https:\/\/kuzeyinsesi.org\/index.php\/2024\/11\/02\/lefke-hurma-festivali-yarin-yapiliyor\/#primaryimage","url":"https:\/\/kuzeyinsesi.org\/wp-content\/uploads\/2024\/11\/lefke-hurma-festivali-yarin-5.jpg","contentUrl":"https:\/\/kuzeyinsesi.org\/wp-content\/uploads\/2024\/11\/lefke-hurma-festivali-yarin-5.jpg","width":1080,"height":810},{"@type":"BreadcrumbList","@id":"https:\/\/kuzeyinsesi.org\/index.php\/2024\/11\/02\/lefke-hurma-festivali-yarin-yapiliyor\/#breadcrumb","itemListElement":[{"@type":"ListItem","position":1,"name":"Anasayfa","item":"https:\/\/kuzeyinsesi.org\/"},{"@type":"ListItem","position":2,"name":"Lefke Hurma Festivali yar\u0131n yap\u0131l\u0131yor"}]},{"@type":"WebSite","@id":"https:\/\/kuzeyinsesi.org\/#website","url":"https:\/\/kuzeyinsesi.org\/","name":"Kuzeyin Sesi","description":"Do\u011fru Haberin Adresi","potentialAction":[{"@type":"SearchAction","target":{"@type":"EntryPoint","urlTemplate":"https:\/\/kuzeyinsesi.org\/?s={search_term_string}"},"query-input":{"@type":"PropertyValueSpecification","valueRequired":true,"valueName":"search_term_string"}}],"inLanguage":"tr"},{"@type":"Person","@id":"https:\/\/kuzeyinsesi.org\/#\/schema\/person\/9f859689cdf01485597712386e37f5aa","name":"Kuzeyin Sesi","image":{"@type":"ImageObject","inLanguage":"tr","@id":"https:\/\/secure.gravatar.com\/avatar\/bab33852abfd8b282518d6ed81826833d77c3c882d9ab608add591ccace47a44?s=96&d=mm&r=g","url":"https:\/\/secure.gravatar.com\/avatar\/bab33852abfd8b282518d6ed81826833d77c3c882d9ab608add591ccace47a44?s=96&d=mm&r=g","contentUrl":"https:\/\/secure.gravatar.com\/avatar\/bab33852abfd8b282518d6ed81826833d77c3c882d9ab608add591ccace47a44?s=96&d=mm&r=g","caption":"Kuzeyin Sesi"},"sameAs":["https:\/\/kuzeyinsesi.org"],"url":"https:\/\/kuzeyinsesi.org\/index.php\/author\/guven\/"}]}},"_links":{"self":[{"href":"https:\/\/kuzeyinsesi.org\/index.php\/wp-json\/wp\/v2\/posts\/12797","targetHints":{"allow":["GET"]}}],"collection":[{"href":"https:\/\/kuzeyinsesi.org\/index.php\/wp-json\/wp\/v2\/posts"}],"about":[{"href":"https:\/\/kuzeyinsesi.org\/index.php\/wp-json\/wp\/v2\/types\/post"}],"author":[{"embeddable":true,"href":"https:\/\/kuzeyinsesi.org\/index.php\/wp-json\/wp\/v2\/users\/1"}],"replies":[{"embeddable":true,"href":"https:\/\/kuzeyinsesi.org\/index.php\/wp-json\/wp\/v2\/comments?post=12797"}],"version-history":[{"count":0,"href":"https:\/\/kuzeyinsesi.org\/index.php\/wp-json\/wp\/v2\/posts\/12797\/revisions"}],"wp:featuredmedia":[{"embeddable":true,"href":"https:\/\/kuzeyinsesi.org\/index.php\/wp-json\/wp\/v2\/media\/12798"}],"wp:attachment":[{"href":"https:\/\/kuzeyinsesi.org\/index.php\/wp-json\/wp\/v2\/media?parent=12797"}],"wp:term":[{"taxonomy":"category","embeddable":true,"href":"https:\/\/kuzeyinsesi.org\/index.php\/wp-json\/wp\/v2\/categories?post=12797"},{"taxonomy":"post_tag","embeddable":true,"href":"https:\/\/kuzeyinsesi.org\/index.php\/wp-json\/wp\/v2\/tags?post=12797"}],"curies":[{"name":"wp","href":"https:\/\/api.w.org\/{rel}","templated":true}]}}