{"id":12785,"date":"2024-11-02T15:44:52","date_gmt":"2024-11-02T13:44:52","guid":{"rendered":"https:\/\/kuzeyinsesi.org\/index.php\/2024\/11\/02\/lbo-ve-baris-icin-iki-toplumlu-koro-kktc-ve-guney-kibrista-konser-verecek\/"},"modified":"2024-11-02T15:44:52","modified_gmt":"2024-11-02T13:44:52","slug":"lbo-ve-baris-icin-iki-toplumlu-koro-kktc-ve-guney-kibrista-konser-verecek","status":"publish","type":"post","link":"https:\/\/kuzeyinsesi.org\/index.php\/2024\/11\/02\/lbo-ve-baris-icin-iki-toplumlu-koro-kktc-ve-guney-kibrista-konser-verecek\/","title":{"rendered":"LBO ve Bar\u0131\u015f \u0130\u00e7in \u0130ki Toplumlu Koro KKTC ve G\u00fcney KIbr\u0131s\u2019ta konser verecek"},"content":{"rendered":"<div>\n<div class=\"mariselle-image-container center\">\n                                            <\/div>\n<p>\nLefko\u015fa Belediye Orkestras\u0131 (LBO) ve Bar\u0131\u015f \u0130\u00e7in \u0130ki Toplumlu Koro KKTC ve G\u00fcney K\u0131br\u0131s\u2019ta  konser verecek.<\/p>\n<p>Lefko\u015fa T\u00fcrk Belediyesi\u2019nden yap\u0131lan a\u00e7\u0131klamaya g\u00f6re, KKTC\u2018deki konser pazartesi g\u00fcn\u00fc saat 20.00\u2019de Rauf Denkta\u015f \u00dcniversitesi K\u00fclt\u00fcr ve Kongre Merkezi\u2019nde (Eski M\u0131s\u0131rl\u0131zade Sinemas\u0131); G\u00fcney K\u0131br\u0131s\u2019taki konser ise \u00e7ar\u015famba ak\u015fam\u0131 saat 20.00\u2019de Lefko\u015fa\u2019n\u0131n g\u00fcneyindeki Dali Panorama Sinemas\u0131\u2019nda yer alacak.<\/p>\n<p>Halka a\u00e7\u0131k ve \u00fccretsiz  yap\u0131lacak konserlerin koro \u015fefleri K\u00fcr\u015fat Tilki ile Georgio Polyniki, orkestra \u015fefi ise Oskay Hoca olacak.<\/p>\n<\/p><\/div>\n<p><script async\n                    defer\n                    crossorigin=\"anonymous\"\n                    src=\"https:\/\/connect.facebook.net\/tr_TR\/sdk.js#xfbml=1&#038;version=v3.3\"\n            ><\/script><\/p>\n","protected":false},"excerpt":{"rendered":"<p>Lefko\u015fa Belediye Orkestras\u0131 (LBO) ve Bar\u0131\u015f \u0130\u00e7in \u0130ki Toplumlu Koro KKTC ve G\u00fcney K\u0131br\u0131s\u2019ta konser verecek. Lefko\u015fa T\u00fcrk Belediyesi\u2019nden yap\u0131lan a\u00e7\u0131klamaya g\u00f6re, KKTC\u2018deki konser pazartesi g\u00fcn\u00fc saat 20.00\u2019de Rauf Denkta\u015f \u00dcniversitesi K\u00fclt\u00fcr ve Kongre Merkezi\u2019nde (Eski M\u0131s\u0131rl\u0131zade Sinemas\u0131); G\u00fcney K\u0131br\u0131s\u2019taki konser ise \u00e7ar\u015famba ak\u015fam\u0131 saat 20.00\u2019de Lefko\u015fa\u2019n\u0131n g\u00fcneyindeki Dali Panorama Sinemas\u0131\u2019nda yer alacak. Halka a\u00e7\u0131k [&hellip;]<\/p>\n","protected":false},"author":1,"featured_media":12786,"comment_status":"open","ping_status":"open","sticky":false,"template":"","format":"standard","meta":{"jnews-multi-image_gallery":[],"jnews_single_post":[],"jnews_primary_category":[],"jnews_social_meta":[],"jnews_override_counter":[],"footnotes":""},"categories":[6],"tags":[],"class_list":["post-12785","post","type-post","status-publish","format-standard","has-post-thumbnail","hentry","category-yasam"],"yoast_head":"<!-- This site is optimized with the Yoast SEO plugin v27.4 - https:\/\/yoast.com\/product\/yoast-seo-wordpress\/ -->\n<title>LBO ve Bar\u0131\u015f \u0130\u00e7in \u0130ki Toplumlu Koro KKTC ve G\u00fcney KIbr\u0131s\u2019ta konser verecek - Kuzeyin Sesi<\/title>\n<meta name=\"robots\" content=\"index, follow, max-snippet:-1, max-image-preview:large, max-video-preview:-1\" \/>\n<link rel=\"canonical\" href=\"https:\/\/kuzeyinsesi.org\/index.php\/2024\/11\/02\/lbo-ve-baris-icin-iki-toplumlu-koro-kktc-ve-guney-kibrista-konser-verecek\/\" \/>\n<meta property=\"og:locale\" content=\"tr_TR\" \/>\n<meta property=\"og:type\" content=\"article\" \/>\n<meta property=\"og:title\" content=\"LBO ve Bar\u0131\u015f \u0130\u00e7in \u0130ki Toplumlu Koro KKTC ve G\u00fcney KIbr\u0131s\u2019ta konser verecek - Kuzeyin Sesi\" \/>\n<meta property=\"og:description\" content=\"Lefko\u015fa Belediye Orkestras\u0131 (LBO) ve Bar\u0131\u015f \u0130\u00e7in \u0130ki Toplumlu Koro KKTC ve G\u00fcney K\u0131br\u0131s\u2019ta konser verecek. Lefko\u015fa T\u00fcrk Belediyesi\u2019nden yap\u0131lan a\u00e7\u0131klamaya g\u00f6re, KKTC\u2018deki konser pazartesi g\u00fcn\u00fc saat 20.00\u2019de Rauf Denkta\u015f \u00dcniversitesi K\u00fclt\u00fcr ve Kongre Merkezi\u2019nde (Eski M\u0131s\u0131rl\u0131zade Sinemas\u0131); G\u00fcney K\u0131br\u0131s\u2019taki konser ise \u00e7ar\u015famba ak\u015fam\u0131 saat 20.00\u2019de Lefko\u015fa\u2019n\u0131n g\u00fcneyindeki Dali Panorama Sinemas\u0131\u2019nda yer alacak. Halka a\u00e7\u0131k [&hellip;]\" \/>\n<meta property=\"og:url\" content=\"https:\/\/kuzeyinsesi.org\/index.php\/2024\/11\/02\/lbo-ve-baris-icin-iki-toplumlu-koro-kktc-ve-guney-kibrista-konser-verecek\/\" \/>\n<meta property=\"og:site_name\" content=\"Kuzeyin Sesi\" \/>\n<meta property=\"article:publisher\" content=\"https:\/\/www.facebook.com\/kuzeyinsesii\" \/>\n<meta property=\"article:published_time\" content=\"2024-11-02T13:44:52+00:00\" \/>\n<meta property=\"og:image\" content=\"https:\/\/brtk.net\/wp-content\/uploads\/2024\/11\/02\/konser-afisi.jpeg?ver=94815372dd1e98a0e9a233638901d04c\" \/>\n<meta name=\"author\" content=\"Kuzeyin Sesi\" \/>\n<meta name=\"twitter:card\" content=\"summary_large_image\" \/>\n<meta name=\"twitter:creator\" content=\"@kuzeyinsesii\" \/>\n<meta name=\"twitter:site\" content=\"@kuzeyinsesii\" \/>\n<meta name=\"twitter:label1\" content=\"Yazan:\" \/>\n\t<meta name=\"twitter:data1\" content=\"Kuzeyin Sesi\" \/>\n\t<meta name=\"twitter:label2\" content=\"Tahmini okuma s\u00fcresi\" \/>\n\t<meta name=\"twitter:data2\" content=\"1 dakika\" \/>\n<script type=\"application\/ld+json\" class=\"yoast-schema-graph\">{\"@context\":\"https:\\\/\\\/schema.org\",\"@graph\":[{\"@type\":\"Article\",\"@id\":\"https:\\\/\\\/kuzeyinsesi.org\\\/index.php\\\/2024\\\/11\\\/02\\\/lbo-ve-baris-icin-iki-toplumlu-koro-kktc-ve-guney-kibrista-konser-verecek\\\/#article\",\"isPartOf\":{\"@id\":\"https:\\\/\\\/kuzeyinsesi.org\\\/index.php\\\/2024\\\/11\\\/02\\\/lbo-ve-baris-icin-iki-toplumlu-koro-kktc-ve-guney-kibrista-konser-verecek\\\/\"},\"author\":{\"name\":\"Kuzeyin Sesi\",\"@id\":\"https:\\\/\\\/kuzeyinsesi.org\\\/#\\\/schema\\\/person\\\/9f859689cdf01485597712386e37f5aa\"},\"headline\":\"LBO ve Bar\u0131\u015f \u0130\u00e7in \u0130ki Toplumlu Koro KKTC ve G\u00fcney KIbr\u0131s\u2019ta konser verecek\",\"datePublished\":\"2024-11-02T13:44:52+00:00\",\"mainEntityOfPage\":{\"@id\":\"https:\\\/\\\/kuzeyinsesi.org\\\/index.php\\\/2024\\\/11\\\/02\\\/lbo-ve-baris-icin-iki-toplumlu-koro-kktc-ve-guney-kibrista-konser-verecek\\\/\"},\"wordCount\":122,\"commentCount\":0,\"image\":{\"@id\":\"https:\\\/\\\/kuzeyinsesi.org\\\/index.php\\\/2024\\\/11\\\/02\\\/lbo-ve-baris-icin-iki-toplumlu-koro-kktc-ve-guney-kibrista-konser-verecek\\\/#primaryimage\"},\"thumbnailUrl\":\"https:\\\/\\\/kuzeyinsesi.org\\\/wp-content\\\/uploads\\\/2024\\\/11\\\/konser-afisi.jpeg\",\"articleSection\":[\"Ya\u015fam\"],\"inLanguage\":\"tr\",\"potentialAction\":[{\"@type\":\"CommentAction\",\"name\":\"Comment\",\"target\":[\"https:\\\/\\\/kuzeyinsesi.org\\\/index.php\\\/2024\\\/11\\\/02\\\/lbo-ve-baris-icin-iki-toplumlu-koro-kktc-ve-guney-kibrista-konser-verecek\\\/#respond\"]}]},{\"@type\":\"WebPage\",\"@id\":\"https:\\\/\\\/kuzeyinsesi.org\\\/index.php\\\/2024\\\/11\\\/02\\\/lbo-ve-baris-icin-iki-toplumlu-koro-kktc-ve-guney-kibrista-konser-verecek\\\/\",\"url\":\"https:\\\/\\\/kuzeyinsesi.org\\\/index.php\\\/2024\\\/11\\\/02\\\/lbo-ve-baris-icin-iki-toplumlu-koro-kktc-ve-guney-kibrista-konser-verecek\\\/\",\"name\":\"LBO ve Bar\u0131\u015f \u0130\u00e7in \u0130ki Toplumlu Koro KKTC ve G\u00fcney KIbr\u0131s\u2019ta konser verecek - Kuzeyin Sesi\",\"isPartOf\":{\"@id\":\"https:\\\/\\\/kuzeyinsesi.org\\\/#website\"},\"primaryImageOfPage\":{\"@id\":\"https:\\\/\\\/kuzeyinsesi.org\\\/index.php\\\/2024\\\/11\\\/02\\\/lbo-ve-baris-icin-iki-toplumlu-koro-kktc-ve-guney-kibrista-konser-verecek\\\/#primaryimage\"},\"image\":{\"@id\":\"https:\\\/\\\/kuzeyinsesi.org\\\/index.php\\\/2024\\\/11\\\/02\\\/lbo-ve-baris-icin-iki-toplumlu-koro-kktc-ve-guney-kibrista-konser-verecek\\\/#primaryimage\"},\"thumbnailUrl\":\"https:\\\/\\\/kuzeyinsesi.org\\\/wp-content\\\/uploads\\\/2024\\\/11\\\/konser-afisi.jpeg\",\"datePublished\":\"2024-11-02T13:44:52+00:00\",\"author\":{\"@id\":\"https:\\\/\\\/kuzeyinsesi.org\\\/#\\\/schema\\\/person\\\/9f859689cdf01485597712386e37f5aa\"},\"breadcrumb\":{\"@id\":\"https:\\\/\\\/kuzeyinsesi.org\\\/index.php\\\/2024\\\/11\\\/02\\\/lbo-ve-baris-icin-iki-toplumlu-koro-kktc-ve-guney-kibrista-konser-verecek\\\/#breadcrumb\"},\"inLanguage\":\"tr\",\"potentialAction\":[{\"@type\":\"ReadAction\",\"target\":[\"https:\\\/\\\/kuzeyinsesi.org\\\/index.php\\\/2024\\\/11\\\/02\\\/lbo-ve-baris-icin-iki-toplumlu-koro-kktc-ve-guney-kibrista-konser-verecek\\\/\"]}]},{\"@type\":\"ImageObject\",\"inLanguage\":\"tr\",\"@id\":\"https:\\\/\\\/kuzeyinsesi.org\\\/index.php\\\/2024\\\/11\\\/02\\\/lbo-ve-baris-icin-iki-toplumlu-koro-kktc-ve-guney-kibrista-konser-verecek\\\/#primaryimage\",\"url\":\"https:\\\/\\\/kuzeyinsesi.org\\\/wp-content\\\/uploads\\\/2024\\\/11\\\/konser-afisi.jpeg\",\"contentUrl\":\"https:\\\/\\\/kuzeyinsesi.org\\\/wp-content\\\/uploads\\\/2024\\\/11\\\/konser-afisi.jpeg\",\"width\":1134,\"height\":1600},{\"@type\":\"BreadcrumbList\",\"@id\":\"https:\\\/\\\/kuzeyinsesi.org\\\/index.php\\\/2024\\\/11\\\/02\\\/lbo-ve-baris-icin-iki-toplumlu-koro-kktc-ve-guney-kibrista-konser-verecek\\\/#breadcrumb\",\"itemListElement\":[{\"@type\":\"ListItem\",\"position\":1,\"name\":\"Anasayfa\",\"item\":\"https:\\\/\\\/kuzeyinsesi.org\\\/\"},{\"@type\":\"ListItem\",\"position\":2,\"name\":\"LBO ve Bar\u0131\u015f \u0130\u00e7in \u0130ki Toplumlu Koro KKTC ve G\u00fcney KIbr\u0131s\u2019ta konser verecek\"}]},{\"@type\":\"WebSite\",\"@id\":\"https:\\\/\\\/kuzeyinsesi.org\\\/#website\",\"url\":\"https:\\\/\\\/kuzeyinsesi.org\\\/\",\"name\":\"Kuzeyin Sesi\",\"description\":\"Do\u011fru Haberin Adresi\",\"potentialAction\":[{\"@type\":\"SearchAction\",\"target\":{\"@type\":\"EntryPoint\",\"urlTemplate\":\"https:\\\/\\\/kuzeyinsesi.org\\\/?s={search_term_string}\"},\"query-input\":{\"@type\":\"PropertyValueSpecification\",\"valueRequired\":true,\"valueName\":\"search_term_string\"}}],\"inLanguage\":\"tr\"},{\"@type\":\"Person\",\"@id\":\"https:\\\/\\\/kuzeyinsesi.org\\\/#\\\/schema\\\/person\\\/9f859689cdf01485597712386e37f5aa\",\"name\":\"Kuzeyin Sesi\",\"image\":{\"@type\":\"ImageObject\",\"inLanguage\":\"tr\",\"@id\":\"https:\\\/\\\/secure.gravatar.com\\\/avatar\\\/bab33852abfd8b282518d6ed81826833d77c3c882d9ab608add591ccace47a44?s=96&d=mm&r=g\",\"url\":\"https:\\\/\\\/secure.gravatar.com\\\/avatar\\\/bab33852abfd8b282518d6ed81826833d77c3c882d9ab608add591ccace47a44?s=96&d=mm&r=g\",\"contentUrl\":\"https:\\\/\\\/secure.gravatar.com\\\/avatar\\\/bab33852abfd8b282518d6ed81826833d77c3c882d9ab608add591ccace47a44?s=96&d=mm&r=g\",\"caption\":\"Kuzeyin Sesi\"},\"sameAs\":[\"https:\\\/\\\/kuzeyinsesi.org\"],\"url\":\"https:\\\/\\\/kuzeyinsesi.org\\\/index.php\\\/author\\\/guven\\\/\"}]}<\/script>\n<!-- \/ Yoast SEO plugin. -->","yoast_head_json":{"title":"LBO ve Bar\u0131\u015f \u0130\u00e7in \u0130ki Toplumlu Koro KKTC ve G\u00fcney KIbr\u0131s\u2019ta konser verecek - Kuzeyin Sesi","robots":{"index":"index","follow":"follow","max-snippet":"max-snippet:-1","max-image-preview":"max-image-preview:large","max-video-preview":"max-video-preview:-1"},"canonical":"https:\/\/kuzeyinsesi.org\/index.php\/2024\/11\/02\/lbo-ve-baris-icin-iki-toplumlu-koro-kktc-ve-guney-kibrista-konser-verecek\/","og_locale":"tr_TR","og_type":"article","og_title":"LBO ve Bar\u0131\u015f \u0130\u00e7in \u0130ki Toplumlu Koro KKTC ve G\u00fcney KIbr\u0131s\u2019ta konser verecek - Kuzeyin Sesi","og_description":"Lefko\u015fa Belediye Orkestras\u0131 (LBO) ve Bar\u0131\u015f \u0130\u00e7in \u0130ki Toplumlu Koro KKTC ve G\u00fcney K\u0131br\u0131s\u2019ta konser verecek. Lefko\u015fa T\u00fcrk Belediyesi\u2019nden yap\u0131lan a\u00e7\u0131klamaya g\u00f6re, KKTC\u2018deki konser pazartesi g\u00fcn\u00fc saat 20.00\u2019de Rauf Denkta\u015f \u00dcniversitesi K\u00fclt\u00fcr ve Kongre Merkezi\u2019nde (Eski M\u0131s\u0131rl\u0131zade Sinemas\u0131); G\u00fcney K\u0131br\u0131s\u2019taki konser ise \u00e7ar\u015famba ak\u015fam\u0131 saat 20.00\u2019de Lefko\u015fa\u2019n\u0131n g\u00fcneyindeki Dali Panorama Sinemas\u0131\u2019nda yer alacak. Halka a\u00e7\u0131k [&hellip;]","og_url":"https:\/\/kuzeyinsesi.org\/index.php\/2024\/11\/02\/lbo-ve-baris-icin-iki-toplumlu-koro-kktc-ve-guney-kibrista-konser-verecek\/","og_site_name":"Kuzeyin Sesi","article_publisher":"https:\/\/www.facebook.com\/kuzeyinsesii","article_published_time":"2024-11-02T13:44:52+00:00","og_image":[{"url":"https:\/\/brtk.net\/wp-content\/uploads\/2024\/11\/02\/konser-afisi.jpeg?ver=94815372dd1e98a0e9a233638901d04c","type":"","width":"","height":""}],"author":"Kuzeyin Sesi","twitter_card":"summary_large_image","twitter_creator":"@kuzeyinsesii","twitter_site":"@kuzeyinsesii","twitter_misc":{"Yazan:":"Kuzeyin Sesi","Tahmini okuma s\u00fcresi":"1 dakika"},"schema":{"@context":"https:\/\/schema.org","@graph":[{"@type":"Article","@id":"https:\/\/kuzeyinsesi.org\/index.php\/2024\/11\/02\/lbo-ve-baris-icin-iki-toplumlu-koro-kktc-ve-guney-kibrista-konser-verecek\/#article","isPartOf":{"@id":"https:\/\/kuzeyinsesi.org\/index.php\/2024\/11\/02\/lbo-ve-baris-icin-iki-toplumlu-koro-kktc-ve-guney-kibrista-konser-verecek\/"},"author":{"name":"Kuzeyin Sesi","@id":"https:\/\/kuzeyinsesi.org\/#\/schema\/person\/9f859689cdf01485597712386e37f5aa"},"headline":"LBO ve Bar\u0131\u015f \u0130\u00e7in \u0130ki Toplumlu Koro KKTC ve G\u00fcney KIbr\u0131s\u2019ta konser verecek","datePublished":"2024-11-02T13:44:52+00:00","mainEntityOfPage":{"@id":"https:\/\/kuzeyinsesi.org\/index.php\/2024\/11\/02\/lbo-ve-baris-icin-iki-toplumlu-koro-kktc-ve-guney-kibrista-konser-verecek\/"},"wordCount":122,"commentCount":0,"image":{"@id":"https:\/\/kuzeyinsesi.org\/index.php\/2024\/11\/02\/lbo-ve-baris-icin-iki-toplumlu-koro-kktc-ve-guney-kibrista-konser-verecek\/#primaryimage"},"thumbnailUrl":"https:\/\/kuzeyinsesi.org\/wp-content\/uploads\/2024\/11\/konser-afisi.jpeg","articleSection":["Ya\u015fam"],"inLanguage":"tr","potentialAction":[{"@type":"CommentAction","name":"Comment","target":["https:\/\/kuzeyinsesi.org\/index.php\/2024\/11\/02\/lbo-ve-baris-icin-iki-toplumlu-koro-kktc-ve-guney-kibrista-konser-verecek\/#respond"]}]},{"@type":"WebPage","@id":"https:\/\/kuzeyinsesi.org\/index.php\/2024\/11\/02\/lbo-ve-baris-icin-iki-toplumlu-koro-kktc-ve-guney-kibrista-konser-verecek\/","url":"https:\/\/kuzeyinsesi.org\/index.php\/2024\/11\/02\/lbo-ve-baris-icin-iki-toplumlu-koro-kktc-ve-guney-kibrista-konser-verecek\/","name":"LBO ve Bar\u0131\u015f \u0130\u00e7in \u0130ki Toplumlu Koro KKTC ve G\u00fcney KIbr\u0131s\u2019ta konser verecek - Kuzeyin Sesi","isPartOf":{"@id":"https:\/\/kuzeyinsesi.org\/#website"},"primaryImageOfPage":{"@id":"https:\/\/kuzeyinsesi.org\/index.php\/2024\/11\/02\/lbo-ve-baris-icin-iki-toplumlu-koro-kktc-ve-guney-kibrista-konser-verecek\/#primaryimage"},"image":{"@id":"https:\/\/kuzeyinsesi.org\/index.php\/2024\/11\/02\/lbo-ve-baris-icin-iki-toplumlu-koro-kktc-ve-guney-kibrista-konser-verecek\/#primaryimage"},"thumbnailUrl":"https:\/\/kuzeyinsesi.org\/wp-content\/uploads\/2024\/11\/konser-afisi.jpeg","datePublished":"2024-11-02T13:44:52+00:00","author":{"@id":"https:\/\/kuzeyinsesi.org\/#\/schema\/person\/9f859689cdf01485597712386e37f5aa"},"breadcrumb":{"@id":"https:\/\/kuzeyinsesi.org\/index.php\/2024\/11\/02\/lbo-ve-baris-icin-iki-toplumlu-koro-kktc-ve-guney-kibrista-konser-verecek\/#breadcrumb"},"inLanguage":"tr","potentialAction":[{"@type":"ReadAction","target":["https:\/\/kuzeyinsesi.org\/index.php\/2024\/11\/02\/lbo-ve-baris-icin-iki-toplumlu-koro-kktc-ve-guney-kibrista-konser-verecek\/"]}]},{"@type":"ImageObject","inLanguage":"tr","@id":"https:\/\/kuzeyinsesi.org\/index.php\/2024\/11\/02\/lbo-ve-baris-icin-iki-toplumlu-koro-kktc-ve-guney-kibrista-konser-verecek\/#primaryimage","url":"https:\/\/kuzeyinsesi.org\/wp-content\/uploads\/2024\/11\/konser-afisi.jpeg","contentUrl":"https:\/\/kuzeyinsesi.org\/wp-content\/uploads\/2024\/11\/konser-afisi.jpeg","width":1134,"height":1600},{"@type":"BreadcrumbList","@id":"https:\/\/kuzeyinsesi.org\/index.php\/2024\/11\/02\/lbo-ve-baris-icin-iki-toplumlu-koro-kktc-ve-guney-kibrista-konser-verecek\/#breadcrumb","itemListElement":[{"@type":"ListItem","position":1,"name":"Anasayfa","item":"https:\/\/kuzeyinsesi.org\/"},{"@type":"ListItem","position":2,"name":"LBO ve Bar\u0131\u015f \u0130\u00e7in \u0130ki Toplumlu Koro KKTC ve G\u00fcney KIbr\u0131s\u2019ta konser verecek"}]},{"@type":"WebSite","@id":"https:\/\/kuzeyinsesi.org\/#website","url":"https:\/\/kuzeyinsesi.org\/","name":"Kuzeyin Sesi","description":"Do\u011fru Haberin Adresi","potentialAction":[{"@type":"SearchAction","target":{"@type":"EntryPoint","urlTemplate":"https:\/\/kuzeyinsesi.org\/?s={search_term_string}"},"query-input":{"@type":"PropertyValueSpecification","valueRequired":true,"valueName":"search_term_string"}}],"inLanguage":"tr"},{"@type":"Person","@id":"https:\/\/kuzeyinsesi.org\/#\/schema\/person\/9f859689cdf01485597712386e37f5aa","name":"Kuzeyin Sesi","image":{"@type":"ImageObject","inLanguage":"tr","@id":"https:\/\/secure.gravatar.com\/avatar\/bab33852abfd8b282518d6ed81826833d77c3c882d9ab608add591ccace47a44?s=96&d=mm&r=g","url":"https:\/\/secure.gravatar.com\/avatar\/bab33852abfd8b282518d6ed81826833d77c3c882d9ab608add591ccace47a44?s=96&d=mm&r=g","contentUrl":"https:\/\/secure.gravatar.com\/avatar\/bab33852abfd8b282518d6ed81826833d77c3c882d9ab608add591ccace47a44?s=96&d=mm&r=g","caption":"Kuzeyin Sesi"},"sameAs":["https:\/\/kuzeyinsesi.org"],"url":"https:\/\/kuzeyinsesi.org\/index.php\/author\/guven\/"}]}},"_links":{"self":[{"href":"https:\/\/kuzeyinsesi.org\/index.php\/wp-json\/wp\/v2\/posts\/12785","targetHints":{"allow":["GET"]}}],"collection":[{"href":"https:\/\/kuzeyinsesi.org\/index.php\/wp-json\/wp\/v2\/posts"}],"about":[{"href":"https:\/\/kuzeyinsesi.org\/index.php\/wp-json\/wp\/v2\/types\/post"}],"author":[{"embeddable":true,"href":"https:\/\/kuzeyinsesi.org\/index.php\/wp-json\/wp\/v2\/users\/1"}],"replies":[{"embeddable":true,"href":"https:\/\/kuzeyinsesi.org\/index.php\/wp-json\/wp\/v2\/comments?post=12785"}],"version-history":[{"count":0,"href":"https:\/\/kuzeyinsesi.org\/index.php\/wp-json\/wp\/v2\/posts\/12785\/revisions"}],"wp:featuredmedia":[{"embeddable":true,"href":"https:\/\/kuzeyinsesi.org\/index.php\/wp-json\/wp\/v2\/media\/12786"}],"wp:attachment":[{"href":"https:\/\/kuzeyinsesi.org\/index.php\/wp-json\/wp\/v2\/media?parent=12785"}],"wp:term":[{"taxonomy":"category","embeddable":true,"href":"https:\/\/kuzeyinsesi.org\/index.php\/wp-json\/wp\/v2\/categories?post=12785"},{"taxonomy":"post_tag","embeddable":true,"href":"https:\/\/kuzeyinsesi.org\/index.php\/wp-json\/wp\/v2\/tags?post=12785"}],"curies":[{"name":"wp","href":"https:\/\/api.w.org\/{rel}","templated":true}]}}